{"id":137651,"date":"2020-05-14T10:17:42","date_gmt":"2020-05-14T08:17:42","guid":{"rendered":"https:\/\/www.radiopiu.net\/wordpress\/?p=137651"},"modified":"2020-05-14T08:18:01","modified_gmt":"2020-05-14T06:18:01","slug":"oggi-la-rassegna-stampa-labbiamo-aperta-cosi-19","status":"publish","type":"post","link":"https:\/\/www.radiopiu.net\/wordpress\/oggi-la-rassegna-stampa-labbiamo-aperta-cosi-19\/","title":{"rendered":"OGGI LA RASSEGNA STAMPA L&#8217;ABBIAMO APERTA COSI&#8230;"},"content":{"rendered":"<h3><\/h3>\n<p>AUDIO DI APERTURA<\/p>\n<audio class=\"wp-audio-shortcode\" id=\"audio-137651-1\" preload=\"none\" style=\"width: 100%;\" controls=\"controls\"><source type=\"audio\/mpeg\" src=\"https:\/\/www.radiopiu.net\/wordpress\/wp-content\/uploads\/2020\/05\/APERTURA-1.mp3?_=1\" \/><a href=\"https:\/\/www.radiopiu.net\/wordpress\/wp-content\/uploads\/2020\/05\/APERTURA-1.mp3\">https:\/\/www.radiopiu.net\/wordpress\/wp-content\/uploads\/2020\/05\/APERTURA-1.mp3<\/a><\/audio>\n<blockquote>\n<h3><\/h3>\n<h3>DA LUNEDI SE SARANNO APPLICATE LE LINEE GUIDA DELL&#8217;INAIL SI CREERANNO SITUAZIONI IMBARAZZANTI. LE REGIONI AL GOVERNO CHIEDONO AUTONOMIA &#8220;LASCIATECI FARE DA SOLI&#8221;. PALESTRE APERTE DAL 25 MAGGIO, SCOMPARE L&#8217;AUTOCERTIFICAZIONE PER CHI SI SPOSTA IN REGIONE. IN VENETO\u00a0 CALANO I MALATI, STABILI I DECESSI, IN ITALIA DECESSI IN CRESCITA. A BELLUNO PER LA PRIMA VOLTA DA MARZO NESSUNO NUOVO CASO POSITIVO IN 24 ORE, OLTRE 100 I DECESSI.<\/h3>\n<\/blockquote>\n<p><strong>di Mirko Mezzacasa\u00a0<\/strong><\/p>\n<p><em>&#8220;Assurde e inapplicabili&#8221;,\u00a0<\/em>cos\u00ec il presidente del Veneto Luca Zaia in merito alla linee guida espresse in un documento dall&#8217;Inail. <em>&#8220;Auspichiamo di poter fissare le nostre regole in autonomia&#8221;<\/em> \u00e8 stato detto ieri a Venezia altrimenti non sar\u00e0 facile aprire le attivit\u00e0, tutte le attivit\u00e0 dal prossimo lunedi. La Regione vuole fissare nuovi criieri perch\u00e9<em> &#8220;I 4 metri di distanza per i tavoli nei ristoranti, o i 5 metri tra gli ombrelloni in spiaggia sono norme imbarazzanti, ci sono gestori che stanno pensando di non aprire mai pi\u00f9 come ad esempio l&#8217;Harrys Bar di Cipriani a Venezia&#8221;.\u00a0<\/em>In spiaggia saranno vietati i giochi sulla riva (vi immaginate i vigili che sequestrano il pallone o il fresbee ai bambini?) le piscine non potranno riempirsi d&#8217;acqua. Al mare vige il divieto di annegare perch\u00e9 i bagnini non potranno praticare la respirazione bocca a bocca e per eventuali malori dovranno essere valutati a distanza. Nei negozi fino a 40 metri si potr\u00e0 entrare solo uno alla volta evitando l&#8217;incrocio tra clienti, norma chiara che si scontra con quanto deciso per il trasporto dei mezzi pubblici, viva la coerenza. <em>\u00a0<\/em>Il Governo con le sue scelte finisce sotto attacco ed \u00e8 fuoco amico con il sindaco di Venezia Brugnaro (da sempre filo governativo) che in merito al decreto aiuti in televisione\u00a0 rivolgendosi al Ministro Misiani del Pd ha detto <em>&#8220;Non siete cattivi, ma pazzi e incapaci&#8221;.<\/em> Da lunedi si riaccendono i phon e le estetiste sono pronte per le cerette, ieri hanno letto le linee guida dell&#8217;Inail. Palestre e circoli sportivi dovranno attendere ancora una settimana, la possibile riapertura il 25 maggio forse prima in alcune regioni in base all&#8217;andamento dei dati epidemiologici. Da lunedi scompare l&#8217;autocertificazione, non ci sar\u00e0 un sesto documento, non per chi si sposta all&#8217;interno della Regione. In conferenza stampa ieri \u00e8 intervenuta l&#8217;assessore Elena Donazzan, il Veneto \u00e8 la regione con il maggiore numero di cassintegrati, l&#8217;assegno lo hanno ricevuto solo 3 lavoratori su 10. <em>&#8220;Il Governo &#8211; ha detto l&#8217;assessore &#8211; ha scelto uno strumento non efficace e poi ha provato a scaricare le responsabilit\u00e0 sulle regioni&#8221;.<\/em> Ma c&#8217;\u00e8 una notizia rasserenante, i 300 milioni stanziati sono sufficienti a coprire tutte le richieste. Ieri duro attacco di Zaia al Ministro Di Maio mentre la Croazia apre i corridoi per Austria e Germania <em>&#8220;Ma il Ministro cosa sta facendo?&#8221;<\/em> ha sbottato il Governatore. IN VENETO IERI IN 24 ORE\u00a0 9 decessi in ospedale, totale decessi 22 \u00a0Nuovi casi di positivi 29\u00a0 (martedi 43) da inizio epidemia 18823 (+29),\u00a0 attualmente positivi\u00a0 4953 (-176)\u00a0 negativizzati\/guariti 12143\u00a0 (+183)\u00a0 \u00a0in isolamento domiciliare 4512 (-201)\u00a0 ricoverati 751 (-28), in ospedale 630 (-28) , ospedali di comunit\u00e0 121 (0), terapia intensiva 66 (-4),\u00a0 29 positivi, 37 negativi),\u00a0 dimessi 3313\u00a0 (+35). NELLE ULTIME 24 ORE IN PROVINCIA DI BELLUNO Casi positivi 0\u00a0 (martedi 1) dal 21 febbraio 1150 (0), attualmente positivi 430 (-29) , deceduti 101 (2),\u00a0 negativizzati\/guariti 619\u00a0 (+27), in isolamento domiciliare 741 (-29), ricoverati ospedale San Martino 9 (-1) , terapia intensiva 2 (0) , ospedale di Comunit\u00e0 di Belluno 14 (-1) Agordo 12 (-1). Ieri mattina nei nostri notiziari abbiamo reso nota la nuova mappa dei contagi. Questi i Comuni &#8220;puliti&#8221; ovvero covid free: Alleghe, Borca di Cadore, Canale d&#8217;Agordo, Cibiana, Colle Santa Lucia, Domegge, Falcade, Gosaldo, Livinallongo del Col di Lana, Longarone, Ospitale di Cadore, Perarolo, San Gregorio nelle Alpi, San Nicol\u00f2 Comelico, San Pietro di Cadore, San Vito di Cadore, Sospirolo, Soverzene, Val di Zoldo, Vallada, Vodo di Cadore e Zopp\u00e8, Selva di Cadore.\u00a0 Il comune con il pi\u00f9 alto numero di contagi e decessi \u00e8 Borgo Valbelluna (106 contagi, 26 lutti),\u00a0 Pedavena (98, 21,\u00a0 Feltre 41, Cortina d&#8217;Ampezzo 24, 4 decessi), Lamon 20, Alano di Piave 19, Belluno 18, Alpago 17 (8 decessi), Agordo 5, San Tomaso Agordino 2, Cencenighe,\u00a0 La Valle, Rivamonte, Rocca Pietore, Taibon Agordino, Tambre, Vigo di Cadore e Voltago 1.<\/p>\n<p>&nbsp;<\/p>\n<p>&nbsp;<\/p>\n<p>&nbsp;<\/p>\n<hr \/>\n<p>&nbsp;<\/p>\n<p>&nbsp;<\/p>\n<blockquote>\n<h2><a class=\"dt-pswp-item\" href=\"https:\/\/www.radiopiu.net\/wordpress\/wp-content\/uploads\/2018\/06\/depositphotos_47520511-stock-photo-radiologist-exam.jpg\" data-dt-img-description=\"\" data-large_image_width=\"1022\" data-large_image_height=\"497\"><img loading=\"lazy\" decoding=\"async\" class=\" wp-image-50636 alignleft\" src=\"https:\/\/www.radiopiu.net\/wordpress\/wp-content\/uploads\/2018\/06\/depositphotos_47520511-stock-photo-radiologist-exam-300x146.jpg\" alt=\"\" width=\"168\" height=\"82\" srcset=\"https:\/\/www.radiopiu.net\/wordpress\/wp-content\/uploads\/2018\/06\/depositphotos_47520511-stock-photo-radiologist-exam-300x146.jpg 300w, https:\/\/www.radiopiu.net\/wordpress\/wp-content\/uploads\/2018\/06\/depositphotos_47520511-stock-photo-radiologist-exam-768x373.jpg 768w, https:\/\/www.radiopiu.net\/wordpress\/wp-content\/uploads\/2018\/06\/depositphotos_47520511-stock-photo-radiologist-exam.jpg 1022w\" sizes=\"auto, (max-width: 168px) 100vw, 168px\" \/><\/a>RISCHIO RADIOLOGICO IN ULSS1, PARTE SECONDA<\/h2>\n<\/blockquote>\n<p><strong>L&#8217;INTERVENTO DI ANDREA FIOCCO<\/strong><\/p>\n<audio class=\"wp-audio-shortcode\" id=\"audio-137651-2\" preload=\"none\" style=\"width: 100%;\" controls=\"controls\"><source type=\"audio\/mpeg\" src=\"https:\/\/www.radiopiu.net\/wordpress\/wp-content\/uploads\/2020\/05\/rischio-radiologico-parte-seconda.mp3?_=2\" \/><a href=\"https:\/\/www.radiopiu.net\/wordpress\/wp-content\/uploads\/2020\/05\/rischio-radiologico-parte-seconda.mp3\">https:\/\/www.radiopiu.net\/wordpress\/wp-content\/uploads\/2020\/05\/rischio-radiologico-parte-seconda.mp3<\/a><\/audio>\n<p>&nbsp;<\/p>\n","protected":false},"excerpt":{"rendered":"<p>AUDIO DI APERTURA DA LUNEDI SE SARANNO APPLICATE LE LINEE GUIDA DELL&#8217;INAIL SI CREERANNO SITUAZIONI IMBARAZZANTI. LE REGIONI AL GOVERNO CHIEDONO AUTONOMIA &#8220;LASCIATECI FARE DA SOLI&#8221;. PALESTRE APERTE DAL 25 MAGGIO, SCOMPARE L&#8217;AUTOCERTIFICAZIONE PER CHI SI SPOSTA IN REGIONE. IN VENETO\u00a0 CALANO I MALATI, STABILI I DECESSI, IN ITALIA DECESSI IN CRESCITA. A BELLUNO PER&hellip;<\/p>\n","protected":false},"author":1,"featured_media":50636,"comment_status":"closed","ping_status":"closed","sticky":false,"template":"","format":"standard","meta":{"_monsterinsights_skip_tracking":false,"_monsterinsights_sitenote_active":false,"_monsterinsights_sitenote_note":"","_monsterinsights_sitenote_category":0,"footnotes":""},"categories":[51,49],"tags":[],"class_list":["post-137651","post","type-post","status-publish","format-standard","has-post-thumbnail","hentry","category-evidenza-top","category-news-18","category-51","category-49","description-off"],"img_url":"https:\/\/www.radiopiu.net\/wordpress\/wp-content\/uploads\/2018\/06\/depositphotos_47520511-stock-photo-radiologist-exam.jpg","_links":{"self":[{"href":"https:\/\/www.radiopiu.net\/wordpress\/wp-json\/wp\/v2\/posts\/137651","targetHints":{"allow":["GET"]}}],"collection":[{"href":"https:\/\/www.radiopiu.net\/wordpress\/wp-json\/wp\/v2\/posts"}],"about":[{"href":"https:\/\/www.radiopiu.net\/wordpress\/wp-json\/wp\/v2\/types\/post"}],"author":[{"embeddable":true,"href":"https:\/\/www.radiopiu.net\/wordpress\/wp-json\/wp\/v2\/users\/1"}],"replies":[{"embeddable":true,"href":"https:\/\/www.radiopiu.net\/wordpress\/wp-json\/wp\/v2\/comments?post=137651"}],"version-history":[{"count":0,"href":"https:\/\/www.radiopiu.net\/wordpress\/wp-json\/wp\/v2\/posts\/137651\/revisions"}],"wp:featuredmedia":[{"embeddable":true,"href":"https:\/\/www.radiopiu.net\/wordpress\/wp-json\/wp\/v2\/media\/50636"}],"wp:attachment":[{"href":"https:\/\/www.radiopiu.net\/wordpress\/wp-json\/wp\/v2\/media?parent=137651"}],"wp:term":[{"taxonomy":"category","embeddable":true,"href":"https:\/\/www.radiopiu.net\/wordpress\/wp-json\/wp\/v2\/categories?post=137651"},{"taxonomy":"post_tag","embeddable":true,"href":"https:\/\/www.radiopiu.net\/wordpress\/wp-json\/wp\/v2\/tags?post=137651"}],"curies":[{"name":"wp","href":"https:\/\/api.w.org\/{rel}","templated":true}]}}