{"id":137655,"date":"2020-05-14T23:59:20","date_gmt":"2020-05-14T21:59:20","guid":{"rendered":"https:\/\/www.radiopiu.net\/wordpress\/?p=137655"},"modified":"2020-05-15T10:55:52","modified_gmt":"2020-05-15T08:55:52","slug":"giornale-radiopiu-15-maggio-2020-direttore-mirko-mezzacasa","status":"publish","type":"post","link":"https:\/\/www.radiopiu.net\/wordpress\/giornale-radiopiu-15-maggio-2020-direttore-mirko-mezzacasa\/","title":{"rendered":"GIORNALE RADIOPIU 15 MAGGIO 2020 DIRETTORE MIRKO MEZZACASA"},"content":{"rendered":"<h3><strong>PER RICEVERE QUESTO NOTIZIARIO DIRETTAMENTE SUL TUO CELLULARE ISCRIVITI AL CANALE TELEGRAM\u00a0<\/strong><strong>\u201cRADIO PIU\u00a0 INFORMAZIONE\u201d<\/strong><\/h3>\n<hr \/>\n<p><span style=\"color: #0000ff;\"><strong><em> Gestione Servizi Pubblici informa che a GOSALDO nelle Localit\u00e0 LE CASE, CURTI e INCASAL, l&#8217;acqua erogata dall&#8217;acquedotto \u00e8 di nuovo potabile e pu\u00f2 essere usata, quindi, per scopi alimentari, <\/em><\/strong><\/span><strong><em><span style=\"color: #0000ff;\">\u00a0<\/span><span style=\"color: #ff0000;\">nelle localit\u00e0 LE FOCHE, LAMBROI, DENEORE, MAGAIT, REN, SELLE, COL TAMAI, BITTI, GIARDOI, l\u2019acqua erogata dall\u2019acquedotto non \u00e8 potabile e pu\u00f2 essere usata per scopi alimentari SOLO PREVIA bollitura<\/span><\/em><\/strong><\/p>\n<p><strong>per lavori alla rete idrica comunale lunedi dalle 8 alle 13 verr\u00e0 sospesa l\u2019erogazione dell\u2019acqua a CANALE D&#8217;AGORDO, in localit\u00e0 CASATE e in via VAL. In caso di maltempo, i lavori verranno posticipati al giorno successivo<\/strong><\/p>\n<hr \/>\n<p><strong>\u00a0<\/strong><\/p>\n<p><strong>CHIUDE PONTE MAS, FINO AL 30 GIUGNO PER I LAVORI DI CONSOLIDAMENTO:<\/strong>\u00a0 fino al\u00a0 30 giugno sar\u00e0 chiuso sia alle macchine sia ai pedoni. Percorso alternativo: da Ponte Mas a Vignole in Comune di Sedico.<\/p>\n<p><strong>DA LUNEDI INTERRUZIONI AL CRISTO DELLE PIANIZZE <\/strong>sp347 DURAN E CEREDA da lunedi al 5 giugno (esclusi festivi e prefestivi) possibili interruzioni in localit\u00e0 Pianizze (Agordo) della durata massima di 15 minuti dalle 8 alle 12 e dalle 13 alle 17, inoltre senso unico alternato nei periodi non interessati dalle chiusurE<\/p>\n<p>&nbsp;<\/p>\n<hr \/>\n<h3>METEO: TEMPORALI IN ARRIVO IN VENETO NELL\u2019AREA MONTANA E PEDEMONTANA<\/h3>\n<p><strong><img loading=\"lazy\" decoding=\"async\" class=\"alignleft\" src=\"https:\/\/www.radiopiu.net\/wordpress\/wp-content\/uploads\/2018\/07\/temporali.jpg\" width=\"128\" height=\"72\" \/>VENEZIA<\/strong>\u00a0 Fino a questa sera sono previste in Veneto precipitazioni anche con rovesci e temporali, che potranno essere diffuse sulle zone montane e pedemontane e consistenti nelle aree prealpine, dove non si escludono locali temporali intensi. Visti i fenomeni meteorologici previsti il Centro funzionale decentrato della Protezione Civile del Veneto ha dichiarato lo stato di attenzione (allerta gialla) per possibili criticit\u00e0 idrogeologiche nella rete idraulica dei bacini del Piave Pedemontano, Alto Brenta, Bacchiglione, Alpone, Alto Garda e Monti Lessini<\/p>\n<p>&nbsp;<\/p>\n<hr \/>\n<p>&nbsp;<\/p>\n<blockquote>\n<h2>CASE DI RIPOSO, LA TRAGEDIA DEL &#8217;20<\/h2>\n<\/blockquote>\n<p><strong><a class=\"dt-pswp-item\" href=\"https:\/\/www.radiopiu.net\/wordpress\/wp-content\/uploads\/2020\/04\/ANZIANI.jpg\" data-dt-img-description=\"\" data-large_image_width=\"485\" data-large_image_height=\"340\"><img loading=\"lazy\" decoding=\"async\" class=\"size-medium wp-image-127296 alignleft\" src=\"https:\/\/www.radiopiu.net\/wordpress\/wp-content\/uploads\/2020\/04\/ANZIANI-300x210.jpg\" alt=\"\" width=\"300\" height=\"210\" srcset=\"https:\/\/www.radiopiu.net\/wordpress\/wp-content\/uploads\/2020\/04\/ANZIANI-300x210.jpg 300w, https:\/\/www.radiopiu.net\/wordpress\/wp-content\/uploads\/2020\/04\/ANZIANI.jpg 485w\" sizes=\"auto, (max-width: 300px) 100vw, 300px\" \/><\/a>VENETO<\/strong> I nostri anziani, i nostri nonni, coloro che hanno fatto grande il nostro Paese se ne sono andati in modo silenzioso, senza una carezza, senza una preghiera comune. Nei loro occhi le ultime immagini sono stati i volti rasserenanti dei sanitari ermeticamente sigillati tra mascherine, visiere e lacrime trattenute perch\u00e9 vedere spegnersi un anziano con il respiro che si impiglia poco a poco \u00e8 devastante anche per chi ha scelto una professione conoscendone le conseguenze. L&#8217;epidemia Covid19 lascer\u00e0 questo triste e indimenticabile ricordo, un dramma per chi lo ha vissuto sulla pelle. Nelle 48 strutture della Ulss1 Dolomiti il coronavirus ha schiantato 74 famiglie, pari al numero delle vittime, il 2,5% della popolazione anziana che doveva essere protetta nella case di cura che ospitavano 2958 simboli del nostro presente. Dopo 1577 tamponi 179 di loro sono ancora sotto contagio,\u00a0 99 sono guariti e 1225 sono i negativi. Due mesi, 74 lutti. I dati resi noti dall&#8217;assessore alla protezione civile Gianpaolo Bottacin mettono i brividi, Il totale della strage in Veneto si riassume in questi numeri: <strong>522 strutture, 37628 anziani, 718 morti.<\/strong> In alcune strutture il virus ha avuto la peggio, in molte altre ha proliferato e poco importa se oggi da pi\u00f9 livelli si sbandiera la pulizia di tante residenze, sentiamo spesso dichiarare con orgoglio <em>&#8220;Queste case di riposo sono pulite&#8221;<\/em>. Ma i morti sono oltre 700 e se questo \u00e8 il prezzo delle &#8220;pulizie di primavera&#8221; \u00e8 un conto salato e quando si tireranno le somme sar\u00e0 una sola la domanda che qualcuno dovr\u00e0 porsi facendo i conti con la coscienza: <em>&#8220;\u00e8 stato fatto tutto il possibile per salvare la storia?&#8221;<\/em><\/p>\n<p>mm<\/p>\n<hr \/>\n<p>&nbsp;<\/p>\n<blockquote>\n<h3>IL GIORNO DELLE REGOLE, ATTESE PER OGGI LE MISURE PER LA RIAPERTURA. DA LUNEDI SU LE SERRANDE E RIPARTENZA ANCHE DEI CENTRI ESTIVI PER RAGAZZI. TRA LE INDICAZIONI PIU&#8217; ASSURDE IL DIVIETO DELLA RESPIRAZIONE BOCCA A BOCCA IN SPIAGGIA E LA VALUTAZIONE DEL RESPIRO A DISTANZA. NEL VENETO IERI 30 MORTI IN 24 ORE, NESSUN NUOVO FOCOLAIO. ESPLOSIONE DI GUARITI A BELLUNO 55 SOLO IERI E UN UNICO PAZIENTE IN TERAPIA INTENSIVA.<\/h3>\n<\/blockquote>\n<p><strong>di Mirko Mezzacasa\u00a0<\/strong><\/p>\n<p>Cosa sia successo tra Governo e Regioni lo sanno solo coloro che ieri si sono ritrovati davanti ad un video a seguire la video conferenza, quella finale che ha portato ad una decisione: i presidenti delle Regioni decideranno le riaperture in atto da lunedi, soprattutto le regole per le distanze dei tavoli al ristorante, piuttosto che tra ombrelloni sulla spiaggia. Roma stabilir\u00e0 parametri minimi e le Regioni assumendosi tutte le responsabilit\u00e0 del caso fisseranno le deroghe, ruolo importante anche per i Comuni, alcuni hanno infatti deciso di permettere a parrucchieri ed estetiste di lavorare sette giorni su sette. Oggi il Ministro Francesco Boccia\u00a0 evader\u00e0 le proposte che saranno le linee per il DPCM. Da lunedi apriranno anche i centri estivi per i ragazzi fino a 14 anni. Altre ipotesi: da lunedi spostamenti senza autocertificazione, ma non oltre i confini regionali; gli amici potranno rivedersi anche se semplici conoscenti ma sono severamente vietati gli assembramenti, di qualsiasi tipo compresi gli spritz time. Nei ristoranti il men\u00f9 sulla carta rimane un ricordo, anche i giornali a disposizione degli avventori non saranno pi\u00f9 messi a disposizione durante le pause caff\u00e8. Al Bar lo zucchero solo in bustina e fine dei buffet. Dalla parrucchiera nessuna rivista da sfogliare e le clienti potranno accedere solo su prenotazione. In chiesa i fedeli dovranno stare a distanza, almeno 1 metro e mezzo uno dall&#8217;altro, vietata l&#8217;acqua santiera e le offerte saranno lasciate in un contenitore non pi\u00f9 consegnate all&#8217;addetto alla questua. Sul divieto di respirazione bocca a bocca s&#8217;alza la polemica <em>&#8220;Vorrei proprio vedere &#8211; ha chiosato il Governatore Luca Zaia &#8211; se un medico in spiaggia star\u00e0 a guardare lasciando morire il paziente e non far\u00e0 la respirazione se necessario&#8221;.\u00a0<\/em>A proposito di polemiche, le Regioni si alleano contro\u00a0 l&#8217;Inail soprattutto per le linee guida sugli infortuni sul lavoro in un paese che conta gi\u00e0 29mila denunce per contagi da Covid19 di lavoratori contro le aziende, 3300 cause civili solo nel Veneto. Le Regione chiedono autonomia per emettere norme meno restrittive di quelle dell&#8217;Inail. Da lunedi cinema e teatri sempre chiusi, ma potranno aprire per le prove. <strong>NELLE ULTIME 24 ORE IN VENETO<\/strong> Nuovi casi di positivi +35\u00a0 (mercoledi 29) da inizio epidemia 18858,\u00a0 attualmente positivi 4609 (- 344),\u00a0 negativizzati\/guariti 12492 (+349 )\u00a0 in isolamento domiciliare 4436\u00a0 (-76\u00a0 ) ricoverati 715 (-36), in ospedale 597 (-33) , ospedali di comunit\u00e0 118 (-3 ), terapia intensiva 59 (-7, 32\u00a0 positivi),\u00a0 dimessi 3355 (+42) , decessi ospedale 1333 (11 ) , totale decessi 1757\u00a0 (30). <strong>NELLE ULTIME 24 ORE IN PROVINCIA DI BELLUNO<\/strong> Casi positivi 1 (mercoledi 0) dal 21 febbraio 1151 ( 1 ), attualmente positivi 383 (-47 ), deceduti 102 (1),\u00a0 negativizzati\/guariti 666 (+47), in isolamento domiciliare723 (-18 ), ricoverati ospedale San Martino 7 (-2 ) , terapia intensiva 1 (-1) , ospedale di Comunit\u00e0 di Belluno 14 ( 0 ) Agordo 12 (0 ).<\/p>\n<p>&nbsp;<\/p>\n<hr \/>\n<p>&nbsp;<\/p>\n<p>&nbsp;<\/p>\n<blockquote class=\"wp-embedded-content\" data-secret=\"1C4zEoikGL\"><p><a href=\"https:\/\/www.radiopiu.net\/wordpress\/coronavirus-dati-nazionali-14-maggio-2020\/\">CORONAVIRUS DATI NAZIONALI 14 MAGGIO 2020<\/a><\/p><\/blockquote>\n<p><iframe loading=\"lazy\" title=\"&#8220;CORONAVIRUS DATI NAZIONALI 14 MAGGIO 2020&#8221; &#8212; Radio Pi\u00f9\" class=\"wp-embedded-content\" sandbox=\"allow-scripts\" security=\"restricted\" style=\"position: absolute; clip: rect(1px, 1px, 1px, 1px);\" src=\"https:\/\/www.radiopiu.net\/wordpress\/coronavirus-dati-nazionali-14-maggio-2020\/embed\/#?secret=1C4zEoikGL\" data-secret=\"1C4zEoikGL\" width=\"600\" height=\"338\" frameborder=\"0\" marginwidth=\"0\" marginheight=\"0\" scrolling=\"no\"><\/iframe><\/p>\n<p>&nbsp;<\/p>\n<p>&nbsp;<\/p>\n<blockquote>\n<h2>DRAMMA SUL MONTE PERON, MUORE\u00a0 FLORIANO DE COL, 63 ANNI DI FOLLINA<\/h2>\n<\/blockquote>\n<p><strong><img loading=\"lazy\" decoding=\"async\" class=\"alignleft\" src=\"https:\/\/www.radiopiu.net\/wordpress\/wp-content\/uploads\/2020\/05\/images-1.jpg\" width=\"205\" height=\"136\" \/><\/strong><\/p>\n<p><b><a class=\"dt-pswp-item\" href=\"https:\/\/www.radiopiu.net\/wordpress\/wp-content\/uploads\/2020\/05\/17218738_124306871430641_3981127689976549762_o.jpg\" data-dt-img-description=\"\" data-large_image_width=\"576\" data-large_image_height=\"960\"><img loading=\"lazy\" decoding=\"async\" class=\"size-medium wp-image-137877 alignright\" src=\"https:\/\/www.radiopiu.net\/wordpress\/wp-content\/uploads\/2020\/05\/17218738_124306871430641_3981127689976549762_o-180x300.jpg\" alt=\"\" width=\"180\" height=\"300\" srcset=\"https:\/\/www.radiopiu.net\/wordpress\/wp-content\/uploads\/2020\/05\/17218738_124306871430641_3981127689976549762_o-180x300.jpg 180w, https:\/\/www.radiopiu.net\/wordpress\/wp-content\/uploads\/2020\/05\/17218738_124306871430641_3981127689976549762_o.jpg 576w\" sizes=\"auto, (max-width: 180px) 100vw, 180px\" \/><\/a>SEDICO <\/b>\u00a0 Floriano De Col 63 anni\u00a0 ha perso la vita sul monte Peron. Non era solo ma in compagnia di\u00a0 un amico che ha\u00a0 chiamato subito il 118 rendendosi conto della gravit\u00e0 dell&#8217;incidente. L&#8217;uomo\u00a0 \u00a0\u00e8 scivolato lungo il sentiero precipitando per una un centinaio di metri. Sul posto l&#8217;elicottero,\u00a0 soccorso alpino e il medico che non ha potuto fare altro che constatare il decesso. Una tragica fatalit\u00e0.<\/p>\n<blockquote><p><em>I due amici dopo aver parcheggiato la macchina accanto alla strada regionale 203 Agordina, si erano avventurati lungo il sentiero che permette di arrivare fino alla cresta del Peron. Potrebbe essere stato tradito da un tratto viscido<\/em><\/p><\/blockquote>\n<p><strong>DAL SOCCORSO ALPINO<\/strong>\u00a0 Ieri\u00a0 mattina attorno alle 10.15 la Centrale del 118 ha allertato il Soccorso alpino di Belluno, a seguito della segnalazione di un uomo, il cui compagno di escursione era caduto dalla cresta del Monte Peron, sparendo alla sua vista e non rispondendo ai richiami. Mentre una squadra raggiungeva la piazzola per eventuale supporto, l&#8217;elicottero del Suem di Pieve di Cadore \u00e8 volato sul luogo indicato e, dopo aver preso contatto con il chiamante rimasto sul sentiero, ha iniziato a perlustrare la zona sottostante, individuando il corpo esanime di \u00a0Floriano De Col, 63 anni, di Follina (TV), in un canale un centinaio di metri pi\u00f9 in basso, a quota 1.250 circa. Sbarcati con un verricello di 50 metri tecnico di elisoccorso ed equipe medica, non \u00e8 stato possibile fare altro se non constatare il decesso dell&#8217;escursionista.<\/p>\n<p>&nbsp;<\/p>\n<p>&nbsp;<\/p>\n<hr \/>\n<blockquote>\n<h2><\/h2>\n<h2>LA MAPPA DEI CONTAGI, AGGIORNAMENTO 14 MAGGIO 2020<\/h2>\n<\/blockquote>\n<blockquote class=\"wp-embedded-content\" data-secret=\"FnlSaIKfXb\"><p><a href=\"https:\/\/www.radiopiu.net\/wordpress\/contagi-al-14-maggio\/\">I CONTAGI COMUNE PER COMUNE, SITUAZIONE AL 14  MAGGIO, in allegato i dettagli dalle tabelle di Fabio Da Rolt<\/a><\/p><\/blockquote>\n<p><iframe loading=\"lazy\" title=\"&#8220;I CONTAGI COMUNE PER COMUNE, SITUAZIONE AL 14  MAGGIO, in allegato i dettagli dalle tabelle di Fabio Da Rolt&#8221; &#8212; Radio Pi\u00f9\" class=\"wp-embedded-content\" sandbox=\"allow-scripts\" security=\"restricted\" style=\"position: absolute; clip: rect(1px, 1px, 1px, 1px);\" src=\"https:\/\/www.radiopiu.net\/wordpress\/contagi-al-14-maggio\/embed\/#?secret=FnlSaIKfXb\" data-secret=\"FnlSaIKfXb\" width=\"600\" height=\"338\" frameborder=\"0\" marginwidth=\"0\" marginheight=\"0\" scrolling=\"no\"><\/iframe><\/p>\n<h2><\/h2>\n<blockquote class=\"wp-embedded-content\" data-secret=\"M8mW7UPHaF\"><p><a href=\"https:\/\/www.radiopiu.net\/wordpress\/aggiornamento-giovedi1\/\">VENETO:  35 POSITIVI IN 24 ORE,  36 RICOVERATI IN MENO, 7 PAZIENTI IN MENO IN TERAPIA INTENSIVA,  DECESSI . AGGIORNAMENTO AZIENDA ZERO. IN PROVINCIA DI BELLUNO 1  POSITIVO<\/a><\/p><\/blockquote>\n<p><iframe loading=\"lazy\" title=\"&#8220;VENETO:  35 POSITIVI IN 24 ORE,  36 RICOVERATI IN MENO, 7 PAZIENTI IN MENO IN TERAPIA INTENSIVA,  DECESSI . AGGIORNAMENTO AZIENDA ZERO. IN PROVINCIA DI BELLUNO 1  POSITIVO&#8221; &#8212; Radio Pi\u00f9\" class=\"wp-embedded-content\" sandbox=\"allow-scripts\" security=\"restricted\" style=\"position: absolute; clip: rect(1px, 1px, 1px, 1px);\" src=\"https:\/\/www.radiopiu.net\/wordpress\/aggiornamento-giovedi1\/embed\/#?secret=M8mW7UPHaF\" data-secret=\"M8mW7UPHaF\" width=\"600\" height=\"338\" frameborder=\"0\" marginwidth=\"0\" marginheight=\"0\" scrolling=\"no\"><\/iframe><\/p>\n<blockquote>\n<h2><\/h2>\n<\/blockquote>\n<p>&nbsp;<\/p>\n<blockquote class=\"wp-embedded-content\" data-secret=\"tCFqfIvKLb\"><p><a href=\"https:\/\/www.radiopiu.net\/wordpress\/dati-e-grafici-del-giorno-provincia-regione-14-maggio-2020\/\">DATI E GRAFICI DEL GIORNO, PROVINCIA \u2013 REGIONE 14 MAGGIO 2020<\/a><\/p><\/blockquote>\n<p><iframe loading=\"lazy\" title=\"&#8220;DATI E GRAFICI DEL GIORNO, PROVINCIA \u2013 REGIONE 14 MAGGIO 2020&#8221; &#8212; Radio Pi\u00f9\" class=\"wp-embedded-content\" sandbox=\"allow-scripts\" security=\"restricted\" style=\"position: absolute; clip: rect(1px, 1px, 1px, 1px);\" src=\"https:\/\/www.radiopiu.net\/wordpress\/dati-e-grafici-del-giorno-provincia-regione-14-maggio-2020\/embed\/#?secret=tCFqfIvKLb\" data-secret=\"tCFqfIvKLb\" width=\"600\" height=\"338\" frameborder=\"0\" marginwidth=\"0\" marginheight=\"0\" scrolling=\"no\"><\/iframe><\/p>\n<h2><\/h2>\n<p>&nbsp;<\/p>\n<hr \/>\n<h1>IERI SERA IL CONSIGLIO DELL&#8217;UNIONE MONTANA AGORDINA<\/h1>\n<p>https:\/\/www.facebook.com\/mirko.mezzacasa\/videos\/10223262773144459\/<\/p>\n<p>&nbsp;<\/p>\n<p>&nbsp;<\/p>\n<hr \/>\n<p>&nbsp;<\/p>\n<p>&nbsp;<\/p>\n<blockquote>\n<h2>A 10 GIORNI DALL&#8217;APERTURA IL TREND SI CONFERMA IN COSTANTE CALO. RICOVERI E TERAPIE INTENSIVE IN IMPENNATA DISCENDENTE. CONFERENZA STAMPA DEL PRESIDENTE DEL VENETO LUCA ZAIA 14 MAGGIO 2020<\/h2>\n<\/blockquote>\n<p>&nbsp;<\/p>\n<p><strong>VENEZIA<\/strong>\u00a0Da Marghera il Presidente Luca Zaia fa il punto sull\u2019emergenza Covid-19<\/p>\n<p><strong>I NUMERI TAMPONI 479912 (+11219), POSITIVI 18845 (+32), ISOLAMENTO 4436 (-76), RICOVERATI 685 (342 POSITIVI, 281 NEGATIVI), TERAPIA INTENSIVA 62 (26 POSITIVI 36 NEGATIVI -7), DIMESSI 3105 (+27), MORTI 1290 IN OSPEDALE, 1742 IN TOTALE.<\/strong><\/p>\n<blockquote>\n<h2><\/h2>\n<h2>LEGGI LA CONFERENZA SI LUCA ZAIA<\/h2>\n<\/blockquote>\n<p><em>Vo&#8217; si candida ad ospitare la mostra dei bambini, tanti disegni inviati in Regione sommersa da letterine e piccoli versamenti dei pi\u00f9 piccoli. Il Parco Caneva World regala 1000 biglietti di ingresso che saranno dati ai bambini. Tra i pi\u00f9 piccoi c&#8217;\u00e8 un aspirante di Chiara, perch\u00e9 Vittoria vuole diventare la donna del linguaggio dei segni. Il decreto rilancio? Una montagna di documenti da analizzare nei dettagli. Presto torniamo fuori e portiamo le mascherine nelle famiglie, pacchetti da 50, questo lo facciamo con il commissario Arcuri.\u00a0<\/em><\/p>\n<h2><span style=\"color: #ff0000;\">DOMANDE<\/span><\/h2>\n<p><strong>SEMPRE TANTI DECESSI<\/strong> Ci sono ancora tanti morti perch\u00e9 ci sono ancora pazienti in terapia intensiva presenti da 3-4 settimane e stiamo contando i casi limite.<\/p>\n<p><strong>CASE DI RIPOSO<\/strong>\u00a0 Da riaprire nel breve dopo i provvedimenti di chiusura. il 75% delle strutture ha contagi zero \u00e8 immune. Devono decidere i gestori.<\/p>\n<p><strong>DOPO 10 GIORNI GLI ALGORITMI CONFERMANO IL TREND NEGATIVO<\/strong> Il Veneto puo&#8217; dire che \u00e8 la Regione che puo&#8217; affrontare qualsiasi apertura e sappiamo che non \u00e8 tutto finito, presentiamo due proposte sostanziali.<\/p>\n<p><strong>L&#8217;ORDINANZA REGIONALE<\/strong> Un&#8217;ordinanza pi\u00f9 estensiva rispetto al DPCM chiediamo l&#8217;apertura di molte attivit\u00e0; bar ristoranti, servizi alle persone e chiederemo\u00a0 l&#8217;apertura dei centri sportivi delle palestre e piscine. Le linee guida le abbiamo gi\u00e0. Da un lato chiediamo apertura massima e dall&#8217;altro che ci sia la previsione di applicare in autonomia altre linee guida oltre all&#8217;Inail. altrimenti sarebbe un danno per molte attivit\u00e0. Ci sono gi\u00e0 migliaia di cause di lavoro. Se il datore non applica le linee guida Inail il lavoratore fa causa.<\/p>\n<p><strong>29.000 CAUSE DI LAVORO<\/strong> Dobbiamo poter applicare linee guida anche diverse da quelle Inail,\u00a0 nessun imprenditore le pu\u00f2 ignorare per non rischiare di dover pagare i danni.<\/p>\n<p><strong>COSA CI DOBBIAMO ASPETTARE SULLE LINEE GUIDA DELL&#8217;INAIL<\/strong>\u00a0 Abbiamo massimo rispetto per le linee guida dell&#8217;Inail ma per alcuni aspetti sono inapplicabili, sono prudenziali ma non permettono l&#8217;apertura. Corrette dove non c&#8217;e&#8217; controllo ma non per noi.<\/p>\n<p><strong>LINEE GUIDA<\/strong> Serve un approccio milttel europeo, in Germania e Austria danno delle indicazioni con il metro, contenitori al tavolo usa e getta, men\u00f9 a voce. Gli altri paesi fanno cosi&#8217; non le linee Inail con 4 metri di distanza tra i tavoli, all&#8217;inizio di parlava addirittura di separe\u00e9 in plexiglass.<\/p>\n<p><strong>SANITA&#8217; E&#8217; COMPETENZA REGIONE<\/strong> Vogliamo gestirla come fatto fino ad oggi.<\/p>\n<p><strong>POSSIBILITA&#8217; AD APERTURE REGIONALI<\/strong> Ma quando dicono autorit\u00e0 politiche si parla di nuovo del Governo allora usciamo dall&#8217;alveo problematico. Se in fabbrica ad\u00a0 1 metro non serve l&#8217;uso della mascherina che differenza fa al ristorante? Questo \u00e8 stato scelto in un incontro tra Governo e organizzazioni sindacali con il documento in 13 punti. Quelle dell&#8217;Inail sono indicazioni un utile contributo.<\/p>\n<p><strong>REGOLARIZZAZIONE MIGRANTI PER LE CAMPAGNE<\/strong> C&#8217;\u00e8 bisogno di manodopera iniziamo a chiedere ai veneti per capire se \u00e8 vero che non vogliono andare a lavorare. Se si rincorrono i pensionati che stanno vendemmiando nessuno si presenta pi\u00f9 nei vigneti. Inquadramento, da qui a una sanatoria sinceramente da Ministro non l&#8217;avrei nemmeno affrontato e non per partito preso. Non e&#8217; vero che qui non c&#8217;e&#8217; piu&#8217; nessuno che ha voglia di lavorare. Conosco un sacco di produttori che hanno alle dipendenze cittadini veneti che raccolgono i prodotti.<\/p>\n<p><strong>TOSAP PER I PLATEATICI GLI AMBULANTI RIMASTI FUORI<\/strong> E&#8217; un tema dei Comuni.<\/p>\n<p><strong>UN CONSIGLIO PER I RISTORATORI?<\/strong> Un attimo di pazienza per il posizionamento dei tavoli, \u00e8 vero che il carico del personale \u00e8 conseguente, spero che domani al massimo sabato si risolva la questione e si parta con gel igienizzante per ogni tavolo, termometri per la temperatura, e poi gli elementi gi\u00e0 detti tra i tavoli secondo noi \u00e8 sufficiente un paio di metri, anche sotto ma dobbiamo avere l&#8217;autorizzazione di poter agire in autonomie.<\/p>\n<p><strong>EMILIA ROMAGNA PARLA DI UN METRO, AVETE IL DOCUMENTO?<\/strong> Non ancora stiamo attendendo cosa esce dalle altre regioni, stiamo cercando di uniformare molti parametri. Ci stiamo scambiando le bozze con altre regioni. Siamo per la sicurezza dei cittadini pur sapendo che il minimo rischio c&#8217;e&#8217; sempre. Abbiamo oggi un&#8217;incidente del 3 per mille di tamponi positivi. La possibilit\u00e0 di incrociare una persona positiva \u00e8 tre volte su 1000 se evitiamo gli assembramenti e osserviamo il distanziamento sociale siamo tranquilli.<\/p>\n<p><strong>LA STRAGE DELL&#8217;ECONOMIA<\/strong> 50 mila posti di lavoro, entriamo in recessione speriamo di uscirne in fretta<\/p>\n<p><strong>CENTRI ESTIVI<\/strong> Le famiglie hanno parecchie difficolt\u00e0. Dalla prosssima settimana via libera alle riaperture di Grest, centri estivi e asili.<\/p>\n<p><strong>NUOVA ONDATA A BREVE?<\/strong> il virus \u00e8 imprevedibile NON\u00a0 entraro nei dettagli scientifici o mi arrivano critiche\u00a0 di studiosi ed esperti.<\/p>\n<p><strong>ARRIVERA&#8217; L&#8217;AUTONOMIA PER DECIDERE\u00a0<\/strong> Ci hanno detto di si se dovesse succedere il contrario il Governo perde di creibilit\u00e0<\/p>\n<p><strong>BAGNINI DI SALVATAGGIO<\/strong> Gira la voce che non si puo&#8217; fare la respirazione bocca a bocca, ma secondo voi un medico non interviene in caso di emergenza?<\/p>\n<p><strong>COSA NON APRIRA&#8217;?<\/strong> I grandi assembramenti, i concerti, le attivit\u00e0 di svago, i parchi, i cinema, i teatri che saranno aperti per le prove per preparare gli spettacoli ma non per altro, questa \u00e8 l&#8217;intesa a livello nazionale. Dal 1 giugno si torna nella totale normalit\u00e0. Sembra che il 1 giugno rimanga qualche cosa di residuale da aprire. Noi il 18 anticipiamo il 1 giugno su molti aspetti.<\/p>\n<p><strong>DAl MONDO DELLA MODA CHIEDONO SE CON QUESTA LINEE GUIDA CI SARANNO INDICAZIONI PER LA SANIFICAZIONE DEI LOCALI<\/strong> Stiamo lavorando per la sanificazione dei locali.<\/p>\n<p>&nbsp;<\/p>\n<p>&nbsp;<\/p>\n<p>https:\/\/www.facebook.com\/zaiaufficiale\/videos\/245644936688855<\/p>\n<p>&nbsp;<\/p>\n<p>&nbsp;<\/p>\n<hr \/>\n<p>&nbsp;<\/p>\n<blockquote>\n<h3>OSPEDALI VERSO LA NORMALITA&#8217;, AL VIA CENTRI ESTIVI 6-14 ANNI E SCUOLE PARITARIE, NUOVI INGRESSI NELLE CASE DI RIPOSO: PARLA L&#8217;ASSESSORE ALLA SANITA&#8217;<\/h3>\n<\/blockquote>\n<p><strong><img loading=\"lazy\" decoding=\"async\" class=\"alignright\" src=\"https:\/\/www.radiopiu.net\/wordpress\/wp-content\/uploads\/2018\/01\/89-2018-lanzarin-Coge-csv-a-Vicenza.jpg\" width=\"142\" height=\"189\" \/>VENEZIA<\/strong> Quattro importanti e attesi argomenti trattati dall&#8217;assessore Manuela Lanzarin nella conferenza stampa di Marghera, dalle case di riposo agli ospedali, dai centri estivi alle scuole paritarie. Ecco le risposte agli interrogativi dei giornalisti<\/p>\n<p>&nbsp;<\/p>\n<p><strong>CASE DI RIPOSO<\/strong><\/p>\n<audio class=\"wp-audio-shortcode\" id=\"audio-137655-1\" preload=\"none\" style=\"width: 100%;\" controls=\"controls\"><source type=\"audio\/mpeg\" src=\"https:\/\/www.radiopiu.net\/wordpress\/wp-content\/uploads\/2020\/05\/LANZARIN-CASE-DI-RIPOSO.mp3?_=1\" \/><a href=\"https:\/\/www.radiopiu.net\/wordpress\/wp-content\/uploads\/2020\/05\/LANZARIN-CASE-DI-RIPOSO.mp3\">https:\/\/www.radiopiu.net\/wordpress\/wp-content\/uploads\/2020\/05\/LANZARIN-CASE-DI-RIPOSO.mp3<\/a><\/audio>\n<p><strong>SITUAZIONE DEGLI OSPEDALI<\/strong><\/p>\n<audio class=\"wp-audio-shortcode\" id=\"audio-137655-2\" preload=\"none\" style=\"width: 100%;\" controls=\"controls\"><source type=\"audio\/mpeg\" src=\"https:\/\/www.radiopiu.net\/wordpress\/wp-content\/uploads\/2020\/05\/LANZARIN-OSPEDALI.mp3?_=2\" \/><a href=\"https:\/\/www.radiopiu.net\/wordpress\/wp-content\/uploads\/2020\/05\/LANZARIN-OSPEDALI.mp3\">https:\/\/www.radiopiu.net\/wordpress\/wp-content\/uploads\/2020\/05\/LANZARIN-OSPEDALI.mp3<\/a><\/audio>\n<p><strong>CENTRI ESTIVI E GREST<\/strong><\/p>\n<audio class=\"wp-audio-shortcode\" id=\"audio-137655-3\" preload=\"none\" style=\"width: 100%;\" controls=\"controls\"><source type=\"audio\/mpeg\" src=\"https:\/\/www.radiopiu.net\/wordpress\/wp-content\/uploads\/2020\/05\/LANZARIN-CENTRI-ESTIVI-2.mp3?_=3\" \/><a href=\"https:\/\/www.radiopiu.net\/wordpress\/wp-content\/uploads\/2020\/05\/LANZARIN-CENTRI-ESTIVI-2.mp3\">https:\/\/www.radiopiu.net\/wordpress\/wp-content\/uploads\/2020\/05\/LANZARIN-CENTRI-ESTIVI-2.mp3<\/a><\/audio>\n<p><strong>SCUOLA PARITARIE<\/strong><\/p>\n<audio class=\"wp-audio-shortcode\" id=\"audio-137655-4\" preload=\"none\" style=\"width: 100%;\" controls=\"controls\"><source type=\"audio\/mpeg\" src=\"https:\/\/www.radiopiu.net\/wordpress\/wp-content\/uploads\/2020\/05\/LANZARIN-SCUOLE-PARITARIE.mp3?_=4\" \/><a href=\"https:\/\/www.radiopiu.net\/wordpress\/wp-content\/uploads\/2020\/05\/LANZARIN-SCUOLE-PARITARIE.mp3\">https:\/\/www.radiopiu.net\/wordpress\/wp-content\/uploads\/2020\/05\/LANZARIN-SCUOLE-PARITARIE.mp3<\/a><\/audio>\n<p>&nbsp;<\/p>\n<p>&nbsp;<\/p>\n<p>&nbsp;<\/p>\n<hr \/>\n<blockquote>\n<h3><\/h3>\n<\/blockquote>\n<h3><\/h3>\n<blockquote class=\"wp-embedded-content\" data-secret=\"FqgiCU7IMF\"><p><a href=\"https:\/\/www.radiopiu.net\/wordpress\/aggiornamento-assessorato-protezione-civile-14-maggio-2020\/\">AGGIORNAMENTO ASSESSORATO PROTEZIONE CIVILE 14 MAGGIO 2020<\/a><\/p><\/blockquote>\n<p><iframe loading=\"lazy\" title=\"&#8220;AGGIORNAMENTO ASSESSORATO PROTEZIONE CIVILE 14 MAGGIO 2020&#8221; &#8212; Radio Pi\u00f9\" class=\"wp-embedded-content\" sandbox=\"allow-scripts\" security=\"restricted\" style=\"position: absolute; clip: rect(1px, 1px, 1px, 1px);\" src=\"https:\/\/www.radiopiu.net\/wordpress\/aggiornamento-assessorato-protezione-civile-14-maggio-2020\/embed\/#?secret=FqgiCU7IMF\" data-secret=\"FqgiCU7IMF\" width=\"600\" height=\"338\" frameborder=\"0\" marginwidth=\"0\" marginheight=\"0\" scrolling=\"no\"><\/iframe><\/p>\n<h3><\/h3>\n<h2>AI MICROFONI DI RADIO PIU&#8217; L&#8217;ASSESSORE GIANPAOLO BOTTACIN<\/h2>\n<audio class=\"wp-audio-shortcode\" id=\"audio-137655-5\" preload=\"none\" style=\"width: 100%;\" controls=\"controls\"><source type=\"audio\/mpeg\" src=\"https:\/\/www.radiopiu.net\/wordpress\/wp-content\/uploads\/2020\/05\/BOTTACIN-10.mp3?_=5\" \/><a href=\"https:\/\/www.radiopiu.net\/wordpress\/wp-content\/uploads\/2020\/05\/BOTTACIN-10.mp3\">https:\/\/www.radiopiu.net\/wordpress\/wp-content\/uploads\/2020\/05\/BOTTACIN-10.mp3<\/a><\/audio>\n<h3><\/h3>\n<hr \/>\n<blockquote>\n<h3><\/h3>\n<h3>CAPITOLO &#8220;DE COCCIO&#8221;: SECONDO GIORNO CONSECUTIVO SENZA SANZIONI<\/h3>\n<\/blockquote>\n<p><strong>BELLUNO<\/strong> Per il secondo giorno consecutivo in provincia di Belluno nessuna sanzione dalle Forze Dell&#8217;Ordine in seguito ai controlli per il contenimento del virus Covid-19. 500 persone controllate nella giornata di mercoled\u00ec, una sanzione da inizio settimana dopo 1374 controlli. Per quanto riguarda gli esercizi commerciali nessuna sanzione dopo 879 attivit\u00e0 controllate.<\/p>\n<p><a class=\"dt-pswp-item\" href=\"https:\/\/www.radiopiu.net\/wordpress\/wp-content\/uploads\/2020\/05\/MONITORAGGIO_GIORNALIERO_DEI_SERVIZI_DI_CONTROLLO_DEL_13.05.2020.jpg\" data-dt-img-description=\"\" data-large_image_width=\"1240\" data-large_image_height=\"1754\"><img loading=\"lazy\" decoding=\"async\" class=\"alignnone wp-image-137690 \" src=\"https:\/\/www.radiopiu.net\/wordpress\/wp-content\/uploads\/2020\/05\/MONITORAGGIO_GIORNALIERO_DEI_SERVIZI_DI_CONTROLLO_DEL_13.05.2020-724x1024.jpg\" alt=\"\" width=\"283\" height=\"400\" srcset=\"https:\/\/www.radiopiu.net\/wordpress\/wp-content\/uploads\/2020\/05\/MONITORAGGIO_GIORNALIERO_DEI_SERVIZI_DI_CONTROLLO_DEL_13.05.2020-724x1024.jpg 724w, https:\/\/www.radiopiu.net\/wordpress\/wp-content\/uploads\/2020\/05\/MONITORAGGIO_GIORNALIERO_DEI_SERVIZI_DI_CONTROLLO_DEL_13.05.2020-212x300.jpg 212w, https:\/\/www.radiopiu.net\/wordpress\/wp-content\/uploads\/2020\/05\/MONITORAGGIO_GIORNALIERO_DEI_SERVIZI_DI_CONTROLLO_DEL_13.05.2020-768x1086.jpg 768w, https:\/\/www.radiopiu.net\/wordpress\/wp-content\/uploads\/2020\/05\/MONITORAGGIO_GIORNALIERO_DEI_SERVIZI_DI_CONTROLLO_DEL_13.05.2020-1086x1536.jpg 1086w, https:\/\/www.radiopiu.net\/wordpress\/wp-content\/uploads\/2020\/05\/MONITORAGGIO_GIORNALIERO_DEI_SERVIZI_DI_CONTROLLO_DEL_13.05.2020.jpg 1240w\" sizes=\"auto, (max-width: 283px) 100vw, 283px\" \/><\/a><\/p>\n<p>&nbsp;<\/p>\n<p>&nbsp;<\/p>\n<hr \/>\n<p>&nbsp;<\/p>\n<p>&nbsp;<\/p>\n<div class=\"page-title-head hgroup\">\n<blockquote>\n<h3 class=\"entry-title\">SELVA DI CADORE COMUNE COVID FREE, NOVITA\u2019 PER I BUONI SPESA<\/h3>\n<\/blockquote>\n<\/div>\n<div class=\"page-title-breadcrumbs\">\n<p><strong><a class=\"dt-pswp-item\" href=\"https:\/\/www.radiopiu.net\/wordpress\/wp-content\/uploads\/2020\/04\/SILVA-CESTARO-2020.jpg\" data-dt-img-description=\"\" data-large_image_width=\"1200\" data-large_image_height=\"1600\"><img loading=\"lazy\" decoding=\"async\" class=\"wp-image-130287 alignleft\" src=\"https:\/\/www.radiopiu.net\/wordpress\/wp-content\/uploads\/2020\/04\/SILVA-CESTARO-2020-225x300.jpg\" alt=\"\" width=\"124\" height=\"165\" srcset=\"https:\/\/www.radiopiu.net\/wordpress\/wp-content\/uploads\/2020\/04\/SILVA-CESTARO-2020-225x300.jpg 225w, https:\/\/www.radiopiu.net\/wordpress\/wp-content\/uploads\/2020\/04\/SILVA-CESTARO-2020-768x1024.jpg 768w, https:\/\/www.radiopiu.net\/wordpress\/wp-content\/uploads\/2020\/04\/SILVA-CESTARO-2020-1152x1536.jpg 1152w, https:\/\/www.radiopiu.net\/wordpress\/wp-content\/uploads\/2020\/04\/SILVA-CESTARO-2020.jpg 1200w\" sizes=\"auto, (max-width: 124px) 100vw, 124px\" \/><\/a>SELVA DI CADORE<\/strong>\u00a0 Il sindaco Silvia Cestaro rassicura \u201cQui contrariamente a quanto viene riportato sulle tabelle non c\u2019\u00e8 alcun positivo o comunque casi di infetti\u201d. Inoltre il sindaco informa sui buoni spesa.<\/p>\n<p>&nbsp;<\/p>\n<p>&nbsp;<\/p>\n<p>&nbsp;<\/p>\n<p><strong>audio diretta radio<\/strong><\/p>\n<\/div>\n<audio class=\"wp-audio-shortcode\" id=\"audio-137655-6\" preload=\"none\" style=\"width: 100%;\" controls=\"controls\"><source type=\"audio\/mpeg\" src=\"https:\/\/www.radiopiu.net\/wordpress\/wp-content\/uploads\/2020\/05\/SILVIA-CESTARO.mp3?_=6\" \/><a href=\"https:\/\/www.radiopiu.net\/wordpress\/wp-content\/uploads\/2020\/05\/SILVIA-CESTARO.mp3\">https:\/\/www.radiopiu.net\/wordpress\/wp-content\/uploads\/2020\/05\/SILVIA-CESTARO.mp3<\/a><\/audio>\n<p>&nbsp;<\/p>\n<p>&nbsp;<\/p>\n<p>&nbsp;<\/p>\n<hr \/>\n<blockquote>\n<h2><\/h2>\n<h2>LE PERPLESSITA&#8217; DEI SINDACATI LUXOTTICA DI AGORDO ERANO ESATTE, NESSUNA RIPARTENZA DEI TRASPORTI PER LUXOTTICA DA LUNEDI<\/h2>\n<\/blockquote>\n<p>&nbsp;<\/p>\n<p><strong><img loading=\"lazy\" decoding=\"async\" class=\"alignleft\" src=\"https:\/\/www.radiopiu.net\/wordpress\/wp-content\/uploads\/2020\/02\/LUXOTTICA-NOTTE-scaled.jpg\" width=\"256\" height=\"192\" \/>BELLUNO\u00a0<\/strong> Da luned\u00ec\u00a0 rIparte la linea 14 (Feltre-Pedavena-Feltre) con quattro coppie di corse giornaliere e servizio feriale, sabato escluso; rimane ancora fermo infatti il festivo. Dovr\u00e0 attendere qualche giorno ancora, invece, il ripristino delle corse per le zone industriali di Sedico e Agordo, a servizio dei lavoratori Luxottica. Nei giorni scorsi la Provincia aveva dato l\u2019autorizzazione al riavvio delle corriere gi\u00e0 a partire dal 18 maggio, e Dolomitibus si era subito attrezzata per assicurare i mezzi. Luxottica, per\u00f2, ha comunicato che le procedure organizzative per accogliere in stabilimento i lavoratori che utilizzeranno il trasporto pubblico richiedono ancora alcune verifiche e messe a punto. Di conseguenza, la riattivazione dei collegamenti dovr\u00e0 essere posticipata di qualche giorno rispetto alla data del 18 maggio.<\/p>\n<p><strong>IL CONSIGLIERE PROVINCIALE DELEGATO DARIO SCOPEL<\/strong><\/p>\n<audio class=\"wp-audio-shortcode\" id=\"audio-137655-7\" preload=\"none\" style=\"width: 100%;\" controls=\"controls\"><source type=\"audio\/mpeg\" src=\"https:\/\/www.radiopiu.net\/wordpress\/wp-content\/uploads\/2020\/05\/SCOPEL-2.mp3?_=7\" \/><a href=\"https:\/\/www.radiopiu.net\/wordpress\/wp-content\/uploads\/2020\/05\/SCOPEL-2.mp3\">https:\/\/www.radiopiu.net\/wordpress\/wp-content\/uploads\/2020\/05\/SCOPEL-2.mp3<\/a><\/audio>\n<p>&nbsp;<\/p>\n<p>&nbsp;<\/p>\n<div class=\"page-title-breadcrumbs\">\n<hr \/>\n<\/div>\n<h2><\/h2>\n<p>&nbsp;<\/p>\n<h2>NEL POST VAIA I LAVORI SUL TORRENTE CAMPREGANA<\/h2>\n<p><a class=\"dt-pswp-item\" href=\"https:\/\/www.radiopiu.net\/wordpress\/wp-content\/uploads\/2020\/05\/images.jpg\" data-dt-img-description=\"\" data-large_image_width=\"300\" data-large_image_height=\"168\"><img loading=\"lazy\" decoding=\"async\" class=\"size-full wp-image-137566 alignleft\" src=\"https:\/\/www.radiopiu.net\/wordpress\/wp-content\/uploads\/2020\/05\/images.jpg\" alt=\"\" width=\"300\" height=\"168\" \/><\/a><\/p>\n<p>&nbsp;<\/p>\n<p>foto archivio radiopiu, i giorni di Vaia.<\/p>\n<p>&nbsp;<\/p>\n<p><strong>AGORDO\u00a0<\/strong><\/p>\n<p><strong>GIANNI SANTOMASO\u00a0<\/strong><\/p>\n<audio class=\"wp-audio-shortcode\" id=\"audio-137655-8\" preload=\"none\" style=\"width: 100%;\" controls=\"controls\"><source type=\"audio\/mpeg\" src=\"https:\/\/www.radiopiu.net\/wordpress\/wp-content\/uploads\/2020\/05\/CAMPREGANA.mp3?_=8\" \/><a href=\"https:\/\/www.radiopiu.net\/wordpress\/wp-content\/uploads\/2020\/05\/CAMPREGANA.mp3\">https:\/\/www.radiopiu.net\/wordpress\/wp-content\/uploads\/2020\/05\/CAMPREGANA.mp3<\/a><\/audio>\n<p>&nbsp;<\/p>\n<p>&nbsp;<\/p>\n<hr \/>\n<blockquote>\n<h2>COMUNI CONFINANTI, PER I FONDI BASTA LA DOMANDA<\/h2>\n<\/blockquote>\n<blockquote><p><em>\u00a0\u00abCon la nuova Intesa semplificate le procedure\u00bb<\/em><\/p><\/blockquote>\n<p><strong>BELLUNO<\/strong>\u00a0 Il Comitato paritetico per la gestione del Fondo Comuni confinanti ha approvato oggi le modifiche alla modalit\u00e0 di trasferimento ai Comuni delle risorse previste dall\u2019Intesa. I nuovi criteri prevedono che i Comuni non rispondano pi\u00f9 a un bando emesso dal Comitato ma presentino una domanda con allegato il progetto e una relativa delibera della giunta comunale. La delibera di giunta vale come certificazione sia in fase di proposta, sia in fase di rendicontazione. Le novit\u00e0 si applicano per i progetti presentati dai 48 comuni confinanti nell\u2019anno 2020. La decisione, specifica il presidente, <em>\u00ab\u00e8 stata possibile grazie ai cambiamenti al testo della nuova Intesa firmata a marzo 2020 tra le Province Autonome di Bolzano e Trento, le Regioni Lombardia e Veneto e il Ministero delle Autonomie\u00bb. <\/em>Tra le spese ammissibili sono state inserite le attivit\u00e0 di contrasto alla diffusione del virus Covid-19, come ad esempio l\u2019adeguamento di scuole, musei, biblioteche e altri spazi pubblici per garantire il distanziamento. Le risorse a disposizione sono in totale 24 milioni di euro di cui 7,5 milioni per il territorio Bellunese, 6 milioni per il Vicentino, 5,5 milioni per il Bresciano, 4 milioni per il Veronese e 1 milione per la provincia di Sondrio. I Comuni hanno tempo qualche settimana per presentare le domande. \u00abLe richieste di finanziamento devono arrivare alla segreteria del Comitato entro il 31 luglio\u00bb, ricorda De Menech.<\/p>\n<p><strong>IL DEPUTATO ROGER DE MENECH<\/strong><\/p>\n<div style=\"width: 848px;\" class=\"wp-video\"><video class=\"wp-video-shortcode\" id=\"video-137655-1\" width=\"848\" height=\"480\" preload=\"metadata\" controls=\"controls\"><source type=\"video\/mp4\" src=\"https:\/\/www.radiopiu.net\/wordpress\/wp-content\/uploads\/2020\/05\/WhatsApp-Video-2020-05-14-at-18.13.37.mp4?_=1\" \/><a href=\"https:\/\/www.radiopiu.net\/wordpress\/wp-content\/uploads\/2020\/05\/WhatsApp-Video-2020-05-14-at-18.13.37.mp4\">https:\/\/www.radiopiu.net\/wordpress\/wp-content\/uploads\/2020\/05\/WhatsApp-Video-2020-05-14-at-18.13.37.mp4<\/a><\/video><\/div>\n<p>&nbsp;<\/p>\n<p>&nbsp;<\/p>\n<p>&nbsp;<\/p>\n<hr \/>\n<p>&nbsp;<\/p>\n<p>&nbsp;<\/p>\n<p>&nbsp;<\/p>\n<blockquote>\n<h2>IDEAL STANDARD: INCONTRO IN REGIONE SU RIAVVIO STABILIMENTO DI TRICHIANA<\/h2>\n<\/blockquote>\n<p><span style=\"font-size: medium;\"><b><img decoding=\"async\" class=\"alignleft\" src=\"https:\/\/www.radiopiu.net\/wordpress\/wp-content\/uploads\/2018\/01\/IdealStandard_print.gif\" \/>VENEZIA\u00a0<\/b><\/span><span style=\"color: #000000;\"><span style=\"font-size: medium;\">L\u2019assessore regionale al lavoro Elena Donazzan, ha incontrato i vertici locali ed europei di Ideal Standard e le organizzazioni sindacali di categoria. Al centro dell\u2019incontro le preoccupazioni dei lavoratori e dei loro rappresentanti circa i progetti della propriet\u00e0 aziendale e la richiesta di far ripartire il pi\u00f9 presto possibile l\u2019attivit\u00e0 nello stabilimento di Trichiana, unico sito produttivo in Italia, nel quale lavorano circa 600 dipendenti, tutti attualmente in cassa integrazione. <\/span><\/span><span style=\"color: #000000;\"><span style=\"font-size: medium;\">La richiesta di un confronto rapido sulla riapertura dello stabilimento produttivo di Trichiana al termine del lockdown \u00e8 stata avanzata anche in relazione all\u2019attivit\u00e0 degli altri stabilimenti del gruppo Ideal Standard, dislocati in Bulgaria, Repubblica Ceca e Regno Unito, e alla necessit\u00e0 di riavviare quanto prima i cicli produttivi, la cui prolungata interruzione &#8211; nel particolare settore della ceramica \u2013 genera grandi difficolt\u00e0 tecniche e sempre maggiori oneri. <\/span><\/span><span style=\"color: #000000;\"><span style=\"font-size: medium;\">L\u2019assessore regionale ha ricordato la centralit\u00e0 dello stabilimento di Trichiana, oggetto di importanti investimenti da parte della propriet\u00e0 (l\u2019ultimo di <\/span><\/span><span style=\"font-size: medium;\">9 milioni di euro \u00e8 stato finanziato per due terzi dal sacrificio in busta paga chiesto ai lavoratori<\/span><span style=\"color: #000000;\"><span style=\"font-size: medium;\">) e di grande attenzione da parte della regione e del territorio bellunese. Elena Donazzan ha quindi chiesto che le parti possano confrontarsi nel tempo pi\u00f9 rapido possibile in merito alle preoccupazioni sollevate dal sindacato ed individuare tempi e modalit\u00e0 per il riavvio dei cicli di produzione dell\u2019ex Ceramica Dolomite. <\/span><\/span><span style=\"color: #000000;\"><span style=\"font-size: medium;\">Le parti si sono dati appuntamento gi\u00e0 domani (venerd\u00ec 15 maggio) impegnandosi a comunicare alla Regione, come richiesto dall\u2019assessore, i primi risultati del confronto.<\/span><\/span><\/p>\n<p>&nbsp;<\/p>\n<hr \/>\n<div class=\"page-title-breadcrumbs\">\n<blockquote>\n<h3><\/h3>\n<h3>USURA E INFILTRAZIONI MAFIOSE NELLA FASE 2<\/h3>\n<\/blockquote>\n<p><strong><a class=\"dt-pswp-item\" href=\"https:\/\/www.radiopiu.net\/wordpress\/wp-content\/uploads\/2019\/10\/Lorraine_Berton-1-1.jpg\" data-dt-img-description=\"\" data-large_image_width=\"767\" data-large_image_height=\"768\"><img loading=\"lazy\" decoding=\"async\" class=\"size-medium wp-image-104566 alignleft\" src=\"https:\/\/www.radiopiu.net\/wordpress\/wp-content\/uploads\/2019\/10\/Lorraine_Berton-1-1-300x300.jpg\" alt=\"\" width=\"300\" height=\"300\" srcset=\"https:\/\/www.radiopiu.net\/wordpress\/wp-content\/uploads\/2019\/10\/Lorraine_Berton-1-1-300x300.jpg 300w, https:\/\/www.radiopiu.net\/wordpress\/wp-content\/uploads\/2019\/10\/Lorraine_Berton-1-1-150x150.jpg 150w, https:\/\/www.radiopiu.net\/wordpress\/wp-content\/uploads\/2019\/10\/Lorraine_Berton-1-1.jpg 767w\" sizes=\"auto, (max-width: 300px) 100vw, 300px\" \/><\/a>BELLUNO<\/strong>\u00a0Usura e infiltrazioni mafiose sono pericoli concreti quanto subdoli che vanno scongiurati fin da subito facendo rete e segnalando tutte le anomalie di accesso al credito. \u00c8 questa la sintesi della lettera che il presidente di Confindustria Belluno Dolomiti Lorraine Berton ha scritto in queste ore alle imprese associate: un vero e proprio grido d\u2019allarme che arriva in una fase delicatissima e drammatica per il mondo produttivo.\u00a0La nota \u00e8 stata inviata anche a seguito degli incontri che la stessa Associazione ha avuto, proprio negli ultimi giorni, con la Prefettura di Belluno e con le Forze dell\u2019Ordine, e in particolare con la Guardia di Finanza, sul rischio di infiltrazioni della criminalit\u00e0 organizzata nel tessuto economico locale, colpito duramente dalla crisi causata dalla pandemia.\u201c<em>Il rischio usura \u00e8 altissimo<\/em>\u201d, rimarca Berton. \u201c<em>Il fatto che la nostra sia tra le prime regioni a ripartire rappresenta un ulteriore fattore di rischio perch\u00e9 l\u2019attenzione della criminalit\u00e0 pu\u00f2 essere attratta dall\u2019opportunit\u00e0 di investire proprio qui l\u2019eccesso di liquidit\u00e0 illecitamente costituito<\/em>\u201d. \u201c<em>Preoccupa anche il fatto che nel periodo di lockdown si siano costituite nuove imprese in comparti fermi come l\u2019edilizia o il turismo. \u00c8 un fenomeno nei confronti del quale prestare la massima attenzione<\/em>\u201d, sottolinea la presidente nella lettera.\u00a0Berton si rivolge direttamente agli associati chiedendo loro di segnalare tutte le anomalie di accesso al credito e porta due casi in particolare.\u00a0\u201c<em>Il primo \u00e8 quello dell\u2019imprenditore che, dopo vari e ripetuti tentativi di accesso al credito presso istituti di credito senza esito, viene contattato da una persona che manifesta ampia disponibilit\u00e0 ad erogare subito la somma di denaro necessaria\u201d, si legge nella lettera.\u201cNel secondo caso, invece, un imprenditore in difficolt\u00e0 viene segnalato da professionisti del territorio ad intermediari provenienti da altre Regioni, pronti ad investire in Veneto<\/em>\u201d. Campanelli d\u2019allarme che, per Berton, vanno subito colti e segnalati.La stessa Associazione degli industriali si mette a disposizione. \u201cAnche su questo vogliamo fare la nostra parte e stare dalla parte delle imprese sane e che garantiscono crescita, benessere e leale competizione\u201d, il pensiero di Berton. \u201c<em>Oggi pi\u00f9 che mai dobbiamo essere solidali e responsabilit\u00e0. Ci giochiamo il nostro futuro sotto tutti i punti di vista<\/em>\u201d.\u00a0E non manca un appello alle Istituzioni: \u201c<em>Ogni sforzo deve essere proteso a un reale rilancio. Lasciare indietro qualcuno ora \u00e8 pericoloso per la tenuta sociale ed economica di questo Paese. Non mi interessano le beghe di partito o gli show mediatici, oggi pi\u00f9 che mai si guardi alla sostanza, al lavoro, a chi manda avanti ogni giorno la baracca in silenzio<\/em>\u201d, conclude Berton.<\/p>\n<p>&nbsp;<\/p>\n<p>&nbsp;<\/p>\n<hr \/>\n<\/div>\n<p>&nbsp;<\/p>\n<p>&nbsp;<\/p>\n<blockquote>\n<h3>LAVORO: DONAZZAN, \u201cPERSI IN VENETO 80 MILA DI POSTI DI LAVORO, BASTA CHIUSURE INDISTINTE. ORA RIAPRIRE SUBITO E CON POCHE REGOLE\u201d<\/h3>\n<\/blockquote>\n<p><strong>VENEZIA<\/strong>\u00a0 Sono circa 80 mila i posti di lavoro persi in Veneto a causa della caduta occupazionale determinata dall\u2019emergenza Covid-19. Secondo il monitoraggio dell\u2019Osservatorio di Veneto Lavoro il trend negativo (coinvolge soprattutto il lavoro a termine: tra contratti a tempo determinato, apprendistato e lavoro intermittente, sono circa 60 mila i posti di lavoro persi tra il 23 febbraio e il 6 maggio 2020, rispetto allo stesso periodo dello scorso anno. A questi si aggiungono 7.800 contratti a tempo indeterminato in meno, soprattutto a causa del calo delle assunzioni, e il prevedibile crollo dei contratti di somministrazione, che in base ai dati parziali disponibili sono diminuiti di oltre 13 mila unit\u00e0. <em>\u201cLa situazione economica \u00e8 gravissima &#8211; afferma\u00a0Elena Donazzan, assessore regionale al lavoro del Veneto &#8211; Se non riapriamo subito, con poche regole chiare, e con una vera semplificazione troppe volte solo annunciata, molte attivit\u00e0 rischieranno una chiusura definitiva, ed il numero di posti di lavoro persi che conteggiamo oggi potr\u00e0 solo aumentare. Se non verranno trovate immediate alternative a questa linea assistenzialista e burocratica proposta dal governo, mi aspetto un aumento delle crisi aziendali ed un impoverimento del tessuto sociale\u201d.<\/em><\/p>\n<p>&nbsp;<\/p>\n<hr \/>\n<p>&nbsp;<\/p>\n<p>&nbsp;<\/p>\n<blockquote>\n<h3>WANBAO-ACC: DONAZZAN, \u201cMASSIMA ATTENZIONE SU COERENZA NELLA SCELTA DEL NUOVO COMMISSARIO STRAORDINARIO\u201d<\/h3>\n<\/blockquote>\n<p><strong>VENEZIA\u00a0<\/strong> <span style=\"color: #000000;\"><span style=\"font-size: medium;\">Con provvedimento del Tribunale di Venezia oggi Italia Wanbao-Acc, la societ\u00e0 di Mel a partecipazione pubblica cinese, \u00e8 stata ammessa all\u2019amministrazione straordinaria. <\/span><\/span><span style=\"color: #000000;\"><span style=\"font-size: medium;\">L\u2019assessore regionale al lavoro, Elena Donazzan, esprime \u201cpubblico apprezzamento\u201d ai giudici per il lavoro svolto e per \u201caver valutata l\u2019urgenza prioritaria, <\/span><\/span><span style=\"font-size: medium;\">in questa fase di sospensione dell\u2019attivit\u00e0 dettata dall\u2019attuale situazione di emergenza sanitaria, al fine di garantire una prospettiva di continuit\u00e0 produttiva per il sito di Mel, che conta 300 posti di lavoro. Ci\u00f2 conferma la bont\u00e0 del percorso di salvataggio dell\u2019azienda intrapreso verso l\u2019amministrazione straordinaria, al quale Ministero, Regione, parti sociali e istituzioni locali hanno lavorato per mesi\u201d.<\/span><span style=\"font-size: medium;\">Con l\u2019atto di ammissione<\/span><span style=\"color: #000000;\"><span style=\"font-size: medium;\"> all\u2019amministrazione straordinaria \u2013 sottolinea Donazzan &#8211; iniziano a decorrere i cinque giorni entro i quali il Ministero per lo Sviluppo economico dovr\u00e0 individuare il nome del commissario straordinario.<\/span><\/span><span style=\"color: #000000;\">\u201c<span style=\"font-size: medium;\">La Regione Veneto, con la sua Unit\u00e0 di crisi \u2013 dichiara l\u2019assessore \u2013 sta seguendo con grande attenzione e attesa questa fase estremamente delicata, nell\u2019auspicio che dal Ministero arrivi una risposta coerente con il percorso di gestione della crisi concertato nei mesi scorsi con il Mise stesso, l\u2019assessorato regionale al Lavoro, le parti sociali e le istituzioni locali bellunesi. La scelta del futuro commissario straordinario sar\u00e0 determinante per garantire non solo la conservazione del sito produttivo, bens\u00ec il suo rilancio nei mercati internazionali\u201d.<\/span><\/span><\/p>\n<p>&nbsp;<\/p>\n<p>&nbsp;<\/p>\n<hr \/>\n<p>&nbsp;<\/p>\n<p>&nbsp;<\/p>\n<h3>IL GRUPPO PD CHIEDE MONITORAGGIO COSTANTE CON L&#8217;APPLICAZIONE DELLE NUOVE REGOLE<\/h3>\n<p><strong>VENEZIA\u00a0<\/strong> <span style=\"font-size: large;\">\u201cPer comprendere l\u2019andamento della fase 2 non solo dal punto di vista sanitario e rendere il cammino pi\u00f9 agevole a imprese e lavoratori sar\u00e0 necessario un monitoraggio costante. Ma per intervenire puntualmente sulle criticit\u00e0 devono essere coinvolti anche i diretti interessati, sul territorio e non soltanto a livello regionale, tramite i rappresentanti delle categorie economiche e i sindacati\u201d. A dirlo \u00e8 il gruppo regionale del Partito Democratico che in una nota chiede di allargare il tavolo Ulss-sindaci attualmente previsto dalle indicazioni regionali. \u201cCon la ripartenza, il tema non \u00e8 pi\u00f9 soltanto sanitario. E gli operatori economici del commercio, cos\u00ec come della ristorazione e del terziario, avranno bisogno di un supporto costante, con indicazioni chiare. Ma non possono essere solo soggetti passivi: \u00e8 fondamentale che vengano coinvolti tramite le associazioni di categoria, cos\u00ec da segnalare in tempo reale eventuali difficolt\u00e0 nell\u2019applicazione delle nuove regole a seconda dei contesti in cui operano. E lo stesso vale per i lavoratori. Perci\u00f2 chiediamo un confronto pi\u00f9 ampio a livello locale, che non riguardi soltanto Ulss e sindaci\u201d.\u00a0<\/span><\/p>\n<p>&nbsp;<\/p>\n<p>&nbsp;<\/p>\n<hr \/>\n<p>&nbsp;<\/p>\n<p>&nbsp;<\/p>\n<blockquote>\n<h3>SPORT FASE2, INCONTRO CON L&#8217;ASSESSORE REGIONALE CORAZZARI<\/h3>\n<\/blockquote>\n<p><strong><a class=\"dt-pswp-item\" href=\"https:\/\/www.radiopiu.net\/wordpress\/wp-content\/uploads\/2020\/05\/Videoconferenza-assessori-sport.jpeg\" data-dt-img-description=\"\" data-large_image_width=\"1600\" data-large_image_height=\"844\"><img loading=\"lazy\" decoding=\"async\" class=\"size-medium wp-image-137744 alignleft\" src=\"https:\/\/www.radiopiu.net\/wordpress\/wp-content\/uploads\/2020\/05\/Videoconferenza-assessori-sport-300x158.jpeg\" alt=\"\" width=\"300\" height=\"158\" srcset=\"https:\/\/www.radiopiu.net\/wordpress\/wp-content\/uploads\/2020\/05\/Videoconferenza-assessori-sport-300x158.jpeg 300w, https:\/\/www.radiopiu.net\/wordpress\/wp-content\/uploads\/2020\/05\/Videoconferenza-assessori-sport-1024x540.jpeg 1024w, https:\/\/www.radiopiu.net\/wordpress\/wp-content\/uploads\/2020\/05\/Videoconferenza-assessori-sport-768x405.jpeg 768w, https:\/\/www.radiopiu.net\/wordpress\/wp-content\/uploads\/2020\/05\/Videoconferenza-assessori-sport-1536x810.jpeg 1536w, https:\/\/www.radiopiu.net\/wordpress\/wp-content\/uploads\/2020\/05\/Videoconferenza-assessori-sport.jpeg 1600w\" sizes=\"auto, (max-width: 300px) 100vw, 300px\" \/><\/a>BELLUNO<\/strong>\u00a0 Le difficolt\u00e0 delle societ\u00e0 sportive, le iniziative della Regione Veneto e le richieste dei Comuni: questi i temi al centro della videoconferenza che\u00a0 ha visto partecipare l&#8217;assessore regionale allo sport, Cristiano Corazzari, gli assessori allo sport dei comuni capoluogo del Veneto, e i presidenti di Coni Veneto e Cip Veneto. Per il Comune di Belluno ha partecipato l&#8217;assessore Marco Bogo. Tra i temi, quello della sanificazione dei locali, delle spese per le utenze, dei mancati introiti da sponsorizzazioni, dei costi delle gestioni delle strutture sia per le associazioni che per le societ\u00e0 partecipate.\u00a0Da parte della Regione, l&#8217;assessore Corazzari ha evidenziato come sia gi\u00e0 stata approvata una variazione di bilancio da un milione di euro per finanziare la graduatoria relativa agli interventi sugli impianti sportivi \u00ab\u00c8 stato un incontro positivo, che ha visto la collaborazione da parte di tutti. &#8211; conclude l&#8217;assessore\u00a0 Marco Bogo.\u2013 La Regione aveva gi\u00e0 chiare alcune problematiche e sta lavorando all&#8217;individuazione di linee guida per tutti. Oggi abbiamo potuto portare alla loro attenzione anche le richieste e le sollecitazioni del territorio; ci siamo anche accordati per rivederci presto e vedere come agire, alle luce delle nuove norme nazionali e regionali attese per i prossimi giorni\u00bb.<\/p>\n<p>&nbsp;<\/p>\n<hr \/>\n<p>&nbsp;<\/p>\n<p>&nbsp;<\/p>\n<blockquote>\n<h3>I VINCITORI PROVVISORI PER IL NUOVO PONTE A LAMBIOI<\/h3>\n<\/blockquote>\n<p><strong>BELLUNO<\/strong> Si sono chiusi nei giorni scorsi i lavori della commissione incaricata di individuare il progetto per il nuovo ponte sul Piave a Lambioi, in sostituzione dell&#8217;attuale ponte bailey: la graduatoria provvisoria ha visto riconosciuto come miglior progetto quello elaborato dall&#8217;ingegner Jos\u00e8 Romo Martin, dall&#8217;architetto Alberto Campo Baeza e dall&#8217;ingegner Isabel Lorenzo Perez, giovane professionista. E&#8217; una \u201cclassifica\u201d provvisoria in attesa della verifica della sussistenza dei requisiti richiesti ai partecipanti Una volta ultimata la fase emergenziale legata all&#8217;epidemia di Covid-19, presumibilmente verso met\u00e0 giugno, sar\u00e0 organizzata una mostra pubblica dove verranno esposti tutti i progetti finalisti, come gi\u00e0 fatto in occasione del concorso di progettazione del nuovo piazzale della stazione ferroviaria.<\/p>\n<p>&nbsp;<\/p>\n<hr \/>\n<p>&nbsp;<\/p>\n<p>&nbsp;<\/p>\n<blockquote class=\"wp-embedded-content\" data-secret=\"blorhL8RGm\"><p><a href=\"https:\/\/www.radiopiu.net\/wordpress\/contributi-a-fondo-perduto-alle-piccole-imprese-solo-pochi-spiccioli\/\">CONTRIBUTI A FONDO PERDUTO: ALLE PICCOLE IMPRESE SOLO POCHI SPICCIOLI<\/a><\/p><\/blockquote>\n<p><iframe loading=\"lazy\" title=\"&#8220;CONTRIBUTI A FONDO PERDUTO: ALLE PICCOLE IMPRESE SOLO POCHI SPICCIOLI&#8221; &#8212; Radio Pi\u00f9\" class=\"wp-embedded-content\" sandbox=\"allow-scripts\" security=\"restricted\" style=\"position: absolute; clip: rect(1px, 1px, 1px, 1px);\" src=\"https:\/\/www.radiopiu.net\/wordpress\/contributi-a-fondo-perduto-alle-piccole-imprese-solo-pochi-spiccioli\/embed\/#?secret=blorhL8RGm\" data-secret=\"blorhL8RGm\" width=\"600\" height=\"338\" frameborder=\"0\" marginwidth=\"0\" marginheight=\"0\" scrolling=\"no\"><\/iframe><\/p>\n<blockquote>\n<h3><\/h3>\n<hr \/>\n<h3><\/h3>\n<h3>L&#8217;EMILIA ROMAGNA IN AIUTO ALLE REALTA&#8217; MONTANE<\/h3>\n<\/blockquote>\n<p><strong><a class=\"dt-pswp-item\" href=\"https:\/\/www.radiopiu.net\/wordpress\/wp-content\/uploads\/2020\/05\/78d5ae28-1f7e-42b0-b7e7-d9c71b5caece.jpg\" data-dt-img-description=\"\" data-large_image_width=\"1599\" data-large_image_height=\"799\"><img loading=\"lazy\" decoding=\"async\" class=\"size-medium wp-image-137722 alignleft\" src=\"https:\/\/www.radiopiu.net\/wordpress\/wp-content\/uploads\/2020\/05\/78d5ae28-1f7e-42b0-b7e7-d9c71b5caece-300x150.jpg\" alt=\"\" width=\"300\" height=\"150\" srcset=\"https:\/\/www.radiopiu.net\/wordpress\/wp-content\/uploads\/2020\/05\/78d5ae28-1f7e-42b0-b7e7-d9c71b5caece-300x150.jpg 300w, https:\/\/www.radiopiu.net\/wordpress\/wp-content\/uploads\/2020\/05\/78d5ae28-1f7e-42b0-b7e7-d9c71b5caece-1024x512.jpg 1024w, https:\/\/www.radiopiu.net\/wordpress\/wp-content\/uploads\/2020\/05\/78d5ae28-1f7e-42b0-b7e7-d9c71b5caece-768x384.jpg 768w, https:\/\/www.radiopiu.net\/wordpress\/wp-content\/uploads\/2020\/05\/78d5ae28-1f7e-42b0-b7e7-d9c71b5caece-1536x768.jpg 1536w, https:\/\/www.radiopiu.net\/wordpress\/wp-content\/uploads\/2020\/05\/78d5ae28-1f7e-42b0-b7e7-d9c71b5caece.jpg 1599w\" sizes=\"auto, (max-width: 300px) 100vw, 300px\" \/><\/a>BELLUNO<\/strong> Taglio dell&#8217;IRAP per i lavoratori nelle aree montane e contributi a fondo perduto per l&#8217;acquisto o la ristrutturazione di immobili nei comuni di montagna, per un totale di 23 milioni di euro a disposizione: non accade nelle \u201csolite\u201d e speciali regioni del Trentino-Alto Adige o del Friuli Venezia Giulia, ma nell&#8217;ordinaria Emilia Romagna.\u00a0<em>\u201cQuesto dimostra che se si vuole aiutare la montagna lo si pu\u00f2 fare senza poteri speciali o emergenze\u201d, sottolinea il presidente di Belluno Alpina Gimmy Dal Farra. \u201cOrmai siamo circondati da regioni che attuano politiche concrete contro lo spopolamento della montagna mentre noi che siamo una provincia interamente montana restiamo al palo. Un territorio montano di questi tempi non pu\u00f2 farcela da solo: la differenza di costi per vivere e abitare, semplicemente scaldarsi in inverno, \u00e8 evidente e netta\u201d<\/em> Dal Farra sottolinea l&#8217;importanza di chi\u00a0 vive e lavora sul territorio 365 giorni all&#8217;anno, una cura antispopolamento con il progetto Ronce2020\u00a0 che interessa il comprensorio Quantin-Nevegal-Ronce-Valmorel, un progetto articolato, che va da aiuti per le ristrutturazioni al supporto ai negozi di vicinato e al bar del paese, ma Dal Farra insiste <em>&#8220;serve con urgenza concretizzare azioni per i residenti, come un sostegno economico per mantenere la pulizia dei prati e dei boschi<\/em>.<em> Serve supporto per chi abita e tiene pulito il territorio: serve subito, e deve diventare strutturale, come fanno i nostri vicini autonomi e l&#8217;ordinaria Emilia Romagna che aveva inserito questi provvedimenti gi\u00e0 nel bilancio previsionale di novembre 2019. Una provincia interamente montana come Belluno avrebbe dovuto godere di queste misure gi\u00e0 da molto tempo<\/em><\/p>\n<p>foto repertorio, sagra alla Ronce, da riproporre.<\/p>\n<hr \/>\n<p>&nbsp;<\/p>\n<p>&nbsp;<\/p>\n<blockquote>\n<h2 class=\"moz-quote-pre\">POTENZIAMENTO DEI CENTRI ITTIOGENICI: BOLZANO BELLUNESE IN DIRITTURA D\u2019ARRIVO, SI STUDIA IL MIGLIORAMENTO DI TOMO<\/h2>\n<\/blockquote>\n<p>&nbsp;<\/p>\n<p><strong>BELLUNO<\/strong>\u00a0 Restyling e potenziamento in dirittura d\u2019arrivo. Ricominceranno luned\u00ec\u00a0 i lavori al centro ittiogenico di Bolzano Bellunese, dove la Provincia ha demolito e ricostruito a regola d\u2019arte le strutture del complesso edilizio in cui si concentrano le attivit\u00e0 di allevamento e selezione genetica della fauna ittica. Il nuovo fabbricato \u00e8 gi\u00e0 stato completato, cos\u00ec come la sistemazione del locale-ristorante, in cui \u00e8 stato realizzato un terrazzo esterno, funzionale al miglioramento dell\u2019offerta turistica (e all\u2019eliminazione delle barriere architettoniche per l\u2019accesso delle persone con disabilit\u00e0). In fase di progettazione anche la nuova captazione di acqua sottofalda che alimenta le vasche del pesce, e sulla quale la Provincia intende inserire un micro impianto idroelettrico, per soddisfare il fabbisogno energetico del centro ittiogenico.<\/p>\n<p>IL CONSIGLIERE PROVINCIALE DELEGATO A CACCIA E PESCA FRANCO DE BON<\/p>\n<audio class=\"wp-audio-shortcode\" id=\"audio-137655-9\" preload=\"none\" style=\"width: 100%;\" controls=\"controls\"><source type=\"audio\/mpeg\" src=\"https:\/\/www.radiopiu.net\/wordpress\/wp-content\/uploads\/2020\/05\/de-bon.mp3?_=9\" \/><a href=\"https:\/\/www.radiopiu.net\/wordpress\/wp-content\/uploads\/2020\/05\/de-bon.mp3\">https:\/\/www.radiopiu.net\/wordpress\/wp-content\/uploads\/2020\/05\/de-bon.mp3<\/a><\/audio>\n<p>&nbsp;<\/p>\n<p>&nbsp;<\/p>\n<p>&nbsp;<\/p>\n<hr \/>\n<h3>OCCUPAZIONE SUOLO PUBBLICO, BASTA UNA PEC<\/h3>\n<p><strong>FELTRE<\/strong>\u00a0L\u2019Amministrazione Comunale ha messo a punto la procedura per la richiesta semplificata di ampliamento della superficie di suolo pubblico che gli esercenti potranno richiedere di utilizzare in questa fase di apertura dopo il lungo periodo di \u201cfermo\u201d. Gli interessati potranno inviare una mail PEC a\u00a0 tosap.tributi@comune.feltre.bl.it oppure\u00a0 protocollo@comune.feltre.bl.it allegando una planimetria con le misure (anche rilevate da google maps), senza bollo (che eventualmente verr\u00e0 richiesto in un secondo momento qualora la nuova normativa non ne preveda l\u2019esenzione). <em>\u201cL\u2019Amministrazione si \u00e8 mossa gi\u00e0 da tempo \u2013 per quanto nelle sue possibilit\u00e0 &#8211; sul fronte delle possibili misure di accompagnamento alla riapertura delle attivit\u00e0 di bar e ristorazione, le pi\u00f9 penalizzate da questa lunga fase di lockdown. E&#8217; stata infatti eseguita una mappatura di tutti gli esercizi e una scheda dettagliata per ognuno di essi, affinch\u00e9 si possa procedere nel minor tempo possibile. Gi\u00e0 da venerd\u00ec 15 il Comune sar\u00e0 a disposizione per ogni aiuto possibile e per chi avesse dubbi o difficolt\u00e0.\u201d<\/em> commenta l\u2019assessore alla Pianificazione del Territorio e al Commercio del Comune di Feltre Irma Visalli.<\/p>\n<p>&nbsp;<\/p>\n<p>&nbsp;<\/p>\n<hr \/>\n<p>&nbsp;<\/p>\n<blockquote>\n<h3>CACCIA:\u00a0 \u201cPRONTI PER RIAPERTURA REGOLARE. MAI SOSPESA ATTIVIT\u00c0 SUI PIANI DI CONTROLLO.<\/h3>\n<\/blockquote>\n<p><strong>VENEZIA<\/strong> Alla luce delle riaperture previste dalla fase 2 \u00a0e che riguarderanno non solo le attivit\u00e0 economiche, ma anche quelle ludico ricreative, la Regione del Veneto si sta attivando al fine di dare corso ai provvedimenti propedeutici per l&#8217;inizio dell&#8217;attivit\u00e0 venatoria, tra cui i prelievi di selezione degli ungulati. L&#8217;avvio e il successivo prosieguo della stagione venatoria saranno inoltre vincolati al continuo e costante monitoraggio dell&#8217;evoluzione della situazione epidemiologico. Per quanto riguarda invece i piani di controllo della fauna selvatica invasiva\u00a0 la loro attuazione non \u00e8 mai stata oggetto di sospensione da parte della Regione del Veneto.<\/p>\n<p>&nbsp;<\/p>\n<hr \/>\n<p>&nbsp;<\/p>\n<div class=\"page-title-breadcrumbs\">\n<blockquote>\n<h3>CSV BELLUNO E IL MANUALE PER I VOLONTARI<\/h3>\n<\/blockquote>\n<p><strong><a class=\"dt-pswp-item\" href=\"https:\/\/www.radiopiu.net\/wordpress\/wp-content\/uploads\/2018\/08\/CSV.png\" data-dt-img-description=\"\" data-large_image_width=\"296\" data-large_image_height=\"170\"><img loading=\"lazy\" decoding=\"async\" class=\"size-full wp-image-57221 alignleft\" src=\"https:\/\/www.radiopiu.net\/wordpress\/wp-content\/uploads\/2018\/08\/CSV.png\" alt=\"\" width=\"296\" height=\"170\" \/><\/a>BELLUNO<\/strong>\u00a0Un utile vademecum per i tanti volontari bellunesi ai tempi del Coronavirus. \u00c8 appena stato edito, infatti, il manuale dal titolo \u201cIndicazioni per le associazioni di volontariato nell\u2019ambito dell\u2019emergenza epidemiologica da Covid-19\u201d; curato da Marco Bogo dello Sportello Sicurezza del Csv di Belluno, \u00e8 scaricabile online dalla homepage del sito www.csvbelluno.it (o nella sezione \u201cSpeciale Coronavirus\/Informazioni generiche\u201d).\u00a0Per la sua realizzazione si basa sulle \u201cLinee guida\u201d emanate dalla Regione Veneto lo scorso 10 aprile, dunque durante la fase pi\u00f9 acuta dell\u2019emergenza, ed \u00e8 aggiornato in base alla situazione attuale, in cui siamo prossimi alla fine del lockdown.\u00a0Dopo una premessa che riassume gli obiettivi, il manuale spiega che cos\u2019\u00e8 il Coronavirus e chiarisce il significato di una serie di termini scientifici. Segue un riepilogo di decreti e ordinanze degli enti nazionali e regionali preposti.\u00a0Nella sezione \u201cChi pu\u00f2 operare\u201d si riepilogano alcuni servizi gi\u00e0 definiti come \u201cnecessari\u201d dalla Regione, come la consegna a domicilio di generi alimentari o medicinali, di dispositivi di protezione individuale, di buoni spesa, ecc.\u00a0Nodo centrale sono le indicazioni per le modalit\u00e0 operative e le norme di comportamento da tenere (ad esempio, si riassumono le distanze di sicurezza e le corrette prassi igieniche) e inoltre si evidenziano tutti i dispositivi di protezione individuale richiesti. Seguono le indicazioni per la formazione e il caso specifico di gestione di un caso sintomatico in associazione.\u00a0Chiude il lavoro un indispensabile vademecum con indicazioni specifiche per il progetto Stacco (servizio di trasporto e accompagnamento) che coinvolge ogni anno 300 volontari, rispondendo a quasi 10 mila interventi; solo a titolo di esempio, troviamo le istruzioni per una corretta sanificazione dei mezzi e indicazioni per il numero massimo di passeggeri.\u00a0\u00ab<em>In questo periodo difficile, sono state molte le richieste dalle associazioni di volontariato della provincia, che si sono trovate in difficolt\u00e0 a capire come muoversi soprattutto in fase iniziale\u00bb, spiega il direttore del Csv Belluno Nevio Meneguz. \u00abDi fatto i nostri uffici non hanno mai chiuso, pur con la riduzione di qualche servizio, e abbiamo cercato di renderci disponibili da subito per fornire supporto da un punto di vista operativo. Questo anche con una sezione dedicata sul sito, con le Faq e costante aggiornamento delle news, e ora con questo manuale che ci auguriamo sia utile a molti dei nostri volontari<\/em>\u00bb.<\/p>\n<p>&nbsp;<\/p>\n<p>&nbsp;<\/p>\n<hr \/>\n<\/div>\n<p>&nbsp;<\/p>\n<h3>L&#8217;INIZIATIVA DI GIUSEPPE RUDATIS, RIMESSA LA MADONNINA A SAVIN<em>ER<\/em><\/h3>\n<blockquote><p><em>&#8220;IO NON PERDO TEMPO E HO GI\u00c0 FATTO QUELLO CHE AVEVO PROMESSO. HO APPENA TELEFONATO AL REVERENDO PARROCO DI ALLEGHE E IN SETTIMANA IMPARTIRA&#8217; LA BENEDIZIONE&#8221;<\/em><\/p><\/blockquote>\n<p><a class=\"dt-pswp-item\" href=\"https:\/\/www.radiopiu.net\/wordpress\/wp-content\/uploads\/2020\/05\/97742873_1453581341511644_2366392839677411328_o.jpg\" data-dt-img-description=\"\" data-large_image_width=\"960\" data-large_image_height=\"466\"><img loading=\"lazy\" decoding=\"async\" class=\"alignnone wp-image-137880 size-full\" src=\"https:\/\/www.radiopiu.net\/wordpress\/wp-content\/uploads\/2020\/05\/97742873_1453581341511644_2366392839677411328_o.jpg\" alt=\"\" width=\"960\" height=\"466\" srcset=\"https:\/\/www.radiopiu.net\/wordpress\/wp-content\/uploads\/2020\/05\/97742873_1453581341511644_2366392839677411328_o.jpg 960w, https:\/\/www.radiopiu.net\/wordpress\/wp-content\/uploads\/2020\/05\/97742873_1453581341511644_2366392839677411328_o-300x146.jpg 300w, https:\/\/www.radiopiu.net\/wordpress\/wp-content\/uploads\/2020\/05\/97742873_1453581341511644_2366392839677411328_o-768x373.jpg 768w\" sizes=\"auto, (max-width: 960px) 100vw, 960px\" \/><\/a><\/p>\n<p>&nbsp;<\/p>\n<p>https:\/\/www.facebook.com\/100005793768550\/videos\/1453577151512063\/<\/p>\n<div class=\"page-title-breadcrumbs\">\n<hr \/>\n<\/div>\n<p>&nbsp;<\/p>\n<p>&nbsp;<\/p>\n<h2>IERI ALLA RADIO<\/h2>\n<p><a class=\"dt-pswp-item\" href=\"https:\/\/www.radiopiu.net\/wordpress\/wp-content\/uploads\/2020\/04\/DAISY.jpg\" data-dt-img-description=\"\" data-large_image_width=\"769\" data-large_image_height=\"1024\"><img loading=\"lazy\" decoding=\"async\" class=\"size-medium wp-image-133566 alignleft\" src=\"https:\/\/www.radiopiu.net\/wordpress\/wp-content\/uploads\/2020\/04\/DAISY-225x300.jpg\" alt=\"\" width=\"225\" height=\"300\" srcset=\"https:\/\/www.radiopiu.net\/wordpress\/wp-content\/uploads\/2020\/04\/DAISY-225x300.jpg 225w, https:\/\/www.radiopiu.net\/wordpress\/wp-content\/uploads\/2020\/04\/DAISY.jpg 769w\" sizes=\"auto, (max-width: 225px) 100vw, 225px\" \/><\/a><strong>FEDERICA SOPPELSA, BAR DAISY A RIVAMONTE<\/strong><\/p>\n<p><strong>di Claudio Fontanive\u00a0<\/strong><\/p>\n<audio class=\"wp-audio-shortcode\" id=\"audio-137655-10\" preload=\"none\" style=\"width: 100%;\" controls=\"controls\"><source type=\"audio\/mpeg\" src=\"https:\/\/www.radiopiu.net\/wordpress\/wp-content\/uploads\/2020\/05\/federica-soppelsa-14-maggio.mp3?_=10\" \/><a href=\"https:\/\/www.radiopiu.net\/wordpress\/wp-content\/uploads\/2020\/05\/federica-soppelsa-14-maggio.mp3\">https:\/\/www.radiopiu.net\/wordpress\/wp-content\/uploads\/2020\/05\/federica-soppelsa-14-maggio.mp3<\/a><\/audio>\n<p>&nbsp;<\/p>\n<p>&nbsp;<\/p>\n<p>&nbsp;<\/p>\n<hr \/>\n<p>&nbsp;<\/p>\n<p><a class=\"dt-pswp-item\" href=\"https:\/\/www.radiopiu.net\/wordpress\/wp-content\/uploads\/2015\/09\/Falcade_018.jpg\" data-dt-img-description=\"\" data-large_image_width=\"2560\" data-large_image_height=\"1920\"><img loading=\"lazy\" decoding=\"async\" class=\"size-medium wp-image-11344 alignleft\" src=\"https:\/\/www.radiopiu.net\/wordpress\/wp-content\/uploads\/2015\/09\/Falcade_018-300x225.jpg\" alt=\"\" width=\"300\" height=\"225\" \/><\/a><strong>ANTONELLA SCHENA PROMOFALCADE, LA NUOVA INIZIATIVA TURISTICA<\/strong><\/p>\n<p><strong>di Claudio Fontanive\u00a0<\/strong><\/p>\n<audio class=\"wp-audio-shortcode\" id=\"audio-137655-11\" preload=\"none\" style=\"width: 100%;\" controls=\"controls\"><source type=\"audio\/mpeg\" src=\"https:\/\/www.radiopiu.net\/wordpress\/wp-content\/uploads\/2020\/05\/antonelal-schena-14-maggio-seconda-parte.mp3?_=11\" \/><a href=\"https:\/\/www.radiopiu.net\/wordpress\/wp-content\/uploads\/2020\/05\/antonelal-schena-14-maggio-seconda-parte.mp3\">https:\/\/www.radiopiu.net\/wordpress\/wp-content\/uploads\/2020\/05\/antonelal-schena-14-maggio-seconda-parte.mp3<\/a><\/audio>\n<p>&nbsp;<\/p>\n<p>&nbsp;<\/p>\n<hr \/>\n<p>&nbsp;<\/p>\n<p>&nbsp;<\/p>\n<p><a class=\"dt-pswp-item\" href=\"https:\/\/www.radiopiu.net\/wordpress\/wp-content\/uploads\/2019\/02\/Logo_Spi-CGIL-800x445.jpg\" data-dt-img-description=\"\" data-large_image_width=\"800\" data-large_image_height=\"445\"><img loading=\"lazy\" decoding=\"async\" class=\"size-medium wp-image-75538 alignleft\" src=\"https:\/\/www.radiopiu.net\/wordpress\/wp-content\/uploads\/2019\/02\/Logo_Spi-CGIL-800x445-300x167.jpg\" alt=\"\" width=\"300\" height=\"167\" srcset=\"https:\/\/www.radiopiu.net\/wordpress\/wp-content\/uploads\/2019\/02\/Logo_Spi-CGIL-800x445-300x167.jpg 300w, https:\/\/www.radiopiu.net\/wordpress\/wp-content\/uploads\/2019\/02\/Logo_Spi-CGIL-800x445-768x427.jpg 768w, https:\/\/www.radiopiu.net\/wordpress\/wp-content\/uploads\/2019\/02\/Logo_Spi-CGIL-800x445.jpg 800w\" sizes=\"auto, (max-width: 300px) 100vw, 300px\" \/><\/a><strong>SPI CGIL CON MARIA RITA GENTILIN<\/strong><\/p>\n<p><strong>di Claudio Fontanive\u00a0<\/strong><\/p>\n<audio class=\"wp-audio-shortcode\" id=\"audio-137655-12\" preload=\"none\" style=\"width: 100%;\" controls=\"controls\"><source type=\"audio\/mpeg\" src=\"https:\/\/www.radiopiu.net\/wordpress\/wp-content\/uploads\/2020\/05\/spi-cgil-14-maggio.mp3?_=12\" \/><a href=\"https:\/\/www.radiopiu.net\/wordpress\/wp-content\/uploads\/2020\/05\/spi-cgil-14-maggio.mp3\">https:\/\/www.radiopiu.net\/wordpress\/wp-content\/uploads\/2020\/05\/spi-cgil-14-maggio.mp3<\/a><\/audio>\n<p>&nbsp;<\/p>\n<h3><span style=\"color: #ff00ff;\">IN VIVO VERSO<\/span><\/h3>\n<blockquote class=\"wp-embedded-content\" data-secret=\"yompzUjIoI\"><p><a href=\"https:\/\/www.radiopiu.net\/wordpress\/tra-i-tuoi-boschi-di-carlo-molinari\/\">TRA I TUOI BOSCHI di CARLO MOLINARI<\/a><\/p><\/blockquote>\n<p><iframe loading=\"lazy\" title=\"&#8220;TRA I TUOI BOSCHI di CARLO MOLINARI&#8221; &#8212; Radio Pi\u00f9\" class=\"wp-embedded-content\" sandbox=\"allow-scripts\" security=\"restricted\" style=\"position: absolute; clip: rect(1px, 1px, 1px, 1px);\" src=\"https:\/\/www.radiopiu.net\/wordpress\/tra-i-tuoi-boschi-di-carlo-molinari\/embed\/#?secret=yompzUjIoI\" data-secret=\"yompzUjIoI\" width=\"600\" height=\"338\" frameborder=\"0\" marginwidth=\"0\" marginheight=\"0\" scrolling=\"no\"><\/iframe><\/p>\n<p>RACCOLTA COMPLETA<\/p>\n<blockquote class=\"wp-embedded-content\" data-secret=\"8E3c5iJq0M\"><p><a href=\"https:\/\/www.radiopiu.net\/wordpress\/in-vivo-verso\/\">In Vivo Verso<\/a><\/p><\/blockquote>\n<p><iframe loading=\"lazy\" title=\"&#8220;In Vivo Verso&#8221; &#8212; Radio Pi\u00f9\" class=\"wp-embedded-content\" sandbox=\"allow-scripts\" security=\"restricted\" style=\"position: absolute; clip: rect(1px, 1px, 1px, 1px);\" src=\"https:\/\/www.radiopiu.net\/wordpress\/in-vivo-verso\/embed\/#?secret=8E3c5iJq0M\" data-secret=\"8E3c5iJq0M\" width=\"600\" height=\"338\" frameborder=\"0\" marginwidth=\"0\" marginheight=\"0\" scrolling=\"no\"><\/iframe><\/p>\n<h3><span style=\"color: #0000ff;\">DUE MINUTI UN LIBRO<\/span><\/h3>\n<blockquote class=\"wp-embedded-content\" data-secret=\"d5cxBhUOrA\"><p><a href=\"https:\/\/www.radiopiu.net\/wordpress\/quel-che-affidiamo-al-vento\/\">QUEL CHE AFFIDIAMO AL VENTO<\/a><\/p><\/blockquote>\n<p><iframe loading=\"lazy\" title=\"&#8220;QUEL CHE AFFIDIAMO AL VENTO&#8221; &#8212; Radio Pi\u00f9\" class=\"wp-embedded-content\" sandbox=\"allow-scripts\" security=\"restricted\" style=\"position: absolute; clip: rect(1px, 1px, 1px, 1px);\" src=\"https:\/\/www.radiopiu.net\/wordpress\/quel-che-affidiamo-al-vento\/embed\/#?secret=d5cxBhUOrA\" data-secret=\"d5cxBhUOrA\" width=\"600\" height=\"338\" frameborder=\"0\" marginwidth=\"0\" marginheight=\"0\" scrolling=\"no\"><\/iframe><\/p>\n<p>LE ALTRE PUNTATE<\/p>\n<blockquote class=\"wp-embedded-content\" data-secret=\"yxbLNcCoZl\"><p><a href=\"https:\/\/www.radiopiu.net\/wordpress\/due-minuti-un-libro\/\">Due minuti un libro<\/a><\/p><\/blockquote>\n<p><iframe loading=\"lazy\" title=\"&#8220;Due minuti un libro&#8221; &#8212; Radio Pi\u00f9\" class=\"wp-embedded-content\" sandbox=\"allow-scripts\" security=\"restricted\" style=\"position: absolute; clip: rect(1px, 1px, 1px, 1px);\" src=\"https:\/\/www.radiopiu.net\/wordpress\/due-minuti-un-libro\/embed\/#?secret=yxbLNcCoZl\" data-secret=\"yxbLNcCoZl\" width=\"600\" height=\"338\" frameborder=\"0\" marginwidth=\"0\" marginheight=\"0\" scrolling=\"no\"><\/iframe><\/p>\n<h3><span style=\"color: #008000;\">AGORDINOMERON<\/span><\/h3>\n<blockquote class=\"wp-embedded-content\" data-secret=\"EBniNWPDXD\"><p><a href=\"https:\/\/www.radiopiu.net\/wordpress\/agordinomeron\/\">AGORDINOMERON, IL TERRITORIO SI RACCONTA Da un&#8217;idea di Gianni Santomaso<\/a><\/p><\/blockquote>\n<p><iframe loading=\"lazy\" title=\"&#8220;AGORDINOMERON, IL TERRITORIO SI RACCONTA Da un&#8217;idea di Gianni Santomaso&#8221; &#8212; Radio Pi\u00f9\" class=\"wp-embedded-content\" sandbox=\"allow-scripts\" security=\"restricted\" style=\"position: absolute; clip: rect(1px, 1px, 1px, 1px);\" src=\"https:\/\/www.radiopiu.net\/wordpress\/agordinomeron\/embed\/#?secret=EBniNWPDXD\" data-secret=\"EBniNWPDXD\" width=\"600\" height=\"338\" frameborder=\"0\" marginwidth=\"0\" marginheight=\"0\" scrolling=\"no\"><\/iframe><\/p>\n<h3><span style=\"color: #800080;\">IL MESSAGGIO DEI SACERDOTI A RADIO PIU&#8217;<\/span><\/h3>\n<blockquote class=\"wp-embedded-content\" data-secret=\"XkWR4WndOw\"><p><a href=\"https:\/\/www.radiopiu.net\/wordpress\/il-messaggio-dai-sacerdoti-della-conca-su-radio-piu-alle-7-30-e-19-30\/\">IL MESSAGGIO DAI SACERDOTI SU RADIO PIU&#8217; ALLE 7.30 E 19.30<\/a><\/p><\/blockquote>\n<p><iframe loading=\"lazy\" title=\"&#8220;IL MESSAGGIO DAI SACERDOTI SU RADIO PIU&#8217; ALLE 7.30 E 19.30&#8221; &#8212; Radio Pi\u00f9\" class=\"wp-embedded-content\" sandbox=\"allow-scripts\" security=\"restricted\" style=\"position: absolute; clip: rect(1px, 1px, 1px, 1px);\" src=\"https:\/\/www.radiopiu.net\/wordpress\/il-messaggio-dai-sacerdoti-della-conca-su-radio-piu-alle-7-30-e-19-30\/embed\/#?secret=XkWR4WndOw\" data-secret=\"XkWR4WndOw\" width=\"600\" height=\"338\" frameborder=\"0\" marginwidth=\"0\" marginheight=\"0\" scrolling=\"no\"><\/iframe><\/p>\n<p>&nbsp;<\/p>\n<hr \/>\n<p>&nbsp;<\/p>\n<p class=\"photoswipe-wrapper\"><a class=\"dt-pswp-item pspw-wrap-ready\" href=\"https:\/\/i0.wp.com\/www.radiopiu.net\/wordpress\/wp-content\/uploads\/2018\/09\/viabilita.jpeg?ssl=1\" data-dt-img-description=\"\" data-large_image_width=\"800\" data-large_image_height=\"100\"><img loading=\"lazy\" decoding=\"async\" class=\"aligncenter wp-image-61954 size-full jetpack-lazy-image jetpack-lazy-image--handled\" src=\"https:\/\/i0.wp.com\/www.radiopiu.net\/wordpress\/wp-content\/uploads\/2018\/09\/viabilita.jpeg?resize=800%2C100&amp;ssl=1\" sizes=\"auto, (max-width: 800px) 100vw, 800px\" srcset=\"https:\/\/i0.wp.com\/www.radiopiu.net\/wordpress\/wp-content\/uploads\/2018\/09\/viabilita.jpeg?w=800&amp;ssl=1 800w, https:\/\/i0.wp.com\/www.radiopiu.net\/wordpress\/wp-content\/uploads\/2018\/09\/viabilita.jpeg?resize=300%2C38&amp;ssl=1 300w, https:\/\/i0.wp.com\/www.radiopiu.net\/wordpress\/wp-content\/uploads\/2018\/09\/viabilita.jpeg?resize=768%2C96&amp;ssl=1 768w\" alt=\"\" width=\"800\" height=\"100\" data-recalc-dims=\"1\" data-lazy-loaded=\"1\" \/><\/a><\/p>\n<p>PROVINCIALE 20 DELLA VAL FIORENTINA, SELVA DI CADORE: DAL 14 FEBBRAIO AL 13 GIUGNO, CHIUSURA TOTALE TRA SOLATOR E IL CENTRO DEL PAESE ANCHE NEI GIORNI FESTIVI E PREFESTIVI, DAL CHILOMETRO 4.850 AL CHILOMETRO 5.100. TRANSITO CONSENTITO AI LOCALI CON TEMPI DI ATTESA MASSIMI STIMATI IN 30 MINUTI IN LOCALITA\u2019 SOLATOR DAL CHILOMETRO 4.400 AL CHILOMETRO 4.850<\/p>\n<p>SP641 PASSO FEDAIA DAL 27 APRILE AL 15 MAGGIO (SABATO E DOMENICA COMPRESI) SENSO UNICO ALTERNATO PER SOSTITUZIONE BARRIERE LATERALI DI SICUREZZA E CONSLIDAMENTO CIGLIO STRADALE<\/p>\n<p>REGIONALE 48 DELLE DOLOMITI, LOCALIT\u00c0 POCOL INIZIO ABITATO CORTINA, DAL 4 MAGGIO AL 12 GIUGNO SEMAFORO PER TRATTI DI 250 METRI ANCHE NEI GIORNI FESTIVI E PREFESTIVI<\/p>\n<p>REGIONALE 203 AGORDINA FINO AL 15 GIUGNO IN LOCALIT\u00c0 LA MUDA DEVIAZIONE SU VIABILIT\u00c0 PROVVISORIA, PRUDENZA<\/p>\n<p>PROVINCIALE 346 SAN PELLEGRINO DAL 4 AL 22 MAGGIO IN COMUNE DI CANALE D\u2019AGORDO SENSO UNICO ALTERNATO ESCLUSI SABATO E DOMENICA<\/p>\n<p>PROVINCIALE 12 PEDEMONTANA LOCALIT\u00c0 PONTE MAS, CHIUSURA TOTALE DI PONTE MAS DAL 4 MAGGIO AL 30 GIUGNO<\/p>\n<p>STRADA REGIONALE 48 DELLE DOLOMITI, DAL KM 110,350 AL KM 112, SENSO UNICO ALTERNATO REGOLATO DA IMPIANTO SEMAFORICO ANCHE SABATO E FESTIVI DAL 30 APRILE AL 31 MAGGIO PER POSA ELETTRODOTTO INTERRATO<\/p>\n<p>PROVINCIALE 563 DI SALESEI, DAL 4 MAGGIO AL 3 LUGLIO, SENSO UNICO ALTERNATO REGOLATO DA IMPIANTO SEMAFORICO IN LOCALIT\u00c0 DIGONERA PER MESSA IN SICUREZZA PIANO VIABILE, SABATO E FESTIVI INCLUSI<\/p>\n<p>PROVINCIALE 251 DELLA VAL DI ZOLDO E VAL CELLINA, TRA LE LOCALIT\u00c0 SOFFRANCO E MEZZOCANALE IN COMUNE DI LONGARONE, SENSO UNICO ALTERNATO REGOLATO DA IMPIANTO SEMAFORICO CON POSSIBILI BREVI INTERRUZIONI DI 10 MINUTI. SABATO E DOMENICA ESCLUSI<\/p>\n<p>PROVINCIALE 347 PASSO DURAN, LOCALITA\u2019 SANT\u2019ANDREA DI GOSALDO. FINO AL 5 GIUGNO SENSO UNICO ALTERNATO<\/p>\n<p>STRADA PROVINCIA 251 DELLA VAL DI ZOLDO E VAL CELLINA, DAL 6 AL 15 MAGGIO, SABATO E DOMENICA ESCLUSI, SENSO UNICO ALTRNATO REGOLATO DA IMPIANTO SEMAFORICO PER LAVORI DI RIPRISTINO RETI DI PROTEZIONE DEI VERSANTI<\/p>\n<p>STRADA PROVINCIALE 347 DEL PASSO CEREDA E DURAN, DALLE 7 ALLE 18 , DAL 7 AL 29 MAGGIO, POSSIBILI TEMPORANEE INTERRUZZIONI ALLA VIABILIT\u00e0 DELLA DURATA MASSIMA DI 30 MINUTI E SENSO UNICO ALTERNATO REGOLATO DA MOVIERI PER ASFALTATURA TRATTI DI STRADA TRA PASSO DURAN E DONT<\/p>\n<p>STRADA REGIONALE 50 BIS DELLE SCALE DI PRIMOLANO, IN LOCALITA\u2019 GIARONI DI ARSIE\u2019, DALLE 8 ALLE 18, DA L\u201911 AL 15 MAGGIO, SENSO UNICO ALTERNATO REGOLATO DA IMPIANTO SEMAFORICO<\/p>\n<p>STRADA PROVINCIALE 346 DEL PASSO SAN PELLEGRINO, DAL 11 MAGGIO AL 5 GIUGNO, SENSO UNICO ALTERNATO REGOLATO DA IMPIANTO SEMOFORICO TRA FALCADE E FALCADE ALTO PER POSA CAVIDOTTO FIBRA OTTICA<\/p>\n<p>STRADA PROVINCIALE 347 DEL PASSO CEREDA E DURAN, DAL 12 MAGGIO AL 01 GIUGNO ESCLUSE DOMENICHE E FESTIVI, SENSO UNICO ALTERNATO REGOLATO DA IMPIANTO SEMAFORICO O MOVIERI IN COMUNE DI VALLE DI CADORE PER SONDAGGI GEOTECNICI<\/p>\n<p>STRADA PROVINCIALE 3 VAL IMPERINA, TRA CORDE MOLE E VALLASIN IN COMUNE DI GOSALDO, FINO AL 15 MAGGIO DALLE 8 ALLE 11:45 E DALLE 13:30 ALLE 17:30, TEMPORANEE INTERRUZIONI ALLA VIABILIT\u00e0 DELLA DURATA MASSIMA DI 30 MINUTI PER LAVORI DI TAGLIO ESBOSCO PIANTE<\/p>\n<p>STRADA REGIONALE 203 AGORDINA, ABITATO DI MASARE\u2019 DI ROCCA PIETORE. DALL\u201911 AL 22 MAGGIO, ESCLUSO SABATO E DOMENICA, DALLE 8 ALLE 17 SENSO UNICO ALTERNATO REGOLATO DA IMPIANTO SEMAFORICO PER REALIZZAZIONE IMPIANTO ILLUMINAZIONE SU PASSAGGIO PEDONALE<\/p>\n<p>SP346 DEL SAN PELLEGRINO, COMUNE DI VALLADA, DAL 18 AL 29 MAGGIO SENSO UNICO ALTERNATO PER MESSA IN SICUREZZA BARRIERE LATERALI<\/p>\n<p>&nbsp;<\/p>\n<hr \/>\n<p>&nbsp;<\/p>\n<p><img decoding=\"async\" class=\"aligncenter jetpack-lazy-image jetpack-lazy-image--handled\" src=\"https:\/\/i0.wp.com\/www.radiopiu.net\/wordpress\/wp-content\/uploads\/2018\/09\/WhatsApp-Image-2018-09-20-at-16.04.06.jpeg?resize=800%2C100&amp;ssl=1\" data-lazy-loaded=\"1\" \/><\/p>\n<p>&nbsp;<\/p>\n<p><center><b>Venerdi 15<\/b><\/center><b>Tempo atteso:\u00a0<\/b>Cielo nuvoloso.<br \/>\n<b>Precipitazioni:\u00a0<\/b>Probabilit\u00e0 alta (75-100%); saranno estese e interesseranno vari momenti della giornata anche con temporali a tratti. Accumuli giornalieri moderati, quota neve in calo fino anche a 2400\/2600 metri.<br \/>\n<b>Temperature:\u00a0<\/b>Fino al primo mattino saranno pi\u00f9 alte e poi pi\u00f9 basse, con minime a tarda sera; variazioni anche sensibili rispetto a gioved\u00ec. Min\/max (\u00b0C): sulle Prealpi a 1500 m 7\/10 e a 2000 m 4\/6, sulle Dolomiti a 2000 m 4\/6 e a 3000 m -2\/0.<br \/>\n<b>Venti:\u00a0<\/b>Nelle valli deboli\/moderati con direzione variabile; in quota moderati\/tesi da sud-ovest. A 20-35 km\/h a 2000 m e 30-50 km\/h a 3000 m.<\/p>\n<hr \/>\n<p><center><b>Sabato 16<\/b><\/center><b>Tempo atteso:\u00a0<\/b>Fino al mattino cielo in prevalenza nuvoloso, nella seconda met\u00e0 di giornata alternanza di nuvole e rasserenamenti.<br \/>\n<b>Precipitazioni:\u00a0<\/b>Fino al mattino probabilit\u00e0 medio-alta (50-75%); saranno diffuse, discontinue, con temporali a tratti. Durante il pomeriggio probabilit\u00e0 medio-bassa (25-50%); saranno sparse, in prevalenza di breve durata, ancora con qualche temporale. Di sera probabilit\u00e0 bassa (5-25%); tenderanno a cessare quasi ovunque. Accumuli giornalieri generalmente moderati, quota neve in prevalenza a 2500\/2700 m.<br \/>\n<b>Temperature:\u00a0<\/b>Con andamento irregolare e variazioni leggere\/moderate rispetto a sabato. Min\/max (\u00b0C): sulle Prealpi a 1500 m 7\/9 e a 2000 m 5\/6, sulle Dolomiti a 2000 m 4\/6 e a 3000 m -2\/-1.<br \/>\n<b>Venti:\u00a0<\/b>Nelle valli deboli\/moderati con direzione variabile; in quota moderati\/tesi da sud-ovest. A 10-20 km\/h a 2000 m e 30-50 km\/h a 3000 m.<\/p>\n<hr \/>\n<p><center><b>Domenica 17<\/b><\/center>Alternanza di nuvole e rasserenamenti, a tratti qualche pioggia, temperature in calo di notte ed in aumento di giorno.<\/p>\n<hr \/>\n<p><center><b>Lunedi 18<\/b><\/center>Alternanza di nuvole e rasserenamenti, a tratti qualche pioggia pi\u00f9 probabilmente durante il pomeriggio, temperature con andamento irregolare di notte ed in aumento di giorno.<\/p>\n","protected":false},"excerpt":{"rendered":"<p>PER RICEVERE QUESTO NOTIZIARIO DIRETTAMENTE SUL TUO CELLULARE ISCRIVITI AL CANALE TELEGRAM\u00a0\u201cRADIO PIU\u00a0 INFORMAZIONE\u201d Gestione Servizi Pubblici informa che a GOSALDO nelle Localit\u00e0 LE CASE, CURTI e INCASAL, l&#8217;acqua erogata dall&#8217;acquedotto \u00e8 di nuovo potabile e pu\u00f2 essere usata, quindi, per scopi alimentari, \u00a0nelle localit\u00e0 LE FOCHE, LAMBROI, DENEORE, MAGAIT, REN, SELLE, COL TAMAI, BITTI,&hellip;<\/p>\n","protected":false},"author":4,"featured_media":127296,"comment_status":"closed","ping_status":"closed","sticky":false,"template":"","format":"standard","meta":{"_monsterinsights_skip_tracking":false,"_monsterinsights_sitenote_active":false,"_monsterinsights_sitenote_note":"","_monsterinsights_sitenote_category":0,"footnotes":""},"categories":[1,51,86],"tags":[],"class_list":["post-137655","post","type-post","status-publish","format-standard","has-post-thumbnail","hentry","category-senza-categoria","category-evidenza-top","category-gr","category-1","category-51","category-86","description-off"],"img_url":"https:\/\/www.radiopiu.net\/wordpress\/wp-content\/uploads\/2020\/04\/ANZIANI.jpg","_links":{"self":[{"href":"https:\/\/www.radiopiu.net\/wordpress\/wp-json\/wp\/v2\/posts\/137655","targetHints":{"allow":["GET"]}}],"collection":[{"href":"https:\/\/www.radiopiu.net\/wordpress\/wp-json\/wp\/v2\/posts"}],"about":[{"href":"https:\/\/www.radiopiu.net\/wordpress\/wp-json\/wp\/v2\/types\/post"}],"author":[{"embeddable":true,"href":"https:\/\/www.radiopiu.net\/wordpress\/wp-json\/wp\/v2\/users\/4"}],"replies":[{"embeddable":true,"href":"https:\/\/www.radiopiu.net\/wordpress\/wp-json\/wp\/v2\/comments?post=137655"}],"version-history":[{"count":0,"href":"https:\/\/www.radiopiu.net\/wordpress\/wp-json\/wp\/v2\/posts\/137655\/revisions"}],"wp:featuredmedia":[{"embeddable":true,"href":"https:\/\/www.radiopiu.net\/wordpress\/wp-json\/wp\/v2\/media\/127296"}],"wp:attachment":[{"href":"https:\/\/www.radiopiu.net\/wordpress\/wp-json\/wp\/v2\/media?parent=137655"}],"wp:term":[{"taxonomy":"category","embeddable":true,"href":"https:\/\/www.radiopiu.net\/wordpress\/wp-json\/wp\/v2\/categories?post=137655"},{"taxonomy":"post_tag","embeddable":true,"href":"https:\/\/www.radiopiu.net\/wordpress\/wp-json\/wp\/v2\/tags?post=137655"}],"curies":[{"name":"wp","href":"https:\/\/api.w.org\/{rel}","templated":true}]}}