{"id":137781,"date":"2020-05-14T17:49:25","date_gmt":"2020-05-14T15:49:25","guid":{"rendered":"https:\/\/www.radiopiu.net\/wordpress\/?p=137781"},"modified":"2020-05-14T17:49:25","modified_gmt":"2020-05-14T15:49:25","slug":"wanbao-acc-donazzan-massima-attenzione-su-coerenza-nella-scelta-del-nuovo-commissario-straordinario","status":"publish","type":"post","link":"https:\/\/www.radiopiu.net\/wordpress\/wanbao-acc-donazzan-massima-attenzione-su-coerenza-nella-scelta-del-nuovo-commissario-straordinario\/","title":{"rendered":"WANBAO-ACC: DONAZZAN, \u201cMASSIMA ATTENZIONE SU COERENZA NELLA SCELTA DEL NUOVO COMMISSARIO STRAORDINARIO\u201d"},"content":{"rendered":"<p align=\"JUSTIFY\"><strong>VENEZIA\u00a0<\/strong> <span style=\"color: #000000;\"><span style=\"font-size: medium;\">Con provvedimento del Tribunale di Venezia oggi Italia Wanbao-Acc, la societ\u00e0 di Mel a partecipazione pubblica cinese, \u00e8 stata ammessa all\u2019amministrazione straordinaria. <\/span><\/span><span style=\"color: #000000;\"><span style=\"font-size: medium;\">L\u2019assessore regionale al lavoro, Elena Donazzan, esprime \u201cpubblico apprezzamento\u201d ai giudici per il lavoro svolto e per \u201caver valutata l\u2019urgenza prioritaria, <\/span><\/span><span style=\"font-size: medium;\">in questa fase di sospensione dell\u2019attivit\u00e0 dettata dall\u2019attuale situazione di emergenza sanitaria, al fine di garantire una prospettiva di continuit\u00e0 produttiva per il sito di Mel, che conta 300 posti di lavoro. Ci\u00f2 conferma la bont\u00e0 del percorso di salvataggio dell\u2019azienda intrapreso verso l\u2019amministrazione straordinaria, al quale Ministero, Regione, parti sociali e istituzioni locali hanno lavorato per mesi\u201d.<\/span><span style=\"font-size: medium;\">Con l\u2019atto di ammissione<\/span><span style=\"color: #000000;\"><span style=\"font-size: medium;\"> all\u2019amministrazione straordinaria \u2013 sottolinea Donazzan &#8211; iniziano a decorrere i cinque giorni entro i quali il Ministero per lo Sviluppo economico dovr\u00e0 individuare il nome del commissario straordinario.<\/span><\/span><span style=\"color: #000000;\">\u201c<span style=\"font-size: medium;\">La Regione Veneto, con la sua Unit\u00e0 di crisi \u2013 dichiara l\u2019assessore \u2013 sta seguendo con grande attenzione e attesa questa fase estremamente delicata, nell\u2019auspicio che dal Ministero arrivi una risposta coerente con il percorso di gestione della crisi concertato nei mesi scorsi con il Mise stesso, l\u2019assessorato regionale al Lavoro, le parti sociali e le istituzioni locali bellunesi. La scelta del futuro commissario straordinario sar\u00e0 determinante per garantire non solo la conservazione del sito produttivo, bens\u00ec il suo rilancio nei mercati internazionali\u201d. <\/span><\/span><\/p>\n","protected":false},"excerpt":{"rendered":"<p>VENEZIA\u00a0 Con provvedimento del Tribunale di Venezia oggi Italia Wanbao-Acc, la societ\u00e0 di Mel a partecipazione pubblica cinese, \u00e8 stata ammessa all\u2019amministrazione straordinaria. L\u2019assessore regionale al lavoro, Elena Donazzan, esprime \u201cpubblico apprezzamento\u201d ai giudici per il lavoro svolto e per \u201caver valutata l\u2019urgenza prioritaria, in questa fase di sospensione dell\u2019attivit\u00e0 dettata dall\u2019attuale situazione di emergenza&hellip;<\/p>\n","protected":false},"author":1,"featured_media":99273,"comment_status":"closed","ping_status":"closed","sticky":false,"template":"","format":"standard","meta":{"_monsterinsights_skip_tracking":false,"_monsterinsights_sitenote_active":false,"_monsterinsights_sitenote_note":"","_monsterinsights_sitenote_category":0,"footnotes":""},"categories":[49],"tags":[],"class_list":["post-137781","post","type-post","status-publish","format-standard","has-post-thumbnail","hentry","category-news-18","category-49","description-off"],"img_url":"https:\/\/www.radiopiu.net\/wordpress\/wp-content\/uploads\/2019\/09\/Belluno-il-salvataggio-ACC-e-made-in-China-RP_medium.jpg","_links":{"self":[{"href":"https:\/\/www.radiopiu.net\/wordpress\/wp-json\/wp\/v2\/posts\/137781","targetHints":{"allow":["GET"]}}],"collection":[{"href":"https:\/\/www.radiopiu.net\/wordpress\/wp-json\/wp\/v2\/posts"}],"about":[{"href":"https:\/\/www.radiopiu.net\/wordpress\/wp-json\/wp\/v2\/types\/post"}],"author":[{"embeddable":true,"href":"https:\/\/www.radiopiu.net\/wordpress\/wp-json\/wp\/v2\/users\/1"}],"replies":[{"embeddable":true,"href":"https:\/\/www.radiopiu.net\/wordpress\/wp-json\/wp\/v2\/comments?post=137781"}],"version-history":[{"count":0,"href":"https:\/\/www.radiopiu.net\/wordpress\/wp-json\/wp\/v2\/posts\/137781\/revisions"}],"wp:featuredmedia":[{"embeddable":true,"href":"https:\/\/www.radiopiu.net\/wordpress\/wp-json\/wp\/v2\/media\/99273"}],"wp:attachment":[{"href":"https:\/\/www.radiopiu.net\/wordpress\/wp-json\/wp\/v2\/media?parent=137781"}],"wp:term":[{"taxonomy":"category","embeddable":true,"href":"https:\/\/www.radiopiu.net\/wordpress\/wp-json\/wp\/v2\/categories?post=137781"},{"taxonomy":"post_tag","embeddable":true,"href":"https:\/\/www.radiopiu.net\/wordpress\/wp-json\/wp\/v2\/tags?post=137781"}],"curies":[{"name":"wp","href":"https:\/\/api.w.org\/{rel}","templated":true}]}}