{"id":137822,"date":"2020-05-15T05:44:58","date_gmt":"2020-05-15T03:44:58","guid":{"rendered":"https:\/\/www.radiopiu.net\/wordpress\/?p=137822"},"modified":"2020-05-15T08:10:01","modified_gmt":"2020-05-15T06:10:01","slug":"case-di-riposo-la-tragedia-del-2020","status":"publish","type":"post","link":"https:\/\/www.radiopiu.net\/wordpress\/case-di-riposo-la-tragedia-del-2020\/","title":{"rendered":"CASE DI RIPOSO, LA TRAGEDIA DEL 2020"},"content":{"rendered":"<p><strong><a class=\"dt-pswp-item\" href=\"https:\/\/www.radiopiu.net\/wordpress\/wp-content\/uploads\/2020\/04\/ANZIANI.jpg\" data-dt-img-description=\"\" data-large_image_width=\"485\" data-large_image_height=\"340\"><img loading=\"lazy\" decoding=\"async\" class=\"size-medium wp-image-127296 alignleft\" src=\"https:\/\/www.radiopiu.net\/wordpress\/wp-content\/uploads\/2020\/04\/ANZIANI-300x210.jpg\" alt=\"\" width=\"300\" height=\"210\" srcset=\"https:\/\/www.radiopiu.net\/wordpress\/wp-content\/uploads\/2020\/04\/ANZIANI-300x210.jpg 300w, https:\/\/www.radiopiu.net\/wordpress\/wp-content\/uploads\/2020\/04\/ANZIANI.jpg 485w\" sizes=\"auto, (max-width: 300px) 100vw, 300px\" \/><\/a>VENETO<\/strong> I nostri anziani, i nostri nonni, coloro che hanno fatto grande il nostro Paese se ne sono andati in modo silenzioso, senza una carezza, senza una preghiera comune. Nei loro occhi le ultime immagini sono stati i volti rasserenanti dei sanitari ermeticamente sigillati tra mascherine, visiere e lacrime trattenute perch\u00e9 vedere spegnersi un anziano con il respiro che si impiglia poco a poco \u00e8 devastante anche per chi ha scelto una professione conoscendone le conseguenze. L&#8217;epidemia Covid19 lascer\u00e0 questo triste e indimenticabile ricordo, un dramma per chi lo ha vissuto sulla pelle. Nelle 48 strutture della Ulss1 Dolomiti il coronavirus ha schiantato 74 famiglie, pari al numero delle vittime, il 2,5% della popolazione anziana che doveva essere\u00a0 protetta nella case di cura che ospitavano 2958 simboli del nostro presente. Dopo 1577 tamponi 179 di loro sono ancora sotto contagio,\u00a0 99 sono guariti e 1225 sono i negativi. Due mesi, 74 lutti. I dati resi noti dall&#8217;assessore alla protezione civile Gianpaolo Bottacin mettono i brividi, Il totale della strage in Veneto si riassume in questi numeri: <strong>522 strutture, 37628 anziani, 718 morti.<\/strong> In alcune strutture il virus ha avuto la peggio, in molte altre ha proliferato e poco importa se oggi da pi\u00f9 livelli si sbandiera la pulizia di tante residenze, sentiamo spesso dichiarare con orgoglio <em>&#8220;Queste case di riposo sono pulite&#8221;<\/em>. Ma i morti sono oltre 700 e se questo \u00e8 il prezzo delle &#8220;pulizie di primavera&#8221; \u00e8 un conto salato e quando si tireranno le somme sar\u00e0 una sola la domanda che qualcuno dovr\u00e0 porsi facendo i conti con la coscienza: <em>&#8220;\u00e8 stato fatto tutto il possibile per salvare la storia?&#8221;<\/em><\/p>\n<p>mm<\/p>\n<p>&nbsp;<\/p>\n<p>&nbsp;<\/p>\n","protected":false},"excerpt":{"rendered":"<p>VENETO I nostri anziani, i nostri nonni, coloro che hanno fatto grande il nostro Paese se ne sono andati in modo silenzioso, senza una carezza, senza una preghiera comune. Nei loro occhi le ultime immagini sono stati i volti rasserenanti dei sanitari ermeticamente sigillati tra mascherine, visiere e lacrime trattenute perch\u00e9 vedere spegnersi un anziano&hellip;<\/p>\n","protected":false},"author":1,"featured_media":120713,"comment_status":"closed","ping_status":"closed","sticky":false,"template":"","format":"standard","meta":{"_monsterinsights_skip_tracking":false,"_monsterinsights_sitenote_active":false,"_monsterinsights_sitenote_note":"","_monsterinsights_sitenote_category":0,"footnotes":""},"categories":[51,49],"tags":[],"class_list":["post-137822","post","type-post","status-publish","format-standard","has-post-thumbnail","hentry","category-evidenza-top","category-news-18","category-51","category-49","description-off"],"img_url":"https:\/\/www.radiopiu.net\/wordpress\/wp-content\/uploads\/2020\/03\/Sersa-tablet-anziani-scaled.jpg","_links":{"self":[{"href":"https:\/\/www.radiopiu.net\/wordpress\/wp-json\/wp\/v2\/posts\/137822","targetHints":{"allow":["GET"]}}],"collection":[{"href":"https:\/\/www.radiopiu.net\/wordpress\/wp-json\/wp\/v2\/posts"}],"about":[{"href":"https:\/\/www.radiopiu.net\/wordpress\/wp-json\/wp\/v2\/types\/post"}],"author":[{"embeddable":true,"href":"https:\/\/www.radiopiu.net\/wordpress\/wp-json\/wp\/v2\/users\/1"}],"replies":[{"embeddable":true,"href":"https:\/\/www.radiopiu.net\/wordpress\/wp-json\/wp\/v2\/comments?post=137822"}],"version-history":[{"count":0,"href":"https:\/\/www.radiopiu.net\/wordpress\/wp-json\/wp\/v2\/posts\/137822\/revisions"}],"wp:featuredmedia":[{"embeddable":true,"href":"https:\/\/www.radiopiu.net\/wordpress\/wp-json\/wp\/v2\/media\/120713"}],"wp:attachment":[{"href":"https:\/\/www.radiopiu.net\/wordpress\/wp-json\/wp\/v2\/media?parent=137822"}],"wp:term":[{"taxonomy":"category","embeddable":true,"href":"https:\/\/www.radiopiu.net\/wordpress\/wp-json\/wp\/v2\/categories?post=137822"},{"taxonomy":"post_tag","embeddable":true,"href":"https:\/\/www.radiopiu.net\/wordpress\/wp-json\/wp\/v2\/tags?post=137822"}],"curies":[{"name":"wp","href":"https:\/\/api.w.org\/{rel}","templated":true}]}}