{"id":137912,"date":"2020-05-16T05:58:55","date_gmt":"2020-05-16T03:58:55","guid":{"rendered":"https:\/\/www.radiopiu.net\/wordpress\/?p=137912"},"modified":"2020-05-16T12:46:52","modified_gmt":"2020-05-16T10:46:52","slug":"giornale-radiopiu-16-maggio-2020-direttore-mirko-mezzacasa","status":"publish","type":"post","link":"https:\/\/www.radiopiu.net\/wordpress\/giornale-radiopiu-16-maggio-2020-direttore-mirko-mezzacasa\/","title":{"rendered":"GIORNALE RADIOPIU 16 MAGGIO 2020 DIRETTORE MIRKO MEZZACASA"},"content":{"rendered":"<h3><strong><span style=\"color: #ff0000;\">ULTIM\u2019ORA ore 12.30 <\/span>\u00a0Gli esami di maturit\u00e0 \u201cinizieranno il 17 giugno, non ci saranno prove scritte, ci sar\u00e0 una prova orale dalla durata massima di 1 ora\u201d. Lo ha confermato la ministra dell\u2019Istruzione, Lucia Azzolina, in videoconferenza stampa, a proposito dell\u2019esame di maturit\u00e0, ripetendo che i commissari saranno tutti interni e che per gli studenti 60 crediti verranno dal percorso e 40 dall\u2019esame, con eventuale lode.<\/strong><\/h3>\n<h3><\/h3>\n<h3><strong>PER RICEVERE QUESTO NOTIZIARIO DIRETTAMENTE SUL TUO CELLULARE ISCRIVITI AL CANALE TELEGRAM\u00a0<\/strong><strong>\u201cRADIO PIU\u00a0 INFORMAZIONE\u201d<\/strong><\/h3>\n<hr \/>\n<p><strong><em>Gestione Servizi Pubblici informa che a GOSALDO nelle Localit\u00e0 LE CASE, CURTI e INCASAL, l\u2019acqua erogata dall\u2019acquedotto \u00e8 di nuovo potabile e pu\u00f2 essere usata, quindi, per scopi alimentari,\u00a0<\/em><\/strong><strong><em>\u00a0nelle localit\u00e0 LE FOCHE, LAMBROI, DENEORE, MAGAIT, REN, SELLE, COL TAMAI, BITTI, GIARDOI, l\u2019acqua erogata dall\u2019acquedotto non \u00e8 potabile e pu\u00f2 essere usata per scopi alimentari SOLO PREVIA bollitura<\/em><\/strong><\/p>\n<p><strong>per lavori alla rete idrica comunale lunedi dalle 8 alle 13 verr\u00e0 sospesa l\u2019erogazione dell\u2019acqua a CANALE D\u2019AGORDO, in localit\u00e0 CASATE e in via VAL. In caso di maltempo, i lavori verranno posticipati al giorno successivo<\/strong><\/p>\n<hr \/>\n<p><strong>\u00a0<\/strong><\/p>\n<p><strong>CHIUDE PONTE MAS, FINO AL 30 GIUGNO PER I LAVORI DI CONSOLIDAMENTO:<\/strong>\u00a0 fino al\u00a0 30 giugno sar\u00e0 chiuso sia alle macchine sia ai pedoni. Percorso alternativo: da Ponte Mas a Vignole in Comune di Sedico.<\/p>\n<p><strong>DA LUNEDI INTERRUZIONI A CRISTO DELLE PIANIZZE\u00a0<\/strong>sp347 DURAN E CEREDA da lunedi al 5 giugno (esclusi festivi e prefestivi) possibili interruzioni in localit\u00e0 Pianizze (Agordo) della durata massima di 15 minuti dalle 8 alle 12 e dalle 13 alle 17, inoltre senso unico alternato nei periodi non interessati dalle chiusura<\/p>\n<p>&nbsp;<\/p>\n<hr \/>\n<p>&nbsp;<\/p>\n<h2><span style=\"color: #ff0000;\">LA REGOLA DEL METRO<\/span><\/h2>\n<blockquote>\n<h3>DA LUNEDI RIAPRE TUTTO, DAL 3 GIUGNO SPOSTAMENTI ANCHE OLTRE LA REGIONE. ATTESA PER OGGI L&#8217;ORDINANZA, IL GOVERNO HA ACCOLTO LE RICHIESTE DEL VENETO. NESSUN NUOVO POSITIVO NELLE 24 ORE A BELLUNO CON IL MISTERO DEI 2 DECESSI RIPORTATI SULLE TABELLE DI AZIENDA ZERO MA CHE NON SONO STATI CONFERMATI DALLA ULSS1<\/h3>\n<p><strong>di Mirko Mezzacasa\u00a0<\/strong><\/p><\/blockquote>\n<p>Da lunedi riaprono i negozi, via libera agli incontri anche\u00a0 tra amici, bar e ristoranti apriranno con la regola del metro, ovvero i 100 centimetri rimane la distanza di riferimento tra un cliente e l&#8217;altro, permessa anche la consumazione al banco solo se la distanza \u00e8 assicurata. Obbligo di rendere disponibili i prodotti igienizzanti in pi\u00f9 punti dei locali, i bagni dovranno essere puliti due volte al giorno. I ristoratori dovranno privilegiare l&#8217;accesso su prenotazione (che non saranno obbligatorie) e l&#8217;elenco andr\u00e0 conservato per due settimane. Per i camerieri obbligo di mascherina e igienizzante ad ogni servizio. I locali dovranno essere arieggiati, \u00e8 consigliato il pagamento con il Pos. Parrucchieri ed estetisti potranno lavorare su prenotazione e l&#8217;elenco andr\u00e0 conservato per 14 giorni, le postazioni dovranno osservare la distanza del metro limitando il pi\u00f9 possibile gli incontri tra persone. Le estetiste dovranno indossare la visiera protettiva e mascherine prive di valvola, i guanti obbligatori e diversificati, gli attrezzi disinfettati, le poltrone sanificate tra un cliente e l&#8217;altro e la postazione dedicata alla cassa dovr\u00e0 essere dotata di barriere fisiche, in alternativa mascherina ed igienizzante. Divieto assoluto di usare il riciclo dell&#8217;aria. Per chi viola le regole chiusure del locale da 5 a 30 giorni.\u00a0 La linea proposta da Veneto ed Emilia Romagna \u00e8 stata accolta. Dal 3 giugno sar\u00e0 di nuovo possibile spostarsi da una regione all&#8217;altra. Da lunedi scompare l&#8217;autocertificazione non sar\u00e0 pi\u00f9 necessaria per gli spostamenti all&#8217;interno della regione. Via libera anche ai proprietari delle seconde case ubicate nella regione di residenza, se le abitazioni sono oltre i confini regionali il proprietario potr\u00e0 raggiungerle solo per motivi di necessit\u00e0 ed urgenza, in questo caso sar\u00e0 di nuovo necessaria l&#8217;autocertificazione. Per chi non rispetta le regole sugli spostamenti sono previste sanzioni fino a 3000 euro che raddoppia per i recidivi. Da lunedi riaprono i centri estivi con adeguate misure di prevenzione per personale\u00a0 e per i bambini con un rapporto personale-minori di 1-5 fino a 6 anni\u00a0 e 1-10 dai 6 ai 14 anni, non saranno ammessi i giochi di gruppo. In spiaggia ogni ombrellone dovr\u00e0 occupare uno spazio di 10 metri quadrati, distanza tra i lettini un metro e mezzo. Divieto di praticare il beach volley e altri giochi di gruppo,\u00a0 spiagge sorvegliate e per i bagnini nessun limite al soccorso. L&#8217;altra eccezione al metro per le palestre, infatti per l&#8217;attivit\u00e0 fisica la distanza minima sar\u00e0 di 2 metri. In chiesa distanza di almeno un metro con posti contrassegnati, non ci saranno i chierichetti,\u00a0 abolito il segno della pace e la comunione in bocca, anche il parroco dovr\u00e0 indossare la Mascherina e nominare un responsabile del comportamento collettivo, aboliti i corii e libretti, le elemosine solo uscendo dalla porta della chiesa. Da risolvere il problema del confessionale che rimane luogo a rischio. <strong>NELLE ULTIME 24 ORE IN VENETO<\/strong> Nuovi casi di positivi 44\u00a0 (giovedi 35) da inizio epidemia 18902 (+44 ),\u00a0 attualmente positivi 4309\u00a0 (-300 ),\u00a0 negativizzati\/guariti 12817\u00a0 (+325 )\u00a0 in isolamento domiciliare 4259 (-177\u00a0 ) ricoverati 692\u00a0 (-23), in ospedale 574\u00a0 (-23 ) , ospedali di comunit\u00e0 118 (-0 ), terapia intensiva 50 (-9,\u00a0 22 positivi,\u00a0 \u00a028 negativi),\u00a0 dimessi 3382\u00a0 (+127) , decessi ospedale\u00a0 1343 (10 ) , totale decessi 1776 (19) <strong>NELLE ULTIME 24 ORE IN PROVINCIA DI BELLUNO<\/strong> Casi positivi 0 (giovedi 1) dal 21 febbraio 1151 (0 ), attualmente positivi 366\u00a0 (-17), deceduti 104 (+2),\u00a0 negativizzati\/guariti 681\u00a0 (+15), in isolamento domiciliare 707\u00a0 \u00a0(-16 ), ricoverati ospedale San Martino 8 (+1) , terapia intensiva 1 (0) , ospedale di Comunit\u00e0 di Belluno 11\u00a0 (-3 ) Agordo 10 ( -2).<\/p>\n<p>&nbsp;<\/p>\n<blockquote class=\"wp-embedded-content\" data-secret=\"ezmReOdmjm\"><p><a href=\"https:\/\/www.radiopiu.net\/wordpress\/contagi-al-16-maggio\/\">I CONTAGI COMUNE PER COMUNE, SITUAZIONE AL 16 MAGGIO, in allegato i dettagli dalle tabelle di Fabio Da Rolt<\/a><\/p><\/blockquote>\n<p><iframe loading=\"lazy\" title=\"&#8220;I CONTAGI COMUNE PER COMUNE, SITUAZIONE AL 16 MAGGIO, in allegato i dettagli dalle tabelle di Fabio Da Rolt&#8221; &#8212; Radio Pi\u00f9\" class=\"wp-embedded-content\" sandbox=\"allow-scripts\" security=\"restricted\" style=\"position: absolute; clip: rect(1px, 1px, 1px, 1px);\" src=\"https:\/\/www.radiopiu.net\/wordpress\/contagi-al-16-maggio\/embed\/#?secret=ezmReOdmjm\" data-secret=\"ezmReOdmjm\" width=\"600\" height=\"338\" frameborder=\"0\" marginwidth=\"0\" marginheight=\"0\" scrolling=\"no\"><\/iframe><\/p>\n<p>&nbsp;<\/p>\n<h1>LA BOZZA DEL DPCM<\/h1>\n<a href=\"https:\/\/www.radiopiu.net\/wordpress\/wp-content\/uploads\/2020\/05\/bozza_dl_misure_di_contenimento_covid-19_1_.pdf\" class=\"pdfemb-viewer\" style=\"\" data-width=\"max\" data-height=\"max\" data-toolbar=\"top\" data-toolbar-fixed=\"on\">bozza_dl_misure_di_contenimento_covid-19_1_<\/a>\n<p>&nbsp;<\/p>\n<p>&nbsp;<\/p>\n<p>&nbsp;<\/p>\n<hr \/>\n<p>&nbsp;<\/p>\n<blockquote class=\"wp-embedded-content\" data-secret=\"muvJQZCp8K\"><p><a href=\"https:\/\/www.radiopiu.net\/wordpress\/linee-di-indirizzo-per-la-riapertura-delle-attivita-economiche-produttive-e-ricreative\/\">LINEE DI INDIRIZZO PER LA RIAPERTURA DELLE ATTIVITA&#8217; ECONOMICHE, PRODUTTIVE E RICREATIVE<\/a><\/p><\/blockquote>\n<p><iframe loading=\"lazy\" title=\"&#8220;LINEE DI INDIRIZZO PER LA RIAPERTURA DELLE ATTIVITA&#8217; ECONOMICHE, PRODUTTIVE E RICREATIVE&#8221; &#8212; Radio Pi\u00f9\" class=\"wp-embedded-content\" sandbox=\"allow-scripts\" security=\"restricted\" style=\"position: absolute; clip: rect(1px, 1px, 1px, 1px);\" src=\"https:\/\/www.radiopiu.net\/wordpress\/linee-di-indirizzo-per-la-riapertura-delle-attivita-economiche-produttive-e-ricreative\/embed\/#?secret=muvJQZCp8K\" data-secret=\"muvJQZCp8K\" width=\"600\" height=\"338\" frameborder=\"0\" marginwidth=\"0\" marginheight=\"0\" scrolling=\"no\"><\/iframe><\/p>\n<p>&nbsp;<\/p>\n<hr \/>\n<p>&nbsp;<\/p>\n<p>&nbsp;<\/p>\n<blockquote>\n<h3 class=\"entry-title\">A COLLE SANTA LUCIA TRAFFICO IN AUMENTO, CONTAGI AZZERATI. ANCHE LA VALLE AGORDINA PRIMO COMUNE AGORDINO CONTAGIATO DA IERI COVID FREE<\/h3>\n<\/blockquote>\n<p><strong class=\"photoswipe-wrapper\"><a class=\"dt-pswp-item pspw-wrap-ready\" href=\"https:\/\/i2.wp.com\/www.radiopiu.net\/wordpress\/wp-content\/uploads\/2018\/03\/paolo_frena.jpg?ssl=1\" data-dt-img-description=\"\" data-large_image_width=\"774\" data-large_image_height=\"884\"><img loading=\"lazy\" decoding=\"async\" class=\"alignleft\" src=\"https:\/\/i1.wp.com\/www.radiopiu.net\/wordpress\/wp-content\/uploads\/2020\/05\/COLLE.png?resize=122%2C208&amp;ssl=1\" width=\"122\" height=\"208\" \/><\/a>COLLE SANTA LUCIA\u00a0 <\/strong>Quel pi\u00f9 600 per cento relativo ai flussi di traffico in centro a Colle Santa Lucia per il sindaco Paolo Frena ha una spiegazione. <em>\u201cSe il giorno prima \u00e8 passata un\u2019auto e il giorno dopo ne sono passate 6 il gioco \u00e8 fatto\u201d,\u00a0<\/em>L\u2019altra valida ipotesi del sindaco di Selva di Cadore Silvia Cestaro <em>\u201cLa settimana prima la provinciale della Val Fiorentina era chiusa\u201d.\u00a0<\/em>Dal sindaco di Colle anche un\u2019altra notizia importante: in paese 0 contagi da covid 19, Comune \u201cpulito\u201d come il vicino Selva di Cadore.<\/p>\n<p><strong>LA VALLE<\/strong> A proposito di Comuni \u201cpuliti\u201d \u00e8 di ieri la notizia che anche il Comune di La Valle non ha pi\u00f9 persone in quarantena, ed \u00e8 una bella notizia perch\u00e9 proprio il sindaco Ezio Zuanel \u00e8 stato il primo a dover fare i conti con i paesani in quarantena, subito due fin dai primi giorni con le poche informazioni da Ulss1 e strutture deputate al controllo. Per questo Zuanel alz\u00f2 la voce chiedendo e ricevendo le attenzioni del caso.<\/p>\n<p><strong>AI MICROFONI DI RADIO PIU\u2019 IL SINDACO DI COLLE SANTA LUCIA PAOLO FRENA<\/strong><\/p>\n<audio class=\"wp-audio-shortcode\" id=\"audio-137912-1\" preload=\"none\" style=\"width: 100%;\" controls=\"controls\"><source type=\"audio\/mpeg\" src=\"https:\/\/www.radiopiu.net\/wordpress\/wp-content\/uploads\/2020\/05\/FREBA-AUMENTO-TRAFFICO.mp3?_=1\" \/><a href=\"https:\/\/www.radiopiu.net\/wordpress\/wp-content\/uploads\/2020\/05\/FREBA-AUMENTO-TRAFFICO.mp3\">https:\/\/www.radiopiu.net\/wordpress\/wp-content\/uploads\/2020\/05\/FREBA-AUMENTO-TRAFFICO.mp3<\/a><\/audio>\n<p>&nbsp;<\/p>\n<p>&nbsp;<\/p>\n<p>&nbsp;<\/p>\n<p>&nbsp;<\/p>\n<hr \/>\n<blockquote class=\"wp-embedded-content\" data-secret=\"PT4A8VVpSy\"><p><a href=\"https:\/\/www.radiopiu.net\/wordpress\/coronavirus-aggiornamento-nazionale-15-maggio-2020\/\">CORONAVIRUS: AGGIORNAMENTO NAZIONALE 15 MAGGIO 2020<\/a><\/p><\/blockquote>\n<p><iframe loading=\"lazy\" title=\"&#8220;CORONAVIRUS: AGGIORNAMENTO NAZIONALE 15 MAGGIO 2020&#8221; &#8212; Radio Pi\u00f9\" class=\"wp-embedded-content\" sandbox=\"allow-scripts\" security=\"restricted\" style=\"position: absolute; clip: rect(1px, 1px, 1px, 1px);\" src=\"https:\/\/www.radiopiu.net\/wordpress\/coronavirus-aggiornamento-nazionale-15-maggio-2020\/embed\/#?secret=PT4A8VVpSy\" data-secret=\"PT4A8VVpSy\" width=\"600\" height=\"338\" frameborder=\"0\" marginwidth=\"0\" marginheight=\"0\" scrolling=\"no\"><\/iframe><\/p>\n<p>&nbsp;<\/p>\n<hr \/>\n<p>&nbsp;<\/p>\n<blockquote>\n<h3>VISITE AI DEGENTI IN OSPEDALI. LE PRECISAZIONI DELLA ULSS 1 DOLOMITI<\/h3>\n<\/blockquote>\n<p><strong><a class=\"dt-pswp-item\" href=\"https:\/\/www.radiopiu.net\/wordpress\/wp-content\/uploads\/2020\/03\/covid-ulss.jpg\" data-dt-img-description=\"\" data-large_image_width=\"800\" data-large_image_height=\"600\"><img loading=\"lazy\" decoding=\"async\" class=\" wp-image-121260 alignleft\" src=\"https:\/\/www.radiopiu.net\/wordpress\/wp-content\/uploads\/2020\/03\/covid-ulss-300x225.jpg\" alt=\"\" width=\"243\" height=\"182\" srcset=\"https:\/\/www.radiopiu.net\/wordpress\/wp-content\/uploads\/2020\/03\/covid-ulss-300x225.jpg 300w, https:\/\/www.radiopiu.net\/wordpress\/wp-content\/uploads\/2020\/03\/covid-ulss-768x576.jpg 768w, https:\/\/www.radiopiu.net\/wordpress\/wp-content\/uploads\/2020\/03\/covid-ulss.jpg 800w\" sizes=\"auto, (max-width: 243px) 100vw, 243px\" \/><\/a>BELLUNO<\/strong>\u00a0Le visite di parenti e familiari alle persone ricoverate nei reparti NO COVID negli ospedali dell&#8217;Ulss Dolomiti sono, al momento, limitate a singoli casi particolari preventivamente concordati con il reparto di degenza, con la supervisione delle Direzioni Mediche.\u00a0Nei reparti di ostetricia \u00e8 consentito l&#8217;accesso ai pap\u00e0, nel rispetto delle norme di distanziamento sociale e con l&#8217;uso dei dispositivi di protezione individuale.\u00a0Nei reparti COVID le visite sono vietate.\u00a0Al momento \u00e8 prioritario garantire la massima sicurezza delle persone degenti, assumendo tutte le precauzioni possibili.<span class=\"Apple-converted-space\">\u00a0<\/span>I medici dei reparti di degenza sono disponibili a fornire le informazioni sullo stato di salute dei degenti alle persone indicate e a favorire, dove possibile, le chiamate con i familiari.<\/p>\n<p>&nbsp;<\/p>\n<p>&nbsp;<\/p>\n<hr \/>\n<p>&nbsp;<\/p>\n<blockquote class=\"wp-embedded-content\" data-secret=\"9A5vvN6BKd\"><p><a href=\"https:\/\/www.radiopiu.net\/wordpress\/aggiornamento-assessorato-protezione-civile-15-maggio-2020\/\">AGGIORNAMENTO ASSESSORATO PROTEZIONE CIVILE 15 MAGGIO 2020<\/a><\/p><\/blockquote>\n<p><iframe loading=\"lazy\" title=\"&#8220;AGGIORNAMENTO ASSESSORATO PROTEZIONE CIVILE 15 MAGGIO 2020&#8221; &#8212; Radio Pi\u00f9\" class=\"wp-embedded-content\" sandbox=\"allow-scripts\" security=\"restricted\" style=\"position: absolute; clip: rect(1px, 1px, 1px, 1px);\" src=\"https:\/\/www.radiopiu.net\/wordpress\/aggiornamento-assessorato-protezione-civile-15-maggio-2020\/embed\/#?secret=9A5vvN6BKd\" data-secret=\"9A5vvN6BKd\" width=\"600\" height=\"338\" frameborder=\"0\" marginwidth=\"0\" marginheight=\"0\" scrolling=\"no\"><\/iframe><\/p>\n<p>&nbsp;<\/p>\n<hr \/>\n<p>&nbsp;<\/p>\n<blockquote>\n<h3>DATI E GRAFICI DEL GIORNO, PROVINCIA \u2013 REGIONE 15 MAGGIO 2020<\/h3>\n<\/blockquote>\n<p><strong>Con la collaborazione di Tiziano De Col<\/strong><\/p>\n<p><a class=\"dt-pswp-item\" href=\"https:\/\/www.radiopiu.net\/wordpress\/wp-content\/uploads\/2020\/05\/Schermata-2020-05-15-alle-18.54.54.png\" data-dt-img-description=\"\" data-large_image_width=\"802\" data-large_image_height=\"440\"><img loading=\"lazy\" decoding=\"async\" class=\"alignnone size-medium wp-image-138098\" src=\"https:\/\/www.radiopiu.net\/wordpress\/wp-content\/uploads\/2020\/05\/Schermata-2020-05-15-alle-18.54.54-300x165.png\" alt=\"\" width=\"300\" height=\"165\" srcset=\"https:\/\/www.radiopiu.net\/wordpress\/wp-content\/uploads\/2020\/05\/Schermata-2020-05-15-alle-18.54.54-300x165.png 300w, https:\/\/www.radiopiu.net\/wordpress\/wp-content\/uploads\/2020\/05\/Schermata-2020-05-15-alle-18.54.54-768x421.png 768w, https:\/\/www.radiopiu.net\/wordpress\/wp-content\/uploads\/2020\/05\/Schermata-2020-05-15-alle-18.54.54.png 802w\" sizes=\"auto, (max-width: 300px) 100vw, 300px\" \/><\/a> <a class=\"dt-pswp-item\" href=\"https:\/\/www.radiopiu.net\/wordpress\/wp-content\/uploads\/2020\/05\/f7256a91-e555-4a31-95ad-bbbf072fabb1.jpg\" data-dt-img-description=\"\" data-large_image_width=\"596\" data-large_image_height=\"332\"><img loading=\"lazy\" decoding=\"async\" class=\"alignnone size-medium wp-image-138099\" src=\"https:\/\/www.radiopiu.net\/wordpress\/wp-content\/uploads\/2020\/05\/f7256a91-e555-4a31-95ad-bbbf072fabb1-300x167.jpg\" alt=\"\" width=\"300\" height=\"167\" srcset=\"https:\/\/www.radiopiu.net\/wordpress\/wp-content\/uploads\/2020\/05\/f7256a91-e555-4a31-95ad-bbbf072fabb1-300x167.jpg 300w, https:\/\/www.radiopiu.net\/wordpress\/wp-content\/uploads\/2020\/05\/f7256a91-e555-4a31-95ad-bbbf072fabb1.jpg 596w\" sizes=\"auto, (max-width: 300px) 100vw, 300px\" \/><\/a><a class=\"dt-pswp-item\" href=\"https:\/\/www.radiopiu.net\/wordpress\/wp-content\/uploads\/2020\/05\/cc3919ed-c939-4c5a-86e2-8b386f2ed88d.jpg\" data-dt-img-description=\"\" data-large_image_width=\"648\" data-large_image_height=\"374\"><img loading=\"lazy\" decoding=\"async\" class=\"alignnone wp-image-138100\" src=\"https:\/\/www.radiopiu.net\/wordpress\/wp-content\/uploads\/2020\/05\/cc3919ed-c939-4c5a-86e2-8b386f2ed88d-300x173.jpg\" alt=\"\" width=\"328\" height=\"189\" srcset=\"https:\/\/www.radiopiu.net\/wordpress\/wp-content\/uploads\/2020\/05\/cc3919ed-c939-4c5a-86e2-8b386f2ed88d-300x173.jpg 300w, https:\/\/www.radiopiu.net\/wordpress\/wp-content\/uploads\/2020\/05\/cc3919ed-c939-4c5a-86e2-8b386f2ed88d.jpg 648w\" sizes=\"auto, (max-width: 328px) 100vw, 328px\" \/><\/a><a class=\"dt-pswp-item\" href=\"https:\/\/www.radiopiu.net\/wordpress\/wp-content\/uploads\/2020\/05\/301531e6-3144-4631-9eb0-f35b3ffb41f1.jpg\" data-dt-img-description=\"\" data-large_image_width=\"576\" data-large_image_height=\"364\"><img loading=\"lazy\" decoding=\"async\" class=\"alignnone size-medium wp-image-138107\" src=\"https:\/\/www.radiopiu.net\/wordpress\/wp-content\/uploads\/2020\/05\/301531e6-3144-4631-9eb0-f35b3ffb41f1-300x190.jpg\" alt=\"\" width=\"300\" height=\"190\" srcset=\"https:\/\/www.radiopiu.net\/wordpress\/wp-content\/uploads\/2020\/05\/301531e6-3144-4631-9eb0-f35b3ffb41f1-300x190.jpg 300w, https:\/\/www.radiopiu.net\/wordpress\/wp-content\/uploads\/2020\/05\/301531e6-3144-4631-9eb0-f35b3ffb41f1.jpg 576w\" sizes=\"auto, (max-width: 300px) 100vw, 300px\" \/><\/a><\/p>\n<p>&nbsp;<\/p>\n<p>&nbsp;<\/p>\n<hr \/>\n<p>&nbsp;<\/p>\n<blockquote>\n<h2>LEGGI LA CONFERENZA STAMPA DI LUCA ZAIA<\/h2>\n<\/blockquote>\n<p><em>\u00a0Il provvedimento dice che possiamo applicare le linee guida regionali ma rispettando quelle nazionali,<\/em><\/p>\n<p>&nbsp;<\/p>\n<p><strong>INCONTRO CON IL GOVERNO<\/strong> Si \u00e8 appena conclusa la video conferenza con il Governo che ha anticipato che intende portare due provvedimenti, un Decreto con le linee guida e un DPCM\u00a0 a seguire. C&#8217;\u00e8 intendimento di stabilire delle date per aperture delle spiagge o per le attivit\u00e0 commerciali alle quali le Regioni autonomamente con proprio provvedimento possono derogare anticipando le aperture. Il provvedimento come annunciato dice che possiamo agire come regioni fatto salvo le direttive nazionali. La soluzione \u00e8 di natura legislativa, per questo non ho mai presentato le linee guida, noi le abbiamo ma sono inutili al momento. Ce le abbiamo da giorni cercando di allinearle con quello che ne \u00e8 venuto fuori dagli accordi con le categorie. Vogliamo aprire in modo sereno per non mettere nei guai gli imprenditori. Tutto dipender\u00e0 da come verr\u00e0 scritto il decreto,\u00a0 devono essere linee guida non precise al millimetro altrimenti sono dettami dai quali non si puo&#8217; uscire. Spero non ci siano sorprese lavorando con Roma sono sempre dietro l&#8217;angolo.<\/p>\n<p><strong>I PARADOSSI<\/strong> 5 metri in spiaggia e in fabbrica un metro senza mascherina? Il ragionamento non sta in piedi.\u00a0 Si pensi agli arenili\u00a0 da Nord a Sud \u00e8impossibile fare una linea uguale per tutti,<\/p>\n<p><strong>PROPOSTA VENETA<\/strong> La mia proposta: la via d&#8217;uscita non \u00e8 quella di dire che le Regioni potranno applicare linee guida rispettose delle linee Inail, ma line guida con di dipartimenti di Prevenzione e si applicano le linee Inail in quelle Regioni che non le hanno previste. Noi le abbiamo da mesi, altre completate in questi giorni non le abbiamo certo copiate su internet.<\/p>\n<p><strong>SPESE ACCESSORIE IN OGNI SETTORE<\/strong> Siamo pronti a semplificare in sicurezza, l&#8217;igiene non \u00e8 derogabile nemmeno la sanificazione. Le regole sanitarie di base vanno rispettate. Il buon senso ci far\u00e0 trovare una soluzione.<\/p>\n<p><strong>SPOSTAMENTI INTERREGIONALI<\/strong> \u00a0ai primi di giugno probabilmente ci sar\u00e0 la libera circolazione,\u00a0 bisogna capire come sar\u00e0 la situazione contagio e terapie intensive.<\/p>\n<p>&nbsp;<\/p>\n<p>https:\/\/www.facebook.com\/zaiaufficiale\/videos\/698024797684443<\/p>\n<p>&nbsp;<\/p>\n<hr \/>\n<p>&nbsp;<\/p>\n<blockquote>\n<h3>&#8220;DE COCCIO&#8221;: TERZO GIORNO CONSECUTIVO SENZA SANZIONI<\/h3>\n<\/blockquote>\n<p><strong>BELLUNO\u00a0<\/strong>Terzo giorno consecutivo senza sanzioni. Dai dati della Prefettura di Belluno, anche gioved\u00ec le Forze dell&#8217;Ordine non hanno inflitto sanzioni ne ai cittadini ne alle attivit\u00e0 commerciali. 499 le persone controllate e 859 esercizi commerciali, nessuna infrazione rilevata.<\/p>\n<p><a class=\"dt-pswp-item\" href=\"https:\/\/www.radiopiu.net\/wordpress\/wp-content\/uploads\/2020\/05\/MONITORAGGIO_GIORNALIERO_DEI_SERVIZI_DI_CONTROLLO_DEL_14.05.2020.jpg\" data-dt-img-description=\"\" data-large_image_width=\"1240\" data-large_image_height=\"1754\"><img loading=\"lazy\" decoding=\"async\" class=\"alignnone wp-image-137968 \" src=\"https:\/\/www.radiopiu.net\/wordpress\/wp-content\/uploads\/2020\/05\/MONITORAGGIO_GIORNALIERO_DEI_SERVIZI_DI_CONTROLLO_DEL_14.05.2020-724x1024.jpg\" alt=\"\" width=\"283\" height=\"400\" srcset=\"https:\/\/www.radiopiu.net\/wordpress\/wp-content\/uploads\/2020\/05\/MONITORAGGIO_GIORNALIERO_DEI_SERVIZI_DI_CONTROLLO_DEL_14.05.2020-724x1024.jpg 724w, https:\/\/www.radiopiu.net\/wordpress\/wp-content\/uploads\/2020\/05\/MONITORAGGIO_GIORNALIERO_DEI_SERVIZI_DI_CONTROLLO_DEL_14.05.2020-212x300.jpg 212w, https:\/\/www.radiopiu.net\/wordpress\/wp-content\/uploads\/2020\/05\/MONITORAGGIO_GIORNALIERO_DEI_SERVIZI_DI_CONTROLLO_DEL_14.05.2020-768x1086.jpg 768w, https:\/\/www.radiopiu.net\/wordpress\/wp-content\/uploads\/2020\/05\/MONITORAGGIO_GIORNALIERO_DEI_SERVIZI_DI_CONTROLLO_DEL_14.05.2020-1086x1536.jpg 1086w, https:\/\/www.radiopiu.net\/wordpress\/wp-content\/uploads\/2020\/05\/MONITORAGGIO_GIORNALIERO_DEI_SERVIZI_DI_CONTROLLO_DEL_14.05.2020.jpg 1240w\" sizes=\"auto, (max-width: 283px) 100vw, 283px\" \/><\/a><\/p>\n<p>&nbsp;<\/p>\n<p>&nbsp;<\/p>\n<hr \/>\n<p>&nbsp;<\/p>\n<blockquote>\n<h3>BOND (FI): APPROVATO MIO ORDINE DEL GIORNO SU OPERATORI BENESSERE, BENE RIAPERTURA DIFFERENZIATA<\/h3>\n<\/blockquote>\n<p><strong><a class=\"dt-pswp-item\" href=\"https:\/\/www.radiopiu.net\/wordpress\/wp-content\/uploads\/2019\/07\/Dario-Bond.jpg\" data-dt-img-description=\"\" data-large_image_width=\"2449\" data-large_image_height=\"1633\"><img loading=\"lazy\" decoding=\"async\" class=\"size-medium wp-image-93051 alignleft\" src=\"https:\/\/www.radiopiu.net\/wordpress\/wp-content\/uploads\/2019\/07\/Dario-Bond-300x200.jpg\" alt=\"\" width=\"300\" height=\"200\" srcset=\"https:\/\/www.radiopiu.net\/wordpress\/wp-content\/uploads\/2019\/07\/Dario-Bond-300x200.jpg 300w, https:\/\/www.radiopiu.net\/wordpress\/wp-content\/uploads\/2019\/07\/Dario-Bond-768x512.jpg 768w, https:\/\/www.radiopiu.net\/wordpress\/wp-content\/uploads\/2019\/07\/Dario-Bond-1024x683.jpg 1024w\" sizes=\"auto, (max-width: 300px) 100vw, 300px\" \/><\/a>ROMA<\/strong> \u201c<em>Il buon senso stavolta ha prevalso<\/em>\u201d. E\u2019 il commento del deputato di\u00a0Forza Italia, Dario Bond, sulla possibilit\u00e0 di far riaprire in sicurezza anticipatamente ed in maniera differenziata estetiste, parrucchieri, operatori del benessere. \u00a0\u201c<em>L\u2019approvazione del mio ordine del giorno presentato in Aula alla Camera dei deputati \u2013 spiega il bellunese Bond &#8211; a favore degli operatori del benessere (estetisti, parrucchieri, massaggiatori) dimostra che, in talune circostanze, essere flessibili pu\u00f2 aiutare a rendere migliorative le norme. Ritardare la riapertura a prescindere dalla valutazione delle diverse realt\u00e0 e dei singoli casi, non aveva molto senso, soprattutto considerando che i piccoli operatori possono gestire il rapporto con il cliente in totale sicurezza. Le esperienze di Germania, Francia, Svizzera lo confermano. In Italia il 90 per cento dei 130.000 saloni \u00e8 costituito da piccolissime unit\u00e0, con mediamente 2 persone occupate per salone<\/em>\u201d. \u201c<em>Non capisco \u2013 aggiunge Bond &#8211; perch\u00e9 nel nostro Paese si sia bloccato per due mesi un settore che avrebbe potuto aiutare le persone a gestire meglio, in termini di rilassamento mentale ed emozionale, anche lo stress dettato dall\u2019isolamento e dalla emergenza. Non c&#8217;\u00e8 assembramento all&#8217;interno di un salone di parrucchieri o di estetiste se si regolano gli appuntamenti. L\u2019unico vero rischio, in questo caso, \u00e8 far fallire comparti come quello del benessere \u00a0&#8211; che genera un giro d\u2019affari totale di 6 miliardi di euro annui \u2013 strategici per la nostra economia. Non dimentichiamo peraltro che gli stessi parrucchieri, estetiste, barbieri, massaggiatori e tutti gli operatori del benessere, sono stati fermi nel ribadire il loro impegno massimo a garantire standard di sicurezza e ad adottare protocolli specifici a tutela propria e del cliente. L\u2019adozione di criteri di riapertura differenziata in base a valutazioni di progressivit\u00e0 territoriale mi sembra finalmente una buona mediazione<\/em>\u201d. \u201c<em>Ripartire in sicurezza s\u00ec, ma ripartire, questa deve essere la logica \u2013 conclude Bond \u2013 per non rischiare di avere un Paese povero con milioni di disoccupati<\/em>\u201d.<\/p>\n<p>&nbsp;<\/p>\n<p>&nbsp;<\/p>\n<hr \/>\n<p>&nbsp;<\/p>\n<blockquote>\n<h3>FONDO TRASPORTI, ASSESSORI VENETO, LOMBARDIA, PIEMONTE, LIGURIA E FVG: STANZIAMENTO INSUFFICIENTE<\/h3>\n<\/blockquote>\n<p><strong><a class=\"dt-pswp-item\" href=\"https:\/\/www.radiopiu.net\/wordpress\/wp-content\/uploads\/2020\/05\/AUTOBUS.jpg\" data-dt-img-description=\"\" data-large_image_width=\"1920\" data-large_image_height=\"1280\"><img loading=\"lazy\" decoding=\"async\" class=\"size-medium wp-image-135820 alignleft\" src=\"https:\/\/www.radiopiu.net\/wordpress\/wp-content\/uploads\/2020\/05\/AUTOBUS-300x200.jpg\" alt=\"\" width=\"300\" height=\"200\" srcset=\"https:\/\/www.radiopiu.net\/wordpress\/wp-content\/uploads\/2020\/05\/AUTOBUS-300x200.jpg 300w, https:\/\/www.radiopiu.net\/wordpress\/wp-content\/uploads\/2020\/05\/AUTOBUS-1024x683.jpg 1024w, https:\/\/www.radiopiu.net\/wordpress\/wp-content\/uploads\/2020\/05\/AUTOBUS-768x512.jpg 768w, https:\/\/www.radiopiu.net\/wordpress\/wp-content\/uploads\/2020\/05\/AUTOBUS-1536x1024.jpg 1536w, https:\/\/www.radiopiu.net\/wordpress\/wp-content\/uploads\/2020\/05\/AUTOBUS.jpg 1920w\" sizes=\"auto, (max-width: 300px) 100vw, 300px\" \/><\/a>VENEZIA<\/strong>\u00a0\u201cIl fondo previsto dal Governo per il sostegno al trasporto pubblico assomiglia a una tragica presa in giro. I 500 milioni previsti dal Dl Rilancio coprono a malapena un terzo delle perdite per le imprese del settore stimate per il 2020 in almeno 1,5 miliardi a livello nazionale, secondo le analisi delle associazioni di categoria\u201d.\u00a0Lo affermano gli assessori regionali ai trasporti di Veneto, Elisa De Berti, Lombardia, Claudia Maria Terzi, Piemonte, Marco Gabusi, Liguria, Giovanni Berrino e Friuli Venezia Giulia, Graziano Pizzimenti, commentando le misure del Governo contenute nel Dl Rilancio. \u00a0\u201cLo stanziamento \u2013 proseguono gli assessori \u2013 \u00e8 insufficiente addirittura per ristorare i mancati ricavi di questa prima fase dell\u2019emergenza sanitaria: per i primi due mesi di lockdown il danno economico subito dal Tpl, compreso il servizio ferroviario, a livello nazionale ammonta ad almeno 600 milioni di euro. Se poi il fondo da 500 milioni a livello nazionale dovesse anche includere i rimborsi degli abbonamenti, allora alle aziende resterebbero davvero le briciole. Per rimborsare gli utenti \u00e8 bene che il Governo preveda un capitolo a parte con risorse importanti\u201d<\/p>\n<p>&nbsp;<\/p>\n<p>&nbsp;<\/p>\n<hr \/>\n<p>&nbsp;<\/p>\n<p>&nbsp;<\/p>\n<p>&nbsp;<\/p>\n<blockquote>\n<h3 class=\"entry-title\">FULMINE SUL QUADRO ELETTRICO, LOCALI TEMPORANEAMENTE INAGIBILI PER LA PRESENZA DI FUMI<\/h3>\n<\/blockquote>\n<p><strong class=\"photoswipe-wrapper\"><a class=\"dt-pswp-item\" href=\"https:\/\/www.radiopiu.net\/wordpress\/wp-content\/uploads\/2020\/05\/IMG-20200515-WA0001.jpg\" data-dt-img-description=\"\" data-large_image_width=\"1200\" data-large_image_height=\"1600\"><img loading=\"lazy\" decoding=\"async\" class=\" wp-image-138006 alignleft\" src=\"https:\/\/www.radiopiu.net\/wordpress\/wp-content\/uploads\/2020\/05\/IMG-20200515-WA0001-225x300.jpg\" alt=\"\" width=\"120\" height=\"160\" srcset=\"https:\/\/www.radiopiu.net\/wordpress\/wp-content\/uploads\/2020\/05\/IMG-20200515-WA0001-225x300.jpg 225w, https:\/\/www.radiopiu.net\/wordpress\/wp-content\/uploads\/2020\/05\/IMG-20200515-WA0001-768x1024.jpg 768w, https:\/\/www.radiopiu.net\/wordpress\/wp-content\/uploads\/2020\/05\/IMG-20200515-WA0001-1152x1536.jpg 1152w, https:\/\/www.radiopiu.net\/wordpress\/wp-content\/uploads\/2020\/05\/IMG-20200515-WA0001.jpg 1200w\" sizes=\"auto, (max-width: 120px) 100vw, 120px\" \/><\/a>FELTRE<\/strong>\u00a0Inagibilit\u00e0 temporanea causa fumo per alcuni ambiente a Casa Bellati in seguito ad un incendio per corto circuito causato probabilmente da una scarica atmosferica durante il furioso temporale mattutino. Di buon\u2019ora vigili del fuoco a sirene spiegate verso la struttura, chiamati dal personale dipendente che subito si \u00e8 dato da fare dopo che fiamme e fumo si sono sviluppate dal quadro elettrico che alimenta la struttura. Nessun ferito e le problematiche legate alle esalazioni di fumo sono state risolte gi\u00e0 in giornata permettendo la regolare ripresa delle attivit\u00e0. Oltre ai vigili del fuoco per i rilievi di legge sono intervenuti i Carabinieri di Feltre.<\/p>\n<p>&nbsp;<\/p>\n<p>&nbsp;<\/p>\n<hr \/>\n<p>&nbsp;<\/p>\n<p>&nbsp;<\/p>\n<p>&nbsp;<\/p>\n<p>&nbsp;<\/p>\n<blockquote>\n<h3>LINEE GUIDA UNIVOCHE NAZIONALI SU APERTURE, UNCEM: BENE LA LIBERA SCELTA DELLE REGIONI, MA INDICAZIONI SU MODI E REGOLE UGUALI<\/h3>\n<\/blockquote>\n<p><strong><a class=\"dt-pswp-item\" href=\"https:\/\/www.radiopiu.net\/wordpress\/wp-content\/uploads\/2020\/04\/UNCEM.jpg\" data-dt-img-description=\"\" data-large_image_width=\"500\" data-large_image_height=\"500\"><img loading=\"lazy\" decoding=\"async\" class=\" wp-image-133399 alignleft\" src=\"https:\/\/www.radiopiu.net\/wordpress\/wp-content\/uploads\/2020\/04\/UNCEM-300x300.jpg\" alt=\"\" width=\"205\" height=\"205\" srcset=\"https:\/\/www.radiopiu.net\/wordpress\/wp-content\/uploads\/2020\/04\/UNCEM-300x300.jpg 300w, https:\/\/www.radiopiu.net\/wordpress\/wp-content\/uploads\/2020\/04\/UNCEM-150x150.jpg 150w, https:\/\/www.radiopiu.net\/wordpress\/wp-content\/uploads\/2020\/04\/UNCEM.jpg 500w\" sizes=\"auto, (max-width: 205px) 100vw, 205px\" \/><\/a>ROMA<\/strong> &#8220;<em>\u00c8 importante che ogni Regione possa decidere, in base a tanti parametri, primo il contagio, cosa e quando riaprire. Da lunedi o dalle settimane successive. Ma Uncem \u00e8 d&#8217;accordo con le Regioni, con la proposta del Presidente Fontana, e con Anci affinch\u00e9 vi siano linee guida univoche per tutto il Paese. Cos\u00ec da non avere a Torino tre metri di distanza tra chi siede in un bar e a Catania solo uno. E via per altri settori, compresi rifugi e spiagge. Per fabbriche e cantieri vi sono gi\u00e0 stati protocolli nazionali. Questo non toglie che ogni Regione possa scegliere cosa aprire da lunedi. E possa avere regole univoche definite con datoriali, sindacati, Enti locali<\/em>&#8220;.\u00a0Lo afferma Marco Bussone, Presidente Uncem Piemonte.<\/p>\n<p>&nbsp;<\/p>\n<p>&nbsp;<\/p>\n<hr \/>\n<p>&nbsp;<\/p>\n<p>&nbsp;<\/p>\n<p>&nbsp;<\/p>\n<p>&nbsp;<\/p>\n<blockquote>\n<h3>CORONAVIRUS E RITORNO DELLE IMPRESE DELOCALIZZATE \u2013 WEBINAR SULLE NUOVE CATENE DEL VALORE LUNEDI\u2019 18 MAGGIO<\/h3>\n<\/blockquote>\n<p><strong><a class=\"dt-pswp-item\" href=\"https:\/\/www.radiopiu.net\/wordpress\/wp-content\/uploads\/2015\/10\/Confindustria_BL.gif\" data-dt-img-description=\"\" data-large_image_width=\"793\" data-large_image_height=\"211\"><img loading=\"lazy\" decoding=\"async\" class=\"size-medium wp-image-12471 alignleft\" src=\"https:\/\/www.radiopiu.net\/wordpress\/wp-content\/uploads\/2015\/10\/Confindustria_BL-300x80.gif\" alt=\"\" width=\"300\" height=\"80\" \/><\/a>BELLUNO<\/strong>\u00a0L\u2019emergenza Coronavirus ha evidenziato le fragilit\u00e0 della catena dell\u2019approvvigionamento a livello globale. Filiere troppo lunghe \u2013 anche geograficamente \u2013 comportano rischi elevati. Anche per questo, lo scenario drammatico causato dal Covid potrebbe portare a un\u2019accelerazione di un fenomeno gi\u00e0 in atto da diversi anni come quello del re-shoring, cio\u00e8 del ritorno di alcune produzioni \u201cdelocalizzate\u201d in passato.\u00a0\u201c<em>Si tratta di un tema centrale per una economia cos\u00ec vocata all\u2019export e all\u2019internazionalizzazione come quella veneta e bellunese<\/em>\u201d, afferma la presidente di Confindustria Belluno Dolomiti Lorraine Berton, che cos\u00ec presenta il secondo webinar della serie #BellunoRIPARTE, ideato dal Tavolo Tecnico del Digital Innovation Hub delle Dolomiti per dare supporto alle imprese nell\u2019affrontare la fase 2.\u00a0Il seminario on-line si terr\u00e0 luned\u00ec 18 maggio alle 16 sulla piattaforma Zoom; relatori d\u2019eccezione saranno Paolo Boccardelli, direttore della Luiss Business School, e Francesco Boggio Ferraris, direttore della Scuola di Formazione Permanente Italia-Cina.\u00a0Si parler\u00e0 quindi della fragilit\u00e0 delle supply chain nella crisi COVID-19, dell\u2019accelerazione della tendenza di re-shoring e delle filiere del futuro in chiave digitale.\u00a0\u201c<em>In questi ultimi anni, anche nel nostro territorio, abbiamo assistito al ritorno di produzioni importanti, emblematiche del Made in Italy\u201d, ricorda Berton. \u201cSi tratta di un processo avviato ma che potrebbe avere un ulteriore impulso dalla crisi del Covid: le catene dell\u2019approvvigionamento sono state le prime a saltare provocando lo choc economico che stiamo ancora scontando: forniture ferme, problemi di applicazione delle stesse norme contrattuali, movimentazioni rallentate delle merci, questioni logistiche, aumento dei costi di viaggio e trasporto<\/em>\u201d.\u00a0Per Berton il tema va affrontato immediatamente: \u201c<em>Dobbiamo farlo in maniera molto concreta, predisponendoci al cambiamento in tempi record<\/em>\u201d. Berton porta l\u2019esempio delle mascherine: \u201c<em>Dispositivi che non si producevano pi\u00f9 in Europa e che adesso devono per forza di cose rientrare<\/em>\u201d.<\/p>\n<p>&nbsp;<\/p>\n<p>&nbsp;<\/p>\n<hr \/>\n<p>&nbsp;<\/p>\n<blockquote>\n<h3>\u00abNORD EUROPA BACINO TURISTICO ED ECONOMICO\u00a0SI APRA UN CORRIDOIO PER BELLUNO\u00bb<\/h3>\n<\/blockquote>\n<p><strong><a class=\"dt-pswp-item\" href=\"https:\/\/www.radiopiu.net\/wordpress\/wp-content\/uploads\/2015\/12\/bard.jpg\" data-dt-img-description=\"\" data-large_image_width=\"128\" data-large_image_height=\"128\"><img loading=\"lazy\" decoding=\"async\" class=\" wp-image-14147 alignleft\" src=\"https:\/\/www.radiopiu.net\/wordpress\/wp-content\/uploads\/2015\/12\/bard.jpg\" alt=\"\" width=\"102\" height=\"102\" \/><\/a>BELLUNO<\/strong>\u00a0Non solo corridoi tra nazioni, ma anche tra singole regioni: queste le indicazioni che arrivano dalle linee guide della Commissione Europea per la ripartenza del traffico turistico post lockdown, indicazioni che il movimento Belluno Autonoma Regione Dolomiti coglie al volo per chiedere un&#8217;apertura immediata verso il Nord Europa.<\/p>\n<p><strong>IL PRESIDENTE DEL BARD ANDREA BONA<\/strong><\/p>\n<audio class=\"wp-audio-shortcode\" id=\"audio-137912-2\" preload=\"none\" style=\"width: 100%;\" controls=\"controls\"><source type=\"audio\/mpeg\" src=\"https:\/\/www.radiopiu.net\/wordpress\/wp-content\/uploads\/2020\/05\/ANDREA-BONA-PRESIDENTE-BARD-CORRIDOIO-TURISTICO-BELLUNO.mp3?_=2\" \/><a href=\"https:\/\/www.radiopiu.net\/wordpress\/wp-content\/uploads\/2020\/05\/ANDREA-BONA-PRESIDENTE-BARD-CORRIDOIO-TURISTICO-BELLUNO.mp3\">https:\/\/www.radiopiu.net\/wordpress\/wp-content\/uploads\/2020\/05\/ANDREA-BONA-PRESIDENTE-BARD-CORRIDOIO-TURISTICO-BELLUNO.mp3<\/a><\/audio>\n<p>&nbsp;<\/p>\n<hr \/>\n<p>&nbsp;<\/p>\n<p>&nbsp;<\/p>\n<p>&nbsp;<\/p>\n<p>&nbsp;<\/p>\n<blockquote>\n<h3>COLLEGIO NAZIONALE DELLE GUIDE ALPINE E UNCEM: SBLOCCARE I CODICI ATECO DELLE GUIDE ALPINE, COMPARTO FONDAMENTALE PER MONTAGNA<\/h3>\n<\/blockquote>\n<p><strong><a class=\"dt-pswp-item\" href=\"https:\/\/www.radiopiu.net\/wordpress\/wp-content\/uploads\/2018\/12\/argentera_ferrere-3.jpg\" data-dt-img-description=\"\" data-large_image_width=\"865\" data-large_image_height=\"330\"><img loading=\"lazy\" decoding=\"async\" class=\"size-medium wp-image-71005 alignleft\" src=\"https:\/\/www.radiopiu.net\/wordpress\/wp-content\/uploads\/2018\/12\/argentera_ferrere-3-300x114.jpg\" alt=\"\" width=\"300\" height=\"114\" srcset=\"https:\/\/www.radiopiu.net\/wordpress\/wp-content\/uploads\/2018\/12\/argentera_ferrere-3-300x114.jpg 300w, https:\/\/www.radiopiu.net\/wordpress\/wp-content\/uploads\/2018\/12\/argentera_ferrere-3-768x293.jpg 768w, https:\/\/www.radiopiu.net\/wordpress\/wp-content\/uploads\/2018\/12\/argentera_ferrere-3.jpg 865w\" sizes=\"auto, (max-width: 300px) 100vw, 300px\" \/><\/a>ROMA<\/strong>\u00a0Le Guide Alpine italiane, gli Accompagnatori di media montagna e le guide vulcanologiche devono poter tornare a lavorare. Dopo il lungo ma doveroso periodo di confinamento per arginare la diffusione del virus covid-19, l&#8217;economia dei territori montani ha sub\u00ecto un danno che si dimostrer\u00e0 irreversibile in assenza di una rapida ripresa delle attivit\u00e0 economiche e di decisioni adeguate e coraggiose, pur nel rispetto delle norme di sicurezza \u00a0Sul tema delle riaperture delle attivit\u00e0 economiche nelle aree montane si sono confrontati nelle scorse ore\u00a0il Collegio Nazionale delle Guide Alpine Italiane (Co.Na.G.A.I.) e l&#8217;Uncem, convenendo di\u00a0chiedere alle competenti Autorit\u00e0 governative lo sblocco dei codici ateco delle Guide alpine, degli Accompagnatori di media montagna e delle Guide vulcanologiche. Serve un&#8217;azione immediata, gi\u00e0 sul prossimo Dpcm e nelle azioni regionali che verranno intraprese dai Presidenti.\u00a0I\u00a02500 professionisti della montagna sono iscritti in 14 Collegi regionali\/provinciali delle Alpi, degli Appennini e delle Isole.\u00a0In previsione della ripresa dell&#8217;attivit\u00e0 di accompagnamento, la Commissione Tecnica del Co.Na.G.A.I. ha elaborato per i propri associati le linee guida che recepiscono le raccomandazioni scientifiche della Societ\u00e0 Italiana Medicina di Montagna (SIMeM) e che sono applicabili in ogni situazione nella pratica dell&#8217;alpinismo, dell&#8217;escursionismo, dello scialpinismo e di altre attivit\u00e0 outdoor.\u00a0&#8220;Rafforziamo una positiva collaborazione &#8211; precisano il Presidente del\u00a0Co.Na.G.A.I. Pietro Giglio e il Presidente Uncem Marco Bussone -.\u00a0Guide Apine, Accompagnatori di media montagna, Guide vulcanologiche rappresentano un comparto prezioso. Peraltro la maggior parte di loro abita e opera in montagna. Vogliamo lavorare insieme, Collegio e Uncem, per la promozione delle opportunit\u00e0 che offrono, per un nuovo marketing territoriale, per un nuovo modello di attivit\u00e0 outdooor e di fruizione della montagna, ma anche per una nuova cornice normativa che inserisca con efficacia il lavoro di questo Collegio, cos\u00ec importante per la montagna, nel quadro di nuove cornici normative da costruire con il Ministeri competenti e con il Parlamento. Lavoriamo intensamente insieme perch\u00e9 vogliamo sostenere questo comparto, avere opportunit\u00e0 nuove&#8221;. Uncem lavorer\u00e0 con il Collegio anche in vista della conversione del DL Rilancio, per inserire, nel Capo relativo al turismo, efficaci strumenti a vantaggio del settore, come gi\u00e0 si sta facendo con rifugisti in stretto accordo con il Club Alpino Italiano.<\/p>\n<p>&nbsp;<\/p>\n<p>&nbsp;<\/p>\n<hr \/>\n<p>&nbsp;<\/p>\n<p>&nbsp;<\/p>\n<p>&nbsp;<\/p>\n<p>&nbsp;<\/p>\n<blockquote>\n<h3 class=\"entry-title\">CRISI POST CORONAVIRUS: SERVE UN PATTO PER LA RIPARTENZA<\/h3>\n<\/blockquote>\n<p><strong class=\"photoswipe-wrapper\"><a class=\"dt-pswp-item pspw-wrap-ready\" href=\"https:\/\/i1.wp.com\/www.radiopiu.net\/wordpress\/wp-content\/uploads\/2020\/04\/CISL-BELLUNO-OK.jpg?ssl=1\" data-dt-img-description=\"\" data-large_image_width=\"909\" data-large_image_height=\"910\"><img loading=\"lazy\" decoding=\"async\" class=\"size-medium wp-image-132184 alignleft jetpack-lazy-image jetpack-lazy-image--handled\" src=\"https:\/\/i1.wp.com\/www.radiopiu.net\/wordpress\/wp-content\/uploads\/2020\/04\/CISL-BELLUNO-OK.jpg?resize=300%2C300&amp;ssl=1\" sizes=\"auto, (max-width: 300px) 100vw, 300px\" srcset=\"https:\/\/i1.wp.com\/www.radiopiu.net\/wordpress\/wp-content\/uploads\/2020\/04\/CISL-BELLUNO-OK.jpg?resize=300%2C300&amp;ssl=1 300w, https:\/\/i1.wp.com\/www.radiopiu.net\/wordpress\/wp-content\/uploads\/2020\/04\/CISL-BELLUNO-OK.jpg?resize=150%2C150&amp;ssl=1 150w, https:\/\/i1.wp.com\/www.radiopiu.net\/wordpress\/wp-content\/uploads\/2020\/04\/CISL-BELLUNO-OK.jpg?resize=768%2C769&amp;ssl=1 768w, https:\/\/i1.wp.com\/www.radiopiu.net\/wordpress\/wp-content\/uploads\/2020\/04\/CISL-BELLUNO-OK.jpg?w=909&amp;ssl=1 909w\" alt=\"\" width=\"300\" height=\"300\" data-recalc-dims=\"1\" data-lazy-loaded=\"1\" \/><\/a>BELLUNO<\/strong>\u00a0Abbiamo gi\u00e0 avuto occasione di dirlo: dopo il Coronavirus, \u201cnulla sar\u00e0 pi\u00f9 come prima\u201d, n\u00e9 economicamente n\u00e9 socialmente. Tuttavia, ci sono elementi che indicano che questa emergenza potrebbe generare delle opportunit\u00e0, in primis il ripensare il nostro modo di vivere, di produrre e di relazionarci. In breve, nuovi modelli di crescita che mettano al centro la persona e che siano in grado di rilanciare il valore della comunit\u00e0 grazie alla reciproca solidariet\u00e0 sociale.\u00a0Ripartire si pu\u00f2, ma per farlo servono una visione chiara, idee concrete e una strategia per attuarla: un patto per la ripartenza che, attraverso il dialogo, preveda una condivisione di obiettivi e iniziative con le parti sociali e le istituzioni a livello nazionale e provinciale, in cui il sistema possa trovare elementi di resilienza e occasioni da cogliere. Una scommessa che vinceremo solo se sapremo individuare che cosa serve davvero per ripartire.\u00a0Prima di tutto dobbiamo mettere tutti nelle condizioni di lavorare e vivere in sicurezza. Ci\u00f2 significa l\u2019applicazione dei protocolli di sicurezza, ma anche consistenti investimenti pubblici nel sistema socio-sanitario, partendo dalla formazione e dall\u2019assunzione di medici e infermieri per rafforzare la medicina sul territorio e l\u2019assistenza domiciliare integrata, fondamentale per la provincia di Belluno, data la sua particolare morfologia. Vista la scarsit\u00e0 delle risorse oggi a disposizione dei sindaci, il welfare va ripensato, per ottimizzare i costi e aumentare i posti di lavoro. Una sanit\u00e0 efficace, con posti letto e medici, limita futuri\u00a0<i>lockdown<\/i>, a beneficio di tutta la comunit\u00e0 e dell\u2019intera economia.\u00a0Serve poi una politica industriale nazionale seria, strutturata e ragionata, da declinare successivamente a livello regionale e territoriale. La prima cosa da fare \u00e8 sbloccare i cantieri gi\u00e0 finanziati o in parte progettati. Per quanto riguarda la provincia di Belluno significa accelerare i cantieri di Cortina 2021, della ferrovia e della infrastruttura della banda ultra larga. In secondo luogo, le aziende vanno accompagnate nella transizione energetica dal petrolio alle fonti rinnovabili e all\u2019industria 4.0. Anche le imprese bellunesi possono trovare grandi opportunit\u00e0.\u00a0Pensiamo alle realt\u00e0 industriali che forniscono servizi per l\u2019utilizzo della tecnologia, a quelle della cura del territorio e dell\u2019economia circolare (boschi, legno, artigianato e turismo), ma anche alle aziende del settore moda, chimico e metalmeccanico, che gi\u00e0 in parte hanno saputo convertire le loro produzioni. Vanno per\u00f2 costruiti modelli che siano attrattivi per gli investimenti e utilizzare ancora di pi\u00f9 i bandi europei, in particolare quelli per la ricerca. \u00c8 altres\u00ec fondamentale che le imprese, a partire dalle occhialerie e dalle aziende metalmeccaniche, si costituiscano in reti, altrimenti rischiano di essere estromesse dalla competizione internazionale. Vale per la ricerca, ma soprattutto per le politiche di export, linfa vitale per l\u2019economia bellunese. Non \u00e8 anacronistico parlare di\u00a0<i>made in Italy<\/i>\u00a0e, anzi, vanno rilanciati i concetti di bellezza, di qualit\u00e0 e di ingegnosit\u00e0 dei prodotti delle nostre fabbriche.<span class=\"Apple-converted-space\">\u00a0<\/span>Sul turismo vi \u00e8 la possibilit\u00e0 di offrire un ambiente favorevole, meno affollato e idoneo in tempi di Coronavirus, dove l\u2019accoglienza diffusa pu\u00f2 diventare una importante entrata economica per le famiglie e valorizzare cos\u00ec le vallate. Vanno per\u00f2 sostenuti questi progetti attraverso un coordinamento locale che, nei fatti, \u00e8 lasciato a sporadiche iniziative individuali.\u00a0Nei prossimi giorni si riunir\u00e0 il tavolo provinciale delle politiche del lavoro che in questi anni ha lavorato per tentare di incrociare domanda e offerta. Senza disperdere il lavoro fatto, dobbiamo impegnarci maggiormente per capire quali competenze necessitano le aziende nei prossimi anni. La transizione economica al digitale e al green new deal modificher\u00e0 radicalmente le mansioni di lavoro, per le quali servir\u00e0 molta formazione costante nel tempo. Priorit\u00e0 sar\u00e0 dunque anche quella di non lasciare indietro nessuno e per questo occorre motivare e formare chi perder\u00e0 il posto di lavoro per la crisi economica. Servono dunque politiche attive vere e programmi seri di formazione permanente dei lavoratori. La scommessa formativa non vale solo per le singole persone, ma anche per le aziende, in quanto la competizione non passa soltanto attraverso l\u2019aumento della produttivit\u00e0, che anzi, andrebbe eventualmente riversato su una riduzione dell\u2019orario di lavoro a parit\u00e0 di salario da definire a livello aziendale, ma sulla capacit\u00e0 di ricerca e innovazione di prodotto e di servizio che l\u2019azienda propone sul mercato.<span class=\"Apple-converted-space\">\u00a0<\/span>Gli investimenti devono tornare al centro dell\u2019attenzione anche sul sistema dell\u2019istruzione, a partire dalle scuole dell\u2019infanzia, in quanto servono insegnanti motivati, strumenti informatici e una scuola al passo con l\u2019Europa. \u00c8 opportuno consolidare una proposta universitaria per contribuire, insieme al nuovo polo di alta formazione della Luiss Business School aperto recentemente nel capoluogo, alla permanenza dei giovani a Belluno, attraendone anche da fuori provincia. Rendere il territorio dinamico con offerte formative \u00e8 una risposta anche allo spopolamento della montagna.\u00a0Per fare tutto ci\u00f2, insieme alle indicazioni della Cisl contenute nel progetto Montagna 4.0, servono relazioni sindacali forti, e una classe politica e dirigente che sappia ascoltare le proposte delle associazioni di categoria e del sindacato.\u00a0La Cisl, come sempre, \u00e8 in prima linea per governare l\u2019emergenza Coronavirus. In queste settimane, sono stati firmati centinaia di accordi di cassa integrazione nell\u2019industria, nel commercio, nel turismo, nel terziario e nell\u2019artigianato. La ripresa non sar\u00e0 facile, perch\u00e9 dipender\u00e0 dall\u2019economia globale. I prossimi saranno mesi difficili per cittadini, lavoratori, artigiani, piccoli imprenditori e grandi aziende. Ma con una visione lungimirante, meno burocrazia e un sano sentimento che punti alla ricostruzione del Paese, anche in questo complicato contesto saremo in grado di guardare al futuro con ottimismo.<\/p>\n<p><b>Rudy Roffar\u00e8 \u2013 Segretario generale aggiunto Cisl Belluno Treviso<\/b><\/p>\n<audio class=\"wp-audio-shortcode\" id=\"audio-137912-3\" preload=\"none\" style=\"width: 100%;\" controls=\"controls\"><source type=\"audio\/mpeg\" src=\"https:\/\/www.radiopiu.net\/wordpress\/wp-content\/uploads\/2020\/05\/roffare.mp3?_=3\" \/><a href=\"https:\/\/www.radiopiu.net\/wordpress\/wp-content\/uploads\/2020\/05\/roffare.mp3\">https:\/\/www.radiopiu.net\/wordpress\/wp-content\/uploads\/2020\/05\/roffare.mp3<\/a><\/audio>\n<p>&nbsp;<\/p>\n<hr \/>\n<p>&nbsp;<\/p>\n<p>&nbsp;<\/p>\n<blockquote>\n<h3>IDEAL STANDARD: ASSESSORE DONAZZAN, \u201cCOMPORTAMENTO INACCETTABILE, DALL\u2019AZIENDA PRETENDIAMO RISPETTO E CHIAREZZA\u201d<\/h3>\n<\/blockquote>\n<p><a class=\"dt-pswp-item\" href=\"https:\/\/www.radiopiu.net\/wordpress\/wp-content\/uploads\/2020\/05\/ideal-standard-orcenigo-scaled.jpg\" data-dt-img-description=\"Stabilimento dell'Ideal Standard - Orcenico di Zoppola (PN) 04\/12\/2013\" data-large_image_width=\"2560\" data-large_image_height=\"1803\"><img loading=\"lazy\" decoding=\"async\" class=\"wp-image-138079 size-medium alignleft\" src=\"https:\/\/www.radiopiu.net\/wordpress\/wp-content\/uploads\/2020\/05\/ideal-standard-orcenigo-300x211.jpg\" alt=\"\" width=\"300\" height=\"211\" srcset=\"https:\/\/www.radiopiu.net\/wordpress\/wp-content\/uploads\/2020\/05\/ideal-standard-orcenigo-300x211.jpg 300w, https:\/\/www.radiopiu.net\/wordpress\/wp-content\/uploads\/2020\/05\/ideal-standard-orcenigo-1024x721.jpg 1024w, https:\/\/www.radiopiu.net\/wordpress\/wp-content\/uploads\/2020\/05\/ideal-standard-orcenigo-768x541.jpg 768w, https:\/\/www.radiopiu.net\/wordpress\/wp-content\/uploads\/2020\/05\/ideal-standard-orcenigo-1536x1082.jpg 1536w, https:\/\/www.radiopiu.net\/wordpress\/wp-content\/uploads\/2020\/05\/ideal-standard-orcenigo-2048x1442.jpg 2048w\" sizes=\"auto, (max-width: 300px) 100vw, 300px\" \/><\/a><strong>VENEZIA<\/strong>\u00a0Come concordato tra le parti, ieri si \u00e8 svolto l\u2019incontro tra i vertici aziendali del gruppo Ideal Standard e i rappresentanti sindacali dei lavoratori dello stabilimento di Trichiana. L\u2019incontro<span class=\"Apple-converted-space\">\u00a0 <\/span>&#8211; secondo l\u2019esito comunicato dalle parti alla Regione Veneto \u2013 non ha fornito alcuna informazione utile circa le prossime prospettive aziendali, ovvero modalit\u00e0 di ripresa delle attivit\u00e0 e quantificazione dei volumi produttivi previsti nei prossimi mesi nei diversi stabilimenti del gruppo (presente in Italia, a Trichiana-Borgo Valbelluna, nella Repubblica Ceca a Teplice, in Bulgaria a Sevlievo e nel Regno Unito a Rugeley)<span class=\"Apple-converted-space\">\u00a0\u00a0<\/span>\u201c<em>Da quanto comunicato \u2013 riferisce l\u2019assessore regionale al lavoro del Veneto, Elena Donazzan &#8211;<span class=\"Apple-converted-space\">\u00a0 <\/span>l\u2019unica informazione che emerge sono le date di ripartenza dei diversi stabilimenti: Trichiana, primo dei quattro stabilimenti a chiudere a causa della crisi pandemica, sar\u00e0 l\u2019ultimo a ripartire, il 29 giugno, senza peraltro alcuna indicazione di basi produttive e numero di lavoratori, a differenza delle altre sedi continentali che riapriranno luned\u00ec 18 e di quella inglese che si acceder\u00e0 i forni il 1\u00b0 giugno<\/em>\u201d\u00a0\u201c<em>Stigmatizziamo l\u2019atteggiamento aziendale nella gestione delle relazioni sindacali \u2013 dichiara Donazzan &#8211; Non \u00e8 accettabile che l\u2019azienda annunci in sede istituzionale una riconvocazione entro 24 ore, senza poi dare alcuna informazione utile<\/em>\u201d.\u00a0\u201c<em>Apprendiamo, inoltre, che eventuali informazioni aggiuntive verranno comunicate nella riunione europea del gruppo. Non \u00e8 credibile \u2013 prosegue l\u2019assessore &#8211; che non esista una programmazione aziendale in una realt\u00e0 strutturata qual \u00e8 Ideal Standard: \u00e8 diritto dei lavoratori, delle organizzazioni sindacali che li rappresentano e delle istituzioni che hanno attivato gli ammortizzatori sociali<span class=\"Apple-converted-space\">\u00a0 <\/span>di essere messi a conoscenza dei programmi aziendali per i prossimi mesi. Pretendiamo, quindi. che le intenzioni e i piani per la ripartenza vengano condivisi con le rappresentanze sindacali e con le istituzioni.<span class=\"Apple-converted-space\">\u00a0<\/span>Aggiorneremo il ministero del Lavoro e quello dello Sviluppo Economico dell\u2019esito negativo dell\u2019incontro odierno \u2013conclude Donazzan .-<span class=\"Apple-converted-space\">\u00a0 <\/span>Valuteremo se l\u2019incontro previsto nei prossimi giorni, sar\u00e0 una presa in giro. E insieme ai ministeri competenti assumeremo le iniziative pi\u00f9 idonee da mettere in atto<\/em>\u201d.<\/p>\n<p>&nbsp;<\/p>\n<p>&nbsp;<\/p>\n<hr \/>\n<p>&nbsp;<\/p>\n<blockquote>\n<h3 class=\"entry-title\">PRIMO CONSIGLIO DELL\u2019UNIONE MONTANA IN VIDEO CONFERENZA, TROPPI I PROBLEMI LEGATI AL MANCATO SVILUPPO TECNOLOGICO. URGE LA BANDA LARGA<\/h3>\n<\/blockquote>\n<p><strong class=\"photoswipe-wrapper\"><a class=\"dt-pswp-item pspw-wrap-ready\" href=\"https:\/\/i2.wp.com\/www.radiopiu.net\/wordpress\/wp-content\/uploads\/2020\/04\/fibra-ottica.jpg?ssl=1\" data-dt-img-description=\"\" data-large_image_width=\"1920\" data-large_image_height=\"1280\"><img loading=\"lazy\" decoding=\"async\" class=\" wp-image-133161 alignleft\" src=\"https:\/\/i2.wp.com\/www.radiopiu.net\/wordpress\/wp-content\/uploads\/2020\/04\/fibra-ottica.jpg?resize=168%2C112&amp;ssl=1\" sizes=\"auto, (max-width: 168px) 100vw, 168px\" srcset=\"https:\/\/i2.wp.com\/www.radiopiu.net\/wordpress\/wp-content\/uploads\/2020\/04\/fibra-ottica.jpg?resize=300%2C200&amp;ssl=1 300w, https:\/\/i2.wp.com\/www.radiopiu.net\/wordpress\/wp-content\/uploads\/2020\/04\/fibra-ottica.jpg?resize=1024%2C683&amp;ssl=1 1024w, https:\/\/i2.wp.com\/www.radiopiu.net\/wordpress\/wp-content\/uploads\/2020\/04\/fibra-ottica.jpg?resize=768%2C512&amp;ssl=1 768w, https:\/\/i2.wp.com\/www.radiopiu.net\/wordpress\/wp-content\/uploads\/2020\/04\/fibra-ottica.jpg?resize=1536%2C1024&amp;ssl=1 1536w, https:\/\/i2.wp.com\/www.radiopiu.net\/wordpress\/wp-content\/uploads\/2020\/04\/fibra-ottica.jpg?w=1920&amp;ssl=1 1920w\" alt=\"\" width=\"168\" height=\"112\" data-recalc-dims=\"1\" \/><\/a>AGORDO <\/strong>Quasi tutto bene nel primo consiglio in video conferenza dell\u2019Unione Montana Agordina. Quasi perch\u00e9 la mancanza della banda larga di problemi ne ha creati tanto in ricezione delle immagine dalla sala Don Tamis verso l\u2019Alto Agordino e viceversa, ma non \u00e8 un novit\u00e0 come sanno coloro che negli ultimi due mesi si sono servizi della rete per lezioni a distanza piuttosto che di convention di gruppo per motivi di lavoro. Ma l\u2019impegno degli uffici dell\u2019Unione Montana \u00e8 stato ripagato da un prodotto comunque sufficientemente accettabile pur con qualche sprazzo di vuoto. L\u2019Unione Montana intende proseguire su questa linea oltre l\u2019obbligo della pandemia, un metodo che torner\u00e0 utile anche per gli incontri tra sindaci, piuttosto che con i dipendenti o altre occasioni ancora. Nel consiglio dell\u2019altra sera presentata a votata l\u2019apposita delibera tenuta a battesimo dal presidente Michele Costa.<\/p>\n<audio class=\"wp-audio-shortcode\" id=\"audio-137912-4\" preload=\"none\" style=\"width: 100%;\" controls=\"controls\"><source type=\"audio\/mpeg\" src=\"https:\/\/www.radiopiu.net\/wordpress\/wp-content\/uploads\/2020\/05\/VIDEO-CONFERENZE-IN-BANDA-LARGA-E-PROBLEMI-ANNESSI.mp3?_=4\" \/><a href=\"https:\/\/www.radiopiu.net\/wordpress\/wp-content\/uploads\/2020\/05\/VIDEO-CONFERENZE-IN-BANDA-LARGA-E-PROBLEMI-ANNESSI.mp3\">https:\/\/www.radiopiu.net\/wordpress\/wp-content\/uploads\/2020\/05\/VIDEO-CONFERENZE-IN-BANDA-LARGA-E-PROBLEMI-ANNESSI.mp3<\/a><\/audio>\n<p>&nbsp;<\/p>\n<hr \/>\n<p>&nbsp;<\/p>\n<p>&nbsp;<\/p>\n<p>&nbsp;<\/p>\n<p>&nbsp;<\/p>\n<blockquote>\n<h3 class=\"entry-title\">IL CENTRO BENESSERE DI FALCADE RIMANE UN SOGNO, IL COMUNE RINUNCIA AL CONTRIBUTO DEI FONDI DI CONFINE, LE DOMANDE ANDAVANO PRESENTATE ENTRO GIUGNO<\/h3>\n<\/blockquote>\n<p><strong class=\"photoswipe-wrapper\"><img loading=\"lazy\" decoding=\"async\" class=\"size-medium wp-image-137930 alignleft jetpack-lazy-image jetpack-lazy-image--handled\" src=\"https:\/\/i0.wp.com\/www.radiopiu.net\/wordpress\/wp-content\/uploads\/2020\/05\/SAUNA.jpg?resize=300%2C195&amp;ssl=1\" sizes=\"auto, (max-width: 300px) 100vw, 300px\" srcset=\"https:\/\/i0.wp.com\/www.radiopiu.net\/wordpress\/wp-content\/uploads\/2020\/05\/SAUNA.jpg?resize=300%2C195&amp;ssl=1 300w, https:\/\/i0.wp.com\/www.radiopiu.net\/wordpress\/wp-content\/uploads\/2020\/05\/SAUNA.jpg?resize=1024%2C666&amp;ssl=1 1024w, https:\/\/i0.wp.com\/www.radiopiu.net\/wordpress\/wp-content\/uploads\/2020\/05\/SAUNA.jpg?resize=768%2C500&amp;ssl=1 768w, https:\/\/i0.wp.com\/www.radiopiu.net\/wordpress\/wp-content\/uploads\/2020\/05\/SAUNA.jpg?resize=1536%2C999&amp;ssl=1 1536w, https:\/\/i0.wp.com\/www.radiopiu.net\/wordpress\/wp-content\/uploads\/2020\/05\/SAUNA.jpg?w=1920&amp;ssl=1 1920w\" alt=\"\" width=\"300\" height=\"195\" data-recalc-dims=\"1\" data-lazy-loaded=\"1\" \/>FALCADE <\/strong>Nei giorni in cui il Presidente del comitato paritetico per i Fondi di Confine annuncia un nuovo corso per il finanziamento dei progetti, ovvero\u00a0 l\u2019ulteriore semplificazione\u00a0 del\u00a0 processo di distribuzione delle risorse, da Falcade arriva la conferma che l\u2019ipotizzato Centro Benessere non si far\u00e0. L\u2019amministrazione comunale ha gi\u00e0 comunicato che rinuncia all\u2019impresa, come confermato ai microfoni di Radio Pi\u00f9 dal sindaco Michele Costa.<\/p>\n<audio class=\"wp-audio-shortcode\" id=\"audio-137912-5\" preload=\"none\" style=\"width: 100%;\" controls=\"controls\"><source type=\"audio\/mpeg\" src=\"https:\/\/www.radiopiu.net\/wordpress\/wp-content\/uploads\/2020\/05\/CENTRO-BENESSERE-DI-FALCADE-NON-SI-FARA.mp3?_=5\" \/><a href=\"https:\/\/www.radiopiu.net\/wordpress\/wp-content\/uploads\/2020\/05\/CENTRO-BENESSERE-DI-FALCADE-NON-SI-FARA.mp3\">https:\/\/www.radiopiu.net\/wordpress\/wp-content\/uploads\/2020\/05\/CENTRO-BENESSERE-DI-FALCADE-NON-SI-FARA.mp3<\/a><\/audio>\n<p>&nbsp;<\/p>\n<p>di Gianni Santomaso<\/p>\n<audio class=\"wp-audio-shortcode\" id=\"audio-137912-6\" preload=\"none\" style=\"width: 100%;\" controls=\"controls\"><source type=\"audio\/mpeg\" src=\"https:\/\/www.radiopiu.net\/wordpress\/wp-content\/uploads\/2020\/05\/GIANNI-FALCADE-CENTRO-BENESSERE.mp3?_=6\" \/><a href=\"https:\/\/www.radiopiu.net\/wordpress\/wp-content\/uploads\/2020\/05\/GIANNI-FALCADE-CENTRO-BENESSERE.mp3\">https:\/\/www.radiopiu.net\/wordpress\/wp-content\/uploads\/2020\/05\/GIANNI-FALCADE-CENTRO-BENESSERE.mp3<\/a><\/audio>\n<p>&nbsp;<\/p>\n<p>&nbsp;<\/p>\n<hr \/>\n<p>&nbsp;<\/p>\n<p>&nbsp;<\/p>\n<blockquote>\n<h3>ALTRI 3 MILIONI PER IL CENTRO BENESSERE AD ARABBA<\/h3>\n<\/blockquote>\n<p><a class=\"dt-pswp-item\" href=\"https:\/\/www.radiopiu.net\/wordpress\/wp-content\/uploads\/2020\/05\/CENTRO-BENESSERE-ARABBA-1.jpg\" data-dt-img-description=\"\" data-large_image_width=\"1000\" data-large_image_height=\"562\"><img loading=\"lazy\" decoding=\"async\" class=\"size-medium wp-image-138122 alignleft\" src=\"https:\/\/www.radiopiu.net\/wordpress\/wp-content\/uploads\/2020\/05\/CENTRO-BENESSERE-ARABBA-1-300x169.jpg\" alt=\"\" width=\"300\" height=\"169\" srcset=\"https:\/\/www.radiopiu.net\/wordpress\/wp-content\/uploads\/2020\/05\/CENTRO-BENESSERE-ARABBA-1-300x169.jpg 300w, https:\/\/www.radiopiu.net\/wordpress\/wp-content\/uploads\/2020\/05\/CENTRO-BENESSERE-ARABBA-1-768x432.jpg 768w, https:\/\/www.radiopiu.net\/wordpress\/wp-content\/uploads\/2020\/05\/CENTRO-BENESSERE-ARABBA-1.jpg 1000w\" sizes=\"auto, (max-width: 300px) 100vw, 300px\" \/><\/a>di Gianni Santomaso<\/p>\n<audio class=\"wp-audio-shortcode\" id=\"audio-137912-7\" preload=\"none\" style=\"width: 100%;\" controls=\"controls\"><source type=\"audio\/mpeg\" src=\"https:\/\/www.radiopiu.net\/wordpress\/wp-content\/uploads\/2020\/05\/GIANNI-CENTRI-BENESSERE-ARABBA.mp3?_=7\" \/><a href=\"https:\/\/www.radiopiu.net\/wordpress\/wp-content\/uploads\/2020\/05\/GIANNI-CENTRI-BENESSERE-ARABBA.mp3\">https:\/\/www.radiopiu.net\/wordpress\/wp-content\/uploads\/2020\/05\/GIANNI-CENTRI-BENESSERE-ARABBA.mp3<\/a><\/audio>\n<p>&nbsp;<\/p>\n<p>&nbsp;<\/p>\n<p>&nbsp;<\/p>\n<hr \/>\n<blockquote>\n<h3 class=\"entry-title\">ANDREA ZAMPIERI CONSIGLIERE COMUNALE DI FALCADE SULLE NUOVE DISPOSIZIONI PER LA \u201cPART\u201d DE LE LEGNE, NOTIZIE UTILI PER I CITTADINI DI FALCADE<\/h3>\n<\/blockquote>\n<p><strong class=\"photoswipe-wrapper\"><a class=\"dt-pswp-item pspw-wrap-ready\" href=\"https:\/\/i2.wp.com\/www.radiopiu.net\/wordpress\/wp-content\/uploads\/2020\/05\/LEGNA.jpg?ssl=1\" data-dt-img-description=\"\" data-large_image_width=\"1920\" data-large_image_height=\"1279\"><img loading=\"lazy\" decoding=\"async\" class=\"size-medium wp-image-137919 alignleft\" src=\"https:\/\/i2.wp.com\/www.radiopiu.net\/wordpress\/wp-content\/uploads\/2020\/05\/LEGNA.jpg?resize=300%2C200&amp;ssl=1\" sizes=\"auto, (max-width: 300px) 100vw, 300px\" srcset=\"https:\/\/i2.wp.com\/www.radiopiu.net\/wordpress\/wp-content\/uploads\/2020\/05\/LEGNA.jpg?resize=300%2C200&amp;ssl=1 300w, https:\/\/i2.wp.com\/www.radiopiu.net\/wordpress\/wp-content\/uploads\/2020\/05\/LEGNA.jpg?resize=1024%2C682&amp;ssl=1 1024w, https:\/\/i2.wp.com\/www.radiopiu.net\/wordpress\/wp-content\/uploads\/2020\/05\/LEGNA.jpg?resize=768%2C512&amp;ssl=1 768w, https:\/\/i2.wp.com\/www.radiopiu.net\/wordpress\/wp-content\/uploads\/2020\/05\/LEGNA.jpg?resize=1536%2C1023&amp;ssl=1 1536w, https:\/\/i2.wp.com\/www.radiopiu.net\/wordpress\/wp-content\/uploads\/2020\/05\/LEGNA.jpg?w=1920&amp;ssl=1 1920w\" alt=\"\" width=\"300\" height=\"200\" data-recalc-dims=\"1\" \/><\/a><\/strong><\/p>\n<p><strong>FALCADE <\/strong>Ritocchi per l\u2019assegnazione della\u00a0 \u201cpart de le legne\u201d, c\u2019\u00e8 tempo fino al 31 maggio per la prenotazione. Non ci sar\u00e0 sorteggio sul posto ma sar\u00e0 una procedura d\u2019ufficio. Sar\u00e0 il Comune di Canale d\u2019Agordo con Andrea Adami che aiuter\u00e0 i \u201ccugini\u201d falcadini.<\/p>\n<p>&nbsp;<\/p>\n<p>&nbsp;<\/p>\n<p><strong>AI MICROFONI DI RADIO PIU\u2019 IL CONSIGLIERE COMUNALE ANDREA ZAMPIERI<\/strong><\/p>\n<audio class=\"wp-audio-shortcode\" id=\"audio-137912-8\" preload=\"none\" style=\"width: 100%;\" controls=\"controls\"><source type=\"audio\/mpeg\" src=\"https:\/\/www.radiopiu.net\/wordpress\/wp-content\/uploads\/2020\/05\/ZAMPIERI.mp3?_=8\" \/><a href=\"https:\/\/www.radiopiu.net\/wordpress\/wp-content\/uploads\/2020\/05\/ZAMPIERI.mp3\">https:\/\/www.radiopiu.net\/wordpress\/wp-content\/uploads\/2020\/05\/ZAMPIERI.mp3<\/a><\/audio>\n<p>&nbsp;<\/p>\n<hr \/>\n<p>&nbsp;<\/p>\n<blockquote>\n<h3>IL LUPO IN VALLE DEL BIOIS, MATTEO BIASETTO NE DOCUMENTA LA PRESENZA<\/h3>\n<\/blockquote>\n<p><strong><a class=\"dt-pswp-item\" href=\"https:\/\/www.radiopiu.net\/wordpress\/wp-content\/uploads\/2020\/05\/MATTEO-BIASETTO.jpg\" data-dt-img-description=\"\" data-large_image_width=\"640\" data-large_image_height=\"640\"><img loading=\"lazy\" decoding=\"async\" class=\" wp-image-137938 alignleft\" src=\"https:\/\/www.radiopiu.net\/wordpress\/wp-content\/uploads\/2020\/05\/MATTEO-BIASETTO-300x300.jpg\" alt=\"\" width=\"137\" height=\"137\" srcset=\"https:\/\/www.radiopiu.net\/wordpress\/wp-content\/uploads\/2020\/05\/MATTEO-BIASETTO-300x300.jpg 300w, https:\/\/www.radiopiu.net\/wordpress\/wp-content\/uploads\/2020\/05\/MATTEO-BIASETTO-150x150.jpg 150w, https:\/\/www.radiopiu.net\/wordpress\/wp-content\/uploads\/2020\/05\/MATTEO-BIASETTO.jpg 640w\" sizes=\"auto, (max-width: 137px) 100vw, 137px\" \/><\/a>CANALE D&#8217;AGORDO<\/strong> Ha lasciato di buon&#8217;ora l&#8217;abitazione di Pisoliva con direzione Colmont-Forcella Negher ma mai si sarebbe aspettato di fare un incontro particolare &#8220;che mi ha emozionato&#8221; racconta Matteo, veneziano d&#8217;origine ma di casa nell&#8217;Agordino dal 1994 e impegnato professionalmente tra la vallata e Cortina. Con la sua macchina fotografica testimonia la presenza del branco di lupi, almeno 5. Nessuno ad oggi ha mai raccontato dell&#8217;incontro con il lupo in questa zona.<br \/>\n<strong>L&#8217;INTERVISTA<\/strong><\/p>\n<audio class=\"wp-audio-shortcode\" id=\"audio-137912-9\" preload=\"none\" style=\"width: 100%;\" controls=\"controls\"><source type=\"audio\/mpeg\" src=\"https:\/\/www.radiopiu.net\/wordpress\/wp-content\/uploads\/2020\/05\/MATTEO-LUPO.mp3?_=9\" \/><a href=\"https:\/\/www.radiopiu.net\/wordpress\/wp-content\/uploads\/2020\/05\/MATTEO-LUPO.mp3\">https:\/\/www.radiopiu.net\/wordpress\/wp-content\/uploads\/2020\/05\/MATTEO-LUPO.mp3<\/a><\/audio>\n<p><strong>\u00a0<\/strong><\/p>\n<p><strong>IL VIDEO DELL&#8217;AVVISTAMENTO<\/strong><\/p>\n<div style=\"width: 1200px;\" class=\"wp-video\"><video class=\"wp-video-shortcode\" id=\"video-137912-1\" width=\"1200\" height=\"675\" preload=\"metadata\" controls=\"controls\"><source type=\"video\/mp4\" src=\"https:\/\/www.radiopiu.net\/wordpress\/wp-content\/uploads\/2020\/05\/lupi-Forcella-Negher.mp4?_=1\" \/><a href=\"https:\/\/www.radiopiu.net\/wordpress\/wp-content\/uploads\/2020\/05\/lupi-Forcella-Negher.mp4\">https:\/\/www.radiopiu.net\/wordpress\/wp-content\/uploads\/2020\/05\/lupi-Forcella-Negher.mp4<\/a><\/video><\/div>\n<p>&nbsp;<\/p>\n<p><strong>LE FOTO<\/strong><\/p>\n\n\t\t\t<style type='text\/css'>\n\t\t\t\t#gallery-1 {\n\t\t\t\t\tmargin: auto;\n\t\t\t\t}\n\t\t\t\t#gallery-1 .gallery-item {\n\t\t\t\t\tfloat: left;\n\t\t\t\t\tmargin-top: 10px;\n\t\t\t\t\ttext-align: center;\n\t\t\t\t\twidth: 33%;\n\t\t\t\t}\n\t\t\t\t#gallery-1 img {\n\t\t\t\t\tborder: 2px solid #cfcfcf;\n\t\t\t\t}\n\t\t\t\t#gallery-1 .gallery-caption {\n\t\t\t\t\tmargin-left: 0;\n\t\t\t\t}\n\t\t\t\t\/* see gallery_shortcode() in wp-includes\/media.php *\/\n\t\t\t<\/style>\n\t\t<div id='gallery-1' class='dt-gallery-container gallery galleryid-137912 gallery-columns-3 gallery-size-medium'><dl class='gallery-item'>\n\t\t\t\t<dt class='gallery-icon landscape'>\n\t\t\t\t\t<a class=\"rollover\" href='https:\/\/www.radiopiu.net\/wordpress\/il-lupo-in-valle-del-biois-matteo-biasetto-ne-documenta-la-presenza\/4aa795f0-b3bd-4545-bb5b-222391108a0d\/'><img loading=\"lazy\" decoding=\"async\" width=\"300\" height=\"225\" src=\"https:\/\/www.radiopiu.net\/wordpress\/wp-content\/uploads\/2020\/05\/4aa795f0-b3bd-4545-bb5b-222391108a0d-300x225.jpg\" class=\"attachment-medium size-medium\" alt=\"\" srcset=\"https:\/\/www.radiopiu.net\/wordpress\/wp-content\/uploads\/2020\/05\/4aa795f0-b3bd-4545-bb5b-222391108a0d-300x225.jpg 300w, https:\/\/www.radiopiu.net\/wordpress\/wp-content\/uploads\/2020\/05\/4aa795f0-b3bd-4545-bb5b-222391108a0d-1024x768.jpg 1024w, https:\/\/www.radiopiu.net\/wordpress\/wp-content\/uploads\/2020\/05\/4aa795f0-b3bd-4545-bb5b-222391108a0d-768x576.jpg 768w, https:\/\/www.radiopiu.net\/wordpress\/wp-content\/uploads\/2020\/05\/4aa795f0-b3bd-4545-bb5b-222391108a0d-1536x1152.jpg 1536w, https:\/\/www.radiopiu.net\/wordpress\/wp-content\/uploads\/2020\/05\/4aa795f0-b3bd-4545-bb5b-222391108a0d.jpg 1600w\" sizes=\"auto, (max-width: 300px) 100vw, 300px\" \/><\/a>\n\t\t\t\t<\/dt><\/dl><dl class='gallery-item'>\n\t\t\t\t<dt class='gallery-icon landscape'>\n\t\t\t\t\t<a class=\"rollover\" href='https:\/\/www.radiopiu.net\/wordpress\/il-lupo-in-valle-del-biois-matteo-biasetto-ne-documenta-la-presenza\/61ebe6ca-0ee2-47bb-9b24-3c97b3635cba\/'><img loading=\"lazy\" decoding=\"async\" width=\"300\" height=\"225\" src=\"https:\/\/www.radiopiu.net\/wordpress\/wp-content\/uploads\/2020\/05\/61ebe6ca-0ee2-47bb-9b24-3c97b3635cba-300x225.jpg\" class=\"attachment-medium size-medium\" alt=\"\" srcset=\"https:\/\/www.radiopiu.net\/wordpress\/wp-content\/uploads\/2020\/05\/61ebe6ca-0ee2-47bb-9b24-3c97b3635cba-300x225.jpg 300w, https:\/\/www.radiopiu.net\/wordpress\/wp-content\/uploads\/2020\/05\/61ebe6ca-0ee2-47bb-9b24-3c97b3635cba-1024x768.jpg 1024w, https:\/\/www.radiopiu.net\/wordpress\/wp-content\/uploads\/2020\/05\/61ebe6ca-0ee2-47bb-9b24-3c97b3635cba-768x576.jpg 768w, https:\/\/www.radiopiu.net\/wordpress\/wp-content\/uploads\/2020\/05\/61ebe6ca-0ee2-47bb-9b24-3c97b3635cba-1536x1152.jpg 1536w, https:\/\/www.radiopiu.net\/wordpress\/wp-content\/uploads\/2020\/05\/61ebe6ca-0ee2-47bb-9b24-3c97b3635cba.jpg 1600w\" sizes=\"auto, (max-width: 300px) 100vw, 300px\" \/><\/a>\n\t\t\t\t<\/dt><\/dl><dl class='gallery-item'>\n\t\t\t\t<dt class='gallery-icon landscape'>\n\t\t\t\t\t<a class=\"rollover\" href='https:\/\/www.radiopiu.net\/wordpress\/il-lupo-in-valle-del-biois-matteo-biasetto-ne-documenta-la-presenza\/5129c057-342e-4b67-8b8f-8934fbdf1035\/'><img loading=\"lazy\" decoding=\"async\" width=\"300\" height=\"225\" src=\"https:\/\/www.radiopiu.net\/wordpress\/wp-content\/uploads\/2020\/05\/5129c057-342e-4b67-8b8f-8934fbdf1035-300x225.jpg\" class=\"attachment-medium size-medium\" alt=\"\" srcset=\"https:\/\/www.radiopiu.net\/wordpress\/wp-content\/uploads\/2020\/05\/5129c057-342e-4b67-8b8f-8934fbdf1035-300x225.jpg 300w, https:\/\/www.radiopiu.net\/wordpress\/wp-content\/uploads\/2020\/05\/5129c057-342e-4b67-8b8f-8934fbdf1035-1024x768.jpg 1024w, https:\/\/www.radiopiu.net\/wordpress\/wp-content\/uploads\/2020\/05\/5129c057-342e-4b67-8b8f-8934fbdf1035-768x576.jpg 768w, https:\/\/www.radiopiu.net\/wordpress\/wp-content\/uploads\/2020\/05\/5129c057-342e-4b67-8b8f-8934fbdf1035-1536x1152.jpg 1536w, https:\/\/www.radiopiu.net\/wordpress\/wp-content\/uploads\/2020\/05\/5129c057-342e-4b67-8b8f-8934fbdf1035.jpg 1600w\" sizes=\"auto, (max-width: 300px) 100vw, 300px\" \/><\/a>\n\t\t\t\t<\/dt><\/dl><br style=\"clear: both\" \/>\n\t\t\t<\/div>\n\n<p>&nbsp;<\/p>\n<p>&nbsp;<\/p>\n<hr \/>\n<p>&nbsp;<\/p>\n<blockquote>\n<h3>LUNED\u00cc C&#8217;\u00c8 CHI APRE E CHI NO<\/h3>\n<\/blockquote>\n<p><a class=\"dt-pswp-item\" href=\"https:\/\/www.radiopiu.net\/wordpress\/wp-content\/uploads\/2020\/05\/ZANVIT.jpg\" data-dt-img-description=\"\" data-large_image_width=\"1600\" data-large_image_height=\"901\"><img loading=\"lazy\" decoding=\"async\" class=\"size-medium wp-image-138117 alignleft\" src=\"https:\/\/www.radiopiu.net\/wordpress\/wp-content\/uploads\/2020\/05\/ZANVIT-300x169.jpg\" alt=\"\" width=\"300\" height=\"169\" srcset=\"https:\/\/www.radiopiu.net\/wordpress\/wp-content\/uploads\/2020\/05\/ZANVIT-300x169.jpg 300w, https:\/\/www.radiopiu.net\/wordpress\/wp-content\/uploads\/2020\/05\/ZANVIT-1024x577.jpg 1024w, https:\/\/www.radiopiu.net\/wordpress\/wp-content\/uploads\/2020\/05\/ZANVIT-768x432.jpg 768w, https:\/\/www.radiopiu.net\/wordpress\/wp-content\/uploads\/2020\/05\/ZANVIT-1536x865.jpg 1536w, https:\/\/www.radiopiu.net\/wordpress\/wp-content\/uploads\/2020\/05\/ZANVIT.jpg 1600w\" sizes=\"auto, (max-width: 300px) 100vw, 300px\" \/><\/a>di Gianni Santomaso<\/p>\n<audio class=\"wp-audio-shortcode\" id=\"audio-137912-10\" preload=\"none\" style=\"width: 100%;\" controls=\"controls\"><source type=\"audio\/mpeg\" src=\"https:\/\/www.radiopiu.net\/wordpress\/wp-content\/uploads\/2020\/05\/GIANNI-RIAPERTURE-LUNEDI.mp3?_=10\" \/><a href=\"https:\/\/www.radiopiu.net\/wordpress\/wp-content\/uploads\/2020\/05\/GIANNI-RIAPERTURE-LUNEDI.mp3\">https:\/\/www.radiopiu.net\/wordpress\/wp-content\/uploads\/2020\/05\/GIANNI-RIAPERTURE-LUNEDI.mp3<\/a><\/audio>\n<p>&nbsp;<\/p>\n<p>&nbsp;<\/p>\n<hr \/>\n<p>&nbsp;<\/p>\n<blockquote>\n<h3>NIENTE SPETTACOLO DI FINE ANNO AL RENIER FONDI DONATI AL COMUNE PER L&#8217;EMERGENZA<\/h3>\n<\/blockquote>\n<p><strong><a class=\"dt-pswp-item\" href=\"https:\/\/www.radiopiu.net\/wordpress\/wp-content\/uploads\/2019\/05\/esterno_sud.jpg\" data-dt-img-description=\"\" data-large_image_width=\"807\" data-large_image_height=\"500\"><img loading=\"lazy\" decoding=\"async\" class=\"size-medium wp-image-86054 alignleft\" src=\"https:\/\/www.radiopiu.net\/wordpress\/wp-content\/uploads\/2019\/05\/esterno_sud-300x186.jpg\" alt=\"\" width=\"300\" height=\"186\" srcset=\"https:\/\/www.radiopiu.net\/wordpress\/wp-content\/uploads\/2019\/05\/esterno_sud-300x186.jpg 300w, https:\/\/www.radiopiu.net\/wordpress\/wp-content\/uploads\/2019\/05\/esterno_sud-768x476.jpg 768w, https:\/\/www.radiopiu.net\/wordpress\/wp-content\/uploads\/2019\/05\/esterno_sud.jpg 807w\" sizes=\"auto, (max-width: 300px) 100vw, 300px\" \/><\/a>BELLUNO<\/strong>\u00a0Nuovo gesto di solidariet\u00e0 degli studenti del Liceo Statale Giustina Renier che hanno deciso di donare al fondo del Comune di Belluno per l&#8217;emergenza Covid-19 quanto raccolto durante quest&#8217;anno scolastico e che sarebbe servito a finanziare l&#8217;evento di fine anno \u201cTalento al Renier\u201d.\u00a01400 gli euro raccolti dai ragazzi, da novembre fino al momento della chiusura degli istituti scolastici, con la vendita di pizzette e brioche ai compagni: \u00ab<em>Questi soldi ci sarebbero serviti per pagare il teatro e il servizio dei Vigili del Fuoco in occasione del nostro tradizionale spettacolo di fine anno, che \u00e8 naturalmente saltato vista l&#8217;epidemia. \u2013 hanno spiegato questa mattina i ragazzi (presenti Beatrice Da Tos, Fabiana Aruta, Diego Fusina ed Elia Sommacal, i quattro studenti del consiglio di istituto eletti dai 950 compagni del Renier) al sindaco Jacopo Massaro, in collegamento in videoconferenza \u2013 La scelta per noi \u00e8 stata quindi logica e immediata: quando abbiamo visto quello che stava succedendo, quando abbiamo iniziato a vivere questa \u201cstrana\u201d situazione anche nelle nostre case, per noi \u00e8 stato assolutamente naturale decidere di aiutare il nostro comune<\/em>\u00bb<\/p>\n<p><strong>IL SINDACO DI BELLUNO JACOPO MASSARO<\/strong><\/p>\n<audio class=\"wp-audio-shortcode\" id=\"audio-137912-11\" preload=\"none\" style=\"width: 100%;\" controls=\"controls\"><source type=\"audio\/mpeg\" src=\"https:\/\/www.radiopiu.net\/wordpress\/wp-content\/uploads\/2020\/05\/Massaro-Donazione-Renier-fondo-solidariet\u00e0.mp3?_=11\" \/><a href=\"https:\/\/www.radiopiu.net\/wordpress\/wp-content\/uploads\/2020\/05\/Massaro-Donazione-Renier-fondo-solidariet\u00e0.mp3\">https:\/\/www.radiopiu.net\/wordpress\/wp-content\/uploads\/2020\/05\/Massaro-Donazione-Renier-fondo-solidariet\u00e0.mp3<\/a><\/audio>\n<p>&nbsp;<\/p>\n<p>&nbsp;<\/p>\n<hr \/>\n<p>&nbsp;<\/p>\n<blockquote>\n<h3>OCCUPAZIONE DEL SUOLO PUBBLICO A FELTRE<\/h3>\n<\/blockquote>\n<p><strong><a class=\"dt-pswp-item\" href=\"https:\/\/www.radiopiu.net\/wordpress\/wp-content\/uploads\/2020\/05\/067ab884-4d9e-4b94-bd8a-bde591d33a0f.jpg\" data-dt-img-description=\"\" data-large_image_width=\"1080\" data-large_image_height=\"810\"><img loading=\"lazy\" decoding=\"async\" class=\"size-medium wp-image-137988 alignleft\" src=\"https:\/\/www.radiopiu.net\/wordpress\/wp-content\/uploads\/2020\/05\/067ab884-4d9e-4b94-bd8a-bde591d33a0f-300x225.jpg\" alt=\"\" width=\"300\" height=\"225\" srcset=\"https:\/\/www.radiopiu.net\/wordpress\/wp-content\/uploads\/2020\/05\/067ab884-4d9e-4b94-bd8a-bde591d33a0f-300x225.jpg 300w, https:\/\/www.radiopiu.net\/wordpress\/wp-content\/uploads\/2020\/05\/067ab884-4d9e-4b94-bd8a-bde591d33a0f-1024x768.jpg 1024w, https:\/\/www.radiopiu.net\/wordpress\/wp-content\/uploads\/2020\/05\/067ab884-4d9e-4b94-bd8a-bde591d33a0f-768x576.jpg 768w, https:\/\/www.radiopiu.net\/wordpress\/wp-content\/uploads\/2020\/05\/067ab884-4d9e-4b94-bd8a-bde591d33a0f.jpg 1080w\" sizes=\"auto, (max-width: 300px) 100vw, 300px\" \/><\/a>FELTRE<\/strong>\u00a0L\u2019Amministrazione Comunale ha messo a punto la procedura per la richiesta semplificata di ampliamento della superficie di suolo pubblico che gli esercenti potranno richiedere di utilizzare in questa fase di apertura dopo il lungo periodo di \u201cfermo\u201d. Gli interessati potranno inviare una mail PEC a\u00a0 tosap.tributi@comune.feltre.bl.it oppure\u00a0 protocollo@comune.feltre.bl.it allegando una planimetria con le misure (anche rilevate da google maps), senza bollo (che eventualmente verr\u00e0 richiesto in un secondo momento qualora la nuova normativa non ne preveda l\u2019esenzione).\u00a0<em>\u201cL\u2019Amministrazione si \u00e8 mossa gi\u00e0 da tempo \u2013 per quanto nelle sue possibilit\u00e0 \u2013 sul fronte delle possibili misure di accompagnamento alla riapertura delle attivit\u00e0 di bar e ristorazione, le pi\u00f9 penalizzate da questa lunga fase di lockdown. E\u2019 stata infatti eseguita una mappatura di tutti gli esercizi e una scheda dettagliata per ognuno di essi, affinch\u00e9 si possa procedere nel minor tempo possibile. Gi\u00e0 da venerd\u00ec 15 il Comune sar\u00e0 a disposizione per ogni aiuto possibile e per chi avesse dubbi o difficolt\u00e0.\u201d<\/em>\u00a0commenta l\u2019assessore alla Pianificazione del Territorio e al Commercio del Comune di Feltre Irma Visalli.<\/p>\n<p><strong>L&#8217;ASSESSORE DEL COMUNE DI FELTRE IRMA VASALLI<\/strong><\/p>\n<audio class=\"wp-audio-shortcode\" id=\"audio-137912-12\" preload=\"none\" style=\"width: 100%;\" controls=\"controls\"><source type=\"audio\/mpeg\" src=\"https:\/\/www.radiopiu.net\/wordpress\/wp-content\/uploads\/2020\/05\/IRMA-VASALLI-SUOLO-PUBBLICO-FELTRE.mp3?_=12\" \/><a href=\"https:\/\/www.radiopiu.net\/wordpress\/wp-content\/uploads\/2020\/05\/IRMA-VASALLI-SUOLO-PUBBLICO-FELTRE.mp3\">https:\/\/www.radiopiu.net\/wordpress\/wp-content\/uploads\/2020\/05\/IRMA-VASALLI-SUOLO-PUBBLICO-FELTRE.mp3<\/a><\/audio>\n<p>&nbsp;<\/p>\n<p>&nbsp;<\/p>\n<hr \/>\n<p>&nbsp;<\/p>\n<blockquote>\n<h3 class=\"entry-title\">UNA BELLA STORIA DI IMPREDITORIALITA\u2019 AGORDINA, DALLE PROTEZIONI AIDS DELL\u201988 AI DPI PER COVID 19<\/h3>\n<\/blockquote>\n<p><img loading=\"lazy\" decoding=\"async\" class=\"wp-image-137951 size-medium alignleft jetpack-lazy-image jetpack-lazy-image--handled\" src=\"https:\/\/i1.wp.com\/www.radiopiu.net\/wordpress\/wp-content\/uploads\/2020\/05\/STEFANO-PARISSENTI.jpg?resize=300%2C228&amp;ssl=1\" sizes=\"auto, (max-width: 300px) 100vw, 300px\" srcset=\"https:\/\/i1.wp.com\/www.radiopiu.net\/wordpress\/wp-content\/uploads\/2020\/05\/STEFANO-PARISSENTI-scaled.jpg?resize=300%2C228&amp;ssl=1 300w, https:\/\/i1.wp.com\/www.radiopiu.net\/wordpress\/wp-content\/uploads\/2020\/05\/STEFANO-PARISSENTI-scaled.jpg?resize=1024%2C777&amp;ssl=1 1024w, https:\/\/i1.wp.com\/www.radiopiu.net\/wordpress\/wp-content\/uploads\/2020\/05\/STEFANO-PARISSENTI-scaled.jpg?resize=768%2C583&amp;ssl=1 768w, https:\/\/i1.wp.com\/www.radiopiu.net\/wordpress\/wp-content\/uploads\/2020\/05\/STEFANO-PARISSENTI-scaled.jpg?resize=1536%2C1166&amp;ssl=1 1536w, https:\/\/i1.wp.com\/www.radiopiu.net\/wordpress\/wp-content\/uploads\/2020\/05\/STEFANO-PARISSENTI-scaled.jpg?resize=2048%2C1554&amp;ssl=1 2048w, https:\/\/i1.wp.com\/www.radiopiu.net\/wordpress\/wp-content\/uploads\/2020\/05\/STEFANO-PARISSENTI-scaled.jpg?w=2400&amp;ssl=1 2400w\" alt=\"\" width=\"300\" height=\"228\" data-recalc-dims=\"1\" data-lazy-loaded=\"1\" \/><\/p>\n<p><strong>di Mirko Mezzacasa\u00a0<\/strong><\/p>\n<p><strong>AGORDO\u00a0 <\/strong>Nel 1988 un dentista volontario in Africa,\u00a0 per difendersi dall\u2019Aids terribile malattia conosciuta nel secolo scorso,\u00a0 aveva chiesto aiuto all\u2019amico Stefano Parissenti il cui cognome ricorda una storia importante per Agordo e la provincia di Belluno legata alle officine prima e alla Mpa in localit\u00e0 Pragrande successivamente. Storici marchi fin dagli anni Cinquanta per la produzione delle \u201cguide\u201d per macchine industriali e per la produzione dei caschi protettivi e montature in metallo per occhiali. Trent\u2019anni fa l\u2019idea geniale di Stefano che in piena notte con la sua creativit\u00e0 inventa il \u201cvisor\u201d, leggero, ergonomico, anallergico, anti appannante, a misura unica, preciso per difendere il dentista nell\u2019ambito della sua professione. Un progetto nato dal telaio di un occhiale e la visiera di un casco messo a punto in uno studio dentistico di Cencenighe. Quella creazione \u00e8 stata commercializzata in Italia, nel mondo, nel settore odontoiatrico-ospedaliero ma anche nella hobbystica.\u00a0 Nel 1996\u00a0 l\u2019ulteriore modifica con la successiva\u00a0 certificazione Certottica come DPI individuale, passo importante e che apre alla ulteriore commercializzazione. Dallo scorso maggio il progetto di Stefano Parissenti prende eco perch\u00e9 strumento importante di protezione (i famosi DPI per covid19)\u00a0 ed ecco che il progetto viene ripreso e ri certificato. Trent\u2019anni dopo quindi le idee e il lavoro di Stefano prendono ulteriore vigore e oggi nel laboratorio sotto casa produce e commercializza il Visor VR1-E in 60 paesi nel mondo. Ne abbiamo parlato alla radio, e qui vi proponiamo la registrazione dell\u2019intervista.<\/p>\n<p><strong>L\u2019INTERVISTA A STEFANO PARISSENTI<\/strong><\/p>\n<audio class=\"wp-audio-shortcode\" id=\"audio-137912-13\" preload=\"none\" style=\"width: 100%;\" controls=\"controls\"><source type=\"audio\/mpeg\" src=\"https:\/\/www.radiopiu.net\/wordpress\/wp-content\/uploads\/2020\/05\/STEFANO.mp3?_=13\" \/><a href=\"https:\/\/www.radiopiu.net\/wordpress\/wp-content\/uploads\/2020\/05\/STEFANO.mp3\">https:\/\/www.radiopiu.net\/wordpress\/wp-content\/uploads\/2020\/05\/STEFANO.mp3<\/a><\/audio>\n<p><strong>per ulteriori informazioni: visor.italy.sp@gmail.com<\/strong><\/p>\n<p><strong>LA VISIERA<\/strong><\/p>\n<p><a class=\"dt-pswp-item\" href=\"https:\/\/www.radiopiu.net\/wordpress\/wp-content\/uploads\/2020\/05\/IMG_20200510_205328_695.jpg\" data-dt-img-description=\"\" data-large_image_width=\"1080\" data-large_image_height=\"921\"><img loading=\"lazy\" decoding=\"async\" class=\"alignnone size-medium wp-image-137952\" src=\"https:\/\/www.radiopiu.net\/wordpress\/wp-content\/uploads\/2020\/05\/IMG_20200510_205328_695-300x256.jpg\" alt=\"\" width=\"300\" height=\"256\" srcset=\"https:\/\/www.radiopiu.net\/wordpress\/wp-content\/uploads\/2020\/05\/IMG_20200510_205328_695-300x256.jpg 300w, https:\/\/www.radiopiu.net\/wordpress\/wp-content\/uploads\/2020\/05\/IMG_20200510_205328_695-1024x873.jpg 1024w, https:\/\/www.radiopiu.net\/wordpress\/wp-content\/uploads\/2020\/05\/IMG_20200510_205328_695-768x655.jpg 768w, https:\/\/www.radiopiu.net\/wordpress\/wp-content\/uploads\/2020\/05\/IMG_20200510_205328_695.jpg 1080w\" sizes=\"auto, (max-width: 300px) 100vw, 300px\" \/><\/a><\/p>\n<p>&nbsp;<\/p>\n<hr \/>\n<p>&nbsp;<\/p>\n<blockquote>\n<h3 class=\"entry-title\">NIENTE GNOCCHI CON LA RICOTTA A RIVAMONTE, LA SAGRA DI SANT\u2019ANTONIO E\u2019 STATA ANNULLATA MA IL PRESIDENTE DELLA PROLOCO GIACOMO BRESSAN RINNOVA L\u2019APPUNTAMENTO PER IL 2021 CON LA GRANDE FESTA PER I 50 ANNI DEL SODALIZIO<\/h3>\n<\/blockquote>\n<p><strong class=\"photoswipe-wrapper\"><a class=\"dt-pswp-item pspw-wrap-ready\" href=\"https:\/\/i2.wp.com\/www.radiopiu.net\/wordpress\/wp-content\/uploads\/2020\/05\/GNOCCHI.jpg?ssl=1\" data-dt-img-description=\"\" data-large_image_width=\"1920\" data-large_image_height=\"1248\"><img loading=\"lazy\" decoding=\"async\" class=\" wp-image-137923 alignleft\" src=\"https:\/\/i2.wp.com\/www.radiopiu.net\/wordpress\/wp-content\/uploads\/2020\/05\/GNOCCHI.jpg?resize=191%2C125&amp;ssl=1\" sizes=\"auto, (max-width: 191px) 100vw, 191px\" srcset=\"https:\/\/i2.wp.com\/www.radiopiu.net\/wordpress\/wp-content\/uploads\/2020\/05\/GNOCCHI.jpg?resize=300%2C195&amp;ssl=1 300w, https:\/\/i2.wp.com\/www.radiopiu.net\/wordpress\/wp-content\/uploads\/2020\/05\/GNOCCHI.jpg?resize=1024%2C666&amp;ssl=1 1024w, https:\/\/i2.wp.com\/www.radiopiu.net\/wordpress\/wp-content\/uploads\/2020\/05\/GNOCCHI.jpg?resize=768%2C499&amp;ssl=1 768w, https:\/\/i2.wp.com\/www.radiopiu.net\/wordpress\/wp-content\/uploads\/2020\/05\/GNOCCHI.jpg?resize=1536%2C998&amp;ssl=1 1536w, https:\/\/i2.wp.com\/www.radiopiu.net\/wordpress\/wp-content\/uploads\/2020\/05\/GNOCCHI.jpg?w=1920&amp;ssl=1 1920w\" alt=\"\" width=\"191\" height=\"124\" \/><\/a>RIVAMONTE <\/strong>L\u2019annullamento della sagra de Pasca, prima vittima del Covid19, \u00e8 stato il primo anello di una lunga catena di eventi agordini da colpo di spugna, la 4 Pass in doi ad Agordo, San Piero di fine giugno sul Broi, San Lucano ancora a Taibon il 20 luglio, la Transcivetta di luglio ad Alleghe, la maratona delle Dolomiti lungo i passi del Sella e le giornate con i passi chiusi al traffico ad Arabba,\u00a0 la 16 Comuni di settembre a Canale d\u2019Agordo (molto probabilmente anche San Giovanni pur non essendo arrivata ancora nessuna notizia in proposito) e la Sagra di Sant\u2019Antonio a Rivamonte, calendarizzata per i giorni 10-14 giugno con il prelibato piatto dei gnocchi con la ricotta \u201cgnoch co la puina\u201d. Ne aveva dato notizia il presidente della Proloco Giacomo Bressan che con i suoi collaboratori guarda gi\u00e0 all\u2019evento 2021 in concomitanza con i 50 anni del sodalizio ma non \u00e8 esclusa una grande festa della birra per il periodo autunnale, tutto dipender\u00e0 dai futuri decreti e dalla recrudescenza della pandemia. Ma c\u2019\u00e8 anche una bella notizia, a Rivamonte \u2018\u00e8 chi sta preparando i cordoni di Sant\u2019Antonio che probabilmente a giugno saranno messi in distribuzione.<\/p>\n<p><strong>AI MICROFONI DI RADIO PIU\u2019 GIACOMO BRESSAN<\/strong><\/p>\n<audio class=\"wp-audio-shortcode\" id=\"audio-137912-14\" preload=\"none\" style=\"width: 100%;\" controls=\"controls\"><source type=\"audio\/mpeg\" src=\"https:\/\/www.radiopiu.net\/wordpress\/wp-content\/uploads\/2020\/05\/RIVAMONTE-BRESSAN.mp3?_=14\" \/><a href=\"https:\/\/www.radiopiu.net\/wordpress\/wp-content\/uploads\/2020\/05\/RIVAMONTE-BRESSAN.mp3\">https:\/\/www.radiopiu.net\/wordpress\/wp-content\/uploads\/2020\/05\/RIVAMONTE-BRESSAN.mp3<\/a><\/audio>\n<p>&nbsp;<\/p>\n<p>&nbsp;<\/p>\n<hr \/>\n<p>&nbsp;<\/p>\n<blockquote>\n<h3>CONSIGLIO COMUNALE A LIVINALLONGO<\/h3>\n<\/blockquote>\n<p><strong>LIVINALLONGO DEL COL DI LANA<\/strong> Il sindaco di Livinallongo Leandro Grones ha convocato i consiglieri comunali \u00a0marted\u00ec 19 maggio alle ore 17 per il consiglio comunale. 11 i punti da discutere in &#8220;Sala Taulac&#8221;. Conglio a porte chiuse senza la presenza di pubblico.<\/p>\n<p>&nbsp;<\/p>\n<hr \/>\n<p>&nbsp;<\/p>\n<blockquote>\n<h3>RIAPERTURA DELLE BIBLIOTECHE BELLUNESI, DEOLA: \u00abL\u2019EMERGENZA HA MESSO IN LUCE L\u2019IMPORTANZA DELLA CULTURA\u00bb<\/h3>\n<\/blockquote>\n<p><strong><a class=\"dt-pswp-item\" href=\"https:\/\/www.radiopiu.net\/wordpress\/wp-content\/uploads\/2020\/03\/LIBRI-SCAFFALE.jpg\" data-dt-img-description=\"\" data-large_image_width=\"1052\" data-large_image_height=\"1052\"><img loading=\"lazy\" decoding=\"async\" class=\" wp-image-122391 alignleft\" src=\"https:\/\/www.radiopiu.net\/wordpress\/wp-content\/uploads\/2020\/03\/LIBRI-SCAFFALE-300x300.jpg\" alt=\"\" width=\"161\" height=\"161\" srcset=\"https:\/\/www.radiopiu.net\/wordpress\/wp-content\/uploads\/2020\/03\/LIBRI-SCAFFALE-300x300.jpg 300w, https:\/\/www.radiopiu.net\/wordpress\/wp-content\/uploads\/2020\/03\/LIBRI-SCAFFALE-1024x1024.jpg 1024w, https:\/\/www.radiopiu.net\/wordpress\/wp-content\/uploads\/2020\/03\/LIBRI-SCAFFALE-150x150.jpg 150w, https:\/\/www.radiopiu.net\/wordpress\/wp-content\/uploads\/2020\/03\/LIBRI-SCAFFALE-768x768.jpg 768w, https:\/\/www.radiopiu.net\/wordpress\/wp-content\/uploads\/2020\/03\/LIBRI-SCAFFALE.jpg 1052w\" sizes=\"auto, (max-width: 161px) 100vw, 161px\" \/><\/a>BELLUNO<\/strong> Primo passo verso il ritorno alla normalit\u00e0 anche per il mondo della cultura. Il sistema delle Biblioteche Bellunesi riapre al pubblico. Al momento, solo per i servizi di prestito e restituzione, come previsto dall\u2019ordinanza regionale 46 del 4 maggio 2020 (e comunque nel rispetto delle misure anti-contagio); ma la prospettiva \u00e8 quella di tornare presto ad aprire anche l\u2019accesso agli scaffali, alle sale lettura e alle aule studio, non appena la situazione sanitaria lo render\u00e0 possibile. Alcune biblioteche hanno gi\u00e0 riattivato alcuni servizi nei giorni scorsi. La maggior parte lo far\u00e0 a partire da luned\u00ec prossimo (18 maggio).<\/p>\n<p><strong>SIMONE DEOLA, CONSIGLIERE PROVINCIALE ALLA CULTURA<\/strong><\/p>\n<audio class=\"wp-audio-shortcode\" id=\"audio-137912-15\" preload=\"none\" style=\"width: 100%;\" controls=\"controls\"><source type=\"audio\/mpeg\" src=\"https:\/\/www.radiopiu.net\/wordpress\/wp-content\/uploads\/2020\/05\/SIMONE-DEOLA-BIBLIOTECHE-PROVINCIA.mp3?_=15\" \/><a href=\"https:\/\/www.radiopiu.net\/wordpress\/wp-content\/uploads\/2020\/05\/SIMONE-DEOLA-BIBLIOTECHE-PROVINCIA.mp3\">https:\/\/www.radiopiu.net\/wordpress\/wp-content\/uploads\/2020\/05\/SIMONE-DEOLA-BIBLIOTECHE-PROVINCIA.mp3<\/a><\/audio>\n<p>&nbsp;<\/p>\n<hr \/>\n<p>&nbsp;<\/p>\n<blockquote>\n<h3>PARCHI CITTADINI, OGGI NUOVE APERTURE DA LAMBIOI A CASTION, ECCO LA LISTA<\/h3>\n<\/blockquote>\n<p><strong><a class=\"dt-pswp-item\" href=\"https:\/\/www.radiopiu.net\/wordpress\/wp-content\/uploads\/2020\/05\/PARCO-LAMBIOI.jpg\" data-dt-img-description=\"\" data-large_image_width=\"1024\" data-large_image_height=\"768\"><img loading=\"lazy\" decoding=\"async\" class=\"size-medium wp-image-138042 alignleft\" src=\"https:\/\/www.radiopiu.net\/wordpress\/wp-content\/uploads\/2020\/05\/PARCO-LAMBIOI-300x225.jpg\" alt=\"\" width=\"300\" height=\"225\" srcset=\"https:\/\/www.radiopiu.net\/wordpress\/wp-content\/uploads\/2020\/05\/PARCO-LAMBIOI-300x225.jpg 300w, https:\/\/www.radiopiu.net\/wordpress\/wp-content\/uploads\/2020\/05\/PARCO-LAMBIOI-768x576.jpg 768w, https:\/\/www.radiopiu.net\/wordpress\/wp-content\/uploads\/2020\/05\/PARCO-LAMBIOI.jpg 1024w\" sizes=\"auto, (max-width: 300px) 100vw, 300px\" \/><\/a>BELLUNO<\/strong>\u00a0Oggi torneranno aperti alla cittadinanza altri parchi della Citt\u00e0 di Belluno: si sono ultimate in queste ore le operazioni di pulizia e di messa in sicurezza di alcuni parchi.\u00a0In tutti i parchi restano in vigore le norme nazionali e regionali sul distanziamento; inoltre, per i pi\u00f9 piccoli non sar\u00e0 ancora possibile accedere ai giochi, il cui uso \u00e8 vietato dalla vigente normativa, e sulle panchine bisogner\u00e0 sempre mantenere la distanza con altre persone di almeno un metro.<span class=\"Apple-converted-space\">\u00a0\u00a0<\/span>Tornano quindi a disposizione il Parco di Lambioi \u2013 solo nella parte a monte della strada d&#8217;ingresso -, i parchi in stazione e al Centro Millenium, quello adiacente al supermercato Kanguro di Mussoi; il Parco Arcobaleno di Cavarzano, il Parco Basilisco di Castion, il Parco di Mussoi, il Parco Marianna di Borgo Pra e il parco adiacente all&#8217;asilo Cairoli in Via del Piave.\u00a0\u00ab<em>Esattamente una settimana fa abbiamo riaperto i nostri primi parchi e in queste giornate abbiamo verificato eventuali problemi di affluenza e di gestione. &#8211; sottolinea il sindaco, Jacopo Massaro \u2013 Ieri poi abbiamo dato il via, con grande successo, alle attivit\u00e0 motorie per i bambini nei parchi; la risposta della cittadinanza \u00e8 stata molto positiva e non abbiamo rilevato particolari difficolt\u00e0 di gestione, per cui possiamo passare a questa seconda fase di aperture. Resta comunque sottinteso che, se dovessero verificarsi violazioni delle norme, provvederemo nuovamente a contingentamenti o chiusure: la bella stagione invoglia tutti noi a passare qualche ora all&#8217;aria aperta, ma la salute di tutti e il rispetto del lavoro e della vita di chi opera in prima linea deve avere la priorit\u00e0<\/em>\u00bb.<\/p>\n<p>&nbsp;<\/p>\n<p>&nbsp;<\/p>\n<hr \/>\n<p>&nbsp;<\/p>\n<blockquote>\n<h3>IL PREMIO \u201cSAN VITTORE\u201d 2020 NON SARA\u2019 ASSEGNATO. \u201cSCELTA SOFFERTA, MA SIGNIFICATIVA\u201d, COMMENTA IL PRESIDENTE GAZ.<\/h3>\n<\/blockquote>\n<p><strong><a class=\"dt-pswp-item\" href=\"https:\/\/www.radiopiu.net\/wordpress\/wp-content\/uploads\/2020\/03\/FELTRE-CENTRO.jpg\" data-dt-img-description=\"\" data-large_image_width=\"1092\" data-large_image_height=\"866\"><img loading=\"lazy\" decoding=\"async\" class=\"size-medium wp-image-124727 alignleft\" src=\"https:\/\/www.radiopiu.net\/wordpress\/wp-content\/uploads\/2020\/03\/FELTRE-CENTRO-300x238.jpg\" alt=\"\" width=\"300\" height=\"238\" srcset=\"https:\/\/www.radiopiu.net\/wordpress\/wp-content\/uploads\/2020\/03\/FELTRE-CENTRO-300x238.jpg 300w, https:\/\/www.radiopiu.net\/wordpress\/wp-content\/uploads\/2020\/03\/FELTRE-CENTRO-1024x812.jpg 1024w, https:\/\/www.radiopiu.net\/wordpress\/wp-content\/uploads\/2020\/03\/FELTRE-CENTRO-768x609.jpg 768w, https:\/\/www.radiopiu.net\/wordpress\/wp-content\/uploads\/2020\/03\/FELTRE-CENTRO.jpg 1092w\" sizes=\"auto, (max-width: 300px) 100vw, 300px\" \/><\/a>FELTRE<\/strong> Famiglia Feltrina non assegner\u00e0 il Premio \u201cSanti Martiri Vittore e Corona\u201d 2020.\u00a0La decisione finale \u00e8 arrivata in questi giorni, dopo che i membri del Consiglio Direttivo del sodalizio si sono confrontati sulla scelta pi\u00f9 opportuna da prendere, in relazione alle note misure restrittive che riguardano gli incontri pubblici e l\u2019emergenza da Coronavirus.<span class=\"Apple-converted-space\">\u00a0\u00a0<\/span>\u201c<em>E\u2019 un vero dispiacere per la nostra associazione non poter procedere all\u2019assegnazione del suo riconoscimento pi\u00f9 rappresentativo, n\u00e9 poter celebrare la tradizionale assemblea di primavera\u201d, commenta il presidente di Famiglia Feltrina Enrico Gaz. \u201cNei giorni scorsi &#8211; continua Gaz \u2013 ci siamo confrontati con i membri del Consiglio Direttivo e alla fine la decisone, pur sofferta, \u00e8 stata unanime: scarso significato avrebbe avuto per un sodalizio che fa del nome \u201cfamiglia\u201d la propria caratteristica fondante una \u201cconsegna a porte chiuse\u201d. Il vuoto lasciato nell\u2019albo del Premio San Vittore in corrispondenza dell\u2019anno 2020 rester\u00e0 come un segno indelebile di un periodo storico particolarmente difficile anche per la nostra comunit\u00e0 locale; uno scarto che per\u00f2, conclude il presidente di Famiglia Feltrina, auspichiamo possa diventare momento significativo di ripartenza e nuova forza non solo per la nostra associazione, ma per tutta la citt\u00e0 e il suo territorio<\/em>\u201d.<span class=\"Apple-converted-space\">\u00a0<\/span>Nelle prossime settimane sar\u00e0 comunque in distribuzione il nuovo numero di Rivista Feltrina, con un\u2019edizione monografica dedicata alla figura di Bianca Simonato Zasio. L\u2019associazione si ritrover\u00e0 in autunno per la tradizionale assemblea e la consegna dei premi \u201cFeltre &amp; Lavoro\u201d e \u201cBeato Bernardino\u201d. <span class=\"Apple-converted-space\">\u00a0<\/span><\/p>\n<p>&nbsp;<\/p>\n<p>&nbsp;<\/p>\n<hr \/>\n<p>&nbsp;<\/p>\n<blockquote>\n<h3>LORENZAGO RICORDA WOJTYLA NEL 100\u00b0 ANNIVERSARIO DELLA SUA NASCITA<\/h3>\n<\/blockquote>\n<p><strong><a class=\"dt-pswp-item\" href=\"https:\/\/www.radiopiu.net\/wordpress\/wp-content\/uploads\/2020\/05\/wojtyla.jpg\" data-dt-img-description=\"\" data-large_image_width=\"208\" data-large_image_height=\"243\"><img loading=\"lazy\" decoding=\"async\" class=\"size-full wp-image-138000 alignleft\" src=\"https:\/\/www.radiopiu.net\/wordpress\/wp-content\/uploads\/2020\/05\/wojtyla.jpg\" alt=\"\" width=\"208\" height=\"243\" \/><\/a>LORENZAGO DI CADORE<\/strong>\u00a0Era il 18 maggio 1920 quando a Wadowice, in Polonia, nasceva Karol Wojtyla, un uomo destinato a fare la storia della Chiesa e del mondo intero. Nel 1987 per la prima volta il Pontefice decise di trascorrere le vacanze estive al di fuori di Castel Gandolfo, e con grande sorpresa scelse di soggiornare a Lorenzago.\u00a0 Sar\u00e0 solo la prima di sei vacanze che Giovanni Paolo II passer\u00e0 nelle Dolomiti, conoscendo ed incontrando numerose persone del territorio e lasciando un segno tangibile della sua presenza nelle montagne bellunesi. \u00a0Luned\u00ec 18 maggio 2020 ricorrono i cento anni dalla nascita del Papa divenuto Santo nell\u2019aprile 2014. Un anniversario importante per la Chiesa e per Lorenzago. L\u2019amministrazione comunale e la Parrocchia dei SS. Ermagora e Fortunato hanno cos\u00ec deciso di organizzare una celebrazione per rendere omaggio al Pontefice.\u00a0All\u2019esterno della Villa dove il Papa ha soggiornato in localit\u00e0 Mirabello, si svolger\u00e0 una breve cerimonia, rigorosamente senza la presenza di pubblico. L\u2019evento sar\u00e0 trasmesso in diretta Facebook sulla pagina \u201cLorenzago di Cadore\u201d. Saranno presenti il Sindaco Marco D\u2019Ambros, l\u2019amministratore parrocchiale mons. Renato De Vido e alcuni rappresentanti delle associazioni del paese scesi in campo in prima linea durante l\u2019emergenza Coronavirus.<\/p>\n<p>&nbsp;<\/p>\n<p>&nbsp;<\/p>\n<hr \/>\n<p>&nbsp;<\/p>\n<blockquote>\n<h3>NUOVO MEDICO DI MEDICINA GENERALE A LAMON<\/h3>\n<\/blockquote>\n<p><strong><a class=\"dt-pswp-item\" href=\"https:\/\/www.radiopiu.net\/wordpress\/wp-content\/uploads\/2020\/03\/ULSS-1-DOLOMITI-LOGO.jpg\" data-dt-img-description=\"\" data-large_image_width=\"298\" data-large_image_height=\"219\"><img loading=\"lazy\" decoding=\"async\" class=\"wp-image-121256 alignleft\" src=\"https:\/\/www.radiopiu.net\/wordpress\/wp-content\/uploads\/2020\/03\/ULSS-1-DOLOMITI-LOGO.jpg\" alt=\"\" width=\"158\" height=\"116\" \/><\/a>FELTRE<\/strong>\u00a0Dal<span class=\"Apple-converted-space\">\u00a0 <\/span>1\u00b0 giugno 2020 nell&#8217;ambito territoriale comprendente i Comuni di Arsi\u00e8, Fonzaso, Lamon e Sovrmonte verr\u00e0 inserita &#8211; con incarico provvisorio di Medico di Medicina Generale- la dottoressa Giulia SORARU\u2019, a seguito della cessazione<span class=\"Apple-converted-space\">\u00a0 <\/span>dell\u2019attivit\u00e0 della dottoressa Rosanna Caneve.<span class=\"Apple-converted-space\">\u00a0<\/span>Il medico eserciter\u00e0 la propria attivit\u00e0 presso l\u2019ambulatorio del Comune di Lamon in Via G. Balin presso l\u2019Ospedale e nella frazione di San Donato<\/p>\n<p>&nbsp;<\/p>\n<p>&nbsp;<\/p>\n<hr \/>\n<p>&nbsp;<\/p>\n<h3><span style=\"color: #33cccc;\">QUATRO CIACOLE SU AGORT<\/span><\/h3>\n<blockquote class=\"wp-embedded-content\" data-secret=\"se9dEByJER\"><p><a href=\"https:\/\/www.radiopiu.net\/wordpress\/quatro-ciacole-su-agort-nona-puntata-con-marco-luxottica-realta-importante\/\">QUATRO CIACOLE SU AGORT, NONA PUNTATA CON MARCO  &#8220;LUXOTTICA REALTA&#8217; IMPORTANTE&#8221;<\/a><\/p><\/blockquote>\n<p><iframe loading=\"lazy\" title=\"&#8220;QUATRO CIACOLE SU AGORT, NONA PUNTATA CON MARCO  &#8220;LUXOTTICA REALTA&#8217; IMPORTANTE&#8221;&#8221; &#8212; Radio Pi\u00f9\" class=\"wp-embedded-content\" sandbox=\"allow-scripts\" security=\"restricted\" style=\"position: absolute; clip: rect(1px, 1px, 1px, 1px);\" src=\"https:\/\/www.radiopiu.net\/wordpress\/quatro-ciacole-su-agort-nona-puntata-con-marco-luxottica-realta-importante\/embed\/#?secret=se9dEByJER\" data-secret=\"se9dEByJER\" width=\"600\" height=\"338\" frameborder=\"0\" marginwidth=\"0\" marginheight=\"0\" scrolling=\"no\"><\/iframe><\/p>\n<blockquote class=\"wp-embedded-content\" data-secret=\"q7eJbBsrlk\"><p><a href=\"https:\/\/www.radiopiu.net\/wordpress\/quatro-ciacole-su-agort\/\">Quatro ci\u00e0cole su Agort<\/a><\/p><\/blockquote>\n<p><iframe loading=\"lazy\" title=\"&#8220;Quatro ci\u00e0cole su Agort&#8221; &#8212; Radio Pi\u00f9\" class=\"wp-embedded-content\" sandbox=\"allow-scripts\" security=\"restricted\" style=\"position: absolute; clip: rect(1px, 1px, 1px, 1px);\" src=\"https:\/\/www.radiopiu.net\/wordpress\/quatro-ciacole-su-agort\/embed\/#?secret=q7eJbBsrlk\" data-secret=\"q7eJbBsrlk\" width=\"600\" height=\"338\" frameborder=\"0\" marginwidth=\"0\" marginheight=\"0\" scrolling=\"no\"><\/iframe><\/p>\n<p>&nbsp;<\/p>\n<hr \/>\n<p>&nbsp;<\/p>\n<blockquote class=\"wp-embedded-content\" data-secret=\"1ZuOE5yXLH\"><p><a href=\"https:\/\/www.radiopiu.net\/wordpress\/soltanto-digitale-ledizione-2020-di-la-lunga-notte-delle-chiese-di-renato-bona\/\">SOLTANTO DIGITALE L\u2019EDIZIONE 2020  DI \u201cLA LUNGA NOTTE DELLE CHIESE\u201d di Renato Bona<\/a><\/p><\/blockquote>\n<p><iframe loading=\"lazy\" title=\"&#8220;SOLTANTO DIGITALE L\u2019EDIZIONE 2020  DI \u201cLA LUNGA NOTTE DELLE CHIESE\u201d di Renato Bona&#8221; &#8212; Radio Pi\u00f9\" class=\"wp-embedded-content\" sandbox=\"allow-scripts\" security=\"restricted\" style=\"position: absolute; clip: rect(1px, 1px, 1px, 1px);\" src=\"https:\/\/www.radiopiu.net\/wordpress\/soltanto-digitale-ledizione-2020-di-la-lunga-notte-delle-chiese-di-renato-bona\/embed\/#?secret=1ZuOE5yXLH\" data-secret=\"1ZuOE5yXLH\" width=\"600\" height=\"338\" frameborder=\"0\" marginwidth=\"0\" marginheight=\"0\" scrolling=\"no\"><\/iframe><\/p>\n<p>&nbsp;<\/p>\n<hr \/>\n<p>&nbsp;<\/p>\n<h2>IERI ALLA RADIO<\/h2>\n<p><a class=\"dt-pswp-item\" href=\"https:\/\/www.radiopiu.net\/wordpress\/wp-content\/uploads\/2020\/05\/gresonei.jpg\" data-dt-img-description=\"\" data-large_image_width=\"1600\" data-large_image_height=\"1057\"><img loading=\"lazy\" decoding=\"async\" class=\"size-medium wp-image-137943 alignleft\" src=\"https:\/\/www.radiopiu.net\/wordpress\/wp-content\/uploads\/2020\/05\/gresonei-300x198.jpg\" alt=\"\" width=\"300\" height=\"198\" srcset=\"https:\/\/www.radiopiu.net\/wordpress\/wp-content\/uploads\/2020\/05\/gresonei-300x198.jpg 300w, https:\/\/www.radiopiu.net\/wordpress\/wp-content\/uploads\/2020\/05\/gresonei-1024x676.jpg 1024w, https:\/\/www.radiopiu.net\/wordpress\/wp-content\/uploads\/2020\/05\/gresonei-768x507.jpg 768w, https:\/\/www.radiopiu.net\/wordpress\/wp-content\/uploads\/2020\/05\/gresonei-1536x1015.jpg 1536w, https:\/\/www.radiopiu.net\/wordpress\/wp-content\/uploads\/2020\/05\/gresonei.jpg 1600w\" sizes=\"auto, (max-width: 300px) 100vw, 300px\" \/><\/a><strong>GIACOMO FUMEI, LA VACANZA SICURA A SAGRON MIS<\/strong><\/p>\n<p><strong>di Claudio Fontanive<\/strong><\/p>\n<audio class=\"wp-audio-shortcode\" id=\"audio-137912-16\" preload=\"none\" style=\"width: 100%;\" controls=\"controls\"><source type=\"audio\/mpeg\" src=\"https:\/\/www.radiopiu.net\/wordpress\/wp-content\/uploads\/2020\/05\/giacomo-fumei-15-maggio-seconda-parte.mp3?_=16\" \/><a href=\"https:\/\/www.radiopiu.net\/wordpress\/wp-content\/uploads\/2020\/05\/giacomo-fumei-15-maggio-seconda-parte.mp3\">https:\/\/www.radiopiu.net\/wordpress\/wp-content\/uploads\/2020\/05\/giacomo-fumei-15-maggio-seconda-parte.mp3<\/a><\/audio>\n<p>&nbsp;<\/p>\n<hr \/>\n<p>&nbsp;<\/p>\n<p><a class=\"dt-pswp-item\" href=\"https:\/\/www.radiopiu.net\/wordpress\/wp-content\/uploads\/2019\/10\/MAGLIA-LUXOTTICA.jpeg\" data-dt-img-description=\"\" data-large_image_width=\"1024\" data-large_image_height=\"1024\"><img loading=\"lazy\" decoding=\"async\" class=\"size-medium wp-image-103580 alignleft\" src=\"https:\/\/www.radiopiu.net\/wordpress\/wp-content\/uploads\/2019\/10\/MAGLIA-LUXOTTICA-300x300.jpeg\" alt=\"\" width=\"300\" height=\"300\" srcset=\"https:\/\/www.radiopiu.net\/wordpress\/wp-content\/uploads\/2019\/10\/MAGLIA-LUXOTTICA-300x300.jpeg 300w, https:\/\/www.radiopiu.net\/wordpress\/wp-content\/uploads\/2019\/10\/MAGLIA-LUXOTTICA-150x150.jpeg 150w, https:\/\/www.radiopiu.net\/wordpress\/wp-content\/uploads\/2019\/10\/MAGLIA-LUXOTTICA-768x768.jpeg 768w, https:\/\/www.radiopiu.net\/wordpress\/wp-content\/uploads\/2019\/10\/MAGLIA-LUXOTTICA.jpeg 1024w\" sizes=\"auto, (max-width: 300px) 100vw, 300px\" \/><\/a><strong>SPECIALE CASSA SOLIDARIET\u00c0 LUXOTTICA<\/strong><\/p>\n<p><strong>di Claudio Fontanive<\/strong><\/p>\n<audio class=\"wp-audio-shortcode\" id=\"audio-137912-17\" preload=\"none\" style=\"width: 100%;\" controls=\"controls\"><source type=\"audio\/mpeg\" src=\"https:\/\/www.radiopiu.net\/wordpress\/wp-content\/uploads\/2020\/05\/ca-sol-lux-maggio.mp3?_=17\" \/><a href=\"https:\/\/www.radiopiu.net\/wordpress\/wp-content\/uploads\/2020\/05\/ca-sol-lux-maggio.mp3\">https:\/\/www.radiopiu.net\/wordpress\/wp-content\/uploads\/2020\/05\/ca-sol-lux-maggio.mp3<\/a><\/audio>\n<p>&nbsp;<\/p>\n<p>&nbsp;<\/p>\n<hr \/>\n<p><a class=\"dt-pswp-item\" href=\"https:\/\/www.radiopiu.net\/wordpress\/wp-content\/uploads\/2020\/05\/ISOLA-ALBARELLA.jpg\" data-dt-img-description=\"\" data-large_image_width=\"1500\" data-large_image_height=\"675\"><img loading=\"lazy\" decoding=\"async\" class=\"size-medium wp-image-137955 alignleft\" src=\"https:\/\/www.radiopiu.net\/wordpress\/wp-content\/uploads\/2020\/05\/ISOLA-ALBARELLA-300x135.jpg\" alt=\"\" width=\"300\" height=\"135\" srcset=\"https:\/\/www.radiopiu.net\/wordpress\/wp-content\/uploads\/2020\/05\/ISOLA-ALBARELLA-300x135.jpg 300w, https:\/\/www.radiopiu.net\/wordpress\/wp-content\/uploads\/2020\/05\/ISOLA-ALBARELLA-1024x461.jpg 1024w, https:\/\/www.radiopiu.net\/wordpress\/wp-content\/uploads\/2020\/05\/ISOLA-ALBARELLA-768x346.jpg 768w, https:\/\/www.radiopiu.net\/wordpress\/wp-content\/uploads\/2020\/05\/ISOLA-ALBARELLA.jpg 1500w\" sizes=\"auto, (max-width: 300px) 100vw, 300px\" \/><\/a><strong>FRANCESCO FRACASSO, DAL MARE DI ALBARELLA<\/strong><\/p>\n<p><strong>di Claudio Fontanive<\/strong><\/p>\n<audio class=\"wp-audio-shortcode\" id=\"audio-137912-18\" preload=\"none\" style=\"width: 100%;\" controls=\"controls\"><source type=\"audio\/mpeg\" src=\"https:\/\/www.radiopiu.net\/wordpress\/wp-content\/uploads\/2020\/05\/francesco-fracasso-albarerlla-15-maggio.mp3?_=18\" \/><a href=\"https:\/\/www.radiopiu.net\/wordpress\/wp-content\/uploads\/2020\/05\/francesco-fracasso-albarerlla-15-maggio.mp3\">https:\/\/www.radiopiu.net\/wordpress\/wp-content\/uploads\/2020\/05\/francesco-fracasso-albarerlla-15-maggio.mp3<\/a><\/audio>\n<p>&nbsp;<\/p>\n<h3><span style=\"color: #ff00ff;\">IN VIVO VERSO<\/span><\/h3>\n<blockquote class=\"wp-embedded-content\" data-secret=\"h9WCm7REPz\"><p><a href=\"https:\/\/www.radiopiu.net\/wordpress\/sergio-valacchi-legge-ivano-fossati-ce-tempo\/\">Sergio Valacchi legge: IVANO FOSSATI  C&#8217;E&#8217; TEMPO<\/a><\/p><\/blockquote>\n<p><iframe loading=\"lazy\" title=\"&#8220;Sergio Valacchi legge: IVANO FOSSATI  C&#8217;E&#8217; TEMPO&#8221; &#8212; Radio Pi\u00f9\" class=\"wp-embedded-content\" sandbox=\"allow-scripts\" security=\"restricted\" style=\"position: absolute; clip: rect(1px, 1px, 1px, 1px);\" src=\"https:\/\/www.radiopiu.net\/wordpress\/sergio-valacchi-legge-ivano-fossati-ce-tempo\/embed\/#?secret=h9WCm7REPz\" data-secret=\"h9WCm7REPz\" width=\"600\" height=\"338\" frameborder=\"0\" marginwidth=\"0\" marginheight=\"0\" scrolling=\"no\"><\/iframe><\/p>\n<p>LA COLLEZIONE COMPLETA<\/p>\n<blockquote class=\"wp-embedded-content\" data-secret=\"PvYBwfE0f6\"><p><a href=\"https:\/\/www.radiopiu.net\/wordpress\/in-vivo-verso\/\">In Vivo Verso<\/a><\/p><\/blockquote>\n<p><iframe loading=\"lazy\" title=\"&#8220;In Vivo Verso&#8221; &#8212; Radio Pi\u00f9\" class=\"wp-embedded-content\" sandbox=\"allow-scripts\" security=\"restricted\" style=\"position: absolute; clip: rect(1px, 1px, 1px, 1px);\" src=\"https:\/\/www.radiopiu.net\/wordpress\/in-vivo-verso\/embed\/#?secret=PvYBwfE0f6\" data-secret=\"PvYBwfE0f6\" width=\"600\" height=\"338\" frameborder=\"0\" marginwidth=\"0\" marginheight=\"0\" scrolling=\"no\"><\/iframe><\/p>\n<h3><span style=\"color: #0000ff;\">DUE MINUTI UN LIBRO<\/span><\/h3>\n<blockquote class=\"wp-embedded-content\" data-secret=\"QI0xzhgthh\"><p><a href=\"https:\/\/www.radiopiu.net\/wordpress\/il-paese-mormora\/\">IL PAESE MORMORA<\/a><\/p><\/blockquote>\n<p><iframe loading=\"lazy\" title=\"&#8220;IL PAESE MORMORA&#8221; &#8212; Radio Pi\u00f9\" class=\"wp-embedded-content\" sandbox=\"allow-scripts\" security=\"restricted\" style=\"position: absolute; clip: rect(1px, 1px, 1px, 1px);\" src=\"https:\/\/www.radiopiu.net\/wordpress\/il-paese-mormora\/embed\/#?secret=QI0xzhgthh\" data-secret=\"QI0xzhgthh\" width=\"600\" height=\"338\" frameborder=\"0\" marginwidth=\"0\" marginheight=\"0\" scrolling=\"no\"><\/iframe><\/p>\n<p>LE ALTRE PUNTATE<\/p>\n<blockquote class=\"wp-embedded-content\" data-secret=\"TENC4s5YbW\"><p><a href=\"https:\/\/www.radiopiu.net\/wordpress\/due-minuti-un-libro\/\">Due minuti un libro<\/a><\/p><\/blockquote>\n<p><iframe loading=\"lazy\" title=\"&#8220;Due minuti un libro&#8221; &#8212; Radio Pi\u00f9\" class=\"wp-embedded-content\" sandbox=\"allow-scripts\" security=\"restricted\" style=\"position: absolute; clip: rect(1px, 1px, 1px, 1px);\" src=\"https:\/\/www.radiopiu.net\/wordpress\/due-minuti-un-libro\/embed\/#?secret=TENC4s5YbW\" data-secret=\"TENC4s5YbW\" width=\"600\" height=\"338\" frameborder=\"0\" marginwidth=\"0\" marginheight=\"0\" scrolling=\"no\"><\/iframe><\/p>\n<h3><span style=\"color: #339966;\">AGORDINOMERON<\/span><\/h3>\n<blockquote class=\"wp-embedded-content\" data-secret=\"sYQWdG1ZBq\"><p><a href=\"https:\/\/www.radiopiu.net\/wordpress\/agordinomeron\/\">AGORDINOMERON, IL TERRITORIO SI RACCONTA Da un&#8217;idea di Gianni Santomaso<\/a><\/p><\/blockquote>\n<p><iframe loading=\"lazy\" title=\"&#8220;AGORDINOMERON, IL TERRITORIO SI RACCONTA Da un&#8217;idea di Gianni Santomaso&#8221; &#8212; Radio Pi\u00f9\" class=\"wp-embedded-content\" sandbox=\"allow-scripts\" security=\"restricted\" style=\"position: absolute; clip: rect(1px, 1px, 1px, 1px);\" src=\"https:\/\/www.radiopiu.net\/wordpress\/agordinomeron\/embed\/#?secret=sYQWdG1ZBq\" data-secret=\"sYQWdG1ZBq\" width=\"600\" height=\"338\" frameborder=\"0\" marginwidth=\"0\" marginheight=\"0\" scrolling=\"no\"><\/iframe><\/p>\n<h3><span style=\"color: #ff6600;\">IL MESSAGGIO DEI SACERDOTI A RADIO PIU&#8217;<\/span><\/h3>\n<blockquote class=\"wp-embedded-content\" data-secret=\"IyY2AxaBCy\"><p><a href=\"https:\/\/www.radiopiu.net\/wordpress\/il-messaggio-dai-sacerdoti-della-conca-su-radio-piu-alle-7-30-e-19-30\/\">IL MESSAGGIO DAI SACERDOTI SU RADIO PIU&#8217; ALLE 7.30 E 19.30<\/a><\/p><\/blockquote>\n<p><iframe loading=\"lazy\" title=\"&#8220;IL MESSAGGIO DAI SACERDOTI SU RADIO PIU&#8217; ALLE 7.30 E 19.30&#8221; &#8212; Radio Pi\u00f9\" class=\"wp-embedded-content\" sandbox=\"allow-scripts\" security=\"restricted\" style=\"position: absolute; clip: rect(1px, 1px, 1px, 1px);\" src=\"https:\/\/www.radiopiu.net\/wordpress\/il-messaggio-dai-sacerdoti-della-conca-su-radio-piu-alle-7-30-e-19-30\/embed\/#?secret=IyY2AxaBCy\" data-secret=\"IyY2AxaBCy\" width=\"600\" height=\"338\" frameborder=\"0\" marginwidth=\"0\" marginheight=\"0\" scrolling=\"no\"><\/iframe><\/p>\n<p>&nbsp;<\/p>\n<hr \/>\n<p>&nbsp;<\/p>\n<p class=\"photoswipe-wrapper\"><a class=\"dt-pswp-item pspw-wrap-ready\" href=\"https:\/\/i0.wp.com\/www.radiopiu.net\/wordpress\/wp-content\/uploads\/2018\/09\/viabilita.jpeg?ssl=1\" data-dt-img-description=\"\" data-large_image_width=\"800\" data-large_image_height=\"100\"><img loading=\"lazy\" decoding=\"async\" class=\"aligncenter wp-image-61954 size-full jetpack-lazy-image jetpack-lazy-image--handled\" src=\"https:\/\/i0.wp.com\/www.radiopiu.net\/wordpress\/wp-content\/uploads\/2018\/09\/viabilita.jpeg?resize=800%2C100&amp;ssl=1\" sizes=\"auto, (max-width: 800px) 100vw, 800px\" srcset=\"https:\/\/i0.wp.com\/www.radiopiu.net\/wordpress\/wp-content\/uploads\/2018\/09\/viabilita.jpeg?w=800&amp;ssl=1 800w, https:\/\/i0.wp.com\/www.radiopiu.net\/wordpress\/wp-content\/uploads\/2018\/09\/viabilita.jpeg?resize=300%2C38&amp;ssl=1 300w, https:\/\/i0.wp.com\/www.radiopiu.net\/wordpress\/wp-content\/uploads\/2018\/09\/viabilita.jpeg?resize=768%2C96&amp;ssl=1 768w\" alt=\"\" width=\"800\" height=\"100\" data-lazy-loaded=\"1\" \/><\/a><\/p>\n<p>PROVINCIALE 20 DELLA VAL FIORENTINA, SELVA DI CADORE: DAL 14 FEBBRAIO AL 13 GIUGNO, CHIUSURA TOTALE TRA SOLATOR E IL CENTRO DEL PAESE ANCHE NEI GIORNI FESTIVI E PREFESTIVI, DAL CHILOMETRO 4.850 AL CHILOMETRO 5.100. TRANSITO CONSENTITO AI LOCALI CON TEMPI DI ATTESA MASSIMI STIMATI IN 30 MINUTI IN LOCALITA\u2019 SOLATOR DAL CHILOMETRO 4.400 AL CHILOMETRO 4.850<\/p>\n<p>SP641 PASSO FEDAIA DAL 27 APRILE AL 15 MAGGIO (SABATO E DOMENICA COMPRESI) SENSO UNICO ALTERNATO PER SOSTITUZIONE BARRIERE LATERALI DI SICUREZZA E CONSLIDAMENTO CIGLIO STRADALE<\/p>\n<p>REGIONALE 48 DELLE DOLOMITI, LOCALIT\u00c0 POCOL INIZIO ABITATO CORTINA, DAL 4 MAGGIO AL 12 GIUGNO SEMAFORO PER TRATTI DI 250 METRI ANCHE NEI GIORNI FESTIVI E PREFESTIVI<\/p>\n<p>REGIONALE 203 AGORDINA FINO AL 15 GIUGNO IN LOCALIT\u00c0 LA MUDA DEVIAZIONE SU VIABILIT\u00c0 PROVVISORIA, PRUDENZA<\/p>\n<p>PROVINCIALE 346 SAN PELLEGRINO DAL 4 AL 22 MAGGIO IN COMUNE DI CANALE D\u2019AGORDO SENSO UNICO ALTERNATO ESCLUSI SABATO E DOMENICA<\/p>\n<p>PROVINCIALE 12 PEDEMONTANA LOCALIT\u00c0 PONTE MAS, CHIUSURA TOTALE DI PONTE MAS DAL 4 MAGGIO AL 30 GIUGNO<\/p>\n<p>STRADA REGIONALE 48 DELLE DOLOMITI, DAL KM 110,350 AL KM 112, SENSO UNICO ALTERNATO REGOLATO DA IMPIANTO SEMAFORICO ANCHE SABATO E FESTIVI DAL 30 APRILE AL 31 MAGGIO PER POSA ELETTRODOTTO INTERRATO<\/p>\n<p>PROVINCIALE 563 DI SALESEI, DAL 4 MAGGIO AL 3 LUGLIO, SENSO UNICO ALTERNATO REGOLATO DA IMPIANTO SEMAFORICO IN LOCALIT\u00c0 DIGONERA PER MESSA IN SICUREZZA PIANO VIABILE, SABATO E FESTIVI INCLUSI<\/p>\n<p>PROVINCIALE 251 DELLA VAL DI ZOLDO E VAL CELLINA, TRA LE LOCALIT\u00c0 SOFFRANCO E MEZZOCANALE IN COMUNE DI LONGARONE, SENSO UNICO ALTERNATO REGOLATO DA IMPIANTO SEMAFORICO CON POSSIBILI BREVI INTERRUZIONI DI 10 MINUTI. SABATO E DOMENICA ESCLUSI<\/p>\n<p>PROVINCIALE 347 PASSO DURAN, LOCALITA\u2019 SANT\u2019ANDREA DI GOSALDO. FINO AL 5 GIUGNO SENSO UNICO ALTERNATO<\/p>\n<p>STRADA PROVINCIA 251 DELLA VAL DI ZOLDO E VAL CELLINA, DAL 6 AL 15 MAGGIO, SABATO E DOMENICA ESCLUSI, SENSO UNICO ALTRNATO REGOLATO DA IMPIANTO SEMAFORICO PER LAVORI DI RIPRISTINO RETI DI PROTEZIONE DEI VERSANTI<\/p>\n<p>STRADA PROVINCIALE 347 DEL PASSO CEREDA E DURAN, DALLE 7 ALLE 18 , DAL 7 AL 29 MAGGIO, POSSIBILI TEMPORANEE INTERRUZZIONI ALLA VIABILIT\u00e0 DELLA DURATA MASSIMA DI 30 MINUTI E SENSO UNICO ALTERNATO REGOLATO DA MOVIERI PER ASFALTATURA TRATTI DI STRADA TRA PASSO DURAN E DONT<\/p>\n<p>STRADA REGIONALE 50 BIS DELLE SCALE DI PRIMOLANO, IN LOCALITA\u2019 GIARONI DI ARSIE\u2019, DALLE 8 ALLE 18, DA L\u201911 AL 15 MAGGIO, SENSO UNICO ALTERNATO REGOLATO DA IMPIANTO SEMAFORICO<\/p>\n<p>STRADA PROVINCIALE 346 DEL PASSO SAN PELLEGRINO, DAL 11 MAGGIO AL 5 GIUGNO, SENSO UNICO ALTERNATO REGOLATO DA IMPIANTO SEMOFORICO TRA FALCADE E FALCADE ALTO PER POSA CAVIDOTTO FIBRA OTTICA<\/p>\n<p>STRADA PROVINCIALE 347 DEL PASSO CEREDA E DURAN, DAL 12 MAGGIO AL 01 GIUGNO ESCLUSE DOMENICHE E FESTIVI, SENSO UNICO ALTERNATO REGOLATO DA IMPIANTO SEMAFORICO O MOVIERI IN COMUNE DI VALLE DI CADORE PER SONDAGGI GEOTECNICI<\/p>\n<p>STRADA PROVINCIALE 3 VAL IMPERINA, TRA CORDE MOLE E VALLASIN IN COMUNE DI GOSALDO, FINO AL 15 MAGGIO DALLE 8 ALLE 11:45 E DALLE 13:30 ALLE 17:30, TEMPORANEE INTERRUZIONI ALLA VIABILIT\u00e0 DELLA DURATA MASSIMA DI 30 MINUTI PER LAVORI DI TAGLIO ESBOSCO PIANTE<\/p>\n<p>STRADA REGIONALE 203 AGORDINA, ABITATO DI MASARE\u2019 DI ROCCA PIETORE. DALL\u201911 AL 22 MAGGIO, ESCLUSO SABATO E DOMENICA, DALLE 8 ALLE 17 SENSO UNICO ALTERNATO REGOLATO DA IMPIANTO SEMAFORICO PER REALIZZAZIONE IMPIANTO ILLUMINAZIONE SU PASSAGGIO PEDONALE<\/p>\n<p>SP346 DEL SAN PELLEGRINO, COMUNE DI VALLADA, DAL 18 AL 29 MAGGIO SENSO UNICO ALTERNATO PER MESSA IN SICUREZZA BARRIERE LATERALI<\/p>\n<p>&nbsp;<\/p>\n<hr \/>\n<p>&nbsp;<\/p>\n<p><a class=\"dt-pswp-item\" href=\"https:\/\/www.radiopiu.net\/wordpress\/wp-content\/uploads\/2018\/09\/sport.jpg\" data-dt-img-description=\"\" data-large_image_width=\"800\" data-large_image_height=\"100\"><img loading=\"lazy\" decoding=\"async\" class=\"aligncenter wp-image-60761 size-full\" src=\"https:\/\/www.radiopiu.net\/wordpress\/wp-content\/uploads\/2018\/09\/sport.jpg\" alt=\"\" width=\"800\" height=\"100\" srcset=\"https:\/\/www.radiopiu.net\/wordpress\/wp-content\/uploads\/2018\/09\/sport.jpg 800w, https:\/\/www.radiopiu.net\/wordpress\/wp-content\/uploads\/2018\/09\/sport-300x38.jpg 300w, https:\/\/www.radiopiu.net\/wordpress\/wp-content\/uploads\/2018\/09\/sport-768x96.jpg 768w\" sizes=\"auto, (max-width: 800px) 100vw, 800px\" \/><\/a><\/p>\n<p>&nbsp;<\/p>\n<p>&nbsp;<\/p>\n<blockquote>\n<h3>L&#8217;IMPRESA DI PATRICK MARMOLADA, DA AVOSCAN A PUNTA ROCCA<\/h3>\n<\/blockquote>\n<p><strong>SAN TOMASO<\/strong> Da Avoscan a Punta Rocca della Marmolada. Questa l&#8217;impresa di Patrick Marmolada, 16 anni di Avoscan e grande appassionato di scialpinismo. Il giovane agordino sabato 9 maggio \u00e8 partito da casa sua in bicicletta per poi raggiungere in autonomia passo Fedaia lasciare la bici e raggiungere sci ai piedi punta Rocca Marmolada a 3309m\u00a0di altitudine per poi infine rientrare a casa allo stesso modo dopo 2500 metri di dislivello positivo.<\/p>\n<p><strong>PATRICK MARMOLADA<\/strong><\/p>\n<audio class=\"wp-audio-shortcode\" id=\"audio-137912-19\" preload=\"none\" style=\"width: 100%;\" controls=\"controls\"><source type=\"audio\/mpeg\" src=\"https:\/\/www.radiopiu.net\/wordpress\/wp-content\/uploads\/2020\/05\/PATRICK-MARMOLADA.mp3?_=19\" \/><a href=\"https:\/\/www.radiopiu.net\/wordpress\/wp-content\/uploads\/2020\/05\/PATRICK-MARMOLADA.mp3\">https:\/\/www.radiopiu.net\/wordpress\/wp-content\/uploads\/2020\/05\/PATRICK-MARMOLADA.mp3<\/a><\/audio>\n<p>&nbsp;<\/p>\n<p><strong>LE FOTO DELLA GIORNATA DA AVOSCAN A PUNTA ROCCA<\/strong><\/p>\n<p><a class=\"dt-pswp-item\" href=\"https:\/\/www.radiopiu.net\/wordpress\/wp-content\/uploads\/2020\/05\/eb703152-3b66-41dd-a63b-12caa1e0f0b0.jpg\" data-dt-img-description=\"\" data-large_image_width=\"1599\" data-large_image_height=\"1200\"><img loading=\"lazy\" decoding=\"async\" class=\"alignnone size-medium wp-image-138028\" src=\"https:\/\/www.radiopiu.net\/wordpress\/wp-content\/uploads\/2020\/05\/eb703152-3b66-41dd-a63b-12caa1e0f0b0-300x225.jpg\" alt=\"\" width=\"300\" height=\"225\" srcset=\"https:\/\/www.radiopiu.net\/wordpress\/wp-content\/uploads\/2020\/05\/eb703152-3b66-41dd-a63b-12caa1e0f0b0-300x225.jpg 300w, https:\/\/www.radiopiu.net\/wordpress\/wp-content\/uploads\/2020\/05\/eb703152-3b66-41dd-a63b-12caa1e0f0b0-1024x768.jpg 1024w, https:\/\/www.radiopiu.net\/wordpress\/wp-content\/uploads\/2020\/05\/eb703152-3b66-41dd-a63b-12caa1e0f0b0-768x576.jpg 768w, https:\/\/www.radiopiu.net\/wordpress\/wp-content\/uploads\/2020\/05\/eb703152-3b66-41dd-a63b-12caa1e0f0b0-1536x1153.jpg 1536w, https:\/\/www.radiopiu.net\/wordpress\/wp-content\/uploads\/2020\/05\/eb703152-3b66-41dd-a63b-12caa1e0f0b0.jpg 1599w\" sizes=\"auto, (max-width: 300px) 100vw, 300px\" \/><\/a><a class=\"dt-pswp-item\" href=\"https:\/\/www.radiopiu.net\/wordpress\/wp-content\/uploads\/2020\/05\/f4b0f1bf-e9a6-4a1b-8a69-ce740e99dce1.jpg\" data-dt-img-description=\"\" data-large_image_width=\"1599\" data-large_image_height=\"1200\"><img loading=\"lazy\" decoding=\"async\" class=\"alignnone size-medium wp-image-138029\" src=\"https:\/\/www.radiopiu.net\/wordpress\/wp-content\/uploads\/2020\/05\/f4b0f1bf-e9a6-4a1b-8a69-ce740e99dce1-300x225.jpg\" alt=\"\" width=\"300\" height=\"225\" srcset=\"https:\/\/www.radiopiu.net\/wordpress\/wp-content\/uploads\/2020\/05\/f4b0f1bf-e9a6-4a1b-8a69-ce740e99dce1-300x225.jpg 300w, https:\/\/www.radiopiu.net\/wordpress\/wp-content\/uploads\/2020\/05\/f4b0f1bf-e9a6-4a1b-8a69-ce740e99dce1-1024x768.jpg 1024w, https:\/\/www.radiopiu.net\/wordpress\/wp-content\/uploads\/2020\/05\/f4b0f1bf-e9a6-4a1b-8a69-ce740e99dce1-768x576.jpg 768w, https:\/\/www.radiopiu.net\/wordpress\/wp-content\/uploads\/2020\/05\/f4b0f1bf-e9a6-4a1b-8a69-ce740e99dce1-1536x1153.jpg 1536w, https:\/\/www.radiopiu.net\/wordpress\/wp-content\/uploads\/2020\/05\/f4b0f1bf-e9a6-4a1b-8a69-ce740e99dce1.jpg 1599w\" sizes=\"auto, (max-width: 300px) 100vw, 300px\" \/><\/a><a class=\"dt-pswp-item\" href=\"https:\/\/www.radiopiu.net\/wordpress\/wp-content\/uploads\/2020\/05\/5c1f9b82-e833-403e-8df9-2933759276c6.jpg\" data-dt-img-description=\"\" data-large_image_width=\"1288\" data-large_image_height=\"966\"><img loading=\"lazy\" decoding=\"async\" class=\"alignnone size-medium wp-image-138030\" src=\"https:\/\/www.radiopiu.net\/wordpress\/wp-content\/uploads\/2020\/05\/5c1f9b82-e833-403e-8df9-2933759276c6-300x225.jpg\" alt=\"\" width=\"300\" height=\"225\" srcset=\"https:\/\/www.radiopiu.net\/wordpress\/wp-content\/uploads\/2020\/05\/5c1f9b82-e833-403e-8df9-2933759276c6-300x225.jpg 300w, https:\/\/www.radiopiu.net\/wordpress\/wp-content\/uploads\/2020\/05\/5c1f9b82-e833-403e-8df9-2933759276c6-1024x768.jpg 1024w, https:\/\/www.radiopiu.net\/wordpress\/wp-content\/uploads\/2020\/05\/5c1f9b82-e833-403e-8df9-2933759276c6-768x576.jpg 768w, https:\/\/www.radiopiu.net\/wordpress\/wp-content\/uploads\/2020\/05\/5c1f9b82-e833-403e-8df9-2933759276c6.jpg 1288w\" sizes=\"auto, (max-width: 300px) 100vw, 300px\" \/><\/a><a class=\"dt-pswp-item\" href=\"https:\/\/www.radiopiu.net\/wordpress\/wp-content\/uploads\/2020\/05\/9510f274-e33d-4116-89af-cd76f93ca7af.jpg\" data-dt-img-description=\"\" data-large_image_width=\"1288\" data-large_image_height=\"966\"><img loading=\"lazy\" decoding=\"async\" class=\"alignnone size-medium wp-image-138031\" src=\"https:\/\/www.radiopiu.net\/wordpress\/wp-content\/uploads\/2020\/05\/9510f274-e33d-4116-89af-cd76f93ca7af-300x225.jpg\" alt=\"\" width=\"300\" height=\"225\" srcset=\"https:\/\/www.radiopiu.net\/wordpress\/wp-content\/uploads\/2020\/05\/9510f274-e33d-4116-89af-cd76f93ca7af-300x225.jpg 300w, https:\/\/www.radiopiu.net\/wordpress\/wp-content\/uploads\/2020\/05\/9510f274-e33d-4116-89af-cd76f93ca7af-1024x768.jpg 1024w, https:\/\/www.radiopiu.net\/wordpress\/wp-content\/uploads\/2020\/05\/9510f274-e33d-4116-89af-cd76f93ca7af-768x576.jpg 768w, https:\/\/www.radiopiu.net\/wordpress\/wp-content\/uploads\/2020\/05\/9510f274-e33d-4116-89af-cd76f93ca7af.jpg 1288w\" sizes=\"auto, (max-width: 300px) 100vw, 300px\" \/><\/a><\/p>\n<p>&nbsp;<\/p>\n<p>&nbsp;<\/p>\n<hr \/>\n<p>&nbsp;<\/p>\n<p><img decoding=\"async\" class=\"aligncenter jetpack-lazy-image jetpack-lazy-image--handled\" src=\"https:\/\/i0.wp.com\/www.radiopiu.net\/wordpress\/wp-content\/uploads\/2018\/09\/WhatsApp-Image-2018-09-20-at-16.04.06.jpeg?resize=800%2C100&amp;ssl=1\" data-lazy-loaded=\"1\" \/><\/p>\n<p>&nbsp;<\/p>\n<p><center><b>Sabato 16<\/b><\/center><b>Tempo atteso:\u00a0<\/b>Fino al mattino cielo in prevalenza nuvoloso o molto nuvoloso, nella seconda met\u00e0 di giornata nuvoloso o parzialmente nuvoloso con alternanza di nuvole e di qualche parziale schiarita.<br \/>\n<b>Precipitazioni:\u00a0<\/b>Fino al mattino probabilit\u00e0 medio-alta (50-75%); saranno sparse, discontinue, con locali temporali. Durante il pomeriggio probabilit\u00e0 medio-bassa (25-50%); saranno da sparse a locali, di breve durata. Di sera probabilit\u00e0 bassa (5-25%); tenderanno a cessare quasi ovunque. Accumuli giornalieri generalmente moderati, quota neve a 2500\/2800 m.<br \/>\n<b>Temperature:\u00a0<\/b>Prevarr\u00e0 un calo lieve o contenuto per le minime e un lieve o contenuto aumento delle massime. Sulle Prealpi a 1500 m min 5\u00b0C, max 9\u00b0C, a 2000 m min 3\u00b0C, max 8\u00b0C; sulle Dolomiti a 2000 m min 2\u00b0C, max 8, a 3000 m min -4\u00b0C, max 1\u00b0C.<br \/>\n<b>Venti:\u00a0<\/b>Nelle valli deboli\/moderati con direzione variabile; in quota moderati\/tesi da sud-ovest, a 10-20 km\/h a 2000 m e 30-50 km\/h a 3000 m.<\/p>\n<hr \/>\n<p><center><b>Domenica 17<\/b><\/center><b>Tempo atteso:\u00a0<\/b>Parzialmente nuvoloso con alternanza di nuvole e schiarite parziali.<br \/>\n<b>Precipitazioni:\u00a0<\/b>Probabilit\u00e0 bassa (5-25%) al mattino, medio-bassa (25-50%) nel pomeriggio di locali e brevi precipitazioni anche a carattere di rovescio. Limite delle eventuali nevicate di 2600-2900 m al mattino e oltre i 3000 m nel pomeriggio.<br \/>\n<b>Temperature:\u00a0<\/b>In lieve calo le minime, in aumento anche sensibile le massime, superiori alla norma di 3-4\u00b0C. Sulle Prealpi a 1500 m min 6\u00b0C, max 14\u00b0C e a 2000 m min 4\u00b0C, max 11\u00b0C, sulle Dolomiti a 2000 m min 4\u00b0C, max 11 e a 3000 m min -3\u00b0C, max 4.<br \/>\n<b>Venti:\u00a0<\/b>Nelle valli deboli o moderati a regime di brezza. In quota inizialmente moderati occidentali tendenti a divenire deboli\/moderati dai quadranti settentrionali, a 10-20 km\/h sia a 2000 m che a 3000 m.<\/p>\n<hr \/>\n<p><center><b>Lunedi 18<\/b><\/center>Tempo stabile e soleggiato con visibilit\u00e0 buona, salvo temporanei e innocui annuvolamenti in alcune valli prealpine nelle ore pi\u00f9 fredde per nubi basse. Qualche locale annuvolamento durante le ore pi\u00f9 calde, con locale modesta instabilit\u00e0 sulle Dolomiti. Temperature in ulteriore lieve aumento con significativa inversione termica giornaliera. Venti in quota deboli\/moderati dai quadranti settentrionali.<\/p>\n<hr \/>\n<p><center><b>Martedi 19<\/b><\/center>Giornata soleggiata con cielo sereno o poco nuvoloso a tutte le quote. Modesti, temporanei annuvolamenti pomeridiani di tipo cumuliforme, senza precipitazioni sulle zone prealpine, perlopi\u00f9 isolate sulle Dolomiti. Temperature stazionarie o in ulteriore lieve aumento<\/p>\n","protected":false},"excerpt":{"rendered":"<p>ULTIM\u2019ORA ore 12.30 \u00a0Gli esami di maturit\u00e0 \u201cinizieranno il 17 giugno, non ci saranno prove scritte, ci sar\u00e0 una prova orale dalla durata massima di 1 ora\u201d. Lo ha confermato la ministra dell\u2019Istruzione, Lucia Azzolina, in videoconferenza stampa, a proposito dell\u2019esame di maturit\u00e0, ripetendo che i commissari saranno tutti interni e che per gli studenti&hellip;<\/p>\n","protected":false},"author":4,"featured_media":138007,"comment_status":"closed","ping_status":"closed","sticky":false,"template":"","format":"standard","meta":{"_monsterinsights_skip_tracking":false,"_monsterinsights_sitenote_active":false,"_monsterinsights_sitenote_note":"","_monsterinsights_sitenote_category":0,"footnotes":""},"categories":[1,51,86],"tags":[],"class_list":["post-137912","post","type-post","status-publish","format-standard","has-post-thumbnail","hentry","category-senza-categoria","category-evidenza-top","category-gr","category-1","category-51","category-86","description-off"],"img_url":"https:\/\/www.radiopiu.net\/wordpress\/wp-content\/uploads\/2020\/05\/IMG-20200515-WA0003.jpg","_links":{"self":[{"href":"https:\/\/www.radiopiu.net\/wordpress\/wp-json\/wp\/v2\/posts\/137912","targetHints":{"allow":["GET"]}}],"collection":[{"href":"https:\/\/www.radiopiu.net\/wordpress\/wp-json\/wp\/v2\/posts"}],"about":[{"href":"https:\/\/www.radiopiu.net\/wordpress\/wp-json\/wp\/v2\/types\/post"}],"author":[{"embeddable":true,"href":"https:\/\/www.radiopiu.net\/wordpress\/wp-json\/wp\/v2\/users\/4"}],"replies":[{"embeddable":true,"href":"https:\/\/www.radiopiu.net\/wordpress\/wp-json\/wp\/v2\/comments?post=137912"}],"version-history":[{"count":0,"href":"https:\/\/www.radiopiu.net\/wordpress\/wp-json\/wp\/v2\/posts\/137912\/revisions"}],"wp:featuredmedia":[{"embeddable":true,"href":"https:\/\/www.radiopiu.net\/wordpress\/wp-json\/wp\/v2\/media\/138007"}],"wp:attachment":[{"href":"https:\/\/www.radiopiu.net\/wordpress\/wp-json\/wp\/v2\/media?parent=137912"}],"wp:term":[{"taxonomy":"category","embeddable":true,"href":"https:\/\/www.radiopiu.net\/wordpress\/wp-json\/wp\/v2\/categories?post=137912"},{"taxonomy":"post_tag","embeddable":true,"href":"https:\/\/www.radiopiu.net\/wordpress\/wp-json\/wp\/v2\/tags?post=137912"}],"curies":[{"name":"wp","href":"https:\/\/api.w.org\/{rel}","templated":true}]}}