{"id":137918,"date":"2020-05-16T11:59:24","date_gmt":"2020-05-16T09:59:24","guid":{"rendered":"https:\/\/www.radiopiu.net\/wordpress\/?p=137918"},"modified":"2020-05-16T12:12:49","modified_gmt":"2020-05-16T10:12:49","slug":"andrea-zampieri-consigliere-comunale-di-falcade-sulle-nuove-disposizioni-per-la-part-de-le-legne-notizie-utili-per-i-cittadini-di-falcade","status":"publish","type":"post","link":"https:\/\/www.radiopiu.net\/wordpress\/andrea-zampieri-consigliere-comunale-di-falcade-sulle-nuove-disposizioni-per-la-part-de-le-legne-notizie-utili-per-i-cittadini-di-falcade\/","title":{"rendered":"ANDREA ZAMPIERI CONSIGLIERE COMUNALE DI FALCADE SULLE NUOVE DISPOSIZIONI PER LA &#8220;PART&#8221; DE LE LEGNE, NOTIZIE UTILI PER I CITTADINI DI FALCADE"},"content":{"rendered":"<p><strong><a class=\"dt-pswp-item\" href=\"https:\/\/www.radiopiu.net\/wordpress\/wp-content\/uploads\/2020\/05\/LEGNA.jpg\" data-dt-img-description=\"\" data-large_image_width=\"1920\" data-large_image_height=\"1279\"><img loading=\"lazy\" decoding=\"async\" class=\"size-medium wp-image-137919 alignleft\" src=\"https:\/\/www.radiopiu.net\/wordpress\/wp-content\/uploads\/2020\/05\/LEGNA-300x200.jpg\" alt=\"\" width=\"300\" height=\"200\" srcset=\"https:\/\/www.radiopiu.net\/wordpress\/wp-content\/uploads\/2020\/05\/LEGNA-300x200.jpg 300w, https:\/\/www.radiopiu.net\/wordpress\/wp-content\/uploads\/2020\/05\/LEGNA-1024x682.jpg 1024w, https:\/\/www.radiopiu.net\/wordpress\/wp-content\/uploads\/2020\/05\/LEGNA-768x512.jpg 768w, https:\/\/www.radiopiu.net\/wordpress\/wp-content\/uploads\/2020\/05\/LEGNA-1536x1023.jpg 1536w, https:\/\/www.radiopiu.net\/wordpress\/wp-content\/uploads\/2020\/05\/LEGNA.jpg 1920w\" sizes=\"auto, (max-width: 300px) 100vw, 300px\" \/><\/a><\/strong><\/p>\n<p><strong>FALCADE <\/strong>Ritocchi per l&#8217;assegnazione della\u00a0 &#8220;part de le legne&#8221;, c&#8217;\u00e8 tempo fino al 31 maggio per la prenotazione. Non ci sar\u00e0 sorteggio sul posto ma sar\u00e0 una procedura d&#8217;ufficio. Sar\u00e0 il Comune di Canale d&#8217;Agordo con Andrea Adami che aiuter\u00e0 i &#8220;cugini&#8221; falcadini.<\/p>\n<p>&nbsp;<\/p>\n<p>&nbsp;<\/p>\n<p><strong>AI MICROFONI DI RADIO PIU&#8217; IL CONSIGLIERE COMUNALE ANDREA ZAMPIERI<\/strong><\/p>\n<audio class=\"wp-audio-shortcode\" id=\"audio-137918-1\" preload=\"none\" style=\"width: 100%;\" controls=\"controls\"><source type=\"audio\/mpeg\" src=\"https:\/\/www.radiopiu.net\/wordpress\/wp-content\/uploads\/2020\/05\/ZAMPIERI.mp3?_=1\" \/><a href=\"https:\/\/www.radiopiu.net\/wordpress\/wp-content\/uploads\/2020\/05\/ZAMPIERI.mp3\">https:\/\/www.radiopiu.net\/wordpress\/wp-content\/uploads\/2020\/05\/ZAMPIERI.mp3<\/a><\/audio>\n","protected":false},"excerpt":{"rendered":"<p>FALCADE Ritocchi per l&#8217;assegnazione della\u00a0 &#8220;part de le legne&#8221;, c&#8217;\u00e8 tempo fino al 31 maggio per la prenotazione. Non ci sar\u00e0 sorteggio sul posto ma sar\u00e0 una procedura d&#8217;ufficio. Sar\u00e0 il Comune di Canale d&#8217;Agordo con Andrea Adami che aiuter\u00e0 i &#8220;cugini&#8221; falcadini. &nbsp; &nbsp; AI MICROFONI DI RADIO PIU&#8217; IL CONSIGLIERE COMUNALE ANDREA ZAMPIERI<\/p>\n","protected":false},"author":4,"featured_media":137919,"comment_status":"closed","ping_status":"closed","sticky":false,"template":"","format":"standard","meta":{"_monsterinsights_skip_tracking":false,"_monsterinsights_sitenote_active":false,"_monsterinsights_sitenote_note":"","_monsterinsights_sitenote_category":0,"footnotes":""},"categories":[49],"tags":[],"class_list":["post-137918","post","type-post","status-publish","format-standard","has-post-thumbnail","hentry","category-news-18","category-49","description-off"],"img_url":"https:\/\/www.radiopiu.net\/wordpress\/wp-content\/uploads\/2020\/05\/LEGNA.jpg","_links":{"self":[{"href":"https:\/\/www.radiopiu.net\/wordpress\/wp-json\/wp\/v2\/posts\/137918","targetHints":{"allow":["GET"]}}],"collection":[{"href":"https:\/\/www.radiopiu.net\/wordpress\/wp-json\/wp\/v2\/posts"}],"about":[{"href":"https:\/\/www.radiopiu.net\/wordpress\/wp-json\/wp\/v2\/types\/post"}],"author":[{"embeddable":true,"href":"https:\/\/www.radiopiu.net\/wordpress\/wp-json\/wp\/v2\/users\/4"}],"replies":[{"embeddable":true,"href":"https:\/\/www.radiopiu.net\/wordpress\/wp-json\/wp\/v2\/comments?post=137918"}],"version-history":[{"count":0,"href":"https:\/\/www.radiopiu.net\/wordpress\/wp-json\/wp\/v2\/posts\/137918\/revisions"}],"wp:featuredmedia":[{"embeddable":true,"href":"https:\/\/www.radiopiu.net\/wordpress\/wp-json\/wp\/v2\/media\/137919"}],"wp:attachment":[{"href":"https:\/\/www.radiopiu.net\/wordpress\/wp-json\/wp\/v2\/media?parent=137918"}],"wp:term":[{"taxonomy":"category","embeddable":true,"href":"https:\/\/www.radiopiu.net\/wordpress\/wp-json\/wp\/v2\/categories?post=137918"},{"taxonomy":"post_tag","embeddable":true,"href":"https:\/\/www.radiopiu.net\/wordpress\/wp-json\/wp\/v2\/tags?post=137918"}],"curies":[{"name":"wp","href":"https:\/\/api.w.org\/{rel}","templated":true}]}}