{"id":137925,"date":"2020-05-15T23:59:22","date_gmt":"2020-05-15T21:59:22","guid":{"rendered":"https:\/\/www.radiopiu.net\/wordpress\/?p=137925"},"modified":"2020-05-15T16:48:35","modified_gmt":"2020-05-15T14:48:35","slug":"a-colle-santa-lucia-traffico-in-aumento-contagi-in-caduta-libera-anche-la-valle-agordina-primo-comune-agordino-contagiato-da-ieri-covid-free","status":"publish","type":"post","link":"https:\/\/www.radiopiu.net\/wordpress\/a-colle-santa-lucia-traffico-in-aumento-contagi-in-caduta-libera-anche-la-valle-agordina-primo-comune-agordino-contagiato-da-ieri-covid-free\/","title":{"rendered":"A COLLE SANTA LUCIA TRAFFICO IN AUMENTO, CONTAGI IN CADUTA LIBERA. ANCHE LA VALLE AGORDINA PRIMO COMUNE AGORDINO CONTAGIATO DA IERI COVID FREE"},"content":{"rendered":"<p><strong><a class=\"dt-pswp-item\" href=\"https:\/\/www.radiopiu.net\/wordpress\/wp-content\/uploads\/2018\/03\/paolo_frena.jpg\" data-dt-img-description=\"\" data-large_image_width=\"774\" data-large_image_height=\"884\"><img loading=\"lazy\" decoding=\"async\" class=\"alignleft\" src=\"https:\/\/www.radiopiu.net\/wordpress\/wp-content\/uploads\/2020\/05\/COLLE.png\" width=\"122\" height=\"208\" \/><\/a>COLLE SANTA LUCIA\u00a0 <\/strong>Quel pi\u00f9 600 per cento relativo ai flussi di traffico in centro a Colle Santa Lucia per il sindaco Paolo Frena ha una spiegazione. <em>&#8220;Se il giorno prima \u00e8 passata un&#8217;auto e il giorno dopo ne sono passate 6 il gioco \u00e8 fatto&#8221;,\u00a0<\/em>L&#8217;altra valida ipotesi del sindaco di Selva di Cadore Silvia Cestaro <em>&#8220;La settimana prima la provinciale della Val Fiorentina era chiusa&#8221;.\u00a0<\/em>Dal sindaco di Colle anche un&#8217;altra notizia importante: in paese 0 contagi da covid 19, Comune &#8220;pulito&#8221; come il vicino Selva di Cadore.<\/p>\n<p><strong>LA VALLE<\/strong> A proposito di Comuni &#8220;puliti&#8221; \u00e8 di ieri la notizia che anche il Comune di La Valle non ha pi\u00f9 persone in quarantena, ed \u00e8 una bella notizia perch\u00e9 proprio il sindaco Ezio Zuanel \u00e8 stato il primo a dover fare i conti con i paesani in quarantena, subito due fin dai primi giorni con le poche informazioni da Ulss1 e strutture deputate al controllo. Per questo Zuanel alz\u00f2 la voce chiedendo e ricevendo le attenzioni del caso.<\/p>\n<p><strong>AI MICROFONI DI RADIO PIU&#8217; IL SINDACO DI COLLE SANTA LUCIA PAOLO FRENA<\/strong><\/p>\n<p>&nbsp;<\/p>\n<audio class=\"wp-audio-shortcode\" id=\"audio-137925-1\" preload=\"none\" style=\"width: 100%;\" controls=\"controls\"><source type=\"audio\/mpeg\" src=\"https:\/\/www.radiopiu.net\/wordpress\/wp-content\/uploads\/2020\/05\/FREBA-AUMENTO-TRAFFICO.mp3?_=1\" \/><a href=\"https:\/\/www.radiopiu.net\/wordpress\/wp-content\/uploads\/2020\/05\/FREBA-AUMENTO-TRAFFICO.mp3\">https:\/\/www.radiopiu.net\/wordpress\/wp-content\/uploads\/2020\/05\/FREBA-AUMENTO-TRAFFICO.mp3<\/a><\/audio>\n","protected":false},"excerpt":{"rendered":"<p>COLLE SANTA LUCIA\u00a0 Quel pi\u00f9 600 per cento relativo ai flussi di traffico in centro a Colle Santa Lucia per il sindaco Paolo Frena ha una spiegazione. &#8220;Se il giorno prima \u00e8 passata un&#8217;auto e il giorno dopo ne sono passate 6 il gioco \u00e8 fatto&#8221;,\u00a0L&#8217;altra valida ipotesi del sindaco di Selva di Cadore Silvia&hellip;<\/p>\n","protected":false},"author":4,"featured_media":135908,"comment_status":"closed","ping_status":"closed","sticky":false,"template":"","format":"standard","meta":{"_monsterinsights_skip_tracking":false,"_monsterinsights_sitenote_active":false,"_monsterinsights_sitenote_note":"","_monsterinsights_sitenote_category":0,"footnotes":""},"categories":[51,49],"tags":[],"class_list":["post-137925","post","type-post","status-publish","format-standard","has-post-thumbnail","hentry","category-evidenza-top","category-news-18","category-51","category-49","description-off"],"img_url":"https:\/\/www.radiopiu.net\/wordpress\/wp-content\/uploads\/2020\/05\/COLLE.png","_links":{"self":[{"href":"https:\/\/www.radiopiu.net\/wordpress\/wp-json\/wp\/v2\/posts\/137925","targetHints":{"allow":["GET"]}}],"collection":[{"href":"https:\/\/www.radiopiu.net\/wordpress\/wp-json\/wp\/v2\/posts"}],"about":[{"href":"https:\/\/www.radiopiu.net\/wordpress\/wp-json\/wp\/v2\/types\/post"}],"author":[{"embeddable":true,"href":"https:\/\/www.radiopiu.net\/wordpress\/wp-json\/wp\/v2\/users\/4"}],"replies":[{"embeddable":true,"href":"https:\/\/www.radiopiu.net\/wordpress\/wp-json\/wp\/v2\/comments?post=137925"}],"version-history":[{"count":0,"href":"https:\/\/www.radiopiu.net\/wordpress\/wp-json\/wp\/v2\/posts\/137925\/revisions"}],"wp:featuredmedia":[{"embeddable":true,"href":"https:\/\/www.radiopiu.net\/wordpress\/wp-json\/wp\/v2\/media\/135908"}],"wp:attachment":[{"href":"https:\/\/www.radiopiu.net\/wordpress\/wp-json\/wp\/v2\/media?parent=137925"}],"wp:term":[{"taxonomy":"category","embeddable":true,"href":"https:\/\/www.radiopiu.net\/wordpress\/wp-json\/wp\/v2\/categories?post=137925"},{"taxonomy":"post_tag","embeddable":true,"href":"https:\/\/www.radiopiu.net\/wordpress\/wp-json\/wp\/v2\/tags?post=137925"}],"curies":[{"name":"wp","href":"https:\/\/api.w.org\/{rel}","templated":true}]}}