{"id":138041,"date":"2020-05-15T15:44:02","date_gmt":"2020-05-15T13:44:02","guid":{"rendered":"https:\/\/www.radiopiu.net\/wordpress\/?p=138041"},"modified":"2020-05-15T15:44:02","modified_gmt":"2020-05-15T13:44:02","slug":"parchi-cittadini-domani-nuove-aperture-da-lambioi-a-castion-ecco-la-lista","status":"publish","type":"post","link":"https:\/\/www.radiopiu.net\/wordpress\/parchi-cittadini-domani-nuove-aperture-da-lambioi-a-castion-ecco-la-lista\/","title":{"rendered":"PARCHI CITTADINI, DOMANI NUOVE APERTURE DA LAMBIOI A CASTION, ECCO LA LISTA"},"content":{"rendered":"<p><strong><a class=\"dt-pswp-item\" href=\"https:\/\/www.radiopiu.net\/wordpress\/wp-content\/uploads\/2020\/05\/PARCO-LAMBIOI.jpg\" data-dt-img-description=\"\" data-large_image_width=\"1024\" data-large_image_height=\"768\"><img loading=\"lazy\" decoding=\"async\" class=\"size-medium wp-image-138042 alignleft\" src=\"https:\/\/www.radiopiu.net\/wordpress\/wp-content\/uploads\/2020\/05\/PARCO-LAMBIOI-300x225.jpg\" alt=\"\" width=\"300\" height=\"225\" srcset=\"https:\/\/www.radiopiu.net\/wordpress\/wp-content\/uploads\/2020\/05\/PARCO-LAMBIOI-300x225.jpg 300w, https:\/\/www.radiopiu.net\/wordpress\/wp-content\/uploads\/2020\/05\/PARCO-LAMBIOI-768x576.jpg 768w, https:\/\/www.radiopiu.net\/wordpress\/wp-content\/uploads\/2020\/05\/PARCO-LAMBIOI.jpg 1024w\" sizes=\"auto, (max-width: 300px) 100vw, 300px\" \/><\/a>BELLUNO<\/strong>\u00a0Domani mattina torneranno aperti alla cittadinanza altri parchi della Citt\u00e0 di Belluno: si sono ultimate in queste ore le operazioni di pulizia e di messa in sicurezza di alcuni parchi.\u00a0In tutti i parchi restano in vigore le norme nazionali e regionali sul distanziamento; inoltre, per i pi\u00f9 piccoli non sar\u00e0 ancora possibile accedere ai giochi, il cui uso \u00e8 vietato dalla vigente normativa, e sulle panchine bisogner\u00e0 sempre mantenere la distanza con altre persone di almeno un metro.<span class=\"Apple-converted-space\">\u00a0\u00a0<\/span>Tornano quindi a disposizione il Parco di Lambioi \u2013 solo nella parte a monte della strada d&#8217;ingresso -, i parchi in stazione e al Centro Millenium, quello adiacente al supermercato Kanguro di Mussoi; il Parco Arcobaleno di Cavarzano, il Parco Basilisco di Castion, il Parco di Mussoi, il Parco Marianna di Borgo Pra e il parco adiacente all&#8217;asilo Cairoli in Via del Piave.\u00a0\u00ab<em>Esattamente una settimana fa abbiamo riaperto i nostri primi parchi e in queste giornate abbiamo verificato eventuali problemi di affluenza e di gestione. &#8211; sottolinea il sindaco, Jacopo Massaro \u2013 Ieri poi abbiamo dato il via, con grande successo, alle attivit\u00e0 motorie per i bambini nei parchi; la risposta della cittadinanza \u00e8 stata molto positiva e non abbiamo rilevato particolari difficolt\u00e0 di gestione, per cui possiamo passare a questa seconda fase di aperture. Resta comunque sottinteso che, se dovessero verificarsi violazioni delle norme, provvederemo nuovamente a contingentamenti o chiusure: la bella stagione invoglia tutti noi a passare qualche ora all&#8217;aria aperta, ma la salute di tutti e il rispetto del lavoro e della vita di chi opera in prima linea deve avere la priorit\u00e0<\/em>\u00bb.<\/p>\n","protected":false},"excerpt":{"rendered":"<p>BELLUNO\u00a0Domani mattina torneranno aperti alla cittadinanza altri parchi della Citt\u00e0 di Belluno: si sono ultimate in queste ore le operazioni di pulizia e di messa in sicurezza di alcuni parchi.\u00a0In tutti i parchi restano in vigore le norme nazionali e regionali sul distanziamento; inoltre, per i pi\u00f9 piccoli non sar\u00e0 ancora possibile accedere ai giochi,&hellip;<\/p>\n","protected":false},"author":4,"featured_media":138042,"comment_status":"closed","ping_status":"closed","sticky":false,"template":"","format":"standard","meta":{"_monsterinsights_skip_tracking":false,"_monsterinsights_sitenote_active":false,"_monsterinsights_sitenote_note":"","_monsterinsights_sitenote_category":0,"footnotes":""},"categories":[49],"tags":[],"class_list":["post-138041","post","type-post","status-publish","format-standard","has-post-thumbnail","hentry","category-news-18","category-49","description-off"],"img_url":"https:\/\/www.radiopiu.net\/wordpress\/wp-content\/uploads\/2020\/05\/PARCO-LAMBIOI.jpg","_links":{"self":[{"href":"https:\/\/www.radiopiu.net\/wordpress\/wp-json\/wp\/v2\/posts\/138041","targetHints":{"allow":["GET"]}}],"collection":[{"href":"https:\/\/www.radiopiu.net\/wordpress\/wp-json\/wp\/v2\/posts"}],"about":[{"href":"https:\/\/www.radiopiu.net\/wordpress\/wp-json\/wp\/v2\/types\/post"}],"author":[{"embeddable":true,"href":"https:\/\/www.radiopiu.net\/wordpress\/wp-json\/wp\/v2\/users\/4"}],"replies":[{"embeddable":true,"href":"https:\/\/www.radiopiu.net\/wordpress\/wp-json\/wp\/v2\/comments?post=138041"}],"version-history":[{"count":0,"href":"https:\/\/www.radiopiu.net\/wordpress\/wp-json\/wp\/v2\/posts\/138041\/revisions"}],"wp:featuredmedia":[{"embeddable":true,"href":"https:\/\/www.radiopiu.net\/wordpress\/wp-json\/wp\/v2\/media\/138042"}],"wp:attachment":[{"href":"https:\/\/www.radiopiu.net\/wordpress\/wp-json\/wp\/v2\/media?parent=138041"}],"wp:term":[{"taxonomy":"category","embeddable":true,"href":"https:\/\/www.radiopiu.net\/wordpress\/wp-json\/wp\/v2\/categories?post=138041"},{"taxonomy":"post_tag","embeddable":true,"href":"https:\/\/www.radiopiu.net\/wordpress\/wp-json\/wp\/v2\/tags?post=138041"}],"curies":[{"name":"wp","href":"https:\/\/api.w.org\/{rel}","templated":true}]}}