{"id":138078,"date":"2020-05-15T17:24:19","date_gmt":"2020-05-15T15:24:19","guid":{"rendered":"https:\/\/www.radiopiu.net\/wordpress\/?p=138078"},"modified":"2020-05-15T17:24:19","modified_gmt":"2020-05-15T15:24:19","slug":"ideal-standard-lo-stabilimento-di-trichiana-primo-a-chiudere-ultimo-a-ripartire","status":"publish","type":"post","link":"https:\/\/www.radiopiu.net\/wordpress\/ideal-standard-lo-stabilimento-di-trichiana-primo-a-chiudere-ultimo-a-ripartire\/","title":{"rendered":"IDEAL STANDARD: LO STABILIMENTO DI TRICHIANA PRIMO A CHIUDERE, ULTIMO A RIPARTIRE"},"content":{"rendered":"<p align=\"JUSTIFY\"><span style=\"font-size: medium;\"><b><img loading=\"lazy\" decoding=\"async\" class=\"alignleft\" src=\"https:\/\/www.radiopiu.net\/wordpress\/wp-content\/uploads\/2020\/05\/ideal-standard-orcenigo-scaled.jpg\" width=\"258\" height=\"182\" \/>VENEZIA\u00a0 <\/b><\/span><span style=\"font-size: medium;\">L\u2019incontro di oggi &#8211; secondo l\u2019esito comunicato dalle parti alla Regione Veneto \u2013 non ha fornito alcuna informazione utile circa le prossime prospettive aziendali, ovvero modalit\u00e0 di ripresa delle attivit\u00e0 e quantificazione dei volumi produttivi previsti nei prossimi mesi nei diversi stabilimenti del gruppo <\/span><em>\u201c<span style=\"font-size: medium;\">Da quanto comunicato \u2013 riferisce l\u2019assessore regionale al lavoro del Veneto, Elena Donazzan &#8211; l\u2019unica informazione che emerge sono le date di ripartenza dei diversi stabilimenti: Trichiana, primo dei quattro stabilimenti a chiudere a causa della crisi pandemica, sar\u00e0 l\u2019ultimo a ripartire, il 29 giugno, senza peraltro alcuna indicazione di basi produttive e numero di lavoratori, a differenza delle altre sedi continentali che riapriranno luned\u00ec 18 e di quella inglese che si acceder\u00e0 i forni il 1\u00b0 giugno.<\/span><span style=\"font-size: medium;\"> Non \u00e8 accettabile che l\u2019azienda annunci in sede istituzionale una riconvocazione entro 24 ore, senza poi dare alcuna informazione utile\u201d. <\/span><\/em><span style=\"font-size: medium;\">E<\/span><span style=\"color: #000000;\"><span style=\"font-size: medium;\">ventuali informazioni aggiuntive verranno comunicate nella riunione europea del gruppo. <em>Non \u00e8 credibile \u2013 prosegue l\u2019assessore &#8211; che non esista una programmazione aziendale in una realt\u00e0 strutturata qual \u00e8 Ideal Standard: \u00e8 diritto dei lavoratori, delle organizzazioni sindacali che li rappresentano e delle istituzioni che hanno attivato gli ammortizzatori sociali di essere messi a conoscenza dei programmi aziendali per i prossimi mesi. Pretendiamo, quindi. che le intenzioni e i piani per la ripartenza vengano condivisi con le rappresentanze sindacali e con le istituzioni. <\/em><\/span><\/span><em><span style=\"color: #000000;\"><span style=\"font-size: medium;\">Valuteremo se l\u2019incontro previsto nei prossimi giorni, sar\u00e0 una presa in giro. E insieme ai ministeri competenti assumeremo le iniziative pi\u00f9 idonee da mettere in atto\u201d. <\/span><\/span><\/em><\/p>\n","protected":false},"excerpt":{"rendered":"<p>VENEZIA\u00a0 L\u2019incontro di oggi &#8211; secondo l\u2019esito comunicato dalle parti alla Regione Veneto \u2013 non ha fornito alcuna informazione utile circa le prossime prospettive aziendali, ovvero modalit\u00e0 di ripresa delle attivit\u00e0 e quantificazione dei volumi produttivi previsti nei prossimi mesi nei diversi stabilimenti del gruppo \u201cDa quanto comunicato \u2013 riferisce l\u2019assessore regionale al lavoro del&hellip;<\/p>\n","protected":false},"author":1,"featured_media":138079,"comment_status":"closed","ping_status":"closed","sticky":false,"template":"","format":"standard","meta":{"_monsterinsights_skip_tracking":false,"_monsterinsights_sitenote_active":false,"_monsterinsights_sitenote_note":"","_monsterinsights_sitenote_category":0,"footnotes":""},"categories":[49],"tags":[],"class_list":["post-138078","post","type-post","status-publish","format-standard","has-post-thumbnail","hentry","category-news-18","category-49","description-off"],"img_url":"https:\/\/www.radiopiu.net\/wordpress\/wp-content\/uploads\/2020\/05\/ideal-standard-orcenigo-scaled.jpg","_links":{"self":[{"href":"https:\/\/www.radiopiu.net\/wordpress\/wp-json\/wp\/v2\/posts\/138078","targetHints":{"allow":["GET"]}}],"collection":[{"href":"https:\/\/www.radiopiu.net\/wordpress\/wp-json\/wp\/v2\/posts"}],"about":[{"href":"https:\/\/www.radiopiu.net\/wordpress\/wp-json\/wp\/v2\/types\/post"}],"author":[{"embeddable":true,"href":"https:\/\/www.radiopiu.net\/wordpress\/wp-json\/wp\/v2\/users\/1"}],"replies":[{"embeddable":true,"href":"https:\/\/www.radiopiu.net\/wordpress\/wp-json\/wp\/v2\/comments?post=138078"}],"version-history":[{"count":0,"href":"https:\/\/www.radiopiu.net\/wordpress\/wp-json\/wp\/v2\/posts\/138078\/revisions"}],"wp:featuredmedia":[{"embeddable":true,"href":"https:\/\/www.radiopiu.net\/wordpress\/wp-json\/wp\/v2\/media\/138079"}],"wp:attachment":[{"href":"https:\/\/www.radiopiu.net\/wordpress\/wp-json\/wp\/v2\/media?parent=138078"}],"wp:term":[{"taxonomy":"category","embeddable":true,"href":"https:\/\/www.radiopiu.net\/wordpress\/wp-json\/wp\/v2\/categories?post=138078"},{"taxonomy":"post_tag","embeddable":true,"href":"https:\/\/www.radiopiu.net\/wordpress\/wp-json\/wp\/v2\/tags?post=138078"}],"curies":[{"name":"wp","href":"https:\/\/api.w.org\/{rel}","templated":true}]}}