{"id":138198,"date":"2020-05-17T07:44:07","date_gmt":"2020-05-17T05:44:07","guid":{"rendered":"https:\/\/www.radiopiu.net\/wordpress\/?p=138198"},"modified":"2020-05-17T10:51:38","modified_gmt":"2020-05-17T08:51:38","slug":"giornale-radiopiu-17-maggio-2020-direttore-mirko-mezzacasa","status":"publish","type":"post","link":"https:\/\/www.radiopiu.net\/wordpress\/giornale-radiopiu-17-maggio-2020-direttore-mirko-mezzacasa\/","title":{"rendered":"GIORNALE RADIOPIU 17 MAGGIO 2020 DIRETTORE MIRKO MEZZACASA"},"content":{"rendered":"<h3><strong>PER RICEVERE QUESTO NOTIZIARIO DIRETTAMENTE SUL TUO CELLULARE ISCRIVITI AL CANALE TELEGRAM\u00a0<\/strong><strong>\u201cRADIO PIU\u00a0 INFORMAZIONE\u201d<\/strong><\/h3>\n<hr \/>\n<p><strong><em>\u00a0<\/em><\/strong><\/p>\n<p><strong><em>Gestione Servizi Pubblici informa che a GOSALDO nelle Localit\u00e0 LE CASE, CURTI e INCASAL, l\u2019acqua erogata dall\u2019acquedotto \u00e8 di nuovo potabile e pu\u00f2 essere usata, quindi, per scopi alimentari, <\/em><\/strong><strong><em>\u00a0nelle localit\u00e0 LE FOCHE, LAMBROI, DENEORE, MAGAIT, REN, SELLE, COL TAMAI, BITTI, GIARDOI, l\u2019acqua erogata dall\u2019acquedotto non \u00e8 potabile e pu\u00f2 essere usata per scopi alimentari SOLO PREVIA bollitura<\/em><\/strong><\/p>\n<p><strong>per lavori alla rete idrica comunale lunedi dalle 8 alle 13 verr\u00e0 sospesa l\u2019erogazione dell\u2019acqua a CANALE D\u2019AGORDO, in localit\u00e0 CASATE e in via VAL. In caso di maltempo, i lavori verranno posticipati al giorno successivo<\/strong><\/p>\n<hr \/>\n<p>&nbsp;<\/p>\n<p><strong>CHIUDE PONTE MAS, FINO AL 30 GIUGNO PER I LAVORI DI CONSOLIDAMENTO:<\/strong>\u00a0 fino al\u00a0 30 giugno sar\u00e0 chiuso sia alle macchine sia ai pedoni. Percorso alternativo: da Ponte Mas a Vignole in Comune di Sedico.<\/p>\n<p><strong>DA LUNEDI INTERRUZIONI A CRISTO DELLE PIANIZZE\u00a0<\/strong>sp347 DURAN E CEREDA da lunedi al 5 giugno (esclusi festivi e prefestivi) possibili interruzioni in localit\u00e0 Pianizze (Agordo) della durata massima di 15 minuti dalle 8 alle 12 e dalle 13 alle 17, inoltre senso unico alternato nei periodi non interessati dalle chiusura<\/p>\n<p>&nbsp;<\/p>\n<hr \/>\n<h3 style=\"text-align: center;\">LA CONFERENZA STAMPA DEL PRESIDENTE DEL CONSIGLIO GIUSEPPE CONTE<\/h3>\n<p><iframe loading=\"lazy\" title=\"Conferenza stampa del Presidente Conte\" width=\"1200\" height=\"675\" src=\"https:\/\/www.youtube.com\/embed\/9JztWZNiUKM?feature=oembed\" frameborder=\"0\" allow=\"accelerometer; autoplay; clipboard-write; encrypted-media; gyroscope; picture-in-picture\" allowfullscreen><\/iframe><\/p>\n<p>&nbsp;<\/p>\n<hr \/>\n<p>&nbsp;<\/p>\n<h2>ESCE DI STRADA CON IL FURGONE E RIFIUTA I SOCCORSI<\/h2>\n<blockquote><p><em>Il conducente, un 23enne della zona ha rifiutato le cure mediche. Per ricostruire la dinamica dell&#8217;incidente sono intervenuti i carabinieri.\u00a0<\/em><\/p><\/blockquote>\n<p><strong>PONTE NELLE ALPI\u00a0<\/strong> Sabato sera con il botto a Ponte nelle Alpi in zona Santa Caterina alle 20.30, un giovane di 23 anni a bordo di un\u00a0 furgone Vw Kaddy \u00e8 uscito di strada salendo sul marciapiede e travolgendo e spezzando come si vede dalle foto il semaforo, cinque paletti\u00a0 uno dietro l&#8217;altro e fiorire. Fortunatamente non c&#8217;erano pedoni sulla via altrimenti le conseguenze sarebbero state terribili. Immediato l&#8217;intervento anche del 118, oltre a vigili del fuoco e Carabinieri, ma il &#8220;pilota&#8221; ha rifiutato le cure sanitarie.<\/p>\n<p>&nbsp;<\/p>\n<p><a class=\"dt-pswp-item\" href=\"https:\/\/www.radiopiu.net\/wordpress\/wp-content\/uploads\/2020\/05\/cb41ea22-79c8-4ea0-9f01-9169ca2e95bd.jpg\" data-dt-img-description=\"\" data-large_image_width=\"960\" data-large_image_height=\"1280\"><img loading=\"lazy\" decoding=\"async\" class=\"alignnone wp-image-138302\" src=\"https:\/\/www.radiopiu.net\/wordpress\/wp-content\/uploads\/2020\/05\/cb41ea22-79c8-4ea0-9f01-9169ca2e95bd-225x300.jpg\" alt=\"\" width=\"229\" height=\"304\" srcset=\"https:\/\/www.radiopiu.net\/wordpress\/wp-content\/uploads\/2020\/05\/cb41ea22-79c8-4ea0-9f01-9169ca2e95bd-225x300.jpg 225w, https:\/\/www.radiopiu.net\/wordpress\/wp-content\/uploads\/2020\/05\/cb41ea22-79c8-4ea0-9f01-9169ca2e95bd-768x1024.jpg 768w, https:\/\/www.radiopiu.net\/wordpress\/wp-content\/uploads\/2020\/05\/cb41ea22-79c8-4ea0-9f01-9169ca2e95bd.jpg 960w\" sizes=\"auto, (max-width: 229px) 100vw, 229px\" \/><\/a><a class=\"dt-pswp-item\" href=\"https:\/\/www.radiopiu.net\/wordpress\/wp-content\/uploads\/2020\/05\/3b2a48a8-668e-4e59-81e1-cbafe77b2501.jpg\" data-dt-img-description=\"\" data-large_image_width=\"1280\" data-large_image_height=\"960\"><img loading=\"lazy\" decoding=\"async\" class=\"alignnone wp-image-138303\" src=\"https:\/\/www.radiopiu.net\/wordpress\/wp-content\/uploads\/2020\/05\/3b2a48a8-668e-4e59-81e1-cbafe77b2501-300x225.jpg\" alt=\"\" width=\"403\" height=\"301\" srcset=\"https:\/\/www.radiopiu.net\/wordpress\/wp-content\/uploads\/2020\/05\/3b2a48a8-668e-4e59-81e1-cbafe77b2501-300x225.jpg 300w, https:\/\/www.radiopiu.net\/wordpress\/wp-content\/uploads\/2020\/05\/3b2a48a8-668e-4e59-81e1-cbafe77b2501-1024x768.jpg 1024w, https:\/\/www.radiopiu.net\/wordpress\/wp-content\/uploads\/2020\/05\/3b2a48a8-668e-4e59-81e1-cbafe77b2501-768x576.jpg 768w, https:\/\/www.radiopiu.net\/wordpress\/wp-content\/uploads\/2020\/05\/3b2a48a8-668e-4e59-81e1-cbafe77b2501.jpg 1280w\" sizes=\"auto, (max-width: 403px) 100vw, 403px\" \/><\/a><a class=\"dt-pswp-item\" href=\"https:\/\/www.radiopiu.net\/wordpress\/wp-content\/uploads\/2020\/05\/ee07cc65-c29b-4465-bd0a-9d7c9ea30224.jpg\" data-dt-img-description=\"\" data-large_image_width=\"960\" data-large_image_height=\"1280\"><img loading=\"lazy\" decoding=\"async\" class=\"alignnone size-medium wp-image-138304\" src=\"https:\/\/www.radiopiu.net\/wordpress\/wp-content\/uploads\/2020\/05\/ee07cc65-c29b-4465-bd0a-9d7c9ea30224-225x300.jpg\" alt=\"\" width=\"225\" height=\"300\" srcset=\"https:\/\/www.radiopiu.net\/wordpress\/wp-content\/uploads\/2020\/05\/ee07cc65-c29b-4465-bd0a-9d7c9ea30224-225x300.jpg 225w, https:\/\/www.radiopiu.net\/wordpress\/wp-content\/uploads\/2020\/05\/ee07cc65-c29b-4465-bd0a-9d7c9ea30224-768x1024.jpg 768w, https:\/\/www.radiopiu.net\/wordpress\/wp-content\/uploads\/2020\/05\/ee07cc65-c29b-4465-bd0a-9d7c9ea30224.jpg 960w\" sizes=\"auto, (max-width: 225px) 100vw, 225px\" \/><\/a><\/p>\n<hr \/>\n<p>&nbsp;<\/p>\n<blockquote>\n<h2>SCATTA LA FASE 2, PASSA LA LINEA DELLE REGIONI CHE DIVENTANO LE PRIME RESPONSABILI DI EVENTUALI CONSEGUENZE. PER I CENTRI ESTIVI SE NE PARLA A META&#8217; GIUGNO, TRA UN MESE. DA DOMANI FINE DELL&#8217;AUTOCERTIFICAZIONE, DAL 3 GIUGNO APRONO LE FRONTIERE SENZA OBBLIGO DI QUARANTENA PER CHI ARRIVA.<\/h2>\n<\/blockquote>\n<h3><em>NESSUN NUOVO POSITIVO NELLE 24 ORE A BELLUNO, PER IL SECONDO GIORNO CONSECUTIVO. UN PAZIENTE IN MENO NELL\u2019OSPEDALE DI COMUNITA\u2019 E SEMPRE UN CASO GRAVE DA TERAPIA INTENSIVA. IN ISOLAMENTO MENO DI 700 PERSONE AUMENTANO I GUARITI (121)<\/em><\/h3>\n<blockquote><p>di Mirko Mezzacasa<\/p><\/blockquote>\n<p>Il ritorno alla normalit\u00e0, o quasi. Da domani su le serrande, si torna al bar, al ristorante, dal barbiere e anche dall&#8217;estetista. Le linee guida del Governo potranno essere allentate o ampliate dalle Regioni che si assumeranno il rischio. Se i contagi risaliranno scatteranno di nuovo i provvedimenti di chiusura. Ammessi gli spostamenti sul territorio regionale senza autocertificazione, oltre i confini del Veneto si potr\u00e0 andare solo dal 3 giugno quando riapriranno anche le frontiere senza la necessit\u00e0 della quarantena per chi arriver\u00e0 nel nostro paese. Nessuna apertura ai centri estivi, rimangono chiusi ancora per alcune settimane, il Governo ha chiesto un mese di attesa. Per andare in ristorante la prenotazione non \u00e8 obbligatoria ma consigliata, mascherina obbligatoria per il personale ma anche per i clienti eccetto quando consumano, i ristoratori dovranno conservare le liste delle prenotazioni per 14 giorni, stessa regola anche dal parrucchiere. Al Bar si potr\u00e0 consumare il caff\u00e8 anche al bancone solo se sar\u00e0 garantita la distanza di un metro come in ristorante (non tra i tavoli ma tra le persone eccetto tra congiunti). Vietati i buffet e obbligo della presenza del gel igienizzante. Alla cassa preferito il pagamento con il Pos. S\u00ec all&#8217;uso dell&#8217;aria condizionata previa pulizia dei filtri, divieto di riciclo dell&#8217;aria. Negli esercizi commerciali con metratura inferiore ai 40 metri quadrati entrer\u00e0 una sola persona per volta, sar\u00e0 possibile provare abiti e scarpe previa igienizzazione di mani e piedi e uso di calze di prova, vige la regola del metro, del distanziamento sociale. Nei grandi centri commerciali potr\u00e0 essere misurata la temperatura corporea all&#8217;entrata e le casse dotate di barriere fisse (schermi parafiato). Dal parrucchiere ed estetista prenotazione obbligatoria, distanza minima di 1 metro tra postazioni, obbligo di mascherina per i clienti, visiera e guanti per l&#8217;operatore, sanificazione delle poltrone e divieto di riciclo d&#8217;aria condizionata. Divieto di saune e bagni turchi. Ancora vietati gli sport di gruppo e la data per la possibile ripresa ancora non c&#8217;\u00e8. Via libera a sport inviduali come il tennis o i corsi di nuoto per bambini con istruttore fuori dall&#8217;acqua. Nelle palestre consentita solo la disciplina individuale, ingressi contingentati anche in spogliatoio e nelle docce, mascherina solo per gli istruttori se non \u00e8 garantita la distanza di sicurezza. I trasporti pubblici dovranno differenziare le porte di ingresso ed uscita, obbligo di sanificazione quotidiana dei mezzi, dovr\u00e0 essere garantito il distanziamento dei posti a sedere. Da domani via libera alle seconde case in regione, dal 3 giugno anche oltre i confini regionali. <strong>NELLE ULTIME 24 ORE IN VENETO<\/strong> Nuovi casi di positivi\u00a0 26 (venerdi 44) da inizio epidemia 18928 (+26 ),\u00a0 attualmente positivi\u00a0 4116\u00a0 (- 193 ),\u00a0 negativizzati\/guariti 13025\u00a0 \u00a0(+208)\u00a0 in isolamento domiciliare 4196 (- 63\u00a0 ) ricoverati 670 (-22 ), in ospedale 552\u00a0 (-22\u00a0 ) , ospedali di comunit\u00e0 118 (-0 ), terapia intensiva 49 (-1 ,\u00a0 21 positivi,\u00a0 \u00a028 negativi),\u00a0 dimessi 3401\u00a0 (+19 ) , decessi ospedale\u00a0 1351 (8 ) , totale decessi 1787 (+11) <strong>NELLE ULTIME 24 ORE IN PROVINCIA DI BELLUNO<\/strong>\u00a0 Casi positivi 0 (venerdi 0) dal 21 febbraio 1151 (0 ), attualmente positivi 345 (-21 ), deceduti 104 (0),\u00a0 negativizzati\/guariti 702\u00a0 (+121), in isolamento domiciliare 672\u00a0 (-35 ), ricoverati ospedale San Martino 8 (0) , terapia intensiva 1 (0) , ospedale di Comunit\u00e0 di Belluno 10 (-1 ) Agordo 10 (0 ).<strong>\u00a0Ieri sera <\/strong><span style=\"font-family: Calibri, serif;\">un paziente\u00a0 covid positivo di anni 91, ricoverato in Geriatria COVID di Belluno e residente in Ulss Dolomiti \u00e8 deceduto. <\/span><span style=\"font-size: medium;\"><span style=\"font-family: Calibri, serif;\">Sono in corso gli accertamenti per stabilire le cause del decesso da parte dell\u2019Istituto Superiore di Sanit\u00e0. <\/span><\/span><strong>76\u00a0 DECESSI NEGLI OSPEDALI BELLUNESI DAL 21 FEBBRAIO<\/strong> Ospedale San Martino di Belluno 51, Feltre 6, Belluno Ospedale di Comunit\u00e0 17 , Agordo 1 e Pieve di Cadore 1.<\/p>\n<blockquote class=\"wp-embedded-content\" data-secret=\"o1Mhk71qeS\"><p><a href=\"https:\/\/www.radiopiu.net\/wordpress\/il-decreto-riaperture\/\">IL DECRETO RIAPERTURE<\/a><\/p><\/blockquote>\n<p><iframe loading=\"lazy\" title=\"&#8220;IL DECRETO RIAPERTURE&#8221; &#8212; Radio Pi\u00f9\" class=\"wp-embedded-content\" sandbox=\"allow-scripts\" security=\"restricted\" style=\"position: absolute; clip: rect(1px, 1px, 1px, 1px);\" src=\"https:\/\/www.radiopiu.net\/wordpress\/il-decreto-riaperture\/embed\/#?secret=o1Mhk71qeS\" data-secret=\"o1Mhk71qeS\" width=\"600\" height=\"338\" frameborder=\"0\" marginwidth=\"0\" marginheight=\"0\" scrolling=\"no\"><\/iframe><\/p>\n<blockquote class=\"wp-embedded-content\" data-secret=\"kGatdssqZn\"><p><a href=\"https:\/\/www.radiopiu.net\/wordpress\/riaperture-le-linee-guida-del-veneto\/\">RIAPERTURE: LE LINEE GUIDA DEL VENETO<\/a><\/p><\/blockquote>\n<p><iframe loading=\"lazy\" title=\"&#8220;RIAPERTURE: LE LINEE GUIDA DEL VENETO&#8221; &#8212; Radio Pi\u00f9\" class=\"wp-embedded-content\" sandbox=\"allow-scripts\" security=\"restricted\" style=\"position: absolute; clip: rect(1px, 1px, 1px, 1px);\" src=\"https:\/\/www.radiopiu.net\/wordpress\/riaperture-le-linee-guida-del-veneto\/embed\/#?secret=kGatdssqZn\" data-secret=\"kGatdssqZn\" width=\"600\" height=\"338\" frameborder=\"0\" marginwidth=\"0\" marginheight=\"0\" scrolling=\"no\"><\/iframe><\/p>\n<p>&nbsp;<\/p>\n<hr \/>\n<blockquote class=\"wp-embedded-content\" data-secret=\"CaBu5XVAFO\"><p><a href=\"https:\/\/www.radiopiu.net\/wordpress\/coronavirus-aggiornamento-nazionale-16-maggio-2020\/\">CORONAVIRUS: AGGIORNAMENTO NAZIONALE 16 MAGGIO 2020<\/a><\/p><\/blockquote>\n<p><iframe loading=\"lazy\" title=\"&#8220;CORONAVIRUS: AGGIORNAMENTO NAZIONALE 16 MAGGIO 2020&#8221; &#8212; Radio Pi\u00f9\" class=\"wp-embedded-content\" sandbox=\"allow-scripts\" security=\"restricted\" style=\"position: absolute; clip: rect(1px, 1px, 1px, 1px);\" src=\"https:\/\/www.radiopiu.net\/wordpress\/coronavirus-aggiornamento-nazionale-16-maggio-2020\/embed\/#?secret=CaBu5XVAFO\" data-secret=\"CaBu5XVAFO\" width=\"600\" height=\"338\" frameborder=\"0\" marginwidth=\"0\" marginheight=\"0\" scrolling=\"no\"><\/iframe><\/p>\n<p>&nbsp;<\/p>\n<hr \/>\n<p>&nbsp;<\/p>\n<blockquote class=\"wp-embedded-content\" data-secret=\"rs7hUr93Br\"><p><a href=\"https:\/\/www.radiopiu.net\/wordpress\/contagi-al-16-maggio\/\">I CONTAGI COMUNE PER COMUNE, SITUAZIONE AL 16 MAGGIO, in allegato i dettagli dalle tabelle di Fabio Da Rolt<\/a><\/p><\/blockquote>\n<p><iframe loading=\"lazy\" title=\"&#8220;I CONTAGI COMUNE PER COMUNE, SITUAZIONE AL 16 MAGGIO, in allegato i dettagli dalle tabelle di Fabio Da Rolt&#8221; &#8212; Radio Pi\u00f9\" class=\"wp-embedded-content\" sandbox=\"allow-scripts\" security=\"restricted\" style=\"position: absolute; clip: rect(1px, 1px, 1px, 1px);\" src=\"https:\/\/www.radiopiu.net\/wordpress\/contagi-al-16-maggio\/embed\/#?secret=rs7hUr93Br\" data-secret=\"rs7hUr93Br\" width=\"600\" height=\"338\" frameborder=\"0\" marginwidth=\"0\" marginheight=\"0\" scrolling=\"no\"><\/iframe><\/p>\n<p>&nbsp;<\/p>\n<hr \/>\n<p>&nbsp;<\/p>\n<div class=\"page-title-head hgroup\">\n<blockquote>\n<h3 class=\"entry-title\">ULSS1 DOLOMITI, TABELLE CONTAGI TRA IL PERSONALE SANITARIO E NELLE CASE DI RIPOSO<\/h3>\n<\/blockquote>\n<\/div>\n<div class=\"page-title-breadcrumbs\">\n<p>SITUAZIONE COVID19 ALL\u2019INTERNO DELLE STRUTTURE DELLA ULSS1 DOLOMITI, DATI AGGIORNATI AL 16 MAGGIO, ORE 8<\/p>\n<p class=\"photoswipe-wrapper\"><a class=\"dt-pswp-item pspw-wrap-ready\" href=\"https:\/\/i1.wp.com\/www.radiopiu.net\/wordpress\/wp-content\/uploads\/2020\/05\/b6b960df-2a7d-4a81-9678-996f7671b2a9.jpg?ssl=1\" data-dt-img-description=\"\" data-large_image_width=\"753\" data-large_image_height=\"124\"><img loading=\"lazy\" decoding=\"async\" class=\"alignnone wp-image-138162 size-full jetpack-lazy-image jetpack-lazy-image--handled\" src=\"https:\/\/i1.wp.com\/www.radiopiu.net\/wordpress\/wp-content\/uploads\/2020\/05\/b6b960df-2a7d-4a81-9678-996f7671b2a9.jpg?resize=753%2C124&amp;ssl=1\" sizes=\"auto, (max-width: 753px) 100vw, 753px\" srcset=\"https:\/\/i1.wp.com\/www.radiopiu.net\/wordpress\/wp-content\/uploads\/2020\/05\/b6b960df-2a7d-4a81-9678-996f7671b2a9.jpg?w=753&amp;ssl=1 753w, https:\/\/i1.wp.com\/www.radiopiu.net\/wordpress\/wp-content\/uploads\/2020\/05\/b6b960df-2a7d-4a81-9678-996f7671b2a9.jpg?resize=300%2C49&amp;ssl=1 300w\" alt=\"\" width=\"753\" height=\"124\" data-recalc-dims=\"1\" data-lazy-loaded=\"1\" \/><\/a><\/p>\n<p>SITUAZIONE COVID19 ALL\u2019INTERNO DELLE CASE DI RIPOSO DELLA PROVINCIA, DATI AGGIORNATI AL 16 MAGGIO, ORE 8<\/p>\n<p class=\"photoswipe-wrapper\"><a class=\"dt-pswp-item pspw-wrap-ready\" href=\"https:\/\/i0.wp.com\/www.radiopiu.net\/wordpress\/wp-content\/uploads\/2020\/05\/092064d2-b434-4c1a-a49d-dd06956e92d8.jpg?ssl=1\" data-dt-img-description=\"\" data-large_image_width=\"1026\" data-large_image_height=\"220\"><img loading=\"lazy\" decoding=\"async\" class=\"alignnone wp-image-138163 size-full jetpack-lazy-image jetpack-lazy-image--handled\" src=\"https:\/\/i0.wp.com\/www.radiopiu.net\/wordpress\/wp-content\/uploads\/2020\/05\/092064d2-b434-4c1a-a49d-dd06956e92d8.jpg?resize=1026%2C220&amp;ssl=1\" sizes=\"auto, (max-width: 1026px) 100vw, 1026px\" srcset=\"https:\/\/i0.wp.com\/www.radiopiu.net\/wordpress\/wp-content\/uploads\/2020\/05\/092064d2-b434-4c1a-a49d-dd06956e92d8.jpg?w=1026&amp;ssl=1 1026w, https:\/\/i0.wp.com\/www.radiopiu.net\/wordpress\/wp-content\/uploads\/2020\/05\/092064d2-b434-4c1a-a49d-dd06956e92d8.jpg?resize=300%2C64&amp;ssl=1 300w, https:\/\/i0.wp.com\/www.radiopiu.net\/wordpress\/wp-content\/uploads\/2020\/05\/092064d2-b434-4c1a-a49d-dd06956e92d8.jpg?resize=1024%2C220&amp;ssl=1 1024w, https:\/\/i0.wp.com\/www.radiopiu.net\/wordpress\/wp-content\/uploads\/2020\/05\/092064d2-b434-4c1a-a49d-dd06956e92d8.jpg?resize=768%2C165&amp;ssl=1 768w\" alt=\"\" width=\"1026\" height=\"220\" data-recalc-dims=\"1\" data-lazy-loaded=\"1\" \/><\/a><\/p>\n<p>&nbsp;<\/p>\n<p>&nbsp;<\/p>\n<hr \/>\n<blockquote class=\"wp-embedded-content\" data-secret=\"Rfih3HR4af\"><p><a href=\"https:\/\/www.radiopiu.net\/wordpress\/aggiornamento-assessorato-protezione-civile-16-maggio-2020\/\">AGGIORNAMENTO ASSESSORATO PROTEZIONE CIVILE 16 MAGGIO 2020<\/a><\/p><\/blockquote>\n<p><iframe loading=\"lazy\" title=\"&#8220;AGGIORNAMENTO ASSESSORATO PROTEZIONE CIVILE 16 MAGGIO 2020&#8221; &#8212; Radio Pi\u00f9\" class=\"wp-embedded-content\" sandbox=\"allow-scripts\" security=\"restricted\" style=\"position: absolute; clip: rect(1px, 1px, 1px, 1px);\" src=\"https:\/\/www.radiopiu.net\/wordpress\/aggiornamento-assessorato-protezione-civile-16-maggio-2020\/embed\/#?secret=Rfih3HR4af\" data-secret=\"Rfih3HR4af\" width=\"600\" height=\"338\" frameborder=\"0\" marginwidth=\"0\" marginheight=\"0\" scrolling=\"no\"><\/iframe><\/p>\n<p><strong>L&#8217;INTERVENTO A RADIO PIU&#8217; DELL&#8217;ASSESSORE REGIONALE GIANPAOLO BOTTACIN<\/strong><\/p>\n<\/div>\n<audio class=\"wp-audio-shortcode\" id=\"audio-138198-1\" preload=\"none\" style=\"width: 100%;\" controls=\"controls\"><source type=\"audio\/mpeg\" src=\"https:\/\/www.radiopiu.net\/wordpress\/wp-content\/uploads\/2020\/05\/BOTTACIN-16-MAGGIO.mp3?_=1\" \/><a href=\"https:\/\/www.radiopiu.net\/wordpress\/wp-content\/uploads\/2020\/05\/BOTTACIN-16-MAGGIO.mp3\">https:\/\/www.radiopiu.net\/wordpress\/wp-content\/uploads\/2020\/05\/BOTTACIN-16-MAGGIO.mp3<\/a><\/audio>\n<p>&nbsp;<\/p>\n<p>&nbsp;<\/p>\n<div class=\"page-title-breadcrumbs\">\n<hr \/>\n<p>&nbsp;<\/p>\n<blockquote>\n<h3>DATI E GRAFICI DEL GIORNO, PROVINCIA \u2013 REGIONE 16 MAGGIO 2020<\/h3>\n<\/blockquote>\n<p><strong>Con la collaborazione di Tiziano De Col<\/strong><\/p>\n<p><a class=\"dt-pswp-item\" href=\"https:\/\/www.radiopiu.net\/wordpress\/wp-content\/uploads\/2020\/05\/Schermata-2020-05-16-alle-19.09.33.png\" data-dt-img-description=\"\" data-large_image_width=\"808\" data-large_image_height=\"446\"><img loading=\"lazy\" decoding=\"async\" class=\"alignnone size-medium wp-image-138279\" src=\"https:\/\/www.radiopiu.net\/wordpress\/wp-content\/uploads\/2020\/05\/Schermata-2020-05-16-alle-19.09.33-300x166.png\" alt=\"\" width=\"300\" height=\"166\" srcset=\"https:\/\/www.radiopiu.net\/wordpress\/wp-content\/uploads\/2020\/05\/Schermata-2020-05-16-alle-19.09.33-300x166.png 300w, https:\/\/www.radiopiu.net\/wordpress\/wp-content\/uploads\/2020\/05\/Schermata-2020-05-16-alle-19.09.33-768x424.png 768w, https:\/\/www.radiopiu.net\/wordpress\/wp-content\/uploads\/2020\/05\/Schermata-2020-05-16-alle-19.09.33.png 808w\" sizes=\"auto, (max-width: 300px) 100vw, 300px\" \/><\/a><a class=\"dt-pswp-item\" href=\"https:\/\/www.radiopiu.net\/wordpress\/wp-content\/uploads\/2020\/05\/6281ea6c-14ff-4659-8e04-fe87c94c93e1.jpg\" data-dt-img-description=\"\" data-large_image_width=\"602\" data-large_image_height=\"352\"><img loading=\"lazy\" decoding=\"async\" class=\"alignnone size-medium wp-image-138280\" src=\"https:\/\/www.radiopiu.net\/wordpress\/wp-content\/uploads\/2020\/05\/6281ea6c-14ff-4659-8e04-fe87c94c93e1-300x175.jpg\" alt=\"\" width=\"300\" height=\"175\" srcset=\"https:\/\/www.radiopiu.net\/wordpress\/wp-content\/uploads\/2020\/05\/6281ea6c-14ff-4659-8e04-fe87c94c93e1-300x175.jpg 300w, https:\/\/www.radiopiu.net\/wordpress\/wp-content\/uploads\/2020\/05\/6281ea6c-14ff-4659-8e04-fe87c94c93e1.jpg 602w\" sizes=\"auto, (max-width: 300px) 100vw, 300px\" \/><\/a><a class=\"dt-pswp-item\" href=\"https:\/\/www.radiopiu.net\/wordpress\/wp-content\/uploads\/2020\/05\/9710be3d-0bba-439d-a948-c20cfc638efc.jpg\" data-dt-img-description=\"\" data-large_image_width=\"534\" data-large_image_height=\"369\"><img loading=\"lazy\" decoding=\"async\" class=\"alignnone size-medium wp-image-138281\" src=\"https:\/\/www.radiopiu.net\/wordpress\/wp-content\/uploads\/2020\/05\/9710be3d-0bba-439d-a948-c20cfc638efc-300x207.jpg\" alt=\"\" width=\"300\" height=\"207\" srcset=\"https:\/\/www.radiopiu.net\/wordpress\/wp-content\/uploads\/2020\/05\/9710be3d-0bba-439d-a948-c20cfc638efc-300x207.jpg 300w, https:\/\/www.radiopiu.net\/wordpress\/wp-content\/uploads\/2020\/05\/9710be3d-0bba-439d-a948-c20cfc638efc.jpg 534w\" sizes=\"auto, (max-width: 300px) 100vw, 300px\" \/><\/a><\/p>\n<p>&nbsp;<\/p>\n<p>&nbsp;<\/p>\n<hr \/>\n<p>&nbsp;<\/p>\n<blockquote>\n<h2>LEGGI LA CONFERENZA STAMPA DI LUCA ZAIA<\/h2>\n<\/blockquote>\n<p style=\"text-align: center;\"><strong><span style=\"color: #0000ff;\">LE REGIONI SULLA SCORTA DEL DECRETO POTRANNO ANTICIPARE O POSTICIPARE LE RIAPERTURE IN BASE AGLI INDICATORI.\u00a0<\/span><\/strong><\/p>\n<p>&nbsp;<\/p>\n<blockquote><p><em>La regola del metro:\u00a0 \u00e8 la distanza minima riconosciuta per evitare il contagio. Non \u00e8 solo buonsenso ma misura basata su\u00a0 parametri scientifici, sotto il metro cade tutto il palco, non si discute nemmeno per locali piccoli dei centri storidi. Per 14 giorni i locali dovranno tenere il registro dei clienti, ma non \u00e8 obbligatorio, sar\u00e0 utile per verificare un caso di contagio e per risalire ai contatti.\u00a0<\/em><\/p><\/blockquote>\n<p><strong>Giornata campale quella di ieri e oggi stiamo impostando l&#8217;ordinanza<\/strong>\u00a0 \u00a0i dati sono incoraggianti. Dal 10 aprile fine del lockdown sono passati 36 giorni, tutti i giorni gli indicatori in calo. Il 4 maggio data della quasi totale apertura con 1 milione e 200 mila euro fuori dalle restrizioni i dati continuano a calare. Quindi siamo pronti per i passi ulteriori, siamo pronti e diamo le linee guida e se \u00e8 un metro \u00e8 un metro per tutti. Un mega lavoro fatto in tempi non sospetti. Ieri \u00e8 venuta fuori la soluzione con il Governo, scongiurando il pericolo delle rigide linee guida Inail.\u00a0 Le linee guida delle regioni fanno giurisprudenza. Quindi noi siamo pronti con l&#8217;ordinanza, basta un clic, ma prima dobbiamo leggere cosa ci sar\u00e0 scritto nel decreto del governo. <strong>RISTORANTI<\/strong> Predisporre informazione sulle misure di protezione; la temperatura potr\u00e0 essere rilevata ma non sar\u00e0 un obbligo; sui tavoli non devono mancare i prodotti igienizzanti; accesso tramite prenotazione; distanza tra tavoli di 1 metro; la distanza di 1 metro \u00e8 da considerare tra persona a persona, possono stare pi\u00f9 vicini nuclei famigliari, coloro che vivono e lavorano assieme; vietati i buffet; consumazione al banco solo se \u00e8 garantita la distanza di 1 metro; privilegiato il servizio all&#8217;esterno; il personale deve igienizzarsi le mani tra una portata e l&#8217;altra; obbligo di tenere le liste dei presenti per 14 giorni norma di salvaguardia per chi frequenta l&#8217;ambiente .<strong>L&#8217;EMERGENZA NON E&#8217; FINITA<\/strong>\u00a0 Il nostro \u00e8 un atto di fiducia, potevamo fare i &#8220;paraculi&#8221; non aprire niente e non prenderci alcuna responsabilit\u00e0. Se il cittadino si comporta male e fa il fenomeno si torna alla re infezione. Non \u00e8 un&#8217;ipotesi fantasiosa come visto in Corea, Cina, Germania, la fase 2 \u00e8 la pi\u00f9 pericolosa per la re infezione. Stasera con l&#8217;ordinanza responsabilizzeremo i cittadini. <strong>LE SPIAGGE<\/strong> Le apriamo subito perch\u00e9 dobbiamo cominciare a dare movimento anche all&#8217;aria, anche l&#8217;aria fa economia, dobbiamo tornare a vivere. <strong>CENTRI ESTIVI\u00a0<\/strong> Abbiamo inserito anche lo 0-14, \u00e8 stata stralciata con l&#8217;impegno di trattarla a parte in settimana. Abbiamo accettato questa possibilit\u00e0 non c&#8217;era alternativa. Per i centri estivi\u00a0 Le linee guida sono dunque pronte ma non abbiamo voluto creare incidenti diplomatici, attendiamo gli sviluppi ijn settimana in accordo con il Governo.<\/p>\n<h2><span style=\"color: #ff0000;\">DOMANDE\u00a0<\/span><\/h2>\n<p><strong>OGGI IL DPCM E POI L&#8217;ORDINANZA?<\/strong> Certo e il decreto recepisce le linee guida della Regione cio\u00e8 le istruzioni per le attivit\u00e0. Dobbiamo vedere il testo del Dpcm. Le linee guida del Veneto sono state la base del lavoro. Sono rimaste in &#8220;canna&#8221; le grandi aggregazioni come parchi divertimento, discoteche, spettacoli viaggianti. Temi che vogliamo affrontare in settimana con il Governo con delle linee guida, sar\u00e0 la parte finale dell&#8217;operazione riaperture.<\/p>\n<p><strong>SCHEDE INAIL DA CESTINO ?<\/strong> E&#8217; stato adottato un parere del comitato tecnico scientifico, utile il lavoro dell&#8217;Inail ma non fanno base giuridica, le nostre faranno base giuridica ed \u00e8 il grande passo in avanti.<\/p>\n<p><strong>MASCHERINE CON LA VALVOLA<\/strong> Non \u00e8 necessaria, \u00e8 adatta per l&#8217;ambito ospedaliero. Il filtro \u00e8 un&#8217;ulteriore protezione per l&#8217;operatore. Senza la valvola garantita una protezione maggiore per il cliente,\u00a0 non passa il flusso del respiro dell&#8217;operatore.<\/p>\n<p><strong>PENSIERO SUI MERCATI<\/strong>\u00a0 Il mio pensiero \u00e8 di aprirli, ma prima dobbiamo vedere il decreto.<\/p>\n<p><strong>SCUOLE<\/strong> Serve un approfondimento sulle linee guida, abbiamo presentato 0-6 e 6-4 in settimana dovrebbe arrivare le risposte.<\/p>\n<p><strong>L&#8217;ORDINANZA ESCE IN GIORNATA?<\/strong> Non ve lo so dire. Male che vada domani mattina. Non cambia molto rispetto le linee guida.<\/p>\n<p><strong>PREVISTA APERTURA AGLI STRANIERI?<\/strong> Apertura delle frontiere dal 3 giugno, fino alle 24 del 2 giugno non \u00e8 permesso il passaggio interregionale. I turisti stranieri arriveranno dal 3 giugno sperando in una riapertura degli scali aeroportuali.<\/p>\n<p><strong>RISCHIO AUTUNNALE<\/strong> \u00a0Non ci coglierebbe impreparati come \u00e8 accaduto il 21 febbraio. Sappiamo che i cocktail di farmaci funzionano cos\u00ec come gli antimalarici, le cure a domicilio, abbiamo i 7 protocolli sperimentali, e i risultati sull&#8217;utilizzo del plasma dei malati \u00e8 una frontiera sulla quale investire. Non abbiamo smantellato la rete delle terapie intensive. Se serve siamo pronti con l&#8217;artiglieria pesante.<\/p>\n<p><strong><span style=\"color: #ff0000;\">DOTTORESSA RUSSO CAPO DIPARTIMENTO PREVENZIONE VENETO AUTRICE DEI PIANI DI AZIONE:\u00a0<\/span> PERCHE&#8217; 4 METRI PER L&#8217;INAIL E PER\u00a0 LEI 1 METRO<\/strong> Il metro non p una mia invenzione ma riconosciuta a livello internazionale, evita la trasmissione attraverso le goccioline. E&#8217; la distanza minima interpersonale per qualsiasi ambiente. Non so perch\u00e9 L&#8217;Inail ha puntato sui 4 metri, tutte le Regioni hanno accettato la distanza da noi proposta, la stessa portata nelle fabbriche tra i lavoratori. Noi garantiamo le distanze pi\u00f9 corrette.<\/p>\n<p>&nbsp;<\/p>\n<p>https:\/\/www.facebook.com\/zaiaufficiale\/videos\/1141840196169241<\/p>\n<p>&nbsp;<\/p>\n<p>&nbsp;<\/p>\n<hr \/>\n<p>&nbsp;<\/p>\n<div class=\"page-title-head hgroup\">\n<blockquote>\n<h3 class=\"entry-title\">\u201cDE COCCIO\u201d: IERI UNA SOLA SANZIONE<\/h3>\n<\/blockquote>\n<\/div>\n<div class=\"page-title-breadcrumbs\">\n<p><strong>BELLUNO<\/strong>\u00a0509 persone controllate e una sola sanzione nella giornata di venerd\u00ec. Questo il dato della Prefettura di Belluno sui controlli per il contenimento della diffusione del Covid-19. Nei primi 5 giorni della settimana sono stati controllati 2382 cittadini e 2 le sanzioni inflitte. Sempre ieri sono state controllate 1080 attivit\u00e0 commerciali della provincia e nessuna sanzione o chiusura provvisoria da parte delle Forze dell\u2019Ordine.<\/p>\n<p class=\"photoswipe-wrapper\"><a class=\"dt-pswp-item pspw-wrap-ready\" href=\"https:\/\/i1.wp.com\/www.radiopiu.net\/wordpress\/wp-content\/uploads\/2020\/05\/MONITORAGGIO_GIORNALIERO_DEI_SERVIZI_DI_CONTROLLO_DEL_15.05.2020.jpg?ssl=1\" data-dt-img-description=\"\" data-large_image_width=\"1240\" data-large_image_height=\"1754\"><img loading=\"lazy\" decoding=\"async\" class=\"alignnone wp-image-138153 jetpack-lazy-image jetpack-lazy-image--handled\" src=\"https:\/\/i1.wp.com\/www.radiopiu.net\/wordpress\/wp-content\/uploads\/2020\/05\/MONITORAGGIO_GIORNALIERO_DEI_SERVIZI_DI_CONTROLLO_DEL_15.05.2020.jpg?resize=724%2C1024&amp;ssl=1\" sizes=\"auto, (max-width: 724px) 100vw, 724px\" srcset=\"https:\/\/i1.wp.com\/www.radiopiu.net\/wordpress\/wp-content\/uploads\/2020\/05\/MONITORAGGIO_GIORNALIERO_DEI_SERVIZI_DI_CONTROLLO_DEL_15.05.2020.jpg?resize=724%2C1024&amp;ssl=1 724w, https:\/\/i1.wp.com\/www.radiopiu.net\/wordpress\/wp-content\/uploads\/2020\/05\/MONITORAGGIO_GIORNALIERO_DEI_SERVIZI_DI_CONTROLLO_DEL_15.05.2020.jpg?resize=212%2C300&amp;ssl=1 212w, https:\/\/i1.wp.com\/www.radiopiu.net\/wordpress\/wp-content\/uploads\/2020\/05\/MONITORAGGIO_GIORNALIERO_DEI_SERVIZI_DI_CONTROLLO_DEL_15.05.2020.jpg?resize=768%2C1086&amp;ssl=1 768w, https:\/\/i1.wp.com\/www.radiopiu.net\/wordpress\/wp-content\/uploads\/2020\/05\/MONITORAGGIO_GIORNALIERO_DEI_SERVIZI_DI_CONTROLLO_DEL_15.05.2020.jpg?resize=1086%2C1536&amp;ssl=1 1086w, https:\/\/i1.wp.com\/www.radiopiu.net\/wordpress\/wp-content\/uploads\/2020\/05\/MONITORAGGIO_GIORNALIERO_DEI_SERVIZI_DI_CONTROLLO_DEL_15.05.2020.jpg?w=1240&amp;ssl=1 1240w\" alt=\"\" width=\"283\" height=\"400\" data-recalc-dims=\"1\" data-lazy-loaded=\"1\" \/><\/a><\/p>\n<p>&nbsp;<\/p>\n<p>&nbsp;<\/p>\n<hr \/>\n<\/div>\n<\/div>\n<p>&nbsp;<\/p>\n<p>&nbsp;<\/p>\n<div class=\"page-title-breadcrumbs\">\n<div class=\"page-title-breadcrumbs\">\n<blockquote>\n<h3>CONTAGIO E RESPONSABILITA&#8217; DEL DATORE DI LAVORO. UNCEM: SBAGLIATO IMPUTARE A SINDACI E DIRIGENTI DEI COMUNI COLPA O DOLO. INAIL CHIARISCE, MA \u00c8 IL DL RILANCIO A DOVER FARE CHIAREZZA<\/h3>\n<\/blockquote>\n<p><strong><a class=\"dt-pswp-item\" href=\"https:\/\/www.radiopiu.net\/wordpress\/wp-content\/uploads\/2020\/04\/UNCEM.jpg\" data-dt-img-description=\"\" data-large_image_width=\"500\" data-large_image_height=\"500\"><img loading=\"lazy\" decoding=\"async\" class=\"size-medium wp-image-133399 alignleft\" src=\"https:\/\/www.radiopiu.net\/wordpress\/wp-content\/uploads\/2020\/04\/UNCEM-300x300.jpg\" alt=\"\" width=\"300\" height=\"300\" srcset=\"https:\/\/www.radiopiu.net\/wordpress\/wp-content\/uploads\/2020\/04\/UNCEM-300x300.jpg 300w, https:\/\/www.radiopiu.net\/wordpress\/wp-content\/uploads\/2020\/04\/UNCEM-150x150.jpg 150w, https:\/\/www.radiopiu.net\/wordpress\/wp-content\/uploads\/2020\/04\/UNCEM.jpg 500w\" sizes=\"auto, (max-width: 300px) 100vw, 300px\" \/><\/a>ROMA<\/strong>\u00a0 &#8220;<em>Con una circolare Inail evidenzia che &#8216;al riconoscimento del contagio come infortunio sul lavoro non deriva automaticamente una responsabilit\u00e0 del datore di lavoro&#8217;. Questo viene precisato in riferimento al dibattito in corso sui profili di responsabilit\u00e0 civile e penale per le infezioni da Covid-19 di cui l&#8217;Istituto abbia accertato l&#8217;origine professionale. Il tema \u00e8 stato affrontato nelle scorse ore anche dal Consiglio nazionale Uncem che ha chiesto al Governo e al Parlamento di intervenire nel DL Rilancio evitando di dare responsabilit\u00e0 per il contagio ai datori di lavoro, con riferimento particolare a Sindaci e Dirigenti degli Enti locali<\/em>&#8220;. Lo afferma Marco Bussone, Presidente nazionale Uncem. Inail nelle sue precisazioni \u00e8 chiaro: &#8220;<em>L&#8217;ammissione del lavoratore contagiato alle prestazioni assicurative Inail non assume alcun rilievo n\u00e9 per sostenere l\u2019accusa in sede penale, dove vale il principio della presunzione di innocenza e dell&#8217;onere della prova a carico del pubblico ministero, n\u00e9 in sede civile, perch\u00e9 ai fini del riconoscimento della responsabilit\u00e0 del datore di lavoro \u00e8 sempre necessario l&#8217;accertamento della colpa nella determinazione dell&#8217;infortunio, come il mancato rispetto della normativa a tutela della salute e della sicurezza. Per le tante modalit\u00e0 di contagio e la mutevolezza delle prescrizioni difficile configurare violazioni. La molteplicit\u00e0 delle modalit\u00e0 del contagio e la mutevolezza delle prescrizioni da adottare nei luoghi di lavoro, che sono oggetto di continui aggiornamenti da parte delle autorit\u00e0 sulla base dell\u2019andamento epidemiologico, rendono peraltro estremamente difficile configurare la responsabilit\u00e0 civile e penale dei datori di lavoro<\/em>&#8220;. &#8220;<em>Siccome un comunicato Inail non vale come legge e non fa giurisprudenza &#8211; evidenzia Marco Bussone &#8211; nel DL Rilancio, del quale aspettiamo ancora il testo definitivo, e poi nella conversione in Parlamento, occorre fare chiarezza evitando ogni dubbio e ogni possibile interpretazione che metterebbe in grande difficolt\u00e0 Sindaci e Segretari comunali, Dirigenti e Posizioni organizzative degli Enti locali<\/em>&#8220;.<\/p>\n<p>&nbsp;<\/p>\n<p>&nbsp;<\/p>\n<hr \/>\n<\/div>\n<\/div>\n<p>&nbsp;<\/p>\n<blockquote>\n<h2>IL CONSIGLIO COMUNALE DI TAIBON AGORDINO<\/h2>\n<\/blockquote>\n<p><a class=\"dt-pswp-item\" href=\"https:\/\/www.radiopiu.net\/wordpress\/wp-content\/uploads\/2020\/05\/TAIBON-NOTTURNA-scaled.jpg\" data-dt-img-description=\"DCIM100MEDIADJI_0032.JPG\" data-large_image_width=\"2560\" data-large_image_height=\"1440\"><img loading=\"lazy\" decoding=\"async\" class=\"wp-image-138113 size-medium alignleft\" src=\"https:\/\/www.radiopiu.net\/wordpress\/wp-content\/uploads\/2020\/05\/TAIBON-NOTTURNA-300x169.jpg\" alt=\"\" width=\"300\" height=\"169\" srcset=\"https:\/\/www.radiopiu.net\/wordpress\/wp-content\/uploads\/2020\/05\/TAIBON-NOTTURNA-300x169.jpg 300w, https:\/\/www.radiopiu.net\/wordpress\/wp-content\/uploads\/2020\/05\/TAIBON-NOTTURNA-1024x576.jpg 1024w, https:\/\/www.radiopiu.net\/wordpress\/wp-content\/uploads\/2020\/05\/TAIBON-NOTTURNA-768x432.jpg 768w, https:\/\/www.radiopiu.net\/wordpress\/wp-content\/uploads\/2020\/05\/TAIBON-NOTTURNA-1536x864.jpg 1536w, https:\/\/www.radiopiu.net\/wordpress\/wp-content\/uploads\/2020\/05\/TAIBON-NOTTURNA-2048x1152.jpg 2048w\" sizes=\"auto, (max-width: 300px) 100vw, 300px\" \/><\/a>di Gianni Santomaso<\/p>\n<audio class=\"wp-audio-shortcode\" id=\"audio-138198-2\" preload=\"none\" style=\"width: 100%;\" controls=\"controls\"><source type=\"audio\/mpeg\" src=\"https:\/\/www.radiopiu.net\/wordpress\/wp-content\/uploads\/2020\/05\/GIANNI-CONSIGLIO-COMUNALE-TAIBON.mp3?_=2\" \/><a href=\"https:\/\/www.radiopiu.net\/wordpress\/wp-content\/uploads\/2020\/05\/GIANNI-CONSIGLIO-COMUNALE-TAIBON.mp3\">https:\/\/www.radiopiu.net\/wordpress\/wp-content\/uploads\/2020\/05\/GIANNI-CONSIGLIO-COMUNALE-TAIBON.mp3<\/a><\/audio>\n<p>&nbsp;<\/p>\n<hr \/>\n<p>&nbsp;<\/p>\n<p>&nbsp;<\/p>\n<div class=\"page-title-breadcrumbs\">\n<div class=\"page-title-breadcrumbs\">\n<blockquote>\n<h3>&#8220;BONUS MOBILITA'&#8221; ESTESO AI CAPOLUOGHI DI PROVINCIA, SCOPEL: \u00abPICCOLO RISULTATO, MA ANCORA PARZIALE; MONTAGNA PENALIZZATA\u00bb<\/h3>\n<\/blockquote>\n<p><strong><a class=\"dt-pswp-item\" href=\"https:\/\/www.radiopiu.net\/wordpress\/wp-content\/uploads\/2020\/05\/BICI.jpg\" data-dt-img-description=\"\" data-large_image_width=\"1920\" data-large_image_height=\"1440\"><img loading=\"lazy\" decoding=\"async\" class=\"size-medium wp-image-135149 alignleft\" src=\"https:\/\/www.radiopiu.net\/wordpress\/wp-content\/uploads\/2020\/05\/BICI-300x225.jpg\" alt=\"\" width=\"300\" height=\"225\" srcset=\"https:\/\/www.radiopiu.net\/wordpress\/wp-content\/uploads\/2020\/05\/BICI-300x225.jpg 300w, https:\/\/www.radiopiu.net\/wordpress\/wp-content\/uploads\/2020\/05\/BICI-1024x768.jpg 1024w, https:\/\/www.radiopiu.net\/wordpress\/wp-content\/uploads\/2020\/05\/BICI-768x576.jpg 768w, https:\/\/www.radiopiu.net\/wordpress\/wp-content\/uploads\/2020\/05\/BICI-1536x1152.jpg 1536w, https:\/\/www.radiopiu.net\/wordpress\/wp-content\/uploads\/2020\/05\/BICI.jpg 1920w\" sizes=\"auto, (max-width: 300px) 100vw, 300px\" \/><\/a>BELLUNO<\/strong> Il \u201cbonus mobilit\u00e0\u201d viene esteso anche ai capoluoghi di provincia. Una modifica che va incontro solo parzialmente alle richieste avanzate nei giorni scorsi dalla Provincia di Belluno, con una lettera del presidente Padrin e del consigliere delegato Dario Scopel, inviata al premier Conte e al Ministero delle Infrastrutture e dei Trasporti. La bozza iniziale del \u201cDecreto rilancio\u201d, infatti, prevedeva un incentivi per la mobilit\u00e0 dolce e l\u2019erogazione di un \u201cbuono\u201d per l\u2019acquisto di bici elettriche, segway, monopattini e simili. Ma solamente per i residenti delle citt\u00e0 con almeno 50mila abitanti. Una differenziazione che escludeva le aree montane. E proprio per questo la Provincia di Belluno si era affrettata a chiedere un\u2019estensione del bonus, in modo da non creare misure tali da acutizzare le differenze tra aree urbanizzate di pianura e territori di montagna. Il testo definitivo del decreto aggiunge un tassello che va nella direzione chiesta da Palazzo Piloni. Ma solo parzialmente. \u00ab<em>Sono stati inseriti anche i capoluoghi di provincia come possibili fruitori del \u201cbonus mobilit\u00e0\u201d, anche se non raggiungono i 50mila abitanti &#8211; commenta Dario Scopel, consigliere provinciale delegato in materia di mobilit\u00e0 e trasporti -. Significa che i cittadini di Belluno potranno richiedere il contributo previsto per l\u2019acquisto di mezzi di trasporto green, come biciclette. I cittadini di Limana, di Ponte nelle Alpi, di Sedico, o dell\u2019Agordino e del Cadore, come quelli dell\u2019Alpago e del Feltrino, invece, non potranno. Apprezziamo lo sforzo del governo nell\u2019allargare le possibilit\u00e0 del bonus. Ma spiace constatare come la montagna risulti penalizzata<\/em>\u00bb.<\/p>\n<p>&nbsp;<\/p>\n<\/div>\n<blockquote>\n<h2>Bonus mobilit\u00e0. De Carlo: \u201cMontagna ancora dimenticata, forse pensano che giriamo in groppa agli asini&#8230; La loro decrescita felice uccide la periferia\u201d<\/h2>\n<\/blockquote>\n<p>\u201cForse a Roma pensano che nei paesi di montagna si giri solo in groppa agli asini e che le biciclette non ci servano: non vedo altra spiegazione nel tagliare fuori dal bonus mobilit\u00e0 ancora una volta i piccoli comuni montani. La politica di decrescita felice di questo governo uccider\u00e0 le realt\u00e0 periferiche\u201d: il deputato di Fratelli d&#8217;Italia e sindaco di Calalzo di Cadore, Luca De Carlo, critica duramente la modifica al bonus mobilit\u00e0, che da ora sar\u00e0 accessibile anche ai residenti nei comuni sotto i 50mila abitanti, ma solo se capoluoghi di provincia.<br \/>\n\u201cQuesto governo continua a non capire la realt\u00e0\u201d, attacca De Carlo. \u201cNon si possono creare ancora cittadini di serie A e di serie B, tanto pi\u00f9 che le zone montane stanno sviluppando progetti di mobilit\u00e0 sostenibile, di reti e piste ciclabili, di sviluppo turistico sulle due ruote. La volont\u00e0 di sviluppare una decrescita felice pu\u00f2 forse andar bene per le metropoli, ma se si penalizzano i cittadini della montagna, italiani con pari dignit\u00e0 degli altri, allora vuol dire che si vogliono uccidere le periferie. Altro che attenzione alle aree deboli!\u201d.<br \/>\nProprio su questo tema, De Carlo rincara la dose: \u201cSe il Governo conoscesse il territorio e i suoi problemi, saprebbe che nessuno potrebbe usare un monopattino sulle strade che ci ritroviamo. Invece che agli sconti sui segway, pensino a dare i soldi ai comuni per fare le manutenzioni e investano sulle infrastrutture: eppure stando a Roma dovrebbero ben vederne, di buche sulle strade&#8230; I sindaci si aspettano aiuti economici per intervenire sul proprio territorio e per riparare alle perdite di questi due mesi e pi\u00f9 di lockdown; basta con la filosofia, dobbiamo salvare quello che ancora ci resta\u201d.<\/p>\n<div class=\"page-title-breadcrumbs\">\n<p>&nbsp;<\/p>\n<hr \/>\n<p>&nbsp;<\/p>\n<blockquote>\n<h3>800 MILA EURO A CENCENIGHE PER LAVORI POST VAIA<\/h3>\n<\/blockquote>\n<p><a class=\"dt-pswp-item\" href=\"https:\/\/www.radiopiu.net\/wordpress\/wp-content\/uploads\/2020\/05\/CENCENIGHE.jpg\" data-dt-img-description=\"\" data-large_image_width=\"1080\" data-large_image_height=\"810\"><img loading=\"lazy\" decoding=\"async\" class=\"size-medium wp-image-134919 alignleft\" src=\"https:\/\/www.radiopiu.net\/wordpress\/wp-content\/uploads\/2020\/05\/CENCENIGHE-300x225.jpg\" alt=\"\" width=\"300\" height=\"225\" srcset=\"https:\/\/www.radiopiu.net\/wordpress\/wp-content\/uploads\/2020\/05\/CENCENIGHE-300x225.jpg 300w, https:\/\/www.radiopiu.net\/wordpress\/wp-content\/uploads\/2020\/05\/CENCENIGHE-1024x768.jpg 1024w, https:\/\/www.radiopiu.net\/wordpress\/wp-content\/uploads\/2020\/05\/CENCENIGHE-768x576.jpg 768w, https:\/\/www.radiopiu.net\/wordpress\/wp-content\/uploads\/2020\/05\/CENCENIGHE.jpg 1080w\" sizes=\"auto, (max-width: 300px) 100vw, 300px\" \/><\/a>di Matteo Manfroi<\/p>\n<p>&nbsp;<\/p>\n<\/div>\n<\/div>\n<p>&nbsp;<\/p>\n<p>&nbsp;<\/p>\n<p>&nbsp;<\/p>\n<p>&nbsp;<\/p>\n<p>&nbsp;<\/p>\n<p>&nbsp;<\/p>\n<audio class=\"wp-audio-shortcode\" id=\"audio-138198-3\" preload=\"none\" style=\"width: 100%;\" controls=\"controls\"><source type=\"audio\/mpeg\" src=\"https:\/\/www.radiopiu.net\/wordpress\/wp-content\/uploads\/2020\/05\/MATTEO-MANFROI-LAVORI-CENCE.mp3?_=3\" \/><a href=\"https:\/\/www.radiopiu.net\/wordpress\/wp-content\/uploads\/2020\/05\/MATTEO-MANFROI-LAVORI-CENCE.mp3\">https:\/\/www.radiopiu.net\/wordpress\/wp-content\/uploads\/2020\/05\/MATTEO-MANFROI-LAVORI-CENCE.mp3<\/a><\/audio>\n<p>&nbsp;<\/p>\n<div class=\"page-title-breadcrumbs\">\n<div class=\"page-title-breadcrumbs\">\n<hr \/>\n<p>&nbsp;<\/p>\n<blockquote>\n<h3>L&#8217;ASSEMBLEA ABM AI TEMPI DEL CORONAVIRUS<\/h3>\n<\/blockquote>\n<p><strong><a class=\"dt-pswp-item\" href=\"https:\/\/www.radiopiu.net\/wordpress\/wp-content\/uploads\/2020\/05\/de_bona_videconferenza_abm.jpeg\" data-dt-img-description=\"\" data-large_image_width=\"1599\" data-large_image_height=\"899\"><img loading=\"lazy\" decoding=\"async\" class=\"size-medium wp-image-138253 alignleft\" src=\"https:\/\/www.radiopiu.net\/wordpress\/wp-content\/uploads\/2020\/05\/de_bona_videconferenza_abm-300x169.jpeg\" alt=\"\" width=\"300\" height=\"169\" srcset=\"https:\/\/www.radiopiu.net\/wordpress\/wp-content\/uploads\/2020\/05\/de_bona_videconferenza_abm-300x169.jpeg 300w, https:\/\/www.radiopiu.net\/wordpress\/wp-content\/uploads\/2020\/05\/de_bona_videconferenza_abm-1024x576.jpeg 1024w, https:\/\/www.radiopiu.net\/wordpress\/wp-content\/uploads\/2020\/05\/de_bona_videconferenza_abm-768x432.jpeg 768w, https:\/\/www.radiopiu.net\/wordpress\/wp-content\/uploads\/2020\/05\/de_bona_videconferenza_abm-1536x864.jpeg 1536w, https:\/\/www.radiopiu.net\/wordpress\/wp-content\/uploads\/2020\/05\/de_bona_videconferenza_abm.jpeg 1599w\" sizes=\"auto, (max-width: 300px) 100vw, 300px\" \/><\/a>BELLUNO<\/strong> <span class=\"s1\">L&#8217;emergenza Covid, le difficolt\u00e0 da superare e le nuove sfide per il futuro. L&#8217;Abm si \u00e8 riunita sabato mattina in assemblea per fare il punto della situazione sull&#8217;anno lasciato alle spalle e su quello \u2013 complicato \u2013 da affrontare. Un incontro rigorosamente virtuale, come impongono le norme anti-assembramento, che ha per\u00f2 permesso la partecipazione di diversi bellunesi all&#8217;estero &#8211; da Argentina, Svizzera e Germania \u2013 oltre che di soci e consiglieri in Italia e in provincia di Belluno. <\/span><span class=\"s1\">Ovviamente, occhi puntati in avanti, con lo sguardo proiettato su un 2020 che si delinea difficile anche per il mondo del volontariato e del Terzo settore, costretto come tutti in questa \u201cFase 2\u201d a fare i conti con restrizioni economiche e necessit\u00e0 di adeguarsi alle normative di sicurezza. <\/span><span class=\"s1\">\u00ab<em>Molte delle consuete fonti di finanziamento, dai contributi regionali a quelli della Fondazione Cariverona, non arriveranno \u2013 la premessa del presidente, Oscar De Bona \u2013 ma stiamo lavorando per far s\u00ec che la nostra associazione possa continuare a sostenersi anche in questo momento cos\u00ec critico<\/em>\u00bb. Un momento critico, ha aggiunto De Bona, anche per le numerose perdite subite nel 2019, l&#8217;anno che ha visto la scomparsa di alcune delle figure storiche dei Bellunesi nel Mondo, in particolare il fondatore e primo Presidente Vincenzo Barcelloni Corte e il direttore in carica per oltre quarant&#8217;anni Patrizio De Martin. \u00ab<em>Nel ricordare questi elementi che hanno segnato il nostro cammino fin dalla fondazione \u2013 la riflessione di De Bona \u2013 voglio rivolgere un pensiero alle vittime del Coronavirus nel nostro territorio<\/em>\u00bb. <\/span><span class=\"s1\">Di situazione economica ha parlato anche il tesoriere, Angelo Paganin. \u00ab<em>L&#8217;Abm \u2013 la sua precisazione nel presentare i bilanci 2019 e 2020 del sodalizio &#8211; sta dimostrando creativit\u00e0 e capacit\u00e0 di affrontare le problematiche. \u00c8 un&#8217;associazione sana, che riesce a trovare soluzioni anche davanti alle criticit\u00e0. Lo dovremo fare ancor di pi\u00f9 in questo 2020 del tutto particolare<\/em>\u00bb.\u00a0 <\/span><span class=\"s1\">Proprio in tema di soluzioni, una risorsa particolarmente importante potr\u00e0 essere rappresentata dal turismo delle radici, quello, cio\u00e8, che coinvolge i discendenti degli emigranti bellunesi desiderosi di visitare il territorio di partenza dei loro avi. Su questo argomento ha incentrato il suo intervento Giuliano Vantaggi, consigliere Abm e direttore della Dmo. \u00ab<em>Il mio sogno \u00e8 attivare un progetto in sinergia tra Dmo e Abm con l&#8217;obiettivo di portare in provincia i numerosissimi oriundi bellunesi sparsi in giro per il pianeta. I dati ci dicono che lavorando su questo settore potremmo ottenere risultati importanti. Sar\u00e0 fondamentale coinvolgere le Famiglie all&#8217;estero e i contatti di cui l&#8217;Abm dispone nei cinque continenti<\/em>\u00bb. <\/span><span class=\"s1\">Sul fronte delle novit\u00e0, l&#8217;assemblea ha inoltre portato in dote due new entry: quella di Vittorio Tison, dottore commercialista e revisore legale dal 2011, che sar\u00e0 il nuovo revisore unico dei conti. \u00ab<em>Sono onorato di assumere questo incarico proprio in una fase di cambiamento come quella che stiamo vivendo\u00bb, il commento dello stesso Tison, collegato da Monaco; e quella dell&#8217;inno, una canzone simbolo con cui tenere uniti attraverso la musica i bellunesi nel mondo. \u00abAbbiamo chiesto il contributo del sindaco di Vigo di Cadore, Mauro Da Rin Bettina<\/em>\u00bb, ha anticipato Oscar De Bona.<\/span><\/p>\n<p>&nbsp;<\/p>\n<p>&nbsp;<\/p>\n<hr \/>\n<p>&nbsp;<\/p>\n<\/div>\n<blockquote>\n<h3 class=\"entry-title\">LA CGIA CONTRO I BIG DEL WEB E FCA. PAGANO 600 VOLTE MENO DELLE TASSE DELLE NOSTRE PICCOLE IMPRESE<\/h3>\n<\/blockquote>\n<p class=\"photoswipe-wrapper\"><a class=\"dt-pswp-item pspw-wrap-ready\" href=\"https:\/\/i2.wp.com\/www.radiopiu.net\/wordpress\/wp-content\/uploads\/2020\/05\/Schermata-2020-05-16-alle-10.40.26.png?ssl=1\" data-dt-img-description=\"\" data-large_image_width=\"776\" data-large_image_height=\"604\"><img loading=\"lazy\" decoding=\"async\" class=\"size-medium wp-image-138166 alignleft jetpack-lazy-image jetpack-lazy-image--handled\" src=\"https:\/\/i2.wp.com\/www.radiopiu.net\/wordpress\/wp-content\/uploads\/2020\/05\/Schermata-2020-05-16-alle-10.40.26.png?resize=300%2C234&amp;ssl=1\" sizes=\"auto, (max-width: 300px) 100vw, 300px\" srcset=\"https:\/\/i2.wp.com\/www.radiopiu.net\/wordpress\/wp-content\/uploads\/2020\/05\/Schermata-2020-05-16-alle-10.40.26.png?resize=300%2C234&amp;ssl=1 300w, https:\/\/i2.wp.com\/www.radiopiu.net\/wordpress\/wp-content\/uploads\/2020\/05\/Schermata-2020-05-16-alle-10.40.26.png?resize=768%2C598&amp;ssl=1 768w, https:\/\/i2.wp.com\/www.radiopiu.net\/wordpress\/wp-content\/uploads\/2020\/05\/Schermata-2020-05-16-alle-10.40.26.png?w=776&amp;ssl=1 776w\" alt=\"\" width=\"300\" height=\"234\" data-recalc-dims=\"1\" data-lazy-loaded=\"1\" \/><\/a><strong>I BIG DEL WEB E FCA NEL 2018 HANNO PAGATO 64 MILIONI DI IMPOSTE: 600 VOLTE MENO DELLE TASSE VERSATE DALLE NOSTRE PICCOLE IMPRESE.<\/strong><\/p>\n<p>La CGIA alza il tiro e si \u201cscaglia\u201d contro le multinazionali del web che in Italia producono fatturati milionari, anche se solo una piccolissima parte viene successivamente dichiarata in Italia. Questa anomalia, pertanto, consente a queste realt\u00e0 di versare al nostro fisco pochissime imposte.<\/p>\n<p>Nel 2018, ad esempio, l\u2019aggregato delle controllate in Italia appartenenti a una quindicina circa di big tecnologici ha fatturato 2,4 miliardi di euro (pari allo 0,3 per cento del totale WebSoft mondiale). Gli addetti che lavorano nel nostro Paese sono quasi 10 mila e al fisco italiano questi colossi dell\u2019hi-tech fanno pervenire poche \u201cbriciole\u201d: solo 64 milioni di euro.<\/p>\n<p>Nello stesso anno, invece, le nostre micro e piccole imprese, con meno di 5 milioni di fatturato, hanno generato un volume di affari di 926,7 miliardi, dando lavoro a pi\u00f9 di 10 milioni di addetti. Il contributo fiscale giunto all\u2019erario da queste piccole realt\u00e0 \u00e8 stato di quasi 39,5 miliardi di euro: un importo di 600 volte superiore al gettito versato dalle multinazionali del web. Dichiara il coordinatore dell\u2019Ufficio studi Paolo Zabeo:<\/p>\n<p>\u201cOrmai \u00e8 diventata una questione di giustizia sociale. Grazie al boom dell\u2019 e-commerce, in questi due mesi di lockdown le multinazionali del web presenti in Italia hanno aumentato i ricavi in misura esponenziale, mentre la grandissima parte delle piccole imprese \u00e8 stata costretta a chiudere l\u2019attivit\u00e0 per decreto. Se ai primi il peso delle tasse continua a rimanere insignificante, ai secondi il carico fiscale ha raggiunto livelli non pi\u00f9 sopportabili che il decreto Rilancio \u00e8 stato in grado di alleviare solo marginalmente. In altre parole: \u00e8 giunto il momento di introdurre una web tax a livello europeo per far pagare il giusto anche a questi giganti tecnologici\u201d.<\/p>\n<p>E sebbene nel decreto Rilancio siano state prese delle misure di alleggerimento fiscale che interesseranno le nostre piccole imprese, la CGIA rimane molto critica sull\u2019azione del Governo Conte. Dichiara il Segretario della CGIA Renato Mason:<\/p>\n<p>\u201cE\u2019 vero che oltre agli indennizzi diretti, comunque del tutto insufficienti, \u00e8 stato introdotto anche l\u2019azzeramento dell\u2019acconto e del saldo Irap di giugno, la riproposizione dei 600 euro, la detrazione del 60 per cento degli affitti delle attivit\u00e0 che hanno visto crollare di almeno il 50 per cento del fatturato negli ultimi 3 mesi e il taglio delle bollette. Ma tutto questo \u00e8 ancora insufficiente a colmare la rovinosa caduta del fatturato registrata in questi ultimi mesi\u00a0 da tantissime piccole imprese che, a differenza dei giganti tecnologici, non possiedono la liquidit\u00e0 sufficiente per reggersi in piedi\u201d.<\/p>\n<p>La CGIA, inoltre, rimane molto critica anche con le altre grandi imprese presenti nel nostro Paese. In particolar modo con FCA (Fiat Chrysler Automobiles). Se la notizia fosse confermata , FCA Italy starebbe per ricorrere alle misure introdotte dal decreto liquidit\u00e0. In altre parole, vorrebbe ottenere un grosso finanziamento avvalendosi delle garanzie statali messe a disposizione da SACE per 6,5 miliardi di euro.<br \/>\n\u201cSperiamo \u2013 conclude Zabeo \u2013 che alla fine prevalga il buon senso. Sarebbe inaccettabile che un grande gruppo industriale che ha deciso, di spostare, legittitamente, la sede legale nei Paesi Bassi, chiedesse, con la controllata FCA Italy, un finanziamento avvalendosi delle garanzie pubbliche dello Stato che ha, invece, abbandonato. Sarebbe una cosa insopportabile che il Governo italiano non dovrebbe consentire\u201d.<\/p>\n<p>La CGIA, comunque, ricorda che non \u00e8 stata solo la FCA a lasciare il nostro Paese per trasferirsi in Olanda. Lo hanno fatto anche l\u2019Eni, l\u2019Enel, Luxottica, Illy, Ferrero, Saipem, Telecom Italia, Cementir, etc,.<br \/>\n\u201cQuesti grandi gruppi \u2013 conclude Mason \u2013 non si sono trasferiti per sfruttare le aliquote fiscali ridotte di cui l\u2019Olanda comunque non dispone, ma per i bassissimi prelievi presenti sui dividendi, sui guadagni da cessioni\/partecipazioni e sulle royalties. Sarebbe quindi opportuno che anche l\u2019Italia, cos\u00ec come ha fatto la Francia, decidesse di escludere dai contributi statali le societ\u00e0 con sedi nei Paesi che offrono una fiscalit\u00e0 di vantaggio\u201d.<\/p>\n<p>&nbsp;<\/p>\n<p>&nbsp;<\/p>\n<hr \/>\n<\/div>\n<p>&nbsp;<\/p>\n<div class=\"page-title-breadcrumbs\">\n<div class=\"page-title-head hgroup\">\n<blockquote>\n<h3 class=\"entry-title\">LO SPIRITO BUONO DELLE PERSONE, LA TESTIMONIANZA DI CHIARA<\/h3>\n<\/blockquote>\n<\/div>\n<div class=\"page-title-breadcrumbs\">\n<div dir=\"auto\"><a class=\"dt-pswp-item\" href=\"https:\/\/www.radiopiu.net\/wordpress\/wp-content\/uploads\/2020\/05\/volunteers-2729723_960_720.jpg\" data-dt-img-description=\"\" data-large_image_width=\"960\" data-large_image_height=\"640\"><img loading=\"lazy\" decoding=\"async\" class=\"size-medium wp-image-138238 alignleft\" src=\"https:\/\/www.radiopiu.net\/wordpress\/wp-content\/uploads\/2020\/05\/volunteers-2729723_960_720-300x200.jpg\" alt=\"\" width=\"300\" height=\"200\" srcset=\"https:\/\/www.radiopiu.net\/wordpress\/wp-content\/uploads\/2020\/05\/volunteers-2729723_960_720-300x200.jpg 300w, https:\/\/www.radiopiu.net\/wordpress\/wp-content\/uploads\/2020\/05\/volunteers-2729723_960_720-768x512.jpg 768w, https:\/\/www.radiopiu.net\/wordpress\/wp-content\/uploads\/2020\/05\/volunteers-2729723_960_720.jpg 960w\" sizes=\"auto, (max-width: 300px) 100vw, 300px\" \/><\/a>Il Presidente del Circolo Auser di Lentiai, ci ha trasmesso la testimonianza\u00a0 di una ragazza, che esterna positivamente la sua esperienza di volontariato in questo periodo di grandissima sofferenza umana, causa pandemia Covid 19..<\/div>\n<div dir=\"auto\">\n<div class=\"gmail_quote\" dir=\"auto\">\n<div class=\"gmail_quote\">\n<blockquote>\n<div class=\"gmail_attr\" dir=\"ltr\"><\/div>\n<div dir=\"auto\"><em>In questi momenti di difficolt\u00e0 viene fuori lo spirito buono delle persone. E viene fuori in modo naturale e puro, senza obblighi o vincoli. Immediatamente spariscono i pregiudizi, spariscono le barriere. Si cerca di fare del bene, come si pu\u00f2. E non ha prezzo, sentire un \u201cbuongiorno\u201d pieno di gioia e speranza, sentire delle persone che si rallegrano anche solo perch\u00e9 alzando la cornetta del telefono trovano persone che si interessano e si preoccupano di come passa la giornata. Pensando a tutto questo e vivendo in prima persona questa esperienza ho capito una cosa molto importante: noi tutti siamo fortunati! Perch\u00e9 viviamo in un paesino come Lentiai, dove ci si pu\u00f2 perdere fra la campagna e il Piave, dove si pu\u00f2 camminare nei prati fra i narcisi, ammirare il cielo azzurro e le montagne, dove si pu\u00f2 respirare aria pulita e vedere tutti i luoghi preziosi che abbiamo attorno\u2026 ma soprattutto siamo in pochi, ma siamo tutti INSIEME!\u00a0 Ed \u00e8 proprio questo il punto. Persone giovani, adolescenti, adulti, anziani\u2026 non c\u2019\u00e8 pi\u00f9 differenza quando ci si sente parte di un\u2019unica cosa! Grazie all\u2019AUSER \u00e8 stato avviato un progetto bellissimo, del quale sono fierissima di fare parte! Grazie di cuore a tutti e spero davvero che tutto questo ci faccia apprezzare sempre di pi\u00f9 dove viviamo e che ci renda ancora pi\u00f9 forti e pi\u00f9 uniti di prima.<\/em>\u00a0<strong>Chiara Girardini<\/strong><\/div>\n<div dir=\"auto\"><\/div>\n<\/blockquote>\n<div dir=\"auto\"><\/div>\n<div dir=\"auto\"><\/div>\n<div dir=\"auto\">\n<hr \/>\n<\/div>\n<\/div>\n<\/div>\n<\/div>\n<\/div>\n<\/div>\n<p>&nbsp;<\/p>\n<p>&nbsp;<\/p>\n<blockquote class=\"wp-embedded-content\" data-secret=\"ytvZO4dW0m\"><p><a href=\"https:\/\/www.radiopiu.net\/wordpress\/lo-spettacolo-della-montagna-la-pecura-ca-scama-perde-lu-ccune\/\">LO SPETTACOLO DELLA MONTAGNA &#8220;La pecura ca scama perde lu ccune&#8221;<\/a><\/p><\/blockquote>\n<p><iframe loading=\"lazy\" title=\"&#8220;LO SPETTACOLO DELLA MONTAGNA &#8220;La pecura ca scama perde lu ccune&#8221;&#8221; &#8212; Radio Pi\u00f9\" class=\"wp-embedded-content\" sandbox=\"allow-scripts\" security=\"restricted\" style=\"position: absolute; clip: rect(1px, 1px, 1px, 1px);\" src=\"https:\/\/www.radiopiu.net\/wordpress\/lo-spettacolo-della-montagna-la-pecura-ca-scama-perde-lu-ccune\/embed\/#?secret=ytvZO4dW0m\" data-secret=\"ytvZO4dW0m\" width=\"600\" height=\"338\" frameborder=\"0\" marginwidth=\"0\" marginheight=\"0\" scrolling=\"no\"><\/iframe><\/p>\n<p>&nbsp;<\/p>\n<p>&nbsp;<\/p>\n<p>&nbsp;<\/p>\n<h2>IERI ALLA RADIO<\/h2>\n<h3><span style=\"color: #808000;\">LA RASSEGNA STAMPA DALL&#8217;AMICO DEL POPOLO di Gianni Santomaso<\/span><\/h3>\n<audio class=\"wp-audio-shortcode\" id=\"audio-138198-4\" preload=\"none\" style=\"width: 100%;\" controls=\"controls\"><source type=\"audio\/mpeg\" src=\"https:\/\/www.radiopiu.net\/wordpress\/wp-content\/uploads\/2020\/05\/RASSEGNA-GIANNI-1.mp3?_=4\" \/><a href=\"https:\/\/www.radiopiu.net\/wordpress\/wp-content\/uploads\/2020\/05\/RASSEGNA-GIANNI-1.mp3\">https:\/\/www.radiopiu.net\/wordpress\/wp-content\/uploads\/2020\/05\/RASSEGNA-GIANNI-1.mp3<\/a><\/audio>\n<p>&nbsp;<\/p>\n<p>&nbsp;<\/p>\n<hr \/>\n<p>&nbsp;<\/p>\n<p>&nbsp;<\/p>\n<h3><span style=\"color: #339966;\">AGORDINOMERON<\/span><\/h3>\n<p><iframe loading=\"lazy\" class=\"wp-embedded-content\" title=\"\u201cAGORDINOMERON, IL TERRITORIO SI RACCONTA Da un\u2019idea di Gianni Santomaso\u201d \u2014 Radio Pi\u00f9\" src=\"https:\/\/www.radiopiu.net\/wordpress\/agordinomeron\/embed\/#?secret=sYQWdG1ZBq\" width=\"600\" height=\"325\" frameborder=\"0\" marginwidth=\"0\" marginheight=\"0\" scrolling=\"no\" sandbox=\"allow-scripts\" data-secret=\"sYQWdG1ZBq\" data-mce-fragment=\"1\"><\/iframe><\/p>\n<h3><span style=\"color: #0000ff;\">IL MESSAGGIO DEI SACERDOTI A RADIO PIU\u2019<\/span><\/h3>\n<p><iframe loading=\"lazy\" class=\"wp-embedded-content\" title=\"\u201cIL MESSAGGIO DAI SACERDOTI SU RADIO PIU\u2019 ALLE 7.30 E 19.30\u201d \u2014 Radio Pi\u00f9\" src=\"https:\/\/www.radiopiu.net\/wordpress\/il-messaggio-dai-sacerdoti-della-conca-su-radio-piu-alle-7-30-e-19-30\/embed\/#?secret=IyY2AxaBCy\" width=\"600\" height=\"381\" frameborder=\"0\" marginwidth=\"0\" marginheight=\"0\" scrolling=\"no\" sandbox=\"allow-scripts\" data-secret=\"IyY2AxaBCy\" data-mce-fragment=\"1\"><\/iframe><\/p>\n<p>&nbsp;<\/p>\n<hr \/>\n<p>&nbsp;<\/p>\n<p class=\"photoswipe-wrapper\"><a class=\"dt-pswp-item pspw-wrap-ready\" href=\"https:\/\/i0.wp.com\/www.radiopiu.net\/wordpress\/wp-content\/uploads\/2018\/09\/viabilita.jpeg?ssl=1\" data-dt-img-description=\"\" data-large_image_width=\"800\" data-large_image_height=\"100\"><img loading=\"lazy\" decoding=\"async\" class=\"aligncenter wp-image-61954 size-full jetpack-lazy-image jetpack-lazy-image--handled\" src=\"https:\/\/i0.wp.com\/www.radiopiu.net\/wordpress\/wp-content\/uploads\/2018\/09\/viabilita.jpeg?resize=800%2C100&amp;ssl=1\" sizes=\"auto, (max-width: 800px) 100vw, 800px\" srcset=\"https:\/\/i0.wp.com\/www.radiopiu.net\/wordpress\/wp-content\/uploads\/2018\/09\/viabilita.jpeg?w=800&amp;ssl=1 800w, https:\/\/i0.wp.com\/www.radiopiu.net\/wordpress\/wp-content\/uploads\/2018\/09\/viabilita.jpeg?resize=300%2C38&amp;ssl=1 300w, https:\/\/i0.wp.com\/www.radiopiu.net\/wordpress\/wp-content\/uploads\/2018\/09\/viabilita.jpeg?resize=768%2C96&amp;ssl=1 768w\" alt=\"\" width=\"800\" height=\"100\" data-lazy-loaded=\"1\" \/><\/a><\/p>\n<p>PROVINCIALE 20 DELLA VAL FIORENTINA, SELVA DI CADORE: DAL 14 FEBBRAIO AL 13 GIUGNO, CHIUSURA TOTALE TRA SOLATOR E IL CENTRO DEL PAESE ANCHE NEI GIORNI FESTIVI E PREFESTIVI, DAL CHILOMETRO 4.850 AL CHILOMETRO 5.100. TRANSITO CONSENTITO AI LOCALI CON TEMPI DI ATTESA MASSIMI STIMATI IN 30 MINUTI IN LOCALITA\u2019 SOLATOR DAL CHILOMETRO 4.400 AL CHILOMETRO 4.850<\/p>\n<p>REGIONALE 48 DELLE DOLOMITI, LOCALIT\u00c0 POCOL INIZIO ABITATO CORTINA, DAL 4 MAGGIO AL 12 GIUGNO SEMAFORO PER TRATTI DI 250 METRI ANCHE NEI GIORNI FESTIVI E PREFESTIVI<\/p>\n<p>REGIONALE 203 AGORDINA FINO AL 15 GIUGNO IN LOCALIT\u00c0 LA MUDA DEVIAZIONE SU VIABILIT\u00c0 PROVVISORIA, PRUDENZA<\/p>\n<p>PROVINCIALE 346 SAN PELLEGRINO DAL 4 AL 22 MAGGIO IN COMUNE DI CANALE D\u2019AGORDO SENSO UNICO ALTERNATO ESCLUSI SABATO E DOMENICA<\/p>\n<p>PROVINCIALE 12 PEDEMONTANA LOCALIT\u00c0 PONTE MAS, CHIUSURA TOTALE DI PONTE MAS DAL 4 MAGGIO AL 30 GIUGNO<\/p>\n<p>STRADA REGIONALE 48 DELLE DOLOMITI, DAL KM 110,350 AL KM 112, SENSO UNICO ALTERNATO REGOLATO DA IMPIANTO SEMAFORICO ANCHE SABATO E FESTIVI DAL 30 APRILE AL 31 MAGGIO PER POSA ELETTRODOTTO INTERRATO<\/p>\n<p>PROVINCIALE 563 DI SALESEI, DAL 4 MAGGIO AL 3 LUGLIO, SENSO UNICO ALTERNATO REGOLATO DA IMPIANTO SEMAFORICO IN LOCALIT\u00c0 DIGONERA PER MESSA IN SICUREZZA PIANO VIABILE, SABATO E FESTIVI INCLUSI<\/p>\n<p>PROVINCIALE 251 DELLA VAL DI ZOLDO E VAL CELLINA, TRA LE LOCALIT\u00c0 SOFFRANCO E MEZZOCANALE IN COMUNE DI LONGARONE, SENSO UNICO ALTERNATO REGOLATO DA IMPIANTO SEMAFORICO CON POSSIBILI BREVI INTERRUZIONI DI 10 MINUTI. SABATO E DOMENICA ESCLUSI<\/p>\n<p>PROVINCIALE 347 PASSO DURAN, LOCALITA\u2019 SANT\u2019ANDREA DI GOSALDO. FINO AL 5 GIUGNO SENSO UNICO ALTERNATO<\/p>\n<p>STRADA PROVINCIALE 347 DEL PASSO CEREDA E DURAN, DALLE 7 ALLE 18 , DAL 7 AL 29 MAGGIO, POSSIBILI TEMPORANEE INTERRUZZIONI ALLA VIABILIT\u00e0 DELLA DURATA MASSIMA DI 30 MINUTI E SENSO UNICO ALTERNATO REGOLATO DA MOVIERI PER ASFALTATURA TRATTI DI STRADA TRA PASSO DURAN E DONT<\/p>\n<p>STRADA PROVINCIALE 346 DEL PASSO SAN PELLEGRINO, DAL 11 MAGGIO AL 5 GIUGNO, SENSO UNICO ALTERNATO REGOLATO DA IMPIANTO SEMOFORICO TRA FALCADE E FALCADE ALTO PER POSA CAVIDOTTO FIBRA OTTICA<\/p>\n<p>STRADA PROVINCIALE 347 DEL PASSO CEREDA E DURAN, DAL 12 MAGGIO AL 01 GIUGNO ESCLUSE DOMENICHE E FESTIVI, SENSO UNICO ALTERNATO REGOLATO DA IMPIANTO SEMAFORICO O MOVIERI IN COMUNE DI VALLE DI CADORE PER SONDAGGI GEOTECNICI<\/p>\n<p>STRADA REGIONALE 203 AGORDINA, ABITATO DI MASARE\u2019 DI ROCCA PIETORE. DALL\u201911 AL 22 MAGGIO, ESCLUSO SABATO E DOMENICA, DALLE 8 ALLE 17 SENSO UNICO ALTERNATO REGOLATO DA IMPIANTO SEMAFORICO PER REALIZZAZIONE IMPIANTO ILLUMINAZIONE SU PASSAGGIO PEDONALE<\/p>\n<p>SP346 DEL SAN PELLEGRINO, COMUNE DI VALLADA, DAL 18 AL 29 MAGGIO SENSO UNICO ALTERNATO PER MESSA IN SICUREZZA BARRIERE LATERALI<\/p>\n<p>&nbsp;<\/p>\n<hr \/>\n<p>&nbsp;<\/p>\n<p><img decoding=\"async\" class=\"aligncenter jetpack-lazy-image jetpack-lazy-image--handled\" src=\"https:\/\/i0.wp.com\/www.radiopiu.net\/wordpress\/wp-content\/uploads\/2018\/09\/WhatsApp-Image-2018-09-20-at-16.04.06.jpeg?resize=800%2C100&amp;ssl=1\" data-lazy-loaded=\"1\" \/><\/p>\n<p>&nbsp;<\/p>\n<p><center><b>Domenica 17<\/b><\/center><b>Tempo atteso:\u00a0<\/b>Giornata pi\u00f9 soleggiata, stabile e calda rispetto a sabato. Dopo la nuvolosit\u00e0 e i residui fenomeni notturni, al mattino il tempo sar\u00e0 in prevalenza soleggiato, salvo iniziali nubi basse in alcune valli. Nel pomeriggio ancora in parte soleggiato, ma con maggiore nuvolosit\u00e0 cumuliforme, soprattutto sulle Dolomiti, dove saranno un po&#8217; pi\u00f9 probabili dei fenomeni d&#8217;instabilit\u00e0.<br \/>\n<b>Precipitazioni:\u00a0<\/b>Al mattino generalmente assenti (10%), nel pomeriggio possibile qualche piovasco o rovescio (30-50%), specie sulle Dolomiti.<br \/>\n<b>Temperature:\u00a0<\/b>Minime stazionarie, massime in aumento. Sulle Prealpi a 1500 m min 7\u00b0C, max 12\u00b0C e a 2000 m min 6\u00b0C, max 9\u00b0C, sulle Dolomiti a 2000 m min 3\u00b0C, max 12 e a 3000 m min -2\u00b0C, max 0.<br \/>\n<b>Venti:\u00a0<\/b>Nelle valli deboli o moderati a regime di brezza. In quota deboli o moderati, di direzione variabile, 5-15 km\/h sia a 2000 m che a 3000 m.<\/p>\n<hr \/>\n<p><center><b>Lunedi 18<\/b><\/center><b>Tempo atteso:\u00a0<\/b>Al mattino soleggiato o parzialmente soleggiato, con formazione di cumuli sui rilievi. Nel pomeriggio maggiore nuvolosit\u00e0, ma mentre sulle Prealpi prevarr\u00e0 il sole e il caldo, sulle Dolomiti il cielo sar\u00e0 pi\u00f9 nuvoloso e si potranno avere dei fenomeni d&#8217;instabilit\u00e0, in esaurimento nel tardo pomeriggio o verso sera.<br \/>\n<b>Precipitazioni:\u00a0<\/b>Al mattino assenti (0%), nel pomeriggio ancora generalmente assenti sulle Prealpi (10-20%), mentre sulle Dolomiti il rischio aumenter\u00e0 (30-50%), per poi calare gi\u00e0 dal tardo pomeriggio.<br \/>\n<b>Temperature:\u00a0<\/b>Nelle valli minime stazionarie o in locale diminuzione, in quota in aumento; massime in ulteriore, lieve rialzo su Prealpi, superiori alla norma di 3-4\u00b0C. Sulle Prealpi a 1500 m min 8\u00b0C, max 13\u00b0C e a 2000 m min 6\u00b0C, max 9\u00b0C, sulle Dolomiti a 2000 m min 5\u00b0C, max 13 e a 3000 m min -1\u00b0C, max 1.<br \/>\n<b>Venti:\u00a0<\/b>Nelle valli deboli o moderati per brezze. In quota al mattino deboli o molto deboli, nel pomeriggio in lieve rinforzo da est nord-est, 5-15 km\/h sia a 2000 m che a 3000 m.<\/p>\n<hr \/>\n<p><center><b>Martedi 19<\/b><\/center>Soleggiato o parzialmente soleggiato, per l&#8217;arrivo da sud-est di nubi medio-alte, in un contesto pi\u00f9 caldo del normale. Temperature stazionarie. Venti in quota deboli o moderati da nord-est, anche tesi a 3000 m e sulle cime prealpine.<\/p>\n<hr \/>\n<p><center><b>Mercoledi 20<\/b><\/center>Giornata soleggiata e calda. Temperature stazionarie, ancora superiori alla norma. Venti in quota deboli o moderati da nord-est, a tratti tesi a 3000. Previsore: B.R.<\/p>\n","protected":false},"excerpt":{"rendered":"<p>PER RICEVERE QUESTO NOTIZIARIO DIRETTAMENTE SUL TUO CELLULARE ISCRIVITI AL CANALE TELEGRAM\u00a0\u201cRADIO PIU\u00a0 INFORMAZIONE\u201d \u00a0 Gestione Servizi Pubblici informa che a GOSALDO nelle Localit\u00e0 LE CASE, CURTI e INCASAL, l\u2019acqua erogata dall\u2019acquedotto \u00e8 di nuovo potabile e pu\u00f2 essere usata, quindi, per scopi alimentari, \u00a0nelle localit\u00e0 LE FOCHE, LAMBROI, DENEORE, MAGAIT, REN, SELLE, COL TAMAI,&hellip;<\/p>\n","protected":false},"author":4,"featured_media":138314,"comment_status":"closed","ping_status":"closed","sticky":false,"template":"","format":"standard","meta":{"_monsterinsights_skip_tracking":false,"_monsterinsights_sitenote_active":false,"_monsterinsights_sitenote_note":"","_monsterinsights_sitenote_category":0,"footnotes":""},"categories":[1,51,86],"tags":[],"class_list":["post-138198","post","type-post","status-publish","format-standard","has-post-thumbnail","hentry","category-senza-categoria","category-evidenza-top","category-gr","category-1","category-51","category-86","description-off"],"img_url":"https:\/\/www.radiopiu.net\/wordpress\/wp-content\/uploads\/2020\/05\/711zrNQ2JxL._AC_SX679_.jpg","_links":{"self":[{"href":"https:\/\/www.radiopiu.net\/wordpress\/wp-json\/wp\/v2\/posts\/138198","targetHints":{"allow":["GET"]}}],"collection":[{"href":"https:\/\/www.radiopiu.net\/wordpress\/wp-json\/wp\/v2\/posts"}],"about":[{"href":"https:\/\/www.radiopiu.net\/wordpress\/wp-json\/wp\/v2\/types\/post"}],"author":[{"embeddable":true,"href":"https:\/\/www.radiopiu.net\/wordpress\/wp-json\/wp\/v2\/users\/4"}],"replies":[{"embeddable":true,"href":"https:\/\/www.radiopiu.net\/wordpress\/wp-json\/wp\/v2\/comments?post=138198"}],"version-history":[{"count":0,"href":"https:\/\/www.radiopiu.net\/wordpress\/wp-json\/wp\/v2\/posts\/138198\/revisions"}],"wp:featuredmedia":[{"embeddable":true,"href":"https:\/\/www.radiopiu.net\/wordpress\/wp-json\/wp\/v2\/media\/138314"}],"wp:attachment":[{"href":"https:\/\/www.radiopiu.net\/wordpress\/wp-json\/wp\/v2\/media?parent=138198"}],"wp:term":[{"taxonomy":"category","embeddable":true,"href":"https:\/\/www.radiopiu.net\/wordpress\/wp-json\/wp\/v2\/categories?post=138198"},{"taxonomy":"post_tag","embeddable":true,"href":"https:\/\/www.radiopiu.net\/wordpress\/wp-json\/wp\/v2\/tags?post=138198"}],"curies":[{"name":"wp","href":"https:\/\/api.w.org\/{rel}","templated":true}]}}