{"id":138345,"date":"2020-05-17T12:33:39","date_gmt":"2020-05-17T10:33:39","guid":{"rendered":"https:\/\/www.radiopiu.net\/wordpress\/?p=138345"},"modified":"2020-05-17T18:02:11","modified_gmt":"2020-05-17T16:02:11","slug":"conferenza-stampa-del-presidente-del-veneto-luca-zaia-17-maggio-2020","status":"publish","type":"post","link":"https:\/\/www.radiopiu.net\/wordpress\/conferenza-stampa-del-presidente-del-veneto-luca-zaia-17-maggio-2020\/","title":{"rendered":"LE LINEE GUIDA DEL VENETO NELLE PRIME RIGHE DEL DPCM &#8211;  I DATI CI SONO: DAL 3 MAGGIO DIMEZZATE LE TERAPIE INTENSIVE, DA 99 A 50. DA 1056 A 600 RICOVERATI    &#8211;  CONFERENZA STAMPA DEL PRESIDENTE DEL VENETO LUCA ZAIA 17 MAGGIO 2020     &#8211; DA DOMANI VIA LIBERA ANCHE AI TATUATORI"},"content":{"rendered":"<p><strong>VENEZIA<\/strong>\u00a0Da Marghera il Presidente Luca Zaia fa il punto sull\u2019emergenza Covid-19<\/p>\n<p>&nbsp;<\/p>\n<p><span style=\"color: #ff0000;\"><strong>NELLE ULTIME 24 ORE, DALLA CONFERENZA STAMPA DI MARGHERA\u00a0<span style=\"color: #000000;\">506 mila tamponi (+10.000), positivi 18939 (+13 su 10 mila 1,3 per mille), isolamento 3979 (-217) ricoverati 601 (-17, met\u00e0 negativi) terapie intensive 50 (+1, 22 positivi e 28 negativi), dimessi 3179 (+18), morti 1792 (+4),\u00a0 in ospedale 1316<\/span><\/strong><\/span><\/p>\n<h2><\/h2>\n<blockquote>\n<h2>LEGGI LA CONFERENZA STAMPA DI LUCA ZAIA<\/h2>\n<\/blockquote>\n<p><em>Oggi la riunione con il Governo \u00e8 finita alle quattro del mattino . Cone con Boccia si \u00e8 presentato all&#8217;una del mattino e si \u00e8 aperta la discussione. Oggi arriver\u00e0 il DPCM definitivo. Resta l&#8217;obbligo di mascherina oltre l&#8217;abitazione.\u00a0<\/em><strong> DOMANI NON APRONO: <\/strong><em><strong>\u00a0TRATTAMENTI CON BAGNO TURCO, SAUNE E ATTIVITA&#8217; TERMALI <\/strong>Spostamenti interregionali vietati fino al 3 giugno fatti salvo gli accordi tra regioni (come con il Trentino e Friuli <\/em>) <em>Messaggio ai sindaci:\u00a0 flessibilit\u00e0 di ampliare orari e giorni di apertura delle attivit\u00e0. Non sono per la repressione ma davanti alla negligenze bisogna intervenire. <span style=\"color: #ff0000;\"><strong>ALLA DOMENICA SARANNO APERTI ANCHE I SUPERMERCATI E I CENTRI COMMERCIALI REGOLAMENTANDO GLI ACCESSI E L&#8217;USO DEI DISPOSITIVI. &#8211; DA DOMANI VIA LIBERA ANCHE AI TATUATORI\u00a0<\/strong><\/span><\/em><\/p>\n<blockquote><p>&nbsp;<\/p>\n<p>&nbsp;<\/p>\n<p>I dati oggi sono buoni, se dal 2 giugno ci sar\u00e0 un incremento di focolai dovremo tornare indietro e rifare le ordinanze. Ad oggi dal 3 maggio sono dimezzati i pazienti in terapia intensiva e sono calati da oltre 1000 a\u00a0 600 i ricoverati. Oggi abbiamo le linee guida, abbiamo fatto un percorso evitando le linee guida Inail, l&#8217;incontro positivo di venerdi con il presidente del Consiglio Giuseppe Conte si traduce in questo risultato. Si apre con le linee guida della Regione. Le nostre linee guida verranno messa in &#8220;copertina&#8221; al DPCM, quindi fanno testo le linee guida. E&#8217; una grande assunzione di responsabilit\u00e0 della Regione io ci metto la firma al di l\u00e0 delle considerazioni dei &#8220;nobel&#8221; da social. <strong>Ora cosa faremo?\u00a0<\/strong> L&#8217;ordinanza \u00e8 pronta in via prudenziale aspetto a mettere la firma perch\u00e8 da Roma ci possono sempre essere sorprese. Appena avr\u00e0 la firma lo metteremo online. L&#8217;ordinanza dice: primo tema i dispositivi di protezione individuale obbligatori con multe da 400 euro come minimo e fino a 3000 euro. Non sono per lo stato di Polizia, pero&#8217; qui la partita va oltre l&#8217;individuo. In queste ultime 24 ore sono arrivate tante foto di gente che ovunque non ha la mascherina o ce l&#8217;ha al collo. Non ci siamo capiti. O si porta la mascherina o si va alla ricaduta. Che poi i fenomeni in tribuna non mancano che diranno &#8220;non era da riaprire&#8221;, se ci sono guai siamo noi a bordo campo e vengono da me. Nell&#8217;ordinanza ci sono gli accordi per le regioni contermini qualora i presidenti siano daccordo, noi lo abbiamo gi\u00e0 fatto con il Trentino e Friuli Venezia Giulia previo accordo con i Prefetti. L&#8217;ordinanza ha due allegati, le linee guida per le attivit\u00e0, \u00e8 semplice da leggere e per titoli, poco giuridica molto pratica.<\/p><\/blockquote>\n<h3>L&#8217;ORDINANZA CON EFFICACIA FINO AL 2 GIUGNO, LE SANZIONI PER LA SANITA&#8217; VENETA<\/h3>\n<p><strong><span style=\"color: #ff0000;\">RIAPERTURE<\/span>\u00a0 RISTORAZIONE<\/strong> tutto aperto, dai bar ai ristoranti, pub, gelaterie etc&#8230; <strong>SPIAGGE<\/strong> aperte da domani ai veneti, forse una delle poche regioni che lo fa, vige il distanziamento sociale 10 metro quadrati per ombrellone <strong>ALBERGHI ed EXTRALBERGHIERI\u00a0<\/strong> tutti aperti 480 mia posti letto, aperti i <strong>RIFUGI ALPINI E CAMPEGGI<\/strong> siamo le aree aperte pi\u00f9 grandi d&#8217;Europa<strong>.SERVIZI PERSONA<\/strong> da domani tutto aperto\u00a0 anche\u00a0 i tatuatori o.<strong>CHIUSE LE SAUNE E BAGNI TURCHI <\/strong>apre tutto <strong>il COMMERCIO AL DETTAGLIO<\/strong> con linee guida leggere ma da rispettare. <strong>MERCATI<\/strong> aperti tutti anche i mercatini degli hobbisty e ambulanti. <strong>AUTOSCUOLE<\/strong> aperte, <strong>TEATRI APERTI<\/strong> senza pubblico. <strong>PISCINE PUBBLICHE E PRIVATE<\/strong> aperte con le linee guida anche negli alberghi e campeggi o condominiali.<strong> PALESTRE<\/strong> aprono tutte anche con modalit\u00e0 a corsi.\u00a0 <strong>UFFICI<\/strong> riaprono al pubblico.<strong> APRONO TUTTI GLI IMPIANTI SPORTIVI ALL&#8217;APERTO, I MUSEI, LE BIBLIOTECHE I PARCHI ZOOLOGICI E LE RISERVE NATURALI, GIARDINI BOTANICI. RIAPRONO ANCHE GLI IMPIANTI A FUNE, TRASPORTO PUBBLICO LOCALE, ATTIVITA&#8217; SCOLASTICHE FORMATIVE PROFESSIONALI, TIROCINI PROFESSIONALI, FUNZIONI RELIGIOSE E CIMITERI. ALLA DOMENICA SARANNO APERTI ANCHE I SUPERMERCATI E I CENTRI COMMERCIALI.<br \/>\n<\/strong><\/p>\n<p>&nbsp;<\/p>\n<p><span style=\"color: #0000ff;\">SOSPESE<\/span> Centri termali eccetto livelli assistenziali, centri sociali, culturali ed estivi, sale gioco,\u00a0 sale scommesse, sale bingo, discoteche. Si dovranno evitare gli assembramenti e conto sull&#8217;operato dei sindaci che spero diano anche le deroghe per le attivit\u00e0: elasticit\u00e0 per gli orari degli operatori.<\/p>\n<h2><span style=\"color: #0000ff;\">DOMANDE<\/span><\/h2>\n<p><strong>RISCHIO LATENTE E REGIONI PERPLESSE, LO STESSO PROFESSOR CRISTANTI AVVERTE CHE IL RISCHIO E E&#8217; IN AGGUATO\u00a0 IL GOVERNO NE TERRA&#8217; CONTO?<\/strong>\u00a0 Il DPCM dice valutate le curve epidemiologiche dei territori. Noi le aperture le facciamo affiancate al dipartimento di prevenzione. Gli scienziati sono dei puristi se avessimo messo loro attorno ad un tavolo con gli economisti probabilmente non avremo mai trovato una sintesi. Non passi l&#8217;idea che chi apre \u00e8 irresponsabile. Non abbiamo finito la battaglia lo dico tutti i giorni.<\/p>\n<p><strong>DOVE SI E&#8217; ARENATO L&#8217;ACCORDO QUESTA NOTTE?<\/strong> Le date non sono importanti, la base DPCM l Governo stabilisce il suo programma ma da possibilit\u00e0 alle Regioni di anticipare. Pero&#8217; dobbiamo aspettare il decreto, noi come Veneto anticipiamo tutte le aperture. E&#8217; accaduto che le linee guida erano diventate un &#8220;di cui&#8221; e non il &#8220;mantra&#8221; e abbiamo posto la questione,\u00a0 non si pu\u00f2 mettere questo nelle mani nel controllore per non mettere nei guai gli esercenti che saranno controllate.<\/p>\n<p><strong>CONTE HA DETTO CHE FINITA L&#8217;EMERGENZA HA ANTICIPATO DI UNA RIFLESSIONE SUL RAPPORTO STATO REGIONE.<\/strong> Il presidente stanotte ha ringraziato le Regioni in pi\u00f9 occasioni. Lui dice che ci vuole una revisione, vediamola in positivo, vorr\u00e0 darci l&#8217;autonomia. Vediamo se si smentisce davanti a 2 milioni di veneti che hanno votato. Se intendeva alto che lo chiarisca subito, per noi resta ferma la partita dell&#8217;autonomia resa importante da questa emergenza sanitaria.<\/p>\n<p><strong>DUE PARTITI DI OPPOSIZIONE VOGLIONO FARE LA MANIFESTAZIONE IL 2 GIUGNO CONTRO IL GOVERNO<\/strong> Non conosco i termini della manifestazione.<\/p>\n<p><strong>E LA CULTURA? TEATRI? CINEMA? E LA SCUOLA?\u00a0 Sono dettami del comitato tecnico scientifico regionale hanno chiuso tutte le possibili soluzioni di assembramento. Noi abbiamo aperto i musei, le biblioteche e i luoghi senza pubblico come i teatri.\u00a0<\/strong><\/p>\n<p><strong>LA MASCHERINA OBBLIGATORIA IN TUTTA ITALIA?<\/strong> Da noi ci certo altrove non so, anzi altrove \u00e8 consigiato, cio\u00e8 \u00e8 una follia.<\/p>\n<p><strong>OGGI UN POSTO IN PIU&#8217; IN TERAPIA INTENSIVA CON SUCCEDEVA DAL 5 APRILE<\/strong> Dal punto di vista statistico e di modello non preoccupa se aumentano \u00e8 un&#8217;altra storia.<\/p>\n<p><strong>CENTRI ESTIVI 15 GIUGNO? <\/strong>Abbiamo le linee guida, 150 milioni stanziati dal Governo che vuole affrontare il problema in settimana, forse si arriver\u00e0 al 1 giugno. Fosse per noi sarebbero gi\u00e0 all&#8217;interno dell&#8217;ordinanza ma ci sono i bimbi di mezzo ed \u00e8 illegittimo andare contro il sistema sanitario, non sta in piedi.<\/p>\n<p><strong>SE I BAMBINI NON SI CONTAGIANO COME DEVONO COMPORTARSI LE MAESTRE?<\/strong> Mettere la mascherina chirurgica non la visiera.<\/p>\n<p><strong>GOVERNATORE DELLA SARDEGNA CHIEDE UN &#8220;PASSAPORTO&#8221; PER NON PERDERE LA STAGIONE SULLA BASE DI UN TEST CHE SARA&#8217; RIMBORSATO.<\/strong> Dovremo &#8220;spendere&#8221; in maniera migliore la nostra sanit\u00e0, qui \u00e8 al pari delle migliori cliniche a costo zero. Questa \u00e8 la nostra promozione. La patente di immunit\u00e0: il presidente \u00e8 preoccupato perch\u00e9 se la Sardegna perde l&#8217;estate \u00e8 in recessione. Se una persona non ha avuto gli anticorpi puo&#8217; comunque ammalarsi, il tampone ha una finestra di 7 giorni. E&#8217; una storia molto complicata.<\/p>\n<p><strong>CONTE HA SOTTOLINEATO LA RESPONSABILITA&#8217; DELLE REGIONI E QUALCUNA HA FATTO UN PASSO INDIETRO?\u00a0<\/strong>Non \u00e8 una sfida, il DPCM apre bar, ristoranti e parrucchieri da domani. Con quella frase da brivido &#8220;valutando le situazioni epidemiologiche&#8221;, siamo qui a governare e risolvere i problemi e affrontiamo le responsabilit\u00e0.<\/p>\n<p><strong>200 MILIONI PER LE EX ZONE ROSSE\u00a0 MA NON PER LE PROVINCE VENETE<\/strong>\u00a0 Chi si rappresenta non ci rappresenta bene.Tutto \u00e8 recuperabile, che i nostri si diano da fare per dirottare quei fondi. Hanno ragione i sindaci a lamentarsi. Giordani come Conte e altri sindaci pongono la questione in modo trasversale. Basta con guelfi e ghibellini siamo tutti veneti.<\/p>\n<p>&nbsp;<\/p>\n<p>&nbsp;<\/p>\n<p>&nbsp;<\/p>\n<p>https:\/\/www.facebook.com\/zaiaufficiale\/videos\/246137106601909<\/p>\n","protected":false},"excerpt":{"rendered":"<p>VENEZIA\u00a0Da Marghera il Presidente Luca Zaia fa il punto sull\u2019emergenza Covid-19 &nbsp; NELLE ULTIME 24 ORE, DALLA CONFERENZA STAMPA DI MARGHERA\u00a0506 mila tamponi (+10.000), positivi 18939 (+13 su 10 mila 1,3 per mille), isolamento 3979 (-217) ricoverati 601 (-17, met\u00e0 negativi) terapie intensive 50 (+1, 22 positivi e 28 negativi), dimessi 3179 (+18), morti 1792&hellip;<\/p>\n","protected":false},"author":4,"featured_media":121391,"comment_status":"closed","ping_status":"closed","sticky":false,"template":"","format":"standard","meta":{"_monsterinsights_skip_tracking":false,"_monsterinsights_sitenote_active":false,"_monsterinsights_sitenote_note":"","_monsterinsights_sitenote_category":0,"footnotes":""},"categories":[51,49],"tags":[],"class_list":["post-138345","post","type-post","status-publish","format-standard","has-post-thumbnail","hentry","category-evidenza-top","category-news-18","category-51","category-49","description-off"],"img_url":"https:\/\/www.radiopiu.net\/wordpress\/wp-content\/uploads\/2020\/03\/covid-zaia.jpg","_links":{"self":[{"href":"https:\/\/www.radiopiu.net\/wordpress\/wp-json\/wp\/v2\/posts\/138345","targetHints":{"allow":["GET"]}}],"collection":[{"href":"https:\/\/www.radiopiu.net\/wordpress\/wp-json\/wp\/v2\/posts"}],"about":[{"href":"https:\/\/www.radiopiu.net\/wordpress\/wp-json\/wp\/v2\/types\/post"}],"author":[{"embeddable":true,"href":"https:\/\/www.radiopiu.net\/wordpress\/wp-json\/wp\/v2\/users\/4"}],"replies":[{"embeddable":true,"href":"https:\/\/www.radiopiu.net\/wordpress\/wp-json\/wp\/v2\/comments?post=138345"}],"version-history":[{"count":0,"href":"https:\/\/www.radiopiu.net\/wordpress\/wp-json\/wp\/v2\/posts\/138345\/revisions"}],"wp:featuredmedia":[{"embeddable":true,"href":"https:\/\/www.radiopiu.net\/wordpress\/wp-json\/wp\/v2\/media\/121391"}],"wp:attachment":[{"href":"https:\/\/www.radiopiu.net\/wordpress\/wp-json\/wp\/v2\/media?parent=138345"}],"wp:term":[{"taxonomy":"category","embeddable":true,"href":"https:\/\/www.radiopiu.net\/wordpress\/wp-json\/wp\/v2\/categories?post=138345"},{"taxonomy":"post_tag","embeddable":true,"href":"https:\/\/www.radiopiu.net\/wordpress\/wp-json\/wp\/v2\/tags?post=138345"}],"curies":[{"name":"wp","href":"https:\/\/api.w.org\/{rel}","templated":true}]}}