{"id":138413,"date":"2020-05-17T19:45:42","date_gmt":"2020-05-17T17:45:42","guid":{"rendered":"https:\/\/www.radiopiu.net\/wordpress\/?p=138413"},"modified":"2020-05-17T19:45:10","modified_gmt":"2020-05-17T17:45:10","slug":"malore-in-montagna-3","status":"publish","type":"post","link":"https:\/\/www.radiopiu.net\/wordpress\/malore-in-montagna-3\/","title":{"rendered":"MALORE IN MONTAGNA"},"content":{"rendered":"<p><strong>CORTINA<\/strong> Questa mattina, poco prima delle 10, dei passanti si sono imbattuti in una donna a terra priva di sensi lungo la silvopastorale che sale a Malga Federa e hanno contattato la Centrale del 118. Allertato il Soccorso alpino di Cortina, sul posto \u00e8 stata inviata una squadra del Sagf in fuoristrada. L&#8217;escursionista, una cinquantenne di San Nicol\u00f2 Comelico (BL), che si era nel frattempo ripresa a seguito di un probabile calo di pressione, \u00e8 stata accompagnata alla sua auto, con cui si \u00e8 allontanata autonomamente.<\/p>\n","protected":false},"excerpt":{"rendered":"<p>CORTINA Questa mattina, poco prima delle 10, dei passanti si sono imbattuti in una donna a terra priva di sensi lungo la silvopastorale che sale a Malga Federa e hanno contattato la Centrale del 118. Allertato il Soccorso alpino di Cortina, sul posto \u00e8 stata inviata una squadra del Sagf in fuoristrada. L&#8217;escursionista, una cinquantenne&hellip;<\/p>\n","protected":false},"author":4,"featured_media":59164,"comment_status":"closed","ping_status":"closed","sticky":false,"template":"","format":"standard","meta":{"_monsterinsights_skip_tracking":false,"_monsterinsights_sitenote_active":false,"_monsterinsights_sitenote_note":"","_monsterinsights_sitenote_category":0,"footnotes":""},"categories":[49],"tags":[],"class_list":["post-138413","post","type-post","status-publish","format-standard","has-post-thumbnail","hentry","category-news-18","category-49","description-off"],"img_url":"https:\/\/www.radiopiu.net\/wordpress\/wp-content\/uploads\/2018\/08\/soccorsoalpino.jpg","_links":{"self":[{"href":"https:\/\/www.radiopiu.net\/wordpress\/wp-json\/wp\/v2\/posts\/138413","targetHints":{"allow":["GET"]}}],"collection":[{"href":"https:\/\/www.radiopiu.net\/wordpress\/wp-json\/wp\/v2\/posts"}],"about":[{"href":"https:\/\/www.radiopiu.net\/wordpress\/wp-json\/wp\/v2\/types\/post"}],"author":[{"embeddable":true,"href":"https:\/\/www.radiopiu.net\/wordpress\/wp-json\/wp\/v2\/users\/4"}],"replies":[{"embeddable":true,"href":"https:\/\/www.radiopiu.net\/wordpress\/wp-json\/wp\/v2\/comments?post=138413"}],"version-history":[{"count":0,"href":"https:\/\/www.radiopiu.net\/wordpress\/wp-json\/wp\/v2\/posts\/138413\/revisions"}],"wp:featuredmedia":[{"embeddable":true,"href":"https:\/\/www.radiopiu.net\/wordpress\/wp-json\/wp\/v2\/media\/59164"}],"wp:attachment":[{"href":"https:\/\/www.radiopiu.net\/wordpress\/wp-json\/wp\/v2\/media?parent=138413"}],"wp:term":[{"taxonomy":"category","embeddable":true,"href":"https:\/\/www.radiopiu.net\/wordpress\/wp-json\/wp\/v2\/categories?post=138413"},{"taxonomy":"post_tag","embeddable":true,"href":"https:\/\/www.radiopiu.net\/wordpress\/wp-json\/wp\/v2\/tags?post=138413"}],"curies":[{"name":"wp","href":"https:\/\/api.w.org\/{rel}","templated":true}]}}