{"id":138416,"date":"2020-05-17T15:36:43","date_gmt":"2020-05-17T13:36:43","guid":{"rendered":"https:\/\/www.radiopiu.net\/wordpress\/?p=138416"},"modified":"2020-05-17T15:37:05","modified_gmt":"2020-05-17T13:37:05","slug":"il-nuovo-step-della-fase-2-ci-veda-propositivi-e-uniti-la-provincia-puo-fare-da-collettore-di-tutte-le-esigenze-e-le-idee-che-emergono-dal-nostro-territorio","status":"publish","type":"post","link":"https:\/\/www.radiopiu.net\/wordpress\/il-nuovo-step-della-fase-2-ci-veda-propositivi-e-uniti-la-provincia-puo-fare-da-collettore-di-tutte-le-esigenze-e-le-idee-che-emergono-dal-nostro-territorio\/","title":{"rendered":"IL NUOVO STEP DELLA FASE 2 CI VEDA PROPOSITIVI E UNITI. LA PROVINCIA PU\u00d2 FARE DA COLLETTORE DI TUTTE LE ESIGENZE E LE IDEE CHE EMERGONO DAL NOSTRO TERRITORIO"},"content":{"rendered":"<p><strong><a class=\"dt-pswp-item\" href=\"https:\/\/www.radiopiu.net\/wordpress\/wp-content\/uploads\/2020\/05\/PADRIN-1-scaled.jpg\" data-dt-img-description=\"\" data-large_image_width=\"2560\" data-large_image_height=\"1920\"><img loading=\"lazy\" decoding=\"async\" class=\"size-medium wp-image-138417 alignleft\" src=\"https:\/\/www.radiopiu.net\/wordpress\/wp-content\/uploads\/2020\/05\/PADRIN-1-300x225.jpg\" alt=\"\" width=\"300\" height=\"225\" srcset=\"https:\/\/www.radiopiu.net\/wordpress\/wp-content\/uploads\/2020\/05\/PADRIN-1-300x225.jpg 300w, https:\/\/www.radiopiu.net\/wordpress\/wp-content\/uploads\/2020\/05\/PADRIN-1-1024x768.jpg 1024w, https:\/\/www.radiopiu.net\/wordpress\/wp-content\/uploads\/2020\/05\/PADRIN-1-768x576.jpg 768w, https:\/\/www.radiopiu.net\/wordpress\/wp-content\/uploads\/2020\/05\/PADRIN-1-1536x1152.jpg 1536w, https:\/\/www.radiopiu.net\/wordpress\/wp-content\/uploads\/2020\/05\/PADRIN-1-2048x1536.jpg 2048w\" sizes=\"auto, (max-width: 300px) 100vw, 300px\" \/><\/a>BELLUNO<\/strong> Da domani il nuovo step della fase 2 e il Presidente della provincia di Belluno Roberto Padrin analizza il momento \u00a0con una lettera aperta alla cittadinanza.<\/p>\n<blockquote><p><strong>LA LETTERA<\/strong><\/p>\n<p><em>Questo \u00e8 il momento delle idee. E del gioco di squadra. La ripartenza vera del nostro territorio passa da qui e dalla presa di coscienza che la crisi post-coronavirus, inevitabile, riserva anche delle opportunit\u00e0 inattese, che dovremo essere in grado di cogliere e trasformare in concretezza.<\/em>\u00a0<em>Da domani possono riaprire le attivit\u00e0 economiche e gran parte di quelle realt\u00e0 che sono chiuse dall\u2019inizio della pandemia. \u00c8 un primo passo, un primissimo passo; non certo l\u2019ultimo. La riapertura impone ancora diverse restrizioni, che rendono sicuramente difficile l\u2019attivit\u00e0 di chi lavora e anche dei clienti. Servir\u00e0 un po\u2019 di pazienza, perch\u00e9 non possiamo pensare che tutto sar\u00e0 come prima del virus, immediatamente. Ci sar\u00e0 bisogno di un periodo di rodaggio e contemporaneamente di attenzione e rispetto delle norme di sicurezza, per non ripiombare nella \u201cFase 1\u201d.<\/em>\u00a0<em>Per\u00f2 non basta dire che saremo vicini a chi riapre, a chi tenta di riprendere la propria vita lavorativa, di rimettere in moto la propria impresa. La ripartenza comincia, ma le restrizioni sono ancora tante e tali da mettere in discussione la tenuta stessa di un\u2019attivit\u00e0, gi\u00e0 provata dal lungo lockdown. \u00c8 in gioco il futuro delle nostre aziende, piccole e grandi, che rappresentano un patrimonio inestimabile del nostro territorio.<\/em>\u00a0<em>Non possiamo dimenticare neanche il mondo dello spettacolo, della cultura, della musica, ancora fermo e impossibilitato a lavorare in questa \u201cFase 2\u201d. Si tratta di un settore fondamentale per la vita civile di un Paese e che d\u00e0 respiro anche al nostro turismo, assicurando quegli eventi e quelle occasioni di movimento delle persone in grado di generare reddito e ricchezza. Un settore che quest\u2019estate, penso anche ai grandi appuntamenti sportivi e ciclistici sulle Dolomiti, dovr\u00e0 rimanere ancora al palo.<\/em>\u00a0<em>Proprio il turismo potrebbe essere il mezzo con cui far uscire il Bellunese dalla crisi del Covid. Come ho avuto modo di dire qualche giorno fa, siamo tra le province montane dell\u2019arco alpino con il pi\u00f9 basso tasso di contagi. E la discesa continua dei numeri di soggetti positivi al virus \u00e8 un dato estremamente positivo. Significa che siamo sulla strada giusta. Su questo dovremo costruire una stagione estiva all\u2019insegna della salubrit\u00e0 &#8211; l\u2019aria, le montagne e gli ampi spazi aperti lo consentono &#8211; e della bellezza delle nostre Dolomiti.<\/em>\u00a0<em>Per questo e per la ripartenza dei negozi, delle piccole e medie imprese, delle attivit\u00e0 anche del Terzo Settore serviranno misure forti di sostegno da parte del Governo, dell\u2019Europa, della Regione, per rafforzare le prime azioni gi\u00e0 messe in campo da diversi Comuni, sempre in prima linea nell\u2019erogazione dei servizi.<\/em>\u00a0<em>Cosa pu\u00f2 fare la Provincia in tutto questo? Pu\u00f2 essere la cabina di regia di un movimento di ripartenza che abbracci tutte le componenti del nostro territorio. Ed \u00e8 proprio quello che intendiamo fare. \u00c8 il momento delle idee, perch\u00e9 servono le idee di tutti. \u00c8 il momento di fare squadra e forse \u00e8 la chance pi\u00f9 ghiotta che abbiamo mai avuto per accantonare i campanilismi che da troppo tempo frenano la crescita del Bellunese e dei bellunesi.<\/em>\u00a0<em>La prima occasione per fare squadra sar\u00e0 gioved\u00ec prossimo. A Palazzo Piloni ci incontreremo con sindacati, mondo dell\u2019industria e del lavoro, categorie economiche e amministrative. Ragioneremo sulle prospettive del trasporto pubblico locale, anche in funzione della ripresa della scuola a settembre. E cercheremo insieme una soluzione alle criticit\u00e0 che le norme di distanziamento sociale della \u201cFase 2\u201d impongono per i servizi di trasporto e per l\u2019istruzione. Potr\u00e0 essere un modello di discussione su cui costruire la ripartenza anche per tutti gli altri settori.<\/em>\u00a0<em>Come dice un vecchio proverbio africano, \u201cse vuoi andare veloce, vai da solo; se vuoi andare distante, vai insieme\u201d. Noi abbiamo bisogno di andare distanti, di disegnare il futuro della provincia di Belluno.<\/em><\/p><\/blockquote>\n","protected":false},"excerpt":{"rendered":"<p>BELLUNO Da domani il nuovo step della fase 2 e il Presidente della provincia di Belluno Roberto Padrin analizza il momento \u00a0con una lettera aperta alla cittadinanza. LA LETTERA Questo \u00e8 il momento delle idee. E del gioco di squadra. La ripartenza vera del nostro territorio passa da qui e dalla presa di coscienza che&hellip;<\/p>\n","protected":false},"author":4,"featured_media":138417,"comment_status":"closed","ping_status":"closed","sticky":false,"template":"","format":"standard","meta":{"_monsterinsights_skip_tracking":false,"_monsterinsights_sitenote_active":false,"_monsterinsights_sitenote_note":"","_monsterinsights_sitenote_category":0,"footnotes":""},"categories":[49],"tags":[],"class_list":["post-138416","post","type-post","status-publish","format-standard","has-post-thumbnail","hentry","category-news-18","category-49","description-off"],"img_url":"https:\/\/www.radiopiu.net\/wordpress\/wp-content\/uploads\/2020\/05\/PADRIN-1-scaled.jpg","_links":{"self":[{"href":"https:\/\/www.radiopiu.net\/wordpress\/wp-json\/wp\/v2\/posts\/138416","targetHints":{"allow":["GET"]}}],"collection":[{"href":"https:\/\/www.radiopiu.net\/wordpress\/wp-json\/wp\/v2\/posts"}],"about":[{"href":"https:\/\/www.radiopiu.net\/wordpress\/wp-json\/wp\/v2\/types\/post"}],"author":[{"embeddable":true,"href":"https:\/\/www.radiopiu.net\/wordpress\/wp-json\/wp\/v2\/users\/4"}],"replies":[{"embeddable":true,"href":"https:\/\/www.radiopiu.net\/wordpress\/wp-json\/wp\/v2\/comments?post=138416"}],"version-history":[{"count":0,"href":"https:\/\/www.radiopiu.net\/wordpress\/wp-json\/wp\/v2\/posts\/138416\/revisions"}],"wp:featuredmedia":[{"embeddable":true,"href":"https:\/\/www.radiopiu.net\/wordpress\/wp-json\/wp\/v2\/media\/138417"}],"wp:attachment":[{"href":"https:\/\/www.radiopiu.net\/wordpress\/wp-json\/wp\/v2\/media?parent=138416"}],"wp:term":[{"taxonomy":"category","embeddable":true,"href":"https:\/\/www.radiopiu.net\/wordpress\/wp-json\/wp\/v2\/categories?post=138416"},{"taxonomy":"post_tag","embeddable":true,"href":"https:\/\/www.radiopiu.net\/wordpress\/wp-json\/wp\/v2\/tags?post=138416"}],"curies":[{"name":"wp","href":"https:\/\/api.w.org\/{rel}","templated":true}]}}