{"id":138567,"date":"2020-05-19T05:42:36","date_gmt":"2020-05-19T03:42:36","guid":{"rendered":"https:\/\/www.radiopiu.net\/wordpress\/?p=138567"},"modified":"2020-05-19T10:07:24","modified_gmt":"2020-05-19T08:07:24","slug":"giornale-radiopiu-19-maggio-2020-direttore-mirko-mezzacasa","status":"publish","type":"post","link":"https:\/\/www.radiopiu.net\/wordpress\/giornale-radiopiu-19-maggio-2020-direttore-mirko-mezzacasa\/","title":{"rendered":"GIORNALE RADIOPIU 19 MAGGIO 2020 DIRETTORE MIRKO MEZZACASA"},"content":{"rendered":"<h3><strong>PER RICEVERE QUESTO NOTIZIARIO DIRETTAMENTE SUL TUO CELLULARE ISCRIVITI AL CANALE TELEGRAM\u00a0<\/strong><strong>\u201cRADIO PIU\u00a0 INFORMAZIONE\u201d<\/strong><\/h3>\n<p>&nbsp;<\/p>\n<h3><span style=\"color: #ff0000;\">TRA LE NOTIZIE PIU&#8217; CLICCATE NELLA GIORNATA DI IERI LUNEDI 18 MAGGIO<\/span><\/h3>\n<blockquote class=\"wp-embedded-content\" data-secret=\"3BOB4Uu9tO\"><p><a href=\"https:\/\/www.radiopiu.net\/wordpress\/ma-nel-2021-torneremo\/\">MA NEL 2021 TORNEREMO AD ABBRACCIARCI&#8230;PIU&#8217; UNITI DI PRIMA<\/a><\/p><\/blockquote>\n<p><iframe loading=\"lazy\" title=\"&#8220;MA NEL 2021 TORNEREMO AD ABBRACCIARCI&#8230;PIU&#8217; UNITI DI PRIMA&#8221; &#8212; Radio Pi\u00f9\" class=\"wp-embedded-content\" sandbox=\"allow-scripts\" security=\"restricted\" style=\"position: absolute; clip: rect(1px, 1px, 1px, 1px);\" src=\"https:\/\/www.radiopiu.net\/wordpress\/ma-nel-2021-torneremo\/embed\/#?secret=3BOB4Uu9tO\" data-secret=\"3BOB4Uu9tO\" width=\"600\" height=\"338\" frameborder=\"0\" marginwidth=\"0\" marginheight=\"0\" scrolling=\"no\"><\/iframe><\/p>\n<hr \/>\n<p><strong><em>\u00a0<\/em><\/strong><\/p>\n<p><strong><em>Gestione Servizi Pubblici informa che a GOSALDO nelle Localit\u00e0 LE CASE, CURTI e INCASAL, l\u2019acqua erogata dall\u2019acquedotto \u00e8 di nuovo potabile e pu\u00f2 essere usata, quindi, per scopi alimentari,\u00a0<\/em><\/strong><strong><em>\u00a0nelle localit\u00e0 LE FOCHE, LAMBROI, DENEORE, MAGAIT, REN, SELLE, COL TAMAI, BITTI, GIARDOI, l\u2019acqua erogata dall\u2019acquedotto non \u00e8 potabile e pu\u00f2 essere usata per scopi alimentari SOLO PREVIA bollitura<\/em><\/strong><\/p>\n<p>&nbsp;<\/p>\n<hr \/>\n<p>&nbsp;<\/p>\n<p><strong>E-DISTRIBUZIONE COMUNICA CHE DOMANI DALLE 8:30 ALLE 15:30 IN VIA AL FORTE A TAIBON AGORDINO VERRA&#8217; INTERROTTA L&#8217;ENERGIA ELETTRICA PER LAVORI SUGLI IMPIANTI<\/strong><\/p>\n<p>&nbsp;<\/p>\n<hr \/>\n<p>&nbsp;<\/p>\n<p><strong>CHIUDE PONTE MAS, FINO AL 30 GIUGNO PER I LAVORI DI CONSOLIDAMENTO:<\/strong>\u00a0 fino al\u00a0 30 giugno sar\u00e0 chiuso sia alle macchine sia ai pedoni. Percorso alternativo: da Ponte Mas a Vignole in Comune di Sedico.<\/p>\n<p><strong>INTERRUZIONI A CRISTO DELLE PIANIZZE\u00a0<\/strong>sp347 DURAN E CEREDA fino al al 5 giugno (esclusi festivi e prefestivi) possibili interruzioni in localit\u00e0 Pianizze (Agordo) della durata massima di 15 minuti dalle 8 alle 12 e dalle 13 alle 17, inoltre senso unico alternato nei periodi non interessati dalle chiusura<\/p>\n<p>&nbsp;<\/p>\n<hr \/>\n<p>&nbsp;<\/p>\n<blockquote>\n<h2>LA PROVA DEL 18, C&#8217;E&#8217; CHI SUPERA L&#8217;ESAME E CHI RINUNCIA ALLA PROVA RINVIANDO A TEMPI MIGLIORI. LE CURVE EPIDEMIOLOGICHE SONO IN RIBASSO, MENO PAZIENTI GRAVI IN TERAPIA INTENSIVA E CALANO ANCHE I DECESSI.<\/h2>\n<\/blockquote>\n<p><strong>di Mirko Mezzacasa<\/strong><\/p>\n<p>&nbsp;<\/p>\n<p><a class=\"dt-pswp-item\" href=\"https:\/\/www.radiopiu.net\/wordpress\/wp-content\/uploads\/2020\/05\/c32599ff-125c-4db7-b044-beedd2d1bafe.jpg\" data-dt-img-description=\"\" data-large_image_width=\"1440\" data-large_image_height=\"720\"><img loading=\"lazy\" decoding=\"async\" class=\"size-medium wp-image-138796 alignleft\" src=\"https:\/\/www.radiopiu.net\/wordpress\/wp-content\/uploads\/2020\/05\/c32599ff-125c-4db7-b044-beedd2d1bafe-300x150.jpg\" alt=\"\" width=\"300\" height=\"150\" srcset=\"https:\/\/www.radiopiu.net\/wordpress\/wp-content\/uploads\/2020\/05\/c32599ff-125c-4db7-b044-beedd2d1bafe-300x150.jpg 300w, https:\/\/www.radiopiu.net\/wordpress\/wp-content\/uploads\/2020\/05\/c32599ff-125c-4db7-b044-beedd2d1bafe-1024x512.jpg 1024w, https:\/\/www.radiopiu.net\/wordpress\/wp-content\/uploads\/2020\/05\/c32599ff-125c-4db7-b044-beedd2d1bafe-768x384.jpg 768w, https:\/\/www.radiopiu.net\/wordpress\/wp-content\/uploads\/2020\/05\/c32599ff-125c-4db7-b044-beedd2d1bafe.jpg 1440w\" sizes=\"auto, (max-width: 300px) 100vw, 300px\" \/><\/a>Marzo giorno 8 l&#8217;ultima domenica di libert\u00e0, 21 aprile le prime grandi riaperture con i codici Ateco e\u00a0 i silenzi assensi delle Prefetture, 4 maggio il giorno della semi libert\u00e0, ieri il libera tutti&#8230; ma non per tutti. Perch\u00e9 molti commercianti intimoriti dalle nuove regole hanno preferito attendere, vedere quello che succedeva oltre l&#8217;uscio di casa e prendere ulteriori adeguate precauzioni. E&#8217; iniziata cos\u00ec la vera fase 2 della pandemia da covid19. Di casa si esce bardati con bocca e naso tappati,\u00a0 dita infilate nei guanti o gel in tasca, pesanti le sanzioni per chi si fa trovare sprovvisto dei dispositivi, da 400 a 3000 euro e fino ad oggi le sanzioni hanno portato nelle casse regionali oltre 200 mila euro e una serie di ricorsi.\u00a0 Da ieri la regione Veneto ha di nuovo anticipato le aperture interregionali con le confinanti Friuli Venezia Giulia, Emilia Romagna e Trento dove i congiunti possono valicare i confini e riabbracciarsi. Per ora nessuna novit\u00e0 per il passaggio tra le province di Belluno e Bolzano o tra Veneto e Lombardia. Per\u00a0 questi e ulteriori spostamenti in altre regioni sar\u00e0 necessario attendere il 3 giugno. Rimane aperta la problematica dei bambini, eppure per la Regione era una delle partite importanti, invece nonostante la ripresa del mondo lavorativo eserciti di minorenni sono lasciati in balia della piazzia, della televisione, del divano e dei pericoli in\u00a0 internet, perch\u00e9 i centri estivi, asili nido, fattorie didattiche, Grest sono chiusi, i nonni \u00e8 consigliabile tenerli a distanza ed anche i parenti sono impegnati nelle loro attivit\u00e0. L&#8217;assessore Manuela Lanzarin aveva promesso che tutto poteva riprendere invece tutto \u00e8 stato rinviato per il mancato accordo con il Governo anche se a sorpresa l&#8217;argomento \u00e8 inserito del DPCM del Premier Conte pur con aspetti poco chiari e una serie di contraddizioni visto che manca anche la fascia di et\u00e0 0-3 anni. Il decreto dice inoltre che le giostrine dei parchi possono aprire dal 18 maggio ma che i gestori devono provvedere alle pulizie continue. Ci chiediamo quali siano le differenze tra il seggiolino della giostrina o le panchine dei giardini pubblici per le quali nessuno ha previsto alcuna precauzione. Tornando alle attivit\u00e0 per i pi\u00f9 piccoli da Venezia la promessa che a breve inizieranno le attivit\u00e0 ricreative. Annunciate ordinanze anche per <a class=\"dt-pswp-item\" href=\"https:\/\/www.radiopiu.net\/wordpress\/wp-content\/uploads\/2020\/05\/1ac03e76-70ae-4b9d-848a-112af02286d5.jpg\" data-dt-img-description=\"\" data-large_image_width=\"1600\" data-large_image_height=\"901\"><img loading=\"lazy\" decoding=\"async\" class=\"size-medium wp-image-138785 alignright\" src=\"https:\/\/www.radiopiu.net\/wordpress\/wp-content\/uploads\/2020\/05\/1ac03e76-70ae-4b9d-848a-112af02286d5-300x169.jpg\" alt=\"\" width=\"300\" height=\"169\" srcset=\"https:\/\/www.radiopiu.net\/wordpress\/wp-content\/uploads\/2020\/05\/1ac03e76-70ae-4b9d-848a-112af02286d5-300x169.jpg 300w, https:\/\/www.radiopiu.net\/wordpress\/wp-content\/uploads\/2020\/05\/1ac03e76-70ae-4b9d-848a-112af02286d5-1024x577.jpg 1024w, https:\/\/www.radiopiu.net\/wordpress\/wp-content\/uploads\/2020\/05\/1ac03e76-70ae-4b9d-848a-112af02286d5-768x432.jpg 768w, https:\/\/www.radiopiu.net\/wordpress\/wp-content\/uploads\/2020\/05\/1ac03e76-70ae-4b9d-848a-112af02286d5-1536x865.jpg 1536w, https:\/\/www.radiopiu.net\/wordpress\/wp-content\/uploads\/2020\/05\/1ac03e76-70ae-4b9d-848a-112af02286d5.jpg 1600w\" sizes=\"auto, (max-width: 300px) 100vw, 300px\" \/><\/a>la cultura, spettacoli viaggianti e sagre. Ieri ha parlato anche il direttore della Ulss1 Adriano Rasi Caldogno, che ha scandito il ritmo dei tamponi: 700 al giorno e i dati positivi: diminuzione delle persone in isolamento fiduciario da 843 a 610 (- 233), da domenica la Terapia intensiva di Belluno \u00e8 vuota,\u00a0 8 persone ricoverate in area non critica, 19 nelle strutture intermedie cio\u00e8 12 in meno in sette giorni. <em>&#8220;Un quadro interessante e ci auguriamo che continui questo trend&#8221;,<\/em> ha detto il direttore che non ha mancato di affrontare l&#8217;altro spinoso tema della case di riposo. <em>&#8220;Continua l&#8217;attivit\u00e0 di screening. Sono stati fatti 4000 tamponi ai dipendenti e 3935 agli ospiti e 7545 test sierologici. Tra le 29 strutture per non autosufficienti 22 sono immuni dal virus (76%), la percentuale degli ospiti\u00a0 positivi \u00e8 del 6,4% pari alla media regionale&#8221;.\u00a0 <\/em><strong>NELLE ULTIME 24 ORE IN VENETO<\/strong> Nuovi casi di positivi\u00a0 14\u00a0 (domenica 18) da inizio epidemia 18960\u00a0 (+14 ),\u00a0 attualmente positivi\u00a0 3847\u00a0 (-181 ),\u00a0 negativizzati\/guariti 13299\u00a0 \u00a0(+179 )\u00a0 in isolamento domiciliare 3870\u00a0 (-109) ricoverati 650 (-9 ), in ospedale 534 (-7 ) , ospedali di comunit\u00e0 116 (-2), terapia intensiva 45\u00a0 (-6 ,\u00a0 18 positivi,\u00a0 27 negativi),\u00a0 dimessi 3426\u00a0 \u00a0(+15) , decessi ospedale 1363\u00a0 (6) , totale decessi 1814 (+16 ).\u00a0 <strong>NELLE ULTIME 24 ORE IN PROVINCIA DI BELLUNO<\/strong>\u00a0 \u00a0Casi positivi 0\u00a0 (domenica 2) dal 21 febbraio 1153\u00a0 (0 ), attualmente positivi\u00a0 323 (-11), deceduti 105 (0),\u00a0 negativizzati\/guariti 725\u00a0 (+10), in isolamento domiciliare 576 (-34), ricoverati ospedale San Martino 8 ( 0) , terapia intensiva 0 (0 ) , ospedale di Comunit\u00e0 di Belluno 10 ( 0 ) Agordo 9 (0\u00a0 ).<\/p>\n<blockquote><p><em>foto copertina, riaperto il centro estetica Glamour di Brunella Moro a Belluno (Telebelluno), prende vita Piazza Libert\u00e0 ad Agordo con le nuove distanze sociali (Gianni Santomaso).<\/em><\/p><\/blockquote>\n<p>&nbsp;<\/p>\n<p>&nbsp;<\/p>\n<p>&nbsp;<\/p>\n<hr \/>\n<p>&nbsp;<\/p>\n<blockquote class=\"wp-embedded-content\" data-secret=\"gw0BTx9FXI\"><p><a href=\"https:\/\/www.radiopiu.net\/wordpress\/coronavirus-aggiornamento-nazionale-18-maggio\/\">CORONAVIRUS: AGGIORNAMENTO NAZIONALE 18 MAGGIO<\/a><\/p><\/blockquote>\n<p><iframe loading=\"lazy\" title=\"&#8220;CORONAVIRUS: AGGIORNAMENTO NAZIONALE 18 MAGGIO&#8221; &#8212; Radio Pi\u00f9\" class=\"wp-embedded-content\" sandbox=\"allow-scripts\" security=\"restricted\" style=\"position: absolute; clip: rect(1px, 1px, 1px, 1px);\" src=\"https:\/\/www.radiopiu.net\/wordpress\/coronavirus-aggiornamento-nazionale-18-maggio\/embed\/#?secret=gw0BTx9FXI\" data-secret=\"gw0BTx9FXI\" width=\"600\" height=\"338\" frameborder=\"0\" marginwidth=\"0\" marginheight=\"0\" scrolling=\"no\"><\/iframe><\/p>\n<p>&nbsp;<\/p>\n<hr \/>\n<p>&nbsp;<\/p>\n<blockquote>\n<h3 class=\"entry-title\">I CONTAGI COMUNE PER COMUNE, SITUAZIONE AL 18 MAGGIO, IN ALLEGATO I DETTAGLI DALLE TABELLE DI FABIO DA ROLT<\/h3>\n<\/blockquote>\n<p>&nbsp;<\/p>\n<p class=\"photoswipe-wrapper\"><a class=\"dt-pswp-item pspw-wrap-ready\" href=\"https:\/\/i1.wp.com\/www.radiopiu.net\/wordpress\/wp-content\/uploads\/2020\/05\/6e989785-355d-4b0c-9f95-7c29d311ade6.jpg?ssl=1\" data-dt-img-description=\"\" data-large_image_width=\"1023\" data-large_image_height=\"543\"><img loading=\"lazy\" decoding=\"async\" class=\"alignnone wp-image-138588 size-full jetpack-lazy-image jetpack-lazy-image--handled\" src=\"https:\/\/i1.wp.com\/www.radiopiu.net\/wordpress\/wp-content\/uploads\/2020\/05\/6e989785-355d-4b0c-9f95-7c29d311ade6.jpg?resize=1023%2C543&amp;ssl=1\" sizes=\"auto, (max-width: 1023px) 100vw, 1023px\" srcset=\"https:\/\/i1.wp.com\/www.radiopiu.net\/wordpress\/wp-content\/uploads\/2020\/05\/6e989785-355d-4b0c-9f95-7c29d311ade6.jpg?w=1023&amp;ssl=1 1023w, https:\/\/i1.wp.com\/www.radiopiu.net\/wordpress\/wp-content\/uploads\/2020\/05\/6e989785-355d-4b0c-9f95-7c29d311ade6.jpg?resize=300%2C159&amp;ssl=1 300w, https:\/\/i1.wp.com\/www.radiopiu.net\/wordpress\/wp-content\/uploads\/2020\/05\/6e989785-355d-4b0c-9f95-7c29d311ade6.jpg?resize=768%2C408&amp;ssl=1 768w\" alt=\"\" width=\"1023\" height=\"543\" data-recalc-dims=\"1\" data-lazy-loaded=\"1\" \/><\/a><a class=\"dt-pswp-item pspw-wrap-ready\" href=\"https:\/\/i0.wp.com\/www.radiopiu.net\/wordpress\/wp-content\/uploads\/2020\/05\/eee18fa2-6943-422f-ad1c-b6d0f1efe040.jpg?ssl=1\" data-dt-img-description=\"\" data-large_image_width=\"1022\" data-large_image_height=\"540\"><img loading=\"lazy\" decoding=\"async\" class=\"alignnone wp-image-138589 size-full jetpack-lazy-image jetpack-lazy-image--handled\" src=\"https:\/\/i0.wp.com\/www.radiopiu.net\/wordpress\/wp-content\/uploads\/2020\/05\/eee18fa2-6943-422f-ad1c-b6d0f1efe040.jpg?resize=1022%2C540&amp;ssl=1\" sizes=\"auto, (max-width: 1022px) 100vw, 1022px\" srcset=\"https:\/\/i0.wp.com\/www.radiopiu.net\/wordpress\/wp-content\/uploads\/2020\/05\/eee18fa2-6943-422f-ad1c-b6d0f1efe040.jpg?w=1022&amp;ssl=1 1022w, https:\/\/i0.wp.com\/www.radiopiu.net\/wordpress\/wp-content\/uploads\/2020\/05\/eee18fa2-6943-422f-ad1c-b6d0f1efe040.jpg?resize=300%2C159&amp;ssl=1 300w, https:\/\/i0.wp.com\/www.radiopiu.net\/wordpress\/wp-content\/uploads\/2020\/05\/eee18fa2-6943-422f-ad1c-b6d0f1efe040.jpg?resize=768%2C406&amp;ssl=1 768w\" alt=\"\" width=\"1022\" height=\"540\" data-recalc-dims=\"1\" data-lazy-loaded=\"1\" \/><\/a><a class=\"dt-pswp-item pspw-wrap-ready\" href=\"https:\/\/i1.wp.com\/www.radiopiu.net\/wordpress\/wp-content\/uploads\/2020\/05\/c9bca9a0-2f72-48fa-8b2c-750f3fa3c877.jpg?ssl=1\" data-dt-img-description=\"\" data-large_image_width=\"1021\" data-large_image_height=\"222\"><img loading=\"lazy\" decoding=\"async\" class=\"alignnone wp-image-138590 size-full jetpack-lazy-image jetpack-lazy-image--handled\" src=\"https:\/\/i1.wp.com\/www.radiopiu.net\/wordpress\/wp-content\/uploads\/2020\/05\/c9bca9a0-2f72-48fa-8b2c-750f3fa3c877.jpg?resize=1021%2C222&amp;ssl=1\" sizes=\"auto, (max-width: 1021px) 100vw, 1021px\" srcset=\"https:\/\/i1.wp.com\/www.radiopiu.net\/wordpress\/wp-content\/uploads\/2020\/05\/c9bca9a0-2f72-48fa-8b2c-750f3fa3c877.jpg?w=1021&amp;ssl=1 1021w, https:\/\/i1.wp.com\/www.radiopiu.net\/wordpress\/wp-content\/uploads\/2020\/05\/c9bca9a0-2f72-48fa-8b2c-750f3fa3c877.jpg?resize=300%2C65&amp;ssl=1 300w, https:\/\/i1.wp.com\/www.radiopiu.net\/wordpress\/wp-content\/uploads\/2020\/05\/c9bca9a0-2f72-48fa-8b2c-750f3fa3c877.jpg?resize=768%2C167&amp;ssl=1 768w\" alt=\"\" width=\"1021\" height=\"222\" data-recalc-dims=\"1\" data-lazy-loaded=\"1\" \/><\/a><\/p>\n<p>&nbsp;<\/p>\n<h3>ELABORAZIONE FABIO DA ROLT,<\/h3>\n<h3><a href=\"https:\/\/sites.google.com\/view\/coronavirusbelluno\/homepage\/dettaglio-comuni\">Coronavirus BL \u2013 Dettaglio comuni CLICCA QUI<\/a><\/h3>\n<p>&nbsp;<\/p>\n<p>&nbsp;<\/p>\n<hr \/>\n<p>&nbsp;<\/p>\n<blockquote>\n<h3>DATI E GRAFICI DEL GIORNO, PROVINCIA \u2013 REGIONE 18 MAGGIO 2020<\/h3>\n<\/blockquote>\n<p><strong>Con la collaborazione di Tiziano De Col<\/strong><\/p>\n<p><a class=\"dt-pswp-item\" href=\"https:\/\/www.radiopiu.net\/wordpress\/wp-content\/uploads\/2020\/05\/Schermata-2020-05-18-alle-19.00.05.png\" data-dt-img-description=\"\" data-large_image_width=\"810\" data-large_image_height=\"446\"><img loading=\"lazy\" decoding=\"async\" class=\"alignnone wp-image-138746\" src=\"https:\/\/www.radiopiu.net\/wordpress\/wp-content\/uploads\/2020\/05\/Schermata-2020-05-18-alle-19.00.05-300x165.png\" alt=\"\" width=\"311\" height=\"171\" srcset=\"https:\/\/www.radiopiu.net\/wordpress\/wp-content\/uploads\/2020\/05\/Schermata-2020-05-18-alle-19.00.05-300x165.png 300w, https:\/\/www.radiopiu.net\/wordpress\/wp-content\/uploads\/2020\/05\/Schermata-2020-05-18-alle-19.00.05-768x423.png 768w, https:\/\/www.radiopiu.net\/wordpress\/wp-content\/uploads\/2020\/05\/Schermata-2020-05-18-alle-19.00.05.png 810w\" sizes=\"auto, (max-width: 311px) 100vw, 311px\" \/><\/a><a class=\"dt-pswp-item\" href=\"https:\/\/www.radiopiu.net\/wordpress\/wp-content\/uploads\/2020\/05\/a72e9543-1f2f-4d63-907a-9eabace40b02.jpg\" data-dt-img-description=\"\" data-large_image_width=\"628\" data-large_image_height=\"353\"><img loading=\"lazy\" decoding=\"async\" class=\"alignnone size-medium wp-image-138747\" src=\"https:\/\/www.radiopiu.net\/wordpress\/wp-content\/uploads\/2020\/05\/a72e9543-1f2f-4d63-907a-9eabace40b02-300x169.jpg\" alt=\"\" width=\"300\" height=\"169\" srcset=\"https:\/\/www.radiopiu.net\/wordpress\/wp-content\/uploads\/2020\/05\/a72e9543-1f2f-4d63-907a-9eabace40b02-300x169.jpg 300w, https:\/\/www.radiopiu.net\/wordpress\/wp-content\/uploads\/2020\/05\/a72e9543-1f2f-4d63-907a-9eabace40b02.jpg 628w\" sizes=\"auto, (max-width: 300px) 100vw, 300px\" \/><\/a><a class=\"dt-pswp-item\" href=\"https:\/\/www.radiopiu.net\/wordpress\/wp-content\/uploads\/2020\/05\/fa1bf1ff-074a-4aa9-8f67-bfece9669373.jpg\" data-dt-img-description=\"\" data-large_image_width=\"648\" data-large_image_height=\"372\"><img loading=\"lazy\" decoding=\"async\" class=\"alignnone size-medium wp-image-138748\" src=\"https:\/\/www.radiopiu.net\/wordpress\/wp-content\/uploads\/2020\/05\/fa1bf1ff-074a-4aa9-8f67-bfece9669373-300x172.jpg\" alt=\"\" width=\"300\" height=\"172\" srcset=\"https:\/\/www.radiopiu.net\/wordpress\/wp-content\/uploads\/2020\/05\/fa1bf1ff-074a-4aa9-8f67-bfece9669373-300x172.jpg 300w, https:\/\/www.radiopiu.net\/wordpress\/wp-content\/uploads\/2020\/05\/fa1bf1ff-074a-4aa9-8f67-bfece9669373.jpg 648w\" sizes=\"auto, (max-width: 300px) 100vw, 300px\" \/><\/a><\/p>\n<p>&nbsp;<\/p>\n<p>&nbsp;<\/p>\n<hr \/>\n<p>&nbsp;<\/p>\n<blockquote>\n<h2><span style=\"color: #ff0000;\">LEGGI LA CONFERENZA STAMPA DI LUCA ZAIA<\/span><\/h2>\n<p><em>I nostri tecnici considerano la mascherina come salva vita, facciamo questo sacrificio per i prossimi 10 giorni. Ne abbiamo fatti tanti di sacrifici, ma questo non \u00e8 certo il maggiore. \u200bSabato notte\u00a0 \u00e8 saltata l&#8217;intesa perch\u00e9 non era praticabile e le Regioni non erano neppure in allegato, abbiamo incontrato Conte nella notte con Boccia e abbiamo chiuso la partita con un impegno formale per le riaperture con la valutazione epidemiologica.<\/em><\/p><\/blockquote>\n<p><strong>RIPARTENZA<\/strong> Motori al minimo, ma il Veneto \u00e8 partito anche se la giornata clou sar\u00e0 domani. Tante segnalazioni e richiesta di chiarimenti a partire dai <strong>MERCATI<\/strong> che sono autorizzati, tutti di ogni ordine e grado,\u00a0 con le linee guida, si va nella direzione del buon senso, dal mercatino dell&#8217;antiquariato a quello settimanale fino agli ambulanti. <strong>BUFFET CON NUOVE REGOLE<\/strong> Per i ristoranti stiamo lavorando a una norma ulteriore ma e&#8217; sufficiente il distanziamento di almeno 1 metro, uso di mascherina, guanti, igienizzanti, ricambio d&#8217;aria e privilegio delle aree esterne. Che i sindaci incentivino l&#8217;ampliamento dei plateatici anche in via temporanea. Vietati i buffet, ma poich\u00e9 apprezzata dai turisti faremo ora un&#8217;ordinanza in accordo con il dipartimento prevenzione, sar\u00e0 stile self service. Quindi formula buffet con servizio. <strong>CENTRI ESTIVI<\/strong> Stiamo lavorando con un&#8217;ultima ricognizione sulla scorta delle nostre linee guida, \u00e8 una partita da sbloccare per fine maggio primi giorni di giugno (tra il 25 maggio e il\u00a0 1 giugno). Anche dal Governo c&#8217;era la promessa di trattarlo in settimana ma \u00e8 gi\u00e0 stato inserito nel DPCM e questo ci aiuta, deduco che abbia fatto trovare un&#8217;intesa mentre la notte precedente il tema non \u00e8 stato affrontato. Si \u00e8 aperto un pertugio, i 150 milioni per i centri estivi, l&#8217;assessore ha pronte le linee guida e incontrato le realt\u00e0, ora dovremo mettere in fila tutto. Se siamo i primi andr\u00e0 meglio anche con i fondi stanziati. <strong>PARCHI E SPETTACOLI VIAGGIANTI\u00a0<\/strong> Con precise linee guida affronteremo anche questa partita, firmero&#8217; l&#8217;ordinanza in settimana.<strong> IPPICA<\/strong> Purtroppo devo ricordare che l&#8217;attivit\u00e0 sportiva agonistica non \u00e8 autorizzata, da nostre letture la corsa dei cavalli non e&#8217; ammessa ma stiamo facendo ulteriori approfondimenti. E&#8217; vero che in altre Regione si &#8220;corre&#8221; ma il decreto \u00e8 chiaro ammette solo sport individuali. <strong>DISPOSITIVI<\/strong> Arrivano molte segnalazioni di chi non usa la mascherina, affrontiamo questa nuova stagione con l&#8217;obbligo della mascherina non per regime ma perch\u00e9 la nostra \u00e8 un&#8217;apertura importante che va oltre il DPCM. Non vogliamo ossessionare, ma mettere in sicurezza i cittadini ed \u00e8 un atto di responsabilit\u00e0.<\/p>\n<h2><span style=\"color: #0000ff;\">DOMANDE\u00a0<\/span><\/h2>\n<p><strong>TRASPORTI<\/strong> In arrivo a ore un&#8217;ordinanza nel rispetto delle linee guida. Altre ordinanze in arrivo in settimana per gli spettacoli viaggianti e i centri estivi ammessi del DPCM.<\/p>\n<p><strong>CULTURA CENTRI SOCIALI<\/strong> Tutto quello che possiamo fare lo facciamo ma lasciateci il tempo di lavorare il DPCM ci viene contro, tutto quello che \u00e8 aggregazione \u00e8 vietato. sono per affrontare il tema in maniera paritetica cinema, teatro, centri sociali etc.<\/p>\n<p><strong>TRASPORTI PUBBLICI<\/strong>\u00a0 L&#8217;ordinanza \u00e8 pronta e stiamo stimolando le aziende per tornare in quota perch\u00e9 \u00e8 tutto aperto e bisogna garantire il servizio. Sar\u00e0 un&#8217;ordinanza stante le linee guida governativa.<\/p>\n<p><strong>LA PATENTE DI IMMUNITA&#8217;?\u00a0<\/strong> Si va avanti con la sperimentazione, non esiste un esame validato. Abbiamo avuto un problema nell&#8217;approviginamento dei kit.<\/p>\n<p><strong>PARCHI UTILIZZABILI ANCHE PER I MINORI CON GIOSTRINE, LA LANZARIN DICE INVECE CHE LE GIOSTRINE NON SONO AMMESSE.\u00a0<\/strong> Sar\u00e0 anche questa materia delle nuove ordinanze appena avremo le linee guida.<\/p>\n<p><strong>MANCANO I GUANTI INTROVABILI E COSTOSI<\/strong> Abbiamo avuto segnalazioni della difficolt\u00e0 di approvigionamento si \u00e8 poi aggiunto il quesito, se non li trovi non sono pi\u00f9 usa e getta. Abbiamo eliminato il guanto (non per gli operatori) sostituendolo con il gel igienizzante che \u00e8 sufficiente.<\/p>\n<p><strong>LAVORATORI DI CANTIERE SENZA MASCHERINA, VIENE SANZIONATO E CHI PAGA?<\/strong> La mascherina si usa quando non c&#8217;e&#8217; il distanziamento sul posto di lavoro. Oltre il metro non serve. Responsabilit\u00e0 invididuale e poi una collettiva del datore di lavoro che non le ha fornite. Mi sa che essendo in Italia la multa la pagano tutti due.<\/p>\n<p><strong>CHIUSO L&#8217;ACCORDO CON TRENTO EMILIA\u00a0 E FRIULI\u00a0<\/strong> regioni confinanti per la visita dei congiunti. Belluno potr\u00e0 spostarsi tra Trento e Udine. Con la Lombardia e Bolzano non c&#8217;\u00e8 nulla in piedi ne abbiamo solo parlato.<\/p>\n<p><strong>GRANDI POLI FIERISTICI DA VERONA A LONGARONE<\/strong> Abbiamo gi\u00e0 mandato due lettere per sollecitare il Governo ad un intervento straordinario per gli enti fieristici. Stiamo attendendo risposte, per noi sono elemento irrinunciabile, speriamo di riprendere la stagione nei prossimi mesi e tornare ai nostri calendari.<\/p>\n<p><strong>FISSATA L&#8217;ASTICELLA PER LA CHIUSURA?<\/strong> Tecnicamente ancora no, \u00e8 fondamentale pi\u00f9 che l&#8217;incremento i 7-8 giorni di incremento costante e la nascita di focolai sul territorio da circoscrivere. Ad ora non c&#8217;\u00e8 alcun allarme. Oggi l&#8217;emergenza terapie intensive non c&#8217;\u00e8 pi\u00f9.<\/p>\n<p><strong>DAL 2 GIUGNO TOGLIAMO LA MASCHERINA?<\/strong> Ce le porteremo dietro per un bel po&#8217;, negli ambienti chiusi e in presenza di altre persone.<\/p>\n<p><strong>SUPERMERCATI E CENTRI COMMERCIALI<\/strong> Sono stati chiusi in una fase emergenziale acuta che giustificava un intervento d&#8217;imperio. Ora non \u00e8 pi\u00f9 giustificata e non possiamo piu&#8217; scegliere di aprire o chiudere non \u00e8 nostra competenza. Lo dico alle commesse che mi chiedono.<\/p>\n<blockquote>\n<h2><span style=\"color: #ff0000;\">MANUELA LANZARIN<\/span><\/h2>\n<\/blockquote>\n<p><strong>CENTRI ESTIVI<\/strong> Avevano fatto le linee guida per le fasce 0-6 e 0-14, poi con le altre regioni in preparazione della parte politica. Avevamo concordato anche la parte 0-14,\u00a0 venerdi sera questa parte \u00e8 stata stralciata, il Governo ha chiesto di ritirarla. Sabato sera sono arrivate le linee guida del Ministro della famiglia Bonetti che parla di 3-14 anni e per i 0-3 strutture attrezzate sui parchi. Nel DPCM apertura 3-14 (dimenticano il 0-3) dal 15 giugno in poi. Questa settimana riprenderemo tutta la partita e poi vedremo<\/p>\n<p><strong>STRUTTURE PER ANZIANI:<\/strong> Ultimi 14 giorni, dato positivo continuando a fare screening grossa flessione ospiti positivi -1.9% (- 637) ospiti,\u00a0 operatori &#8211; 1.2 (- 368). Dato in miglioramento anche se le strutture rimangono sorvegliate speciali.<\/p>\n<p><a class=\"dt-pswp-item\" href=\"https:\/\/www.radiopiu.net\/wordpress\/wp-content\/uploads\/2020\/05\/092064d2-b434-4c1a-a49d-dd06956e92d8.jpg\" data-dt-img-description=\"\" data-large_image_width=\"1026\" data-large_image_height=\"220\"><img loading=\"lazy\" decoding=\"async\" class=\"alignnone wp-image-138163 size-large\" src=\"https:\/\/www.radiopiu.net\/wordpress\/wp-content\/uploads\/2020\/05\/092064d2-b434-4c1a-a49d-dd06956e92d8-1024x220.jpg\" alt=\"\" width=\"1024\" height=\"220\" srcset=\"https:\/\/www.radiopiu.net\/wordpress\/wp-content\/uploads\/2020\/05\/092064d2-b434-4c1a-a49d-dd06956e92d8-1024x220.jpg 1024w, https:\/\/www.radiopiu.net\/wordpress\/wp-content\/uploads\/2020\/05\/092064d2-b434-4c1a-a49d-dd06956e92d8-300x64.jpg 300w, https:\/\/www.radiopiu.net\/wordpress\/wp-content\/uploads\/2020\/05\/092064d2-b434-4c1a-a49d-dd06956e92d8-768x165.jpg 768w, https:\/\/www.radiopiu.net\/wordpress\/wp-content\/uploads\/2020\/05\/092064d2-b434-4c1a-a49d-dd06956e92d8.jpg 1026w\" sizes=\"auto, (max-width: 1024px) 100vw, 1024px\" \/><\/a><\/p>\n<p>https:\/\/www.facebook.com\/zaiaufficiale\/videos\/566252227626254<\/p>\n<p>&nbsp;<\/p>\n<p>&nbsp;<\/p>\n<hr \/>\n<p>&nbsp;<\/p>\n<blockquote>\n<h3 class=\"entry-title\">CURVE IN DICESA OTTIMISMO DELL\u2019AZIENDA SANITARIA. AGGIORNAMENTO ULSS 1 DOLOMITI CON IL DIRETTORE GENERALE ADRIANO RASI CALDOGNO<\/h3>\n<\/blockquote>\n<p>&nbsp;<\/p>\n<blockquote>\n<h2>LEGGI LA CONFERENZA STAMPA DI RASI CALDOGNO<\/h2>\n<\/blockquote>\n<p><strong>I NUMERI<\/strong>\u00a0Confermato l\u2019andamento positivo di tutte le curve in una settimana\u00a0 da 481 a 334 i positivi (-147), aumentano i negativi al tampone. Altro dato positivo la diminuzione dei soggetti in isolamento da\u00a0 843\u00a0 a 610 (-233). Da ieri la terapia intensiva non ospita pi\u00f9 nessun paziente, \u00e8 vuota. Pazienti in area non critica 8, negli ospedali di comunit\u00e0 19.\u00a0 Un quadro interessante e ci auguriamo che continui cos\u00ec. Sono nati 33 bambini e ieri vi sono stati presso il punto nascita di Feltre ben 10 nascite, evento bene augurante. Altro aspetto legato alla seconda fase.<\/p>\n<p><strong>ATTIVITA\u2019 OSPEALIERA\u00a0<\/strong>ripresa con\u00a0un 10% in pi\u00f9 delle prestazioni.\u00a0 Elettrocardiogrammi 6815 (+854) in aumento l\u2019attivit\u00e0 delle strutture, interventi chirurgici medesima crescita. Nel complesso 277 interventi con un incremento di 43 rispetto a sette giorni fa anche se il 14 maggio (Santo Patrono Feltre) un giorno di attivit\u00e0 in meno.<\/p>\n<p><strong>ACCESSI OSPEDALE<\/strong>\u00a0Caldogno ribadisce come si accede all\u2019ospedale, quai sono le modalit\u00e0 per le prenotazioni, potenziate le linee telefoniche dedicate, quindi non serve rivolgersi agli sportelli ma usare il telefono. Possibilit\u00e0 di pagare on line le prestazioni con il codice di prenotazione.<\/p>\n<p><strong>VISITE DEGENTI\u00a0<\/strong>Sospese nei reaparti covid, negli ospedali limitate a singoli casi in accordo con il personale ospedaliero e azienda sanitaria. Ostetricia consentito l\u2019accesso del padre rispettando le regole di protezione invididuale e distanziamento. Deve essere garantita la sicurezza dei degenti e del personale. I visitatori devono accedere altresi\u2019 con il massimo della sicurezza. Tutti i reparti forniscono ogni informazione riguardo all\u2019andamento delle degenze.<\/p>\n<p><strong>ATTIVITA\u2019 DI PREVENZIONE E SORVEGLIANZA<\/strong>\u00a0Continua, dall\u2019inizio della pandemia 27.515 tamponi, oltre 5000 l\u2019altra settimana fino a 700 al giorno anche rimanendo nella vettura. Continuano i test sierologici. Siamo una delle aziende con la percentuale pi\u00f9 elevata di controlli in regione Veneto, prima in Italia.<\/p>\n<p><strong>SCREENING NELLE CASE DI RIPOSO:<\/strong>\u00a04000 TAMPONI AI DIPENDENTI 3935 AGLI OSPITI, 7545 TEST SIEROLOGICI. NELLE 29 RESIDENZE PER NON AUTOSUFFICIENTI 76% (22) SONO ESENTI DA CASI, GLI OSPITI POSITIVI AMMONTANO AL 6,4% COME LA MEDIA REGIONALE<\/p>\n<p><strong>RIAPERTURA DI QUASI TUTTE LE ATTIVITA\u2019 SOSPESE DAI PRIMI DI MARZO<\/strong>\u00a0in osseguio al\u00a0 DPCM e ordinanza regionale. Si raccomanda l\u2019uso della mascherina oltre la propria abitazione, \u00e8 obbligatorio e le sanzioni sono significative dai 400 ai 3000 euro, un obbligo ben preciso.<\/p>\n<p>https:\/\/www.facebook.com\/RasiCaldognoUlssDolomiti\/videos\/569656960418479<\/p>\n<p>&nbsp;<\/p>\n<hr \/>\n<p>&nbsp;<\/p>\n<p>&nbsp;<\/p>\n<blockquote>\n<h3>&#8220;DE COCCIO&#8221;: LA SETTIMANA SI CHIUDE CON 22 SANZIONI E UNA DENUNCIA<\/h3>\n<\/blockquote>\n<p><strong>BELLUNO<\/strong> La Prefettura di Belluno ha distribuito i dati in base ai controlli effettuati in settimana sul contenimento del virus Covid-19. Dopo le sole 2 sanzioni inflitte nei primi 5 giorni della settimana, nel weekend sono 20 le multe (4 sabato e 16 domenica). Il totale dei 7 giorni \u00e8 di 3268 persone controllate e 22 sanzioni. Da segnalare nella giornata di domenica anche una denuncia. Nessuna sanzione nel fine settimana per quanto riguarda le attivit\u00e0 commerciali. Sono 6 i titolari sanzionati negli ultimi 7 giorni e nessun esercizio \u00e8 stato chiuso.<\/p>\n<p><a class=\"dt-pswp-item\" href=\"https:\/\/www.radiopiu.net\/wordpress\/wp-content\/uploads\/2020\/05\/MONITORAGGIO_SERVIZI_DI_CONTROLLO_-_SETTIMANA_DAL_11-05_AL_17-05.jpg\" data-dt-img-description=\"\" data-large_image_width=\"1240\" data-large_image_height=\"1754\"><img loading=\"lazy\" decoding=\"async\" class=\"alignnone wp-image-138565 \" src=\"https:\/\/www.radiopiu.net\/wordpress\/wp-content\/uploads\/2020\/05\/MONITORAGGIO_SERVIZI_DI_CONTROLLO_-_SETTIMANA_DAL_11-05_AL_17-05-724x1024.jpg\" alt=\"\" width=\"283\" height=\"400\" srcset=\"https:\/\/www.radiopiu.net\/wordpress\/wp-content\/uploads\/2020\/05\/MONITORAGGIO_SERVIZI_DI_CONTROLLO_-_SETTIMANA_DAL_11-05_AL_17-05-724x1024.jpg 724w, https:\/\/www.radiopiu.net\/wordpress\/wp-content\/uploads\/2020\/05\/MONITORAGGIO_SERVIZI_DI_CONTROLLO_-_SETTIMANA_DAL_11-05_AL_17-05-212x300.jpg 212w, https:\/\/www.radiopiu.net\/wordpress\/wp-content\/uploads\/2020\/05\/MONITORAGGIO_SERVIZI_DI_CONTROLLO_-_SETTIMANA_DAL_11-05_AL_17-05-768x1086.jpg 768w, https:\/\/www.radiopiu.net\/wordpress\/wp-content\/uploads\/2020\/05\/MONITORAGGIO_SERVIZI_DI_CONTROLLO_-_SETTIMANA_DAL_11-05_AL_17-05-1086x1536.jpg 1086w, https:\/\/www.radiopiu.net\/wordpress\/wp-content\/uploads\/2020\/05\/MONITORAGGIO_SERVIZI_DI_CONTROLLO_-_SETTIMANA_DAL_11-05_AL_17-05.jpg 1240w\" sizes=\"auto, (max-width: 283px) 100vw, 283px\" \/><\/a><\/p>\n<p>&nbsp;<\/p>\n<hr \/>\n<p>&nbsp;<\/p>\n<blockquote>\n<h3 class=\"entry-title\">COLPO DI SCENA: CASTRO NUOVO COMMISSARIO PER LA WANBAO, PER D\u2019INCA\u2019 LA MIGLIOR SCELTA PER IL RILANCIO<\/h3>\n<p><em class=\"photoswipe-wrapper\"><img loading=\"lazy\" decoding=\"async\" class=\"size-full wp-image-138757 alignleft jetpack-lazy-image jetpack-lazy-image--handled\" src=\"https:\/\/i2.wp.com\/www.radiopiu.net\/wordpress\/wp-content\/uploads\/2020\/05\/images-3.jpg?resize=300%2C168&amp;ssl=1\" alt=\"\" width=\"300\" height=\"168\" data-recalc-dims=\"1\" data-lazy-loaded=\"1\" \/>\u201cL\u2019indicazione di Maurizio Castro come commissario straordinario dell\u2019Acc Wanbao di Mel \u00e8 un\u2019ottima notizia per i dipendenti dello stabilimento, per il futuro dell\u2019azienda e per l\u2019intero territorio di Borgo Valbelluna. Adesso sar\u00e0 necessario individuare un nuovo piano di rilancio e sono sicuro che le competenze e l\u2019esperienza di Castro, a cui faccio i miei auguri, riusciranno a dare la giusta continuit\u00e0 ad un\u2019azienda strategica per il settore del freddo\u201d.<\/em><\/p><\/blockquote>\n<p>Lo afferma Federico D\u2019Inc\u00e0, Ministro per i Rapporti con il Parlamento, in seguito alla nomina da parte del Mise di Maurizio Castro come commissario straordinario di Acc Wanbao.\u00a0 \u201cIn questi mesi \u2013 prosegue D\u2019Inc\u00e0 \u2013 ho seguito con attenzione l\u2019evolversi di questa vicenda, nei passaggi che hanno portato all\u2019ammissione da parte del Tribunale di Venezia all\u2019amministrazione straordinaria, alla nomina del nuovo commissario straordinario. Ho sempre creduto nelle potenzialit\u00e0 dello stabilimento di Borgo Valbelluna e nell\u2019alta qualit\u00e0 del lavoro svolto grazie alla preparazione dei 290 dipendenti dell\u2019azienda. Dallo scorso mese di settembre mi sono impegnato, grazie anche a un\u2019attivit\u00e0 di sinergia istituzionale, per trovare una soluzione a questa vicenda: dai tavoli al Ministero dello Sviluppo Economico con l\u2019azienda e i sindacati, a quello con l\u2019Ambasciatore Cinese in Italia a cui avevo espresso la forte sensibilit\u00e0 del nostro Governo sulla situazione dello stabilimento, con un\u2019attenzione da parte del Presidente del Consiglio Conte e del Ministro dello Sviluppo Economico Patuanelli\u201d.<\/p>\n<blockquote><p><em>\u201cRingrazio tutti coloro che hanno lavorato incessantemente per garantire un futuro all\u2019Acc, in particolare il Ministro Patuanelli e la commissaria giudiziale De Pasquale. Continuo a rinnovare la mia vicinanza ai dipendenti dell\u2019azienda di Mel: conosco personalmente molti di loro e soprattutto conosco i loro sacrifici fatti sia in passato sia negli ultimi mesi. C\u2019\u00e8 ancora bisogno di rimanere uniti nell\u2019interesse di un sito fondamentale per il territorio e per l\u2019intera industria frigorifera, con una sinergia tra istituzioni, sindacati e il nuovo commissario straordinario\u201d. <\/em><br \/>\n<em>Il Ministro D\u2019Inc\u00e0 osserva che \u201cil bellunese e il Veneto devono ripartire con forza. Sto seguendo la situazione legata allo stabilimento dell\u2019Ideal Standard e sono in contatto con l\u2019azienda e i sindacati anche per questa vicenda\u201d.<\/em><\/p><\/blockquote>\n<p>Infine D\u2019Inc\u00e0 precisa che \u201crispetto alle parole, io sono abituato a rispondere con i fatti, come in questo caso: vorrei ricordare all\u2019onorevole De Carlo che le problematiche si risolvono con il lavoro e con il dialogo, non con le polemiche sugli organi di stampa, soprattutto se non si partecipa mai ai tavoli istituzionali\u201d.<\/p>\n<p>&nbsp;<\/p>\n<hr \/>\n<p>&nbsp;<\/p>\n<blockquote>\n<h3>WANBAO ACC: CASTRO COMMISSARIO STRAORDINARIO, DONAZZAN \u201cLA PERSONA GIUSTA AL POSTO GIUSTO\u201d<\/h3>\n<\/blockquote>\n<p><strong><a class=\"dt-pswp-item\" href=\"https:\/\/www.radiopiu.net\/wordpress\/wp-content\/uploads\/2020\/04\/DONAZZAN-1.jpg\" data-dt-img-description=\"\" data-large_image_width=\"2048\" data-large_image_height=\"2048\"><img loading=\"lazy\" decoding=\"async\" class=\" wp-image-133654 alignleft\" src=\"https:\/\/www.radiopiu.net\/wordpress\/wp-content\/uploads\/2020\/04\/DONAZZAN-1-300x300.jpg\" alt=\"\" width=\"183\" height=\"183\" srcset=\"https:\/\/www.radiopiu.net\/wordpress\/wp-content\/uploads\/2020\/04\/DONAZZAN-1-300x300.jpg 300w, https:\/\/www.radiopiu.net\/wordpress\/wp-content\/uploads\/2020\/04\/DONAZZAN-1-1024x1024.jpg 1024w, https:\/\/www.radiopiu.net\/wordpress\/wp-content\/uploads\/2020\/04\/DONAZZAN-1-150x150.jpg 150w, https:\/\/www.radiopiu.net\/wordpress\/wp-content\/uploads\/2020\/04\/DONAZZAN-1-768x768.jpg 768w, https:\/\/www.radiopiu.net\/wordpress\/wp-content\/uploads\/2020\/04\/DONAZZAN-1-1536x1536.jpg 1536w, https:\/\/www.radiopiu.net\/wordpress\/wp-content\/uploads\/2020\/04\/DONAZZAN-1.jpg 2048w\" sizes=\"auto, (max-width: 183px) 100vw, 183px\" \/><\/a>VENEZIA\u00a0<\/strong>\u201c<em>Apprendiamo con soddisfazione la notizia circa l\u2019indicazione da parte del MISE di Maurizio Castro come commissario straordinario di Wanbao Acc di Borgo Valbelluna.<span class=\"Apple-converted-space\">\u00a0 <\/span>Come gi\u00e0 espresso, si tratta della persona giusta al posto giusto, in considerazione del percorso di gestione della crisi effettuato in questi mesi e vista la profonda conoscenza da parte del manager della storia dell\u2019ex Zanussi di Mel e la sua esperienza in campo<\/em>\u201d. Questo il commento dell\u2019assessore al lavoro della regione Veneto, Elena Donazzan, all\u2019anticipazione della nomina di Castro da parte del ministro per i rapporti con il Parlamento\u00a0\u201c<em>La Regione Veneto \u2013 dichiara l\u2019assessore &#8211; ha seguito e continuer\u00e0 a seguire da vicino la vicenda, in stretto raccordo con tutte le parti sociali e istituzionali. E gi\u00e0 domani parteciper\u00e0 al tavolo ministeriale di approfondimento sulle prospettive di rilancio industriale del sito nei mercati internazionali<\/em>\u201d.<\/p>\n<p>&nbsp;<\/p>\n<p>&nbsp;<\/p>\n<hr \/>\n<p>&nbsp;<\/p>\n<blockquote>\n<h3>MAURIZIO CASTRO COMMISSARIO WANBAO ACC. DE CARLO: \u201cVITTORIA DEI LAVORATORI. SI \u00c8 RIMEDIATO A UN ERRORE GRAVISSIMO\u201d<\/h3>\n<\/blockquote>\n<p><strong><a class=\"dt-pswp-item\" href=\"https:\/\/www.radiopiu.net\/wordpress\/wp-content\/uploads\/2020\/05\/Luca-De-Carlo.jpg\" data-dt-img-description=\"\" data-large_image_width=\"165\" data-large_image_height=\"228\"><img loading=\"lazy\" decoding=\"async\" class=\"size-full wp-image-138787 alignleft\" src=\"https:\/\/www.radiopiu.net\/wordpress\/wp-content\/uploads\/2020\/05\/Luca-De-Carlo.jpg\" alt=\"\" width=\"165\" height=\"228\" \/><\/a>ROMA<\/strong> \u201c<em>Hanno vinto tutti, hanno vinto soprattutto i lavoratori dell&#8217;ex Zanussi. Si \u00e8 rimediato a un errore gravissimo che poteva pregiudicare il futuro dello stabilimento di Mel e di centinaia di posti di lavoro<\/em>\u201d: il deputato di Fratelli d&#8217;Italia, Luca De Carlo, commenta cos\u00ec la nomina di Maurizio Castro a commissario straordinario dell&#8217;ACC Wanbao di Borgo Valbelluna, comunicata in serata dal Ministero dello Sviluppo Economico.\u00a0\u201c<em>Si \u00e8 perso del tempo prezioso quando si \u00e8 scelto di nominare come commissario giudiziario un altro professionista, che certamente non pu\u00f2 competere con l&#8217;esperienza, i contatti e le conoscenze del settore che ha Castro\u201d, sottolinea De Carlo. \u201cQuella di Castro \u00e8 la miglior scelta possibile: lo abbiamo sempre sostenuto, e con noi i lavoratori e i sindacati, che con lui hanno vissuto tutte le battaglie pi\u00f9 importanti dello stabilimento zummellese. A lui vanno i migliori auguri di buon lavoro e un in bocca al lupo per tutte le sfide che il mercato e la crisi post Coronavirus gli porranno davanti\u201d<\/em>.<\/p>\n<p>&nbsp;<\/p>\n<p>&nbsp;<\/p>\n<hr \/>\n<p>&nbsp;<\/p>\n<h2>MANUELA LANZARIN FA IL PUNTO SUI CENTRI ESTIVI E SUI TAMPONI NELLE RSA<\/h2>\n<p><strong><a class=\"dt-pswp-item\" href=\"https:\/\/www.radiopiu.net\/wordpress\/wp-content\/uploads\/2020\/04\/MANUELA-LANZARIN.jpg\" data-dt-img-description=\"\" data-large_image_width=\"639\" data-large_image_height=\"480\"><img loading=\"lazy\" decoding=\"async\" class=\"wp-image-133951 alignleft\" src=\"https:\/\/www.radiopiu.net\/wordpress\/wp-content\/uploads\/2020\/04\/MANUELA-LANZARIN-300x225.jpg\" alt=\"\" width=\"151\" height=\"113\" srcset=\"https:\/\/www.radiopiu.net\/wordpress\/wp-content\/uploads\/2020\/04\/MANUELA-LANZARIN-300x225.jpg 300w, https:\/\/www.radiopiu.net\/wordpress\/wp-content\/uploads\/2020\/04\/MANUELA-LANZARIN.jpg 639w\" sizes=\"auto, (max-width: 151px) 100vw, 151px\" \/><\/a>CENTRI ESTIVI<\/strong><\/p>\n<p>Avevano fatto le linee guida per le fasce 0-6 e 0-14, poi con le altre regioni in preparazione della parte politica. Avevamo concordato anche la parte 0-14,\u00a0 venerdi sera questa parte \u00e8 stata stralciata, il Governo ha chiesto di ritirarla. Sabato sera sono arrivate le linee guida del Ministro della famiglia Bonetti che parla di 3-14 anni e per i 0-3 strutture attrezzate sui parchi. Nel DPCM apertura 3-14 (dimenticano il 0-3) dal 15 giugno in poi. Questa settimana riprenderemo tutta la partita e poi vedremo<\/p>\n<audio class=\"wp-audio-shortcode\" id=\"audio-138567-1\" preload=\"none\" style=\"width: 100%;\" controls=\"controls\"><source type=\"audio\/mpeg\" src=\"https:\/\/www.radiopiu.net\/wordpress\/wp-content\/uploads\/2020\/05\/LANZARIN-CENTRI-ESTIVI-3.mp3?_=1\" \/><a href=\"https:\/\/www.radiopiu.net\/wordpress\/wp-content\/uploads\/2020\/05\/LANZARIN-CENTRI-ESTIVI-3.mp3\">https:\/\/www.radiopiu.net\/wordpress\/wp-content\/uploads\/2020\/05\/LANZARIN-CENTRI-ESTIVI-3.mp3<\/a><\/audio>\n<p>&nbsp;<\/p>\n<p><strong>STRUTTURE PER ANZIANI<\/strong><\/p>\n<p>Ultimi 14 giorni, dato positivo continuando a fare screening grossa flessione ospiti positivi -1.9% (- 637) ospiti,\u00a0 operatori \u2013 1.2 (- 368). Dato in miglioramento anche se le strutture rimangono sorvegliate speciali.<\/p>\n<audio class=\"wp-audio-shortcode\" id=\"audio-138567-2\" preload=\"none\" style=\"width: 100%;\" controls=\"controls\"><source type=\"audio\/mpeg\" src=\"https:\/\/www.radiopiu.net\/wordpress\/wp-content\/uploads\/2020\/05\/LANZARIN-RSA-1.mp3?_=2\" \/><a href=\"https:\/\/www.radiopiu.net\/wordpress\/wp-content\/uploads\/2020\/05\/LANZARIN-RSA-1.mp3\">https:\/\/www.radiopiu.net\/wordpress\/wp-content\/uploads\/2020\/05\/LANZARIN-RSA-1.mp3<\/a><\/audio>\n<p>&nbsp;<\/p>\n<hr \/>\n<p>&nbsp;<\/p>\n<p>&nbsp;<\/p>\n<blockquote>\n<h3>PRIMA INFANZIA: LANZARIN, \u201c4,5 MLN IN PI\u00d9 PER NIDI E SCUOLE MATERNE NON STATALI. DALLA REGIONE FONDI AGGIUNTIVI PER AIUTARNE LA RIAPERTURA\u201d<\/h3>\n<\/blockquote>\n<p><strong>VENEZIA<\/strong>\u00a0La Giunta regionale del Veneto, ha stanziato su proposta dell\u2019assessore regionale alla sanit\u00e0 e al sociale Manuela Lanzarin, 4,5 milioni di fondi aggiuntivi per i nidi e le scuole dell\u2019infanzia non statali. Una integrazione rispetto ai 31 milioni di risorse proprie gi\u00e0 stanziati per il 2020 per scuole paritarie e servizi educativi per i bambini da 0 a 6 anni.\u00a0\u201c<em>Si tratta di un aiuto previsto in via straordinaria \u2013 spiega l\u2019assessore \u2013con la variazione di bilancio approvata dal Consiglio, al fine di evitare che i servizi per la prima infanzia, chiusi da fine febbraio, non riescano a fronteggiare le spese del lockdown e non riaprano pi\u00f9. In questo periodo, nonostante la chiusura, hanno dovuto far fronte agli oneri strutturali e al costo del personale, senza poter contare sulle rette delle famiglie. Con questo contributo aggiuntivo cerchiamo di garantire la continuit\u00e0 di tutti i servizi per la fascia 0-6 anni, in modo di creare le condizioni anche per una loro possibile e parziale apertura estiva a supporto dei bisogni di socializzazione dei pi\u00f9 piccoli e delle famiglie<\/em>\u201d.\u00a0Il fondo aggiuntivo \u00e8 ripartito a met\u00e0 tra nidi e scuole dell\u2019infanzia. Per le scuole dell\u2019infanzia non statali i 2,25 mln verranno erogati con gli stessi criteri dei 16,5 milioni di contributi gi\u00e0 anticipati ad inizio anno e gi\u00e0 accreditati alle singole scuole: il decreto \u00e8 gi\u00e0 stato predisposto e sar\u00e0 pubblicato a breve. Per quanto riguarda i nidi, i gestori delle strutture dovevano presentare la documentazione richiesta per accedere al contributo regionale annuale ordinario entro il 30 aprile; ora gli uffici regionali hanno raccolto i dati delle ultime strutture e procederanno a liquidare in un\u2019unica soluzione le quote di spettanza pi\u00f9 il contributo straordinario per complessivi 18,75 mln.<\/p>\n<p>&nbsp;<\/p>\n<p>&nbsp;<\/p>\n<hr \/>\n<p>&nbsp;<\/p>\n<blockquote>\n<h3>BIGON (PD): \u201cFASE-2, MULTE TROPPO SALATE: MENOMALE CHE ZAIA SI FIDA DEI VENETI!\u201d<\/h3>\n<\/blockquote>\n<p><strong><a class=\"dt-pswp-item\" href=\"https:\/\/www.radiopiu.net\/wordpress\/wp-content\/uploads\/2018\/11\/PD.png\" data-dt-img-description=\"\" data-large_image_width=\"226\" data-large_image_height=\"182\"><img loading=\"lazy\" decoding=\"async\" class=\" wp-image-67744 alignleft\" src=\"https:\/\/www.radiopiu.net\/wordpress\/wp-content\/uploads\/2018\/11\/PD.png\" alt=\"\" width=\"181\" height=\"146\" \/><\/a>VENEZIA<\/strong> \u201c<em>Multare fino a 3000 euro chi viene trovato senza mascherina \u00e8 spropositato: menomale che Zaia si fida dei veneti\u201d. <\/em>Cos\u00ec Anna Maria Bigon, consigliera regionale del Partito Democratico, commenta la nuova ordinanza del presidente del Veneto emanata ieri, con particolare riferimento all\u2019obbligo di indossare anche all\u2019aperto le mascherine<em>. \u201cSe i veneti, come dice, hanno sempre rispettato le regole, dato l\u2019esempio, perch\u00e9 stabilire sanzioni altissime, da 400 a 3000 euro? Se c\u2019\u00e8 bisogno di un deterrente cos\u00ec forte per impaurire, evidentemente non si fida poi molto<\/em>\u201d.\u00a0Ma l\u2019esponente dem veronese sottolinea, al di l\u00e0 dell\u2019importo delle multe, contesta anche la scarsa chiarezza dell\u2019ordinanza: \u201c<em>Un solo esempio: al punto B \u2018Spostamenti personali e attivit\u00e0 individuali\u2019, secondo comma, vengono vietati assembramenti tra non conviventi in luoghi pubblici e privati. Quindi una cena tra amici, in casa privata, \u00e8 vietata anche se viene garantito il mantenimento della distanza interpersonale di sicurezza di un metro? L\u2019ordinanza non fa chiarezza e sar\u00e0 difficile darne un\u2019applicazione uniforme, lasciando tutto alla discrezionalit\u00e0 dei singoli<\/em>\u201d.<\/p>\n<p>&nbsp;<\/p>\n<p>&nbsp;<\/p>\n<hr \/>\n<p>&nbsp;<\/p>\n<blockquote>\n<h3>VENETO ESCLUSO DAI FONDI ZONE ROSSE. DE CARLO: \u201cERRORE IMPERDONABILE. DAREMO BATTAGLIA IN PARLAMENTO\u201d<\/h3>\n<\/blockquote>\n<p><strong><a class=\"dt-pswp-item\" href=\"https:\/\/www.radiopiu.net\/wordpress\/wp-content\/uploads\/2019\/03\/DE-CARLO.jpg\" data-dt-img-description=\"\" data-large_image_width=\"471\" data-large_image_height=\"471\"><img loading=\"lazy\" decoding=\"async\" class=\" wp-image-78825 alignleft\" src=\"https:\/\/www.radiopiu.net\/wordpress\/wp-content\/uploads\/2019\/03\/DE-CARLO-300x300.jpg\" alt=\"\" width=\"176\" height=\"176\" srcset=\"https:\/\/www.radiopiu.net\/wordpress\/wp-content\/uploads\/2019\/03\/DE-CARLO-300x300.jpg 300w, https:\/\/www.radiopiu.net\/wordpress\/wp-content\/uploads\/2019\/03\/DE-CARLO-150x150.jpg 150w, https:\/\/www.radiopiu.net\/wordpress\/wp-content\/uploads\/2019\/03\/DE-CARLO.jpg 471w\" sizes=\"auto, (max-width: 176px) 100vw, 176px\" \/><\/a>ROMA<\/strong> 200 milioni di euro per le \u201czone rosse\u201d della Lombardia, zero per il Veneto: monta la rabbia nei comuni messi in ginocchio dall&#8217;epidemia e ignorati del \u201cDecreto Rilancio\u201d. Il deputato e coordinatore regionale di Fratelli d&#8217;Italia, Luca De Carlo, raccoglie il grido di dolore del suo territorio e si dichiara pronto a portarlo in Parlamento: \u201c<em>Errore, dimenticanza o scelta precisa, \u00e8 comunque un fatto imperdonabile. Parliamo di una regione che ha visto comuni chiusi e presidiati come quello di Vo, che ha visto l&#8217;istituzione di una zona rossa che ha interessato tre province \u2013 Treviso, Padova e Venezia &#8211; e che nel corso degli ultimi due mesi ha visto la perdita di oltre 50mila posti di lavoro, oltre 6mila a settimana. Come ci si pu\u00f2 permettere di ignorare una situazione simile? Quando il decreto arriver\u00e0 in aula per la conversione in legge, daremo battaglia per dare ai nostri comuni il giusto aiuto per ripartire<\/em>\u201d.\u00a0De Carlo ringrazia \u201c<em>i tanti amministratori di Fratelli d&#8217;Italia nei comuni del Veneto che hanno segnalato questa gravissima situazione. Da sindaco, non posso che fare mie le loro preoccupazioni e la loro denuncia: il virus ha messo in ginocchio l&#8217;economia e gli enti locali, ma non lasceremo che questo governo ci seppellisca per sempre<\/em>\u201d.<\/p>\n<p>&nbsp;<\/p>\n<p>&nbsp;<\/p>\n<hr \/>\n<p>&nbsp;<\/p>\n<blockquote>\n<h3>FASE 2 PER GLI IMPIANTI DI RISALITA \u2013 MINELLA (ANEF): \u201cRIPARTIAMO IN TOTALE SICUREZZA. GRAZIE ALLA REGIONE VENETO PER IL COSTANTE CONFRONTO. CON NOI RIPARTE LA MONTAGNA\u201d<\/h3>\n<\/blockquote>\n<p><strong><a class=\"dt-pswp-item\" href=\"https:\/\/www.radiopiu.net\/wordpress\/wp-content\/uploads\/2017\/08\/renzo-minella-presidente-dolomiti-turismo.jpg\" data-dt-img-description=\"\" data-large_image_width=\"190\" data-large_image_height=\"270\"><img loading=\"lazy\" decoding=\"async\" class=\"size-full wp-image-36028 alignleft\" src=\"https:\/\/www.radiopiu.net\/wordpress\/wp-content\/uploads\/2017\/08\/renzo-minella-presidente-dolomiti-turismo.jpg\" alt=\"\" width=\"190\" height=\"270\" \/><\/a>BELLUNO<\/strong>\u00a0\u201c<em>Ripartiamo in totale sicurezza e con il massimo senso di responsabilit\u00e0, lo stesso che abbiamo dimostrato fin dall\u2019inizio dell\u2019emergenza Covid-19. Siamo carichi di energia e convinti che la stagione si possa e si debba salvare. Con noi riparte tutta la montagna veneta<\/em>\u201d.\u00a0A dirlo \u00e8 Renzo Minella, presidente di Anef Veneto, l\u2019associazione degli impiantisti che ha sede in Confindustria Belluno Dolomiti, nel primo giorno della \u201cfase 2\u201d per il comparto.\u00a0\u201c<em>La nuova ordinanza regionale ci consente di riprendere la nostra attivit\u00e0 nel rispetto della salute di tutti, operatori e fruitori del servizio\u201d, rimarca Minella. \u201cSi tratta di un provvedimento nato dal confronto quotidiano con le parti istituzionali, in particolare con la Regione del Veneto. Nel governatore Luca Zaia e nell\u2019assessore al turismo Federico Caner abbiamo trovato interlocutori affidabili e sempre pronti al dialogo. Ci siamo mossi nei tempi, studiando norme e comportamenti, e questo ci consente di essere uno dei primi territori in Italia a poter ripartire e programmare la stagione accanto a tutti gli altri operatori del turismo montano<\/em>\u201d.\u00a0\u201c<em>Il confronto \u00e8 stato periodico anche con la struttura dell\u2019Ulss 1 Dolomiti guidata dal direttore generale Adriano Rasi Caldogno\u201d, sottolinea Minella. \u201cI dati sanitari sono sempre stati per noi la base di ogni ragionamento<\/em>\u201d.\u00a0Insomma, regole chiare per una stagione al via tra mille incognite: \u201c<em>Siamo pronti a fare la nostra parte promuovendo buone pratiche e sensibilizzando i fruitori di tutta la montagna convinti che proprio la montagna possa essere la meta ideale per lasciarsi alle spalle mesi di quarantena<\/em>\u201d, sottolinea il presidente di Anef Veneto. \u201c<em>Come operatori saremo i primi a rispettare le regole e a farle rispettare. Nessuno, infatti, pu\u00f2 permettersi un altro lockdown<\/em>\u201d.\u00a0\u201c<em>Ripartire per noi oggi ha mille significati: con noi ripartono idealmente la montagna e il turismo, comparto cruciale per tutto il Veneto, ma riparte anche la voglia di futuro, quindi Mondiali di sci a Cortina e Olimpiadi 2026, sfide che vogliamo vincere per noi e per il nostro territorio, oggi pi\u00f9 che mai<\/em>\u201d, la conclusione di Minella.<\/p>\n<p><strong>RENZO MINELLA PRESIDENTE DI ANEF VENETO<\/strong><\/p>\n<audio class=\"wp-audio-shortcode\" id=\"audio-138567-3\" preload=\"none\" style=\"width: 100%;\" controls=\"controls\"><source type=\"audio\/mpeg\" src=\"https:\/\/www.radiopiu.net\/wordpress\/wp-content\/uploads\/2020\/05\/RENZO-MINELLA-IMPIANTI-1.mp3?_=3\" \/><a href=\"https:\/\/www.radiopiu.net\/wordpress\/wp-content\/uploads\/2020\/05\/RENZO-MINELLA-IMPIANTI-1.mp3\">https:\/\/www.radiopiu.net\/wordpress\/wp-content\/uploads\/2020\/05\/RENZO-MINELLA-IMPIANTI-1.mp3<\/a><\/audio>\n<p>&nbsp;<\/p>\n<hr \/>\n<p>&nbsp;<\/p>\n<blockquote>\n<h3>IERI INTERVENTO DEI VIGILI DEL FUOCO PER UN INCIDENTE<\/h3>\n<\/blockquote>\n<p><strong><a class=\"dt-pswp-item\" href=\"https:\/\/www.radiopiu.net\/wordpress\/wp-content\/uploads\/2020\/05\/incidente-safforze.jpg\" data-dt-img-description=\"\" data-large_image_width=\"1280\" data-large_image_height=\"720\"><img loading=\"lazy\" decoding=\"async\" class=\" wp-image-138751 alignleft\" src=\"https:\/\/www.radiopiu.net\/wordpress\/wp-content\/uploads\/2020\/05\/incidente-safforze-300x169.jpg\" alt=\"\" width=\"236\" height=\"133\" srcset=\"https:\/\/www.radiopiu.net\/wordpress\/wp-content\/uploads\/2020\/05\/incidente-safforze-300x169.jpg 300w, https:\/\/www.radiopiu.net\/wordpress\/wp-content\/uploads\/2020\/05\/incidente-safforze-1024x576.jpg 1024w, https:\/\/www.radiopiu.net\/wordpress\/wp-content\/uploads\/2020\/05\/incidente-safforze-768x432.jpg 768w, https:\/\/www.radiopiu.net\/wordpress\/wp-content\/uploads\/2020\/05\/incidente-safforze.jpg 1280w\" sizes=\"auto, (max-width: 236px) 100vw, 236px\" \/><\/a>BELLUNO<\/strong> I Vigili Del Fuoco di Belluno sono intervenuti ieri mattina alle 11:10 in localit\u00e0 Safforze per un incidente. Un furgone, uscito autonomamente abbattendo un lampione. Nessun ferito.<\/p>\n<p>&nbsp;<\/p>\n<div id=\"articleToolBar\">\n<div id=\"articleToolBarContent\">\n<div id=\"articleZoomIn\" class=\"articleToolBarButton firstHover\"><b>LONGARONE <\/b>Un motociclista cade e finisce sotto la sua moto, un longaronese di 64 anni, che si stava immettendo sull&#8217;Alemagna, dopo aver fatto rifornimento alla pompa di benzina del Quattro Valli a Longarone.M.D.V.\u00a0 \u00e8 stato\u00a0 trasportato al San Martino di Belluno. L&#8217;uomo \u00e8 stato dimesso in serata.<\/div>\n<div><\/div>\n<div class=\"articleToolBarButton firstHover\"><strong>BELLUNO<\/strong>\u00a0 Tamponamento a tre sul ponte degli Alpini: nessun ferito, ma traffico in tilt in tutta la zona della Cerva e della rotatoria di via Medaglie d&#8217;Oro, oltre l&#8217;innesto da Cavarzano, due veicoli\u00a0 incidentati\u00a0 un furgone Bo-frost\u00a0 e un pick up, che ha subito i maggiori danni.<\/div>\n<\/div>\n<\/div>\n<p>&nbsp;<\/p>\n<hr \/>\n<p>&nbsp;<\/p>\n<blockquote>\n<h3>IL CONSIGLIO DELL&#8217;UNIONE MONTANA AGORDINA<\/h3>\n<\/blockquote>\n<p>di Gianni Santomaso<\/p>\n<audio class=\"wp-audio-shortcode\" id=\"audio-138567-4\" preload=\"none\" style=\"width: 100%;\" controls=\"controls\"><source type=\"audio\/mpeg\" src=\"https:\/\/www.radiopiu.net\/wordpress\/wp-content\/uploads\/2020\/05\/GIANNI-UNIONE-MONTANA.mp3?_=4\" \/><a href=\"https:\/\/www.radiopiu.net\/wordpress\/wp-content\/uploads\/2020\/05\/GIANNI-UNIONE-MONTANA.mp3\">https:\/\/www.radiopiu.net\/wordpress\/wp-content\/uploads\/2020\/05\/GIANNI-UNIONE-MONTANA.mp3<\/a><\/audio>\n<p>&nbsp;<\/p>\n<p><strong>LA FOTOGALLERY DELLA SERATA<\/strong><\/p>\n\n\t\t\t<style type='text\/css'>\n\t\t\t\t#gallery-1 {\n\t\t\t\t\tmargin: auto;\n\t\t\t\t}\n\t\t\t\t#gallery-1 .gallery-item {\n\t\t\t\t\tfloat: left;\n\t\t\t\t\tmargin-top: 10px;\n\t\t\t\t\ttext-align: center;\n\t\t\t\t\twidth: 33%;\n\t\t\t\t}\n\t\t\t\t#gallery-1 img {\n\t\t\t\t\tborder: 2px solid #cfcfcf;\n\t\t\t\t}\n\t\t\t\t#gallery-1 .gallery-caption {\n\t\t\t\t\tmargin-left: 0;\n\t\t\t\t}\n\t\t\t\t\/* see gallery_shortcode() in wp-includes\/media.php *\/\n\t\t\t<\/style>\n\t\t<div id='gallery-1' class='dt-gallery-container gallery galleryid-138567 gallery-columns-3 gallery-size-medium'><dl class='gallery-item'>\n\t\t\t\t<dt class='gallery-icon landscape'>\n\t\t\t\t\t<a class=\"rollover\" href='https:\/\/www.radiopiu.net\/wordpress\/il-consiglio-dellunione-montana-agordina\/23d1216d-f212-4fb7-a575-06e1b083d416\/'><img loading=\"lazy\" decoding=\"async\" width=\"300\" height=\"169\" src=\"https:\/\/www.radiopiu.net\/wordpress\/wp-content\/uploads\/2020\/05\/23d1216d-f212-4fb7-a575-06e1b083d416-300x169.jpg\" class=\"attachment-medium size-medium\" alt=\"\" srcset=\"https:\/\/www.radiopiu.net\/wordpress\/wp-content\/uploads\/2020\/05\/23d1216d-f212-4fb7-a575-06e1b083d416-300x169.jpg 300w, https:\/\/www.radiopiu.net\/wordpress\/wp-content\/uploads\/2020\/05\/23d1216d-f212-4fb7-a575-06e1b083d416-1024x577.jpg 1024w, https:\/\/www.radiopiu.net\/wordpress\/wp-content\/uploads\/2020\/05\/23d1216d-f212-4fb7-a575-06e1b083d416-768x432.jpg 768w, https:\/\/www.radiopiu.net\/wordpress\/wp-content\/uploads\/2020\/05\/23d1216d-f212-4fb7-a575-06e1b083d416-1536x865.jpg 1536w, https:\/\/www.radiopiu.net\/wordpress\/wp-content\/uploads\/2020\/05\/23d1216d-f212-4fb7-a575-06e1b083d416.jpg 1600w\" sizes=\"auto, (max-width: 300px) 100vw, 300px\" \/><\/a>\n\t\t\t\t<\/dt><\/dl><dl class='gallery-item'>\n\t\t\t\t<dt class='gallery-icon landscape'>\n\t\t\t\t\t<a class=\"rollover\" href='https:\/\/www.radiopiu.net\/wordpress\/il-consiglio-dellunione-montana-agordina\/b720e331-2976-426c-ba52-39930f428d20\/'><img loading=\"lazy\" decoding=\"async\" width=\"300\" height=\"169\" src=\"https:\/\/www.radiopiu.net\/wordpress\/wp-content\/uploads\/2020\/05\/b720e331-2976-426c-ba52-39930f428d20-300x169.jpg\" class=\"attachment-medium size-medium\" alt=\"\" srcset=\"https:\/\/www.radiopiu.net\/wordpress\/wp-content\/uploads\/2020\/05\/b720e331-2976-426c-ba52-39930f428d20-300x169.jpg 300w, https:\/\/www.radiopiu.net\/wordpress\/wp-content\/uploads\/2020\/05\/b720e331-2976-426c-ba52-39930f428d20-1024x577.jpg 1024w, https:\/\/www.radiopiu.net\/wordpress\/wp-content\/uploads\/2020\/05\/b720e331-2976-426c-ba52-39930f428d20-768x432.jpg 768w, https:\/\/www.radiopiu.net\/wordpress\/wp-content\/uploads\/2020\/05\/b720e331-2976-426c-ba52-39930f428d20-1536x865.jpg 1536w, https:\/\/www.radiopiu.net\/wordpress\/wp-content\/uploads\/2020\/05\/b720e331-2976-426c-ba52-39930f428d20.jpg 1600w\" sizes=\"auto, (max-width: 300px) 100vw, 300px\" \/><\/a>\n\t\t\t\t<\/dt><\/dl><dl class='gallery-item'>\n\t\t\t\t<dt class='gallery-icon landscape'>\n\t\t\t\t\t<a class=\"rollover\" href='https:\/\/www.radiopiu.net\/wordpress\/il-consiglio-dellunione-montana-agordina\/14a726ff-1757-4553-9406-b1d4a6e0cb0a\/'><img loading=\"lazy\" decoding=\"async\" width=\"300\" height=\"169\" src=\"https:\/\/www.radiopiu.net\/wordpress\/wp-content\/uploads\/2020\/05\/14a726ff-1757-4553-9406-b1d4a6e0cb0a-300x169.jpg\" class=\"attachment-medium size-medium\" alt=\"\" srcset=\"https:\/\/www.radiopiu.net\/wordpress\/wp-content\/uploads\/2020\/05\/14a726ff-1757-4553-9406-b1d4a6e0cb0a-300x169.jpg 300w, https:\/\/www.radiopiu.net\/wordpress\/wp-content\/uploads\/2020\/05\/14a726ff-1757-4553-9406-b1d4a6e0cb0a-1024x577.jpg 1024w, https:\/\/www.radiopiu.net\/wordpress\/wp-content\/uploads\/2020\/05\/14a726ff-1757-4553-9406-b1d4a6e0cb0a-768x432.jpg 768w, https:\/\/www.radiopiu.net\/wordpress\/wp-content\/uploads\/2020\/05\/14a726ff-1757-4553-9406-b1d4a6e0cb0a-1536x865.jpg 1536w, https:\/\/www.radiopiu.net\/wordpress\/wp-content\/uploads\/2020\/05\/14a726ff-1757-4553-9406-b1d4a6e0cb0a.jpg 1600w\" sizes=\"auto, (max-width: 300px) 100vw, 300px\" \/><\/a>\n\t\t\t\t<\/dt><\/dl><br style=\"clear: both\" \/><dl class='gallery-item'>\n\t\t\t\t<dt class='gallery-icon landscape'>\n\t\t\t\t\t<a class=\"rollover\" href='https:\/\/www.radiopiu.net\/wordpress\/il-consiglio-dellunione-montana-agordina\/132b3a3e-3bad-47ea-90d9-c02f6b24b61f\/'><img loading=\"lazy\" decoding=\"async\" width=\"300\" height=\"169\" src=\"https:\/\/www.radiopiu.net\/wordpress\/wp-content\/uploads\/2020\/05\/132b3a3e-3bad-47ea-90d9-c02f6b24b61f-300x169.jpg\" class=\"attachment-medium size-medium\" alt=\"\" srcset=\"https:\/\/www.radiopiu.net\/wordpress\/wp-content\/uploads\/2020\/05\/132b3a3e-3bad-47ea-90d9-c02f6b24b61f-300x169.jpg 300w, https:\/\/www.radiopiu.net\/wordpress\/wp-content\/uploads\/2020\/05\/132b3a3e-3bad-47ea-90d9-c02f6b24b61f-1024x577.jpg 1024w, https:\/\/www.radiopiu.net\/wordpress\/wp-content\/uploads\/2020\/05\/132b3a3e-3bad-47ea-90d9-c02f6b24b61f-768x432.jpg 768w, https:\/\/www.radiopiu.net\/wordpress\/wp-content\/uploads\/2020\/05\/132b3a3e-3bad-47ea-90d9-c02f6b24b61f-1536x865.jpg 1536w, https:\/\/www.radiopiu.net\/wordpress\/wp-content\/uploads\/2020\/05\/132b3a3e-3bad-47ea-90d9-c02f6b24b61f.jpg 1600w\" sizes=\"auto, (max-width: 300px) 100vw, 300px\" \/><\/a>\n\t\t\t\t<\/dt><\/dl><dl class='gallery-item'>\n\t\t\t\t<dt class='gallery-icon landscape'>\n\t\t\t\t\t<a class=\"rollover\" href='https:\/\/www.radiopiu.net\/wordpress\/il-consiglio-dellunione-montana-agordina\/961b72ae-0f75-46fe-b61d-050bb5198613\/'><img loading=\"lazy\" decoding=\"async\" width=\"300\" height=\"169\" src=\"https:\/\/www.radiopiu.net\/wordpress\/wp-content\/uploads\/2020\/05\/961b72ae-0f75-46fe-b61d-050bb5198613-300x169.jpg\" class=\"attachment-medium size-medium\" alt=\"\" srcset=\"https:\/\/www.radiopiu.net\/wordpress\/wp-content\/uploads\/2020\/05\/961b72ae-0f75-46fe-b61d-050bb5198613-300x169.jpg 300w, https:\/\/www.radiopiu.net\/wordpress\/wp-content\/uploads\/2020\/05\/961b72ae-0f75-46fe-b61d-050bb5198613-1024x577.jpg 1024w, https:\/\/www.radiopiu.net\/wordpress\/wp-content\/uploads\/2020\/05\/961b72ae-0f75-46fe-b61d-050bb5198613-768x432.jpg 768w, https:\/\/www.radiopiu.net\/wordpress\/wp-content\/uploads\/2020\/05\/961b72ae-0f75-46fe-b61d-050bb5198613-1536x865.jpg 1536w, https:\/\/www.radiopiu.net\/wordpress\/wp-content\/uploads\/2020\/05\/961b72ae-0f75-46fe-b61d-050bb5198613.jpg 1600w\" sizes=\"auto, (max-width: 300px) 100vw, 300px\" \/><\/a>\n\t\t\t\t<\/dt><\/dl><dl class='gallery-item'>\n\t\t\t\t<dt class='gallery-icon landscape'>\n\t\t\t\t\t<a class=\"rollover\" href='https:\/\/www.radiopiu.net\/wordpress\/il-consiglio-dellunione-montana-agordina\/c04187e3-882f-4673-9efd-ff820cec2908\/'><img loading=\"lazy\" decoding=\"async\" width=\"300\" height=\"169\" src=\"https:\/\/www.radiopiu.net\/wordpress\/wp-content\/uploads\/2020\/05\/c04187e3-882f-4673-9efd-ff820cec2908-300x169.jpg\" class=\"attachment-medium size-medium\" alt=\"\" srcset=\"https:\/\/www.radiopiu.net\/wordpress\/wp-content\/uploads\/2020\/05\/c04187e3-882f-4673-9efd-ff820cec2908-300x169.jpg 300w, https:\/\/www.radiopiu.net\/wordpress\/wp-content\/uploads\/2020\/05\/c04187e3-882f-4673-9efd-ff820cec2908-1024x577.jpg 1024w, https:\/\/www.radiopiu.net\/wordpress\/wp-content\/uploads\/2020\/05\/c04187e3-882f-4673-9efd-ff820cec2908-768x432.jpg 768w, https:\/\/www.radiopiu.net\/wordpress\/wp-content\/uploads\/2020\/05\/c04187e3-882f-4673-9efd-ff820cec2908-1536x865.jpg 1536w, https:\/\/www.radiopiu.net\/wordpress\/wp-content\/uploads\/2020\/05\/c04187e3-882f-4673-9efd-ff820cec2908.jpg 1600w\" sizes=\"auto, (max-width: 300px) 100vw, 300px\" \/><\/a>\n\t\t\t\t<\/dt><\/dl><br style=\"clear: both\" \/>\n\t\t\t<\/div>\n\n<h2>RIASCOLTA IL CONSIGLIO DELL&#8217;UNIONE MONTANA, DIRETTA RADIO-FACEBOOK-TELEGRAM<\/h2>\n<blockquote class=\"wp-embedded-content\" data-secret=\"aPnuOxHRnF\"><p><a href=\"https:\/\/www.radiopiu.net\/wordpress\/primo-consiglio-dellunione-montana-in-video-conferenza-troppi-i-problemi-legati-al-mancato-sviluppo-tecnologico-urge-la-banda-larga\/\">PRIMO CONSIGLIO DELL&#8217;UNIONE MONTANA IN VIDEO CONFERENZA, TROPPI I PROBLEMI LEGATI AL MANCATO SVILUPPO TECNOLOGICO. URGE LA BANDA LARGA<\/a><\/p><\/blockquote>\n<p><iframe loading=\"lazy\" title=\"&#8220;PRIMO CONSIGLIO DELL&#8217;UNIONE MONTANA IN VIDEO CONFERENZA, TROPPI I PROBLEMI LEGATI AL MANCATO SVILUPPO TECNOLOGICO. URGE LA BANDA LARGA&#8221; &#8212; Radio Pi\u00f9\" class=\"wp-embedded-content\" sandbox=\"allow-scripts\" security=\"restricted\" style=\"position: absolute; clip: rect(1px, 1px, 1px, 1px);\" src=\"https:\/\/www.radiopiu.net\/wordpress\/primo-consiglio-dellunione-montana-in-video-conferenza-troppi-i-problemi-legati-al-mancato-sviluppo-tecnologico-urge-la-banda-larga\/embed\/#?secret=aPnuOxHRnF\" data-secret=\"aPnuOxHRnF\" width=\"600\" height=\"338\" frameborder=\"0\" marginwidth=\"0\" marginheight=\"0\" scrolling=\"no\"><\/iframe><\/p>\n<p>&nbsp;<\/p>\n<hr \/>\n<p>&nbsp;<\/p>\n<blockquote>\n<h3>DA DOMANI RIPRENDE IL MERCATO DI AGORDO<\/h3>\n<\/blockquote>\n<p><strong><a class=\"dt-pswp-item\" href=\"https:\/\/www.radiopiu.net\/wordpress\/wp-content\/uploads\/2020\/04\/MERCATO-APERTO.jpg\" data-dt-img-description=\"\" data-large_image_width=\"1920\" data-large_image_height=\"1280\"><img loading=\"lazy\" decoding=\"async\" class=\" wp-image-127226 alignleft\" src=\"https:\/\/www.radiopiu.net\/wordpress\/wp-content\/uploads\/2020\/04\/MERCATO-APERTO-300x200.jpg\" alt=\"\" width=\"242\" height=\"161\" srcset=\"https:\/\/www.radiopiu.net\/wordpress\/wp-content\/uploads\/2020\/04\/MERCATO-APERTO-300x200.jpg 300w, https:\/\/www.radiopiu.net\/wordpress\/wp-content\/uploads\/2020\/04\/MERCATO-APERTO-1024x683.jpg 1024w, https:\/\/www.radiopiu.net\/wordpress\/wp-content\/uploads\/2020\/04\/MERCATO-APERTO-768x512.jpg 768w, https:\/\/www.radiopiu.net\/wordpress\/wp-content\/uploads\/2020\/04\/MERCATO-APERTO-1536x1024.jpg 1536w, https:\/\/www.radiopiu.net\/wordpress\/wp-content\/uploads\/2020\/04\/MERCATO-APERTO.jpg 1920w\" sizes=\"auto, (max-width: 242px) 100vw, 242px\" \/><\/a>AGORDO<\/strong> Da domani sar\u00e0 riattivato il mercato settimanale del mercoled\u00ec per tutte le tipologie di attivit\u00e0, alimentare &#8211; non alimentare &#8211; produttori agricoli, titolari di posteggio con il consueto orario dalle 6 alle 14, nell\u2019assoluto rispetto delle \u201cLinee di indirizzo per la riapertura delle attivit\u00e0 economiche, produttive e ricreative\u201d della Regione Veneto con l\u2019utilizzo obbligatorio della mascherina, rigorosamente indossata, per chiunque acceda all\u2019area<br \/>\nmercatale.<\/p>\n<p><strong>CLAUDIO SITO ASSESSORE ATTIVITA&#8217; PRODUTTIVE<\/strong><\/p>\n<audio class=\"wp-audio-shortcode\" id=\"audio-138567-5\" preload=\"none\" style=\"width: 100%;\" controls=\"controls\"><source type=\"audio\/mpeg\" src=\"https:\/\/www.radiopiu.net\/wordpress\/wp-content\/uploads\/2020\/05\/CLAUDIO-SITO-ASSESSORE-ATTIVITA-PRODUTTIVE.mp3?_=5\" \/><a href=\"https:\/\/www.radiopiu.net\/wordpress\/wp-content\/uploads\/2020\/05\/CLAUDIO-SITO-ASSESSORE-ATTIVITA-PRODUTTIVE.mp3\">https:\/\/www.radiopiu.net\/wordpress\/wp-content\/uploads\/2020\/05\/CLAUDIO-SITO-ASSESSORE-ATTIVITA-PRODUTTIVE.mp3<\/a><\/audio>\n<p>&nbsp;<\/p>\n<p>&nbsp;<\/p>\n<hr \/>\n<p>&nbsp;<\/p>\n<blockquote>\n<h3>RITORNA IL MERCATO COMPLETO A FELTRE<\/h3>\n<\/blockquote>\n<p><strong>FELTRE<\/strong> A partire da oggi il mercato di Feltre sar\u00e0 al completo. A deciderlo un&#8217;ordinanza comunale firmata dal sindaco Paolo Perenzin che da il via libera alla vendita al dettaglio dopo il DPCM e l&#8217;ultima Ordinanza Regionale. Quindi, a partire da domani, il mercato del marted\u00ec e del venerd\u00ec saranno al completo<\/p>\n<p><strong>LA MAPPA PER IL MERCATO DEL MARTEDI&#8217;<\/strong><\/p>\n<p><a class=\"dt-pswp-item\" href=\"https:\/\/www.radiopiu.net\/wordpress\/wp-content\/uploads\/2020\/05\/Mercato_Marted\u00ec_2020_18052020_Allegaro-A-scaled.jpg\" data-dt-img-description=\"\" data-large_image_width=\"2560\" data-large_image_height=\"867\"><img loading=\"lazy\" decoding=\"async\" class=\"alignnone wp-image-138673 size-large\" src=\"https:\/\/www.radiopiu.net\/wordpress\/wp-content\/uploads\/2020\/05\/Mercato_Marted\u00ec_2020_18052020_Allegaro-A-1024x347.jpg\" alt=\"\" width=\"1024\" height=\"347\" srcset=\"https:\/\/www.radiopiu.net\/wordpress\/wp-content\/uploads\/2020\/05\/Mercato_Marted\u00ec_2020_18052020_Allegaro-A-1024x347.jpg 1024w, https:\/\/www.radiopiu.net\/wordpress\/wp-content\/uploads\/2020\/05\/Mercato_Marted\u00ec_2020_18052020_Allegaro-A-300x102.jpg 300w, https:\/\/www.radiopiu.net\/wordpress\/wp-content\/uploads\/2020\/05\/Mercato_Marted\u00ec_2020_18052020_Allegaro-A-768x260.jpg 768w, https:\/\/www.radiopiu.net\/wordpress\/wp-content\/uploads\/2020\/05\/Mercato_Marted\u00ec_2020_18052020_Allegaro-A-1536x520.jpg 1536w, https:\/\/www.radiopiu.net\/wordpress\/wp-content\/uploads\/2020\/05\/Mercato_Marted\u00ec_2020_18052020_Allegaro-A-2048x694.jpg 2048w\" sizes=\"auto, (max-width: 1024px) 100vw, 1024px\" \/><\/a><\/p>\n<p>&nbsp;<\/p>\n<p><strong>LA MAPPA PER IL MERCATO DEL VENERDI&#8217;<\/strong><\/p>\n<p><a class=\"dt-pswp-item\" href=\"https:\/\/www.radiopiu.net\/wordpress\/wp-content\/uploads\/2020\/05\/Mercato_Venerd\u00ec_2020_18052020_Allegato-B-scaled.jpg\" data-dt-img-description=\"\" data-large_image_width=\"2560\" data-large_image_height=\"1301\"><img loading=\"lazy\" decoding=\"async\" class=\"alignnone wp-image-138674 size-large\" src=\"https:\/\/www.radiopiu.net\/wordpress\/wp-content\/uploads\/2020\/05\/Mercato_Venerd\u00ec_2020_18052020_Allegato-B-1024x520.jpg\" alt=\"\" width=\"1024\" height=\"520\" srcset=\"https:\/\/www.radiopiu.net\/wordpress\/wp-content\/uploads\/2020\/05\/Mercato_Venerd\u00ec_2020_18052020_Allegato-B-1024x520.jpg 1024w, https:\/\/www.radiopiu.net\/wordpress\/wp-content\/uploads\/2020\/05\/Mercato_Venerd\u00ec_2020_18052020_Allegato-B-300x152.jpg 300w, https:\/\/www.radiopiu.net\/wordpress\/wp-content\/uploads\/2020\/05\/Mercato_Venerd\u00ec_2020_18052020_Allegato-B-768x390.jpg 768w, https:\/\/www.radiopiu.net\/wordpress\/wp-content\/uploads\/2020\/05\/Mercato_Venerd\u00ec_2020_18052020_Allegato-B-1536x781.jpg 1536w, https:\/\/www.radiopiu.net\/wordpress\/wp-content\/uploads\/2020\/05\/Mercato_Venerd\u00ec_2020_18052020_Allegato-B-2048x1041.jpg 2048w\" sizes=\"auto, (max-width: 1024px) 100vw, 1024px\" \/><\/a><\/p>\n<p>&nbsp;<\/p>\n<p>&nbsp;<\/p>\n<hr \/>\n<p>&nbsp;<\/p>\n<blockquote>\n<h3>UNA NUOVA RIVISTA PER IL PALIO DI FELTRE<\/h3>\n<\/blockquote>\n<p><strong><a class=\"dt-pswp-item\" href=\"https:\/\/www.radiopiu.net\/wordpress\/wp-content\/uploads\/2020\/05\/quindici-ducati-drappo.jpg\" data-dt-img-description=\"\" data-large_image_width=\"406\" data-large_image_height=\"800\"><img loading=\"lazy\" decoding=\"async\" class=\"size-medium wp-image-138668 alignleft\" src=\"https:\/\/www.radiopiu.net\/wordpress\/wp-content\/uploads\/2020\/05\/quindici-ducati-drappo-152x300.jpg\" alt=\"\" width=\"152\" height=\"300\" srcset=\"https:\/\/www.radiopiu.net\/wordpress\/wp-content\/uploads\/2020\/05\/quindici-ducati-drappo-152x300.jpg 152w, https:\/\/www.radiopiu.net\/wordpress\/wp-content\/uploads\/2020\/05\/quindici-ducati-drappo.jpg 406w\" sizes=\"auto, (max-width: 152px) 100vw, 152px\" \/><\/a>FELTRE<\/strong>\u00a0Mentre si sta ancora valutando se sar\u00e0 possibile realizzare l\u2019edizione 2020 del Palio di Feltre (\u00e8 notizia di questi giorni che \u00e8 stato annullato anche quello di Siena), l\u2019attivit\u00e0 dell\u2019Associazione non si ferma e tra tante difficolt\u00e0 prosegue nel suo impegno di ordine soprattutto sociale. Una nuova iniziativa sta infatti per andare in porto. Si tratta dell\u2019edizione di una rivista bimestrale (ma eventualmente la tiratura potrebbe essere anche pi\u00f9 frequente) che si presenta con il titolo \u201cIl XV ducati\u201d, in onore a quei ducati d\u2019oro che ogni anno venivano assegnati al vincitore delle varie gare, a ricordo della spontanea dedizione della citt\u00e0 di Feltre alla Serenissima, nel 1404.\u00a0La rivista si propone di approfondire alcuni aspetti &#8220;dietro le quinte&#8221; della manifestazione agostana, momenti di vita e di attivit\u00e0 forse poco conosciuti ma che testimoniano il fervente impegno che si cela durante tutto l&#8217;anno dietro le tante fasi che portano alla realizzazione dell\u2019evento. Nato da una idea di Manuel Moz, il periodico sar\u00e0 distribuito gratuitamente alle famiglie feltrine, con una tiratura iniziale di cinquemila copie. &#8220;<em>Per arrivare a una decisione sul Palio, dichiara il Presidente Eugenio Tamburrino, ci siamo presi ancora qualche tempo, ma siamo intanto entusiasti di poter presentare un progetto che era in via di sviluppo da tempo ed \u00e8 un piacere e un onore poter dare il benvenuto a questa nuova \u2018creatura\u2019 con cui l\u2019Associazione Palio Citt\u00e0 di Feltre intende arrivare nelle case delle tante persone di Feltre affezionate alla manifestazione, ma che magari non conoscono i particolari di tante fasi organizzative e ci auguriamo che lo scopriranno tramite queste pagine. Candido Cannav\u00f2, storico direttore della Gazzetta dello Sport, aveva come grande desiderio quello di fondare e dirigere un giornale che\u00a0<\/em><em>potesse dare solo delle belle notizie, spesso neglette tra le tante tristi novit\u00e0 quotidiane. In un certo senso, nel nostro piccolo, speriamo di andare verso questa direzione: il neonato \u201cil<span class=\"Apple-converted-space\">\u00a0 <\/span>XV Ducati\u201d,<a class=\"dt-pswp-item\" href=\"https:\/\/www.radiopiu.net\/wordpress\/wp-content\/uploads\/2020\/05\/testata-xv-ducati-rotated.jpg\" data-dt-img-description=\"\" data-large_image_width=\"1400\" data-large_image_height=\"700\"><img loading=\"lazy\" decoding=\"async\" class=\"size-medium wp-image-138669 alignright\" src=\"https:\/\/www.radiopiu.net\/wordpress\/wp-content\/uploads\/2020\/05\/testata-xv-ducati-300x150.jpg\" alt=\"\" width=\"300\" height=\"150\" srcset=\"https:\/\/www.radiopiu.net\/wordpress\/wp-content\/uploads\/2020\/05\/testata-xv-ducati-300x150.jpg 300w, https:\/\/www.radiopiu.net\/wordpress\/wp-content\/uploads\/2020\/05\/testata-xv-ducati-1024x512.jpg 1024w, https:\/\/www.radiopiu.net\/wordpress\/wp-content\/uploads\/2020\/05\/testata-xv-ducati-768x384.jpg 768w, https:\/\/www.radiopiu.net\/wordpress\/wp-content\/uploads\/2020\/05\/testata-xv-ducati-rotated.jpg 1400w\" sizes=\"auto, (max-width: 300px) 100vw, 300px\" \/><\/a> nel raccontare una volta ogni sei mesi delle attivit\u00e0 che si svolgono ad opera dei quattro Quartieri, del<span class=\"Apple-converted-space\">\u00a0 <\/span>Gruppo Sbandieratori Citt\u00e0 di Feltre o dell\u2019Associazione Palio stessa, render\u00e0 conto di una bella notizia per l\u2019intera Citt\u00e0 e per i territori vicini, che sono certamente arricchiti dalla presenza del Palio e di tutte le realt\u00e0 ad esso collegate. Ancora pi\u00f9 soddisfazione ci viene dal fatto che l\u2019idea alla base della creazione di questo giornale sia \u201cgermogliata\u201d autonomamente dal gruppo dei volontari del Palio, e segnatamente ad opera di Manuel Moz. Ringrazio, a nome di tutto il Direttivo, tanto lui, quanto le altre persone che si sono subito attivate, cogliendo al volo l\u2019idea, dalla Direttrice, la nostra infaticabile Franca Visentin, fino a chi ha messo in piedi una prima, pionieristica, redazione, che \u00e8 composta da Marco Hubert Campigotto, dallo stesso Manuel Moz, da Stefano Piaser, da Laura Pontin e che aspetta a braccia aperte ulteriori collaboratori<\/em>\u201d.<\/p>\n<p>&nbsp;<\/p>\n<p>&nbsp;<\/p>\n<hr \/>\n<p>&nbsp;<\/p>\n<h2>GSP RIPARTITI I LAVORI<\/h2>\n\n\t\t\t<style type='text\/css'>\n\t\t\t\t#gallery-2 {\n\t\t\t\t\tmargin: auto;\n\t\t\t\t}\n\t\t\t\t#gallery-2 .gallery-item {\n\t\t\t\t\tfloat: left;\n\t\t\t\t\tmargin-top: 10px;\n\t\t\t\t\ttext-align: center;\n\t\t\t\t\twidth: 33%;\n\t\t\t\t}\n\t\t\t\t#gallery-2 img {\n\t\t\t\t\tborder: 2px solid #cfcfcf;\n\t\t\t\t}\n\t\t\t\t#gallery-2 .gallery-caption {\n\t\t\t\t\tmargin-left: 0;\n\t\t\t\t}\n\t\t\t\t\/* see gallery_shortcode() in wp-includes\/media.php *\/\n\t\t\t<\/style>\n\t\t<div id='gallery-2' class='dt-gallery-container gallery galleryid-138567 gallery-columns-3 gallery-size-thumbnail'><dl class='gallery-item'>\n\t\t\t\t<dt class='gallery-icon portrait'>\n\t\t\t\t\t<a class=\"rollover\" href='https:\/\/www.radiopiu.net\/wordpress\/giornale-radiopiu-19-maggio-2020-direttore-mirko-mezzacasa\/posa-condotta-di-collegamento-tra-i-serbatoi-fiammoi-e-col-coltron\/'><img loading=\"lazy\" decoding=\"async\" width=\"150\" height=\"150\" src=\"https:\/\/www.radiopiu.net\/wordpress\/wp-content\/uploads\/2020\/05\/posa-condotta-di-collegamento-tra-i-serbatoi-Fiammoi-e-Col-Coltron-150x150.jpg\" class=\"attachment-thumbnail size-thumbnail\" alt=\"\" \/><\/a>\n\t\t\t\t<\/dt><\/dl><dl class='gallery-item'>\n\t\t\t\t<dt class='gallery-icon landscape'>\n\t\t\t\t\t<a class=\"rollover\" href='https:\/\/www.radiopiu.net\/wordpress\/giornale-radiopiu-19-maggio-2020-direttore-mirko-mezzacasa\/lavori-via-rudio-belluno\/'><img loading=\"lazy\" decoding=\"async\" width=\"150\" height=\"150\" src=\"https:\/\/www.radiopiu.net\/wordpress\/wp-content\/uploads\/2020\/05\/lavori-via-rudio-belluno-150x150.jpg\" class=\"attachment-thumbnail size-thumbnail\" alt=\"\" \/><\/a>\n\t\t\t\t<\/dt><\/dl><dl class='gallery-item'>\n\t\t\t\t<dt class='gallery-icon landscape'>\n\t\t\t\t\t<a class=\"rollover\" href='https:\/\/www.radiopiu.net\/wordpress\/giornale-radiopiu-19-maggio-2020-direttore-mirko-mezzacasa\/lavori-al-serbatoio-di-fiammoi\/'><img loading=\"lazy\" decoding=\"async\" width=\"150\" height=\"150\" src=\"https:\/\/www.radiopiu.net\/wordpress\/wp-content\/uploads\/2020\/05\/lavori-al-serbatoio-di-Fiammoi-150x150.jpg\" class=\"attachment-thumbnail size-thumbnail\" alt=\"\" \/><\/a>\n\t\t\t\t<\/dt><\/dl><br style=\"clear: both\" \/>\n\t\t\t<\/div>\n\n<p><strong>BELLUNO<\/strong> Dopo oltre due mesi di stop imposto dall\u2019emergenza Coronavirus, sono ripartiti in questi giorni i lavori per la realizzazione del nuovo collegamento acquedottistico tra i serbatoi di Fiammoi (Belluno) e Col Coltron (Ponte nelle Alpi) e per il rifacimento della fognatura in via Rudio. Opere sospese per Covid-19 e\u00a0 riavviate in sicurezza grazie ad appositi piani anti-contagio adottati dalle imprese incaricate e allineati a precisi protocolli e direttive nazionali. Collegamento tra i serbatoi di Fiammoi e Col Coltron. L\u2019opera, progettata e realizzata con il diretto coordinamento di Bim Gsp, ammonta complessivamente a 990 mila euro e porter\u00e0, a lavori completati, all\u2019interconnessione dei sistemi acquedottistici di Belluno e di Ponte nelle Alpi.<\/p>\n<p>&nbsp;<\/p>\n<hr \/>\n<div class=\"page-title-head hgroup\">\n<blockquote>\n<h3><\/h3>\n<h3 class=\"entry-title\">SANT\u2019ANTONIO E\u2019 RITORNATO NEL CAPITELLO, CON IL GRAZIE A MARCO<\/h3>\n<\/blockquote>\n<\/div>\n<div class=\"page-title-breadcrumbs\">\n<p><strong>ALLEGHE<\/strong> Marco Ferrario lo aveva promesso, e ieri la statuetta di Sant\u2019Antonio \u00e8 stata ricollocato a Sal Col Sopra Alleghe. Missione compiuta da Giuseppe Rudatis che racconta la storia del capitello caro alle genti alleghesi e non solo come commenta da Milano Marco Ferrario che ha donato la statutetta<\/p>\n<p><em><span dir=\"ltr\"><span class=\"_3l3x _1n4g\"><strong>Marco Ferrario (Milano):<\/strong>\u00a0Mia zia Gemma ( frutta e verdura) era devota a Sant\u2019Antonio, andava a quel capitello a portare il cero e puliva il sentiero dalle \u201cpitole\u201d con il rastrello. Ora, ho una statua di Sant\u2019Antonio di circa 50\/60 cm. ricordo di famiglia. Era di mio Zio (Pino). marito di Pollazzon Ada, meridionale con l\u2019 Agordino nel cuore. Per anni l\u2019abbiamo tenuta a Cence ma ora la dono molto volentieri. Per\u00f2 la posso consegnare solamente la prima volta che verr\u00f2 su da Milano .<\/span><\/span><\/em><\/p>\n<p>https:\/\/www.facebook.com\/100005793768550\/videos\/1457808967755548<\/p>\n<p>&nbsp;<\/p>\n<hr \/>\n<p>&nbsp;<\/p>\n<\/div>\n<blockquote>\n<h3>DILLO ALLA RADIO: CINQUANT\u2019ANNI \u00a0DI LIBERT\u00c0 E DIGNIT\u00c0 DEI LAVORATORI<\/h3>\n<p><a class=\"dt-pswp-item\" href=\"https:\/\/www.radiopiu.net\/wordpress\/wp-content\/uploads\/2017\/04\/MyRadioPiu_miaidea.png\" data-dt-img-description=\"\" data-large_image_width=\"483\" data-large_image_height=\"374\"><img loading=\"lazy\" decoding=\"async\" class=\" wp-image-30709 alignleft\" src=\"https:\/\/www.radiopiu.net\/wordpress\/wp-content\/uploads\/2017\/04\/MyRadioPiu_miaidea-300x232.png\" alt=\"\" width=\"171\" height=\"132\" \/><\/a><strong>di Franco Piacentini<\/strong><\/p>\n<p>Purtroppo la drammatica pandemia Covid-19, oltre alle tante vittime e alle migliaia di contagi, sta anche oscurando significative \u201cdate\u201d di straordinari avvenimenti che, nel nostro Paese, hanno determinato cambiamenti epocali: fra questi va ricordato lo \u201cStatuto dei Diritti dei Lavoratori\u201d. Il 14 maggio 1970 la Camera dei Deputati, in precedenza votati al Senato, approvava i diritti fondamentali dei lavoratori, formalizzati successivamente nel testo di Legge n. 300 del 20 maggio 1970. Lo Statuto, figlio delle lotte sindacali, nacque nel biennio 1968 \u2013 1969, un periodo caratterizzato da forti mobilitazioni per il cambiamento sociale e per i diritti delle persone. In quel periodo (purtroppo caratterizzato anche da preoccupanti tensioni sociali e politiche) i principali \u201cartefici\u201d dell\u2019iter e della definizione legislativa dello Statuto sono stati: Giacomo Brodolini (socialista ex Vicesegretario CGIL Nazionale), Gino Giugni (giurista del PSI) e Donat Cattin (all\u2019epoca Ministro DC. del Lavoro). Non va dimenticato che l\u2019idea di uno \u201cStatuto dei diritti dei lavoratori\u201d<span class=\"Apple-converted-space\">\u00a0 <\/span>venne lanciata nel 1952 (durante i lavori del terzo Congresso Nazionale) dal Segretario Generale della CGIL, Giuseppe Di Vittorio. Alla sua definitiva approvazione, una gruppo di Parlamentari affermarono che con lo Statuto: \u201cla Costituzione entrava in fabbrica\u201d. Di fatto tutti i rapporti di lavoro dal 1970 sono regolati dalle norme dello Statuto e dai contratti collettivi. Negli ultimi anni lo Statuto ha trovato grande attenzione, nell\u2019opinione pubblica, per effetto delle forzature politiche (opinabili modifiche introdotte con lo \u201czampino\u201d di una parte della classe imprenditoriale italiana) all\u2019art. 18 che disciplina la \u201cgiusta causa\u201d per il licenziamento. Sarebbe bene ed opportuno far conoscere e far apprezzare ai giovani, anche negli ambiti scolastici, la storia, l\u2019evoluzione e l\u2019applicazione<span class=\"Apple-converted-space\">\u00a0 <\/span>dello Statuto in tutte le sue parti, in quanto \u00e8 una Legge dello Stato, conforme alla nostra Carta Costituzionale, ottenuta cinquant\u2019anni fa, grazie alla mobilitazione dei lavoratori e delle lavoratrici, evidenziando che in pi\u00f9 di un\u2019occasione, nelle piazze delle manifestazioni organizzate da CGIL CISL UIL, numerosa \u00e8 stata la partecipazione (anche) degli studenti. <span class=\"Apple-converted-space\">\u00a0 \u00a0<\/span><\/p><\/blockquote>\n<p>&nbsp;<\/p>\n<hr \/>\n<p>&nbsp;<\/p>\n<blockquote>\n<h3>LA CHIESA DI SAN ROCCO A TAIBON<\/h3>\n<\/blockquote>\n<p><b><a class=\"dt-pswp-item\" href=\"https:\/\/www.radiopiu.net\/wordpress\/wp-content\/uploads\/2020\/05\/CHIESA-SAN-ROCCO-1920.png\" data-dt-img-description=\"\" data-large_image_width=\"1068\" data-large_image_height=\"690\"><img loading=\"lazy\" decoding=\"async\" class=\"size-medium wp-image-138652 alignleft\" src=\"https:\/\/www.radiopiu.net\/wordpress\/wp-content\/uploads\/2020\/05\/CHIESA-SAN-ROCCO-1920-300x194.png\" alt=\"\" width=\"300\" height=\"194\" srcset=\"https:\/\/www.radiopiu.net\/wordpress\/wp-content\/uploads\/2020\/05\/CHIESA-SAN-ROCCO-1920-300x194.png 300w, https:\/\/www.radiopiu.net\/wordpress\/wp-content\/uploads\/2020\/05\/CHIESA-SAN-ROCCO-1920-1024x662.png 1024w, https:\/\/www.radiopiu.net\/wordpress\/wp-content\/uploads\/2020\/05\/CHIESA-SAN-ROCCO-1920-768x496.png 768w, https:\/\/www.radiopiu.net\/wordpress\/wp-content\/uploads\/2020\/05\/CHIESA-SAN-ROCCO-1920.png 1068w\" sizes=\"auto, (max-width: 300px) 100vw, 300px\" \/><\/a>di Alessandro Savio<\/b><\/p>\n<p>San Rocco viene rappresentato iconograficamente come un pellegrino con bisaccia e mantello e con un cane al suo fianco che lo salv\u00f2 dalla peste portandogli ogni giorno un pezzo di pane fino alla sua guarigione mentre era isolato in una grotta per non contagiare chi gli stava vicino. Egli \u00e8 uno dei santi pi\u00f9 venerati d\u2019Europa, invocato nei secoli passati contro le malattie epidemiche ed in particolare le pestilenze. A San Rocco fu intitolata una confraternita a Venezia nel 1477 , La Scuola di San Rocco che costru\u00ec in suo onore una chiesa per accogliere le sue spoglie in seguito alla nota pestilenza che colp\u00ec duramente la citt\u00e0 veneta. Anche a Taibon negli anni successivi fu edificata nella seconda met\u00e0 del 1500 la antica chiesetta a Lui dedicata nella piazzetta del Col De La Mola in centro al paese, e venne pure costituita la Scuola di San Rocco, confraternita con decine di iscritti e devoti in vigore fino alla fine degli anni sessanta del secolo scorso. L\u2019 edificio di culto fu citato dal vescovo LOLLINO nella sua visita pastorale del 7 Luglio 1613<span class=\"Apple-converted-space\">\u00a0 <\/span>\u201c Visitammo l\u2019oratorio che dista circa un miglio dalla parrocchiale dell\u2019Arcidiaconale di Agordo posto tra la chiesa di san Cipriano e quella matrice di Agordo. L\u2019oratorio presenta una forma a volto,dove ci sono delle pitture che lo ornano. In esso sono raffigurate la Beata Vergine Maria, San Rocco,San Sebastiano ,San Gottardo , i Santi Cornelio e Cipriano, San Lucano ,Santa Lucia , con un piccolo altare in pietra ornato\u201d. La chiesetta come noto fu demolita in seguito alla alluvione del 1966 per una questione di viabilit\u00e0 . <a class=\"dt-pswp-item\" href=\"https:\/\/www.radiopiu.net\/wordpress\/wp-content\/uploads\/2020\/05\/SACELLO-SAN-ROCCO.png\" data-dt-img-description=\"\" data-large_image_width=\"932\" data-large_image_height=\"770\"><img loading=\"lazy\" decoding=\"async\" class=\"size-medium wp-image-138653 alignright\" src=\"https:\/\/www.radiopiu.net\/wordpress\/wp-content\/uploads\/2020\/05\/SACELLO-SAN-ROCCO-300x248.png\" alt=\"\" width=\"300\" height=\"248\" srcset=\"https:\/\/www.radiopiu.net\/wordpress\/wp-content\/uploads\/2020\/05\/SACELLO-SAN-ROCCO-300x248.png 300w, https:\/\/www.radiopiu.net\/wordpress\/wp-content\/uploads\/2020\/05\/SACELLO-SAN-ROCCO-768x635.png 768w, https:\/\/www.radiopiu.net\/wordpress\/wp-content\/uploads\/2020\/05\/SACELLO-SAN-ROCCO.png 932w\" sizes=\"auto, (max-width: 300px) 100vw, 300px\" \/><\/a>Nel 2016 a cinquanta anni dalla alluvione, fu ricostruito e inaugurato, un piccolo sacello che ha riproposto, in forma ridotta, i tratti fedeli della costruzione originaria , e sicuramente ha contribuito all\u2019abbellimento della piazzetta in centro di Taibon. In questi giorni ci siamo accorti che sulla porta del sacello sono stati depositati dei fiori, una coroncina del rosario ed un lumino, probabilmente la devozione popolare che ha invocato nel 1500 il Santo per la fine della peste,intende nuovamente appellarsi ancora a San Rocco per la protezione contro il virus che ha portato questa straordinaria emergenza globale per la salute pubblica e che ha colpito in maniera inesorabile le nostre comunit\u00e0. Sarebbe auspicabile che il giorno 16 Agosto , data in cui si celebra il Santo, venisse officiata una funzione religiosa all\u2019aperto , nella piazzetta antistante al sacello , ovviamente adottando tutte le precauzioni del caso e norme permettendo,per rinnovare la devozione a San Rocco e contestualmente, se sar\u00e0 possibile, effettuare la posa della antica campana rimossa nel 1966.<\/p>\n<p>&nbsp;<\/p>\n<p>&nbsp;<\/p>\n<hr \/>\n<p>&nbsp;<\/p>\n<blockquote class=\"wp-embedded-content\" data-secret=\"ND0FmCOWFd\"><p><a href=\"https:\/\/www.radiopiu.net\/wordpress\/oggi-due-maestre-alla-scuola-dellinfanzia-di-taibon-2\/\">OGGI DUE MAESTRE ALLA SCUOLA DELL&#8217;INFANZIA DI TAIBON<\/a><\/p><\/blockquote>\n<p><iframe loading=\"lazy\" title=\"&#8220;OGGI DUE MAESTRE ALLA SCUOLA DELL&#8217;INFANZIA DI TAIBON&#8221; &#8212; Radio Pi\u00f9\" class=\"wp-embedded-content\" sandbox=\"allow-scripts\" security=\"restricted\" style=\"position: absolute; clip: rect(1px, 1px, 1px, 1px);\" src=\"https:\/\/www.radiopiu.net\/wordpress\/oggi-due-maestre-alla-scuola-dellinfanzia-di-taibon-2\/embed\/#?secret=ND0FmCOWFd\" data-secret=\"ND0FmCOWFd\" width=\"600\" height=\"338\" frameborder=\"0\" marginwidth=\"0\" marginheight=\"0\" scrolling=\"no\"><\/iframe><\/p>\n<p>&nbsp;<\/p>\n<hr \/>\n<p>&nbsp;<\/p>\n<blockquote class=\"wp-embedded-content\" data-secret=\"w8jReKhKDP\"><p><a href=\"https:\/\/www.radiopiu.net\/wordpress\/gusela-del-vescova-di-belluno-fu-lapprodo-dellarca-di-noe-di-renato-bona\/\">GUSELA DEL VESCOVA\u2019 DI BELLUNO FU L\u2019APPRODO DELL\u2019ARCA DI NOE\u2019? di Renato Bona<\/a><\/p><\/blockquote>\n<p><iframe loading=\"lazy\" title=\"&#8220;GUSELA DEL VESCOVA\u2019 DI BELLUNO FU L\u2019APPRODO DELL\u2019ARCA DI NOE\u2019? di Renato Bona&#8221; &#8212; Radio Pi\u00f9\" class=\"wp-embedded-content\" sandbox=\"allow-scripts\" security=\"restricted\" style=\"position: absolute; clip: rect(1px, 1px, 1px, 1px);\" src=\"https:\/\/www.radiopiu.net\/wordpress\/gusela-del-vescova-di-belluno-fu-lapprodo-dellarca-di-noe-di-renato-bona\/embed\/#?secret=w8jReKhKDP\" data-secret=\"w8jReKhKDP\" width=\"600\" height=\"338\" frameborder=\"0\" marginwidth=\"0\" marginheight=\"0\" scrolling=\"no\"><\/iframe><\/p>\n<p>&nbsp;<\/p>\n<hr \/>\n<p>&nbsp;<\/p>\n<h2>IERI ALLA RADIO<\/h2>\n<p><a class=\"dt-pswp-item\" href=\"https:\/\/www.radiopiu.net\/wordpress\/wp-content\/uploads\/2020\/05\/FABRIZIO-VIGILANTE-BOTOL.jpg\" data-dt-img-description=\"\" data-large_image_width=\"512\" data-large_image_height=\"341\"><img loading=\"lazy\" decoding=\"async\" class=\"size-medium wp-image-138575 alignleft\" src=\"https:\/\/www.radiopiu.net\/wordpress\/wp-content\/uploads\/2020\/05\/FABRIZIO-VIGILANTE-BOTOL-300x200.jpg\" alt=\"\" width=\"300\" height=\"200\" srcset=\"https:\/\/www.radiopiu.net\/wordpress\/wp-content\/uploads\/2020\/05\/FABRIZIO-VIGILANTE-BOTOL-300x200.jpg 300w, https:\/\/www.radiopiu.net\/wordpress\/wp-content\/uploads\/2020\/05\/FABRIZIO-VIGILANTE-BOTOL.jpg 512w\" sizes=\"auto, (max-width: 300px) 100vw, 300px\" \/><\/a><strong>FABRIZIO VIGILANTE, BOTOL GROUP<\/strong><\/p>\n<p><strong>di Claudio Fontanive<\/strong><\/p>\n<audio class=\"wp-audio-shortcode\" id=\"audio-138567-6\" preload=\"none\" style=\"width: 100%;\" controls=\"controls\"><source type=\"audio\/mpeg\" src=\"https:\/\/www.radiopiu.net\/wordpress\/wp-content\/uploads\/2020\/05\/fabrizio-vigilante-18-maggio.mp3?_=6\" \/><a href=\"https:\/\/www.radiopiu.net\/wordpress\/wp-content\/uploads\/2020\/05\/fabrizio-vigilante-18-maggio.mp3\">https:\/\/www.radiopiu.net\/wordpress\/wp-content\/uploads\/2020\/05\/fabrizio-vigilante-18-maggio.mp3<\/a><\/audio>\n<p>&nbsp;<\/p>\n<p>&nbsp;<\/p>\n<hr \/>\n<h3><\/h3>\n<h3><\/h3>\n<h3><span style=\"color: #808000;\">DETTI E PROVERBI di Paola Lanciato<\/span><\/h3>\n<audio class=\"wp-audio-shortcode\" id=\"audio-138567-7\" preload=\"none\" style=\"width: 100%;\" controls=\"controls\"><source type=\"audio\/mpeg\" src=\"https:\/\/www.radiopiu.net\/wordpress\/wp-content\/uploads\/2020\/05\/Detti-e-proverbi.mp3?_=7\" \/><a href=\"https:\/\/www.radiopiu.net\/wordpress\/wp-content\/uploads\/2020\/05\/Detti-e-proverbi.mp3\">https:\/\/www.radiopiu.net\/wordpress\/wp-content\/uploads\/2020\/05\/Detti-e-proverbi.mp3<\/a><\/audio>\n<p>&nbsp;<\/p>\n<p>&nbsp;<\/p>\n<hr \/>\n<p>&nbsp;<\/p>\n<h3><span style=\"color: #000080;\">I DIARI DEL PESCE ROSSO<\/span><\/h3>\n<blockquote class=\"wp-embedded-content\" data-secret=\"cEvgnTIjVj\"><p><a href=\"https:\/\/www.radiopiu.net\/wordpress\/puntata-13-i-diari-del-pesce-rosso-diari-quarantena\/\">PUNTATA 13 I DIARI DEL PESCE ROSSO\/DIARI QUARANTENA<\/a><\/p><\/blockquote>\n<p><iframe loading=\"lazy\" title=\"&#8220;PUNTATA 13 I DIARI DEL PESCE ROSSO\/DIARI QUARANTENA&#8221; &#8212; Radio Pi\u00f9\" class=\"wp-embedded-content\" sandbox=\"allow-scripts\" security=\"restricted\" style=\"position: absolute; clip: rect(1px, 1px, 1px, 1px);\" src=\"https:\/\/www.radiopiu.net\/wordpress\/puntata-13-i-diari-del-pesce-rosso-diari-quarantena\/embed\/#?secret=cEvgnTIjVj\" data-secret=\"cEvgnTIjVj\" width=\"600\" height=\"338\" frameborder=\"0\" marginwidth=\"0\" marginheight=\"0\" scrolling=\"no\"><\/iframe><\/p>\n<blockquote class=\"wp-embedded-content\" data-secret=\"0w5GnAp8eq\"><p><a href=\"https:\/\/www.radiopiu.net\/wordpress\/alice-bettolo-la-mia-quarantena-alla-fine-delle-terre-conosciute\/\">ALICE BETTOLO,  LA MIA QUARANTENA ALLA FINE DELLE TERRE CONOSCIUTE<\/a><\/p><\/blockquote>\n<p><iframe loading=\"lazy\" title=\"&#8220;ALICE BETTOLO,  LA MIA QUARANTENA ALLA FINE DELLE TERRE CONOSCIUTE&#8221; &#8212; Radio Pi\u00f9\" class=\"wp-embedded-content\" sandbox=\"allow-scripts\" security=\"restricted\" style=\"position: absolute; clip: rect(1px, 1px, 1px, 1px);\" src=\"https:\/\/www.radiopiu.net\/wordpress\/alice-bettolo-la-mia-quarantena-alla-fine-delle-terre-conosciute\/embed\/#?secret=0w5GnAp8eq\" data-secret=\"0w5GnAp8eq\" width=\"600\" height=\"338\" frameborder=\"0\" marginwidth=\"0\" marginheight=\"0\" scrolling=\"no\"><\/iframe><\/p>\n<p>&nbsp;<\/p>\n<p>&nbsp;<\/p>\n<hr \/>\n<h3><span style=\"color: #800080;\">007 IN CONDOTTA<\/span><\/h3>\n<blockquote class=\"wp-embedded-content\" data-secret=\"tZHpKf8IDL\"><p><a href=\"https:\/\/www.radiopiu.net\/wordpress\/connettivita-competenze-confronto\/\">Connettivit\u00e0, competenze, confronto<\/a><\/p><\/blockquote>\n<p><iframe loading=\"lazy\" title=\"&#8220;Connettivit\u00e0, competenze, confronto&#8221; &#8212; Radio Pi\u00f9\" class=\"wp-embedded-content\" sandbox=\"allow-scripts\" security=\"restricted\" style=\"position: absolute; clip: rect(1px, 1px, 1px, 1px);\" src=\"https:\/\/www.radiopiu.net\/wordpress\/connettivita-competenze-confronto\/embed\/#?secret=tZHpKf8IDL\" data-secret=\"tZHpKf8IDL\" width=\"600\" height=\"338\" frameborder=\"0\" marginwidth=\"0\" marginheight=\"0\" scrolling=\"no\"><\/iframe><\/p>\n<p><strong>LE ALTRE PUNTATE<\/strong><\/p>\n<blockquote class=\"wp-embedded-content\" data-secret=\"tkQm3kSH3V\"><p><a href=\"https:\/\/www.radiopiu.net\/wordpress\/007incondotta-2-2\/\">007 in condotta<\/a><\/p><\/blockquote>\n<p><iframe loading=\"lazy\" title=\"&#8220;007 in condotta&#8221; &#8212; Radio Pi\u00f9\" class=\"wp-embedded-content\" sandbox=\"allow-scripts\" security=\"restricted\" style=\"position: absolute; clip: rect(1px, 1px, 1px, 1px);\" src=\"https:\/\/www.radiopiu.net\/wordpress\/007incondotta-2-2\/embed\/#?secret=tkQm3kSH3V\" data-secret=\"tkQm3kSH3V\" width=\"600\" height=\"338\" frameborder=\"0\" marginwidth=\"0\" marginheight=\"0\" scrolling=\"no\"><\/iframe><\/p>\n<h3><span style=\"color: #00ccff;\">I RACCONTI DI PAOLO SOPPELSA<\/span><\/h3>\n<p><strong>ALBA D\u2019ESTATE<\/strong><\/p>\n<p><strong>AUDIO<\/strong><\/p>\n<audio class=\"wp-audio-shortcode\" id=\"audio-138567-8\" preload=\"none\" style=\"width: 100%;\" controls=\"controls\"><source type=\"audio\/mpeg\" src=\"https:\/\/www.radiopiu.net\/wordpress\/wp-content\/uploads\/2020\/05\/PAOLO-SOPPELSA-ALBA-ESTATE.mp3?_=8\" \/><a href=\"https:\/\/www.radiopiu.net\/wordpress\/wp-content\/uploads\/2020\/05\/PAOLO-SOPPELSA-ALBA-ESTATE.mp3\">https:\/\/www.radiopiu.net\/wordpress\/wp-content\/uploads\/2020\/05\/PAOLO-SOPPELSA-ALBA-ESTATE.mp3<\/a><\/audio>\n<p>&nbsp;<\/p>\n<p><a class=\"dt-pswp-item\" href=\"https:\/\/www.radiopiu.net\/wordpress\/wp-content\/uploads\/2020\/05\/2e9a4ded-cef7-4f51-bbbf-aac3f2376fa4.jpg\" data-dt-img-description=\"\" data-large_image_width=\"1080\" data-large_image_height=\"810\"><img loading=\"lazy\" decoding=\"async\" class=\"size-medium wp-image-138466 alignleft\" src=\"https:\/\/www.radiopiu.net\/wordpress\/wp-content\/uploads\/2020\/05\/2e9a4ded-cef7-4f51-bbbf-aac3f2376fa4-300x225.jpg\" alt=\"\" width=\"300\" height=\"225\" srcset=\"https:\/\/www.radiopiu.net\/wordpress\/wp-content\/uploads\/2020\/05\/2e9a4ded-cef7-4f51-bbbf-aac3f2376fa4-300x225.jpg 300w, https:\/\/www.radiopiu.net\/wordpress\/wp-content\/uploads\/2020\/05\/2e9a4ded-cef7-4f51-bbbf-aac3f2376fa4-1024x768.jpg 1024w, https:\/\/www.radiopiu.net\/wordpress\/wp-content\/uploads\/2020\/05\/2e9a4ded-cef7-4f51-bbbf-aac3f2376fa4-768x576.jpg 768w, https:\/\/www.radiopiu.net\/wordpress\/wp-content\/uploads\/2020\/05\/2e9a4ded-cef7-4f51-bbbf-aac3f2376fa4.jpg 1080w\" sizes=\"auto, (max-width: 300px) 100vw, 300px\" \/><\/a>L\u2019alba d\u2019estate a San Tomaso era un lungo momento tenue e delicato. Il tramutarsi della notte in giorno era un tempo sospeso, un arrivare gentile della prima luce che illuminava la Val Cordevole. La \u201czoita\u201d, che aveva accompagnato la prima parte del sonno, ormai non cantava pi\u00f9 ed in cucina potevo udire i passi lenti del nonno che gi\u00e0 era impegnato nelle prime attivit\u00e0 della nuova giornata. La timida luce filtrava dalle tendine a fiori della finestra rivolta verso sud e rischiarava leggermente la stanza. In un silenzio pressoch\u00e9 assoluto, aprivo gli occhi ed il mio sguardo incrociava il viso bonario di Papa Giovanni XXIII stampato al centro del piatto appeso sul muro appena sopra lo specchio. Lentamente le pareti della stanza riprendevano il loro colore rosa ed anche il \u201cpez\u201d fuori dall\u2019altra finestra che guarda il Pelsa ritornava ad essere un albero con una sua identit\u00e0. Di notte appariva come un\u2019entit\u00e0 scura e severa, a volte leggermente ondeggiante, solenne guardiano di quella silenziosa oscurit\u00e0. Anche il Pelsa ritornava ad essere montagna amica e non pi\u00f9 un\u2019imponente sagoma nera che incombeva austera nel buio misterioso di quelle notti d\u2019estate. Quel tempo dilatato non si misurava in minuti bens\u00ec con lo scorrere delle ombre sulle pareti della camera. La pendola nella \u201cstua\u201d sottostante batteva i sette rintocchi che giungevano soffocati al piano superiore ed era quasi ora di alzarsi. Ancora un momento di indecisione nel tepore del piumone, poi mi sarei alzato, sarei sceso lungo la ripida scala di legno ed in cucina avrei bevuto quel caffelatte denso e gustoso. Nascosto dietro le creste sommitali del Pelsa, il sole era impaziente di presentarsi a noi per regalarci un maestoso buongiorno. Era questione di una mezz\u2019ora, poi sarebbe entrato in scena donando calore ed allegria a quei lontani giorni d\u2019estate. Ora il giorno era davvero arrivato, con le \u201clegne\u201d da spaccare ed impilare e nuovi giochi da inventare. Con le corse \u201csu in te stradon\u201d ed i salti fra le ortiche. Erano cos\u00ec quelle albe ormai lontane vissute a San Tomaso \u2026Magiche Dolomiti!!<\/p>\n<p>&nbsp;<\/p>\n<p><strong>LE ALTRE PUNTATE<\/strong><\/p>\n<blockquote class=\"wp-embedded-content\" data-secret=\"NjkitFTl5V\"><p><a href=\"https:\/\/www.radiopiu.net\/wordpress\/i-racconti-di-paolo-soppelsa\/\">I racconti di Paolo Soppelsa<\/a><\/p><\/blockquote>\n<p><iframe loading=\"lazy\" title=\"&#8220;I racconti di Paolo Soppelsa&#8221; &#8212; Radio Pi\u00f9\" class=\"wp-embedded-content\" sandbox=\"allow-scripts\" security=\"restricted\" style=\"position: absolute; clip: rect(1px, 1px, 1px, 1px);\" src=\"https:\/\/www.radiopiu.net\/wordpress\/i-racconti-di-paolo-soppelsa\/embed\/#?secret=NjkitFTl5V\" data-secret=\"NjkitFTl5V\" width=\"600\" height=\"338\" frameborder=\"0\" marginwidth=\"0\" marginheight=\"0\" scrolling=\"no\"><\/iframe><\/p>\n<h3><span style=\"color: #ff00ff;\">IN VIVO VERSO<\/span><\/h3>\n<blockquote class=\"wp-embedded-content\" data-secret=\"42AbQIRAhH\"><p><a href=\"https:\/\/www.radiopiu.net\/wordpress\/il-tempo-di-davide-massaro\/\">IL TEMPO DI DAVIDE MASSARO<\/a><\/p><\/blockquote>\n<p><iframe loading=\"lazy\" title=\"&#8220;IL TEMPO DI DAVIDE MASSARO&#8221; &#8212; Radio Pi\u00f9\" class=\"wp-embedded-content\" sandbox=\"allow-scripts\" security=\"restricted\" style=\"position: absolute; clip: rect(1px, 1px, 1px, 1px);\" src=\"https:\/\/www.radiopiu.net\/wordpress\/il-tempo-di-davide-massaro\/embed\/#?secret=42AbQIRAhH\" data-secret=\"42AbQIRAhH\" width=\"600\" height=\"338\" frameborder=\"0\" marginwidth=\"0\" marginheight=\"0\" scrolling=\"no\"><\/iframe><\/p>\n<p><strong>COLLEZIONE COMPLETA<\/strong><\/p>\n<blockquote class=\"wp-embedded-content\" data-secret=\"mz0nonHA2k\"><p><a href=\"https:\/\/www.radiopiu.net\/wordpress\/in-vivo-verso\/\">In Vivo Verso<\/a><\/p><\/blockquote>\n<p><iframe loading=\"lazy\" title=\"&#8220;In Vivo Verso&#8221; &#8212; Radio Pi\u00f9\" class=\"wp-embedded-content\" sandbox=\"allow-scripts\" security=\"restricted\" style=\"position: absolute; clip: rect(1px, 1px, 1px, 1px);\" src=\"https:\/\/www.radiopiu.net\/wordpress\/in-vivo-verso\/embed\/#?secret=mz0nonHA2k\" data-secret=\"mz0nonHA2k\" width=\"600\" height=\"338\" frameborder=\"0\" marginwidth=\"0\" marginheight=\"0\" scrolling=\"no\"><\/iframe><\/p>\n<h3><span style=\"color: #ff0000;\">DUE MINUTI UN LIBRO<\/span><\/h3>\n<blockquote class=\"wp-embedded-content\" data-secret=\"rbrMFyitPf\"><p><a href=\"https:\/\/www.radiopiu.net\/wordpress\/con-dio-vivere-e-piu-facile\/\">CON DIO VIVERE E&#8217; PIU&#8217; FACILE<\/a><\/p><\/blockquote>\n<p><iframe loading=\"lazy\" title=\"&#8220;CON DIO VIVERE E&#8217; PIU&#8217; FACILE&#8221; &#8212; Radio Pi\u00f9\" class=\"wp-embedded-content\" sandbox=\"allow-scripts\" security=\"restricted\" style=\"position: absolute; clip: rect(1px, 1px, 1px, 1px);\" src=\"https:\/\/www.radiopiu.net\/wordpress\/con-dio-vivere-e-piu-facile\/embed\/#?secret=rbrMFyitPf\" data-secret=\"rbrMFyitPf\" width=\"600\" height=\"338\" frameborder=\"0\" marginwidth=\"0\" marginheight=\"0\" scrolling=\"no\"><\/iframe><\/p>\n<p>LE ALTRE PUNTATE<\/p>\n<blockquote class=\"wp-embedded-content\" data-secret=\"mf8wlARU2Z\"><p><a href=\"https:\/\/www.radiopiu.net\/wordpress\/due-minuti-un-libro\/\">Due minuti un libro<\/a><\/p><\/blockquote>\n<p><iframe loading=\"lazy\" title=\"&#8220;Due minuti un libro&#8221; &#8212; Radio Pi\u00f9\" class=\"wp-embedded-content\" sandbox=\"allow-scripts\" security=\"restricted\" style=\"position: absolute; clip: rect(1px, 1px, 1px, 1px);\" src=\"https:\/\/www.radiopiu.net\/wordpress\/due-minuti-un-libro\/embed\/#?secret=mf8wlARU2Z\" data-secret=\"mf8wlARU2Z\" width=\"600\" height=\"338\" frameborder=\"0\" marginwidth=\"0\" marginheight=\"0\" scrolling=\"no\"><\/iframe><\/p>\n<h3><span style=\"color: #808080;\">SALUTE E SOCIETA&#8217;<\/span><\/h3>\n<blockquote class=\"wp-embedded-content\" data-secret=\"jB4D8nxPgI\"><p><a href=\"https:\/\/www.radiopiu.net\/wordpress\/diabete-reumatologia-oncologia\/\">Diabete &#8211; Reumatologia &#8211; Oncologia<\/a><\/p><\/blockquote>\n<p><iframe loading=\"lazy\" title=\"&#8220;Diabete &#8211; Reumatologia &#8211; Oncologia&#8221; &#8212; Radio Pi\u00f9\" class=\"wp-embedded-content\" sandbox=\"allow-scripts\" security=\"restricted\" style=\"position: absolute; clip: rect(1px, 1px, 1px, 1px);\" src=\"https:\/\/www.radiopiu.net\/wordpress\/diabete-reumatologia-oncologia\/embed\/#?secret=jB4D8nxPgI\" data-secret=\"jB4D8nxPgI\" width=\"600\" height=\"338\" frameborder=\"0\" marginwidth=\"0\" marginheight=\"0\" scrolling=\"no\"><\/iframe><\/p>\n<p><strong>LE ALTRE PUNTATE<\/strong><\/p>\n<blockquote class=\"wp-embedded-content\" data-secret=\"FYukCYxd9m\"><p><a href=\"https:\/\/www.radiopiu.net\/wordpress\/saluteesocieta\/\">Salute e Societ\u00e0<\/a><\/p><\/blockquote>\n<p><iframe loading=\"lazy\" title=\"&#8220;Salute e Societ\u00e0&#8221; &#8212; Radio Pi\u00f9\" class=\"wp-embedded-content\" sandbox=\"allow-scripts\" security=\"restricted\" style=\"position: absolute; clip: rect(1px, 1px, 1px, 1px);\" src=\"https:\/\/www.radiopiu.net\/wordpress\/saluteesocieta\/embed\/#?secret=FYukCYxd9m\" data-secret=\"FYukCYxd9m\" width=\"600\" height=\"338\" frameborder=\"0\" marginwidth=\"0\" marginheight=\"0\" scrolling=\"no\"><\/iframe><\/p>\n<h3><span style=\"color: #339966;\">AGORDINOMERON<\/span><\/h3>\n<blockquote class=\"wp-embedded-content\" data-secret=\"iRSVby16lV\"><p><a href=\"https:\/\/www.radiopiu.net\/wordpress\/agordinomeron\/\">AGORDINOMERON, IL TERRITORIO SI RACCONTA Da un&#8217;idea di Gianni Santomaso<\/a><\/p><\/blockquote>\n<p><iframe loading=\"lazy\" title=\"&#8220;AGORDINOMERON, IL TERRITORIO SI RACCONTA Da un&#8217;idea di Gianni Santomaso&#8221; &#8212; Radio Pi\u00f9\" class=\"wp-embedded-content\" sandbox=\"allow-scripts\" security=\"restricted\" style=\"position: absolute; clip: rect(1px, 1px, 1px, 1px);\" src=\"https:\/\/www.radiopiu.net\/wordpress\/agordinomeron\/embed\/#?secret=iRSVby16lV\" data-secret=\"iRSVby16lV\" width=\"600\" height=\"338\" frameborder=\"0\" marginwidth=\"0\" marginheight=\"0\" scrolling=\"no\"><\/iframe><\/p>\n<h3><span style=\"color: #ff6600;\">IL MESSAGGIO DEI SACERDOTI A RADIO PIU&#8217;<\/span><\/h3>\n<blockquote class=\"wp-embedded-content\" data-secret=\"9bBjltema2\"><p><a href=\"https:\/\/www.radiopiu.net\/wordpress\/il-messaggio-dai-sacerdoti-della-conca-su-radio-piu-alle-7-30-e-19-30\/\">IL MESSAGGIO DAI SACERDOTI SU RADIO PIU&#8217; ALLE 7.30 E 19.30<\/a><\/p><\/blockquote>\n<p><iframe loading=\"lazy\" title=\"&#8220;IL MESSAGGIO DAI SACERDOTI SU RADIO PIU&#8217; ALLE 7.30 E 19.30&#8221; &#8212; Radio Pi\u00f9\" class=\"wp-embedded-content\" sandbox=\"allow-scripts\" security=\"restricted\" style=\"position: absolute; clip: rect(1px, 1px, 1px, 1px);\" src=\"https:\/\/www.radiopiu.net\/wordpress\/il-messaggio-dai-sacerdoti-della-conca-su-radio-piu-alle-7-30-e-19-30\/embed\/#?secret=9bBjltema2\" data-secret=\"9bBjltema2\" width=\"600\" height=\"338\" frameborder=\"0\" marginwidth=\"0\" marginheight=\"0\" scrolling=\"no\"><\/iframe><\/p>\n<p>&nbsp;<\/p>\n<hr \/>\n<p>&nbsp;<\/p>\n<p><strong><a class=\"dt-pswp-item\" href=\"https:\/\/www.radiopiu.net\/wordpress\/wp-content\/uploads\/2018\/09\/viabilita.jpeg\" data-dt-img-description=\"\" data-large_image_width=\"800\" data-large_image_height=\"100\"><img loading=\"lazy\" decoding=\"async\" class=\"aligncenter wp-image-61954 size-full\" src=\"https:\/\/www.radiopiu.net\/wordpress\/wp-content\/uploads\/2018\/09\/viabilita.jpeg\" alt=\"\" width=\"800\" height=\"100\" srcset=\"https:\/\/www.radiopiu.net\/wordpress\/wp-content\/uploads\/2018\/09\/viabilita.jpeg 800w, https:\/\/www.radiopiu.net\/wordpress\/wp-content\/uploads\/2018\/09\/viabilita-300x38.jpeg 300w, https:\/\/www.radiopiu.net\/wordpress\/wp-content\/uploads\/2018\/09\/viabilita-768x96.jpeg 768w\" sizes=\"auto, (max-width: 800px) 100vw, 800px\" \/><\/a><\/strong><\/p>\n<blockquote><p><strong>INTERRUZIONI A CRISTO DELLE PIANIZZE\u00a0<\/strong>sp347 DURAN E CEREDA fino al 5 giugno (esclusi festivi e prefestivi) possibili interruzioni in localit\u00e0 Pianizze (Agordo) della durata massima di 15 minuti dalle 8 alle 12 e dalle 13 alle 17, inoltre senso unico alternato nei periodi non interessati dalle chiusura<\/p><\/blockquote>\n<p>PROVINCIALE 20 DELLA VAL FIORENTINA, SELVA DI CADORE: FINO AL 13 GIUGNO, CHIUSURA TOTALE TRA SOLATOR E IL CENTRO DEL PAESE ANCHE NEI GIORNI FESTIVI E PREFESTIVI, DAL CHILOMETRO 4.850 AL CHILOMETRO 5.100. TRANSITO CONSENTITO AI LOCALI CON TEMPI DI ATTESA MASSIMI STIMATI IN 30 MINUTI IN LOCALITA\u2019 SOLATOR DAL CHILOMETRO 4.400 AL CHILOMETRO 4.850<\/p>\n<p>REGIONALE 48 DELLE DOLOMITI, LOCALIT\u00c0 POCOL INIZIO ABITATO CORTINA,FINO\u00a0 AL 12 GIUGNO SEMAFORO PER TRATTI DI 250 METRI ANCHE NEI GIORNI FESTIVI E PREFESTIVI<\/p>\n<p>REGIONALE 203 AGORDINA FINO AL 15 GIUGNO IN LOCALIT\u00c0 LA MUDA DEVIAZIONE SU VIABILIT\u00c0 PROVVISORIA, PRUDENZA<\/p>\n<p>PROVINCIALE 346 SAN PELLEGRINO\u00a0 FINO\u00a0 AL 22 MAGGIO IN COMUNE DI CANALE D\u2019AGORDO SENSO UNICO ALTERNATO ESCLUSI SABATO E DOMENICA<\/p>\n<p>PROVINCIALE 12 PEDEMONTANA LOCALIT\u00c0 PONTE MAS, CHIUSURA TOTALE DI PONTE MAS FINO\u00a0 AL 30 GIUGNO<\/p>\n<p>STRADA REGIONALE 48 DELLE DOLOMITI, DAL KM 110,350 AL KM 112, SENSO UNICO ALTERNATO REGOLATO DA IMPIANTO SEMAFORICO ANCHE SABATO E FESTIVI FINO\u00a0 AL 31 MAGGIO PER POSA ELETTRODOTTO INTERRATO<\/p>\n<p>PROVINCIALE 563 DI SALESEI, FINO\u00a0 AL 3 LUGLIO, SENSO UNICO ALTERNATO REGOLATO DA IMPIANTO SEMAFORICO IN LOCALIT\u00c0 DIGONERA PER MESSA IN SICUREZZA PIANO VIABILE, SABATO E FESTIVI INCLUSI<\/p>\n<p>PROVINCIALE 347 PASSO DURAN, LOCALITA\u2019 SANT\u2019ANDREA DI GOSALDO. FINO AL 5 GIUGNO SENSO UNICO ALTERNATO<\/p>\n<p>STRADA PROVINCIALE 347 DEL PASSO CEREDA E DURAN, DALLE 7 ALLE 18 ,\u00a0 FINO AL 29 MAGGIO, POSSIBILI TEMPORANEE INTERRUZZIONI ALLA VIABILIT\u00e0 DELLA DURATA MASSIMA DI 30 MINUTI E SENSO UNICO ALTERNATO REGOLATO DA MOVIERI PER ASFALTATURA TRATTI DI STRADA TRA PASSO DURAN E DONT<\/p>\n<p>STRADA PROVINCIALE 346 DEL PASSO SAN PELLEGRINO, FINO\u00a0 AL 5 GIUGNO, SENSO UNICO ALTERNATO REGOLATO DA IMPIANTO SEMOFORICO TRA FALCADE E FALCADE ALTO PER POSA CAVIDOTTO FIBRA OTTICA<\/p>\n<p>STRADA PROVINCIALE 347 DEL PASSO CEREDA E DURAN, FINO\u00a0 AL 01 GIUGNO ESCLUSE DOMENICHE E FESTIVI, SENSO UNICO ALTERNATO REGOLATO DA IMPIANTO SEMAFORICO O MOVIERI IN COMUNE DI VALLE DI CADORE PER SONDAGGI GEOTECNICI<\/p>\n<p>STRADA REGIONALE 203 AGORDINA, ABITATO DI MASARE\u2019 DI ROCCA PIETORE. FINO\u00a0 AL 22 MAGGIO, ESCLUSO SABATO E DOMENICA, DALLE 8 ALLE 17 SENSO UNICO ALTERNATO REGOLATO DA IMPIANTO SEMAFORICO PER REALIZZAZIONE IMPIANTO ILLUMINAZIONE SU PASSAGGIO PEDONALE<\/p>\n<p>SP346 DEL SAN PELLEGRINO, COMUNE DI VALLADA,\u00a0 FINO\u00a0 AL 29 MAGGIO SENSO UNICO ALTERNATO PER MESSA IN SICUREZZA BARRIERE LATERALI<\/p>\n<p>&nbsp;<\/p>\n<hr \/>\n<p>&nbsp;<\/p>\n<p><img decoding=\"async\" class=\"aligncenter jetpack-lazy-image jetpack-lazy-image--handled\" src=\"https:\/\/i0.wp.com\/www.radiopiu.net\/wordpress\/wp-content\/uploads\/2018\/09\/WhatsApp-Image-2018-09-20-at-16.04.06.jpeg?resize=800%2C100&amp;ssl=1\" data-lazy-loaded=\"1\" \/><\/p>\n<p>&nbsp;<\/p>\n<p><center><b>Martedi 19<\/b><\/center><b>Tempo atteso:\u00a0<\/b>Tempo solo in parte soleggiato per presenza di velature del cielo e transito di nubi medio-alte, pi\u00f9 presenti ed estese sulle Prealpi. Nelle ore pi\u00f9 calde, oltre alle nubi medie, ci saranno addensamenti cumuliformi irregolari assieme a qualche tratto di sole. Clima diurno un po&#8217; meno caldo per minore soleggiamento.<br \/>\n<b>Precipitazioni:\u00a0<\/b>Al mattino assenti sulle Dolomiti (0%), mentre qualche piovasco potrebbe gi\u00e0 interessare le Prealpi centro-occidentali (20\/30%). Nel pomeriggio la probabilit\u00e0 di piovaschi si estender\u00e0 anche alla provincia di Belluno, ma rimane assai contenuta (10\/20%), con qualche fiocco olte i 2900 m. Sulla maggiore parte dei settori potrebbe non piovere affatto.<br \/>\n<b>Temperature:\u00a0<\/b>Minime pressoch\u00e9 stazionarie in quota e in rialzo nelle valli; massime in leggera diminuzione, ma ancora superiori alla norma. Si prevedono punte massime di 20\/21\u00b0C nei fondovalle prealpini e di 17\/18\u00b0C a 1000\/1200 m. Sulle Prealpi a 1500 m min 10\u00b0C, max 13\u00b0C e a 2000 m min 8\u00b0C, max 10\u00b0C, sulle Dolomiti a 2000 m min 6\u00b0C, max 9\u00b0C e a 3000 m min -1\u00b0C, max 0\u00b0C.<br \/>\n<b>Venti:\u00a0<\/b>Nelle valli deboli o moderati a regime di brezza. In quota moderati da nord-est, anche a tratti tesi sulle cime pi\u00f9 alte e su alcune dorsali prealpine, a 10-25 km\/h a 2000 m e 20\/30 km\/h a 3000 m.<\/p>\n<hr \/>\n<p><center><b>Mercoledi 20<\/b><\/center><b>Tempo atteso:\u00a0<\/b>Tempo ben soleggiato con cielo sereno o poco nuvoloso per modesta attivit\u00e0 cumuliforme nelle ore pi\u00f9 calde, pi\u00f9 presente sulla fascia prealpina. Il clima continuer\u00e0 ad essere pi\u00f9 caldo del normale.<br \/>\n<b>Precipitazioni:\u00a0<\/b>Assenti (0%, salvo isolati piovaschi nel tardo pomeriggio sulle Prealpi (10\/20%).<br \/>\n<b>Temperature:\u00a0<\/b>Minime in leggero calo, specie nelle valli; massime senza notevoli variazioni rispetto a marted\u00ec, eccetto locali lievi aumenti nei fondovalle. Sono previste punte massime di 23\/24\u00b0C nei fondovalle prealpini e di 19\/20\u00b0C a 1000\/1200 m. Sulle Prealpi a 1500 m min 8\u00b0C, max 14\u00b0C e a 2000 m min 6\u00b0C, max 11\u00b0C, sulle Dolomiti a 2000 m min 5\u00b0C, max 12\u00b0C e a 3000 m min -1\u00b0C, max 2\u00b0C.<br \/>\n<b>Venti:\u00a0<\/b>Nelle valli deboli o localmente ed a tratti moderati a regime di brezza. In quota moderati\/tesi da nord-est durante la notte sulle cime pi\u00f9 alte e su alcune dorsali prealpine, poi in attenuazione e perlopi\u00f9 deboli\/moderati, a 5-25 km\/h a 2000 m e 15\/35 km\/h a 3000 m.<\/p>\n<hr \/>\n<p><center><b>Giovedi 21<\/b><\/center>Al mattino tempo ben soleggiato con cielo sereno ed ottima visibilit\u00e0. Al pomeriggio riduzione del soleggiamento per modesti cumuli sulle Dolomiti, mentre l&#8217;attivit\u00e0 cumuliforme sar\u00e0 pi\u00f9 presente sulle Prealpi, specie a ridosso della pedemontana per cumuli di convergenza (flusso da sud sui versanti pedemontani e da nord in quota). Generale lieve rialzo termico in quota, mentre le temperature saranno in calo nei fondovalle. Venti in quota deboli\/moderati da nord, a regime di brezza nelle valli.<\/p>\n<hr \/>\n<p><center><b>Venerdi 22<\/b><\/center>Tempo solo in parte soleggiato per transito di estese nubi alte, perlopi\u00f9 sottili. In questo contesto di velature del cielo, l&#8217;attivit\u00e0 cumuliforme delle ore pi\u00f9 calde sar\u00e0 assai inibita e pressoch\u00e9 assente, salvo sulla fascia prealpina, con lieve insidia per fenomeni convettivi. Clima sempre caldo per il periodo. Venti in quota deboli\/moderati da nord nord-ovest, perlopi\u00f9 deboli a regime di brezza nelle valli. Previsore: R.L.Th<\/p>\n","protected":false},"excerpt":{"rendered":"<p>PER RICEVERE QUESTO NOTIZIARIO DIRETTAMENTE SUL TUO CELLULARE ISCRIVITI AL CANALE TELEGRAM\u00a0\u201cRADIO PIU\u00a0 INFORMAZIONE\u201d &nbsp; TRA LE NOTIZIE PIU&#8217; CLICCATE NELLA GIORNATA DI IERI LUNEDI 18 MAGGIO MA NEL 2021 TORNEREMO AD ABBRACCIARCI&#8230;PIU&#8217; UNITI DI PRIMA \u00a0 Gestione Servizi Pubblici informa che a GOSALDO nelle Localit\u00e0 LE CASE, CURTI e INCASAL, l\u2019acqua erogata dall\u2019acquedotto \u00e8&hellip;<\/p>\n","protected":false},"author":4,"featured_media":138796,"comment_status":"closed","ping_status":"closed","sticky":false,"template":"","format":"standard","meta":{"_monsterinsights_skip_tracking":false,"_monsterinsights_sitenote_active":false,"_monsterinsights_sitenote_note":"","_monsterinsights_sitenote_category":0,"footnotes":""},"categories":[1,51,86],"tags":[],"class_list":["post-138567","post","type-post","status-publish","format-standard","has-post-thumbnail","hentry","category-senza-categoria","category-evidenza-top","category-gr","category-1","category-51","category-86","description-off"],"img_url":"https:\/\/www.radiopiu.net\/wordpress\/wp-content\/uploads\/2020\/05\/c32599ff-125c-4db7-b044-beedd2d1bafe.jpg","_links":{"self":[{"href":"https:\/\/www.radiopiu.net\/wordpress\/wp-json\/wp\/v2\/posts\/138567","targetHints":{"allow":["GET"]}}],"collection":[{"href":"https:\/\/www.radiopiu.net\/wordpress\/wp-json\/wp\/v2\/posts"}],"about":[{"href":"https:\/\/www.radiopiu.net\/wordpress\/wp-json\/wp\/v2\/types\/post"}],"author":[{"embeddable":true,"href":"https:\/\/www.radiopiu.net\/wordpress\/wp-json\/wp\/v2\/users\/4"}],"replies":[{"embeddable":true,"href":"https:\/\/www.radiopiu.net\/wordpress\/wp-json\/wp\/v2\/comments?post=138567"}],"version-history":[{"count":0,"href":"https:\/\/www.radiopiu.net\/wordpress\/wp-json\/wp\/v2\/posts\/138567\/revisions"}],"wp:featuredmedia":[{"embeddable":true,"href":"https:\/\/www.radiopiu.net\/wordpress\/wp-json\/wp\/v2\/media\/138796"}],"wp:attachment":[{"href":"https:\/\/www.radiopiu.net\/wordpress\/wp-json\/wp\/v2\/media?parent=138567"}],"wp:term":[{"taxonomy":"category","embeddable":true,"href":"https:\/\/www.radiopiu.net\/wordpress\/wp-json\/wp\/v2\/categories?post=138567"},{"taxonomy":"post_tag","embeddable":true,"href":"https:\/\/www.radiopiu.net\/wordpress\/wp-json\/wp\/v2\/tags?post=138567"}],"curies":[{"name":"wp","href":"https:\/\/api.w.org\/{rel}","templated":true}]}}