{"id":138614,"date":"2020-05-18T12:32:32","date_gmt":"2020-05-18T10:32:32","guid":{"rendered":"https:\/\/www.radiopiu.net\/wordpress\/?p=138614"},"modified":"2020-05-18T13:35:57","modified_gmt":"2020-05-18T11:35:57","slug":"conferenza-stampa-del-presidente-del-veneto-luca-zaia-18-maggio-2020","status":"publish","type":"post","link":"https:\/\/www.radiopiu.net\/wordpress\/conferenza-stampa-del-presidente-del-veneto-luca-zaia-18-maggio-2020\/","title":{"rendered":"IN ARRIVO LA CIRCOLARE ULTERIORE PER I RISTORANTI PER L&#8217;ACCESSO AI BUFFET, PER ORA VIETATI. NUOVA ORDINANZA PER IL TRASPORTO PUBBLICO LOCALE, CENTRI ESTIVI E SPETTACOLI VIAGGIANTI.   CONFERENZA STAMPA DEL PRESIDENTE DEL VENETO LUCA ZAIA 18 MAGGIO 2020"},"content":{"rendered":"<p><strong>VENEZIA<\/strong>\u00a0Da Marghera il Presidente Luca Zaia fa il punto sull\u2019emergenza Covid-19<\/p>\n<h3>NELLE ULTIME 24 ORE TAMPONI 513.848 (+7114 nonostante una macchina la piu&#8217; importante guasta) POSITIVI 18950 (+11) ISOLAMENTO 3870 (-109), RICOVERATI 592 (-9), TERAPIA INTENSIVE 51 (+1 in linea con il trend) DIMESSI 3187 (+8) MORTI 1803 IN TOTALE, IN OSPEDALE 1322<\/h3>\n<blockquote>\n<h2><span style=\"color: #ff0000;\">LEGGI LA CONFERENZA STAMPA DI LUCA ZAIA<\/span><\/h2>\n<p><em>I nostri tecnici considerano la mascherina come salva vita, facciamo questo sacrificio per i prossimi 10 giorni. Ne abbiamo fatti tanti di sacrifici, ma questo non \u00e8 certo il maggiore. \u200bSabato notte\u00a0 \u00e8 saltata l&#8217;intesa perch\u00e9 non era praticabile e le Regioni non erano neppure in allegato, abbiamo incontrato Conte nella notte con Boccia e abbiamo chiuso la partita con un impegno formale per le riaperture con la valutazione epidemiologica.<\/em><\/p><\/blockquote>\n<p><strong>RIPARTENZA<\/strong> Motori al minimo, ma il Veneto \u00e8 partito anche se la giornata clou sar\u00e0 domani. Tante segnalazioni e richiesta di chiarimenti a partire dai <strong>MERCATI<\/strong> che sono autorizzati, tutti di ogni ordine e grado,\u00a0 con le linee guida, si va nella direzione del buon senso, dal mercatino dell&#8217;antiquariato a quello settimanale fino agli ambulanti. <strong>BUFFET CON NUOVE REGOLE<\/strong> Per i ristoranti stiamo lavorando a una norma ulteriore ma e&#8217; sufficiente il distanziamento di almeno 1 metro, uso di mascherina, guanti, igienizzanti, ricambio d&#8217;aria e privilegio delle aree esterne. Che i sindaci incentivino l&#8217;ampliamento dei plateatici anche in via temporanea. Vietati i buffet, ma poich\u00e9 apprezzata dai turisti faremo ora un&#8217;ordinanza in accordo con il dipartimento prevenzione, sar\u00e0 stile self service. Quindi formula buffet con servizio. <strong>CENTRI ESTIVI<\/strong> Stiamo lavorando con un&#8217;ultima ricognizione sulla scorta delle nostre linee guida, \u00e8 una partita da sbloccare per fine maggio primi giorni di giugno (tra il 25 maggio e il\u00a0 1 giugno). Anche dal Governo c&#8217;era la promessa di trattarlo in settimana ma \u00e8 gi\u00e0 stato inserito nel DPCM e questo ci aiuta, deduco che abbia fatto trovare un&#8217;intesa mentre la notte precedente il tema non \u00e8 stato affrontato. Si \u00e8 aperto un pertugio, i 150 milioni per i centri estivi, l&#8217;assessore ha pronte le linee guida e incontrato le realt\u00e0, ora dovremo mettere in fila tutto. Se siamo i primi andr\u00e0 meglio anche con i fondi stanziati. <strong>PARCHI E SPETTACOLI VIAGGIANTI\u00a0<\/strong> Con precise linee guida affronteremo anche questa partita, firmero&#8217; l&#8217;ordinanza in settimana.<strong> IPPICA<\/strong> Purtroppo devo ricordare che l&#8217;attivit\u00e0 sportiva agonistica non \u00e8 autorizzata, da nostre letture la corsa dei cavalli non e&#8217; ammessa ma stiamo facendo ulteriori approfondimenti. E&#8217; vero che in altre Regione si &#8220;corre&#8221; ma il decreto \u00e8 chiaro ammette solo sport individuali. <strong>DISPOSITIVI<\/strong> Arrivano molte segnalazioni di chi non usa la mascherina, affrontiamo questa nuova stagione con l&#8217;obbligo della mascherina non per regime ma perch\u00e9 la nostra \u00e8 un&#8217;apertura importante che va oltre il DPCM. Non vogliamo ossessionare, ma mettere in sicurezza i cittadini ed \u00e8 un atto di responsabilit\u00e0.<\/p>\n<h2><span style=\"color: #0000ff;\">DOMANDE\u00a0<\/span><\/h2>\n<p><strong>TRASPORTI<\/strong> In arrivo a ore un&#8217;ordinanza nel rispetto delle linee guida. Altre ordinanze in arrivo in settimana per gli spettacoli viaggianti e i centri estivi ammessi del DPCM.<\/p>\n<p><strong>CULTURA CENTRI SOCIALI<\/strong> Tutto quello che possiamo fare lo facciamo ma lasciateci il tempo di lavorare il DPCM ci viene contro, tutto quello che \u00e8 aggregazione \u00e8 vietato. sono per affrontare il tema in maniera paritetica cinema, teatro, centri sociali etc.<\/p>\n<p><strong>TRASPORTI PUBBLICI<\/strong>\u00a0 L&#8217;ordinanza \u00e8 pronta e stiamo stimolando le aziende per tornare in quota perch\u00e9 \u00e8 tutto aperto e bisogna garantire il servizio. Sar\u00e0 un&#8217;ordinanza stante le linee guida governativa.<\/p>\n<p><strong>LA PATENTE DI IMMUNITA&#8217;?\u00a0<\/strong> Si va avanti con la sperimentazione, non esiste un esame validato. Abbiamo avuto un problema nell&#8217;approviginamento dei kit.<\/p>\n<p><strong>PARCHI UTILIZZABILI ANCHE PER I MINORI CON GIOSTRINE, LA LANZARIN DICE INVECE CHE LE GIOSTRINE NON SONO AMMESSE.\u00a0<\/strong> Sar\u00e0 anche questa materia delle nuove ordinanze appena avremo le linee guida.<\/p>\n<p><strong>MANCANO I GUANTI INTROVABILI E COSTOSI<\/strong> Abbiamo avuto segnalazioni della difficolt\u00e0 di approvigionamento si \u00e8 poi aggiunto il quesito, se non li trovi non sono pi\u00f9 usa e getta. Abbiamo eliminato il guanto (non per gli operatori) sostituendolo con il gel igienizzante che \u00e8 sufficiente.<\/p>\n<p><strong>LAVORATORI DI CANTIERE SENZA MASCHERINA, VIENE SANZIONATO E CHI PAGA?<\/strong> La mascherina si usa quando non c&#8217;e&#8217; il distanziamento sul posto di lavoro. Oltre il metro non serve. Responsabilit\u00e0 invididuale e poi una collettiva del datore di lavoro che non le ha fornite. Mi sa che essendo in Italia la multa la pagano tutti due.<\/p>\n<p><strong>CHIUSO L&#8217;ACCORDO CON TRENTO EMILIA\u00a0 E FRIULI\u00a0<\/strong> regioni confinanti per la visita dei congiunti. Belluno potr\u00e0 spostarsi tra Trento e Udine. Con la Lombardia e Bolzano non c&#8217;\u00e8 nulla in piedi ne abbiamo solo parlato.<\/p>\n<p><strong>GRANDI POLI FIERISTICI DA VERONA A LONGARONE<\/strong> Abbiamo gi\u00e0 mandato due lettere per sollecitare il Governo ad un intervento straordinario per gli enti fieristici. Stiamo attendendo risposte, per noi sono elemento irrinunciabile, speriamo di riprendere la stagione nei prossimi mesi e tornare ai nostri calendari.<\/p>\n<p><strong>FISSATA L&#8217;ASTICELLA PER LA CHIUSURA?<\/strong> Tecnicamente ancora no, \u00e8 fondamentale pi\u00f9 che l&#8217;incremento i 7-8 giorni di incremento costante e la nascita di focolai sul territorio da circoscrivere. Ad ora non c&#8217;\u00e8 alcun allarme. Oggi l&#8217;emergenza terapie intensive non c&#8217;\u00e8 pi\u00f9.<\/p>\n<p><strong>DAL 2 GIUGNO TOGLIAMO LA MASCHERINA?<\/strong> Ce le porteremo dietro per un bel po&#8217;, negli ambienti chiusi e in presenza di altre persone.<\/p>\n<p><strong>SUPERMERCATI E CENTRI COMMERCIALI<\/strong> Sono stati chiusi in una fase emergenziale acuta che giustificava un intervento d&#8217;imperio. Ora non \u00e8 pi\u00f9 giustificata e non possiamo piu&#8217; scegliere di aprire o chiudere non \u00e8 nostra competenza. Lo dico alle commesse che mi chiedono.<\/p>\n<blockquote>\n<h2><span style=\"color: #ff0000;\">MANUELA LANZARIN<\/span><\/h2>\n<\/blockquote>\n<p><strong>CENTRI ESTIVI<\/strong> Avevano fatto le linee guida per le fasce 0-6 e 0-14, poi con le altre regioni in preparazione della parte politica. Avevamo concordato anche la parte 0-14,\u00a0 venerdi sera questa parte \u00e8 stata stralciata, il Governo ha chiesto di ritirarla. Sabato sera sono arrivate le linee guida del Ministro della famiglia Bonetti che parla di 3-14 anni e per i 0-3 strutture attrezzate sui parchi. Nel DPCM apertura 3-14 (dimenticano il 0-3) dal 15 giugno in poi. Questa settimana riprenderemo tutta la partita e poi vedremo<\/p>\n<p><strong>STRUTTURE PER ANZIANI:<\/strong> Ultimi 14 giorni, dato positivo continuando a fare screening grossa flessione ospiti positivi -1.9% (- 637) ospiti,\u00a0 operatori &#8211; 1.2 (- 368). Dato in miglioramento anche se le strutture rimangono sorvegliate speciali.<\/p>\n<p><a class=\"dt-pswp-item\" href=\"https:\/\/www.radiopiu.net\/wordpress\/wp-content\/uploads\/2020\/05\/092064d2-b434-4c1a-a49d-dd06956e92d8.jpg\" data-dt-img-description=\"\" data-large_image_width=\"1026\" data-large_image_height=\"220\"><img loading=\"lazy\" decoding=\"async\" class=\"alignnone wp-image-138163 size-large\" src=\"https:\/\/www.radiopiu.net\/wordpress\/wp-content\/uploads\/2020\/05\/092064d2-b434-4c1a-a49d-dd06956e92d8-1024x220.jpg\" alt=\"\" width=\"1024\" height=\"220\" srcset=\"https:\/\/www.radiopiu.net\/wordpress\/wp-content\/uploads\/2020\/05\/092064d2-b434-4c1a-a49d-dd06956e92d8-1024x220.jpg 1024w, https:\/\/www.radiopiu.net\/wordpress\/wp-content\/uploads\/2020\/05\/092064d2-b434-4c1a-a49d-dd06956e92d8-300x64.jpg 300w, https:\/\/www.radiopiu.net\/wordpress\/wp-content\/uploads\/2020\/05\/092064d2-b434-4c1a-a49d-dd06956e92d8-768x165.jpg 768w, https:\/\/www.radiopiu.net\/wordpress\/wp-content\/uploads\/2020\/05\/092064d2-b434-4c1a-a49d-dd06956e92d8.jpg 1026w\" sizes=\"auto, (max-width: 1024px) 100vw, 1024px\" \/><\/a><\/p>\n<p>https:\/\/www.facebook.com\/zaiaufficiale\/videos\/566252227626254<\/p>\n","protected":false},"excerpt":{"rendered":"<p>VENEZIA\u00a0Da Marghera il Presidente Luca Zaia fa il punto sull\u2019emergenza Covid-19 NELLE ULTIME 24 ORE TAMPONI 513.848 (+7114 nonostante una macchina la piu&#8217; importante guasta) POSITIVI 18950 (+11) ISOLAMENTO 3870 (-109), RICOVERATI 592 (-9), TERAPIA INTENSIVE 51 (+1 in linea con il trend) DIMESSI 3187 (+8) MORTI 1803 IN TOTALE, IN OSPEDALE 1322 LEGGI LA&hellip;<\/p>\n","protected":false},"author":4,"featured_media":121391,"comment_status":"closed","ping_status":"closed","sticky":false,"template":"","format":"standard","meta":{"_monsterinsights_skip_tracking":false,"_monsterinsights_sitenote_active":false,"_monsterinsights_sitenote_note":"","_monsterinsights_sitenote_category":0,"footnotes":""},"categories":[49],"tags":[],"class_list":["post-138614","post","type-post","status-publish","format-standard","has-post-thumbnail","hentry","category-news-18","category-49","description-off"],"img_url":"https:\/\/www.radiopiu.net\/wordpress\/wp-content\/uploads\/2020\/03\/covid-zaia.jpg","_links":{"self":[{"href":"https:\/\/www.radiopiu.net\/wordpress\/wp-json\/wp\/v2\/posts\/138614","targetHints":{"allow":["GET"]}}],"collection":[{"href":"https:\/\/www.radiopiu.net\/wordpress\/wp-json\/wp\/v2\/posts"}],"about":[{"href":"https:\/\/www.radiopiu.net\/wordpress\/wp-json\/wp\/v2\/types\/post"}],"author":[{"embeddable":true,"href":"https:\/\/www.radiopiu.net\/wordpress\/wp-json\/wp\/v2\/users\/4"}],"replies":[{"embeddable":true,"href":"https:\/\/www.radiopiu.net\/wordpress\/wp-json\/wp\/v2\/comments?post=138614"}],"version-history":[{"count":0,"href":"https:\/\/www.radiopiu.net\/wordpress\/wp-json\/wp\/v2\/posts\/138614\/revisions"}],"wp:featuredmedia":[{"embeddable":true,"href":"https:\/\/www.radiopiu.net\/wordpress\/wp-json\/wp\/v2\/media\/121391"}],"wp:attachment":[{"href":"https:\/\/www.radiopiu.net\/wordpress\/wp-json\/wp\/v2\/media?parent=138614"}],"wp:term":[{"taxonomy":"category","embeddable":true,"href":"https:\/\/www.radiopiu.net\/wordpress\/wp-json\/wp\/v2\/categories?post=138614"},{"taxonomy":"post_tag","embeddable":true,"href":"https:\/\/www.radiopiu.net\/wordpress\/wp-json\/wp\/v2\/tags?post=138614"}],"curies":[{"name":"wp","href":"https:\/\/api.w.org\/{rel}","templated":true}]}}