{"id":138647,"date":"2020-05-18T14:10:52","date_gmt":"2020-05-18T12:10:52","guid":{"rendered":"https:\/\/www.radiopiu.net\/wordpress\/?p=138647"},"modified":"2020-05-18T14:10:52","modified_gmt":"2020-05-18T12:10:52","slug":"la-ripartenza-i-buffet-le-regioni-confinanti-i-supermercati-e-altro-dalla-conferenza-stampa-di-zaia","status":"publish","type":"post","link":"https:\/\/www.radiopiu.net\/wordpress\/la-ripartenza-i-buffet-le-regioni-confinanti-i-supermercati-e-altro-dalla-conferenza-stampa-di-zaia\/","title":{"rendered":"LA RIPARTENZA, I BUFFET, LE REGIONI CONFINANTI, I SUPERMERCATI E ALTRO DALLA CONFERENZA STAMPA DI ZAIA"},"content":{"rendered":"<p><strong>RIPARTENZA<\/strong><\/p>\n<p>Motori al minimo, ma il Veneto \u00e8 partito anche se la giornata clou sar\u00e0 domani<\/p>\n<audio class=\"wp-audio-shortcode\" id=\"audio-138647-1\" preload=\"none\" style=\"width: 100%;\" controls=\"controls\"><source type=\"audio\/mpeg\" src=\"https:\/\/www.radiopiu.net\/wordpress\/wp-content\/uploads\/2020\/05\/ZAIA-RIPARTENZA.mp3?_=1\" \/><a href=\"https:\/\/www.radiopiu.net\/wordpress\/wp-content\/uploads\/2020\/05\/ZAIA-RIPARTENZA.mp3\">https:\/\/www.radiopiu.net\/wordpress\/wp-content\/uploads\/2020\/05\/ZAIA-RIPARTENZA.mp3<\/a><\/audio>\n<p>&nbsp;<\/p>\n<p><strong>BUFFET CON NUOVE REGOLE<\/strong><\/p>\n<p>Per i ristoranti stiamo lavorando a una norma ulteriore ma e\u2019 sufficiente il distanziamento di almeno 1 metro, uso di mascherina, guanti, igienizzanti, ricambio d\u2019aria e privilegio delle aree esterne. Che i sindaci incentivino l\u2019ampliamento dei plateatici anche in via temporanea. Vietati i buffet, ma poich\u00e9 apprezzata dai turisti faremo ora un\u2019ordinanza in accordo con il dipartimento prevenzione, sar\u00e0 stile self service. Quindi formula buffet con servizio<\/p>\n<audio class=\"wp-audio-shortcode\" id=\"audio-138647-2\" preload=\"none\" style=\"width: 100%;\" controls=\"controls\"><source type=\"audio\/mpeg\" src=\"https:\/\/www.radiopiu.net\/wordpress\/wp-content\/uploads\/2020\/05\/ZAIA-BUFFET.mp3?_=2\" \/><a href=\"https:\/\/www.radiopiu.net\/wordpress\/wp-content\/uploads\/2020\/05\/ZAIA-BUFFET.mp3\">https:\/\/www.radiopiu.net\/wordpress\/wp-content\/uploads\/2020\/05\/ZAIA-BUFFET.mp3<\/a><\/audio>\n<p>&nbsp;<\/p>\n<p><strong>PARCHI E SPETTACOLI VIAGGIANTI\u00a0<\/strong><\/p>\n<p>Con precise linee guida affronteremo anche questa partita, firmer\u00f2 l\u2019ordinanza in settimana<\/p>\n<audio class=\"wp-audio-shortcode\" id=\"audio-138647-3\" preload=\"none\" style=\"width: 100%;\" controls=\"controls\"><source type=\"audio\/mpeg\" src=\"https:\/\/www.radiopiu.net\/wordpress\/wp-content\/uploads\/2020\/05\/ZAIA-LUNA-PARK.mp3?_=3\" \/><a href=\"https:\/\/www.radiopiu.net\/wordpress\/wp-content\/uploads\/2020\/05\/ZAIA-LUNA-PARK.mp3\">https:\/\/www.radiopiu.net\/wordpress\/wp-content\/uploads\/2020\/05\/ZAIA-LUNA-PARK.mp3<\/a><\/audio>\n<p>&nbsp;<\/p>\n<p><strong>DISPOSITIVI<\/strong><\/p>\n<p>Arrivano molte segnalazioni di chi non usa la mascherina, affrontiamo questa nuova stagione con l\u2019obbligo della mascherina non per regime ma perch\u00e9 la nostra \u00e8 un\u2019apertura importante che va oltre il DPCM. Non vogliamo ossessionare, ma mettere in sicurezza i cittadini ed \u00e8 un atto di responsabilit\u00e0<\/p>\n<audio class=\"wp-audio-shortcode\" id=\"audio-138647-4\" preload=\"none\" style=\"width: 100%;\" controls=\"controls\"><source type=\"audio\/mpeg\" src=\"https:\/\/www.radiopiu.net\/wordpress\/wp-content\/uploads\/2020\/05\/ZAIA-DISPOSITIVI.mp3?_=4\" \/><a href=\"https:\/\/www.radiopiu.net\/wordpress\/wp-content\/uploads\/2020\/05\/ZAIA-DISPOSITIVI.mp3\">https:\/\/www.radiopiu.net\/wordpress\/wp-content\/uploads\/2020\/05\/ZAIA-DISPOSITIVI.mp3<\/a><\/audio>\n<p>&nbsp;<\/p>\n<p><strong>TRASPORTI PUBBLICI<\/strong><\/p>\n<p>L\u2019ordinanza \u00e8 pronta e stiamo stimolando le aziende per tornare in quota perch\u00e9 \u00e8 tutto aperto e bisogna garantire il servizio. Sar\u00e0 un\u2019ordinanza stante le linee guida governativa<\/p>\n<audio class=\"wp-audio-shortcode\" id=\"audio-138647-5\" preload=\"none\" style=\"width: 100%;\" controls=\"controls\"><source type=\"audio\/mpeg\" src=\"https:\/\/www.radiopiu.net\/wordpress\/wp-content\/uploads\/2020\/05\/ZAIA-TRASPORTI-1.mp3?_=5\" \/><a href=\"https:\/\/www.radiopiu.net\/wordpress\/wp-content\/uploads\/2020\/05\/ZAIA-TRASPORTI-1.mp3\">https:\/\/www.radiopiu.net\/wordpress\/wp-content\/uploads\/2020\/05\/ZAIA-TRASPORTI-1.mp3<\/a><\/audio>\n<p>&nbsp;<\/p>\n<p><strong>CHIUSO L\u2019ACCORDO CON TRENTO EMILIA\u00a0 E FRIULI\u00a0<\/strong><\/p>\n<p>Regioni confinanti per la visita dei congiunti. Belluno potr\u00e0 spostarsi tra Trento e Udine. Con la Lombardia e Bolzano non c\u2019\u00e8 nulla in piedi ne abbiamo solo parlato.<\/p>\n<audio class=\"wp-audio-shortcode\" id=\"audio-138647-6\" preload=\"none\" style=\"width: 100%;\" controls=\"controls\"><source type=\"audio\/mpeg\" src=\"https:\/\/www.radiopiu.net\/wordpress\/wp-content\/uploads\/2020\/05\/ZAIA-SPOSTAMENTI-TRA-REGIONI.mp3?_=6\" \/><a href=\"https:\/\/www.radiopiu.net\/wordpress\/wp-content\/uploads\/2020\/05\/ZAIA-SPOSTAMENTI-TRA-REGIONI.mp3\">https:\/\/www.radiopiu.net\/wordpress\/wp-content\/uploads\/2020\/05\/ZAIA-SPOSTAMENTI-TRA-REGIONI.mp3<\/a><\/audio>\n<p>&nbsp;<\/p>\n<p><strong>SUPERMERCATI E CENTRI COMMERCIALI<\/strong><\/p>\n<p>Sono stati chiusi in una fase emergenziale acuta che giustificava un intervento d\u2019imperio. Ora non \u00e8 pi\u00f9 giustificata e non possiamo pi\u00f9 scegliere di aprire o chiudere non \u00e8 nostra competenza.<\/p>\n<audio class=\"wp-audio-shortcode\" id=\"audio-138647-7\" preload=\"none\" style=\"width: 100%;\" controls=\"controls\"><source type=\"audio\/mpeg\" src=\"https:\/\/www.radiopiu.net\/wordpress\/wp-content\/uploads\/2020\/05\/ZAIA-SUPERMERCATI.mp3?_=7\" \/><a href=\"https:\/\/www.radiopiu.net\/wordpress\/wp-content\/uploads\/2020\/05\/ZAIA-SUPERMERCATI.mp3\">https:\/\/www.radiopiu.net\/wordpress\/wp-content\/uploads\/2020\/05\/ZAIA-SUPERMERCATI.mp3<\/a><\/audio>\n","protected":false},"excerpt":{"rendered":"<p>RIPARTENZA Motori al minimo, ma il Veneto \u00e8 partito anche se la giornata clou sar\u00e0 domani &nbsp; BUFFET CON NUOVE REGOLE Per i ristoranti stiamo lavorando a una norma ulteriore ma e\u2019 sufficiente il distanziamento di almeno 1 metro, uso di mascherina, guanti, igienizzanti, ricambio d\u2019aria e privilegio delle aree esterne. Che i sindaci incentivino&hellip;<\/p>\n","protected":false},"author":4,"featured_media":134423,"comment_status":"closed","ping_status":"closed","sticky":false,"template":"","format":"standard","meta":{"_monsterinsights_skip_tracking":false,"_monsterinsights_sitenote_active":false,"_monsterinsights_sitenote_note":"","_monsterinsights_sitenote_category":0,"footnotes":""},"categories":[49],"tags":[],"class_list":["post-138647","post","type-post","status-publish","format-standard","has-post-thumbnail","hentry","category-news-18","category-49","description-off"],"img_url":"https:\/\/www.radiopiu.net\/wordpress\/wp-content\/uploads\/2020\/05\/Zaia-OOOOKKKK.jpg","_links":{"self":[{"href":"https:\/\/www.radiopiu.net\/wordpress\/wp-json\/wp\/v2\/posts\/138647","targetHints":{"allow":["GET"]}}],"collection":[{"href":"https:\/\/www.radiopiu.net\/wordpress\/wp-json\/wp\/v2\/posts"}],"about":[{"href":"https:\/\/www.radiopiu.net\/wordpress\/wp-json\/wp\/v2\/types\/post"}],"author":[{"embeddable":true,"href":"https:\/\/www.radiopiu.net\/wordpress\/wp-json\/wp\/v2\/users\/4"}],"replies":[{"embeddable":true,"href":"https:\/\/www.radiopiu.net\/wordpress\/wp-json\/wp\/v2\/comments?post=138647"}],"version-history":[{"count":0,"href":"https:\/\/www.radiopiu.net\/wordpress\/wp-json\/wp\/v2\/posts\/138647\/revisions"}],"wp:featuredmedia":[{"embeddable":true,"href":"https:\/\/www.radiopiu.net\/wordpress\/wp-json\/wp\/v2\/media\/134423"}],"wp:attachment":[{"href":"https:\/\/www.radiopiu.net\/wordpress\/wp-json\/wp\/v2\/media?parent=138647"}],"wp:term":[{"taxonomy":"category","embeddable":true,"href":"https:\/\/www.radiopiu.net\/wordpress\/wp-json\/wp\/v2\/categories?post=138647"},{"taxonomy":"post_tag","embeddable":true,"href":"https:\/\/www.radiopiu.net\/wordpress\/wp-json\/wp\/v2\/tags?post=138647"}],"curies":[{"name":"wp","href":"https:\/\/api.w.org\/{rel}","templated":true}]}}