{"id":138662,"date":"2020-05-18T15:01:31","date_gmt":"2020-05-18T13:01:31","guid":{"rendered":"https:\/\/www.radiopiu.net\/wordpress\/?p=138662"},"modified":"2020-05-18T15:01:31","modified_gmt":"2020-05-18T13:01:31","slug":"da-dopodomani-riprende-il-mercato-di-agordo","status":"publish","type":"post","link":"https:\/\/www.radiopiu.net\/wordpress\/da-dopodomani-riprende-il-mercato-di-agordo\/","title":{"rendered":"DA DOPODOMANI RIPRENDE IL MERCATO DI AGORDO"},"content":{"rendered":"<p><strong><a class=\"dt-pswp-item\" href=\"https:\/\/www.radiopiu.net\/wordpress\/wp-content\/uploads\/2020\/04\/MERCATO-APERTO.jpg\" data-dt-img-description=\"\" data-large_image_width=\"1920\" data-large_image_height=\"1280\"><img loading=\"lazy\" decoding=\"async\" class=\" wp-image-127226 alignleft\" src=\"https:\/\/www.radiopiu.net\/wordpress\/wp-content\/uploads\/2020\/04\/MERCATO-APERTO-300x200.jpg\" alt=\"\" width=\"242\" height=\"161\" srcset=\"https:\/\/www.radiopiu.net\/wordpress\/wp-content\/uploads\/2020\/04\/MERCATO-APERTO-300x200.jpg 300w, https:\/\/www.radiopiu.net\/wordpress\/wp-content\/uploads\/2020\/04\/MERCATO-APERTO-1024x683.jpg 1024w, https:\/\/www.radiopiu.net\/wordpress\/wp-content\/uploads\/2020\/04\/MERCATO-APERTO-768x512.jpg 768w, https:\/\/www.radiopiu.net\/wordpress\/wp-content\/uploads\/2020\/04\/MERCATO-APERTO-1536x1024.jpg 1536w, https:\/\/www.radiopiu.net\/wordpress\/wp-content\/uploads\/2020\/04\/MERCATO-APERTO.jpg 1920w\" sizes=\"auto, (max-width: 242px) 100vw, 242px\" \/><\/a>AGORDO<\/strong> Da dopodomani sar\u00e0 riattivato il mercato settimanale del mercoled\u00ec per tutte le tipologie di attivit\u00e0, alimentare &#8211; non alimentare &#8211; produttori agricoli, titolari di posteggio con il consueto orario dalle 6 alle 14, nell\u2019assoluto rispetto delle \u201cLinee di indirizzo per la riapertura delle attivit\u00e0 economiche, produttive e ricreative\u201d della Regione Veneto con l\u2019utilizzo obbligatorio della mascherina, rigorosamente indossata, per chiunque acceda all\u2019area\u00a0mercatale.<\/p>\n<p><strong>CLAUDIO SITO ASSESSORE ATTIVITA&#8217; PRODUTTIVE<\/strong><\/p>\n<audio class=\"wp-audio-shortcode\" id=\"audio-138662-1\" preload=\"none\" style=\"width: 100%;\" controls=\"controls\"><source type=\"audio\/mpeg\" src=\"https:\/\/www.radiopiu.net\/wordpress\/wp-content\/uploads\/2020\/05\/CLAUDIO-SITO-ASSESSORE-ATTIVITA-PRODUTTIVE.mp3?_=1\" \/><a href=\"https:\/\/www.radiopiu.net\/wordpress\/wp-content\/uploads\/2020\/05\/CLAUDIO-SITO-ASSESSORE-ATTIVITA-PRODUTTIVE.mp3\">https:\/\/www.radiopiu.net\/wordpress\/wp-content\/uploads\/2020\/05\/CLAUDIO-SITO-ASSESSORE-ATTIVITA-PRODUTTIVE.mp3<\/a><\/audio>\n<p>&nbsp;<\/p>\n","protected":false},"excerpt":{"rendered":"<p>AGORDO Da dopodomani sar\u00e0 riattivato il mercato settimanale del mercoled\u00ec per tutte le tipologie di attivit\u00e0, alimentare &#8211; non alimentare &#8211; produttori agricoli, titolari di posteggio con il consueto orario dalle 6 alle 14, nell\u2019assoluto rispetto delle \u201cLinee di indirizzo per la riapertura delle attivit\u00e0 economiche, produttive e ricreative\u201d della Regione Veneto con l\u2019utilizzo obbligatorio&hellip;<\/p>\n","protected":false},"author":4,"featured_media":127226,"comment_status":"closed","ping_status":"closed","sticky":false,"template":"","format":"standard","meta":{"_monsterinsights_skip_tracking":false,"_monsterinsights_sitenote_active":false,"_monsterinsights_sitenote_note":"","_monsterinsights_sitenote_category":0,"footnotes":""},"categories":[49],"tags":[],"class_list":["post-138662","post","type-post","status-publish","format-standard","has-post-thumbnail","hentry","category-news-18","category-49","description-off"],"img_url":"https:\/\/www.radiopiu.net\/wordpress\/wp-content\/uploads\/2020\/04\/MERCATO-APERTO.jpg","_links":{"self":[{"href":"https:\/\/www.radiopiu.net\/wordpress\/wp-json\/wp\/v2\/posts\/138662","targetHints":{"allow":["GET"]}}],"collection":[{"href":"https:\/\/www.radiopiu.net\/wordpress\/wp-json\/wp\/v2\/posts"}],"about":[{"href":"https:\/\/www.radiopiu.net\/wordpress\/wp-json\/wp\/v2\/types\/post"}],"author":[{"embeddable":true,"href":"https:\/\/www.radiopiu.net\/wordpress\/wp-json\/wp\/v2\/users\/4"}],"replies":[{"embeddable":true,"href":"https:\/\/www.radiopiu.net\/wordpress\/wp-json\/wp\/v2\/comments?post=138662"}],"version-history":[{"count":0,"href":"https:\/\/www.radiopiu.net\/wordpress\/wp-json\/wp\/v2\/posts\/138662\/revisions"}],"wp:featuredmedia":[{"embeddable":true,"href":"https:\/\/www.radiopiu.net\/wordpress\/wp-json\/wp\/v2\/media\/127226"}],"wp:attachment":[{"href":"https:\/\/www.radiopiu.net\/wordpress\/wp-json\/wp\/v2\/media?parent=138662"}],"wp:term":[{"taxonomy":"category","embeddable":true,"href":"https:\/\/www.radiopiu.net\/wordpress\/wp-json\/wp\/v2\/categories?post=138662"},{"taxonomy":"post_tag","embeddable":true,"href":"https:\/\/www.radiopiu.net\/wordpress\/wp-json\/wp\/v2\/tags?post=138662"}],"curies":[{"name":"wp","href":"https:\/\/api.w.org\/{rel}","templated":true}]}}