{"id":138667,"date":"2020-05-18T15:45:00","date_gmt":"2020-05-18T13:45:00","guid":{"rendered":"https:\/\/www.radiopiu.net\/wordpress\/?p=138667"},"modified":"2020-05-18T15:45:00","modified_gmt":"2020-05-18T13:45:00","slug":"una-nuova-rivista-per-il-palio-di-feltre","status":"publish","type":"post","link":"https:\/\/www.radiopiu.net\/wordpress\/una-nuova-rivista-per-il-palio-di-feltre\/","title":{"rendered":"UNA NUOVA RIVISTA PER IL PALIO DI FELTRE"},"content":{"rendered":"<p><strong><a class=\"dt-pswp-item\" href=\"https:\/\/www.radiopiu.net\/wordpress\/wp-content\/uploads\/2020\/05\/quindici-ducati-drappo.jpg\" data-dt-img-description=\"\" data-large_image_width=\"406\" data-large_image_height=\"800\"><img loading=\"lazy\" decoding=\"async\" class=\"size-medium wp-image-138668 alignleft\" src=\"https:\/\/www.radiopiu.net\/wordpress\/wp-content\/uploads\/2020\/05\/quindici-ducati-drappo-152x300.jpg\" alt=\"\" width=\"152\" height=\"300\" srcset=\"https:\/\/www.radiopiu.net\/wordpress\/wp-content\/uploads\/2020\/05\/quindici-ducati-drappo-152x300.jpg 152w, https:\/\/www.radiopiu.net\/wordpress\/wp-content\/uploads\/2020\/05\/quindici-ducati-drappo.jpg 406w\" sizes=\"auto, (max-width: 152px) 100vw, 152px\" \/><\/a>FELTRE<\/strong>\u00a0Mentre si sta ancora valutando se sar\u00e0 possibile realizzare l\u2019edizione 2020 del Palio di Feltre (\u00e8 notizia di questi giorni che \u00e8 stato annullato anche quello di Siena), l\u2019attivit\u00e0 dell\u2019Associazione non si ferma e tra tante difficolt\u00e0 prosegue nel suo impegno di ordine soprattutto sociale.<span class=\"Apple-converted-space\">\u00a0<\/span>Una nuova iniziativa sta infatti per andare in porto. Si tratta dell\u2019edizione di una rivista bimestrale (ma eventualmente la tiratura potrebbe essere anche pi\u00f9 frequente) che si presenta con il titolo \u201cIl XV ducati\u201d, in onore a quei ducati d\u2019oro che ogni anno venivano assegnati al vincitore delle varie gare, a ricordo della spontanea dedizione della citt\u00e0 di Feltre alla Serenissima, nel 1404.\u00a0La rivista si propone di approfondire alcuni aspetti &#8220;dietro le quinte&#8221; della manifestazione agostana, momenti di vita e di attivit\u00e0 forse poco conosciuti ma che testimoniano il fervente impegno che si cela durante tutto l&#8217;anno dietro le tante fasi che portano alla realizzazione dell\u2019evento. Nato da una idea di Manuel Moz, il periodico sar\u00e0 distribuito gratuitamente alle famiglie feltrine, con una tiratura iniziale di cinquemila copie.<span class=\"Apple-converted-space\">\u00a0<\/span>&#8220;<em>Per arrivare a una decisione sul Palio, dichiara il Presidente Eugenio Tamburrino, ci siamo presi ancora qualche tempo, ma siamo intanto entusiasti di poter presentare un progetto che era in via di sviluppo da tempo ed \u00e8 un piacere e un onore poter dare il benvenuto a questa nuova \u2018creatura\u2019 con cui l\u2019Associazione Palio Citt\u00e0 di Feltre intende arrivare nelle case delle tante persone di Feltre affezionate alla manifestazione, ma che magari non conoscono i particolari di tante fasi organizzative e ci auguriamo che lo scopriranno tramite queste pagine. Candido Cannav\u00f2, storico direttore della Gazzetta dello Sport, aveva come grande desiderio quello di fondare e dirigere un giornale che\u00a0<\/em><em>potesse dare solo delle belle notizie, spesso neglette tra le tante tristi novit\u00e0 quotidiane. In un certo senso, nel nostro piccolo, speriamo di andare verso questa direzione: il neonato \u201cil<span class=\"Apple-converted-space\">\u00a0 <\/span>XV Ducati\u201d,<a class=\"dt-pswp-item\" href=\"https:\/\/www.radiopiu.net\/wordpress\/wp-content\/uploads\/2020\/05\/testata-xv-ducati-rotated.jpg\" data-dt-img-description=\"\" data-large_image_width=\"1400\" data-large_image_height=\"700\"><img loading=\"lazy\" decoding=\"async\" class=\"size-medium wp-image-138669 alignright\" src=\"https:\/\/www.radiopiu.net\/wordpress\/wp-content\/uploads\/2020\/05\/testata-xv-ducati-300x150.jpg\" alt=\"\" width=\"300\" height=\"150\" srcset=\"https:\/\/www.radiopiu.net\/wordpress\/wp-content\/uploads\/2020\/05\/testata-xv-ducati-300x150.jpg 300w, https:\/\/www.radiopiu.net\/wordpress\/wp-content\/uploads\/2020\/05\/testata-xv-ducati-1024x512.jpg 1024w, https:\/\/www.radiopiu.net\/wordpress\/wp-content\/uploads\/2020\/05\/testata-xv-ducati-768x384.jpg 768w, https:\/\/www.radiopiu.net\/wordpress\/wp-content\/uploads\/2020\/05\/testata-xv-ducati-rotated.jpg 1400w\" sizes=\"auto, (max-width: 300px) 100vw, 300px\" \/><\/a> nel raccontare una volta ogni sei mesi delle attivit\u00e0 che si svolgono ad opera dei quattro Quartieri, del<span class=\"Apple-converted-space\">\u00a0 <\/span>Gruppo Sbandieratori Citt\u00e0 di Feltre o dell\u2019Associazione Palio stessa, render\u00e0 conto di una bella notizia per l\u2019intera Citt\u00e0 e per i territori vicini, che sono certamente arricchiti dalla presenza del Palio e di tutte le realt\u00e0 ad esso collegate. Ancora pi\u00f9 soddisfazione ci viene dal fatto che l\u2019idea alla base della creazione di questo giornale sia \u201cgermogliata\u201d autonomamente dal gruppo dei volontari del Palio, e segnatamente ad opera di Manuel Moz. Ringrazio, a nome di tutto il Direttivo, tanto lui, quanto le altre persone che si sono subito attivate, cogliendo al volo l\u2019idea, dalla Direttrice, la nostra infaticabile Franca Visentin, fino a chi ha messo in piedi una prima, pionieristica, redazione, che \u00e8 composta da Marco Hubert Campigotto, dallo stesso Manuel Moz, da Stefano Piaser, da Laura Pontin e che aspetta a braccia aperte ulteriori collaboratori<\/em>\u201d.<\/p>\n","protected":false},"excerpt":{"rendered":"<p>FELTRE\u00a0Mentre si sta ancora valutando se sar\u00e0 possibile realizzare l\u2019edizione 2020 del Palio di Feltre (\u00e8 notizia di questi giorni che \u00e8 stato annullato anche quello di Siena), l\u2019attivit\u00e0 dell\u2019Associazione non si ferma e tra tante difficolt\u00e0 prosegue nel suo impegno di ordine soprattutto sociale.\u00a0Una nuova iniziativa sta infatti per andare in porto. Si tratta&hellip;<\/p>\n","protected":false},"author":4,"featured_media":0,"comment_status":"closed","ping_status":"closed","sticky":false,"template":"","format":"standard","meta":{"_monsterinsights_skip_tracking":false,"_monsterinsights_sitenote_active":false,"_monsterinsights_sitenote_note":"","_monsterinsights_sitenote_category":0,"footnotes":""},"categories":[49],"tags":[],"class_list":["post-138667","post","type-post","status-publish","format-standard","hentry","category-news-18","category-49","description-off"],"img_url":false,"_links":{"self":[{"href":"https:\/\/www.radiopiu.net\/wordpress\/wp-json\/wp\/v2\/posts\/138667","targetHints":{"allow":["GET"]}}],"collection":[{"href":"https:\/\/www.radiopiu.net\/wordpress\/wp-json\/wp\/v2\/posts"}],"about":[{"href":"https:\/\/www.radiopiu.net\/wordpress\/wp-json\/wp\/v2\/types\/post"}],"author":[{"embeddable":true,"href":"https:\/\/www.radiopiu.net\/wordpress\/wp-json\/wp\/v2\/users\/4"}],"replies":[{"embeddable":true,"href":"https:\/\/www.radiopiu.net\/wordpress\/wp-json\/wp\/v2\/comments?post=138667"}],"version-history":[{"count":0,"href":"https:\/\/www.radiopiu.net\/wordpress\/wp-json\/wp\/v2\/posts\/138667\/revisions"}],"wp:attachment":[{"href":"https:\/\/www.radiopiu.net\/wordpress\/wp-json\/wp\/v2\/media?parent=138667"}],"wp:term":[{"taxonomy":"category","embeddable":true,"href":"https:\/\/www.radiopiu.net\/wordpress\/wp-json\/wp\/v2\/categories?post=138667"},{"taxonomy":"post_tag","embeddable":true,"href":"https:\/\/www.radiopiu.net\/wordpress\/wp-json\/wp\/v2\/tags?post=138667"}],"curies":[{"name":"wp","href":"https:\/\/api.w.org\/{rel}","templated":true}]}}