{"id":138756,"date":"2020-05-18T20:28:12","date_gmt":"2020-05-18T18:28:12","guid":{"rendered":"https:\/\/www.radiopiu.net\/wordpress\/?p=138756"},"modified":"2020-05-19T09:52:11","modified_gmt":"2020-05-19T07:52:11","slug":"colpo-di-scena-castro-nuovo-commissario-per-la-wanbao-per-dinca-la-miglior-scelta-per-il-rilancio","status":"publish","type":"post","link":"https:\/\/www.radiopiu.net\/wordpress\/colpo-di-scena-castro-nuovo-commissario-per-la-wanbao-per-dinca-la-miglior-scelta-per-il-rilancio\/","title":{"rendered":"COLPO DI SCENA: CASTRO NUOVO COMMISSARIO PER LA WANBAO, PER D&#8217;INCA&#8217; LA MIGLIOR SCELTA PER IL RILANCIO"},"content":{"rendered":"<div><b>\u00a0<\/b><\/div>\n<blockquote><p><em><a class=\"dt-pswp-item\" href=\"https:\/\/www.radiopiu.net\/wordpress\/wp-content\/uploads\/2020\/05\/images-3.jpg\" data-dt-img-description=\"\" data-large_image_width=\"300\" data-large_image_height=\"168\"><img loading=\"lazy\" decoding=\"async\" class=\"size-full wp-image-138757 alignleft\" src=\"https:\/\/www.radiopiu.net\/wordpress\/wp-content\/uploads\/2020\/05\/images-3.jpg\" alt=\"\" width=\"300\" height=\"168\" \/><\/a>\u201cL\u2019indicazione di Maurizio Castro come commissario straordinario dell\u2019Acc Wanbao di Mel \u00e8 un\u2019ottima notizia per i dipendenti dello stabilimento, per il futuro dell\u2019azienda e per l\u2019intero territorio di Borgo Valbelluna. Adesso sar\u00e0 necessario individuare un nuovo piano di rilancio e sono sicuro che le competenze e l\u2019esperienza di Castro, a cui faccio i miei auguri, riusciranno a dare la giusta continuit\u00e0 ad un\u2019azienda strategica per il settore del freddo\u201d.<\/em><\/p><\/blockquote>\n<p>Lo afferma Federico D\u2019Inc\u00e0, Ministro per i Rapporti con il Parlamento, in seguito alla nomina da parte del Mise di Maurizio Castro come commissario straordinario di Acc Wanbao.\u00a0 \u201cIn questi mesi \u2013 prosegue D\u2019Inc\u00e0 \u2013 ho seguito con attenzione l\u2019evolversi di questa vicenda, nei passaggi che hanno portato all\u2019ammissione da parte del Tribunale di Venezia all\u2019amministrazione straordinaria, alla nomina del nuovo commissario straordinario. Ho sempre creduto nelle potenzialit\u00e0 dello stabilimento di Borgo Valbelluna e nell\u2019alta qualit\u00e0 del lavoro svolto grazie alla preparazione dei 290 dipendenti dell\u2019azienda. Dallo scorso mese di settembre mi sono impegnato, grazie anche a un\u2019attivit\u00e0 di sinergia istituzionale, per trovare una soluzione a questa vicenda: dai tavoli al Ministero dello Sviluppo Economico con l\u2019azienda e i sindacati, a quello con l\u2019Ambasciatore Cinese in Italia a cui avevo espresso la forte sensibilit\u00e0 del nostro Governo sulla situazione dello stabilimento, con un\u2019attenzione da parte del Presidente del Consiglio Conte e del Ministro dello Sviluppo Economico Patuanelli\u201d.<\/p>\n<blockquote><p><em>\u201cRingrazio tutti coloro che hanno lavorato incessantemente per garantire un futuro all\u2019Acc, in particolare il Ministro Patuanelli e la commissaria giudiziale De Pasquale. Continuo a rinnovare la mia vicinanza ai dipendenti dell\u2019azienda di Mel: conosco personalmente molti di loro e soprattutto conosco i loro sacrifici fatti sia in passato sia negli ultimi mesi. C\u2019\u00e8 ancora bisogno di rimanere uniti nell\u2019interesse di un sito fondamentale per il territorio e per l\u2019intera industria frigorifera, con una sinergia tra istituzioni, sindacati e il nuovo commissario straordinario\u201d. <\/em><br \/>\n<em>Il Ministro D\u2019Inc\u00e0 osserva che \u201cil bellunese e il Veneto devono ripartire con forza. Sto seguendo la situazione legata allo stabilimento dell\u2019Ideal Standard e sono in contatto con l\u2019azienda e i sindacati anche per questa vicenda\u201d.<\/em><\/p><\/blockquote>\n<p>Infine D\u2019Inc\u00e0 precisa che \u201crispetto alle parole, io sono abituato a rispondere con i fatti, come in questo caso: vorrei ricordare all\u2019onorevole De Carlo che le problematiche si risolvono con il lavoro e con il dialogo, non con le polemiche sugli organi di stampa, soprattutto se non si partecipa mai ai tavoli istituzionali\u201d.<\/p>\n<p>&nbsp;<\/p>\n<p>&nbsp;<\/p>\n<hr \/>\n<p>&nbsp;<\/p>\n<blockquote>\n<h3>WANBAO ACC: CASTRO COMMISSARIO STRAORDINARIO, DONAZZAN \u201cLA PERSONA GIUSTA AL POSTO GIUSTO\u201d<\/h3>\n<\/blockquote>\n<p><strong><a class=\"dt-pswp-item\" href=\"https:\/\/www.radiopiu.net\/wordpress\/wp-content\/uploads\/2020\/04\/DONAZZAN-1.jpg\" data-dt-img-description=\"\" data-large_image_width=\"2048\" data-large_image_height=\"2048\"><img loading=\"lazy\" decoding=\"async\" class=\" wp-image-133654 alignleft\" src=\"https:\/\/www.radiopiu.net\/wordpress\/wp-content\/uploads\/2020\/04\/DONAZZAN-1-300x300.jpg\" alt=\"\" width=\"183\" height=\"183\" srcset=\"https:\/\/www.radiopiu.net\/wordpress\/wp-content\/uploads\/2020\/04\/DONAZZAN-1-300x300.jpg 300w, https:\/\/www.radiopiu.net\/wordpress\/wp-content\/uploads\/2020\/04\/DONAZZAN-1-1024x1024.jpg 1024w, https:\/\/www.radiopiu.net\/wordpress\/wp-content\/uploads\/2020\/04\/DONAZZAN-1-150x150.jpg 150w, https:\/\/www.radiopiu.net\/wordpress\/wp-content\/uploads\/2020\/04\/DONAZZAN-1-768x768.jpg 768w, https:\/\/www.radiopiu.net\/wordpress\/wp-content\/uploads\/2020\/04\/DONAZZAN-1-1536x1536.jpg 1536w, https:\/\/www.radiopiu.net\/wordpress\/wp-content\/uploads\/2020\/04\/DONAZZAN-1.jpg 2048w\" sizes=\"auto, (max-width: 183px) 100vw, 183px\" \/><\/a>VENEZIA\u00a0<\/strong>\u201c<em>Apprendiamo con soddisfazione la notizia circa l\u2019indicazione da parte del MISE di Maurizio Castro come commissario straordinario di Wanbao Acc di Borgo Valbelluna.<span class=\"Apple-converted-space\">\u00a0 <\/span>Come gi\u00e0 espresso, si tratta della persona giusta al posto giusto, in considerazione del percorso di gestione della crisi effettuato in questi mesi e vista la profonda conoscenza da parte del manager della storia dell\u2019ex Zanussi di Mel e la sua esperienza in campo<\/em>\u201d. Questo il commento dell\u2019assessore al lavoro della regione Veneto, Elena Donazzan, all\u2019anticipazione della nomina di Castro da parte del ministro per i rapporti con il Parlamento\u00a0\u201c<em>La Regione Veneto \u2013 dichiara l\u2019assessore &#8211; ha seguito e continuer\u00e0 a seguire da vicino la vicenda, in stretto raccordo con tutte le parti sociali e istituzionali. E gi\u00e0 domani parteciper\u00e0 al tavolo ministeriale di approfondimento sulle prospettive di rilancio industriale del sito nei mercati internazionali<\/em>\u201d.<\/p>\n<p>&nbsp;<\/p>\n<p>&nbsp;<\/p>\n<hr \/>\n<p>&nbsp;<\/p>\n<blockquote>\n<h3>MAURIZIO CASTRO COMMISSARIO WANBAO ACC. DE CARLO: \u201cVITTORIA DEI LAVORATORI. SI \u00c8 RIMEDIATO A UN ERRORE GRAVISSIMO\u201d<\/h3>\n<\/blockquote>\n<p><strong><a class=\"dt-pswp-item\" href=\"https:\/\/www.radiopiu.net\/wordpress\/wp-content\/uploads\/2020\/05\/Luca-De-Carlo.jpg\" data-dt-img-description=\"\" data-large_image_width=\"165\" data-large_image_height=\"228\"><img loading=\"lazy\" decoding=\"async\" class=\"size-full wp-image-138787 alignleft\" src=\"https:\/\/www.radiopiu.net\/wordpress\/wp-content\/uploads\/2020\/05\/Luca-De-Carlo.jpg\" alt=\"\" width=\"165\" height=\"228\" \/><\/a>ROMA<\/strong> \u201c<em>Hanno vinto tutti, hanno vinto soprattutto i lavoratori dell&#8217;ex Zanussi. Si \u00e8 rimediato a un errore gravissimo che poteva pregiudicare il futuro dello stabilimento di Mel e di centinaia di posti di lavoro<\/em>\u201d: il deputato di Fratelli d&#8217;Italia, Luca De Carlo, commenta cos\u00ec la nomina di Maurizio Castro a commissario straordinario dell&#8217;ACC Wanbao di Borgo Valbelluna, comunicata in serata dal Ministero dello Sviluppo Economico.\u00a0\u201c<em>Si \u00e8 perso del tempo prezioso quando si \u00e8 scelto di nominare come commissario giudiziario un altro professionista, che certamente non pu\u00f2 competere con l&#8217;esperienza, i contatti e le conoscenze del settore che ha Castro\u201d, sottolinea De Carlo. \u201cQuella di Castro \u00e8 la miglior scelta possibile: lo abbiamo sempre sostenuto, e con noi i lavoratori e i sindacati, che con lui hanno vissuto tutte le battaglie pi\u00f9 importanti dello stabilimento zummellese. A lui vanno i migliori auguri di buon lavoro e un in bocca al lupo per tutte le sfide che il mercato e la crisi post Coronavirus gli porranno davanti\u201d<\/em>.<\/p>\n<p>&nbsp;<\/p>\n<p>&nbsp;<\/p>\n<hr \/>\n<p>&nbsp;<\/p>\n","protected":false},"excerpt":{"rendered":"<p>\u00a0 \u201cL\u2019indicazione di Maurizio Castro come commissario straordinario dell\u2019Acc Wanbao di Mel \u00e8 un\u2019ottima notizia per i dipendenti dello stabilimento, per il futuro dell\u2019azienda e per l\u2019intero territorio di Borgo Valbelluna. Adesso sar\u00e0 necessario individuare un nuovo piano di rilancio e sono sicuro che le competenze e l\u2019esperienza di Castro, a cui faccio i miei&hellip;<\/p>\n","protected":false},"author":1,"featured_media":138757,"comment_status":"closed","ping_status":"closed","sticky":false,"template":"","format":"standard","meta":{"_monsterinsights_skip_tracking":false,"_monsterinsights_sitenote_active":false,"_monsterinsights_sitenote_note":"","_monsterinsights_sitenote_category":0,"footnotes":""},"categories":[51],"tags":[],"class_list":["post-138756","post","type-post","status-publish","format-standard","has-post-thumbnail","hentry","category-evidenza-top","category-51","description-off"],"img_url":"https:\/\/www.radiopiu.net\/wordpress\/wp-content\/uploads\/2020\/05\/images-3.jpg","_links":{"self":[{"href":"https:\/\/www.radiopiu.net\/wordpress\/wp-json\/wp\/v2\/posts\/138756","targetHints":{"allow":["GET"]}}],"collection":[{"href":"https:\/\/www.radiopiu.net\/wordpress\/wp-json\/wp\/v2\/posts"}],"about":[{"href":"https:\/\/www.radiopiu.net\/wordpress\/wp-json\/wp\/v2\/types\/post"}],"author":[{"embeddable":true,"href":"https:\/\/www.radiopiu.net\/wordpress\/wp-json\/wp\/v2\/users\/1"}],"replies":[{"embeddable":true,"href":"https:\/\/www.radiopiu.net\/wordpress\/wp-json\/wp\/v2\/comments?post=138756"}],"version-history":[{"count":0,"href":"https:\/\/www.radiopiu.net\/wordpress\/wp-json\/wp\/v2\/posts\/138756\/revisions"}],"wp:featuredmedia":[{"embeddable":true,"href":"https:\/\/www.radiopiu.net\/wordpress\/wp-json\/wp\/v2\/media\/138757"}],"wp:attachment":[{"href":"https:\/\/www.radiopiu.net\/wordpress\/wp-json\/wp\/v2\/media?parent=138756"}],"wp:term":[{"taxonomy":"category","embeddable":true,"href":"https:\/\/www.radiopiu.net\/wordpress\/wp-json\/wp\/v2\/categories?post=138756"},{"taxonomy":"post_tag","embeddable":true,"href":"https:\/\/www.radiopiu.net\/wordpress\/wp-json\/wp\/v2\/tags?post=138756"}],"curies":[{"name":"wp","href":"https:\/\/api.w.org\/{rel}","templated":true}]}}