{"id":138825,"date":"2020-05-20T06:02:05","date_gmt":"2020-05-20T04:02:05","guid":{"rendered":"https:\/\/www.radiopiu.net\/wordpress\/?p=138825"},"modified":"2020-05-20T10:06:46","modified_gmt":"2020-05-20T08:06:46","slug":"giornale-radiopiu-20-maggio-2020-direttore-mirko-mezzacasa","status":"publish","type":"post","link":"https:\/\/www.radiopiu.net\/wordpress\/giornale-radiopiu-20-maggio-2020-direttore-mirko-mezzacasa\/","title":{"rendered":"GIORNALE RADIOPIU 20 MAGGIO 2020 DIRETTORE MIRKO MEZZACASA"},"content":{"rendered":"<h3><strong>PER RICEVERE QUESTO NOTIZIARIO DIRETTAMENTE SUL TUO CELLULARE ISCRIVITI AL CANALE TELEGRAM\u00a0<\/strong><strong>\u201cRADIO PIU\u00a0 INFORMAZIONE\u201d<\/strong><\/h3>\n<p>&nbsp;<\/p>\n<hr \/>\n<p>&nbsp;<\/p>\n<p><strong><em>Gestione Servizi Pubblici informa che a GOSALDO nelle Localit\u00e0 LE CASE, CURTI e INCASAL, l\u2019acqua erogata dall\u2019acquedotto \u00e8 di nuovo potabile e pu\u00f2 essere usata, quindi, per scopi alimentari,\u00a0<\/em><\/strong><strong><em>\u00a0nelle localit\u00e0 LE FOCHE, LAMBROI, DENEORE, MAGAIT, REN, SELLE, COL TAMAI, BITTI, GIARDOI, l\u2019acqua erogata dall\u2019acquedotto non \u00e8 potabile e pu\u00f2 essere usata per scopi alimentari SOLO PREVIA bollitura<\/em><\/strong><\/p>\n<p>&nbsp;<\/p>\n<hr \/>\n<p>&nbsp;<\/p>\n<p><strong>E-DISTRIBUZIONE COMUNICA CHE OGGI DALLE 8:30 ALLE 15:30 IN VIA AL FORTE A TAIBON AGORDINO VERRA\u2019 INTERROTTA L\u2019ENERGIA ELETTRICA PER LAVORI SUGLI IMPIANTI<\/strong><\/p>\n<p>&nbsp;<\/p>\n<hr \/>\n<p>&nbsp;<\/p>\n<p><span style=\"color: #ff0000;\">PROVINCIALE 3 DI VALLE IMPERINA, LOCALITA&#8217; CORDE MOLE-VALLASIN DI GOSALDO <\/span><strong>DOMANI GIOVEDI 21 MAGGIO DALLE 8 ALLE 11.45 E DALLE 13.30 ALLE 17.30 TEMPORANEE INTERRUZIONI ALLA VIABILITA&#8217; FINO A 30 MINUTI PER LAVORI DI ASPORTAZIONE MATERIALE LEGNOSO, ALTERNATIVA 347 DURAN E CEREDA: GOSALDO, FORCELLA AURINE, VOLTAGO, AGORDO.\u00a0<\/strong><\/p>\n<p>&nbsp;<\/p>\n<p><strong>CHIUDE PONTE MAS, FINO AL 30 GIUGNO PER I LAVORI DI CONSOLIDAMENTO:<\/strong>\u00a0 fino al\u00a0 30 giugno sar\u00e0 chiuso sia alle macchine sia ai pedoni. Percorso alternativo: da Ponte Mas a Vignole in Comune di Sedico.<\/p>\n<p><strong>INTERRUZIONI A CRISTO DELLE PIANIZZE\u00a0<\/strong>sp347 DURAN E CEREDA fino al al 5 giugno (esclusi festivi e prefestivi) possibili interruzioni in localit\u00e0 Pianizze (Agordo) della durata massima di 15 minuti dalle 8 alle 12 e dalle 13 alle 17, inoltre senso unico alternato nei periodi non interessati dalle chiusura<\/p>\n<p>&nbsp;<\/p>\n<hr \/>\n<p>&nbsp;<\/p>\n<blockquote>\n<h3>TORNA LA MOVIDA, GIOVANI CON LE MASCHERINE AL COLLO E SPRITZ IN MANO.\u00a0 SCATTA LA MINACCIA &#8220;CHIUDO TUTTO&#8221;. A PADOVA CARABINIERE AGGREDITO E GIOVANE ARRESTATO. IL PREFETTO DI BELLUNO ANNUNCIA CONTROLLI RIGOROSI, STAMANE TAVOLO CON LE FORZE DELL&#8217;ORDINE. IN PROVINCIA DI BELLUNO 28 COMUNI NO COVID, IN 10 UN SOLO PAZIENTE INFETTO DOPO UN&#8217;ALTRA GIORNATA SENZA CONTAGI MA ANCHE PERCHE&#8217; I REFERTI SONO RALLENTATI (OLTRE 2000 IN PARCHEGGIO) PER IL GUASTO AD UNA MACCHINA.<\/h3>\n<\/blockquote>\n<p><strong>di Mirko Mezzacasa<\/strong><\/p>\n<p>&nbsp;<\/p>\n<p><em>&#8220;Vi richiudo in casa con il silicone&#8221;<\/em> Il presidente Zaia passa dai consigli sulla mascherina alla minaccia del chiavistello. A scatenare le ire del Governatore le fotografie e i video della movida nelle piazze venete gremite di gente all&#8217;ora dello spritz. <em>&#8220;La mascherina \u00e8 quella che salva la vita&#8221;<\/em> insiste da giorni Zaia, ma a Padova ad esempio le sue parole si perdono nel vento, l&#8217;altra sera\u00a0 i famosi e tanto decantati giovani spesso ricordati in conferenza stampa, giravano ubriachi per le strade, senza alcuna protezione. I Carabinieri sono stati aggrediti, il Prefetto \u00e8 andato gi\u00f9 duro parlando di cretineria diffusa. Le serate ormai fuori controllo hanno fatto scattare i controlli e le multe. Nel mirino delle forze dell&#8217;ordine i locali, chi sbaglia \u00e8 certo che chiuder\u00e0. Sono tornati alla normalit\u00e0 anche gli spostamenti, lunedi in Veneto ci sono stati 5,3 milioni di passaggi (5,8 lunedi 2 marzo),\u00a0 il valore pi\u00f9 alto dall&#8217;8 marzo con un picco di aumento di oltre il 78% rispetto al 30 marzo giorno in cui \u00e8 stato registrato il dato minimo sui 3 milioni di spostamenti. La Regione ha deciso di destinare 61 milioni di euro per i premi per ai sanitari, 26 milioni saranno erogati dal palazzo lagunare, 35 stanziati dal Governo. Previsti bonus meritocratici fino a 1200 euro per 10mila addetti coinvolti nelle cure dei pazienti Covid, 600 euro per chi ha lavorato a supporto. Non sono mancate le critiche dalle categorie per la distribuzione e martedi riprender\u00e0 il confronto, i sindacati sono spaccati e c&#8217;\u00e8 gi\u00e0 chi annuncia la mobilitazione. Ieri la Prefettura ha reso noti i numeri dei controlli: 38705\u00a0 persone controllate,\u00a0 1136 sanzionate, 26 persone denunciate. Sono stati 73991 i controlli negli esercizi commerciali, 39 titolari sanzionati, 22 chiusure provvisorie.\u00a0 \u00a0<strong>NELLE ULTIME 24 ORE IN VENETO SUPERATI I 19 MILA CASI: <\/strong>\u00a0positivi\u00a0 43\u00a0 ( lunedi 14) da inizio epidemia 19003\u00a0 (+43 ),\u00a0 attualmente positivi\u00a0 \u00a03636 (-211 ),\u00a0 negativizzati\/guariti 13537\u00a0 (+238\u00a0 )\u00a0 in isolamento domiciliare 3639 (-234 ) ricoverati 633 (-17 ), in ospedale 523 (-11\u00a0 ) , ospedali di comunit\u00e0 110 (-6), terapia intensiva 46 (+1 ,\u00a0 \u00a019 positivi,\u00a0 27 negativi),\u00a0 dimessi 3448\u00a0 \u00a0(+22) , decessi ospedale 1369 (6 ), totale decessi 1830 (+16 ) <strong>NELLE ULTIME 24 ORE IN PROVINCIA DI BELLUNO<\/strong>\u00a0 \u00a0Casi positivi 0\u00a0 (lunedi 5) dal 21 febbraio 1153\u00a0 (0 ), attualmente positivi 308 (-15 ), deceduti 105 (0),\u00a0 negativizzati\/guariti 740 (+15\u00a0 ), in isolamento domiciliare 576 (-46), ricoverati ospedale San Martino 8 ( 0) , terapia intensiva 0 (0 ) , ospedale di Comunit\u00e0 di Belluno 9 (-1 ) Agordo 10\u00a0 (+1\u00a0 .<\/p>\n<blockquote><p><strong>Negli ultimi giorni si sta registrando in tutte le Ulss del Veneto un ritardo nella refertazione dei tamponi Covid-19. Ritardo che \u00e8 legato principalmente a tre fattori. Maggior numero di tamponi effettuati, carenza di reagenti e guasto tecnico alle apparecchiature dell\u2019Azienda Ospedaliera di Padova Complessivamente nelle Ulss del Veneto i tamponi fatti quotidianamente sono passati in pochi giorni da 8 mila a 11 mila con punte di 13mila. Nella settimana dal 6 al 12 aprile\u00a0 il numero dei tamponi esaminati complessivamente \u00e8 stato di 7.798 e nella settimana\u00a0 dal 4 al 10 maggio di 11.045. In Ulss Dolomiti sono stati eseguiti 28.154 tamponi da inizio emergenza alle ore 8.00 di questa mattina. I tamponi inviati al Laboratorio dell\u2019Azienda Ospedaliera di Padova dal 6 maggio ad oggi sono circa 3.090 di cui circa 2.020 sono in attesa di esito<\/strong><\/p><\/blockquote>\n<h3><span style=\"color: #ff0000;\">I GRAFICI DI TIZIANO DE COL<\/span><\/h3>\n<p><a class=\"dt-pswp-item\" href=\"https:\/\/www.radiopiu.net\/wordpress\/wp-content\/uploads\/2020\/05\/5714bb8f-f6bc-436c-9699-ad921349ee9d.jpg\" data-dt-img-description=\"\" data-large_image_width=\"480\" data-large_image_height=\"289\"><img loading=\"lazy\" decoding=\"async\" class=\"alignnone size-medium wp-image-139021\" src=\"https:\/\/www.radiopiu.net\/wordpress\/wp-content\/uploads\/2020\/05\/5714bb8f-f6bc-436c-9699-ad921349ee9d-300x181.jpg\" alt=\"\" width=\"300\" height=\"181\" srcset=\"https:\/\/www.radiopiu.net\/wordpress\/wp-content\/uploads\/2020\/05\/5714bb8f-f6bc-436c-9699-ad921349ee9d-300x181.jpg 300w, https:\/\/www.radiopiu.net\/wordpress\/wp-content\/uploads\/2020\/05\/5714bb8f-f6bc-436c-9699-ad921349ee9d.jpg 480w\" sizes=\"auto, (max-width: 300px) 100vw, 300px\" \/><\/a><a class=\"dt-pswp-item\" href=\"https:\/\/www.radiopiu.net\/wordpress\/wp-content\/uploads\/2020\/05\/3a1103b2-e576-4f40-838e-7ff046480df3.jpg\" data-dt-img-description=\"\" data-large_image_width=\"480\" data-large_image_height=\"289\"><img loading=\"lazy\" decoding=\"async\" class=\"alignnone size-medium wp-image-139019\" src=\"https:\/\/www.radiopiu.net\/wordpress\/wp-content\/uploads\/2020\/05\/3a1103b2-e576-4f40-838e-7ff046480df3-300x181.jpg\" alt=\"\" width=\"300\" height=\"181\" srcset=\"https:\/\/www.radiopiu.net\/wordpress\/wp-content\/uploads\/2020\/05\/3a1103b2-e576-4f40-838e-7ff046480df3-300x181.jpg 300w, https:\/\/www.radiopiu.net\/wordpress\/wp-content\/uploads\/2020\/05\/3a1103b2-e576-4f40-838e-7ff046480df3.jpg 480w\" sizes=\"auto, (max-width: 300px) 100vw, 300px\" \/><\/a><a class=\"dt-pswp-item\" href=\"https:\/\/www.radiopiu.net\/wordpress\/wp-content\/uploads\/2020\/05\/df184860-a0cd-4937-8136-6c51ecff219f.jpg\" data-dt-img-description=\"\" data-large_image_width=\"770\" data-large_image_height=\"289\"><img loading=\"lazy\" decoding=\"async\" class=\"alignnone size-medium wp-image-139020\" src=\"https:\/\/www.radiopiu.net\/wordpress\/wp-content\/uploads\/2020\/05\/df184860-a0cd-4937-8136-6c51ecff219f-300x113.jpg\" alt=\"\" width=\"300\" height=\"113\" srcset=\"https:\/\/www.radiopiu.net\/wordpress\/wp-content\/uploads\/2020\/05\/df184860-a0cd-4937-8136-6c51ecff219f-300x113.jpg 300w, https:\/\/www.radiopiu.net\/wordpress\/wp-content\/uploads\/2020\/05\/df184860-a0cd-4937-8136-6c51ecff219f-768x288.jpg 768w, https:\/\/www.radiopiu.net\/wordpress\/wp-content\/uploads\/2020\/05\/df184860-a0cd-4937-8136-6c51ecff219f.jpg 770w\" sizes=\"auto, (max-width: 300px) 100vw, 300px\" \/><\/a><\/p>\n<p>&nbsp;<\/p>\n<div class=\"_2cuy _3dgx\" data-block=\"true\" data-editor=\"ek9bq\" data-offset-key=\"e0l6e-0-0\">\n<h2 class=\"_1mf _1mj\" data-offset-key=\"e0l6e-0-0\"><span data-offset-key=\"e0l6e-0-0\">DECRETO RILANCIO IN GAZZETTA UFFICIALE, IL DOCUMENTO<\/span><\/h2>\n<div data-offset-key=\"e0l6e-0-0\"><\/div>\n<\/div>\n<div class=\"_1mf _1mj\" data-offset-key=\"frm3g-0-0\">\n<p><a class=\"dt-pswp-item\" href=\"https:\/\/www.radiopiu.net\/wordpress\/wp-content\/uploads\/2020\/05\/download-4.jpg\" data-dt-img-description=\"\" data-large_image_width=\"310\" data-large_image_height=\"163\"><img loading=\"lazy\" decoding=\"async\" class=\"size-medium wp-image-139045 alignleft\" src=\"https:\/\/www.radiopiu.net\/wordpress\/wp-content\/uploads\/2020\/05\/download-4-300x158.jpg\" alt=\"\" width=\"300\" height=\"158\" srcset=\"https:\/\/www.radiopiu.net\/wordpress\/wp-content\/uploads\/2020\/05\/download-4-300x158.jpg 300w, https:\/\/www.radiopiu.net\/wordpress\/wp-content\/uploads\/2020\/05\/download-4.jpg 310w\" sizes=\"auto, (max-width: 300px) 100vw, 300px\" \/><\/a>DECRETO-LEGGE 19 maggio 2020, n. 34 Misure urgenti in materia di salute, sostegno al lavoro e all&#8217;economia, nonche&#8217; di politiche sociali connesse all&#8217;emergenza epidemiologica da COVID-19. (20G00052) (GU Serie Generale n.128 del 19-05-2020 &#8211;<\/p>\n<p>&nbsp;<\/p>\n<h2><span style=\"color: #0000ff;\"><a style=\"color: #0000ff;\" href=\"https:\/\/www.gazzettaufficiale.it\/atto\/serie_generale\/caricaDettaglioAtto\/originario?atto.dataPubblicazioneGazzetta=2020-05-19&amp;atto.codiceRedazionale=20G00052&amp;elenco30giorni=false\">CLICCA QUI\u00a0<\/a><\/span><\/h2>\n<p>\/<\/p>\n<\/div>\n<div data-offset-key=\"frm3g-0-0\"><\/div>\n<div class=\"_2cuy _3dgx\" data-block=\"true\" data-editor=\"ek9bq\" data-offset-key=\"frm3g-0-0\">\n<div data-offset-key=\"frm3g-0-0\"><\/div>\n<\/div>\n<p>&nbsp;<\/p>\n<hr \/>\n<p>&nbsp;<\/p>\n<p>&nbsp;<\/p>\n<h2>TRAFFICO DI RIFIUTI, ARRESTI ANCHE A FONZASO<\/h2>\n<p><strong>FONZASO<\/strong> Ricostruito il traffico illecito di rifiuti nell&#8217;inchiesta coordinata dal sostituto procuratore Antonio Miggiani della Direzione Antimafia di Trieste. Scattate diverse perquisizioni tra Friuli Venezia Giulia, la provincia di Belluno e la Campania. I carabinieri hanno eseguito 6 ordinanze di custodia cautelare per altrettante persone, due feltrini i fratelli Remo e Alessio Dalla Santa di 51 e 44 anni (agli arresti domiciliari), soci della Sap, azienda di recupero di rifiuti speciali non pericolosi con impianto a Fonzaso, fallita da tempo. Avrebbero smaltito illecitamente circa 4.500 tonnellate di rifiuti speciali e plastici provenienti dall&#8217;impianto fonzasino e dalla Slovenia senza pagare la quota di smaltimento regolare e le spese di bonifica.<\/p>\n<p>&nbsp;<\/p>\n<hr \/>\n<p>&nbsp;<\/p>\n<p>&nbsp;<\/p>\n<blockquote>\n<h3 class=\"entry-title\">SCHIANTA IL PAJERO, ABBATTE LA RECINZIONE E SI RIFIUTA DI SOTTOPORSI AL TEST ALCOOLIMETRICO: DENUNCIATO<\/h3>\n<\/blockquote>\n<p><img loading=\"lazy\" decoding=\"async\" class=\" wp-image-138943 alignleft jetpack-lazy-image jetpack-lazy-image--handled\" src=\"https:\/\/i0.wp.com\/www.radiopiu.net\/wordpress\/wp-content\/uploads\/2020\/05\/8f3eba7a-eafa-4c6b-b025-f0f29880b0be.jpg?resize=225%2C300&amp;ssl=1\" sizes=\"auto, (max-width: 225px) 100vw, 225px\" srcset=\"https:\/\/i0.wp.com\/www.radiopiu.net\/wordpress\/wp-content\/uploads\/2020\/05\/8f3eba7a-eafa-4c6b-b025-f0f29880b0be.jpg?resize=225%2C300&amp;ssl=1 225w, https:\/\/i0.wp.com\/www.radiopiu.net\/wordpress\/wp-content\/uploads\/2020\/05\/8f3eba7a-eafa-4c6b-b025-f0f29880b0be.jpg?resize=768%2C1024&amp;ssl=1 768w, https:\/\/i0.wp.com\/www.radiopiu.net\/wordpress\/wp-content\/uploads\/2020\/05\/8f3eba7a-eafa-4c6b-b025-f0f29880b0be.jpg?w=960&amp;ssl=1 960w\" alt=\"\" width=\"130\" height=\"173\" data-recalc-dims=\"1\" data-lazy-loaded=\"1\" \/><\/p>\n<p><strong>FENER DI ALANO DI PIAVE <\/strong>\u00a0Ha perso il controllo del suo Pajero andando a schiantarsi contro la recinzione di uno stabile bbandonato. Una volta sceso dal mezzo non gli \u00e8 rimasto che constatare i danni ma il peggio doveva ancora venire. Infatti, se F.N. 61 anni di Vittorio Veneto dall\u2019incidente ne \u00e8 uscito indenne al controllo dei Carabinieri non ha superato l\u2019esame. Per la verit\u00e0 non ha nemmeno partecipato perch\u00e9 davanti all\u2019etilometro ha scosso il capo. Per questo gli uomini dell\u2019Arma di Quero Vas hanno scritto un verbale di denuncia (in stato di libert\u00e0) per il rifiuto di sottoporsi all\u2019accertamento alcoolimetrico. Oltre alla denuncia, Pajero sequestrato e patente ritirata.<\/p>\n<p>&nbsp;<\/p>\n<p>&nbsp;<\/p>\n<p>&nbsp;<\/p>\n<hr \/>\n<p>&nbsp;<\/p>\n<blockquote class=\"wp-embedded-content\" data-secret=\"m2txoYtWuJ\"><p><a href=\"https:\/\/www.radiopiu.net\/wordpress\/coronavirus-aggiornamento-nazionale-19-maggio\/\">CORONAVIRUS: AGGIORNAMENTO NAZIONALE 19 MAGGIO<\/a><\/p><\/blockquote>\n<p><iframe loading=\"lazy\" title=\"&#8220;CORONAVIRUS: AGGIORNAMENTO NAZIONALE 19 MAGGIO&#8221; &#8212; Radio Pi\u00f9\" class=\"wp-embedded-content\" sandbox=\"allow-scripts\" security=\"restricted\" style=\"position: absolute; clip: rect(1px, 1px, 1px, 1px);\" src=\"https:\/\/www.radiopiu.net\/wordpress\/coronavirus-aggiornamento-nazionale-19-maggio\/embed\/#?secret=m2txoYtWuJ\" data-secret=\"m2txoYtWuJ\" width=\"600\" height=\"338\" frameborder=\"0\" marginwidth=\"0\" marginheight=\"0\" scrolling=\"no\"><\/iframe><\/p>\n<p>&nbsp;<\/p>\n<hr \/>\n<p>&nbsp;<\/p>\n<blockquote class=\"wp-embedded-content\" data-secret=\"OhRlvxLWlo\"><p><a href=\"https:\/\/www.radiopiu.net\/wordpress\/mar190520\/\">COVID: SUPERATI I 19.000 CASI IN REGIONE, +43 POSITIVI,  16 DECESSI, 6 IN OSPEDALE  &#8211;  BOLLETTINO DELLE 17<\/a><\/p><\/blockquote>\n<p><iframe loading=\"lazy\" title=\"&#8220;COVID: SUPERATI I 19.000 CASI IN REGIONE, +43 POSITIVI,  16 DECESSI, 6 IN OSPEDALE  &#8211;  BOLLETTINO DELLE 17&#8221; &#8212; Radio Pi\u00f9\" class=\"wp-embedded-content\" sandbox=\"allow-scripts\" security=\"restricted\" style=\"position: absolute; clip: rect(1px, 1px, 1px, 1px);\" src=\"https:\/\/www.radiopiu.net\/wordpress\/mar190520\/embed\/#?secret=OhRlvxLWlo\" data-secret=\"OhRlvxLWlo\" width=\"600\" height=\"338\" frameborder=\"0\" marginwidth=\"0\" marginheight=\"0\" scrolling=\"no\"><\/iframe><\/p>\n<p>&nbsp;<\/p>\n<hr \/>\n<p>&nbsp;<\/p>\n<p><strong><em><a class=\"dt-pswp-item\" href=\"https:\/\/www.radiopiu.net\/wordpress\/wp-content\/uploads\/2020\/04\/bottacin-1.jpg\" data-dt-img-description=\"\" data-large_image_width=\"640\" data-large_image_height=\"426\"><img loading=\"lazy\" decoding=\"async\" class=\" wp-image-132784 alignleft\" src=\"https:\/\/www.radiopiu.net\/wordpress\/wp-content\/uploads\/2020\/04\/bottacin-1-300x200.jpg\" alt=\"\" width=\"152\" height=\"101\" srcset=\"https:\/\/www.radiopiu.net\/wordpress\/wp-content\/uploads\/2020\/04\/bottacin-1-300x200.jpg 300w, https:\/\/www.radiopiu.net\/wordpress\/wp-content\/uploads\/2020\/04\/bottacin-1.jpg 640w\" sizes=\"auto, (max-width: 152px) 100vw, 152px\" \/><\/a>25 POSITIVI IN PIU&#8217; NEL VERONESE, UN FOCOLAIO IDENTIFICATO E ISOLATO ne accenna nel notiziario serale di RADIO PIU l&#8217;assessore regionale Gianpaolo Bottacin<\/em><\/strong><\/p>\n<audio class=\"wp-audio-shortcode\" id=\"audio-138825-1\" preload=\"none\" style=\"width: 100%;\" controls=\"controls\"><source type=\"audio\/mpeg\" src=\"https:\/\/www.radiopiu.net\/wordpress\/wp-content\/uploads\/2020\/05\/bottacin.mp3?_=1\" \/><a href=\"https:\/\/www.radiopiu.net\/wordpress\/wp-content\/uploads\/2020\/05\/bottacin.mp3\">https:\/\/www.radiopiu.net\/wordpress\/wp-content\/uploads\/2020\/05\/bottacin.mp3<\/a><\/audio>\n<p>&nbsp;<\/p>\n<hr \/>\n<p>&nbsp;<\/p>\n<blockquote>\n<h3>DATI E GRAFICI DEL GIORNO, PROVINCIA \u2013 REGIONE 19 MAGGIO 2020<\/h3>\n<\/blockquote>\n<p><strong>Con la collaborazione di Tiziano De Col<\/strong><\/p>\n<p><a class=\"dt-pswp-item\" href=\"https:\/\/www.radiopiu.net\/wordpress\/wp-content\/uploads\/2020\/05\/Schermata-2020-05-19-alle-19.24.12.png\" data-dt-img-description=\"\" data-large_image_width=\"802\" data-large_image_height=\"444\"><img loading=\"lazy\" decoding=\"async\" class=\"alignnone size-medium wp-image-139003\" src=\"https:\/\/www.radiopiu.net\/wordpress\/wp-content\/uploads\/2020\/05\/Schermata-2020-05-19-alle-19.24.12-300x166.png\" alt=\"\" width=\"300\" height=\"166\" srcset=\"https:\/\/www.radiopiu.net\/wordpress\/wp-content\/uploads\/2020\/05\/Schermata-2020-05-19-alle-19.24.12-300x166.png 300w, https:\/\/www.radiopiu.net\/wordpress\/wp-content\/uploads\/2020\/05\/Schermata-2020-05-19-alle-19.24.12-768x425.png 768w, https:\/\/www.radiopiu.net\/wordpress\/wp-content\/uploads\/2020\/05\/Schermata-2020-05-19-alle-19.24.12.png 802w\" sizes=\"auto, (max-width: 300px) 100vw, 300px\" \/><\/a><a class=\"dt-pswp-item\" href=\"https:\/\/www.radiopiu.net\/wordpress\/wp-content\/uploads\/2020\/05\/c636d056-8f62-4f62-95ce-7f52673a6a38.jpg\" data-dt-img-description=\"\" data-large_image_width=\"598\" data-large_image_height=\"333\"><img loading=\"lazy\" decoding=\"async\" class=\"alignnone size-medium wp-image-139004\" src=\"https:\/\/www.radiopiu.net\/wordpress\/wp-content\/uploads\/2020\/05\/c636d056-8f62-4f62-95ce-7f52673a6a38-300x167.jpg\" alt=\"\" width=\"300\" height=\"167\" srcset=\"https:\/\/www.radiopiu.net\/wordpress\/wp-content\/uploads\/2020\/05\/c636d056-8f62-4f62-95ce-7f52673a6a38-300x167.jpg 300w, https:\/\/www.radiopiu.net\/wordpress\/wp-content\/uploads\/2020\/05\/c636d056-8f62-4f62-95ce-7f52673a6a38.jpg 598w\" sizes=\"auto, (max-width: 300px) 100vw, 300px\" \/><\/a><a class=\"dt-pswp-item\" href=\"https:\/\/www.radiopiu.net\/wordpress\/wp-content\/uploads\/2020\/05\/39a535cb-6ebe-4cc2-bed1-d0d6f8abe7db.jpg\" data-dt-img-description=\"\" data-large_image_width=\"592\" data-large_image_height=\"354\"><img loading=\"lazy\" decoding=\"async\" class=\"alignnone size-medium wp-image-139005\" src=\"https:\/\/www.radiopiu.net\/wordpress\/wp-content\/uploads\/2020\/05\/39a535cb-6ebe-4cc2-bed1-d0d6f8abe7db-300x179.jpg\" alt=\"\" width=\"300\" height=\"179\" srcset=\"https:\/\/www.radiopiu.net\/wordpress\/wp-content\/uploads\/2020\/05\/39a535cb-6ebe-4cc2-bed1-d0d6f8abe7db-300x179.jpg 300w, https:\/\/www.radiopiu.net\/wordpress\/wp-content\/uploads\/2020\/05\/39a535cb-6ebe-4cc2-bed1-d0d6f8abe7db.jpg 592w\" sizes=\"auto, (max-width: 300px) 100vw, 300px\" \/><\/a><\/p>\n<p>&nbsp;<\/p>\n<p>&nbsp;<\/p>\n<hr \/>\n<p>&nbsp;<\/p>\n<h2>LEGGI LA CONFERENZA STAMPA DI LUCA ZAIA<\/h2>\n<blockquote><p><em><strong>COME ESCE IL BILANCIO REGIONALE DA QUESTA CRISI:<\/strong> Con 100 milioni di spese in pi\u00f9, se non arrivano risorse a ristoro ne usciamo massacrati. Abbiamo sempre avuto una gestione certosina, non andiamo in default, ne verremo fuori, contiamo sulla re distribuzione del fondo nazionale e risorse per gli investimenti fatti in sanit\u00e0.<\/em><\/p>\n<p>&nbsp;<\/p><\/blockquote>\n<p>Trovo assurdo dover insistere di portare la mascherina, mi sorprendono le foto che vedo degli eventi &#8220;movida&#8221; non sono contro il divertimento ma il senso del rispetto civico \u00e8 pari a zero. Ci sono ragazzi che mi mandano i video dopo 3 mesi di isolamento e mi dicono &#8220;forse era meglio se teneva le restrizioni&#8221;. Se qualcuno coccola l&#8217;idea, dal fatto che tutto sia aperto, che \u00e8 finito tutto vi dico che siete sulla strada sbagliata. Affidiamoci al buon Dio o alla fortuna per chi non crede e affidiamoci alla roulette russa. Se il virus ci contagia riempiamo gli ospedali. Ora la responsabilit\u00e0 non \u00e8 pi\u00f9 di chi ha le cure, ma dell&#8217;individuo. Le regole d&#8217;ingaggio sono chiare. Il rischio \u00e8 il ricontagio. Sono 1820 le persone morte, lo dico ai complottisti, sono morti i nonni che hanno fatto grande il Veneto, ci vuole un minimo di rispetto. \u00a0In 10 giorni i contagi si vedono, se aumentano richiuderemo tutto e torneremo a chiuderci in casa, \u00e8 questo che vogliamo?. A proposito di flussi, dal 30 marzo c&#8217;\u00e8 stato un aumento del 78% con oltre 5 milioni di passaggi.<\/p>\n<p><span style=\"color: #0000ff;\"> <strong>RICONOSCIMENTO ALLA SANITA&#8217;<\/strong> <\/span>Eroghiamo 60 milioni 932 mila euro, riconoscimento straordinario a quanti nella sanit\u00e0 si sono adoperati in questi mesi, con una suddivisione dopo gli accordi con le parti sociali. E&#8217; stata trovata la soluzione meritocratica, chi era nei reparti di malattie infettive era pi\u00f9 esposto di altri dove il covid non c&#8217;era. Si va fino a 1200 euro nei casi di maggiore esposizione. Abbiamo donne nella nostra Sanit\u00e0 di grande valore e che io ho intenzione di premiare. Il premio interessa tutti gli operatori circa 54mila, tutti coloro che hanno lavorato. Siamo pronti con tre fonti di finanziamento anche 26 milioni dal bilancio regionale. Un premio meritato, noi evitavamo di andare in ospedale verso il virus, loro ci andavano ogni mattina a lavorare.<\/p>\n<h2><span style=\"color: #ff0000;\">DOMANDE<\/span><\/h2>\n<p><strong>CHE FINE HA FATTO L&#8217;APP IMMUNI?\u00a0<\/strong> Non abbiamo informazioni sul tracciamento, non sta arrivando,\u00a0 stiamo lavorando ad un progetto alternativo di biosorveglianza, ma non anticipo nulla perch\u00e9 prima vorrei vederlo.<\/p>\n<p><strong>CONTROLLI SU DISTANZIAMENTO E MASCHERINA<\/strong> Sarebbe un fallimento, mi rifiuto di arrivare a questo livello non \u00e8 uno stato di polizia. Rivendichiamo la democrazia in ogni istante. Ci si fermi un attimo e si pensi.<\/p>\n<p><strong>UNIVERSITA&#8217; CA&#8217; FOSCARI AUMENTATE LE RETTE<\/strong> Capisco le difficolt\u00e0 anche e soprattutto per chi paga l&#8217;alloggio senza averlo occupato.\u00a0 Molte famiglie sono in difficolt\u00e0, ci vorrebbe un minimo di attenzione.<\/p>\n<p><strong>SI RIVOLGA AL POPOLO VENETO E SPIEGHI L&#8217;USO DELLA MASCHERINA <\/strong>Non \u00e8 un vezzo ne&#8217; un atto di coercizione ma salva la vita, lo dimostra chi ha operato in ospedale in terapia intensiva o nei reparti di malattie infettive dove solo l&#8217; 1,3% si \u00e8 infettato. Non si gestisce alla bisogna, ma ci sono delle regole di indossarla sempre quando uno non \u00e8 solo.<\/p>\n<p><strong>TRASPORTI PUBBLICI<\/strong> L&#8217;ordinanza porta la capienza ad un massimo del 50% rispetto a prima che era un terzo.<\/p>\n<p><strong>MINISTRO FAMIGLIA DELEGA LE REGIONI PER I CENTRI ESTIVI <\/strong>Faremo l&#8217;ordinanza in settimana, sono state\u00a0 valutate le proposte delle Diocesi ed altre opportunit\u00e0. Cerchiamo di mettere insieme tutte le proposte. La fase pi\u00f9 critica \u00e8 il carico del personale e i costi che aumentano sperando di attingere ai 150 milioni di euro stabiliti nel decreto. Vogliamo anticipare l&#8217;apertura dei centri estivi alla prossima settimana.<\/p>\n<p><strong>CINEMA E TEATRI\u00a0<\/strong> E&#8217; una partita da affrontare immaginiamo siano tra le ultime attivit\u00e0 da aprire da met\u00e0 giugno se possibile anticipiamo.<\/p>\n<p><strong>CENTRI TERMALI CHIUSI<\/strong> \u00a0Il divieto di apertura di saune e bagni turchi viene dal Dpcm, stiamo spingendo per riaprire tutto \u00e8 necessario capire cosa accadr\u00e0 questa settimana.<\/p>\n<p>&nbsp;<\/p>\n<p>https:\/\/www.facebook.com\/zaiaufficiale\/videos\/239501117336630<\/p>\n<p>&nbsp;<\/p>\n<hr \/>\n<p>&nbsp;<\/p>\n<blockquote>\n<h3>GRAZIE PERCHE&#8217;&#8230;.QUANDO LA SQUADRA FA LA DIFFERENZA<\/h3>\n<\/blockquote>\n<p class=\"western\"><strong>VENEZIA<\/strong> Il personale della sanit\u00e0 veneta coinvolto direttamente o indirettamente nell\u2019emergenza Covid-19 ricever\u00e0 dalla Regione un riconoscimento economico per un totale di 60.932.640 euro, divisi in 38.232.540 euro per il personale del comparto e in 7.581.478 euro per la dirigenza medica. Lo ha annunciato il Presidente della Regione, Luca Zaia, nel corso del consueto appuntamento per fare il punto sull\u2019andamento dell\u2019epidemia. La significativa somma \u00e8 stata reperita per circa 26 milioni dal bilancio della Regione, per circa 20 milioni dal decreto legge Cura Italia del 26 marzo, per circa 15 milioni dal decreto legge \u201cRilancio\u201d, in attesa di pubblicazione sulla Gazzetta Ufficiale, alla quale seguir\u00e0 la sigla dell\u2019accordo per l\u2019utilizzo dei fondi.<\/p>\n<p><strong>IL PRESIDENTE LUCA ZAIA<\/strong><\/p>\n<audio class=\"wp-audio-shortcode\" id=\"audio-138825-2\" preload=\"none\" style=\"width: 100%;\" controls=\"controls\"><source type=\"audio\/mpeg\" src=\"https:\/\/www.radiopiu.net\/wordpress\/wp-content\/uploads\/2020\/05\/ZAIA-RICONOSCIMENTO-SANITA.mp3?_=2\" \/><a href=\"https:\/\/www.radiopiu.net\/wordpress\/wp-content\/uploads\/2020\/05\/ZAIA-RICONOSCIMENTO-SANITA.mp3\">https:\/\/www.radiopiu.net\/wordpress\/wp-content\/uploads\/2020\/05\/ZAIA-RICONOSCIMENTO-SANITA.mp3<\/a><\/audio>\n<p>&nbsp;<\/p>\n<p class=\"western\">I primi accrediti potrebbero essere inseriti gi\u00e0 negli stipendi di giugno. L\u2019accordo con le sigle sindacali dei lavoratori del comparto \u00e8 gi\u00e0 stato firmato il 18 maggio, quello con la dirigenza medica \u00e8 in attesa di sigla. Per quanto riguarda il personale del comparto, che ha gi\u00e0 raggiunto l\u2019intesa sindacale, i fondi saranno ripartiti sulla base del personale in servizio al 31 marzo 2020 e per il 20% in base all\u2019incidenza dei ricoveri Covid-19. Il premio arriver\u00e0 a 1.200 euro per gli operatori sanitari e i tecnici direttamente coinvolti nell\u2019assistenza ai pazienti Covid (circa 10.000 dipendenti); e fino a 600 euro per gli altri operatori impegnati in attivit\u00e0 connesse a supporto dell\u2019emergenza. Sono anche previste l\u2019estensione dell\u2019indennit\u00e0 \u201cMalattie Infettive\u201d, pari a 5,16 euro per ogni giornata lavorata nei reparti Covid e nei servizi connessi, e dell\u2019indennit\u00e0 \u201cSub Intensiva\u201d, pari a 4,16 euro giornalieri. Gli importi relativi ai mesi di febbraio, marzo e aprile 2020 saranno erogati con lo stipendio di giugno; nonch\u00e9 il riconoscimento del lavoro straordinario nei reparti coinvolti, che verr\u00e0 pagato a partire da giugno e nei successivi mesi.<\/p>\n<div><\/div>\n<a href=\"https:\/\/www.radiopiu.net\/wordpress\/wp-content\/uploads\/2020\/05\/CORONAVIRUS-PREMIO-SANITARI-VENETO-1.pdf\" class=\"pdfemb-viewer\" style=\"\" data-width=\"max\" data-height=\"max\" data-toolbar=\"top\" data-toolbar-fixed=\"on\">CORONAVIRUS PREMIO SANITARI VENETO-1<\/a>\n<p>&nbsp;<\/p>\n<p>&nbsp;<\/p>\n<hr \/>\n<p>&nbsp;<\/p>\n<blockquote>\n<h3>GRUPPO PD: \u201cBENE L\u2019ACCORDO PER INDENNIT\u00c0 AGGIUNTIVA A MEDICI E INFERMIERI:\u00a0SENZA FONDI DEL GOVERNO NON CI SAREBBE STATA UNA NUOVA STAGIONE PER IL PERSONALE DELLA SANIT\u00c0\u201d<\/h3>\n<\/blockquote>\n<p><strong><a class=\"dt-pswp-item\" href=\"https:\/\/www.radiopiu.net\/wordpress\/wp-content\/uploads\/2018\/11\/PD.png\" data-dt-img-description=\"\" data-large_image_width=\"226\" data-large_image_height=\"182\"><img loading=\"lazy\" decoding=\"async\" class=\"size-full wp-image-67744 alignleft\" src=\"https:\/\/www.radiopiu.net\/wordpress\/wp-content\/uploads\/2018\/11\/PD.png\" alt=\"\" width=\"226\" height=\"182\" \/><\/a>VENEZIA<\/strong> \u201cL\u2019accordo sull\u2019indennit\u00e0 aggiuntiva per medici e sanitari \u00e8 un\u2019ottima notizia, che ci soddisfa pienamente perch\u00e9 era una nostra proposta, datata addirittura 15 aprile e votata all\u2019unanimit\u00e0 dal Consiglio il 27\u201d. Cos\u00ec il capogruppo del Partito Democratico a Palazzo Ferro Fini Stefano Fracasso e i colleghi Graziano Azzalin, Anna Maria Bigon, Bruno Pigozzo, Claudio Sinigaglia, Andrea Zanoni e Francesca Zottis commentano il premio di 1.200 euro destinato ai lavoratori della sanit\u00e0 da mesi in prima linea nella lotta contro il coronavirus, dopo l\u2019accordo raggiunto ieri tra Regione e sindacati. \u201cUn riconoscimento concreto, con una spesa complessiva di 60 milioni provenienti dagli stanziamenti straordinari del Governo per la sanit\u00e0 che ammontano a 140 milioni e sono destinati a crescere ancora con le misure dell\u2019ultimo decreto\u201d. \u201cTuttavia &#8211; aggiungono i consiglieri dem &#8211; l\u2019auspicio \u00e8 che venga allargata la platea dei beneficiari. Finalmente anche in Veneto si cambia passo sul personale della sanit\u00e0,\u00a0 ma altrettanto dovremo fare per quello dei Centri servizi anziani, che in questi mesi hanno dato, e continuano a dare, tanto, nonostante condizioni di lavoro, anche sul fronte della sicurezza, non sempre ottimali\u201d.<\/p>\n<p>&nbsp;<\/p>\n<p>&nbsp;<\/p>\n<hr \/>\n<p>&nbsp;<\/p>\n<blockquote>\n<h3>RALLENTAMENTO REFERTAZIONE TAMPONI A PADOVA: DA GIOVED\u00cc SI TORNA AL PIENO RITMO<\/h3>\n<\/blockquote>\n<p><b><a class=\"dt-pswp-item\" href=\"https:\/\/www.radiopiu.net\/wordpress\/wp-content\/uploads\/2020\/03\/ULSS-1-DOLOMITI-LOGO.jpg\" data-dt-img-description=\"\" data-large_image_width=\"298\" data-large_image_height=\"219\"><img loading=\"lazy\" decoding=\"async\" class=\"size-full wp-image-121256 alignleft\" src=\"https:\/\/www.radiopiu.net\/wordpress\/wp-content\/uploads\/2020\/03\/ULSS-1-DOLOMITI-LOGO.jpg\" alt=\"\" width=\"298\" height=\"219\" \/><\/a>BELLUNO\u00a0<\/b>Negli ultimi giorni si sta registrando in tutte le Ulss del Veneto un ritardo nella refertazione dei tamponi Covid-19. Ritardo che \u00e8 legato principalmente a tre fattori. Maggior numero di tamponi effettuati, carenza di reagenti e guasto tecnico alle apparecchiature dell\u2019Azienda Ospedaliera di Padova \u00a0Come spiega il direttore generale dell\u2019Azienda Ospedaliera di Padova Luciano Flor \u201cle due macchine che dal 25 febbraio in Azienda Ospedaliera di Padova lavorando incessantemente 24 ore su 24 per processare una media di 4-5 mila tamponi al giorno funzionano da qualche giorno a scarto ridotto a causa di un guasto tecnico di 2 apparecchiature che dovrebbe essere risolto entro giovedi. Per la prossima settimana \u00e8 previsto in Azienda Ospedaliera l\u2019arrivo di due macchine nuove, ordinate a marzo e attese da fine aprile, che consentiranno di mettere a regime il sistema, portando a 8mila al giorno il numero di tamponi processati\u201d.\u00a0Alla rottura delle macchine di Padova si \u00e8 associato un aumento dei tamponi \u00a0che vengono fatti alla popolazione: in Azienda ospedaliera si \u00e8 passati da Una richiesta di 4-5 mila tamponi processati al giorno a quasi 6000. Infatti il piano della Regione Veneto ha previsto un progressivo \u00a0potenziamento della sorveglianza e quindi un maggior numero di campioni effettuati.\u00a0Complessivamente nelle Ulss del Veneto i tamponi fatti quotidianamente sono passati in pochi giorni da 8 mila a 11 mila con punte di 13mila. Nella settimana dal 6 al 12 aprile\u00a0 il numero dei tamponi esaminati complessivamente \u00e8 stato di 7.798 e nella settimana\u00a0 dal 4 al 10 maggio di 11.045.\u00a0In Ulss Dolomiti sono stati eseguiti 28.154 tamponi da inizio emergenza alle ore 8.00 di questa mattina.\u00a0I tamponi inviati al Laboratorio dell\u2019Azienda Ospedaliera di Padova dal 6 maggio ad oggi sono circa 3.090 di cui circa 2.020 sono in attesa di esito.<\/p>\n<p>&nbsp;<\/p>\n<hr \/>\n<p>&nbsp;<\/p>\n<blockquote>\n<h3>&#8220;DE COCCIO&#8221;:\u00a0 IERI UNA SOLA SANZIONE<\/h3>\n<\/blockquote>\n<p><strong>BELLUNO<\/strong> Continuano i controlli da parte delle Forze dell&#8217;Ordine sul contenimento della diffusione del Covid-19. Ieri\u00a0 una sola sanzione dopo 515 persone controllate. Nei primi 2 giorni della settimana sono 875 le persone controllate e 8 le contravvenzioni totali. Continuano anche controlli delle attivit\u00e0 commerciali. Nessuna sanzione o chiusura dopo 485 esercizi controllati.<\/p>\n<a href=\"https:\/\/www.radiopiu.net\/wordpress\/wp-content\/uploads\/2020\/05\/MONITORAGGIO_GIORNALIERO_DEI_SERVIZI_DI_CONTROLLO_DEL_19.05.2020.pdf\" class=\"pdfemb-viewer\" style=\"\" data-width=\"max\" data-height=\"max\" data-toolbar=\"top\" data-toolbar-fixed=\"on\">MONITORAGGIO_GIORNALIERO_DEI_SERVIZI_DI_CONTROLLO_DEL_19.05.2020<\/a>\n<p>&nbsp;<\/p>\n<p><a class=\"dt-pswp-item\" href=\"https:\/\/www.radiopiu.net\/wordpress\/wp-content\/uploads\/2020\/05\/MONITORAGGIO_GIORNALIERO_DEI_SERVIZI_DI_CONTROLLO_DEL_18.05.2020.jpg\" data-dt-img-description=\"\" data-large_image_width=\"1240\" data-large_image_height=\"1754\"><img loading=\"lazy\" decoding=\"async\" class=\"alignnone wp-image-138836 \" src=\"https:\/\/www.radiopiu.net\/wordpress\/wp-content\/uploads\/2020\/05\/MONITORAGGIO_GIORNALIERO_DEI_SERVIZI_DI_CONTROLLO_DEL_18.05.2020-724x1024.jpg\" alt=\"\" width=\"283\" height=\"400\" srcset=\"https:\/\/www.radiopiu.net\/wordpress\/wp-content\/uploads\/2020\/05\/MONITORAGGIO_GIORNALIERO_DEI_SERVIZI_DI_CONTROLLO_DEL_18.05.2020-724x1024.jpg 724w, https:\/\/www.radiopiu.net\/wordpress\/wp-content\/uploads\/2020\/05\/MONITORAGGIO_GIORNALIERO_DEI_SERVIZI_DI_CONTROLLO_DEL_18.05.2020-212x300.jpg 212w, https:\/\/www.radiopiu.net\/wordpress\/wp-content\/uploads\/2020\/05\/MONITORAGGIO_GIORNALIERO_DEI_SERVIZI_DI_CONTROLLO_DEL_18.05.2020-768x1086.jpg 768w, https:\/\/www.radiopiu.net\/wordpress\/wp-content\/uploads\/2020\/05\/MONITORAGGIO_GIORNALIERO_DEI_SERVIZI_DI_CONTROLLO_DEL_18.05.2020-1086x1536.jpg 1086w, https:\/\/www.radiopiu.net\/wordpress\/wp-content\/uploads\/2020\/05\/MONITORAGGIO_GIORNALIERO_DEI_SERVIZI_DI_CONTROLLO_DEL_18.05.2020.jpg 1240w\" sizes=\"auto, (max-width: 283px) 100vw, 283px\" \/><\/a><\/p>\n<p>&nbsp;<\/p>\n<p>&nbsp;<\/p>\n<hr \/>\n<p>&nbsp;<\/p>\n<blockquote>\n<h3>FATTORIE DIDATTICHE, APPELLO DI DE CARLO: \u201cAL LAVORO ANCHE IN VENETO. GRANDE AIUTO PER FAMIGLIE E IMPRESE AGRICOLE\u201d<\/h3>\n<\/blockquote>\n<p><strong><a class=\"dt-pswp-item\" href=\"https:\/\/www.radiopiu.net\/wordpress\/wp-content\/uploads\/2020\/05\/Luca-De-Carlo.jpg\" data-dt-img-description=\"\" data-large_image_width=\"165\" data-large_image_height=\"228\"><img loading=\"lazy\" decoding=\"async\" class=\"size-full wp-image-138787 alignleft\" src=\"https:\/\/www.radiopiu.net\/wordpress\/wp-content\/uploads\/2020\/05\/Luca-De-Carlo.jpg\" alt=\"\" width=\"165\" height=\"228\" \/><\/a>ROMA<\/strong> \u201c<em>Lancio un appello al presidente Zaia: nelle prossime ordinanze dedicate ai centri e alle attivit\u00e0 sociali annunciate dalla Regione Veneto per il fine settimana, si consenta la riapertura delle fattorie didattiche come gi\u00e0 avviene a livello nazionale. Sarebbe un grande aiuto per le famiglie e per le imprese del settore agricolo<\/em>\u201d: Luca De Carlo, coordinatore regionale e responsabile nazionale del Dipartimento Agricoltura di Fratelli d&#8217;Italia, chiede cos\u00ec un intervento regionale a favore delle fattorie didattiche.\u00a0Sono oltre 3mila le fattorie didattiche in Italia, 301 nel solo Veneto: tutto nasce da una differenziazione tra Governo e Regione sul loro \u201cruolo\u201d. Il Governo le ha considerate spazi ludico-ricreativi, pubblicando linee guida dedicate e consentendone gi\u00e0 la riapertura, mentre la Regione Veneto le equipara a centri per l&#8217;infanzia, quindi ancora impossibilitate a tornare in attivit\u00e0. \u201c<em>Si tratta di un problema facilmente risolvibile, una questione di forma che al momento impedisce la ripresa del lavoro\u201d, sottolinea De Carlo. \u201cMi ero gi\u00e0 fatto portavoce in Parlamento della necessit\u00e0 di riaprire queste aziende, con un ordine del giorno poi approvato, per cui lancio un appello anche al Governatore del Veneto per sanare questa differenza. Sarebbe un grande aiuto per i genitori, che potrebbero veder ospitati in tutta sicurezza i loro bambini in spazi aperti e sani mentre loro tornano al lavoro, e per le stesse imprese, che possono cos\u00ec veder riavviata la loro attivit\u00e0 dopo mesi di blocco forzato<\/em>\u201d.<\/p>\n<p>&nbsp;<\/p>\n<p>&nbsp;<\/p>\n<hr \/>\n<p>&nbsp;<\/p>\n<blockquote>\n<h3>BOND (FI), FASE 2: CONTRIBUTI A FONDO PERDUTO A STUDENTI FUORI SEDE<\/h3>\n<\/blockquote>\n<p><strong><a class=\"dt-pswp-item\" href=\"https:\/\/www.radiopiu.net\/wordpress\/wp-content\/uploads\/2020\/05\/Dario-Bond.jpg\" data-dt-img-description=\"\" data-large_image_width=\"165\" data-large_image_height=\"228\"><img loading=\"lazy\" decoding=\"async\" class=\"size-full wp-image-138833 alignleft\" src=\"https:\/\/www.radiopiu.net\/wordpress\/wp-content\/uploads\/2020\/05\/Dario-Bond.jpg\" alt=\"\" width=\"165\" height=\"228\" \/><\/a>ROMA<\/strong> \u201c<em>Sono quasi tre mesi che, per l\u2019emergenza Covid-19, tanti studenti universitari fuori sede sono rimasti bloccati nella citt\u00e0 in cui studiano e nella quale non sono residenti, in molti casi impossibilitati anche a tornare a casa per i limiti imposti dal Governo o dalle regioni sugli spostamenti. Studenti e studentesse che, nell\u2019incertezza di quel che accadr\u00e0, continuano a pagare affitto dopo affitto e probabilmente continueranno a farlo per mesi, senza per\u00f2 poter frequentare neppure le lezioni in presenza. Non dimentichiamoci di loro e delle loro famiglie che, con sacrificio, sopportano, oltre alle perdite e ai disagi di questo momento, anche spese come l\u2019affitto e il sostegno di un figlio studente fuori sede, incluso i supporti digitali e le spese per l\u2019accesso ad internet<\/em>\u201d. E\u2019 quanto dichiara in una nota il deputato veneto di Forza Italia, Dario Bond. \u201c<em>Siamo nella fase 2 \u2013 aggiunge Bond &#8211; ma abbiamo ancora un futuro troppo nebuloso e una visione poco chiara dell\u2019evoluzione da qui a settembre. Mettiamoci nei panni di uno studente che non sa se deve disdire o meno un contratto di affitto perch\u00e9 non sa quando riprender\u00e0 effettivamente le lezioni in aula. E intanto i genitori pagano<\/em>&#8220;. \u201c<em>E\u2019 importante tutelare il diritto allo studio e garantire a tutti, indipendentemente dalle proprie condizioni economiche,\u00a0l\u2019accesso\u00a0agli studi e la possibilit\u00e0 di studiare dove si vuole. Governo e Regioni trovino un accordo per riconoscere a questi ragazzi e alle loro famiglie un ristoro per recuperare almeno in parte i costi sostenuti. In alcune regioni si sta gi\u00e0 provvedendo con contributi a fondo perduto, lo si faccia anche nelle regioni del Nord Italia e senza indugi<\/em>\u201d conclude Bond.<\/p>\n<p><strong>DALLA RASSEGNA STAMPA DELLE 8<\/strong><\/p>\n<audio class=\"wp-audio-shortcode\" id=\"audio-138825-3\" preload=\"none\" style=\"width: 100%;\" controls=\"controls\"><source type=\"audio\/mpeg\" src=\"https:\/\/www.radiopiu.net\/wordpress\/wp-content\/uploads\/2020\/05\/BOND-STUDENTI.mp3?_=3\" \/><a href=\"https:\/\/www.radiopiu.net\/wordpress\/wp-content\/uploads\/2020\/05\/BOND-STUDENTI.mp3\">https:\/\/www.radiopiu.net\/wordpress\/wp-content\/uploads\/2020\/05\/BOND-STUDENTI.mp3<\/a><\/audio>\n<p>&nbsp;<\/p>\n<hr \/>\n<p>&nbsp;<\/p>\n<p><b>WANBAO ACC: DONAZZAN \u201cBENE APPROCCIO INDUSTRIALE ALLA GESTIONE DELLA CRISI GARANTITO DAL MANAGER CASTRO E IL COINVOLGIMENTO DEL TERRITORIO. ORA SERVE IL SOSTEGNO DEL GOVERNO\u201d<\/b><\/p>\n<p><strong><a class=\"dt-pswp-item\" href=\"https:\/\/www.radiopiu.net\/wordpress\/wp-content\/uploads\/2016\/01\/DONAZZAN-FOTO-WANBAO-ACC-DI-MEL-e1589904926185.jpg\" data-dt-img-description=\"\" data-large_image_width=\"2592\" data-large_image_height=\"1936\"><img loading=\"lazy\" decoding=\"async\" class=\"size-medium wp-image-15631 alignleft\" src=\"https:\/\/www.radiopiu.net\/wordpress\/wp-content\/uploads\/2016\/01\/DONAZZAN-FOTO-WANBAO-ACC-DI-MEL-e1589904926185-300x224.jpg\" alt=\"\" width=\"300\" height=\"224\" \/><\/a>VENEZIA<\/strong>\u00a0\u201c<em>La scelta di Maurizio Castro come commissario straordinario per la fabbrica di compressori di Mel d\u00e0 il segno di un approccio industriale alla gestione della crisi di Wanbao Acc. Un approccio industriale che dovrebbe connotare sempre le amministrazioni straordinarie<\/em>\u201d. Lo ha ribadito l\u2019assessore al lavoro della Regione Veneto, Elena Donazzan, nell\u2019incontro \u00a0convocato dal Ministero per lo Sviluppo Economico con la Regione, le parti sociali e istituzionali e lo stesso Castro sui prossimi passaggi previsti per il sito produttivo di Borgo Valbelluna e i suoi 285 dipendenti.\u00a0\u201c<em>Riconfermo la viva soddisfazione della Regione per la nomina del dottor Castro in veste di commissario straordinario \u2013 ha dichiarato Donazzan &#8211;<span class=\"Apple-converted-space\">\u00a0 <\/span>E\u2019 persona esperta, competente e con le giuste relazioni per impostare una strategia industriale espansiva, di riaffermazione nei mercati internazionali dello stabilimento di Mel e in stretta relazione<span class=\"Apple-converted-space\">\u00a0 <\/span>con il territorio. Maurizio Castro \u2013 sottolinea l\u2019assessore regionale &#8211;<span class=\"Apple-converted-space\">\u00a0 <\/span>ha confermato anche oggi l\u2019importanza del coinvolgimento delle parti sociali e istituzionali, rappresentate nel Comitato socio-istituzionale, e di un<span class=\"Apple-converted-space\">\u00a0 <\/span>approccio concertato e condiviso alla crisi.<span class=\"Apple-converted-space\">\u00a0<\/span>L\u2019azienda di compressori di Mel appartiene ad una filiera strategica del territorio nazionale, e in particolare del Nordest, che deve essere valorizzata e sostenuta anche, e soprattutto, in questa fase di crisi legata al Covid 19 \u2013 \u00e8 stato l\u2019appello dell\u2019assessore agli interlocutori ministeriali &#8211; La filiera dell\u2019industria del \u2018bianco\u2019 deve essere sostenuta e supportata in questa fase di rilancio a livello governativo, utilizzando gli spazi di flessibilit\u00e0 finanziaria concessi oggi a livello comunitario agli Stati membri e alle loro industrie, cos\u00ec come sta avvenendo per il settore dell\u2019auto<\/em>\u201d.<\/p>\n<p>&nbsp;<\/p>\n<p>&nbsp;<\/p>\n<hr \/>\n<p>&nbsp;<\/p>\n<blockquote>\n<h3>L&#8217;APPREZZAMENTO DELLA CISL PER LA NOMINA DI CASTRO A COMMISSARIO WANBAO<\/h3>\n<\/blockquote>\n<p><strong><a class=\"dt-pswp-item\" href=\"https:\/\/www.radiopiu.net\/wordpress\/wp-content\/uploads\/2020\/04\/CISL-BELLUNO-OK.jpg\" data-dt-img-description=\"\" data-large_image_width=\"909\" data-large_image_height=\"910\"><img loading=\"lazy\" decoding=\"async\" class=\" wp-image-132184 alignleft\" src=\"https:\/\/www.radiopiu.net\/wordpress\/wp-content\/uploads\/2020\/04\/CISL-BELLUNO-OK-300x300.jpg\" alt=\"\" width=\"220\" height=\"220\" srcset=\"https:\/\/www.radiopiu.net\/wordpress\/wp-content\/uploads\/2020\/04\/CISL-BELLUNO-OK-300x300.jpg 300w, https:\/\/www.radiopiu.net\/wordpress\/wp-content\/uploads\/2020\/04\/CISL-BELLUNO-OK-150x150.jpg 150w, https:\/\/www.radiopiu.net\/wordpress\/wp-content\/uploads\/2020\/04\/CISL-BELLUNO-OK-768x769.jpg 768w, https:\/\/www.radiopiu.net\/wordpress\/wp-content\/uploads\/2020\/04\/CISL-BELLUNO-OK.jpg 909w\" sizes=\"auto, (max-width: 220px) 100vw, 220px\" \/><\/a>BELLUNO<\/strong> \u201c<em>Attendiamo con soddisfazione il decreto di nomina di Maurizio Castro a commissario della Acc Italia Wanbao di Mel<\/em>\u201d.\u00a0\u00c8 il commento di Gianfranco Refosco, Segretario Cisl Veneto e di Massimiliano Nobis, Segretario regionale dei metalmeccanici della Cisl, alla notizia, anticipata dal ministro D\u2019Inca, che il collega titolare del MiSE, Patuanelli, abbia deciso di procedere in questo senso.<br \/>\n\u201c<em>E\u2019 una buona scelta e noi ci siamo spesi affinch\u00e9 fosse quella definitiva \u2013 sottolineano i dirigenti Cisl- il dott. Castro \u00e8 indubbiamente il manager che meglio conosce lo stabilimento di Mel, le sue potenzialit\u00e0 e le condizioni generali del mercato. Competenze fondamentali per chi \u00e8 chiamato ad evitarne la chiusura<\/em>\u201d.<\/p>\n<p>&nbsp;<\/p>\n<p>&nbsp;<\/p>\n<hr \/>\n<p>&nbsp;<\/p>\n<blockquote>\n<h3>DISABILI: DA REGIONE VENETO MILLE EURO DI CONTRIBUTO PRO CAPITE PER TIROCINI OCCUPAZIONALI SOSPESI A CAUSA COVID<\/h3>\n<\/blockquote>\n<p><strong><a class=\"dt-pswp-item\" href=\"https:\/\/www.radiopiu.net\/wordpress\/wp-content\/uploads\/2020\/04\/DONAZZAN-1.jpg\" data-dt-img-description=\"\" data-large_image_width=\"2048\" data-large_image_height=\"2048\"><img loading=\"lazy\" decoding=\"async\" class=\" wp-image-133654 alignleft\" src=\"https:\/\/www.radiopiu.net\/wordpress\/wp-content\/uploads\/2020\/04\/DONAZZAN-1-300x300.jpg\" alt=\"\" width=\"205\" height=\"205\" srcset=\"https:\/\/www.radiopiu.net\/wordpress\/wp-content\/uploads\/2020\/04\/DONAZZAN-1-300x300.jpg 300w, https:\/\/www.radiopiu.net\/wordpress\/wp-content\/uploads\/2020\/04\/DONAZZAN-1-1024x1024.jpg 1024w, https:\/\/www.radiopiu.net\/wordpress\/wp-content\/uploads\/2020\/04\/DONAZZAN-1-150x150.jpg 150w, https:\/\/www.radiopiu.net\/wordpress\/wp-content\/uploads\/2020\/04\/DONAZZAN-1-768x768.jpg 768w, https:\/\/www.radiopiu.net\/wordpress\/wp-content\/uploads\/2020\/04\/DONAZZAN-1-1536x1536.jpg 1536w, https:\/\/www.radiopiu.net\/wordpress\/wp-content\/uploads\/2020\/04\/DONAZZAN-1.jpg 2048w\" sizes=\"auto, (max-width: 205px) 100vw, 205px\" \/><\/a>VENEZIA<\/strong>\u00a0Mille euro ai tirocinanti con disabilit\u00e0. Li stanzia la Giunta regionale del Veneto, su proposta dell\u2019assessore al lavoro Elena Donazzan e di concerto con l\u2019assessore alla sanit\u00e0 e al sociale Manuela Lanzarin, per assicurare una forma di reddito alle 2788 persone con disabilit\u00e0, per oltre due mesi rimaste inoccupate e senza reddito a causa delle misure di contenimento della pandemia da Covid 19. Come tutte le attivit\u00e0 formative, anche i tirocini \u2018sociali\u2019 (attuati in base alla legge 68\/1999 sul collocamento obbligatorio per disabili e invalidi da cooperative sociali, Ulss. Comuni, enti del terzo settore e finanziati dalla Regione) sono stati sospesi, alla pari di tutte quelle forme di tirocinio che non si potevano svolgere a distanza. Ma, a differenza di quelli formativi ordinari, queste sono anche una forma di reddito alle persone coinvolte.\u00a0\u201c<em>I percorsi di inserimento sociale lavorativo sono sinora rimasti esclusi da ogni forma di copertura o di indennizzo previsto dai vari decreti legge del Governo \u2013 sottolinea l\u2019assessore regionale al lavoro, Elena Donazzan \u2013 Una grave ingiustizia per queste persone svantaggiate, per le quali il tirocinio \u00e8 una forma di inserimento lavorativo vero e proprio che favorisce autonomia e inclusione sociale, e l\u2019indennit\u00e0 di partecipazione rappresenta l\u2019unica fonte di reddito. La Regione del Veneto ha perci\u00f2 previsto, attingendo a risorse della propria programmazione, di assicurare a tutte le persone disabili che avevano un tirocinio in corso alla data del 10 marzo un assegno da mille euro, come contributo economico a copertura del periodo di sospensione<\/em>\u201d.\u00a0Il provvedimento prevede che gli enti promotori dei tirocini provvedano entro il 30 giugno ad erogare il contributo ai tirocinanti. A loro volta, gli enti promotori riceveranno un ristoro di 50 euro per ogni versamento fatto ai singoli tirocinanti. Inoltre, la Regione raccomanda ai Comitati dei sindaci e alle Ulss, che promuovono in proprio forme di inserimento lavorativo per le persone svantaggiate, a fare altrettanto con i propri bilanci.<\/p>\n<p>&nbsp;<\/p>\n<p>&nbsp;<\/p>\n<hr \/>\n<p>&nbsp;<\/p>\n<blockquote>\n<h3>FRANCO ROCCON AUSPICA NON CI SIA UN TERZO GRADO DI GIUDIZIO PER I CANI DEI NON VEDENTI SULLE SCALE MOBILI<\/h3>\n<\/blockquote>\n<p>DALLA RASSEGNA STAMPA DELLE OTTO<\/p>\n<audio class=\"wp-audio-shortcode\" id=\"audio-138825-4\" preload=\"none\" style=\"width: 100%;\" controls=\"controls\"><source type=\"audio\/mpeg\" src=\"https:\/\/www.radiopiu.net\/wordpress\/wp-content\/uploads\/2020\/05\/ROCCON.mp3?_=4\" \/><a href=\"https:\/\/www.radiopiu.net\/wordpress\/wp-content\/uploads\/2020\/05\/ROCCON.mp3\">https:\/\/www.radiopiu.net\/wordpress\/wp-content\/uploads\/2020\/05\/ROCCON.mp3<\/a><\/audio>\n<p>&nbsp;<\/p>\n<p><strong><a class=\"dt-pswp-item\" href=\"https:\/\/www.radiopiu.net\/wordpress\/wp-content\/uploads\/2020\/05\/photo_2020-05-19_19-40-45.jpg\" data-dt-img-description=\"\" data-large_image_width=\"768\" data-large_image_height=\"568\"><img loading=\"lazy\" decoding=\"async\" class=\"size-medium wp-image-139010 alignleft\" src=\"https:\/\/www.radiopiu.net\/wordpress\/wp-content\/uploads\/2020\/05\/photo_2020-05-19_19-40-45-300x222.jpg\" alt=\"\" width=\"300\" height=\"222\" srcset=\"https:\/\/www.radiopiu.net\/wordpress\/wp-content\/uploads\/2020\/05\/photo_2020-05-19_19-40-45-300x222.jpg 300w, https:\/\/www.radiopiu.net\/wordpress\/wp-content\/uploads\/2020\/05\/photo_2020-05-19_19-40-45.jpg 768w\" sizes=\"auto, (max-width: 300px) 100vw, 300px\" \/><\/a>BELLUNO\u00a0<\/strong>&#8220;<em>Un eventuale ricorso al terzo grado di giudizio, senza intraprendere un soluzione bonaria, che dovrebbe esserci gi\u00e0 stata prima di avviare cause lunghissime, segnalerebbe la volont\u00e0 persecutoria nei confronti di soggetti che proprio non ne hanno bisogno e un limite basso al buonsenso, istituzionale e personale degli amministratori<\/em>&#8221;\u00a0Dopo l\u2019intervento del sindaco nel corso dell\u2019ultimo Consiglio Comunale del 15 maggio scorso, interpellato sull\u2019annosa questione della possibilit\u00e0 o meno di far salire i cani guida dei cechi<span class=\"Apple-converted-space\">\u00a0 <\/span>lungo le scale mobili di Lambioi, Franco Roccon sottolinea quanto espresso: &#8220;<em>La legge 37 del 1974 prevede il libero accesso ed utilizzo ad ogni mezzo di trasporto, comprese le scale mobili, da parte di tutti i disabili visivi accompagnati da cani guida.\u00a0Il regolamento di sicurezza citato dal Sindaco vieta di appoggiare sulle scale mobili \u201ccani\u201d. Vale a dire, tutti i cani ad eccezione evidentemente dei cani guida, per i quali \u00e8 prevista la deroga sulla base della legge n. 37 del 1974.\u00a0Il regolamento di sicurezza che il sindaco cita, non pu\u00f2 e non poteva derogare una legge.\u00a0Come affermato dal sindaco, i divieti di accesso con il cane ci sono in tutte le scale mobili d&#8217;Italia. Ma di cani normali, non di cani guida che invece possono accedere e sono addestrati anche per questa attivit\u00e0. Tutte le scuole di addestramento in Italia, rilasciano le dovute attestazioni per questa attivit\u00e0. Tranne Belluno, nessuno ha mai posto alcun divieto di accesso, poich\u00e9 la libera circolazione del disabile accompagnato dal cane guida \u00e8 un diritto assoluto previsto per legge.\u00a0La sentenza della Corte d\u2019Appello rimarca pesantemente, e non lievemente, la<span class=\"Apple-converted-space\">\u00a0 <\/span>discriminazione nei confronti dei non vedenti accompagnati dai loro cani guida, attuata attraverso le azioni del Comune e di Bellunum, non a caso la Corte obbliga gli stessi alla rimozione dei cartelli illegittimi e li condanna al risarcimento del danno morale.\u00a0Tutte le spese inerenti alla causa sono a carico delle casse comunali ed eventualmente, se la Corte dei Conti interverr\u00e0, riterr\u00e0 responsabili in solido gli amministratori che hanno testardamente proseguito nella causa.\u00a0Non \u00e8 vero che l\u2019Unione Ciechi non ha accolto con favore l\u2019esito della causa ma anzi ne ha pubblicato questo mese nel sito online \u201cGiornale UICI\u201d un bel approfondimento dal titolo \u201cUn\u2019importante Sentenza contro le discriminazioni in ragione della disabilit\u00e0\u201d.<span class=\"Apple-converted-space\">\u00a0\u00a0<\/span>Asso Ascensori, stranamente, rimarca la sua perplessit\u00e0 sulla sentenza della Corte d\u2019Appello e fa intravvedere una specie di immobilismo delle attivit\u00e0 di trasporto se tale sentenza fosse definitivamente confermata. Probabilmente, non tiene conto che, sia l\u2019Associazione Ciechi d\u2019Italia ed altre organizzazioni, ritengono questa sentenza molto innovativa e chiarificatrice dei divieti che taluni, come Belluno, impongono e che sono contrari alla legge, come anche rilevato dalla sente<\/em>&#8221;<\/p>\n<p>&nbsp;<\/p>\n<p>&nbsp;<\/p>\n<hr \/>\n<p>&nbsp;<\/p>\n<blockquote>\n<h3>SCOMPARE CON BRUNO OLIVOTTO UN\u2019IMPORTANTE FIGURA DELL\u2019IMPRENDITORIA BELLUNESE<\/h3>\n<\/blockquote>\n<p><strong><a class=\"dt-pswp-item\" href=\"https:\/\/www.radiopiu.net\/wordpress\/wp-content\/uploads\/2015\/10\/Confindustria_BL.gif\" data-dt-img-description=\"\" data-large_image_width=\"793\" data-large_image_height=\"211\"><img loading=\"lazy\" decoding=\"async\" class=\"size-medium wp-image-12471 alignleft\" src=\"https:\/\/www.radiopiu.net\/wordpress\/wp-content\/uploads\/2015\/10\/Confindustria_BL-300x80.gif\" alt=\"\" width=\"300\" height=\"80\" \/><\/a>BELLUNO<\/strong>\u00a0Nato il 25 luglio del 1934, Bruno Olivotto \u00e8 mancato stretto dal conforto della moglie Giuseppina e dei figli Alfio ed Antonio nella giornata di luned\u00ec. Protagonista dell\u2019imprenditoria locale e gi\u00e0 attivo durante le olimpiadi del 1956, dopo alcuni anni al fianco del padre e dei fratelli aveva contribuito a costituire nel 1968 l\u2019impresa Olivotto Nelso attiva nel settore dell\u2019edilizia.<span class=\"Apple-converted-space\">\u00a0<\/span>L\u2019impresa \u00e8 rapidamente cresciuta negli anni riuscendo a completare il passaggio generazionale nel 2005 con la costituzione dell\u2019Impresa Olivotto Srl seguita oggi dai figli Alfio ed Antonio e dai nipoti Paolo e Luca. La figura di Bruno non si \u00e8 distinta solo nell\u2019ambito imprenditoriale e delle costruzioni bellunesi, ma ha contribuito in modo attivo a livello sociale sia nell\u2019ambito del Gruppo Alpini di Ospitale in cui riversava il ricordo dell\u2019esperienza di giovent\u00f9 nel 7\u00b0 reggimento, sia nell\u2019ambito della \u201cFameja dei Zat\u00e8r e Menadas de la Piave\u201d da cui aveva ricevuto anche il riconoscimento di Pater Familias\u201d.\u00a0Ricordato con molto affetto da quanti hanno potuto conoscerlo a livello professionale ed umano rappresenta appieno una generazione di imprenditori che hanno saputo trasmettere i valori di un\u2019economia finalizzata a difendere il proprio territorio, valorizzando le risorse e le persone che ne rappresentano la spina dorsale.\u00a0I funerali si terranno mercoled\u00ec pomeriggio alle ore 15,00 presso la chiesa di Ospitale.<\/p>\n<p>&nbsp;<\/p>\n<p>&nbsp;<\/p>\n<hr \/>\n<p>&nbsp;<\/p>\n<blockquote>\n<h3>CORONAVIRUS. VIA LIBERA A NUOVE MISURE DI SOSTEGNO DEL CREDITO ALLE IMPRESE<\/h3>\n<\/blockquote>\n<p><strong><a class=\"dt-pswp-item\" href=\"https:\/\/www.radiopiu.net\/wordpress\/wp-content\/uploads\/2020\/04\/ROBERTO-MARCATO.jpg\" data-dt-img-description=\"\" data-large_image_width=\"960\" data-large_image_height=\"960\"><img loading=\"lazy\" decoding=\"async\" class=\" wp-image-128165 alignleft\" src=\"https:\/\/www.radiopiu.net\/wordpress\/wp-content\/uploads\/2020\/04\/ROBERTO-MARCATO-300x300.jpg\" alt=\"\" width=\"197\" height=\"197\" srcset=\"https:\/\/www.radiopiu.net\/wordpress\/wp-content\/uploads\/2020\/04\/ROBERTO-MARCATO-300x300.jpg 300w, https:\/\/www.radiopiu.net\/wordpress\/wp-content\/uploads\/2020\/04\/ROBERTO-MARCATO-150x150.jpg 150w, https:\/\/www.radiopiu.net\/wordpress\/wp-content\/uploads\/2020\/04\/ROBERTO-MARCATO-768x768.jpg 768w, https:\/\/www.radiopiu.net\/wordpress\/wp-content\/uploads\/2020\/04\/ROBERTO-MARCATO.jpg 960w\" sizes=\"auto, (max-width: 197px) 100vw, 197px\" \/><\/a>VENEZIA<\/strong> La giunta ha approvato in via definitiva la delibera che stabilisce un intervento straordinario per la concessione di finanziamenti agevolati alle imprese venete colpite dalle conseguenze del Covid-19 pari a 30 milioni di euro. Il provvedimento era stato approvato all\u2019unanimit\u00e0 nell\u2019ultima seduta dalla Terza Commissione Regionale.\u00a0\u201c<em>Questi sono soldi veri che mettiamo a disposizione delle nostre imprese \u2013 sottolinea l\u2019assessore regionale allo sviluppo economico ed energia Roberto Marcato, che ha proposto la delibera \u2013 le aziende chiedono aiuto e noi ci siamo attivati subito per dare loro liquidit\u00e0 alle migliori condizioni<\/em>\u201d.\u00a0Lo strumento finanziario approvato sar\u00e0 gestito dalla finanziaria regionale Veneto Sviluppo SpA e prevede il coinvolgimento di intermediari finanziari vigilati che si convenzioneranno con Veneto Sviluppo. Questi ultimi, in particolare, effettueranno le istruttorie per la concessione dei finanziamenti ed erogheranno materialmente gli stessi, con provvista assicurata da Veneto Sviluppo.\u00a0Dal punto di vista operativo, le PMI potranno cominciare a presentare domanda agli intermediari finanziari selezionati tra circa quindici giorni, dopo che Veneto Sviluppo avr\u00e0 completato la selezione. L\u2019elenco degli intermediari finanziari convenzionati sar\u00e0 pubblicato sul sito internet di Veneto Sviluppo a selezione ultimata.\u00a0\u201c<em>Mettiamo in campo un provvedimento che ha molti punti di forza \u2013 spiega Marcato \u2013 prima di tutto i prestiti potranno essere effettuati a tasso zero e a costo zero per le imprese, dato che la Regione si prende carico di coprire le spese istruttorie fino a 2.000 euro. Poi l\u2019importo massimo del finanziamento \u00e8 raddoppiato: va da un minimo di euro 5.000 ad un massimo di euro 50.000, con una durata minima del finanziamento di 12 mesi e massima di 72 mesi<\/em>\u201d.<span class=\"Apple-converted-space\">\u00a0<\/span><\/p>\n<p>&nbsp;<\/p>\n<p>&nbsp;<\/p>\n<hr \/>\n<p>&nbsp;<\/p>\n<p>&nbsp;<\/p>\n<p>&nbsp;<\/p>\n<p>&nbsp;<\/p>\n<blockquote>\n<h3>RIAPRE IL MUSEO ETNOGRAFICO DELLA PROVINCIA DI BELLUNO. PRONTA UNA CAMPAGNA SOCIAL PER IL GIARDINO DELLE ROSE ANTICHE<\/h3>\n<\/blockquote>\n<p><strong><a class=\"dt-pswp-item\" href=\"https:\/\/www.radiopiu.net\/wordpress\/wp-content\/uploads\/2020\/05\/berceau-rose-al-museo-218-scaled.jpg\" data-dt-img-description=\"\" data-large_image_width=\"2560\" data-large_image_height=\"1920\"><img loading=\"lazy\" decoding=\"async\" class=\"size-medium wp-image-138840 alignleft\" src=\"https:\/\/www.radiopiu.net\/wordpress\/wp-content\/uploads\/2020\/05\/berceau-rose-al-museo-218-300x225.jpg\" alt=\"\" width=\"300\" height=\"225\" srcset=\"https:\/\/www.radiopiu.net\/wordpress\/wp-content\/uploads\/2020\/05\/berceau-rose-al-museo-218-300x225.jpg 300w, https:\/\/www.radiopiu.net\/wordpress\/wp-content\/uploads\/2020\/05\/berceau-rose-al-museo-218-1024x768.jpg 1024w, https:\/\/www.radiopiu.net\/wordpress\/wp-content\/uploads\/2020\/05\/berceau-rose-al-museo-218-768x576.jpg 768w, https:\/\/www.radiopiu.net\/wordpress\/wp-content\/uploads\/2020\/05\/berceau-rose-al-museo-218-1536x1152.jpg 1536w, https:\/\/www.radiopiu.net\/wordpress\/wp-content\/uploads\/2020\/05\/berceau-rose-al-museo-218-2048x1536.jpg 2048w\" sizes=\"auto, (max-width: 300px) 100vw, 300px\" \/><\/a>BELLUNO<\/strong> \u201cFase 2\u201d anche per il Museo Etnografico di Seravella. Da sabato prossimo (23 maggio) la struttura della Provincia di Belluno riaprir\u00e0 i battenti. Sar\u00e0 possibile visitare le sale espositive e anche il giardino di rose antiche. Con alcune accortezze, come richiesto dalle misure anti-contagio ancora in vigore. Il Museo Etnografico si \u00e8 adattato alle nuove esigenze: \u00e8 attrezzato con tutti i dispositivi di sicurezza ed \u00e8 stato segnato un percorso di visita con entrata e uscita differenti. Inoltre, vengono messe in atto tutte le procedure di sanificazione previste al termine di ogni ingresso. Per favorire la visita nella massima tranquillit\u00e0 e sicurezza, l&#8217;accesso al museo sar\u00e0 contingentato, con ingressi scaglionati ogni 20 minuti. La prenotazione \u00e8 obbligatoria e gratuita, all\u2019indirizzo mail museoseravella@provincia.belluno.it (da inviare con almeno 24 ore di anticipo). Sar\u00e0 possibile prenotare ingressi per singole persone e per piccoli gruppi familiari. Il museo sar\u00e0 aperto da marted\u00ec a gioved\u00ec dalle 9 alle 13. Il venerd\u00ec, invece, apertura doppia: dalle 9 alle 13, e dalle 15 alle 18 (fino al 30 settembre). Nei week-end, portoni aperti e visite pomeridiane dalle 15 alle 18.20. Per l&#8217;estate sono state previste inoltre anche delle nuove aperture serali, ogni ultimo sabato del mese (30 maggio, 27 giugno, 25 luglio e 29 agosto) dalle 20 alle 22. Chi volesse farsi un&#8217;idea in anteprima di cosa racchiude la villa di Seravella, pu\u00f2 scaricare gratuitamente l&#8217;applicazione multimediale Amuseapp SENSI (per Android e IOS) e poi al museo utilizzare il proprio smartphone come audioguida ascoltando la voce di Daniela Perco, fondatrice del museo, che condurr\u00e0 il visitatore sala per sala raccontando tutti gli aspetti della cultura locale bellunese. La visita a Seravella ha un punto irrinunciabile, soprattutto nei mesi primaverili. Si tratta del giardino delle rose antiche, che conta pi\u00f9 di 300 rosai e variet\u00e0 provenienti da tutto il mondo. Proprio in questi giorni, se non vi fosse stata la pandemia, avrebbe avuto inizio la nuova rassegna delle rose il cui programma prevedeva cene a tema, conferenze, visite, concerti e molto altro. Tutto rinviato alla primavera del 2021, ma nel frattempo, insieme ai partner Isoipse e Unifarco, il Museo Etnografico organizzer\u00e0 a brevissimo una campagna social dedicata al giardino che avr\u00e0 come titolo #storiedirose.<\/p>\n<p>&nbsp;<\/p>\n<p>&nbsp;<\/p>\n<hr \/>\n<p>&nbsp;<\/p>\n<blockquote>\n<h3>BRASILE. \u00c8 MORTO DARCY LOSS LUZZATO. DE BONA: \u00abCON LA SUA SCOMPARSA LA CULTURA VENETA \u00c8 PI\u00d9 POVERA\u00bb<\/h3>\n<\/blockquote>\n<p><strong><a class=\"dt-pswp-item\" href=\"https:\/\/www.radiopiu.net\/wordpress\/wp-content\/uploads\/2020\/05\/1f48fffa-7a2f-42df-9b71-5a401013819b.jpg\" data-dt-img-description=\"\" data-large_image_width=\"622\" data-large_image_height=\"1280\"><img loading=\"lazy\" decoding=\"async\" class=\"wp-image-138939 alignleft\" src=\"https:\/\/www.radiopiu.net\/wordpress\/wp-content\/uploads\/2020\/05\/1f48fffa-7a2f-42df-9b71-5a401013819b-146x300.jpg\" alt=\"\" width=\"83\" height=\"171\" srcset=\"https:\/\/www.radiopiu.net\/wordpress\/wp-content\/uploads\/2020\/05\/1f48fffa-7a2f-42df-9b71-5a401013819b-146x300.jpg 146w, https:\/\/www.radiopiu.net\/wordpress\/wp-content\/uploads\/2020\/05\/1f48fffa-7a2f-42df-9b71-5a401013819b-498x1024.jpg 498w, https:\/\/www.radiopiu.net\/wordpress\/wp-content\/uploads\/2020\/05\/1f48fffa-7a2f-42df-9b71-5a401013819b.jpg 622w\" sizes=\"auto, (max-width: 83px) 100vw, 83px\" \/><\/a>BELLUNO<\/strong> Grave lutto per la cultura veneta e bellunese. All\u2019et\u00e0 di 85 anni \u00e8 morto Darcy Loss Luzzato, scrittore sudamericano in Talian (la lingua dei veneti emigrati a fine Ottocento negli Stati del Sud del Brasile, ndr). Considerato il pi\u00f9 grande scrittore in Talian, la produzione di Luzzato conta decine di opere dei pi\u00f9 vari argomenti, tra cui alcuni dizionari, testi storici e di memorie.\u00a0\u00abHo avuto il piacere e l\u2019onore di conoscerlo trent\u2019anni fa\u00bb, le parole di un commosso Oscar De Bona, presidente Abm, \u00abe in quest\u2019arco di tempo sono state numerose le volte in cui ci siamo incontrati. Ad ogni incontro ricevevo sempre un libro da lui scritto. Con la sua scomparsa la cultura veneta \u00e8 pi\u00f9 povera\u00bb.<\/p>\n<p>&nbsp;<\/p>\n<p>&nbsp;<\/p>\n<hr \/>\n<p>&nbsp;<\/p>\n<p>&nbsp;<\/p>\n<div class=\"page-title-head hgroup\">\n<blockquote>\n<h3 class=\"entry-title\">LA SORPRESA DI AD AGORDO PROLOCO, MANO TESA AI COMMERCIANTI<\/h3>\n<\/blockquote>\n<\/div>\n<div class=\"page-title-breadcrumbs\">\n<p><strong class=\"photoswipe-wrapper\"><img loading=\"lazy\" decoding=\"async\" class=\"wp-image-138881 alignleft jetpack-lazy-image jetpack-lazy-image--handled\" src=\"https:\/\/i2.wp.com\/www.radiopiu.net\/wordpress\/wp-content\/uploads\/2020\/05\/98600207_1142756912742242_5838014733235519488_n.jpg?resize=262%2C350&amp;ssl=1\" sizes=\"auto, (max-width: 262px) 100vw, 262px\" srcset=\"https:\/\/i2.wp.com\/www.radiopiu.net\/wordpress\/wp-content\/uploads\/2020\/05\/98600207_1142756912742242_5838014733235519488_n.jpg?resize=225%2C300&amp;ssl=1 225w, https:\/\/i2.wp.com\/www.radiopiu.net\/wordpress\/wp-content\/uploads\/2020\/05\/98600207_1142756912742242_5838014733235519488_n.jpg?w=720&amp;ssl=1 720w\" alt=\"\" width=\"262\" height=\"350\" data-recalc-dims=\"1\" data-lazy-loaded=\"1\" \/>AGORDO<\/strong> Nel giorno della riapertura inaspettato regalo per i commercianti di Agordo, mascherine e gel per tutti. La chiave di lettura \u00e8 certamente la riconoscenza\u00a0 del sodalizio di via 27 aprile agli operatori economici della citt\u00e0<em> \u201cQuesto \u00e8 il periodo in cui siete abituati ad incontrarci e vi chiediamo un contributo per poter svolgere al meglio le manifestazioni di giugno. Quest\u2019anno le cose sono andate in modo diverso, noi abbiamo dovuto rinunciare alla 4 pass in doi e alla sagra de San Piero, e voi vi preparate a riaprire le vostre attivit\u00e0 dopo mesi di chiusura\u201d<\/em> Inizia cos\u00ec la lettera della proloco allegata ai dispositivi di protezione, per esprimere poi un concetto importante \u201c<em>Ci\u00f2 che tiene viva una comunit\u00e0 \u00e8 la reciprocit\u00e0 tra tutte le sue parti, siamo convinti che, come voi ci avete sempre sostenuto, oggi dobbiamo noi sostenervi, Per questo abbiamo deciso di donare ai commercianti del Comune di Agordo gel e mascherine\u201d.<\/em><\/p>\n<blockquote><p>Sar\u00e0 anche una piccola goccia nel mare ma la pacca sulla spalla \u00e8 vigorosa in un momento difficile, per far sentire meno soli chi garantisce un sano tessuto economico, con la certezza che anche gli agordini sapranno fare la loro parte in quanto a gioco di squadra per sostenere il nostro patrimonio costruito negli anni.<\/p><\/blockquote>\n<p>&nbsp;<\/p>\n<p>&nbsp;<\/p>\n<hr \/>\n<\/div>\n<p>&nbsp;<\/p>\n<p>&nbsp;<\/p>\n<blockquote>\n<h1 class=\"entry-title\">\u201cBELLUNO E PROVINCIA NELLE VECCHIE CARTOLINE\u201d: OGGI E\u2019 LA VOLTA DI AGORDO<\/h1>\n<\/blockquote>\n<h3 class=\"entry-title\">DI RENATO BONA<\/h3>\n<p><span class=\"_5yl5\"><strong>BELLUNO\u00a0<\/strong> Siamo grati agli storici Giovanni Fabbiani e Giuseppe Sorge per l\u2019ottimo lavoro di selezione, scelta e commento di 157 vecchie cartoline raccolte, con relative diciture, nel prezioso volume \u201cBelluno e provincia\u201d che \u00e8 \u201cnato come testimonianza di affetto verso la nostra terra\u201d nel dicembre di 35 anni, edito per conto del Lions club bellunese da Canova di Treviso nelle Officine grafiche Longo e Zoppelli. E riconoscenza dobbiamo anche a quanti hanno collaborato alla raccolta: Pietro Secco, Mario Brovelli, Giovanni Pocchiesa, Emilio De Castello, famiglia Giaffredo, Antonio Fontana, Damiano Miari, Manlio Pat, famiglia Da Borso Alessandro, Ugo Pontirolli Gobbi, famiglia De Biasi, Ferruccio Breveglieri, famiglia Cargnel, Lorenzo Fabris, Mario Tommasini, Giovanni Fabbiani, Azienda autonoma di soggiorno e turismo. Grati, dicevamo, perch\u00e9 \u00e8 proprio bello oggi, a distanza di tanti lustri, vedere le realt\u00e0 della terra e della gente bellunese nell\u2019ottica di allora. La \u201ctappa\u201d odierna del viaggio in provincia ci porta in Agordino, la cui vocazione di fondo &#8211; spiegano Fabbiani-Sorge \u2013 \u00e8 sempre stata quella del turismo, sin da quando era cessato il dominio della Serenissima che a Caprile aveva il suo confine ultimo (poi c\u2019erano i dominii del principe vescovo di Bressanone) e nei villaggi di Caracoi, Cimai e di Caracoi Agoin relegava i prigionieri turchi\u201d. E proseguono: \u201cTale vocazione continu\u00f2 anche quando era subentrata la dominazione austriaca contro la quale gli agordini, fin dal 1848, avevano opposto fieri sentimenti di italianit\u00e0\u201d. Si tratta di un turismo che dapprima si identificava con l\u2019escursionismo alpino di cui erano protagonisti in prevalenza inglesi e tedeschi che da pionieri percorsero, esplorarono, descrissero e scalarono le pi\u00f9 famose montagna dolomitiche, ma che successivamente prese a divenire regolare flusso di gente dotata di censo e poi, in tempi pi\u00f9 vicini, turismo di massa. Perch\u00e9 \u201csono attrattive da sempre la bellezza dei luoghi ed il superbo spettacolo di montagne che delimitano la vallata: la muraglia rocciosa del Civetta, il singolare torrione del Pelmo, il massiccio della Maermolada, la vertiginosa parete dell\u2019Agner sulle quali l\u2019alpinismo continua tuttora a scrivere pagine leggendarie\u201d. Il via con una immagine dallo stringato titolo-dicitura: \u201cAntico albergo di Mas di Sedico\u201d. Si prosegue con: \u201cLa Muda di Agordo\u201d, dicitura: \u201cIl nome della localit\u00e0 deriva dal servizio che ivi era svolto: il pedaggio doganale. Le condizioni di vita della gente che viveva in quel luogo erano piuttosto misere, come testimonia questo gruppo di vecchie case\u201d. Tocca ora a \u201cLa conca di Agordo\u201d con dicitura: \u201cUna visione generale di Agordo la capitale dell\u2019Agordino. In primo piano la caserma degli alpini e la bella chiesa segusiniana coi due campanili in questa foto del 1905. Ad Agordo ha pure sede una scuola mineraria onorata dall\u2019insegnamento di valenti scienziati, dalla quale sono usciti qualificari periti minerari. La \u2018scuola Montanistica\u2019 venne fondata dal Ministro Quintino Sella nel 1867\u201d. Imperdibile m\u201cIl Broi\u201d di cui \u00e8 scritto: \u201cLa bella piazza di Agordo col palazzo Crotta, poi De Manzoni, a sinistra la chiesa di San Pietro, demolita per migliorare la strada che collega la piazza con la via per Belluno. E\u2019 schierata una compagnia d\u2019alpini con la vecchia uniforme\u201d. Ed eccoci a: \u201cLa piazza di Agordo\u201d per la quale Fabbiani-Sorge scrivono: \u201cSu un lato dell\u2019immenso piazzale si innalza il palazzo del Municipio che ospita anche le scuole elementari. Costruito negli anni 1869-1871 cost\u00f2 Lire 80.000. Nel prato del Broi c\u2019\u00e8 anche spazio per gli alunni delle scuole elementari che possono fare ricreazione. Siamo nel 1917\u201d. L\u2019ultima immagine che proponiamo ha per titolo: \u201cAgordo \u2013 La piazza e l\u2019hotel Miniere\u201d e questa dicitura: \u201cA pianterreno dell\u2019albergo all\u2019inizio del secolo vi era, a destra, l\u2019omonimo caff\u00e8 ed a sinistra la sala di lettura della Sezione Agordina del Cai che fu la prima del Veneto ad essere costituita. Il 17 settembre 1871 ad Agordo si svolse il IV congresso alpino nazionale del quale parla lo Stoppani nel \u2018Bel paese\u2019. Scrive Ottone Brentari: \u2018La sala \u00e8 fornita di panorami alpini, fotografie, giornali, saggi di tutte le specie di legni della provincia, quadri con piante, album con firme di celebri alpinisti\u201d.<\/span><\/p>\n\n\t\t\t<style type='text\/css'>\n\t\t\t\t#gallery-1 {\n\t\t\t\t\tmargin: auto;\n\t\t\t\t}\n\t\t\t\t#gallery-1 .gallery-item {\n\t\t\t\t\tfloat: left;\n\t\t\t\t\tmargin-top: 10px;\n\t\t\t\t\ttext-align: center;\n\t\t\t\t\twidth: 33%;\n\t\t\t\t}\n\t\t\t\t#gallery-1 img {\n\t\t\t\t\tborder: 2px solid #cfcfcf;\n\t\t\t\t}\n\t\t\t\t#gallery-1 .gallery-caption {\n\t\t\t\t\tmargin-left: 0;\n\t\t\t\t}\n\t\t\t\t\/* see gallery_shortcode() in wp-includes\/media.php *\/\n\t\t\t<\/style>\n\t\t<div id='gallery-1' class='dt-gallery-container gallery galleryid-138825 gallery-columns-3 gallery-size-thumbnail'><dl class='gallery-item'>\n\t\t\t\t<dt class='gallery-icon landscape'>\n\t\t\t\t\t<a class=\"rollover\" href='https:\/\/www.radiopiu.net\/wordpress\/belluno-e-provincia-nelle-vecchie-cartoline-oggi-e-la-volta-di-agordo-di-renato-bona\/98065735_593765824575840_1977107526637846528_n\/'><img loading=\"lazy\" decoding=\"async\" width=\"150\" height=\"150\" src=\"https:\/\/www.radiopiu.net\/wordpress\/wp-content\/uploads\/2020\/05\/98065735_593765824575840_1977107526637846528_n-150x150.jpg\" class=\"attachment-thumbnail size-thumbnail\" alt=\"\" \/><\/a>\n\t\t\t\t<\/dt><\/dl><dl class='gallery-item'>\n\t\t\t\t<dt class='gallery-icon landscape'>\n\t\t\t\t\t<a class=\"rollover\" href='https:\/\/www.radiopiu.net\/wordpress\/belluno-e-provincia-nelle-vecchie-cartoline-oggi-e-la-volta-di-agordo-di-renato-bona\/98114438_542320986671720_6127364867490840576_n\/'><img loading=\"lazy\" decoding=\"async\" width=\"150\" height=\"150\" src=\"https:\/\/www.radiopiu.net\/wordpress\/wp-content\/uploads\/2020\/05\/98114438_542320986671720_6127364867490840576_n-150x150.jpg\" class=\"attachment-thumbnail size-thumbnail\" alt=\"\" \/><\/a>\n\t\t\t\t<\/dt><\/dl><dl class='gallery-item'>\n\t\t\t\t<dt class='gallery-icon landscape'>\n\t\t\t\t\t<a class=\"rollover\" href='https:\/\/www.radiopiu.net\/wordpress\/belluno-e-provincia-nelle-vecchie-cartoline-oggi-e-la-volta-di-agordo-di-renato-bona\/98013796_2654965478106672_2383260795451473920_n\/'><img loading=\"lazy\" decoding=\"async\" width=\"150\" height=\"150\" src=\"https:\/\/www.radiopiu.net\/wordpress\/wp-content\/uploads\/2020\/05\/98013796_2654965478106672_2383260795451473920_n-150x150.jpg\" class=\"attachment-thumbnail size-thumbnail\" alt=\"\" \/><\/a>\n\t\t\t\t<\/dt><\/dl><br style=\"clear: both\" \/><dl class='gallery-item'>\n\t\t\t\t<dt class='gallery-icon landscape'>\n\t\t\t\t\t<a class=\"rollover\" href='https:\/\/www.radiopiu.net\/wordpress\/belluno-e-provincia-nelle-vecchie-cartoline-oggi-e-la-volta-di-agordo-di-renato-bona\/98012420_650478058872276_670306474915790848_n\/'><img loading=\"lazy\" decoding=\"async\" width=\"150\" height=\"150\" src=\"https:\/\/www.radiopiu.net\/wordpress\/wp-content\/uploads\/2020\/05\/98012420_650478058872276_670306474915790848_n-150x150.jpg\" class=\"attachment-thumbnail size-thumbnail\" alt=\"\" \/><\/a>\n\t\t\t\t<\/dt><\/dl><dl class='gallery-item'>\n\t\t\t\t<dt class='gallery-icon landscape'>\n\t\t\t\t\t<a class=\"rollover\" href='https:\/\/www.radiopiu.net\/wordpress\/belluno-e-provincia-nelle-vecchie-cartoline-oggi-e-la-volta-di-agordo-di-renato-bona\/98364631_582174449379861_22145693191766016_n\/'><img loading=\"lazy\" decoding=\"async\" width=\"150\" height=\"150\" src=\"https:\/\/www.radiopiu.net\/wordpress\/wp-content\/uploads\/2020\/05\/98364631_582174449379861_22145693191766016_n-150x150.jpg\" class=\"attachment-thumbnail size-thumbnail\" alt=\"\" \/><\/a>\n\t\t\t\t<\/dt><\/dl><dl class='gallery-item'>\n\t\t\t\t<dt class='gallery-icon landscape'>\n\t\t\t\t\t<a class=\"rollover\" href='https:\/\/www.radiopiu.net\/wordpress\/belluno-e-provincia-nelle-vecchie-cartoline-oggi-e-la-volta-di-agordo-di-renato-bona\/98133358_268169130970807_6393327788127944704_n\/'><img loading=\"lazy\" decoding=\"async\" width=\"150\" height=\"150\" src=\"https:\/\/www.radiopiu.net\/wordpress\/wp-content\/uploads\/2020\/05\/98133358_268169130970807_6393327788127944704_n-150x150.jpg\" class=\"attachment-thumbnail size-thumbnail\" alt=\"\" \/><\/a>\n\t\t\t\t<\/dt><\/dl><br style=\"clear: both\" \/>\n\t\t\t<\/div>\n\n<p>&nbsp;<\/p>\n<hr \/>\n<p>&nbsp;<\/p>\n<blockquote class=\"wp-embedded-content\" data-secret=\"cr480U0UQT\"><p><a href=\"https:\/\/www.radiopiu.net\/wordpress\/la-maestra-paola-e-il-paguro-bernardo\/\">LA MAESTRA PAOLA E IL PAGURO BERNARDO<\/a><\/p><\/blockquote>\n<p><iframe loading=\"lazy\" title=\"&#8220;LA MAESTRA PAOLA E IL PAGURO BERNARDO&#8221; &#8212; Radio Pi\u00f9\" class=\"wp-embedded-content\" sandbox=\"allow-scripts\" security=\"restricted\" style=\"position: absolute; clip: rect(1px, 1px, 1px, 1px);\" src=\"https:\/\/www.radiopiu.net\/wordpress\/la-maestra-paola-e-il-paguro-bernardo\/embed\/#?secret=cr480U0UQT\" data-secret=\"cr480U0UQT\" width=\"600\" height=\"338\" frameborder=\"0\" marginwidth=\"0\" marginheight=\"0\" scrolling=\"no\"><\/iframe><\/p>\n<div class=\"page-title-breadcrumbs\">\n<p>&nbsp;<\/p>\n<p>&nbsp;<\/p>\n<hr \/>\n<p>&nbsp;<\/p>\n<\/div>\n<h2>IERI ALLA RADIO<\/h2>\n<p><a class=\"dt-pswp-item\" href=\"https:\/\/www.radiopiu.net\/wordpress\/wp-content\/uploads\/2020\/05\/LA-MAISON-ALLEGHE-scaled.jpg\" data-dt-img-description=\"\" data-large_image_width=\"2560\" data-large_image_height=\"1707\"><img loading=\"lazy\" decoding=\"async\" class=\"size-medium wp-image-138830 alignleft\" src=\"https:\/\/www.radiopiu.net\/wordpress\/wp-content\/uploads\/2020\/05\/LA-MAISON-ALLEGHE-300x200.jpg\" alt=\"\" width=\"300\" height=\"200\" srcset=\"https:\/\/www.radiopiu.net\/wordpress\/wp-content\/uploads\/2020\/05\/LA-MAISON-ALLEGHE-300x200.jpg 300w, https:\/\/www.radiopiu.net\/wordpress\/wp-content\/uploads\/2020\/05\/LA-MAISON-ALLEGHE-1024x683.jpg 1024w, https:\/\/www.radiopiu.net\/wordpress\/wp-content\/uploads\/2020\/05\/LA-MAISON-ALLEGHE-768x512.jpg 768w, https:\/\/www.radiopiu.net\/wordpress\/wp-content\/uploads\/2020\/05\/LA-MAISON-ALLEGHE-1536x1024.jpg 1536w, https:\/\/www.radiopiu.net\/wordpress\/wp-content\/uploads\/2020\/05\/LA-MAISON-ALLEGHE-2048x1365.jpg 2048w\" sizes=\"auto, (max-width: 300px) 100vw, 300px\" \/><\/a><strong>FILIPPO FONTANIVE, LA MAISON WELLNESS &amp; SPA<\/strong><\/p>\n<p><strong>di Claudio Fontanive\u00a0<\/strong><\/p>\n<audio class=\"wp-audio-shortcode\" id=\"audio-138825-5\" preload=\"none\" style=\"width: 100%;\" controls=\"controls\"><source type=\"audio\/mpeg\" src=\"https:\/\/www.radiopiu.net\/wordpress\/wp-content\/uploads\/2020\/05\/filippo-fontannive-19-maggio.mp3?_=5\" \/><a href=\"https:\/\/www.radiopiu.net\/wordpress\/wp-content\/uploads\/2020\/05\/filippo-fontannive-19-maggio.mp3\">https:\/\/www.radiopiu.net\/wordpress\/wp-content\/uploads\/2020\/05\/filippo-fontannive-19-maggio.mp3<\/a><\/audio>\n<p>&nbsp;<\/p>\n<p>&nbsp;<\/p>\n<h3><span style=\"color: #ff0000;\">I DIARI DEL PESCE ROSSO<\/span><\/h3>\n<blockquote class=\"wp-embedded-content\" data-secret=\"WIDDMdbvYw\"><p><a href=\"https:\/\/www.radiopiu.net\/wordpress\/puntata-14-i-diari-del-pesce-rosso-diari-quarantena\/\">PUNTATA 14 I DIARI DEL PESCE ROSSO\/DIARI QUARANTENA<\/a><\/p><\/blockquote>\n<p><iframe loading=\"lazy\" title=\"&#8220;PUNTATA 14 I DIARI DEL PESCE ROSSO\/DIARI QUARANTENA&#8221; &#8212; Radio Pi\u00f9\" class=\"wp-embedded-content\" sandbox=\"allow-scripts\" security=\"restricted\" style=\"position: absolute; clip: rect(1px, 1px, 1px, 1px);\" src=\"https:\/\/www.radiopiu.net\/wordpress\/puntata-14-i-diari-del-pesce-rosso-diari-quarantena\/embed\/#?secret=WIDDMdbvYw\" data-secret=\"WIDDMdbvYw\" width=\"600\" height=\"338\" frameborder=\"0\" marginwidth=\"0\" marginheight=\"0\" scrolling=\"no\"><\/iframe><\/p>\n<p><strong>LE ALTRE PUNTATE<\/strong><\/p>\n<blockquote class=\"wp-embedded-content\" data-secret=\"ON8RYZ2hWf\"><p><a href=\"https:\/\/www.radiopiu.net\/wordpress\/alice-bettolo-la-mia-quarantena-alla-fine-delle-terre-conosciute\/\">ALICE BETTOLO,  LA MIA QUARANTENA ALLA FINE DELLE TERRE CONOSCIUTE<\/a><\/p><\/blockquote>\n<p><iframe loading=\"lazy\" title=\"&#8220;ALICE BETTOLO,  LA MIA QUARANTENA ALLA FINE DELLE TERRE CONOSCIUTE&#8221; &#8212; Radio Pi\u00f9\" class=\"wp-embedded-content\" sandbox=\"allow-scripts\" security=\"restricted\" style=\"position: absolute; clip: rect(1px, 1px, 1px, 1px);\" src=\"https:\/\/www.radiopiu.net\/wordpress\/alice-bettolo-la-mia-quarantena-alla-fine-delle-terre-conosciute\/embed\/#?secret=ON8RYZ2hWf\" data-secret=\"ON8RYZ2hWf\" width=\"600\" height=\"338\" frameborder=\"0\" marginwidth=\"0\" marginheight=\"0\" scrolling=\"no\"><\/iframe><\/p>\n<h3><span style=\"color: #ff00ff;\">IN VIVO VERSO<\/span><\/h3>\n<blockquote class=\"wp-embedded-content\" data-secret=\"gTI4Jw7OQc\"><p><a href=\"https:\/\/www.radiopiu.net\/wordpress\/la-montagna-di-antonietta-fragnito\/\">LA MONTAGNA di ANTONIETTA FRAGNITO<\/a><\/p><\/blockquote>\n<p><iframe loading=\"lazy\" title=\"&#8220;LA MONTAGNA di ANTONIETTA FRAGNITO&#8221; &#8212; Radio Pi\u00f9\" class=\"wp-embedded-content\" sandbox=\"allow-scripts\" security=\"restricted\" style=\"position: absolute; clip: rect(1px, 1px, 1px, 1px);\" src=\"https:\/\/www.radiopiu.net\/wordpress\/la-montagna-di-antonietta-fragnito\/embed\/#?secret=gTI4Jw7OQc\" data-secret=\"gTI4Jw7OQc\" width=\"600\" height=\"338\" frameborder=\"0\" marginwidth=\"0\" marginheight=\"0\" scrolling=\"no\"><\/iframe><\/p>\n<p>LA COLLEZIONE COMPLETA<\/p>\n<blockquote class=\"wp-embedded-content\" data-secret=\"paNk0IqQ7j\"><p><a href=\"https:\/\/www.radiopiu.net\/wordpress\/in-vivo-verso\/\">In Vivo Verso<\/a><\/p><\/blockquote>\n<p><iframe loading=\"lazy\" title=\"&#8220;In Vivo Verso&#8221; &#8212; Radio Pi\u00f9\" class=\"wp-embedded-content\" sandbox=\"allow-scripts\" security=\"restricted\" style=\"position: absolute; clip: rect(1px, 1px, 1px, 1px);\" src=\"https:\/\/www.radiopiu.net\/wordpress\/in-vivo-verso\/embed\/#?secret=paNk0IqQ7j\" data-secret=\"paNk0IqQ7j\" width=\"600\" height=\"338\" frameborder=\"0\" marginwidth=\"0\" marginheight=\"0\" scrolling=\"no\"><\/iframe><\/p>\n<h3><span style=\"color: #0000ff;\">DUE MINUTI UN LIBRO<\/span><\/h3>\n<blockquote class=\"wp-embedded-content\" data-secret=\"lvxTqeZsJ9\"><p><a href=\"https:\/\/www.radiopiu.net\/wordpress\/tutto-chiede-salvezza-2\/\">TUTTO CHIEDE SALVEZZA<\/a><\/p><\/blockquote>\n<p><iframe loading=\"lazy\" title=\"&#8220;TUTTO CHIEDE SALVEZZA&#8221; &#8212; Radio Pi\u00f9\" class=\"wp-embedded-content\" sandbox=\"allow-scripts\" security=\"restricted\" style=\"position: absolute; clip: rect(1px, 1px, 1px, 1px);\" src=\"https:\/\/www.radiopiu.net\/wordpress\/tutto-chiede-salvezza-2\/embed\/#?secret=lvxTqeZsJ9\" data-secret=\"lvxTqeZsJ9\" width=\"600\" height=\"338\" frameborder=\"0\" marginwidth=\"0\" marginheight=\"0\" scrolling=\"no\"><\/iframe><\/p>\n<p>LE ALTRE PUNTATE<\/p>\n<blockquote class=\"wp-embedded-content\" data-secret=\"K4u3VUx0CZ\"><p><a href=\"https:\/\/www.radiopiu.net\/wordpress\/due-minuti-un-libro\/\">Due minuti un libro<\/a><\/p><\/blockquote>\n<p><iframe loading=\"lazy\" title=\"&#8220;Due minuti un libro&#8221; &#8212; Radio Pi\u00f9\" class=\"wp-embedded-content\" sandbox=\"allow-scripts\" security=\"restricted\" style=\"position: absolute; clip: rect(1px, 1px, 1px, 1px);\" src=\"https:\/\/www.radiopiu.net\/wordpress\/due-minuti-un-libro\/embed\/#?secret=K4u3VUx0CZ\" data-secret=\"K4u3VUx0CZ\" width=\"600\" height=\"338\" frameborder=\"0\" marginwidth=\"0\" marginheight=\"0\" scrolling=\"no\"><\/iframe><\/p>\n<h3><span style=\"color: #008000;\">AGORDINOMERON<\/span><\/h3>\n<blockquote class=\"wp-embedded-content\" data-secret=\"FBMF8UUP5C\"><p><a href=\"https:\/\/www.radiopiu.net\/wordpress\/agordinomeron\/\">AGORDINOMERON, IL TERRITORIO SI RACCONTA Da un&#8217;idea di Gianni Santomaso<\/a><\/p><\/blockquote>\n<p><iframe loading=\"lazy\" title=\"&#8220;AGORDINOMERON, IL TERRITORIO SI RACCONTA Da un&#8217;idea di Gianni Santomaso&#8221; &#8212; Radio Pi\u00f9\" class=\"wp-embedded-content\" sandbox=\"allow-scripts\" security=\"restricted\" style=\"position: absolute; clip: rect(1px, 1px, 1px, 1px);\" src=\"https:\/\/www.radiopiu.net\/wordpress\/agordinomeron\/embed\/#?secret=FBMF8UUP5C\" data-secret=\"FBMF8UUP5C\" width=\"600\" height=\"338\" frameborder=\"0\" marginwidth=\"0\" marginheight=\"0\" scrolling=\"no\"><\/iframe><\/p>\n<h3><span style=\"color: #666699;\">IL MESSAGGIO DEI SACERDOTI A RADIO PIU&#8217;<\/span><\/h3>\n<blockquote class=\"wp-embedded-content\" data-secret=\"VjnIEcTUgU\"><p><a href=\"https:\/\/www.radiopiu.net\/wordpress\/il-messaggio-dai-sacerdoti-della-conca-su-radio-piu-alle-7-30-e-19-30\/\">IL MESSAGGIO DAI SACERDOTI SU RADIO PIU&#8217; ALLE 7.30 E 19.30<\/a><\/p><\/blockquote>\n<p><iframe loading=\"lazy\" title=\"&#8220;IL MESSAGGIO DAI SACERDOTI SU RADIO PIU&#8217; ALLE 7.30 E 19.30&#8221; &#8212; Radio Pi\u00f9\" class=\"wp-embedded-content\" sandbox=\"allow-scripts\" security=\"restricted\" style=\"position: absolute; clip: rect(1px, 1px, 1px, 1px);\" src=\"https:\/\/www.radiopiu.net\/wordpress\/il-messaggio-dai-sacerdoti-della-conca-su-radio-piu-alle-7-30-e-19-30\/embed\/#?secret=VjnIEcTUgU\" data-secret=\"VjnIEcTUgU\" width=\"600\" height=\"338\" frameborder=\"0\" marginwidth=\"0\" marginheight=\"0\" scrolling=\"no\"><\/iframe><\/p>\n<p>&nbsp;<\/p>\n<hr \/>\n<p>&nbsp;<\/p>\n<p><strong class=\"photoswipe-wrapper\"><a class=\"dt-pswp-item pspw-wrap-ready\" href=\"https:\/\/i0.wp.com\/www.radiopiu.net\/wordpress\/wp-content\/uploads\/2018\/09\/viabilita.jpeg?ssl=1\" data-dt-img-description=\"\" data-large_image_width=\"800\" data-large_image_height=\"100\"><img loading=\"lazy\" decoding=\"async\" class=\"aligncenter wp-image-61954 size-full\" src=\"https:\/\/i0.wp.com\/www.radiopiu.net\/wordpress\/wp-content\/uploads\/2018\/09\/viabilita.jpeg?resize=800%2C100&amp;ssl=1\" sizes=\"auto, (max-width: 800px) 100vw, 800px\" srcset=\"https:\/\/i0.wp.com\/www.radiopiu.net\/wordpress\/wp-content\/uploads\/2018\/09\/viabilita.jpeg?w=800&amp;ssl=1 800w, https:\/\/i0.wp.com\/www.radiopiu.net\/wordpress\/wp-content\/uploads\/2018\/09\/viabilita.jpeg?resize=300%2C38&amp;ssl=1 300w, https:\/\/i0.wp.com\/www.radiopiu.net\/wordpress\/wp-content\/uploads\/2018\/09\/viabilita.jpeg?resize=768%2C96&amp;ssl=1 768w\" alt=\"\" width=\"800\" height=\"100\" data-recalc-dims=\"1\" \/><\/a><\/strong><\/p>\n<p><strong>\u00a0<\/strong><\/p>\n<blockquote><p><strong>INTERRUZIONI A CRISTO DELLE PIANIZZE\u00a0<\/strong>sp347 DURAN E CEREDA fino al 5 giugno (esclusi festivi e prefestivi) possibili interruzioni in localit\u00e0 Pianizze (Agordo) della durata massima di 15 minuti dalle 8 alle 12 e dalle 13 alle 17, inoltre senso unico alternato nei periodi non interessati dalle chiusura<\/p><\/blockquote>\n<p>PROVINCIALE 20 DELLA VAL FIORENTINA, SELVA DI CADORE: FINO AL 13 GIUGNO, CHIUSURA TOTALE TRA SOLATOR E IL CENTRO DEL PAESE ANCHE NEI GIORNI FESTIVI E PREFESTIVI, DAL CHILOMETRO 4.850 AL CHILOMETRO 5.100. TRANSITO CONSENTITO AI LOCALI CON TEMPI DI ATTESA MASSIMI STIMATI IN 30 MINUTI IN LOCALITA\u2019 SOLATOR DAL CHILOMETRO 4.400 AL CHILOMETRO 4.850<\/p>\n<p>REGIONALE 48 DELLE DOLOMITI, LOCALIT\u00c0 POCOL INIZIO ABITATO CORTINA,FINO\u00a0 AL 12 GIUGNO SEMAFORO PER TRATTI DI 250 METRI ANCHE NEI GIORNI FESTIVI E PREFESTIVI<\/p>\n<p>REGIONALE 203 AGORDINA FINO AL 15 GIUGNO IN LOCALIT\u00c0 LA MUDA DEVIAZIONE SU VIABILIT\u00c0 PROVVISORIA, PRUDENZA<\/p>\n<p>PROVINCIALE 346 SAN PELLEGRINO\u00a0 FINO\u00a0 AL 22 MAGGIO IN COMUNE DI CANALE D\u2019AGORDO SENSO UNICO ALTERNATO ESCLUSI SABATO E DOMENICA<\/p>\n<p>PROVINCIALE 12 PEDEMONTANA LOCALIT\u00c0 PONTE MAS, CHIUSURA TOTALE DI PONTE MAS FINO\u00a0 AL 30 GIUGNO<\/p>\n<p>STRADA REGIONALE 48 DELLE DOLOMITI, DAL KM 110,350 AL KM 112, SENSO UNICO ALTERNATO REGOLATO DA IMPIANTO SEMAFORICO ANCHE SABATO E FESTIVI FINO\u00a0 AL 31 MAGGIO PER POSA ELETTRODOTTO INTERRATO<\/p>\n<p>PROVINCIALE 563 DI SALESEI, FINO\u00a0 AL 3 LUGLIO, SENSO UNICO ALTERNATO REGOLATO DA IMPIANTO SEMAFORICO IN LOCALIT\u00c0 DIGONERA PER MESSA IN SICUREZZA PIANO VIABILE, SABATO E FESTIVI INCLUSI<\/p>\n<p>PROVINCIALE 347 PASSO DURAN, LOCALITA\u2019 SANT\u2019ANDREA DI GOSALDO. FINO AL 5 GIUGNO SENSO UNICO ALTERNATO<\/p>\n<p>STRADA PROVINCIALE 347 DEL PASSO CEREDA E DURAN, DALLE 7 ALLE 18 ,\u00a0 FINO AL 29 MAGGIO, POSSIBILI TEMPORANEE INTERRUZZIONI ALLA VIABILIT\u00e0 DELLA DURATA MASSIMA DI 30 MINUTI E SENSO UNICO ALTERNATO REGOLATO DA MOVIERI PER ASFALTATURA TRATTI DI STRADA TRA PASSO DURAN E DONT<\/p>\n<p>STRADA PROVINCIALE 346 DEL PASSO SAN PELLEGRINO, FINO\u00a0 AL 5 GIUGNO, SENSO UNICO ALTERNATO REGOLATO DA IMPIANTO SEMOFORICO TRA FALCADE E FALCADE ALTO PER POSA CAVIDOTTO FIBRA OTTICA<\/p>\n<p>STRADA PROVINCIALE 347 DEL PASSO CEREDA E DURAN, FINO\u00a0 AL 01 GIUGNO ESCLUSE DOMENICHE E FESTIVI, SENSO UNICO ALTERNATO REGOLATO DA IMPIANTO SEMAFORICO O MOVIERI IN COMUNE DI VALLE DI CADORE PER SONDAGGI GEOTECNICI<\/p>\n<p>STRADA REGIONALE 203 AGORDINA, ABITATO DI MASARE\u2019 DI ROCCA PIETORE. FINO\u00a0 AL 22 MAGGIO, ESCLUSO SABATO E DOMENICA, DALLE 8 ALLE 17 SENSO UNICO ALTERNATO REGOLATO DA IMPIANTO SEMAFORICO PER REALIZZAZIONE IMPIANTO ILLUMINAZIONE SU PASSAGGIO PEDONALE<\/p>\n<p>SP346 DEL SAN PELLEGRINO, COMUNE DI VALLADA,\u00a0 FINO\u00a0 AL 29 MAGGIO SENSO UNICO ALTERNATO PER MESSA IN SICUREZZA BARRIERE LATERALI<\/p>\n<p>&nbsp;<\/p>\n<hr \/>\n<p>&nbsp;<\/p>\n<p><a class=\"dt-pswp-item\" href=\"https:\/\/www.radiopiu.net\/wordpress\/wp-content\/uploads\/2018\/09\/sport.jpg\" data-dt-img-description=\"\" data-large_image_width=\"800\" data-large_image_height=\"100\"><img loading=\"lazy\" decoding=\"async\" class=\"aligncenter wp-image-60761 size-full\" src=\"https:\/\/www.radiopiu.net\/wordpress\/wp-content\/uploads\/2018\/09\/sport.jpg\" alt=\"\" width=\"800\" height=\"100\" srcset=\"https:\/\/www.radiopiu.net\/wordpress\/wp-content\/uploads\/2018\/09\/sport.jpg 800w, https:\/\/www.radiopiu.net\/wordpress\/wp-content\/uploads\/2018\/09\/sport-300x38.jpg 300w, https:\/\/www.radiopiu.net\/wordpress\/wp-content\/uploads\/2018\/09\/sport-768x96.jpg 768w\" sizes=\"auto, (max-width: 800px) 100vw, 800px\" \/><\/a><\/p>\n<p>&nbsp;<\/p>\n<h2>LA NUOVA STAGIONE AL TENNIS DI VIA ROVA, LEZIONI SU PRENOTAZIONE<\/h2>\n<p><strong><a class=\"dt-pswp-item\" href=\"https:\/\/www.radiopiu.net\/wordpress\/wp-content\/uploads\/2020\/05\/Campi-dal-basso.jpg\" data-dt-img-description=\"\" data-large_image_width=\"2016\" data-large_image_height=\"1134\"><img loading=\"lazy\" decoding=\"async\" class=\" wp-image-139036 alignleft\" src=\"https:\/\/www.radiopiu.net\/wordpress\/wp-content\/uploads\/2020\/05\/Campi-dal-basso-300x169.jpg\" alt=\"\" width=\"218\" height=\"123\" srcset=\"https:\/\/www.radiopiu.net\/wordpress\/wp-content\/uploads\/2020\/05\/Campi-dal-basso-300x169.jpg 300w, https:\/\/www.radiopiu.net\/wordpress\/wp-content\/uploads\/2020\/05\/Campi-dal-basso-1024x576.jpg 1024w, https:\/\/www.radiopiu.net\/wordpress\/wp-content\/uploads\/2020\/05\/Campi-dal-basso-768x432.jpg 768w, https:\/\/www.radiopiu.net\/wordpress\/wp-content\/uploads\/2020\/05\/Campi-dal-basso-1536x864.jpg 1536w, https:\/\/www.radiopiu.net\/wordpress\/wp-content\/uploads\/2020\/05\/Campi-dal-basso.jpg 2016w\" sizes=\"auto, (max-width: 218px) 100vw, 218px\" \/><\/a>AGORDO<\/strong> Da oggi sar\u00e0 finalmente possibile ricominciare a giocare sui campi del Tennis Club Agordo! Inizialmente solo partite di singolo, o lezioni singole con il Maestro, esclusivamente previa prenotazione chiamando al 340 8134441. Riprende anche con la Scuola Tennis interrotta a marzo.\u00a0 E\u2019\u00a0<strong>assolutamente\u00a0 obbligatorio<\/strong>\u00a0osservare in tutti i suoi punti il protocollo predisposto dal TC Agordo e firmare per accettazione l\u2019autocertificazione scaricabile\u00a0<a href=\"http:\/\/www.tcagordo.it\/Autocertificazione.pdf\">cliccando qui<\/a> ed anche disponibile al bar. Il protocollo \u00e8 consultabile in bacheca e scaricabile\u00a0<a href=\"http:\/\/www.tcagordo.it\/protocollo-covid-19\/\">cliccando qui<\/a>.<\/p>\n<p>L&#8217;INTERVISTA DI RADIO PIU<\/p>\n<audio class=\"wp-audio-shortcode\" id=\"audio-138825-6\" preload=\"none\" style=\"width: 100%;\" controls=\"controls\"><source type=\"audio\/mpeg\" src=\"https:\/\/www.radiopiu.net\/wordpress\/wp-content\/uploads\/2020\/05\/gr-20-sport-tennis-club-agordo.mp3?_=6\" \/><a href=\"https:\/\/www.radiopiu.net\/wordpress\/wp-content\/uploads\/2020\/05\/gr-20-sport-tennis-club-agordo.mp3\">https:\/\/www.radiopiu.net\/wordpress\/wp-content\/uploads\/2020\/05\/gr-20-sport-tennis-club-agordo.mp3<\/a><\/audio>\n<p>&nbsp;<\/p>\n<p>&nbsp;<\/p>\n<p>&nbsp;<\/p>\n<blockquote>\n<h3>CSI: CAMPIONATI ITALIANI DI ATLETICA E CORSA SU STRADA ANNULLATI<\/h3>\n<\/blockquote>\n<p><strong><a class=\"dt-pswp-item\" href=\"https:\/\/www.radiopiu.net\/wordpress\/wp-content\/uploads\/2016\/09\/csiscritta-web.jpg\" data-dt-img-description=\"\" data-large_image_width=\"300\" data-large_image_height=\"340\"><img loading=\"lazy\" decoding=\"async\" class=\"wp-image-23030 alignleft\" src=\"https:\/\/www.radiopiu.net\/wordpress\/wp-content\/uploads\/2016\/09\/csiscritta-web-265x300.jpg\" alt=\"\" width=\"89\" height=\"101\" \/><\/a>BELLUNO<\/strong> Il CSI di Belluno comunica che i campionati Italiani di atletica e corsa su strada sono stati annullati. A comunicarlo con una nota il coordinatore tecnico dell&#8217;attivit\u00e0 sportiva nazionale Renato Piccolo. I campionati nazionali di atletica erano previsti a Grosseto ad inizio settembre mentre quelli di corsa su strada a Bellano nel mese di ottobre. Resta comunque uno spiraglio di calendarizzazione nel caso in cui la pandemia si evolva positivamente.<\/p>\n<p>&nbsp;<\/p>\n<p>&nbsp;<\/p>\n<hr \/>\n<p>&nbsp;<\/p>\n<p><img decoding=\"async\" class=\"aligncenter jetpack-lazy-image jetpack-lazy-image--handled\" src=\"https:\/\/i0.wp.com\/www.radiopiu.net\/wordpress\/wp-content\/uploads\/2018\/09\/WhatsApp-Image-2018-09-20-at-16.04.06.jpeg?resize=800%2C100&amp;ssl=1\" data-lazy-loaded=\"1\" \/><\/p>\n<p>&nbsp;<\/p>\n<p><center><b>Mercoledi 20<\/b><\/center><b>Tempo atteso:\u00a0<\/b>Al mattino tempo generalmente ben soleggiato sulle Dolomiti, mentre stratocumuli mattutini potrebbero ridurre il soleggiamento sulle Prealpi. Al pomeriggio sole e modesti cumuli sulle Dolomiti, mentre l&#8217;attivit\u00e0 cumuliforme sar\u00e0 pi\u00f9 presente sulle Prealpi, con lieve insidia convettiva. Il clima torner\u00e0 ad essere primaverile durante le ore diurne, con atmosfera assai ventosa al mattino.<br \/>\n<b>Precipitazioni:\u00a0<\/b>Al mattino assenti (0%, al pomeriggio ancora assenti sulle Dolomiti, mentre qualche piovasco o rovescio potrebbe verificarsi sulle Prealpi (20\/30%).<br \/>\n<b>Temperature:\u00a0<\/b>Minime in leggero calo nelle valli e in umento in quota; massime in leggera ripresa. Sono previste punte massime di 22\/23\u00b0C nei fondovalle prealpini e di 19\/20\u00b0C a 1000\/1200 m. Sulle Prealpi a 1500 m min 8\u00b0C, max 14\u00b0C e a 2000 m min 6\u00b0C, max 11\u00b0C, sulle Dolomiti a 2000 m min 5\u00b0C, max 11\u00b0C e a 3000 m min -1\u00b0C, max 1\u00b0C.<br \/>\n<b>Venti:\u00a0<\/b>Nelle valli deboli o localmente ed a tratti moderati a regime di brezza. In quota tesi\/forti da nord-est durante la notte sulle cime pi\u00f9 alte e sulle dorsali prealpine, poi in attenuazione e perlopi\u00f9 moderati da nord, a tratti tesi sulle vette pi\u00f9 alte, a 5-35 km\/h a 2000 m e 25\/55 km\/h a 3000 m.<\/p>\n<hr \/>\n<p><center><b>Giovedi 21<\/b><\/center><b>Tempo atteso:\u00a0<\/b>Al mattino tempo ben soleggiato con cielo sereno ed ottima visibilit\u00e0, salvo banchi di nubi basse mattutine su alcuni settori prealpini. Al pomeriggio riduzione del soleggiamento per modesti cumuli sulle Dolomiti e attivit\u00e0 cumuliforme pi\u00f9 presente sulle Prealpi, specie a ridosso della pedemontana. Clima fresco di notte e primaverile di giorno.<br \/>\n<b>Precipitazioni:\u00a0<\/b>Generalmente assenti (0%), salvo locali piovaschi o rovesci pomeridiani sulla fascia prealpina (10\/20%), specie a ridosso della pedemontana.<br \/>\n<b>Temperature:\u00a0<\/b>Minime in ulteriore leggero calo, specie nelle valli; massime senza notevoli variazioni o in lieve aumento nei fondovalle. Sono previste punte massime di 23\/24\u00b0C nei fondovalle prealpini e di 19\/20\u00b0C a 1000\/1200 m. Sulle Prealpi a 1500 m min 9\u00b0C, max 15\u00b0C e a 2000 m min 7\u00b0C, max 12\u00b0C, sulle Dolomiti a 2000 m min 6\u00b0C, max 13\u00b0C e a 3000 m min 0\u00b0C, max 2\u00b0C.<br \/>\n<b>Venti:\u00a0<\/b>Nelle valli deboli o localmente ed a tratti moderati, anche a regime di brezza. In quota perlopi\u00f9 moderati da nord, a 10-15 km\/h a 2000 m e 15\/25 km\/h a 3000 m.<\/p>\n<hr \/>\n<p><center><b>Venerdi 22<\/b><\/center>Tempo solo in parte soleggiato per transito di estese nubi alte, perlopi\u00f9 sottili, ma spesso estese. In questo contesto di cielo velato, l&#8217;attivit\u00e0 cumuliforme delle ore pi\u00f9 calde sar\u00e0 assai inibita e pressoch\u00e9 assente, salvo sulla fascia prealpina, dove una lieve insidia per fenomeni convettivi non sar\u00e0 del tutto esclusa, seppur bassa. Clima sempre caldo per il periodo. Venti in quota deboli\/moderati da nord nord-ovest, perlopi\u00f9 deboli a regime di brezza nelle valli.<\/p>\n<hr \/>\n<p><center><b>Sabato 23<\/b><\/center>Tempo perlopi\u00f9 soleggiato con qualche iniziale velatura del cielo. Nelle ore pi\u00f9 calde riduzione del soleggiamento per attivit\u00e0 cumuliforme irregolare e, pur stando in un contesto tutto sommato buono, non si potr\u00e0 escludere qualche singolo focolaio temporalesco per forte convezione diurna. Clima fresco di notte e sempre pi\u00f9 caldo in giornata. Venti in quota deboli\/moderati da ovest nord-ovest, perlopi\u00f9 deboli per brezze nelle valli. Previsore: R.L.Th<\/p>\n","protected":false},"excerpt":{"rendered":"<p>PER RICEVERE QUESTO NOTIZIARIO DIRETTAMENTE SUL TUO CELLULARE ISCRIVITI AL CANALE TELEGRAM\u00a0\u201cRADIO PIU\u00a0 INFORMAZIONE\u201d &nbsp; &nbsp; Gestione Servizi Pubblici informa che a GOSALDO nelle Localit\u00e0 LE CASE, CURTI e INCASAL, l\u2019acqua erogata dall\u2019acquedotto \u00e8 di nuovo potabile e pu\u00f2 essere usata, quindi, per scopi alimentari,\u00a0\u00a0nelle localit\u00e0 LE FOCHE, LAMBROI, DENEORE, MAGAIT, REN, SELLE, COL TAMAI,&hellip;<\/p>\n","protected":false},"author":4,"featured_media":139019,"comment_status":"closed","ping_status":"closed","sticky":false,"template":"","format":"standard","meta":{"_monsterinsights_skip_tracking":false,"_monsterinsights_sitenote_active":false,"_monsterinsights_sitenote_note":"","_monsterinsights_sitenote_category":0,"footnotes":""},"categories":[1,51,86],"tags":[],"class_list":["post-138825","post","type-post","status-publish","format-standard","has-post-thumbnail","hentry","category-senza-categoria","category-evidenza-top","category-gr","category-1","category-51","category-86","description-off"],"img_url":"https:\/\/www.radiopiu.net\/wordpress\/wp-content\/uploads\/2020\/05\/3a1103b2-e576-4f40-838e-7ff046480df3.jpg","_links":{"self":[{"href":"https:\/\/www.radiopiu.net\/wordpress\/wp-json\/wp\/v2\/posts\/138825","targetHints":{"allow":["GET"]}}],"collection":[{"href":"https:\/\/www.radiopiu.net\/wordpress\/wp-json\/wp\/v2\/posts"}],"about":[{"href":"https:\/\/www.radiopiu.net\/wordpress\/wp-json\/wp\/v2\/types\/post"}],"author":[{"embeddable":true,"href":"https:\/\/www.radiopiu.net\/wordpress\/wp-json\/wp\/v2\/users\/4"}],"replies":[{"embeddable":true,"href":"https:\/\/www.radiopiu.net\/wordpress\/wp-json\/wp\/v2\/comments?post=138825"}],"version-history":[{"count":0,"href":"https:\/\/www.radiopiu.net\/wordpress\/wp-json\/wp\/v2\/posts\/138825\/revisions"}],"wp:featuredmedia":[{"embeddable":true,"href":"https:\/\/www.radiopiu.net\/wordpress\/wp-json\/wp\/v2\/media\/139019"}],"wp:attachment":[{"href":"https:\/\/www.radiopiu.net\/wordpress\/wp-json\/wp\/v2\/media?parent=138825"}],"wp:term":[{"taxonomy":"category","embeddable":true,"href":"https:\/\/www.radiopiu.net\/wordpress\/wp-json\/wp\/v2\/categories?post=138825"},{"taxonomy":"post_tag","embeddable":true,"href":"https:\/\/www.radiopiu.net\/wordpress\/wp-json\/wp\/v2\/tags?post=138825"}],"curies":[{"name":"wp","href":"https:\/\/api.w.org\/{rel}","templated":true}]}}