{"id":138844,"date":"2020-05-19T12:32:01","date_gmt":"2020-05-19T10:32:01","guid":{"rendered":"https:\/\/www.radiopiu.net\/wordpress\/?p=138844"},"modified":"2020-05-19T13:26:04","modified_gmt":"2020-05-19T11:26:04","slug":"conferenza-stampa-del-presidente-del-veneto-luca-zaia-19-maggio-2020","status":"publish","type":"post","link":"https:\/\/www.radiopiu.net\/wordpress\/conferenza-stampa-del-presidente-del-veneto-luca-zaia-19-maggio-2020\/","title":{"rendered":"&#8220;A chi organizza la movida in centro storico avverto: le regole d&#8217;ingaggio sono chiare. Il rischio \u00e8 il ricontagio. O ci si impegna o si torna al lockdown&#8221; CONFERENZA STAMPA DEL PRESIDENTE DEL VENETO LUCA ZAIA 19 MAGGIO 2020. PER CHI HA LAVORATO NELLA SANITA RICONOSCIMENTO IN DENARO, STANZIATI 61 MILIONI DI EURO."},"content":{"rendered":"<p><strong>VENEZIA<\/strong>\u00a0Da Marghera il Presidente Luca Zaia fa il punto sull\u2019emergenza Covid-19<\/p>\n<p>&nbsp;<\/p>\n<p><strong><span style=\"color: #ff0000;\">NELLE ULTIME 24 ORE:<\/span><\/strong> TAMPONI 524.000 (+10700), ISOLAMENTO 3639 (-231),POSITIVI 18997 (+47), RICOVERATI 577 (-15), TERAPIE INTENSIVE 44 (-1 di cui 18 POSITIVI), DIMESSI 3201 (+14), MORTI 1820 di cui 1329 in ospedale (+7)<\/p>\n<h2>LEGGI LA CONFERENZA STAMPA DI LUCA ZAIA<\/h2>\n<blockquote><p><em><strong>COME ESCE IL BILANCIO REGIONALE DA QUESTA CRISI:<\/strong> Con 100 milioni di spese in pi\u00f9, se non arrivano risorse a ristoro ne usciamo massacrati. Abbiamo sempre avuto una gestione certosina, non andiamo in default, ne verremo fuori, contiamo sulla re distribuzione del fondo nazionale e risorse per gli investimenti fatti in sanit\u00e0.<\/em><\/p>\n<p>&nbsp;<\/p><\/blockquote>\n<p>Trovo assurdo dover insistere di portare la mascherina, mi sorprendono le foto che vedo degli eventi &#8220;movida&#8221; non sono contro il divertimento ma il senso del rispetto civico \u00e8 pari a zero. Ci sono ragazzi che mi mandano i video dopo 3 mesi di isolamento e mi dicono &#8220;forse era meglio se teneva le restrizioni&#8221;. Se qualcuno coccola l&#8217;idea, dal fatto che tutto sia aperto, che \u00e8 finito tutto vi dico che siete sulla strada sbagliata. Affidiamoci al buon Dio o alla fortuna per chi non crede e affidiamoci alla roulette russa. Se il virus ci contagia riempiamo gli ospedali. Ora la responsabilit\u00e0 non \u00e8 pi\u00f9 di chi ha le cure, ma dell&#8217;individuo. Le regole d&#8217;ingaggio sono chiare. Il rischio \u00e8 il ricontagio. Sono 1820 le persone morte, lo dico ai complottisti, sono morti i nonni che hanno fatto grande il Veneto, ci vuole un minimo di rispetto. \u00a0In 10 giorni i contagi si vedono, se aumentano richiuderemo tutto e torneremo a chiuderci in casa, \u00e8 questo che vogliamo?. A proposito di flussi, dal 30 marzo c&#8217;\u00e8 stato un aumento del 78% con oltre 5 milioni di passaggi.<\/p>\n<p><span style=\"color: #0000ff;\"> <strong>RICONOSCIMENTO ALLA SANITA&#8217;<\/strong> <\/span>Eroghiamo 60 milioni 932 mila euro, riconoscimento straordinario a quanti nella sanit\u00e0 si sono adoperati in questi mesi, con una suddivisione dopo gli accordi con le parti sociali. E&#8217; stata trovata la soluzione meritocratica, chi era nei reparti di malattie infettive era pi\u00f9 esposto di altri dove il covid non c&#8217;era. Si va fino a 1200 euro nei casi di maggiore esposizione. Abbiamo donne nella nostra Sanit\u00e0 di grande valore e che io ho intenzione di premiare. Il premio interessa tutti gli operatori circa 54mila, tutti coloro che hanno lavorato. Siamo pronti con tre fonti di finanziamento anche 26 milioni dal bilancio regionale. Un premio meritato, noi evitavamo di andare in ospedale verso il virus, loro ci andavano ogni mattina a lavorare.<\/p>\n<h2><span style=\"color: #ff0000;\">DOMANDE<\/span><\/h2>\n<p><strong>CHE FINE HA FATTO L&#8217;APP IMMUNI?\u00a0<\/strong> Non abbiamo informazioni sul tracciamento, non sta arrivando,\u00a0 stiamo lavorando ad un progetto alternativo di biosorveglianza, ma non anticipo nulla perch\u00e9 prima vorrei vederlo.<\/p>\n<p><strong>CONTROLLI SU DISTANZIAMENTO E MASCHERINA<\/strong> Sarebbe un fallimento, mi rifiuto di arrivare a questo livello non \u00e8 uno stato di polizia. Rivendichiamo la democrazia in ogni istante. Ci si fermi un attimo e si pensi.<\/p>\n<p><strong>UNIVERSITA&#8217; CA&#8217; FOSCARI AUMENTATE LE RETTE<\/strong> Capisco le difficolt\u00e0 anche e soprattutto per chi paga l&#8217;alloggio senza averlo occupato.\u00a0 Molte famiglie sono in difficolt\u00e0, ci vorrebbe un minimo di attenzione.<\/p>\n<p><strong>SI RIVOLGA AL POPOLO VENETO E SPIEGHI L&#8217;USO DELLA MASCHERINA <\/strong>Non \u00e8 un vezzo ne&#8217; un atto di coercizione ma salva la vita, lo dimostra chi ha operato in ospedale in terapia intensiva o nei reparti di malattie infettive dove solo l&#8217; 1,3% si \u00e8 infettato. Non si gestisce alla bisogna, ma ci sono delle regole di indossarla sempre quando uno non \u00e8 solo.<\/p>\n<p><strong>TRASPORTI PUBBLICI<\/strong> L&#8217;ordinanza porta la capienza ad un massimo del 50% rispetto a prima che era un terzo.<\/p>\n<p><strong>MINISTRO FAMIGLIA DELEGA LE REGIONI PER I CENTRI ESTIVI <\/strong>Faremo l&#8217;ordinanza in settimana, sono state\u00a0 valutate le proposte delle Diocesi ed altre opportunit\u00e0. Cerchiamo di mettere insieme tutte le proposte. La fase pi\u00f9 critica \u00e8 il carico del personale e i costi che aumentano sperando di attingere ai 150 milioni di euro stabiliti nel decreto. Vogliamo anticipare l&#8217;apertura dei centri estivi alla prossima settimana.<\/p>\n<p><strong>CINEMA E TEATRI\u00a0<\/strong> E&#8217; una partita da affrontare immaginiamo siano tra le ultime attivit\u00e0 da aprire da met\u00e0 giugno se possibile anticipiamo.<\/p>\n<p><strong>CENTRI TERMALI CHIUSI<\/strong> \u00a0Il divieto di apertura di saune e bagni turchi viene dal Dpcm, stiamo spingendo per riaprire tutto \u00e8 necessario capire cosa accadr\u00e0 questa settimana.<\/p>\n<p>&nbsp;<\/p>\n<p>https:\/\/www.facebook.com\/zaiaufficiale\/videos\/239501117336630<\/p>\n","protected":false},"excerpt":{"rendered":"<p>VENEZIA\u00a0Da Marghera il Presidente Luca Zaia fa il punto sull\u2019emergenza Covid-19 &nbsp; NELLE ULTIME 24 ORE: TAMPONI 524.000 (+10700), ISOLAMENTO 3639 (-231),POSITIVI 18997 (+47), RICOVERATI 577 (-15), TERAPIE INTENSIVE 44 (-1 di cui 18 POSITIVI), DIMESSI 3201 (+14), MORTI 1820 di cui 1329 in ospedale (+7) LEGGI LA CONFERENZA STAMPA DI LUCA ZAIA COME ESCE&hellip;<\/p>\n","protected":false},"author":4,"featured_media":121391,"comment_status":"closed","ping_status":"closed","sticky":false,"template":"","format":"standard","meta":{"_monsterinsights_skip_tracking":false,"_monsterinsights_sitenote_active":false,"_monsterinsights_sitenote_note":"","_monsterinsights_sitenote_category":0,"footnotes":""},"categories":[49],"tags":[],"class_list":["post-138844","post","type-post","status-publish","format-standard","has-post-thumbnail","hentry","category-news-18","category-49","description-off"],"img_url":"https:\/\/www.radiopiu.net\/wordpress\/wp-content\/uploads\/2020\/03\/covid-zaia.jpg","_links":{"self":[{"href":"https:\/\/www.radiopiu.net\/wordpress\/wp-json\/wp\/v2\/posts\/138844","targetHints":{"allow":["GET"]}}],"collection":[{"href":"https:\/\/www.radiopiu.net\/wordpress\/wp-json\/wp\/v2\/posts"}],"about":[{"href":"https:\/\/www.radiopiu.net\/wordpress\/wp-json\/wp\/v2\/types\/post"}],"author":[{"embeddable":true,"href":"https:\/\/www.radiopiu.net\/wordpress\/wp-json\/wp\/v2\/users\/4"}],"replies":[{"embeddable":true,"href":"https:\/\/www.radiopiu.net\/wordpress\/wp-json\/wp\/v2\/comments?post=138844"}],"version-history":[{"count":0,"href":"https:\/\/www.radiopiu.net\/wordpress\/wp-json\/wp\/v2\/posts\/138844\/revisions"}],"wp:featuredmedia":[{"embeddable":true,"href":"https:\/\/www.radiopiu.net\/wordpress\/wp-json\/wp\/v2\/media\/121391"}],"wp:attachment":[{"href":"https:\/\/www.radiopiu.net\/wordpress\/wp-json\/wp\/v2\/media?parent=138844"}],"wp:term":[{"taxonomy":"category","embeddable":true,"href":"https:\/\/www.radiopiu.net\/wordpress\/wp-json\/wp\/v2\/categories?post=138844"},{"taxonomy":"post_tag","embeddable":true,"href":"https:\/\/www.radiopiu.net\/wordpress\/wp-json\/wp\/v2\/tags?post=138844"}],"curies":[{"name":"wp","href":"https:\/\/api.w.org\/{rel}","templated":true}]}}