{"id":138878,"date":"2020-05-19T14:11:46","date_gmt":"2020-05-19T12:11:46","guid":{"rendered":"https:\/\/www.radiopiu.net\/wordpress\/?p=138878"},"modified":"2020-05-19T14:11:46","modified_gmt":"2020-05-19T12:11:46","slug":"la-preoccupazione-per-luso-delle-mascherine-riconoscimento-alla-sanita-centri-estivi-e-altro-dalla-conferenza-stampa-di-zaia","status":"publish","type":"post","link":"https:\/\/www.radiopiu.net\/wordpress\/la-preoccupazione-per-luso-delle-mascherine-riconoscimento-alla-sanita-centri-estivi-e-altro-dalla-conferenza-stampa-di-zaia\/","title":{"rendered":"LA PREOCCUPAZIONE PER L&#8217;USO DELLE MASCHERINE, RICONOSCIMENTO ALLA SANITA&#8217;, CENTRI ESTIVI E ALTRO DALLA CONFERENZA STAMPA DI ZAIA"},"content":{"rendered":"<p><strong>LA PREOCCUPAZIONE<\/strong><\/p>\n<p>Trovo assurdo dover insistere di portare la mascherina, mi sorprendono le foto che vedo degli eventi \u201cmovida\u201d non sono contro il divertimento ma il senso del rispetto civico \u00e8 pari a zero. Ci sono ragazzi che mi mandano i video dopo 3 mesi di isolamento e mi dicono \u201cforse era meglio se teneva le restrizioni\u201d. Se qualcuno coccola l\u2019idea, dal fatto che tutto sia aperto, che \u00e8 finito tutto vi dico che siete sulla strada sbagliata<\/p>\n<audio class=\"wp-audio-shortcode\" id=\"audio-138878-1\" preload=\"none\" style=\"width: 100%;\" controls=\"controls\"><source type=\"audio\/mpeg\" src=\"https:\/\/www.radiopiu.net\/wordpress\/wp-content\/uploads\/2020\/05\/ZAIA-INTRO-PREOCCUPATO.mp3?_=1\" \/><a href=\"https:\/\/www.radiopiu.net\/wordpress\/wp-content\/uploads\/2020\/05\/ZAIA-INTRO-PREOCCUPATO.mp3\">https:\/\/www.radiopiu.net\/wordpress\/wp-content\/uploads\/2020\/05\/ZAIA-INTRO-PREOCCUPATO.mp3<\/a><\/audio>\n<p>&nbsp;<\/p>\n<p><strong>RICONOSCIMENTO ALLA SANITA\u2019<\/strong><\/p>\n<p>Eroghiamo 60 milioni 932 mila euro, riconoscimento straordinario a quanti nella sanit\u00e0 si sono adoperati in questi mesi, con una suddivisione dopo gli accordi con le parti sociali. E\u2019 stata trovata la soluzione meritocratica, chi era nei reparti di malattie infettive era pi\u00f9 esposto di altri dove il covid non c\u2019era. Si va fino a 1200 euro nei casi di maggiore esposizione. Abbiamo donne nella nostra Sanit\u00e0 di grande valore e che io ho intenzione di premiare. Il premio interessa tutti gli operatori circa 54mila, tutti coloro che hanno lavorato<\/p>\n<audio class=\"wp-audio-shortcode\" id=\"audio-138878-2\" preload=\"none\" style=\"width: 100%;\" controls=\"controls\"><source type=\"audio\/mpeg\" src=\"https:\/\/www.radiopiu.net\/wordpress\/wp-content\/uploads\/2020\/05\/ZAIA-RICONOSCIMENTO-SANITA.mp3?_=2\" \/><a href=\"https:\/\/www.radiopiu.net\/wordpress\/wp-content\/uploads\/2020\/05\/ZAIA-RICONOSCIMENTO-SANITA.mp3\">https:\/\/www.radiopiu.net\/wordpress\/wp-content\/uploads\/2020\/05\/ZAIA-RICONOSCIMENTO-SANITA.mp3<\/a><\/audio>\n<p>&nbsp;<\/p>\n<p><strong>CHE FINE HA FATTO L\u2019APP IMMUNI?\u00a0<\/strong><\/p>\n<p>Non abbiamo informazioni sul tracciamento, non sta arrivando,\u00a0 stiamo lavorando ad un progetto alternativo di biosorveglianza, ma non anticipo nulla perch\u00e9 prima vorrei vederlo<\/p>\n<audio class=\"wp-audio-shortcode\" id=\"audio-138878-3\" preload=\"none\" style=\"width: 100%;\" controls=\"controls\"><source type=\"audio\/mpeg\" src=\"https:\/\/www.radiopiu.net\/wordpress\/wp-content\/uploads\/2020\/05\/ZAIA-APP-IMMUNI.mp3?_=3\" \/><a href=\"https:\/\/www.radiopiu.net\/wordpress\/wp-content\/uploads\/2020\/05\/ZAIA-APP-IMMUNI.mp3\">https:\/\/www.radiopiu.net\/wordpress\/wp-content\/uploads\/2020\/05\/ZAIA-APP-IMMUNI.mp3<\/a><\/audio>\n<p>&nbsp;<\/p>\n<p><strong>TRASPORTI PUBBLICI<\/strong><\/p>\n<p>L\u2019ordinanza porta la capienza ad un massimo del 50% rispetto a prima che era un terzo<\/p>\n<audio class=\"wp-audio-shortcode\" id=\"audio-138878-4\" preload=\"none\" style=\"width: 100%;\" controls=\"controls\"><source type=\"audio\/mpeg\" src=\"https:\/\/www.radiopiu.net\/wordpress\/wp-content\/uploads\/2020\/05\/ZAIA-TRASPORTI-50.mp3?_=4\" \/><a href=\"https:\/\/www.radiopiu.net\/wordpress\/wp-content\/uploads\/2020\/05\/ZAIA-TRASPORTI-50.mp3\">https:\/\/www.radiopiu.net\/wordpress\/wp-content\/uploads\/2020\/05\/ZAIA-TRASPORTI-50.mp3<\/a><\/audio>\n<p>&nbsp;<\/p>\n<p><strong>MINISTRO FAMIGLIA DELEGA LE REGIONI PER I CENTRI ESTIVI\u00a0<\/strong><\/p>\n<p>Faremo l\u2019ordinanza in settimana, sono state\u00a0 valutate le proposte delle Diocesi ed altre opportunit\u00e0. Cerchiamo di mettere insieme tutte le proposte. La fase pi\u00f9 critica \u00e8 il carico del personale e i costi che aumentano sperando di attingere ai 150 milioni di euro stabiliti nel decreto. Vogliamo anticipare l\u2019apertura dei centri estivi alla prossima settimana<\/p>\n<audio class=\"wp-audio-shortcode\" id=\"audio-138878-5\" preload=\"none\" style=\"width: 100%;\" controls=\"controls\"><source type=\"audio\/mpeg\" src=\"https:\/\/www.radiopiu.net\/wordpress\/wp-content\/uploads\/2020\/05\/ZAIA-CENTRI-ESTIVI.mp3?_=5\" \/><a href=\"https:\/\/www.radiopiu.net\/wordpress\/wp-content\/uploads\/2020\/05\/ZAIA-CENTRI-ESTIVI.mp3\">https:\/\/www.radiopiu.net\/wordpress\/wp-content\/uploads\/2020\/05\/ZAIA-CENTRI-ESTIVI.mp3<\/a><\/audio>\n","protected":false},"excerpt":{"rendered":"<p>LA PREOCCUPAZIONE Trovo assurdo dover insistere di portare la mascherina, mi sorprendono le foto che vedo degli eventi \u201cmovida\u201d non sono contro il divertimento ma il senso del rispetto civico \u00e8 pari a zero. Ci sono ragazzi che mi mandano i video dopo 3 mesi di isolamento e mi dicono \u201cforse era meglio se teneva&hellip;<\/p>\n","protected":false},"author":4,"featured_media":0,"comment_status":"closed","ping_status":"closed","sticky":false,"template":"","format":"standard","meta":{"_monsterinsights_skip_tracking":false,"_monsterinsights_sitenote_active":false,"_monsterinsights_sitenote_note":"","_monsterinsights_sitenote_category":0,"footnotes":""},"categories":[49],"tags":[],"class_list":["post-138878","post","type-post","status-publish","format-standard","hentry","category-news-18","category-49","description-off"],"img_url":false,"_links":{"self":[{"href":"https:\/\/www.radiopiu.net\/wordpress\/wp-json\/wp\/v2\/posts\/138878","targetHints":{"allow":["GET"]}}],"collection":[{"href":"https:\/\/www.radiopiu.net\/wordpress\/wp-json\/wp\/v2\/posts"}],"about":[{"href":"https:\/\/www.radiopiu.net\/wordpress\/wp-json\/wp\/v2\/types\/post"}],"author":[{"embeddable":true,"href":"https:\/\/www.radiopiu.net\/wordpress\/wp-json\/wp\/v2\/users\/4"}],"replies":[{"embeddable":true,"href":"https:\/\/www.radiopiu.net\/wordpress\/wp-json\/wp\/v2\/comments?post=138878"}],"version-history":[{"count":0,"href":"https:\/\/www.radiopiu.net\/wordpress\/wp-json\/wp\/v2\/posts\/138878\/revisions"}],"wp:attachment":[{"href":"https:\/\/www.radiopiu.net\/wordpress\/wp-json\/wp\/v2\/media?parent=138878"}],"wp:term":[{"taxonomy":"category","embeddable":true,"href":"https:\/\/www.radiopiu.net\/wordpress\/wp-json\/wp\/v2\/categories?post=138878"},{"taxonomy":"post_tag","embeddable":true,"href":"https:\/\/www.radiopiu.net\/wordpress\/wp-json\/wp\/v2\/tags?post=138878"}],"curies":[{"name":"wp","href":"https:\/\/api.w.org\/{rel}","templated":true}]}}