{"id":138880,"date":"2020-05-19T14:25:45","date_gmt":"2020-05-19T12:25:45","guid":{"rendered":"https:\/\/www.radiopiu.net\/wordpress\/?p=138880"},"modified":"2020-05-19T14:38:52","modified_gmt":"2020-05-19T12:38:52","slug":"la-sorpresa-di-ad-agordo-proloco-mano-tesa-ai-commercianti","status":"publish","type":"post","link":"https:\/\/www.radiopiu.net\/wordpress\/la-sorpresa-di-ad-agordo-proloco-mano-tesa-ai-commercianti\/","title":{"rendered":"LA SORPRESA DI AD AGORDO PROLOCO, MANO TESA AI COMMERCIANTI"},"content":{"rendered":"<p><strong><a class=\"dt-pswp-item\" href=\"https:\/\/www.radiopiu.net\/wordpress\/wp-content\/uploads\/2020\/05\/98600207_1142756912742242_5838014733235519488_n.jpg\" data-dt-img-description=\"\" data-large_image_width=\"720\" data-large_image_height=\"960\"><img loading=\"lazy\" decoding=\"async\" class=\" wp-image-138881 alignleft\" src=\"https:\/\/www.radiopiu.net\/wordpress\/wp-content\/uploads\/2020\/05\/98600207_1142756912742242_5838014733235519488_n-225x300.jpg\" alt=\"\" width=\"262\" height=\"350\" srcset=\"https:\/\/www.radiopiu.net\/wordpress\/wp-content\/uploads\/2020\/05\/98600207_1142756912742242_5838014733235519488_n-225x300.jpg 225w, https:\/\/www.radiopiu.net\/wordpress\/wp-content\/uploads\/2020\/05\/98600207_1142756912742242_5838014733235519488_n.jpg 720w\" sizes=\"auto, (max-width: 262px) 100vw, 262px\" \/><\/a>AGORDO<\/strong> Nel giorno della riapertura inaspettato regalo per i commercianti di Agordo, mascherine e gel per tutti. La chiave di lettura \u00e8 certamente la riconoscenza\u00a0 del sodalizio di via 27 aprile agli operatori economici della citt\u00e0<em> &#8220;Questo \u00e8 il periodo in cui siete abituati ad incontrarci e vi chiediamo un contributo per poter svolgere al meglio le manifestazioni di giugno. Quest&#8217;anno le cose sono andate in modo diverso, noi abbiamo dovuto rinunciare alla 4 pass in doi e alla sagra de San Piero, e voi vi preparate a riaprire le vostre attivit\u00e0 dopo mesi di chiusura&#8221;<\/em> Inizia cos\u00ec la lettera della proloco allegata ai dispositivi di protezione, per esprimere poi un concetto importante &#8220;<em>Ci\u00f2 che tiene viva una comunit\u00e0 \u00e8 la reciprocit\u00e0 tra tutte le sue parti, siamo convinti che, come voi ci avete sempre sostenuto, oggi dobbiamo noi sostenervi, Per questo abbiamo deciso di donare ai commercianti del Comune di Agordo gel e mascherine&#8221;.<\/em><\/p>\n<blockquote><p>Sar\u00e0 anche una piccola goccia nel mare ma la pacca sulla spalla \u00e8 vigorosa in un momento difficile, per far sentire meno soli chi garantisce un sano tessuto economico, con la certezza che anche gli agordini sapranno fare la loro parte in quanto a gioco di squadra per sostenere il nostro patrimonio costruito negli anni.<\/p><\/blockquote>\n<p>mm<\/p>\n","protected":false},"excerpt":{"rendered":"<p>AGORDO Nel giorno della riapertura inaspettato regalo per i commercianti di Agordo, mascherine e gel per tutti. La chiave di lettura \u00e8 certamente la riconoscenza\u00a0 del sodalizio di via 27 aprile agli operatori economici della citt\u00e0 &#8220;Questo \u00e8 il periodo in cui siete abituati ad incontrarci e vi chiediamo un contributo per poter svolgere al&hellip;<\/p>\n","protected":false},"author":1,"featured_media":138882,"comment_status":"closed","ping_status":"closed","sticky":false,"template":"","format":"standard","meta":{"_monsterinsights_skip_tracking":false,"_monsterinsights_sitenote_active":false,"_monsterinsights_sitenote_note":"","_monsterinsights_sitenote_category":0,"footnotes":""},"categories":[51,49],"tags":[],"class_list":["post-138880","post","type-post","status-publish","format-standard","has-post-thumbnail","hentry","category-evidenza-top","category-news-18","category-51","category-49","description-off"],"img_url":"https:\/\/www.radiopiu.net\/wordpress\/wp-content\/uploads\/2020\/05\/98342304_1142756922742241_3676427847154532352_n.jpg","_links":{"self":[{"href":"https:\/\/www.radiopiu.net\/wordpress\/wp-json\/wp\/v2\/posts\/138880","targetHints":{"allow":["GET"]}}],"collection":[{"href":"https:\/\/www.radiopiu.net\/wordpress\/wp-json\/wp\/v2\/posts"}],"about":[{"href":"https:\/\/www.radiopiu.net\/wordpress\/wp-json\/wp\/v2\/types\/post"}],"author":[{"embeddable":true,"href":"https:\/\/www.radiopiu.net\/wordpress\/wp-json\/wp\/v2\/users\/1"}],"replies":[{"embeddable":true,"href":"https:\/\/www.radiopiu.net\/wordpress\/wp-json\/wp\/v2\/comments?post=138880"}],"version-history":[{"count":0,"href":"https:\/\/www.radiopiu.net\/wordpress\/wp-json\/wp\/v2\/posts\/138880\/revisions"}],"wp:featuredmedia":[{"embeddable":true,"href":"https:\/\/www.radiopiu.net\/wordpress\/wp-json\/wp\/v2\/media\/138882"}],"wp:attachment":[{"href":"https:\/\/www.radiopiu.net\/wordpress\/wp-json\/wp\/v2\/media?parent=138880"}],"wp:term":[{"taxonomy":"category","embeddable":true,"href":"https:\/\/www.radiopiu.net\/wordpress\/wp-json\/wp\/v2\/categories?post=138880"},{"taxonomy":"post_tag","embeddable":true,"href":"https:\/\/www.radiopiu.net\/wordpress\/wp-json\/wp\/v2\/tags?post=138880"}],"curies":[{"name":"wp","href":"https:\/\/api.w.org\/{rel}","templated":true}]}}