{"id":138942,"date":"2020-05-19T17:50:18","date_gmt":"2020-05-19T15:50:18","guid":{"rendered":"https:\/\/www.radiopiu.net\/wordpress\/?p=138942"},"modified":"2020-05-20T06:17:35","modified_gmt":"2020-05-20T04:17:35","slug":"schianta-il-pajero-abbatte-la-recinzione-e-si-rifiuta-di-sottoporsi-al-test-alcoolimetrico-denunciato","status":"publish","type":"post","link":"https:\/\/www.radiopiu.net\/wordpress\/schianta-il-pajero-abbatte-la-recinzione-e-si-rifiuta-di-sottoporsi-al-test-alcoolimetrico-denunciato\/","title":{"rendered":"SCHIANTA IL PAJERO, ABBATTE LA RECINZIONE E SI RIFIUTA DI SOTTOPORSI AL TEST ALCOOLIMETRICO: DENUNCIATO"},"content":{"rendered":"<p><a class=\"dt-pswp-item\" href=\"https:\/\/www.radiopiu.net\/wordpress\/wp-content\/uploads\/2020\/05\/8f3eba7a-eafa-4c6b-b025-f0f29880b0be.jpg\" data-dt-img-description=\"\" data-large_image_width=\"960\" data-large_image_height=\"1280\"><img loading=\"lazy\" decoding=\"async\" class=\"size-medium wp-image-138943 alignleft\" src=\"https:\/\/www.radiopiu.net\/wordpress\/wp-content\/uploads\/2020\/05\/8f3eba7a-eafa-4c6b-b025-f0f29880b0be-225x300.jpg\" alt=\"\" width=\"225\" height=\"300\" srcset=\"https:\/\/www.radiopiu.net\/wordpress\/wp-content\/uploads\/2020\/05\/8f3eba7a-eafa-4c6b-b025-f0f29880b0be-225x300.jpg 225w, https:\/\/www.radiopiu.net\/wordpress\/wp-content\/uploads\/2020\/05\/8f3eba7a-eafa-4c6b-b025-f0f29880b0be-768x1024.jpg 768w, https:\/\/www.radiopiu.net\/wordpress\/wp-content\/uploads\/2020\/05\/8f3eba7a-eafa-4c6b-b025-f0f29880b0be.jpg 960w\" sizes=\"auto, (max-width: 225px) 100vw, 225px\" \/><\/a><\/p>\n<p>&nbsp;<\/p>\n<p>&nbsp;<\/p>\n<p><strong>FENER DI ALANO DI PIAVE <\/strong>Ha perso il controllo del suo Pajero andando a schiantarsi contro la recinzione di uno stabile abbandonato. Una volta sceso dal mezzo non gli \u00e8 rimasto che constatare i danni ma il peggio doveva ancora venire. Infatti, se F.N. 61 anni di Vittorio Veneto dall&#8217;incidente ne \u00e8 uscito indenne al controllo dei Carabinieri non ha superato l&#8217;esame. Per la verit\u00e0 non ha nemmeno partecipato perch\u00e9 davanti all&#8217;etilometro ha scosso il capo. Per questo gli uomini dell&#8217;Arma di Quero Vas hanno scritto un verbale di denuncia (in stato di libert\u00e0) per il rifiuto di sottoporsi all&#8217;accertamento alcoolimetrico. Oltre alla denuncia, Pajero sequestrato e patente ritirata.<\/p>\n<p>&nbsp;<\/p>\n","protected":false},"excerpt":{"rendered":"<p>&nbsp; &nbsp; FENER DI ALANO DI PIAVE Ha perso il controllo del suo Pajero andando a schiantarsi contro la recinzione di uno stabile abbandonato. Una volta sceso dal mezzo non gli \u00e8 rimasto che constatare i danni ma il peggio doveva ancora venire. Infatti, se F.N. 61 anni di Vittorio Veneto dall&#8217;incidente ne \u00e8 uscito&hellip;<\/p>\n","protected":false},"author":1,"featured_media":138943,"comment_status":"closed","ping_status":"closed","sticky":false,"template":"","format":"standard","meta":{"_monsterinsights_skip_tracking":false,"_monsterinsights_sitenote_active":false,"_monsterinsights_sitenote_note":"","_monsterinsights_sitenote_category":0,"footnotes":""},"categories":[51,49],"tags":[],"class_list":["post-138942","post","type-post","status-publish","format-standard","has-post-thumbnail","hentry","category-evidenza-top","category-news-18","category-51","category-49","description-off"],"img_url":"https:\/\/www.radiopiu.net\/wordpress\/wp-content\/uploads\/2020\/05\/8f3eba7a-eafa-4c6b-b025-f0f29880b0be.jpg","_links":{"self":[{"href":"https:\/\/www.radiopiu.net\/wordpress\/wp-json\/wp\/v2\/posts\/138942","targetHints":{"allow":["GET"]}}],"collection":[{"href":"https:\/\/www.radiopiu.net\/wordpress\/wp-json\/wp\/v2\/posts"}],"about":[{"href":"https:\/\/www.radiopiu.net\/wordpress\/wp-json\/wp\/v2\/types\/post"}],"author":[{"embeddable":true,"href":"https:\/\/www.radiopiu.net\/wordpress\/wp-json\/wp\/v2\/users\/1"}],"replies":[{"embeddable":true,"href":"https:\/\/www.radiopiu.net\/wordpress\/wp-json\/wp\/v2\/comments?post=138942"}],"version-history":[{"count":0,"href":"https:\/\/www.radiopiu.net\/wordpress\/wp-json\/wp\/v2\/posts\/138942\/revisions"}],"wp:featuredmedia":[{"embeddable":true,"href":"https:\/\/www.radiopiu.net\/wordpress\/wp-json\/wp\/v2\/media\/138943"}],"wp:attachment":[{"href":"https:\/\/www.radiopiu.net\/wordpress\/wp-json\/wp\/v2\/media?parent=138942"}],"wp:term":[{"taxonomy":"category","embeddable":true,"href":"https:\/\/www.radiopiu.net\/wordpress\/wp-json\/wp\/v2\/categories?post=138942"},{"taxonomy":"post_tag","embeddable":true,"href":"https:\/\/www.radiopiu.net\/wordpress\/wp-json\/wp\/v2\/tags?post=138942"}],"curies":[{"name":"wp","href":"https:\/\/api.w.org\/{rel}","templated":true}]}}