{"id":139009,"date":"2020-05-19T19:42:38","date_gmt":"2020-05-19T17:42:38","guid":{"rendered":"https:\/\/www.radiopiu.net\/wordpress\/?p=139009"},"modified":"2020-05-19T20:01:44","modified_gmt":"2020-05-19T18:01:44","slug":"franco-roccon-auspica-non-ci-sia-un-terzo-grado-di-giudizio-per-i-cani-dei-non-vedenti-sulle-scale-mobili","status":"publish","type":"post","link":"https:\/\/www.radiopiu.net\/wordpress\/franco-roccon-auspica-non-ci-sia-un-terzo-grado-di-giudizio-per-i-cani-dei-non-vedenti-sulle-scale-mobili\/","title":{"rendered":"FRANCO ROCCON AUSPICA NON CI SIA UN TERZO GRADO DI GIUDIZIO PER I CANI DEI NON VEDENTI SULLE SCALE MOBILI"},"content":{"rendered":"<blockquote><p><strong><a class=\"dt-pswp-item\" href=\"https:\/\/www.radiopiu.net\/wordpress\/wp-content\/uploads\/2020\/05\/photo_2020-05-19_19-40-45.jpg\" data-dt-img-description=\"\" data-large_image_width=\"768\" data-large_image_height=\"568\"><img loading=\"lazy\" decoding=\"async\" class=\"size-medium wp-image-139010 alignleft\" src=\"https:\/\/www.radiopiu.net\/wordpress\/wp-content\/uploads\/2020\/05\/photo_2020-05-19_19-40-45-300x222.jpg\" alt=\"\" width=\"300\" height=\"222\" srcset=\"https:\/\/www.radiopiu.net\/wordpress\/wp-content\/uploads\/2020\/05\/photo_2020-05-19_19-40-45-300x222.jpg 300w, https:\/\/www.radiopiu.net\/wordpress\/wp-content\/uploads\/2020\/05\/photo_2020-05-19_19-40-45.jpg 768w\" sizes=\"auto, (max-width: 300px) 100vw, 300px\" \/><\/a><\/strong><em>&#8220;Un eventuale ricorso al terzo grado di giudizio, senza intraprendere una soluzione bonaria, che dovrebbe esserci gi\u00e0 stata prima di avviare cause lunghissime, segnalerebbe la volont\u00e0 persecutoria nei confronti di soggetti che proprio non ne hanno bisogno e un limite basso al buonsenso, istituzionale e personale degli amministratori&#8221;\u00a0<\/em><\/p><\/blockquote>\n<p>&nbsp;<\/p>\n<p><strong>BELLUNO\u00a0<\/strong>Dopo l\u2019intervento del sindaco nel corso dell\u2019ultimo Consiglio Comunale del 15 maggio scorso, interpellato sull\u2019annosa questione della possibilit\u00e0 o meno di far salire i cani guida dei cechi<span class=\"Apple-converted-space\">\u00a0 <\/span>lungo le scale mobili di Lambioi,\u00a0 il consigliere comunale Franco Roccon sottolinea quanto espresso dal primo cittadino aggiungendo le sue considerazioni : &#8220;<em>La legge 37 del 1974 prevede il libero accesso ed utilizzo ad ogni mezzo di trasporto, comprese le scale mobili, da parte di tutti i disabili visivi accompagnati da cani guida.\u00a0Il regolamento di sicurezza citato dal Sindaco vieta di appoggiare sulle scale mobili \u201ccani\u201d. Vale a dire, tutti i cani ad eccezione evidentemente dei cani guida, per i quali \u00e8 prevista la deroga sulla base della legge n. 37 del 1974.\u00a0Il regolamento di sicurezza che il sindaco cita, non pu\u00f2 e non poteva derogare una legge.\u00a0Come affermato dal sindaco, i divieti di accesso con il cane ci sono in tutte le scale mobili d&#8217;Italia. Ma di cani normali, non di cani guida che invece possono accedere e sono addestrati anche per questa attivit\u00e0. Tutte le scuole di addestramento in Italia, rilasciano le dovute attestazioni per questa attivit\u00e0. Tranne Belluno, nessuno ha mai posto alcun divieto di accesso, poich\u00e9 la libera circolazione del disabile accompagnato dal cane guida \u00e8 un diritto assoluto previsto per legge.\u00a0La sentenza della Corte d\u2019Appello rimarca pesantemente, e non lievemente, la<span class=\"Apple-converted-space\">\u00a0 <\/span>discriminazione nei confronti dei non vedenti accompagnati dai loro cani guida, attuata attraverso le azioni del Comune e di Bellunum, non a caso la Corte obbliga gli stessi alla rimozione dei cartelli illegittimi e li condanna al risarcimento del danno morale.\u00a0Tutte le spese inerenti alla causa sono a carico delle casse comunali ed eventualmente, se la Corte dei Conti interverr\u00e0, riterr\u00e0 responsabili in solido gli amministratori che hanno testardamente proseguito nella causa.\u00a0Non \u00e8 vero che l\u2019Unione Ciechi non ha accolto con favore l\u2019esito della causa ma anzi ne ha pubblicato questo mese nel sito online \u201cGiornale UICI\u201d un bel approfondimento dal titolo \u201cUn\u2019importante Sentenza contro le discriminazioni in ragione della disabilit\u00e0\u201d.<span class=\"Apple-converted-space\">\u00a0\u00a0<\/span>Asso Ascensori, stranamente, rimarca la sua perplessit\u00e0 sulla sentenza della Corte d\u2019Appello e fa intravvedere una specie di immobilismo delle attivit\u00e0 di trasporto se tale sentenza fosse definitivamente confermata. Probabilmente, non tiene conto che, sia l\u2019Associazione Ciechi d\u2019Italia ed altre organizzazioni, ritengono questa sentenza molto innovativa e chiarificatrice dei divieti che taluni, come Belluno, impongono e che sono contrari alla legge, come anche rilevato dalla sente<\/em>&#8221; (foto Amico de Popolo)<\/p>\n<p>&nbsp;<\/p>\n<p><strong>NEL LINK SOTTOSTANTE L&#8217;ARTICOLO DI RADIO PIU&#8217;\u00a0<\/strong><\/p>\n<blockquote class=\"wp-embedded-content\" data-secret=\"r3anDCiyZe\"><p><a href=\"https:\/\/www.radiopiu.net\/wordpress\/il-giorno-dellappello-si-ai-cani-guida-anche-sulle-scale-mobili-di-lambioi\/\">IL GIORNO DELL&#8217;APPELLO: SI AI CANI GUIDA ANCHE SULLE SCALE MOBILI DI LAMBIOI<\/a><\/p><\/blockquote>\n<p><iframe loading=\"lazy\" title=\"&#8220;IL GIORNO DELL&#8217;APPELLO: SI AI CANI GUIDA ANCHE SULLE SCALE MOBILI DI LAMBIOI&#8221; &#8212; Radio Pi\u00f9\" class=\"wp-embedded-content\" sandbox=\"allow-scripts\" security=\"restricted\" style=\"position: absolute; clip: rect(1px, 1px, 1px, 1px);\" src=\"https:\/\/www.radiopiu.net\/wordpress\/il-giorno-dellappello-si-ai-cani-guida-anche-sulle-scale-mobili-di-lambioi\/embed\/#?secret=r3anDCiyZe\" data-secret=\"r3anDCiyZe\" width=\"600\" height=\"338\" frameborder=\"0\" marginwidth=\"0\" marginheight=\"0\" scrolling=\"no\"><\/iframe><\/p>\n","protected":false},"excerpt":{"rendered":"<p>&#8220;Un eventuale ricorso al terzo grado di giudizio, senza intraprendere una soluzione bonaria, che dovrebbe esserci gi\u00e0 stata prima di avviare cause lunghissime, segnalerebbe la volont\u00e0 persecutoria nei confronti di soggetti che proprio non ne hanno bisogno e un limite basso al buonsenso, istituzionale e personale degli amministratori&#8221;\u00a0 &nbsp; BELLUNO\u00a0Dopo l\u2019intervento del sindaco nel corso&hellip;<\/p>\n","protected":false},"author":4,"featured_media":139010,"comment_status":"closed","ping_status":"closed","sticky":false,"template":"","format":"standard","meta":{"_monsterinsights_skip_tracking":false,"_monsterinsights_sitenote_active":false,"_monsterinsights_sitenote_note":"","_monsterinsights_sitenote_category":0,"footnotes":""},"categories":[49],"tags":[],"class_list":["post-139009","post","type-post","status-publish","format-standard","has-post-thumbnail","hentry","category-news-18","category-49","description-off"],"img_url":"https:\/\/www.radiopiu.net\/wordpress\/wp-content\/uploads\/2020\/05\/photo_2020-05-19_19-40-45.jpg","_links":{"self":[{"href":"https:\/\/www.radiopiu.net\/wordpress\/wp-json\/wp\/v2\/posts\/139009","targetHints":{"allow":["GET"]}}],"collection":[{"href":"https:\/\/www.radiopiu.net\/wordpress\/wp-json\/wp\/v2\/posts"}],"about":[{"href":"https:\/\/www.radiopiu.net\/wordpress\/wp-json\/wp\/v2\/types\/post"}],"author":[{"embeddable":true,"href":"https:\/\/www.radiopiu.net\/wordpress\/wp-json\/wp\/v2\/users\/4"}],"replies":[{"embeddable":true,"href":"https:\/\/www.radiopiu.net\/wordpress\/wp-json\/wp\/v2\/comments?post=139009"}],"version-history":[{"count":0,"href":"https:\/\/www.radiopiu.net\/wordpress\/wp-json\/wp\/v2\/posts\/139009\/revisions"}],"wp:featuredmedia":[{"embeddable":true,"href":"https:\/\/www.radiopiu.net\/wordpress\/wp-json\/wp\/v2\/media\/139010"}],"wp:attachment":[{"href":"https:\/\/www.radiopiu.net\/wordpress\/wp-json\/wp\/v2\/media?parent=139009"}],"wp:term":[{"taxonomy":"category","embeddable":true,"href":"https:\/\/www.radiopiu.net\/wordpress\/wp-json\/wp\/v2\/categories?post=139009"},{"taxonomy":"post_tag","embeddable":true,"href":"https:\/\/www.radiopiu.net\/wordpress\/wp-json\/wp\/v2\/tags?post=139009"}],"curies":[{"name":"wp","href":"https:\/\/api.w.org\/{rel}","templated":true}]}}