{"id":139030,"date":"2020-05-27T06:05:03","date_gmt":"2020-05-27T04:05:03","guid":{"rendered":"https:\/\/www.radiopiu.net\/wordpress\/?p=139030"},"modified":"2020-05-27T06:31:41","modified_gmt":"2020-05-27T04:31:41","slug":"esce-per-tipi-edizioni-il-primo-quaderno-della-biblioteca-del-biois","status":"publish","type":"post","link":"https:\/\/www.radiopiu.net\/wordpress\/esce-per-tipi-edizioni-il-primo-quaderno-della-biblioteca-del-biois\/","title":{"rendered":"ESCE PER TIPI EDIZIONI IL PRIMO QUADERNO DELLA BIBLIOTECA DEL BI\u00d3IS"},"content":{"rendered":"<p style=\"font-weight: 400;\"><strong><img loading=\"lazy\" decoding=\"async\" class=\"alignleft\" src=\"https:\/\/www.radiopiu.net\/wordpress\/wp-content\/uploads\/2016\/04\/Falcade_plan_ortofoto.jpg\" width=\"282\" height=\"199\" \/>\u00a0FALCADE\u00a0 \u00a0<\/strong>Si tratta del primo volume di una nuova iniziativa editoriale voluta dall&#8217;Unione Ladina Val Bi\u00f3is, altri due seguiranno riguardanti il tema della Grande Guerra, che \u00e8 stato oggetto di dibattiti, incontri, confronti nel corso di cinque anni. Questi tre volumi, per TIPI Edizioni, cui seguiranno altri su temi di diverso argomento, sempre legati alla realt\u00e0 del territorio dei ladini della Valle del Bi\u00f3is, raccolgono interventi di storici, di studiosi, di appassionati che raccontano ci\u00f2 che accadde dopo le \u00abradiose giornate\u00bb del maggio 1915, quando l&#8217;Italia entr\u00f2 in guerra. Cadorna promise che in pochi \u00absbalzi\u00bb il regio esercito sarebbe giunto a Lubiana, e poi in breve a Graz e Vienna. Com&#8217;\u00e8 noto non and\u00f2 proprio cos\u00ec: la realt\u00e0 fu spietata sulle pietraie del Carso e sul fronte montano. Le montagne venete si trasformarono in un terribile campo di battaglia, dove si speriment\u00f2 anche un&#8217;arma insidiosa e dirompente: la mina. Giunse Caporetto, l&#8217;Italia vacill\u00f2, ma seppe resistere e infine vincere. Ma per la popolazione civile dei territori occupati fu l&#8217;anno della fame, un periodo tremendo di angherie e di carestia. Il primo volume, ora finalmente in distribuzione dopo il blocco in tipografia causato dal corona virus, ospita i testi di Claudio Luchetta (<em>Cala il sipario<\/em>), di Livio Vanzetto (<em>Un secolo di memorie della Grande Guerra<\/em>), di Valentina Fontanive (<em>Un fronte in armi<\/em>), di Susy Dan Lombardi (<em>La guerra dell&#8217;aria<\/em>), di Vittorio Fenti (<em>Brevi cenni sulla geologia del fronte della Grande Guerra<\/em>), di Orazione Andrich (<em>Narrare la Grande Guerra a cent&#8217;anni di distanza, nello spirito alpino e a supporto di una idea civica della nazione italiana nel contesto europeo<\/em>).<\/p>\n<blockquote>\n<p style=\"font-weight: 400;\">Danilo Marmolada, presidente dell&#8217;Union Ladina Val Bi\u00f3is, motivando il patrocinio alla nascita della Biblioteca del Bi\u00f3is, scrive che il suo sodalizio<em> \u00ab\u00e8 certamente improntati alla tutela e valorizzazione della lingua ladina ed in particolare del ladino-veneto parlato in Valle del Bi\u00f3is, ma in senso pi\u00f9 ampio, si occupa di tutti gli aspetti identitari e culturali di questa comunit\u00e0 dolomitica, con un occhio al passato, ma consapevoli del presente e delle problematiche future. Non si tratta quindi di una visione nostalgica del passato, ma un intendimento di conoscere e conoscerci nelle nostre diversit\u00e0, senza per questo sentirci migliori o peggiori\u00bb. Concludendo: \u00abdalla lingua alla nostra storia quindi: le nostre radici che sono coscienza e forza nel quotidiano\u00bb<\/em>.<\/p>\n<\/blockquote>\n","protected":false},"excerpt":{"rendered":"<p>\u00a0FALCADE\u00a0 \u00a0Si tratta del primo volume di una nuova iniziativa editoriale voluta dall&#8217;Unione Ladina Val Bi\u00f3is, altri due seguiranno riguardanti il tema della Grande Guerra, che \u00e8 stato oggetto di dibattiti, incontri, confronti nel corso di cinque anni. Questi tre volumi, per TIPI Edizioni, cui seguiranno altri su temi di diverso argomento, sempre legati alla&hellip;<\/p>\n","protected":false},"author":1,"featured_media":0,"comment_status":"closed","ping_status":"closed","sticky":false,"template":"","format":"standard","meta":{"_monsterinsights_skip_tracking":false,"_monsterinsights_sitenote_active":false,"_monsterinsights_sitenote_note":"","_monsterinsights_sitenote_category":0,"footnotes":""},"categories":[49],"tags":[],"class_list":["post-139030","post","type-post","status-publish","format-standard","hentry","category-news-18","category-49","description-off"],"img_url":false,"_links":{"self":[{"href":"https:\/\/www.radiopiu.net\/wordpress\/wp-json\/wp\/v2\/posts\/139030","targetHints":{"allow":["GET"]}}],"collection":[{"href":"https:\/\/www.radiopiu.net\/wordpress\/wp-json\/wp\/v2\/posts"}],"about":[{"href":"https:\/\/www.radiopiu.net\/wordpress\/wp-json\/wp\/v2\/types\/post"}],"author":[{"embeddable":true,"href":"https:\/\/www.radiopiu.net\/wordpress\/wp-json\/wp\/v2\/users\/1"}],"replies":[{"embeddable":true,"href":"https:\/\/www.radiopiu.net\/wordpress\/wp-json\/wp\/v2\/comments?post=139030"}],"version-history":[{"count":0,"href":"https:\/\/www.radiopiu.net\/wordpress\/wp-json\/wp\/v2\/posts\/139030\/revisions"}],"wp:attachment":[{"href":"https:\/\/www.radiopiu.net\/wordpress\/wp-json\/wp\/v2\/media?parent=139030"}],"wp:term":[{"taxonomy":"category","embeddable":true,"href":"https:\/\/www.radiopiu.net\/wordpress\/wp-json\/wp\/v2\/categories?post=139030"},{"taxonomy":"post_tag","embeddable":true,"href":"https:\/\/www.radiopiu.net\/wordpress\/wp-json\/wp\/v2\/tags?post=139030"}],"curies":[{"name":"wp","href":"https:\/\/api.w.org\/{rel}","templated":true}]}}