{"id":139052,"date":"2020-05-21T06:01:40","date_gmt":"2020-05-21T04:01:40","guid":{"rendered":"https:\/\/www.radiopiu.net\/wordpress\/?p=139052"},"modified":"2020-05-21T14:17:29","modified_gmt":"2020-05-21T12:17:29","slug":"giornale-radiopiu-21-maggio-2020-direttore-mirko-mezzacasa","status":"publish","type":"post","link":"https:\/\/www.radiopiu.net\/wordpress\/giornale-radiopiu-21-maggio-2020-direttore-mirko-mezzacasa\/","title":{"rendered":"GIORNALE RADIOPIU 21 MAGGIO 2020 DIRETTORE MIRKO MEZZACASA"},"content":{"rendered":"<h3>Montecitorio, 21\/05\/2020 &#8211; Informativa del Presidente del Consiglio, Giuseppe Conte, alla Camera dei Deputati sulle misure per la nuova fase dell&#8217;emergenza Coronavirus.<\/h3>\n<p><iframe loading=\"lazy\" title=\"Informativa del Presidente Conte alla Camera\" width=\"1200\" height=\"675\" src=\"https:\/\/www.youtube.com\/embed\/785cbW3yG2M?feature=oembed\" frameborder=\"0\" allow=\"accelerometer; autoplay; clipboard-write; encrypted-media; gyroscope; picture-in-picture\" allowfullscreen><\/iframe><\/p>\n<h3><\/h3>\n<h3><strong>PER RICEVERE QUESTO NOTIZIARIO DIRETTAMENTE SUL TUO CELLULARE ISCRIVITI AL CANALE TELEGRAM\u00a0<\/strong><strong>\u201cRADIO PIU\u00a0 INFORMAZIONE\u201d<\/strong><\/h3>\n<p>&nbsp;<\/p>\n<hr \/>\n<p>&nbsp;<\/p>\n<p><strong><em>Gestione Servizi Pubblici informa che a GOSALDO nelle Localit\u00e0 LE CASE, CURTI, INCASAL,LE FOCHE, LAMBROI, DENEORE, MAGAIT, REN, SELLE, COL TAMAI, BITTI, GIARDOI, l\u2019acqua erogata dall\u2019acquedotto \u00e8 di nuovo potabile e pu\u00f2 essere usata, quindi, per scopi alimentari.<\/em><\/strong><\/p>\n<p>&nbsp;<\/p>\n<p><em><strong>Gestione Servizi Pubblici \u00a0informa che a ROCCA PIETORE in localit\u00e0 DIGONERA, l&#8217;acqua erogata dall&#8217;acquedotto non \u00e8 potabile e pu\u00f2 essere usata per scopi alimentari SOLO PREVIA bollitura<\/strong><\/em><\/p>\n<p>&nbsp;<\/p>\n<hr \/>\n<p>&nbsp;<\/p>\n<p><span style=\"color: #ff0000;\">PROVINCIALE 3 DI VALLE IMPERINA, LOCALITA\u2019 CORDE MOLE-VALLASIN DI GOSALDO<\/span>\u00a0<strong>OGGI GIOVEDI 21 MAGGIO DALLE 8 ALLE 11.45 E DALLE 13.30 ALLE 17.30 TEMPORANEE INTERRUZIONI ALLA VIABILITA\u2019 FINO A 30 MINUTI PER LAVORI DI ASPORTAZIONE MATERIALE LEGNOSO, ALTERNATIVA 347 DURAN E CEREDA: GOSALDO, FORCELLA AURINE, VOLTAGO, AGORDO.\u00a0<\/strong><\/p>\n<p>&nbsp;<\/p>\n<p><strong>CHIUDE PONTE MAS, FINO AL 30 GIUGNO PER I LAVORI DI CONSOLIDAMENTO:<\/strong>\u00a0 fino al\u00a0 30 giugno sar\u00e0 chiuso sia alle macchine sia ai pedoni. Percorso alternativo: da Ponte Mas a Vignole in Comune di Sedico.<\/p>\n<p><strong>INTERRUZIONI A CRISTO DELLE PIANIZZE\u00a0<\/strong>sp347 DURAN E CEREDA fino al al 5 giugno (esclusi festivi e prefestivi) possibili interruzioni in localit\u00e0 Pianizze (Agordo) della durata massima di 15 minuti dalle 8 alle 12 e dalle 13 alle 17, inoltre senso unico alternato nei periodi non interessati dalle chiusura<\/p>\n<p>&nbsp;<\/p>\n<hr \/>\n<p>&nbsp;<\/p>\n<p><em><strong>La Piscina Comprensoriale di Agordo da luned\u00ec 25 maggio riapre al nuoto libero dalle 16 alle 20. Da luned\u00ec 1 giugno, il via all&#8217;orario estivo del nuoto libero e il via ai corsi per bambini ed adulti, e anche le attivit\u00e0 organizzate (acqua fitness, ginnastica dolce). Attivo anche solarium all&#8217;aperto. La piscina sar\u00e0 aperta il luned\u00ec, mercoled\u00ec e sabato dalle 9:30 alle 20, il marted\u00ec, gioved\u00ec e venerd\u00ec dalle 16 alle 20. La doenica dalle 15 alle 19. Informazioni su corsi e altre attivit\u00e0 presso la segreteria dalle 16 alle 19.\u00a0<\/strong><\/em><\/p>\n<p>&nbsp;<\/p>\n<hr \/>\n<p><strong>BOCCIA: DAL 3 GIUGNO NO MOBILIT\u00c0 FRA REGIONI AD ALTO RISCHIO<\/strong>\u00a0 \u201cLe Regioni devono essere responsabili per le modalit\u00e0 con cui si rimettono in cammino. L\u2019ipotesi delle riaperture interregionali dal 3 giugno \u00e8 stata gi\u00e0 ufficializzata dal presidente del Consiglio, ma a condizione che si rispettino i dati del monitoraggio sull\u2019epidemia. Se una Regione \u00e8 ad alto rischio, \u00e8 evidente che non pu\u00f2 partecipare alla mobilit\u00e0 interregionale\u201c. Sono le parole pronunciate dal ministro degli Affari Regionali, Francesco Boccia, nella sua audizione alla Commissione Federalismo Fiscale alla Camera dei deputati.<\/p>\n<p>&nbsp;<\/p>\n<p>&nbsp;<\/p>\n<blockquote>\n<h3>LA GENTE NON HA CAPITO, SE CONTINUA COSI&#8217; CHIUDEREMO DI NUOVO TUTTO. CONTRO LA MOVIDA SONO I GIORNI DELLA LINEA DURA CON SANZIONI FINO A 3000 EURO PER CHI VIENE COLTO IN FALLO E L&#8217;ORDINE E&#8217; STATO IMPARTITO DAL VIMINALE. DA TREVISO AL VIA IL PIANO DEL MIX DEI TAMPONI PER DARE UN&#8217;ACCELERATA AI REFERTI. DI QUESTA STORIA RICORDEREMO GLI UOMINI, SCIENZIATI E MEDICI: FRANCESCA RUSSO CHE HA STILATO IL PIANO SANITA&#8217;, IL PROFESSOR ANDREA CRISANTI FAMOSO PER I TRE GIRI DI TAMPONI A VO&#8217;, ROBERTO RIGOLI PRIMARIO DI MICROBIOLOGIA DEL CA&#8217; FONCELLO DI TREVISO INVENTORE DEL MIX DI TAMPONI CHE PERMETTE UN RISPARMIO DI TEMPO ED ECONOMICO. PER IL TERZO GIORNO A BELLUNO ZERO POSITIVI, IN AUMENTO I GUARITI, NESSUN NUOVO RICOVERO E IN CALO I SOGGETTI IN ISOLAMENTO DOMICILIARE. ANCHE A CORTINA IN CALO I POSITIVI (-2) E NELL&#8217;AGORDINO GOSALDO IL NUOVO COMUNE LIBERATO DAL VIRUS.<\/h3>\n<\/blockquote>\n<p><strong>di Mirko Mezzacasa<\/strong><\/p>\n<p><em> <img loading=\"lazy\" decoding=\"async\" class=\"alignleft\" src=\"https:\/\/www.radiopiu.net\/wordpress\/wp-content\/uploads\/2020\/05\/50934040-b382-42fb-b099-73d27cc9d479.jpg\" width=\"368\" height=\"184\" \/>&#8220;Non \u00e8 tempo di party e movide<\/em>&#8220;, parole del presidente del Consiglio Giuseppe Conte che seguono quelle del governatore Luca Zaia &#8220;<em>Se continua chiudiamo tutto con il silicone&#8221;.\u00a0<\/em>La crociata contro gli assembramenti\u00a0 spritz in mano e mascherina al collo era prevedibile, vietata la ressa davanti al bar non in Veneto, ma in tutta Italia, alle forze di Polizia impartito l&#8217;ordine di comminare salate sanzioni a chi viene colto in fallo, a giorni sar\u00e0 proposto uno spot gi\u00e0 definito &#8220;crudo&#8221; al pari di quello contro le stragi sulle strade. Ieri \u00e8 stato il giorno della svolta tamponi, presentata dal dottor Roberto Rigoli, la nuova modalit\u00e0 prevede di processare 10 tamponi in un colpo solo, una provetta per dieci test, se il risultato \u00e8 negativo il risparmio di tempo e denaro \u00e8 notevole (diviso dieci) in caso contrario inizia la ricerca tra le dieci persone testate per trovare quella positiva. Un sistema possibile in questo periodo per la bassa percentuale di infettati, sotto il 2 per mille ma se la curva dovesse risalire si torna all&#8217;esame provetta per provetta. La procedura per asintomatici viene testata in modo automatizzato all&#8217;ospedale di Treviso con un robot che assicura un margine di errore pari a zero. Al dottor Rigoli \u00e8 stato chiesto se il virus \u00e8 stato creato in laboratorio <em>&#8220;Non lo so, ha risposto, ma sarebbe un errore dal punto di vista scientifico non valutare tutte le ipotesi&#8221;<\/em>. Ci sono poi dei pazienti che non negativizzano come il caso di un paziente a Vo&#8217; che risulta positivo da mesi <em>&#8220;Stiamo ancora imparando e studiando &#8211; ha risposto Rigoli &#8211; forse \u00e8 un virus &#8220;morto&#8221; che non \u00e8 contagioso&#8221;.\u00a0<\/em>Entro il fine settimana arriveranno le nuove ordinanze regionali, da lunedi riapertura dei centri estivi, asili e musei, via libera anche ai parchi divertimenti e spettacoli viaggianti. <em>&#8220;La Conferenza delle regioni ha affidato al Veneto il coordinamento di questo dossier su scala nazionale &#8211; ha detto l&#8217;assessore Manuela Lanzarin &#8211;\u00a0 abbiamo gi\u00e0 condiviso il protocollo sanitario riservato ai bambini e ragazzi da 0 a 17 anni, la riapertura potrebbe avvenire luned\u00ec&#8221;.<\/em> Allo studio una circolare che esenta i commercianti dall&#8217;uso dei guanti costosi spesso introvabili e soprattutto scomodi,\u00a0 in alternativa il gel igienizzante.<\/p>\n<p><strong>NELLE ULTIME 24 ORE IN VENETO<\/strong> Nuovi casi di positivi 37\u00a0 (martedi 43) da inizio epidemia 19040\u00a0 (+ 37),\u00a0 attualmente positivi\u00a0 3506 (-130),\u00a0 negativizzati\/guariti 13698\u00a0 (+161\u00a0 )\u00a0 in isolamento domiciliare 3459\u00a0 (- 180 ) ricoverati 632\u00a0 (-1 ), in ospedale 525\u00a0 (+2 ) , ospedali di comunit\u00e0 107\u00a0 (-3), terapia intensiva 46\u00a0 (0 ,\u00a0 16 positivi, 30\u00a0 negativi),\u00a0 dimessi 3458\u00a0 (+110\u00a0 ) , decessi ospedale 1373\u00a0 (4 ) , totale decessi 1836 (+6 ) <strong>DA TRE GIORNI CONTAGI ZERO IN PROVINCIA MA ATTENZIONE<\/strong> al ritardo nella refertazione dei tamponi Covid-19, le cause: maggior numero di tamponi effettuati, carenza di reagenti e guasto tecnico alle apparecchiature dell\u2019Azienda Ospedaliera di Padova. Sono oltre 2000 (a ieri) i tamponi in attesa di essere processati.\u00a0<strong>NELLE ULTIME 24 ORE IN PROVINCIA DI BELLUNO<\/strong>\u00a0 \u00a0Casi positivi\u00a0 0 (martedi 0) dal 21 febbraio 1153\u00a0 (0 ), attualmente positivi 291\u00a0 (- 17), deceduti 105 (0),\u00a0 negativizzati\/guariti 757\u00a0 (+17 ), in isolamento domiciliare 522 (-54), ricoverati ospedale San Martino 8 ( 0) , terapia intensiva 0 (0) , ospedale di Comunit\u00e0 di Belluno 9 (0) Agordo 11\u00a0 ( +1 ).<\/p>\n<p>&nbsp;<\/p>\n<hr \/>\n<p>&nbsp;<\/p>\n<p>&nbsp;<\/p>\n<blockquote>\n<h2>RAGAZZA RUZZOLA IN UNA SCARPATA, GRAVE UNA 18ENNE TRASPORTATA A TREVISO<\/h2>\n<\/blockquote>\n<p><strong><a class=\"dt-pswp-item\" href=\"https:\/\/www.radiopiu.net\/wordpress\/wp-content\/uploads\/2019\/08\/IMG-20190820-WA0004.jpg\" data-dt-img-description=\"\" data-large_image_width=\"1368\" data-large_image_height=\"765\"><img loading=\"lazy\" decoding=\"async\" class=\" wp-image-96194 alignleft\" src=\"https:\/\/www.radiopiu.net\/wordpress\/wp-content\/uploads\/2019\/08\/IMG-20190820-WA0004-300x168.jpg\" alt=\"\" width=\"227\" height=\"127\" srcset=\"https:\/\/www.radiopiu.net\/wordpress\/wp-content\/uploads\/2019\/08\/IMG-20190820-WA0004-300x168.jpg 300w, https:\/\/www.radiopiu.net\/wordpress\/wp-content\/uploads\/2019\/08\/IMG-20190820-WA0004-768x429.jpg 768w, https:\/\/www.radiopiu.net\/wordpress\/wp-content\/uploads\/2019\/08\/IMG-20190820-WA0004-1024x573.jpg 1024w, https:\/\/www.radiopiu.net\/wordpress\/wp-content\/uploads\/2019\/08\/IMG-20190820-WA0004.jpg 1368w\" sizes=\"auto, (max-width: 227px) 100vw, 227px\" \/><\/a>VODO DI CADORE<\/strong>Nel pomeriggio di ieri Il Soccorso alpino di San Vito di Cadore \u00e8 stato allertato dalla centrale del 118, per una ragazza scivolata in una scarpata del lago di Vodo. La giovane, 18 anni di origine russe, residente a Milano ma da tempo a\u00a0 Vodo di Cadore, stava percorrendo la Strada Regia, \u00e8 ruzzolata per una sessantina di metri lungo il ripido pendio, fermandosi sotto un tronco a un paio di metri dal lago. Una squadra \u00e8 scesa assieme ai Vigili del fuoco dalla ragazza, gi\u00e0 raggiunta da un&#8217;altra persona, che ha iniziato a prestarle assistenza fino all&#8217;arrivo dell&#8217;eliambulanza del Suem di Pieve di Cadore. Sbarcati con un verricello di 60 metri tecnico di elisoccorso ed equipe sanitaria, l&#8217;infortunata, che presentava un probabile politrauma, \u00e8 stata medicata e imbarellata, per essere poi recuperata sempre con il verricello, e trasportata all&#8217;ospedale di Treviso.\u00a0 Per i rilievi di legge sono intervenuti i Carabinieri.<strong><br \/>\n<\/strong><\/p>\n<p>&nbsp;<\/p>\n<p>&nbsp;<\/p>\n<hr \/>\n<p>&nbsp;<\/p>\n<p>&nbsp;<\/p>\n<blockquote>\n<h3 class=\"entry-title\">INCIDENTE ALL\u2019ECOCENTRO DI SEDICO, IN PROGNOSI RISERVATA UN OPERAIO DI LONGARONE DIPENDENTE DI UNA DITTA ESTERNA, NON SAREBBE IN PERICOLO DI VITA.<\/h3>\n<\/blockquote>\n<p><strong class=\"photoswipe-wrapper\"><img loading=\"lazy\" decoding=\"async\" class=\"wp-image-139186 alignleft jetpack-lazy-image jetpack-lazy-image--handled\" src=\"https:\/\/i2.wp.com\/www.radiopiu.net\/wordpress\/wp-content\/uploads\/2020\/05\/f956d621-4b77-42cb-bbd5-315eb029bbf9.jpg?resize=142%2C102&amp;ssl=1\" sizes=\"auto, (max-width: 142px) 100vw, 142px\" srcset=\"https:\/\/i2.wp.com\/www.radiopiu.net\/wordpress\/wp-content\/uploads\/2020\/05\/f956d621-4b77-42cb-bbd5-315eb029bbf9.jpg?resize=300%2C215&amp;ssl=1 300w, https:\/\/i2.wp.com\/www.radiopiu.net\/wordpress\/wp-content\/uploads\/2020\/05\/f956d621-4b77-42cb-bbd5-315eb029bbf9.jpg?w=689&amp;ssl=1 689w\" alt=\"\" width=\"142\" height=\"102\" data-recalc-dims=\"1\" data-lazy-loaded=\"1\" \/>SEDICO<\/strong> Incidente all\u2019Econcentro, coinvolto un uomo T.D, 63 anni di Longarone,\u00a0 mentre stava scaricando del cartone dal camion \u00e8 caduto dalla pedana, da un\u2019altezza di un metro e mezzo e\u00a0 ha sbattuto violentemente il capo. Subito soccorso dai sanitari intervenuti con ambulanza ed elicottero \u00e8 stato trasportato all\u2019ospedale San Martino di Belluno dove gli \u00e8 stato diagnosticato un trauma cranico commotivo, emorragia celebrale, frattura del collo e di alcune costole, \u00e8 in prognosi riservata. L\u2019uomo non \u00e8 uno degli addetti all\u2019area di stoccaggio dei rifiuti, piuttosto dipendente di una ditta esterna di Sedico. Sul posto per i rilievi di Carabinieri di Sedico.<\/p>\n<p>&nbsp;<\/p>\n<p>&nbsp;<\/p>\n<hr \/>\n<p>&nbsp;<\/p>\n<blockquote>\n<h3>DAL PENDIO IL SASSO SULLA 346 DEL SAN PELLEGRINO, COLPITA L&#8217;AUDI<\/h3>\n<\/blockquote>\n<p><strong><img decoding=\"async\" src=\"https:\/\/www.radiopiu.net\/wordpress\/wp-content\/uploads\/2019\/11\/debd4d11-f772-465a-911e-5f571619620d.jpg\" \/>CANALE D&#8217;AGORDO<\/strong> Martedi sera da brivido per una donna a bordo di un auto in transito da Cencenighe verso Falcade dopo l&#8217;abitato di Canale d&#8217;Agordo. La donna non ha fatto ricorso alle cure sanitarie se l&#8217;\u00e8 cavata con una bella dose di spavento. Sono intervenuti i vigili del fuoco di Agordo che hanno rimesso in sicurezza la provinciale ed hanno anche provveduto a verificare le condizioni della scarpata. Pochi giorni fa un episodio simile lungo la regionale 203 agordina alle porte di Agordo, succedeva anche prima di Vaia, ma dopo il cataclisma 2018 le cose sono peggiorate e con le piogge battenti la caduta sassi \u00e8 spesso inevitabile. A monte della provinciale non sono state segnalate\u00a0 ulteriori situazioni di instabilit\u00e0 al momento dell\u2019intervento anche per questo la strada \u00e8 rimasta aperta. Sopra la provinciale c&#8217;\u00e8 sempre una strada chiusa per frana, si tratta del collegamento principale con la frazione di Carfon.\u00a0<em> (foto archivio Radio Pi\u00f9, la frana per Carfon sopra la provinciale 347),<\/em><\/p>\n<p>&nbsp;<\/p>\n<p>&nbsp;<\/p>\n<hr \/>\n<blockquote>\n<h3><\/h3>\n<h3>IL SINDACO DI GOSALDO ANNUNCIA: CI SIAMO LIBERATI DEL COVID19<\/h3>\n<\/blockquote>\n<p><strong><a class=\"dt-pswp-item\" href=\"https:\/\/www.radiopiu.net\/wordpress\/wp-content\/uploads\/2020\/05\/60095837-fcbe-4fea-b817-3709848cc222.jpg\" data-dt-img-description=\"\" data-large_image_width=\"1536\" data-large_image_height=\"2048\"><img loading=\"lazy\" decoding=\"async\" class=\"size-medium wp-image-139203 alignleft\" src=\"https:\/\/www.radiopiu.net\/wordpress\/wp-content\/uploads\/2020\/05\/60095837-fcbe-4fea-b817-3709848cc222-225x300.jpg\" alt=\"\" width=\"225\" height=\"300\" srcset=\"https:\/\/www.radiopiu.net\/wordpress\/wp-content\/uploads\/2020\/05\/60095837-fcbe-4fea-b817-3709848cc222-225x300.jpg 225w, https:\/\/www.radiopiu.net\/wordpress\/wp-content\/uploads\/2020\/05\/60095837-fcbe-4fea-b817-3709848cc222-768x1024.jpg 768w, https:\/\/www.radiopiu.net\/wordpress\/wp-content\/uploads\/2020\/05\/60095837-fcbe-4fea-b817-3709848cc222-1152x1536.jpg 1152w, https:\/\/www.radiopiu.net\/wordpress\/wp-content\/uploads\/2020\/05\/60095837-fcbe-4fea-b817-3709848cc222.jpg 1536w\" sizes=\"auto, (max-width: 225px) 100vw, 225px\" \/><\/a>GOSALDO <\/strong>Anche Gosaldo \u00e8 oramai libero da Covid-19. Per questo motivo l&#8217;amministrazione comunale ha deciso di acquistare un quantitativo di mascherine di modo che questa immunit\u00e0 possa proseguire per tutta l&#8217;estate in attesa che il contagio del virus si attenui e che si possa arrivare ad avere un vaccino. Le mascherine acquistate sono di una ditta bellunese, hanno la possibilit\u00e0 di essere lavate tante volte: a 90\u00b0 fino a 20 volte, a 60\u00b0 fino a 40 volte. Le mascherine sono individuali una per ogni abitante e chi ne avesse ulteriore necessit\u00e0 pu\u00f2 rivolgersi agli uffici comunali. Sono state recapitate a domicilio nella zona di Gosaldo dai VVFF Volontari di Gosaldo e nella zona di Tiser da un volontario residente che fa parte delle Giacche Verdi, a questi due sodalizi va il ringraziamento dell&#8217;amministrazione comunale e a tutti i concittadini l&#8217;invito ad adoperarle per evitare un eventuale contagio con l&#8217;augurio di uscire presto da questa terribile pandemia.<\/p>\n<p><strong>IL SINDACO DI GOSALDO GIOCONDO DALLE FESTE<\/strong><\/p>\n<audio class=\"wp-audio-shortcode\" id=\"audio-139052-1\" preload=\"none\" style=\"width: 100%;\" controls=\"controls\"><source type=\"audio\/mpeg\" src=\"https:\/\/www.radiopiu.net\/wordpress\/wp-content\/uploads\/2020\/05\/GIOCONDO-COVID.mp3?_=1\" \/><a href=\"https:\/\/www.radiopiu.net\/wordpress\/wp-content\/uploads\/2020\/05\/GIOCONDO-COVID.mp3\">https:\/\/www.radiopiu.net\/wordpress\/wp-content\/uploads\/2020\/05\/GIOCONDO-COVID.mp3<\/a><\/audio>\n<p>&nbsp;<\/p>\n<hr \/>\n<p>&nbsp;<\/p>\n<h2>NUOVO PICK UP PER I POMPIERI DI CAPRILE, CON IL CONTRIBUTO DI TANTI<\/h2>\n<h3><strong><a class=\"dt-pswp-item\" href=\"https:\/\/www.radiopiu.net\/wordpress\/wp-content\/uploads\/2020\/05\/97270440_908533822908033_7577799886268006400_n.jpg\" data-dt-img-description=\"\" data-large_image_width=\"720\" data-large_image_height=\"960\"><img loading=\"lazy\" decoding=\"async\" class=\"size-medium wp-image-139281 alignleft\" src=\"https:\/\/www.radiopiu.net\/wordpress\/wp-content\/uploads\/2020\/05\/97270440_908533822908033_7577799886268006400_n-225x300.jpg\" alt=\"\" width=\"225\" height=\"300\" srcset=\"https:\/\/www.radiopiu.net\/wordpress\/wp-content\/uploads\/2020\/05\/97270440_908533822908033_7577799886268006400_n-225x300.jpg 225w, https:\/\/www.radiopiu.net\/wordpress\/wp-content\/uploads\/2020\/05\/97270440_908533822908033_7577799886268006400_n.jpg 720w\" sizes=\"auto, (max-width: 225px) 100vw, 225px\" \/><\/a>ALLEGHE<\/strong> L&#8217;azienda Baggio e de Sordi\u00a0 sta ultimando l&#8217;allestimento e le modifiche al\u00a0 pick up dei vigili del fuoco volontari di Caprile, sar\u00e0 pronto per il servizio tra poche settimane. Il mezzo \u00e8 stato acquistato grazie al contributo dei comuni di Rocca Pietore e Alleghe ma anche grazie al sostegno della popolazione con l&#8217;acquisto dei biglietti della lotteria, dei calendari e di tante donazioni private. Il territorio sta dimostrando di credere nel progetto. &#8220;Grazie al vostro sostegno &#8211; dicono di volontari &#8211;\u00a0 stiamo costantemente aggiornando la nostra attrezzatura e le nostre capacit\u00e0 operative&#8221;.<\/h3>\n<p>&nbsp;<\/p>\n<p>&nbsp;<\/p>\n<p>&nbsp;<\/p>\n<p>&nbsp;<\/p>\n<p>&nbsp;<\/p>\n<p>&nbsp;<\/p>\n<p>&nbsp;<\/p>\n<hr \/>\n<p>&nbsp;<\/p>\n<p>&nbsp;<\/p>\n<blockquote>\n<h3>IL MUSEO PER MEDICI E OPERATORI SANITARI<\/h3>\n<\/blockquote>\n<p><strong><a class=\"dt-pswp-item\" href=\"https:\/\/www.radiopiu.net\/wordpress\/wp-content\/uploads\/2015\/07\/Chiesa-Canale.jpg\" data-dt-img-description=\"\" data-large_image_width=\"336\" data-large_image_height=\"423\"><img loading=\"lazy\" decoding=\"async\" class=\" wp-image-8420 alignleft\" src=\"https:\/\/www.radiopiu.net\/wordpress\/wp-content\/uploads\/2015\/07\/Chiesa-Canale-238x300.jpg\" alt=\"\" width=\"105\" height=\"132\" \/><\/a>CANALE D&#8217;AGORDO<\/strong> La Fondazione Papa Luciani Onlus fin dallo scorso 9 aprile ha scritto alla Direzione<br \/>\nMedica Generale dell\u2019ospedale di Belluno per offrire come segno di ringraziamento ai medici e agli operatori sanitari italiani ed esteri che stanno gestendo l\u2019emergenza Covid19, la possibilit\u00e0 di visitare gratuitamente il Museo Albino Luciani dopo dalla sua riapertura estiva per tutto l\u2019anno 2020. Baster\u00e0 presentare alla reception del Museo un cartellino di riconoscimento o il proprio documento di identit\u00e0 per poter avere libero accesso.<\/p>\n<p>&nbsp;<\/p>\n<p>&nbsp;<\/p>\n<hr \/>\n<p>&nbsp;<\/p>\n<p>&nbsp;<\/p>\n<p>&nbsp;<\/p>\n<p>&nbsp;<\/p>\n<blockquote class=\"wp-embedded-content\" data-secret=\"REhOARrrZf\"><p><a href=\"https:\/\/www.radiopiu.net\/wordpress\/coronavirus-aggiornamento-nazionale-20-maggio\/\">CORONAVIRUS: AGGIORNAMENTO NAZIONALE 20 MAGGIO<\/a><\/p><\/blockquote>\n<p><iframe loading=\"lazy\" title=\"&#8220;CORONAVIRUS: AGGIORNAMENTO NAZIONALE 20 MAGGIO&#8221; &#8212; Radio Pi\u00f9\" class=\"wp-embedded-content\" sandbox=\"allow-scripts\" security=\"restricted\" style=\"position: absolute; clip: rect(1px, 1px, 1px, 1px);\" src=\"https:\/\/www.radiopiu.net\/wordpress\/coronavirus-aggiornamento-nazionale-20-maggio\/embed\/#?secret=REhOARrrZf\" data-secret=\"REhOARrrZf\" width=\"600\" height=\"338\" frameborder=\"0\" marginwidth=\"0\" marginheight=\"0\" scrolling=\"no\"><\/iframe><\/p>\n<p>&nbsp;<\/p>\n<hr \/>\n<p>&nbsp;<\/p>\n<blockquote class=\"wp-embedded-content\" data-secret=\"oi2o3Tl31F\"><p><a href=\"https:\/\/www.radiopiu.net\/wordpress\/mer20\/\">6 DECESSI NELLE 24 ORE, 4 IN OSPEDALE, 37 I POSITIVI &#8211;  BOLLETTINO DELLE 17 &#8211; DA TRE GIORNI CONTAGI ZERO IN PROVINCIA DI BELLUNO MA ANCHE PER I RITARDI NELLA REFERTAZIONE<\/a><\/p><\/blockquote>\n<p><iframe loading=\"lazy\" title=\"&#8220;6 DECESSI NELLE 24 ORE, 4 IN OSPEDALE, 37 I POSITIVI &#8211;  BOLLETTINO DELLE 17 &#8211; DA TRE GIORNI CONTAGI ZERO IN PROVINCIA DI BELLUNO MA ANCHE PER I RITARDI NELLA REFERTAZIONE&#8221; &#8212; Radio Pi\u00f9\" class=\"wp-embedded-content\" sandbox=\"allow-scripts\" security=\"restricted\" style=\"position: absolute; clip: rect(1px, 1px, 1px, 1px);\" src=\"https:\/\/www.radiopiu.net\/wordpress\/mer20\/embed\/#?secret=oi2o3Tl31F\" data-secret=\"oi2o3Tl31F\" width=\"600\" height=\"338\" frameborder=\"0\" marginwidth=\"0\" marginheight=\"0\" scrolling=\"no\"><\/iframe><\/p>\n<p>&nbsp;<\/p>\n<hr \/>\n<p>&nbsp;<\/p>\n<blockquote class=\"wp-embedded-content\" data-secret=\"cGC7bbguS0\"><p><a href=\"https:\/\/www.radiopiu.net\/wordpress\/aggiornamento-assessorato-protezione-civile-20-maggio-2020\/\">AGGIORNAMENTO ASSESSORATO PROTEZIONE CIVILE 20 MAGGIO 2020<\/a><\/p><\/blockquote>\n<p><iframe loading=\"lazy\" title=\"&#8220;AGGIORNAMENTO ASSESSORATO PROTEZIONE CIVILE 20 MAGGIO 2020&#8221; &#8212; Radio Pi\u00f9\" class=\"wp-embedded-content\" sandbox=\"allow-scripts\" security=\"restricted\" style=\"position: absolute; clip: rect(1px, 1px, 1px, 1px);\" src=\"https:\/\/www.radiopiu.net\/wordpress\/aggiornamento-assessorato-protezione-civile-20-maggio-2020\/embed\/#?secret=cGC7bbguS0\" data-secret=\"cGC7bbguS0\" width=\"600\" height=\"338\" frameborder=\"0\" marginwidth=\"0\" marginheight=\"0\" scrolling=\"no\"><\/iframe><\/p>\n<p>&nbsp;<\/p>\n<h3>L&#8217;INTERVENTO DELL&#8217;ASSESSORE REGIONALE GIANPAOLO BOTTACIN A RADIOP PIU&#8217;<\/h3>\n<audio class=\"wp-audio-shortcode\" id=\"audio-139052-2\" preload=\"none\" style=\"width: 100%;\" controls=\"controls\"><source type=\"audio\/mpeg\" src=\"https:\/\/www.radiopiu.net\/wordpress\/wp-content\/uploads\/2020\/05\/BOTTACIN-20-MAGGIO.mp3?_=2\" \/><a href=\"https:\/\/www.radiopiu.net\/wordpress\/wp-content\/uploads\/2020\/05\/BOTTACIN-20-MAGGIO.mp3\">https:\/\/www.radiopiu.net\/wordpress\/wp-content\/uploads\/2020\/05\/BOTTACIN-20-MAGGIO.mp3<\/a><\/audio>\n<p>&nbsp;<\/p>\n<hr \/>\n<p>&nbsp;<\/p>\n<blockquote>\n<h3>DATI E GRAFICI DEL GIORNO, PROVINCIA \u2013 REGIONE 20 MAGGIO 2020<\/h3>\n<\/blockquote>\n<p><strong>Con la collaborazione di Tiziano De Col<\/strong><\/p>\n<p><a class=\"dt-pswp-item\" href=\"https:\/\/www.radiopiu.net\/wordpress\/wp-content\/uploads\/2020\/05\/Schermata-2020-05-20-alle-21.29.24.png\" data-dt-img-description=\"\" data-large_image_width=\"802\" data-large_image_height=\"444\"><img loading=\"lazy\" decoding=\"async\" class=\"alignnone size-medium wp-image-139258\" src=\"https:\/\/www.radiopiu.net\/wordpress\/wp-content\/uploads\/2020\/05\/Schermata-2020-05-20-alle-21.29.24-300x166.png\" alt=\"\" width=\"300\" height=\"166\" srcset=\"https:\/\/www.radiopiu.net\/wordpress\/wp-content\/uploads\/2020\/05\/Schermata-2020-05-20-alle-21.29.24-300x166.png 300w, https:\/\/www.radiopiu.net\/wordpress\/wp-content\/uploads\/2020\/05\/Schermata-2020-05-20-alle-21.29.24-768x425.png 768w, https:\/\/www.radiopiu.net\/wordpress\/wp-content\/uploads\/2020\/05\/Schermata-2020-05-20-alle-21.29.24.png 802w\" sizes=\"auto, (max-width: 300px) 100vw, 300px\" \/><\/a><a class=\"dt-pswp-item\" href=\"https:\/\/www.radiopiu.net\/wordpress\/wp-content\/uploads\/2020\/05\/6c83249e-5ad2-48fc-89b5-da21e5894b1e.jpg\" data-dt-img-description=\"\" data-large_image_width=\"602\" data-large_image_height=\"351\"><img loading=\"lazy\" decoding=\"async\" class=\"alignnone size-medium wp-image-139259\" src=\"https:\/\/www.radiopiu.net\/wordpress\/wp-content\/uploads\/2020\/05\/6c83249e-5ad2-48fc-89b5-da21e5894b1e-300x175.jpg\" alt=\"\" width=\"300\" height=\"175\" srcset=\"https:\/\/www.radiopiu.net\/wordpress\/wp-content\/uploads\/2020\/05\/6c83249e-5ad2-48fc-89b5-da21e5894b1e-300x175.jpg 300w, https:\/\/www.radiopiu.net\/wordpress\/wp-content\/uploads\/2020\/05\/6c83249e-5ad2-48fc-89b5-da21e5894b1e.jpg 602w\" sizes=\"auto, (max-width: 300px) 100vw, 300px\" \/><\/a><a class=\"dt-pswp-item\" href=\"https:\/\/www.radiopiu.net\/wordpress\/wp-content\/uploads\/2020\/05\/e47ec1fd-20aa-4958-b60d-cbeb08ce7f8d.jpg\" data-dt-img-description=\"\" data-large_image_width=\"586\" data-large_image_height=\"351\"><img loading=\"lazy\" decoding=\"async\" class=\"alignnone size-medium wp-image-139260\" src=\"https:\/\/www.radiopiu.net\/wordpress\/wp-content\/uploads\/2020\/05\/e47ec1fd-20aa-4958-b60d-cbeb08ce7f8d-300x180.jpg\" alt=\"\" width=\"300\" height=\"180\" srcset=\"https:\/\/www.radiopiu.net\/wordpress\/wp-content\/uploads\/2020\/05\/e47ec1fd-20aa-4958-b60d-cbeb08ce7f8d-300x180.jpg 300w, https:\/\/www.radiopiu.net\/wordpress\/wp-content\/uploads\/2020\/05\/e47ec1fd-20aa-4958-b60d-cbeb08ce7f8d.jpg 586w\" sizes=\"auto, (max-width: 300px) 100vw, 300px\" \/><\/a><\/p>\n<p>&nbsp;<\/p>\n<p>&nbsp;<\/p>\n<hr \/>\n<p>&nbsp;<\/p>\n<blockquote>\n<h2>LEGGI LA CONFERENZA STAMPA DI LUCA ZAIA<\/h2>\n<\/blockquote>\n<p>Stiamo partendo con uno spot molto duro e sar\u00f2 contestato come per quello delle stragi sulle strade, ma \u00e8 per salvare la vita ai veneti.\u00a0 Donatori 38.211 per 57,5 milioni di donazioni. Un&#8217;azienda vinicola Centelan di ha dato 600 bottiglie per i medici e il comparto sanitario. Bauli ha dato 100 bancali di dolci. Evitate gli assembramenti e usate la mascherina fino al 2 giugno, continuo a ricevere video e foto di cittadini arrabbiati. <strong>NON SI TROVANO I GUANTI<\/strong> Nell&#8217;ordinanza non si impone l&#8217;obbligo dei guanti ma igienizzazione delle mani. I guanti sono un problema faremo un&#8217;ordinanza gi\u00e0 oggi pomeriggio per puntare sull&#8217;ingienizzazione.<\/p>\n<p>&nbsp;<\/p>\n<h2>LA NOVITA&#8217;<\/h2>\n<p><strong>pu\u00f2 essere utilizzata solo con basse percentuali di positivi.<\/strong><\/p>\n<p><strong>SE FACCIAMO 12MILA TAMPONI ABBIAMO 12 MILA PROVETTE E ALTRETTANTE PROCESSAZIONI E PROCEDURE. SE NOI PRENDIAMO 10 TAMPONI E INVECE DI ANALIZZARLI UNO AD UNO METTIAMO UN PO&#8217; DI LIQUIDO IN OGNUNO IN UNA SOLA PROVETTA, FACCIAMO NON 10 ANALISI SINGOLE (DA 18 EURO L&#8217;UNA). FACCIAMO QUINDI L&#8217;ANALISI DELLA PROVETTA, SE DA LA POSITIVITA&#8217; NE FACCIAMO UNA ALLA VOLTA. L&#8217;INCIDENZA DEL CONTAGIO E&#8217; SOTTO IL 2 PER MILLE QUINDI SE TROVIAMO IL VIRUS POI PASSIAMO ALL&#8217;ESAME SINGOLO. IL MARGINE DI ERRORE E&#8217; PARI A ZERO: 10 ESAMI CON UNO E LO STIAMO SPERIMENTANDO DA 10 GIORNI. INIZIA DA QUI LA NUOVA ERA POOL. E&#8217; IDEALE PERCHE&#8217; LE STRUMENTAZIONI NON SONO TARATE PER LAVORARE 7 GIORNI SU 7 24 ORE SU 24 ORE. UN SISTEMA CHE SI USA PER GLI ASINTOMATICI, INUTILE PER TUTTI GLI ALTRI.\u00a0\u00a0<\/strong><\/p>\n<blockquote>\n<h2><\/h2>\n<h2><strong>DOTTOR ROBERTO RIGOLI<\/strong><\/h2>\n<\/blockquote>\n<p>E&#8217; frutto del lavoro di tutte le microbiologie del Veneto, sono aumentati i tamponi. Il sistema funziona lo abbiamo testato, a Treviso stanno sperimentando il prototipo di una procedura automatizzata con la provetta pool. Abbiamo tracciabilit\u00e0 e controllo di tutto. Sar\u00e0 aumentata la produttivit\u00e0. Una cosa semplice e gi\u00e0 validata. A Treviso si sta sperimendando il sistema informativo con il robottino, \u00e8 una procedura a basso costo. Tutto qua<\/p>\n<p><strong>IL NUOVO SISTEMA<\/strong> Abbiamo preso una provetta contenente un certo numero di campioni dove abbiamo inserito pazienti a bassa carica di virus per capire se emergesse la positivit\u00e0: funziona. Noi lavoriamo su pool di 10, siamo partiti da 5,\u00a0 ma su una rivista famosa \u00e8 stata pubblicata una ricerca da 30 pool con un risparmio molto alto visto che un test costa 18 euro, un pool di 10 costa 1,8.<\/p>\n<p><strong>IL SISTEMA SMALTISCE IL NUMERO DI TAMPONI IN PARCHEGGIO?<\/strong> Questo sistema lo usiamo ora e sar\u00e0 abbandonato dovesse ripartire la curva. Ci stiamo preparando per un&#8217;eventuale ripresa.<\/p>\n<p><strong>PERCHE&#8217; CI SONO PAZIENTI CHE NON SI NEGATIVIZZANO VELOCEMENTE?<\/strong> E&#8217; un tema delicato, con questo virus stiamo ancora imparando. Si sta ipotizzando che alcuni pazienti positivi anche per 30-40 giorni dove rileviamo solo un gene dei 3 che cerchiamo si fa l&#8217;ipotesi che sia un virus non vivo. Quel paziente potrebbe non essere infettivo, ci sono degli studi in corso per capire l&#8217;infettivit\u00e0 reale del paziente.<\/p>\n<p><strong>L&#8217;IRA DEL PRESIDENTE ZAIA PER LA MOVIDA CHE DICE LEI CHE E&#8217; IN TRINCEA?\u00a0<\/strong>In realt\u00e0 quello che \u00e8 successo in questi mesi \u00e8 stato un terremoto per tutti noi che ha finito di far tremare la terra la scorsa settimana. Per noi non solo continua ma \u00e8 aumentato. Quindi stiamo lavorando giorno e notte dopo aver preso l&#8217;estintore per spegnere il fuoco. Stiamo facendo una fatica incredibile. Vorremmo che i nostri cittadini stessero assieme a noi. Siamo sfiniti e vorremmo una certa attenzione e solidariet\u00e0 nei nostri confronti. Solidariet\u00e0 di poter portare aventi il lavoro, non vogliamo applausi ma venire fuori da questa storia con gli strumenti funzionanti. Abbiamo paura della ripresa che ci metterebbe in diffitolt\u00e0. Ho vissuto questa tragedia a 360gradi imparando male, noi medici, virologi quando arriva un virus no abbiamo imparato a dire &#8220;non lo so&#8221; devo studiare. L&#8217;Italia ha lavorato molto mettendo tutto a disposizione. Dobbiamo imparare ad essere umili.<\/p>\n<p><strong>C&#8217;E&#8217; LA MANO DELL&#8217;UOMO PER QUESTO VIRUS?<\/strong> Non lo so. Lascio aperto a tutte le possibilit\u00e0 sarebbe un errore chiudere a qualsiasi ipotesi.<\/p>\n<p>&nbsp;<\/p>\n<p>https:\/\/www.facebook.com\/zaiaufficiale\/videos\/241084190543631<\/p>\n<p>&nbsp;<\/p>\n<p>&nbsp;<\/p>\n<p>&nbsp;<\/p>\n<hr \/>\n<p>&nbsp;<\/p>\n<blockquote>\n<h3>CENTRI ESTIVI, USCA, NUOVE ASSUNZIONI E TURISMO: PARLANO GLI ASSESSORI<\/h3>\n<\/blockquote>\n<h2><a class=\"dt-pswp-item\" href=\"https:\/\/www.radiopiu.net\/wordpress\/wp-content\/uploads\/2020\/05\/WhatsApp-Image-2020-05-20-at-14.07.19.jpeg\" data-dt-img-description=\"\" data-large_image_width=\"1600\" data-large_image_height=\"1600\"><img loading=\"lazy\" decoding=\"async\" class=\" wp-image-139114 alignleft\" src=\"https:\/\/www.radiopiu.net\/wordpress\/wp-content\/uploads\/2020\/05\/WhatsApp-Image-2020-05-20-at-14.07.19-300x300.jpeg\" alt=\"\" width=\"118\" height=\"118\" srcset=\"https:\/\/www.radiopiu.net\/wordpress\/wp-content\/uploads\/2020\/05\/WhatsApp-Image-2020-05-20-at-14.07.19-300x300.jpeg 300w, https:\/\/www.radiopiu.net\/wordpress\/wp-content\/uploads\/2020\/05\/WhatsApp-Image-2020-05-20-at-14.07.19-1024x1024.jpeg 1024w, https:\/\/www.radiopiu.net\/wordpress\/wp-content\/uploads\/2020\/05\/WhatsApp-Image-2020-05-20-at-14.07.19-150x150.jpeg 150w, https:\/\/www.radiopiu.net\/wordpress\/wp-content\/uploads\/2020\/05\/WhatsApp-Image-2020-05-20-at-14.07.19-768x768.jpeg 768w, https:\/\/www.radiopiu.net\/wordpress\/wp-content\/uploads\/2020\/05\/WhatsApp-Image-2020-05-20-at-14.07.19-1536x1536.jpeg 1536w, https:\/\/www.radiopiu.net\/wordpress\/wp-content\/uploads\/2020\/05\/WhatsApp-Image-2020-05-20-at-14.07.19.jpeg 1600w\" sizes=\"auto, (max-width: 118px) 100vw, 118px\" \/><\/a>MANUELA LANZARIN assessore sanit\u00e0<\/h2>\n<p><strong>LUNEDI LA DATA BUONA PER LA PARTENZA DEI CENTRI ESTIVI?<\/strong> Sembrerebbe di si, l&#8217;assessore promette un&#8217;ordinanza entro il fine settimana.<\/p>\n<audio class=\"wp-audio-shortcode\" id=\"audio-139052-3\" preload=\"none\" style=\"width: 100%;\" controls=\"controls\"><source type=\"audio\/mpeg\" src=\"https:\/\/www.radiopiu.net\/wordpress\/wp-content\/uploads\/2020\/05\/LANZARIN-CENTRI.mp3?_=3\" \/><a href=\"https:\/\/www.radiopiu.net\/wordpress\/wp-content\/uploads\/2020\/05\/LANZARIN-CENTRI.mp3\">https:\/\/www.radiopiu.net\/wordpress\/wp-content\/uploads\/2020\/05\/LANZARIN-CENTRI.mp3<\/a><\/audio>\n<p>&nbsp;<\/p>\n<p><strong>BANDO PER LE FORMAZIONI DELL&#8217;USCA, HANNO RISPOSTO OLTRE 500 PERSONE, COSTITUITE 51 USCA.<\/strong><\/p>\n<audio class=\"wp-audio-shortcode\" id=\"audio-139052-4\" preload=\"none\" style=\"width: 100%;\" controls=\"controls\"><source type=\"audio\/mpeg\" src=\"https:\/\/www.radiopiu.net\/wordpress\/wp-content\/uploads\/2020\/05\/LANZARIN-USCA.mp3?_=4\" \/><a href=\"https:\/\/www.radiopiu.net\/wordpress\/wp-content\/uploads\/2020\/05\/LANZARIN-USCA.mp3\">https:\/\/www.radiopiu.net\/wordpress\/wp-content\/uploads\/2020\/05\/LANZARIN-USCA.mp3<\/a><\/audio>\n<p>&nbsp;<\/p>\n<p><strong>NUOVE ASSUNZIONI<\/strong> Pensiamo agli infermieri di comunit\u00e0 e di famiglia, la difficolt\u00e0 rimane quella di recuperare il personale.<\/p>\n<audio class=\"wp-audio-shortcode\" id=\"audio-139052-5\" preload=\"none\" style=\"width: 100%;\" controls=\"controls\"><source type=\"audio\/mpeg\" src=\"https:\/\/www.radiopiu.net\/wordpress\/wp-content\/uploads\/2020\/05\/LANZARIN-ASSUNZIONI.mp3?_=5\" \/><a href=\"https:\/\/www.radiopiu.net\/wordpress\/wp-content\/uploads\/2020\/05\/LANZARIN-ASSUNZIONI.mp3\">https:\/\/www.radiopiu.net\/wordpress\/wp-content\/uploads\/2020\/05\/LANZARIN-ASSUNZIONI.mp3<\/a><\/audio>\n<p>&nbsp;<\/p>\n<p>&nbsp;<\/p>\n<h2>GIANPAOLO BOTTACIN assessore protezione civile<\/h2>\n<p><strong>ORDINANZA PER LE GUIDE TURISTICHE E PER IL TURISMO<\/strong><\/p>\n<audio class=\"wp-audio-shortcode\" id=\"audio-139052-6\" preload=\"none\" style=\"width: 100%;\" controls=\"controls\"><source type=\"audio\/mpeg\" src=\"https:\/\/www.radiopiu.net\/wordpress\/wp-content\/uploads\/2020\/05\/BOTTA-TURISMO.mp3?_=6\" \/><a href=\"https:\/\/www.radiopiu.net\/wordpress\/wp-content\/uploads\/2020\/05\/BOTTA-TURISMO.mp3\">https:\/\/www.radiopiu.net\/wordpress\/wp-content\/uploads\/2020\/05\/BOTTA-TURISMO.mp3<\/a><\/audio>\n<p>&nbsp;<\/p>\n<p><strong>COSA DICE IL FAMOSO MODELLO PIU&#8217; VOLTE CITATO AD ESEMPIO?<\/strong><\/p>\n<audio class=\"wp-audio-shortcode\" id=\"audio-139052-7\" preload=\"none\" style=\"width: 100%;\" controls=\"controls\"><source type=\"audio\/mpeg\" src=\"https:\/\/www.radiopiu.net\/wordpress\/wp-content\/uploads\/2020\/05\/BOTTA-MODELLO.mp3?_=7\" \/><a href=\"https:\/\/www.radiopiu.net\/wordpress\/wp-content\/uploads\/2020\/05\/BOTTA-MODELLO.mp3\">https:\/\/www.radiopiu.net\/wordpress\/wp-content\/uploads\/2020\/05\/BOTTA-MODELLO.mp3<\/a><\/audio>\n<p>&nbsp;<\/p>\n<hr \/>\n<p>&nbsp;<\/p>\n<blockquote>\n<h3>&#8220;DE COCCIO&#8221;: MARTEDI&#8217; UNA SOLA SANZIONE<\/h3>\n<\/blockquote>\n<p><strong>BELLUNO<\/strong> Continuano i controlli da parte delle Forze dell&#8217;Ordine sul contenimento della diffusione del Covid-19. Nella giornata di marted\u00ec una sola sanzione dopo 515 persone controllate. Nei primi 2 giorni della settimana sono 875 le persone controllate e 8 le contravvenzioni totali. Continuano anche controlli delle attivit\u00e0 commerciali. Nessuna sanzione o chiusura dopo 485 esercizi controllati.<\/p>\n<a href=\"https:\/\/www.radiopiu.net\/wordpress\/wp-content\/uploads\/2020\/05\/MONITORAGGIO_GIORNALIERO_DEI_SERVIZI_DI_CONTROLLO_DEL_19.05.2020.pdf\" class=\"pdfemb-viewer\" style=\"\" data-width=\"max\" data-height=\"max\" data-toolbar=\"top\" data-toolbar-fixed=\"on\">MONITORAGGIO_GIORNALIERO_DEI_SERVIZI_DI_CONTROLLO_DEL_19.05.2020<\/a>\n<p>&nbsp;<\/p>\n<p>&nbsp;<\/p>\n<hr \/>\n<p>&nbsp;<\/p>\n<blockquote>\n<h3>FASE 2: DONAZZAN SU CIRCOLARE INAIL SU RISCHIO CONTAGI NEI LUOGHI DI LAVORO, \u201cPLAUSO AL BUON SENSO\u201d<\/h3>\n<\/blockquote>\n<p><strong><a class=\"dt-pswp-item\" href=\"https:\/\/www.radiopiu.net\/wordpress\/wp-content\/uploads\/2020\/04\/DONAZZAN-1.jpg\" data-dt-img-description=\"\" data-large_image_width=\"2048\" data-large_image_height=\"2048\"><img loading=\"lazy\" decoding=\"async\" class=\"size-medium wp-image-133654 alignleft\" src=\"https:\/\/www.radiopiu.net\/wordpress\/wp-content\/uploads\/2020\/04\/DONAZZAN-1-300x300.jpg\" alt=\"\" width=\"300\" height=\"300\" srcset=\"https:\/\/www.radiopiu.net\/wordpress\/wp-content\/uploads\/2020\/04\/DONAZZAN-1-300x300.jpg 300w, https:\/\/www.radiopiu.net\/wordpress\/wp-content\/uploads\/2020\/04\/DONAZZAN-1-1024x1024.jpg 1024w, https:\/\/www.radiopiu.net\/wordpress\/wp-content\/uploads\/2020\/04\/DONAZZAN-1-150x150.jpg 150w, https:\/\/www.radiopiu.net\/wordpress\/wp-content\/uploads\/2020\/04\/DONAZZAN-1-768x768.jpg 768w, https:\/\/www.radiopiu.net\/wordpress\/wp-content\/uploads\/2020\/04\/DONAZZAN-1-1536x1536.jpg 1536w, https:\/\/www.radiopiu.net\/wordpress\/wp-content\/uploads\/2020\/04\/DONAZZAN-1.jpg 2048w\" sizes=\"auto, (max-width: 300px) 100vw, 300px\" \/><\/a>VENEZIA\u00a0<\/strong>\u201c<em>Plauso al buonsenso. Ancora si d\u00e0 troppa responsabilit\u00e0 ai datori di lavoro ma almeno si \u00e8 superata quella aberrazione giuridica che era rappresentata dalla responsabilit\u00e0 penale e civile per un fatto non dimostrabile come il contagio da Covid 19 nei luoghi di lavoro<\/em>\u201d.\u00a0Cos\u00ec l\u2019assessore al lavoro della regione Veneto, Elena Donazzan, commenta la circolare numero 22 diffusa oggi dall&#8217;Inail, con cui si forniscono ulteriori istruzioni operative e chiarimenti su alcune problematiche sollevate in relazione alla tutela infortunistica degli eventi di contagio da Coronavirus.\u00a0Secondo la circolare Inail, sulla quale il ministero del Lavoro ha gi\u00e0 espresso parere favorevole, &#8220;la responsabilit\u00e0 del datore di lavoro \u00e8 ipotizzabile solo in caso di violazione della legge o di obblighi derivanti dalle conoscenze sperimentali o tecniche, che nel caso dell&#8217;emergenza epidemiologica da Covid-19 si possono rinvenire nei protocolli e nelle linee guida governativi e regionali di cui all&#8217;articolo 1, comma 14 del decreto legge 16 maggio 2020, numero 33&#8221;.\u00a0Il rispetto delle misure di contenimento \u2013 specifica la circolare &#8211; &#8220;<em>se sufficiente a escludere la responsabilit\u00e0 civile del datore di lavoro, non \u00e8 certo bastevole per invocare la mancata tutela infortunistica nei casi di contagio da Sars-Cov-2, non essendo possibile pretendere negli ambienti di lavoro il rischio zero. Circostanza questa che ancora una volta porta a sottolineare l&#8217;indipendenza logico-giuridica del piano assicurativo da quello giudiziario<\/em>&#8220;..\u00a0L\u2019indennizzo, quindi, per eventuale infortunio sul lavoro -chiarisce Inail &#8211; non \u00e8 da confondere con i presupposti per la responsabilit\u00e0 civile e penale del datore di lavoro, che devono essere \u201crigorosamente accertati con criteri diversi da quelli previsti per il riconoscimento del diritto alle prestazioni assicurative&#8221;.<\/p>\n<p>&nbsp;<\/p>\n<p>&nbsp;<\/p>\n<hr \/>\n<p>&nbsp;<\/p>\n<p>&nbsp;<\/p>\n<p>&nbsp;<\/p>\n<blockquote>\n<h3><b>CORONAVIRUS.<span class=\"Apple-converted-space\">\u00a0 <\/span>REGIONE VENETO, FIRMATO SECONDO ACCORDO CON LE PARTI SOCIALI SU LINEE GUIDA PER LA PUBBLICA AMMINISTRAZIONE<\/b><\/h3>\n<\/blockquote>\n<p><strong><a class=\"dt-pswp-item\" href=\"https:\/\/www.radiopiu.net\/wordpress\/wp-content\/uploads\/2016\/06\/1435664065538_Forcolin_Gianluca-2.jpg\" data-dt-img-description=\"\" data-large_image_width=\"580\" data-large_image_height=\"800\"><img loading=\"lazy\" decoding=\"async\" class=\" wp-image-20331 alignleft\" src=\"https:\/\/www.radiopiu.net\/wordpress\/wp-content\/uploads\/2016\/06\/1435664065538_Forcolin_Gianluca-2-218x300.jpg\" alt=\"\" width=\"145\" height=\"200\" \/><\/a>VENEZIA\u00a0<\/strong>\u201c<em>In questa Fase 2 dell\u2019emergenza Coronavirus, le nostre realt\u00e0 pubbliche sono chiamate ad un compito ancor pi\u00f9 importante: dare il massimo supporto e con la massima celerit\u00e0 alle attivit\u00e0 produttive che riaprono dopo pi\u00f9 di due mesi di forzata chiusura. La tutela della salute dei lavoratori degli enti territoriali, dunque, \u00e8 un diritto che oggi pi\u00f9 che mai merita ogni attenzione possibile per il bene degli interessati e di tutta la comunit\u00e0<\/em>\u201d.\u00a0Cos\u00ec, il vicepresidente della Giunta Regionale, Gianluca Forcolin, assessore al Personale, saluta la firma del secondo accordo tra la Regione del Veneto, l\u2019Unione delle Province del Veneto, l\u2019Associazione Nazionale Comuni Italiani del Veneto e le Organizzazioni Sindacali regionali dei Dirigenti e Dipendenti &#8211; Funzione Pubblica, mirante a dettare regole uniformi e condivise per la gestione concreta della seconda fase dell\u2019emergenza sanitaria nell\u2019ambito della pubblica amministrazione nella nostra regione.\u00a0\u201c<em>\u00c8 un ulteriore tassello \u2013 sottolinea Forcolin &#8211; necessario per garantire, da un lato, la massima sicurezza ai lavoratori del comparto pubblico delle Funzioni Locali e, dall\u2019altro, una quanto mai veloce risposta ai bisogni di servizi che le nostre aziende manifestano in un momento cos\u00ec importante per il Paese, dopo mesi drammatici sia dal punto di vista dell\u2019emergenza sanitaria sia di quella economica. In questa fase, fondamentale per la ripartenza, anche gli enti pubblici territoriali e i loro dipendenti sono chiamati, in prima persona, a dare un fattivo contributo affinch\u00e9 tali realt\u00e0 produttive, fondamentali per il tessuto economico del nostro territorio, possano vedere nell\u2019ente pubblico un alleato al quale poter chiedere risposte insieme a servizi celeri e concreti<\/em>\u201d.<\/p>\n<p>&nbsp;<\/p>\n<p>&nbsp;<\/p>\n<hr \/>\n<p>&nbsp;<\/p>\n<blockquote>\n<h3>GIUNTA VENETA STANZIA PI\u00d9 DI UN MILIONE DI EURO PER IL MIGLIORAMENTO DEGLI IMPIANTI SPORTIVI<\/h3>\n<\/blockquote>\n<p><strong> <a class=\"dt-pswp-item\" href=\"https:\/\/www.radiopiu.net\/wordpress\/wp-content\/uploads\/2020\/05\/CRISTIANO-CORAZZARI.jpg\" data-dt-img-description=\"\" data-large_image_width=\"400\" data-large_image_height=\"400\"><img loading=\"lazy\" decoding=\"async\" class=\" wp-image-139133 alignleft\" src=\"https:\/\/www.radiopiu.net\/wordpress\/wp-content\/uploads\/2020\/05\/CRISTIANO-CORAZZARI-300x300.jpg\" alt=\"\" width=\"220\" height=\"220\" srcset=\"https:\/\/www.radiopiu.net\/wordpress\/wp-content\/uploads\/2020\/05\/CRISTIANO-CORAZZARI-300x300.jpg 300w, https:\/\/www.radiopiu.net\/wordpress\/wp-content\/uploads\/2020\/05\/CRISTIANO-CORAZZARI-150x150.jpg 150w, https:\/\/www.radiopiu.net\/wordpress\/wp-content\/uploads\/2020\/05\/CRISTIANO-CORAZZARI.jpg 400w\" sizes=\"auto, (max-width: 220px) 100vw, 220px\" \/><\/a>VENEZIA \u00a0<\/strong>La Giunta regionale del Veneto, su proposta dell\u2019assessore allo sport Cristiano Corazzari, ha approvato due deliberazioni con le quali \u00e8 stato stanziato complessivamente 1 milione e 69 mila euro per la realizzazione di opere di miglioria, anche strutturale, in numerosi impianti sportivi del Veneto.\u00a0\u201cQuesti finanziamenti rappresentano un segnale importante di attenzione per un comparto duramente colpito dal Coronavirus \u2013 commenta Corazzari \u2013. Avendo ben presenti le difficolt\u00e0 riscontrate dagli Enti durante questo periodo, terremo<span class=\"Apple-converted-space\">\u00a0 <\/span>conto, attraverso le strutture competenti della Regione,\u00a0anche delle esigenze prodotte dall\u2019emergenza Covid-19 nell\u2019ambito dell\u2019impiantistica sportiva,\u00a0 incluse le necessit\u00e0 di sicurezza e sanificazione, purch\u00e9 non vadano a modificare in misura sostanziale gli interventi oggetto di contributo, finalizzato alla qualificazione ed efficientamento di molti spazi che finalmente si stanno gradualmente riaprendo alle attivit\u00e0\u201d.\u00a0In particolare, con un provvedimento sono stati erogati contributi per oltre 516 mila euro per interventi di importo fino a 50 mila euro: si tratta del secondo programma di riparto attuato attraverso lo scorrimento della graduatoria approvata nel 2019. Gli enti beneficiari avranno tempo fino al 13 novembre 2020 per presentare la rendicontazione finale dell\u2019intervento eseguito e tale termine \u00e8 stato accordato anche ai beneficiari del primo riparto, in considerazione delle difficolt\u00e0 operative dovute all\u2019emergenza pandemica.\u00a0Con la seconda deliberazione \u00e8 stato approvato un programma di riparto per l\u2019assegnazione di contributi straordinari in favore di opere urgenti di miglioria dell\u2019impiantistica sportiva, per l\u2019importo di 552 mila euro.<\/p>\n<p>&nbsp;<\/p>\n<p>&nbsp;<\/p>\n<hr \/>\n<p>&nbsp;<\/p>\n<p>&nbsp;<\/p>\n<blockquote>\n<h3>EMERGENZA VAIA, 26,7 MILIONI DI EURO DI LAVORI DEI GESTORI VIVERACQUA PER IL RIPRISTINO DEL SERVIZIO IDRICO INTEGRATO<\/h3>\n<\/blockquote>\n<p><strong><a class=\"dt-pswp-item\" href=\"https:\/\/www.radiopiu.net\/wordpress\/wp-content\/uploads\/2020\/05\/Interventi-post-Vaia-scaled.jpg\" data-dt-img-description=\"\" data-large_image_width=\"2560\" data-large_image_height=\"1920\"><img loading=\"lazy\" decoding=\"async\" class=\"size-medium wp-image-139146 alignleft\" src=\"https:\/\/www.radiopiu.net\/wordpress\/wp-content\/uploads\/2020\/05\/Interventi-post-Vaia-300x225.jpg\" alt=\"\" width=\"300\" height=\"225\" srcset=\"https:\/\/www.radiopiu.net\/wordpress\/wp-content\/uploads\/2020\/05\/Interventi-post-Vaia-300x225.jpg 300w, https:\/\/www.radiopiu.net\/wordpress\/wp-content\/uploads\/2020\/05\/Interventi-post-Vaia-1024x768.jpg 1024w, https:\/\/www.radiopiu.net\/wordpress\/wp-content\/uploads\/2020\/05\/Interventi-post-Vaia-768x576.jpg 768w, https:\/\/www.radiopiu.net\/wordpress\/wp-content\/uploads\/2020\/05\/Interventi-post-Vaia-1536x1152.jpg 1536w, https:\/\/www.radiopiu.net\/wordpress\/wp-content\/uploads\/2020\/05\/Interventi-post-Vaia-2048x1536.jpg 2048w\" sizes=\"auto, (max-width: 300px) 100vw, 300px\" \/><\/a>BELLUNO\u00a0<\/strong> Sinergia e solidariet\u00e0, anche nel rispondere alle emergenze. I gestori idrici pubblici del Veneto, riuniti nel consorzio Viveracqua, in veste di Soggetti Attuatori, hanno risposto alla chiamata del Commissario delegato all\u2019emergenza Vaia, Luca Zaia: sono cinque le aziende idriche di Viveracqua che andranno a eseguire lavori nei territori del bellunese duramente colpiti dalla tempesta Vaia del 2018.\u00a0 \u00ab<em>Come gestori idrici del Veneto siamo abituati a fare squadra e mettere a fattore comune le nostre competenze<\/em>\u00bb sottolinea Monica Manto, presidente di Viveracqua. \u00a0Circa 8 milioni di euro sono stati stanziati nei giorni scorsi dal Commissario per interventi a favore del bellunese: tra questi, 5,5 milioni per il ripristino per circa un centinaio di sorgenti, pesantemente danneggiate dal passaggio della tempesta Vaia. Si tratta di interventi che copriranno tutto il territorio della provincia: per 2,6 milioni di euro in Alto e Conca Agordina, per 1,3 milioni di euro in Cadore e Comelico, per 1,1 milioni in Val d\u2019Ansiei, Val Boite, Zoldano, Alpago, Valbelluna e Feltrino, oltre alla realizzazione del collegamento tra gli acquedotti del Melin e di Campolongo a Santo Stefano di Cadore, per 480mila euro. Cos\u00ec acquevenete si occuper\u00e0 di una serie di interventi per il Comune di Lozzo di Cadore, per quasi 1,2 milioni di euro: ripristino di sedi stradali sprofondate, di edifici e illuminazione pubblica. Piave Servizi ha invece messo a disposizione consulenza legale in materia di appalti ed espropri per diversi Comuni beneficiari dei finanziamenti. Per i soli interventi di ripristino nel servizio idrico integrato dopo la tempesta Vaia, ammontano a 26,7 milioni di euro i fondi stanziati dal Commissario all\u2019emergenza che hanno come soggetti attuatori i gestori di Viveracqua. Nel bellunese, il territorio pi\u00f9 duramente colpito dalla tempesta Vaia, i lavori gestiti da Bim Gsp per l\u2019emergenza negli anni 2018 e 2019 ammontano a 4,8 milioni di euro.<\/p>\n<p>&nbsp;<\/p>\n<hr \/>\n<p>&nbsp;<\/p>\n<blockquote>\n<h3>DL RILANCIO E BONUS BICI, UNCEM: CONTRIBUTI PER LE DUE RUOTE DA ESTENDERE A TUTTI I COMUNI, ANCHE I PIU&#8217; PICCOLI<\/h3>\n<\/blockquote>\n<p><strong><a class=\"dt-pswp-item\" href=\"https:\/\/www.radiopiu.net\/wordpress\/wp-content\/uploads\/2020\/04\/UNCEM.jpg\" data-dt-img-description=\"\" data-large_image_width=\"500\" data-large_image_height=\"500\"><img loading=\"lazy\" decoding=\"async\" class=\"size-medium wp-image-133399 alignleft\" src=\"https:\/\/www.radiopiu.net\/wordpress\/wp-content\/uploads\/2020\/04\/UNCEM-300x300.jpg\" alt=\"\" width=\"300\" height=\"300\" srcset=\"https:\/\/www.radiopiu.net\/wordpress\/wp-content\/uploads\/2020\/04\/UNCEM-300x300.jpg 300w, https:\/\/www.radiopiu.net\/wordpress\/wp-content\/uploads\/2020\/04\/UNCEM-150x150.jpg 150w, https:\/\/www.radiopiu.net\/wordpress\/wp-content\/uploads\/2020\/04\/UNCEM.jpg 500w\" sizes=\"auto, (max-width: 300px) 100vw, 300px\" \/><\/a>ROMA<\/strong> Il &#8220;bonus bici&#8221;, per l&#8217;acquisto di mezzi per la mobilit\u00e0 sostenibile, deve essere esteso a tutti i Comuni italiani, anche i pi\u00f9 piccoli e montani. Lo chiede l&#8217;Uncem che sottoporr\u00e0 ai Parlamentari una proposta di emendamento in vista della Conversione alla Camera e al Senato del DL Rilancio, dove il bonus \u00e8 previsto all&#8217;articolo 229.\u00a0A oggi, il bonus \u00e8 previsto per iesidenti maggiorenni nei capoluoghi di regione, capoluoghi di provincia, citt\u00e0 metropolitane\u00a0e pi\u00f9 in generale nei comuni con pi\u00f9 di 50.000 abitanti. Prevede la restituzione del\u00a060% della spesa complessiva sostenuta con un massimo di 500 euro per l&#8217;acquisto di biciclette anche a pedalata assistita e veicoli per la mobilit\u00e0 personale a propulsione prevalentemente elettrica quali segway, monopattini, hoverboard e mono-ruota. Il Ministero delle Infrastrutture e dei Trasporti ha gi\u00e0 diffuso una nota che spiega come funziona la nuova agevolazione.\u00a0&#8220;<em>Riteniamo come Uncem importante l&#8217;attivazione di un bonus bici\u00a0&#8211; spiega Marco Bussone, Presidente Uncem &#8211;\u00a0ma deve andare a tutti. Non solo ai grandi Comuni. Comuni montani, Unioni montane, Comunit\u00e0 montane stanno lavorando moltissimo per agevolare forme di mobilit\u00e0 alternative, di interscambio bici-treno, di utilizzo di mezzi a due ruote che si possono spostare sui mezzi pubblici nei viaggi dai territori verso le aree urbane e il posto di lavoro. Cos\u00ec succede in molti pezzi d&#8217;Europa e in altre parti delle Alpi. Per questo\u00a0chiediamo di estendere la misura a tutti i Comuni, anche i pi\u00f9 piccoli e montani. Tantopi che vengono finanziati anche bici con pedalata assistita, che dunque sono importanti anche in centri delle Alpi e degli Appennini. La conversione del DL in Parlamento accetti questa proposta Uncem<\/em>&#8220;.<\/p>\n<p>&nbsp;<\/p>\n<p>&nbsp;<\/p>\n<p>&nbsp;<\/p>\n<p>&nbsp;<\/p>\n<hr \/>\n<p>&nbsp;<\/p>\n<p>&nbsp;<\/p>\n<div class=\"page-title-head hgroup\">\n<blockquote>\n<h3 class=\"entry-title\">TEMPO DI MONTAGNA, DAL CAI IL VADEMECUM DEL BUON ESCURSIONISTA<\/h3>\n<\/blockquote>\n<\/div>\n<div class=\"page-title-breadcrumbs\">\n<p><strong> <a class=\"dt-pswp-item\" href=\"https:\/\/www.radiopiu.net\/wordpress\/wp-content\/uploads\/2020\/05\/ESCURSIONE-MONTAGNA.jpg\" data-dt-img-description=\"\" data-large_image_width=\"1920\" data-large_image_height=\"1151\"><img loading=\"lazy\" decoding=\"async\" class=\"size-medium wp-image-139138 alignleft\" src=\"https:\/\/www.radiopiu.net\/wordpress\/wp-content\/uploads\/2020\/05\/ESCURSIONE-MONTAGNA-300x180.jpg\" alt=\"\" width=\"300\" height=\"180\" srcset=\"https:\/\/www.radiopiu.net\/wordpress\/wp-content\/uploads\/2020\/05\/ESCURSIONE-MONTAGNA-300x180.jpg 300w, https:\/\/www.radiopiu.net\/wordpress\/wp-content\/uploads\/2020\/05\/ESCURSIONE-MONTAGNA-1024x614.jpg 1024w, https:\/\/www.radiopiu.net\/wordpress\/wp-content\/uploads\/2020\/05\/ESCURSIONE-MONTAGNA-768x460.jpg 768w, https:\/\/www.radiopiu.net\/wordpress\/wp-content\/uploads\/2020\/05\/ESCURSIONE-MONTAGNA-1536x921.jpg 1536w, https:\/\/www.radiopiu.net\/wordpress\/wp-content\/uploads\/2020\/05\/ESCURSIONE-MONTAGNA.jpg 1920w\" sizes=\"auto, (max-width: 300px) 100vw, 300px\" \/><\/a>AGORDO<\/strong> Nell\u2019ultimo notiziario della sezione agordina del Cai non si parla di attivit\u00e0 ma di regole da seguire. L\u2019attivit\u00e0\u00a0 sociale al momento \u00e8 ancora vietata mentre le regole, o meglio le raccomandazioni (da seguire comunque scrupolosamente), sono rivolte a chi autonomamente decide di fare attivit\u00e0 in montagna, dal momento che \u00e8 autorizzato a farlo. In attesa che lo Stato, interpellato dal Presidente Generale del CAI Vincenzo Torti, si esprima sulle normative da applicare per l\u2019apertura delle strutture in quota, la Commissione Centrale per i Rifugi ha emanato un decalogo per i frequentatori dei medesimi, con alcune semplici regole da seguire per contrastare il diffondersi del Covid-19.<\/p>\n<blockquote><p>&nbsp;<\/p>\n<h2><strong>LE 10 REGOLE PER IL FREQUENTATORE<\/strong><\/h2>\n<\/blockquote>\n<p>1 PRENOTA IL PERNOTTAMENTO IN RIFUGIO, QUEST\u2019ANNO \u00c8 OBBLIGATORIO<\/p>\n<p>2 PRIMA DI INIZIARE L\u2019ESCURSIONE, ASSICURATI DI ESSERE IN BUONA SALUTE<\/p>\n<p>3 ATTENDI ALL\u2019ESTERNO DEL RIFUGIO LE INDICAZIONI DEL GESTORE<\/p>\n<p>4 CONSUMA \u2013 METEO PERMETTENDO \u2013 BEVANDE, CAFF\u00c8, TORTE E PASTI VELOCI ALL\u2019ESTERNO DEL RIFUGIO<\/p>\n<p>5 LASCIA IL TUO ZAINO E LA TUA ATTREZZATURA TECNICA DOVE APPOSITAMENTEPREDISPOSTO DAL GESTORE<\/p>\n<p>6 ASSICURATI DI AVERE CON TE MASCHERINA, GUANTI E IGIENIZZANTE A BASE ALCOLICA; UTILIZZALI QUANDO ENTRI NEL RIFUGIO E COMUNQUE SEMPRE<\/p>\n<p>7 QUANDO NON PUOI RISPETTARE LA DISTANZA DI SICUREZZA\u00a0 PORTA CON TE IL TUO SACCO LENZUOLO O IL TUO SACCO A PELO PER PERNOTTARE AL RIFUGIO<\/p>\n<p>8 LAVATI SPESSO LE MANI ED UTILIZZA I TUOI ASCIUGAMANI PERSONALI<\/p>\n<p>9 RICORDA CHE IL GESTORE PU\u00d2 SOTTOPORTI AL CONTROLLO DELLA TEMPERATURA E CHE, SE SUPERIORE A 37,5\u00b0C, PU\u00d2 VIETARTI L\u2019INGRESSO AL RIFUGIO<\/p>\n<p>10 RIPORTA I TUOI DISPOSITIVI INDIVIDUALI DI PROTEZIONE USATI ED I TUOI RIFIUTI A VALLE!<\/p>\n<p>&nbsp;<\/p>\n<p>&nbsp;<\/p>\n<hr \/>\n<p>&nbsp;<\/p>\n<\/div>\n<blockquote>\n<p align=\"JUSTIFY\"><span style=\"font-size: medium;\"><b>IL \u201cGRAZIE\u201d DEI COMMERCIANTI DI AGORDO ALLA PRO LOCO<\/b><\/span><\/p>\n<\/blockquote>\n<p align=\"JUSTIFY\"><strong><a class=\"dt-pswp-item\" href=\"https:\/\/www.radiopiu.net\/wordpress\/wp-content\/uploads\/2020\/05\/98600207_1142756912742242_5838014733235519488_n.jpg\" data-dt-img-description=\"\" data-large_image_width=\"720\" data-large_image_height=\"960\"><img loading=\"lazy\" decoding=\"async\" class=\"size-medium wp-image-138881 alignleft\" src=\"https:\/\/www.radiopiu.net\/wordpress\/wp-content\/uploads\/2020\/05\/98600207_1142756912742242_5838014733235519488_n-225x300.jpg\" alt=\"\" width=\"225\" height=\"300\" srcset=\"https:\/\/www.radiopiu.net\/wordpress\/wp-content\/uploads\/2020\/05\/98600207_1142756912742242_5838014733235519488_n-225x300.jpg 225w, https:\/\/www.radiopiu.net\/wordpress\/wp-content\/uploads\/2020\/05\/98600207_1142756912742242_5838014733235519488_n.jpg 720w\" sizes=\"auto, (max-width: 225px) 100vw, 225px\" \/><\/a>AGORDO<\/strong> \u00ab<em>Grazie Pro loco di Agordo, la vostra generosit\u00e0 \u00e8 un esempio ed il vostro regalo ci ha davvero resi felici!<\/em>\u201d, cos\u00ec, a botta calda, Roberto Schena, delegato Confcommercio di Agordo, commenta il regalo delle mascherine che la locale Pro loco ha dedicato agli esercenti del capoluogo agordino. \u00ab<em>In questi giorni<\/em>\u00bb, continua Schena, \u00ab<em>dopo un periodo davvero duro riaprono negozi, bar, ristoranti ed un gesto di solidariet\u00e0 era quello che ci voleva, tra dubbi e timori, a dare positivit\u00e0. La comunit\u00e0 \u00e8 unita, la comunit\u00e0 torner\u00e0 a vivere grazie a compattezza e collaborazione. Appena possibile ripartiranno anche le insostituibili iniziative della Pro loco e noi saremo lieti di collaborare come e pi\u00f9 di prima!<\/em>\u00bb. Confcommercio Belluno ed i propri delegati comunali da sempre rimarcano quanto sia fondamentale la sinergia fra le componenti socio-economiche dei paesi e delle citt\u00e0. La quarantena forzata &#8211; con il conseguente azzeramento della socialit\u00e0 e della vitalit\u00e0 economica &#8211; ha dimostrato quanto i nostri centri storici, maggiori e minori che siano, risultano vuoti e drammaticamente \u201cspogli\u201d senza attivit\u00e0 e senza persone. E questo deve essere un insegnamento affinch\u00e9 si torni a percepire il \u201ccentro commerciale naturale\u201d come un vero luogo di aggregazione sociale ed economica all&#8217;insegna degli spazi aperti, di un drink in piazza, di un acquisto in locali \u201ca misura d&#8217;uomo\u201d e vocati alle relazioni, di una chiacchierata con amici e familiari. Il tutto nel rispetto delle condizioni di sicurezza che, se ben attuate oggi, ci permetteranno di non richiudere domani. \u00ab<em>Quanto ci \u00e8 mancata la piazza di Agordo in questi mesi!\u00bb, conclude Schena. \u00abBene, commercianti e pubblici esercenti agordini faranno la loro parte perch\u00e9 paesani e turisti se ne riapproprino con pi\u00f9 vigore ed entusiasmo di prima<\/em>\u00bb.<\/p>\n<h2 align=\"JUSTIFY\">IERI ALLA RADIO<\/h2>\n<blockquote class=\"wp-embedded-content\" data-secret=\"qN8c9Xwoub\"><p><a href=\"https:\/\/www.radiopiu.net\/wordpress\/la-sorpresa-di-ad-agordo-proloco-mano-tesa-ai-commercianti\/\">LA SORPRESA DI AD AGORDO PROLOCO, MANO TESA AI COMMERCIANTI<\/a><\/p><\/blockquote>\n<p><iframe loading=\"lazy\" title=\"&#8220;LA SORPRESA DI AD AGORDO PROLOCO, MANO TESA AI COMMERCIANTI&#8221; &#8212; Radio Pi\u00f9\" class=\"wp-embedded-content\" sandbox=\"allow-scripts\" security=\"restricted\" style=\"position: absolute; clip: rect(1px, 1px, 1px, 1px);\" src=\"https:\/\/www.radiopiu.net\/wordpress\/la-sorpresa-di-ad-agordo-proloco-mano-tesa-ai-commercianti\/embed\/#?secret=qN8c9Xwoub\" data-secret=\"qN8c9Xwoub\" width=\"600\" height=\"338\" frameborder=\"0\" marginwidth=\"0\" marginheight=\"0\" scrolling=\"no\"><\/iframe><\/p>\n<hr \/>\n<p>&nbsp;<\/p>\n<p>&nbsp;<\/p>\n<p>&nbsp;<\/p>\n<blockquote>\n<h3>\u00c8 RITORNATO IL MERCATO (QUASI) AL COMPLETO AD AGORDO<\/h3>\n<\/blockquote>\n<p><a class=\"dt-pswp-item\" href=\"https:\/\/www.radiopiu.net\/wordpress\/wp-content\/uploads\/2020\/05\/MERCATO-FRUTTA.jpg\" data-dt-img-description=\"\" data-large_image_width=\"1920\" data-large_image_height=\"1280\"><img loading=\"lazy\" decoding=\"async\" class=\"size-medium wp-image-138675 alignleft\" src=\"https:\/\/www.radiopiu.net\/wordpress\/wp-content\/uploads\/2020\/05\/MERCATO-FRUTTA-300x200.jpg\" alt=\"\" width=\"300\" height=\"200\" srcset=\"https:\/\/www.radiopiu.net\/wordpress\/wp-content\/uploads\/2020\/05\/MERCATO-FRUTTA-300x200.jpg 300w, https:\/\/www.radiopiu.net\/wordpress\/wp-content\/uploads\/2020\/05\/MERCATO-FRUTTA-1024x683.jpg 1024w, https:\/\/www.radiopiu.net\/wordpress\/wp-content\/uploads\/2020\/05\/MERCATO-FRUTTA-768x512.jpg 768w, https:\/\/www.radiopiu.net\/wordpress\/wp-content\/uploads\/2020\/05\/MERCATO-FRUTTA-1536x1024.jpg 1536w, https:\/\/www.radiopiu.net\/wordpress\/wp-content\/uploads\/2020\/05\/MERCATO-FRUTTA.jpg 1920w\" sizes=\"auto, (max-width: 300px) 100vw, 300px\" \/><\/a>di Gianni Santomaso<\/p>\n<audio class=\"wp-audio-shortcode\" id=\"audio-139052-8\" preload=\"none\" style=\"width: 100%;\" controls=\"controls\"><source type=\"audio\/mpeg\" src=\"https:\/\/www.radiopiu.net\/wordpress\/wp-content\/uploads\/2020\/05\/GIANNI-MERCATO-AGORDO.mp3?_=8\" \/><a href=\"https:\/\/www.radiopiu.net\/wordpress\/wp-content\/uploads\/2020\/05\/GIANNI-MERCATO-AGORDO.mp3\">https:\/\/www.radiopiu.net\/wordpress\/wp-content\/uploads\/2020\/05\/GIANNI-MERCATO-AGORDO.mp3<\/a><\/audio>\n<p>&nbsp;<\/p>\n<p>&nbsp;<\/p>\n<p>&nbsp;<\/p>\n<p>&nbsp;<\/p>\n<hr \/>\n<p>&nbsp;<\/p>\n<p>&nbsp;<\/p>\n<p>&nbsp;<\/p>\n<blockquote>\n<h3>RIAPRE LA PISCINA COMPRENSORIALE DI AGORDO<\/h3>\n<\/blockquote>\n<p><a class=\"dt-pswp-item\" href=\"https:\/\/www.radiopiu.net\/wordpress\/wp-content\/uploads\/2019\/12\/NUOTO.jpeg\" data-dt-img-description=\"\" data-large_image_width=\"766\" data-large_image_height=\"588\"><img loading=\"lazy\" decoding=\"async\" class=\"size-medium wp-image-108447 alignleft\" src=\"https:\/\/www.radiopiu.net\/wordpress\/wp-content\/uploads\/2019\/12\/NUOTO-300x230.jpeg\" alt=\"\" width=\"300\" height=\"230\" srcset=\"https:\/\/www.radiopiu.net\/wordpress\/wp-content\/uploads\/2019\/12\/NUOTO-300x230.jpeg 300w, https:\/\/www.radiopiu.net\/wordpress\/wp-content\/uploads\/2019\/12\/NUOTO.jpeg 766w\" sizes=\"auto, (max-width: 300px) 100vw, 300px\" \/><\/a>di Gianni Santomaso<\/p>\n<audio class=\"wp-audio-shortcode\" id=\"audio-139052-9\" preload=\"none\" style=\"width: 100%;\" controls=\"controls\"><source type=\"audio\/mpeg\" src=\"https:\/\/www.radiopiu.net\/wordpress\/wp-content\/uploads\/2020\/05\/GIANNI-PISCINA-AGORDO.mp3?_=9\" \/><a href=\"https:\/\/www.radiopiu.net\/wordpress\/wp-content\/uploads\/2020\/05\/GIANNI-PISCINA-AGORDO.mp3\">https:\/\/www.radiopiu.net\/wordpress\/wp-content\/uploads\/2020\/05\/GIANNI-PISCINA-AGORDO.mp3<\/a><\/audio>\n<p>&nbsp;<\/p>\n<p>&nbsp;<\/p>\n<p>&nbsp;<\/p>\n<p>&nbsp;<\/p>\n<hr \/>\n<p>&nbsp;<\/p>\n<blockquote>\n<h3>IL PRESIDENTE DELLA PROVINCIA ROBERTO PADRIN PARLA DI ODG NEVEGAL<\/h3>\n<\/blockquote>\n<p><strong><a class=\"dt-pswp-item\" href=\"https:\/\/www.radiopiu.net\/wordpress\/wp-content\/uploads\/2020\/05\/PADRIN.jpg\" data-dt-img-description=\"\" data-large_image_width=\"945\" data-large_image_height=\"1417\"><img loading=\"lazy\" decoding=\"async\" class=\"size-medium wp-image-134835 alignleft\" src=\"https:\/\/www.radiopiu.net\/wordpress\/wp-content\/uploads\/2020\/05\/PADRIN-200x300.jpg\" alt=\"\" width=\"200\" height=\"300\" srcset=\"https:\/\/www.radiopiu.net\/wordpress\/wp-content\/uploads\/2020\/05\/PADRIN-200x300.jpg 200w, https:\/\/www.radiopiu.net\/wordpress\/wp-content\/uploads\/2020\/05\/PADRIN-683x1024.jpg 683w, https:\/\/www.radiopiu.net\/wordpress\/wp-content\/uploads\/2020\/05\/PADRIN-768x1152.jpg 768w, https:\/\/www.radiopiu.net\/wordpress\/wp-content\/uploads\/2020\/05\/PADRIN.jpg 945w\" sizes=\"auto, (max-width: 200px) 100vw, 200px\" \/><\/a>BELLUNO<\/strong> \u00ab<em>Ottima l\u2019approvazione dell\u2019odg sul Nevegal in consiglio regionale. Da parte nostra, non mancher\u00e0 un impegno nei confronti della stazione sciistica bellunese, come non \u00e8 mai mancato per nessuna localit\u00e0<\/em>\u00bb. Cos\u00ec in una nota il presidente della Provincia, Roberto Padrin, relativamente al documento approvato ieri a Venezia che impegna la giunta regionale a sostenere il Comune di Belluno nel caso in cui rientri in possesso degli impianti di risalita. \u00ab<em>Lo abbiamo sempre detto che il Nevegal rappresenta un patrimonio fondamentale per tutto il sistema dello sci bellunese, perch\u00e9 di fatto costituisce la prima stazione di arrivo dalla pianura, quella in cui molti veneti hanno imparato a sciare, prima di spostarsi in localit\u00e0 pi\u00f9 blasonate\u00bb<\/em> afferma il presidente Padrin. \u00ab<em>La situazione di difficolt\u00e0 che si \u00e8 venuta a creare per\u00f2 rischia di far chiudere per sempre gli impianti, con conseguente perdita del demanio sciabile che \u00e8 di gestione della Provincia. Non vogliamo perdere questa possibilit\u00e0. Per questo anche la Provincia sosterr\u00e0 il Comune di Belluno, se l\u2019amministrazione intender\u00e0 acquistare nuovamente la seggiovia, gli ski-lift e gli altri impianti a servizio della skiarea. Il gioco di squadra con la Regione dovr\u00e0 mettere a frutto non solo la sopravvivenza, ma anche il rilancio del Nevegal<\/em>\u00bb.<\/p>\n<p>&nbsp;<\/p>\n<p>&nbsp;<\/p>\n<p>&nbsp;<\/p>\n<p>&nbsp;<\/p>\n<hr \/>\n<p>&nbsp;<\/p>\n<blockquote>\n<h3>\u201cBELLUNO CITT\u00c0 DELLE RONDINI\u201d: COMUNE, PROVINCIA E ASSOCIAZIONI AMBIENTALISTE, ANIMALISTE E VENATORIE INSIEME<\/h3>\n<\/blockquote>\n<p><strong style=\"font-size: 14px;\"><a class=\"dt-pswp-item\" href=\"https:\/\/www.radiopiu.net\/wordpress\/wp-content\/uploads\/2020\/05\/RONDINI.jpg\" data-dt-img-description=\"\" data-large_image_width=\"1920\" data-large_image_height=\"1282\"><img loading=\"lazy\" decoding=\"async\" class=\"size-medium wp-image-139152 alignleft\" src=\"https:\/\/www.radiopiu.net\/wordpress\/wp-content\/uploads\/2020\/05\/RONDINI-300x200.jpg\" alt=\"\" width=\"300\" height=\"200\" srcset=\"https:\/\/www.radiopiu.net\/wordpress\/wp-content\/uploads\/2020\/05\/RONDINI-300x200.jpg 300w, https:\/\/www.radiopiu.net\/wordpress\/wp-content\/uploads\/2020\/05\/RONDINI-1024x684.jpg 1024w, https:\/\/www.radiopiu.net\/wordpress\/wp-content\/uploads\/2020\/05\/RONDINI-768x513.jpg 768w, https:\/\/www.radiopiu.net\/wordpress\/wp-content\/uploads\/2020\/05\/RONDINI-1536x1026.jpg 1536w, https:\/\/www.radiopiu.net\/wordpress\/wp-content\/uploads\/2020\/05\/RONDINI.jpg 1920w\" sizes=\"auto, (max-width: 300px) 100vw, 300px\" \/><\/a>BELLUNO\u00a0<\/strong><span style=\"font-size: 14px; font-weight: normal;\">Salvaguardia delle rondini, tutela dell\u2019habitat urbano, valorizzazione dei nidi anche in chiave turistica e prove di dialogo tra associazioni ambientaliste e cacciatori. Sono gli obiettivi del progetto \u201cBelluno citt\u00e0 delle rondini\u201d, coordinato da Provincia e Comune capoluogo, insieme alle associazioni venatorie, ambientaliste e animaliste, che ieri si sono incontrati a Palazzo Piloni, per mettere in campo un programma preciso di interventi. A cominciare dal monitoraggio e controllo dei nidi presenti in centro citt\u00e0. Per arrivare poi a una serie di misure utili ad agevolare la nidificazione e quindi la permanenza di questo volatile a Belluno, una delle poche citt\u00e0 del Veneto ad avere ancora diversi nuclei cittadini di rondini.\u00a0<\/span>La presenza, tuttavia, \u00e8 in calo. Lo dicono i censimenti periodici messi in campo dalla Polizia Provinciale con il naturalista Giuseppe Tormen. La prima operazione concreta del progetto \u201cBelluno citt\u00e0 delle rondini\u201d consister\u00e0 proprio nella verifica ed eventuale rimozione o riposizionamento delle tavolette anti-guano. Piena condivisione anche da parte del Comune di Belluno, che ha intenzione di sensibilizzare la cittadinanza sull\u2019importanza di tutelare le rondini.<\/p>\n<p>&nbsp;<\/p>\n<p>&nbsp;<\/p>\n<p>&nbsp;<\/p>\n<hr \/>\n<p>&nbsp;<\/p>\n<blockquote>\n<h3>\u201cSNODI IN QUOTA\u201d APPROVATO IL PROGETTO DI INVESTIMENTO SOCIALE<\/h3>\n<\/blockquote>\n<p><b><a class=\"dt-pswp-item\" href=\"https:\/\/www.radiopiu.net\/wordpress\/wp-content\/uploads\/2016\/07\/paese-di-montagna-dell-agnola.jpg\" data-dt-img-description=\"\" data-large_image_width=\"271\" data-large_image_height=\"186\"><img loading=\"lazy\" decoding=\"async\" class=\"size-full wp-image-21824 alignleft\" src=\"https:\/\/www.radiopiu.net\/wordpress\/wp-content\/uploads\/2016\/07\/paese-di-montagna-dell-agnola.jpg\" alt=\"\" width=\"271\" height=\"186\" \/><\/a>BELLUNO <\/b>La Giunta comunale ha approvato il progetto \u201cSnodi in quota. Piattaforma di investimento sociale per Dolomiti inclusive\u201d, che parteciper\u00e0 al bando finanziato dal Fondo di innovazione sociale della Presidenza del Consiglio dei Ministri con oltre 21 milioni di euro; i progetti che si aggiudicheranno il bando potranno contare su un finanziamento di 150mila euro.\u00a0Si tratta di un progetto che coinvolge i 46 comuni bellunesi del territorio dell&#8217;ex Ulss 1 Belluno e che vedr\u00e0 impegnati anche la Fondazione Universit\u00e0 Ca&#8217; Foscari e Metalogos, che operer\u00e0 in collaborazione con la co-partner Cadore scs.<\/p>\n<p><strong>LUCIA PELLEGRINI, ASSESSORE ALLE POLITICHE SOCIALI DEL COMUNE DI BELLUNO<\/strong><\/p>\n<audio class=\"wp-audio-shortcode\" id=\"audio-139052-10\" preload=\"none\" style=\"width: 100%;\" controls=\"controls\"><source type=\"audio\/mpeg\" src=\"https:\/\/www.radiopiu.net\/wordpress\/wp-content\/uploads\/2020\/05\/Pellegrini-Progetto-Snodi-in-quota.mp3?_=10\" \/><a href=\"https:\/\/www.radiopiu.net\/wordpress\/wp-content\/uploads\/2020\/05\/Pellegrini-Progetto-Snodi-in-quota.mp3\">https:\/\/www.radiopiu.net\/wordpress\/wp-content\/uploads\/2020\/05\/Pellegrini-Progetto-Snodi-in-quota.mp3<\/a><\/audio>\n<p>&nbsp;<\/p>\n<p>&nbsp;<\/p>\n<p>&nbsp;<\/p>\n<hr \/>\n<p>&nbsp;<\/p>\n<p>&nbsp;<\/p>\n<blockquote>\n<h3>\u201cPIANO ASFALTI\u201d: APPROVATO IL PRIMO LOTTO 2020: IN ALCUNE VIE DELLA CITT\u00c0 E NELLE FRAZIONI DI FOEN, FARRA E MUGNAI INTERVENTI PER 250 MILA EURO<\/h3>\n<\/blockquote>\n<p><strong><a class=\"dt-pswp-item\" href=\"https:\/\/www.radiopiu.net\/wordpress\/wp-content\/uploads\/2020\/05\/1abaf946-a745-41cb-a587-c5b6fb9e90f6.jpg\" data-dt-img-description=\"\" data-large_image_width=\"2000\" data-large_image_height=\"1500\"><img loading=\"lazy\" decoding=\"async\" class=\"size-medium wp-image-139128 alignleft\" src=\"https:\/\/www.radiopiu.net\/wordpress\/wp-content\/uploads\/2020\/05\/1abaf946-a745-41cb-a587-c5b6fb9e90f6-300x225.jpg\" alt=\"\" width=\"300\" height=\"225\" srcset=\"https:\/\/www.radiopiu.net\/wordpress\/wp-content\/uploads\/2020\/05\/1abaf946-a745-41cb-a587-c5b6fb9e90f6-300x225.jpg 300w, https:\/\/www.radiopiu.net\/wordpress\/wp-content\/uploads\/2020\/05\/1abaf946-a745-41cb-a587-c5b6fb9e90f6-1024x768.jpg 1024w, https:\/\/www.radiopiu.net\/wordpress\/wp-content\/uploads\/2020\/05\/1abaf946-a745-41cb-a587-c5b6fb9e90f6-768x576.jpg 768w, https:\/\/www.radiopiu.net\/wordpress\/wp-content\/uploads\/2020\/05\/1abaf946-a745-41cb-a587-c5b6fb9e90f6-1536x1152.jpg 1536w, https:\/\/www.radiopiu.net\/wordpress\/wp-content\/uploads\/2020\/05\/1abaf946-a745-41cb-a587-c5b6fb9e90f6.jpg 2000w\" sizes=\"auto, (max-width: 300px) 100vw, 300px\" \/><\/a>FELTRE<\/strong>\u00a0Via libera della Giunta, nella sua ultima seduta, al primo lotto del piano di manutenzione straordinaria della viabilit\u00e0 comunale per l\u2019anno 2020. Il progetto approvato prevede una serie di interventi puntuali di riqualificazione della viabilit\u00e0 comunale da realizzarsi in citt\u00e0 e nelle frazioni di Foen, Farra e Mugnai.\u00a0Gli interventi sono stati previsti in base alle segnalazioni dei cittadini, anche in occasione degli incontri frazionali promossi dall&#8217;Amministrazione si sono resi necessari in quanto le strade in questione richiedono una manutenzione profonda, essendo particolarmente degradate a seguito del rifacimento delle infrastrutture o degli allacci di utenze, dell&#8217;usura dovuta alla notevole mole di traffico leggero e pesante che vi transita e del rigore delle stagioni invernali.\u00a0Su queste vie sar\u00e0 steso, sopra l&#8217;esistente, un nuovo manto d&#8217;usura sempre in conglomerato bituminoso (asfalto); in alcuni casi \u00e8 prevista la realizzazione delle opere di predisposizione per la realizzazione della illuminazione pubblica.\u00a0L&#8217;importo complessivo del lotto \u00e8 pari a 250 mila euro, dei quali 197 mila per lavori in appalto e il restante per oneri fiscali (43 mila) e somme a disposizione. Il progetto \u00e8 finanziato con l\u2019accensione di un mutuo presso la Cassa Depositi e Prestiti.\u00a0Questi, nel dettaglio, gli interventi previsti:\u00a0Frazione di Foen &#8211; via della Casazza.\u00a0Frazione di Farra &#8211; via Boito, via Sandi, via Verdi, via Donizzetti, via Mascagni.\u00a0Via Nassa\u00a0Via Zuecca\u00a0Parcheggio attiguo le scuole e il campo sportivo nella frazione di Mugnai.<\/p>\n<p><strong>L&#8217;ASSESSORE DEL COMUNE DI FELTRE ADIS ZATTA<\/strong><\/p>\n<audio class=\"wp-audio-shortcode\" id=\"audio-139052-11\" preload=\"none\" style=\"width: 100%;\" controls=\"controls\"><source type=\"audio\/mpeg\" src=\"https:\/\/www.radiopiu.net\/wordpress\/wp-content\/uploads\/2020\/05\/Zatta-su-piano-asfaltature.mp3?_=11\" \/><a href=\"https:\/\/www.radiopiu.net\/wordpress\/wp-content\/uploads\/2020\/05\/Zatta-su-piano-asfaltature.mp3\">https:\/\/www.radiopiu.net\/wordpress\/wp-content\/uploads\/2020\/05\/Zatta-su-piano-asfaltature.mp3<\/a><\/audio>\n<p>&nbsp;<\/p>\n<p>&nbsp;<\/p>\n<hr \/>\n<p>&nbsp;<\/p>\n<p>&nbsp;<\/p>\n<blockquote>\n<h3>POSTE ITALIANE: IN PROVINCIA DI BELLUNO NEL LOCKDOWN VOLANO E-COMMERCE E<span class=\"Apple-converted-space\">\u00a0 <\/span>PAGAMENTI DIGITALI<\/h3>\n<\/blockquote>\n<p><strong><a class=\"dt-pswp-item\" href=\"https:\/\/www.radiopiu.net\/wordpress\/wp-content\/uploads\/2020\/05\/CONSEGNA-PACCO.png\" data-dt-img-description=\"\" data-large_image_width=\"1920\" data-large_image_height=\"1920\"><img loading=\"lazy\" decoding=\"async\" class=\"wp-image-139140 alignleft\" src=\"https:\/\/www.radiopiu.net\/wordpress\/wp-content\/uploads\/2020\/05\/CONSEGNA-PACCO-300x300.png\" alt=\"\" width=\"266\" height=\"266\" srcset=\"https:\/\/www.radiopiu.net\/wordpress\/wp-content\/uploads\/2020\/05\/CONSEGNA-PACCO-300x300.png 300w, https:\/\/www.radiopiu.net\/wordpress\/wp-content\/uploads\/2020\/05\/CONSEGNA-PACCO-1024x1024.png 1024w, https:\/\/www.radiopiu.net\/wordpress\/wp-content\/uploads\/2020\/05\/CONSEGNA-PACCO-150x150.png 150w, https:\/\/www.radiopiu.net\/wordpress\/wp-content\/uploads\/2020\/05\/CONSEGNA-PACCO-768x768.png 768w, https:\/\/www.radiopiu.net\/wordpress\/wp-content\/uploads\/2020\/05\/CONSEGNA-PACCO-1536x1536.png 1536w, https:\/\/www.radiopiu.net\/wordpress\/wp-content\/uploads\/2020\/05\/CONSEGNA-PACCO.png 1920w\" sizes=\"auto, (max-width: 266px) 100vw, 266px\" \/><\/a>BELLUNO<\/strong>\u00a0Nel mese di aprile in provincia di Belluno si \u00e8 registrato un incremento del 29% dei pacchi e-commerce consegnati rispetto allo stesso periodo del 2019. A livello nazionale da gennaio a marzo, sono stati recapitati 38 milioni di pacchi, con un incremento di circa il 10% sullo stesso trimestre dello scorso anno, determinato principalmente dal +26% derivante dal comparto e-commerce.\u00a0Un cambiamento rivoluzionario per l\u2019Italia, fino ad ora uno dei fanalini di coda in Europa nel commercio on- line, settore nel quale Poste Italiane si conferma fra i leader del mercato, grazie ai suoi servizi, ai suoi mezzi e alle sue persone.<span class=\"Apple-converted-space\">\u00a0<\/span>Poste Italiane, leader anche nei servizi dei pagamenti digitali, registra un altro importante incremento: a Belluno e provincia sono gi\u00e0 state attivate nei primi mesi del 2020 30mila carte PostePay, utilizzate anche per gli acquisti online.<\/p>\n<p>&nbsp;<\/p>\n<p>&nbsp;<\/p>\n<p>&nbsp;<\/p>\n<p>&nbsp;<\/p>\n<p>&nbsp;<\/p>\n<hr \/>\n<p>&nbsp;<\/p>\n<blockquote>\n<h3>IERI LA\u00a0GIORNATA MONDIALE DELLE API: A RADIO PIU&#8217; NE PARLA DARIO BOND<\/h3>\n<\/blockquote>\n<p><strong><a class=\"dt-pswp-item\" href=\"https:\/\/www.radiopiu.net\/wordpress\/wp-content\/uploads\/2020\/05\/APE-INSETTO.jpg\" data-dt-img-description=\"\" data-large_image_width=\"1920\" data-large_image_height=\"1200\"><img loading=\"lazy\" decoding=\"async\" class=\" wp-image-139225 alignleft\" src=\"https:\/\/www.radiopiu.net\/wordpress\/wp-content\/uploads\/2020\/05\/APE-INSETTO-300x188.jpg\" alt=\"\" width=\"244\" height=\"153\" srcset=\"https:\/\/www.radiopiu.net\/wordpress\/wp-content\/uploads\/2020\/05\/APE-INSETTO-300x188.jpg 300w, https:\/\/www.radiopiu.net\/wordpress\/wp-content\/uploads\/2020\/05\/APE-INSETTO-1024x640.jpg 1024w, https:\/\/www.radiopiu.net\/wordpress\/wp-content\/uploads\/2020\/05\/APE-INSETTO-768x480.jpg 768w, https:\/\/www.radiopiu.net\/wordpress\/wp-content\/uploads\/2020\/05\/APE-INSETTO-1536x960.jpg 1536w, https:\/\/www.radiopiu.net\/wordpress\/wp-content\/uploads\/2020\/05\/APE-INSETTO.jpg 1920w\" sizes=\"auto, (max-width: 244px) 100vw, 244px\" \/><\/a>BELLUNO<\/strong> Coldiretti lancia l\u2019appello: a comprare e consumare miele locale, bellunese. \u00abIl miele prodotto sul territorio nazionale, dove lo ricordo non sono ammesse coltivazioni Ogm, a differenza di quanto avviene ad esempio in Cina, \u00e8 riconoscibile attraverso l\u2019etichettatura di origine obbligatoria fortemente sostenuta dalla Coldiretti &#8211; ricorda Alessandro De Rocco, presidente provinciale Coldiretti -. La parola Italia deve essere obbligatoriamente presente sulle confezioni di miele raccolto interamente sul territorio nazionale\u00bb.<\/p>\n<p><strong>L&#8217;INTERVENTO DI DARIO BOND<\/strong><\/p>\n<audio class=\"wp-audio-shortcode\" id=\"audio-139052-12\" preload=\"none\" style=\"width: 100%;\" controls=\"controls\"><source type=\"audio\/mpeg\" src=\"https:\/\/www.radiopiu.net\/wordpress\/wp-content\/uploads\/2020\/05\/BOND-API.mp3?_=12\" \/><a href=\"https:\/\/www.radiopiu.net\/wordpress\/wp-content\/uploads\/2020\/05\/BOND-API.mp3\">https:\/\/www.radiopiu.net\/wordpress\/wp-content\/uploads\/2020\/05\/BOND-API.mp3<\/a><\/audio>\n<p>&nbsp;<\/p>\n<p>&nbsp;<\/p>\n<hr \/>\n<p>&nbsp;<\/p>\n<p>&nbsp;<\/p>\n<p>&nbsp;<\/p>\n<blockquote class=\"wp-embedded-content\" data-secret=\"jgiXPyWpW9\"><p><a href=\"https:\/\/www.radiopiu.net\/wordpress\/dai-commercianti-di-belluno-il-video-esilarante\/\">DAI COMMERCIANTI DI BELLUNO IL VIDEO&#8230; ESILARANTE<\/a><\/p><\/blockquote>\n<p><iframe loading=\"lazy\" title=\"&#8220;DAI COMMERCIANTI DI BELLUNO IL VIDEO&#8230; ESILARANTE&#8221; &#8212; Radio Pi\u00f9\" class=\"wp-embedded-content\" sandbox=\"allow-scripts\" security=\"restricted\" style=\"position: absolute; clip: rect(1px, 1px, 1px, 1px);\" src=\"https:\/\/www.radiopiu.net\/wordpress\/dai-commercianti-di-belluno-il-video-esilarante\/embed\/#?secret=jgiXPyWpW9\" data-secret=\"jgiXPyWpW9\" width=\"600\" height=\"338\" frameborder=\"0\" marginwidth=\"0\" marginheight=\"0\" scrolling=\"no\"><\/iframe><\/p>\n<p>&nbsp;<\/p>\n<p>&nbsp;<\/p>\n<p>&nbsp;<\/p>\n<hr \/>\n<p>&nbsp;<\/p>\n<blockquote>\n<h3>DILLO A RADIO PIU<\/h3>\n<p><em><strong><a class=\"dt-pswp-item\" href=\"https:\/\/www.radiopiu.net\/wordpress\/wp-content\/uploads\/2016\/01\/logo-radiopic3b9.png\" data-dt-img-description=\"\" data-large_image_width=\"483\" data-large_image_height=\"374\"><img loading=\"lazy\" decoding=\"async\" class=\"size-medium wp-image-15787 alignleft\" src=\"https:\/\/www.radiopiu.net\/wordpress\/wp-content\/uploads\/2016\/01\/logo-radiopic3b9-300x232.png\" alt=\"\" width=\"300\" height=\"232\" \/><\/a>20 MAGGIO 1970-20 MAGGIO 2020, CINQUANT&#8217;ANNI DI LIBERTA&#8217; E DIGNITA&#8217; DEI LAVORATORI<\/strong><\/em><br \/>\n<em><strong>di Franco Piacentini_spicgil Feltre<\/strong><\/em><\/p>\n<p>Purtroppo la drammatica pandemia Covid-19, oltre alle tante vittime e alle migliaia di contagi, sta anche oscurando significative \u201cdate\u201d di straordinari avvenimenti che, nel nostro Paese, hanno determinato cambiamenti epocali: fra questi va ricordato lo \u201cStatuto dei Diritti dei Lavoratori\u201d. Il 14 maggio 1970 la Camera dei Deputati, in precedenza votati al Senato, approvava i diritti fondamentali dei lavoratori, formalizzati successivamente nel testo di Legge n. 300 del 20 maggio 1970. Lo Statuto, figlio delle lotte sindacali, nacque nel biennio 1968 \u2013 1969, un periodo caratterizzato da forti mobilitazioni per il cambiamento sociale e per i diritti delle persone. In quel periodo (purtroppo<br \/>\ncaratterizzato anche da preoccupanti tensioni sociali e politiche) i principali \u201cartefici\u201d dell\u2019iter e della definizione legislativa dello Statuto sono stati: Giacomo Brodolini (socialista ex Vicesegretario CGIL Nazionale), Gino Giugni (giurista del PSI) e Donat Cattin (all\u2019epoca Ministro DC. del Lavoro). Non va dimenticato che l\u2019idea di uno \u201cStatuto dei diritti dei lavoratori\u201d venne lanciata nel 1952 (durante i lavori del terzo Congresso Nazionale) dal Segretario Generale della CGIL, Giuseppe Di Vittorio. Alla sua definitiva approvazione, una gruppo di Parlamentari affermarono che con lo Statuto: \u201cla Costituzione entrava in fabbrica\u201d. Di fatto tutti i rapporti di lavoro dal 1970 sono regolati dalle norme dello Statuto e dai contratti collettivi. Negli ultimi anni lo Statuto ha trovato grande attenzione, nell\u2019opinione pubblica, per effetto delle forzature politiche (opinabili modifiche introdotte con lo \u201czampino\u201d di una parte della classe imprenditoriale italiana) all\u2019art. 18 che disciplina la \u201cgiusta causa\u201d per il licenziamento. Sarebbe bene ed opportuno far conoscere e far apprezzare ai giovani, anche negli ambiti scolastici, la storia, l\u2019evoluzione e l\u2019applicazione dello Statuto in tutte le sue parti, in quanto \u00e8 una Legge dello Stato, conforme alla nostra Carta Costituzionale, ottenuta cinquant\u2019anni fa, grazie alla mobilitazione dei lavoratori e delle lavoratrici, evidenziando che in pi\u00f9 di un\u2019occasione, nelle piazze delle manifestazioni organizzate da CGIL CISL UIL, numerosa \u00e8 stata la partecipazione (anche) degli studenti.<\/p><\/blockquote>\n<p>&nbsp;<\/p>\n<p>&nbsp;<\/p>\n<hr \/>\n<p>&nbsp;<\/p>\n<blockquote class=\"wp-embedded-content\" data-secret=\"y84lOCRmPT\"><p><a href=\"https:\/\/www.radiopiu.net\/wordpress\/maestra-chiara-e-la-storia-dei-6-corvi\/\">MAESTRA CHIARA E LA STORIA DEI 6 CORVI<\/a><\/p><\/blockquote>\n<p><iframe loading=\"lazy\" title=\"&#8220;MAESTRA CHIARA E LA STORIA DEI 6 CORVI&#8221; &#8212; Radio Pi\u00f9\" class=\"wp-embedded-content\" sandbox=\"allow-scripts\" security=\"restricted\" style=\"position: absolute; clip: rect(1px, 1px, 1px, 1px);\" src=\"https:\/\/www.radiopiu.net\/wordpress\/maestra-chiara-e-la-storia-dei-6-corvi\/embed\/#?secret=y84lOCRmPT\" data-secret=\"y84lOCRmPT\" width=\"600\" height=\"338\" frameborder=\"0\" marginwidth=\"0\" marginheight=\"0\" scrolling=\"no\"><\/iframe><\/p>\n<p>&nbsp;<\/p>\n<hr \/>\n<p>&nbsp;<\/p>\n<blockquote class=\"wp-embedded-content\" data-secret=\"5EJ1lkEPOn\"><p><a href=\"https:\/\/www.radiopiu.net\/wordpress\/lorenzago-wojtyla-e-don-sesto-di-renato-bona\/\">LORENZAGO, WOJTYLA E\u2026 DON SESTO di RENATO BONA<\/a><\/p><\/blockquote>\n<p><iframe loading=\"lazy\" title=\"&#8220;LORENZAGO, WOJTYLA E\u2026 DON SESTO di RENATO BONA&#8221; &#8212; Radio Pi\u00f9\" class=\"wp-embedded-content\" sandbox=\"allow-scripts\" security=\"restricted\" style=\"position: absolute; clip: rect(1px, 1px, 1px, 1px);\" src=\"https:\/\/www.radiopiu.net\/wordpress\/lorenzago-wojtyla-e-don-sesto-di-renato-bona\/embed\/#?secret=5EJ1lkEPOn\" data-secret=\"5EJ1lkEPOn\" width=\"600\" height=\"338\" frameborder=\"0\" marginwidth=\"0\" marginheight=\"0\" scrolling=\"no\"><\/iframe><\/p>\n<p>&nbsp;<\/p>\n<hr \/>\n<p>&nbsp;<\/p>\n<h2>IERI ALLA RADIO<\/h2>\n<p><a class=\"dt-pswp-item\" href=\"https:\/\/www.radiopiu.net\/wordpress\/wp-content\/uploads\/2020\/05\/logo_yeswenet.png\" data-large_image_height=\"453\" data-large_image_width=\"595\" data-dt-img-description=\"\"><img loading=\"lazy\" decoding=\"async\" class=\"size-medium wp-image-135815 alignleft\" src=\"https:\/\/www.radiopiu.net\/wordpress\/wp-content\/uploads\/2020\/05\/logo_yeswenet-300x228.png\" alt=\"\" width=\"300\" height=\"228\" srcset=\"https:\/\/www.radiopiu.net\/wordpress\/wp-content\/uploads\/2020\/05\/logo_yeswenet-300x228.png 300w, https:\/\/www.radiopiu.net\/wordpress\/wp-content\/uploads\/2020\/05\/logo_yeswenet.png 595w\" sizes=\"auto, (max-width: 300px) 100vw, 300px\" \/><\/a><strong>ISABELLA SPADARO, YESWENET<\/strong><\/p>\n<p><strong>di Claudio Fontanive<\/strong><\/p>\n<audio class=\"wp-audio-shortcode\" id=\"audio-139052-13\" preload=\"none\" style=\"width: 100%;\" controls=\"controls\"><source type=\"audio\/mpeg\" src=\"https:\/\/www.radiopiu.net\/wordpress\/wp-content\/uploads\/2020\/05\/yes-wenet-isabella-spadaro-20-magio.mp3?_=13\" \/><a href=\"https:\/\/www.radiopiu.net\/wordpress\/wp-content\/uploads\/2020\/05\/yes-wenet-isabella-spadaro-20-magio.mp3\">https:\/\/www.radiopiu.net\/wordpress\/wp-content\/uploads\/2020\/05\/yes-wenet-isabella-spadaro-20-magio.mp3<\/a><\/audio>\n<p>&nbsp;<\/p>\n<hr \/>\n<p>&nbsp;<\/p>\n<p>&nbsp;<\/p>\n<h3><span style=\"color: #99cc00;\"><a class=\"dt-pswp-item\" href=\"https:\/\/www.radiopiu.net\/wordpress\/wp-content\/uploads\/2019\/05\/LUX-ELI-2.jpg\" data-dt-img-description=\"\" data-large_image_width=\"1280\" data-large_image_height=\"853\"><img loading=\"lazy\" decoding=\"async\" class=\"size-medium wp-image-85089 alignleft\" src=\"https:\/\/www.radiopiu.net\/wordpress\/wp-content\/uploads\/2019\/05\/LUX-ELI-2-300x200.jpg\" alt=\"\" width=\"300\" height=\"200\" srcset=\"https:\/\/www.radiopiu.net\/wordpress\/wp-content\/uploads\/2019\/05\/LUX-ELI-2-300x200.jpg 300w, https:\/\/www.radiopiu.net\/wordpress\/wp-content\/uploads\/2019\/05\/LUX-ELI-2-768x512.jpg 768w, https:\/\/www.radiopiu.net\/wordpress\/wp-content\/uploads\/2019\/05\/LUX-ELI-2-1024x682.jpg 1024w, https:\/\/www.radiopiu.net\/wordpress\/wp-content\/uploads\/2019\/05\/LUX-ELI-2.jpg 1280w\" sizes=\"auto, (max-width: 300px) 100vw, 300px\" \/><\/a><\/span><\/h3>\n<h3><\/h3>\n<h3><span style=\"color: #99cc00;\">CISL, LA VOCE DEI LAVORATORI<\/span><\/h3>\n<p>PUNTATA A TRE VOCI<\/p>\n<p>&nbsp;<\/p>\n<p>&nbsp;<\/p>\n<p>&nbsp;<\/p>\n<p>&nbsp;<\/p>\n<audio class=\"wp-audio-shortcode\" id=\"audio-139052-14\" preload=\"none\" style=\"width: 100%;\" controls=\"controls\"><source type=\"audio\/mpeg\" src=\"https:\/\/www.radiopiu.net\/wordpress\/wp-content\/uploads\/2020\/05\/CISL-LA-VOCE-DEI-LAVORATORI-1.mp3?_=14\" \/><a href=\"https:\/\/www.radiopiu.net\/wordpress\/wp-content\/uploads\/2020\/05\/CISL-LA-VOCE-DEI-LAVORATORI-1.mp3\">https:\/\/www.radiopiu.net\/wordpress\/wp-content\/uploads\/2020\/05\/CISL-LA-VOCE-DEI-LAVORATORI-1.mp3<\/a><\/audio>\n<p>&nbsp;<\/p>\n<hr \/>\n<p>&nbsp;<\/p>\n<p><a class=\"dt-pswp-item\" href=\"https:\/\/www.radiopiu.net\/wordpress\/wp-content\/uploads\/2020\/05\/ZAGOR-CLAUDIO-PRA.jpg\" data-dt-img-description=\"\" data-large_image_width=\"1264\" data-large_image_height=\"1280\"><img loading=\"lazy\" decoding=\"async\" class=\"size-medium wp-image-139156 alignleft\" src=\"https:\/\/www.radiopiu.net\/wordpress\/wp-content\/uploads\/2020\/05\/ZAGOR-CLAUDIO-PRA-296x300.jpg\" alt=\"\" width=\"296\" height=\"300\" srcset=\"https:\/\/www.radiopiu.net\/wordpress\/wp-content\/uploads\/2020\/05\/ZAGOR-CLAUDIO-PRA-296x300.jpg 296w, https:\/\/www.radiopiu.net\/wordpress\/wp-content\/uploads\/2020\/05\/ZAGOR-CLAUDIO-PRA-1011x1024.jpg 1011w, https:\/\/www.radiopiu.net\/wordpress\/wp-content\/uploads\/2020\/05\/ZAGOR-CLAUDIO-PRA-768x778.jpg 768w, https:\/\/www.radiopiu.net\/wordpress\/wp-content\/uploads\/2020\/05\/ZAGOR-CLAUDIO-PRA.jpg 1264w\" sizes=\"auto, (max-width: 296px) 100vw, 296px\" \/><\/a><\/p>\n<p>&nbsp;<\/p>\n<h2><strong>ZAGOR ED IL FUMETTO WESTERN<\/strong><\/h2>\n<p><strong>di Claudio Pra<\/strong><\/p>\n<audio class=\"wp-audio-shortcode\" id=\"audio-139052-15\" preload=\"none\" style=\"width: 100%;\" controls=\"controls\"><source type=\"audio\/mpeg\" src=\"https:\/\/www.radiopiu.net\/wordpress\/wp-content\/uploads\/2020\/05\/CLAUDIO-PRA-Zagor-racconto.mp3?_=15\" \/><a href=\"https:\/\/www.radiopiu.net\/wordpress\/wp-content\/uploads\/2020\/05\/CLAUDIO-PRA-Zagor-racconto.mp3\">https:\/\/www.radiopiu.net\/wordpress\/wp-content\/uploads\/2020\/05\/CLAUDIO-PRA-Zagor-racconto.mp3<\/a><\/audio>\n<p>&nbsp;<\/p>\n<h3><span style=\"color: #ff0000;\">I DIARI DEL PESCE ROSSO<\/span><\/h3>\n<p>&nbsp;<\/p>\n<blockquote class=\"wp-embedded-content\" data-secret=\"HujHtp6RhW\"><p><a href=\"https:\/\/www.radiopiu.net\/wordpress\/puntata-15-i-diari-del-pesce-rosso-diari-quarantena\/\">PUNTATA 15 I DIARI DEL PESCE ROSSO\/DIARI QUARANTENA<\/a><\/p><\/blockquote>\n<p><iframe loading=\"lazy\" title=\"&#8220;PUNTATA 15 I DIARI DEL PESCE ROSSO\/DIARI QUARANTENA&#8221; &#8212; Radio Pi\u00f9\" class=\"wp-embedded-content\" sandbox=\"allow-scripts\" security=\"restricted\" style=\"position: absolute; clip: rect(1px, 1px, 1px, 1px);\" src=\"https:\/\/www.radiopiu.net\/wordpress\/puntata-15-i-diari-del-pesce-rosso-diari-quarantena\/embed\/#?secret=HujHtp6RhW\" data-secret=\"HujHtp6RhW\" width=\"600\" height=\"338\" frameborder=\"0\" marginwidth=\"0\" marginheight=\"0\" scrolling=\"no\"><\/iframe><\/p>\n<p>&nbsp;<\/p>\n<p>&nbsp;<\/p>\n<blockquote class=\"wp-embedded-content\" data-secret=\"yyYHVpEtiz\"><p><a href=\"https:\/\/www.radiopiu.net\/wordpress\/diari-del-pesce-rosso\/\">Diari del pesce rosso<\/a><\/p><\/blockquote>\n<p><iframe loading=\"lazy\" title=\"&#8220;Diari del pesce rosso&#8221; &#8212; Radio Pi\u00f9\" class=\"wp-embedded-content\" sandbox=\"allow-scripts\" security=\"restricted\" style=\"position: absolute; clip: rect(1px, 1px, 1px, 1px);\" src=\"https:\/\/www.radiopiu.net\/wordpress\/diari-del-pesce-rosso\/embed\/#?secret=yyYHVpEtiz\" data-secret=\"yyYHVpEtiz\" width=\"600\" height=\"338\" frameborder=\"0\" marginwidth=\"0\" marginheight=\"0\" scrolling=\"no\"><\/iframe><\/p>\n<p>&nbsp;<\/p>\n<h3><span style=\"color: #ff00ff;\">IN VIVO VERSO<\/span><\/h3>\n<blockquote class=\"wp-embedded-content\" data-secret=\"kNQMQOI7wy\"><p><a href=\"https:\/\/www.radiopiu.net\/wordpress\/mi-manchi-di-ilaria-colangeli\/\">MI MANCHI di ILARIA COLANGELI<\/a><\/p><\/blockquote>\n<p><iframe loading=\"lazy\" title=\"&#8220;MI MANCHI di ILARIA COLANGELI&#8221; &#8212; Radio Pi\u00f9\" class=\"wp-embedded-content\" sandbox=\"allow-scripts\" security=\"restricted\" style=\"position: absolute; clip: rect(1px, 1px, 1px, 1px);\" src=\"https:\/\/www.radiopiu.net\/wordpress\/mi-manchi-di-ilaria-colangeli\/embed\/#?secret=kNQMQOI7wy\" data-secret=\"kNQMQOI7wy\" width=\"600\" height=\"338\" frameborder=\"0\" marginwidth=\"0\" marginheight=\"0\" scrolling=\"no\"><\/iframe><\/p>\n<p><strong>LA COLLEZIONE COMPLETA<\/strong><\/p>\n<blockquote class=\"wp-embedded-content\" data-secret=\"Wz4SgD2dfs\"><p><a href=\"https:\/\/www.radiopiu.net\/wordpress\/in-vivo-verso\/\">In Vivo Verso<\/a><\/p><\/blockquote>\n<p><iframe loading=\"lazy\" title=\"&#8220;In Vivo Verso&#8221; &#8212; Radio Pi\u00f9\" class=\"wp-embedded-content\" sandbox=\"allow-scripts\" security=\"restricted\" style=\"position: absolute; clip: rect(1px, 1px, 1px, 1px);\" src=\"https:\/\/www.radiopiu.net\/wordpress\/in-vivo-verso\/embed\/#?secret=Wz4SgD2dfs\" data-secret=\"Wz4SgD2dfs\" width=\"600\" height=\"338\" frameborder=\"0\" marginwidth=\"0\" marginheight=\"0\" scrolling=\"no\"><\/iframe><\/p>\n<h3><span style=\"color: #0000ff;\">DUE MINUTI UN LIBRO<\/span><\/h3>\n<blockquote class=\"wp-embedded-content\" data-secret=\"hXdJ9QDiAY\"><p><a href=\"https:\/\/www.radiopiu.net\/wordpress\/una-giornata-nera\/\">UNA GIORNATA NERA<\/a><\/p><\/blockquote>\n<p><iframe loading=\"lazy\" title=\"&#8220;UNA GIORNATA NERA&#8221; &#8212; Radio Pi\u00f9\" class=\"wp-embedded-content\" sandbox=\"allow-scripts\" security=\"restricted\" style=\"position: absolute; clip: rect(1px, 1px, 1px, 1px);\" src=\"https:\/\/www.radiopiu.net\/wordpress\/una-giornata-nera\/embed\/#?secret=hXdJ9QDiAY\" data-secret=\"hXdJ9QDiAY\" width=\"600\" height=\"338\" frameborder=\"0\" marginwidth=\"0\" marginheight=\"0\" scrolling=\"no\"><\/iframe><\/p>\n<p><strong>LE ALTRE PUNTATE<\/strong><\/p>\n<blockquote class=\"wp-embedded-content\" data-secret=\"7hyjplwVY5\"><p><a href=\"https:\/\/www.radiopiu.net\/wordpress\/due-minuti-un-libro\/\">Due minuti un libro<\/a><\/p><\/blockquote>\n<p><iframe loading=\"lazy\" title=\"&#8220;Due minuti un libro&#8221; &#8212; Radio Pi\u00f9\" class=\"wp-embedded-content\" sandbox=\"allow-scripts\" security=\"restricted\" style=\"position: absolute; clip: rect(1px, 1px, 1px, 1px);\" src=\"https:\/\/www.radiopiu.net\/wordpress\/due-minuti-un-libro\/embed\/#?secret=7hyjplwVY5\" data-secret=\"7hyjplwVY5\" width=\"600\" height=\"338\" frameborder=\"0\" marginwidth=\"0\" marginheight=\"0\" scrolling=\"no\"><\/iframe><\/p>\n<h3><span style=\"color: #99cc00;\">AGORDINOMERON<\/span><\/h3>\n<blockquote class=\"wp-embedded-content\" data-secret=\"jeWycVfede\"><p><a href=\"https:\/\/www.radiopiu.net\/wordpress\/agordinomeron\/\">AGORDINOMERON, IL TERRITORIO SI RACCONTA Da un&#8217;idea di Gianni Santomaso<\/a><\/p><\/blockquote>\n<p><iframe loading=\"lazy\" title=\"&#8220;AGORDINOMERON, IL TERRITORIO SI RACCONTA Da un&#8217;idea di Gianni Santomaso&#8221; &#8212; Radio Pi\u00f9\" class=\"wp-embedded-content\" sandbox=\"allow-scripts\" security=\"restricted\" style=\"position: absolute; clip: rect(1px, 1px, 1px, 1px);\" src=\"https:\/\/www.radiopiu.net\/wordpress\/agordinomeron\/embed\/#?secret=jeWycVfede\" data-secret=\"jeWycVfede\" width=\"600\" height=\"338\" frameborder=\"0\" marginwidth=\"0\" marginheight=\"0\" scrolling=\"no\"><\/iframe><\/p>\n<h3><span style=\"color: #333399;\">IL MESSAGGIO DEI SACERDOTI A RADIO PIU&#8217;<\/span><\/h3>\n<blockquote class=\"wp-embedded-content\" data-secret=\"dOtT7QISxg\"><p><a href=\"https:\/\/www.radiopiu.net\/wordpress\/il-messaggio-dai-sacerdoti-della-conca-su-radio-piu-alle-7-30-e-19-30\/\">IL MESSAGGIO DAI SACERDOTI SU RADIO PIU&#8217; ALLE 7.30 E 19.30<\/a><\/p><\/blockquote>\n<p><iframe loading=\"lazy\" title=\"&#8220;IL MESSAGGIO DAI SACERDOTI SU RADIO PIU&#8217; ALLE 7.30 E 19.30&#8221; &#8212; Radio Pi\u00f9\" class=\"wp-embedded-content\" sandbox=\"allow-scripts\" security=\"restricted\" style=\"position: absolute; clip: rect(1px, 1px, 1px, 1px);\" src=\"https:\/\/www.radiopiu.net\/wordpress\/il-messaggio-dai-sacerdoti-della-conca-su-radio-piu-alle-7-30-e-19-30\/embed\/#?secret=dOtT7QISxg\" data-secret=\"dOtT7QISxg\" width=\"600\" height=\"338\" frameborder=\"0\" marginwidth=\"0\" marginheight=\"0\" scrolling=\"no\"><\/iframe><\/p>\n<p>&nbsp;<\/p>\n<hr \/>\n<p>&nbsp;<\/p>\n<p><strong class=\"photoswipe-wrapper\"><a class=\"dt-pswp-item pspw-wrap-ready\" href=\"https:\/\/i0.wp.com\/www.radiopiu.net\/wordpress\/wp-content\/uploads\/2018\/09\/viabilita.jpeg?ssl=1\" data-dt-img-description=\"\" data-large_image_width=\"800\" data-large_image_height=\"100\"><img loading=\"lazy\" decoding=\"async\" class=\"aligncenter wp-image-61954 size-full\" src=\"https:\/\/i0.wp.com\/www.radiopiu.net\/wordpress\/wp-content\/uploads\/2018\/09\/viabilita.jpeg?resize=800%2C100&amp;ssl=1\" sizes=\"auto, (max-width: 800px) 100vw, 800px\" srcset=\"https:\/\/i0.wp.com\/www.radiopiu.net\/wordpress\/wp-content\/uploads\/2018\/09\/viabilita.jpeg?w=800&amp;ssl=1 800w, https:\/\/i0.wp.com\/www.radiopiu.net\/wordpress\/wp-content\/uploads\/2018\/09\/viabilita.jpeg?resize=300%2C38&amp;ssl=1 300w, https:\/\/i0.wp.com\/www.radiopiu.net\/wordpress\/wp-content\/uploads\/2018\/09\/viabilita.jpeg?resize=768%2C96&amp;ssl=1 768w\" alt=\"\" width=\"800\" height=\"100\" \/><\/a><\/strong><\/p>\n<p><strong>\u00a0<\/strong><\/p>\n<blockquote><p><strong>INTERRUZIONI A CRISTO DELLE PIANIZZE\u00a0<\/strong>sp347 DURAN E CEREDA fino al 5 giugno (esclusi festivi e prefestivi) possibili interruzioni in localit\u00e0 Pianizze (Agordo) della durata massima di 15 minuti dalle 8 alle 12 e dalle 13 alle 17, inoltre senso unico alternato nei periodi non interessati dalle chiusura<\/p><\/blockquote>\n<p>PROVINCIALE 20 DELLA VAL FIORENTINA, SELVA DI CADORE: FINO AL 13 GIUGNO, CHIUSURA TOTALE TRA SOLATOR E IL CENTRO DEL PAESE ANCHE NEI GIORNI FESTIVI E PREFESTIVI, DAL CHILOMETRO 4.850 AL CHILOMETRO 5.100. TRANSITO CONSENTITO AI LOCALI CON TEMPI DI ATTESA MASSIMI STIMATI IN 30 MINUTI IN LOCALITA\u2019 SOLATOR DAL CHILOMETRO 4.400 AL CHILOMETRO 4.850<\/p>\n<p>REGIONALE 48 DELLE DOLOMITI, LOCALIT\u00c0 POCOL INIZIO ABITATO CORTINA,FINO\u00a0 AL 12 GIUGNO SEMAFORO PER TRATTI DI 250 METRI ANCHE NEI GIORNI FESTIVI E PREFESTIVI<\/p>\n<p>REGIONALE 203 AGORDINA FINO AL 15 GIUGNO IN LOCALIT\u00c0 LA MUDA DEVIAZIONE SU VIABILIT\u00c0 PROVVISORIA, PRUDENZA<\/p>\n<p>PROVINCIALE 346 SAN PELLEGRINO\u00a0 FINO\u00a0 AL 22 MAGGIO IN COMUNE DI CANALE D\u2019AGORDO SENSO UNICO ALTERNATO ESCLUSI SABATO E DOMENICA<\/p>\n<p>PROVINCIALE 12 PEDEMONTANA LOCALIT\u00c0 PONTE MAS, CHIUSURA TOTALE DI PONTE MAS FINO\u00a0 AL 30 GIUGNO<\/p>\n<p>STRADA REGIONALE 48 DELLE DOLOMITI, DAL KM 110,350 AL KM 112, SENSO UNICO ALTERNATO REGOLATO DA IMPIANTO SEMAFORICO ANCHE SABATO E FESTIVI FINO\u00a0 AL 31 MAGGIO PER POSA ELETTRODOTTO INTERRATO<\/p>\n<p>PROVINCIALE 563 DI SALESEI, FINO\u00a0 AL 3 LUGLIO, SENSO UNICO ALTERNATO REGOLATO DA IMPIANTO SEMAFORICO IN LOCALIT\u00c0 DIGONERA PER MESSA IN SICUREZZA PIANO VIABILE, SABATO E FESTIVI INCLUSI<\/p>\n<p>PROVINCIALE 347 PASSO DURAN, LOCALITA\u2019 SANT\u2019ANDREA DI GOSALDO. FINO AL 5 GIUGNO SENSO UNICO ALTERNATO<\/p>\n<p>STRADA PROVINCIALE 347 DEL PASSO CEREDA E DURAN, DALLE 7 ALLE 18 ,\u00a0 FINO AL 29 MAGGIO, POSSIBILI TEMPORANEE INTERRUZZIONI ALLA VIABILIT\u00e0 DELLA DURATA MASSIMA DI 30 MINUTI E SENSO UNICO ALTERNATO REGOLATO DA MOVIERI PER ASFALTATURA TRATTI DI STRADA TRA PASSO DURAN E DONT<\/p>\n<p>STRADA PROVINCIALE 346 DEL PASSO SAN PELLEGRINO, FINO\u00a0 AL 5 GIUGNO, SENSO UNICO ALTERNATO REGOLATO DA IMPIANTO SEMOFORICO TRA FALCADE E FALCADE ALTO PER POSA CAVIDOTTO FIBRA OTTICA<\/p>\n<p>STRADA PROVINCIALE 347 DEL PASSO CEREDA E DURAN, FINO\u00a0 AL 01 GIUGNO ESCLUSE DOMENICHE E FESTIVI, SENSO UNICO ALTERNATO REGOLATO DA IMPIANTO SEMAFORICO O MOVIERI IN COMUNE DI VALLE DI CADORE PER SONDAGGI GEOTECNICI<\/p>\n<p>STRADA REGIONALE 203 AGORDINA, ABITATO DI MASARE\u2019 DI ROCCA PIETORE. FINO\u00a0 AL 22 MAGGIO, ESCLUSO SABATO E DOMENICA, DALLE 8 ALLE 17 SENSO UNICO ALTERNATO REGOLATO DA IMPIANTO SEMAFORICO PER REALIZZAZIONE IMPIANTO ILLUMINAZIONE SU PASSAGGIO PEDONALE<\/p>\n<p>SP346 DEL SAN PELLEGRINO, COMUNE DI VALLADA,\u00a0 FINO\u00a0 AL 29 MAGGIO SENSO UNICO ALTERNATO PER MESSA IN SICUREZZA BARRIERE LATERALI<\/p>\n<p>&nbsp;<\/p>\n<hr \/>\n<p>&nbsp;<\/p>\n<p><img decoding=\"async\" class=\"aligncenter jetpack-lazy-image jetpack-lazy-image--handled\" src=\"https:\/\/i0.wp.com\/www.radiopiu.net\/wordpress\/wp-content\/uploads\/2018\/09\/WhatsApp-Image-2018-09-20-at-16.04.06.jpeg?resize=800%2C100&amp;ssl=1\" data-lazy-loaded=\"1\" \/><\/p>\n<p>&nbsp;<\/p>\n<p><center><b>Giovedi 21<\/b><\/center><b>Tempo atteso:\u00a0<\/b>Al mattino tempo ben soleggiato con cielo sereno ed ottima visibilit\u00e0, salvo banchi di nubi basse mattutine su alcuni settori prealpini. Al pomeriggio riduzione del soleggiamento per modesti cumuli sulle Dolomiti e attivit\u00e0 cumuliforme pi\u00f9 presente sulle Prealpi, specie a ridosso della pedemontana. Clima fresco di notte e primaverile di giorno.<br \/>\n<b>Precipitazioni:\u00a0<\/b>Assenti (0%), salvo qualche isolato piovasco pomeridiano sulla fascia prealpina a ridosso della pedemontana (10\/20%).<br \/>\n<b>Temperature:\u00a0<\/b>Minime in calo, specie nelle valli interessate dal Foehn o dalle nubi basse mercoled\u00ec mattina; massime senza notevoli variazioni nelle valli e in lieve aumento in alta quota. Sono previste punte massime di 23\/24\u00b0C nei fondovalle prealpini e di 19\/20\u00b0C a 1000\/1200 m. Sulle Prealpi a 1500 m min 9\u00b0C, max 15\u00b0C e a 2000 m min 7\u00b0C, max 12\u00b0C, sulle Dolomiti a 2000 m min 6\u00b0C, max 13\u00b0C e a 3000 m min 0\u00b0C, max 2\u00b0C.<br \/>\n<b>Venti:\u00a0<\/b>Nelle valli deboli o localmente ed a tratti moderati a regime di brezza. In quota perlopi\u00f9 moderati da nord, a tratti tesi sulle cime pi\u00f9 alte al mattino, a 10-15 km\/h a 2000 m e 15\/30 km\/h a 3000 m.<\/p>\n<hr \/>\n<p><center><b>Venerdi 22<\/b><\/center><b>Tempo atteso:\u00a0<\/b>Al mattino solo in parte soleggiato per transito di estese e sottili nubi alte. In questo contesto di cielo velato, l&#8217;attivit\u00e0 cumuliforme delle ore pi\u00f9 calde sar\u00e0 assai inibita, soprattutto per la maggiore copertura nuvolosa pomeridinana causata dall&#8217;infittirsi delle nubi alte e dal sopraggiungere di nubi medie stratiformi. Clima sempre caldo per il periodo, con maggiore scostamento positivo in quota rispetto alla media.<br \/>\n<b>Precipitazioni:\u00a0<\/b>Assenti (0%).<br \/>\n<b>Temperature:\u00a0<\/b>Minime in aumento a tutte le quote; massime pressoch\u00e9 stazionarie in alta quota e in leggera flessione nelle valli. Sono previste punte massime di 21\/22\u00b0C nei fondovalle prealpini e di 17\/18\u00b0C a 1000\/1200 m. Sulle Prealpi a 1500 m min 10\u00b0C, max 14\u00b0C e a 2000 m min 8\u00b0C, max 11\u00b0C, sulle Dolomiti a 2000 m min 7\u00b0C, max 11\u00b0C e a 3000 m min 1\u00b0C, max 4\u00b0C.<br \/>\n<b>Venti:\u00a0<\/b>Perlopi\u00f9 deboli, a tratti moderati, a regime di brezza nelle valli; in quota deboli\/moderati da nord nord-ovest, a 5-10 km\/h a 2000 m e 15-25 km\/h a 3000 m.<\/p>\n<hr \/>\n<p><center><b>Sabato 23<\/b><\/center>Al mattino tempo perlopi\u00f9 soleggiato con qualche iniziale velatura del cielo, in rapido diradamento. Nelle ore pi\u00f9 calde riduzione del soleggiamento per attivit\u00e0 cumuliforme irregolare, localmente intensa per la forte convezione diurna, pertanto ci saranno focolai temporaleschi a partire dalle Dolomiti al pomeriggio, successivamente e in maniera pi\u00f9 sporadica anche sulle Prealpi. Clima fresco di notte e sempre pi\u00f9 caldo in giornata. Venti in quota deboli\/moderati da nord-ovest al mattino e da ovest al pomeriggio; perlopi\u00f9 deboli per brezze nelle valli.<\/p>\n<hr \/>\n<p><center><b>Domenica 24<\/b><\/center>Sulle Dolomiti tempo perlopi\u00f9 soleggiato con temporanea ripresa dell&#8217;attivit\u00e0 cumuliforme, magari associata a qualche fenomeno sui settori meridionali durante le ore pi\u00f9 calde. Sulle Prealpi temporali notturni, poi miglioramento del tempo seguito da forte attivit\u00e0 convettiva con annessi rovesci e temporali nelle ore pi\u00f9 calde. Alla sera ampi rasserenamenti ovunque. Temperature in generale calo. Venti in quota moderati da nord-ovest, anche tesi sulle cime dolomitiche pi\u00f9 alte, perlopi\u00f9 deboli per brezze nelle valli. Previsore: R.L.Th.<\/p>\n","protected":false},"excerpt":{"rendered":"<p>Montecitorio, 21\/05\/2020 &#8211; Informativa del Presidente del Consiglio, Giuseppe Conte, alla Camera dei Deputati sulle misure per la nuova fase dell&#8217;emergenza Coronavirus. PER RICEVERE QUESTO NOTIZIARIO DIRETTAMENTE SUL TUO CELLULARE ISCRIVITI AL CANALE TELEGRAM\u00a0\u201cRADIO PIU\u00a0 INFORMAZIONE\u201d &nbsp; &nbsp; Gestione Servizi Pubblici informa che a GOSALDO nelle Localit\u00e0 LE CASE, CURTI, INCASAL,LE FOCHE, LAMBROI, DENEORE, MAGAIT,&hellip;<\/p>\n","protected":false},"author":4,"featured_media":139282,"comment_status":"closed","ping_status":"closed","sticky":false,"template":"","format":"standard","meta":{"_monsterinsights_skip_tracking":false,"_monsterinsights_sitenote_active":false,"_monsterinsights_sitenote_note":"","_monsterinsights_sitenote_category":0,"footnotes":""},"categories":[1,86,49],"tags":[],"class_list":["post-139052","post","type-post","status-publish","format-standard","has-post-thumbnail","hentry","category-senza-categoria","category-gr","category-news-18","category-1","category-86","category-49","description-off"],"img_url":"https:\/\/www.radiopiu.net\/wordpress\/wp-content\/uploads\/2020\/05\/50934040-b382-42fb-b099-73d27cc9d479.jpg","_links":{"self":[{"href":"https:\/\/www.radiopiu.net\/wordpress\/wp-json\/wp\/v2\/posts\/139052","targetHints":{"allow":["GET"]}}],"collection":[{"href":"https:\/\/www.radiopiu.net\/wordpress\/wp-json\/wp\/v2\/posts"}],"about":[{"href":"https:\/\/www.radiopiu.net\/wordpress\/wp-json\/wp\/v2\/types\/post"}],"author":[{"embeddable":true,"href":"https:\/\/www.radiopiu.net\/wordpress\/wp-json\/wp\/v2\/users\/4"}],"replies":[{"embeddable":true,"href":"https:\/\/www.radiopiu.net\/wordpress\/wp-json\/wp\/v2\/comments?post=139052"}],"version-history":[{"count":0,"href":"https:\/\/www.radiopiu.net\/wordpress\/wp-json\/wp\/v2\/posts\/139052\/revisions"}],"wp:featuredmedia":[{"embeddable":true,"href":"https:\/\/www.radiopiu.net\/wordpress\/wp-json\/wp\/v2\/media\/139282"}],"wp:attachment":[{"href":"https:\/\/www.radiopiu.net\/wordpress\/wp-json\/wp\/v2\/media?parent=139052"}],"wp:term":[{"taxonomy":"category","embeddable":true,"href":"https:\/\/www.radiopiu.net\/wordpress\/wp-json\/wp\/v2\/categories?post=139052"},{"taxonomy":"post_tag","embeddable":true,"href":"https:\/\/www.radiopiu.net\/wordpress\/wp-json\/wp\/v2\/tags?post=139052"}],"curies":[{"name":"wp","href":"https:\/\/api.w.org\/{rel}","templated":true}]}}