{"id":139080,"date":"2020-05-21T07:32:34","date_gmt":"2020-05-21T05:32:34","guid":{"rendered":"https:\/\/www.radiopiu.net\/wordpress\/?p=139080"},"modified":"2020-05-21T07:32:40","modified_gmt":"2020-05-21T05:32:40","slug":"il-grazie-dei-commercianti-di-agordo-alla-pro-loco","status":"publish","type":"post","link":"https:\/\/www.radiopiu.net\/wordpress\/il-grazie-dei-commercianti-di-agordo-alla-pro-loco\/","title":{"rendered":"IL \u201cGRAZIE\u201d DEI COMMERCIANTI DI AGORDO ALLA PRO LOCO"},"content":{"rendered":"<p><strong><a class=\"dt-pswp-item\" href=\"https:\/\/www.radiopiu.net\/wordpress\/wp-content\/uploads\/2020\/05\/99131940_4410165152334326_868926348461080576_o.jpg\" data-dt-img-description=\"\" data-large_image_width=\"457\" data-large_image_height=\"960\"><img loading=\"lazy\" decoding=\"async\" class=\"size-medium wp-image-139084 alignleft\" src=\"https:\/\/www.radiopiu.net\/wordpress\/wp-content\/uploads\/2020\/05\/99131940_4410165152334326_868926348461080576_o-143x300.jpg\" alt=\"\" width=\"143\" height=\"300\" srcset=\"https:\/\/www.radiopiu.net\/wordpress\/wp-content\/uploads\/2020\/05\/99131940_4410165152334326_868926348461080576_o-143x300.jpg 143w, https:\/\/www.radiopiu.net\/wordpress\/wp-content\/uploads\/2020\/05\/99131940_4410165152334326_868926348461080576_o.jpg 457w\" sizes=\"auto, (max-width: 143px) 100vw, 143px\" \/><\/a>AGORDO<\/strong> \u00ab<em>Grazie Pro loco di Agordo, la vostra generosit\u00e0 \u00e8 un esempio ed il vostro regalo ci ha davvero resi felici!<\/em>\u201d, cos\u00ec, a botta calda, Roberto Schena, delegato Confcommercio di Agordo, commenta il regalo delle mascherine che la locale Pro loco ha dedicato agli esercenti del capoluogo agordino. \u00ab<em>In questi giorni<\/em>\u00bb, continua Schena, \u00ab<em>dopo un periodo davvero duro riaprono negozi, bar, ristoranti ed un gesto di solidariet\u00e0 era quello che ci voleva, tra dubbi e timori, a dare positivit\u00e0. La comunit\u00e0 \u00e8 unita, la comunit\u00e0 torner\u00e0 a vivere grazie a compattezza e collaborazione. Appena possibile ripartiranno anche le insostituibili iniziative della Pro loco e noi saremo lieti di collaborare come e pi\u00f9 di prima!<\/em>\u00bb. Confcommercio Belluno ed i propri delegati comunali da sempre rimarcano quanto sia fondamentale la sinergia fra le componenti socio-economiche dei paesi e delle citt\u00e0. La quarantena forzata &#8211; con il conseguente azzeramento della socialit\u00e0 e della vitalit\u00e0 economica &#8211; ha dimostrato quanto i nostri centri storici, maggiori e minori che siano, risultano vuoti e drammaticamente \u201cspogli\u201d senza attivit\u00e0 e senza persone. E questo deve essere un insegnamento affinch\u00e9 si torni a percepire il \u201ccentro commerciale naturale\u201d come un vero luogo di aggregazione sociale ed economica all&#8217;insegna degli spazi aperti, di un drink in piazza, di un acquisto in locali \u201ca misura d&#8217;uomo\u201d e vocati alle relazioni, di una chiacchierata con amici e familiari. Il tutto nel rispetto delle condizioni di sicurezza che, se ben attuate oggi, ci permetteranno di non richiudere domani. \u00ab<em>Quanto ci \u00e8 mancata la piazza di Agordo in questi mesi!\u00bb, conclude Schena. \u00abBene, commercianti e pubblici esercenti agordini faranno la loro parte perch\u00e9 paesani e turisti se ne riapproprino con pi\u00f9 vigore ed entusiasmo di prima<\/em>\u00bb.<\/p>\n","protected":false},"excerpt":{"rendered":"<p>AGORDO \u00abGrazie Pro loco di Agordo, la vostra generosit\u00e0 \u00e8 un esempio ed il vostro regalo ci ha davvero resi felici!\u201d, cos\u00ec, a botta calda, Roberto Schena, delegato Confcommercio di Agordo, commenta il regalo delle mascherine che la locale Pro loco ha dedicato agli esercenti del capoluogo agordino. \u00abIn questi giorni\u00bb, continua Schena, \u00abdopo un&hellip;<\/p>\n","protected":false},"author":4,"featured_media":139084,"comment_status":"closed","ping_status":"closed","sticky":false,"template":"","format":"standard","meta":{"_monsterinsights_skip_tracking":false,"_monsterinsights_sitenote_active":false,"_monsterinsights_sitenote_note":"","_monsterinsights_sitenote_category":0,"footnotes":""},"categories":[49],"tags":[],"class_list":["post-139080","post","type-post","status-publish","format-standard","has-post-thumbnail","hentry","category-news-18","category-49","description-off"],"img_url":"https:\/\/www.radiopiu.net\/wordpress\/wp-content\/uploads\/2020\/05\/99131940_4410165152334326_868926348461080576_o.jpg","_links":{"self":[{"href":"https:\/\/www.radiopiu.net\/wordpress\/wp-json\/wp\/v2\/posts\/139080","targetHints":{"allow":["GET"]}}],"collection":[{"href":"https:\/\/www.radiopiu.net\/wordpress\/wp-json\/wp\/v2\/posts"}],"about":[{"href":"https:\/\/www.radiopiu.net\/wordpress\/wp-json\/wp\/v2\/types\/post"}],"author":[{"embeddable":true,"href":"https:\/\/www.radiopiu.net\/wordpress\/wp-json\/wp\/v2\/users\/4"}],"replies":[{"embeddable":true,"href":"https:\/\/www.radiopiu.net\/wordpress\/wp-json\/wp\/v2\/comments?post=139080"}],"version-history":[{"count":0,"href":"https:\/\/www.radiopiu.net\/wordpress\/wp-json\/wp\/v2\/posts\/139080\/revisions"}],"wp:featuredmedia":[{"embeddable":true,"href":"https:\/\/www.radiopiu.net\/wordpress\/wp-json\/wp\/v2\/media\/139084"}],"wp:attachment":[{"href":"https:\/\/www.radiopiu.net\/wordpress\/wp-json\/wp\/v2\/media?parent=139080"}],"wp:term":[{"taxonomy":"category","embeddable":true,"href":"https:\/\/www.radiopiu.net\/wordpress\/wp-json\/wp\/v2\/categories?post=139080"},{"taxonomy":"post_tag","embeddable":true,"href":"https:\/\/www.radiopiu.net\/wordpress\/wp-json\/wp\/v2\/tags?post=139080"}],"curies":[{"name":"wp","href":"https:\/\/api.w.org\/{rel}","templated":true}]}}