{"id":139143,"date":"2020-05-20T16:36:30","date_gmt":"2020-05-20T14:36:30","guid":{"rendered":"https:\/\/www.radiopiu.net\/wordpress\/?p=139143"},"modified":"2020-05-20T16:36:30","modified_gmt":"2020-05-20T14:36:30","slug":"dl-rilancio-e-bonus-bici-uncem-contributi-per-le-due-ruote-da-estendere-a-tutti-i-comuni-anche-i-piu-piccoli","status":"publish","type":"post","link":"https:\/\/www.radiopiu.net\/wordpress\/dl-rilancio-e-bonus-bici-uncem-contributi-per-le-due-ruote-da-estendere-a-tutti-i-comuni-anche-i-piu-piccoli\/","title":{"rendered":"DL RILANCIO E BONUS BICI, UNCEM: CONTRIBUTI PER LE DUE RUOTE DA ESTENDERE A TUTTI I COMUNI, ANCHE I PIU&#8217; PICCOLI"},"content":{"rendered":"<p><strong><a class=\"dt-pswp-item\" href=\"https:\/\/www.radiopiu.net\/wordpress\/wp-content\/uploads\/2020\/04\/UNCEM.jpg\" data-dt-img-description=\"\" data-large_image_width=\"500\" data-large_image_height=\"500\"><img loading=\"lazy\" decoding=\"async\" class=\"size-medium wp-image-133399 alignleft\" src=\"https:\/\/www.radiopiu.net\/wordpress\/wp-content\/uploads\/2020\/04\/UNCEM-300x300.jpg\" alt=\"\" width=\"300\" height=\"300\" srcset=\"https:\/\/www.radiopiu.net\/wordpress\/wp-content\/uploads\/2020\/04\/UNCEM-300x300.jpg 300w, https:\/\/www.radiopiu.net\/wordpress\/wp-content\/uploads\/2020\/04\/UNCEM-150x150.jpg 150w, https:\/\/www.radiopiu.net\/wordpress\/wp-content\/uploads\/2020\/04\/UNCEM.jpg 500w\" sizes=\"auto, (max-width: 300px) 100vw, 300px\" \/><\/a>ROMA<\/strong> Il &#8220;bonus bici&#8221;, per l&#8217;acquisto di mezzi per la mobilit\u00e0 sostenibile, deve essere esteso a tutti i Comuni italiani, anche i pi\u00f9 piccoli e montani. Lo chiede l&#8217;Uncem che sottoporr\u00e0 ai Parlamentari una proposta di emendamento in vista della Conversione alla Camera e al Senato del DL Rilancio, dove il bonus \u00e8 previsto all&#8217;articolo 229.\u00a0A oggi, il bonus \u00e8 previsto per iesidenti maggiorenni nei capoluoghi di regione, capoluoghi di provincia, citt\u00e0 metropolitane\u00a0e pi\u00f9 in generale nei comuni con pi\u00f9 di 50.000 abitanti. Prevede la restituzione del\u00a060% della spesa complessiva sostenuta con un massimo di 500 euro per l&#8217;acquisto di biciclette anche a pedalata assistita e veicoli per la mobilit\u00e0 personale a propulsione prevalentemente elettrica quali segway, monopattini, hoverboard e mono-ruota. Il Ministero delle Infrastrutture e dei Trasporti ha gi\u00e0 diffuso una nota che spiega come funziona la nuova agevolazione.\u00a0&#8220;<em>Riteniamo come Uncem importante l&#8217;attivazione di un bonus bici\u00a0&#8211; spiega Marco Bussone, Presidente Uncem &#8211;\u00a0ma deve andare a tutti. Non solo ai grandi Comuni. Comuni montani, Unioni montane, Comunit\u00e0 montane stanno lavorando moltissimo per agevolare forme di mobilit\u00e0 alternative, di interscambio bici-treno, di utilizzo di mezzi a due ruote che si possono spostare sui mezzi pubblici nei viaggi dai territori verso le aree urbane e il posto di lavoro. Cos\u00ec succede in molti pezzi d&#8217;Europa e in altre parti delle Alpi. Per questo\u00a0chiediamo di estendere la misura a tutti i Comuni, anche i pi\u00f9 piccoli e montani. Tantopi che vengono finanziati anche bici con pedalata assistita, che dunque sono importanti anche in centri delle Alpi e degli Appennini. La conversione del DL in Parlamento accetti questa proposta Uncem<\/em>&#8220;.<\/p>\n","protected":false},"excerpt":{"rendered":"<p>ROMA Il &#8220;bonus bici&#8221;, per l&#8217;acquisto di mezzi per la mobilit\u00e0 sostenibile, deve essere esteso a tutti i Comuni italiani, anche i pi\u00f9 piccoli e montani. Lo chiede l&#8217;Uncem che sottoporr\u00e0 ai Parlamentari una proposta di emendamento in vista della Conversione alla Camera e al Senato del DL Rilancio, dove il bonus \u00e8 previsto all&#8217;articolo&hellip;<\/p>\n","protected":false},"author":4,"featured_media":133399,"comment_status":"closed","ping_status":"closed","sticky":false,"template":"","format":"standard","meta":{"_monsterinsights_skip_tracking":false,"_monsterinsights_sitenote_active":false,"_monsterinsights_sitenote_note":"","_monsterinsights_sitenote_category":0,"footnotes":""},"categories":[49],"tags":[],"class_list":["post-139143","post","type-post","status-publish","format-standard","has-post-thumbnail","hentry","category-news-18","category-49","description-off"],"img_url":"https:\/\/www.radiopiu.net\/wordpress\/wp-content\/uploads\/2020\/04\/UNCEM.jpg","_links":{"self":[{"href":"https:\/\/www.radiopiu.net\/wordpress\/wp-json\/wp\/v2\/posts\/139143","targetHints":{"allow":["GET"]}}],"collection":[{"href":"https:\/\/www.radiopiu.net\/wordpress\/wp-json\/wp\/v2\/posts"}],"about":[{"href":"https:\/\/www.radiopiu.net\/wordpress\/wp-json\/wp\/v2\/types\/post"}],"author":[{"embeddable":true,"href":"https:\/\/www.radiopiu.net\/wordpress\/wp-json\/wp\/v2\/users\/4"}],"replies":[{"embeddable":true,"href":"https:\/\/www.radiopiu.net\/wordpress\/wp-json\/wp\/v2\/comments?post=139143"}],"version-history":[{"count":0,"href":"https:\/\/www.radiopiu.net\/wordpress\/wp-json\/wp\/v2\/posts\/139143\/revisions"}],"wp:featuredmedia":[{"embeddable":true,"href":"https:\/\/www.radiopiu.net\/wordpress\/wp-json\/wp\/v2\/media\/133399"}],"wp:attachment":[{"href":"https:\/\/www.radiopiu.net\/wordpress\/wp-json\/wp\/v2\/media?parent=139143"}],"wp:term":[{"taxonomy":"category","embeddable":true,"href":"https:\/\/www.radiopiu.net\/wordpress\/wp-json\/wp\/v2\/categories?post=139143"},{"taxonomy":"post_tag","embeddable":true,"href":"https:\/\/www.radiopiu.net\/wordpress\/wp-json\/wp\/v2\/tags?post=139143"}],"curies":[{"name":"wp","href":"https:\/\/api.w.org\/{rel}","templated":true}]}}