{"id":139313,"date":"2020-05-22T06:39:47","date_gmt":"2020-05-22T04:39:47","guid":{"rendered":"https:\/\/www.radiopiu.net\/wordpress\/?p=139313"},"modified":"2020-05-22T06:39:10","modified_gmt":"2020-05-22T04:39:10","slug":"luxottica-altre-5-settimane-di-cassa-integrazione-pagata-al-100","status":"publish","type":"post","link":"https:\/\/www.radiopiu.net\/wordpress\/luxottica-altre-5-settimane-di-cassa-integrazione-pagata-al-100\/","title":{"rendered":"LUXOTTICA: ALTRE 5 SETTIMANE DI CASSA INTEGRAZIONE PAGATA AL 100%"},"content":{"rendered":"<p><strong><a class=\"dt-pswp-item\" href=\"https:\/\/www.radiopiu.net\/wordpress\/wp-content\/uploads\/2019\/10\/MAGLIA-LUXOTTICA.jpeg\" data-dt-img-description=\"\" data-large_image_width=\"1024\" data-large_image_height=\"1024\"><img loading=\"lazy\" decoding=\"async\" class=\"size-medium wp-image-103580 alignleft\" src=\"https:\/\/www.radiopiu.net\/wordpress\/wp-content\/uploads\/2019\/10\/MAGLIA-LUXOTTICA-300x300.jpeg\" alt=\"\" width=\"300\" height=\"300\" srcset=\"https:\/\/www.radiopiu.net\/wordpress\/wp-content\/uploads\/2019\/10\/MAGLIA-LUXOTTICA-300x300.jpeg 300w, https:\/\/www.radiopiu.net\/wordpress\/wp-content\/uploads\/2019\/10\/MAGLIA-LUXOTTICA-150x150.jpeg 150w, https:\/\/www.radiopiu.net\/wordpress\/wp-content\/uploads\/2019\/10\/MAGLIA-LUXOTTICA-768x768.jpeg 768w, https:\/\/www.radiopiu.net\/wordpress\/wp-content\/uploads\/2019\/10\/MAGLIA-LUXOTTICA.jpeg 1024w\" sizes=\"auto, (max-width: 300px) 100vw, 300px\" \/><\/a>AGORDO<\/strong> Si \u00e8 concluso l&#8217;incontro in mattinata tra sigle sindacali (CGIL, CISL e UIL) e dirigenza Luxottica. Nell&#8217;incontro le Parti hanno concordato la proroga della richiesta di CIGO per COVID-19 per ulteriori 5 settimane a decorrere dal 16 maggio 2020 per tutti i lavoratori di tutti gli stabilimenti Luxottica in Italia, in base a quanto previsto dal Decreto Rilancio. Per suddetto periodo l&#8217;Azienda garantir\u00e0 a tutti l&#8217;integrazione del salario al 100%,e la pi\u00f9 ampia rotazione possibile del personale. E\u2019 stato anche condiviso l\u2019utilizzo della Banca Etica in favore dei soggetti \u201cfragili\u201d, anche a valere per il periodo pregresso di CIGO, e la sua implementazione da parte dell\u2019Azienda con importo pari a 21.759,5 (derivante da mancate timbrature). L&#8217;Azienda ha anche riferito gli sviluppi rispetto all&#8217;attuazione del Protocollo Sanitario per il contenimento e la prevenzione del contagio, di concerto con la collaborazione e guida scientifica del Professor Crisanti dell&#8217;Universit\u00e0 di Padova, che \u00e8 oggetto di discussione e confronto all&#8217;interno dell&#8217;Osservatorio nazionale, il quale provveder\u00e0 ad informare i lavoratori in merito alla sua evoluzione. Nei prossimi giorni le RSU e HR si incontreranno in ogni stabilimento.<\/p>\n","protected":false},"excerpt":{"rendered":"<p>AGORDO Si \u00e8 concluso l&#8217;incontro in mattinata tra sigle sindacali (CGIL, CISL e UIL) e dirigenza Luxottica. Nell&#8217;incontro le Parti hanno concordato la proroga della richiesta di CIGO per COVID-19 per ulteriori 5 settimane a decorrere dal 16 maggio 2020 per tutti i lavoratori di tutti gli stabilimenti Luxottica in Italia, in base a quanto&hellip;<\/p>\n","protected":false},"author":4,"featured_media":103580,"comment_status":"closed","ping_status":"closed","sticky":false,"template":"","format":"standard","meta":{"_monsterinsights_skip_tracking":false,"_monsterinsights_sitenote_active":false,"_monsterinsights_sitenote_note":"","_monsterinsights_sitenote_category":0,"footnotes":""},"categories":[49],"tags":[],"class_list":["post-139313","post","type-post","status-publish","format-standard","has-post-thumbnail","hentry","category-news-18","category-49","description-off"],"img_url":"https:\/\/www.radiopiu.net\/wordpress\/wp-content\/uploads\/2019\/10\/MAGLIA-LUXOTTICA.jpeg","_links":{"self":[{"href":"https:\/\/www.radiopiu.net\/wordpress\/wp-json\/wp\/v2\/posts\/139313","targetHints":{"allow":["GET"]}}],"collection":[{"href":"https:\/\/www.radiopiu.net\/wordpress\/wp-json\/wp\/v2\/posts"}],"about":[{"href":"https:\/\/www.radiopiu.net\/wordpress\/wp-json\/wp\/v2\/types\/post"}],"author":[{"embeddable":true,"href":"https:\/\/www.radiopiu.net\/wordpress\/wp-json\/wp\/v2\/users\/4"}],"replies":[{"embeddable":true,"href":"https:\/\/www.radiopiu.net\/wordpress\/wp-json\/wp\/v2\/comments?post=139313"}],"version-history":[{"count":0,"href":"https:\/\/www.radiopiu.net\/wordpress\/wp-json\/wp\/v2\/posts\/139313\/revisions"}],"wp:featuredmedia":[{"embeddable":true,"href":"https:\/\/www.radiopiu.net\/wordpress\/wp-json\/wp\/v2\/media\/103580"}],"wp:attachment":[{"href":"https:\/\/www.radiopiu.net\/wordpress\/wp-json\/wp\/v2\/media?parent=139313"}],"wp:term":[{"taxonomy":"category","embeddable":true,"href":"https:\/\/www.radiopiu.net\/wordpress\/wp-json\/wp\/v2\/categories?post=139313"},{"taxonomy":"post_tag","embeddable":true,"href":"https:\/\/www.radiopiu.net\/wordpress\/wp-json\/wp\/v2\/tags?post=139313"}],"curies":[{"name":"wp","href":"https:\/\/api.w.org\/{rel}","templated":true}]}}