{"id":139429,"date":"2020-05-21T15:29:46","date_gmt":"2020-05-21T13:29:46","guid":{"rendered":"https:\/\/www.radiopiu.net\/wordpress\/?p=139429"},"modified":"2020-05-21T15:29:46","modified_gmt":"2020-05-21T13:29:46","slug":"tavolo-provinciale-sul-tpl-unanime-la-richiesta-di-misure-finanziarie-straordinarie-per-assicurare-il-servizio","status":"publish","type":"post","link":"https:\/\/www.radiopiu.net\/wordpress\/tavolo-provinciale-sul-tpl-unanime-la-richiesta-di-misure-finanziarie-straordinarie-per-assicurare-il-servizio\/","title":{"rendered":"TAVOLO PROVINCIALE SUL TPL: UNANIME LA RICHIESTA DI MISURE FINANZIARIE STRAORDINARIE PER ASSICURARE IL SERVIZIO"},"content":{"rendered":"<p><strong><a class=\"dt-pswp-item\" href=\"https:\/\/www.radiopiu.net\/wordpress\/wp-content\/uploads\/2020\/05\/646d533e-c5b6-4f9f-a908-0f1ed2240ff1.jpg\" data-dt-img-description=\"\" data-large_image_width=\"1024\" data-large_image_height=\"768\"><img loading=\"lazy\" decoding=\"async\" class=\"size-medium wp-image-139430 alignleft\" src=\"https:\/\/www.radiopiu.net\/wordpress\/wp-content\/uploads\/2020\/05\/646d533e-c5b6-4f9f-a908-0f1ed2240ff1-300x225.jpg\" alt=\"\" width=\"300\" height=\"225\" srcset=\"https:\/\/www.radiopiu.net\/wordpress\/wp-content\/uploads\/2020\/05\/646d533e-c5b6-4f9f-a908-0f1ed2240ff1-300x225.jpg 300w, https:\/\/www.radiopiu.net\/wordpress\/wp-content\/uploads\/2020\/05\/646d533e-c5b6-4f9f-a908-0f1ed2240ff1-768x576.jpg 768w, https:\/\/www.radiopiu.net\/wordpress\/wp-content\/uploads\/2020\/05\/646d533e-c5b6-4f9f-a908-0f1ed2240ff1.jpg 1024w\" sizes=\"auto, (max-width: 300px) 100vw, 300px\" \/><\/a>BELLUNO<\/strong> Intervenire sul servizio per garantire la continuit\u00e0 del trasporto pubblico locale dopo il passaggio del Covid-19, con misure finanziarie straordinarie da parte dello Stato e con la ridefinizione dei sistemi di trasporto. Sono i punti fondamentali emersi dal tavolo sul tpl convocato e coordinato dalla Provincia, con Dolomitibus, sindacati, categorie economiche, mondo della scuola e associazioni dei consumatori.\u00a0Questa mattina in Sala Piloni (e in collegamento in videoconferenza) erano presenti il presidente Roberto Padrin e il consigliere provinciale delegato ai trasporti Dario Scopel, assieme a presidente e ad di Dolomitibus, Confartigianato Belluno e Confindustria Belluno Dolomiti per le categorie economiche, Cgil, Cisl, Uil e le Rsu in Dolomitibus, Federconsumatori, Adiconsum, Lega Consumatori Acli, e il referente dell\u2019Ufficio Scolastico Territoriale di Belluno. Tutti d\u2019accordo sulla necessit\u00e0 di scrivere al Governo e al Ministero dei Trasporti per chiedere il sostegno finanziario in grado di garantire la sopravvivenza del trasporto pubblico nel territorio bellunese, dato che l\u2019emergenza Covid ha creato e sta creando notevoli difficolt\u00e0 al settore.<\/p>\n<p><strong>I DATI<\/strong><\/p>\n<p>La situazione \u00e8 critica, nella fotografia scattata dai vertici di Dolomitibus. La riduzione del servizio disposta dalle ordinanze regionali si accompagna infatti a una caduta dell\u2019utilizzo del mezzo pubblico, anche per effetto della paura del contagio.\u00a0Dolomitibus deve fare i conti con 1.857 utenti al giorno in queste settimane, contro una media pre-Covid di 28mila passeggeri. L\u2019incasso da tariffa del mese di aprile raggiunge appena il 6% dell\u2019incasso medio mensile in periodo \u201cnormale\u201d. Le stime effettuate dall\u2019azienda parlano di una perdita di 1 milione e mezzo di euro durante i mesi di lockdown, che potrebbe arrivare a 3 milioni e mezzo a fine anno, anche per effetto del calo degli altri servizi (compreso quello di allestimento per conto di altre aziende di tpl).\u00a0\u00ab<em>Il problema pi\u00f9 grande in questo momento \u00e8 la mancanza di passeggeri &#8211; hanno spiegato l\u2019ad Natalia Ranza e il presidente di Dolomitibus Andrea Biasiotto -. Oltre agli studenti che sono a casa, registriamo proprio la paura a salire sul mezzo pubblico, tanto che il carico medio sulle linee attive si assesta sui 4-5 passeggeri<\/em>\u00bb.\u00a0Da qui, la necessit\u00e0, emersa dal tavolo, di spingere sulla sensibilizzazione e sulla comunicazione. \u00ab<em>I mezzi pubblici sono sicuri &#8211; hanno ribadito Ranza e Biasiotto -. Dolomitibus ha predisposto sistemi di sanificazione costante su tutti gli autobus e le corriere, e sta facendo rispettare i distanziamenti di sicurezza previsti<\/em>\u00bb.<\/p>\n<p><strong>LE PROPOSTE<\/strong><\/p>\n<p>Il problema che si pone all\u2019orizzonte del servizio di trasporto pubblico locale \u00e8 quello di garantire le corse, nel rispetto dei nuovi carichi possibili alla luce del distanziamento di sicurezza. Di fatto, sar\u00e0 necessario aumentare i mezzi a disposizione e al contempo rimodulare orari e tratte. Dolomitibus e la Provincia lavoreranno per predisporre un servizio a chiamata, anche con prenotazione degli utenti, in modo da assicurare autobus e corriere senza lasciare nessun utente a terra. \u00c8 al vaglio anche la proposta di integrare il servizio con il trasporto Ncc (da parte di Confartigianato), soprattutto nelle aree pi\u00f9 periferiche del territorio provinciale, in attesa di capire come dovr\u00e0 essere ridefinito il servizio anche per le fabbriche e per le scuole. In questo senso, il tavolo dovr\u00e0 essere riaggiornato, alla luce delle linee guida che saranno emanate nelle prossime settimane (soprattutto per quanto riguarda la ripresa delle scuole a settembre, per la quale le ipotesi al vaglio sono ancora troppo vaghe). Al momento, per recuperare passeggeri sulle linee attive, verr\u00e0 valutata anche la proposta avanzata dalle associazioni dei consumatori, di mettere sui mezzi controllori deputati al rispetto delle misure di sicurezza e del distanziamento.<\/p>\n<p><strong>LE RICHIESTE<\/strong><\/p>\n<p>Unanime la richiesta emersa dal tavolo di chiedere allo Stato misure straordinarie, per far fronte all\u2019emergenza. In questo senso, verr\u00e0 predisposta e sottoscritta una lettera in cui viene avanzata la proposta di un fondo ad hoc per sostenere il tpl nell\u2019immediato periodo post-Covid. Recepita anche l\u2019indicazione dei sindacati, di chiedere alla Regione Veneto l\u2019istituzione di un fondo straordinario per l\u2019emergenza per i trasporti; \u00absolo cos\u00ec si pu\u00f2 consentire alle aziende e agli enti di governo sul territorio di adempiere alle indicazioni dell\u2019ordinanza ripristinando un trasporto pubblico locale davvero universale e rispondente alle richieste dei cittadini, dei lavoratori, degli studenti e dei pendolari &#8211; ha sottolineato Alessandra Fontana, segretaria provinciale Filt Cgil -. In sede di ripartizione delle risorse, poi, dovr\u00e0 essere valutata la specificit\u00e0 del territorio bellunese. Deve essere garantito il servizio anche a beneficio dei territori pi\u00f9 periferici, per prevenire e contrastare lo spopolamento\u00bb. Nel frattempo, la Provincia continuer\u00e0 a raccogliere le esigenze dei sindaci e delle varie vallate per una graduale ripartenza del servizio di trasporto extraurbano e si far\u00e0 portavoce in Regione Veneto delle richieste per quanto riguarda le modalit\u00e0 di rimborso degli abbonamenti non usufruiti durante il lockdown.<\/p>\n<p><strong>IL COMMENTO<\/strong><\/p>\n<p>\u00ab<em>Il documento da inviare al Governo dovr\u00e0 andare di pari passo con la comunicazione del fatto che il trasporto pubblico locale \u00e8 sicuro e i cittadini possono salire sui mezzi senza nessun rischio per la salute &#8211; commenta il presidente della Provincia, Roberto Padrin -. Il graduale ritorno alla normalit\u00e0 passa anche da qui. Ma in questo momento abbiamo l\u2019occasione di ridefinire alcune caratteristiche del servizio di trasporto pubblico e credo che l\u2019innovazione della prenotazione possa essere vincente. Per quanto riguarda la scuola, vogliamo essere in grado di gestire la questione in tempi rapidi, per cui aspettiamo le linee guida che emergeranno dal Ministero; aggiungere ipotesi in questo momento rischia di essere controproducente. Apprezzo il contributo di tutti coloro che hanno partecipato al tavolo e lo riaggiorneremo da qui a un paio di settimane. La salvaguardia dell\u2019equilibrio di Dolomitibus \u00e8 fondamentale per continuare ad assicurare un servizio efficiente<\/em>\u00bb.<\/p>\n","protected":false},"excerpt":{"rendered":"<p>BELLUNO Intervenire sul servizio per garantire la continuit\u00e0 del trasporto pubblico locale dopo il passaggio del Covid-19, con misure finanziarie straordinarie da parte dello Stato e con la ridefinizione dei sistemi di trasporto. Sono i punti fondamentali emersi dal tavolo sul tpl convocato e coordinato dalla Provincia, con Dolomitibus, sindacati, categorie economiche, mondo della scuola&hellip;<\/p>\n","protected":false},"author":4,"featured_media":139430,"comment_status":"closed","ping_status":"closed","sticky":false,"template":"","format":"standard","meta":{"_monsterinsights_skip_tracking":false,"_monsterinsights_sitenote_active":false,"_monsterinsights_sitenote_note":"","_monsterinsights_sitenote_category":0,"footnotes":""},"categories":[49],"tags":[],"class_list":["post-139429","post","type-post","status-publish","format-standard","has-post-thumbnail","hentry","category-news-18","category-49","description-off"],"img_url":"https:\/\/www.radiopiu.net\/wordpress\/wp-content\/uploads\/2020\/05\/646d533e-c5b6-4f9f-a908-0f1ed2240ff1.jpg","_links":{"self":[{"href":"https:\/\/www.radiopiu.net\/wordpress\/wp-json\/wp\/v2\/posts\/139429","targetHints":{"allow":["GET"]}}],"collection":[{"href":"https:\/\/www.radiopiu.net\/wordpress\/wp-json\/wp\/v2\/posts"}],"about":[{"href":"https:\/\/www.radiopiu.net\/wordpress\/wp-json\/wp\/v2\/types\/post"}],"author":[{"embeddable":true,"href":"https:\/\/www.radiopiu.net\/wordpress\/wp-json\/wp\/v2\/users\/4"}],"replies":[{"embeddable":true,"href":"https:\/\/www.radiopiu.net\/wordpress\/wp-json\/wp\/v2\/comments?post=139429"}],"version-history":[{"count":0,"href":"https:\/\/www.radiopiu.net\/wordpress\/wp-json\/wp\/v2\/posts\/139429\/revisions"}],"wp:featuredmedia":[{"embeddable":true,"href":"https:\/\/www.radiopiu.net\/wordpress\/wp-json\/wp\/v2\/media\/139430"}],"wp:attachment":[{"href":"https:\/\/www.radiopiu.net\/wordpress\/wp-json\/wp\/v2\/media?parent=139429"}],"wp:term":[{"taxonomy":"category","embeddable":true,"href":"https:\/\/www.radiopiu.net\/wordpress\/wp-json\/wp\/v2\/categories?post=139429"},{"taxonomy":"post_tag","embeddable":true,"href":"https:\/\/www.radiopiu.net\/wordpress\/wp-json\/wp\/v2\/tags?post=139429"}],"curies":[{"name":"wp","href":"https:\/\/api.w.org\/{rel}","templated":true}]}}