{"id":139463,"date":"2020-05-21T23:59:08","date_gmt":"2020-05-21T21:59:08","guid":{"rendered":"https:\/\/www.radiopiu.net\/wordpress\/?p=139463"},"modified":"2020-05-21T17:41:29","modified_gmt":"2020-05-21T15:41:29","slug":"faion-dove-pagare-le-bollette-gsp-non-e-sufficiente-per-avere-lacqua-corrente","status":"publish","type":"post","link":"https:\/\/www.radiopiu.net\/wordpress\/faion-dove-pagare-le-bollette-gsp-non-e-sufficiente-per-avere-lacqua-corrente\/","title":{"rendered":"FAION, DOVE LA REGOLARITA&#8217; DELL&#8217;ACQUA CORRENTE NEI CONDOMINI E&#8217; UN LUSSO"},"content":{"rendered":"<p><strong><a class=\"dt-pswp-item\" href=\"https:\/\/www.radiopiu.net\/wordpress\/wp-content\/uploads\/2020\/05\/f8514169-d441-47e5-8f87-9411b1f7609d.jpg\" data-dt-img-description=\"\" data-large_image_width=\"1600\" data-large_image_height=\"1200\"><img loading=\"lazy\" decoding=\"async\" class=\" wp-image-139464 alignleft\" src=\"https:\/\/www.radiopiu.net\/wordpress\/wp-content\/uploads\/2020\/05\/f8514169-d441-47e5-8f87-9411b1f7609d-300x225.jpg\" alt=\"\" width=\"240\" height=\"181\" srcset=\"https:\/\/www.radiopiu.net\/wordpress\/wp-content\/uploads\/2020\/05\/f8514169-d441-47e5-8f87-9411b1f7609d-300x225.jpg 300w, https:\/\/www.radiopiu.net\/wordpress\/wp-content\/uploads\/2020\/05\/f8514169-d441-47e5-8f87-9411b1f7609d-1024x768.jpg 1024w, https:\/\/www.radiopiu.net\/wordpress\/wp-content\/uploads\/2020\/05\/f8514169-d441-47e5-8f87-9411b1f7609d-768x576.jpg 768w, https:\/\/www.radiopiu.net\/wordpress\/wp-content\/uploads\/2020\/05\/f8514169-d441-47e5-8f87-9411b1f7609d-1536x1152.jpg 1536w, https:\/\/www.radiopiu.net\/wordpress\/wp-content\/uploads\/2020\/05\/f8514169-d441-47e5-8f87-9411b1f7609d.jpg 1600w\" sizes=\"auto, (max-width: 240px) 100vw, 240px\" \/><\/a>AGORDO<\/strong> Ed ecco che il problema si ripropone sull&#8217;altura di Agordo, in localit\u00e0 Faion ai piedi del Col di Foglia, un anno fa s&#8217;erano aperti i rubinetti delle critiche perch\u00e9 in alcuni condomini l&#8217;acqua non arrivava, non sempre, non come si vorrebbe nel terzo millennio. Ieri sera il primo messaggio. <em>&#8220;In via\u00a0 Faion 11\/b\u00a0 siamo ancora senz&#8217;acqua&#8221;<\/em> ci racconta Erik. Al disservizio aprono la porta \u00a06 famiglie mentre nella palazzina accanto gli inquilini aprono il rubinetto e l&#8217;acqua esce con regolarit\u00e0. <em>&#8220;Loro &#8211; continua Erik &#8211; hanno messo mano al portafoglio,\u00a0 si sono installati un autoclave,\u00a0 \u00a0su consiglio dei tecnici di Gsp. Non lo trovo giusto, con quello che paghiamo in bolletta sarebbe forse pi\u00f9 logico che fosse l&#8217;azienda a risolvere il nostro problema&#8221;<\/em>. Anche Veruschka si lamenta<em> &#8220;Ho chiamato per l&#8217;ennesima volta Gsp, ma dal call center rispondono da lontano e non non si riesce a trovare una soluzione. Non se ne pu\u00f2 pi\u00f9, infine sono anche riuscita a parlare con un tecnico e mi ha liquidato con una domanda: vi siete messi l&#8217;autoclave?&#8221;. <\/em>La palazzina accanto ha dunque risolto il problema probabilmente dopo che Gsp ha garantito di non avere responsabilit\u00e0, cio\u00e8 di portare l&#8217;acqua fino alla palazzina con le caratteristiche di norma. Il sindaco Roberto Chissal\u00e8 si \u00e8 gi\u00e0 interfacciato con Gsp segnalando il problema <em>&#8220;Mi \u00e8 stato ribadito &#8211; dice &#8211; che anche in questo caso l&#8217;unica soluzione \u00e8 quella dell&#8217;autoclave&#8221;.<\/em> Ma \u00e8 anche vero che da qualche anno si parla di trovare ulteriori soluzioni alternative lavorando sulle vasche di raccolta <em>&#8220;Corretto &#8211; dice il sindaco &#8211; da tempo Gsp dice di voler intervenire sulla programmazione con investimenti puntuali potenziando le vasche di raccolta. Terremo alta l&#8217;attenzione perch\u00e9 il problema venga valutato e risolto&#8221;. <\/em>Per\u00f2 in questo periodo non si pu\u00f2 certo parlare di siccit\u00e0, o meglio le sorgenti non pare siano a secco. <em>&#8220;Anche questo \u00e8 vero &#8211; dice il sindaco &#8211; anche per questo ho creduto opportuno avvisare subito Gsp della segnalazione in arrivo da Faion&#8221;.<\/em><\/p>\n","protected":false},"excerpt":{"rendered":"<p>AGORDO Ed ecco che il problema si ripropone sull&#8217;altura di Agordo, in localit\u00e0 Faion ai piedi del Col di Foglia, un anno fa s&#8217;erano aperti i rubinetti delle critiche perch\u00e9 in alcuni condomini l&#8217;acqua non arrivava, non sempre, non come si vorrebbe nel terzo millennio. Ieri sera il primo messaggio. &#8220;In via\u00a0 Faion 11\/b\u00a0 siamo&hellip;<\/p>\n","protected":false},"author":1,"featured_media":139464,"comment_status":"closed","ping_status":"closed","sticky":false,"template":"","format":"standard","meta":{"_monsterinsights_skip_tracking":false,"_monsterinsights_sitenote_active":false,"_monsterinsights_sitenote_note":"","_monsterinsights_sitenote_category":0,"footnotes":""},"categories":[51,49],"tags":[],"class_list":["post-139463","post","type-post","status-publish","format-standard","has-post-thumbnail","hentry","category-evidenza-top","category-news-18","category-51","category-49","description-off"],"img_url":"https:\/\/www.radiopiu.net\/wordpress\/wp-content\/uploads\/2020\/05\/f8514169-d441-47e5-8f87-9411b1f7609d.jpg","_links":{"self":[{"href":"https:\/\/www.radiopiu.net\/wordpress\/wp-json\/wp\/v2\/posts\/139463","targetHints":{"allow":["GET"]}}],"collection":[{"href":"https:\/\/www.radiopiu.net\/wordpress\/wp-json\/wp\/v2\/posts"}],"about":[{"href":"https:\/\/www.radiopiu.net\/wordpress\/wp-json\/wp\/v2\/types\/post"}],"author":[{"embeddable":true,"href":"https:\/\/www.radiopiu.net\/wordpress\/wp-json\/wp\/v2\/users\/1"}],"replies":[{"embeddable":true,"href":"https:\/\/www.radiopiu.net\/wordpress\/wp-json\/wp\/v2\/comments?post=139463"}],"version-history":[{"count":0,"href":"https:\/\/www.radiopiu.net\/wordpress\/wp-json\/wp\/v2\/posts\/139463\/revisions"}],"wp:featuredmedia":[{"embeddable":true,"href":"https:\/\/www.radiopiu.net\/wordpress\/wp-json\/wp\/v2\/media\/139464"}],"wp:attachment":[{"href":"https:\/\/www.radiopiu.net\/wordpress\/wp-json\/wp\/v2\/media?parent=139463"}],"wp:term":[{"taxonomy":"category","embeddable":true,"href":"https:\/\/www.radiopiu.net\/wordpress\/wp-json\/wp\/v2\/categories?post=139463"},{"taxonomy":"post_tag","embeddable":true,"href":"https:\/\/www.radiopiu.net\/wordpress\/wp-json\/wp\/v2\/tags?post=139463"}],"curies":[{"name":"wp","href":"https:\/\/api.w.org\/{rel}","templated":true}]}}