{"id":139557,"date":"2020-05-23T06:03:44","date_gmt":"2020-05-23T04:03:44","guid":{"rendered":"https:\/\/www.radiopiu.net\/wordpress\/?p=139557"},"modified":"2020-05-23T09:56:52","modified_gmt":"2020-05-23T07:56:52","slug":"giornale-radiopiu-23-maggio-2020-direttore-mirko-mezzacasa","status":"publish","type":"post","link":"https:\/\/www.radiopiu.net\/wordpress\/giornale-radiopiu-23-maggio-2020-direttore-mirko-mezzacasa\/","title":{"rendered":"GIORNALE RADIOPIU 23 MAGGIO 2020 DIRETTORE MIRKO MEZZACASA"},"content":{"rendered":"<h3><strong>PER RICEVERE QUESTO NOTIZIARIO DIRETTAMENTE SUL TUO CELLULARE ISCRIVITI AL CANALE TELEGRAM\u00a0<\/strong><strong>\u201cRADIO PIU\u00a0 INFORMAZIONE\u201d<\/strong><\/h3>\n<p>&nbsp;<\/p>\n<hr \/>\n<p>&nbsp;<\/p>\n<div class=\"page-title-head hgroup\">\n<blockquote>\n<h3 class=\"entry-title\">AD UNA NONNA SPECIALE GLI AUGURI NEL GIORNO DA \u201cSECOLO\u201d<\/h3>\n<\/blockquote>\n<\/div>\n<div class=\"page-title-breadcrumbs\">\n<p><strong>GOSALDO<\/strong> Tanti auguri ad una diciottenne\u2026con 82 anni di esperienza. Tanti auguri nonna Margherita e complimenti per l\u2019invidiabile traguardo anche perch\u00e9 nella vita il difficile sono i primi 100, poi arriva il facile, quello che oggi auguriamo alla felice nonna di Gosaldo della dinastia dei Marcon.Tanti auguri a Margherita dai capelli bianchi che altro non sono che il riflesso di tanta saggezza. Tanti auguri Margherita di Sant\u2019Andrea di Gosaldo, dai figli Nadia ed Enzo, dalla nuora Paola, dai nipoti Ketty, Jenny, Luca, Mauro, Roberta, Marika e Aldo. Dai pronipoti Filippo e Sara. Se ci fosse Matteo oggi avrebbe un\u2019occasione in pi\u00f9 per salire in quel paese che tanto amava al pari della suocera e in questo felice giorno grande e commosso \u00e8 anche il ricordo del genero\u2026 Per non dimenticarci, auguri Pi\u00f9 anche dalla Radio Pi\u00f9.<\/p>\n<p><strong>NELLA FOTO TRE GENERAZIONI,<\/strong> MARIKA LA PIU\u2019 PICCOLA, NADIA LA MAMMA E MARGHERITA LA FESTEGGIATA<\/p>\n<p class=\"photoswipe-wrapper\"><a class=\"dt-pswp-item pspw-wrap-ready\" href=\"https:\/\/i1.wp.com\/www.radiopiu.net\/wordpress\/wp-content\/uploads\/2020\/05\/de757603-1342-4bbd-93f3-dc4b50bbaac7.jpg?ssl=1\" data-dt-img-description=\"\" data-large_image_width=\"819\" data-large_image_height=\"1024\"><img loading=\"lazy\" decoding=\"async\" class=\"alignnone wp-image-139725 \" src=\"https:\/\/i1.wp.com\/www.radiopiu.net\/wordpress\/wp-content\/uploads\/2020\/05\/de757603-1342-4bbd-93f3-dc4b50bbaac7.jpg?resize=819%2C1024&amp;ssl=1\" sizes=\"auto, (max-width: 819px) 100vw, 819px\" srcset=\"https:\/\/i1.wp.com\/www.radiopiu.net\/wordpress\/wp-content\/uploads\/2020\/05\/de757603-1342-4bbd-93f3-dc4b50bbaac7.jpg?w=819&amp;ssl=1 819w, https:\/\/i1.wp.com\/www.radiopiu.net\/wordpress\/wp-content\/uploads\/2020\/05\/de757603-1342-4bbd-93f3-dc4b50bbaac7.jpg?resize=240%2C300&amp;ssl=1 240w, https:\/\/i1.wp.com\/www.radiopiu.net\/wordpress\/wp-content\/uploads\/2020\/05\/de757603-1342-4bbd-93f3-dc4b50bbaac7.jpg?resize=768%2C960&amp;ssl=1 768w\" alt=\"\" width=\"361\" height=\"452\" \/><\/a><\/p>\n<p>&nbsp;<\/p>\n<hr \/>\n<p>&nbsp;<\/p>\n<\/div>\n<p><strong><em>Gestione Servizi Pubblici informa che a GOSALDO nelle Localit\u00e0 LE CASE, CURTI, INCASAL,LE FOCHE, LAMBROI, DENEORE, MAGAIT, REN, SELLE, COL TAMAI, BITTI, GIARDOI, l\u2019acqua erogata dall\u2019acquedotto \u00e8 di nuovo potabile e pu\u00f2 essere usata, quindi, per scopi alimentari.<\/em><\/strong><\/p>\n<p>&nbsp;<\/p>\n<p><em><strong>Gestione Servizi Pubblici \u00a0informa che a ROCCA PIETORE in localit\u00e0 DIGONERA, l\u2019acqua erogata dall\u2019acquedotto non \u00e8 potabile e pu\u00f2 essere usata per scopi alimentari SOLO PREVIA bollitura<\/strong><\/em><\/p>\n<p>&nbsp;<\/p>\n<hr \/>\n<p>&nbsp;<\/p>\n<p><strong>CHIUDE PONTE MAS, FINO AL 30 GIUGNO PER I LAVORI DI CONSOLIDAMENTO:<\/strong>\u00a0 fino al\u00a0 30 giugno sar\u00e0 chiuso sia alle macchine sia ai pedoni. Percorso alternativo: da Ponte Mas a Vignole in Comune di Sedico.<\/p>\n<p><strong>INTERRUZIONI A CRISTO DELLE PIANIZZE\u00a0<\/strong>sp347 DURAN E CEREDA fino al al 5 giugno (esclusi festivi e prefestivi) possibili interruzioni in localit\u00e0 Pianizze (Agordo) della durata massima di 15 minuti dalle 8 alle 12 e dalle 13 alle 17, inoltre senso unico alternato nei periodi non interessati dalle chiusura<\/p>\n<p>&nbsp;<\/p>\n<hr \/>\n<p>&nbsp;<\/p>\n<p><em><strong>La Piscina Comprensoriale di Agordo da luned\u00ec 25 maggio riapre al nuoto libero dalle 16 alle 20. Da luned\u00ec 1 giugno, il via all\u2019orario estivo del nuoto libero e il via ai corsi per bambini ed adulti, e anche le attivit\u00e0 organizzate (acqua fitness, ginnastica dolce). Attivo anche solarium all\u2019aperto. La piscina sar\u00e0 aperta il luned\u00ec, mercoled\u00ec e sabato dalle 9:30 alle 20, il marted\u00ec, gioved\u00ec e venerd\u00ec dalle 16 alle 20. La doenica dalle 15 alle 19. Informazioni su corsi e altre attivit\u00e0 presso la segreteria dalle 16 alle 19.\u00a0<\/strong><\/em><\/p>\n<p>&nbsp;<\/p>\n<p>&nbsp;<\/p>\n<hr \/>\n<p>&nbsp;<\/p>\n<blockquote>\n<h3>METEO. STATO DI ATTENZIONE PER TEMPORALII NELLE ZONE MONTANE E PEDEMONTANE DEL VENETO<\/h3>\n<\/blockquote>\n<p><strong><a class=\"dt-pswp-item\" href=\"https:\/\/www.radiopiu.net\/wordpress\/wp-content\/uploads\/2018\/08\/instabilita.jpg\" data-dt-img-description=\"\" data-large_image_width=\"1280\" data-large_image_height=\"768\"><img loading=\"lazy\" decoding=\"async\" class=\"size-medium wp-image-57488 alignleft\" src=\"https:\/\/www.radiopiu.net\/wordpress\/wp-content\/uploads\/2018\/08\/instabilita-300x180.jpg\" alt=\"\" width=\"300\" height=\"180\" srcset=\"https:\/\/www.radiopiu.net\/wordpress\/wp-content\/uploads\/2018\/08\/instabilita-300x180.jpg 300w, https:\/\/www.radiopiu.net\/wordpress\/wp-content\/uploads\/2018\/08\/instabilita-768x461.jpg 768w, https:\/\/www.radiopiu.net\/wordpress\/wp-content\/uploads\/2018\/08\/instabilita-1024x614.jpg 1024w, https:\/\/www.radiopiu.net\/wordpress\/wp-content\/uploads\/2018\/08\/instabilita.jpg 1280w\" sizes=\"auto, (max-width: 300px) 100vw, 300px\" \/><\/a>VENEZIA<\/strong> Il Centro funzionale decentrato della Protezione Civile del Veneto ha emesso un avviso di criticit\u00e0 idrogeologica, decretando lo stato di attenzione a partire dalle 14 di oggi fino alle ore 8 di domani. Dal pomeriggio, si prevede aumento dell\u2019instabilit\u00e0 a partire dalle dolomiti con rovesci e temporali dapprima locali con tendenza a divenire sparsi dalla sera e in estensione verso le Prealpi e parte della pianura fino alle primissime ore di domenica. Non si escludono locali fenomeni intensi (forti rovesci, locali grandinate e forti raffiche di vento) specie su zone montane\/pedemontane e occasionalmente sulla pianura nord-orientale. Visti i fenomeni meteorologici previsti la criticit\u00e0 idrogeologica attesa \u00e8 riferita allo scenario per temporali forti. Il possibile verificarsi di rovesci o temporali localmente anche intensi, potrebbe creare disagi al sistema fognario e lungo la rete idrografica minore. Si segnala la possibilit\u00e0 d\u2019innesco di fenomeni franosi superficiali sui versanti e la possibilit\u00e0 di innesco di colate rapide<strong><br \/>\n<\/strong><\/p>\n<p>&nbsp;<\/p>\n<p>&nbsp;<\/p>\n<p>&nbsp;<\/p>\n<hr \/>\n<p>&nbsp;<\/p>\n<div class=\"page-title-head hgroup\">\n<blockquote>\n<h3 class=\"entry-title\">INTERVENTO NELLA NOTTE A CORTINA<\/h3>\n<\/blockquote>\n<\/div>\n<div class=\"page-title-breadcrumbs\"><strong><a class=\"dt-pswp-item\" href=\"https:\/\/www.radiopiu.net\/wordpress\/wp-content\/uploads\/2018\/08\/soccorsoalpino.jpg\" data-dt-img-description=\"\" data-large_image_width=\"1200\" data-large_image_height=\"1200\"><img loading=\"lazy\" decoding=\"async\" class=\" wp-image-59164 alignleft\" src=\"https:\/\/www.radiopiu.net\/wordpress\/wp-content\/uploads\/2018\/08\/soccorsoalpino-300x300.jpg\" alt=\"\" width=\"195\" height=\"195\" srcset=\"https:\/\/www.radiopiu.net\/wordpress\/wp-content\/uploads\/2018\/08\/soccorsoalpino-300x300.jpg 300w, https:\/\/www.radiopiu.net\/wordpress\/wp-content\/uploads\/2018\/08\/soccorsoalpino-150x150.jpg 150w, https:\/\/www.radiopiu.net\/wordpress\/wp-content\/uploads\/2018\/08\/soccorsoalpino-768x768.jpg 768w, https:\/\/www.radiopiu.net\/wordpress\/wp-content\/uploads\/2018\/08\/soccorsoalpino-1024x1024.jpg 1024w, https:\/\/www.radiopiu.net\/wordpress\/wp-content\/uploads\/2018\/08\/soccorsoalpino.jpg 1200w\" sizes=\"auto, (max-width: 195px) 100vw, 195px\" \/><\/a>CORTINA<\/strong>\u00a0 Verso l\u2019una dell&#8217;altra notte una squadra del Soccorso alpino di Cortina \u00e8 partita in direzione del Rifugio Vandelli, allertata dalla Centrale operativa del 118 su richiesta di un gruppetto di escursionisti in difficolt\u00e0. I quattro, tre ragazzi e una ragazza trentenni, assieme al loro cane erano partiti alle 19 da Federavecchia diretti al Rifugio Vandelli. A met\u00e0 strada circa, lungo il sentiero numero 217, avevano perso la traccia e si erano spostati a est rispetto all\u2019itinerario corretto, salendo per 400 metri e finendo per bloccarsi su un ripido ghiaione a quota 1.700. Impauriti e incapaci di ritornare sui propri passi, avevano quindi chiesto aiuto. Risaliti alla loro posizione dopo aver ricevuto le coordinate Gps, cinque soccorritori si sono messi in cammino e in un\u2019ora e mezza li hanno individuati e raggiunti. La squadra ha provveduto a far superare agli escursionisti il tratto pi\u00f9 impegnativo, facendoli scendere due alla volta dopo averli assicurati con corda corta, e li ha riportati sul sentiero assieme al cane, per poi riaccompagnarli in localit\u00e0 Federavecchia. L\u2019intervento si \u00e8 concluso attorno alle 6.<\/div>\n<div><\/div>\n<div><\/div>\n<div><\/div>\n<div><\/div>\n<p>&nbsp;<\/p>\n<hr \/>\n<p>&nbsp;<\/p>\n<p>&nbsp;<\/p>\n<p>&nbsp;<\/p>\n<div class=\"page-title-head hgroup\">\n<blockquote>\n<h3 class=\"entry-title\">LA SOLUZIONE PER GLI ABITANTI DEL CONDOMINIO DI FAION: L\u2019AUTOCLAVE<\/h3>\n<\/blockquote>\n<\/div>\n<div class=\"page-title-breadcrumbs\">\n<p><strong class=\"photoswipe-wrapper\"><a class=\"dt-pswp-item pspw-wrap-ready\" href=\"https:\/\/i0.wp.com\/www.radiopiu.net\/wordpress\/wp-content\/uploads\/2020\/05\/9f9b9541-883d-432f-a081-35abeafbea22.jpg?ssl=1\" data-dt-img-description=\"\" data-large_image_width=\"1600\" data-large_image_height=\"1200\"><img loading=\"lazy\" decoding=\"async\" class=\" wp-image-139684 alignleft\" src=\"https:\/\/i0.wp.com\/www.radiopiu.net\/wordpress\/wp-content\/uploads\/2020\/05\/9f9b9541-883d-432f-a081-35abeafbea22.jpg?resize=190%2C143&amp;ssl=1\" sizes=\"auto, (max-width: 190px) 100vw, 190px\" srcset=\"https:\/\/i0.wp.com\/www.radiopiu.net\/wordpress\/wp-content\/uploads\/2020\/05\/9f9b9541-883d-432f-a081-35abeafbea22.jpg?resize=300%2C225&amp;ssl=1 300w, https:\/\/i0.wp.com\/www.radiopiu.net\/wordpress\/wp-content\/uploads\/2020\/05\/9f9b9541-883d-432f-a081-35abeafbea22.jpg?resize=1024%2C768&amp;ssl=1 1024w, https:\/\/i0.wp.com\/www.radiopiu.net\/wordpress\/wp-content\/uploads\/2020\/05\/9f9b9541-883d-432f-a081-35abeafbea22.jpg?resize=768%2C576&amp;ssl=1 768w, https:\/\/i0.wp.com\/www.radiopiu.net\/wordpress\/wp-content\/uploads\/2020\/05\/9f9b9541-883d-432f-a081-35abeafbea22.jpg?resize=1536%2C1152&amp;ssl=1 1536w, https:\/\/i0.wp.com\/www.radiopiu.net\/wordpress\/wp-content\/uploads\/2020\/05\/9f9b9541-883d-432f-a081-35abeafbea22.jpg?w=1600&amp;ssl=1 1600w\" alt=\"\" width=\"190\" height=\"143\" data-recalc-dims=\"1\" \/><\/a>AGORDO<\/strong>\u00a0I condomini della palazzina di Faion che lamentano la mancanza d\u2019acqua corrente sono stati ricevuti dal sindaco di Agordo, Roberto Chissal\u00e8. Pur il Comune non avendo responsabilit\u00e0 sulla rete idrica in gestione a GSP, ha voluto comunque sentire i suoi concittadini e ieri in Municipio, a poche ore dal disservizio la riunione.\u00a0<em>\u201cIl sindaco \u2013 riferisce\u00a0 un partecipante all\u2019incontro \u2013 ha dimostrato interesse per il nostro disagio. Ha promesso che parler\u00e0 con il direttore di GSP per esporre di nuovo il problema. Ci ha consigliato di valutare l\u2019opportunit\u00e0 di installare l\u2019autoclave perch\u00e9 pur prevedendo lavori in futuro la soluzione al problema non sar\u00e0 immediata per un disagio che potrebbe durare anche un anno\u201d. La spesa sar\u00e0 a carico dei condomini e prima sar\u00e0 necessario un sopralluogo dei tecnici per valutare l\u2019opportunit\u00e0 dei lavori e i costi su garanzie certe che il problema trovi soluzione\u201d .\u00a0<\/em>Sulla riunione tenutasi a palazzo Marconi abbiamo sentito anche il sindaco Roberto Chissal\u00e8.<\/p>\n<p><strong>AUDIO<\/strong><\/p>\n<audio class=\"wp-audio-shortcode\" id=\"audio-139557-1\" preload=\"none\" style=\"width: 100%;\" controls=\"controls\"><source type=\"audio\/mpeg\" src=\"https:\/\/www.radiopiu.net\/wordpress\/wp-content\/uploads\/2020\/05\/CHISSALE.mp3?_=1\" \/><a href=\"https:\/\/www.radiopiu.net\/wordpress\/wp-content\/uploads\/2020\/05\/CHISSALE.mp3\">https:\/\/www.radiopiu.net\/wordpress\/wp-content\/uploads\/2020\/05\/CHISSALE.mp3<\/a><\/audio>\n<h2><span style=\"color: #ff0000;\">IERI\u00a0 NEI NOTIZIARIO RADIOFONICI<\/span><\/h2>\n<div class=\"page-title-head hgroup\">\n<blockquote>\n<h3 class=\"entry-title\">FAION, DOVE LA REGOLARITA\u2019 DELL\u2019ACQUA CORRENTE NEI CONDOMINI E\u2019 UN LUSSO<\/h3>\n<\/blockquote>\n<\/div>\n<div class=\"page-title-breadcrumbs\"><strong class=\"photoswipe-wrapper\"><a class=\"dt-pswp-item pspw-wrap-ready\" href=\"https:\/\/i0.wp.com\/www.radiopiu.net\/wordpress\/wp-content\/uploads\/2020\/05\/f8514169-d441-47e5-8f87-9411b1f7609d.jpg?ssl=1\" data-dt-img-description=\"\" data-large_image_width=\"1600\" data-large_image_height=\"1200\"><img loading=\"lazy\" decoding=\"async\" class=\" wp-image-139464 alignleft\" src=\"https:\/\/i0.wp.com\/www.radiopiu.net\/wordpress\/wp-content\/uploads\/2020\/05\/f8514169-d441-47e5-8f87-9411b1f7609d.jpg?resize=240%2C181&amp;ssl=1\" sizes=\"auto, (max-width: 240px) 100vw, 240px\" srcset=\"https:\/\/i0.wp.com\/www.radiopiu.net\/wordpress\/wp-content\/uploads\/2020\/05\/f8514169-d441-47e5-8f87-9411b1f7609d.jpg?resize=300%2C225&amp;ssl=1 300w, https:\/\/i0.wp.com\/www.radiopiu.net\/wordpress\/wp-content\/uploads\/2020\/05\/f8514169-d441-47e5-8f87-9411b1f7609d.jpg?resize=1024%2C768&amp;ssl=1 1024w, https:\/\/i0.wp.com\/www.radiopiu.net\/wordpress\/wp-content\/uploads\/2020\/05\/f8514169-d441-47e5-8f87-9411b1f7609d.jpg?resize=768%2C576&amp;ssl=1 768w, https:\/\/i0.wp.com\/www.radiopiu.net\/wordpress\/wp-content\/uploads\/2020\/05\/f8514169-d441-47e5-8f87-9411b1f7609d.jpg?resize=1536%2C1152&amp;ssl=1 1536w, https:\/\/i0.wp.com\/www.radiopiu.net\/wordpress\/wp-content\/uploads\/2020\/05\/f8514169-d441-47e5-8f87-9411b1f7609d.jpg?w=1600&amp;ssl=1 1600w\" alt=\"\" width=\"240\" height=\"181\" data-recalc-dims=\"1\" \/><\/a>AGORDO<\/strong>\u00a0Ed ecco che il problema si ripropone sull\u2019altura di Agordo, in localit\u00e0 Faion ai piedi del Col di Foglia, un anno fa s\u2019erano aperti i rubinetti delle critiche perch\u00e9 in alcuni condomini l\u2019acqua non arrivava, non sempre, non come si vorrebbe nel terzo millennio. Ieri sera il primo messaggio.\u00a0<em>\u201cIn via\u00a0 Faion 11\/b\u00a0 siamo ancora senz\u2019acqua\u201d<\/em>\u00a0ci racconta Erik. Al disservizio aprono la porta \u00a06 famiglie mentre nella palazzina accanto gli inquilini aprono il rubinetto e l\u2019acqua esce con regolarit\u00e0.\u00a0<em>\u201cLoro \u2013 continua Erik \u2013 hanno messo mano al portafoglio,\u00a0 si sono installati un autoclave,\u00a0 \u00a0su consiglio dei tecnici di Gsp. Non lo trovo giusto, con quello che paghiamo in bolletta sarebbe forse pi\u00f9 logico che fosse l\u2019azienda a risolvere il nostro problema\u201d<\/em>. Anche Veruschka si lamenta<em>\u00a0\u201cHo chiamato per l\u2019ennesima volta Gsp, ma dal call center rispondono da lontano e non non si riesce a trovare una soluzione. Non se ne pu\u00f2 pi\u00f9, infine sono anche riuscita a parlare con un tecnico e mi ha liquidato con una domanda: vi siete messi l\u2019autoclave?\u201d.\u00a0<\/em>La palazzina accanto ha dunque risolto il problema probabilmente dopo che Gsp ha garantito di non avere responsabilit\u00e0, cio\u00e8 di portare l\u2019acqua fino alla palazzina con le caratteristiche di norma. Il sindaco Roberto Chissal\u00e8 si \u00e8 gi\u00e0 interfacciato con Gsp segnalando il problema\u00a0<em>\u201cMi \u00e8 stato ribadito \u2013 dice \u2013 che anche in questo caso l\u2019unica soluzione \u00e8 quella dell\u2019autoclave\u201d.<\/em>\u00a0Ma \u00e8 anche vero che da qualche anno si parla di trovare ulteriori soluzioni alternative lavorando sulle vasche di raccolta\u00a0<em>\u201cCorretto \u2013 dice il sindaco \u2013 da tempo Gsp dice di voler intervenire sulla programmazione con investimenti puntuali potenziando le vasche di raccolta. Terremo alta l\u2019attenzione perch\u00e9 il problema venga valutato e risolto\u201d.\u00a0<\/em>Per\u00f2 in questo periodo non si pu\u00f2 certo parlare di siccit\u00e0, o meglio le sorgenti non pare siano a secco.\u00a0<em>\u201cAnche questo \u00e8 vero \u2013 dice il sindaco \u2013 anche per questo ho creduto opportuno avvisare subito Gsp della segnalazione in arrivo da Faion\u201d.<\/em><\/div>\n<div><\/div>\n<div><em><strong>DAL CORRIERE DELLE ALPI IL SERVIZIO DI GIANNI SANTOMASO<\/strong><\/em><\/div>\n<\/div>\n<audio class=\"wp-audio-shortcode\" id=\"audio-139557-2\" preload=\"none\" style=\"width: 100%;\" controls=\"controls\"><source type=\"audio\/mpeg\" src=\"https:\/\/www.radiopiu.net\/wordpress\/wp-content\/uploads\/2020\/05\/GIANNI-FAION.mp3?_=2\" \/><a href=\"https:\/\/www.radiopiu.net\/wordpress\/wp-content\/uploads\/2020\/05\/GIANNI-FAION.mp3\">https:\/\/www.radiopiu.net\/wordpress\/wp-content\/uploads\/2020\/05\/GIANNI-FAION.mp3<\/a><\/audio>\n<p>&nbsp;<\/p>\n<div class=\"page-title-breadcrumbs\">\n<hr \/>\n<p>&nbsp;<\/p>\n<p>&nbsp;<\/p>\n<\/div>\n<p>&nbsp;<\/p>\n<blockquote class=\"wp-embedded-content\" data-secret=\"M0lE28yo1v\"><p><a href=\"https:\/\/www.radiopiu.net\/wordpress\/nel-giorno-del-suo-compleanno-regala-le-mascherine-leonardo-del-vecchio-lamato-datore-di-lavoro-da-sempre\/\">NEL GIORNO DEL SUO COMPLEANNO&#8230; REGALA LE MASCHERINE. LEONARDO DEL VECCHIO L&#8217;AMATO DATORE DI LAVORO DA SEMPRE.<\/a><\/p><\/blockquote>\n<p><iframe loading=\"lazy\" title=\"&#8220;NEL GIORNO DEL SUO COMPLEANNO&#8230; REGALA LE MASCHERINE. LEONARDO DEL VECCHIO L&#8217;AMATO DATORE DI LAVORO DA SEMPRE.&#8221; &#8212; Radio Pi\u00f9\" class=\"wp-embedded-content\" sandbox=\"allow-scripts\" security=\"restricted\" style=\"position: absolute; clip: rect(1px, 1px, 1px, 1px);\" src=\"https:\/\/www.radiopiu.net\/wordpress\/nel-giorno-del-suo-compleanno-regala-le-mascherine-leonardo-del-vecchio-lamato-datore-di-lavoro-da-sempre\/embed\/#?secret=M0lE28yo1v\" data-secret=\"M0lE28yo1v\" width=\"600\" height=\"338\" frameborder=\"0\" marginwidth=\"0\" marginheight=\"0\" scrolling=\"no\"><\/iframe><\/p>\n<div class=\"page-title-breadcrumbs\">\n<blockquote>\n<h3>DOPO CRISANTI E&#8217; LA DOTTORESSA RUSSO LA PROTAGONISTA DELLA GUERRA AL COVID19, LA DONNA AL COMANDO DELLA SQUADRA CHE CONTESTA I TITOLI DA &#8220;CONTAGIO ZERO&#8221; SUGGERITI DAL PROFESSOR CRISANTI E INVITA A NON\u00a0 ABBASSARE LA GUARDIA. LE LIMITAZIONI AGLI SPOSTAMENTI TRA REGIONI POTREBBERO TERMINARE IL PROSSIMO 2 GIUGNO, MA LE CONFERME ARRIVERANNO SOLO LA PROSSIMA SETTIMANA, SULLA SCORTA DEL NUMERO DI CONTAGI DOPO LE RIAPERTURE DEL 18 MAGGIO. LA SLOVENIA SCHIERA LE FORZE DI POLIZIA AL CONFINE INTERDETTI AGLI ITALIANI, ANCHE SUL CARSO. TROPPI I CICLISTI OLTRE I CONFINI E MIGRANTI CHE CONTINUANO AD ENTRARE E LA POPOLAZIONE E&#8217; PREOCCUPATA PER\u00a0 POSSIBILI CONTAGI. IERI A BELLUNO ANCORA ZERO CONTAGI E BEN 46\u00a0 I PAZIENTI GUARITI IN SOLE 24 ORE.<\/h3>\n<\/blockquote>\n<p><strong>di Mirko Mezzacasa<\/strong><\/p>\n<p>&nbsp;<\/p>\n<p>L&#8217;euforia da contagio zero sfuma alla successiva alba, allo zero in casella di gioved\u00ec segue il +25 di ieri, nuovi casi che invitano a non abbassare la guardia. I numeri sono per\u00f2 positivi, in Veneto e in tutta Italia ad una settimana dalla riapertura quasi totale. Solo in Valle d&#8217;Aosta il gi\u00e0 famoso indice RT (trasmissione contagio) \u00e8 sopra la soglia di guardia pari a 1. Ad introdurre questo nuovo termine RT \u00e8 stata ieri in conferenza stampa la dottoressa Francesca Russo &#8220;comandante&#8221; del dipartimento di prevenzione della Regione, colei che ha studiato e redatto il piano della sanit\u00e0 pubblica datato fine gennaio. Con le sue parole ha criticato il professor Crisanti che 48 ore fa inneggiava al contagio zero <em>&#8220;I titoli di giornali &#8220;contagio zero&#8221; &#8211; ha detto la Russo &#8211; veicolano un messaggio errato.\u00a0 Crisanti avr\u00e0 voluto dire che abbiamo iniziato un percorso in discesa, il &#8220;contagio zero&#8221; va specificato che valeva per quel giorno, che fa testo \u00e8 invece il trend. Le curve sono in calo ma non significa certo azzeramento&#8221;<\/em>. Il valore RT per il Veneto \u00e8 sotto la soglia di guardia, 0,41 che fa del Veneto la migliore regione d&#8217;Italia, ci sono ancora dei piccoli focolai nelle case di riposo e in alcune famiglie, da tenere sotto controllo fino allo spegnimento, da tenere sotto controllo per non tornare alla fase 1. Anche per questo la sorveglianza da isolamento domiciliare \u00e8 stata portata da 14 a 21 giorni. In quanto ai tamponi la Russo ha smontato la tesi di Crisanti da &#8220;tampone per tutti&#8221;, <em>&#8220;Non \u00e8 un programma &#8211; ha detto &#8211; che ognuno pu\u00f2 pensare di iniziare per conto proprio, ma va approntato con precisi obiettivi, ovvero identificando le categorie a rischio: personale sanitario, famacisti, ospiti e personale delle strutture per anziani, pazienti che accedono al pronto soccorso, ricoverati&#8221;<\/em>. A proposito di centri estivi\u00a0 che dovrebbero aprire lunedi l&#8217;ordinanza non \u00e8 ancora stata resa nota, forse sar\u00e0 firmata oggi dal Presidente Luca Zaia, cos\u00ec anche per i parchi estivi<em> &#8220;Le linee guida ci sono &#8211; ha detto Zaia- ma bisogna trovare la quadra tra tutte le Regioni&#8221;<\/em>. Anche ieri uomini e donne davanti alla sede delle Protezione Civile di Marghera sede della conferenza stampa, in protesta perch\u00e9 dimenticati e senza stipendio e cassa integrazione da gennaio. Si tratta della categoria dei lavoratori delle mense, hanno incassato la solidariet\u00e0 degli attori dell&#8217;incontro quotidiano con la stampa. Sulle elezioni \u00e8 di nuovo scontro, per Zaia la data migliore il 2 agosto e non l&#8217;election day dell 6 settembre che porterebbe a presentare liste e programmi a ferragosto <em>&#8220;Sarebbe -ha detto &#8211; la sospensione della democrazia&#8221;,<\/em> il vice Gianluca Forcolin ha fatto approvare un progetto di legge che riduce da 60 a 50 i giorni per la pubblicazione del decreto di indizione della consultazione, per il Pd un tentativo di forzare la mano al Parlamento. Sembra risolversi il problema del taglio delle zone rosse, dopo le proteste e la minaccia di ricorso da parte del Veneto il Governo innesta la retromarcia ed assicura equit\u00e0 per tutti i Comuni pi\u00f9 colpiti, la correzione la prossima settimana in Parlamento. Presentato anche il vademecum per le vacanze, tra le linee guida principali: nei rifugi alpini pranzo solo su prenotazione ed entrate contingentate con guanti e mascherina evitando incroci tra persone ove possibile, in piscina 7 metri quadrati a persona, sdraio e lettini a un metro e mezzo di distanza uno dall&#8217;altro (eccetto congiunti), consigliata la prenotazione e i nomi vanno conservati 14 giorni cos\u00ec come nelle palestre dove la distanza \u00e8 di un metro tra le persone, due per chi pratica attivit\u00e0 fisica e le scarpe non devono essere quelle usate per strada, mascherina obbligatoria per chi gestisce i servizi di noleggio, negli alberghi notizie multilingue e nei parchi quando riapriranno riduzione della capienza massima con distanza anche di 2 metri se prevista l&#8217;attivit\u00e0 fisica, mascherine per tutti non i pi\u00f9 piccoli e le stesse regole valgono anche per il luna park. Per tutti valgono le ormai note norme igieniche e di igienizzazione. Sui collegamenti interregionali la settimana decisiva sar\u00e0 la prossima quando si conosceranno gli effetti delle riaperture del 18 maggio quindi la data del 3 giugno indicata per le riaperture verr\u00e0 confermata o meno in base al numero di contagi. Se il quadro sar\u00e0 rassicurante l&#8217;apertura \u00e8 assicurata oppure riapriranno solo i confini regionali a basso contagio. L&#8217;Ulss1 Dolomiti assume 91 professionisti, infermieri, operatori socio sanitari, tecnici di radiologia e medici che si aggiungeranno ai 49 che gi\u00e0 hanno iniziato a lavorare negli ultimi mesi di emergenza. A Feltre \u00e8 entrata in funzione la nuova macchina per i tamponi donata alla Ulss1 dai volontari ambulanza Vol.A. A Pieve di Cadore iniziano i lavori per il nuovo eliporto e l&#8217;elicottero Falco sar\u00e0 ospitato a Belluno presso l&#8217;hangar del Nucleo elicotteristi dei Carabinieri, i lavori prevedono un investimento da 3 milioni di euro.\u00a0 <strong>NELLE ULTIME 24 ORE IN VENETO<\/strong> \u00a0Nuovi casi di positivi\u00a0 25 (mercoledi 37) da inizio epidemia 19063\u00a0 (+25),\u00a0 attualmente positivi\u00a0 \u00a02954 (-293),\u00a0 negativizzati\/guariti 14247 (+309)\u00a0 in isolamento domiciliare 3132 (-78) ricoverati 580\u00a0 (-25), in ospedale 496\u00a0 \u00a0(-14) , ospedali di comunit\u00e0 84 (-11 ), terapia intensiva 39 (-1 , 27\u00a0 positivi, 39 negativi),\u00a0 dimessi 3515 (+23) , decessi ospedale 1385\u00a0 (7) , totale decessi 1862 (9)\u00a0 <strong>NELLE ULTIME 24 ORE IN PROVINCIA DI BELLUNO<\/strong>\u00a0 \u00a0Casi positivi\u00a0 0 (mercoledi 0) dal 21 febbraio 1153\u00a0 (0 ), attualmente positivi 229 (-46), deceduti 105 (0),\u00a0 negativizzati\/guariti 819 (+46), in isolamento domiciliare 482\u00a0 (-5), ricoverati ospedale San Martino 8 (+1) , terapia intensiva 0 (0) , ospedale di Comunit\u00e0 di Belluno 8 (0) Agordo 8\u00a0 (-1 ).<\/p>\n<\/div>\n<p>&nbsp;<\/p>\n<h3>IL POST DEL MINISTRO FEDERICO D&#8217;INCA&#8217;<\/h3>\n<blockquote><p><em>&#8220;In fase di conversione del DecretoRilancio, in Parlamento, si far\u00e0 il punto sulle\u00a0 ZoneRosse rimaste escluse dai finanziamenti. L&#8217;intervento del Presidente del Consiglio Giuseppe Conte, nel pomeriggio, ha fugato ogni possibile dubbio, confermando che verr\u00e0 presentato un emendamento per comprendere tutte le altre zone rosse d&#8217;Italia ora escluse dal decreto. Questo a dimostrazione che il Governo e il Parlamento ci sono, che c&#8217;\u00e8 la massima attenzione per tutti i territori e che c&#8217;\u00e8 da parte di tutti la volont\u00e0 di risolvere i problemi. Meglio se attraverso il dialogo e la collaborazione&#8221;.<\/em><\/p><\/blockquote>\n<div class=\"page-title-breadcrumbs\">\n<p>&nbsp;<\/p>\n<hr \/>\n<\/div>\n<blockquote class=\"wp-embedded-content\" data-secret=\"srMa1OgJz3\"><p><a href=\"https:\/\/www.radiopiu.net\/wordpress\/coronavirus-aggiornamento-nazionale-22-maggio\/\">CORONAVIRUS: AGGIORNAMENTO NAZIONALE 22 MAGGIO<\/a><\/p><\/blockquote>\n<p><iframe loading=\"lazy\" title=\"&#8220;CORONAVIRUS: AGGIORNAMENTO NAZIONALE 22 MAGGIO&#8221; &#8212; Radio Pi\u00f9\" class=\"wp-embedded-content\" sandbox=\"allow-scripts\" security=\"restricted\" style=\"position: absolute; clip: rect(1px, 1px, 1px, 1px);\" src=\"https:\/\/www.radiopiu.net\/wordpress\/coronavirus-aggiornamento-nazionale-22-maggio\/embed\/#?secret=srMa1OgJz3\" data-secret=\"srMa1OgJz3\" width=\"600\" height=\"338\" frameborder=\"0\" marginwidth=\"0\" marginheight=\"0\" scrolling=\"no\"><\/iframe><\/p>\n<div class=\"page-title-breadcrumbs\">\n<p>&nbsp;<\/p>\n<hr \/>\n<p>&nbsp;<\/p>\n<p>UN&#8217;ALTRO GIORNO SENZA POSITIVI A BELLUNO, 5 PERSONE IN MENO IN ISOLAMENTO FIDUCIARIO, 1 PAZIENTE IN PIU&#8217; AL SAN MARTINO E 1 IN MENO AD AGORDO. 46 GUARITI.<\/p>\n<blockquote class=\"wp-embedded-content\" data-secret=\"zKH7HoEFT8\"><p><a href=\"https:\/\/www.radiopiu.net\/wordpress\/gio21\/\">BOLLETTINO DELLE 17: 7 DECESSI, 6 ALL&#8217;OSPEDALE DI SANT&#8217;ORSO. +25 POSITIVI, ATTUALMENTE POSITIVI SOTTO I 3000, 25 RICOVERATI IN MENO<\/a><\/p><\/blockquote>\n<p><iframe loading=\"lazy\" title=\"&#8220;BOLLETTINO DELLE 17: 7 DECESSI, 6 ALL&#8217;OSPEDALE DI SANT&#8217;ORSO. +25 POSITIVI, ATTUALMENTE POSITIVI SOTTO I 3000, 25 RICOVERATI IN MENO&#8221; &#8212; Radio Pi\u00f9\" class=\"wp-embedded-content\" sandbox=\"allow-scripts\" security=\"restricted\" style=\"position: absolute; clip: rect(1px, 1px, 1px, 1px);\" src=\"https:\/\/www.radiopiu.net\/wordpress\/gio21\/embed\/#?secret=zKH7HoEFT8\" data-secret=\"zKH7HoEFT8\" width=\"600\" height=\"338\" frameborder=\"0\" marginwidth=\"0\" marginheight=\"0\" scrolling=\"no\"><\/iframe><\/p>\n<p>&nbsp;<\/p>\n<p>&nbsp;<\/p>\n<hr \/>\n<p>&nbsp;<\/p>\n<h3>SPACCIO DI DROGA, SEGNALATI DUE BELLUNESI<\/h3>\n<p><strong>BELLUNO<\/strong>\u00a0 Due bellunesi sono stati segnalati alla Prefettura come assuntori di sostanze stupefacenti nell&#8217;operazione che ha portato i carabinieri della Compagnia di Sacile all&#8217;esecuzione di cinque ordinanze di custodia cautelare. Sequestrati 70 grammi di cocaina, 50 di eroina, 12 pastiglie di ecstasy, 500 di altre sostanze psicotrope, 6 mila euro in contanti provento dell&#8217;attivit\u00e0 di spaccio, telefonini cellulari, bilancini di precisione e sostanze da taglio. La procura di Pordenone ha individuato una sessantina di assuntori di et\u00e0 compresa tra i 20 e i 40 anni per lo pi\u00f9 gi\u00e0 segnalati alle rispettive prefetture.<\/p>\n<p>&nbsp;<\/p>\n<p>&nbsp;<\/p>\n<hr \/>\n<p>&nbsp;<\/p>\n<\/div>\n<h2>LEGGI LA CONFERENZA STAMPA DI LUCA ZAIA<\/h2>\n<p>Otto fratellini Sartore anni: 8, 9, 7, 5, 4, 2, 1, 2 mesi, da Venezia centro storico hanno mandato i loro disegni. Presenti i servizi degli operatori della mensa scolastica, categoria in difficolt\u00e0 e senza cassa integrazione.<\/p>\n<p><strong>DOTTORESSA FRANCESCA RUSSO, RESPONSABILE DIPARTIMENTO PREVENZIONE AUTRICE DEL PIANO DI SANITA&#8217; PUBBLICA.<\/strong><\/p>\n<p>I dati che comunichiamo tutti i giorni due volte al giorno hanno un significato importante per la valutazione del trend giornaliero, dato legato a quel giorno e noi dobbiamo valutarlo nel tempo. Abbiamo monitoraggio regionale e nazionale molto specifico sull&#8217;andamento dell&#8217;epidemia, guardiamo gli ultimi 14 giorni. Gli altri indicatori sono R0 (contagi) e RT al di sotto di 1 colloca la Regione nella fascia di bassa contagiosit\u00e0. Siamo a 0,41 ed \u00e8 l&#8217;indicatore principale che definisce il Veneto a bassa contagiosit\u00e0. Indicatore trend settimanale dei 14 giorni. Altro indicatore numero focolai, \u00e8 importante si calcolare i singoli casi, ma bisogno contare anche i correlati tra di loro, pi\u00f9 alta la contagiosit\u00e0 maggiori sono i focolai da tenere sotto controllo. Noi lo comunichiamo settimanalmente misura la contagiosit\u00e0, capacit\u00e0 della Regione di prendere in carico i focolai e la localizzazione perch\u00e9 da una settimana all&#8217;altra (14 giorni famosi) potrebbe portare la Regione o una parte dalla fase 2 alla fase 1. Indica come siamo messi a livello dell&#8217;intero territorio e ogni singola azienda Ulss. Stiamo implementando un cruscotto di valutazioni per fare in modi di avere giornalmente i dati. <strong>PIANO TAMPONI<\/strong> Da quando \u00e8 stato deciso di fare il tampone a tutta Vo&#8217;\u00a0 abbiamo studiato un piano legato all&#8217;individuazione dei nuovi casi, attestazione guarigione (2 tamponi alla fine della quarantena) ma abbiamo anche strutturato una messa a sistema delle categorie pi\u00f9 importanti, operatori sanitari, reparti a rischio e Usca maggiormente a contatto con i soggetti positivi, ma anche con amministrativi a farmacisti. Un piano mirato per tutti gli operatori esposti al contagio. L&#8217;esecuzione dei tamponi non \u00e8 un programma da approntare in maniera ragionata per permettere ai servizi si sanit\u00e0 pubblica \u00a0di programmare la pianifazione nel variare dello scenario epidemiologico. In Veneto per il processo dei tamponi sono attivi 14 laboratori. Autorizzati alcuni laboratori accreditati e autorizzati a fare i test.<\/p>\n<h2>DOMANDE prof. RUSSO<\/h2>\n<p><strong>OGGI VENETO CONTAGIO ZERO, SU QUALI BASI?\u00a0\u00a0<\/strong>Il professor Cristanti ha visto i dati di ieri, dalla mattina al pomeriggio zero positivi, voleva dire che siamo in discesa visto dai dati. Attenzione a questi titoli e questi messaggi perch\u00e9 dire che non c&#8217;\u00e8 pi\u00f9 il contagio non \u00e8 corretto.<\/p>\n<p><strong>I TITOLI SI FANNO SULLA SCORTA DEI DATI SE CRISANTI SI CONGRATULA CON LA SQUADRA PER I CONTAGI ZERO NON SI PUO&#8217; IGNORARE.<\/strong> <strong>SI ESCE DALLA PRIMA FASE<\/strong>? Contagio zero e&#8217; giusto ma bisogna aggiungere per oggi dalla reportistica dal pomeriggio. Non rappresenta l&#8217;andamento di una malattia in una Regione o un&#8217;azienda.<\/p>\n<p><strong>C&#8217;E&#8217; UNA POSSIBILE DATA PER LO STOP TAMPONI? <\/strong>Nessuno puo&#8217; dare un risposta. E&#8217; importante non premere su una data, \u00e8 il contrario di quanto dobbiamo fare. Non \u00e8 il momento di allentare, piuttosto di stringere col rischio di tornare alla fase1. Teniamo alta l&#8217;attenzione e massima allerta. Il comportamento<\/p>\n<p><strong>CONTAGI DOVE SONO?<\/strong> I focolai 2 casi positivi correlati tra di loro nello stesso posto perlopiu&#8217; piccoli \u00a0in case di riposo e alcuni ambiti famiIiari, ma il numero \u00e8 in diminuzione e molti pazienti sono guariti.<\/p>\n<p><strong>VENETO CON RT 0,41 MIGLIORE REGIONE IN ITALIA<\/strong> Si tra le Regione con un numero elevato di casi (Lazio, Lombardia, Piemonte, Emilia e Friuli)\u00a0 siamo la migliore.<\/p>\n<h2>DOMANDE pres. Zaia<\/h2>\n<p><strong>RAPPORTO CON CRISANTI?<\/strong> Ottimo la squadra c&#8217;e&#8217; e ognuno ha le sue competenze. Noi mettiamo ordine al disordine.<\/p>\n<p><strong>RETROMARCIA DECRETO ZONE ROSSE CI CREDE? <\/strong>\u00a0Sai cos&#8217;\u00e8 un Coral? Arriva la mandria ha il recinto con imbuto e corridoio per la vaccinazioni, non ci vengono piu&#8217; fuori o il coral li sistema per le feste. Quella legge \u00e8 inconcebile prima di bollina e poi si fa una circolare? Si sono dimenticati del Vento che parte di quei soldi li vuole.<\/p>\n<p><strong>ELEZIONI?<\/strong> Approvato un testo che prevede una finestra dal 6 di settembre; prendiamo atto che c&#8217;\u00e8 un anticipo di un mese e mezzo \u00e8 inspiegabile perch\u00e9 il governo non vuole votare a fine luglio. Fine luglio o 2 agosto sarebbe ideale per la presentazione delle liste e campagna elettorale, a settembre significa spostare tutto a ferragosto. Ci sono tutti i presupposti per andare a votare.Al presidente Mattarella ho esposto l&#8217;intera partita, e ha ascoltato.<\/p>\n<p><strong>OGGI NUOVA CONFERENZA REGIONI?<\/strong> Si alle 17.30 per chiudere la partita delle linee guida per i centri estivi, i parchi etc. Vogliamo chiudere con tutte le Regioni, poi mancano di guanti, risolto anche questo con un&#8217;ordinanza che permette l&#8217;uso del gel e non dei guanti.<\/p>\n<p><strong>CON QUALI REGIONI APRIRE DAL 3 GIUGNO?<\/strong> Sono valutazioni che spettano al comitato scientifico e alla dottoressa russo, le apertura a macchia di leopardo sono dannose. Se l&#8217;Europa esiste batta un colpo che ci sia una regia europea per l&#8217;apertura delle frontiere.<\/p>\n<p><strong>PASSAPORTI SANITARI?<\/strong> Sono belle suggestioni, fare un tampone al mondo intero lascia il tempo che trova. Leggo riviste scientifiche internazionali, ora si parla di test rapido in arrivo come farsi la glicemia in casa. Se ce l&#8217;avessimo che \u00e8 in grado a basso costo, fai da te, allora sarebbe tutto piu&#8217; facile con l&#8217;auto diagnosi. I tamponi non andranno avanti a vita, qualcuno arriver\u00e0 con la soluzione e il classico uovo di colombo.<\/p>\n<p>&nbsp;<\/p>\n<p>https:\/\/www.facebook.com\/zaiaufficiale\/videos\/172609504156770<\/p>\n<p>&nbsp;<\/p>\n<hr \/>\n<p>&nbsp;<\/p>\n<p>&nbsp;<\/p>\n<blockquote>\n<h3>OSPEDALE DI AGORDO UN VIDEO DEI DIPENDENTI CON UN GRAZIE AI BELLUNESI &#8220;CHE CI SONO STATI ACCANTO&#8221;<\/h3>\n<\/blockquote>\n<p><strong>IL MESSAGGIO DI UN OPERATORE SANITARIO DI AGORDO<\/strong><\/p>\n<audio class=\"wp-audio-shortcode\" id=\"audio-139557-3\" preload=\"none\" style=\"width: 100%;\" controls=\"controls\"><source type=\"audio\/mpeg\" src=\"https:\/\/www.radiopiu.net\/wordpress\/wp-content\/uploads\/2020\/05\/OSPEDALE-AGORDO.mp3?_=3\" \/><a href=\"https:\/\/www.radiopiu.net\/wordpress\/wp-content\/uploads\/2020\/05\/OSPEDALE-AGORDO.mp3\">https:\/\/www.radiopiu.net\/wordpress\/wp-content\/uploads\/2020\/05\/OSPEDALE-AGORDO.mp3<\/a><\/audio>\n<p>&nbsp;<\/p>\n<p><strong>IL VIDEO<\/strong><\/p>\n<div style=\"width: 1200px;\" class=\"wp-video\"><video class=\"wp-video-shortcode\" id=\"video-139557-1\" width=\"1200\" height=\"675\" preload=\"metadata\" controls=\"controls\"><source type=\"video\/mp4\" src=\"https:\/\/www.radiopiu.net\/wordpress\/wp-content\/uploads\/2020\/05\/covid-1-AGORDO-OK.mp4?_=1\" \/><a href=\"https:\/\/www.radiopiu.net\/wordpress\/wp-content\/uploads\/2020\/05\/covid-1-AGORDO-OK.mp4\">https:\/\/www.radiopiu.net\/wordpress\/wp-content\/uploads\/2020\/05\/covid-1-AGORDO-OK.mp4<\/a><\/video><\/div>\n<p>&nbsp;<\/p>\n<p>&nbsp;<\/p>\n<hr \/>\n<p>&nbsp;<\/p>\n<p>&nbsp;<\/p>\n<p>&nbsp;<\/p>\n<p>&nbsp;<\/p>\n<blockquote>\n<h3>UN AIUTO ALLE FAMIGLIE FODOM DALLA GIUNTA COMUNALE<\/h3>\n<\/blockquote>\n<p><strong><a class=\"dt-pswp-item\" href=\"https:\/\/www.radiopiu.net\/wordpress\/wp-content\/uploads\/2019\/05\/LIVINALLONGO-LEANDRO-GRONES.jpg\" data-dt-img-description=\"\" data-large_image_width=\"548\" data-large_image_height=\"768\"><img loading=\"lazy\" decoding=\"async\" class=\"size-medium wp-image-86470 alignleft\" src=\"https:\/\/www.radiopiu.net\/wordpress\/wp-content\/uploads\/2019\/05\/LIVINALLONGO-LEANDRO-GRONES-214x300.jpg\" alt=\"\" width=\"214\" height=\"300\" srcset=\"https:\/\/www.radiopiu.net\/wordpress\/wp-content\/uploads\/2019\/05\/LIVINALLONGO-LEANDRO-GRONES-214x300.jpg 214w, https:\/\/www.radiopiu.net\/wordpress\/wp-content\/uploads\/2019\/05\/LIVINALLONGO-LEANDRO-GRONES.jpg 548w\" sizes=\"auto, (max-width: 214px) 100vw, 214px\" \/><\/a>LIVINALLONGO DEL COL DI LANA<\/strong> Il sindaco di Livinallongo, Leandro Grones, e la comunicazione importante alla cittadinanza.<\/p>\n<p>&nbsp;<\/p>\n<p>&nbsp;<\/p>\n<p>&nbsp;<\/p>\n<p>&nbsp;<\/p>\n<p>&nbsp;<\/p>\n<p>&nbsp;<\/p>\n<p>&nbsp;<\/p>\n<p><strong>IL SINDACO DI LIVINALLONGO LEANDRO GRONES<\/strong><\/p>\n<audio class=\"wp-audio-shortcode\" id=\"audio-139557-4\" preload=\"none\" style=\"width: 100%;\" controls=\"controls\"><source type=\"audio\/mpeg\" src=\"https:\/\/www.radiopiu.net\/wordpress\/wp-content\/uploads\/2020\/05\/GRONES-TASSE.mp3?_=4\" \/><a href=\"https:\/\/www.radiopiu.net\/wordpress\/wp-content\/uploads\/2020\/05\/GRONES-TASSE.mp3\">https:\/\/www.radiopiu.net\/wordpress\/wp-content\/uploads\/2020\/05\/GRONES-TASSE.mp3<\/a><\/audio>\n<p>&nbsp;<\/p>\n<hr \/>\n<h3><\/h3>\n<blockquote>\n<h3>RU SECH, VIA AI LAVORI NEL DOPO VAIA<\/h3>\n<\/blockquote>\n<p><strong><a class=\"dt-pswp-item\" href=\"https:\/\/www.radiopiu.net\/wordpress\/wp-content\/uploads\/2020\/05\/download-5.jpg\" data-dt-img-description=\"\" data-large_image_width=\"259\" data-large_image_height=\"194\"><img loading=\"lazy\" decoding=\"async\" class=\" wp-image-139776 alignleft\" src=\"https:\/\/www.radiopiu.net\/wordpress\/wp-content\/uploads\/2020\/05\/download-5.jpg\" alt=\"\" width=\"182\" height=\"136\" \/><\/a>ALLEGHE<\/strong>\u00a0 Da lunedi in riva al lago, in localit\u00e0 Ru Sech \u00a0una ditta specializzata incaricata da Enel Green Power provveder\u00e0 la rimuovere il materiale che a seguito di Vaia e&#8217; andato ad ostruire parzialmente la griglia dell&#8217;opera di presa La durata presunta dell&#8217;intervento e&#8217; stimata in 5 giorni .<\/p>\n<p><strong>IL SINDACO DANILO DE TONI\u00a0<\/strong><\/p>\n<p>&nbsp;<\/p>\n<audio class=\"wp-audio-shortcode\" id=\"audio-139557-5\" preload=\"none\" style=\"width: 100%;\" controls=\"controls\"><source type=\"audio\/mpeg\" src=\"https:\/\/www.radiopiu.net\/wordpress\/wp-content\/uploads\/2020\/05\/danilo.mp3?_=5\" \/><a href=\"https:\/\/www.radiopiu.net\/wordpress\/wp-content\/uploads\/2020\/05\/danilo.mp3\">https:\/\/www.radiopiu.net\/wordpress\/wp-content\/uploads\/2020\/05\/danilo.mp3<\/a><\/audio>\n<p>&nbsp;<\/p>\n<p>&nbsp;<\/p>\n<hr \/>\n<p>&nbsp;<\/p>\n<blockquote>\n<h3>SOLDI ALLE ZONE ROSSE, IL PD REPLICA A ZAIA: \u201cNON FACCIA CONFUSIONE PER CERCARE LO SCONTRO:\u00a0RISORSE DESTINATE PRIORITARIAMENTE ALLE CINQUE PROVINCE PI\u00d9 COLPITE E IL VENETO NON \u00c8 BERGAMO!\u201d<\/h3>\n<\/blockquote>\n<p><strong><a class=\"dt-pswp-item\" href=\"https:\/\/www.radiopiu.net\/wordpress\/wp-content\/uploads\/2018\/11\/PD.png\" data-dt-img-description=\"\" data-large_image_width=\"226\" data-large_image_height=\"182\"><img loading=\"lazy\" decoding=\"async\" class=\"size-full wp-image-67744 alignleft\" src=\"https:\/\/www.radiopiu.net\/wordpress\/wp-content\/uploads\/2018\/11\/PD.png\" alt=\"\" width=\"226\" height=\"182\" \/><\/a>VENEZIA<\/strong> \u201c<em>Sulle risorse destinate alle zone rosse chiediamo a Zaia di non fare confusione, perch\u00e9 sa bene come stanno le cose. I fondi sono stati destinati prioritariamente alle cinque province pi\u00f9 colpite in termini di contagi e morti: ed \u00e8 innegabile che realt\u00e0 come Bergamo abbiano subito danni in misura maggiore, con oltre tremila vittime: le immagini con le lunghe colonne di bare le abbiamo viste tutti<\/em>\u201d. \u00c8 quanto afferma in una nota il capogruppo del PD Stefano Fracasso, insieme alla vice Francesca Zottis ed ai consiglieri Graziano Azzalin, Anna Maria Bigon, Bruno Pigozzo, Claudio Sinigaglia e Andrea Zanoni, ribattendo all\u2019annuncio del governatore di impugnare il Decreto Rilancio. \u201c<em>Siamo al lavoro come Partito Democratico sia a livello di Governo che in Parlamento per sostenere le zone rosse venete, ma \u00e8 inammissibile creare competizioni o addirittura scontri con chi sta ed \u00e8 stato peggio: i finanziamenti vanno distribuiti secondo un principio di equit\u00e0. \u00c8 necessario agire per portare il massimo delle risorse alla nostra Regione, ma ricordiamo anche che se siamo zona rossa lo dobbiamo all\u2019imposizione del Governo perch\u00e9 il presidente Zaia si era inizialmente opposto &#8211; sottolineano i consiglieri dem &#8211; Come dimostrato in tutto il periodo Covid, l\u2019opposizione PD ha assunto toni costruttivi con la maggioranza, perch\u00e9 le esigenze sono altre. Crediamo che ai cittadini non interessi lo scontro, ma l\u2019impegno a far arrivare velocemente le risorse dovute. Su questo ci siamo e continueremo ad esserci!. Zaia la finisca di alzare i toni e strumentalizzare questa vicenda per propaganda elettorale, dicendo che lui rigetta tutta la manovra, facendo cos\u00ec un danno evidente a tutto il sistema Veneto<\/em>\u201d.\u00a0\u201c<em>Ora tocca alla Regione definire una politica di stanziamenti che vada oltre ai fondi europei e quelli di rotazione &#8211; aggiungono come sollecitazione finale &#8211; Aspettiamo in Commissione e in aula la terza variazione di bilancio che dia concretezza agli ordini del giorno approvati in consiglio in termini, per esempio, di contributi a fondo perduto per le piccole medie imprese e il turismo, come gi\u00e0 fatto da altre Regioni. Adesso \u00e8 il momento dei fatti. Per tutti!<\/em>\u201d.<\/p>\n<p>&nbsp;<\/p>\n<hr \/>\n<p>&nbsp;<\/p>\n<p>&nbsp;<\/p>\n<div class=\"page-title-head hgroup\">\n<blockquote>\n<h3 class=\"entry-title\">BUONE NOTIZIE PER GLI IMPIANTISTI FUNIVIARI, PROROGA DEGLI ADEMPIMENTI<\/h3>\n<\/blockquote>\n<\/div>\n<div class=\"page-title-breadcrumbs\"><strong><img loading=\"lazy\" decoding=\"async\" class=\"alignleft jetpack-lazy-image jetpack-lazy-image--handled\" src=\"https:\/\/i0.wp.com\/www.radiopiu.net\/wordpress\/wp-content\/uploads\/2018\/07\/vertical107_falcade.jpg?resize=159%2C119&amp;ssl=1\" width=\"159\" height=\"119\" data-recalc-dims=\"1\" data-lazy-loaded=\"1\" \/>ROMA<\/strong>\u00a0<em>\u00abGli operatori degli impianti a fune chiedevano una maggiore attenzione al governo, la chiusura dovuta al lockdown unita alla crisi del turismo li ha coinvolti e messi in seria difficolt\u00e0. Per questo siamo molto soddisfatti dell\u2019approvazione, in commissione Attivit\u00e0 produttive e fiscale, dell\u2019emendamento al decreto Liquidit\u00e0 che ha riconosciuto la proroga di un anno dei termini degli adempimenti tecnici e amministrativi relativi agli impianti a fune in servizio pubblico\u00bb.\u00a0\u00a0<\/em><strong>Lo dichiarano in una nota congiunta Francesca Bonomo, Roger De Menech e Luca Lotti, deputati del Partito democratico.\u00a0<\/strong><em>\u00abGli impianti di risalita, sia nel loro uso classico in inverno, che per le attivit\u00e0 estive\u00bb, proseguono i tre deputati, \u00absono una risorsa trainante del turismo e hanno avuto dal governo il riconoscimento atteso. Da oggi \u00e8 possibile tornare al lavoro con maggiore serenit\u00e0 per preparare l\u2019imminente stagione estiva, che col passar degli anni \u00e8 diventata fondamentale per la sostenibilit\u00e0 degli impianti\u00bb.<\/em><\/div>\n<div><\/div>\n<div>ROGER DE MENECH<\/div>\n<div>\n<audio class=\"wp-audio-shortcode\" id=\"audio-139557-6\" preload=\"none\" style=\"width: 100%;\" controls=\"controls\"><source type=\"audio\/mpeg\" src=\"https:\/\/www.radiopiu.net\/wordpress\/wp-content\/uploads\/2020\/05\/ROGER.mp3?_=6\" \/><a href=\"https:\/\/www.radiopiu.net\/wordpress\/wp-content\/uploads\/2020\/05\/ROGER.mp3\">https:\/\/www.radiopiu.net\/wordpress\/wp-content\/uploads\/2020\/05\/ROGER.mp3<\/a><\/audio>\n<\/div>\n<div><\/div>\n<p>&nbsp;<\/p>\n<blockquote>\n<hr \/>\n<h3><\/h3>\n<h3><\/h3>\n<h3><\/h3>\n<h3><span style=\"color: #000000;\"><span style=\"font-family: Arial, sans-serif;\">DL RILANCIO. BOND (FI): LIBERI PROFESSIONISTI ISCRITTI AGLI ALBI ESCLUSI DAI CONTRIBUTI A FONDO PERDUTO<\/span><\/span><\/h3>\n<\/blockquote>\n<p><span style=\"color: #000000;\"><strong><a class=\"dt-pswp-item\" href=\"https:\/\/www.radiopiu.net\/wordpress\/wp-content\/uploads\/2020\/05\/Dario-Bond.jpg\" data-dt-img-description=\"\" data-large_image_width=\"165\" data-large_image_height=\"228\"><img loading=\"lazy\" decoding=\"async\" class=\"size-full wp-image-138833 alignleft\" src=\"https:\/\/www.radiopiu.net\/wordpress\/wp-content\/uploads\/2020\/05\/Dario-Bond.jpg\" alt=\"\" width=\"165\" height=\"228\" \/><\/a>ROMA<\/strong> \u201c<span style=\"font-family: Arial, sans-serif;\">Siamo stufi di essere presi in giro da questo Governo. Milioni di partite Iva non hanno ricevuto ancora il bonus di 600 euro. Milioni di lavoratori non hanno ricevuto la Cassa Integrazione. Migliaia di aziende non hanno visto 1 euro. Il presidente Conte si riempie la bocca in Conferenza stampa, e poi per attuare le misure del Decreto Rilancio servono 98 decreti attuativi. Altro che sburocratizzazione e velocit\u00e0\u201d. Cos\u00ec scrive in un post sulla sua pagina facebook il deputato di Forza Italia, Dario Bond, che in una nota aggiunge: \u201cL\u2019ultima \u2018genialata\u2019 del Governo \u00e8 stata escludere dalla possibilit\u00e0 di accedere ai finanziamenti a fondo perduto, calcolati in percentuale considerando la riduzione del fatturato, i due milioni circa di professionisti iscritti agli albi che versano i contributi previdenziali a casse diverse dall\u2019Inps.\u00a0<\/span><\/span><span style=\"color: #000000;\"><span style=\"font-family: Arial, sans-serif;\">Commercialisti, avvocati, consulenti del lavoro<\/span><\/span><span style=\"color: #000000;\"><span style=\"font-family: Arial, sans-serif;\">, solo per citarne alcuni, non potranno accedere al\u00a0<\/span><\/span><span style=\"color: #000000;\"><span style=\"font-family: Arial, sans-serif;\">contributo a fondo perduto<\/span><\/span><span style=\"color: #000000;\"><span style=\"font-family: Arial, sans-serif;\">\u00a0<\/span><\/span><span style=\"color: #000000;\"><span style=\"font-family: Arial, sans-serif;\">previsto dal\u00a0<\/span><\/span><span style=\"color: #000000;\"><span style=\"font-family: Arial, sans-serif;\">decreto Rilancio<\/span><\/span><span style=\"color: #000000;\"><span style=\"font-family: Arial, sans-serif;\">. Un\u2019esclusione esplicita, prevista dall\u2019articolo 25 del decreto legge n. 34\/2020 \u2013\u00a0<\/span><\/span><span style=\"color: #000000;\"><span style=\"font-family: Arial, sans-serif;\">conclude Bond &#8211;\u00a0<\/span><\/span><span style=\"color: #000000;\"><span style=\"font-family: Arial, sans-serif;\">che\u00a0<\/span><\/span><span style=\"color: #000000;\"><span style=\"font-family: Arial, sans-serif;\">penalizza il mondo delle libere professioni<\/span><\/span><span style=\"color: #000000;\"><span style=\"font-family: Arial, sans-serif;\">,\u00a0<\/span><\/span><span style=\"color: #000000;\"><span style=\"font-family: Arial, sans-serif;\">e che non ha\u00a0<\/span><\/span><span style=\"color: #000000;\"><span style=\"font-family: Arial, sans-serif;\">ratio. Una scelta errata alla quale bisogna rimediare in fretta\u201d.\u00a0<\/span><\/span><\/p>\n<p>&nbsp;<\/p>\n<p>&nbsp;<\/p>\n<p>&nbsp;<\/p>\n<p>&nbsp;<\/p>\n<p>&nbsp;<\/p>\n<p>&nbsp;<\/p>\n<hr \/>\n<p>&nbsp;<\/p>\n<blockquote>\n<h3>GIORNATA DELLA BIODIVERSIT\u00c0. DE CARLO: \u201cAGRICOLTORI E ALLEVATORI CUSTODI DELLA BIODIVERSIT\u00c0. LA MONTAGNA NON SI RASSEGNA, NONOSTANTE UN GOVERNO SORDO\u201d<\/h3>\n<\/blockquote>\n<p><strong><a class=\"dt-pswp-item\" href=\"https:\/\/www.radiopiu.net\/wordpress\/wp-content\/uploads\/2020\/05\/Luca-De-Carlo.jpg\" data-dt-img-description=\"\" data-large_image_width=\"165\" data-large_image_height=\"228\"><img loading=\"lazy\" decoding=\"async\" class=\"size-full wp-image-138787 alignleft\" src=\"https:\/\/www.radiopiu.net\/wordpress\/wp-content\/uploads\/2020\/05\/Luca-De-Carlo.jpg\" alt=\"\" width=\"165\" height=\"228\" \/><\/a>ROMA<\/strong> \u201cNonostante tutte le difficolt\u00e0 che si trovano quotidianamente ad affrontare, oggi agricoltori e allevatori sono custodi fondamentali della biodiversit\u00e0, soprattutto in montagna. Una dedizione, la loro, che consente di superare anche gli ostacoli che un governo sordo alle loro esigenze mette sul loro percorso\u201d: cos\u00ec il deputato Luca De Carlo, responsabile nazionale agricoltura di Fratelli d&#8217;Italia e membro della commissione ambiente alla Camera, sottolinea l&#8217;impegno del mondo agricolo, in occasione della Giornata mondiale della biodiversit\u00e0. \u201cTra mille difficolt\u00e0, gli agricoltori della montagna non si rassegnano: penso ad esempio all&#8217;iniziativa della Cooperativa Peralba, di San Pietro di Cadore in Comelico, che ha ovviato alla necessit\u00e0 di liquidit\u00e0 consentendo a tutti di \u201cadottare\u201d una delle loro mucche, garantendo burro, formaggi e prodotti di altissima qualit\u00e0 in cambio di un contributo, fondamentale per mandare avanti l&#8217;attivit\u00e0\u201d, sottolinea De Carlo. \u201c\u00c8 solo una delle tante idee che animano i nostri agricoltori e allevatori, che devono scontrarsi anche con un governo che li ignora e si ricorda del settore agricolo solo quando si parla di sanatorie\u201d. \u201cUn agricoltore o un allevatore, oggi, non deve fronteggiare unicamente i problemi legati al meteo, fortemente condizionati ora dal cambiamento climatico, ma deve affrontare da solo la crisi del prezzo del latte; le predazioni da parte degli animali selvatici e il loro contenimento; l&#8217;abbandono della montagna, con la conseguente trasformazione dei pascoli in boschi\u201d, conclude De Carlo. \u201cQui non ci si rassegna: \u00e8 grazie al lavoro di queste persone se la biodiversit\u00e0 viene tutelata, nonostante la sordit\u00e0 di un governo che non considera la montagna e l&#8217;agricoltura, due mondi abituati pi\u00f9 a fare che a parlare. La loro passione, la loro forza di volont\u00e0, il loro attaccamento al territorio sono valori che meriterebbero ben altri riconoscimenti\u201d.<\/p>\n<p>&nbsp;<\/p>\n<p>&nbsp;<\/p>\n<p>&nbsp;<\/p>\n<p>&nbsp;<\/p>\n<p>&nbsp;<\/p>\n<hr \/>\n<p>&nbsp;<\/p>\n<blockquote>\n<h3>&#8220;DE COCCIO&#8221;: GIOVEDI UNA SOLA SANZIONE<\/h3>\n<\/blockquote>\n<p><strong>BELLUNO\u00a0<\/strong>624 persone controllate in una giornata e una sola sanzione inflitta. Questo il dato della Prefettura di Belluno in base ai controlli per il contenimento del virus Covid-19. Da inizio settimana 9 sanzioni e una denuncia per altri reati dopo 2080 controlli. Forze dell&#8217;Ordine che continuano il loro lavoro anche negli esercizi commerciali. Nessuna sanzione dopo 666 controlli nell&#8217;ultima giornata.<\/p>\n<p><a class=\"dt-pswp-item\" href=\"https:\/\/www.radiopiu.net\/wordpress\/wp-content\/uploads\/2020\/05\/MONITORAGGIO_GIORNALIERO_DEI_SERVIZI_DI_CONTROLLO_DEL_21.05.2020.jpg\" data-dt-img-description=\"\" data-large_image_width=\"1240\" data-large_image_height=\"1754\"><img loading=\"lazy\" decoding=\"async\" class=\"alignnone wp-image-139767 \" src=\"https:\/\/www.radiopiu.net\/wordpress\/wp-content\/uploads\/2020\/05\/MONITORAGGIO_GIORNALIERO_DEI_SERVIZI_DI_CONTROLLO_DEL_21.05.2020-724x1024.jpg\" alt=\"\" width=\"283\" height=\"400\" srcset=\"https:\/\/www.radiopiu.net\/wordpress\/wp-content\/uploads\/2020\/05\/MONITORAGGIO_GIORNALIERO_DEI_SERVIZI_DI_CONTROLLO_DEL_21.05.2020-724x1024.jpg 724w, https:\/\/www.radiopiu.net\/wordpress\/wp-content\/uploads\/2020\/05\/MONITORAGGIO_GIORNALIERO_DEI_SERVIZI_DI_CONTROLLO_DEL_21.05.2020-212x300.jpg 212w, https:\/\/www.radiopiu.net\/wordpress\/wp-content\/uploads\/2020\/05\/MONITORAGGIO_GIORNALIERO_DEI_SERVIZI_DI_CONTROLLO_DEL_21.05.2020-768x1086.jpg 768w, https:\/\/www.radiopiu.net\/wordpress\/wp-content\/uploads\/2020\/05\/MONITORAGGIO_GIORNALIERO_DEI_SERVIZI_DI_CONTROLLO_DEL_21.05.2020-1086x1536.jpg 1086w, https:\/\/www.radiopiu.net\/wordpress\/wp-content\/uploads\/2020\/05\/MONITORAGGIO_GIORNALIERO_DEI_SERVIZI_DI_CONTROLLO_DEL_21.05.2020.jpg 1240w\" sizes=\"auto, (max-width: 283px) 100vw, 283px\" \/><\/a><\/p>\n<p>&nbsp;<\/p>\n<p>&nbsp;<\/p>\n<p>&nbsp;<\/p>\n<p>&nbsp;<\/p>\n<hr \/>\n<p>&nbsp;<\/p>\n<blockquote>\n<h3>SINDACALISTI &#8220;ZITTITI&#8221; RISPETTANO L&#8217;ACCORDO DI RISERVATEZZA, MA IL COMUNICATO AZIENDALE HA CREATO QUALCHE MALINTESO<\/h3>\n<\/blockquote>\n<p><img loading=\"lazy\" decoding=\"async\" class=\"wp-image-121809 alignleft jetpack-lazy-image jetpack-lazy-image--handled\" src=\"https:\/\/i1.wp.com\/www.radiopiu.net\/wordpress\/wp-content\/uploads\/2020\/03\/SINDACATI.jpg?resize=171%2C171&amp;ssl=1\" sizes=\"auto, (max-width: 171px) 100vw, 171px\" srcset=\"https:\/\/i1.wp.com\/www.radiopiu.net\/wordpress\/wp-content\/uploads\/2020\/03\/SINDACATI.jpg?resize=300%2C300&amp;ssl=1 300w, https:\/\/i1.wp.com\/www.radiopiu.net\/wordpress\/wp-content\/uploads\/2020\/03\/SINDACATI.jpg?resize=1024%2C1024&amp;ssl=1 1024w, https:\/\/i1.wp.com\/www.radiopiu.net\/wordpress\/wp-content\/uploads\/2020\/03\/SINDACATI.jpg?resize=150%2C150&amp;ssl=1 150w, https:\/\/i1.wp.com\/www.radiopiu.net\/wordpress\/wp-content\/uploads\/2020\/03\/SINDACATI.jpg?resize=768%2C768&amp;ssl=1 768w, https:\/\/i1.wp.com\/www.radiopiu.net\/wordpress\/wp-content\/uploads\/2020\/03\/SINDACATI.jpg?resize=1536%2C1536&amp;ssl=1 1536w, https:\/\/i1.wp.com\/www.radiopiu.net\/wordpress\/wp-content\/uploads\/2020\/03\/SINDACATI.jpg?w=2048&amp;ssl=1 2048w\" alt=\"\" width=\"171\" height=\"171\" data-recalc-dims=\"1\" data-lazy-loaded=\"1\" \/><\/p>\n<p><strong>BELLUNO<\/strong> In merito al comunicato stampa Aziendale di giovedi dove Luxottica ha deciso di rendere noto il pacchetto di misure straordinarie con il quale vuole affrontare la cosiddetta Fase 2 legata all\u2019emergenza sanitaria Covid-19, i componenti dell\u2019osservatorio chiariscono alcuni aspetti.<\/p>\n<p>&nbsp;<\/p>\n<p><em>\u201c<strong> La diffusione del comunicato stampa aziendale ha creato qualche malinteso, perch\u00e8 lascia intendere che il percorso annunciato sia concluso e che fosse frutto della condivisione del contenuto o addirittura di un accordo tra le parti\u201d.<\/strong><\/em><\/p>\n<p>&nbsp;<\/p>\n<div class=\"page\" title=\"Page 1\">\n<div class=\"layoutArea\">\n<div class=\"column\">\n<blockquote><p><strong>L\u2019Osservatorio Aziendale LUXOTTICA, previsto dal protocollo sindacale \u201cInsieme per Ripartire\u201d e costituito il 4 Maggio, ha lo scopo di analizzare e verificare la fattibilit\u00e0 delle procedure imposte dai decreti emanati per regolamentare l\u2019emergenza sanitaria dovuta dal Covid-19. In occasione del primo incontro, le parti, su richiesta della direzione aziendale, hanno siglato un accordo di riservatezza che non consentiva ai firmatari di divulgare alcun tipo di informazione o contenuto delle discussioni in atto. Nel corso degli incontri che si sono susseguiti in queste due settimane, l\u2019azienda ci ha annunciato di voler adottare misure straordinarie, condividendo dei capisaldi del progetto stilato sotto il patrocinio dell\u2019Universit\u00e0 e dell\u2019azienda ospedaliera di Padova diretti dal professor Crisanti. Le proposte, presentate ai componenti sindacali dell\u2019Osservatorio prevedono: somministrazione di tamponi; analisi dei profili di rischio, attraverso la compilazione di questionari, per identificare il grado di esposizione al virus; (abbiamo chiesto e ottenuto di non renderli obbligatori);\u00a0 sperimentazione della Proximity Card nello stabilimento di Agordo a partire dalla prossima settimana. (ci siamo molto espressi ponendo questioni e richieste di approfondimento soprattutto sul tema di privacy e geolocalizzazione). La Card non ha un sistema di geolocalizzazione e il suo utilizzo rispetta i contenuti della normativa privacy:\u00a0 installazione di un termoscanner per la misurazione della temperatura corporea ad un elevato numero di individui contemporaneamente. Abbiamo chiesto di istituire un accordo specifico che regoli il funzionamento della Proximity Card, definendo la durata della sperimentazione, lo scopo e che non sia in alcun modo uno strumento di controllo dei lavoratori. E\u2019 stata inoltre comunicata la necessit\u00e0 di affrontare il tema dell\u2019organizzazione del lavoro. Per noi rimane un tema che deve essere gestito e dibattuto all\u2019interno delle RSU, tuttavia, abbiamo richiesto di voler analizzare i contenuti delle proposte per non sottovalutare le difficolt\u00e0 in cui potrebbero incorrere le famiglie. Consci dell\u2019importanza ma soprattutto della delicatezza delle misure proposte, abbiamo, come organizzazioni Sindacali rispettato l\u2019accordo di riservatezza firmato, non divulgando alcun tema dibattuto durante gli incontri, nell\u2019attesa di raggiungere un\u2019intesa e un accordo in merito. <\/strong><\/p><\/blockquote>\n<p><em>\u201cCerti che la priorit\u00e0, in questo particolare contesto storico, sia la lotta alla diffusione del virus e l\u2019arresto del contagio \u2013 concludono dall\u2019Osservatorio Nazionale Luxottica\u00a0 non sottovalutiamo l\u2019importanza di un corretto e rispettoso sistema di relazioni sindacali, che continueremo a sviluppare all\u2019interno dell\u2019Osservatorio a partire dalla riunione di luned\u00ec 25 maggio in cui devono essere date le risposte sui problemi delle persone, in modo da metterci nella condizione di dare tempestiva e corretta informazione alle RSU\u201d.<\/em><\/p>\n<\/div>\n<\/div>\n<\/div>\n<div class=\"page\" title=\"Page 1\">\n<div class=\"layoutArea\">\n<div class=\"column\">\n<p>&nbsp;<\/p>\n<\/div>\n<\/div>\n<\/div>\n<p>&nbsp;<\/p>\n<p>&nbsp;<\/p>\n<div class=\"page\" title=\"Page 1\">\n<div class=\"layoutArea\">\n<div class=\"column\">\n<hr \/>\n<p>&nbsp;<\/p>\n<blockquote>\n<h3>NUOVE ASSUNZIONI IN ULSS DOLOMITI<\/h3>\n<\/blockquote>\n<p><span class=\"s1\"><strong><a class=\"dt-pswp-item\" href=\"https:\/\/www.radiopiu.net\/wordpress\/wp-content\/uploads\/2015\/12\/Immagine_Ospedale_Belluno_CS_2011.jpg\" data-dt-img-description=\"\" data-large_image_width=\"640\" data-large_image_height=\"512\"><img loading=\"lazy\" decoding=\"async\" class=\"size-medium wp-image-13966 alignleft\" src=\"https:\/\/www.radiopiu.net\/wordpress\/wp-content\/uploads\/2015\/12\/Immagine_Ospedale_Belluno_CS_2011-300x240.jpg\" alt=\"\" width=\"300\" height=\"240\" \/><\/a>BELLUNO<\/strong> L\u2019Ulss Dolomiti si rafforza con ulteriori 59 Infermieri e 25 Operatori Socio Sanitari. L\u2019emergenza COVID non \u00e8 ancora finita e, allo stesso tempo, c\u2019\u00e8 la necessit\u00e0 di potenziare alcune attivit\u00e0 sanitarie in particolare a livello territoriale e al Dipartimento di Prevenzione. <\/span><span class=\"s1\">Ecco le assunzioni deliberate ieri: <\/span><span class=\"s1\">59 infermieri a tempo indeterminato cos\u00ec suddivisi: 34 per le esigenze straordinarie legate all\u2019emergenza COVID-19 (assunzioni extra turn over) e, in particolare, per mantenere l\u2019operativit\u00e0 dell\u2019Unit\u00e0 di Crisi \u201cCOVID-19\u201d attiva presso il Dipartimento di Prevenzione; 20 per le esigenze straordinarie legate all\u2019emergenza COVID-19 (assunzioni extra turn over) e, in particolare, a supporto delle attivit\u00e0 delle Unit\u00e0 Speciali di Continuit\u00e0 Assistenziale, attivate ai sensi dell\u2019art. 8 del D.L. n. 14\/2020;5 in sostituzione di un infermieri che cessano servizio <\/span><span class=\"s1\">25 Operatori Socio sanitari a tempo indeterminato cos\u00ec suddivisi: 15 per le esigenze straordinarie legate all\u2019emergenza COVID-19 (assunzioni extra turn over) e, in particolare, per supportarei Centri di Servizio per Anziani in maggiore difficolt\u00e0 operativa; 4 per le esigenze straordinarie legate all\u2019emergenza COVID-19 (assunzioni extra turn over) e, in particolare, per mantenere l\u2019operativit\u00e0 dell\u2019Unit\u00e0 di Crisi \u201cCOVID19\u201d attiva presso il Dipartimento di Prevenzione. L\u2019Unit\u00e0 di Crisi \u201cCOVID-19\u201d, fino ad oggi, ha operato con personale delle varie unit\u00e0 operative dello stesso Dipartimento di Prevenzione e con personale di unit\u00e0 operative di altre strutture aziendali. Con la ripresa delle attivit\u00e0 sanitarie, ridotte in seguito all\u2019emergenza COVID-19, il personale provvisoriamente assegnato all\u2019Unit\u00e0 di Crisi deve necessariamente riassumere servizio presso le unit\u00e0 operative di provenienza ed \u00e8, quindi, necessario sostituirlo; 6 (n. 5 per le strutture del Distretto di Belluno e n. 1 per le strutture del Distretto di Feltre), in sostituzione dioperatori socio sanitari eausiliari cessati e che cesseranno dal servizio nei prossimi mesi 5 tecnici di radiologia, 1 assistente sociale, 1 medico anestesista. Si aggiungono ai 49 professionisti che hanno preso servizio in Ulss Dolomiti nell\u2019ambito dell\u2019emergenza COVID ed in particolare di: 21 medici di cui: 12 neo assunti + 7 medici in quiescenza rientrati in servizio + 2 medici trattenuti in servizio; 12 infermieri; 12 OSS ; 2 tecnici di radiologia; 1 tecnico di laboratorio; 1 tecnico della prevenzione<\/span><\/p>\n<h3>DONATA UNA MACCHINA ALL&#8217;ULSS DOLOMITI PER L&#8217;ANALISI DEI TAMPONI<\/h3>\n<p class=\"p1\"><span class=\"s1\">L\u2019Ulss Dolomiti ha accettato la donazione da parte di Vol.A -Associazione Volontari Ambulanza di VolA, a capofila di un gruppo di donatori, di una attrezzatura per l\u2019analisi dei tamponi del valore di 108 mila euro destinata al Dipartimento diagnostico e dei servizi dell\u2019ospedale di Feltre. <\/span><span class=\"s1\">L&#8217;apparecchiatura donata costituisce una piattaforma completa \u00a0per la diagnosi molecolare di infezione da coronavirus (SARS-CoV-2) con tecnologia Real Time PCR, su campioni respiratori e\/o siero. Si avvale di un apparecchio che permette l&#8217;estrazione dell&#8217;RNA virale \u00a0dai campioni clinici respiratori per la ricerca del virus. Successivamente il test diagnostico prosegue con un apparecchio termociclatore che con metodica real-time RT-PCR permette di rilevare anche concentrazioni molto basse dell\u2019RNA virale. Il riscontro finale dell&#8217;RNA consente la diagnosi di infezione. Il sistema \u00e8 completato da tutti gli ausili tecnici necessari alla lavorazione molecolare compresa una piccola cappa chimica e soprattutto dei reagenti che consentono le due fasi principali del test, l&#8217;estrazione dell&#8217;RNA e la sua amplificazione. Nella sua conformazione permette di esaminare giornalmente con cicli di circa tre ore, oltre 100 campioni ( tamponi ). <\/span><span class=\"s1\">Alle 8.00 di questa mattina, da inizio emergenza, sono stati eseguiti in ulss Dolomiti 30.129 tamponi. <\/span><span class=\"s1\">\u00ab<em>Ringrazio VolA e i volontari del Feltrino per questa importante donazione che ci permetter\u00e0 di analizzare ancora pi\u00f9 rapidamente i tamponi eseguiti nelle attivit\u00e0 di prevenzione e sorveglianza<\/em>\u00bb, commenta il Direttore Generale Adriano Rasi Caldogno,\u00ab<em>continuano sempre numerose le donazioni di privati e associazioni a sostegno delle attivit\u00e0 legate al COVID. Il sostegno del territorio in questa fase \u00e8 stato significativo. Colgo l\u2019occasione per ringraziare quanti, a vario titolo, hanno generosamente contribuito ad affrontare questa emergenza<\/em>\u00bb<\/span><\/p>\n<p>&nbsp;<\/p>\n<hr \/>\n<p>&nbsp;<\/p>\n<blockquote>\n<h3>ULSS E ARMA DEI CARABINIERI: ACCORDO PER L\u2019HANGAR<\/h3>\n<\/blockquote>\n<p><strong><a class=\"dt-pswp-item\" href=\"https:\/\/www.radiopiu.net\/wordpress\/wp-content\/uploads\/2020\/05\/falco.jpg\" data-dt-img-description=\"\" data-large_image_width=\"1600\" data-large_image_height=\"1200\"><img loading=\"lazy\" decoding=\"async\" class=\"size-medium wp-image-139739 alignleft\" src=\"https:\/\/www.radiopiu.net\/wordpress\/wp-content\/uploads\/2020\/05\/falco-300x225.jpg\" alt=\"\" width=\"300\" height=\"225\" srcset=\"https:\/\/www.radiopiu.net\/wordpress\/wp-content\/uploads\/2020\/05\/falco-300x225.jpg 300w, https:\/\/www.radiopiu.net\/wordpress\/wp-content\/uploads\/2020\/05\/falco-1024x768.jpg 1024w, https:\/\/www.radiopiu.net\/wordpress\/wp-content\/uploads\/2020\/05\/falco-768x576.jpg 768w, https:\/\/www.radiopiu.net\/wordpress\/wp-content\/uploads\/2020\/05\/falco-1536x1152.jpg 1536w, https:\/\/www.radiopiu.net\/wordpress\/wp-content\/uploads\/2020\/05\/falco.jpg 1600w\" sizes=\"auto, (max-width: 300px) 100vw, 300px\" \/><\/a>BELLUNO <\/strong><span class=\"s1\">Per consentire l\u2019avanzamento dei lavori per la nuova base HEMS di Pieve di Cadore, l\u2019elicottero del SUEM 118 far\u00e0 temporaneamente base, per il tempo necessario al completamento della nuova base, a Belluno. Sar\u00e0 utilizzata come elisuperficie quella gi\u00e0 abilitata al volo all\u2019ospedale San Martino di Belluno dove sar\u00e0 alloggiato anche l\u2019equipaggio. <\/span><span class=\"s1\">L\u2019elicottero,<\/span> <span class=\"s1\">inoltre, necessita di una struttura per il ricovero che, dopo aver sondato varie ipotesi, \u00e8 stata individuata <\/span><span class=\"s2\">nell\u2019hangar del Nucleo Elicotteri Carabinieri di Belluno, situato nell\u2019aeroporto di Belluno. <\/span><span class=\"s3\">L<\/span><span class=\"s1\">\u2019Amministrazione della Difesa \u2013 Comando Raggruppamento Aeromobili Carabinieri \u2013 e l\u2019Azienda Ulss n.1 Dolomiti hanno convenuto una permuta: il Comando concede in uso la struttura di sua propriet\u00e0 per il servizio di hangaraggio e l\u2019Ulss si fa carico dei lavori necessari per il rifacimento delmanto di copertura della struttura stessa.\u00a0 <\/span><span class=\"s1\">L\u2019Amministrazione della Difesa ha acquisito l\u2019autorizzazione del Comando Generale dell\u2019Arma dei Carabinieri alla permuta di servizi ed il verbale di apposita Commissione nominata dal Comando Raggruppamento Aeromobili Carabinieri, di congruit\u00e0 della controprestazione a carico dell\u2019Azienda Ulss n. 1 Dolomiti, da compensare, secondo il criterio dell\u2019equivalenza economica complessiva delle prestazioni reciproche, con il servizio di hangaraggio reso alla stessa Azienda. <\/span><span class=\"s1\">Non appena terminati i lavori, Falco torner\u00e0 a casa, a Pieve di Cadore, nella nuova base che sar\u00e0 dotata dei pi\u00f9 moderni standard di sicurezza e funzionalit\u00e0. <a class=\"dt-pswp-item\" href=\"https:\/\/www.radiopiu.net\/wordpress\/wp-content\/uploads\/2020\/05\/rendering-base-hems.png\" data-dt-img-description=\"\" data-large_image_width=\"542\" data-large_image_height=\"396\"><img loading=\"lazy\" decoding=\"async\" class=\"size-medium wp-image-139740 alignright\" src=\"https:\/\/www.radiopiu.net\/wordpress\/wp-content\/uploads\/2020\/05\/rendering-base-hems-300x219.png\" alt=\"\" width=\"300\" height=\"219\" srcset=\"https:\/\/www.radiopiu.net\/wordpress\/wp-content\/uploads\/2020\/05\/rendering-base-hems-300x219.png 300w, https:\/\/www.radiopiu.net\/wordpress\/wp-content\/uploads\/2020\/05\/rendering-base-hems.png 542w\" sizes=\"auto, (max-width: 300px) 100vw, 300px\" \/><\/a><\/span><span class=\"s1\">I lavori alla base HEMS di Pieve ammontano complessivamente ad oltre 3 milioni di euro e sono stati aggiudicati <\/span><span class=\"s3\">all\u2019Associazione Temporanea di Imprese con capogruppo I.T.I. Impresa Generale s.p.a.\u00a0 <\/span><span class=\"s1\">I lavori consistono nella sopraelevazione della piattaforma della nuova elisuperficie che assicura alcuni vantaggi e risolve alcune problematiche legate alla configurazione esistente. <\/span><span class=\"s1\">Gli elementi fondamentali che caratterizzano i lavori sono: <\/span><span class=\"s1\">la realizzazione di una superficie sopraelevata che accolga la nuova FATO (Final Approch and take off area) e, in affiancamento, una piazzola di sosta; <\/span><span class=\"s1\">la realizzazione, anch\u2019essa in sopraelevazione ed in continuit\u00e0 alla precedente piattaforma, di un nuovo hangar per la manutenzione e ricovero degli elicotteri; l<\/span><span class=\"s1\">a definizione del nuovo sistema di parcheggi e viabilit\u00e0 interna dell\u2019ospedale. <\/span><span class=\"s1\">La nuova superficie sopraelevata determina dei vantaggi sia dal punto di vista aeronautico che per la configurazione dell\u2019attuale area di parcheggio. Lo spostamento lato nord-est della posizione dell\u2019area di decollo\/atterraggio (FATO) infatti riduce le interferenze con gli edifici esistenti garantendo quindi una distanza maggiore dagli ostacoli. Inoltre, l\u2019area esistente di parcheggio e la nuova superficie liberata dalla sopraelevazione della FATO permettono una ridistribuzione e razionalizzazione dei percorsi interni e degli stalli del parcheggio.<\/span><\/p>\n<p>&nbsp;<\/p>\n<p>&nbsp;<\/p>\n<\/div>\n<\/div>\n<\/div>\n<p>&nbsp;<\/p>\n<p>&nbsp;<\/p>\n<hr \/>\n<div><\/div>\n<div><\/div>\n<p>&nbsp;<\/p>\n<p>&nbsp;<\/p>\n<h2>LA NUOVA VIA SULLA TORRE VENEZIA, L&#8217;IMPRESA DI ALESSANDRO BAU&#8217;<\/h2>\n<p><strong>DI CRISTINA BIEN<\/strong><\/p>\n\n\t\t\t<style type='text\/css'>\n\t\t\t\t#gallery-1 {\n\t\t\t\t\tmargin: auto;\n\t\t\t\t}\n\t\t\t\t#gallery-1 .gallery-item {\n\t\t\t\t\tfloat: left;\n\t\t\t\t\tmargin-top: 10px;\n\t\t\t\t\ttext-align: center;\n\t\t\t\t\twidth: 33%;\n\t\t\t\t}\n\t\t\t\t#gallery-1 img {\n\t\t\t\t\tborder: 2px solid #cfcfcf;\n\t\t\t\t}\n\t\t\t\t#gallery-1 .gallery-caption {\n\t\t\t\t\tmargin-left: 0;\n\t\t\t\t}\n\t\t\t\t\/* see gallery_shortcode() in wp-includes\/media.php *\/\n\t\t\t<\/style>\n\t\t<div id='gallery-1' class='dt-gallery-container gallery galleryid-139557 gallery-columns-3 gallery-size-thumbnail'><dl class='gallery-item'>\n\t\t\t\t<dt class='gallery-icon landscape'>\n\t\t\t\t\t<a class=\"rollover\" href='https:\/\/www.radiopiu.net\/wordpress\/giornale-radiopiu-23-maggio-2020-direttore-mirko-mezzacasa\/100384291_254686218949131_3959632359950647296_n-2\/'><img loading=\"lazy\" decoding=\"async\" width=\"150\" height=\"150\" src=\"https:\/\/www.radiopiu.net\/wordpress\/wp-content\/uploads\/2020\/05\/100384291_254686218949131_3959632359950647296_n-2-150x150.jpg\" class=\"attachment-thumbnail size-thumbnail\" alt=\"\" \/><\/a>\n\t\t\t\t<\/dt><\/dl>\n\t\t\t\t<br style='clear: both' \/>\n\t\t\t<\/div>\n\n<p>A qualche giorno dalla notizia del crollo che ha interessato proprio la Torre Venezia, cancellando delle vie storiche dell&#8217;alpinismo dolomitico come la &#8220;Tissi&#8221;, oggi ci troviamo di fronte a una bella novit\u00e0, una nuova super via, Alessandro Ba\u00f9\u00a0 ha aperto &#8220;Stile Libero&#8221;. Quando oggi ho letto questo articolo, in questo momento difficile per tutti, ho paragonato le due cose pensando questi ultimi mesi hanno danneggiato e cancellato parte delle nostre vite come le vie sulla Torre Venezia ma lo sappiamo che non ci si pu\u00f2 fermare, abbiamo davanti una nuova sfida, \u00e8 il momento di reagire, di usare cuore, testa e forza per ricominciare, non sar\u00e0 facile come la via di Alessandro, ma \u00e8 li in cima che dobbiamo andare, \u00e8 li che dobbiamo ritornare, magari cambiando prospettiva e modo di vedere la vita, siamo noi che dobbiamo vedere la nostra nuova via- Con la determinazione che hanno avuto Alessandro e i suoi compagni di cordata, ripartiremo e allora si ANDR\u00c0 TUTTO BENE<\/p>\n<p><a href=\"https:\/\/www.planetmountain.com\/it\/notizie\/alpinismo\/stile-libero-torre-venezia-civetta-alessandro-bau-co.html?fbclid=IwAR2iHWafYXkTNjj1EGd8yQiCEP1fmMMuRNBNCBuh21swPxSeRjiEwn9PAbc\">PER SAPERNE DI PIU&#8217; SULLA NUOVA VIA CLICCA QUI<\/a><\/p>\n<p>&nbsp;<\/p>\n<p>&nbsp;<\/p>\n<hr \/>\n<p>&nbsp;<\/p>\n<blockquote>\n<h3>LEGGE PICCOLI COMUNI, BUSSONE (UNCEM): &#8220;160 MILIONI DA SPENDERE PER SVILUPPO LOCALE, SOSTENIBILITA&#8217;, INVESTIMENTI. NO A METTERLI IN SPESA CORRENTE DANDO 30MILA EURO A 5MILA COMUNI&#8221;<\/h3>\n<\/blockquote>\n<p><strong><a class=\"dt-pswp-item\" href=\"https:\/\/www.radiopiu.net\/wordpress\/wp-content\/uploads\/2020\/04\/UNCEM.jpg\" data-dt-img-description=\"\" data-large_image_width=\"500\" data-large_image_height=\"500\"><img loading=\"lazy\" decoding=\"async\" class=\"size-medium wp-image-133399 alignleft\" src=\"https:\/\/www.radiopiu.net\/wordpress\/wp-content\/uploads\/2020\/04\/UNCEM-300x300.jpg\" alt=\"\" width=\"300\" height=\"300\" srcset=\"https:\/\/www.radiopiu.net\/wordpress\/wp-content\/uploads\/2020\/04\/UNCEM-300x300.jpg 300w, https:\/\/www.radiopiu.net\/wordpress\/wp-content\/uploads\/2020\/04\/UNCEM-150x150.jpg 150w, https:\/\/www.radiopiu.net\/wordpress\/wp-content\/uploads\/2020\/04\/UNCEM.jpg 500w\" sizes=\"auto, (max-width: 300px) 100vw, 300px\" \/><\/a>ROMA<\/strong> &#8220;<em>Sarebbe\u00a0assurdo e inutile spendere i 160 milioni euro accantonati, stanziati da due leggi di bilancio, che accompagnano la legge 158\/2017 sui piccoli Comuni ripartendoli a pioggia, dando 30mila euro a ciascuno dei 5mila Comuni montani italiani. Non \u00e8 questo il periodo storico nel quale dare qualche risorsa in modo quasi assistenziale. Lasciamoci alle spalle questo retaggio del passato, anche della politica del passato che troppo spesso ha guardato ai territori come margine dove far arrivare, quando voleva, qualche piccola provvidenza. Il punto \u00e8 infatti, a maggior ragione oggi, la qualit\u00e0 degli investimenti e delle cose che si faranno con quei 160 milioni di euro. E occorre a maggior ragione in questa fase stare perfettamente, alla lettera, all&#8217;articolo 3 della legge 158, ove \u00e8 previsto un &#8216;Fondo per lo sviluppo strutturale, economico e sociale dei piccoli Comuni, destinato al finanziamento di investimenti diretti alla\u00a0tutela dell&#8217;ambiente e\u00a0 dei\u00a0 beni\u00a0 culturali,\u00a0 alla\u00a0 mitigazione\u00a0 del\u00a0rischio idrogeologico,\u00a0 alla\u00a0 salvaguardia e alla riqualificazione\u00a0urbana dei centri storici, alla messa in sicurezza delle\u00a0infrastrutture stradali e degli istituti scolastici nonch\u00e9 alla\u00a0promozione dello sviluppo economico e sociale e all&#8217;insediamento di\u00a0nuove attivit\u00e0 produttive&#8217;. Dobbiamo stare all&#8217;articolo 13 dove si dice che i Comuni piccoli lavorano insieme per lo sviluppo del territorio. Insieme. Non da soli. Questo, e solo questo, \u00e8 il perimetro per investire bene, in tempi certi, lontani da caos burocratici, le risorse disponibili. Un&#8217;indagine conoscitiva parlamentare sull&#8217;applicazione della legge 158 sui piccoli Comuni, come gi\u00e0 proposto da alcuni Parlamentari, \u00e8 importante. Anche per dare azione e spinta al Fondo per lo sviluppo con 160 milioni di euro accantonati che devono essere investiti in tempi certi sui territori. Spesi per la crescita, per lo sviluppo, per filiere di valore, a beneficio delle comunit<\/em>\u00e0&#8221;. Lo afferma Marco Bussone, Presidente nazionale Uncem. La legge sui piccoli Comuni 158\/2017, a tre anni dall&#8217;approvazione da parte del Parlamento, vede oggi muoversi i primi documenti attuativi, come il regolamento per l&#8217;individuazione dell&#8217;elenco dei Comuni beneficiari del Fondo.<\/p>\n<p>&nbsp;<\/p>\n<p>&nbsp;<\/p>\n<p>&nbsp;<\/p>\n<p>&nbsp;<\/p>\n<hr \/>\n<p><b>\u00a0<\/b><\/p>\n<p>&nbsp;<\/p>\n<p>&nbsp;<\/p>\n<blockquote>\n<h3><b>2020, ANNO DI ASSUNZIONI. VIGILI, IMPIEGATI E CONSERVATORE DEI MUSEI: 15 POSTI A DISPOSIZIONE<\/b><\/h3>\n<\/blockquote>\n<p><strong><a class=\"dt-pswp-item\" href=\"https:\/\/www.radiopiu.net\/wordpress\/wp-content\/uploads\/2020\/04\/BELLUNO-VEDUTA.jpg\" data-dt-img-description=\"\" data-large_image_width=\"259\" data-large_image_height=\"194\"><img loading=\"lazy\" decoding=\"async\" class=\"size-full wp-image-127955 alignleft\" src=\"https:\/\/www.radiopiu.net\/wordpress\/wp-content\/uploads\/2020\/04\/BELLUNO-VEDUTA.jpg\" alt=\"\" width=\"259\" height=\"194\" \/><\/a>BELLUNO<\/strong>\u00a0Si apre una grande stagione di assunzioni per il Comune di Belluno, \u00abil piano pi\u00f9 consistente da pi\u00f9 di 20 anni a questa parte\u00bb, come sottolinea l&#8217;assessore al personale Francesca De Biasi: sono 15 i posti a disposizione, da qui a fine anno.\u00a0Dei quindici posti che verranno assegnati entro fine anno, per dieci \u00e8 gi\u00e0 stato bandito il concorso: si proceder\u00e0 quindi all&#8217;assunzione di nove istruttori amministrativi-contabile \u2013 categoria C1 (bando reperibile sul sito della Comunit\u00e0 Montana Feltrina; https:\/\/bit.ly\/BandoIstrBL ) e del nuovo conservatore dei musei cittadini \u2013 categoria D1 (https:\/\/bit.ly\/ConcMuseoBL) che prender\u00e0 il posto di Denis Ton, che lascer\u00e0 Belluno dopo oltre sei anni di attivit\u00e0 per assumere un prestigioso incarico al Castello del Buonconsiglio di Trento.\u00a0Per entrambi i concorsi, la scadenza dei termini per la presentazione delle domande \u00e8 fissata alle 12.00 del 18 giugno.\u00a0Entro fine anno, poi, si proceder\u00e0 all&#8217;assunzione di tre agenti di polizia locale, di un messo e di un operaio.<\/p>\n<p><strong>FRANCESCA DE BIASI ASSESSORE DEL COMUNE DI BELLUNO<\/strong><\/p>\n<audio class=\"wp-audio-shortcode\" id=\"audio-139557-7\" preload=\"none\" style=\"width: 100%;\" controls=\"controls\"><source type=\"audio\/mpeg\" src=\"https:\/\/www.radiopiu.net\/wordpress\/wp-content\/uploads\/2020\/05\/De-Biasi-Assunzioni-2020.mp3?_=7\" \/><a href=\"https:\/\/www.radiopiu.net\/wordpress\/wp-content\/uploads\/2020\/05\/De-Biasi-Assunzioni-2020.mp3\">https:\/\/www.radiopiu.net\/wordpress\/wp-content\/uploads\/2020\/05\/De-Biasi-Assunzioni-2020.mp3<\/a><\/audio>\n<p>&nbsp;<\/p>\n<hr \/>\n<p>&nbsp;<\/p>\n<p>&nbsp;<\/p>\n<p>&nbsp;<\/p>\n<blockquote><p><b>IL QUESTORE DI BELLUNO IN VIDEOCONFERENZA CON IL ROTARY CLUB DI BELLUNO<\/b><\/p><\/blockquote>\n<p><strong><a class=\"dt-pswp-item\" href=\"https:\/\/www.radiopiu.net\/wordpress\/wp-content\/uploads\/2020\/05\/IMG-20200521-WA0023.jpg\" data-dt-img-description=\"\" data-large_image_width=\"1599\" data-large_image_height=\"899\"><img loading=\"lazy\" decoding=\"async\" class=\"size-medium wp-image-139729 alignleft\" src=\"https:\/\/www.radiopiu.net\/wordpress\/wp-content\/uploads\/2020\/05\/IMG-20200521-WA0023-300x169.jpg\" alt=\"\" width=\"300\" height=\"169\" srcset=\"https:\/\/www.radiopiu.net\/wordpress\/wp-content\/uploads\/2020\/05\/IMG-20200521-WA0023-300x169.jpg 300w, https:\/\/www.radiopiu.net\/wordpress\/wp-content\/uploads\/2020\/05\/IMG-20200521-WA0023-1024x576.jpg 1024w, https:\/\/www.radiopiu.net\/wordpress\/wp-content\/uploads\/2020\/05\/IMG-20200521-WA0023-768x432.jpg 768w, https:\/\/www.radiopiu.net\/wordpress\/wp-content\/uploads\/2020\/05\/IMG-20200521-WA0023-1536x864.jpg 1536w, https:\/\/www.radiopiu.net\/wordpress\/wp-content\/uploads\/2020\/05\/IMG-20200521-WA0023.jpg 1599w\" sizes=\"auto, (max-width: 300px) 100vw, 300px\" \/><\/a>BELLUNO<\/strong>\u00a0\u201cColloquio a 360\u00b0 con il Questore\u201d. Questo il titolo del conviviale del Rotary Club Belluno che si \u00e8 tenuto in video conferenza gioved\u00ec 21 maggio. Ospite dell\u2019incontro Lilia Fredella, Questore di Belluno. Dopo il tradizionale rintocco della campana il presidente Felice Gaiardo ha dato subito la parola al Questore, che con orgoglio ha messo in risalto il suo attaccamento al bellunese: \u00ab<em>Sono cresciuta in provincia di Belluno e per me \u00e8 come una sorta di imprinting<\/em>\u00bb.\u00a0Una carriera, quella della Fredella, che l\u2019ha vista per undici anni nella polizia scientifica oltre a seguire eventi importanti e unici come Milano Expo 2015, ma anche momenti tragici come il crollo del Ponte Morandi. \u00ab<em>Expo 2015 e la ricostruzione del ponte Morandi\u00bb, le parole del Questore di Belluno, \u00absono due modelli che devono essere da esempio per la crescita della provincia di Belluno. Un territorio meraviglioso, ma che a volte \u00e8 frammentato<\/em>\u00bb.\u00a0\u00ab<em>Una provincia<\/em>\u00bb, lo ha sottolineato sempre il Questore Fredella, \u00ab<em>che sar\u00e0 protagonista del primo evento internazionale post Covid-19: i Campionati del Mondo di sci Alpino in programma a Cortina a inizio 2021\u00bb.<span class=\"Apple-converted-space\">\u00a0<\/span>Il Questore \u00e8 ottimista ed \u00e8 certo che i Mondiali si svolgeranno: \u00abOvvio che siamo pronti a gestire trepossibilit\u00e0, a seconda dell\u2019evolversi di questa pandemia, ovvero con la partecipazione totale, parziale o anche assente di pubblico<\/em>\u00bb. Quello che sar\u00e0 garantita per tutta la durata dei Campionati \u00e8 la presenza di 600 agenti e 200 militari dell\u2019esercito. \u00ab<em>Dovremo infatti garantire la sicurezza di tutti<\/em>\u00bb.L\u2019emergenza Coronavirus ha purtroppo annullato le finali di Coppa del mondo a Cortina: \u00ab<em>Questo evento, che era in calendario a febbraio<\/em>\u00bb, ha rimarcato il Questore, \u00abd<em>oveva essere una sorta di stress test preliminare per i Mondiali 2021<\/em>\u00bb.\u00ab<em>Vorr\u00e0 dire che saranno i Mondiali a fare da test per le Olimpiadi invernali Milano-Cortina 2026<\/em>\u00bb, ha concluso il Questore.Diverse le domande che si sono succedute da parte dei soci del Rotary Club Belluno: dalla viabilit\u00e0 alla banda larga; dal senso civico dei bellunesi alla situazione attuale dovuta dal Covid-19.\u00a0\u00ab<em>La burocrazia ci sta soffocando<\/em>\u00bb, l\u2019intervento del presidente Felice Gaiardo, \u00ab<em>ci deve essere un cambiamento sulle gestione delle attivit\u00e0. Allo stato attuale abbiamo un impressionante costo di gestione\u00bb. Una riflessione che ha visto d\u2019accordo anche il Questore: \u00abDovrebbe esserci un controllo costante e continuo in merito alle singole attivit\u00e0 e invece allo stato attuale ci sono pi\u00f9 ostali per avviare le stesse<\/em>\u00bb.<\/p>\n<p>&nbsp;<\/p>\n<p>&nbsp;<\/p>\n<hr \/>\n<p>&nbsp;<\/p>\n<blockquote>\n<h3>NOVIT\u00c0 PER IL DISTRETTO DEL COMMERCIO. QUESTIONARIO AI COMMERCIANTI PER IL VIA A MISURE POST COVID<\/h3>\n<\/blockquote>\n<p><strong><a class=\"dt-pswp-item\" href=\"https:\/\/www.radiopiu.net\/wordpress\/wp-content\/uploads\/2020\/04\/PIAZZA-MARTIRI-BELLUNO.jpg\" data-dt-img-description=\"\" data-large_image_width=\"550\" data-large_image_height=\"388\"><img loading=\"lazy\" decoding=\"async\" class=\"size-medium wp-image-130647 alignleft\" src=\"https:\/\/www.radiopiu.net\/wordpress\/wp-content\/uploads\/2020\/04\/PIAZZA-MARTIRI-BELLUNO-300x212.jpg\" alt=\"\" width=\"300\" height=\"212\" srcset=\"https:\/\/www.radiopiu.net\/wordpress\/wp-content\/uploads\/2020\/04\/PIAZZA-MARTIRI-BELLUNO-300x212.jpg 300w, https:\/\/www.radiopiu.net\/wordpress\/wp-content\/uploads\/2020\/04\/PIAZZA-MARTIRI-BELLUNO.jpg 550w\" sizes=\"auto, (max-width: 300px) 100vw, 300px\" \/><\/a>BELLUNO <\/strong>Novit\u00e0 in vista per il Distretto del commercio: dopo il via libera della Regione Veneto a rivedere il 50% delle azioni proposte per trasformarle in iniziative \u201cpost Covid\u201d, questa mattina i partner si sono riuniti in videoconferenza per discutere dei possibili sviluppi.\u00a0Presenti, insieme ai Comuni di Belluno, Feltre e Ponte nelle Alpi e al direttore del Distretto Daniele Terzariol, i rappresentanti di Ascom, Camera di Commercio, Confartigianato Consorzio Dolomiti Prealpi, e di associazioni sportive come Dolomiti PSG, Pedale Feltrino e Giro delle Mura di Feltre.\u00a0La proposta dei promotori \u00e8 quella di mantenere inalterate le azioni relative alla promozione, comunicazione e animazioni locali, e ricalibrare invece le risorse previste per altre azioni verso iniziative a sostegno della ripresa delle attivit\u00e0 economiche alla luce dell&#8217;epidemia di Covid-19, anche integrandole con attivit\u00e0 volte al turismo e allo sport: il bando prevede un finanziamento totale di 534mila euro, dei quali la met\u00e0 potr\u00e0 quindi essere utilizzata per iniziative di rilancio dei settori commercio e turismo.\u00a0Ogni decisione, per\u00f2, non sar\u00e0 calata dall&#8217;alto, ma sar\u00e0 frutto del confronto con le realt\u00e0 commerciali del territorio del distretto: per questo, in collaborazione con Confcommercio Belluno, sar\u00e0 realizzato e distribuito un questionario che consentir\u00e0 di capire quali sono per i commercianti bellunesi le priorit\u00e0 per affrontare la ripresa post lockdown.<\/p>\n<p>&nbsp;<\/p>\n<p>&nbsp;<\/p>\n<hr \/>\n<p>&nbsp;<\/p>\n<p>&nbsp;<\/p>\n<p>&nbsp;<\/p>\n<blockquote>\n<h3>TRE FRANE IN ARCHIVIO: LA PROVINCIA INTERVIENE A ZOPPE&#8217; DI CADORE<\/h3>\n<\/blockquote>\n<p><strong><a class=\"dt-pswp-item\" href=\"https:\/\/www.radiopiu.net\/wordpress\/wp-content\/uploads\/2020\/05\/Intervento-strada-localit\u00e0-Sagui-2.jpeg\" data-dt-img-description=\"\" data-large_image_width=\"1200\" data-large_image_height=\"1600\"><img loading=\"lazy\" decoding=\"async\" class=\"size-medium wp-image-139634 alignleft\" src=\"https:\/\/www.radiopiu.net\/wordpress\/wp-content\/uploads\/2020\/05\/Intervento-strada-localit\u00e0-Sagui-2-225x300.jpeg\" alt=\"\" width=\"225\" height=\"300\" srcset=\"https:\/\/www.radiopiu.net\/wordpress\/wp-content\/uploads\/2020\/05\/Intervento-strada-localit\u00e0-Sagui-2-225x300.jpeg 225w, https:\/\/www.radiopiu.net\/wordpress\/wp-content\/uploads\/2020\/05\/Intervento-strada-localit\u00e0-Sagui-2-768x1024.jpeg 768w, https:\/\/www.radiopiu.net\/wordpress\/wp-content\/uploads\/2020\/05\/Intervento-strada-localit\u00e0-Sagui-2-1152x1536.jpeg 1152w, https:\/\/www.radiopiu.net\/wordpress\/wp-content\/uploads\/2020\/05\/Intervento-strada-localit\u00e0-Sagui-2.jpeg 1200w\" sizes=\"auto, (max-width: 225px) 100vw, 225px\" \/><\/a>BELLUNO<\/strong> Si sono conclusi in questi giorni i lavori di sistemazione e messa in sicurezza di alcuni dissesti, a Zopp\u00e8 di Cadore. Tre interventi progettati e coordinati dalla Provincia di Belluno, attraverso i tecnici del settore Difesa del Suolo, che sono serviti a ripristinare alcune frane verificatesi dopo il passaggio della tempesta Vaia. \u00abSi \u00e8 trattato di cantieri di piccola entit\u00e0, per un quadro economico vicino agli 80mila euro, a completamento di interventi di somma urgenza eseguiti subito all\u2019indomani di Vaia. Operazioni importantissime sotto il profilo della sicurezza idrogeologica &#8211; spiega il consigliere provinciale delegato, Massimo Bortoluzzi -. Il maltempo di fine ottobre 2018 ha lasciato segni indelebili su tutto il territorio, aggravando problemi annosi e creandone di nuovi. Di conseguenza, interventi di questo genere sono fondamentali per garantire la vivibilit\u00e0 e la permanenza delle persone nelle cosiddette \u201cterre alte\u201d\u00bb. Il primo intervento \u00e8 servito a ripristinare un fronte di frana in localit\u00e0 Villa. \u00c8 stato realizzato un nuovo muro in cemento armato per il consolidamento del versante franoso. In aggiunta, \u00e8 stata eseguita la sistemazione della scarpata con la semina per il rinverdimento. I tecnici hanno previsto anche un secondo stralcio, con la realizzazione delle opere di finitura (tra cui il rivestimento in pietra del muro) e un ulteriore opera di contenimento a met\u00e0 della scarpata franata. Intervento simile anche in via Sagui, dove la tempesta Vaia aveva provocato uno smottamento sulla scarpata a monte di un edificio. In questo caso, \u00e8 stata costruita un\u2019arcia con tronchi di larice scortecciato come consolidamento della frana (una scelta progettuale dettata dalla difficolt\u00e0 di accesso all\u2019area con mezzi meccanici: la realizzazione infatti \u00e8 stata eseguita totalmente a mano). Infine, \u00e8 stata messa in sicurezza anche la strada che dal paese porta al Rifugio Venezia (in localit\u00e0 Sagui), con la posa di una barriera in legno e acciaio, in continuit\u00e0 con quella esistente. L\u2019intervento andr\u00e0 completato con con successivo rinverdimento.<\/p>\n<p>&nbsp;<\/p>\n<p>&nbsp;<\/p>\n<hr \/>\n<p>&nbsp;<\/p>\n<p>&nbsp;<\/p>\n<p>&nbsp;<\/p>\n<blockquote>\n<h3><b>PIANO TRIENNALE DELLE OPERE PUBBLICHE: INSERITI TRE NUOVI INTERVENTI PER OLTRE 800 MILA EURO<\/b><\/h3>\n<\/blockquote>\n<p><strong><a class=\"dt-pswp-item\" href=\"https:\/\/www.radiopiu.net\/wordpress\/wp-content\/uploads\/2020\/04\/Alpago-Stemma.png\" data-dt-img-description=\"\" data-large_image_width=\"364\" data-large_image_height=\"500\"><img loading=\"lazy\" decoding=\"async\" class=\"size-medium wp-image-132463 alignleft\" src=\"https:\/\/www.radiopiu.net\/wordpress\/wp-content\/uploads\/2020\/04\/Alpago-Stemma-218x300.png\" alt=\"\" width=\"218\" height=\"300\" srcset=\"https:\/\/www.radiopiu.net\/wordpress\/wp-content\/uploads\/2020\/04\/Alpago-Stemma-218x300.png 218w, https:\/\/www.radiopiu.net\/wordpress\/wp-content\/uploads\/2020\/04\/Alpago-Stemma.png 364w\" sizes=\"auto, (max-width: 218px) 100vw, 218px\" \/><\/a>ALPAGO<\/strong>\u00a0Importanti novit\u00e0 sul fronte delle opere pubbliche nel territorio del comune di Alpago. Nel corso dell\u2019ultima seduta del consiglio comunale, svoltasi marted\u00ec scorso, \u00e8 stata infatti approvata una corposa variazione di bilancio, pari a 820 mila euro complessivi, che riguarda tre interventi finanziati dal Commissario Regionale per l\u2019emergenza post Vaia.\u00a0Nello specifico, i tre cantieri, che dovranno essere appaltati entro il prossimo 30 settembre e i cui lavori saranno eseguiti presumibilmente nel corso del 2021, riguardano:\u00a0la messa in sicurezza dello smottamento attivo in localit\u00e0 Coazze, in Val Turcana, lungo la strada di collegamento tra Cornei e Tambre;\u00a0il consolidamento del movimento franoso tra Pianture e Villaggio Riviera, nei pressi di Farra d\u2019Alpago;\u00a0gli interventi di regimazione delle acque e di sistemazione del piano viario in localit\u00e0 Sommacosta.\u00a0Non \u00e8 tutto. Nel corso della stessa seduta del consiglio sono stati inseriti nel Piano Triennale delle opere pubbliche altri interventi di rilievo; tra questi i lavori di sistemazione del municipio di Pieve (realizzazione dell\u2019ascensore e altre opere) e l\u2019adeguamento sismico dell\u2019edificio che ospita il distretto dell\u2019ULSS 1 \u201cDolomiti\u201d, posto nell\u2019area retrostante il municipio di Puos (opere gi\u00e0 co-finanziate dal Comune, ma che non era stato possibile appaltare lo scorso anno).<\/p>\n<p>&nbsp;<\/p>\n<p>&nbsp;<\/p>\n<p>&nbsp;<\/p>\n<p>&nbsp;<\/p>\n<p>&nbsp;<\/p>\n<p>&nbsp;<\/p>\n<p>&nbsp;<\/p>\n<hr \/>\n<p>&nbsp;<\/p>\n<blockquote>\n<h3>CONSIGLIO COMUNALE AD AGORDO ECANALE D&#8217;AGORDO<\/h3>\n<\/blockquote>\n<p><strong><a class=\"dt-pswp-item\" href=\"https:\/\/www.radiopiu.net\/wordpress\/wp-content\/uploads\/2020\/03\/CONSIGLIO-AGORDO.jpg\" data-dt-img-description=\"\" data-large_image_width=\"1477\" data-large_image_height=\"832\"><img loading=\"lazy\" decoding=\"async\" class=\" wp-image-122996 alignleft\" src=\"https:\/\/www.radiopiu.net\/wordpress\/wp-content\/uploads\/2020\/03\/CONSIGLIO-AGORDO-300x169.jpg\" alt=\"\" width=\"219\" height=\"123\" srcset=\"https:\/\/www.radiopiu.net\/wordpress\/wp-content\/uploads\/2020\/03\/CONSIGLIO-AGORDO-300x169.jpg 300w, https:\/\/www.radiopiu.net\/wordpress\/wp-content\/uploads\/2020\/03\/CONSIGLIO-AGORDO-1024x577.jpg 1024w, https:\/\/www.radiopiu.net\/wordpress\/wp-content\/uploads\/2020\/03\/CONSIGLIO-AGORDO-768x433.jpg 768w, https:\/\/www.radiopiu.net\/wordpress\/wp-content\/uploads\/2020\/03\/CONSIGLIO-AGORDO.jpg 1477w\" sizes=\"auto, (max-width: 219px) 100vw, 219px\" \/><\/a>RADIO PIU&#8217;<\/strong> Sono 2 i consigli comunali previsti nei prossimi giorni. A Canale D&#8217;Agordo il sindaco Flavio Colcegnan ha convocato i consiglieri per luned\u00ec prossimo alle 18:35 in sala Musal. Ad Agordo il sindaco Roberto Chissal\u00e8 ha convocato la seduta\u00a0 per gioved\u00ec 28 maggio alle ore 19 presso il municipio. In entrambi i casi il consiglio comunale verr\u00e0 effettuato a porte chiuse.<\/p>\n<p>&nbsp;<\/p>\n<p>&nbsp;<\/p>\n<hr \/>\n<p>&nbsp;<\/p>\n<p>&nbsp;<\/p>\n<p>&nbsp;<\/p>\n<blockquote>\n<h3>TASSI D&#8217;INTERESSE PI\u00d9 BASSI E TEMPI PI\u00d9 LUNGHI PER I MUTUI DEL COMUNE DI CANALE D&#8217;AGORDO<\/h3>\n<\/blockquote>\n<p><a class=\"dt-pswp-item\" href=\"https:\/\/www.radiopiu.net\/wordpress\/wp-content\/uploads\/2020\/03\/MINUTO-SILENZIO-COLCERNIAN-CANALE.jpg\" data-dt-img-description=\"\" data-large_image_width=\"768\" data-large_image_height=\"1024\"><img loading=\"lazy\" decoding=\"async\" class=\"size-medium wp-image-126438 alignleft\" src=\"https:\/\/www.radiopiu.net\/wordpress\/wp-content\/uploads\/2020\/03\/MINUTO-SILENZIO-COLCERNIAN-CANALE-225x300.jpg\" alt=\"\" width=\"225\" height=\"300\" srcset=\"https:\/\/www.radiopiu.net\/wordpress\/wp-content\/uploads\/2020\/03\/MINUTO-SILENZIO-COLCERNIAN-CANALE-225x300.jpg 225w, https:\/\/www.radiopiu.net\/wordpress\/wp-content\/uploads\/2020\/03\/MINUTO-SILENZIO-COLCERNIAN-CANALE.jpg 768w\" sizes=\"auto, (max-width: 225px) 100vw, 225px\" \/><\/a>di Gianni Santomaso<\/p>\n<audio class=\"wp-audio-shortcode\" id=\"audio-139557-8\" preload=\"none\" style=\"width: 100%;\" controls=\"controls\"><source type=\"audio\/mpeg\" src=\"https:\/\/www.radiopiu.net\/wordpress\/wp-content\/uploads\/2020\/05\/GIANNI-CONSIGLIO-COMUNALE-CANALE.mp3?_=8\" \/><a href=\"https:\/\/www.radiopiu.net\/wordpress\/wp-content\/uploads\/2020\/05\/GIANNI-CONSIGLIO-COMUNALE-CANALE.mp3\">https:\/\/www.radiopiu.net\/wordpress\/wp-content\/uploads\/2020\/05\/GIANNI-CONSIGLIO-COMUNALE-CANALE.mp3<\/a><\/audio>\n<p>&nbsp;<\/p>\n<p>&nbsp;<\/p>\n<hr \/>\n<p>&nbsp;<\/p>\n<blockquote>\n<h3>RIPARTE IL TPL IN ALPAGO. SCOPEL: \u00abI MEZZI DOLOMITIBUS SONO SICURI\u00bb<\/h3>\n<\/blockquote>\n<p><strong><a class=\"dt-pswp-item\" href=\"https:\/\/www.radiopiu.net\/wordpress\/wp-content\/uploads\/2018\/08\/dolomitibus.jpeg\" data-dt-img-description=\"\" data-large_image_width=\"621\" data-large_image_height=\"414\"><img loading=\"lazy\" decoding=\"async\" class=\"size-medium wp-image-59158 alignleft\" src=\"https:\/\/www.radiopiu.net\/wordpress\/wp-content\/uploads\/2018\/08\/dolomitibus-300x200.jpeg\" alt=\"\" width=\"300\" height=\"200\" srcset=\"https:\/\/www.radiopiu.net\/wordpress\/wp-content\/uploads\/2018\/08\/dolomitibus-300x200.jpeg 300w, https:\/\/www.radiopiu.net\/wordpress\/wp-content\/uploads\/2018\/08\/dolomitibus.jpeg 621w\" sizes=\"auto, (max-width: 300px) 100vw, 300px\" \/><\/a>BELLUNO<\/strong> Ripartiranno dalla prossima settimana i collegamenti di trasporto pubblico che riguardano la zona dell\u2019Alpago. La Provincia infatti ha raccolto le segnalazioni dei sindaci di Alpago e Chies, oltre alle richieste di diversi cittadini. E ha dato il via libera a Dolomitibus per riattivare in parte il servizio extraurbano, che era stato ridotto per effetto delle misure anti-Covid (come da ordinanza regionale).\u00a0Da marted\u00ec prossimo (26 maggio) vengono riattivati alcuni collegamenti finalizzati a garantire le esigenze di mobilit\u00e0 soprattutto dei lavoratori pendolari della zona industriale di Paludi di Pieve d\u2019Alpago. Si tratta di una serie di linee extraurbane che integrano i servizi gi\u00e0 riattivati nei precedenti step della \u201cfase 2\u201d (su tutti, i collegamenti con la zona produttiva e le frabbriche di Longarone).<\/p>\n<p><strong>IL CONSIGLIERE PROVINCIALE DARIO SCOPEL<\/strong><\/p>\n<audio class=\"wp-audio-shortcode\" id=\"audio-139557-9\" preload=\"none\" style=\"width: 100%;\" controls=\"controls\"><source type=\"audio\/mpeg\" src=\"https:\/\/www.radiopiu.net\/wordpress\/wp-content\/uploads\/2020\/05\/SCOPEL-TRASPORTI-ALPAGO.mp3?_=9\" \/><a href=\"https:\/\/www.radiopiu.net\/wordpress\/wp-content\/uploads\/2020\/05\/SCOPEL-TRASPORTI-ALPAGO.mp3\">https:\/\/www.radiopiu.net\/wordpress\/wp-content\/uploads\/2020\/05\/SCOPEL-TRASPORTI-ALPAGO.mp3<\/a><\/audio>\n<p>&nbsp;<\/p>\n<hr \/>\n<p>&nbsp;<\/p>\n<blockquote>\n<h3>CONFEDILIZIA: PER GLI AFFITTI COMMERCIALI SERVE UN RISTORO EFFETTIVO<\/h3>\n<\/blockquote>\n<p><strong><a class=\"dt-pswp-item\" href=\"https:\/\/www.radiopiu.net\/wordpress\/wp-content\/uploads\/2017\/03\/confedilizia.png\" data-dt-img-description=\"\" data-large_image_width=\"709\" data-large_image_height=\"283\"><img loading=\"lazy\" decoding=\"async\" class=\"size-medium wp-image-29805 alignleft\" src=\"https:\/\/www.radiopiu.net\/wordpress\/wp-content\/uploads\/2017\/03\/confedilizia-300x120.png\" alt=\"\" width=\"300\" height=\"120\" \/><\/a>BELLUNO\u00a0<\/strong>Confedilizia: predisposte apposite linee guida per disciplinare la partecipazione alle assemblee condominiali nel rispetto dell\u2019emergenza sanitaria.\u00a0In vista della ripresa delle assemblee condominiali, Confedilizia ha predisposto apposite Linee Guida che disciplinano la partecipazione alle riunioni nel rispetto delle misure di contenimento dell\u2019emergenza sanitaria in atto. Ci\u00f2, anche al fine di favorire le deliberazioni relative all\u2019utilizzo degli incentivi per gli interventi sugli immobili (compreso il superbonus del 110 per cento).\u00a0A segnalarlo \u00e8 l\u2019 Associazione della Propriet\u00e0 Edilizia \u2013 Confedilizia di Belluno, precisando che in tal modo, cond\u00f2mini e amministratori potranno riunirsi in sicurezza.<\/p>\n<p>&nbsp;<\/p>\n<p>&nbsp;<\/p>\n<hr \/>\n<p>&nbsp;<\/p>\n<p>&nbsp;<\/p>\n<p>&nbsp;<\/p>\n<blockquote>\n<h3 class=\"documentFirstHeading\"><span id=\"parent-fieldname-title\" class=\"\">COVID-19. LO STUDIO ARPAV SULLA QUALITA\u2019 DELL\u2019ARIA DURANTE IL LOCKDOWN<\/span><\/h3>\n<\/blockquote>\n<p><strong><a class=\"dt-pswp-item\" href=\"https:\/\/www.radiopiu.net\/wordpress\/wp-content\/uploads\/2015\/08\/logo_arpav.gif\" data-dt-img-description=\"\" data-large_image_width=\"504\" data-large_image_height=\"53\"><img loading=\"lazy\" decoding=\"async\" class=\"size-medium wp-image-8797 alignleft\" src=\"https:\/\/www.radiopiu.net\/wordpress\/wp-content\/uploads\/2015\/08\/logo_arpav-300x32.gif\" alt=\"\" width=\"300\" height=\"32\" \/><\/a>PADOVA<\/strong>\u00a0La situazione generata dall\u2019emergenza COVID-19 ha rappresentato un evento unico che ha permesso di studiare gli effetti delle importanti restrizioni, applicate per motivi sanitari, sulle emissioni in atmosfera e sui livelli di inquinamento dell\u2019aria.\u00a0Lo studio di ARPAV illustra i risultati delle valutazioni effettuate, per il territorio regionale e nel periodo dal 23 febbraio al 31 marzo 2020, utilizzando tre diversi approcci: a) l\u2019analisi delle concentrazioni degli inquinanti (Biossido di azoto, PM10, Monossido di azoto) misurate dalle stazioni di monitoraggio dei capoluoghi di provincia; b) la stima delle variazioni delle emissioni inquinanti dei settori interessati dalle restrizioni del lockdown e c) la valutazione delle concentrazioni stimate dal sistema modellistico SPIAIR, impiegato per la valutazione integrata dell\u2019inquinamento atmosferico. Per l\u2019elaborazione dei dati ARPAV si \u00e8 avvalsa della collaborazione del dipartimento di ingegneria dell\u2019Universit\u00e0 di Padova.\u00a0I risultati fanno emergere una diminuzione delle emissioni da traffico dal 30 all\u201980%, a seconda del periodo del lockdown, per i veicoli leggeri sulle strade urbane ed extraurbane, e un decremento dal 24 al 97% delle emissioni da aeroporti. Per contro, le emissioni da riscaldamento domestico civile non hanno subito contrazioni; si \u00e8 registrato invece un lieve incremento, probabilmente per la maggiore permanenza della popolazione in casa.\u00a0Per quanto riguarda le concentrazioni degli inquinanti in aria, si sono registrate, a seconda delle province, diminuzioni variabili dal 19% al 50%, per il biossido di azoto e dal 22 al 32% per il PM10, rispetto alla media degli anni 2016-2019. In generale questa diminuzione pu\u00f2 ricondursi sia alla riduzione delle emissioni che all\u2019influenza delle condizioni meteorologiche occorse nel marzo 2020.\u00a0Lo studio sar\u00e0 utilizzato nel progetto europeo Life Prepair che valuta l\u2019inquinamento dell\u2019aria nel bacino padano e nel progetto nazionale Pulvirus su pandemia e inquinamento dell\u2019aria promosso da Istituto superiore di sanit\u00e0, ENEA, Ispra e Sistema nazionale delle agenzie.<\/p>\n<p><a href=\"https:\/\/www.arpa.veneto.it\/arpavinforma\/pubblicazioni\/Effetti-del-lockdown-durante-l-emergenza-COVID-19-in-Veneto\">CLICCA QUI PER VISUALIZZARE LO STUDIO ARPAV<\/a><\/p>\n<p>&nbsp;<\/p>\n<p>&nbsp;<\/p>\n<hr \/>\n<p>&nbsp;<\/p>\n<p>&nbsp;<\/p>\n<p>&nbsp;<\/p>\n<blockquote>\n<h3>SOPRALLUOGO SUL VAJONT PER RAIPRIRE LE VISITE<\/h3>\n<\/blockquote>\n<p><strong><a class=\"dt-pswp-item\" href=\"https:\/\/www.radiopiu.net\/wordpress\/wp-content\/uploads\/2018\/10\/212px-Diga_del_Vajont_.jpg\" data-dt-img-description=\"\" data-large_image_width=\"212\" data-large_image_height=\"300\"><img loading=\"lazy\" decoding=\"async\" class=\"size-medium wp-image-63385 alignleft\" src=\"https:\/\/www.radiopiu.net\/wordpress\/wp-content\/uploads\/2018\/10\/212px-Diga_del_Vajont_-212x300.jpg\" alt=\"\" width=\"212\" height=\"300\" \/><\/a>LONGARONE<\/strong>\u00a0Graziano Danelin e Giovanni De Lorenzi, rispettivamente direttori del Parco Naturale Dolomiti Friulane e della Fondazione Vajont, hanno svolto un sopralluogo, ieri pomeriggio, accompagnati dai tecnici del Parco, per attivare le visite sul \u201ccoronamento\u201d della Diga del Vajont che dovevano essere avviate gi\u00e0 con il giorno di Pasqua se non fosse calato l&#8217;incubo del Covid-19.\u00a0Il \u201ccoronavirus\u201d ha, infatti, stoppato anche le visite ai luoghi della Memoria del Vajont, a Erto e Casso e Longarone. Almeno, per ora, quindicimila persone che in primavera si recavano sui luoghi del disastro, soprattutto scolaresche che per attivit\u00e0 didattica potevano toccare con mano e approfondire un argomento che rappresenta la pi\u00f9 tragica sciagura della storia moderna italiana, provocata dall&#8217;uomo. Ricordiamo sempre quando nel febbraio 2008, nel corso della presentazione dell&#8217;Anno internazionale del pianeta Terra (International Year of Planet Earth) dichiarato dall&#8217;Assemblea Generale delle Nazioni Unite per il 2008, il disastro del Vajont fu citato &#8211; assieme ad altri quattro &#8211; come un caso esemplare di<i> &#8220;disastro evitabile&#8221; causato dalla scarsa comprensione delle scienze della terra e &#8211; nel caso specifico &#8211; dal \u00abfallimento di ingegneri e geologi nel comprendere la natura del problema che stavano cercando di affrontare\u201d.\u00a0<\/i>L&#8217;obiettivo \u00e8 riaprire le visite sul \u201ccoronamento della Diga\u201d gi\u00e0 nel corso del mese di giugno.<span class=\"Apple-converted-space\">\u00a0\u00a0<\/span>Nei prossimi giorni verranno esperite tutte le formalit\u00e0 per offrire, alle moltissime richieste che stanno pervenendo, la possibilit\u00e0 di accedere in totale sicurezza ai luoghi della Memoria del disastro del 1963, attraverso la pianificazione delle direttive contrastanti la diffusione del contagio dovuto al coronavirus. Seguir\u00e0 nei prossimi giorni una ulteriore comunicazione di conferma e la definizione della data di apertura del \u201ccoronamento\u201d al pubblico.<\/p>\n<p>&nbsp;<\/p>\n<p>&nbsp;<\/p>\n<hr \/>\n<p>&nbsp;<\/p>\n<p>&nbsp;<\/p>\n<p>&nbsp;<\/p>\n<blockquote>\n<h3>LA POLIZIA PROVINCIALE SI PRENDE CURA DI UNA POIANA, GUARITA E LIBERATA<\/h3>\n<\/blockquote>\n<p><strong>BELLUNO <\/strong>La Polizia Provinciale ha liberato ieri, di buon mattino, uno splendido esemplare di poiana. L\u2019animale era stato prelevato il giorno di Pasquetta, a seguito di una segnalazione da parte di una cittadina, che lo aveva trovato in precarie condizioni di salute nei campi della zona di Salzan (Santa Giustina).<br \/>\nFerito ad un\u2019ala, l\u2019uccello non riusciva a spiccare il volo. Di conseguenza, si presentava malnutrito e in pericolo di vita. Per un rapace, infatti, l\u2019impossibilit\u00e0 di volare significa impossibilit\u00e0 di cacciare e quindi di nutrirsi. La poiana \u00e8 stata raccolta e curata dagli agenti provinciali, che l\u2019hanno simpaticamente soprannominata Arjuna. Dopo le prime settimane di alimentazione quasi forzata, l\u2019animale ha iniziato a rimettersi in salute. E negli ultimi giorni ha riacquistato la muscolatura necessaria a ritornare in natura, tanto che ieri mattina \u00e8 stato liberato, proprio nei prati dove era stato raccolto malconcio un mese fa. Un\u2019operazione portata a termine dagli agenti Cesare Sacchet e Lisa Azzalini. \u00abUn plauso ai nostri agenti che ancora una volta hanno dimostrato la grande preparazione e professionalit\u00e0 nella gestione della fauna selvatica &#8211; commenta il presidente della Provincia, Roberto Padrin -. La salvaguardia dell\u2019ambiente e della biodiversit\u00e0 sono fiori all\u2019occhiello della nostra Polizia, un patrimonio che l\u2019ente Provincia si tiene stretto\u00bb.<\/p>\n<h1>IL VIDEO<\/h1>\n<p><iframe loading=\"lazy\" title=\"LA LIBERAZIONE DELL POIANA\" width=\"1200\" height=\"675\" src=\"https:\/\/www.youtube.com\/embed\/tJftUc8q93M?feature=oembed\" frameborder=\"0\" allow=\"accelerometer; autoplay; clipboard-write; encrypted-media; gyroscope; picture-in-picture\" allowfullscreen><\/iframe><\/p>\n<p>&nbsp;<\/p>\n<hr \/>\n<p>&nbsp;<\/p>\n<p>&nbsp;<\/p>\n<blockquote>\n<h3>CORALE DI LIMANA: LA LEGGENDA DEL PIAVE<\/h3>\n<\/blockquote>\n<p>La Corale di Limana e il Coro delle Dolomiti assieme per La Leggenda Del Piave<\/p>\n<p><strong>IL VIDEO<\/strong><\/p>\n<p><iframe loading=\"lazy\" title=\"LA LEGGENDA DEL PIAVE corale Limana\" width=\"1200\" height=\"675\" src=\"https:\/\/www.youtube.com\/embed\/xrmtO4q9Sc4?feature=oembed\" frameborder=\"0\" allow=\"accelerometer; autoplay; clipboard-write; encrypted-media; gyroscope; picture-in-picture\" allowfullscreen><\/iframe><\/p>\n<p>&nbsp;<\/p>\n<hr \/>\n<p>&nbsp;<\/p>\n<h3><span style=\"color: #ff6600;\">QUATRO CIACOLE SU AGORT<\/span><\/h3>\n<blockquote class=\"wp-embedded-content\" data-secret=\"ukSYmAl2oD\"><p><a href=\"https:\/\/www.radiopiu.net\/wordpress\/quatro-ciacole-su-agort-decima-puntata-con-ludovicodownhill-che-passione\/\">QUATRO CIACOLE SU AGORT, DECIMA PUNTATA CON LUDOVICO\u201cDOWNHILL CHE PASSIONE&#8221;<\/a><\/p><\/blockquote>\n<p><iframe loading=\"lazy\" title=\"&#8220;QUATRO CIACOLE SU AGORT, DECIMA PUNTATA CON LUDOVICO\u201cDOWNHILL CHE PASSIONE&#8221;&#8221; &#8212; Radio Pi\u00f9\" class=\"wp-embedded-content\" sandbox=\"allow-scripts\" security=\"restricted\" style=\"position: absolute; clip: rect(1px, 1px, 1px, 1px);\" src=\"https:\/\/www.radiopiu.net\/wordpress\/quatro-ciacole-su-agort-decima-puntata-con-ludovicodownhill-che-passione\/embed\/#?secret=ukSYmAl2oD\" data-secret=\"ukSYmAl2oD\" width=\"600\" height=\"338\" frameborder=\"0\" marginwidth=\"0\" marginheight=\"0\" scrolling=\"no\"><\/iframe><\/p>\n<p>LE ALTRE PUNTATE<\/p>\n<blockquote class=\"wp-embedded-content\" data-secret=\"TpGYu5xovD\"><p><a href=\"https:\/\/www.radiopiu.net\/wordpress\/quatro-ciacole-su-agort\/\">Quatro ci\u00e0cole su Agort<\/a><\/p><\/blockquote>\n<p><iframe loading=\"lazy\" title=\"&#8220;Quatro ci\u00e0cole su Agort&#8221; &#8212; Radio Pi\u00f9\" class=\"wp-embedded-content\" sandbox=\"allow-scripts\" security=\"restricted\" style=\"position: absolute; clip: rect(1px, 1px, 1px, 1px);\" src=\"https:\/\/www.radiopiu.net\/wordpress\/quatro-ciacole-su-agort\/embed\/#?secret=TpGYu5xovD\" data-secret=\"TpGYu5xovD\" width=\"600\" height=\"338\" frameborder=\"0\" marginwidth=\"0\" marginheight=\"0\" scrolling=\"no\"><\/iframe><\/p>\n<hr \/>\n<p>&nbsp;<\/p>\n<blockquote class=\"wp-embedded-content\" data-secret=\"pQavCnSGUB\"><p><a href=\"https:\/\/www.radiopiu.net\/wordpress\/oggi-a-cavarzano-per-il-microcosmo-di-capitelli-ed-immagini-devozionali-di-renato-bona\/\">OGGI A CAVARZANO PER IL MICROCOSMO DI CAPITELLI  ED IMMAGINI DEVOZIONALI di Renato Bona<\/a><\/p><\/blockquote>\n<p><iframe loading=\"lazy\" title=\"&#8220;OGGI A CAVARZANO PER IL MICROCOSMO DI CAPITELLI  ED IMMAGINI DEVOZIONALI di Renato Bona&#8221; &#8212; Radio Pi\u00f9\" class=\"wp-embedded-content\" sandbox=\"allow-scripts\" security=\"restricted\" style=\"position: absolute; clip: rect(1px, 1px, 1px, 1px);\" src=\"https:\/\/www.radiopiu.net\/wordpress\/oggi-a-cavarzano-per-il-microcosmo-di-capitelli-ed-immagini-devozionali-di-renato-bona\/embed\/#?secret=pQavCnSGUB\" data-secret=\"pQavCnSGUB\" width=\"600\" height=\"338\" frameborder=\"0\" marginwidth=\"0\" marginheight=\"0\" scrolling=\"no\"><\/iframe><\/p>\n<p>&nbsp;<\/p>\n<hr \/>\n<p>&nbsp;<\/p>\n<h2>IERI ALLA RADIO<\/h2>\n<p><a class=\"dt-pswp-item\" href=\"https:\/\/www.radiopiu.net\/wordpress\/wp-content\/uploads\/2020\/05\/39192037-080f-4a4e-8088-9aabb6cec7e0.jpg\" data-dt-img-description=\"\" data-large_image_width=\"1600\" data-large_image_height=\"1200\"><img loading=\"lazy\" decoding=\"async\" class=\"size-medium wp-image-139676 alignleft\" src=\"https:\/\/www.radiopiu.net\/wordpress\/wp-content\/uploads\/2020\/05\/39192037-080f-4a4e-8088-9aabb6cec7e0-300x225.jpg\" alt=\"\" width=\"300\" height=\"225\" srcset=\"https:\/\/www.radiopiu.net\/wordpress\/wp-content\/uploads\/2020\/05\/39192037-080f-4a4e-8088-9aabb6cec7e0-300x225.jpg 300w, https:\/\/www.radiopiu.net\/wordpress\/wp-content\/uploads\/2020\/05\/39192037-080f-4a4e-8088-9aabb6cec7e0-1024x768.jpg 1024w, https:\/\/www.radiopiu.net\/wordpress\/wp-content\/uploads\/2020\/05\/39192037-080f-4a4e-8088-9aabb6cec7e0-768x576.jpg 768w, https:\/\/www.radiopiu.net\/wordpress\/wp-content\/uploads\/2020\/05\/39192037-080f-4a4e-8088-9aabb6cec7e0-1536x1152.jpg 1536w, https:\/\/www.radiopiu.net\/wordpress\/wp-content\/uploads\/2020\/05\/39192037-080f-4a4e-8088-9aabb6cec7e0.jpg 1600w\" sizes=\"auto, (max-width: 300px) 100vw, 300px\" \/><\/a><strong>DOLOMITI BEER&amp;WINE SHOP DA NAPI, IL NUOVO NEGOZIO DI TAIBON<\/strong><\/p>\n<p><strong>di Claudio Fontanive<\/strong><\/p>\n<audio class=\"wp-audio-shortcode\" id=\"audio-139557-10\" preload=\"none\" style=\"width: 100%;\" controls=\"controls\"><source type=\"audio\/mpeg\" src=\"https:\/\/www.radiopiu.net\/wordpress\/wp-content\/uploads\/2020\/05\/dolomiti-beer-shop-22-maggio.mp3?_=10\" \/><a href=\"https:\/\/www.radiopiu.net\/wordpress\/wp-content\/uploads\/2020\/05\/dolomiti-beer-shop-22-maggio.mp3\">https:\/\/www.radiopiu.net\/wordpress\/wp-content\/uploads\/2020\/05\/dolomiti-beer-shop-22-maggio.mp3<\/a><\/audio>\n<p>&nbsp;<\/p>\n<p>&nbsp;<\/p>\n<hr \/>\n<p>&nbsp;<\/p>\n<p>&nbsp;<\/p>\n<p><a class=\"dt-pswp-item\" href=\"https:\/\/www.radiopiu.net\/wordpress\/wp-content\/uploads\/2019\/12\/NUOTO.jpeg\" data-dt-img-description=\"\" data-large_image_width=\"766\" data-large_image_height=\"588\"><img loading=\"lazy\" decoding=\"async\" class=\"size-medium wp-image-108447 alignleft\" src=\"https:\/\/www.radiopiu.net\/wordpress\/wp-content\/uploads\/2019\/12\/NUOTO-300x230.jpeg\" alt=\"\" width=\"300\" height=\"230\" srcset=\"https:\/\/www.radiopiu.net\/wordpress\/wp-content\/uploads\/2019\/12\/NUOTO-300x230.jpeg 300w, https:\/\/www.radiopiu.net\/wordpress\/wp-content\/uploads\/2019\/12\/NUOTO.jpeg 766w\" sizes=\"auto, (max-width: 300px) 100vw, 300px\" \/><\/a><strong>LA PISCINA COMPRENSORIALE DI AGORDO<\/strong><\/p>\n<p><strong>di Claudio Fontanive\u00a0<\/strong><\/p>\n<audio class=\"wp-audio-shortcode\" id=\"audio-139557-11\" preload=\"none\" style=\"width: 100%;\" controls=\"controls\"><source type=\"audio\/mpeg\" src=\"https:\/\/www.radiopiu.net\/wordpress\/wp-content\/uploads\/2020\/05\/piscina-de-nardi-broglio-22-maggio.mp3?_=11\" \/><a href=\"https:\/\/www.radiopiu.net\/wordpress\/wp-content\/uploads\/2020\/05\/piscina-de-nardi-broglio-22-maggio.mp3\">https:\/\/www.radiopiu.net\/wordpress\/wp-content\/uploads\/2020\/05\/piscina-de-nardi-broglio-22-maggio.mp3<\/a><\/audio>\n<p>&nbsp;<\/p>\n<p>&nbsp;<\/p>\n<hr \/>\n<p>&nbsp;<\/p>\n<h3><span style=\"color: #cc99ff;\">IL RITO DEL TE di Paola Lanciato\u00a0<\/span><\/h3>\n<audio class=\"wp-audio-shortcode\" id=\"audio-139557-12\" preload=\"none\" style=\"width: 100%;\" controls=\"controls\"><source type=\"audio\/mpeg\" src=\"https:\/\/www.radiopiu.net\/wordpress\/wp-content\/uploads\/2020\/05\/fatto-Il-rito-del-t\u00e8.mp3?_=12\" \/><a href=\"https:\/\/www.radiopiu.net\/wordpress\/wp-content\/uploads\/2020\/05\/fatto-Il-rito-del-t\u00e8.mp3\">https:\/\/www.radiopiu.net\/wordpress\/wp-content\/uploads\/2020\/05\/fatto-Il-rito-del-t\u00e8.mp3<\/a><\/audio>\n<p>&nbsp;<\/p>\n<p>&nbsp;<\/p>\n<hr \/>\n<p>&nbsp;<\/p>\n<h3><span style=\"color: #ff0000;\">I DIARI DEL PESCE ROSSO<\/span><\/h3>\n<p><strong><em>DOMENICA DALLE 21 ALLA MEZZANOTTE IN QUARANTENA CON ALICE BETTOLO. I DIARI DALLE FINE DELLE TERRE CONSOCIUTE &#8230; NON STOP<\/em><\/strong><\/p>\n<blockquote class=\"wp-embedded-content\" data-secret=\"M5em9mbbau\"><p><a href=\"https:\/\/www.radiopiu.net\/wordpress\/diari-del-pesce-rosso\/\">Diari del pesce rosso<\/a><\/p><\/blockquote>\n<p><iframe loading=\"lazy\" title=\"&#8220;Diari del pesce rosso&#8221; &#8212; Radio Pi\u00f9\" class=\"wp-embedded-content\" sandbox=\"allow-scripts\" security=\"restricted\" style=\"position: absolute; clip: rect(1px, 1px, 1px, 1px);\" src=\"https:\/\/www.radiopiu.net\/wordpress\/diari-del-pesce-rosso\/embed\/#?secret=M5em9mbbau\" data-secret=\"M5em9mbbau\" width=\"600\" height=\"338\" frameborder=\"0\" marginwidth=\"0\" marginheight=\"0\" scrolling=\"no\"><\/iframe><\/p>\n<h3><span style=\"color: #ff00ff;\">IN VIVO VERSO<\/span><\/h3>\n<blockquote class=\"wp-embedded-content\" data-secret=\"Xa4cjWJMQ8\"><p><a href=\"https:\/\/www.radiopiu.net\/wordpress\/volendo-di-deborah-zerovnik\/\">VOLENDO di DEBORAH ZEROVNIK<\/a><\/p><\/blockquote>\n<p><iframe loading=\"lazy\" title=\"&#8220;VOLENDO di DEBORAH ZEROVNIK&#8221; &#8212; Radio Pi\u00f9\" class=\"wp-embedded-content\" sandbox=\"allow-scripts\" security=\"restricted\" style=\"position: absolute; clip: rect(1px, 1px, 1px, 1px);\" src=\"https:\/\/www.radiopiu.net\/wordpress\/volendo-di-deborah-zerovnik\/embed\/#?secret=Xa4cjWJMQ8\" data-secret=\"Xa4cjWJMQ8\" width=\"600\" height=\"338\" frameborder=\"0\" marginwidth=\"0\" marginheight=\"0\" scrolling=\"no\"><\/iframe><\/p>\n<p>COLLEZIONE COMPLETA<\/p>\n<blockquote class=\"wp-embedded-content\" data-secret=\"bMk6kUflx6\"><p><a href=\"https:\/\/www.radiopiu.net\/wordpress\/in-vivo-verso\/\">In Vivo Verso<\/a><\/p><\/blockquote>\n<p><iframe loading=\"lazy\" title=\"&#8220;In Vivo Verso&#8221; &#8212; Radio Pi\u00f9\" class=\"wp-embedded-content\" sandbox=\"allow-scripts\" security=\"restricted\" style=\"position: absolute; clip: rect(1px, 1px, 1px, 1px);\" src=\"https:\/\/www.radiopiu.net\/wordpress\/in-vivo-verso\/embed\/#?secret=bMk6kUflx6\" data-secret=\"bMk6kUflx6\" width=\"600\" height=\"338\" frameborder=\"0\" marginwidth=\"0\" marginheight=\"0\" scrolling=\"no\"><\/iframe><\/p>\n<h3><span style=\"color: #0000ff;\">DUE MINUTI UN LIBRO<\/span><\/h3>\n<blockquote class=\"wp-embedded-content\" data-secret=\"cz5hYURUL1\"><p><a href=\"https:\/\/www.radiopiu.net\/wordpress\/la-moglie-dello-straniero-2\/\">LA MOGLIE DELLO STRANIERO<\/a><\/p><\/blockquote>\n<p><iframe loading=\"lazy\" title=\"&#8220;LA MOGLIE DELLO STRANIERO&#8221; &#8212; Radio Pi\u00f9\" class=\"wp-embedded-content\" sandbox=\"allow-scripts\" security=\"restricted\" style=\"position: absolute; clip: rect(1px, 1px, 1px, 1px);\" src=\"https:\/\/www.radiopiu.net\/wordpress\/la-moglie-dello-straniero-2\/embed\/#?secret=cz5hYURUL1\" data-secret=\"cz5hYURUL1\" width=\"600\" height=\"338\" frameborder=\"0\" marginwidth=\"0\" marginheight=\"0\" scrolling=\"no\"><\/iframe><\/p>\n<p>LE ALTRE PUNTATE<\/p>\n<blockquote class=\"wp-embedded-content\" data-secret=\"YWGoOYpLf1\"><p><a href=\"https:\/\/www.radiopiu.net\/wordpress\/due-minuti-un-libro\/\">Due minuti un libro<\/a><\/p><\/blockquote>\n<p><iframe loading=\"lazy\" title=\"&#8220;Due minuti un libro&#8221; &#8212; Radio Pi\u00f9\" class=\"wp-embedded-content\" sandbox=\"allow-scripts\" security=\"restricted\" style=\"position: absolute; clip: rect(1px, 1px, 1px, 1px);\" src=\"https:\/\/www.radiopiu.net\/wordpress\/due-minuti-un-libro\/embed\/#?secret=YWGoOYpLf1\" data-secret=\"YWGoOYpLf1\" width=\"600\" height=\"338\" frameborder=\"0\" marginwidth=\"0\" marginheight=\"0\" scrolling=\"no\"><\/iframe><\/p>\n<p>&nbsp;<\/p>\n<h3><span style=\"color: #008000;\">AGORDINOMERON<\/span><\/h3>\n<blockquote class=\"wp-embedded-content\" data-secret=\"GrPC5ZOca3\"><p><a href=\"https:\/\/www.radiopiu.net\/wordpress\/agordinomeron\/\">AGORDINOMERON, IL TERRITORIO SI RACCONTA Da un&#8217;idea di Gianni Santomaso<\/a><\/p><\/blockquote>\n<p><iframe loading=\"lazy\" title=\"&#8220;AGORDINOMERON, IL TERRITORIO SI RACCONTA Da un&#8217;idea di Gianni Santomaso&#8221; &#8212; Radio Pi\u00f9\" class=\"wp-embedded-content\" sandbox=\"allow-scripts\" security=\"restricted\" style=\"position: absolute; clip: rect(1px, 1px, 1px, 1px);\" src=\"https:\/\/www.radiopiu.net\/wordpress\/agordinomeron\/embed\/#?secret=GrPC5ZOca3\" data-secret=\"GrPC5ZOca3\" width=\"600\" height=\"338\" frameborder=\"0\" marginwidth=\"0\" marginheight=\"0\" scrolling=\"no\"><\/iframe><\/p>\n<h3><span style=\"color: #333399;\">IL MESSAGGIO DEI SACERDOTI A RADIO PIU&#8217;<\/span><\/h3>\n<blockquote class=\"wp-embedded-content\" data-secret=\"T8PEuO79d9\"><p><a href=\"https:\/\/www.radiopiu.net\/wordpress\/il-messaggio-dai-sacerdoti-della-conca-su-radio-piu-alle-7-30-e-19-30\/\">IL MESSAGGIO DAI SACERDOTI SU RADIO PIU&#8217; ALLE 7.30 E 19.30<\/a><\/p><\/blockquote>\n<p><iframe loading=\"lazy\" title=\"&#8220;IL MESSAGGIO DAI SACERDOTI SU RADIO PIU&#8217; ALLE 7.30 E 19.30&#8221; &#8212; Radio Pi\u00f9\" class=\"wp-embedded-content\" sandbox=\"allow-scripts\" security=\"restricted\" style=\"position: absolute; clip: rect(1px, 1px, 1px, 1px);\" src=\"https:\/\/www.radiopiu.net\/wordpress\/il-messaggio-dai-sacerdoti-della-conca-su-radio-piu-alle-7-30-e-19-30\/embed\/#?secret=T8PEuO79d9\" data-secret=\"T8PEuO79d9\" width=\"600\" height=\"338\" frameborder=\"0\" marginwidth=\"0\" marginheight=\"0\" scrolling=\"no\"><\/iframe><\/p>\n<p>&nbsp;<\/p>\n<hr \/>\n<p>&nbsp;<\/p>\n<p><strong class=\"photoswipe-wrapper\"><a class=\"dt-pswp-item pspw-wrap-ready\" href=\"https:\/\/i0.wp.com\/www.radiopiu.net\/wordpress\/wp-content\/uploads\/2018\/09\/viabilita.jpeg?ssl=1\" data-dt-img-description=\"\" data-large_image_width=\"800\" data-large_image_height=\"100\"><img loading=\"lazy\" decoding=\"async\" class=\"aligncenter wp-image-61954 size-full jetpack-lazy-image jetpack-lazy-image--handled\" src=\"https:\/\/i0.wp.com\/www.radiopiu.net\/wordpress\/wp-content\/uploads\/2018\/09\/viabilita.jpeg?resize=800%2C100&amp;ssl=1\" sizes=\"auto, (max-width: 800px) 100vw, 800px\" srcset=\"https:\/\/i0.wp.com\/www.radiopiu.net\/wordpress\/wp-content\/uploads\/2018\/09\/viabilita.jpeg?w=800&amp;ssl=1 800w, https:\/\/i0.wp.com\/www.radiopiu.net\/wordpress\/wp-content\/uploads\/2018\/09\/viabilita.jpeg?resize=300%2C38&amp;ssl=1 300w, https:\/\/i0.wp.com\/www.radiopiu.net\/wordpress\/wp-content\/uploads\/2018\/09\/viabilita.jpeg?resize=768%2C96&amp;ssl=1 768w\" alt=\"\" width=\"800\" height=\"100\" data-lazy-loaded=\"1\" \/><\/a><\/strong><\/p>\n<p><strong>\u00a0<\/strong><\/p>\n<blockquote><p><strong>INTERRUZIONI A CRISTO DELLE PIANIZZE\u00a0<\/strong>sp347 DURAN E CEREDA fino al 5 giugno (esclusi festivi e prefestivi) possibili interruzioni in localit\u00e0 Pianizze (Agordo) della durata massima di 15 minuti dalle 8 alle 12 e dalle 13 alle 17, inoltre senso unico alternato nei periodi non interessati dalle chiusura<\/p><\/blockquote>\n<p>PROVINCIALE 20 DELLA VAL FIORENTINA, SELVA DI CADORE: FINO AL 13 GIUGNO, CHIUSURA TOTALE TRA SOLATOR E IL CENTRO DEL PAESE ANCHE NEI GIORNI FESTIVI E PREFESTIVI, DAL CHILOMETRO 4.850 AL CHILOMETRO 5.100. TRANSITO CONSENTITO AI LOCALI CON TEMPI DI ATTESA MASSIMI STIMATI IN 30 MINUTI IN LOCALITA\u2019 SOLATOR DAL CHILOMETRO 4.400 AL CHILOMETRO 4.850<\/p>\n<p>REGIONALE 48 DELLE DOLOMITI, LOCALIT\u00c0 POCOL INIZIO ABITATO CORTINA,FINO\u00a0 AL 12 GIUGNO SEMAFORO PER TRATTI DI 250 METRI ANCHE NEI GIORNI FESTIVI E PREFESTIVI<\/p>\n<p>REGIONALE 203 AGORDINA FINO AL 15 GIUGNO IN LOCALIT\u00c0 LA MUDA DEVIAZIONE SU VIABILIT\u00c0 PROVVISORIA, PRUDENZA<\/p>\n<p>PROVINCIALE 346 SAN PELLEGRINO\u00a0 FINO\u00a0 AL 22 MAGGIO IN COMUNE DI CANALE D\u2019AGORDO SENSO UNICO ALTERNATO ESCLUSI SABATO E DOMENICA<\/p>\n<p>PROVINCIALE 12 PEDEMONTANA LOCALIT\u00c0 PONTE MAS, CHIUSURA TOTALE DI PONTE MAS FINO\u00a0 AL 30 GIUGNO<\/p>\n<p>STRADA REGIONALE 48 DELLE DOLOMITI, DAL KM 110,350 AL KM 112, SENSO UNICO ALTERNATO REGOLATO DA IMPIANTO SEMAFORICO ANCHE SABATO E FESTIVI FINO\u00a0 AL 31 MAGGIO PER POSA ELETTRODOTTO INTERRATO<\/p>\n<p>PROVINCIALE 563 DI SALESEI, FINO\u00a0 AL 3 LUGLIO, SENSO UNICO ALTERNATO REGOLATO DA IMPIANTO SEMAFORICO IN LOCALIT\u00c0 DIGONERA PER MESSA IN SICUREZZA PIANO VIABILE, SABATO E FESTIVI INCLUSI<\/p>\n<p>PROVINCIALE 347 PASSO DURAN, LOCALITA\u2019 SANT\u2019ANDREA DI GOSALDO. FINO AL 5 GIUGNO SENSO UNICO ALTERNATO<\/p>\n<p>STRADA PROVINCIALE 347 DEL PASSO CEREDA E DURAN, DALLE 7 ALLE 18 ,\u00a0 FINO AL 29 MAGGIO, POSSIBILI TEMPORANEE INTERRUZZIONI ALLA VIABILIT\u00e0 DELLA DURATA MASSIMA DI 30 MINUTI E SENSO UNICO ALTERNATO REGOLATO DA MOVIERI PER ASFALTATURA TRATTI DI STRADA TRA PASSO DURAN E DONT<\/p>\n<p>STRADA PROVINCIALE 346 DEL PASSO SAN PELLEGRINO, FINO\u00a0 AL 5 GIUGNO, SENSO UNICO ALTERNATO REGOLATO DA IMPIANTO SEMOFORICO TRA FALCADE E FALCADE ALTO PER POSA CAVIDOTTO FIBRA OTTICA<\/p>\n<p>STRADA PROVINCIALE 347 DEL PASSO CEREDA E DURAN, FINO\u00a0 AL 01 GIUGNO ESCLUSE DOMENICHE E FESTIVI, SENSO UNICO ALTERNATO REGOLATO DA IMPIANTO SEMAFORICO O MOVIERI IN COMUNE DI VALLE DI CADORE PER SONDAGGI GEOTECNICI<\/p>\n<p>STRADA REGIONALE 203 AGORDINA, ABITATO DI MASARE\u2019 DI ROCCA PIETORE. FINO\u00a0 AL 22 MAGGIO, ESCLUSO SABATO E DOMENICA, DALLE 8 ALLE 17 SENSO UNICO ALTERNATO REGOLATO DA IMPIANTO SEMAFORICO PER REALIZZAZIONE IMPIANTO ILLUMINAZIONE SU PASSAGGIO PEDONALE<\/p>\n<p>SP346 DEL SAN PELLEGRINO, COMUNE DI VALLADA,\u00a0 FINO\u00a0 AL 29 MAGGIO SENSO UNICO ALTERNATO PER MESSA IN SICUREZZA BARRIERE LATERALI<\/p>\n<p>REGIONALE203 AGORDINA, CANDATEN-LA STANGA, DAL 25 MAGGIO AL 30 GIUGNO INCLUSI SABATO E DOMENICA DALLE 7.30 ALLE 9 E DALLE 16.30 ALLE 18 SENSO UNICO ALTERNATO CON MOVIERI, NEGLI ALTRI PERIODI SENSO UNICO CON SEMAFORO.<\/p>\n<p>REGIONALE 203 AGORDINA LOCALITA&#8217; ALLEGHE, NEL GIORNO 26 MAGGIO (IN CASO DI MALTEMPO IL GIORNO SUCCESSIVO) INTERRUZIONI ALLA VIABILITA&#8217; FINO A 3 MINUTI PER TRAPORTO MATERIALI CON ELICOTTERO.<\/p>\n<p>PROVINCIALE 246 DEL SAN PELLEGRINO, CANALE D&#8217;AGORDO E VALLADA DAL 25 AL 29 MAGGIO SENSO UNICO REGOLATO DA SEMAFORO IN TRATTI SALTUARI.<\/p>\n<p>PROVINCIALE 24 VALPAROLA DAL 25 MAGGIO AL 05 GIUGNO ESCLUSI FESTIVI E PREFESTIVI, SENSO UNICO ALTERNATO A VISTA PER TRATTI DI 50 METRI.<\/p>\n<p>&nbsp;<\/p>\n<hr \/>\n<p>&nbsp;<\/p>\n<p><a class=\"dt-pswp-item\" href=\"https:\/\/www.radiopiu.net\/wordpress\/wp-content\/uploads\/2018\/09\/sport.jpg\" data-dt-img-description=\"\" data-large_image_width=\"800\" data-large_image_height=\"100\"><img loading=\"lazy\" decoding=\"async\" class=\"aligncenter wp-image-60761 size-full\" src=\"https:\/\/www.radiopiu.net\/wordpress\/wp-content\/uploads\/2018\/09\/sport.jpg\" alt=\"\" width=\"800\" height=\"100\" srcset=\"https:\/\/www.radiopiu.net\/wordpress\/wp-content\/uploads\/2018\/09\/sport.jpg 800w, https:\/\/www.radiopiu.net\/wordpress\/wp-content\/uploads\/2018\/09\/sport-300x38.jpg 300w, https:\/\/www.radiopiu.net\/wordpress\/wp-content\/uploads\/2018\/09\/sport-768x96.jpg 768w\" sizes=\"auto, (max-width: 800px) 100vw, 800px\" \/><\/a><\/p>\n<p>&nbsp;<\/p>\n<blockquote>\n<h3>CALCIO: CAMPIONATI TERMINATI, MA C&#8217;E&#8217; IL DUBBIO SULLA RIPARTENZA AD AGOSTO<\/h3>\n<\/blockquote>\n<p><strong><a class=\"dt-pswp-item\" href=\"https:\/\/www.radiopiu.net\/wordpress\/wp-content\/uploads\/2020\/05\/CALCIO-2020.jpg\" data-dt-img-description=\"\" data-large_image_width=\"1920\" data-large_image_height=\"1059\"><img loading=\"lazy\" decoding=\"async\" class=\" wp-image-135669 alignleft\" src=\"https:\/\/www.radiopiu.net\/wordpress\/wp-content\/uploads\/2020\/05\/CALCIO-2020-300x165.jpg\" alt=\"\" width=\"247\" height=\"136\" srcset=\"https:\/\/www.radiopiu.net\/wordpress\/wp-content\/uploads\/2020\/05\/CALCIO-2020-300x165.jpg 300w, https:\/\/www.radiopiu.net\/wordpress\/wp-content\/uploads\/2020\/05\/CALCIO-2020-1024x565.jpg 1024w, https:\/\/www.radiopiu.net\/wordpress\/wp-content\/uploads\/2020\/05\/CALCIO-2020-768x424.jpg 768w, https:\/\/www.radiopiu.net\/wordpress\/wp-content\/uploads\/2020\/05\/CALCIO-2020-1536x847.jpg 1536w, https:\/\/www.radiopiu.net\/wordpress\/wp-content\/uploads\/2020\/05\/CALCIO-2020.jpg 1920w\" sizes=\"auto, (max-width: 247px) 100vw, 247px\" \/><\/a>BELLUNO<\/strong> \u00c8\u00a0di pochi giorni fa la notizia del Comitato Nazionale di porre fine ai campionati di calcio dilettantistici, dalla Serie D alla Terza Categoria. Per quanto riguarda le promozioni e le retrocessioni ancora nessuna notizia ma ora il problema \u00e8 la ripresa ad agosto.<\/p>\n<p><strong>L&#8217;INTERVISTA A MAURIZIO GIACOMELLI, CONSIGLIERE REGIONALE LND<\/strong><\/p>\n<audio class=\"wp-audio-shortcode\" id=\"audio-139557-13\" preload=\"none\" style=\"width: 100%;\" controls=\"controls\"><source type=\"audio\/mpeg\" src=\"https:\/\/www.radiopiu.net\/wordpress\/wp-content\/uploads\/2020\/05\/GIACOMELLI.mp3?_=13\" \/><a href=\"https:\/\/www.radiopiu.net\/wordpress\/wp-content\/uploads\/2020\/05\/GIACOMELLI.mp3\">https:\/\/www.radiopiu.net\/wordpress\/wp-content\/uploads\/2020\/05\/GIACOMELLI.mp3<\/a><\/audio>\n<p>&nbsp;<\/p>\n<hr \/>\n<p>&nbsp;<\/p>\n<p><img decoding=\"async\" class=\"aligncenter jetpack-lazy-image jetpack-lazy-image--handled\" src=\"https:\/\/i0.wp.com\/www.radiopiu.net\/wordpress\/wp-content\/uploads\/2018\/09\/WhatsApp-Image-2018-09-20-at-16.04.06.jpeg?resize=800%2C100&amp;ssl=1\" data-lazy-loaded=\"1\" \/><\/p>\n<p>&nbsp;<\/p>\n<p><center><b>Sabato 23<\/b><\/center><b>Tempo atteso:\u00a0<\/b>Al mattino solo in parte soleggiato per sottili velature del cielo, in parziale diradamento nel primo pomeriggio. Nelle ore pi\u00f9 calde riduzione del soleggiamento per attivit\u00e0 cumuliforme irregolare, anche intensa alla sera. Nuvolosit\u00e0 che sar\u00e0 associata a fenomeni convettivi, specie alla sera. Clima meno fresco di notte e pi\u00f9 caldo di giorno.<br \/>\n<b>Precipitazioni:\u00a0<\/b>Al mattino assenti (0%), al pomeriggio sulle Dolomiti non escluso qualche focolaio temporalesco pre-frontale (30\/40%), sembra che questo possa non avvenire sulle Prealpi. Alla sera probabilit\u00e0 alta (70\/90%) di rovesci e temporali in trasferimento dalle Dolomiti alle Prealpi, e non saranno da escludere locali grandinate. Neve fino sui 2900\/3000 m a fine episodio. Gli apporti saranno molto variabili in relazione alla tipologia dei fenomeni, mediamente 5-15 mm, ma in caso di forte temporale non escluso possano cadere localmente fino a 30\/40 mm.<br \/>\n<b>Temperature:\u00a0<\/b>In generale aumento a tutte le quote, eccetto stazionariet\u00e0 delle minime nelle valli. Sono previste punte massime di 25\/26\u00b0C nei fondovalle prealpini e di 21\/23\u00b0C a 1000\/1200 m. Sulle Prealpi a 1500 m min 8\u00b0C, max 16\u00b0C e a 2000 m min 5\u00b0C, max 13\u00b0C, sulle Dolomiti a 2000 m min 4\u00b0C, max 14\u00b0C e a 3000 m min 0\u00b0C, max 4\u00b0C.<br \/>\n<b>Venti:\u00a0<\/b>Perlopi\u00f9 deboli a regime di brezza nelle valli, salvo probabili improvvisi rinforzi per raffiche serali in caso di temporali; in quota deboli\/moderati da nord-ovest al mattino e da sud-ovest al pomeriggio, in probabile rinforzo da nord in tarda serata, a 5-15 km\/h a 2000 m e 15-30 km\/h a 3000 m.<\/p>\n<hr \/>\n<p><center><b>Domenica 24<\/b><\/center><b>Tempo atteso:\u00a0<\/b>Al mattino sole e temporanee velature. Al pomeriggio ben soleggiato con modesti cumuli sulle Dolomiti e attivit\u00e0 cumuliforme un po&#8217; pi\u00f9 presente sulle Prealpi, dove non si potr\u00e0 escludere del tutto l&#8217;insidia di qualche isolato fenomeno convettivo. Clima assai pi\u00f9 fresco.<br \/>\n<b>Precipitazioni:\u00a0<\/b>Nottetempo probabilit\u00e0 medio-bassa (30\/40%) di residui fenomeni su Prealpi. In giornata assenti sulle Dolomiti, spesso anche sulle Prealpi (0%), tuttavia, qualche isolato rovescio potr\u00e0 verificarsi sulla fascia prealpina a ridosso della pedemontana (10\/20%).<br \/>\n<b>Temperature:\u00a0<\/b>In generale diminuzione, con clima assai fresco al primo mattino sul settore dolomitico. Sono previste punte massime di 19\/21\u00b0C nei fondovalle prealpini e di 14\/16\u00b0C a 1000\/1200 m. Sulle Prealpi a 1500 m min 4\u00b0C, max 11\u00b0C e a 2000 m min 2\u00b0C, max 7\u00b0C, sulle Dolomiti a 2000 m min 1\u00b0C, max 7\u00b0C e a 3000 m min -5\u00b0C, max -1\u00b0C.<br \/>\n<b>Venti:\u00a0<\/b>Perlopi\u00f9 deboli a regime di brezza nelle valli, salvo locali rinforzi notturni; in quota deboli\/moderati da nord-ovest, anche tesi sulle cime dolomitiche pi\u00f9 alte, a 5-10 km\/h a 2000 m e 20-35 km\/h a 3000 m.<\/p>\n<hr \/>\n<p><center><b>Lunedi 25<\/b><\/center>Solo in parte soleggiato per nubi alte al mattino, poi in prevalenza soleggiato con una modesta attivit\u00e0 cumuliforme nelle ore pi\u00f9 calde, pi\u00f9 presente sulle Prealpi. Temperature minime in calo e massime in ripresa. Venti in quota settentrionali moderati, anche a tratti tesi oltre i 2300\/2500 m; perlopi\u00f9 deboli a regime di brezza nelle valli.<\/p>\n<hr \/>\n<p><center><b>Martedi 26<\/b><\/center>Al mattino in prevalenza soleggiato su tutto il settore montano. Al pomeriggio sole e contenuta attivit\u00e0 cumuliforme sulle Dolomiti, localmente moderata sulle Prealpi, dove sar\u00e0 associata a qualche locale rovescio o breve temporale. Temperature senza notevoli variazioni, eccetto leggero calo delle massime. Venti moderati\/tesi da nord-ovest in quota; perlopi\u00f9 deboli a regime di brezza nelle valli, solo localmente e a tratti moderati. Previsore: R.L.Th<\/p>\n","protected":false},"excerpt":{"rendered":"<p>PER RICEVERE QUESTO NOTIZIARIO DIRETTAMENTE SUL TUO CELLULARE ISCRIVITI AL CANALE TELEGRAM\u00a0\u201cRADIO PIU\u00a0 INFORMAZIONE\u201d &nbsp; &nbsp; AD UNA NONNA SPECIALE GLI AUGURI NEL GIORNO DA \u201cSECOLO\u201d GOSALDO Tanti auguri ad una diciottenne\u2026con 82 anni di esperienza. Tanti auguri nonna Margherita e complimenti per l\u2019invidiabile traguardo anche perch\u00e9 nella vita il difficile sono i primi 100,&hellip;<\/p>\n","protected":false},"author":4,"featured_media":139739,"comment_status":"closed","ping_status":"closed","sticky":false,"template":"","format":"standard","meta":{"_monsterinsights_skip_tracking":false,"_monsterinsights_sitenote_active":false,"_monsterinsights_sitenote_note":"","_monsterinsights_sitenote_category":0,"footnotes":""},"categories":[1,86,49],"tags":[],"class_list":["post-139557","post","type-post","status-publish","format-standard","has-post-thumbnail","hentry","category-senza-categoria","category-gr","category-news-18","category-1","category-86","category-49","description-off"],"img_url":"https:\/\/www.radiopiu.net\/wordpress\/wp-content\/uploads\/2020\/05\/falco.jpg","_links":{"self":[{"href":"https:\/\/www.radiopiu.net\/wordpress\/wp-json\/wp\/v2\/posts\/139557","targetHints":{"allow":["GET"]}}],"collection":[{"href":"https:\/\/www.radiopiu.net\/wordpress\/wp-json\/wp\/v2\/posts"}],"about":[{"href":"https:\/\/www.radiopiu.net\/wordpress\/wp-json\/wp\/v2\/types\/post"}],"author":[{"embeddable":true,"href":"https:\/\/www.radiopiu.net\/wordpress\/wp-json\/wp\/v2\/users\/4"}],"replies":[{"embeddable":true,"href":"https:\/\/www.radiopiu.net\/wordpress\/wp-json\/wp\/v2\/comments?post=139557"}],"version-history":[{"count":0,"href":"https:\/\/www.radiopiu.net\/wordpress\/wp-json\/wp\/v2\/posts\/139557\/revisions"}],"wp:featuredmedia":[{"embeddable":true,"href":"https:\/\/www.radiopiu.net\/wordpress\/wp-json\/wp\/v2\/media\/139739"}],"wp:attachment":[{"href":"https:\/\/www.radiopiu.net\/wordpress\/wp-json\/wp\/v2\/media?parent=139557"}],"wp:term":[{"taxonomy":"category","embeddable":true,"href":"https:\/\/www.radiopiu.net\/wordpress\/wp-json\/wp\/v2\/categories?post=139557"},{"taxonomy":"post_tag","embeddable":true,"href":"https:\/\/www.radiopiu.net\/wordpress\/wp-json\/wp\/v2\/tags?post=139557"}],"curies":[{"name":"wp","href":"https:\/\/api.w.org\/{rel}","templated":true}]}}