{"id":139586,"date":"2020-05-23T05:52:00","date_gmt":"2020-05-23T03:52:00","guid":{"rendered":"https:\/\/www.radiopiu.net\/wordpress\/?p=139586"},"modified":"2020-05-23T06:53:02","modified_gmt":"2020-05-23T04:53:02","slug":"la-polizia-provinciale-si-prende-cura-di-una-poiana-guarita-e-liberata","status":"publish","type":"post","link":"https:\/\/www.radiopiu.net\/wordpress\/la-polizia-provinciale-si-prende-cura-di-una-poiana-guarita-e-liberata\/","title":{"rendered":"LA POLIZIA PROVINCIALE SI PRENDE CURA DI UNA POIANA, GUARITA E LIBERATA"},"content":{"rendered":"<p>&nbsp;<\/p>\n<p><strong>BELLUNO La Polizia Provinciale ha liberato oggi, di buon mattino, uno splendido esemplare di poiana. L\u2019animale era stato prelevato il giorno di Pasquetta, a seguito di una segnalazione da parte di una cittadina, che lo aveva trovato in precarie condizioni di salute nei campi della zona di Salzan (Santa Giustina).<br \/>\nFerito ad un\u2019ala, l\u2019uccello non riusciva a spiccare il volo. Di conseguenza, si presentava malnutrito e in pericolo di vita. Per un rapace, infatti, l\u2019impossibilit\u00e0 di volare significa impossibilit\u00e0 di cacciare e quindi di nutrirsi. La poiana \u00e8 stata raccolta e curata dagli agenti provinciali, che l\u2019hanno simpaticamente soprannominata Arjuna. Dopo le prime settimane di alimentazione quasi forzata, l\u2019animale ha iniziato a rimettersi in salute. E negli ultimi giorni ha riacquistato la muscolatura necessaria a ritornare in natura, tanto che questa mattina \u00e8 stato liberato, proprio nei prati dove era stato raccolto malconcio un mese fa. Un\u2019operazione portata a termine dagli agenti Cesare Sacchet e Lisa Azzalini. \u00abUn plauso ai nostri agenti che ancora una volta hanno dimostrato la grande preparazione e professionalit\u00e0 nella gestione della fauna selvatica &#8211; commenta il presidente della Provincia, Roberto Padrin -. La salvaguardia dell\u2019ambiente e della biodiversit\u00e0 sono fiori all\u2019occhiello della nostra Polizia, un patrimonio che l\u2019ente Provincia si tiene stretto\u00bb.<\/strong><\/p>\n<p>&nbsp;<\/p>\n<p>&nbsp;<\/p>\n<h1>IL VIDEO<\/h1>\n<p><iframe loading=\"lazy\" title=\"LA LIBERAZIONE DELL POIANA\" width=\"1200\" height=\"675\" src=\"https:\/\/www.youtube.com\/embed\/tJftUc8q93M?feature=oembed\" frameborder=\"0\" allow=\"accelerometer; autoplay; clipboard-write; encrypted-media; gyroscope; picture-in-picture\" allowfullscreen><\/iframe><\/p>\n<p>&nbsp;<\/p>\n","protected":false},"excerpt":{"rendered":"<p>&nbsp; BELLUNO La Polizia Provinciale ha liberato oggi, di buon mattino, uno splendido esemplare di poiana. L\u2019animale era stato prelevato il giorno di Pasquetta, a seguito di una segnalazione da parte di una cittadina, che lo aveva trovato in precarie condizioni di salute nei campi della zona di Salzan (Santa Giustina). Ferito ad un\u2019ala, l\u2019uccello&hellip;<\/p>\n","protected":false},"author":1,"featured_media":139588,"comment_status":"closed","ping_status":"closed","sticky":false,"template":"","format":"standard","meta":{"_monsterinsights_skip_tracking":false,"_monsterinsights_sitenote_active":false,"_monsterinsights_sitenote_note":"","_monsterinsights_sitenote_category":0,"footnotes":""},"categories":[49],"tags":[],"class_list":["post-139586","post","type-post","status-publish","format-standard","has-post-thumbnail","hentry","category-news-18","category-49","description-off"],"img_url":"https:\/\/www.radiopiu.net\/wordpress\/wp-content\/uploads\/2020\/05\/IMG_1041.jpg","_links":{"self":[{"href":"https:\/\/www.radiopiu.net\/wordpress\/wp-json\/wp\/v2\/posts\/139586","targetHints":{"allow":["GET"]}}],"collection":[{"href":"https:\/\/www.radiopiu.net\/wordpress\/wp-json\/wp\/v2\/posts"}],"about":[{"href":"https:\/\/www.radiopiu.net\/wordpress\/wp-json\/wp\/v2\/types\/post"}],"author":[{"embeddable":true,"href":"https:\/\/www.radiopiu.net\/wordpress\/wp-json\/wp\/v2\/users\/1"}],"replies":[{"embeddable":true,"href":"https:\/\/www.radiopiu.net\/wordpress\/wp-json\/wp\/v2\/comments?post=139586"}],"version-history":[{"count":0,"href":"https:\/\/www.radiopiu.net\/wordpress\/wp-json\/wp\/v2\/posts\/139586\/revisions"}],"wp:featuredmedia":[{"embeddable":true,"href":"https:\/\/www.radiopiu.net\/wordpress\/wp-json\/wp\/v2\/media\/139588"}],"wp:attachment":[{"href":"https:\/\/www.radiopiu.net\/wordpress\/wp-json\/wp\/v2\/media?parent=139586"}],"wp:term":[{"taxonomy":"category","embeddable":true,"href":"https:\/\/www.radiopiu.net\/wordpress\/wp-json\/wp\/v2\/categories?post=139586"},{"taxonomy":"post_tag","embeddable":true,"href":"https:\/\/www.radiopiu.net\/wordpress\/wp-json\/wp\/v2\/tags?post=139586"}],"curies":[{"name":"wp","href":"https:\/\/api.w.org\/{rel}","templated":true}]}}