{"id":139598,"date":"2020-05-23T05:56:32","date_gmt":"2020-05-23T03:56:32","guid":{"rendered":"https:\/\/www.radiopiu.net\/wordpress\/?p=139598"},"modified":"2020-05-23T06:51:58","modified_gmt":"2020-05-23T04:51:58","slug":"buone-notizie-per-gli-impiantisti-funiviari-proroga-degli-adempimenti","status":"publish","type":"post","link":"https:\/\/www.radiopiu.net\/wordpress\/buone-notizie-per-gli-impiantisti-funiviari-proroga-degli-adempimenti\/","title":{"rendered":"BUONE NOTIZIE PER GLI IMPIANTISTI FUNIVIARI, PROROGA DEGLI ADEMPIMENTI"},"content":{"rendered":"<p style=\"text-align: center;\"><em><span>De Menech: \u00abComparto neve fondamentale per il turismo\u00bb<\/span><\/em><\/p>\n<p>&nbsp;<\/p>\n<p><strong><img loading=\"lazy\" decoding=\"async\" class=\"alignleft\" src=\"https:\/\/www.radiopiu.net\/wordpress\/wp-content\/uploads\/2018\/07\/vertical107_falcade.jpg\" width=\"159\" height=\"119\" \/>ROMA<\/strong> <em>\u00abGli operatori degli impianti a fune chiedevano una maggiore attenzione al governo, la chiusura dovuta al lockdown unita alla crisi del turismo li ha coinvolti e messi in seria difficolt\u00e0. Per questo siamo molto soddisfatti dell\u2019approvazione, in commissione Attivit\u00e0 produttive e fiscale, dell\u2019emendamento al decreto Liquidit\u00e0 che ha riconosciuto la proroga di un anno dei termini degli adempimenti tecnici e amministrativi relativi agli impianti a fune in servizio pubblico\u00bb.\u00a0 <\/em><strong>Lo dichiarano in una nota congiunta Francesca Bonomo, Roger De Menech e Luca Lotti, deputati del Partito democratico.\u00a0<\/strong><em>\u00abGli impianti di risalita, sia nel loro uso classico in inverno, che per le attivit\u00e0 estive\u00bb, proseguono i tre deputati, \u00absono una risorsa trainante del turismo e hanno avuto dal governo il riconoscimento atteso. Da oggi \u00e8 possibile tornare al lavoro con maggiore serenit\u00e0 per preparare l&#8217;imminente stagione estiva, che col passar degli anni \u00e8 diventata fondamentale per la sostenibilit\u00e0 degli impianti\u00bb.<\/em><\/p>\n<p><span>\u00a0<\/span><\/p>\n<p>&nbsp;<\/p>\n","protected":false},"excerpt":{"rendered":"<p>De Menech: \u00abComparto neve fondamentale per il turismo\u00bb &nbsp; ROMA \u00abGli operatori degli impianti a fune chiedevano una maggiore attenzione al governo, la chiusura dovuta al lockdown unita alla crisi del turismo li ha coinvolti e messi in seria difficolt\u00e0. Per questo siamo molto soddisfatti dell\u2019approvazione, in commissione Attivit\u00e0 produttive e fiscale, dell\u2019emendamento al decreto&hellip;<\/p>\n","protected":false},"author":1,"featured_media":52810,"comment_status":"closed","ping_status":"closed","sticky":false,"template":"","format":"standard","meta":{"_monsterinsights_skip_tracking":false,"_monsterinsights_sitenote_active":false,"_monsterinsights_sitenote_note":"","_monsterinsights_sitenote_category":0,"footnotes":""},"categories":[49],"tags":[],"class_list":["post-139598","post","type-post","status-publish","format-standard","has-post-thumbnail","hentry","category-news-18","category-49","description-off"],"img_url":"https:\/\/www.radiopiu.net\/wordpress\/wp-content\/uploads\/2018\/07\/vertical107_falcade.jpg","_links":{"self":[{"href":"https:\/\/www.radiopiu.net\/wordpress\/wp-json\/wp\/v2\/posts\/139598","targetHints":{"allow":["GET"]}}],"collection":[{"href":"https:\/\/www.radiopiu.net\/wordpress\/wp-json\/wp\/v2\/posts"}],"about":[{"href":"https:\/\/www.radiopiu.net\/wordpress\/wp-json\/wp\/v2\/types\/post"}],"author":[{"embeddable":true,"href":"https:\/\/www.radiopiu.net\/wordpress\/wp-json\/wp\/v2\/users\/1"}],"replies":[{"embeddable":true,"href":"https:\/\/www.radiopiu.net\/wordpress\/wp-json\/wp\/v2\/comments?post=139598"}],"version-history":[{"count":0,"href":"https:\/\/www.radiopiu.net\/wordpress\/wp-json\/wp\/v2\/posts\/139598\/revisions"}],"wp:featuredmedia":[{"embeddable":true,"href":"https:\/\/www.radiopiu.net\/wordpress\/wp-json\/wp\/v2\/media\/52810"}],"wp:attachment":[{"href":"https:\/\/www.radiopiu.net\/wordpress\/wp-json\/wp\/v2\/media?parent=139598"}],"wp:term":[{"taxonomy":"category","embeddable":true,"href":"https:\/\/www.radiopiu.net\/wordpress\/wp-json\/wp\/v2\/categories?post=139598"},{"taxonomy":"post_tag","embeddable":true,"href":"https:\/\/www.radiopiu.net\/wordpress\/wp-json\/wp\/v2\/tags?post=139598"}],"curies":[{"name":"wp","href":"https:\/\/api.w.org\/{rel}","templated":true}]}}