{"id":139719,"date":"2020-05-22T16:36:23","date_gmt":"2020-05-22T14:36:23","guid":{"rendered":"https:\/\/www.radiopiu.net\/wordpress\/?p=139719"},"modified":"2020-05-22T16:40:53","modified_gmt":"2020-05-22T14:40:53","slug":"nuove-assunzioni-in-ulss-dolomiti","status":"publish","type":"post","link":"https:\/\/www.radiopiu.net\/wordpress\/nuove-assunzioni-in-ulss-dolomiti\/","title":{"rendered":"NUOVE ASSUNZIONI IN ULSS DOLOMITI"},"content":{"rendered":"<p class=\"p1\"><span class=\"s1\"><strong><a class=\"dt-pswp-item\" href=\"https:\/\/www.radiopiu.net\/wordpress\/wp-content\/uploads\/2015\/12\/Immagine_Ospedale_Belluno_CS_2011.jpg\" data-dt-img-description=\"\" data-large_image_width=\"640\" data-large_image_height=\"512\"><img loading=\"lazy\" decoding=\"async\" class=\"size-medium wp-image-13966 alignleft\" src=\"https:\/\/www.radiopiu.net\/wordpress\/wp-content\/uploads\/2015\/12\/Immagine_Ospedale_Belluno_CS_2011-300x240.jpg\" alt=\"\" width=\"300\" height=\"240\" \/><\/a>BELLUNO<\/strong> L\u2019Ulss Dolomiti si rafforza con ulteriori 59 Infermieri e 25 Operatori Socio Sanitari. L\u2019emergenza COVID non \u00e8 ancora finita e, allo stesso tempo, c\u2019\u00e8 la necessit\u00e0 di potenziare alcune attivit\u00e0 sanitarie in particolare a livello territoriale e al Dipartimento di Prevenzione. <\/span><span class=\"s1\">Ecco le assunzioni deliberate ieri: <\/span><span class=\"s1\">59 infermieri a tempo indeterminato cos\u00ec suddivisi: 34 per le esigenze straordinarie legate all\u2019emergenza COVID-19 (assunzioni extra turn over) e, in particolare, per mantenere l\u2019operativit\u00e0 dell\u2019Unit\u00e0 di Crisi \u201cCOVID-19\u201d attiva presso il Dipartimento di Prevenzione; 20 per le esigenze straordinarie legate all\u2019emergenza COVID-19 (assunzioni extra turn over) e, in particolare, a supporto delle attivit\u00e0 delle Unit\u00e0 Speciali di Continuit\u00e0 Assistenziale, attivate ai sensi dell\u2019art. 8 del D.L. n. 14\/2020;<span class=\"Apple-converted-space\">\u00a0 <\/span>5 in sostituzione di un infermieri che cessano servizio <\/span><span class=\"s1\">25 Operatori Socio sanitari a tempo indeterminato cos\u00ec suddivisi: 15 per le esigenze straordinarie legate all\u2019emergenza COVID-19 (assunzioni extra turn over) e, in particolare, per supportare<span class=\"Apple-converted-space\">\u00a0 <\/span>i Centri di Servizio per Anziani in maggiore difficolt\u00e0 operativa; 4 per le esigenze straordinarie legate all\u2019emergenza COVID-19 (assunzioni extra turn over) e, in particolare, per mantenere l\u2019operativit\u00e0 dell\u2019Unit\u00e0 di Crisi \u201cCOVID19\u201d attiva presso il Dipartimento di Prevenzione. L\u2019Unit\u00e0 di Crisi \u201cCOVID-19\u201d, fino ad oggi, ha operato con personale delle varie unit\u00e0 operative dello stesso Dipartimento di Prevenzione e con personale di unit\u00e0 operative di altre strutture aziendali. Con la ripresa delle attivit\u00e0 sanitarie, ridotte in seguito all\u2019emergenza COVID-19, il personale provvisoriamente assegnato all\u2019Unit\u00e0 di Crisi deve necessariamente riassumere servizio presso le unit\u00e0 operative di provenienza ed \u00e8, quindi, necessario sostituirlo; 6 (n. 5 per le strutture del Distretto di Belluno e n. 1 per le strutture del Distretto di Feltre), in sostituzione di<span class=\"Apple-converted-space\">\u00a0 <\/span>operatori socio sanitari e<span class=\"Apple-converted-space\">\u00a0 <\/span>ausiliari cessati e che cesseranno dal servizio nei prossimi mesi 5 tecnici di radiologia, 1 assistente sociale, 1 medico anestesista. Si aggiungono ai 49 professionisti che hanno preso servizio in Ulss Dolomiti nell\u2019ambito dell\u2019emergenza COVID ed in particolare di: 21 medici di cui: 12 neo assunti + 7 medici in quiescenza rientrati in servizio + 2 medici trattenuti in servizio; 12 infermieri; 12 OSS ; 2 tecnici di radiologia; 1 tecnico di laboratorio; 1 tecnico della prevenzione<\/span><\/p>\n<h3>DONATA UNA MACCHINA ALL&#8217;ULSS DOLOMITI PER L&#8217;ANALISI DEI TAMPONI<\/h3>\n<p class=\"p1\"><span class=\"s1\">L\u2019Ulss Dolomiti ha accettato la donazione da parte di Vol.A -Associazione Volontari Ambulanza di VolA, a capofila di un gruppo di donatori, di una attrezzatura per l\u2019analisi dei tamponi del valore di 108 mila euro destinata al Dipartimento diagnostico e dei servizi dell\u2019ospedale di Feltre. <\/span><span class=\"s1\">L&#8217;apparecchiatura donata costituisce una piattaforma completa \u00a0per la diagnosi molecolare di infezione da coronavirus (SARS-CoV-2) con tecnologia Real Time PCR, su campioni respiratori e\/o siero. Si avvale di un apparecchio che permette l&#8217;estrazione dell&#8217;RNA virale \u00a0dai campioni clinici respiratori per la ricerca del virus. Successivamente il test diagnostico prosegue con un apparecchio termociclatore che con metodica real-time RT-PCR permette di rilevare anche concentrazioni molto basse dell\u2019RNA virale. Il riscontro finale dell&#8217;RNA consente la diagnosi di infezione. Il sistema \u00e8 completato da tutti gli ausili tecnici necessari alla lavorazione molecolare compresa una piccola cappa chimica e soprattutto dei reagenti che consentono le due fasi principali del test, l&#8217;estrazione dell&#8217;RNA e la sua amplificazione. Nella sua conformazione permette di esaminare giornalmente con cicli di circa tre ore, oltre 100 campioni ( tamponi ). <\/span><span class=\"s1\">Alle 8.00 di questa mattina, da inizio emergenza, sono stati eseguiti in ulss Dolomiti 30.129 tamponi. <\/span><span class=\"s1\">\u00ab<em>Ringrazio VolA e i volontari del Feltrino per questa importante donazione che ci permetter\u00e0 di analizzare ancora pi\u00f9 rapidamente i tamponi eseguiti nelle attivit\u00e0 di prevenzione e sorveglianza<\/em>\u00bb, commenta il Direttore Generale Adriano Rasi Caldogno,\u00ab<em>continuano sempre numerose le donazioni di privati e associazioni a sostegno delle attivit\u00e0 legate al COVID. Il sostegno del territorio in questa fase \u00e8 stato significativo. Colgo l\u2019occasione per ringraziare quanti, a vario titolo, hanno generosamente contribuito ad affrontare questa emergenza<\/em>\u00bb <\/span><\/p>\n","protected":false},"excerpt":{"rendered":"<p>BELLUNO L\u2019Ulss Dolomiti si rafforza con ulteriori 59 Infermieri e 25 Operatori Socio Sanitari. L\u2019emergenza COVID non \u00e8 ancora finita e, allo stesso tempo, c\u2019\u00e8 la necessit\u00e0 di potenziare alcune attivit\u00e0 sanitarie in particolare a livello territoriale e al Dipartimento di Prevenzione. Ecco le assunzioni deliberate ieri: 59 infermieri a tempo indeterminato cos\u00ec suddivisi: 34&hellip;<\/p>\n","protected":false},"author":4,"featured_media":0,"comment_status":"closed","ping_status":"closed","sticky":false,"template":"","format":"standard","meta":{"_monsterinsights_skip_tracking":false,"_monsterinsights_sitenote_active":false,"_monsterinsights_sitenote_note":"","_monsterinsights_sitenote_category":0,"footnotes":""},"categories":[49],"tags":[],"class_list":["post-139719","post","type-post","status-publish","format-standard","hentry","category-news-18","category-49","description-off"],"img_url":false,"_links":{"self":[{"href":"https:\/\/www.radiopiu.net\/wordpress\/wp-json\/wp\/v2\/posts\/139719","targetHints":{"allow":["GET"]}}],"collection":[{"href":"https:\/\/www.radiopiu.net\/wordpress\/wp-json\/wp\/v2\/posts"}],"about":[{"href":"https:\/\/www.radiopiu.net\/wordpress\/wp-json\/wp\/v2\/types\/post"}],"author":[{"embeddable":true,"href":"https:\/\/www.radiopiu.net\/wordpress\/wp-json\/wp\/v2\/users\/4"}],"replies":[{"embeddable":true,"href":"https:\/\/www.radiopiu.net\/wordpress\/wp-json\/wp\/v2\/comments?post=139719"}],"version-history":[{"count":0,"href":"https:\/\/www.radiopiu.net\/wordpress\/wp-json\/wp\/v2\/posts\/139719\/revisions"}],"wp:attachment":[{"href":"https:\/\/www.radiopiu.net\/wordpress\/wp-json\/wp\/v2\/media?parent=139719"}],"wp:term":[{"taxonomy":"category","embeddable":true,"href":"https:\/\/www.radiopiu.net\/wordpress\/wp-json\/wp\/v2\/categories?post=139719"},{"taxonomy":"post_tag","embeddable":true,"href":"https:\/\/www.radiopiu.net\/wordpress\/wp-json\/wp\/v2\/tags?post=139719"}],"curies":[{"name":"wp","href":"https:\/\/api.w.org\/{rel}","templated":true}]}}