{"id":139724,"date":"2020-05-23T13:30:45","date_gmt":"2020-05-23T11:30:45","guid":{"rendered":"https:\/\/www.radiopiu.net\/wordpress\/?p=139724"},"modified":"2020-05-23T13:30:30","modified_gmt":"2020-05-23T11:30:30","slug":"ad-una-nonna-speciale-gli-auguri-nel-giorno-da-secolo","status":"publish","type":"post","link":"https:\/\/www.radiopiu.net\/wordpress\/ad-una-nonna-speciale-gli-auguri-nel-giorno-da-secolo\/","title":{"rendered":"AD UNA NONNA SPECIALE GLI AUGURI NEL GIORNO DA &#8220;SECOLO&#8221;"},"content":{"rendered":"<p>&nbsp;<\/p>\n<p><strong>GOSALDO<\/strong> Tanti auguri ad una diciottenne&#8230;con 82 anni di esperienza. Tanti auguri nonna Margherita e complimenti per l&#8217;invidiabile traguardo anche perch\u00e9 nella vita il difficile sono i primi 100, poi arriva il facile, quello che oggi auguriamo alla felice nonna di Gosaldo della dinastia dei Marcon.Tanti auguri a Margherita dai capelli bianchi che altro non sono che il riflesso di tanta saggezza. Tanti auguri Margherita di Sant&#8217;Andrea di Gosaldo, dai figli Nadia ed Enzo, dalla nuora Paola, dai nipoti Ketty, Jenny, Luca, Mauro, Roberta, Marika e Aldo. Dai pronipoti Filippo e Sara. Se ci fosse Matteo oggi avrebbe un&#8217;occasione in pi\u00f9 per salire in quel paese che tanto amava al pari della suocera e in questo felice giorno grande e commosso \u00e8 anche il ricordo del genero&#8230; Per non dimenticarci, auguri Pi\u00f9 anche dalla Radio Pi\u00f9.<\/p>\n<p><strong>NELLA FOTO TRE GENERAZIONI,<\/strong> MARIKA LA PIU&#8217; PICCOLA, NADIA LA MAMMA E MARGHERITA LA FESTEGGIATA<\/p>\n<p><a class=\"dt-pswp-item\" href=\"https:\/\/www.radiopiu.net\/wordpress\/wp-content\/uploads\/2020\/05\/de757603-1342-4bbd-93f3-dc4b50bbaac7.jpg\" data-dt-img-description=\"\" data-large_image_width=\"819\" data-large_image_height=\"1024\"><img loading=\"lazy\" decoding=\"async\" class=\"alignnone wp-image-139725 size-full\" src=\"https:\/\/www.radiopiu.net\/wordpress\/wp-content\/uploads\/2020\/05\/de757603-1342-4bbd-93f3-dc4b50bbaac7.jpg\" alt=\"\" width=\"819\" height=\"1024\" srcset=\"https:\/\/www.radiopiu.net\/wordpress\/wp-content\/uploads\/2020\/05\/de757603-1342-4bbd-93f3-dc4b50bbaac7.jpg 819w, https:\/\/www.radiopiu.net\/wordpress\/wp-content\/uploads\/2020\/05\/de757603-1342-4bbd-93f3-dc4b50bbaac7-240x300.jpg 240w, https:\/\/www.radiopiu.net\/wordpress\/wp-content\/uploads\/2020\/05\/de757603-1342-4bbd-93f3-dc4b50bbaac7-768x960.jpg 768w\" sizes=\"auto, (max-width: 819px) 100vw, 819px\" \/><\/a><\/p>\n","protected":false},"excerpt":{"rendered":"<p>&nbsp; GOSALDO Tanti auguri ad una diciottenne&#8230;con 82 anni di esperienza. Tanti auguri nonna Margherita e complimenti per l&#8217;invidiabile traguardo anche perch\u00e9 nella vita il difficile sono i primi 100, poi arriva il facile, quello che oggi auguriamo alla felice nonna di Gosaldo della dinastia dei Marcon.Tanti auguri a Margherita dai capelli bianchi che altro&hellip;<\/p>\n","protected":false},"author":1,"featured_media":139725,"comment_status":"closed","ping_status":"closed","sticky":false,"template":"","format":"standard","meta":{"_monsterinsights_skip_tracking":false,"_monsterinsights_sitenote_active":false,"_monsterinsights_sitenote_note":"","_monsterinsights_sitenote_category":0,"footnotes":""},"categories":[49],"tags":[],"class_list":["post-139724","post","type-post","status-publish","format-standard","has-post-thumbnail","hentry","category-news-18","category-49","description-off"],"img_url":"https:\/\/www.radiopiu.net\/wordpress\/wp-content\/uploads\/2020\/05\/de757603-1342-4bbd-93f3-dc4b50bbaac7.jpg","_links":{"self":[{"href":"https:\/\/www.radiopiu.net\/wordpress\/wp-json\/wp\/v2\/posts\/139724","targetHints":{"allow":["GET"]}}],"collection":[{"href":"https:\/\/www.radiopiu.net\/wordpress\/wp-json\/wp\/v2\/posts"}],"about":[{"href":"https:\/\/www.radiopiu.net\/wordpress\/wp-json\/wp\/v2\/types\/post"}],"author":[{"embeddable":true,"href":"https:\/\/www.radiopiu.net\/wordpress\/wp-json\/wp\/v2\/users\/1"}],"replies":[{"embeddable":true,"href":"https:\/\/www.radiopiu.net\/wordpress\/wp-json\/wp\/v2\/comments?post=139724"}],"version-history":[{"count":0,"href":"https:\/\/www.radiopiu.net\/wordpress\/wp-json\/wp\/v2\/posts\/139724\/revisions"}],"wp:featuredmedia":[{"embeddable":true,"href":"https:\/\/www.radiopiu.net\/wordpress\/wp-json\/wp\/v2\/media\/139725"}],"wp:attachment":[{"href":"https:\/\/www.radiopiu.net\/wordpress\/wp-json\/wp\/v2\/media?parent=139724"}],"wp:term":[{"taxonomy":"category","embeddable":true,"href":"https:\/\/www.radiopiu.net\/wordpress\/wp-json\/wp\/v2\/categories?post=139724"},{"taxonomy":"post_tag","embeddable":true,"href":"https:\/\/www.radiopiu.net\/wordpress\/wp-json\/wp\/v2\/tags?post=139724"}],"curies":[{"name":"wp","href":"https:\/\/api.w.org\/{rel}","templated":true}]}}