{"id":139780,"date":"2020-05-22T12:26:31","date_gmt":"2020-05-22T10:26:31","guid":{"rendered":"https:\/\/www.radiopiu.net\/wordpress\/?p=139780"},"modified":"2020-05-23T12:30:03","modified_gmt":"2020-05-23T10:30:03","slug":"la-nuova-via-sulla-torre-venezia-limpresa-di-alessandro-bau","status":"publish","type":"post","link":"https:\/\/www.radiopiu.net\/wordpress\/la-nuova-via-sulla-torre-venezia-limpresa-di-alessandro-bau\/","title":{"rendered":"LA NUOVA VIA SULLA TORRE VENEZIA, L&#8217;IMPRESA DI ALESSANDRO BAU&#8217;"},"content":{"rendered":"<p>&nbsp;<\/p>\n<p>&nbsp;<\/p>\n<h2><\/h2>\n<p><strong>DI CRISTINA BIEN<\/strong><\/p>\n\n\t\t\t<style type='text\/css'>\n\t\t\t\t#gallery-1 {\n\t\t\t\t\tmargin: auto;\n\t\t\t\t}\n\t\t\t\t#gallery-1 .gallery-item {\n\t\t\t\t\tfloat: left;\n\t\t\t\t\tmargin-top: 10px;\n\t\t\t\t\ttext-align: center;\n\t\t\t\t\twidth: 33%;\n\t\t\t\t}\n\t\t\t\t#gallery-1 img {\n\t\t\t\t\tborder: 2px solid #cfcfcf;\n\t\t\t\t}\n\t\t\t\t#gallery-1 .gallery-caption {\n\t\t\t\t\tmargin-left: 0;\n\t\t\t\t}\n\t\t\t\t\/* see gallery_shortcode() in wp-includes\/media.php *\/\n\t\t\t<\/style>\n\t\t<div id='gallery-1' class='dt-gallery-container gallery galleryid-139780 gallery-columns-3 gallery-size-thumbnail'><dl class='gallery-item'>\n\t\t\t\t<dt class='gallery-icon landscape'>\n\t\t\t\t\t<a class=\"rollover\" href='https:\/\/www.radiopiu.net\/wordpress\/giornale-radiopiu-23-maggio-2020-direttore-mirko-mezzacasa\/100384291_254686218949131_3959632359950647296_n-2\/'><img loading=\"lazy\" decoding=\"async\" width=\"150\" height=\"150\" src=\"https:\/\/www.radiopiu.net\/wordpress\/wp-content\/uploads\/2020\/05\/100384291_254686218949131_3959632359950647296_n-2-150x150.jpg\" class=\"attachment-thumbnail size-thumbnail\" alt=\"\" \/><\/a>\n\t\t\t\t<\/dt><\/dl>\n\t\t\t\t<br style='clear: both' \/>\n\t\t\t<\/div>\n\n<p>A qualche giorno dalla notizia del crollo che ha interessato proprio la Torre Venezia, cancellando delle vie storiche dell&#8217;alpinismo dolomitico come la &#8220;Tissi&#8221;, oggi ci troviamo di fronte a una bella novit\u00e0, una nuova super via, Alessandro Ba\u00f9\u00a0 ha aperto &#8220;Stile Libero&#8221;. Quando oggi ho letto questo articolo, in questo momento difficile per tutti, ho paragonato le due cose pensando questi ultimi mesi hanno danneggiato e cancellato parte delle nostre vite come le vie sulla Torre Venezia ma lo sappiamo che non ci si pu\u00f2 fermare, abbiamo davanti una nuova sfida, \u00e8 il momento di reagire, di usare cuore, testa e forza per ricominciare, non sar\u00e0 facile come la via di Alessandro, ma \u00e8 li in cima che dobbiamo andare, \u00e8 li che dobbiamo ritornare, magari cambiando prospettiva e modo di vedere la vita, siamo noi che dobbiamo vedere la nostra nuova via- Con la determinazione che hanno avuto Alessandro e i suoi compagni di cordata, ripartiremo e allora si ANDR\u00c0 TUTTO BENE<\/p>\n<p><a href=\"https:\/\/www.planetmountain.com\/it\/notizie\/alpinismo\/stile-libero-torre-venezia-civetta-alessandro-bau-co.html?fbclid=IwAR2iHWafYXkTNjj1EGd8yQiCEP1fmMMuRNBNCBuh21swPxSeRjiEwn9PAbc\">PER SAPERNE DI PIU&#8217; SULLA NUOVA VIA CLICCA QUI<\/a><\/p>\n","protected":false},"excerpt":{"rendered":"<p>&nbsp; &nbsp; DI CRISTINA BIEN A qualche giorno dalla notizia del crollo che ha interessato proprio la Torre Venezia, cancellando delle vie storiche dell&#8217;alpinismo dolomitico come la &#8220;Tissi&#8221;, oggi ci troviamo di fronte a una bella novit\u00e0, una nuova super via, Alessandro Ba\u00f9\u00a0 ha aperto &#8220;Stile Libero&#8221;. Quando oggi ho letto questo articolo, in questo&hellip;<\/p>\n","protected":false},"author":1,"featured_media":139779,"comment_status":"closed","ping_status":"closed","sticky":false,"template":"","format":"standard","meta":{"_monsterinsights_skip_tracking":false,"_monsterinsights_sitenote_active":false,"_monsterinsights_sitenote_note":"","_monsterinsights_sitenote_category":0,"footnotes":""},"categories":[49],"tags":[],"class_list":["post-139780","post","type-post","status-publish","format-standard","has-post-thumbnail","hentry","category-news-18","category-49","description-off"],"img_url":"https:\/\/www.radiopiu.net\/wordpress\/wp-content\/uploads\/2020\/05\/100384291_254686218949131_3959632359950647296_n-2.jpg","_links":{"self":[{"href":"https:\/\/www.radiopiu.net\/wordpress\/wp-json\/wp\/v2\/posts\/139780","targetHints":{"allow":["GET"]}}],"collection":[{"href":"https:\/\/www.radiopiu.net\/wordpress\/wp-json\/wp\/v2\/posts"}],"about":[{"href":"https:\/\/www.radiopiu.net\/wordpress\/wp-json\/wp\/v2\/types\/post"}],"author":[{"embeddable":true,"href":"https:\/\/www.radiopiu.net\/wordpress\/wp-json\/wp\/v2\/users\/1"}],"replies":[{"embeddable":true,"href":"https:\/\/www.radiopiu.net\/wordpress\/wp-json\/wp\/v2\/comments?post=139780"}],"version-history":[{"count":0,"href":"https:\/\/www.radiopiu.net\/wordpress\/wp-json\/wp\/v2\/posts\/139780\/revisions"}],"wp:featuredmedia":[{"embeddable":true,"href":"https:\/\/www.radiopiu.net\/wordpress\/wp-json\/wp\/v2\/media\/139779"}],"wp:attachment":[{"href":"https:\/\/www.radiopiu.net\/wordpress\/wp-json\/wp\/v2\/media?parent=139780"}],"wp:term":[{"taxonomy":"category","embeddable":true,"href":"https:\/\/www.radiopiu.net\/wordpress\/wp-json\/wp\/v2\/categories?post=139780"},{"taxonomy":"post_tag","embeddable":true,"href":"https:\/\/www.radiopiu.net\/wordpress\/wp-json\/wp\/v2\/tags?post=139780"}],"curies":[{"name":"wp","href":"https:\/\/api.w.org\/{rel}","templated":true}]}}