{"id":139790,"date":"2020-05-23T07:19:20","date_gmt":"2020-05-23T05:19:20","guid":{"rendered":"https:\/\/www.radiopiu.net\/wordpress\/?p=139790"},"modified":"2020-05-23T07:19:20","modified_gmt":"2020-05-23T05:19:20","slug":"un-giorno-ti-parlero-di-gaetano-zagra","status":"publish","type":"post","link":"https:\/\/www.radiopiu.net\/wordpress\/un-giorno-ti-parlero-di-gaetano-zagra\/","title":{"rendered":"UN GIORNO TI PARLERO&#8217; di GAETANO ZAGRA"},"content":{"rendered":"<audio class=\"wp-audio-shortcode\" id=\"audio-139790-1\" preload=\"none\" style=\"width: 100%;\" controls=\"controls\"><source type=\"audio\/mpeg\" src=\"https:\/\/www.radiopiu.net\/wordpress\/wp-content\/uploads\/2020\/05\/06-UN-GIORNO-DI-PARLERO-GAETANO-ZAGRA.mp3?_=1\" \/><a href=\"https:\/\/www.radiopiu.net\/wordpress\/wp-content\/uploads\/2020\/05\/06-UN-GIORNO-DI-PARLERO-GAETANO-ZAGRA.mp3\">https:\/\/www.radiopiu.net\/wordpress\/wp-content\/uploads\/2020\/05\/06-UN-GIORNO-DI-PARLERO-GAETANO-ZAGRA.mp3<\/a><\/audio>\n<p><span style=\"font-family: Verdana, sans-serif;\"><span style=\"font-size: large;\">UN GIORNO TI PARLERO&#8217;<\/p>\n<p>Voglio guardarti<br \/>\nmentre stai ancora dormendo.<br \/>\nE aspettare.<\/p>\n<p>Fino a riconoscere<br \/>\nil tuo primo sguardo per me<br \/>\nin quello che mi donerai<br \/>\nnon appena svegliata.<\/p>\n<p>Induger\u00f2 con le mie dita sulla tua pelle,<br \/>\ngli occhi chiusi,<br \/>\nfino a disegnare il tuo corpo<br \/>\nnella mia sconfinata memoria.<\/p>\n<p>Cuciner\u00f2 per te,<br \/>\nch\u00e9 tu possa cibarti<br \/>\ndella passione che infondo<br \/>\nin ogni mio gesto.<\/p>\n<p>E mi inventer\u00f2<br \/>\npiccoli pegni di devozione,<br \/>\nda riempire i tuoi giorni<br \/>\ne per farti capire<br \/>\nche la gioia \u00e8 fatta<br \/>\ndi tante<br \/>\ncose<br \/>\nminute.<\/p>\n<p>E ti terr\u00f2 sempre la mano<br \/>\ne ci incammineremo,<br \/>\nfianco a fianco,<br \/>\nverso ci\u00f2 che ancora<br \/>\nnon conosciamo.<\/p>\n<p>Fino a che il desiderio<br \/>\ncamminer\u00e0 con noi.<\/span><\/span><\/p>\n","protected":false},"excerpt":{"rendered":"<p>UN GIORNO TI PARLERO&#8217; Voglio guardarti mentre stai ancora dormendo. E aspettare. Fino a riconoscere il tuo primo sguardo per me in quello che mi donerai non appena svegliata. Induger\u00f2 con le mie dita sulla tua pelle, gli occhi chiusi, fino a disegnare il tuo corpo nella mia sconfinata memoria. Cuciner\u00f2 per te, ch\u00e9 tu&hellip;<\/p>\n","protected":false},"author":1,"featured_media":139791,"comment_status":"closed","ping_status":"closed","sticky":false,"template":"","format":"standard","meta":{"_monsterinsights_skip_tracking":false,"_monsterinsights_sitenote_active":false,"_monsterinsights_sitenote_note":"","_monsterinsights_sitenote_category":0,"footnotes":""},"categories":[22,49],"tags":[],"class_list":["post-139790","post","type-post","status-publish","format-standard","has-post-thumbnail","hentry","category-invivoverso","category-news-18","category-22","category-49","description-off"],"img_url":"https:\/\/www.radiopiu.net\/wordpress\/wp-content\/uploads\/2020\/05\/foto-gaetano-zagra.jpg","_links":{"self":[{"href":"https:\/\/www.radiopiu.net\/wordpress\/wp-json\/wp\/v2\/posts\/139790","targetHints":{"allow":["GET"]}}],"collection":[{"href":"https:\/\/www.radiopiu.net\/wordpress\/wp-json\/wp\/v2\/posts"}],"about":[{"href":"https:\/\/www.radiopiu.net\/wordpress\/wp-json\/wp\/v2\/types\/post"}],"author":[{"embeddable":true,"href":"https:\/\/www.radiopiu.net\/wordpress\/wp-json\/wp\/v2\/users\/1"}],"replies":[{"embeddable":true,"href":"https:\/\/www.radiopiu.net\/wordpress\/wp-json\/wp\/v2\/comments?post=139790"}],"version-history":[{"count":0,"href":"https:\/\/www.radiopiu.net\/wordpress\/wp-json\/wp\/v2\/posts\/139790\/revisions"}],"wp:featuredmedia":[{"embeddable":true,"href":"https:\/\/www.radiopiu.net\/wordpress\/wp-json\/wp\/v2\/media\/139791"}],"wp:attachment":[{"href":"https:\/\/www.radiopiu.net\/wordpress\/wp-json\/wp\/v2\/media?parent=139790"}],"wp:term":[{"taxonomy":"category","embeddable":true,"href":"https:\/\/www.radiopiu.net\/wordpress\/wp-json\/wp\/v2\/categories?post=139790"},{"taxonomy":"post_tag","embeddable":true,"href":"https:\/\/www.radiopiu.net\/wordpress\/wp-json\/wp\/v2\/tags?post=139790"}],"curies":[{"name":"wp","href":"https:\/\/api.w.org\/{rel}","templated":true}]}}