{"id":139795,"date":"2020-05-23T12:28:00","date_gmt":"2020-05-23T10:28:00","guid":{"rendered":"https:\/\/www.radiopiu.net\/wordpress\/?p=139795"},"modified":"2020-05-23T12:28:38","modified_gmt":"2020-05-23T10:28:38","slug":"139795-2","status":"publish","type":"post","link":"https:\/\/www.radiopiu.net\/wordpress\/139795-2\/","title":{"rendered":"OGGI LA RASSEGNA STAMPA L&#8217;ABBIAMO APERTA&#8230; COSI&#8217;"},"content":{"rendered":"<div class=\"page-title-breadcrumbs\">\n<div>\n<p>&nbsp;<\/p>\n<blockquote>\n<h3>DOPO CRISANTI E&#8217; LA DOTTORESSA RUSSO LA PROTAGONISTA DELLA GUERRA AL COVID19, LA DONNA AL COMANDO DELLA SQUADRA CHE CONTESTA I TITOLI DA &#8220;CONTAGIO ZERO&#8221; SUGGERITI DAL PROFESSOR CRISANTI E INVITA A NON\u00a0 ABBASSARE LA GUARDIA. LE LIMITAZIONI AGLI SPOSTAMENTI TRA REGIONI POTREBBERO TERMINARE IL PROSSIMO 2 GIUGNO, MA LE CONFERME ARRIVERANNO SOLO LA PROSSIMA SETTIMANA, SULLA SCORTA DEL NUMERO DI CONTAGI DOPO LE RIAPERTURE DEL 18 MAGGIO. LA SLOVENIA SCHIERA LE FORZE DI POLIZIA AL CONFINE INTERDETTI AGLI ITALIANI, ANCHE SUL CARSO. TROPPI I CICLISTI OLTRE I CONFINI E MIGRANTI CHE CONTINUANO AD ENTRARE E LA POPOLAZIONE E&#8217; PREOCCUPATA PER\u00a0 POSSIBILI CONTAGI. IERI A BELLUNO ANCORA ZERO CONTAGI E BEN 46\u00a0 I PAZIENTI GUARITI IN SOLE 24 ORE.<\/h3>\n<\/blockquote>\n<p><strong>di Mirko Mezzacasa<\/strong><\/p>\n<p>&nbsp;<\/p>\n<p>L&#8217;euforia da contagio zero sfuma alla successiva alba, allo zero in casella di gioved\u00ec segue il +25 di ieri, nuovi casi che invitano a non abbassare la guardia. I numeri sono per\u00f2 positivi, in Veneto e in tutta Italia ad una settimana dalla riapertura quasi totale. Solo in Valle d&#8217;Aosta il gi\u00e0 famoso indice RT (trasmissione contagio) \u00e8 sopra la soglia di guardia pari a 1. Ad introdurre questo nuovo termine RT \u00e8 stata ieri in conferenza stampa la dottoressa Francesca Russo &#8220;comandante&#8221; del dipartimento di prevenzione della Regione, colei che ha studiato e redatto il piano della sanit\u00e0 pubblica datato fine gennaio. Con le sue parole ha criticato il professor Crisanti che 48 ore fa inneggiava al contagio zero <em>&#8220;I titoli di giornali &#8220;contagio zero&#8221; &#8211; ha detto la Russo &#8211; veicolano un messaggio errato.\u00a0 Crisanti avr\u00e0 voluto dire che abbiamo iniziato un percorso in discesa, il &#8220;contagio zero&#8221; va specificato che valeva per quel giorno, che fa testo \u00e8 invece il trend. Le curve sono in calo ma non significa certo azzeramento&#8221;<\/em>. Il valore RT per il Veneto \u00e8 sotto la soglia di guardia, 0,41 che fa del Veneto la migliore regione d&#8217;Italia, ci sono ancora dei piccoli focolai nelle case di riposo e in alcune famiglie, da tenere sotto controllo fino allo spegnimento, da tenere sotto controllo per non tornare alla fase 1. Anche per questo la sorveglianza da isolamento domiciliare \u00e8 stata portata da 14 a 21 giorni. In quanto ai tamponi la Russo ha smontato la tesi di Crisanti da &#8220;tampone per tutti&#8221;, <em>&#8220;Non \u00e8 un programma &#8211; ha detto &#8211; che ognuno pu\u00f2 pensare di iniziare per conto proprio, ma va approntato con precisi obiettivi, ovvero identificando le categorie a rischio: personale sanitario, famacisti, ospiti e personale delle strutture per anziani, pazienti che accedono al pronto soccorso, ricoverati&#8221;<\/em>. A proposito di centri estivi\u00a0 che dovrebbero aprire lunedi l&#8217;ordinanza non \u00e8 ancora stata resa nota, forse sar\u00e0 firmata oggi dal Presidente Luca Zaia, cos\u00ec anche per i parchi estivi<em> &#8220;Le linee guida ci sono &#8211; ha detto Zaia- ma bisogna trovare la quadra tra tutte le Regioni&#8221;<\/em>. Anche ieri uomini e donne davanti alla sede delle Protezione Civile di Marghera sede della conferenza stampa, in protesta perch\u00e9 dimenticati e senza stipendio e cassa integrazione da gennaio. Si tratta della categoria dei lavoratori delle mense, hanno incassato la solidariet\u00e0 degli attori dell&#8217;incontro quotidiano con la stampa. Sulle elezioni \u00e8 di nuovo scontro, per Zaia la data migliore il 2 agosto e non l&#8217;election day dell 6 settembre che porterebbe a presentare liste e programmi a ferragosto <em>&#8220;Sarebbe -ha detto &#8211; la sospensione della democrazia&#8221;,<\/em> il vice Gianluca Forcolin ha fatto approvare un progetto di legge che riduce da 60 a 50 i giorni per la pubblicazione del decreto di indizione della consultazione, per il Pd un tentativo di forzare la mano al Parlamento. Sembra risolversi il problema del taglio delle zone rosse, dopo le proteste e la minaccia di ricorso da parte del Veneto il Governo innesta la retromarcia ed assicura equit\u00e0 per tutti i Comuni pi\u00f9 colpiti, la correzione la prossima settimana in Parlamento. Presentato anche il vademecum per le vacanze, tra le linee guida principali: nei rifugi alpini pranzo solo su prenotazione ed entrate contingentate con guanti e mascherina evitando incroci tra persone ove possibile, in piscina 7 metri quadrati a persona, sdraio e lettini a un metro e mezzo di distanza uno dall&#8217;altro (eccetto congiunti), consigliata la prenotazione e i nomi vanno conservati 14 giorni cos\u00ec come nelle palestre dove la distanza \u00e8 di un metro tra le persone, due per chi pratica attivit\u00e0 fisica e le scarpe non devono essere quelle usate per strada, mascherina obbligatoria per chi gestisce i servizi di noleggio, negli alberghi notizie multilingue e nei parchi quando riapriranno riduzione della capienza massima con distanza anche di 2 metri se prevista l&#8217;attivit\u00e0 fisica, mascherine per tutti non i pi\u00f9 piccoli e le stesse regole valgono anche per il luna park. Per tutti valgono le ormai note norme igieniche e di igienizzazione. Sui collegamenti interregionali la settimana decisiva sar\u00e0 la prossima quando si conosceranno gli effetti delle riaperture del 18 maggio quindi la data del 3 giugno indicata per le riaperture verr\u00e0 confermata o meno in base al numero di contagi. Se il quadro sar\u00e0 rassicurante l&#8217;apertura \u00e8 assicurata oppure riapriranno solo i confini regionali a basso contagio. L&#8217;Ulss1 Dolomiti assume 91 professionisti, infermieri, operatori socio sanitari, tecnici di radiologia e medici che si aggiungeranno ai 49 che gi\u00e0 hanno iniziato a lavorare negli ultimi mesi di emergenza. A Feltre \u00e8 entrata in funzione la nuova macchina per i tamponi donata alla Ulss1 dai volontari ambulanza Vol.A. A Pieve di Cadore iniziano i lavori per il nuovo eliporto e l&#8217;elicottero Falco sar\u00e0 ospitato a Belluno presso l&#8217;hangar del Nucleo elicotteristi dei Carabinieri, i lavori prevedono un investimento da 3 milioni di euro.\u00a0 <strong>NELLE ULTIME 24 ORE IN VENETO<\/strong> \u00a0Nuovi casi di positivi\u00a0 25 (mercoledi 37) da inizio epidemia 19063\u00a0 (+25),\u00a0 attualmente positivi\u00a0 \u00a02954 (-293),\u00a0 negativizzati\/guariti 14247 (+309)\u00a0 in isolamento domiciliare 3132 (-78) ricoverati 580\u00a0 (-25), in ospedale 496\u00a0 \u00a0(-14) , ospedali di comunit\u00e0 84 (-11 ), terapia intensiva 39 (-1 , 27\u00a0 positivi, 39 negativi),\u00a0 dimessi 3515 (+23) , decessi ospedale 1385\u00a0 (7) , totale decessi 1862 (9)\u00a0 <strong>NELLE ULTIME 24 ORE IN PROVINCIA DI BELLUNO<\/strong>\u00a0 \u00a0Casi positivi\u00a0 0 (mercoledi 0) dal 21 febbraio 1153\u00a0 (0 ), attualmente positivi 229 (-46), deceduti 105 (0),\u00a0 negativizzati\/guariti 819 (+46), in isolamento domiciliare 482\u00a0 (-5), ricoverati ospedale San Martino 8 (+1) , terapia intensiva 0 (0) , ospedale di Comunit\u00e0 di Belluno 8 (0) Agordo 8\u00a0 (-1 ).<\/p>\n<\/div>\n<\/div>\n<p>&nbsp;<\/p>\n<h3>IL POST DEL MINISTRO FEDERICO D&#8217;INCA&#8217;<\/h3>\n<blockquote><p><em>&#8220;In fase di conversione del DecretoRilancio, in Parlamento, si far\u00e0 il punto sulle\u00a0 ZoneRosse rimaste escluse dai finanziamenti. L&#8217;intervento del Presidente del Consiglio Giuseppe Conte, nel pomeriggio, ha fugato ogni possibile dubbio, confermando che verr\u00e0 presentato un emendamento per comprendere tutte le altre zone rosse d&#8217;Italia ora escluse dal decreto. Questo a dimostrazione che il Governo e il Parlamento ci sono, che c&#8217;\u00e8 la massima attenzione per tutti i territori e che c&#8217;\u00e8 da parte di tutti la volont\u00e0 di risolvere i problemi. Meglio se attraverso il dialogo e la collaborazione&#8221;.<\/em><\/p><\/blockquote>\n<p>&nbsp;<\/p>\n<p>&nbsp;<\/p>\n<p>&nbsp;<\/p>\n<p>&nbsp;<\/p>\n<p>&nbsp;<\/p>\n<div class=\"page-title-breadcrumbs\"><\/div>\n<blockquote>\n<h3><span style=\"color: #ff0000;\">OSPEDALE DI AGORDO UN VIDEO DEI DIPENDENTI CON UN GRAZIE AI BELLUNESI &#8220;CHE CI SONO STATI ACCANTO&#8221;<\/span><\/h3>\n<\/blockquote>\n<p><strong>IL MESSAGGIO DI UN OPERATORE SANITARIO DI AGORDO<\/strong><\/p>\n<audio class=\"wp-audio-shortcode\" id=\"audio-139795-1\" preload=\"none\" style=\"width: 100%;\" controls=\"controls\"><source type=\"audio\/mpeg\" src=\"https:\/\/www.radiopiu.net\/wordpress\/wp-content\/uploads\/2020\/05\/OSPEDALE-AGORDO.mp3?_=1\" \/><a href=\"https:\/\/www.radiopiu.net\/wordpress\/wp-content\/uploads\/2020\/05\/OSPEDALE-AGORDO.mp3\">https:\/\/www.radiopiu.net\/wordpress\/wp-content\/uploads\/2020\/05\/OSPEDALE-AGORDO.mp3<\/a><\/audio>\n<p>&nbsp;<\/p>\n<p><strong>IL VIDEO<\/strong><\/p>\n<div style=\"width: 1200px;\" class=\"wp-video\"><video class=\"wp-video-shortcode\" id=\"video-139795-1\" width=\"1200\" height=\"675\" preload=\"metadata\" controls=\"controls\"><source type=\"video\/mp4\" src=\"https:\/\/www.radiopiu.net\/wordpress\/wp-content\/uploads\/2020\/05\/covid-1-AGORDO-OK.mp4?_=1\" \/><a href=\"https:\/\/www.radiopiu.net\/wordpress\/wp-content\/uploads\/2020\/05\/covid-1-AGORDO-OK.mp4\">https:\/\/www.radiopiu.net\/wordpress\/wp-content\/uploads\/2020\/05\/covid-1-AGORDO-OK.mp4<\/a><\/video><\/div>\n<p>&nbsp;<\/p>\n<p>&nbsp;<\/p>\n<p>&nbsp;<\/p>\n<p>&nbsp;<\/p>\n","protected":false},"excerpt":{"rendered":"<p>&nbsp; DOPO CRISANTI E&#8217; LA DOTTORESSA RUSSO LA PROTAGONISTA DELLA GUERRA AL COVID19, LA DONNA AL COMANDO DELLA SQUADRA CHE CONTESTA I TITOLI DA &#8220;CONTAGIO ZERO&#8221; SUGGERITI DAL PROFESSOR CRISANTI E INVITA A NON\u00a0 ABBASSARE LA GUARDIA. LE LIMITAZIONI AGLI SPOSTAMENTI TRA REGIONI POTREBBERO TERMINARE IL PROSSIMO 2 GIUGNO, MA LE CONFERME ARRIVERANNO SOLO LA&hellip;<\/p>\n","protected":false},"author":1,"featured_media":139799,"comment_status":"closed","ping_status":"closed","sticky":false,"template":"","format":"standard","meta":{"_monsterinsights_skip_tracking":false,"_monsterinsights_sitenote_active":false,"_monsterinsights_sitenote_note":"","_monsterinsights_sitenote_category":0,"footnotes":""},"categories":[49],"tags":[],"class_list":["post-139795","post","type-post","status-publish","format-standard","has-post-thumbnail","hentry","category-news-18","category-49","description-off"],"img_url":"https:\/\/www.radiopiu.net\/wordpress\/wp-content\/uploads\/2020\/05\/91062536_900782933714962_6187332635396669440_o.jpg","_links":{"self":[{"href":"https:\/\/www.radiopiu.net\/wordpress\/wp-json\/wp\/v2\/posts\/139795","targetHints":{"allow":["GET"]}}],"collection":[{"href":"https:\/\/www.radiopiu.net\/wordpress\/wp-json\/wp\/v2\/posts"}],"about":[{"href":"https:\/\/www.radiopiu.net\/wordpress\/wp-json\/wp\/v2\/types\/post"}],"author":[{"embeddable":true,"href":"https:\/\/www.radiopiu.net\/wordpress\/wp-json\/wp\/v2\/users\/1"}],"replies":[{"embeddable":true,"href":"https:\/\/www.radiopiu.net\/wordpress\/wp-json\/wp\/v2\/comments?post=139795"}],"version-history":[{"count":0,"href":"https:\/\/www.radiopiu.net\/wordpress\/wp-json\/wp\/v2\/posts\/139795\/revisions"}],"wp:featuredmedia":[{"embeddable":true,"href":"https:\/\/www.radiopiu.net\/wordpress\/wp-json\/wp\/v2\/media\/139799"}],"wp:attachment":[{"href":"https:\/\/www.radiopiu.net\/wordpress\/wp-json\/wp\/v2\/media?parent=139795"}],"wp:term":[{"taxonomy":"category","embeddable":true,"href":"https:\/\/www.radiopiu.net\/wordpress\/wp-json\/wp\/v2\/categories?post=139795"},{"taxonomy":"post_tag","embeddable":true,"href":"https:\/\/www.radiopiu.net\/wordpress\/wp-json\/wp\/v2\/tags?post=139795"}],"curies":[{"name":"wp","href":"https:\/\/api.w.org\/{rel}","templated":true}]}}