{"id":139810,"date":"2020-05-23T11:25:09","date_gmt":"2020-05-23T09:25:09","guid":{"rendered":"https:\/\/www.radiopiu.net\/wordpress\/?p=139810"},"modified":"2020-05-23T11:25:09","modified_gmt":"2020-05-23T09:25:09","slug":"veneto-in-3-mesi-persi-1-000-artigiani-ma-il-peggio-deve-ancora-arrivare-senza-aiuti-entro-fine-anno-10-mila-in-meno","status":"publish","type":"post","link":"https:\/\/www.radiopiu.net\/wordpress\/veneto-in-3-mesi-persi-1-000-artigiani-ma-il-peggio-deve-ancora-arrivare-senza-aiuti-entro-fine-anno-10-mila-in-meno\/","title":{"rendered":"VENETO: IN 3 MESI PERSI 1.000 ARTIGIANI: MA IL PEGGIO DEVE ANCORA ARRIVARE. SENZA AIUTI, ENTRO FINE ANNO 10 MILA IN MENO"},"content":{"rendered":"<p>Nei primi 3 mesi di quest\u2019anno il numero complessivo delle imprese artigiane presente nel Veneto \u00e8 sceso di 1.002 unit\u00e0, un dato negativo, tuttavia in linea con quanto registrato nello stesso arco temporale dei 3 anni precedenti (vedi Tab.1). Il peggio, segnala la CGIA, dovrebbe purtroppo sopraggiungere nei prossimi mesi, quando l\u2019effetto economico negativo del Covid si far\u00e0 sentire con maggiore intensit\u00e0.<\/p>\n<p><strong>Dichiara il coordinatore dell\u2019Ufficio studi Paolo Zabeo:<\/strong><br \/>\n\u201cIn questi due mesi e mezzo di lockdown, molti artigiani senza alcun sostegno al reddito sono andati in difficolt\u00e0 e non sono stati pochi coloro che hanno ipotizzato di gettare la spugna e di chiudere definitivamente la saracinesca. Dopo una settimana dalla riapertura totale, invece, lo stato d\u2019animo di tanti piccoli imprenditori \u00e8 cambiato. C\u2019\u00e8 voglia di lottare, di resistere, di risollevare le sorti economiche della propria attivit\u00e0. Purtroppo, non tutti ce la faranno a sopravvivere e non \u00e8 da escludere che entro la fine dell\u2019anno lo stock complessivo delle imprese artigiane presente nel Veneto si riduca di quasi 10 mila unit\u00e0, con una perdita di almeno 30 mila posti di lavoro\u201d.<\/p>\n<p><strong>La crisi viene da lontano: negli ultimi 10 anni perse quasi 18 mila aziende artigiane<\/strong><br \/>\nL\u2019entit\u00e0 della contrazione dipender\u00e0 dalle misure di sostegno che verranno introdotte dal Governo nei prossimi 2-3 mesi. Tenendo conto che negli ultimi 10 anni lo stock delle imprese artigiane del Veneto \u00e8 crollato di 17.755 unit\u00e0, al 31 marzo 2020 le aziende artigiane attive nel nostro territorio ammontavano a poco pi\u00f9 di 124.500 (vedi Tab. 2). Per evitare che entro la fine del 2020 si registri una ulteriore moria di tantissime botteghe artigiane, la CGIA torna a ribadire la necessit\u00e0 di erogare a queste attivit\u00e0 importanti contributi a fondo perduto e di azzerare per l\u2019anno in corso le imposte erariali: come l\u2019Irpef, l\u2019Ires e l\u2019Imu sui capannoni.<\/p>\n<p><strong>Afferma il segretario della CGIA Renato Mason:<\/strong><br \/>\n\u201cL\u2019artigianato ha bisogno di sostegno perch\u00e9 \u00e8 l\u2019 elemento di coesione sociale del nostro sistema produttivo. Se spariscono le micro imprese, rischiamo di abbassare notevolmente la qualit\u00e0 del nostro made in Italy. E\u2019 vero che con il decreto Rilancio sono state introdotte diverse misure tra cui l\u2019azzeramento del saldo e dell\u2019acconto Irap in scadenza a giugno, la riproposizione dei 600 euro per il mese di aprile e la detrazione del 60 per cento degli affitti, ma tutto questo \u00e8 ancora insufficiente a colmare la rovinosa caduta del fatturato registrata in questi ultimi mesi\u00a0 da tantissime piccole realt\u00e0. Troppi provvedimenti che rischiano di disperdere in tanti rivoli le risorse messe a disposizione che, invece, dovrebbero essere convogliate solo su tre voci: famiglie, indennizzi diretti alle imprese e taglio delle tasse\u201d.<\/p>\n<p><strong>Dl Rilancio: i contributi a fondo perduto sono poca cosa<\/strong><br \/>\nAnche i tanto attesi contributi a fondo perduto introdotti con il Dl Rilancio a favore delle piccole attivit\u00e0, rischiano di non sortire gli effetti sperati; la dimensione economica del ristoro, infatti, risulta molto contenuta. Le attivit\u00e0 che hanno subito il lockdown, nella migliore delle ipotesi coprono solo 1\/6 delle perdite sostenute nello scorso mese di aprile.<\/p>\n<p>Le 4 simulazioni sono state realizzate su micro e piccole attivit\u00e0 artigiane che nel mese di aprile 2020 sono state obbligate a chiudere l\u2019attivit\u00e0 per decreto:<\/p>\n<ul>\n<li>un parrucchiere con un fatturato medio annuo registrato nel 2019 di 70 mila euro e una perdita, aprile 2020 su aprile 2019,\u00a0 di oltre 5.833 euro, ricever\u00e0, stando alle disposizioni del \u201cdecreto Rilancio\u201d, il 20 per cento di questo disavanzo. In pratica solo 1.167 euro;<\/li>\n<li>un falegname produttore di mobili con un fatturato annuo di 180 mila euro e una perdita ad aprile 2020 sullo stesso mese dell\u2019anno scorso\u00a0 di 15 mila euro, ricever\u00e0, con questo passivo, 3.000 euro, cio\u00e8 il 20 per cento dei mancati ricavi;<\/li>\n<li>una impresa edile con 450 mila euro di fatturato presenta una caduta del fatturato di 37.500 euro. Dalle disposizioni del \u201cdecreto Rilancio\u201d ricever\u00e0 5.625 euro. Importo ottenuto applicando il 15 per cento sulla perdita;<\/li>\n<li>un\u2019azienda metalmeccanica con ricavi annui di 500 mila euro e un disavanzo di 41.667 euro, incasser\u00e0 dallo Stato 6.250 euro, pari al 15 per cento del disavanzo (vedi Tab. 3)<\/li>\n<\/ul>\n<p><strong>I consumi delle famiglie in calo di 7 miliardi<\/strong><br \/>\nA preoccupare la CGIA, tuttavia, non c\u2019\u00e8 solo la mancanza di credito che attanaglia gli artigiani e in generale tutte le Pmi, ma anche le previsioni dei consumi delle famiglie venete per l\u2019anno in corso.\u00a0 Secondo le previsioni la caduta sar\u00e0 pari al 5\/6 per cento; in termini assoluti il crollo degli acquisti rispetto al 2019 sar\u00e0 di\u00a0 circa 7 miliardi di euro e a farne le spese saranno soprattutto gli artigiani, i piccoli commercianti e i lavoratori autonomi che vivono quasi esclusivamente dei consumi delle famiglie. Insomma, i fatturati di queste piccole attivit\u00e0 sono destinati a cadere rovinosamente, trascinando verso la chiusura definitiva tantissimi negozi di vicinato. Tutto questo comporter\u00e0 un problema occupazionale non di poco conto, ma anche un forte abbassamento della qualit\u00e0 della vita. Quando chiudono le botteghe e i piccoli negozi, le aree urbane si impoveriscono e diventano terreno fertile per la diffusione del degrado, dell\u2019abbandono e della microcriminalit\u00e0.<\/p>\n<p><strong>In Veneto tutte le province presentano un numero di iscrizioni all\u2019Albo artigiani inferiore alle cessazioni<\/strong><br \/>\nCome dicevamo pi\u00f9 sopra, la crisi dell\u2019artigianato parte da lontano. Tra il 2009 e il 2019, infatti, abbiamo perso il 12,4 per cento delle imprese venete di questo comparto (soprattutto edili, autotrasportatori e aziende meccaniche) e le regioni maggiormente colpite sono state quelle del Sud: Sardegna -19 per cento, Abruzzo \u2013 18,8 per cento, Umbria \u2013 16,2 per cento, Molise -16,1 e Sicilia \u2013 15,9 per cento. Il Veneto ha registrato una contrazione del 12,4 per cento. (vedi Tab. 4).<\/p>\n<p>Se, invece, analizziamo la nati-mortalit\u00e0 riferita al primo trimestre del 2020, Lombardia (-1.814 imprese), Emilia Romagna (-1.215), Piemonte (-1.068) e Veneto (-1.002) sono i territori che in termini assoluti hanno registrato il saldo pi\u00f9 negativo.<\/p>\n<p>A livello provinciale veneto, infine, sempre nel primo trimestre di quest\u2019anno le situazioni pi\u00f9 \u201cpesanti\u201d di contrazione dello stock si sono verificate a Vicenza (saldo pari a -274 aziende), Verona (-184) e Treviso (-166) (vedi Tab. 5).<\/p>\n\n\t\t\t<style type='text\/css'>\n\t\t\t\t#gallery-1 {\n\t\t\t\t\tmargin: auto;\n\t\t\t\t}\n\t\t\t\t#gallery-1 .gallery-item {\n\t\t\t\t\tfloat: left;\n\t\t\t\t\tmargin-top: 10px;\n\t\t\t\t\ttext-align: center;\n\t\t\t\t\twidth: 20%;\n\t\t\t\t}\n\t\t\t\t#gallery-1 img {\n\t\t\t\t\tborder: 2px solid #cfcfcf;\n\t\t\t\t}\n\t\t\t\t#gallery-1 .gallery-caption {\n\t\t\t\t\tmargin-left: 0;\n\t\t\t\t}\n\t\t\t\t\/* see gallery_shortcode() in wp-includes\/media.php *\/\n\t\t\t<\/style>\n\t\t<div id='gallery-1' class='dt-gallery-container gallery galleryid-139810 gallery-columns-5 gallery-size-medium'><dl class='gallery-item'>\n\t\t\t\t<dt class='gallery-icon portrait'>\n\t\t\t\t\t<a class=\"rollover\" href='https:\/\/www.radiopiu.net\/wordpress\/veneto-in-3-mesi-persi-1-000-artigiani-ma-il-peggio-deve-ancora-arrivare-senza-aiuti-entro-fine-anno-10-mila-in-meno\/schermata-2020-05-23-alle-11-16-36\/'><img loading=\"lazy\" decoding=\"async\" width=\"290\" height=\"300\" src=\"https:\/\/www.radiopiu.net\/wordpress\/wp-content\/uploads\/2020\/05\/Schermata-2020-05-23-alle-11.16.36-290x300.png\" class=\"attachment-medium size-medium\" alt=\"\" srcset=\"https:\/\/www.radiopiu.net\/wordpress\/wp-content\/uploads\/2020\/05\/Schermata-2020-05-23-alle-11.16.36-290x300.png 290w, https:\/\/www.radiopiu.net\/wordpress\/wp-content\/uploads\/2020\/05\/Schermata-2020-05-23-alle-11.16.36-991x1024.png 991w, https:\/\/www.radiopiu.net\/wordpress\/wp-content\/uploads\/2020\/05\/Schermata-2020-05-23-alle-11.16.36-768x794.png 768w, https:\/\/www.radiopiu.net\/wordpress\/wp-content\/uploads\/2020\/05\/Schermata-2020-05-23-alle-11.16.36.png 1134w\" sizes=\"auto, (max-width: 290px) 100vw, 290px\" \/><\/a>\n\t\t\t\t<\/dt><\/dl><dl class='gallery-item'>\n\t\t\t\t<dt class='gallery-icon portrait'>\n\t\t\t\t\t<a class=\"rollover\" href='https:\/\/www.radiopiu.net\/wordpress\/veneto-in-3-mesi-persi-1-000-artigiani-ma-il-peggio-deve-ancora-arrivare-senza-aiuti-entro-fine-anno-10-mila-in-meno\/schermata-2020-05-23-alle-11-16-55\/'><img loading=\"lazy\" decoding=\"async\" width=\"282\" height=\"300\" src=\"https:\/\/www.radiopiu.net\/wordpress\/wp-content\/uploads\/2020\/05\/Schermata-2020-05-23-alle-11.16.55-282x300.png\" class=\"attachment-medium size-medium\" alt=\"\" srcset=\"https:\/\/www.radiopiu.net\/wordpress\/wp-content\/uploads\/2020\/05\/Schermata-2020-05-23-alle-11.16.55-282x300.png 282w, https:\/\/www.radiopiu.net\/wordpress\/wp-content\/uploads\/2020\/05\/Schermata-2020-05-23-alle-11.16.55-963x1024.png 963w, https:\/\/www.radiopiu.net\/wordpress\/wp-content\/uploads\/2020\/05\/Schermata-2020-05-23-alle-11.16.55-768x817.png 768w, https:\/\/www.radiopiu.net\/wordpress\/wp-content\/uploads\/2020\/05\/Schermata-2020-05-23-alle-11.16.55.png 1134w\" sizes=\"auto, (max-width: 282px) 100vw, 282px\" \/><\/a>\n\t\t\t\t<\/dt><\/dl><dl class='gallery-item'>\n\t\t\t\t<dt class='gallery-icon landscape'>\n\t\t\t\t\t<a class=\"rollover\" href='https:\/\/www.radiopiu.net\/wordpress\/veneto-in-3-mesi-persi-1-000-artigiani-ma-il-peggio-deve-ancora-arrivare-senza-aiuti-entro-fine-anno-10-mila-in-meno\/schermata-2020-05-23-alle-11-17-09\/'><img loading=\"lazy\" decoding=\"async\" width=\"300\" height=\"206\" src=\"https:\/\/www.radiopiu.net\/wordpress\/wp-content\/uploads\/2020\/05\/Schermata-2020-05-23-alle-11.17.09-300x206.png\" class=\"attachment-medium size-medium\" alt=\"\" srcset=\"https:\/\/www.radiopiu.net\/wordpress\/wp-content\/uploads\/2020\/05\/Schermata-2020-05-23-alle-11.17.09-300x206.png 300w, https:\/\/www.radiopiu.net\/wordpress\/wp-content\/uploads\/2020\/05\/Schermata-2020-05-23-alle-11.17.09-1024x704.png 1024w, https:\/\/www.radiopiu.net\/wordpress\/wp-content\/uploads\/2020\/05\/Schermata-2020-05-23-alle-11.17.09-768x528.png 768w, https:\/\/www.radiopiu.net\/wordpress\/wp-content\/uploads\/2020\/05\/Schermata-2020-05-23-alle-11.17.09.png 1288w\" sizes=\"auto, (max-width: 300px) 100vw, 300px\" \/><\/a>\n\t\t\t\t<\/dt><\/dl><dl class='gallery-item'>\n\t\t\t\t<dt class='gallery-icon portrait'>\n\t\t\t\t\t<a class=\"rollover\" href='https:\/\/www.radiopiu.net\/wordpress\/veneto-in-3-mesi-persi-1-000-artigiani-ma-il-peggio-deve-ancora-arrivare-senza-aiuti-entro-fine-anno-10-mila-in-meno\/schermata-2020-05-23-alle-11-17-31\/'><img loading=\"lazy\" decoding=\"async\" width=\"266\" height=\"300\" src=\"https:\/\/www.radiopiu.net\/wordpress\/wp-content\/uploads\/2020\/05\/Schermata-2020-05-23-alle-11.17.31-266x300.png\" class=\"attachment-medium size-medium\" alt=\"\" srcset=\"https:\/\/www.radiopiu.net\/wordpress\/wp-content\/uploads\/2020\/05\/Schermata-2020-05-23-alle-11.17.31-266x300.png 266w, https:\/\/www.radiopiu.net\/wordpress\/wp-content\/uploads\/2020\/05\/Schermata-2020-05-23-alle-11.17.31-908x1024.png 908w, https:\/\/www.radiopiu.net\/wordpress\/wp-content\/uploads\/2020\/05\/Schermata-2020-05-23-alle-11.17.31-768x866.png 768w, https:\/\/www.radiopiu.net\/wordpress\/wp-content\/uploads\/2020\/05\/Schermata-2020-05-23-alle-11.17.31.png 1114w\" sizes=\"auto, (max-width: 266px) 100vw, 266px\" \/><\/a>\n\t\t\t\t<\/dt><\/dl><dl class='gallery-item'>\n\t\t\t\t<dt class='gallery-icon landscape'>\n\t\t\t\t\t<a class=\"rollover\" href='https:\/\/www.radiopiu.net\/wordpress\/veneto-in-3-mesi-persi-1-000-artigiani-ma-il-peggio-deve-ancora-arrivare-senza-aiuti-entro-fine-anno-10-mila-in-meno\/schermata-2020-05-23-alle-11-17-43\/'><img loading=\"lazy\" decoding=\"async\" width=\"300\" height=\"187\" src=\"https:\/\/www.radiopiu.net\/wordpress\/wp-content\/uploads\/2020\/05\/Schermata-2020-05-23-alle-11.17.43-300x187.png\" class=\"attachment-medium size-medium\" alt=\"\" srcset=\"https:\/\/www.radiopiu.net\/wordpress\/wp-content\/uploads\/2020\/05\/Schermata-2020-05-23-alle-11.17.43-300x187.png 300w, https:\/\/www.radiopiu.net\/wordpress\/wp-content\/uploads\/2020\/05\/Schermata-2020-05-23-alle-11.17.43-1024x638.png 1024w, https:\/\/www.radiopiu.net\/wordpress\/wp-content\/uploads\/2020\/05\/Schermata-2020-05-23-alle-11.17.43-768x478.png 768w, https:\/\/www.radiopiu.net\/wordpress\/wp-content\/uploads\/2020\/05\/Schermata-2020-05-23-alle-11.17.43.png 1114w\" sizes=\"auto, (max-width: 300px) 100vw, 300px\" \/><\/a>\n\t\t\t\t<\/dt><\/dl><br style=\"clear: both\" \/>\n\t\t\t<\/div>\n\n","protected":false},"excerpt":{"rendered":"<p>Nei primi 3 mesi di quest\u2019anno il numero complessivo delle imprese artigiane presente nel Veneto \u00e8 sceso di 1.002 unit\u00e0, un dato negativo, tuttavia in linea con quanto registrato nello stesso arco temporale dei 3 anni precedenti (vedi Tab.1). Il peggio, segnala la CGIA, dovrebbe purtroppo sopraggiungere nei prossimi mesi, quando l\u2019effetto economico negativo del&hellip;<\/p>\n","protected":false},"author":1,"featured_media":139816,"comment_status":"closed","ping_status":"closed","sticky":false,"template":"","format":"standard","meta":{"_monsterinsights_skip_tracking":false,"_monsterinsights_sitenote_active":false,"_monsterinsights_sitenote_note":"","_monsterinsights_sitenote_category":0,"footnotes":""},"categories":[49],"tags":[],"class_list":["post-139810","post","type-post","status-publish","format-standard","has-post-thumbnail","hentry","category-news-18","category-49","description-off"],"img_url":"https:\/\/www.radiopiu.net\/wordpress\/wp-content\/uploads\/2020\/05\/individui-in-crisi-finanziaria_23-2148515325.jpg","_links":{"self":[{"href":"https:\/\/www.radiopiu.net\/wordpress\/wp-json\/wp\/v2\/posts\/139810","targetHints":{"allow":["GET"]}}],"collection":[{"href":"https:\/\/www.radiopiu.net\/wordpress\/wp-json\/wp\/v2\/posts"}],"about":[{"href":"https:\/\/www.radiopiu.net\/wordpress\/wp-json\/wp\/v2\/types\/post"}],"author":[{"embeddable":true,"href":"https:\/\/www.radiopiu.net\/wordpress\/wp-json\/wp\/v2\/users\/1"}],"replies":[{"embeddable":true,"href":"https:\/\/www.radiopiu.net\/wordpress\/wp-json\/wp\/v2\/comments?post=139810"}],"version-history":[{"count":0,"href":"https:\/\/www.radiopiu.net\/wordpress\/wp-json\/wp\/v2\/posts\/139810\/revisions"}],"wp:featuredmedia":[{"embeddable":true,"href":"https:\/\/www.radiopiu.net\/wordpress\/wp-json\/wp\/v2\/media\/139816"}],"wp:attachment":[{"href":"https:\/\/www.radiopiu.net\/wordpress\/wp-json\/wp\/v2\/media?parent=139810"}],"wp:term":[{"taxonomy":"category","embeddable":true,"href":"https:\/\/www.radiopiu.net\/wordpress\/wp-json\/wp\/v2\/categories?post=139810"},{"taxonomy":"post_tag","embeddable":true,"href":"https:\/\/www.radiopiu.net\/wordpress\/wp-json\/wp\/v2\/tags?post=139810"}],"curies":[{"name":"wp","href":"https:\/\/api.w.org\/{rel}","templated":true}]}}