{"id":139832,"date":"2020-05-23T12:32:06","date_gmt":"2020-05-23T10:32:06","guid":{"rendered":"https:\/\/www.radiopiu.net\/wordpress\/?p=139832"},"modified":"2020-05-24T08:34:01","modified_gmt":"2020-05-24T06:34:01","slug":"conferenza-stampa-del-presidente-del-veneto-luca-zaia-23-maggio-2020","status":"publish","type":"post","link":"https:\/\/www.radiopiu.net\/wordpress\/conferenza-stampa-del-presidente-del-veneto-luca-zaia-23-maggio-2020\/","title":{"rendered":"&#8220;ECCO LA NUOVA ORDINANZA REGIONALE CHE DA DOMANI APRE QUASI TUTTO, DAL PRIMO GIUGNO ANCHE I CENTRI ESTIVI&#8221; CONFERENZA STAMPA DEL PRESIDENTE DEL VENETO LUCA ZAIA 23 MAGGIO 2020"},"content":{"rendered":"<p><strong>VENEZIA<\/strong>\u00a0Da Marghera il Presidente Luca Zaia fa il punto sull\u2019emergenza Covid-19<\/p>\n<p><strong>NELLE ULTIME 24 ORE: Tamponi 571.475 (+10.607), ISOLAMENTO 2852 (-280), POSITIVI 19.069 (+10) RICOVERATI 534 (-7, 105 POSITIVI NEGATIVI 289) TERAPIA INTENSIVA 40 (di cui 14 POSITIVI E 26 NEGATIVI)\u00a0 DIMESSI 3258 (+4), MORTI IN OSPEDALE 1238 (+6) MORTI IN OSPEDALE 1238 (+6), IN TOTALE 1865.\u00a0<\/strong><\/p>\n<p>&nbsp;<\/p>\n<blockquote>\n<h2>LEGGI LA CONFERENZA STAMPA DI LUCA ZAIA<\/h2>\n<p><em>&#8220;Attrezziamo la culla del neonato e diamo il via a tutto per poter aprire in sicurezza. La nuova ordinanza com il DPCM scade il 13 giugno, ho l&#8217;impressione che dal 15 si torner\u00e0 nella normalit\u00e0 con il libera tutti definitivo&#8221;<\/em><\/p><\/blockquote>\n<p>Ecco la nuova ordinanza in linea con il DPCM che apre le attivit\u00e0 che ancora non hanno potuto riprendere. Ieri sera la conferenza delle regioni si \u00e8 riunita ed ha approvato tutte le linee guida. Migliorato l&#8217;allegato iniziale, ora \u00e8 definitivo. APERTURE Attivit\u00e0 economico sociali da lunedi: <strong>noleggio pubblico<\/strong> privato auto e altre attrezzature, <strong>informatori scientifici<\/strong> del farmaco, <strong>aree giochi per bambini<\/strong> in spazi aperti al pubblico anche nei centri commerciali e strutture ricettive, negli spazi propriet\u00e0 pubblica decidono i sindaci dopo la giornata di lunedi dopo eventuali operazioni di manutenzione o sfalcio erba, <strong>circoli culturali<\/strong>, ricreativi e centri sociali, circoli per anziani, <strong>formazione professionale<\/strong> riparte da lunedi con laboratori, strumenti ed esami finali quindi area sbloccata autoscuole comprese, <strong>parchi tematici e di divertimento,<\/strong> giostre, parchi acquatici, parchi zoologici compresi Caneva World, Gardaland, Luna Park, <strong>guide turistiche e professioni della montagna\u00a0<\/strong>stiamo dunque preparando la &#8220;culla per il neonato&#8221; non abdichiamo al ruolo turistico del Veneto e i servizi sono fondamentali mettiamo in moto i motori al minimo per poi in una settimana andare a regime per gli albergatori la nuova ordinanza prevede la possibilit\u00e0 di preparare i buffet secondo le linee guida, <strong><span style=\"color: #ff0000;\">DAL PRIMO GIUGNO<\/span> apertura dei centri estivi\u00a0<\/strong>servizi per l&#8217;infanzia 0-17 le linee 0-3 avranno anche una validazione nazionale nel corso della prossima settimana. <strong><span style=\"color: #ff0000;\">DOPO IL PRIMO GIUGNO<\/span> <span style=\"color: #ff0000;\">FORSE ENTRO META&#8217; MESE<\/span> <\/strong>Con successiva ordinanza saranno presentate le linee guida per i cinema, spettacoli dal vivo, attivit\u00e0 centri termali, centri benessere e discoteche, sagre e fiere,\u00a0 l&#8217;ordinanza verr\u00e0 preparata in settimana per chiudere tutta la partita.<\/p>\n<h2><\/h2>\n<h2>DOMANDE<\/h2>\n<blockquote><p><strong>Nessuna polemica tra i ruoli del prof. Crisanti e la dottoressa Russo. In quanto ai tamponi il businnes \u00e8 cos\u00ec grande che presto verr\u00e0 soppiantato da altro ha detto Luca Zaia.<\/strong><\/p>\n<p><em>\u00abSe la dottoressa Russo aveva un piano sui tamponi,deve spiegare perch\u00e9 l&#8217;8 febbraio il suo ufficio mi ha intimato di non fare pi\u00f9 i tamponi a chi tornava dalla Cina&#8221;<\/em> dichiarazione del prof. Andrea Crisanti.<\/p><\/blockquote>\n<p><strong><span style=\"color: #0000ff;\">DOTTORESSA FRANCESCA RUSSO<\/span><\/strong> Non trovo corretto l&#8217;attacco, ognuno ha il suo ruolo per quello che ha studiato. Io ho l&#8217;onore della direzione in Regione e nel tempo la sanit\u00e0 deve pensare a chi fa che cosa e come lo fa \u00e8 il nostro modo di lavorare. mettiamo insieme le competenze dei vari operatori nel proprio ruolo. Ho redatto diverse procedure operative. Crisanti dice che le sue dichiarazioni sono state travisate dalla stampa, era in linea con le direttive nazionali che non prevedevano tamponi per chi rientrava dalla Cina e che si sarebbe tenuto alle indicazioni nazionali. Nessuna interferenza tra le mie competenze, quelle di Crisanti o altri colleghi. Quindi ogni polemica \u00e8 gratuita e non sono in competizione con nessuno e faccio solo il mio lavoro. <strong>CRISANTI DICE DI ESSERE STATO OSTACOLATO DALLA BUROCRAZIA<\/strong> Non dipende da me e non conosco eventuali problemi burocratici, \u00e8 un argomento che non compete alla mia direzione. <strong>COLLABORAZIONE TRA REGIONE E CRISANTI QUALI SONO LE DATE<\/strong> Questo \u00e8 un interrogatorio, Crisanti voleva fare i tamponi ai cinesi attraverso la stampa,\u00a0 non e&#8217; arrivata nessuna richiesta ufficiale,\u00a0 poi c&#8217;\u00e8 stato lo scambio di lettere dell&#8217;11 maggio. <strong>A FEBBRAIO AVVIATE LO SCREENING DI MASSA A VO&#8217; QUANDO SI INSERISCE CRISANTI<\/strong> Il 21 febbraio \u00e8 stata presa la decisione poi i tamponi\u00a0 e il 3 marzo incontro con il professor Crisanti. Qui ci \u00e8 stato presentato il progetto dal professor Crisanti con i confini di Vo&#8217; chiusi, operazione da 150 mila euro della Regione Veneto<\/p>\n<p><strong>RT IERI SI DICEVA 0,41 COME MAI OGGI 0,53?<\/strong> Arrivato ieri sera in forma riservata, non cambia nulla \u00e8 un indice molto instabile calcolato in base alle notifiche legate ai dati sui sintomi. L&#8217;importante \u00e8 che si mantenga sotto 1. In via confidenziale dall&#8217;11 al 17 maggio ci danno una stima di RT pari a 0,56 l&#8217;indice di rischio \u00e8 basso e non c&#8217;\u00e8 nessun allerta.<\/p>\n<p>&nbsp;<\/p>\n<p>https:\/\/www.facebook.com\/zaiaufficiale\/videos\/974937416256003<\/p>\n","protected":false},"excerpt":{"rendered":"<p>VENEZIA\u00a0Da Marghera il Presidente Luca Zaia fa il punto sull\u2019emergenza Covid-19 NELLE ULTIME 24 ORE: Tamponi 571.475 (+10.607), ISOLAMENTO 2852 (-280), POSITIVI 19.069 (+10) RICOVERATI 534 (-7, 105 POSITIVI NEGATIVI 289) TERAPIA INTENSIVA 40 (di cui 14 POSITIVI E 26 NEGATIVI)\u00a0 DIMESSI 3258 (+4), MORTI IN OSPEDALE 1238 (+6) MORTI IN OSPEDALE 1238 (+6), IN&hellip;<\/p>\n","protected":false},"author":4,"featured_media":121391,"comment_status":"closed","ping_status":"closed","sticky":false,"template":"","format":"standard","meta":{"_monsterinsights_skip_tracking":false,"_monsterinsights_sitenote_active":false,"_monsterinsights_sitenote_note":"","_monsterinsights_sitenote_category":0,"footnotes":""},"categories":[49],"tags":[],"class_list":["post-139832","post","type-post","status-publish","format-standard","has-post-thumbnail","hentry","category-news-18","category-49","description-off"],"img_url":"https:\/\/www.radiopiu.net\/wordpress\/wp-content\/uploads\/2020\/03\/covid-zaia.jpg","_links":{"self":[{"href":"https:\/\/www.radiopiu.net\/wordpress\/wp-json\/wp\/v2\/posts\/139832","targetHints":{"allow":["GET"]}}],"collection":[{"href":"https:\/\/www.radiopiu.net\/wordpress\/wp-json\/wp\/v2\/posts"}],"about":[{"href":"https:\/\/www.radiopiu.net\/wordpress\/wp-json\/wp\/v2\/types\/post"}],"author":[{"embeddable":true,"href":"https:\/\/www.radiopiu.net\/wordpress\/wp-json\/wp\/v2\/users\/4"}],"replies":[{"embeddable":true,"href":"https:\/\/www.radiopiu.net\/wordpress\/wp-json\/wp\/v2\/comments?post=139832"}],"version-history":[{"count":0,"href":"https:\/\/www.radiopiu.net\/wordpress\/wp-json\/wp\/v2\/posts\/139832\/revisions"}],"wp:featuredmedia":[{"embeddable":true,"href":"https:\/\/www.radiopiu.net\/wordpress\/wp-json\/wp\/v2\/media\/121391"}],"wp:attachment":[{"href":"https:\/\/www.radiopiu.net\/wordpress\/wp-json\/wp\/v2\/media?parent=139832"}],"wp:term":[{"taxonomy":"category","embeddable":true,"href":"https:\/\/www.radiopiu.net\/wordpress\/wp-json\/wp\/v2\/categories?post=139832"},{"taxonomy":"post_tag","embeddable":true,"href":"https:\/\/www.radiopiu.net\/wordpress\/wp-json\/wp\/v2\/tags?post=139832"}],"curies":[{"name":"wp","href":"https:\/\/api.w.org\/{rel}","templated":true}]}}