{"id":139893,"date":"2020-05-24T08:06:16","date_gmt":"2020-05-24T06:06:16","guid":{"rendered":"https:\/\/www.radiopiu.net\/wordpress\/?p=139893"},"modified":"2020-05-24T08:14:07","modified_gmt":"2020-05-24T06:14:07","slug":"ripresa-dellattivita-allaperto-ancora-piu-attenzione-in-montagna","status":"publish","type":"post","link":"https:\/\/www.radiopiu.net\/wordpress\/ripresa-dellattivita-allaperto-ancora-piu-attenzione-in-montagna\/","title":{"rendered":"RIPRESA DELL&#8217;ATTIVIT\u00c0 ALL&#8217;APERTO: ANCORA PI\u00d9 ATTENZIONE IN MONTAGNA"},"content":{"rendered":"<p><a class=\"dt-pswp-item\" href=\"https:\/\/www.radiopiu.net\/wordpress\/wp-content\/uploads\/2019\/08\/SOCCORSO-ALPINO-2019.jpg\" data-dt-img-description=\"\" data-large_image_width=\"1600\" data-large_image_height=\"1200\"><img loading=\"lazy\" decoding=\"async\" class=\"size-medium wp-image-96479 alignleft\" src=\"https:\/\/www.radiopiu.net\/wordpress\/wp-content\/uploads\/2019\/08\/SOCCORSO-ALPINO-2019-300x225.jpg\" alt=\"\" width=\"300\" height=\"225\" srcset=\"https:\/\/www.radiopiu.net\/wordpress\/wp-content\/uploads\/2019\/08\/SOCCORSO-ALPINO-2019-300x225.jpg 300w, https:\/\/www.radiopiu.net\/wordpress\/wp-content\/uploads\/2019\/08\/SOCCORSO-ALPINO-2019-768x576.jpg 768w, https:\/\/www.radiopiu.net\/wordpress\/wp-content\/uploads\/2019\/08\/SOCCORSO-ALPINO-2019-1024x768.jpg 1024w, https:\/\/www.radiopiu.net\/wordpress\/wp-content\/uploads\/2019\/08\/SOCCORSO-ALPINO-2019.jpg 1600w\" sizes=\"auto, (max-width: 300px) 100vw, 300px\" \/><\/a>A seguito della ripresa dell&#8217;attivita all&#8217;aria aperta e visti i recenti interventi sulle montagne venete, invitiamo tutti i frequentatori a mantenere alta l&#8217;attenzione. Poich\u00e9 a causa dell&#8217;emergenza Covid &#8211; 19 durante i mesi passati non si \u00e8 potuto provvedere alla normale manutenzione della rete sentieristica, molti itinerari risultano compromessi dalla caduta di piante o franamenti. \u00c8 quindi possibile perdere l&#8217;orientamento o mettersi in difficolt\u00e0 qualora si cerchino percorsi alternativi. Meglio tornare sui propri passi. Sopra i 2.300 metri di quota nei versanti a nord c&#8217;\u00e8 ancora molta neve, \u00e8 quindi indispensabile portare con s\u00e9 l&#8217;opportuna attrezzatura. Non vanno sottovalutati nemmeno i brevi colatoi nevosi che si possono incontrare sui sentieri pi\u00f9 facili. Seguite sempre la segnaletica convenzionale ed evitate varianti e scorciatoie. Qualora vi doveste accorgere di non vedere pi\u00f9 i segnali, non cercate di procedere oltre, ma riprendete a ritroso il percorso. Informatevi sempre sulla toponomastica dei luoghi dove intendete andare, dal nome della localit\u00e0 di partenza a quella di arrivo, e condivideteli con i vostri compagni di viaggio, familiari e anche con i bambini. \u00c8 sempre utile, soprattutto in caso di bisogno, che ognuno sappia dove si trova. I cellulari possono aiutare, ma non sempre c&#8217;\u00e8 copertura ed \u00e8 meglio risparmiare la batteria. I rifugi continuano ad essere chiusi, restano aperti solo i bivacchi come strutture di emergenza. Consigliamo di portare nel proprio zaino, assieme al kit di pronto soccorso, una mascherina in pi\u00f9 e dei guanti, anche nel caso vi doveste trovare ad aiutare altre persone. Avvicinatevi con gradualit\u00e0 alla montagna e riabituate il vostro fisico a muoversi in ambiente. Informate di dove andate e dell&#8217;orario a cui dovreste rientrare, provvedendo ad avvisare in caso di cambiamenti sui programmi. Consultate il bollettino meteo prima di ogni escursione. Rispettate \u00a0le direttive in materia di Covid &#8211; 19 previste a livello statale e regionale, in particolare riguardo alle distanze e ai dispositivi di protezione individuale.<\/p>\n","protected":false},"excerpt":{"rendered":"<p>A seguito della ripresa dell&#8217;attivita all&#8217;aria aperta e visti i recenti interventi sulle montagne venete, invitiamo tutti i frequentatori a mantenere alta l&#8217;attenzione. Poich\u00e9 a causa dell&#8217;emergenza Covid &#8211; 19 durante i mesi passati non si \u00e8 potuto provvedere alla normale manutenzione della rete sentieristica, molti itinerari risultano compromessi dalla caduta di piante o franamenti.&hellip;<\/p>\n","protected":false},"author":4,"featured_media":96479,"comment_status":"closed","ping_status":"closed","sticky":false,"template":"","format":"standard","meta":{"_monsterinsights_skip_tracking":false,"_monsterinsights_sitenote_active":false,"_monsterinsights_sitenote_note":"","_monsterinsights_sitenote_category":0,"footnotes":""},"categories":[51,49],"tags":[],"class_list":["post-139893","post","type-post","status-publish","format-standard","has-post-thumbnail","hentry","category-evidenza-top","category-news-18","category-51","category-49","description-off"],"img_url":"https:\/\/www.radiopiu.net\/wordpress\/wp-content\/uploads\/2019\/08\/SOCCORSO-ALPINO-2019.jpg","_links":{"self":[{"href":"https:\/\/www.radiopiu.net\/wordpress\/wp-json\/wp\/v2\/posts\/139893","targetHints":{"allow":["GET"]}}],"collection":[{"href":"https:\/\/www.radiopiu.net\/wordpress\/wp-json\/wp\/v2\/posts"}],"about":[{"href":"https:\/\/www.radiopiu.net\/wordpress\/wp-json\/wp\/v2\/types\/post"}],"author":[{"embeddable":true,"href":"https:\/\/www.radiopiu.net\/wordpress\/wp-json\/wp\/v2\/users\/4"}],"replies":[{"embeddable":true,"href":"https:\/\/www.radiopiu.net\/wordpress\/wp-json\/wp\/v2\/comments?post=139893"}],"version-history":[{"count":0,"href":"https:\/\/www.radiopiu.net\/wordpress\/wp-json\/wp\/v2\/posts\/139893\/revisions"}],"wp:featuredmedia":[{"embeddable":true,"href":"https:\/\/www.radiopiu.net\/wordpress\/wp-json\/wp\/v2\/media\/96479"}],"wp:attachment":[{"href":"https:\/\/www.radiopiu.net\/wordpress\/wp-json\/wp\/v2\/media?parent=139893"}],"wp:term":[{"taxonomy":"category","embeddable":true,"href":"https:\/\/www.radiopiu.net\/wordpress\/wp-json\/wp\/v2\/categories?post=139893"},{"taxonomy":"post_tag","embeddable":true,"href":"https:\/\/www.radiopiu.net\/wordpress\/wp-json\/wp\/v2\/tags?post=139893"}],"curies":[{"name":"wp","href":"https:\/\/api.w.org\/{rel}","templated":true}]}}