{"id":140047,"date":"2020-05-24T17:11:41","date_gmt":"2020-05-24T15:11:41","guid":{"rendered":"https:\/\/www.radiopiu.net\/wordpress\/?p=140047"},"modified":"2020-05-25T17:44:47","modified_gmt":"2020-05-25T15:44:47","slug":"le-problematiche-delle-ditte-di-trasporto-in-seguito-allemergenza-sanitaria","status":"publish","type":"post","link":"https:\/\/www.radiopiu.net\/wordpress\/le-problematiche-delle-ditte-di-trasporto-in-seguito-allemergenza-sanitaria\/","title":{"rendered":"LE PROBLEMATICHE DELLE DITTE DI TRASPORTO IN SEGUITO ALL&#8217;EMERGENZA SANITARIA"},"content":{"rendered":"<p><strong><a class=\"dt-pswp-item\" href=\"https:\/\/www.radiopiu.net\/wordpress\/wp-content\/uploads\/2020\/05\/Agostino-Genuin-responsabile-di-Dolomiti-Viaggi-sas-2.jpg\" data-dt-img-description=\"\" data-large_image_width=\"750\" data-large_image_height=\"855\"><img loading=\"lazy\" decoding=\"async\" class=\"size-medium wp-image-140048 alignleft\" src=\"https:\/\/www.radiopiu.net\/wordpress\/wp-content\/uploads\/2020\/05\/Agostino-Genuin-responsabile-di-Dolomiti-Viaggi-sas-2-263x300.jpg\" alt=\"\" width=\"263\" height=\"300\" srcset=\"https:\/\/www.radiopiu.net\/wordpress\/wp-content\/uploads\/2020\/05\/Agostino-Genuin-responsabile-di-Dolomiti-Viaggi-sas-2-263x300.jpg 263w, https:\/\/www.radiopiu.net\/wordpress\/wp-content\/uploads\/2020\/05\/Agostino-Genuin-responsabile-di-Dolomiti-Viaggi-sas-2.jpg 750w\" sizes=\"auto, (max-width: 263px) 100vw, 263px\" \/><\/a>di Luisa Manfroi<\/strong><\/p>\n<p>La progressiva<span class=\"Apple-converted-space\">\u00a0 <\/span>riapertura, successiva alla fase di emergenza Covid-19, ha rappresentato<span class=\"Apple-converted-space\">\u00a0 <\/span>una boccata di ossigeno per molte attivit\u00e0 economiche, ma non per tutte. Oltre a quelle commerciali costituite da bar, ristoranti e negozi in genere, pure<span class=\"Apple-converted-space\">\u00a0 <\/span>le ditte private che si occupano di servizi di trasporto passeggeri, hanno risentito del colpo. In Agordino operano diverse societ\u00e0 di<span class=\"Apple-converted-space\">\u00a0 <\/span>noleggio con conducente. Alcune, oltre al servizio di taxi con autovetture, svolgono anche quello di trasporto con autobus per viaggi turistici. La<span class=\"Apple-converted-space\">\u00a0 <\/span>\u201cDolomiti Viaggi s.a.s.\u201d, con sede a Falcade, \u00e8 una di queste. \u00abPersonalmente \u00e8 dal 27 febbraio che siamo fermi\u00bb, dice Agostino Genuin, responsabile della societ\u00e0. \u00abAll\u2019inizio c\u2019\u00e8 stato un momento di incertezza, poi sono arrivate tutte le disdette. Per prima cosa si \u00e8 fermato il servizio di skibus. Via via, sono state annullate le gite scolastiche che erano state prenotate da scuole della zona, della Val di Fassa, del Cadore e di altre parti della provincia. Ma non solo le uscite con gli alunni delle scuole. Avevo prenotazioni pervenute da adulti e anziani per le terme, per Assisi senza contare la trasferta degli Alpini a Rimini e altro ancora. Le prenotazioni gi\u00e0 fatte ad autunno fino a giugno-luglio sono state cancellate tutte. Le corriere da turismo sono tutte ferme.\u00bb<span class=\"Apple-converted-space\">\u00a0 <\/span>Per i trasporti pubblici \u00e8 diverso perch\u00e9 per le corriere di linea qualcosa si \u00e8 messo in moto, in pi\u00f9 c\u2019\u00e8 la sovvenzione dello Stato, invece non \u00e8 cos\u00ec per il settore privato in particolare quello relativo al trasporto per turismo. L\u2019ordinanza del Presidente della Regione Veneto, Luca Zaia, che porta la data<span class=\"Apple-converted-space\">\u00a0 <\/span>18 maggio, indica di attenersi alle linee guida in tema di trasporto. Linee che prevedono, oltre all\u2019obbligo di indossare una mascherina di protezione e di seguire le norme di igiene, stabiliscono quello di ottimizzare gli spazi per il distanziamento.<span class=\"Apple-converted-space\">\u00a0 <\/span>Il numero dei passeggeri sui mezzi pubblici, omologati per pi\u00f9 di dieci persone, non potr\u00e0 superare il 50% del numero di passeggeri.<span class=\"Apple-converted-space\">\u00a0<\/span>\u00abNel frattempo<span class=\"Apple-converted-space\">\u00a0 <\/span>le assicurazioni per gli automezzi della ditta dovevano essere pagate. N\u00e9 lo Stato n\u00e9<span class=\"Apple-converted-space\">\u00a0 <\/span>le stesse societ\u00e0 assicuratrici si sono fatte avanti per suggerire la sospensione dei pagamenti, vista la chiusura temporanea. Ho aspettato qualche settimana poi, di mia iniziativa ho dovuto sospendere i pagamenti.\u00bb\u00a0Ci sono prospettive di ripresa ? \u00abDal 18 maggio in poi,<span class=\"Apple-converted-space\">\u00a0 <\/span>come stabilisce l\u2019ordinanza \u00e8<span class=\"Apple-converted-space\">\u00a0 <\/span>possibile<span class=\"Apple-converted-space\">\u00a0 <\/span>riprendere, ma attualmente non c\u2019\u00e8 richiesta: non ci sono domande che provengono da scuole,<span class=\"Apple-converted-space\">\u00a0 <\/span>agenzie di viaggio, associazioni, parrocchie. Per il momento la situazione \u00e8 immobile.\u00bb\u00a0Il problema \u00e8 anche quello dei costi. Se, come prescrivono l\u2019ordinanza e le linee guida, si dimezza<span class=\"Apple-converted-space\">\u00a0 <\/span>il numero dei passeggeri a bordo, sale di conseguenza il prezzo del trasporto stesso da parte dei passeggeri poich\u00e9, per il titolare della ditta,<span class=\"Apple-converted-space\">\u00a0 <\/span>i costi non coprono le spese. Sovvenzioni statali non ne arrivano tranne l\u2019indennit\u00e0 di seicento euro. \u201cDolomiti Viaggi s.a.s.\u201d, attiva dal 1992, conta undici soci, ha sette autisti e un parco mezzi formato da tre autobus e due autovetture. <span class=\"Apple-converted-space\">\u00a0<\/span>\u00abGuardando l\u2019agenda mi rendo conto adesso di quanto lavoro avevo fino a qualche mese fa. Spesso erano occupati anche tre \u2013 quattro pullman al giorno e dedicavo davvero molto tempo a programmare le uscite.<span class=\"Apple-converted-space\">\u00a0 <\/span>Adesso non \u00e8 pi\u00f9 cos\u00ec.\u00bb <a class=\"dt-pswp-item\" href=\"https:\/\/www.radiopiu.net\/wordpress\/wp-content\/uploads\/2020\/05\/Fabrizio-Fontanive-titolare-di-Civetta-Viaggi-sas.jpg\" data-dt-img-description=\"\" data-large_image_width=\"1024\" data-large_image_height=\"768\"><img loading=\"lazy\" decoding=\"async\" class=\"size-medium wp-image-140049 alignright\" src=\"https:\/\/www.radiopiu.net\/wordpress\/wp-content\/uploads\/2020\/05\/Fabrizio-Fontanive-titolare-di-Civetta-Viaggi-sas-300x225.jpg\" alt=\"\" width=\"300\" height=\"225\" srcset=\"https:\/\/www.radiopiu.net\/wordpress\/wp-content\/uploads\/2020\/05\/Fabrizio-Fontanive-titolare-di-Civetta-Viaggi-sas-300x225.jpg 300w, https:\/\/www.radiopiu.net\/wordpress\/wp-content\/uploads\/2020\/05\/Fabrizio-Fontanive-titolare-di-Civetta-Viaggi-sas-768x576.jpg 768w, https:\/\/www.radiopiu.net\/wordpress\/wp-content\/uploads\/2020\/05\/Fabrizio-Fontanive-titolare-di-Civetta-Viaggi-sas.jpg 1024w\" sizes=\"auto, (max-width: 300px) 100vw, 300px\" \/><\/a>Sull\u2019argomento \u00e8 stato sentito anche<span class=\"Apple-converted-space\">\u00a0 <\/span>Fabrizio Fontanive, titolare di \u201cCivetta Viaggi s.a.s.\u201d.<span class=\"Apple-converted-space\">\u00a0 <\/span>Dopo la vendita degli autobus, il suo parco mezzi \u00e8 costituito ora da un pulmino da nove posti e da un miniautobus da quindici passeggeri. Tranne per alcuni viaggi che effettua in convenzione con enti pubblici, la situazione \u00e8 pressoch\u00e9 ferma.<span class=\"Apple-converted-space\">\u00a0 <\/span>\u00abLa perdita del mese di marzo, seguita alla chiusura degli impianti di risalita,<span class=\"Apple-converted-space\">\u00a0 <\/span>\u00e8 stata una batosta.<span class=\"Apple-converted-space\">\u00a0 <\/span>Abbiamo ricevuto proprio in questi giorni i seicento euro del mese di marzo. C\u2019\u00e8 incertezza per i mesi a venire, ma si spera un po\u2019 alla volta di poter ripartire.\u00bb Due testimonianze, quelle di Agostino Genuin e di Fabrizio Fontanive, che sono solo di esempio ed emblematiche per l\u2019Agordino, ma<span class=\"Apple-converted-space\">\u00a0 <\/span>in una proiezione pi\u00f9 ampia riflettono<span class=\"Apple-converted-space\">\u00a0 <\/span>la situazione generale e attuale del settore del trasporto privato.<span class=\"Apple-converted-space\">\u00a0<\/span><\/p>\n","protected":false},"excerpt":{"rendered":"<p>di Luisa Manfroi La progressiva\u00a0 riapertura, successiva alla fase di emergenza Covid-19, ha rappresentato\u00a0 una boccata di ossigeno per molte attivit\u00e0 economiche, ma non per tutte. Oltre a quelle commerciali costituite da bar, ristoranti e negozi in genere, pure\u00a0 le ditte private che si occupano di servizi di trasporto passeggeri, hanno risentito del colpo. In&hellip;<\/p>\n","protected":false},"author":4,"featured_media":140048,"comment_status":"closed","ping_status":"closed","sticky":false,"template":"","format":"standard","meta":{"_monsterinsights_skip_tracking":false,"_monsterinsights_sitenote_active":false,"_monsterinsights_sitenote_note":"","_monsterinsights_sitenote_category":0,"footnotes":""},"categories":[104,49],"tags":[],"class_list":["post-140047","post","type-post","status-publish","format-standard","has-post-thumbnail","hentry","category-evidenza_3","category-news-18","category-104","category-49","description-off"],"img_url":"https:\/\/www.radiopiu.net\/wordpress\/wp-content\/uploads\/2020\/05\/Agostino-Genuin-responsabile-di-Dolomiti-Viaggi-sas-2.jpg","_links":{"self":[{"href":"https:\/\/www.radiopiu.net\/wordpress\/wp-json\/wp\/v2\/posts\/140047","targetHints":{"allow":["GET"]}}],"collection":[{"href":"https:\/\/www.radiopiu.net\/wordpress\/wp-json\/wp\/v2\/posts"}],"about":[{"href":"https:\/\/www.radiopiu.net\/wordpress\/wp-json\/wp\/v2\/types\/post"}],"author":[{"embeddable":true,"href":"https:\/\/www.radiopiu.net\/wordpress\/wp-json\/wp\/v2\/users\/4"}],"replies":[{"embeddable":true,"href":"https:\/\/www.radiopiu.net\/wordpress\/wp-json\/wp\/v2\/comments?post=140047"}],"version-history":[{"count":0,"href":"https:\/\/www.radiopiu.net\/wordpress\/wp-json\/wp\/v2\/posts\/140047\/revisions"}],"wp:featuredmedia":[{"embeddable":true,"href":"https:\/\/www.radiopiu.net\/wordpress\/wp-json\/wp\/v2\/media\/140048"}],"wp:attachment":[{"href":"https:\/\/www.radiopiu.net\/wordpress\/wp-json\/wp\/v2\/media?parent=140047"}],"wp:term":[{"taxonomy":"category","embeddable":true,"href":"https:\/\/www.radiopiu.net\/wordpress\/wp-json\/wp\/v2\/categories?post=140047"},{"taxonomy":"post_tag","embeddable":true,"href":"https:\/\/www.radiopiu.net\/wordpress\/wp-json\/wp\/v2\/tags?post=140047"}],"curies":[{"name":"wp","href":"https:\/\/api.w.org\/{rel}","templated":true}]}}