{"id":140086,"date":"2020-05-24T08:32:12","date_gmt":"2020-05-24T06:32:12","guid":{"rendered":"https:\/\/www.radiopiu.net\/wordpress\/?p=140086"},"modified":"2020-05-25T08:32:49","modified_gmt":"2020-05-25T06:32:49","slug":"ripartiti-i-lavori-di-svuotamento-dei-detriti-post-vaia-nel-lago-di-alleghe","status":"publish","type":"post","link":"https:\/\/www.radiopiu.net\/wordpress\/ripartiti-i-lavori-di-svuotamento-dei-detriti-post-vaia-nel-lago-di-alleghe\/","title":{"rendered":"RIPARTITI I LAVORI DI SVUOTAMENTO DEI DETRITI POST VAIA NEL LAGO DI ALLEGHE"},"content":{"rendered":"<p><strong><a class=\"dt-pswp-item\" href=\"https:\/\/www.radiopiu.net\/wordpress\/wp-content\/uploads\/2020\/05\/Schermata-2020-05-24-alle-17.51.33.png\" data-dt-img-description=\"\" data-large_image_width=\"794\" data-large_image_height=\"732\"><img loading=\"lazy\" decoding=\"async\" class=\" wp-image-140089 alignleft\" src=\"https:\/\/www.radiopiu.net\/wordpress\/wp-content\/uploads\/2020\/05\/Schermata-2020-05-24-alle-17.51.33-300x277.png\" alt=\"\" width=\"169\" height=\"156\" srcset=\"https:\/\/www.radiopiu.net\/wordpress\/wp-content\/uploads\/2020\/05\/Schermata-2020-05-24-alle-17.51.33-300x277.png 300w, https:\/\/www.radiopiu.net\/wordpress\/wp-content\/uploads\/2020\/05\/Schermata-2020-05-24-alle-17.51.33-768x708.png 768w, https:\/\/www.radiopiu.net\/wordpress\/wp-content\/uploads\/2020\/05\/Schermata-2020-05-24-alle-17.51.33.png 794w\" sizes=\"auto, (max-width: 169px) 100vw, 169px\" \/><\/a>ROCCA PIETORE\u00a0<\/strong>Sono ripartiti i lavori di svuotamento dei detriti post Vaia nel Lago di Alleghe. Lavoro immane per gli enormi quantitativi di materiale che il Cordevole e i suoi affluenti hanno riversato nel Lago. La Regione Veneto, che sta seguendo con molta attenzione questo lavoro cosi delicato, ha designato come Soggetto attuatore e appaltatore la Societ\u00e0 Veneto Acque con il suo Amministratore delegato Ing. Vaccari e il suo Responsabile del procedimento Ing. Trevisan. Progettista \u00e8 l&#8217;Ing. Felice Gaiardo che assieme all&#8217;Ing. Gaspare Andreella \u00e8 anche Direttore Lavori . La somma totale a disposizione \u00e8 di circa 8 milioni di euro ma tolte l&#8217;Iva e le varie spese tecniche si potranno fare lavori effettivi per 5,5 milioni. Il materiale estratto dal Lago sar\u00e0 riposizionato in varie aree fra Santa Maria e Masar\u00e9, quasi completamente sul territorio del Comune di Rocca Pietore, seguendo il metodo adottato in sinistra orografica dopo l&#8217;alluvione del 1966. Il materiale servir\u00e0 quindi alla costruzione di nuovi argini di protezione riuscendo ad innalzare i punti critici della sponda destra del Cordevole , i quali hanno dimostrato tutta la loro fragilit\u00e0 durante l&#8217;evento Vaia. L&#8217;area sotto Masar\u00e9, nella zona dell&#8217;ecocentro, anch&#8217;essa in Comune di Rocca Pietore, sar\u00e0 adibita al ricollocamento di parte del materiale, il quale servir\u00e0 per preparare l&#8217;area stessa ad accogliere il futuro depuratore di vallata, come da progetto del gestore GSP. Sar\u00e0 forse il momento anche per risistemare ed adeguare l\u2019Ecocentro che serve i Comuni di Rocca Pietore e Alleghe. Le imprese incaricate allo svolgimento dei lavori sono la Esseti di Terni e la Sici di Fonzaso. Spero che quanto sopra detto serva a far capire tutta la complessit\u00e0 e importanza di questo lavoro.<\/p>\n<p><strong>IL SINDACO DI ROCCA PIETORE, ANDREA DE BERNARDIN<\/strong><\/p>\n<audio class=\"wp-audio-shortcode\" id=\"audio-140086-1\" preload=\"none\" style=\"width: 100%;\" controls=\"controls\"><source type=\"audio\/mpeg\" src=\"https:\/\/www.radiopiu.net\/wordpress\/wp-content\/uploads\/2020\/05\/ANDREA-DE-BERNARDIN-LAGO-ALLEGHE.mp3?_=1\" \/><a href=\"https:\/\/www.radiopiu.net\/wordpress\/wp-content\/uploads\/2020\/05\/ANDREA-DE-BERNARDIN-LAGO-ALLEGHE.mp3\">https:\/\/www.radiopiu.net\/wordpress\/wp-content\/uploads\/2020\/05\/ANDREA-DE-BERNARDIN-LAGO-ALLEGHE.mp3<\/a><\/audio>\n<p>&nbsp;<\/p>\n<p><strong>IL VIDEO<\/strong><\/p>\n<div style=\"width: 1200px;\" class=\"wp-video\"><video class=\"wp-video-shortcode\" id=\"video-140086-1\" width=\"1200\" height=\"675\" preload=\"metadata\" controls=\"controls\"><source type=\"video\/mp4\" src=\"https:\/\/www.radiopiu.net\/wordpress\/wp-content\/uploads\/2020\/05\/LAVORI-LAGO-ALLEGHE.mp4?_=1\" \/><a href=\"https:\/\/www.radiopiu.net\/wordpress\/wp-content\/uploads\/2020\/05\/LAVORI-LAGO-ALLEGHE.mp4\">https:\/\/www.radiopiu.net\/wordpress\/wp-content\/uploads\/2020\/05\/LAVORI-LAGO-ALLEGHE.mp4<\/a><\/video><\/div>\n","protected":false},"excerpt":{"rendered":"<p>ROCCA PIETORE\u00a0Sono ripartiti i lavori di svuotamento dei detriti post Vaia nel Lago di Alleghe. Lavoro immane per gli enormi quantitativi di materiale che il Cordevole e i suoi affluenti hanno riversato nel Lago. La Regione Veneto, che sta seguendo con molta attenzione questo lavoro cosi delicato, ha designato come Soggetto attuatore e appaltatore la&hellip;<\/p>\n","protected":false},"author":4,"featured_media":140089,"comment_status":"closed","ping_status":"closed","sticky":false,"template":"","format":"standard","meta":{"_monsterinsights_skip_tracking":false,"_monsterinsights_sitenote_active":false,"_monsterinsights_sitenote_note":"","_monsterinsights_sitenote_category":0,"footnotes":""},"categories":[49],"tags":[],"class_list":["post-140086","post","type-post","status-publish","format-standard","has-post-thumbnail","hentry","category-news-18","category-49","description-off"],"img_url":"https:\/\/www.radiopiu.net\/wordpress\/wp-content\/uploads\/2020\/05\/Schermata-2020-05-24-alle-17.51.33.png","_links":{"self":[{"href":"https:\/\/www.radiopiu.net\/wordpress\/wp-json\/wp\/v2\/posts\/140086","targetHints":{"allow":["GET"]}}],"collection":[{"href":"https:\/\/www.radiopiu.net\/wordpress\/wp-json\/wp\/v2\/posts"}],"about":[{"href":"https:\/\/www.radiopiu.net\/wordpress\/wp-json\/wp\/v2\/types\/post"}],"author":[{"embeddable":true,"href":"https:\/\/www.radiopiu.net\/wordpress\/wp-json\/wp\/v2\/users\/4"}],"replies":[{"embeddable":true,"href":"https:\/\/www.radiopiu.net\/wordpress\/wp-json\/wp\/v2\/comments?post=140086"}],"version-history":[{"count":0,"href":"https:\/\/www.radiopiu.net\/wordpress\/wp-json\/wp\/v2\/posts\/140086\/revisions"}],"wp:featuredmedia":[{"embeddable":true,"href":"https:\/\/www.radiopiu.net\/wordpress\/wp-json\/wp\/v2\/media\/140089"}],"wp:attachment":[{"href":"https:\/\/www.radiopiu.net\/wordpress\/wp-json\/wp\/v2\/media?parent=140086"}],"wp:term":[{"taxonomy":"category","embeddable":true,"href":"https:\/\/www.radiopiu.net\/wordpress\/wp-json\/wp\/v2\/categories?post=140086"},{"taxonomy":"post_tag","embeddable":true,"href":"https:\/\/www.radiopiu.net\/wordpress\/wp-json\/wp\/v2\/tags?post=140086"}],"curies":[{"name":"wp","href":"https:\/\/api.w.org\/{rel}","templated":true}]}}