{"id":140152,"date":"2020-05-25T05:10:17","date_gmt":"2020-05-25T03:10:17","guid":{"rendered":"https:\/\/www.radiopiu.net\/wordpress\/?p=140152"},"modified":"2020-05-25T06:04:51","modified_gmt":"2020-05-25T04:04:51","slug":"malago-chiederemo-di-spostare-i-mondiali-di-cortina-di-un-anno","status":"publish","type":"post","link":"https:\/\/www.radiopiu.net\/wordpress\/malago-chiederemo-di-spostare-i-mondiali-di-cortina-di-un-anno\/","title":{"rendered":"MALAGO&#8217;: &#8220;CHIEDEREMO DI SPOSTARE I MONDIALI DI CORTINA DI UN ANNO&#8221;"},"content":{"rendered":"<p><strong>ROMA\u00a0<\/strong>Giovanni Malag\u00f2, il Presidente del CONI, ospite da Fabio Fazio a &#8220;Che Tempo Che Fa&#8221; ha comunicato che domani verr\u00e0 proposto di rinviare di un anno i Mondiali di sci a Cortina. Non pi\u00f9 a febbraio 2021 ma marzo 2022.<strong>IL SINDACO GIANPIETRO GHEDINA<\/strong>: &#8220;<em>Sono alcune settimane che si sta lavorando per CORTINA 2022. Abbiamo verificato la possibilit\u00e0 di spostare di un anno i mondiali di sci di Cortina d\u2019Ampezzo al fine di assicurare la sicurezza degli atleti e poter garantire un evento con il pubblico; sarebbero tanti i rischi se la pandemia dovesse riprendere il prossimo autunno. Cortina merita e vuole ospitare questo evento sportivo internazionale nelle migliori condizioni possibili, con tutto l\u2019entusiasmo, il lavoro, l\u2019impegno e la soddisfazione che i mondiali di sci debbono avere&#8221;.<\/em><\/p>\n<p><strong>IL VIDEO<\/strong><\/p>\n<div style=\"width: 1200px;\" class=\"wp-video\"><video class=\"wp-video-shortcode\" id=\"video-140152-1\" width=\"1200\" height=\"675\" preload=\"metadata\" controls=\"controls\"><source type=\"video\/mp4\" src=\"https:\/\/www.radiopiu.net\/wordpress\/wp-content\/uploads\/2020\/05\/MALAGO-MONDIALI-CORTINA.mp4?_=1\" \/><a href=\"https:\/\/www.radiopiu.net\/wordpress\/wp-content\/uploads\/2020\/05\/MALAGO-MONDIALI-CORTINA.mp4\">https:\/\/www.radiopiu.net\/wordpress\/wp-content\/uploads\/2020\/05\/MALAGO-MONDIALI-CORTINA.mp4<\/a><\/video><\/div>\n","protected":false},"excerpt":{"rendered":"<p>ROMA\u00a0Giovanni Malag\u00f2, il Presidente del CONI, ospite da Fabio Fazio a &#8220;Che Tempo Che Fa&#8221; ha comunicato che domani verr\u00e0 proposto di rinviare di un anno i Mondiali di sci a Cortina. Non pi\u00f9 a febbraio 2021 ma marzo 2022.IL SINDACO GIANPIETRO GHEDINA: &#8220;Sono alcune settimane che si sta lavorando per CORTINA 2022. Abbiamo verificato&hellip;<\/p>\n","protected":false},"author":4,"featured_media":140153,"comment_status":"closed","ping_status":"closed","sticky":false,"template":"","format":"standard","meta":{"_monsterinsights_skip_tracking":false,"_monsterinsights_sitenote_active":false,"_monsterinsights_sitenote_note":"","_monsterinsights_sitenote_category":0,"footnotes":""},"categories":[51,49,72],"tags":[],"class_list":["post-140152","post","type-post","status-publish","format-standard","has-post-thumbnail","hentry","category-evidenza-top","category-news-18","category-sport","category-51","category-49","category-72","description-off"],"img_url":"https:\/\/www.radiopiu.net\/wordpress\/wp-content\/uploads\/2020\/05\/IMG_4FA1A151666F-1.jpeg","_links":{"self":[{"href":"https:\/\/www.radiopiu.net\/wordpress\/wp-json\/wp\/v2\/posts\/140152","targetHints":{"allow":["GET"]}}],"collection":[{"href":"https:\/\/www.radiopiu.net\/wordpress\/wp-json\/wp\/v2\/posts"}],"about":[{"href":"https:\/\/www.radiopiu.net\/wordpress\/wp-json\/wp\/v2\/types\/post"}],"author":[{"embeddable":true,"href":"https:\/\/www.radiopiu.net\/wordpress\/wp-json\/wp\/v2\/users\/4"}],"replies":[{"embeddable":true,"href":"https:\/\/www.radiopiu.net\/wordpress\/wp-json\/wp\/v2\/comments?post=140152"}],"version-history":[{"count":0,"href":"https:\/\/www.radiopiu.net\/wordpress\/wp-json\/wp\/v2\/posts\/140152\/revisions"}],"wp:featuredmedia":[{"embeddable":true,"href":"https:\/\/www.radiopiu.net\/wordpress\/wp-json\/wp\/v2\/media\/140153"}],"wp:attachment":[{"href":"https:\/\/www.radiopiu.net\/wordpress\/wp-json\/wp\/v2\/media?parent=140152"}],"wp:term":[{"taxonomy":"category","embeddable":true,"href":"https:\/\/www.radiopiu.net\/wordpress\/wp-json\/wp\/v2\/categories?post=140152"},{"taxonomy":"post_tag","embeddable":true,"href":"https:\/\/www.radiopiu.net\/wordpress\/wp-json\/wp\/v2\/tags?post=140152"}],"curies":[{"name":"wp","href":"https:\/\/api.w.org\/{rel}","templated":true}]}}