{"id":140186,"date":"2020-05-26T05:42:57","date_gmt":"2020-05-26T03:42:57","guid":{"rendered":"https:\/\/www.radiopiu.net\/wordpress\/?p=140186"},"modified":"2020-05-26T10:09:52","modified_gmt":"2020-05-26T08:09:52","slug":"giornale-radiopiu-26-maggio-2020-direttore-mirko-mezzacasa","status":"publish","type":"post","link":"https:\/\/www.radiopiu.net\/wordpress\/giornale-radiopiu-26-maggio-2020-direttore-mirko-mezzacasa\/","title":{"rendered":"GIORNALE RADIOPIU 26 MAGGIO 2020 DIRETTORE MIRKO MEZZACASA"},"content":{"rendered":"<h3><strong>PER RICEVERE QUESTO NOTIZIARIO DIRETTAMENTE SUL TUO CELLULARE ISCRIVITI AL CANALE TELEGRAM\u00a0<\/strong><strong>\u201cRADIO PIU\u00a0 INFORMAZIONE\u201d<\/strong><\/h3>\n<p><strong>QUESTA SERA ALLE 21.00 SU RADIO PIU IL CONSIGLIO COMUNALE DI CANALE D&#8217;AGORDO IN DIRETTA DIFFERITA, IN QUESTO NOTIZIARIO LA REGISTRAZIONE DEL CONSIGLIO COMUNALE DI FALCADE TRASMESSO IERI SERA IN DIRETTA RADIO\u00a0<\/strong><\/p>\n<hr \/>\n<p>&nbsp;<\/p>\n<p style=\"text-align: center;\"><em><strong>DOMENICA SUL SAN SEBASTIANO&#8230;DISTANZIAMENTO RISPETTATO<\/strong><\/em><\/p>\n<p><em><strong><a class=\"dt-pswp-item\" href=\"https:\/\/www.radiopiu.net\/wordpress\/wp-content\/uploads\/2020\/05\/39255c60-2aac-4896-a515-e09261c240c4.jpg\" data-dt-img-description=\"\" data-large_image_width=\"2048\" data-large_image_height=\"1208\"><img loading=\"lazy\" decoding=\"async\" class=\"aligncenter wp-image-140463 size-large\" src=\"https:\/\/www.radiopiu.net\/wordpress\/wp-content\/uploads\/2020\/05\/39255c60-2aac-4896-a515-e09261c240c4-1024x604.jpg\" alt=\"\" width=\"1024\" height=\"604\" srcset=\"https:\/\/www.radiopiu.net\/wordpress\/wp-content\/uploads\/2020\/05\/39255c60-2aac-4896-a515-e09261c240c4-1024x604.jpg 1024w, https:\/\/www.radiopiu.net\/wordpress\/wp-content\/uploads\/2020\/05\/39255c60-2aac-4896-a515-e09261c240c4-300x177.jpg 300w, https:\/\/www.radiopiu.net\/wordpress\/wp-content\/uploads\/2020\/05\/39255c60-2aac-4896-a515-e09261c240c4-768x453.jpg 768w, https:\/\/www.radiopiu.net\/wordpress\/wp-content\/uploads\/2020\/05\/39255c60-2aac-4896-a515-e09261c240c4-1536x906.jpg 1536w, https:\/\/www.radiopiu.net\/wordpress\/wp-content\/uploads\/2020\/05\/39255c60-2aac-4896-a515-e09261c240c4.jpg 2048w\" sizes=\"auto, (max-width: 1024px) 100vw, 1024px\" \/><\/a><\/strong><\/em><\/p>\n<p><em><strong>\u00a0<\/strong><\/em><\/p>\n<hr \/>\n<p>&nbsp;<\/p>\n<p><em><strong>Gestione Servizi Pubblici \u00a0informa che a ROCCA PIETORE in localit\u00e0 DIGONERA, l\u2019acqua erogata dall\u2019acquedotto non \u00e8 potabile e pu\u00f2 essere usata per scopi alimentari SOLO PREVIA bollitura<\/strong><\/em><\/p>\n<p>&nbsp;<\/p>\n<p><em><strong>GSP informa che domani, dalle 8 a fine lavori, verr\u00e0 sospesa l&#8217;erogazione dell&#8217;acqua causa lavori di manutenzione alla rete idrica<\/strong><\/em><\/p>\n<p>&nbsp;<\/p>\n<hr \/>\n<p>&nbsp;<\/p>\n<p><strong>CHIUDE PONTE MAS, FINO AL 30 GIUGNO PER I LAVORI DI CONSOLIDAMENTO:<\/strong>\u00a0 fino al\u00a0 30 giugno sar\u00e0 chiuso sia alle macchine sia ai pedoni. Percorso alternativo: da Ponte Mas a Vignole in Comune di Sedico.<\/p>\n<p><strong>INTERRUZIONI A CRISTO DELLE PIANIZZE\u00a0<\/strong>sp347 DURAN E CEREDA fino al al 5 giugno (esclusi festivi e prefestivi) possibili interruzioni in localit\u00e0 Pianizze (Agordo) della durata massima di 15 minuti dalle 8 alle 12 e dalle 13 alle 17, inoltre senso unico alternato nei periodi non interessati dalle chiusura<\/p>\n<p>&nbsp;<\/p>\n<hr \/>\n<p>&nbsp;<\/p>\n<p>&nbsp;<\/p>\n<p>&nbsp;<\/p>\n<h2>IL PRIMO LUGLIO SI DECIDERA&#8217; SE SPOSTARE I MONDIALI DI SCI DI CORTINA<\/h2>\n<p><strong><a class=\"dt-pswp-item\" href=\"https:\/\/www.radiopiu.net\/wordpress\/wp-content\/uploads\/2020\/05\/CORTINA-2021.jpg\" data-dt-img-description=\"\" data-large_image_width=\"400\" data-large_image_height=\"400\"><img loading=\"lazy\" decoding=\"async\" class=\"size-medium wp-image-140429 alignleft\" src=\"https:\/\/www.radiopiu.net\/wordpress\/wp-content\/uploads\/2020\/05\/CORTINA-2021-300x300.jpg\" alt=\"\" width=\"300\" height=\"300\" \/><\/a>ROMA<\/strong> Il Consiglio FIS (Federazione Internazionale dello Sci) di oggi ha rappresentato uno dei momenti di maggior condivisione dell\u2019intera storia del movimento degli sport invernali italiani. L\u2019Italia dello sci alpino, unita in un unico corpo con tutte le istituzioni che compongono la Fondazione Cortina 2021: Governo, Regione Veneto, Provincia di Belluno, Comune di Cortina, CONI e Federazione Italiana Sport Invernali,\u00a0 si \u00e8 infatti presentata davanti al massimo consesso dello sci internazionale, per proporre il rinvio dei Campionati Mondiali di Cortina al 2022. Il Consiglio FIS ha preso in attenta considerazione la proposta italiana, ripromettendosi di valutarne ogni aspetto e quindi di assumere una decisione definitiva il prossimo 1 luglio. \u201cL\u2019auspicio italiano \u00e8 che si prenda la decisione di rinviare il Mondiale \u2013 ha commentato a caldo il Presidente della FISI, Flavio Roda, relatore della proposta in seno al Consiglio -. Sponsor e pubblico si aspettano che Cortina presenti un Mondiale di altissimo livello, sia sotto il punto di vista organizzativo che dello spettacolo. Tutto ci\u00f2 si potr\u00e0 fare solo nella massima sicurezza sanitaria e potendo testare tutte le nuove infrastrutture e i processi operativi che stanno dietro a un grande evento internazionale. Penso che spostando in avanti l\u2019appuntamento con il Mondiale sia possibile mettere in atto quanto di meglio la tradizione e l\u2019esperienza organizzativa italiane sanno fare e lanciare nel migliore dei modi la strada verso Milano \u2013 Cortina 2026\u201d.<\/p>\n<p><em><strong>(DAL SITO INTERENT FISI)<\/strong><\/em><\/p>\n<p>&nbsp;<\/p>\n<hr \/>\n<h3>PER IL GOVERNATORE ZAIA IL RINVIO E&#8217;\u00a0 LA SOLUZIONE MIGLIORE<\/h3>\n<p>. E&#8217; una bella sfida da portare a casa che ci permetter\u00e0 con il grande pubblico &#8220;da paura&#8221; di fare un grande evento che si merita Cortina e le Dolomiti<\/p>\n<audio class=\"wp-audio-shortcode\" id=\"audio-140186-1\" preload=\"none\" style=\"width: 100%;\" controls=\"controls\"><source type=\"audio\/mpeg\" src=\"https:\/\/www.radiopiu.net\/wordpress\/wp-content\/uploads\/2020\/05\/ZAIA-MONDIALI-SCI-1.mp3?_=1\" \/><a href=\"https:\/\/www.radiopiu.net\/wordpress\/wp-content\/uploads\/2020\/05\/ZAIA-MONDIALI-SCI-1.mp3\">https:\/\/www.radiopiu.net\/wordpress\/wp-content\/uploads\/2020\/05\/ZAIA-MONDIALI-SCI-1.mp3<\/a><\/audio>\n<p>&nbsp;<\/p>\n<hr \/>\n<p>&nbsp;<\/p>\n<blockquote>\n<h3>MONDIALI DI SCI, PADRIN \u00abLO SPOSTAMENTO NON E&#8217; UN MALE. ADESSO ACCELERIAMO SULLE INFRASTRUTTURE\u00bb<\/h3>\n<\/blockquote>\n<p><strong><a class=\"dt-pswp-item\" href=\"https:\/\/www.radiopiu.net\/wordpress\/wp-content\/uploads\/2020\/05\/padrin-malag\u00f2.jpg\" data-dt-img-description=\"\" data-large_image_width=\"768\" data-large_image_height=\"1024\"><img loading=\"lazy\" decoding=\"async\" class=\" wp-image-140339 alignleft\" src=\"https:\/\/www.radiopiu.net\/wordpress\/wp-content\/uploads\/2020\/05\/padrin-malag\u00f2-225x300.jpg\" alt=\"\" width=\"114\" height=\"152\" srcset=\"https:\/\/www.radiopiu.net\/wordpress\/wp-content\/uploads\/2020\/05\/padrin-malag\u00f2-225x300.jpg 225w, https:\/\/www.radiopiu.net\/wordpress\/wp-content\/uploads\/2020\/05\/padrin-malag\u00f2.jpg 768w\" sizes=\"auto, (max-width: 114px) 100vw, 114px\" \/><\/a>BELLUNO<\/strong> \u00ab<em>Dovremo lavorare per spingere al massimo il completamento delle infrastrutture. Il rinvio dei Mondiali non \u00e8 necessariamente un male<\/em>\u00bb. Cos\u00ec, in una nota, il presidente della Provincia di Belluno, Roberto Padrin, che prova ad analizzare i pro e i contro del quasi certo slittamento al 2022 dell\u2019appuntamento iridato di Cortina.<\/p>\n<p><strong>IL PRESIDENTE DELLA PROVINCIA DI BELLUNO ROBERTO PADRIN<\/strong><\/p>\n<audio class=\"wp-audio-shortcode\" id=\"audio-140186-2\" preload=\"none\" style=\"width: 100%;\" controls=\"controls\"><source type=\"audio\/mpeg\" src=\"https:\/\/www.radiopiu.net\/wordpress\/wp-content\/uploads\/2020\/05\/PADRIN-MONDIALI-CORTINA.mp3?_=2\" \/><a href=\"https:\/\/www.radiopiu.net\/wordpress\/wp-content\/uploads\/2020\/05\/PADRIN-MONDIALI-CORTINA.mp3\">https:\/\/www.radiopiu.net\/wordpress\/wp-content\/uploads\/2020\/05\/PADRIN-MONDIALI-CORTINA.mp3<\/a><\/audio>\n<p>&nbsp;<\/p>\n<hr \/>\n<p>&nbsp;<\/p>\n<blockquote>\n<h3>DE MENECH: \u00abCOMPRENSIBILE IL RINVIO AL 2022\u00bb<\/h3>\n<\/blockquote>\n<p><strong><a class=\"dt-pswp-item\" href=\"https:\/\/www.radiopiu.net\/wordpress\/wp-content\/uploads\/2018\/05\/Roger_De_Menech_daticamera.jpg\" data-dt-img-description=\"\" data-large_image_width=\"165\" data-large_image_height=\"228\"><img loading=\"lazy\" decoding=\"async\" class=\" wp-image-49599 alignleft\" src=\"https:\/\/www.radiopiu.net\/wordpress\/wp-content\/uploads\/2018\/05\/Roger_De_Menech_daticamera.jpg\" alt=\"\" width=\"132\" height=\"182\" \/><\/a>ROMA<\/strong> \u00abEra tutto pronto, dal punto di vista organizzativo e sportivo, ma la decisione del Coni e della Fisi di spostare di un anno la data dei mondiali di sci a Cortina \u00e8 comprensibile. Dopo il blocco imposto per la pandemia abbiamo bisogno di una manifestazione che aiuti il rilancio dell\u2019intero Paese. Correre il rischio di dover fare i conti con una recrudescenza del virus e nella peggiore delle ipotesi dover tenere a casa il pubblico non era il caso e capisco la volont\u00e0 dei vertici dello sport di mettere in sicurezza la manifestazione. Nessuno vuole un evento monco o in tono minore. Ora abbiamo un anno in pi\u00f9 per prepararci ancora meglio\u00bb. Lo afferma il coordinatore veneto dei parlamentari del Partito democratico,\u00a0Roger De Menech.<\/p>\n<audio class=\"wp-audio-shortcode\" id=\"audio-140186-3\" preload=\"none\" style=\"width: 100%;\" controls=\"controls\"><source type=\"audio\/mpeg\" src=\"https:\/\/www.radiopiu.net\/wordpress\/wp-content\/uploads\/2020\/05\/ROGER-1.mp3?_=3\" \/><a href=\"https:\/\/www.radiopiu.net\/wordpress\/wp-content\/uploads\/2020\/05\/ROGER-1.mp3\">https:\/\/www.radiopiu.net\/wordpress\/wp-content\/uploads\/2020\/05\/ROGER-1.mp3<\/a><\/audio>\n<p>&nbsp;<\/p>\n<hr \/>\n<p>&nbsp;<\/p>\n<blockquote>\n<h3>MONDIALI SCI, D&#8217;INC\u00c0: &#8220;SE RINVIATI SAREMO ANCORA PI\u00d9 FORTI&#8221;<\/h3>\n<\/blockquote>\n<div><strong><a class=\"dt-pswp-item\" href=\"https:\/\/www.radiopiu.net\/wordpress\/wp-content\/uploads\/2020\/04\/FEDERICO-DINCA.png\" data-dt-img-description=\"\" data-large_image_width=\"1018\" data-large_image_height=\"1290\"><img loading=\"lazy\" decoding=\"async\" class=\"size-medium wp-image-132319 alignleft\" src=\"https:\/\/www.radiopiu.net\/wordpress\/wp-content\/uploads\/2020\/04\/FEDERICO-DINCA-237x300.png\" alt=\"\" width=\"237\" height=\"300\" srcset=\"https:\/\/www.radiopiu.net\/wordpress\/wp-content\/uploads\/2020\/04\/FEDERICO-DINCA-237x300.png 237w, https:\/\/www.radiopiu.net\/wordpress\/wp-content\/uploads\/2020\/04\/FEDERICO-DINCA-808x1024.png 808w, https:\/\/www.radiopiu.net\/wordpress\/wp-content\/uploads\/2020\/04\/FEDERICO-DINCA-768x973.png 768w, https:\/\/www.radiopiu.net\/wordpress\/wp-content\/uploads\/2020\/04\/FEDERICO-DINCA.png 1018w\" sizes=\"auto, (max-width: 237px) 100vw, 237px\" \/><\/a>ROMA\u00a0<\/strong>&#8220;<em>La difficile situazione legata al Covid-19 ha portato alla richiesta di rinviare i Mondiali di Sci a Cortina nel 2022. Sono consapevole di quanto l&#8217;appuntamento sia importante per il territorio e per lo sport italiano: ho seguito da vicino il grande lavoro organizzativo di questo evento che aspettavamo da tempo e che, se rimandato al 2022, si svolger\u00e0 con maggiore sicurezza per gli atleti e per il pubblico<\/em>&#8220;.\u00a0\u00c8 il commento di Federico D&#8217;Inc\u00e0, Ministro per i Rapporti con il Parlamento, in seguito alla richiesta di rinvio al 2022 dei Campionati Mondiali di Sci a Cortina.\u00a0&#8220;<em>In questa ipotesi, per\u00f2, sono sicuro che il territorio si far\u00e0 trovare ancora pi\u00f9 preparato ai Mondiali e tutti gli sforzi fatti finora daranno i propri frutti in vista della nuova data &#8211; prosegue D&#8217;Inc\u00e0 che aggiunge -: da parte del Governo c&#8217;\u00e8 tutto il sostegno a Cortina e c&#8217;\u00e8 la fiducia, pi\u00f9 volte espressa, nei confronti degli organizzatori e di chi ha finora gestito questo percorso, a partire dal commissario Luigi Sant&#8217;Andrea. Crediamo fortemente in questa tipologia di eventi: i Mondiali cos\u00ec come le Olimpiadi del 2026, rappresentano un traguardo importantissimo ottenuto dal nostro Paese che daranno valore alle nostre montagne, a chi vive in questo bellissimo territorio e, ovviamente, allo sport<\/em>&#8220;.<\/div>\n<div><\/div>\n<div><\/div>\n<p>&nbsp;<\/p>\n<hr \/>\n<blockquote>\n<h3>ARRESTATO UN TUNISINO. HA RUBATO 2 BICICLETTE ELETTRICHE E UNA PANDA<\/h3>\n<\/blockquote>\n<p><strong><a class=\"dt-pswp-item\" href=\"https:\/\/www.radiopiu.net\/wordpress\/wp-content\/uploads\/2020\/05\/7728f5aa-b367-4112-961f-2216e98423b2.jpg\" data-dt-img-description=\"\" data-large_image_width=\"1600\" data-large_image_height=\"737\"><img loading=\"lazy\" decoding=\"async\" class=\"size-medium wp-image-140285 alignleft\" src=\"https:\/\/www.radiopiu.net\/wordpress\/wp-content\/uploads\/2020\/05\/7728f5aa-b367-4112-961f-2216e98423b2-300x138.jpg\" alt=\"\" width=\"300\" height=\"138\" srcset=\"https:\/\/www.radiopiu.net\/wordpress\/wp-content\/uploads\/2020\/05\/7728f5aa-b367-4112-961f-2216e98423b2-300x138.jpg 300w, https:\/\/www.radiopiu.net\/wordpress\/wp-content\/uploads\/2020\/05\/7728f5aa-b367-4112-961f-2216e98423b2-1024x472.jpg 1024w, https:\/\/www.radiopiu.net\/wordpress\/wp-content\/uploads\/2020\/05\/7728f5aa-b367-4112-961f-2216e98423b2-768x354.jpg 768w, https:\/\/www.radiopiu.net\/wordpress\/wp-content\/uploads\/2020\/05\/7728f5aa-b367-4112-961f-2216e98423b2-1536x708.jpg 1536w, https:\/\/www.radiopiu.net\/wordpress\/wp-content\/uploads\/2020\/05\/7728f5aa-b367-4112-961f-2216e98423b2.jpg 1600w\" sizes=\"auto, (max-width: 300px) 100vw, 300px\" \/><\/a>BELLUNO<\/strong> Era uscito dal carcere da pochi giorni ed \u00e8 stato arrestato per aver rubato 2 biciclette elettriche e una Fiat Panda.<\/p>\n<p>&nbsp;<\/p>\n<p>&nbsp;<\/p>\n<p>&nbsp;<\/p>\n<p><strong>IL SERVIZIO DI MORENO GIOLI<\/strong><\/p>\n<audio class=\"wp-audio-shortcode\" id=\"audio-140186-4\" preload=\"none\" style=\"width: 100%;\" controls=\"controls\"><source type=\"audio\/mpeg\" src=\"https:\/\/www.radiopiu.net\/wordpress\/wp-content\/uploads\/2020\/05\/MORENO-GIOLI-TUNISINO.mp3?_=4\" \/><a href=\"https:\/\/www.radiopiu.net\/wordpress\/wp-content\/uploads\/2020\/05\/MORENO-GIOLI-TUNISINO.mp3\">https:\/\/www.radiopiu.net\/wordpress\/wp-content\/uploads\/2020\/05\/MORENO-GIOLI-TUNISINO.mp3<\/a><\/audio>\n<p>&nbsp;<\/p>\n<p><strong>LE PAROLE DEL COMMISSARIO FEDERICO FARRIS<\/strong><\/p>\n<audio class=\"wp-audio-shortcode\" id=\"audio-140186-5\" preload=\"none\" style=\"width: 100%;\" controls=\"controls\"><source type=\"audio\/mpeg\" src=\"https:\/\/www.radiopiu.net\/wordpress\/wp-content\/uploads\/2020\/05\/COMMISSARIO-FEDERICO-FARRIS-ARRESTO-TUNISINO.mp3?_=5\" \/><a href=\"https:\/\/www.radiopiu.net\/wordpress\/wp-content\/uploads\/2020\/05\/COMMISSARIO-FEDERICO-FARRIS-ARRESTO-TUNISINO.mp3\">https:\/\/www.radiopiu.net\/wordpress\/wp-content\/uploads\/2020\/05\/COMMISSARIO-FEDERICO-FARRIS-ARRESTO-TUNISINO.mp3<\/a><\/audio>\n<p>&nbsp;<\/p>\n<p>&nbsp;<\/p>\n<hr \/>\n<p>&nbsp;<\/p>\n<div class=\"page-title-head hgroup\">\n<blockquote>\n<h3 class=\"entry-title\">CONTINUANO OGGI LE RICERCHE A CENCENIGHE<\/h3>\n<\/blockquote>\n<p><em>Sabato alle 10.46, Manfroi \u00e8 passato davanti ad una telecamera di videosorveglianza di una casa privata vicino alla sua abitazione. Alle 13.08 una telecamera nella stessa zona ha ripreso Zuma, il border collie di Manfroi. L&#8217;animale \u00e8 rientrato a casa da solo. Gioved\u00ec, salvo novit\u00e0 (come il ritrovamento dell&#8217;uomo) ci sar\u00e0 un nuovo vertice in Prefettura.<\/em><\/p>\n<\/div>\n<div class=\"page-title-breadcrumbs\"><strong><a class=\"dt-pswp-item\" href=\"https:\/\/www.radiopiu.net\/wordpress\/wp-content\/uploads\/2020\/05\/21950948_1925922927729334_2365588150677412656_o.jpg\" data-dt-img-description=\"\" data-large_image_width=\"956\" data-large_image_height=\"960\"><img loading=\"lazy\" decoding=\"async\" class=\"size-medium wp-image-139957 alignleft\" src=\"https:\/\/www.radiopiu.net\/wordpress\/wp-content\/uploads\/2020\/05\/21950948_1925922927729334_2365588150677412656_o-300x300.jpg\" alt=\"\" width=\"300\" height=\"300\" srcset=\"https:\/\/www.radiopiu.net\/wordpress\/wp-content\/uploads\/2020\/05\/21950948_1925922927729334_2365588150677412656_o-300x300.jpg 300w, https:\/\/www.radiopiu.net\/wordpress\/wp-content\/uploads\/2020\/05\/21950948_1925922927729334_2365588150677412656_o-150x150.jpg 150w, https:\/\/www.radiopiu.net\/wordpress\/wp-content\/uploads\/2020\/05\/21950948_1925922927729334_2365588150677412656_o-768x771.jpg 768w, https:\/\/www.radiopiu.net\/wordpress\/wp-content\/uploads\/2020\/05\/21950948_1925922927729334_2365588150677412656_o.jpg 956w\" sizes=\"auto, (max-width: 300px) 100vw, 300px\" \/><\/a>CENCENIGHE <\/strong>Continueranno oggi le ricerche di Carlo Manfroi, 63 anni, di Cencenighe Agordino (BL), uscito sabato per una passeggiata, come d\u2019abitudine, e non pi\u00f9 rientrato. A seguito della riunione in prefettura tra le forze impegnate in questi giorni, \u00e8 stato deciso di proseguire e oggi si ripartir\u00e0 dal campo base a Chenet. L\u2019uomo era uscito assieme al suo cane dalla propria abitazione a Chenet verso Bricol, da cui parte una rete di sentieri denominata Le Ial, sotto il Monte Pelsa. Quando alle 13.30 per\u00f2 il cane era ritornato da solo, la moglie aveva atteso invano il marito, per poi lanciare preoccupata l\u2019allarme alle 16. . Domenica una settantina di soccorritori (Cnsas, Sagf, vigili del fuoco permanenti e volontari, membri dell&#8217;associazione nazionale carabinieri), ha ripreso le ricerche. Sono stati impiegate anche dieci unit\u00e0 cinofile e tre cani molecolari.A met\u00e0 pomeriggio i cani hanno fiutato una traccia lungo un sentiero impegnativo, e per lunghi tratti esposto, che si diparte da Bricol. I soccorritori si sono calati con le corde dal punto in cui si erano fermati i cani, ma non hanno trovato alcuna traccia dell&#8217;escursionistaCarlo, che \u00e8 alto un metro e ottanta circa ed \u00e8 di corporatura longilinea, indossa pantaloncini corti color carta da zucchero, una giacca azzurra e scarpe da ginnastica bianche. Chiunque avesse sue notizie \u00e8 pregato di contattare i carabinieri.<\/div>\n<div><\/div>\n<div><\/div>\n<div><\/div>\n<div><\/div>\n<div>\n<hr \/>\n<\/div>\n<div class=\"page-title-head hgroup\">\n<blockquote>\n<h3 class=\"entry-title\">SCIVOLA CON LA BICI LUNGO IL LAGO DI SANTA CROCE<\/h3>\n<\/blockquote>\n<\/div>\n<div class=\"page-title-breadcrumbs\"><strong class=\"photoswipe-wrapper\"><img loading=\"lazy\" decoding=\"async\" class=\"size-medium wp-image-140417 alignleft jetpack-lazy-image jetpack-lazy-image--handled\" src=\"https:\/\/i2.wp.com\/www.radiopiu.net\/wordpress\/wp-content\/uploads\/2020\/05\/IMG-20200525-WA0041.jpg?resize=300%2C168&amp;ssl=1\" sizes=\"auto, (max-width: 300px) 100vw, 300px\" srcset=\"https:\/\/i2.wp.com\/www.radiopiu.net\/wordpress\/wp-content\/uploads\/2020\/05\/IMG-20200525-WA0041.jpg?resize=300%2C168&amp;ssl=1 300w, https:\/\/i2.wp.com\/www.radiopiu.net\/wordpress\/wp-content\/uploads\/2020\/05\/IMG-20200525-WA0041.jpg?resize=1024%2C573&amp;ssl=1 1024w, https:\/\/i2.wp.com\/www.radiopiu.net\/wordpress\/wp-content\/uploads\/2020\/05\/IMG-20200525-WA0041.jpg?resize=768%2C429&amp;ssl=1 768w, https:\/\/i2.wp.com\/www.radiopiu.net\/wordpress\/wp-content\/uploads\/2020\/05\/IMG-20200525-WA0041.jpg?w=1368&amp;ssl=1 1368w\" alt=\"\" width=\"300\" height=\"168\" data-recalc-dims=\"1\" data-lazy-loaded=\"1\" \/>ALPAGO<\/strong>\u00a0Ieri alle 17.20 circa la Centrale operativa del 118 ha allertato il Soccorso alpino dell\u2019Alpago, per intervenire in assistenza all\u2019ambulanza lungo la pista ciclabile dell\u2019ex oasi Wwf, a Farra d\u2019Alpago, dove una donna era caduta con la bicicletta. Una squadra, assieme all\u2019infermiere di Stazione, ha raggiunto F.S., 32 anni, di Venezia e le ha prestato le prime cure a seguito di un probabile trauma alla gamba. Una volta imbarellata, l\u2019infortunata \u00e8 stata trasferita sull\u2019ambulanza diretta all\u2019ospedale di Venezia.<\/div>\n<div><\/div>\n<div><\/div>\n<div>\n<hr \/>\n<\/div>\n<p>&nbsp;<\/p>\n<p>&nbsp;<\/p>\n<p>&nbsp;<\/p>\n<div class=\"page-title-head hgroup\">\n<blockquote>\n<h3 class=\"entry-title\">TANTA PAURA MA DANNI LIMITATI NELLO SCOPPIO DEL SERBATOIO IN VIA DEGLI ALPINI<\/h3>\n<\/blockquote>\n<\/div>\n<div class=\"page-title-breadcrumbs\">\n<p><strong>BELLUNO<\/strong> Nel primo pomeriggio di ieri \u00e8 scoppiato un serbatoio di isocianato in un\u2019azienda di produzione di banchi frigoriferi industriali in via degli Alpini: nessuna persona \u00e8 rimasta ferita o coinvolta. Subito dopo l\u2019allarme la squadra di sicurezza interna ha provveduto a fare evacuare il personale dalla zona e staccare gli impianti tecnologici. I vigili del fuoco di Belluno hanno effettuato dei controlli per escludere altri rischi monitorando le temperature utilizzando una termocamera. Le cause dello scoppio probabilmente dovute alla rottura di un circuito di raffreddamento sono al vaglio dei tecnici dell\u2019azienda e dei vigili del fuoco. Danni limitati al solo serbatoio. Le operazioni di soccorso sono terminate dopo circa due ore.<\/p>\n<p class=\"photoswipe-wrapper\"><a class=\"dt-pswp-item pspw-wrap-ready\" href=\"https:\/\/i0.wp.com\/www.radiopiu.net\/wordpress\/wp-content\/uploads\/2020\/05\/84cea5fa-06c4-4150-a593-c4372ac4949f.jpg?ssl=1\" data-dt-img-description=\"\" data-large_image_width=\"1600\" data-large_image_height=\"933\"><img loading=\"lazy\" decoding=\"async\" class=\"alignnone wp-image-140349 jetpack-lazy-image jetpack-lazy-image--handled\" src=\"https:\/\/i0.wp.com\/www.radiopiu.net\/wordpress\/wp-content\/uploads\/2020\/05\/84cea5fa-06c4-4150-a593-c4372ac4949f.jpg?resize=317%2C184&amp;ssl=1\" sizes=\"auto, (max-width: 317px) 100vw, 317px\" srcset=\"https:\/\/i0.wp.com\/www.radiopiu.net\/wordpress\/wp-content\/uploads\/2020\/05\/84cea5fa-06c4-4150-a593-c4372ac4949f.jpg?resize=300%2C175&amp;ssl=1 300w, https:\/\/i0.wp.com\/www.radiopiu.net\/wordpress\/wp-content\/uploads\/2020\/05\/84cea5fa-06c4-4150-a593-c4372ac4949f.jpg?resize=1024%2C597&amp;ssl=1 1024w, https:\/\/i0.wp.com\/www.radiopiu.net\/wordpress\/wp-content\/uploads\/2020\/05\/84cea5fa-06c4-4150-a593-c4372ac4949f.jpg?resize=768%2C448&amp;ssl=1 768w, https:\/\/i0.wp.com\/www.radiopiu.net\/wordpress\/wp-content\/uploads\/2020\/05\/84cea5fa-06c4-4150-a593-c4372ac4949f.jpg?resize=1536%2C896&amp;ssl=1 1536w, https:\/\/i0.wp.com\/www.radiopiu.net\/wordpress\/wp-content\/uploads\/2020\/05\/84cea5fa-06c4-4150-a593-c4372ac4949f.jpg?w=1600&amp;ssl=1 1600w\" alt=\"\" width=\"317\" height=\"184\" data-recalc-dims=\"1\" data-lazy-loaded=\"1\" \/><\/a><a class=\"dt-pswp-item pspw-wrap-ready\" href=\"https:\/\/i1.wp.com\/www.radiopiu.net\/wordpress\/wp-content\/uploads\/2020\/05\/faee4a5d-fc05-47e6-9bc2-410323950fa0.jpg?ssl=1\" data-dt-img-description=\"\" data-large_image_width=\"1600\" data-large_image_height=\"992\"><img loading=\"lazy\" decoding=\"async\" class=\"alignnone size-medium wp-image-140350 jetpack-lazy-image jetpack-lazy-image--handled\" src=\"https:\/\/i1.wp.com\/www.radiopiu.net\/wordpress\/wp-content\/uploads\/2020\/05\/faee4a5d-fc05-47e6-9bc2-410323950fa0.jpg?resize=300%2C186&amp;ssl=1\" sizes=\"auto, (max-width: 300px) 100vw, 300px\" srcset=\"https:\/\/i1.wp.com\/www.radiopiu.net\/wordpress\/wp-content\/uploads\/2020\/05\/faee4a5d-fc05-47e6-9bc2-410323950fa0.jpg?resize=300%2C186&amp;ssl=1 300w, https:\/\/i1.wp.com\/www.radiopiu.net\/wordpress\/wp-content\/uploads\/2020\/05\/faee4a5d-fc05-47e6-9bc2-410323950fa0.jpg?resize=1024%2C635&amp;ssl=1 1024w, https:\/\/i1.wp.com\/www.radiopiu.net\/wordpress\/wp-content\/uploads\/2020\/05\/faee4a5d-fc05-47e6-9bc2-410323950fa0.jpg?resize=768%2C476&amp;ssl=1 768w, https:\/\/i1.wp.com\/www.radiopiu.net\/wordpress\/wp-content\/uploads\/2020\/05\/faee4a5d-fc05-47e6-9bc2-410323950fa0.jpg?resize=1536%2C952&amp;ssl=1 1536w, https:\/\/i1.wp.com\/www.radiopiu.net\/wordpress\/wp-content\/uploads\/2020\/05\/faee4a5d-fc05-47e6-9bc2-410323950fa0.jpg?w=1600&amp;ssl=1 1600w\" alt=\"\" width=\"300\" height=\"186\" data-recalc-dims=\"1\" data-lazy-loaded=\"1\" \/><\/a><\/p>\n<p>&nbsp;<\/p>\n<p>&nbsp;<\/p>\n<hr \/>\n<\/div>\n<p>&nbsp;<\/p>\n<p>&nbsp;<\/p>\n<p>&nbsp;<\/p>\n<div class=\"page-title-head hgroup\">\n<blockquote>\n<h3 class=\"entry-title\">NESSUN FERITO NEL RIBALTAMENTO DEL RIMORCHIO AD ORZES<\/h3>\n<\/blockquote>\n<\/div>\n<div class=\"page-title-breadcrumbs\">\n<p><strong>BELLUNO<\/strong> Impegnativo intervento dei Vigili del fuoco di Belluno\u00a0 nel pomeriggio di ieri in frazione Orzes alle porte di Belluno. Un rimorchio di un mezzo agricolo si \u00e8 ribaltato\u00a0 perdendo il carico di legna. E\u2019 servita l\u2019autogru per rimetterlo sulle ruote. Sul posto anche la Polizia.<\/p>\n<p class=\"photoswipe-wrapper\"><a class=\"dt-pswp-item pspw-wrap-ready\" href=\"https:\/\/i1.wp.com\/www.radiopiu.net\/wordpress\/wp-content\/uploads\/2020\/05\/photo_2020-05-25_15-25-36LOGO.jpg?ssl=1\" data-dt-img-description=\"\" data-large_image_width=\"960\" data-large_image_height=\"1280\"><img loading=\"lazy\" decoding=\"async\" class=\"alignnone wp-image-140343 jetpack-lazy-image jetpack-lazy-image--handled\" src=\"https:\/\/i1.wp.com\/www.radiopiu.net\/wordpress\/wp-content\/uploads\/2020\/05\/photo_2020-05-25_15-25-36LOGO.jpg?resize=960%2C1280&amp;ssl=1\" sizes=\"auto, (max-width: 960px) 100vw, 960px\" srcset=\"https:\/\/i1.wp.com\/www.radiopiu.net\/wordpress\/wp-content\/uploads\/2020\/05\/photo_2020-05-25_15-25-36LOGO.jpg?w=960&amp;ssl=1 960w, https:\/\/i1.wp.com\/www.radiopiu.net\/wordpress\/wp-content\/uploads\/2020\/05\/photo_2020-05-25_15-25-36LOGO.jpg?resize=225%2C300&amp;ssl=1 225w, https:\/\/i1.wp.com\/www.radiopiu.net\/wordpress\/wp-content\/uploads\/2020\/05\/photo_2020-05-25_15-25-36LOGO.jpg?resize=768%2C1024&amp;ssl=1 768w\" alt=\"\" width=\"329\" height=\"439\" data-recalc-dims=\"1\" data-lazy-loaded=\"1\" \/><\/a><\/p>\n<hr \/>\n<p>&nbsp;<\/p>\n<blockquote>\n<h3>SAR\u00c0 IL PALALUXOTTICA AD OSPITARE LE MACCHINE PER PRODURRE LE MASCHERINE<\/h3>\n<\/blockquote>\n<p><a class=\"dt-pswp-item\" href=\"https:\/\/www.radiopiu.net\/wordpress\/wp-content\/uploads\/2020\/05\/PALALUXOTTICA.jpg\" data-dt-img-description=\"\" data-large_image_width=\"1600\" data-large_image_height=\"901\"><img loading=\"lazy\" decoding=\"async\" class=\"size-medium wp-image-140460 alignleft\" src=\"https:\/\/www.radiopiu.net\/wordpress\/wp-content\/uploads\/2020\/05\/PALALUXOTTICA-300x169.jpg\" alt=\"\" width=\"300\" height=\"169\" srcset=\"https:\/\/www.radiopiu.net\/wordpress\/wp-content\/uploads\/2020\/05\/PALALUXOTTICA-300x169.jpg 300w, https:\/\/www.radiopiu.net\/wordpress\/wp-content\/uploads\/2020\/05\/PALALUXOTTICA-1024x577.jpg 1024w, https:\/\/www.radiopiu.net\/wordpress\/wp-content\/uploads\/2020\/05\/PALALUXOTTICA-768x432.jpg 768w, https:\/\/www.radiopiu.net\/wordpress\/wp-content\/uploads\/2020\/05\/PALALUXOTTICA-1536x865.jpg 1536w, https:\/\/www.radiopiu.net\/wordpress\/wp-content\/uploads\/2020\/05\/PALALUXOTTICA.jpg 1600w\" sizes=\"auto, (max-width: 300px) 100vw, 300px\" \/><\/a>di Gianni Santomaso<\/p>\n<audio class=\"wp-audio-shortcode\" id=\"audio-140186-6\" preload=\"none\" style=\"width: 100%;\" controls=\"controls\"><source type=\"audio\/mpeg\" src=\"https:\/\/www.radiopiu.net\/wordpress\/wp-content\/uploads\/2020\/05\/GIANNI-MASCHERINE-LUXOTTICA.mp3?_=6\" \/><a href=\"https:\/\/www.radiopiu.net\/wordpress\/wp-content\/uploads\/2020\/05\/GIANNI-MASCHERINE-LUXOTTICA.mp3\">https:\/\/www.radiopiu.net\/wordpress\/wp-content\/uploads\/2020\/05\/GIANNI-MASCHERINE-LUXOTTICA.mp3<\/a><\/audio>\n<p>&nbsp;<\/p>\n<p>&nbsp;<\/p>\n<hr \/>\n<p>&nbsp;<\/p>\n<blockquote>\n<h3>LUXOTTICA: COMUNICATA LA CIFRA DEL PREMIO RISULTATO. IL PIU&#8217; ALTO DI SEMPRE<\/h3>\n<\/blockquote>\n<blockquote><p><em>IL PREMIO DI PRODUZIONE CHE DI SOLITO VIENE ACCREDITATO CON LA BUSTA PAGA DI LUGLIO FA RIFERIMENTO AI RISULTATI AZIENDALI ESSILOR &#8211; LUXOTTICA DEL 2019, QUINDI DELLO SCORSO ANNO. I RISULTATI DEL 2020 COMPRESA LA STAGIONE DEL COVID19 ANDRANNO INVECE A DEFINIRE IL PREMIO DI RISULTATO DEL 2021.<\/em><\/p><\/blockquote>\n<p>&nbsp;<\/p>\n<p><strong><a class=\"dt-pswp-item\" href=\"https:\/\/www.radiopiu.net\/wordpress\/wp-content\/uploads\/2019\/10\/MAGLIA-LUXOTTICA.jpeg\" data-dt-img-description=\"\" data-large_image_width=\"1024\" data-large_image_height=\"1024\"><img loading=\"lazy\" decoding=\"async\" class=\" wp-image-103580 alignleft\" src=\"https:\/\/www.radiopiu.net\/wordpress\/wp-content\/uploads\/2019\/10\/MAGLIA-LUXOTTICA-300x300.jpeg\" alt=\"\" width=\"137\" height=\"137\" srcset=\"https:\/\/www.radiopiu.net\/wordpress\/wp-content\/uploads\/2019\/10\/MAGLIA-LUXOTTICA-300x300.jpeg 300w, https:\/\/www.radiopiu.net\/wordpress\/wp-content\/uploads\/2019\/10\/MAGLIA-LUXOTTICA-150x150.jpeg 150w, https:\/\/www.radiopiu.net\/wordpress\/wp-content\/uploads\/2019\/10\/MAGLIA-LUXOTTICA-768x768.jpeg 768w, https:\/\/www.radiopiu.net\/wordpress\/wp-content\/uploads\/2019\/10\/MAGLIA-LUXOTTICA.jpeg 1024w\" sizes=\"auto, (max-width: 137px) 100vw, 137px\" \/><\/a>AGORDO<\/strong> Luxottica e sigle sindacali si sono incontrate in videoconferenza e l&#8217;azienda ha comunicato che il\u00a0 premio di risultato 2019 si attesta a 2400 \u20ac, il pi\u00f9 alto di sempre. E&#8217; composto da: Indice di bilancio Essilor\/Luxottica 11,7 % pari a 2280 \u20ac, Indice di stabilimento valore fisso pari a 120 \u20ac, al quale vanno aggiunti \u20ac 500 di bonus zero malattia, per coloro che hanno avuto la fortuna di non essersi ammalati ( dal 1.4.19 al 30.4.20 ) + bonus del 10% per coloro che hanno un anzianit\u00e0 aziendale almeno di 15 anni Luxottica. Rimane inalterata la possibilit\u00e0 di convertire il premio in flexible benefit (operazione welfare)\u00a0 come da accordi. Il premio calcolato a cambio fisso \u00e8 stato depurato dagli effetti negativi di valenza straordinaria (vedi scandalo Thailandia) e tenendo conto dell\u2019indice di bilancio Essilor\/Luxottica perch\u00e9 migliore rispetto al solo indice Luxottica (come previsto dal Comitato Interno Aziendale-CIA) .Il risultato \u00e8 il migliore di sempre a conferma di un continuo miglioramento negli anni:\u00a0 1892euro (2015) , 2042 (2016) ,\u00a0 2235 (2017) , e 2338 (2018) Nella giornata di domani si svolgeranno le riunioni nei vari siti tra direzione aziendale e Rsu.<\/p>\n<p>&nbsp;<\/p>\n<p>&nbsp;<\/p>\n<p>&nbsp;<\/p>\n<p>&nbsp;<\/p>\n<p>&nbsp;<\/p>\n<hr \/>\n<p>&nbsp;<\/p>\n<p><strong>PER IL PRESIDENTE LUCA ZAIA RICORRERE AGLI ASSISTENTI CIVICI CIOE&#8217; GENDARMI SAREBBE UNA SCONFITTA, IL VENETO CESTINA LA PROPOSTA CHE HA INFUOCATO ANCHE IL VIMINALE DI ASSUMERE 60MILA &#8220;MANGANELLI&#8221; PER FAR RISPETTARE IL DISTANZIAMENTO SOCIALE ALL&#8217;ORA DELLO SPRITZ. IERI A VENEZIA HA PARLATO EVELINA TACCONELLI DIRETTORE DEL MALATTIE INFETTIVE DI VERONA, HA AUSPICATO CHE NON CI SIA UNA SECONDA ONDATA E NELLA SUA TESTA LA DATA DELLA SVOLTA E&#8217; IL 14 GIUGNO, CIOE&#8217; UN MESE DOPO LA RIAPERTURA TOTALE. IN VENETO IERI SOLO 7 CONTAGI, I TAMPONI SONO ORMAI 600MILA, ANCORA ALTO IL NUMERO DELLE VITTIME, 9 ANCHE IERI MENTRE CALANO I RICOVERI, IERI 40 IN MENO. IL PD HA CONTESTATO IL VIDEO DELLA REGIONE PERCHE&#8217; NON RISPETTA LE REGOLE DEL DISTANZIAMENTO SOCIALE E L&#8217;USO DELLA MASCHERINA. &#8220;SONO CONGIUNTI&#8221; HA RISPOSTO ZAIA.<\/strong><\/p>\n<p><strong>IN VENETO<\/strong>\u00a0\u00a0Nuovi casi di positivi\u00a0 7 (domenica 17) da inizio epidemia 19098\u00a0 \u00a0(+7),\u00a0 attualmente positivi 2505\u00a0 (-138),\u00a0 negativizzati\/guariti\u00a0 14710\u00a0 (+136)\u00a0 in isolamento domiciliare 2619 (-24) ricoverati 525 (-40), in ospedale 462 (-19) , ospedali di comunit\u00e0 63 (- 21), terapia intensiva 38 (-2 , 10\u00a0 positivi, 28 negativi),\u00a0 dimessi 3567 (+38) , decessi ospedale 1395 (7) , totale decessi 1883 (9)<\/p>\n<p><strong>IN PROVINCIA DI BELLUNO<\/strong>\u00a0 \u00a0Casi positivi\u00a0 0 (domenica 9) dal 21 febbraio 1162\u00a0 (0 ), attualmente positivi 177\u00a0 (-18), deceduti 109 (+2),\u00a0 negativizzati\/guariti 876\u00a0 (+31), in isolamento domiciliare 413\u00a0 (0), ricoverati ospedale San Martino 10 (+3) , terapia intensiva 0 (0) , ospedale di Comunit\u00e0 di Belluno 0 (0) Agordo 3\u00a0 (-4 ).<\/p>\n<aside id=\"correlati\"><\/aside>\n<p>&nbsp;<\/p>\n<p>&nbsp;<\/p>\n<p>&nbsp;<\/p>\n<hr \/>\n<p>&nbsp;<\/p>\n<blockquote class=\"wp-embedded-content\" data-secret=\"FmDBwyYDXM\"><p><a href=\"https:\/\/www.radiopiu.net\/wordpress\/coronavirus-aggiornamento-nazionale-25-maggio\/\">CORONAVIRUS: AGGIORNAMENTO NAZIONALE 25 MAGGIO<\/a><\/p><\/blockquote>\n<p><iframe loading=\"lazy\" title=\"&#8220;CORONAVIRUS: AGGIORNAMENTO NAZIONALE 25 MAGGIO&#8221; &#8212; Radio Pi\u00f9\" class=\"wp-embedded-content\" sandbox=\"allow-scripts\" security=\"restricted\" style=\"position: absolute; clip: rect(1px, 1px, 1px, 1px);\" src=\"https:\/\/www.radiopiu.net\/wordpress\/coronavirus-aggiornamento-nazionale-25-maggio\/embed\/#?secret=FmDBwyYDXM\" data-secret=\"FmDBwyYDXM\" width=\"600\" height=\"338\" frameborder=\"0\" marginwidth=\"0\" marginheight=\"0\" scrolling=\"no\"><\/iframe><\/p>\n<p>&nbsp;<\/p>\n<hr \/>\n<p>&nbsp;<\/p>\n<blockquote class=\"wp-embedded-content\" data-secret=\"TBaSkerGO9\"><p><a href=\"https:\/\/www.radiopiu.net\/wordpress\/25-maggio\/\">CHE NUMERI: SI SVUOTANO GLI OSPEDALI, 40 PAZIENTI LASCIANO LE CORSIE, OSPEDALE DI COMUNITA&#8217; DI BELLUNO VUOTO. 7 POSITIVI 136 GUARITI, 31 A BELLUNO, 2 PAZIENTI IN MENO IN TERAPIA INTENSIVA, 7 DECESSI IN OSPEDALE, 9 IN 24 ORE<\/a><\/p><\/blockquote>\n<p><iframe loading=\"lazy\" title=\"&#8220;CHE NUMERI: SI SVUOTANO GLI OSPEDALI, 40 PAZIENTI LASCIANO LE CORSIE, OSPEDALE DI COMUNITA&#8217; DI BELLUNO VUOTO. 7 POSITIVI 136 GUARITI, 31 A BELLUNO, 2 PAZIENTI IN MENO IN TERAPIA INTENSIVA, 7 DECESSI IN OSPEDALE, 9 IN 24 ORE&#8221; &#8212; Radio Pi\u00f9\" class=\"wp-embedded-content\" sandbox=\"allow-scripts\" security=\"restricted\" style=\"position: absolute; clip: rect(1px, 1px, 1px, 1px);\" src=\"https:\/\/www.radiopiu.net\/wordpress\/25-maggio\/embed\/#?secret=TBaSkerGO9\" data-secret=\"TBaSkerGO9\" width=\"600\" height=\"338\" frameborder=\"0\" marginwidth=\"0\" marginheight=\"0\" scrolling=\"no\"><\/iframe><\/p>\n<p>&nbsp;<\/p>\n<hr \/>\n<p>&nbsp;<\/p>\n<blockquote class=\"wp-embedded-content\" data-secret=\"qln733ZBIr\"><p><a href=\"https:\/\/www.radiopiu.net\/wordpress\/aggiornamento-assessorato-protezione-civile-25-maggio-2020\/\">AGGIORNAMENTO ASSESSORATO PROTEZIONE CIVILE 25 MAGGIO 2020<\/a><\/p><\/blockquote>\n<p><iframe loading=\"lazy\" title=\"&#8220;AGGIORNAMENTO ASSESSORATO PROTEZIONE CIVILE 25 MAGGIO 2020&#8221; &#8212; Radio Pi\u00f9\" class=\"wp-embedded-content\" sandbox=\"allow-scripts\" security=\"restricted\" style=\"position: absolute; clip: rect(1px, 1px, 1px, 1px);\" src=\"https:\/\/www.radiopiu.net\/wordpress\/aggiornamento-assessorato-protezione-civile-25-maggio-2020\/embed\/#?secret=qln733ZBIr\" data-secret=\"qln733ZBIr\" width=\"600\" height=\"338\" frameborder=\"0\" marginwidth=\"0\" marginheight=\"0\" scrolling=\"no\"><\/iframe><\/p>\n<p>&nbsp;<\/p>\n<hr \/>\n<p>&nbsp;<\/p>\n<blockquote>\n<h3>DATI E GRAFICI DEL GIORNO, PROVINCIA \u2013 REGIONE 25 MAGGIO 2020<\/h3>\n<\/blockquote>\n<p><strong>Con la collaborazione di Tiziano De Col<\/strong><\/p>\n<p><a class=\"dt-pswp-item\" href=\"https:\/\/www.radiopiu.net\/wordpress\/wp-content\/uploads\/2020\/05\/Schermata-2020-05-25-alle-18.49.56.png\" data-dt-img-description=\"\" data-large_image_width=\"806\" data-large_image_height=\"446\"><img loading=\"lazy\" decoding=\"async\" class=\"alignnone size-medium wp-image-140399\" src=\"https:\/\/www.radiopiu.net\/wordpress\/wp-content\/uploads\/2020\/05\/Schermata-2020-05-25-alle-18.49.56-300x166.png\" alt=\"\" width=\"300\" height=\"166\" srcset=\"https:\/\/www.radiopiu.net\/wordpress\/wp-content\/uploads\/2020\/05\/Schermata-2020-05-25-alle-18.49.56-300x166.png 300w, https:\/\/www.radiopiu.net\/wordpress\/wp-content\/uploads\/2020\/05\/Schermata-2020-05-25-alle-18.49.56-768x425.png 768w, https:\/\/www.radiopiu.net\/wordpress\/wp-content\/uploads\/2020\/05\/Schermata-2020-05-25-alle-18.49.56.png 806w\" sizes=\"auto, (max-width: 300px) 100vw, 300px\" \/><\/a><a class=\"dt-pswp-item\" href=\"https:\/\/www.radiopiu.net\/wordpress\/wp-content\/uploads\/2020\/05\/b5dd068d-93a7-45eb-bdb6-6326c00391d8.jpg\" data-dt-img-description=\"\" data-large_image_width=\"604\" data-large_image_height=\"352\"><img loading=\"lazy\" decoding=\"async\" class=\"alignnone size-medium wp-image-140400\" src=\"https:\/\/www.radiopiu.net\/wordpress\/wp-content\/uploads\/2020\/05\/b5dd068d-93a7-45eb-bdb6-6326c00391d8-300x175.jpg\" alt=\"\" width=\"300\" height=\"175\" srcset=\"https:\/\/www.radiopiu.net\/wordpress\/wp-content\/uploads\/2020\/05\/b5dd068d-93a7-45eb-bdb6-6326c00391d8-300x175.jpg 300w, https:\/\/www.radiopiu.net\/wordpress\/wp-content\/uploads\/2020\/05\/b5dd068d-93a7-45eb-bdb6-6326c00391d8.jpg 604w\" sizes=\"auto, (max-width: 300px) 100vw, 300px\" \/><\/a><a class=\"dt-pswp-item\" href=\"https:\/\/www.radiopiu.net\/wordpress\/wp-content\/uploads\/2020\/05\/38dba0ac-b402-468b-9545-a6dad50d339c.jpg\" data-dt-img-description=\"\" data-large_image_width=\"630\" data-large_image_height=\"373\"><img loading=\"lazy\" decoding=\"async\" class=\"alignnone size-medium wp-image-140401\" src=\"https:\/\/www.radiopiu.net\/wordpress\/wp-content\/uploads\/2020\/05\/38dba0ac-b402-468b-9545-a6dad50d339c-300x178.jpg\" alt=\"\" width=\"300\" height=\"178\" srcset=\"https:\/\/www.radiopiu.net\/wordpress\/wp-content\/uploads\/2020\/05\/38dba0ac-b402-468b-9545-a6dad50d339c-300x178.jpg 300w, https:\/\/www.radiopiu.net\/wordpress\/wp-content\/uploads\/2020\/05\/38dba0ac-b402-468b-9545-a6dad50d339c.jpg 630w\" sizes=\"auto, (max-width: 300px) 100vw, 300px\" \/><\/a><\/p>\n<p>&nbsp;<\/p>\n<p>&nbsp;<\/p>\n<hr \/>\n<p>&nbsp;<\/p>\n<\/div>\n<blockquote>\n<h3 class=\"entry-title\">I CONTAGI COMUNE PER COMUNE, SITUAZIONE AL 25 MAGGIO, IN ALLEGATO I DETTAGLI DALLE TABELLE DI FABIO DA ROLT<\/h3>\n<\/blockquote>\n<h2>41 COMUNI COVID19 FREE\u2026 LIBERI DA CONTAGI<\/h2>\n<p><strong>I COMUNI PIU \u201cCONTAGIATI\u201d<\/strong>\u00a0Borgo Valbelluna 66, Pedavena 28,\u00a0 Lamon 18,\u00a0 Alano di Piave 16, Cortina 10, Alpago e Feltre 9, Belluno 6, San Tomaso 2, Agordo, Alleghe e Taibon 1<\/p>\n<p>IN TABELLA RIPORTATI GLI EX COMUNI LENTIAI E MEL DA NON CONSIDERARE MA FARE RIFERIMENTO AL COMUNE UNICO BORGO VALBELLUNA<\/p>\n<p class=\"photoswipe-wrapper\"><a class=\"dt-pswp-item pspw-wrap-ready\" href=\"https:\/\/i1.wp.com\/www.radiopiu.net\/wordpress\/wp-content\/uploads\/2020\/05\/16be61e6-cd4d-437d-a373-5cae57b46991.jpg?ssl=1\" data-dt-img-description=\"\" data-large_image_width=\"1008\" data-large_image_height=\"549\"><img loading=\"lazy\" decoding=\"async\" class=\"alignnone wp-image-140209 size-full jetpack-lazy-image jetpack-lazy-image--handled\" src=\"https:\/\/i1.wp.com\/www.radiopiu.net\/wordpress\/wp-content\/uploads\/2020\/05\/16be61e6-cd4d-437d-a373-5cae57b46991.jpg?resize=1008%2C549&amp;ssl=1\" sizes=\"auto, (max-width: 1008px) 100vw, 1008px\" srcset=\"https:\/\/i1.wp.com\/www.radiopiu.net\/wordpress\/wp-content\/uploads\/2020\/05\/16be61e6-cd4d-437d-a373-5cae57b46991.jpg?w=1008&amp;ssl=1 1008w, https:\/\/i1.wp.com\/www.radiopiu.net\/wordpress\/wp-content\/uploads\/2020\/05\/16be61e6-cd4d-437d-a373-5cae57b46991.jpg?resize=300%2C163&amp;ssl=1 300w, https:\/\/i1.wp.com\/www.radiopiu.net\/wordpress\/wp-content\/uploads\/2020\/05\/16be61e6-cd4d-437d-a373-5cae57b46991.jpg?resize=768%2C418&amp;ssl=1 768w\" alt=\"\" width=\"1008\" height=\"549\" data-recalc-dims=\"1\" data-lazy-loaded=\"1\" \/><\/a><\/p>\n<p class=\"photoswipe-wrapper\"><a class=\"dt-pswp-item pspw-wrap-ready\" href=\"https:\/\/i2.wp.com\/www.radiopiu.net\/wordpress\/wp-content\/uploads\/2020\/05\/554dd9b2-f947-4c61-867c-ab15ac7ebcb1.jpg?ssl=1\" data-dt-img-description=\"\" data-large_image_width=\"1006\" data-large_image_height=\"543\"><img loading=\"lazy\" decoding=\"async\" class=\"alignnone wp-image-140210 size-full jetpack-lazy-image jetpack-lazy-image--handled\" src=\"https:\/\/i2.wp.com\/www.radiopiu.net\/wordpress\/wp-content\/uploads\/2020\/05\/554dd9b2-f947-4c61-867c-ab15ac7ebcb1.jpg?resize=1006%2C543&amp;ssl=1\" sizes=\"auto, (max-width: 1006px) 100vw, 1006px\" srcset=\"https:\/\/i2.wp.com\/www.radiopiu.net\/wordpress\/wp-content\/uploads\/2020\/05\/554dd9b2-f947-4c61-867c-ab15ac7ebcb1.jpg?w=1006&amp;ssl=1 1006w, https:\/\/i2.wp.com\/www.radiopiu.net\/wordpress\/wp-content\/uploads\/2020\/05\/554dd9b2-f947-4c61-867c-ab15ac7ebcb1.jpg?resize=300%2C162&amp;ssl=1 300w, https:\/\/i2.wp.com\/www.radiopiu.net\/wordpress\/wp-content\/uploads\/2020\/05\/554dd9b2-f947-4c61-867c-ab15ac7ebcb1.jpg?resize=768%2C415&amp;ssl=1 768w\" alt=\"\" width=\"1006\" height=\"543\" data-recalc-dims=\"1\" data-lazy-loaded=\"1\" \/><\/a><\/p>\n<p class=\"photoswipe-wrapper\"><a class=\"dt-pswp-item pspw-wrap-ready\" href=\"https:\/\/i0.wp.com\/www.radiopiu.net\/wordpress\/wp-content\/uploads\/2020\/05\/9f7974ae-5e42-4acb-8d2b-dad9714098a8.jpg?ssl=1\" data-dt-img-description=\"\" data-large_image_width=\"1009\" data-large_image_height=\"223\"><img loading=\"lazy\" decoding=\"async\" class=\"alignnone wp-image-140211 size-full jetpack-lazy-image jetpack-lazy-image--handled\" src=\"https:\/\/i0.wp.com\/www.radiopiu.net\/wordpress\/wp-content\/uploads\/2020\/05\/9f7974ae-5e42-4acb-8d2b-dad9714098a8.jpg?resize=1009%2C223&amp;ssl=1\" sizes=\"auto, (max-width: 1009px) 100vw, 1009px\" srcset=\"https:\/\/i0.wp.com\/www.radiopiu.net\/wordpress\/wp-content\/uploads\/2020\/05\/9f7974ae-5e42-4acb-8d2b-dad9714098a8.jpg?w=1009&amp;ssl=1 1009w, https:\/\/i0.wp.com\/www.radiopiu.net\/wordpress\/wp-content\/uploads\/2020\/05\/9f7974ae-5e42-4acb-8d2b-dad9714098a8.jpg?resize=300%2C66&amp;ssl=1 300w, https:\/\/i0.wp.com\/www.radiopiu.net\/wordpress\/wp-content\/uploads\/2020\/05\/9f7974ae-5e42-4acb-8d2b-dad9714098a8.jpg?resize=768%2C170&amp;ssl=1 768w\" alt=\"\" width=\"1009\" height=\"223\" data-recalc-dims=\"1\" data-lazy-loaded=\"1\" \/><\/a><\/p>\n<p>&nbsp;<\/p>\n<p>&nbsp;<\/p>\n<p>&nbsp;<\/p>\n<h1>ELABORAZIONE FABIO DA ROLT,<\/h1>\n<h1><span style=\"color: #0000ff;\"><a style=\"color: #0000ff;\" href=\"https:\/\/sites.google.com\/view\/coronavirusbelluno\/homepage\/dettaglio-comuni\">Coronavirus BL \u2013 Dettaglio comuni\u00a0CLICCA QUI<\/a><\/span><\/h1>\n<h1>ELABORAZIONE FABIO DA ROLT,<\/h1>\n<h1><span style=\"color: #0000ff;\"><a style=\"color: #0000ff;\" href=\"https:\/\/sites.google.com\/view\/coronavirusbelluno\/homepage\/comuni\" target=\"_blank\" rel=\"noopener noreferrer\">Coronavirus BL \u2013 Casi per comune CLICCA QUI<\/a><\/span><\/h1>\n<p>&nbsp;<\/p>\n<hr \/>\n<p>&nbsp;<\/p>\n<blockquote class=\"wp-embedded-content\" data-secret=\"E8lFwJAQgv\"><p><a href=\"https:\/\/www.radiopiu.net\/wordpress\/i-movimenti-sulle-strade-questa-domenica-il-lago-di-santa-croce-e-i-passi-dolomiti-tra-le-mete-piu-ambite-alpago-74-a-selva-di-cadore-quasi-9-volte-il-traffico-della-scorsa-settimana\/\">I MOVIMENTI SULLE STRADE QUESTA DOMENICA. IL LAGO DI SANTA CROCE E I PASSI DOLOMITI TRA LE METE PI\u00d9 AMBITE. ALPAGO +74%, A SELVA DI CADORE QUASI 9 VOLTE IL TRAFFICO DELLA SCORSA SETTIMANA<\/a><\/p><\/blockquote>\n<p><iframe loading=\"lazy\" title=\"&#8220;I MOVIMENTI SULLE STRADE QUESTA DOMENICA. IL LAGO DI SANTA CROCE E I PASSI DOLOMITI TRA LE METE PI\u00d9 AMBITE. ALPAGO +74%, A SELVA DI CADORE QUASI 9 VOLTE IL TRAFFICO DELLA SCORSA SETTIMANA&#8221; &#8212; Radio Pi\u00f9\" class=\"wp-embedded-content\" sandbox=\"allow-scripts\" security=\"restricted\" style=\"position: absolute; clip: rect(1px, 1px, 1px, 1px);\" src=\"https:\/\/www.radiopiu.net\/wordpress\/i-movimenti-sulle-strade-questa-domenica-il-lago-di-santa-croce-e-i-passi-dolomiti-tra-le-mete-piu-ambite-alpago-74-a-selva-di-cadore-quasi-9-volte-il-traffico-della-scorsa-settimana\/embed\/#?secret=E8lFwJAQgv\" data-secret=\"E8lFwJAQgv\" width=\"600\" height=\"338\" frameborder=\"0\" marginwidth=\"0\" marginheight=\"0\" scrolling=\"no\"><\/iframe><\/p>\n<p>&nbsp;<\/p>\n<hr \/>\n<p>&nbsp;<\/p>\n<blockquote>\n<h3>I TEMPI PRINCIPALI DALLA CONFERENZA STAMPA DI ZAIA IERI<\/h3>\n<\/blockquote>\n<p><strong><a class=\"dt-pswp-item\" href=\"https:\/\/www.radiopiu.net\/wordpress\/wp-content\/uploads\/2020\/04\/ZAIA.jpg\" data-dt-img-description=\"\" data-large_image_width=\"960\" data-large_image_height=\"720\"><img loading=\"lazy\" decoding=\"async\" class=\"size-medium wp-image-133954 alignleft\" src=\"https:\/\/www.radiopiu.net\/wordpress\/wp-content\/uploads\/2020\/04\/ZAIA-300x225.jpg\" alt=\"\" width=\"300\" height=\"225\" srcset=\"https:\/\/www.radiopiu.net\/wordpress\/wp-content\/uploads\/2020\/04\/ZAIA-300x225.jpg 300w, https:\/\/www.radiopiu.net\/wordpress\/wp-content\/uploads\/2020\/04\/ZAIA-768x576.jpg 768w, https:\/\/www.radiopiu.net\/wordpress\/wp-content\/uploads\/2020\/04\/ZAIA.jpg 960w\" sizes=\"auto, (max-width: 300px) 100vw, 300px\" \/><\/a>MONDIALI DI SCI A CORTINA<\/strong> Del rinvio al 2022 Lo sapevo da un paio di mesi, ne ho parlato con Roda Presidente della Fisi \u00e8 la soluzione migliore, molto meglio che rischiare i fare i mondiali senza pubblico, non abbiamo la certezza di avere una stagione invernale senza covid19. Anche per non vanificare il lavoro di tante persone. Se ci danno l&#8217;opportunit\u00e0 di spostarli al 2022 sarebbe ideale anche in ottica Olimpiadi 2026 e per un incastro internazionale. Quindi spero che il comitato olimpico accetti le nostre proposte,\u00a0 il nostro appello e Roda sta facendo un ottimo lavoro. Non \u00e8 una sconfitta la la volont\u00e0 di dare il meglio. Confido nella collaborazione dei nostri compagni di viaggio internazionali, sarebbe un buon segnale.\u00a0 Non vengono certo spostati perch\u00e9 siamo in ritardo con i lavori, \u00e8 una scelta ragionata, ne ho parlato anche con il Presidente Alessandro Benetton e ci sta lavorando da tempo<\/p>\n<p><strong>PROBLEMI ECONOMICI DETTO DA MALAGO&#8217; <\/strong>\u00a0Intanto il posticipo pi\u00f9 vicino alle Olimpiadi ci crea l&#8217;effetto abbrivio. Non conosco la dichiarazione di Malago&#8217;, forse per problemi di pubblico se fatti nel 2021. Siamo in grado di rispondere presenti al 2021, ma l&#8217;anno dopo sarebbe certa la presenza del pubblico.<\/p>\n<audio class=\"wp-audio-shortcode\" id=\"audio-140186-7\" preload=\"none\" style=\"width: 100%;\" controls=\"controls\"><source type=\"audio\/mpeg\" src=\"https:\/\/www.radiopiu.net\/wordpress\/wp-content\/uploads\/2020\/05\/ZAIA-MONDIALI-SCI-2.mp3?_=7\" \/><a href=\"https:\/\/www.radiopiu.net\/wordpress\/wp-content\/uploads\/2020\/05\/ZAIA-MONDIALI-SCI-2.mp3\">https:\/\/www.radiopiu.net\/wordpress\/wp-content\/uploads\/2020\/05\/ZAIA-MONDIALI-SCI-2.mp3<\/a><\/audio>\n<p>&nbsp;<\/p>\n<p><b>LA MOVIDA? <\/b>E&#8217; una sconfitta mandare i controlli. E&#8217; un problema culturale con dei ragazzi per bene non per delinquenti. Se non \u00e8 passato il messaggio significa che abbiamo fallito. Ci sono complottisti che dicono che abbiamo fatto perdere tempo ai cittadini. Dobbiamo far capire ai ragazzi che per ribellarsi ai controlli basta indossare la mascherina per protesta. Non giochiamo a guardia e ladri. Non torniamo ai tempi del proibizionismo con la bottiglia nell sacchetto per nasconderla<\/p>\n<audio class=\"wp-audio-shortcode\" id=\"audio-140186-8\" preload=\"none\" style=\"width: 100%;\" controls=\"controls\"><source type=\"audio\/mpeg\" src=\"https:\/\/www.radiopiu.net\/wordpress\/wp-content\/uploads\/2020\/05\/ZAIA-MOVIDA.mp3?_=8\" \/><a href=\"https:\/\/www.radiopiu.net\/wordpress\/wp-content\/uploads\/2020\/05\/ZAIA-MOVIDA.mp3\">https:\/\/www.radiopiu.net\/wordpress\/wp-content\/uploads\/2020\/05\/ZAIA-MOVIDA.mp3<\/a><\/audio>\n<p>&nbsp;<\/p>\n<hr \/>\n<p>&nbsp;<\/p>\n<blockquote>\n<h3>PROFESSORESSA TACCONELLI DEL \u201cMAGIC\u201d TEAM VENETO, ORDINARIA MALATTIE INFETTIVE A VERONA<\/h3>\n<\/blockquote>\n<p><em><strong><a class=\"dt-pswp-item\" href=\"https:\/\/www.radiopiu.net\/wordpress\/wp-content\/uploads\/2020\/05\/IMG_883A52DDFF35-1.jpeg\" data-dt-img-description=\"\" data-large_image_width=\"1200\" data-large_image_height=\"837\"><img loading=\"lazy\" decoding=\"async\" class=\"size-medium wp-image-140314 alignleft\" src=\"https:\/\/www.radiopiu.net\/wordpress\/wp-content\/uploads\/2020\/05\/IMG_883A52DDFF35-1-300x209.jpeg\" alt=\"\" width=\"300\" height=\"209\" srcset=\"https:\/\/www.radiopiu.net\/wordpress\/wp-content\/uploads\/2020\/05\/IMG_883A52DDFF35-1-300x209.jpeg 300w, https:\/\/www.radiopiu.net\/wordpress\/wp-content\/uploads\/2020\/05\/IMG_883A52DDFF35-1-1024x714.jpeg 1024w, https:\/\/www.radiopiu.net\/wordpress\/wp-content\/uploads\/2020\/05\/IMG_883A52DDFF35-1-768x536.jpeg 768w, https:\/\/www.radiopiu.net\/wordpress\/wp-content\/uploads\/2020\/05\/IMG_883A52DDFF35-1.jpeg 1200w\" sizes=\"auto, (max-width: 300px) 100vw, 300px\" \/><\/a>EVELINA TACCONELLI<\/strong>\u00a0Specialista in Malattie Infettive, La Prof.ssa Evelina Tacconelli \u00e8 Direttrice della Scuola di Specializzazione di Malattie Infettive e Tropicali dell\u2019Universit\u00e0 di Verona e Direttrice del Centro di Malattie Infettive presso l\u2019Universit\u00e0 di Tuebingen (Germania) dal 2013. Fa parte inoltre della commissione WHO responsabile di infection control e sorveglianza dell\u2019antibiotico resistenza e dell\u2019ESCMID Executive Committe. Principali campi di interesse: epidemiologia e clinica delle infezioni correlate all\u2019assistenza, antimicrobial stewardship, infection control e salute pubblica. Coordina 29 centri in Italia e somministra i farmaci per la cura (solo in centri riconosciuti).<\/em><\/p>\n<audio class=\"wp-audio-shortcode\" id=\"audio-140186-9\" preload=\"none\" style=\"width: 100%;\" controls=\"controls\"><source type=\"audio\/mpeg\" src=\"https:\/\/www.radiopiu.net\/wordpress\/wp-content\/uploads\/2020\/05\/DOOTORESSA-INTERVENTO.mp3?_=9\" \/><a href=\"https:\/\/www.radiopiu.net\/wordpress\/wp-content\/uploads\/2020\/05\/DOOTORESSA-INTERVENTO.mp3\">https:\/\/www.radiopiu.net\/wordpress\/wp-content\/uploads\/2020\/05\/DOOTORESSA-INTERVENTO.mp3<\/a><\/audio>\n<p>&nbsp;<\/p>\n<p><strong>SECONDA ONDATA? IL 14 GIUGNO DESIDERIO O PREVISIONE?<\/strong><\/p>\n<p>Non mi sbilancio e non faccio previsioni. In questo caso \u00e8 la mia esperienza clinica che mi ha fatto parlare dei 14 giugno. Stiamo riprendendo fiato grazie a lockdown e distanziamento sociale, e\u2019 una mia opinione personale<\/p>\n<audio class=\"wp-audio-shortcode\" id=\"audio-140186-10\" preload=\"none\" style=\"width: 100%;\" controls=\"controls\"><source type=\"audio\/mpeg\" src=\"https:\/\/www.radiopiu.net\/wordpress\/wp-content\/uploads\/2020\/05\/DOTT-14-GIUGNO.mp3?_=10\" \/><a href=\"https:\/\/www.radiopiu.net\/wordpress\/wp-content\/uploads\/2020\/05\/DOTT-14-GIUGNO.mp3\">https:\/\/www.radiopiu.net\/wordpress\/wp-content\/uploads\/2020\/05\/DOTT-14-GIUGNO.mp3<\/a><\/audio>\n<p>&nbsp;<\/p>\n<p><strong>QUANDO TEMPO UN PAZIENTE IN OSPEDALE?<\/strong><\/p>\n<p>Cerchiamo di mandare a casa il paziente appena possibile, in media tra i 7 e i 10 giorni se non ci sono complicazioni, per questo alcuni di questi sono ancora ricoverati. I morti di oggi sono pazienti\u00a0 ricoverati da 8-9 settimane, non e\u2019 una mortalit\u00e0 di questo tempo<\/p>\n<audio class=\"wp-audio-shortcode\" id=\"audio-140186-11\" preload=\"none\" style=\"width: 100%;\" controls=\"controls\"><source type=\"audio\/mpeg\" src=\"https:\/\/www.radiopiu.net\/wordpress\/wp-content\/uploads\/2020\/05\/DOTT-PAZIENTE-IN-OSPEDALE.mp3?_=11\" \/><a href=\"https:\/\/www.radiopiu.net\/wordpress\/wp-content\/uploads\/2020\/05\/DOTT-PAZIENTE-IN-OSPEDALE.mp3\">https:\/\/www.radiopiu.net\/wordpress\/wp-content\/uploads\/2020\/05\/DOTT-PAZIENTE-IN-OSPEDALE.mp3<\/a><\/audio>\n<p>&nbsp;<\/p>\n<p><strong>MORIRE DI COVID SENZA ALTRE PATOLOGIE?<\/strong><\/p>\n<p>Si la mortalit\u00e0 cruda esiste come la attribuibile. Le infezioni aggrediscono chi ha immuno depressioni, il covid colpisce di piu\u2019 chi ha altre patologie. Non \u00e8 essenziale questa risposta. Io devo curare e ridurre la mortalit\u00e0<\/p>\n<audio class=\"wp-audio-shortcode\" id=\"audio-140186-12\" preload=\"none\" style=\"width: 100%;\" controls=\"controls\"><source type=\"audio\/mpeg\" src=\"https:\/\/www.radiopiu.net\/wordpress\/wp-content\/uploads\/2020\/05\/DOTT-MORIRE-DI-COVID.mp3?_=12\" \/><a href=\"https:\/\/www.radiopiu.net\/wordpress\/wp-content\/uploads\/2020\/05\/DOTT-MORIRE-DI-COVID.mp3\">https:\/\/www.radiopiu.net\/wordpress\/wp-content\/uploads\/2020\/05\/DOTT-MORIRE-DI-COVID.mp3<\/a><\/audio>\n<p>&nbsp;<\/p>\n<p><strong>SCUOLE<\/strong><\/p>\n<p>Favorevole all\u2019apertura se la situazione rimane come quella attuale, ma e\u2019 prematuro per esprimere giudizi. Bisogner\u00e0 preparaci ora per affrontare il nuovo anno scolastico<\/p>\n<audio class=\"wp-audio-shortcode\" id=\"audio-140186-13\" preload=\"none\" style=\"width: 100%;\" controls=\"controls\"><source type=\"audio\/mpeg\" src=\"https:\/\/www.radiopiu.net\/wordpress\/wp-content\/uploads\/2020\/05\/DOTT-SCUOLA.mp3?_=13\" \/><a href=\"https:\/\/www.radiopiu.net\/wordpress\/wp-content\/uploads\/2020\/05\/DOTT-SCUOLA.mp3\">https:\/\/www.radiopiu.net\/wordpress\/wp-content\/uploads\/2020\/05\/DOTT-SCUOLA.mp3<\/a><\/audio>\n<p>&nbsp;<\/p>\n<hr \/>\n<p>&nbsp;<\/p>\n<blockquote>\n<h3>&#8220;DE COCCIO&#8221;: LA SETTIMANA SI CHIUDE CON 15 SANZIONI<\/h3>\n<\/blockquote>\n<p><strong>BELLUNO<\/strong> 15 sanzioni in 7 giorni. Questo il dato comunicato dalla Prefettura di Belluno in base ai controlli per il contenimento del Covid-19. 600 le persone controllate nella giornata di domenica e 2 le contravvenzioni. Continuano i controlli anche nelle attivit\u00e0 commerciali. La settimana si chiude senza sanzioni e senza chiusure provvisorie. 3904 gli esercizi controllati dalla Forze dell&#8217;Ordine.<\/p>\n<p><a class=\"dt-pswp-item\" href=\"https:\/\/www.radiopiu.net\/wordpress\/wp-content\/uploads\/2020\/05\/MONITORAGGIO_SERVIZI_DI_CONTROLLO_-_SETTIMANA_DAL_18-05_AL_24-05.jpg\" data-dt-img-description=\"\" data-large_image_width=\"1240\" data-large_image_height=\"1754\"><img loading=\"lazy\" decoding=\"async\" class=\"alignnone wp-image-140225 \" src=\"https:\/\/www.radiopiu.net\/wordpress\/wp-content\/uploads\/2020\/05\/MONITORAGGIO_SERVIZI_DI_CONTROLLO_-_SETTIMANA_DAL_18-05_AL_24-05-724x1024.jpg\" alt=\"\" width=\"283\" height=\"400\" srcset=\"https:\/\/www.radiopiu.net\/wordpress\/wp-content\/uploads\/2020\/05\/MONITORAGGIO_SERVIZI_DI_CONTROLLO_-_SETTIMANA_DAL_18-05_AL_24-05-724x1024.jpg 724w, https:\/\/www.radiopiu.net\/wordpress\/wp-content\/uploads\/2020\/05\/MONITORAGGIO_SERVIZI_DI_CONTROLLO_-_SETTIMANA_DAL_18-05_AL_24-05-212x300.jpg 212w, https:\/\/www.radiopiu.net\/wordpress\/wp-content\/uploads\/2020\/05\/MONITORAGGIO_SERVIZI_DI_CONTROLLO_-_SETTIMANA_DAL_18-05_AL_24-05-768x1086.jpg 768w, https:\/\/www.radiopiu.net\/wordpress\/wp-content\/uploads\/2020\/05\/MONITORAGGIO_SERVIZI_DI_CONTROLLO_-_SETTIMANA_DAL_18-05_AL_24-05-1086x1536.jpg 1086w, https:\/\/www.radiopiu.net\/wordpress\/wp-content\/uploads\/2020\/05\/MONITORAGGIO_SERVIZI_DI_CONTROLLO_-_SETTIMANA_DAL_18-05_AL_24-05.jpg 1240w\" sizes=\"auto, (max-width: 283px) 100vw, 283px\" \/><\/a><\/p>\n<p>&nbsp;<\/p>\n<p>&nbsp;<\/p>\n<hr \/>\n<p>&nbsp;<\/p>\n<p><strong>IERI SERA CONSIGLIO COMUNALE A FALCADE, LA DIRETTA DI RADIO PIU<\/strong><\/p>\n<p>RINEGOZIAZIONE DEI PRESTITI, PER SALVATERRA DELLA MINORANZA <em>&#8220;SIAMO CONSAPEVOLI CHE COSA SIGNIFICANO LE SPESE IN CONTO CORRENTE, NON ABBIAMO LA COMPETENZA DA COMMERCIALISTI MA ABBIAMO ANALIZZATO I DATI. NON SIAMO RIUSCITI A FARE TUTTE LE SIMULAZIONI COME SERAFINI MA SIAMO CONVINTI CHE L&#8217;INIZIATIVA SIA LODEVOLE E PER QUESTO VOTEREMO A FAVORE&#8221;<\/em> SODDISFATTO IL SINDACO MICHELE COSTA <em>&#8220;E&#8217; UNA SCELTA DELICATA E L&#8217;ABBIAMO VALUTATA CON ATTENZIONE, CHE SI STATO ESPRESSO UN VOTO ALL&#8217;UNANIMITA&#8217; E&#8217; SENZ&#8217;ALTRO UNA COSA CHE DA FORZA A TUTTO IL CONSIGLIO COMUNALE ED ALLA COMUNITA&#8217;, UNA COSA DAVVERO BELLA&#8221;<\/em><\/p>\n<p>&nbsp;<\/p>\n<p>https:\/\/www.facebook.com\/mirko.mezzacasa\/videos\/10223375791089837\/<\/p>\n<p>&nbsp;<\/p>\n<p>&nbsp;<\/p>\n<hr \/>\n<p>&nbsp;<\/p>\n<blockquote>\n<h3>PROGETTO PILOTA PER LA RIAPERTURA DELLE ATTIVIT\u00c0 PRODUTTIVE INTERESSATE. 7 AZIENDE BELLUNESI PER UN TOTALE DI 1.800 ADDETTI<\/h3>\n<\/blockquote>\n<p><b><a class=\"dt-pswp-item\" href=\"https:\/\/www.radiopiu.net\/wordpress\/wp-content\/uploads\/2020\/05\/TEST-SANGUE.jpg\" data-dt-img-description=\"\" data-large_image_width=\"1920\" data-large_image_height=\"1280\"><img loading=\"lazy\" decoding=\"async\" class=\"size-medium wp-image-140352 alignleft\" src=\"https:\/\/www.radiopiu.net\/wordpress\/wp-content\/uploads\/2020\/05\/TEST-SANGUE-300x200.jpg\" alt=\"\" width=\"300\" height=\"200\" srcset=\"https:\/\/www.radiopiu.net\/wordpress\/wp-content\/uploads\/2020\/05\/TEST-SANGUE-300x200.jpg 300w, https:\/\/www.radiopiu.net\/wordpress\/wp-content\/uploads\/2020\/05\/TEST-SANGUE-1024x683.jpg 1024w, https:\/\/www.radiopiu.net\/wordpress\/wp-content\/uploads\/2020\/05\/TEST-SANGUE-768x512.jpg 768w, https:\/\/www.radiopiu.net\/wordpress\/wp-content\/uploads\/2020\/05\/TEST-SANGUE-1536x1024.jpg 1536w, https:\/\/www.radiopiu.net\/wordpress\/wp-content\/uploads\/2020\/05\/TEST-SANGUE.jpg 1920w\" sizes=\"auto, (max-width: 300px) 100vw, 300px\" \/><\/a>BELLUNO<\/b>\u00a0Sette Aziende della provincia di Belluno, per un totale di 1.800 addetti, sono coinvolte nel \u201cProgetto Pilota per la riapertura delle aziende produttive\u201d della Regione del Veneto, finalizzato a testare il modello per la riapertura (sanitario,organizzativo, informativo) e a valutarne l\u2019estensione e la sostenibilit\u00e0 su scala pi\u00f9 ampia.\u00a0Il Progetto Pilota prevede il coinvolgimento di un campione di aziende rappresentativo del tessuto produttivo della Regione del Veneto e un ruolo centrale per il Medico Competente aziendale, e fornir\u00e0 alle aziende partecipanti informazioni sul livello di rischio di ogni singolo lavoratore, integrando in particolare dati sullo stato di salute, sull\u2019area geografica e sull\u2019esito dei diversi test di screening disponibili, per consentire un reinserimento o un mantenimento nel proprio ambiente di lavoro a tutela della sua salute e della collettivit\u00e0.\u00a0Gli obiettivi del Progetto Pilota sono:\u00a0Individuazione dei flussi informativi e delle modalit\u00e0 di contatto pi\u00f9 appropriate , tra le singole aziende e le strutture del sistema Sanitario Regionale, per la circolazione delle informazioni, anche sanitarie, ritenute necessarie per la tutela della salute pubblica e del lavoratore.\u00a0Caratterizzazione epidemiologica della diffusione del virus nella popolazione lavorativa, mediante l\u2019individuazione di soggetti gi\u00e0 infettati, guariti, immunizzati e suscettibili.\u00a0Acquisizione di informazioni sulla sieroprevalenza e su suoi eventuali determinanti (come area geografica, classe di et\u00e0, genere, mansione lavorativa.\u00a0Acquisizione, nelle more di un intervento di armonizzazione nazionale, di elementi informativi utili a individuare l\u2019utilizzo pi\u00f9 appropriato dei diversi test diagnostici e di screening disponibili, nonch\u00e9 a supportare il processo di validazione dei diversi test sierologici da parte delle strutture tecnico-scientifiche preposte.\u00a0Verifica dell\u2019efficacia delle misure di contenimento attuate negli ambienti di lavoro e acquisizione di elementi per valutare eventuali azioni correttive.\u00a0A coordinare il progetto per l\u2019area dell\u2019Ulss Dolomiti \u00e8 lo SPISAL, diretto da Gianfranco Albertin. Le imprese bellunesi cha hanno aderito sono: Centro Formazione Sedico, Clivet spa, De Rigo Refrigeration, FAR spa, Luxottica srl, Unifarco srl, Vitec imaging solutions spa.\u00a0Dopo una videoconferenza con le 7 imprese interessate durante la quale sono stati approfonditi i dettagli del Piano della Regione Veneto, \u00e8 iniziata, a cura dell\u2019Ulss, la distribuzione dei test di screening. ne sono gi\u00e0 stati consegnati oltre 950. Si tratta di test sierologici qualitativi (test rapidi) per la ricerca di anticorpi anti-SARS-Co-V-2 (IgM\/IgG) su sangue capillare che saranno effettuati a cura dei Medici Competenti di ciascuna Azienda. In caso di positivit\u00e0 al test sierologico rapido (IgM+ e\/o IgG+), il Medico Competente dell\u2019Impresa invier\u00e0 al Dipartimento di Prevenzione dell\u2019Azienda ULSS 1 Dolomiti i dati del lavoratore<span class=\"Apple-converted-space\">\u00a0 <\/span>risultato positivo per l\u2019esecuzione del tampone. L&#8217;unit\u00e0 di crisi Ulss provveder\u00e0 a mettere in isolamento fiduciario il lavoratore risultato positivo allo screening (IgM+ e\/o IgG+), in attesa dell\u2019esecuzione del test molecolare (tampone) di conferma e del suo esito, a titolo cautelativo. Il lavoratore risultato positivo dovr\u00e0 quindi presentarsi per l\u2019effettuazione del tampone c\/o l\u2019Ospedale di Belluno alla corsia FAST, e lo stesso sar\u00e0 processato in tempi rapidi dal laboratorio di virologia dello stesso presidio ospedaliero. I risultati saranno comunicati appena in possesso al lavoratore interessato, al Medico Competente ed al Medico di Medicina Generale.<\/p>\n<p>&nbsp;<\/p>\n<p>&nbsp;<\/p>\n<div><\/div>\n<div>\n<hr \/>\n<\/div>\n<p>&nbsp;<\/p>\n<blockquote>\n<h3>SCUOLA: DONAZZAN, \u201cPOCHE IDEE E CONFUSE, IL MINISTRO NON ASCOLTA LE REGIONI\u201d<\/h3>\n<\/blockquote>\n<p><strong><a class=\"dt-pswp-item\" href=\"https:\/\/www.radiopiu.net\/wordpress\/wp-content\/uploads\/2020\/04\/DONAZZAN-1.jpg\" data-dt-img-description=\"\" data-large_image_width=\"2048\" data-large_image_height=\"2048\"><img loading=\"lazy\" decoding=\"async\" class=\"size-medium wp-image-133654 alignleft\" src=\"https:\/\/www.radiopiu.net\/wordpress\/wp-content\/uploads\/2020\/04\/DONAZZAN-1-300x300.jpg\" alt=\"\" width=\"300\" height=\"300\" srcset=\"https:\/\/www.radiopiu.net\/wordpress\/wp-content\/uploads\/2020\/04\/DONAZZAN-1-300x300.jpg 300w, https:\/\/www.radiopiu.net\/wordpress\/wp-content\/uploads\/2020\/04\/DONAZZAN-1-1024x1024.jpg 1024w, https:\/\/www.radiopiu.net\/wordpress\/wp-content\/uploads\/2020\/04\/DONAZZAN-1-150x150.jpg 150w, https:\/\/www.radiopiu.net\/wordpress\/wp-content\/uploads\/2020\/04\/DONAZZAN-1-768x768.jpg 768w, https:\/\/www.radiopiu.net\/wordpress\/wp-content\/uploads\/2020\/04\/DONAZZAN-1-1536x1536.jpg 1536w, https:\/\/www.radiopiu.net\/wordpress\/wp-content\/uploads\/2020\/04\/DONAZZAN-1.jpg 2048w\" sizes=\"auto, (max-width: 300px) 100vw, 300px\" \/><\/a>VENEZIA\u00a0<\/strong>\u201c<em>Il rientro a scuola in presenza anche nel mese di giugno per recuperare il rapporto umano e didattico mi pare sia stato ridotto ad un giorno per salutarsi, che non sar\u00e0 privo di problematiche organizzative. Problematiche che sono le stesse che avrebbero impegnato la scuola ad un rientro di due o tre settimane per turni, per fascia d\u2019et\u00e0, o per qualsiasi altra modalit\u00e0 da definire con il territori<\/em>o\u201d. Cos\u00ec l\u2019assessore alla scuola della Regione Veneto, Elena Donazzan, reagisce alla proposta avanzata dalla viceministra Ascani di concludere l\u2019anno scolastico con il rientro a scuola per l\u2019ultimo giorno.\u00a0\u201c<em>Il rientro a scuola \u00e8 auspicabile, ma non cos\u00ec \u2013 prosegue Donazzan &#8211; Da mesi le Regioni cercano un confronto, fatto di ascolto e proposte che in questo lungo periodo di assenza dai banchi di scuola, sono giunte al territorio da parte di docenti e famiglie. Io stessa ho avuto modo di rappresentare tali proposte in diverse circostanze, ma purtroppo mai al ministro, se non in un unico incontro, peraltro interrotto dall\u2019on Azzolina prima di dare alcuna risposta. Dal ministro, sinora, sono arrivate solo poche idee e confuse: troppo poco per un rientro e un futuro ancora tutti da inventare<\/em>\u201d.<\/p>\n<p>&nbsp;<\/p>\n<p>&nbsp;<\/p>\n<hr \/>\n<p>&nbsp;<\/p>\n<blockquote>\n<h3>BIGON (PD): \u201cLA REGIONE SOSTENGA I RAGAZZI AUTISTICI E LE LORO FAMIGLIE: IL SUPPORTO A DISTANZA NON BASTA\u201d<\/h3>\n<\/blockquote>\n<p><strong><a class=\"dt-pswp-item\" href=\"https:\/\/www.radiopiu.net\/wordpress\/wp-content\/uploads\/2018\/11\/PD.png\" data-dt-img-description=\"\" data-large_image_width=\"226\" data-large_image_height=\"182\"><img loading=\"lazy\" decoding=\"async\" class=\"size-full wp-image-67744 alignleft\" src=\"https:\/\/www.radiopiu.net\/wordpress\/wp-content\/uploads\/2018\/11\/PD.png\" alt=\"\" width=\"226\" height=\"182\" \/><\/a>VENEZIA<\/strong> \u201c<em>I ragazzi autistici e le loro famiglie non devono essere lasciati ancora soli: non \u00e8 possibile, per esempio, che l\u2019assistenza domiciliare in sostituzione di quella scolastica sia a discrezione del distretto sanitario di appartenenza e non sempre attuabile a causa della carenza di operatori. Il supporto a distanza, soprattutto per i casi pi\u00f9 gravi, \u00e8 insufficiente<\/em>\u201d. A denunciarlo \u00e8 Anna Maria Bigon, consigliera regionale del Partito Democratico e prima firmataria di un\u2019interrogazione sottoscritta dalla vice capogruppo Francesca Zottis e dal collega Andrea Zanoni.\u00a0 \u201c<em>Continuano arrivarci segnalazioni da parte delle famiglie e delle associazioni che si occupano di questa difficile realt\u00e0. Fin dalla chiusura delle scuole, tre mesi fa, la Regione avrebbe dovuto intervenire facendosi carico del problema. In assenza di un sostegno pubblico, i genitori sono stati costretti a rivolgersi a professionisti privati sia per la presa in carico che per la predisposizione di un progetto educativo individualizzato in collaborazione con il neuropsichiatra di riferimento. Ma, senza indicazioni chiare valide per tutti, ogni professionista e ogni cooperativa hanno agito in modo indipendente.\u00a0Inoltre associazioni e famiglie lamentano l\u2019assenza di protocolli chiari riguardanti la sicurezza sanitaria, cos\u00ec come di contributi economici per l\u2019assistenza domiciliare che compensi innanzitutto l\u2019impossibilit\u00e0 della partecipazione alla didattica a distanza\u201d. \u201cIn attesa di un ritorno alla normalit\u00e0 anche per le attivit\u00e0 scolastiche, \u00e8 necessario assicurare subito un sostegno concreto &#8211; afferma in chiusura Bigon &#8211; ragazzi e genitori non possono restare ancora 3-4 mesi in queste condizioni<\/em>\u201d.<\/p>\n<p>&nbsp;<\/p>\n<p>&nbsp;<\/p>\n<hr \/>\n<p>&nbsp;<\/p>\n<blockquote>\n<h3>CONCLUSA L&#8217;ISTRUTTORIA DEL PAT DI PERAROLO: DOMANI L&#8217;APPROVAZIONE DEL CONSIGLIO PROVINCIALE<\/h3>\n<\/blockquote>\n<p><strong><a class=\"dt-pswp-item\" href=\"https:\/\/www.radiopiu.net\/wordpress\/wp-content\/uploads\/2019\/02\/palazzo_piloni_belluno.jpg\" data-dt-img-description=\"\" data-large_image_width=\"1000\" data-large_image_height=\"667\"><img loading=\"lazy\" decoding=\"async\" class=\"size-medium wp-image-77618 alignleft\" src=\"https:\/\/www.radiopiu.net\/wordpress\/wp-content\/uploads\/2019\/02\/palazzo_piloni_belluno-300x200.jpg\" alt=\"\" width=\"300\" height=\"200\" srcset=\"https:\/\/www.radiopiu.net\/wordpress\/wp-content\/uploads\/2019\/02\/palazzo_piloni_belluno-300x200.jpg 300w, https:\/\/www.radiopiu.net\/wordpress\/wp-content\/uploads\/2019\/02\/palazzo_piloni_belluno-768x512.jpg 768w, https:\/\/www.radiopiu.net\/wordpress\/wp-content\/uploads\/2019\/02\/palazzo_piloni_belluno.jpg 1000w\" sizes=\"auto, (max-width: 300px) 100vw, 300px\" \/><\/a>BELLUNO\u00a0<\/strong>Sar\u00e0 portato in consiglio provinciale domani (marted\u00ec 26 maggio) il Pat del Comune di Perarolo. Un Piano di Assetto del Territorio che punta soprattutto sulla sicurezza idraulica, sui valori ambientali e paesaggistici, sul recupero e rivitalizzazione dei centri storici, e sulla valorizzazione turistica attraverso la ricettivit\u00e0 di piccolo taglio. CRONOLOGIA Il Pat in origine era nato come Pati (Piano di assetto del territorio intercomunale) \u201cMedio Piave\u201d, e metteva insieme la pianificazione di Perarolo, Castellavazzo e Ospitale. In seguito, la copianificazione \u00e8 stata abbandonata e nel 2016 il Comune di Perarolo ha adottato il documento, inviato alla Provincia per la definitiva approvazione nell\u2019agosto 2019. A seguito della richiesta di alcune integrazioni del piano comunale (ai fini della sua completa istruttoria), il Comune ha\u00a0concluso l\u2019istruttoria del Piano, che dunque pu\u00f2 essere approvato in via definitiva dal consiglio provinciale. STRATEGIE DEL PAT Le\u00a0 strategie principali del piano sono sintetizzabili in alcuni punti cardine. Nella tutela delle risorse naturali del Piave e degli altri corsi d\u2019acqua (Boite). Nella attenzione alla sicurezza degli abitati e alla verifica della compatibilit\u00e0 delle previsioni di piano con la sicurezza idraulica del territorio.\u00a0Nella salvaguardia delle attivit\u00e0 agro-silvo-pastorali. Nel\u00a0 recupero e valorizzazione dei centri storici minori, rivitalizzazione degli stessi e revisione della perimetrazione degli attuali centri storici del Prg. Per quanto riguarda il sistema produttivo, il Piano conferma le previsioni del vigente Prg: in particolare nel Comune sono presenti le due aree produttive artigianali a Perarolo e Caralte, mentre le aree a vocazione industriale sono a Rivalgo\u00a0(zona per lavorazione inerti) e a Ansogne (area produttiva ormai satura). Il piano prevede inoltre\u00a0delle nuove linee preferenziali di sviluppo produttivo per una superficie di ampliamento complessivo di 35.000 metri quadri attuabili solo con la stipula di un accordo di programma con la Provincia di Belluno ai sensi dell\u2019art. 35 delle norme tecniche del Ptcp vigente, trattandosi di ampliamento di poli produttivi di salienza comunale non in copianificazione. Il Piano favorisce le politiche di recupero del patrimonio edilizio esistente e considerato l\u2019andamento demografico modesto del Comune negli ultimi anni il piano non conferma i 53.000 metri cubi del Prg vigente, ma prevede un dimensionamento residenziale attestato a complessivi 29.100 metri cubi circa (di cui 6.000 per nuove linee di sviluppo insediate). I nuovi abitanti teorici del Pat sono quindi\u00a0 116. Viene favorito anche l&#8217;insediamento di nuove aziende agricole per limitare il\u00a0 rimboschimento. A livello turistico, il Pat valorizza la fruizione del territorio con politiche di\u00a0aumento della ricettivit\u00e0 di piccolo taglio (B&amp;B, albergo diffuso\u2026). E recepisce le tematiche previste dal Ptcp relative alla linea ferroviaria Venezia-Dolomiti e alla Statale 51, guardando al recupero della Sp 42 \u201cCavallera\u201d e della viabilit\u00e0 minore. Sono previsti percorsi ciclabili e la realizzazione di una stazione di generazione e distribuzione di Hy idrogeno al servizio dell\u2019intero Cadore.<\/p>\n<hr \/>\n<p>&nbsp;<\/p>\n<blockquote>\n<h3>BANCHE CHIUSE E BANCOMAT BLOCCATI IN MONTAGNA NEL CORSO DELL&#8217;EMERGENZA SANITARIA: UNCEM INVIA SEGNALAZIONI AL GOVERNATORE DELLA BANCA D&#8217;ITALIA<\/h3>\n<\/blockquote>\n<p><strong><a class=\"dt-pswp-item\" href=\"https:\/\/www.radiopiu.net\/wordpress\/wp-content\/uploads\/2020\/04\/UNCEM.jpg\" data-dt-img-description=\"\" data-large_image_width=\"500\" data-large_image_height=\"500\"><img loading=\"lazy\" decoding=\"async\" class=\" wp-image-133399 alignleft\" src=\"https:\/\/www.radiopiu.net\/wordpress\/wp-content\/uploads\/2020\/04\/UNCEM-300x300.jpg\" alt=\"\" width=\"215\" height=\"215\" srcset=\"https:\/\/www.radiopiu.net\/wordpress\/wp-content\/uploads\/2020\/04\/UNCEM-300x300.jpg 300w, https:\/\/www.radiopiu.net\/wordpress\/wp-content\/uploads\/2020\/04\/UNCEM-150x150.jpg 150w, https:\/\/www.radiopiu.net\/wordpress\/wp-content\/uploads\/2020\/04\/UNCEM.jpg 500w\" sizes=\"auto, (max-width: 215px) 100vw, 215px\" \/><\/a>ROMA\u00a0<\/strong>Uncem ha scritto una lettera al Governatore della Banca d&#8217;Italia Ignazio Visco,\u00a0trasmettendo l&#8217;elenco delle filiali bancarie chiuse e dei bancomat non funzionanti o bloccati nel corso dell&#8217;emergenza sanitaria, dal 10 marzo al 10 maggio 2020. Nel corso di questi tre mesi Uncem\u00a0ha segnalato alla Banca d&#8217;Italia, all&#8217;ABI, alle Direzioni centrali delle Banche italiane, al Ministero dell&#8217;Economia e delle Finanze, al Ministero dell&#8217;Interno e al Ministero delle Autonomie e degli Affari regionali, numerosi disservizi registrati dai Sindaci dei Comuni montani italiani relativi alle erogazioni di servizi da parte degli Istituti di Credito. \u00a0Nel corso delle fasi pi\u00f9 complesse della pandemia e dell&#8217;emergenza sanitaria, Uncem ha rilevato l&#8217;impegno della Banca d&#8217;Italia volto ad assicurare, a vari livelli e nelle diverse sedi istituzionali e operative, la massima attenzione di tutti gli attori del circuito nazionale del contante per la riduzione dei disservizi per i cittadini. Uncem ha apprezzato gli approfondimenti condotti dalla Banca d&#8217;Italia in seno al Comitato per la continuit\u00e0 operativa della distribuzione delle banconote (COBAN) che con i suoi Dirigenti \u00e8 in stretto contatto con Uncem.\u00a0&#8220;<em>I Sindaci e Uncem registrano una continua riduzione di presenza nei territori degli Istituti di credito\u00a0&#8211; scrive il Presidente Uncem Marco Bussone nella lettera al Governatore Visco &#8211; Banche che hanno fortemente limitato l\u2019azione nei piccoli Comuni, senza alcun dialogo con gli Amministratori locali e con le comunit\u00e0. Rilevo altres\u00ec che\u00a0vi sono invece alcuni Istituti, storici e molto radicati sui territori, quali ad esempio le banche di credito cooperativo, che hanno invece incrementato la presenza e anche nell&#8217;ultimo semestre, hanno aperto nuovi sportelli. Banca d&#8217;Italia \u00e8 sicuramente attenta e monitora con grande lungimiranza questi fenomeni. Ho proposto di condurre insieme a Uncem un&#8217;indagine, con un apposito studio, d&#8217;intesa con il MEF e con tutto il Governo, per\u00a0individuare come dovranno essere organizzati i servizi bancari sui territori nel prossimo decennio\u00a0e quali devono essere i\u00a0livelli minimi di erogazione dei servizi. Occorre fissare parametri e dare precise indicazioni vincolati ai Gruppi bancari al fine di non vedere completamente sparire la presenza fisica degli Istituti nei territori e nei Comuni meno popolosi d&#8217;Italia<\/em>&#8220;.<\/p>\n<p>&nbsp;<\/p>\n<p>&nbsp;<\/p>\n<hr \/>\n<p>&nbsp;<\/p>\n<blockquote>\n<h3>IERI HA RIPRESO L&#8217;ATTIVIT\u00c0 LA PISCINA DI AGORDO<\/h3>\n<\/blockquote>\n<p><a class=\"dt-pswp-item\" href=\"https:\/\/www.radiopiu.net\/wordpress\/wp-content\/uploads\/2020\/05\/PISCINA-AGORDO.jpg\" data-dt-img-description=\"\" data-large_image_width=\"1600\" data-large_image_height=\"737\"><img loading=\"lazy\" decoding=\"async\" class=\"size-medium wp-image-140455 alignleft\" src=\"https:\/\/www.radiopiu.net\/wordpress\/wp-content\/uploads\/2020\/05\/PISCINA-AGORDO-300x138.jpg\" alt=\"\" width=\"300\" height=\"138\" srcset=\"https:\/\/www.radiopiu.net\/wordpress\/wp-content\/uploads\/2020\/05\/PISCINA-AGORDO-300x138.jpg 300w, https:\/\/www.radiopiu.net\/wordpress\/wp-content\/uploads\/2020\/05\/PISCINA-AGORDO-1024x472.jpg 1024w, https:\/\/www.radiopiu.net\/wordpress\/wp-content\/uploads\/2020\/05\/PISCINA-AGORDO-768x354.jpg 768w, https:\/\/www.radiopiu.net\/wordpress\/wp-content\/uploads\/2020\/05\/PISCINA-AGORDO-1536x708.jpg 1536w, https:\/\/www.radiopiu.net\/wordpress\/wp-content\/uploads\/2020\/05\/PISCINA-AGORDO.jpg 1600w\" sizes=\"auto, (max-width: 300px) 100vw, 300px\" \/><\/a>di Gianni Santomaso<\/p>\n<audio class=\"wp-audio-shortcode\" id=\"audio-140186-14\" preload=\"none\" style=\"width: 100%;\" controls=\"controls\"><source type=\"audio\/mpeg\" src=\"https:\/\/www.radiopiu.net\/wordpress\/wp-content\/uploads\/2020\/05\/GIANNI-PISCINA.mp3?_=14\" \/><a href=\"https:\/\/www.radiopiu.net\/wordpress\/wp-content\/uploads\/2020\/05\/GIANNI-PISCINA.mp3\">https:\/\/www.radiopiu.net\/wordpress\/wp-content\/uploads\/2020\/05\/GIANNI-PISCINA.mp3<\/a><\/audio>\n<p>&nbsp;<\/p>\n<p>&nbsp;<\/p>\n<hr \/>\n<p>&nbsp;<\/p>\n<blockquote>\n<h3>MARATONA DI LETTURA 2020: NUMERI RECORD PER LA PRIMA EDIZIONE INTERAMENTE \u201cON LINE\u201d<\/h3>\n<\/blockquote>\n<p><strong><a class=\"dt-pswp-item\" href=\"https:\/\/www.radiopiu.net\/wordpress\/wp-content\/uploads\/2020\/05\/02aac323-7ac3-4224-b80f-67d241088e34.jpg\" data-dt-img-description=\"\" data-large_image_width=\"2016\" data-large_image_height=\"1512\"><img loading=\"lazy\" decoding=\"async\" class=\"size-medium wp-image-140327 alignleft\" src=\"https:\/\/www.radiopiu.net\/wordpress\/wp-content\/uploads\/2020\/05\/02aac323-7ac3-4224-b80f-67d241088e34-300x225.jpg\" alt=\"\" width=\"300\" height=\"225\" srcset=\"https:\/\/www.radiopiu.net\/wordpress\/wp-content\/uploads\/2020\/05\/02aac323-7ac3-4224-b80f-67d241088e34-300x225.jpg 300w, https:\/\/www.radiopiu.net\/wordpress\/wp-content\/uploads\/2020\/05\/02aac323-7ac3-4224-b80f-67d241088e34-1024x768.jpg 1024w, https:\/\/www.radiopiu.net\/wordpress\/wp-content\/uploads\/2020\/05\/02aac323-7ac3-4224-b80f-67d241088e34-768x576.jpg 768w, https:\/\/www.radiopiu.net\/wordpress\/wp-content\/uploads\/2020\/05\/02aac323-7ac3-4224-b80f-67d241088e34-1536x1152.jpg 1536w, https:\/\/www.radiopiu.net\/wordpress\/wp-content\/uploads\/2020\/05\/02aac323-7ac3-4224-b80f-67d241088e34.jpg 2016w\" sizes=\"auto, (max-width: 300px) 100vw, 300px\" \/><\/a>FELTRE\u00a0<\/strong>24 appuntamenti disseminati nell&#8217;arco di una settimana; 8 ospiti di livello nazionale ed internazionale che hanno coinvolto un pubblico sulla piattaforma digitale di oltre 3.000 perone; 30 lettori appartenenti a gruppi diversi che si sono alternati in 14 performance lungo tutta la Maratona di Lettura.\u00a0E poi 400 avvocati che hanno partecipato agli incontri di Colombo e Forti, valevoli anche ai fini dell&#8217;accreditamento formativo, e oltre 124.000 persone raggiunte attraverso Facebook e quasi 18.000 attraverso Instagram, per un successo <i>social<\/i> perfino inatteso.\u00a0E ancora: appassionati di letteratura, linguaggi del diritto e delle leggi, nuovi orizzonti della cultura collegati con la Maratona da tutta Italia e da numerosi Paesi esteri (tra i quali Svizzera, Belgio, Francia, Germania, Norvegia e Argentina).\u00a0Un incontro finale, quello con Gianrico Carofiglio, che rimarr\u00e0 negli annali della manifestazione per i contenuti di grande attualit\u00e0, non soltanto culturale, che l&#8217;ospite &#8211; tra i finalisti del prossimo premio \u201cStrega\u201d con il suo romanzo \u201cLa misura del tempo\u201d &#8211; ha saputo toccare con straordinaria competenza e chiarezza.\u00a0Sono questi, in estrema sintesi, alcuni dei \u201cnumeri\u201d pi\u00f9 significativi della 15esima edizione della Maratona di Lettura, la prima in versione \u201con line\u201d a causa delle note restrizioni\u00a0 sullo svolgimento di incontri pubblici per il contenimento dell&#8217;epidemia in corso.\u00a0A Palazzo Bizzarrini, intanto, si sta gi\u00e0 lavorando all&#8217;edizione della Maratona di Lettura del prossimo anno.<\/p>\n<p><strong>L&#8217;ASSESSORE DEL COMUNE DI FELTRE ALESSANDRO DEL BIANCO<\/strong><\/p>\n<audio class=\"wp-audio-shortcode\" id=\"audio-140186-15\" preload=\"none\" style=\"width: 100%;\" controls=\"controls\"><source type=\"audio\/mpeg\" src=\"https:\/\/www.radiopiu.net\/wordpress\/wp-content\/uploads\/2020\/05\/Ass.-Del-Bianco-su-bilancio-Maratona-di-Lettura.mp3?_=15\" \/><a href=\"https:\/\/www.radiopiu.net\/wordpress\/wp-content\/uploads\/2020\/05\/Ass.-Del-Bianco-su-bilancio-Maratona-di-Lettura.mp3\">https:\/\/www.radiopiu.net\/wordpress\/wp-content\/uploads\/2020\/05\/Ass.-Del-Bianco-su-bilancio-Maratona-di-Lettura.mp3<\/a><\/audio>\n<p>&nbsp;<\/p>\n<hr \/>\n<p>&nbsp;<\/p>\n<blockquote>\n<h3>IL PUNTO SUL PARCO DELLA RIMEMBRANZA<\/h3>\n<\/blockquote>\n<p><strong><a class=\"dt-pswp-item\" href=\"https:\/\/www.radiopiu.net\/wordpress\/wp-content\/uploads\/2020\/05\/Volontari-Alpini-al-lavoro-nel-parco.png\" data-dt-img-description=\"\" data-large_image_width=\"1280\" data-large_image_height=\"718\"><img loading=\"lazy\" decoding=\"async\" class=\"size-medium wp-image-140334 alignleft\" src=\"https:\/\/www.radiopiu.net\/wordpress\/wp-content\/uploads\/2020\/05\/Volontari-Alpini-al-lavoro-nel-parco-300x168.png\" alt=\"\" width=\"300\" height=\"168\" srcset=\"https:\/\/www.radiopiu.net\/wordpress\/wp-content\/uploads\/2020\/05\/Volontari-Alpini-al-lavoro-nel-parco-300x168.png 300w, https:\/\/www.radiopiu.net\/wordpress\/wp-content\/uploads\/2020\/05\/Volontari-Alpini-al-lavoro-nel-parco-1024x574.png 1024w, https:\/\/www.radiopiu.net\/wordpress\/wp-content\/uploads\/2020\/05\/Volontari-Alpini-al-lavoro-nel-parco-768x431.png 768w, https:\/\/www.radiopiu.net\/wordpress\/wp-content\/uploads\/2020\/05\/Volontari-Alpini-al-lavoro-nel-parco.png 1280w\" sizes=\"auto, (max-width: 300px) 100vw, 300px\" \/><\/a>FELTRE<\/strong>\u00a0Come noto, la Sezione Alpini di Feltre all\u2019indomani della tempesta \u2018Vaia\u2019, oltre ad impegnarsi con il lavoro dei propri Volontari di Protezione Civile, ha reagito rendendosi disponibile al recupero del Parco della Rimembranza in nome dell\u2019alto valore storico e simbolico del luogo, nato originariamente come spazio di incontro, riflessione e memoria nel periodo che segu\u00ec alla Grande Guerra. Per concretizzare questo slancio, sin dai primi giorni post emergenziali, gli Alpini hanno messo in campo i loro uomini che hanno sgomberato gli spazi del Parco dagli alberi abbattuti procedendo poi alla sistemazione dei cordoli perimetrali e alla fresatura delle ceppaie, coprendo direttamente le spese necessarie per alcune migliaia di euro. Contestualmente, la Sezione da un lato ha attivato una sottoscrizione dedicata ad una specifica raccolta fondi, dall\u2019altra ha concordato con l\u2019Amministrazione Comunale le corrette procedure da seguire per ridare vita agli spazi ottenendo ampie rassicurazioni sulla condivisione delle scelte progettuali con l\u2019A.N.A. che, di fatto, ne sovvenziona il recupero. Per rispettare il vincolo che tutela l\u2019area, l\u2019Amministrazione Comunale in una prima fase si \u00e8 resa disponibile ad eseguire la progettazione attraverso il proprio Ufficio Tecnico, per poi rivolgersi ad uno Studio esterno, incaricato il 20 dicembre 2019 con la determina n.561. La raccolta fondi a favore del Parco ha avuto un buon successo grazie al contributo di Soci, associazioni e cittadini, consentendo di disporre a fine 2019 di circa 20 mila euro ai quali si aggiunge un contributo dall\u2019A.N.A. Nazionale per altri 30 mila. Considerata la disponibilit\u00e0 di fondi e di manodopera formata e qualificata a costo zero (la forza del volontariato alpino), le Penne Nere attendono ora di potersi mettere a disposizione per realizzare i lavori. La Sezione Alpini di Feltre con i suoi 4700 Soci si dichiara fiduciosa di essere presto ascoltata dall\u2019Amministrazione Comunale e poter conoscere quali siano i tempi necessari per il recupero del Parco. <a class=\"dt-pswp-item\" href=\"https:\/\/www.radiopiu.net\/wordpress\/wp-content\/uploads\/2020\/05\/il-Presidente-Stefano-Mariech.jpeg\" data-dt-img-description=\"\" data-large_image_width=\"1280\" data-large_image_height=\"1707\"><img loading=\"lazy\" decoding=\"async\" class=\"size-medium wp-image-140335 alignright\" src=\"https:\/\/www.radiopiu.net\/wordpress\/wp-content\/uploads\/2020\/05\/il-Presidente-Stefano-Mariech-225x300.jpeg\" alt=\"\" width=\"225\" height=\"300\" srcset=\"https:\/\/www.radiopiu.net\/wordpress\/wp-content\/uploads\/2020\/05\/il-Presidente-Stefano-Mariech-225x300.jpeg 225w, https:\/\/www.radiopiu.net\/wordpress\/wp-content\/uploads\/2020\/05\/il-Presidente-Stefano-Mariech-768x1024.jpeg 768w, https:\/\/www.radiopiu.net\/wordpress\/wp-content\/uploads\/2020\/05\/il-Presidente-Stefano-Mariech-1152x1536.jpeg 1152w, https:\/\/www.radiopiu.net\/wordpress\/wp-content\/uploads\/2020\/05\/il-Presidente-Stefano-Mariech.jpeg 1280w\" sizes=\"auto, (max-width: 225px) 100vw, 225px\" \/><\/a>\u2018I tempi si sono allungati per una serie di ragioni indipendenti dalla nostra volont\u00e0 e non ultimo per i problemi legati all\u2019epidemia di coronavirus \u2013 <i>spiega il Presidente Stefano Mariech<\/i> \u2013 ma siamo certi che la situazione possa in breve sbloccarsi anche alla luce degli accordi diretti con il Sindaco e del coinvolgimento della Sede Nazionale dell\u2019A.N.A. che ha deliberato di sostenere il progetto di recupero, se gestito attraverso la nostra Sezione. Quella perseguita non pu\u00f2 essere considerata infatti una semplice attivit\u00e0 manutentiva, ma la concretizzazione di un\u2019opera che intende ridare vita ad un\u2019area verde ricca di storia che rappresenta il simbolo preciso del nostro impegno a servizio della comunit\u00e0. Custodia del territorio e della memoria: i motivi fondanti del nostro impegno associativo a favore della Citt\u00e0 in un momento nel quale serve pi\u00f9 che mai dare un forte segnale di identit\u00e0 e di speranza.\u2019<\/p>\n<p>&nbsp;<\/p>\n<p>&nbsp;<\/p>\n<hr \/>\n<p>&nbsp;<\/p>\n<blockquote>\n<h3>LA SCUOLA DELL&#8217;INFANZIA DI TAIBON PREMIATA DALLA REGIONE<\/h3>\n<\/blockquote>\n<p><strong><img loading=\"lazy\" decoding=\"async\" class=\"attachment-266x266 alignleft\" src=\"https:\/\/www.radiopiu.net\/wordpress\/wp-content\/uploads\/2020\/05\/87ca6459-d154-461e-a632-feb4a9d218f5.jpg\" sizes=\"auto, (max-width: 200px) 100vw, 200px\" srcset=\"https:\/\/i1.wp.com\/www.radiopiu.net\/wordpress\/wp-content\/uploads\/2020\/05\/87ca6459-d154-461e-a632-feb4a9d218f5.jpg?w=1200&amp;ssl=1 1200w, https:\/\/i1.wp.com\/www.radiopiu.net\/wordpress\/wp-content\/uploads\/2020\/05\/87ca6459-d154-461e-a632-feb4a9d218f5.jpg?resize=225%2C300&amp;ssl=1 225w, https:\/\/i1.wp.com\/www.radiopiu.net\/wordpress\/wp-content\/uploads\/2020\/05\/87ca6459-d154-461e-a632-feb4a9d218f5.jpg?resize=768%2C1024&amp;ssl=1 768w, https:\/\/i1.wp.com\/www.radiopiu.net\/wordpress\/wp-content\/uploads\/2020\/05\/87ca6459-d154-461e-a632-feb4a9d218f5.jpg?resize=1152%2C1536&amp;ssl=1 1152w\" alt=\"\" width=\"194\" height=\"258\" \/>VENEZIA<\/strong> La scuola dell&#8217;infanzia &#8220;Costa&#8221; di Taibon Agordino ha ricevuto ieri mattina un premio dalla Regione Veneto. Le insegnanti e i bambini hanno partecipato ad un concorso dal titolo &#8220;Tutela, Valorizzazione e Promozione del Patrimonio Linguistico e Culturale Veneto&#8221; con il lavoro dal titolo &#8220;&#8230;oltre San Martino&#8230;&#8221;. Premiazione &#8220;virtuale&#8221; che \u00e8 avvenuta ieri\u00a0 mattina tramite videoconferenza. A dire il vero la premiazione doveva avvenire il 25 marzo scorso ma la situazione di emergenza ha posticipato il tutto.<\/p>\n<p>&nbsp;<\/p>\n<p>&nbsp;<\/p>\n<p>\u201c<em>\u00c8 significativo come in questo momento complicato le scuole e gli studenti veneti abbiano risposto con entusiasmo al concorso, evidenziando nei loro lavori il grande legame con le nostre tradizioni e la nostra cultura. Un progetto che ancora una volta dimostra di essere frutto di una rete bella, pulita, in cui si ritrova vivido un senso di comunit\u00e0. Un punto da cui ripartire per rilanciarci con forza e superare il complicato momento che stiamo vivendo<\/em>\u201d.\u00a0Questo il commento dell\u2019Assessore all\u2019Identit\u00e0 Veneta della Regione del Veneto, Cristiano Corazzari, in occasione delle premiazioni del concorso Tutela, valorizzazione e promozione del patrimonio linguistico e culturale Veneto, che si sono svolte oggi, tramite webinar, su piattaforma GoToMeeting.\u00a0Come da tradizione, le premiazioni avrebbero dovuto svolgersi il 25 marzo, data in cui ricorre la Festa del Popolo Veneto, alla presenza delle scuole ma,\u00a0per ovvi motivi legati all\u2019emergenza in atto, si sono tenute in modalit\u00e0\u00a0\u201cvirtuale\u201d. Un modo con cui gli organizzatori intendono dare valore al grande lavoro fatto dalle scuole in questi mesi, che hanno risposto al bando con entusiasmo.\u00a0Un\u2019edizione unica e diversa dalle altre, ma che ha conservato, immutato, lo spirito di appartenenza e la voglia di condivisione del progetto promosso dall\u2019Assessorato all\u2019Identit\u00e0 Veneta della Regione, dal MIUR &#8211; Ufficio Scolastico Regionale e da Unpli &#8211; l\u2019Unione delle Pro Loco del Veneto.\u00a0Collegati in diretta durante la premiazione numerose personalit\u00e0: Laura Don\u00e0, dell\u2019Ufficio Scolastico Regionale per il Veneto; Giovanni Follador, Presidente Unpli Veneto; Maurizio Tremul, Presidente Unione Italiana (Croazia e Slovenia) e Antonino La Spina, presidente nazionale UNPLI.\u00a087 in totale i progetti presentati, sviluppati su tre ambiti principali:\u00a0la lingua veneta nelle sue espressioni creative nel teatro, nella musica e nella poesia;\u00a0il territorio regionale con il suo patrimonio storico-artistico ed enogastronomico;\u00a0la valorizzazione del patrimonio immateriale del Veneto, partendo dalle leggende e misteri del proprio territorio e\/o dall\u2019attivit\u00e0 delle Pro Loco.\u00a081 le scuole partecipanti con ben 29 istituti premiati: 4 della provincia di Belluno, 3 di Vicenza, 2 di Treviso, 3 di Padova, 5 di Verona, 3 di Venezia, 3 di Rovigo e 6 di Croazia e Slovenia.<\/p>\n<p><strong><em>Oltre alla scuola dell&#8217;infanzia di Taibon Agordino, altre 3 scuole bellunesi sono state premiate.\u00a0Scuola Primaria &#8220;C.Ronchi&#8221; di Vallada Agordina,\u00a0Scuola Secondaria 1\u00b0 grado di Auronzo di Cadore e\u00a0Istituto IC Forno di Zoldo di Val di Zoldo.<\/em><\/strong><\/p>\n<p>&nbsp;<\/p>\n<p>&nbsp;<\/p>\n<hr \/>\n<p>&nbsp;<\/p>\n<blockquote>\n<h3>IL DIRIGENTE SCOLASTICO BERNARDINO CHIOCCHETTI SUL PREMIO DELLA REGIONE ALLA SCUOLA DELL&#8217;INFANZIA DI TABON<\/h3>\n<\/blockquote>\n<p><a class=\"dt-pswp-item\" href=\"https:\/\/www.radiopiu.net\/wordpress\/wp-content\/uploads\/2016\/02\/media-pertile-agordo-1.jpg\" data-dt-img-description=\"OLYMPUS DIGITAL CAMERA\" data-large_image_width=\"1280\" data-large_image_height=\"960\"><img loading=\"lazy\" decoding=\"async\" class=\"wp-image-17076 size-medium alignleft\" src=\"https:\/\/www.radiopiu.net\/wordpress\/wp-content\/uploads\/2016\/02\/media-pertile-agordo-1-300x225.jpg\" alt=\"\" width=\"300\" height=\"225\" \/><\/a><span style=\"font-family: Times New Roman, serif;\"><span style=\"font-size: large;\"><strong>AGORDO<\/strong> Le conseguenze dell\u2019emergenza sanitaria non hanno fermato le attivit\u00e0 didattiche, proseguite grazie alla proficua collaborazione tra docenti e famiglie, e non hanno bloccato altre attivit\u00e0 legate alla Scuola tra cui la IX edizione del <\/span><\/span> <span style=\"font-family: Times New Roman, serif;\"><span style=\"font-size: large;\">concorso <\/span><\/span><span style=\"font-family: Times New Roman, serif;\"><span style=\"font-size: large;\"><i>Tutela, valorizzazione e promozione del Patrimonio <\/i><\/span><\/span><span style=\"font-family: Times New Roman, serif;\"><span style=\"font-size: large;\"><i>Linguistico e Culturale Veneto,<\/i><\/span><\/span><span style=\"font-family: Times New Roman, serif;\"><span style=\"font-size: large;\"> promosso <\/span><\/span><span style=\"font-family: Times New Roman, serif;\"><span style=\"font-size: large;\">dall\u2019Assessorato Regionale all\u2019Identit\u00e0 Veneta, <\/span><\/span><span style=\"font-family: Times New Roman, serif;\"><span style=\"font-size: large;\"> dall\u2019Ufficio Scolastico Regionale e da Unpli Veneto. <\/span><\/span><span style=\"font-family: Times New Roman, serif;\"><span style=\"font-size: large;\">Si tratta di un concorso rivolto alle Scuole di ogni ordine e grado che attraverso i vari temi proposti, che vanno dal teatro, alla musica, alla poesia, dalle leggende ai personaggi storici, concorre a rafforzare l\u2019identit\u00e0 culturale e linguistica del territorio. Temi che gli studenti hanno affrontato attraverso modalit\u00e0 e discipline diverse, in un percorso di ricerca che ha contribuito a stimolare il loro senso di appartenenza, valorizzando le tradizioni locali. <\/span><\/span><span style=\"color: #333333;\"><span style=\"font-family: Times New Roman, serif;\"><span style=\"font-size: large;\">In questo contesto la partecipazione dell\u2019Istituto Comprensivo Agordo \u00e8 stata di nuovo apprezzata <\/span><\/span><\/span><span style=\"font-family: Times New Roman, serif;\"><span style=\"font-size: large;\">grazie alla Scuola dell&#8217; Infanzia <\/span><\/span><span style=\"font-family: Times New Roman, serif;\"><span style=\"font-size: large;\"><i>Fioravante Costa<\/i><\/span><\/span><span style=\"font-family: Times New Roman, serif;\"><span style=\"font-size: large;\"> di Taibon Agordino (\u2026<\/span><\/span><span style=\"font-family: Times New Roman, serif;\"><span style=\"font-size: large;\"><i>Oltre San Martino\u2026<\/i><\/span><\/span><span style=\"font-family: Times New Roman, serif;\"><span style=\"font-size: large;\"> insegnanti fiduciarie Margherita Dai Pr\u00e0 e Paola Rudatis). <\/span><\/span><span style=\"font-family: Times New Roman, serif;\"><span style=\"font-size: large;\">Il lavoro presentato \u00e8 incentrato sui valori della condivisione e della generosit\u00e0, con riferimento alle conseguenze della tempesta di fine ottobre 2018 e all\u2019aiuto prestato dai volontari per il ripristino della normalit\u00e0: un tema di forte attualit\u00e0. <\/span><\/span><span style=\"font-family: Times New Roman, serif;\"><span style=\"font-size: large;\">Una nuova tappa del percorso attivato dal Comprensivo Agordo rivolto alla valorizzazione delle radici identitarie che agevolano l\u2019ineludibile confronto con altre culture. <\/span><\/span><span style=\"font-family: Times New Roman, serif;\"><span style=\"font-size: large;\">Oltre al lavoro della Scuola d\u2019Infanzia di Taibon, altri tre sono stati i progetti premiati e presentati dalle Scuole della provincia di Belluno: <\/span><\/span><span style=\"font-family: Times New Roman, serif;\"><span style=\"font-size: large;\">Scuola Secondaria 1\u00b0 grado di Auronzo di Cadore: <\/span><\/span><span style=\"font-family: Times New Roman, serif;\"><span style=\"font-size: large;\"><i>Ladin n poesia; <\/i><\/span><\/span><span style=\"font-family: Times New Roman, serif;\"><span style=\"font-size: large;\">Istituto IC Forno di Zoldo di Val di Zoldo; <\/span><\/span><span style=\"font-family: Times New Roman, serif;\"><span style=\"font-size: large;\"><i>Al Tabi\u00e0; <\/i><\/span><\/span><span style=\"font-family: Times New Roman, serif;\"><span style=\"font-size: large;\">Scuola Primaria &#8220;C.Ronchi&#8221; di Vallada Agordina: <\/span><\/span><span style=\"font-family: Times New Roman, serif;\"><span style=\"font-size: large;\"><i>S-cione de&#8230;strighe, diaol, zercanton e valch de bon <\/i><\/span><\/span><span style=\"font-family: Times New Roman, serif;\"><span style=\"font-size: large;\">La premiazione \u201cvirtuale\u201d tramite webinar, \u00e8 stata organizzata luned\u00ec 25 maggio 2020. <\/span><\/span><span style=\"color: #333333;\"><span style=\"font-family: Times New Roman, serif;\"><span style=\"font-size: large;\">La graditissima conferma messa a segno dalla <\/span><\/span><\/span><span style=\"color: #333333;\"><span style=\"font-family: Times New Roman, serif;\"><span style=\"font-size: large;\"><i>Costa Fioravante<\/i><\/span><\/span><\/span><span style=\"color: #333333;\"><span style=\"font-family: Times New Roman, serif;\"><span style=\"font-size: large;\"> \u00e8 arrivata dopo una serie di altri riscontri positivi. <\/span><\/span><\/span><span style=\"color: #333333;\"><span style=\"font-family: Times New Roman, serif;\"><span style=\"font-size: large;\">La Scuola d\u2019Infanzia di Taibon Agordino, infatti, dopo essere stata premiata nell\u2019edizione del 2014, che ha aperto il sentiero alla partecipazione da parte di altre Scuole dell\u2019Istituto Comprensivo, ha reiterato il risultato di eccellenza nell\u2019edizione del 2015, ottenendo un terzo riscontro nel 2017 e conseguendo quest\u2019anno il quarto riconoscimento. <\/span><\/span><\/span><span style=\"color: #333333;\"><span style=\"font-family: Times New Roman, serif;\"><span style=\"font-size: large;\">Quattro premi nell\u2019arco di sette edizioni consecutive costituiscono un risultato d\u2019eccellenza, ma al di l\u00e0 dei riconoscimenti, sempre apprezzabili, va evidenziato che il tutto deriva dalla indispensabile sintonia tra Scuola e famiglie e dalla conseguente collaborazione tra insegnanti e famiglie, coordinate dai rappresentanti dei genitori. <\/span><\/span><\/span><span style=\"font-family: Times New Roman, serif;\"><span style=\"font-size: large;\">Nell\u2019insieme, il concorso ha coinvolto in questi anni pi\u00f9 di 25 mila studenti che hanno predisposto oltre 1000 progetti, dimostrando come la ricerca e la valorizzazione della propria identit\u00e0 rappresenti un valore anche per le nuove generazioni.\u00a0<\/span><\/span><\/p>\n<p>&nbsp;<\/p>\n<p>&nbsp;<\/p>\n<hr \/>\n<p>&nbsp;<\/p>\n<div class=\"page-title-head hgroup\">\n<blockquote>\n<h3 class=\"entry-title\">IL DOPO PANDEMIA E\u2019 ANCHE UN LIBRO<\/h3>\n<\/blockquote>\n<\/div>\n<div class=\"page-title-breadcrumbs\">\n<p>&nbsp;<\/p>\n<p><strong class=\"photoswipe-wrapper\"><img loading=\"lazy\" decoding=\"async\" class=\"size-medium wp-image-140363 alignleft jetpack-lazy-image jetpack-lazy-image--handled\" src=\"https:\/\/i0.wp.com\/www.radiopiu.net\/wordpress\/wp-content\/uploads\/2020\/05\/92d8d52b-c066-41a8-8998-cf3b970b7203.jpg?resize=300%2C233&amp;ssl=1\" sizes=\"auto, (max-width: 300px) 100vw, 300px\" srcset=\"https:\/\/i0.wp.com\/www.radiopiu.net\/wordpress\/wp-content\/uploads\/2020\/05\/92d8d52b-c066-41a8-8998-cf3b970b7203.jpg?resize=300%2C233&amp;ssl=1 300w, https:\/\/i0.wp.com\/www.radiopiu.net\/wordpress\/wp-content\/uploads\/2020\/05\/92d8d52b-c066-41a8-8998-cf3b970b7203.jpg?resize=1024%2C794&amp;ssl=1 1024w, https:\/\/i0.wp.com\/www.radiopiu.net\/wordpress\/wp-content\/uploads\/2020\/05\/92d8d52b-c066-41a8-8998-cf3b970b7203.jpg?resize=768%2C595&amp;ssl=1 768w, https:\/\/i0.wp.com\/www.radiopiu.net\/wordpress\/wp-content\/uploads\/2020\/05\/92d8d52b-c066-41a8-8998-cf3b970b7203.jpg?resize=1536%2C1190&amp;ssl=1 1536w, https:\/\/i0.wp.com\/www.radiopiu.net\/wordpress\/wp-content\/uploads\/2020\/05\/92d8d52b-c066-41a8-8998-cf3b970b7203.jpg?w=1600&amp;ssl=1 1600w\" alt=\"\" width=\"300\" height=\"233\" data-recalc-dims=\"1\" data-lazy-loaded=\"1\" \/>BELLUNO<\/strong> Andrea Ferrazzi direttore di Confindustria Dolomiti ha dato alle stampe un libro che gi\u00e0 dal titolo introduce nell\u2019argomento post pandemia <strong>\u201cIl mondo che (Ri)Nasce\u201d.<\/strong> Sar\u00e0 presentato giovedi alle 17 sulla pagina Facebook e sul canale YouTube dell\u2019Editore e sulla pagina Facebook di Confindustria Belluno Dolomiti, prenderanno parte oltre all\u2019autore,\u00a0 il Ministro per i Rapporti con il Parlamento, Federico D\u2019Inc\u00e0;\u00a0 il presidente Gruppo Industriale Tecno e dell\u2019Advisory Board del Museo e Real Bosco di Capodimonte Giovanni Lombardi; l\u2019autore di uno dei saggi del libro Marco Magnani, economista alla Luiss e Harvard Kennedy School, il Government &amp; Public Services Industry Leader di Deloitte Guido Borsani; l\u2019editore del libro Florindo Rubbettino e il consulente in reputation strategy e segretario generale del think tank Competere.EU Roberto Race. Come sar\u00e0 il mondo che ci aspetta quando l\u2019incubo Covid sar\u00e0 finito? Che effetti avr\u00e0 avuto la pandemia sulla nostra societ\u00e0, sulla politica, sull\u2019economia, sui rapporti internazionali, sull\u2019Europa? Saranno questi i principali temi del dibattito. Il libro raccoglie testi di Alessandro Aresu, Filippo Barbera, Giuseppe Berta, Martina Carone, Giovanni Diamanti, Franco Ferrarotti, Andrea Ferrazzi, Paola Gioia, Tommaso Labate, Maria Elisabetta Lanzone, Giovanni Lombardi, Marco Magnani, Paolo Magri, Francesco Morace, Riccardo Perissich, Roberto Race, Claudio Riva, Francesco Seghezzi, Gianni Silvestrini, Nadia Urbinati, Stefano Zamagni, Vera Negri Zamagni. Venti esperti riflettono su cos\u2019\u00e8 successo, su cosa potrebbe succedere e\u00a0 su cosa dovrebbe succedere affinch\u00e9 la crisi da COVID-19 non sia accaduta invano. In quindici saggi viene analizzata questa drammatica esperienza da prospettive diverse: la societ\u00e0 e l\u2019economia, l\u2019Italia, l\u2019Europa e le relazioni internazionali, il lavoro e l\u2019ambiente, le vecchie e nuove periferie, la comunicazione e il giornalismo, la globalizzazione, la politica e le grandi sfide che l\u2019umanit\u00e0 dovr\u00e0 affrontare nel XXI secolo.<\/p>\n<p><strong>AI MICROFONI DI RADIO PIU&#8217;, ANDREA FERRAZZI<\/strong><\/p>\n<blockquote><audio class=\"wp-audio-shortcode\" id=\"audio-140186-16\" preload=\"none\" style=\"width: 100%;\" controls=\"controls\"><source type=\"audio\/mpeg\" src=\"https:\/\/www.radiopiu.net\/wordpress\/wp-content\/uploads\/2020\/05\/FERRAZZI.mp3?_=16\" \/><a href=\"https:\/\/www.radiopiu.net\/wordpress\/wp-content\/uploads\/2020\/05\/FERRAZZI.mp3\">https:\/\/www.radiopiu.net\/wordpress\/wp-content\/uploads\/2020\/05\/FERRAZZI.mp3<\/a><\/audio><\/blockquote>\n<p><strong>Il ricavato della vendita del volume sar\u00e0 devoluto all\u2019Associazione Onlus \u201cSos Villaggi dei Bambini\u201d (www.sositalia.it) che lavora in Italia e nel mondo con i bambini e le famiglie<\/strong><\/p>\n<p><strong class=\"photoswipe-wrapper\">\u00a0<\/strong><\/p>\n<p>&nbsp;<\/p>\n<hr \/>\n<p>&nbsp;<\/p>\n<blockquote>\n<h3>VENERE MOSTRA LE FASI COME LA LUNA<\/h3>\n<\/blockquote>\n<p><strong>di Claudio Pra <\/strong><\/p>\n<p>Venere, pianeta pi\u00f9 interno della terra rispetto al Sole, mostra le fasi come la Luna. In questo momento, dopo mesi in cui ha brillato la sera attirando l&#8217;attenzione, sta andando incontro alla congiunzione con il Sole mostrandosi a forma di sottilissimo falcetto. Ho ripreso questo splendido momento in pieno giorno al telescopio, superando le notevoli difficolt\u00e0 dovute alla vicinanza del Sole. Il cielo sa sempre sorprendere e sbalordire con le sue tante meraviglie, una delle quali \u00e8 questa che vi propongo in un breve filmato<\/p>\n<div style=\"width: 1200px;\" class=\"wp-video\"><video class=\"wp-video-shortcode\" id=\"video-140186-1\" width=\"1200\" height=\"675\" preload=\"metadata\" controls=\"controls\"><source type=\"video\/mp4\" src=\"https:\/\/www.radiopiu.net\/wordpress\/wp-content\/uploads\/2020\/05\/venere-claudio-pra.mp4?_=1\" \/><a href=\"https:\/\/www.radiopiu.net\/wordpress\/wp-content\/uploads\/2020\/05\/venere-claudio-pra.mp4\">https:\/\/www.radiopiu.net\/wordpress\/wp-content\/uploads\/2020\/05\/venere-claudio-pra.mp4<\/a><\/video><\/div>\n<p>&nbsp;<\/p>\n<hr \/>\n<h1><\/h1>\n<blockquote>\n<h3>IL BEL CORTO DI ANDREA ANDRIGHETTI ED ANDREA NASCIMBENE<\/h3>\n<h3>Due ragazzi veneti, Andrea Andrighetti ed Andrea Nascimbene, in collaborazione con Events TV, hanno creato questo corto sulla situazione covid-19 vissuta tra Feltre e Belluno, sperando di poter ripartire poi tutti assieme con maggiore forza ed entusiasmo.<\/h3>\n<\/blockquote>\n<p>&nbsp;<\/p>\n<p>https:\/\/www.facebook.com\/zaiaufficiale\/videos\/978718689243736\/<\/p>\n<p>&nbsp;<\/p>\n<hr \/>\n<h2>Sanificazione con ozono e tecnologie per Hotel INCONTRO CON GLI ALBERGATORI DELLA VALLE DEL BIOIS. SALA CONSIGLIARE COMUNE DI FALCADE relatore Francesco Zillio EPCENTER.<\/h2>\n<p>&nbsp;<\/p>\n<p>https:\/\/www.facebook.com\/mirko.mezzacasa\/videos\/10223372823735655\/<\/p>\n<p>&nbsp;<\/p>\n<p>&nbsp;<\/p>\n<hr \/>\n<p>&nbsp;<\/p>\n<blockquote class=\"wp-embedded-content\" data-secret=\"c65Unrpik0\"><p><a href=\"https:\/\/www.radiopiu.net\/wordpress\/la-maestra-margherita-e-la-storia-di-isa\/\">LA MAESTRA MARGHERITA E LA STORIA DI ISA<\/a><\/p><\/blockquote>\n<p><iframe loading=\"lazy\" title=\"&#8220;LA MAESTRA MARGHERITA E LA STORIA DI ISA&#8221; &#8212; Radio Pi\u00f9\" class=\"wp-embedded-content\" sandbox=\"allow-scripts\" security=\"restricted\" style=\"position: absolute; clip: rect(1px, 1px, 1px, 1px);\" src=\"https:\/\/www.radiopiu.net\/wordpress\/la-maestra-margherita-e-la-storia-di-isa\/embed\/#?secret=c65Unrpik0\" data-secret=\"c65Unrpik0\" width=\"600\" height=\"338\" frameborder=\"0\" marginwidth=\"0\" marginheight=\"0\" scrolling=\"no\"><\/iframe><\/p>\n<p>&nbsp;<\/p>\n<hr \/>\n<p>&nbsp;<\/p>\n<blockquote class=\"wp-embedded-content\" data-secret=\"3lViKcFbwJ\"><p><a href=\"https:\/\/www.radiopiu.net\/wordpress\/in-cattedrale-basilica-a-belluno-solenne-messa-crismale-sabato-30-di-renato-bona\/\">IN CATTEDRALE-BASILICA A BELLUNO SOLENNE MESSA CRISMALE SABATO 30 di Renato Bona<\/a><\/p><\/blockquote>\n<p><iframe loading=\"lazy\" title=\"&#8220;IN CATTEDRALE-BASILICA A BELLUNO SOLENNE MESSA CRISMALE SABATO 30 di Renato Bona&#8221; &#8212; Radio Pi\u00f9\" class=\"wp-embedded-content\" sandbox=\"allow-scripts\" security=\"restricted\" style=\"position: absolute; clip: rect(1px, 1px, 1px, 1px);\" src=\"https:\/\/www.radiopiu.net\/wordpress\/in-cattedrale-basilica-a-belluno-solenne-messa-crismale-sabato-30-di-renato-bona\/embed\/#?secret=3lViKcFbwJ\" data-secret=\"3lViKcFbwJ\" width=\"600\" height=\"338\" frameborder=\"0\" marginwidth=\"0\" marginheight=\"0\" scrolling=\"no\"><\/iframe><\/p>\n<p>&nbsp;<\/p>\n<hr \/>\n<p>&nbsp;<\/p>\n<\/div>\n<h2>IERI ALLA RADIO<\/h2>\n<p><a class=\"dt-pswp-item\" href=\"https:\/\/www.radiopiu.net\/wordpress\/wp-content\/uploads\/2020\/05\/PICCOLA-BAITA-FALCADE.jpg\" data-dt-img-description=\"\" data-large_image_width=\"2048\" data-large_image_height=\"1152\"><img loading=\"lazy\" decoding=\"async\" class=\"size-medium wp-image-140191 alignleft\" src=\"https:\/\/www.radiopiu.net\/wordpress\/wp-content\/uploads\/2020\/05\/PICCOLA-BAITA-FALCADE-300x169.jpg\" alt=\"\" width=\"300\" height=\"169\" srcset=\"https:\/\/www.radiopiu.net\/wordpress\/wp-content\/uploads\/2020\/05\/PICCOLA-BAITA-FALCADE-300x169.jpg 300w, https:\/\/www.radiopiu.net\/wordpress\/wp-content\/uploads\/2020\/05\/PICCOLA-BAITA-FALCADE-1024x576.jpg 1024w, https:\/\/www.radiopiu.net\/wordpress\/wp-content\/uploads\/2020\/05\/PICCOLA-BAITA-FALCADE-768x432.jpg 768w, https:\/\/www.radiopiu.net\/wordpress\/wp-content\/uploads\/2020\/05\/PICCOLA-BAITA-FALCADE-1536x864.jpg 1536w, https:\/\/www.radiopiu.net\/wordpress\/wp-content\/uploads\/2020\/05\/PICCOLA-BAITA-FALCADE.jpg 2048w\" sizes=\"auto, (max-width: 300px) 100vw, 300px\" \/><\/a><strong>FABRIZIO PESCOSTA, AGRITURISMO PICCOLA BAITA<\/strong><\/p>\n<p><strong>di Claudio Fontanive\u00a0<\/strong><\/p>\n<audio class=\"wp-audio-shortcode\" id=\"audio-140186-17\" preload=\"none\" style=\"width: 100%;\" controls=\"controls\"><source type=\"audio\/mpeg\" src=\"https:\/\/www.radiopiu.net\/wordpress\/wp-content\/uploads\/2020\/04\/fabrizio-pescosta-25-maggio.mp3?_=17\" \/><a href=\"https:\/\/www.radiopiu.net\/wordpress\/wp-content\/uploads\/2020\/04\/fabrizio-pescosta-25-maggio.mp3\">https:\/\/www.radiopiu.net\/wordpress\/wp-content\/uploads\/2020\/04\/fabrizio-pescosta-25-maggio.mp3<\/a><\/audio>\n<p>&nbsp;<\/p>\n<hr \/>\n<h3><\/h3>\n<h3><span style=\"color: #ff00ff;\">I RACCONTI DI PAOLO SOPPELSA<\/span><\/h3>\n<p><strong>LA GITA \u201cDE LA CORIERA\u201d<\/strong><\/p>\n<p><strong>AUDIO<\/strong><\/p>\n<audio class=\"wp-audio-shortcode\" id=\"audio-140186-18\" preload=\"none\" style=\"width: 100%;\" controls=\"controls\"><source type=\"audio\/mpeg\" src=\"https:\/\/www.radiopiu.net\/wordpress\/wp-content\/uploads\/2020\/05\/PAOLO-SOPPELSA-LA-GITA-DE-LA-CORIERA.mp3?_=18\" \/><a href=\"https:\/\/www.radiopiu.net\/wordpress\/wp-content\/uploads\/2020\/05\/PAOLO-SOPPELSA-LA-GITA-DE-LA-CORIERA.mp3\">https:\/\/www.radiopiu.net\/wordpress\/wp-content\/uploads\/2020\/05\/PAOLO-SOPPELSA-LA-GITA-DE-LA-CORIERA.mp3<\/a><\/audio>\n<p>&nbsp;<\/p>\n<p><a class=\"dt-pswp-item\" href=\"https:\/\/www.radiopiu.net\/wordpress\/wp-content\/uploads\/2020\/05\/eb35e77a-3c13-4654-b8df-e98fca9ac282.jpg\" data-dt-img-description=\"\" data-large_image_width=\"960\" data-large_image_height=\"541\"><img loading=\"lazy\" decoding=\"async\" class=\"size-medium wp-image-140111 alignleft\" src=\"https:\/\/www.radiopiu.net\/wordpress\/wp-content\/uploads\/2020\/05\/eb35e77a-3c13-4654-b8df-e98fca9ac282-300x169.jpg\" alt=\"\" width=\"300\" height=\"169\" srcset=\"https:\/\/www.radiopiu.net\/wordpress\/wp-content\/uploads\/2020\/05\/eb35e77a-3c13-4654-b8df-e98fca9ac282-300x169.jpg 300w, https:\/\/www.radiopiu.net\/wordpress\/wp-content\/uploads\/2020\/05\/eb35e77a-3c13-4654-b8df-e98fca9ac282-768x433.jpg 768w, https:\/\/www.radiopiu.net\/wordpress\/wp-content\/uploads\/2020\/05\/eb35e77a-3c13-4654-b8df-e98fca9ac282.jpg 960w\" sizes=\"auto, (max-width: 300px) 100vw, 300px\" \/><\/a>All\u2019incirca a met\u00e0 delle vacanze estive trascorse a San Tomaso c\u2019era la gita &#8220;de la coriera&#8221;. L\u2019allora giovane azienda di trasporto locale d\u2019estate organizzava delle gite che avevano come m\u00e8te le classiche localit\u00e0 turistiche delle Dolomiti. Il lago di Braies oppure di Misurina. E le cittadine dell\u2019Alto Adige, come ad esempio Ortisei o Merano oppure Bolzano o Bressanone. Raggiunte rigorosamente valicando i passi. Erano gite allegre e tragicomiche che ricordo con piacere. Non c\u2019era internet, cos\u00ec il biglietto bisognava acquistarlo a Cencenighe un po\u2019 di tempo prima. Poi, il giorno stabilito, una improbabile levataccia segnava l\u2019inizio di una giornata da ricordare. Camminata veloce all\u2019alba da San Tomaso a Cencenighe ad aspettare la corriera che ci avrebbe condotti in qualche meravigliosa localit\u00e0 alto-atesina. Solitamente il primo passo da superare era il Falzarego. E fino al bivio di Rucav\u00e0 tutto procedeva bene. Poi, dopo le prime manovre nei tornanti, iniziavano i malori. Che gli anziani di allora riuscivano a nascondere con grande dignit\u00e0. In cima ci si fermava per tirare il fiato e comprare qualche gadget tipo un portachiavi con impresse le Tofane oppure una cartolina con scritto Passo Falzarego. Poi si procedeva verso l\u2019agognata m\u00e8ta. Mi piaceva ammirare quelle grandi montagne a me ancora sconosciute. E mi piaceva pure guardare l\u2019autista impegnato nel continuo girare il volante e cambiare le marce. Non c\u2019erano gli smartphone. Nella corriera c\u2019era soltanto il \u201csisolare\u201d delle nonne che dicevano ai nipoti di non fare confusione. Che l\u2019autista doveva guidare e non doveva essere distratto. A quei tempi esisteva ancora la parola rispetto. Poi si arrivava a destinazione. Visita alla cittadina, acquisto di una cartolina da spedire a casa e pranzo al sacco con panini e Coca-Cola. Nel pomeriggio il ritorno. Con gli identici ed immaginabili malori dell&#8217;andata durante le discese dai passi. Che una volta rimanemmo quasi senza freni a Cernadoi. Gran puzza di bruciato nella corriera e l\u2019autista che disse serafico: \u201csion en cin senza freni, ma se dovaria riv\u00e0 du\u201d. E tutti eravamo tranquilli e composti. Perch\u00e9 l\u2019autista, a quei tempi, era un\u2019autorit\u00e0 rispettata e di lui si aveva una fiducia cieca. Ed infatti arrivammo a Caprile sani e salvi. Si arrivava a casa poco prima di cena, con lo stomaco in subbuglio e gli occhi pieni di montagne da raccontare e ricordare per sempre. Momenti di vita semplice. Allegri ricordi di giorni lontani a spasso fra le magiche Dolomiti!!!<\/p>\n<p>&nbsp;<\/p>\n<hr \/>\n<p>&nbsp;<\/p>\n<h3><span style=\"color: #33cccc;\">007 IN CONDOTTA<\/span><\/h3>\n<blockquote class=\"wp-embedded-content\" data-secret=\"qUqWZHNvkx\"><p><a href=\"https:\/\/www.radiopiu.net\/wordpress\/cosa-succedera-a-settembre\/\">Cosa succeder\u00e0 a settembre?<\/a><\/p><\/blockquote>\n<p><iframe loading=\"lazy\" title=\"&#8220;Cosa succeder\u00e0 a settembre?&#8221; &#8212; Radio Pi\u00f9\" class=\"wp-embedded-content\" sandbox=\"allow-scripts\" security=\"restricted\" style=\"position: absolute; clip: rect(1px, 1px, 1px, 1px);\" src=\"https:\/\/www.radiopiu.net\/wordpress\/cosa-succedera-a-settembre\/embed\/#?secret=qUqWZHNvkx\" data-secret=\"qUqWZHNvkx\" width=\"600\" height=\"338\" frameborder=\"0\" marginwidth=\"0\" marginheight=\"0\" scrolling=\"no\"><\/iframe><\/p>\n<p><strong>LE ALTRE PUNTATE<\/strong><\/p>\n<blockquote class=\"wp-embedded-content\" data-secret=\"geoxTIvYJZ\"><p><a href=\"https:\/\/www.radiopiu.net\/wordpress\/007incondotta-2-2\/\">007 in condotta<\/a><\/p><\/blockquote>\n<p><iframe loading=\"lazy\" title=\"&#8220;007 in condotta&#8221; &#8212; Radio Pi\u00f9\" class=\"wp-embedded-content\" sandbox=\"allow-scripts\" security=\"restricted\" style=\"position: absolute; clip: rect(1px, 1px, 1px, 1px);\" src=\"https:\/\/www.radiopiu.net\/wordpress\/007incondotta-2-2\/embed\/#?secret=geoxTIvYJZ\" data-secret=\"geoxTIvYJZ\" width=\"600\" height=\"338\" frameborder=\"0\" marginwidth=\"0\" marginheight=\"0\" scrolling=\"no\"><\/iframe><\/p>\n<h3><span style=\"color: #ff0000;\">DUE MINUTI UN LIBRO<\/span><\/h3>\n<blockquote class=\"wp-embedded-content\" data-secret=\"jJT2OojWte\"><p><a href=\"https:\/\/www.radiopiu.net\/wordpress\/lultima-luna\/\">L&#8217;ULTIMA LUNA<\/a><\/p><\/blockquote>\n<p><iframe loading=\"lazy\" title=\"&#8220;L&#8217;ULTIMA LUNA&#8221; &#8212; Radio Pi\u00f9\" class=\"wp-embedded-content\" sandbox=\"allow-scripts\" security=\"restricted\" style=\"position: absolute; clip: rect(1px, 1px, 1px, 1px);\" src=\"https:\/\/www.radiopiu.net\/wordpress\/lultima-luna\/embed\/#?secret=jJT2OojWte\" data-secret=\"jJT2OojWte\" width=\"600\" height=\"338\" frameborder=\"0\" marginwidth=\"0\" marginheight=\"0\" scrolling=\"no\"><\/iframe><\/p>\n<p><strong>LE ALTRE PUNTATE<\/strong><\/p>\n<blockquote class=\"wp-embedded-content\" data-secret=\"wjvLwbOHc9\"><p><a href=\"https:\/\/www.radiopiu.net\/wordpress\/due-minuti-un-libro\/\">Due minuti un libro<\/a><\/p><\/blockquote>\n<p><iframe loading=\"lazy\" title=\"&#8220;Due minuti un libro&#8221; &#8212; Radio Pi\u00f9\" class=\"wp-embedded-content\" sandbox=\"allow-scripts\" security=\"restricted\" style=\"position: absolute; clip: rect(1px, 1px, 1px, 1px);\" src=\"https:\/\/www.radiopiu.net\/wordpress\/due-minuti-un-libro\/embed\/#?secret=wjvLwbOHc9\" data-secret=\"wjvLwbOHc9\" width=\"600\" height=\"338\" frameborder=\"0\" marginwidth=\"0\" marginheight=\"0\" scrolling=\"no\"><\/iframe><\/p>\n<h3><span style=\"color: #800080;\">SALUTE E SOCIETA&#8217;<\/span><\/h3>\n<blockquote class=\"wp-embedded-content\" data-secret=\"sFB6ObZp1j\"><p><a href=\"https:\/\/www.radiopiu.net\/wordpress\/dermatite-atopica-tumore-del-pancreas-carenza-di-vitamina-d\/\">Dermatite atopica &#8211; tumore del pancreas &#8211; carenza di Vitamina D<\/a><\/p><\/blockquote>\n<p><iframe loading=\"lazy\" title=\"&#8220;Dermatite atopica &#8211; tumore del pancreas &#8211; carenza di Vitamina D&#8221; &#8212; Radio Pi\u00f9\" class=\"wp-embedded-content\" sandbox=\"allow-scripts\" security=\"restricted\" style=\"position: absolute; clip: rect(1px, 1px, 1px, 1px);\" src=\"https:\/\/www.radiopiu.net\/wordpress\/dermatite-atopica-tumore-del-pancreas-carenza-di-vitamina-d\/embed\/#?secret=sFB6ObZp1j\" data-secret=\"sFB6ObZp1j\" width=\"600\" height=\"338\" frameborder=\"0\" marginwidth=\"0\" marginheight=\"0\" scrolling=\"no\"><\/iframe><\/p>\n<p><strong>LE ALTRE PUNTATE<\/strong><\/p>\n<blockquote class=\"wp-embedded-content\" data-secret=\"WoHzO9tmvt\"><p><a href=\"https:\/\/www.radiopiu.net\/wordpress\/saluteesocieta\/\">Salute e Societ\u00e0<\/a><\/p><\/blockquote>\n<p><iframe loading=\"lazy\" title=\"&#8220;Salute e Societ\u00e0&#8221; &#8212; Radio Pi\u00f9\" class=\"wp-embedded-content\" sandbox=\"allow-scripts\" security=\"restricted\" style=\"position: absolute; clip: rect(1px, 1px, 1px, 1px);\" src=\"https:\/\/www.radiopiu.net\/wordpress\/saluteesocieta\/embed\/#?secret=WoHzO9tmvt\" data-secret=\"WoHzO9tmvt\" width=\"600\" height=\"338\" frameborder=\"0\" marginwidth=\"0\" marginheight=\"0\" scrolling=\"no\"><\/iframe><\/p>\n<h3><span style=\"color: #008000;\">AGORDINOMERON<\/span><\/h3>\n<blockquote class=\"wp-embedded-content\" data-secret=\"CU82C2Fotm\"><p><a href=\"https:\/\/www.radiopiu.net\/wordpress\/agordinomeron\/\">AGORDINOMERON, IL TERRITORIO SI RACCONTA Da un&#8217;idea di Gianni Santomaso<\/a><\/p><\/blockquote>\n<p><iframe loading=\"lazy\" title=\"&#8220;AGORDINOMERON, IL TERRITORIO SI RACCONTA Da un&#8217;idea di Gianni Santomaso&#8221; &#8212; Radio Pi\u00f9\" class=\"wp-embedded-content\" sandbox=\"allow-scripts\" security=\"restricted\" style=\"position: absolute; clip: rect(1px, 1px, 1px, 1px);\" src=\"https:\/\/www.radiopiu.net\/wordpress\/agordinomeron\/embed\/#?secret=CU82C2Fotm\" data-secret=\"CU82C2Fotm\" width=\"600\" height=\"338\" frameborder=\"0\" marginwidth=\"0\" marginheight=\"0\" scrolling=\"no\"><\/iframe><\/p>\n<h3><span style=\"color: #993300;\">IL MESSAGGIO DEI SACERDOTI A RADIO PIU&#8217;<\/span><\/h3>\n<blockquote class=\"wp-embedded-content\" data-secret=\"8x2VWuCUF6\"><p><a href=\"https:\/\/www.radiopiu.net\/wordpress\/il-messaggio-dai-sacerdoti-della-conca-su-radio-piu-alle-7-30-e-19-30\/\">IL MESSAGGIO DAI SACERDOTI SU RADIO PIU&#8217; ALLE 7.30 E 19.30<\/a><\/p><\/blockquote>\n<p><iframe loading=\"lazy\" title=\"&#8220;IL MESSAGGIO DAI SACERDOTI SU RADIO PIU&#8217; ALLE 7.30 E 19.30&#8221; &#8212; Radio Pi\u00f9\" class=\"wp-embedded-content\" sandbox=\"allow-scripts\" security=\"restricted\" style=\"position: absolute; clip: rect(1px, 1px, 1px, 1px);\" src=\"https:\/\/www.radiopiu.net\/wordpress\/il-messaggio-dai-sacerdoti-della-conca-su-radio-piu-alle-7-30-e-19-30\/embed\/#?secret=8x2VWuCUF6\" data-secret=\"8x2VWuCUF6\" width=\"600\" height=\"338\" frameborder=\"0\" marginwidth=\"0\" marginheight=\"0\" scrolling=\"no\"><\/iframe><\/p>\n<p>&nbsp;<\/p>\n<hr \/>\n<p>&nbsp;<\/p>\n<p><strong class=\"photoswipe-wrapper\"><a class=\"dt-pswp-item pspw-wrap-ready\" href=\"https:\/\/i0.wp.com\/www.radiopiu.net\/wordpress\/wp-content\/uploads\/2018\/09\/viabilita.jpeg?ssl=1\" data-dt-img-description=\"\" data-large_image_width=\"800\" data-large_image_height=\"100\"><img loading=\"lazy\" decoding=\"async\" class=\"aligncenter wp-image-61954 size-full jetpack-lazy-image jetpack-lazy-image--handled\" src=\"https:\/\/i0.wp.com\/www.radiopiu.net\/wordpress\/wp-content\/uploads\/2018\/09\/viabilita.jpeg?resize=800%2C100&amp;ssl=1\" sizes=\"auto, (max-width: 800px) 100vw, 800px\" srcset=\"https:\/\/i0.wp.com\/www.radiopiu.net\/wordpress\/wp-content\/uploads\/2018\/09\/viabilita.jpeg?w=800&amp;ssl=1 800w, https:\/\/i0.wp.com\/www.radiopiu.net\/wordpress\/wp-content\/uploads\/2018\/09\/viabilita.jpeg?resize=300%2C38&amp;ssl=1 300w, https:\/\/i0.wp.com\/www.radiopiu.net\/wordpress\/wp-content\/uploads\/2018\/09\/viabilita.jpeg?resize=768%2C96&amp;ssl=1 768w\" alt=\"\" width=\"800\" height=\"100\" data-lazy-loaded=\"1\" \/><\/a><\/strong><\/p>\n<p><strong>\u00a0<\/strong><\/p>\n<blockquote><p><strong>INTERRUZIONI A CRISTO DELLE PIANIZZE\u00a0<\/strong>sp347 DURAN E CEREDA fino al 5 giugno (esclusi festivi e prefestivi) possibili interruzioni in localit\u00e0 Pianizze (Agordo) della durata massima di 15 minuti dalle 8 alle 12 e dalle 13 alle 17, inoltre senso unico alternato nei periodi non interessati dalle chiusura<\/p><\/blockquote>\n<p>PROVINCIALE 20 DELLA VAL FIORENTINA, SELVA DI CADORE: FINO AL 13 GIUGNO, CHIUSURA TOTALE TRA SOLATOR E IL CENTRO DEL PAESE ANCHE NEI GIORNI FESTIVI E PREFESTIVI, DAL CHILOMETRO 4.850 AL CHILOMETRO 5.100. TRANSITO CONSENTITO AI LOCALI CON TEMPI DI ATTESA MASSIMI STIMATI IN 30 MINUTI IN LOCALITA\u2019 SOLATOR DAL CHILOMETRO 4.400 AL CHILOMETRO 4.850<\/p>\n<p>REGIONALE 48 DELLE DOLOMITI, LOCALIT\u00c0 POCOL INIZIO ABITATO CORTINA,FINO\u00a0 AL 12 GIUGNO SEMAFORO PER TRATTI DI 250 METRI ANCHE NEI GIORNI FESTIVI E PREFESTIVI<\/p>\n<p>REGIONALE 203 AGORDINA FINO AL 15 GIUGNO IN LOCALIT\u00c0 LA MUDA DEVIAZIONE SU VIABILIT\u00c0 PROVVISORIA, PRUDENZA<\/p>\n<p>PROVINCIALE 12 PEDEMONTANA LOCALIT\u00c0 PONTE MAS, CHIUSURA TOTALE DI PONTE MAS FINO\u00a0 AL 30 GIUGNO<\/p>\n<p>STRADA REGIONALE 48 DELLE DOLOMITI, DAL KM 110,350 AL KM 112, SENSO UNICO ALTERNATO REGOLATO DA IMPIANTO SEMAFORICO ANCHE SABATO E FESTIVI FINO\u00a0 AL 31 MAGGIO PER POSA ELETTRODOTTO INTERRATO<\/p>\n<p>PROVINCIALE 563 DI SALESEI, FINO\u00a0 AL 3 LUGLIO, SENSO UNICO ALTERNATO REGOLATO DA IMPIANTO SEMAFORICO IN LOCALIT\u00c0 DIGONERA PER MESSA IN SICUREZZA PIANO VIABILE, SABATO E FESTIVI INCLUSI<\/p>\n<p>PROVINCIALE 347 PASSO DURAN, LOCALITA\u2019 SANT\u2019ANDREA DI GOSALDO. FINO AL 5 GIUGNO SENSO UNICO ALTERNATO<\/p>\n<p>STRADA PROVINCIALE 347 DEL PASSO CEREDA E DURAN, DALLE 7 ALLE 18 ,\u00a0 FINO AL 29 MAGGIO, POSSIBILI TEMPORANEE INTERRUZZIONI ALLA VIABILIT\u00e0 DELLA DURATA MASSIMA DI 30 MINUTI E SENSO UNICO ALTERNATO REGOLATO DA MOVIERI PER ASFALTATURA TRATTI DI STRADA TRA PASSO DURAN E DONT<\/p>\n<p>STRADA PROVINCIALE 346 DEL PASSO SAN PELLEGRINO, FINO\u00a0 AL 5 GIUGNO, SENSO UNICO ALTERNATO REGOLATO DA IMPIANTO SEMOFORICO TRA FALCADE E FALCADE ALTO PER POSA CAVIDOTTO FIBRA OTTICA<\/p>\n<p>STRADA PROVINCIALE 347 DEL PASSO CEREDA E DURAN, FINO\u00a0 AL 01 GIUGNO ESCLUSE DOMENICHE E FESTIVI, SENSO UNICO ALTERNATO REGOLATO DA IMPIANTO SEMAFORICO O MOVIERI IN COMUNE DI VALLE DI CADORE PER SONDAGGI GEOTECNICI<\/p>\n<p>SP346 DEL SAN PELLEGRINO, COMUNE DI VALLADA,\u00a0 FINO\u00a0 AL 29 MAGGIO SENSO UNICO ALTERNATO PER MESSA IN SICUREZZA BARRIERE LATERALI<\/p>\n<p>REGIONALE203 AGORDINA, CANDATEN-LA STANGA, DAL 25 MAGGIO AL 30 GIUGNO INCLUSI SABATO E DOMENICA DALLE 7.30 ALLE 9 E DALLE 16.30 ALLE 18 SENSO UNICO ALTERNATO CON MOVIERI, NEGLI ALTRI PERIODI SENSO UNICO CON SEMAFORO.<\/p>\n<p>REGIONALE 203 AGORDINA LOCALITA\u2019 ALLEGHE, NEL GIORNO 26 MAGGIO (IN CASO DI MALTEMPO IL GIORNO SUCCESSIVO) INTERRUZIONI ALLA VIABILITA\u2019 FINO A 3 MINUTI PER TRAPORTO MATERIALI CON ELICOTTERO.<\/p>\n<p>PROVINCIALE 246 DEL SAN PELLEGRINO, CANALE D\u2019AGORDO E VALLADA DAL 25 AL 29 MAGGIO SENSO UNICO REGOLATO DA SEMAFORO IN TRATTI SALTUARI.<\/p>\n<p>PROVINCIALE 24 VALPAROLA DAL 25 MAGGIO AL 05 GIUGNO ESCLUSI FESTIVI E PREFESTIVI, SENSO UNICO ALTERNATO A VISTA PER TRATTI DI 50 METRI.<\/p>\n<p>PROVINCIALE 563 DI SALESEI, DALLE 7 DEL 26 MAGGIO ALLE 18 DEL 19 GIUGNO, DOMENICHE E FESTIVI ESCLUSI, SENSO UNICO ALTERNATO REGOLATO DA IMPIANTO SEMAFORICO E POSSIBILI BREVI INTERRUZIONI AL TRAFFICO DI 15 MINUTI PER MESSA IN SICUREZZA VERSANTE A MONTE DELLA STRADA<\/p>\n<p>STRADA PROVINCIALE 346 DEL SAN PELLEGRINO, NEI COMUNI DI FALCADE, CANALE E VALLADA, DAL 26 MAGGIO AL 3 LUGLIO, INCLUSI SABATI E DOMENICHE, POSSIBILE ISTITUZIONE DI SENSO UNICO ALTERNATO REGOLATO DA MOVIERI PER SOSTITUZIONE CONDUTTORI E MANUTENZIONE LINEA ELETTRICA ALTA TENSIONE<\/p>\n<p>REGIONALE 203 AGORDINA, NEL COMUNE DI CENCENIGHE, DAL 26 MAGGIO AL 3 LUGLIO, INCLUSI SABATI E DOMENICHE, POSSIBILE ISTITUZIONE DI SENSO UNICO ALTERNATO REGOLATO DA MOVIERI PER SOSTITUZIONE CONDUTTORI E MANUTENZIONE LINEA ELETTRICA ALTA TENSIONE<\/p>\n<p>&nbsp;<\/p>\n<hr \/>\n<p>&nbsp;<\/p>\n<h3><a class=\"dt-pswp-item\" href=\"https:\/\/www.radiopiu.net\/wordpress\/wp-content\/uploads\/2018\/09\/sport.jpg\" data-dt-img-description=\"\" data-large_image_width=\"800\" data-large_image_height=\"100\"><img loading=\"lazy\" decoding=\"async\" class=\"aligncenter wp-image-60761 size-full\" src=\"https:\/\/www.radiopiu.net\/wordpress\/wp-content\/uploads\/2018\/09\/sport.jpg\" alt=\"\" width=\"800\" height=\"100\" srcset=\"https:\/\/www.radiopiu.net\/wordpress\/wp-content\/uploads\/2018\/09\/sport.jpg 800w, https:\/\/www.radiopiu.net\/wordpress\/wp-content\/uploads\/2018\/09\/sport-300x38.jpg 300w, https:\/\/www.radiopiu.net\/wordpress\/wp-content\/uploads\/2018\/09\/sport-768x96.jpg 768w\" sizes=\"auto, (max-width: 800px) 100vw, 800px\" \/><\/a><\/h3>\n<blockquote>\n<h3><\/h3>\n<h3>IL PRIMO LUGLIO SI DECIDERA&#8217; SE SPOSTARE I MONDIALI DI SCI DI CORTINA<\/h3>\n<\/blockquote>\n<p><strong><a class=\"dt-pswp-item\" href=\"https:\/\/www.radiopiu.net\/wordpress\/wp-content\/uploads\/2020\/05\/CORTINA-2021.jpg\" data-dt-img-description=\"\" data-large_image_width=\"400\" data-large_image_height=\"400\"><img loading=\"lazy\" decoding=\"async\" class=\"size-medium wp-image-140429 alignleft\" src=\"https:\/\/www.radiopiu.net\/wordpress\/wp-content\/uploads\/2020\/05\/CORTINA-2021-300x300.jpg\" alt=\"\" width=\"300\" height=\"300\" \/><\/a>ROMA<\/strong> Il Consiglio FIS (Federazione Internazionale dello Sci) ha rappresentato uno dei momenti di maggior condivisione dell\u2019intera storia del movimento degli sport invernali italiani. L\u2019Italia dello sci alpino, unita in un unico corpo con tutte le istituzioni che compongono la Fondazione Cortina 2021: Governo, Regione Veneto, Provincia di Belluno, Comune di Cortina, CONI e Federazione Italiana Sport Invernali,\u00a0 si \u00e8 infatti presentata davanti al massimo consesso dello sci internazionale, per proporre il rinvio dei Campionati Mondiali di Cortina al 2022. Il Consiglio FIS ha preso in attenta considerazione la proposta italiana, ripromettendosi di valutarne ogni aspetto e quindi di assumere una decisione definitiva il prossimo 1 luglio. \u201cL\u2019auspicio italiano \u00e8 che si prenda la decisione di rinviare il Mondiale \u2013 ha commentato a caldo il Presidente della FISI, Flavio Roda, relatore della proposta in seno al Consiglio -. Sponsor e pubblico si aspettano che Cortina presenti un Mondiale di altissimo livello, sia sotto il punto di vista organizzativo che dello spettacolo. Tutto ci\u00f2 si potr\u00e0 fare solo nella massima sicurezza sanitaria e potendo testare tutte le nuove infrastrutture e i processi operativi che stanno dietro a un grande evento internazionale. Penso che spostando in avanti l\u2019appuntamento con il Mondiale sia possibile mettere in atto quanto di meglio la tradizione e l\u2019esperienza organizzativa italiane sanno fare e lanciare nel migliore dei modi la strada verso Milano \u2013 Cortina 2026\u201d.<\/p>\n<p><em><strong>(DAL SITO INTERENT FISI)<\/strong><\/em><\/p>\n<p>&nbsp;<\/p>\n<p>&nbsp;<\/p>\n<hr \/>\n<p>&nbsp;<\/p>\n<p><img decoding=\"async\" class=\"aligncenter jetpack-lazy-image jetpack-lazy-image--handled\" src=\"https:\/\/i0.wp.com\/www.radiopiu.net\/wordpress\/wp-content\/uploads\/2018\/09\/WhatsApp-Image-2018-09-20-at-16.04.06.jpeg?resize=800%2C100&amp;ssl=1\" data-lazy-loaded=\"1\" \/><\/p>\n<p>&nbsp;<\/p>\n<p><center><b>Martedi 26<\/b><\/center><b>Tempo atteso:\u00a0<\/b>Al mattino soleggiato con cielo sereno, aria tersa ed ottima visibilit\u00e0 ovunque. Al pomeriggio sole e modesti cumuli sulle Dolomiti, mentre l&#8217;attivit\u00e0 cumuliforme sar\u00e0 un po&#8217; pi\u00f9 presente sulle Prealpi. dove il soleggiamento rimarr\u00e0 comunque prevalente. Clima sempre fresco al mattino, mite di giorno, con forte escursione termica diurna nelle valli.<br \/>\n<b>Precipitazioni:\u00a0<\/b>Assenti (0%), al pi\u00f9 limitate a sporadici piovaschi pomeridiani sulle Prealpi, specie quelle orientali (10\/20%).<br \/>\n<b>Temperature:\u00a0<\/b>Minime in leggera diminuzione a tutte le quote (come luned\u00ec, rischio di locali brinate sugli altopiani di Asiago e del Cansiglio all&#8217;alba); massime senza variazioni di rilievo rispetto a luned\u00ec, con punte di 22\/23\u00b0C nei fondovalle prealpini e di 17\/19\u00b0C a 1000\/1200 m. Su Prealpi a 1500 m min 6\u00b0C max 11\u00b0C, a 2000 m min 3\u00b0C max 7\u00b0C. Su Dolomiti a 2000 m min 0\u00b0C max 6\u00b0C, a 3000 m min -6\u00b0C max -3\u00b0C.<br \/>\n<b>Venti:\u00a0<\/b>Perlopi\u00f9 deboli a regime di brezza nelle valli, salvo locali rinforzi di Foehn; in quota moderati da nord, anche inizialmente tesi sulle cime dolomitiche pi\u00f9 alte, a 10-25 km\/h a 2000 m, 30-45 km\/h a 3000 m.<\/p>\n<hr \/>\n<p><center><b>Mercoledi 27<\/b><\/center><b>Tempo atteso:\u00a0<\/b>Tempo ancora ben soleggiato con cileo sereno al mattino e attivit\u00e0 cumuliforme pomeridiana modesta, al pi\u00f9 moderata su alcuni settori prealpini, ma sembra senza fenomeni per aria molto secca. Clima fresco al primo mattino e primaverile di giorno.<br \/>\n<b>Precipitazioni:\u00a0<\/b>Assenti (0%).<br \/>\n<b>Temperature:\u00a0<\/b>In generale lieve rialzo, eccetto stazionariet\u00e0 delle minime nelle valli. Sono previsti rialzi di 1\/2\u00b0C rispetto a marted\u00ec. Su Prealpi a 1500 m min 7\u00b0C max 12\u00b0C, a 2000 m min 3\u00b0C max 8\u00b0C. Su Dolomiti a 2000 m min 1\u00b0C max 7\u00b0C, a 3000 m min -5\u00b0C max -1\u00b0C.<br \/>\n<b>Venti:\u00a0<\/b>Perlopi\u00f9 deboli a regime di brezza nelle valli, salvo locali rinforzi notturni su alcuni settori prealpini; in quota deboli\/moderati da nord nord-est, a 5-10 km\/h a 2000 m, 15-20 km\/h a 3000 m.<\/p>\n<hr \/>\n<p><center><b>Giovedi 28<\/b><\/center>Tempo solo parzialmente soleggiato al mattino. Poi molte nubi per ingresso di nubi medio-alte ed attivit\u00e0 cumuliforme assai pi\u00f9 accentuata rispetto ai giorni precedenti. Nuvolosit\u00e0 che sar\u00e0 associata a qualche rovescio ed occasionale temporale, specie tra Prealpi e Dolomiti meridionali. Nei settori interessati da rovesci, il limite neve sar\u00e0 sui 2400\/2500 m. Temperature minime in leggero aumento e massime in contenuta flessione. Venti deboli settentrionali in quota, brezze nelle valli.<\/p>\n<hr \/>\n<p><center><b>Venerdi 29<\/b><\/center>Al mattino di nuovo soleggiato su Dolomiti e qualche nube bassa sulle Prealpi. Al pomeriggio attivit\u00e0 cumuliforme per lo pi\u00f9 modesta sulle Dolomiti, moderata sulle Prealpi, dove l&#8217;insidia di qualche fenomeno convettivo non sar\u00e0 da escludere. Temperature in contenuto calo, eccetto rialzo delle minime nei settori interessati da nubi basse mattutine. Venti settentrionali deboli da nord-est al mattino, poi dai quadranti occidentali, perlopi\u00f9 deboli a regime di brezza nelle valli. Previsore: R.L.Th.<\/p>\n","protected":false},"excerpt":{"rendered":"<p>PER RICEVERE QUESTO NOTIZIARIO DIRETTAMENTE SUL TUO CELLULARE ISCRIVITI AL CANALE TELEGRAM\u00a0\u201cRADIO PIU\u00a0 INFORMAZIONE\u201d QUESTA SERA ALLE 21.00 SU RADIO PIU IL CONSIGLIO COMUNALE DI CANALE D&#8217;AGORDO IN DIRETTA DIFFERITA, IN QUESTO NOTIZIARIO LA REGISTRAZIONE DEL CONSIGLIO COMUNALE DI FALCADE TRASMESSO IERI SERA IN DIRETTA RADIO\u00a0 &nbsp; DOMENICA SUL SAN SEBASTIANO&#8230;DISTANZIAMENTO RISPETTATO \u00a0 &nbsp; Gestione&hellip;<\/p>\n","protected":false},"author":4,"featured_media":140148,"comment_status":"closed","ping_status":"closed","sticky":false,"template":"","format":"standard","meta":{"_monsterinsights_skip_tracking":false,"_monsterinsights_sitenote_active":false,"_monsterinsights_sitenote_note":"","_monsterinsights_sitenote_category":0,"footnotes":""},"categories":[1,86,49],"tags":[],"class_list":["post-140186","post","type-post","status-publish","format-standard","has-post-thumbnail","hentry","category-senza-categoria","category-gr","category-news-18","category-1","category-86","category-49","description-off"],"img_url":"https:\/\/www.radiopiu.net\/wordpress\/wp-content\/uploads\/2020\/05\/IMG-20200524-WA0010.jpg","_links":{"self":[{"href":"https:\/\/www.radiopiu.net\/wordpress\/wp-json\/wp\/v2\/posts\/140186","targetHints":{"allow":["GET"]}}],"collection":[{"href":"https:\/\/www.radiopiu.net\/wordpress\/wp-json\/wp\/v2\/posts"}],"about":[{"href":"https:\/\/www.radiopiu.net\/wordpress\/wp-json\/wp\/v2\/types\/post"}],"author":[{"embeddable":true,"href":"https:\/\/www.radiopiu.net\/wordpress\/wp-json\/wp\/v2\/users\/4"}],"replies":[{"embeddable":true,"href":"https:\/\/www.radiopiu.net\/wordpress\/wp-json\/wp\/v2\/comments?post=140186"}],"version-history":[{"count":0,"href":"https:\/\/www.radiopiu.net\/wordpress\/wp-json\/wp\/v2\/posts\/140186\/revisions"}],"wp:featuredmedia":[{"embeddable":true,"href":"https:\/\/www.radiopiu.net\/wordpress\/wp-json\/wp\/v2\/media\/140148"}],"wp:attachment":[{"href":"https:\/\/www.radiopiu.net\/wordpress\/wp-json\/wp\/v2\/media?parent=140186"}],"wp:term":[{"taxonomy":"category","embeddable":true,"href":"https:\/\/www.radiopiu.net\/wordpress\/wp-json\/wp\/v2\/categories?post=140186"},{"taxonomy":"post_tag","embeddable":true,"href":"https:\/\/www.radiopiu.net\/wordpress\/wp-json\/wp\/v2\/tags?post=140186"}],"curies":[{"name":"wp","href":"https:\/\/api.w.org\/{rel}","templated":true}]}}