{"id":140413,"date":"2020-05-26T06:04:29","date_gmt":"2020-05-26T04:04:29","guid":{"rendered":"https:\/\/www.radiopiu.net\/wordpress\/?p=140413"},"modified":"2020-05-26T12:50:05","modified_gmt":"2020-05-26T10:50:05","slug":"continuano-domattina-le-ricerche-a-cencenighe","status":"publish","type":"post","link":"https:\/\/www.radiopiu.net\/wordpress\/continuano-domattina-le-ricerche-a-cencenighe\/","title":{"rendered":"RIPRENDONO STAMANE LE RICERCA DI &#8220;TANO&#8221; MANFROI SOPRA CHENET DI CENCENIGHE. LE TELECAMERE HANNO IMMORTALATO IL SUO PASSAGGIO MATTUTINO"},"content":{"rendered":"<div class=\"page-title-head hgroup\">\n<p><em>Sabato alle 10.46, Manfroi \u00e8 passato davanti ad una telecamera di videosorveglianza di una casa privata vicino alla sua abitazione. Alle 13.08 una telecamera nella stessa zona ha ripreso Zuma, il border collie di Manfroi. L&#8217;animale \u00e8 rientrato a casa da solo. Gioved\u00ec, salvo novit\u00e0 (come il ritrovamento dell&#8217;uomo) ci sar\u00e0 un nuovo vertice in Prefettura.<\/em><\/p>\n<\/div>\n<div class=\"page-title-breadcrumbs\"><strong><a class=\"dt-pswp-item\" href=\"https:\/\/www.radiopiu.net\/wordpress\/wp-content\/uploads\/2020\/05\/21950948_1925922927729334_2365588150677412656_o.jpg\" data-dt-img-description=\"\" data-large_image_width=\"956\" data-large_image_height=\"960\"><img loading=\"lazy\" decoding=\"async\" class=\"size-medium wp-image-139957 alignleft\" src=\"https:\/\/www.radiopiu.net\/wordpress\/wp-content\/uploads\/2020\/05\/21950948_1925922927729334_2365588150677412656_o-300x300.jpg\" alt=\"\" width=\"300\" height=\"300\" srcset=\"https:\/\/www.radiopiu.net\/wordpress\/wp-content\/uploads\/2020\/05\/21950948_1925922927729334_2365588150677412656_o-300x300.jpg 300w, https:\/\/www.radiopiu.net\/wordpress\/wp-content\/uploads\/2020\/05\/21950948_1925922927729334_2365588150677412656_o-150x150.jpg 150w, https:\/\/www.radiopiu.net\/wordpress\/wp-content\/uploads\/2020\/05\/21950948_1925922927729334_2365588150677412656_o-768x771.jpg 768w, https:\/\/www.radiopiu.net\/wordpress\/wp-content\/uploads\/2020\/05\/21950948_1925922927729334_2365588150677412656_o.jpg 956w\" sizes=\"auto, (max-width: 300px) 100vw, 300px\" \/><\/a>CENCENIGHE <\/strong>Continueranno oggi le ricerche di Carlo Manfroi, 63 anni, di Cencenighe Agordino (BL), uscito sabato per una passeggiata, come d\u2019abitudine, e non pi\u00f9 rientrato. A seguito della riunione in prefettura tra le forze impegnate in questi giorni, \u00e8 stato deciso di proseguire e oggi si ripartir\u00e0 dal campo base a Chenet. L\u2019uomo era uscito assieme al suo cane dalla propria abitazione a Chenet verso Bricol, da cui parte una rete di sentieri denominata Le Ial, sotto il Monte Pelsa. Quando alle 13.30 per\u00f2 il cane era ritornato da solo, la moglie aveva atteso invano il marito, per poi lanciare preoccupata l\u2019allarme alle 16. . Domenica una settantina di soccorritori (Cnsas, Sagf, vigili del fuoco permanenti e volontari, membri dell&#8217;associazione nazionale carabinieri), ha ripreso le ricerche. Sono stati impiegate anche dieci unit\u00e0 cinofile e tre cani molecolari.A met\u00e0 pomeriggio i cani hanno fiutato una traccia lungo un sentiero impegnativo, e per lunghi tratti esposto, che si diparte da Bricol. I soccorritori si sono calati con le corde dal punto in cui si erano fermati i cani, ma non hanno trovato alcuna traccia dell&#8217;escursionistaCarlo, che \u00e8 alto un metro e ottanta circa ed \u00e8 di corporatura longilinea, indossa pantaloncini corti color carta da zucchero, una giacca azzurra e scarpe da ginnastica bianche. Chiunque avesse sue notizie \u00e8 pregato di contattare i carabinieri.<\/div>\n<div><\/div>\n","protected":false},"excerpt":{"rendered":"<p>Sabato alle 10.46, Manfroi \u00e8 passato davanti ad una telecamera di videosorveglianza di una casa privata vicino alla sua abitazione. Alle 13.08 una telecamera nella stessa zona ha ripreso Zuma, il border collie di Manfroi. L&#8217;animale \u00e8 rientrato a casa da solo. Gioved\u00ec, salvo novit\u00e0 (come il ritrovamento dell&#8217;uomo) ci sar\u00e0 un nuovo vertice in&hellip;<\/p>\n","protected":false},"author":1,"featured_media":139971,"comment_status":"closed","ping_status":"closed","sticky":false,"template":"","format":"standard","meta":{"_monsterinsights_skip_tracking":false,"_monsterinsights_sitenote_active":false,"_monsterinsights_sitenote_note":"","_monsterinsights_sitenote_category":0,"footnotes":""},"categories":[1],"tags":[],"class_list":["post-140413","post","type-post","status-publish","format-standard","has-post-thumbnail","hentry","category-senza-categoria","category-1","description-off"],"img_url":"https:\/\/www.radiopiu.net\/wordpress\/wp-content\/uploads\/2020\/05\/IMG-20200524-WA0000.jpg","_links":{"self":[{"href":"https:\/\/www.radiopiu.net\/wordpress\/wp-json\/wp\/v2\/posts\/140413","targetHints":{"allow":["GET"]}}],"collection":[{"href":"https:\/\/www.radiopiu.net\/wordpress\/wp-json\/wp\/v2\/posts"}],"about":[{"href":"https:\/\/www.radiopiu.net\/wordpress\/wp-json\/wp\/v2\/types\/post"}],"author":[{"embeddable":true,"href":"https:\/\/www.radiopiu.net\/wordpress\/wp-json\/wp\/v2\/users\/1"}],"replies":[{"embeddable":true,"href":"https:\/\/www.radiopiu.net\/wordpress\/wp-json\/wp\/v2\/comments?post=140413"}],"version-history":[{"count":0,"href":"https:\/\/www.radiopiu.net\/wordpress\/wp-json\/wp\/v2\/posts\/140413\/revisions"}],"wp:featuredmedia":[{"embeddable":true,"href":"https:\/\/www.radiopiu.net\/wordpress\/wp-json\/wp\/v2\/media\/139971"}],"wp:attachment":[{"href":"https:\/\/www.radiopiu.net\/wordpress\/wp-json\/wp\/v2\/media?parent=140413"}],"wp:term":[{"taxonomy":"category","embeddable":true,"href":"https:\/\/www.radiopiu.net\/wordpress\/wp-json\/wp\/v2\/categories?post=140413"},{"taxonomy":"post_tag","embeddable":true,"href":"https:\/\/www.radiopiu.net\/wordpress\/wp-json\/wp\/v2\/tags?post=140413"}],"curies":[{"name":"wp","href":"https:\/\/api.w.org\/{rel}","templated":true}]}}