{"id":140428,"date":"2020-05-26T05:00:53","date_gmt":"2020-05-26T03:00:53","guid":{"rendered":"https:\/\/www.radiopiu.net\/wordpress\/?p=140428"},"modified":"2020-05-26T06:13:24","modified_gmt":"2020-05-26T04:13:24","slug":"il-primo-luglio-si-decidera-se-spostare-i-mondiali-di-sci-di-cortina","status":"publish","type":"post","link":"https:\/\/www.radiopiu.net\/wordpress\/il-primo-luglio-si-decidera-se-spostare-i-mondiali-di-sci-di-cortina\/","title":{"rendered":"I MONDIALI A CORTINA NEL 2022? LO SI SAPRA&#8217; A LUGLIO. LE REAZIONI"},"content":{"rendered":"<p>&nbsp;<\/p>\n<h2><\/h2>\n<p><strong><a class=\"dt-pswp-item\" href=\"https:\/\/www.radiopiu.net\/wordpress\/wp-content\/uploads\/2020\/05\/CORTINA-2021.jpg\" data-dt-img-description=\"\" data-large_image_width=\"400\" data-large_image_height=\"400\"><img loading=\"lazy\" decoding=\"async\" class=\"size-medium wp-image-140429 alignleft\" src=\"https:\/\/www.radiopiu.net\/wordpress\/wp-content\/uploads\/2020\/05\/CORTINA-2021-300x300.jpg\" alt=\"\" width=\"300\" height=\"300\" \/><\/a>ROMA<\/strong> Il Consiglio FIS (Federazione Internazionale dello Sci) di oggi ha rappresentato uno dei momenti di maggior condivisione dell\u2019intera storia del movimento degli sport invernali italiani. L\u2019Italia dello sci alpino, unita in un unico corpo con tutte le istituzioni che compongono la Fondazione Cortina 2021: Governo, Regione Veneto, Provincia di Belluno, Comune di Cortina, CONI e Federazione Italiana Sport Invernali,\u00a0 si \u00e8 infatti presentata davanti al massimo consesso dello sci internazionale, per proporre il rinvio dei Campionati Mondiali di Cortina al 2022. Il Consiglio FIS ha preso in attenta considerazione la proposta italiana, ripromettendosi di valutarne ogni aspetto e quindi di assumere una decisione definitiva il prossimo 1 luglio. \u201cL\u2019auspicio italiano \u00e8 che si prenda la decisione di rinviare il Mondiale \u2013 ha commentato a caldo il Presidente della FISI, Flavio Roda, relatore della proposta in seno al Consiglio -. Sponsor e pubblico si aspettano che Cortina presenti un Mondiale di altissimo livello, sia sotto il punto di vista organizzativo che dello spettacolo. Tutto ci\u00f2 si potr\u00e0 fare solo nella massima sicurezza sanitaria e potendo testare tutte le nuove infrastrutture e i processi operativi che stanno dietro a un grande evento internazionale. Penso che spostando in avanti l\u2019appuntamento con il Mondiale sia possibile mettere in atto quanto di meglio la tradizione e l\u2019esperienza organizzativa italiane sanno fare e lanciare nel migliore dei modi la strada verso Milano \u2013 Cortina 2026\u201d.<\/p>\n<p><em><strong>(DAL SITO INTERENT FISI)<\/strong><\/em><\/p>\n<p>&nbsp;<\/p>\n<hr \/>\n<h3>PER IL GOVERNATORE ZAIA IL RINVIO E&#8217;\u00a0 LA SOLUZIONE MIGLIORE<\/h3>\n<p>. E&#8217; una bella sfida da portare a casa che ci permetter\u00e0 con il grande pubblico &#8220;da paura&#8221; di fare un grande evento che si merita Cortina e le Dolomiti<\/p>\n<audio class=\"wp-audio-shortcode\" id=\"audio-140428-1\" preload=\"none\" style=\"width: 100%;\" controls=\"controls\"><source type=\"audio\/mpeg\" src=\"https:\/\/www.radiopiu.net\/wordpress\/wp-content\/uploads\/2020\/05\/ZAIA-MONDIALI-SCI-1.mp3?_=1\" \/><a href=\"https:\/\/www.radiopiu.net\/wordpress\/wp-content\/uploads\/2020\/05\/ZAIA-MONDIALI-SCI-1.mp3\">https:\/\/www.radiopiu.net\/wordpress\/wp-content\/uploads\/2020\/05\/ZAIA-MONDIALI-SCI-1.mp3<\/a><\/audio>\n<p>&nbsp;<\/p>\n<hr \/>\n<p>&nbsp;<\/p>\n<blockquote>\n<h3>MONDIALI DI SCI, PADRIN \u00abLO SPOSTAMENTO NON E&#8217; UN MALE. ADESSO ACCELERIAMO SULLE INFRASTRUTTURE\u00bb<\/h3>\n<\/blockquote>\n<p><strong><a class=\"dt-pswp-item\" href=\"https:\/\/www.radiopiu.net\/wordpress\/wp-content\/uploads\/2020\/05\/padrin-malag\u00f2.jpg\" data-dt-img-description=\"\" data-large_image_width=\"768\" data-large_image_height=\"1024\"><img loading=\"lazy\" decoding=\"async\" class=\" wp-image-140339 alignleft\" src=\"https:\/\/www.radiopiu.net\/wordpress\/wp-content\/uploads\/2020\/05\/padrin-malag\u00f2-225x300.jpg\" alt=\"\" width=\"114\" height=\"152\" srcset=\"https:\/\/www.radiopiu.net\/wordpress\/wp-content\/uploads\/2020\/05\/padrin-malag\u00f2-225x300.jpg 225w, https:\/\/www.radiopiu.net\/wordpress\/wp-content\/uploads\/2020\/05\/padrin-malag\u00f2.jpg 768w\" sizes=\"auto, (max-width: 114px) 100vw, 114px\" \/><\/a>BELLUNO<\/strong> \u00ab<em>Dovremo lavorare per spingere al massimo il completamento delle infrastrutture. Il rinvio dei Mondiali non \u00e8 necessariamente un male<\/em>\u00bb. Cos\u00ec, in una nota, il presidente della Provincia di Belluno, Roberto Padrin, che prova ad analizzare i pro e i contro del quasi certo slittamento al 2022 dell\u2019appuntamento iridato di Cortina.<\/p>\n<p><strong>IL PRESIDENTE DELLA PROVINCIA DI BELLUNO ROBERTO PADRIN<\/strong><\/p>\n<audio class=\"wp-audio-shortcode\" id=\"audio-140428-2\" preload=\"none\" style=\"width: 100%;\" controls=\"controls\"><source type=\"audio\/mpeg\" src=\"https:\/\/www.radiopiu.net\/wordpress\/wp-content\/uploads\/2020\/05\/PADRIN-MONDIALI-CORTINA.mp3?_=2\" \/><a href=\"https:\/\/www.radiopiu.net\/wordpress\/wp-content\/uploads\/2020\/05\/PADRIN-MONDIALI-CORTINA.mp3\">https:\/\/www.radiopiu.net\/wordpress\/wp-content\/uploads\/2020\/05\/PADRIN-MONDIALI-CORTINA.mp3<\/a><\/audio>\n<p>&nbsp;<\/p>\n<hr \/>\n<p>&nbsp;<\/p>\n<blockquote>\n<h3>DE MENECH: \u00abCOMPRENSIBILE IL RINVIO AL 2022\u00bb<\/h3>\n<\/blockquote>\n<p><strong><a class=\"dt-pswp-item\" href=\"https:\/\/www.radiopiu.net\/wordpress\/wp-content\/uploads\/2018\/05\/Roger_De_Menech_daticamera.jpg\" data-dt-img-description=\"\" data-large_image_width=\"165\" data-large_image_height=\"228\"><img loading=\"lazy\" decoding=\"async\" class=\" wp-image-49599 alignleft\" src=\"https:\/\/www.radiopiu.net\/wordpress\/wp-content\/uploads\/2018\/05\/Roger_De_Menech_daticamera.jpg\" alt=\"\" width=\"132\" height=\"182\" \/><\/a>ROMA<\/strong> \u00abEra tutto pronto, dal punto di vista organizzativo e sportivo, ma la decisione del Coni e della Fisi di spostare di un anno la data dei mondiali di sci a Cortina \u00e8 comprensibile. Dopo il blocco imposto per la pandemia abbiamo bisogno di una manifestazione che aiuti il rilancio dell\u2019intero Paese. Correre il rischio di dover fare i conti con una recrudescenza del virus e nella peggiore delle ipotesi dover tenere a casa il pubblico non era il caso e capisco la volont\u00e0 dei vertici dello sport di mettere in sicurezza la manifestazione. Nessuno vuole un evento monco o in tono minore. Ora abbiamo un anno in pi\u00f9 per prepararci ancora meglio\u00bb. Lo afferma il coordinatore veneto dei parlamentari del Partito democratico,\u00a0Roger De Menech.<\/p>\n<audio class=\"wp-audio-shortcode\" id=\"audio-140428-3\" preload=\"none\" style=\"width: 100%;\" controls=\"controls\"><source type=\"audio\/mpeg\" src=\"https:\/\/www.radiopiu.net\/wordpress\/wp-content\/uploads\/2020\/05\/ROGER-1.mp3?_=3\" \/><a href=\"https:\/\/www.radiopiu.net\/wordpress\/wp-content\/uploads\/2020\/05\/ROGER-1.mp3\">https:\/\/www.radiopiu.net\/wordpress\/wp-content\/uploads\/2020\/05\/ROGER-1.mp3<\/a><\/audio>\n<p>&nbsp;<\/p>\n<hr \/>\n<p>&nbsp;<\/p>\n<blockquote>\n<h3>MONDIALI SCI, D&#8217;INC\u00c0: &#8220;SE RINVIATI SAREMO ANCORA PI\u00d9 FORTI&#8221;<\/h3>\n<\/blockquote>\n<div><strong><a class=\"dt-pswp-item\" href=\"https:\/\/www.radiopiu.net\/wordpress\/wp-content\/uploads\/2020\/04\/FEDERICO-DINCA.png\" data-dt-img-description=\"\" data-large_image_width=\"1018\" data-large_image_height=\"1290\"><img loading=\"lazy\" decoding=\"async\" class=\"size-medium wp-image-132319 alignleft\" src=\"https:\/\/www.radiopiu.net\/wordpress\/wp-content\/uploads\/2020\/04\/FEDERICO-DINCA-237x300.png\" alt=\"\" width=\"237\" height=\"300\" srcset=\"https:\/\/www.radiopiu.net\/wordpress\/wp-content\/uploads\/2020\/04\/FEDERICO-DINCA-237x300.png 237w, https:\/\/www.radiopiu.net\/wordpress\/wp-content\/uploads\/2020\/04\/FEDERICO-DINCA-808x1024.png 808w, https:\/\/www.radiopiu.net\/wordpress\/wp-content\/uploads\/2020\/04\/FEDERICO-DINCA-768x973.png 768w, https:\/\/www.radiopiu.net\/wordpress\/wp-content\/uploads\/2020\/04\/FEDERICO-DINCA.png 1018w\" sizes=\"auto, (max-width: 237px) 100vw, 237px\" \/><\/a>ROMA\u00a0<\/strong>&#8220;<em>La difficile situazione legata al Covid-19 ha portato alla richiesta di rinviare i Mondiali di Sci a Cortina nel 2022. Sono consapevole di quanto l&#8217;appuntamento sia importante per il territorio e per lo sport italiano: ho seguito da vicino il grande lavoro organizzativo di questo evento che aspettavamo da tempo e che, se rimandato al 2022, si svolger\u00e0 con maggiore sicurezza per gli atleti e per il pubblico<\/em>&#8220;.\u00a0\u00c8 il commento di Federico D&#8217;Inc\u00e0, Ministro per i Rapporti con il Parlamento, in seguito alla richiesta di rinvio al 2022 dei Campionati Mondiali di Sci a Cortina.\u00a0&#8220;<em>In questa ipotesi, per\u00f2, sono sicuro che il territorio si far\u00e0 trovare ancora pi\u00f9 preparato ai Mondiali e tutti gli sforzi fatti finora daranno i propri frutti in vista della nuova data &#8211; prosegue D&#8217;Inc\u00e0 che aggiunge -: da parte del Governo c&#8217;\u00e8 tutto il sostegno a Cortina e c&#8217;\u00e8 la fiducia, pi\u00f9 volte espressa, nei confronti degli organizzatori e di chi ha finora gestito questo percorso, a partire dal commissario Luigi Sant&#8217;Andrea. Crediamo fortemente in questa tipologia di eventi: i Mondiali cos\u00ec come le Olimpiadi del 2026, rappresentano un traguardo importantissimo ottenuto dal nostro Paese che daranno valore alle nostre montagne, a chi vive in questo bellissimo territorio e, ovviamente, allo sport<\/em>&#8220;.<\/div>\n<div><\/div>\n<div><\/div>\n<p>&nbsp;<\/p>\n","protected":false},"excerpt":{"rendered":"<p>&nbsp; ROMA Il Consiglio FIS (Federazione Internazionale dello Sci) di oggi ha rappresentato uno dei momenti di maggior condivisione dell\u2019intera storia del movimento degli sport invernali italiani. L\u2019Italia dello sci alpino, unita in un unico corpo con tutte le istituzioni che compongono la Fondazione Cortina 2021: Governo, Regione Veneto, Provincia di Belluno, Comune di Cortina,&hellip;<\/p>\n","protected":false},"author":4,"featured_media":0,"comment_status":"closed","ping_status":"closed","sticky":false,"template":"","format":"standard","meta":{"_monsterinsights_skip_tracking":false,"_monsterinsights_sitenote_active":false,"_monsterinsights_sitenote_note":"","_monsterinsights_sitenote_category":0,"footnotes":""},"categories":[49,72],"tags":[],"class_list":["post-140428","post","type-post","status-publish","format-standard","hentry","category-news-18","category-sport","category-49","category-72","description-off"],"img_url":false,"_links":{"self":[{"href":"https:\/\/www.radiopiu.net\/wordpress\/wp-json\/wp\/v2\/posts\/140428","targetHints":{"allow":["GET"]}}],"collection":[{"href":"https:\/\/www.radiopiu.net\/wordpress\/wp-json\/wp\/v2\/posts"}],"about":[{"href":"https:\/\/www.radiopiu.net\/wordpress\/wp-json\/wp\/v2\/types\/post"}],"author":[{"embeddable":true,"href":"https:\/\/www.radiopiu.net\/wordpress\/wp-json\/wp\/v2\/users\/4"}],"replies":[{"embeddable":true,"href":"https:\/\/www.radiopiu.net\/wordpress\/wp-json\/wp\/v2\/comments?post=140428"}],"version-history":[{"count":0,"href":"https:\/\/www.radiopiu.net\/wordpress\/wp-json\/wp\/v2\/posts\/140428\/revisions"}],"wp:attachment":[{"href":"https:\/\/www.radiopiu.net\/wordpress\/wp-json\/wp\/v2\/media?parent=140428"}],"wp:term":[{"taxonomy":"category","embeddable":true,"href":"https:\/\/www.radiopiu.net\/wordpress\/wp-json\/wp\/v2\/categories?post=140428"},{"taxonomy":"post_tag","embeddable":true,"href":"https:\/\/www.radiopiu.net\/wordpress\/wp-json\/wp\/v2\/tags?post=140428"}],"curies":[{"name":"wp","href":"https:\/\/api.w.org\/{rel}","templated":true}]}}