{"id":140497,"date":"2020-05-27T06:04:33","date_gmt":"2020-05-27T04:04:33","guid":{"rendered":"https:\/\/www.radiopiu.net\/wordpress\/?p=140497"},"modified":"2020-05-27T10:11:42","modified_gmt":"2020-05-27T08:11:42","slug":"giornale-radiopiu-27-maggio-2020-direttore-mirko-mezzacasa","status":"publish","type":"post","link":"https:\/\/www.radiopiu.net\/wordpress\/giornale-radiopiu-27-maggio-2020-direttore-mirko-mezzacasa\/","title":{"rendered":"GIORNALE RADIOPIU 27 MAGGIO 2020 DIRETTORE MIRKO MEZZACASA"},"content":{"rendered":"<h3><strong>PER RICEVERE QUESTO NOTIZIARIO DIRETTAMENTE SUL TUO CELLULARE ISCRIVITI AL CANALE TELEGRAM\u00a0<\/strong><strong>\u201cRADIO PIU\u00a0 INFORMAZIONE\u201d<\/strong><\/h3>\n<hr \/>\n<p><em><strong>Gestione Servizi Pubblici \u00a0informa che a ROCCA PIETORE in localit\u00e0 DIGONERA, l\u2019acqua erogata dall\u2019acquedotto non \u00e8 potabile e pu\u00f2 essere usata per scopi alimentari SOLO PREVIA bollitura<\/strong><\/em><\/p>\n<p><span style=\"color: #ff0000;\"><em><strong>GSP informa che oggi, dalle 8 a fine lavori, a Voltago verr\u00e0 sospesa l\u2019erogazione dell\u2019acqua causa lavori di manutenzione alla rete idrica<\/strong><\/em><\/span><\/p>\n<hr \/>\n<p><strong>CHIUDE PONTE MAS, FINO AL 30 GIUGNO PER I LAVORI DI CONSOLIDAMENTO:<\/strong>\u00a0 fino al\u00a0 30 giugno sar\u00e0 chiuso sia alle macchine sia ai pedoni. Percorso alternativo: da Ponte Mas a Vignole in Comune di Sedico.<\/p>\n<p><strong>INTERRUZIONI A CRISTO DELLE PIANIZZE\u00a0<\/strong>sp347 DURAN E CEREDA fino al al 5 giugno (esclusi festivi e prefestivi) possibili interruzioni in localit\u00e0 Pianizze (Agordo) della durata massima di 15 minuti dalle 8 alle 12 e dalle 13 alle 17, inoltre senso unico alternato nei periodi non interessati dalle chiusura<\/p>\n<p><strong>REGIONALE 203 AGORDINA\u00a0 ALLEGHE<\/strong>, OGGI INTERRUZIONI ALLA VIABILITA\u2019 FINO A 3 MINUTI PER TRAPORTO MATERIALI CON ELICOTTERO.<\/p>\n<hr \/>\n<h2><\/h2>\n<p>&nbsp;<\/p>\n<p>&nbsp;<\/p>\n<div class=\"page-title-head hgroup\">\n<blockquote>\n<h2 class=\"entry-title\">CARLO MANFROI VITA INTERROTTA TRA I SUOI BOSCHI<\/h2>\n<\/blockquote>\n<\/div>\n<div class=\"page-title-breadcrumbs\">\n<p><strong>CENCENIGHE<\/strong>,\u00a0 \u201cTano\u201d non c\u2019\u00e8 pi\u00f9 \u00e8 stato ritrovato ieri senza vita, scivolato in fondo ad un dirupo. Gli uomini del Soccorso Alpino e i tanti volontari che da ieri mattina hanno girato per i boschi sopra Chenet alla ricerca di Carlo Manfroi\u00a0 hanno provveduto al suo recupero.<\/p>\n<p><strong>DAL SOCCORSO ALPINO :<\/strong> ieri mattina le ricerche si sono concentrate sul Bricol e lungo i sentieri de Le Ial e sono state ribattute zone gi\u00e0 visionate nei giorni scorsi. Quando \u00e8 arrivata una segnalazione, il grosso delle squadre si \u00e8 spostato verso Col Mandrol, mentre con una squadra di 4 soccorritori, due della Stazione di Agordo e due del Sagf, si \u00e8 voluto riprendere in considerazione il punto marcato dai cani molecolari, allargando ancor pi\u00f9 l\u2019area gi\u00e0 perlustrata da 3 squadre, che erano scese con le corde negli strapiombi sottostanti. I quattro soccorritori hanno quindi effettuato singolarmente le calate, una prima verticale di 60 metri e una seconda meno ripida, tra il sentiero inferiore di Le Ial e il sentiero che dalla Valle di Morbiach rientra a Foch. \u00c8 stato il soccorritore pi\u00f9 all\u2019estremit\u00e0 a rinvenire il corpo senza vita di Carlo Manfroi. L\u2019uomo, scivolato o inciampato dal sentiero, era precipitato nel dirupo, ruzzolando e finendo 200 metri pi\u00f9 in basso. Ottenuto il nulla osta dalla magistratura, la salma ricomposta e imbarellata, \u00e8 stata trasportata nel bosco fino alla strada e poi affidata al carro funebre.<\/p>\n<p>&nbsp;<\/p>\n<p><img loading=\"lazy\" decoding=\"async\" class=\"alignleft jetpack-lazy-image jetpack-lazy-image--handled\" src=\"https:\/\/i1.wp.com\/www.radiopiu.net\/wordpress\/wp-content\/uploads\/2020\/05\/IMG-20200524-WA0000.jpg?resize=99%2C176&amp;ssl=1\" width=\"99\" height=\"176\" data-recalc-dims=\"1\" data-lazy-loaded=\"1\" \/>Carlo Manfroi, 63 anni, di Cencenighe Agordino (BL) era uscito sabato per una passeggiata, come d\u2019abitudine, e non pi\u00f9 rientrato. L\u2019uomo \u00e8 partito assieme al suo cane dalla propria abitazione a Chenet , da dove, in una decina di minuti di sterrata, si raggiunge Bricol da cui parte una rete di sentieri denominata Le Ial, sotto il Monte Pelsa. Quando alle 13.30 per\u00f2 il cane \u00e8 ritornato da solo, la moglie ha atteso invano il marito, per poi lanciare preoccupata l\u2019allarme alle 16. Il Soccorso alpino di Agordo, assieme a quello della Val Biois e Alleghe, Sagf e Vigili del fuoco, ha subito iniziato a setacciare l\u2019area, arrivando alla Ferrata Fiamme Gialle e proseguendo fino a notte. Una sessantina di persone suddivise in squadre hanno partecipato sabato e domenica alla sua ricerca, sui sentieri battuti, come nelle zone circostanti. Le perlustrazioni ieri sono state allargate a sentieri laterali e alla parte bassa vicino a casa. Presenti il Soccorso alpino di Agordo, Alleghe, Val Biois, del Sagf di Cortina e Auronzo, i Vigili del fuoco. Una decina le unit\u00e0 cinofile tra Soccorso alpino, Guardia di finanza e Associazione nazionale dei Carabinieri. Tre i cani molecolari dell\u2019Alpenverein. Carlo \u201cTano\u201d ex dipendente Luxottica \u00e8 stato portiere negli anni Settanta nel Belluno calcio, ha difeso i colori dell\u2019Agordina Calcio nel toreno agordino del\u00a0 Cencenighe, del Le Ville ed ha allenato il San Tomaso.Carlo lascia la moglie Ivana Scussel e le figlie Katia e Luana. alle quali giunga il commosso messaggio di condoglianze da tutta la redazione di RADIO PIU\u2019.<\/p>\n<p>&nbsp;<\/p>\n<hr \/>\n<p>&nbsp;<\/p>\n<div class=\"page-title-head hgroup\">\n<blockquote>\n<h2><\/h2>\n<h2 class=\"entry-title\">\u201cTANO\u201d E\u2019 GIA\u2019 ASSENZA, IL RICORDO DI UN AMICO, COMPAGNO DI SPOGLIATOIO, DI VITTORIE E SCONFITTE<\/h2>\n<p>di Mirko Mezzacasa<\/p><\/blockquote>\n<\/div>\n<div class=\"page-title-breadcrumbs\">\n<p><strong><a class=\"dt-pswp-item\" href=\"https:\/\/www.radiopiu.net\/wordpress\/wp-content\/uploads\/2020\/05\/CARLO-MANFROI.jpg\" data-dt-img-description=\"\" data-large_image_width=\"374\" data-large_image_height=\"484\"><img loading=\"lazy\" decoding=\"async\" class=\" wp-image-140575 alignleft\" src=\"https:\/\/www.radiopiu.net\/wordpress\/wp-content\/uploads\/2020\/05\/CARLO-MANFROI-232x300.jpg\" alt=\"\" width=\"189\" height=\"244\" srcset=\"https:\/\/www.radiopiu.net\/wordpress\/wp-content\/uploads\/2020\/05\/CARLO-MANFROI-232x300.jpg 232w, https:\/\/www.radiopiu.net\/wordpress\/wp-content\/uploads\/2020\/05\/CARLO-MANFROI.jpg 374w\" sizes=\"auto, (max-width: 189px) 100vw, 189px\" \/><\/a>AGORDO <\/strong>Da Belluno ad Agordo, da Toccol sede storica del Le Ville calcio a Cencenighe e fino lass\u00f9 a Chenet sotto il Pelsa, sono i percorsi di Carlo &#8220;Tano&#8221; Manfroi il portiere. Percorsi interrotti dalla fatale caduta,\u00a0 uno scivolone tra luoghi da lui fin troppi conosciuti. Una caduta che ha fatto sprofondare nella tristezza il popolo degli uomini dai &#8220;piedi buoni&#8221;, quei calciatori che hanno scritto pagine importanti\u00a0 con il Belluno Calcio 1905, l&#8217;Agordina dell&#8217;Ivano Dorigo e di Cosmo Forcella, o i club calcistici locali dove &#8220;Tano&#8221; ci ha messo del suo vedendoli crescere, sul campo e durante il terzo tempo alla fine di ogni incontro. Estroverso, spesso genio e sregolatezza che ha contribuito a renderlo indimenticabile. Abbiamo chiesto ad un amico di ricordarne i trascorsi e le doti umane: Mario Scussel di Agordo, che con Carlo Manfroi ha scritto pagine importanti di sport locale.<\/p>\n<blockquote><p><em>Amico e compagno di tante &#8220;battaglie&#8221; in campo. Stavamo preparando per il 50\u00b0 anniversario <a class=\"dt-pswp-item\" href=\"https:\/\/www.radiopiu.net\/wordpress\/wp-content\/uploads\/2020\/05\/carlomanfroi.jpg\" data-dt-img-description=\"\" data-large_image_width=\"314\" data-large_image_height=\"414\"><img loading=\"lazy\" decoding=\"async\" class=\" wp-image-140574 alignright\" src=\"https:\/\/www.radiopiu.net\/wordpress\/wp-content\/uploads\/2020\/05\/carlomanfroi-228x300.jpg\" alt=\"\" width=\"127\" height=\"167\" srcset=\"https:\/\/www.radiopiu.net\/wordpress\/wp-content\/uploads\/2020\/05\/carlomanfroi-228x300.jpg 228w, https:\/\/www.radiopiu.net\/wordpress\/wp-content\/uploads\/2020\/05\/carlomanfroi.jpg 314w\" sizes=\"auto, (max-width: 127px) 100vw, 127px\" \/><\/a>dell Agordina una festa e ci saremmo ritrovati a raccontarci quanto avevamo fatto insieme, allenamenti, partite, aneddoti e gite &#8230;.una in particolare, quella in Germania con Cosmo Forcella allenatore.<\/em><\/p><\/blockquote>\n<p>&nbsp;<\/p>\n<p>&nbsp;<\/p>\n<p><strong>Ho chiesto a Mario Scussel di fare un bel respiro e poi raccontarmi di Carlo, ma a braccio, senza pensare, perch\u00e9 &#8220;Tano&#8221; era cos\u00ec diretto e spontaneo e il ricordo non pu\u00f2 che seguire a stessa linea. Grazie Mario.<\/strong><\/p>\n<audio class=\"wp-audio-shortcode\" id=\"audio-140497-1\" preload=\"none\" style=\"width: 100%;\" controls=\"controls\"><source type=\"audio\/mpeg\" src=\"https:\/\/www.radiopiu.net\/wordpress\/wp-content\/uploads\/2020\/05\/mario-scussel.mp3?_=1\" \/><a href=\"https:\/\/www.radiopiu.net\/wordpress\/wp-content\/uploads\/2020\/05\/mario-scussel.mp3\">https:\/\/www.radiopiu.net\/wordpress\/wp-content\/uploads\/2020\/05\/mario-scussel.mp3<\/a><\/audio>\n<blockquote>\n<p style=\"text-align: left;\"><em>L&#8217;intero mondo del calcio Bellunese si unisce al dolore della Famiglia con un forte abbraccio.<\/em><br \/>\n<em>R.I.P. Tano. <\/em>Mario<\/p>\n<\/blockquote>\n<p><strong>QUELLA VOLTA CHE DA ATTACCANTE&#8230; TRAVOLSE IL SUO PORTIERE<\/strong><\/p>\n<p><em>Vivi la vita attimo per attimo perch\u00e9\u2019 ogni attimo potrebbe essere l\u2019ultimo. Jim Morrison<\/em><\/p>\n<p><a class=\"dt-pswp-item\" href=\"https:\/\/www.radiopiu.net\/wordpress\/wp-content\/uploads\/2020\/05\/carlo-manfroi-carica-il-suo-portiere.jpg\" data-dt-img-description=\"\" data-large_image_width=\"2560\" data-large_image_height=\"1920\"><img loading=\"lazy\" decoding=\"async\" class=\"alignnone wp-image-140681\" src=\"https:\/\/www.radiopiu.net\/wordpress\/wp-content\/uploads\/2020\/05\/carlo-manfroi-carica-il-suo-portiere-300x225.jpg\" alt=\"\" width=\"414\" height=\"312\" srcset=\"https:\/\/www.radiopiu.net\/wordpress\/wp-content\/uploads\/2020\/05\/carlo-manfroi-carica-il-suo-portiere-300x225.jpg 300w, https:\/\/www.radiopiu.net\/wordpress\/wp-content\/uploads\/2020\/05\/carlo-manfroi-carica-il-suo-portiere-1024x768.jpg 1024w, https:\/\/www.radiopiu.net\/wordpress\/wp-content\/uploads\/2020\/05\/carlo-manfroi-carica-il-suo-portiere-768x576.jpg 768w, https:\/\/www.radiopiu.net\/wordpress\/wp-content\/uploads\/2020\/05\/carlo-manfroi-carica-il-suo-portiere-1536x1152.jpg 1536w, https:\/\/www.radiopiu.net\/wordpress\/wp-content\/uploads\/2020\/05\/carlo-manfroi-carica-il-suo-portiere-2048x1536.jpg 2048w\" sizes=\"auto, (max-width: 414px) 100vw, 414px\" \/><\/a><\/p>\n<p><strong>DA\u00a0 LA\u00a0 STORIA\u00a0 DEL\u00a0 CALCIO\u00a0 BELLUNO\u00a0 1905\u00a0<\/strong> <span style=\"color: #0000ff;\"><a style=\"color: #0000ff;\" href=\"https:\/\/www.facebook.com\/storiaCalcioBelluno\/?__tn__=kCH-R&amp;eid=ARCxgsOeIFyH5t06dyI6YkWMSDWbqqGVnKKbUu9rJoKbgPLWpAT0rIctNu55R5cfFeKBSgYpVtdmQ1xM&amp;hc_ref=ARTMD8r_pcrUwTP3_72XHBa51tIz6VpwAdW3Xj4uanjVHZDBXWW7FNwJn2jSsYPqc4Y&amp;fref=nf&amp;__xts__[0]=68.ARCf2DM_H6vsS-jsKV51RDdx4XqMx7W5m8oEiR-Dop2gcQrIp0xxMHwrqki2XLLmjSBL0D0evad1xQhdxzZF-TsgVe-PVNsNw4WXrreHzVjGWDLCuo09tKknNobauUa0EM0uTdIy-oPa5KvekxS0Y6Hri8zbLGqJlRnmeIAlwOyMCBtrGRjiCKLzQYH6S73aj9iJ-OLvaAQG8q4ItWPPzFIh4mLKm9PFQan2YYGxxJNC65UfroldUf3glcUyIBaAu3Ql3k32H10i-_Kn4zsdjke1tuaY8FM_BKuJNFYJ_kxAnBl3F36hcE1a1DJBslpBnxoriMjkyQ9sUvSQSa0\">FACEBOOK<\/a><\/span><\/p>\n<p><em>Morire \u00e8 tremendo, ma l\u2019idea di morire senza aver vissuto \u00e8 insopportabile. Erich Fromm<\/em><\/p>\n<p><a class=\"dt-pswp-item\" href=\"https:\/\/www.radiopiu.net\/wordpress\/wp-content\/uploads\/2020\/05\/100073408_804327750094240_5621854462361468928_o.jpg\" data-dt-img-description=\"\" data-large_image_width=\"960\" data-large_image_height=\"669\"><img loading=\"lazy\" decoding=\"async\" class=\"alignnone size-medium wp-image-140566\" src=\"https:\/\/www.radiopiu.net\/wordpress\/wp-content\/uploads\/2020\/05\/100073408_804327750094240_5621854462361468928_o-300x209.jpg\" alt=\"\" width=\"300\" height=\"209\" srcset=\"https:\/\/www.radiopiu.net\/wordpress\/wp-content\/uploads\/2020\/05\/100073408_804327750094240_5621854462361468928_o-300x209.jpg 300w, https:\/\/www.radiopiu.net\/wordpress\/wp-content\/uploads\/2020\/05\/100073408_804327750094240_5621854462361468928_o-768x535.jpg 768w, https:\/\/www.radiopiu.net\/wordpress\/wp-content\/uploads\/2020\/05\/100073408_804327750094240_5621854462361468928_o.jpg 960w\" sizes=\"auto, (max-width: 300px) 100vw, 300px\" \/><\/a><a class=\"dt-pswp-item\" href=\"https:\/\/www.radiopiu.net\/wordpress\/wp-content\/uploads\/2020\/05\/ed850f55-c41e-4a43-a134-f2a16241ec3e.jpg\" data-dt-img-description=\"\" data-large_image_width=\"720\" data-large_image_height=\"1440\"><img loading=\"lazy\" decoding=\"async\" class=\"alignnone wp-image-140568\" src=\"https:\/\/www.radiopiu.net\/wordpress\/wp-content\/uploads\/2020\/05\/ed850f55-c41e-4a43-a134-f2a16241ec3e-150x300.jpg\" alt=\"\" width=\"105\" height=\"208\" \/><\/a><\/p>\n<p><a class=\"dt-pswp-item\" href=\"https:\/\/www.radiopiu.net\/wordpress\/wp-content\/uploads\/2020\/05\/100059255_804327760094239_6498729880459411456_o.jpg\" data-dt-img-description=\"\" data-large_image_width=\"960\" data-large_image_height=\"689\"><img loading=\"lazy\" decoding=\"async\" class=\"alignnone size-medium wp-image-140567\" src=\"https:\/\/www.radiopiu.net\/wordpress\/wp-content\/uploads\/2020\/05\/100059255_804327760094239_6498729880459411456_o-300x215.jpg\" alt=\"\" width=\"300\" height=\"215\" srcset=\"https:\/\/www.radiopiu.net\/wordpress\/wp-content\/uploads\/2020\/05\/100059255_804327760094239_6498729880459411456_o-300x215.jpg 300w, https:\/\/www.radiopiu.net\/wordpress\/wp-content\/uploads\/2020\/05\/100059255_804327760094239_6498729880459411456_o-768x551.jpg 768w, https:\/\/www.radiopiu.net\/wordpress\/wp-content\/uploads\/2020\/05\/100059255_804327760094239_6498729880459411456_o.jpg 960w\" sizes=\"auto, (max-width: 300px) 100vw, 300px\" \/><\/a><a class=\"dt-pswp-item\" href=\"https:\/\/www.radiopiu.net\/wordpress\/wp-content\/uploads\/2020\/05\/bd28d2ab-2d27-4bb7-909b-f883b3013dcb.jpg\" data-dt-img-description=\"\" data-large_image_width=\"720\" data-large_image_height=\"1440\"><img loading=\"lazy\" decoding=\"async\" class=\"alignnone wp-image-140569\" src=\"https:\/\/www.radiopiu.net\/wordpress\/wp-content\/uploads\/2020\/05\/bd28d2ab-2d27-4bb7-909b-f883b3013dcb-150x300.jpg\" alt=\"\" width=\"107\" height=\"214\" srcset=\"https:\/\/www.radiopiu.net\/wordpress\/wp-content\/uploads\/2020\/05\/bd28d2ab-2d27-4bb7-909b-f883b3013dcb-150x300.jpg 150w, https:\/\/www.radiopiu.net\/wordpress\/wp-content\/uploads\/2020\/05\/bd28d2ab-2d27-4bb7-909b-f883b3013dcb-512x1024.jpg 512w, https:\/\/www.radiopiu.net\/wordpress\/wp-content\/uploads\/2020\/05\/bd28d2ab-2d27-4bb7-909b-f883b3013dcb.jpg 720w\" sizes=\"auto, (max-width: 107px) 100vw, 107px\" \/><\/a><\/p>\n<p><strong>AGORDINA LA\u00a0 PAGINA\u00a0 DI\u00a0 MARIO\u00a0 SCUSSEL<\/strong> \u00a0<span style=\"color: #0000ff;\"><a style=\"color: #0000ff;\" href=\"https:\/\/www.facebook.com\/mario.scussel\">FACEBOOK<\/a><\/span><\/p>\n<p><em>La gente che vive profondamente non ha paura di morire. Anais Nin<\/em><\/p>\n<p><a class=\"dt-pswp-item\" href=\"https:\/\/www.radiopiu.net\/wordpress\/wp-content\/uploads\/2020\/05\/100088961_130921315245362_7421521063047069696_o.jpg\" data-dt-img-description=\"\" data-large_image_width=\"960\" data-large_image_height=\"602\"><img loading=\"lazy\" decoding=\"async\" class=\"alignnone size-medium wp-image-140570\" src=\"https:\/\/www.radiopiu.net\/wordpress\/wp-content\/uploads\/2020\/05\/100088961_130921315245362_7421521063047069696_o-300x188.jpg\" alt=\"\" width=\"300\" height=\"188\" srcset=\"https:\/\/www.radiopiu.net\/wordpress\/wp-content\/uploads\/2020\/05\/100088961_130921315245362_7421521063047069696_o-300x188.jpg 300w, https:\/\/www.radiopiu.net\/wordpress\/wp-content\/uploads\/2020\/05\/100088961_130921315245362_7421521063047069696_o-768x482.jpg 768w, https:\/\/www.radiopiu.net\/wordpress\/wp-content\/uploads\/2020\/05\/100088961_130921315245362_7421521063047069696_o.jpg 960w\" sizes=\"auto, (max-width: 300px) 100vw, 300px\" \/><\/a><a class=\"dt-pswp-item\" href=\"https:\/\/www.radiopiu.net\/wordpress\/wp-content\/uploads\/2020\/05\/854ca256-a7b6-4f90-a1a4-16ec0d0947ef.jpg\" data-dt-img-description=\"\" data-large_image_width=\"720\" data-large_image_height=\"1440\"><img loading=\"lazy\" decoding=\"async\" class=\"alignnone wp-image-140571\" src=\"https:\/\/www.radiopiu.net\/wordpress\/wp-content\/uploads\/2020\/05\/854ca256-a7b6-4f90-a1a4-16ec0d0947ef-150x300.jpg\" alt=\"\" width=\"95\" height=\"190\" srcset=\"https:\/\/www.radiopiu.net\/wordpress\/wp-content\/uploads\/2020\/05\/854ca256-a7b6-4f90-a1a4-16ec0d0947ef-150x300.jpg 150w, https:\/\/www.radiopiu.net\/wordpress\/wp-content\/uploads\/2020\/05\/854ca256-a7b6-4f90-a1a4-16ec0d0947ef-512x1024.jpg 512w, https:\/\/www.radiopiu.net\/wordpress\/wp-content\/uploads\/2020\/05\/854ca256-a7b6-4f90-a1a4-16ec0d0947ef.jpg 720w\" sizes=\"auto, (max-width: 95px) 100vw, 95px\" \/><\/a><\/p>\n<p><a class=\"dt-pswp-item\" href=\"https:\/\/www.radiopiu.net\/wordpress\/wp-content\/uploads\/2020\/05\/11231340_998934180128686_5696229570731753972_o.jpg\" data-dt-img-description=\"\" data-large_image_width=\"1152\" data-large_image_height=\"794\"><img loading=\"lazy\" decoding=\"async\" class=\"alignnone size-medium wp-image-140699\" src=\"https:\/\/www.radiopiu.net\/wordpress\/wp-content\/uploads\/2020\/05\/11231340_998934180128686_5696229570731753972_o-300x207.jpg\" alt=\"\" width=\"300\" height=\"207\" srcset=\"https:\/\/www.radiopiu.net\/wordpress\/wp-content\/uploads\/2020\/05\/11231340_998934180128686_5696229570731753972_o-300x207.jpg 300w, https:\/\/www.radiopiu.net\/wordpress\/wp-content\/uploads\/2020\/05\/11231340_998934180128686_5696229570731753972_o-1024x706.jpg 1024w, https:\/\/www.radiopiu.net\/wordpress\/wp-content\/uploads\/2020\/05\/11231340_998934180128686_5696229570731753972_o-768x529.jpg 768w, https:\/\/www.radiopiu.net\/wordpress\/wp-content\/uploads\/2020\/05\/11231340_998934180128686_5696229570731753972_o.jpg 1152w\" sizes=\"auto, (max-width: 300px) 100vw, 300px\" \/><\/a><img loading=\"lazy\" decoding=\"async\" class=\"alignnone wp-image-140702\" src=\"https:\/\/www.radiopiu.net\/wordpress\/wp-content\/uploads\/2020\/05\/d5b83b63-8529-44ab-b99e-15e100b2020a-150x300.jpg\" alt=\"\" width=\"104\" height=\"208\" srcset=\"https:\/\/www.radiopiu.net\/wordpress\/wp-content\/uploads\/2020\/05\/d5b83b63-8529-44ab-b99e-15e100b2020a-150x300.jpg 150w, https:\/\/www.radiopiu.net\/wordpress\/wp-content\/uploads\/2020\/05\/d5b83b63-8529-44ab-b99e-15e100b2020a-512x1024.jpg 512w, https:\/\/www.radiopiu.net\/wordpress\/wp-content\/uploads\/2020\/05\/d5b83b63-8529-44ab-b99e-15e100b2020a.jpg 720w\" sizes=\"auto, (max-width: 104px) 100vw, 104px\" \/><\/p>\n<p><a class=\"dt-pswp-item\" href=\"https:\/\/www.radiopiu.net\/wordpress\/wp-content\/uploads\/2020\/05\/96518589_904073380060313_6889778578221694976_n-2.jpg\" data-dt-img-description=\"\" data-large_image_width=\"697\" data-large_image_height=\"457\"><img loading=\"lazy\" decoding=\"async\" class=\"alignnone wp-image-140700\" src=\"https:\/\/www.radiopiu.net\/wordpress\/wp-content\/uploads\/2020\/05\/96518589_904073380060313_6889778578221694976_n-2-300x197.jpg\" alt=\"\" width=\"315\" height=\"207\" srcset=\"https:\/\/www.radiopiu.net\/wordpress\/wp-content\/uploads\/2020\/05\/96518589_904073380060313_6889778578221694976_n-2-300x197.jpg 300w, https:\/\/www.radiopiu.net\/wordpress\/wp-content\/uploads\/2020\/05\/96518589_904073380060313_6889778578221694976_n-2.jpg 697w\" sizes=\"auto, (max-width: 315px) 100vw, 315px\" \/><\/a><a class=\"dt-pswp-item\" href=\"https:\/\/www.radiopiu.net\/wordpress\/wp-content\/uploads\/2020\/05\/c5f7777e-a8d5-4270-b469-633dadc985e8.jpg\" data-dt-img-description=\"\" data-large_image_width=\"720\" data-large_image_height=\"1440\"><img loading=\"lazy\" decoding=\"async\" class=\"alignnone wp-image-140703\" src=\"https:\/\/www.radiopiu.net\/wordpress\/wp-content\/uploads\/2020\/05\/c5f7777e-a8d5-4270-b469-633dadc985e8-150x300.jpg\" alt=\"\" width=\"104\" height=\"208\" srcset=\"https:\/\/www.radiopiu.net\/wordpress\/wp-content\/uploads\/2020\/05\/c5f7777e-a8d5-4270-b469-633dadc985e8-150x300.jpg 150w, https:\/\/www.radiopiu.net\/wordpress\/wp-content\/uploads\/2020\/05\/c5f7777e-a8d5-4270-b469-633dadc985e8-512x1024.jpg 512w, https:\/\/www.radiopiu.net\/wordpress\/wp-content\/uploads\/2020\/05\/c5f7777e-a8d5-4270-b469-633dadc985e8.jpg 720w\" sizes=\"auto, (max-width: 104px) 100vw, 104px\" \/><\/a><\/p>\n<p><strong>LE VILLE CALCIO DI SILVANO MOSCA<\/strong><\/p>\n<p><em><a id=\"js_8ak\" class=\"_6qw4\" href=\"https:\/\/www.facebook.com\/USLeVille\/?comment_id=Y29tbWVudDoxMDE1Njk1NTQyNjYzMTcyMV8xMDE1Njk1NTQzNzMyMTcyMQ%3D%3D\" data-hovercard=\"\/ajax\/hovercard\/user.php?id=110266705662109&amp;extragetparams={&quot;directed_target_id&quot;: &quot;61488111720&quot;}\" aria-describedby=\"u_9x_1\" aria-owns=\"js_8al\">U.S. Le Ville<\/a>\u00a0<span dir=\"ltr\"><span class=\"_3l3x\">ciao Tano, amico e compagno di tante &#8220;battaglie&#8221; in campo &#8230; R.I.P.<\/span><\/span><\/em><\/p>\n<p><a class=\"dt-pswp-item\" href=\"https:\/\/www.radiopiu.net\/wordpress\/wp-content\/uploads\/2020\/05\/a4e7e992-01c5-48ad-9f76-c791d90922f5.jpg\" data-dt-img-description=\"\" data-large_image_width=\"1600\" data-large_image_height=\"1200\"><img loading=\"lazy\" decoding=\"async\" class=\"alignnone size-medium wp-image-140648\" src=\"https:\/\/www.radiopiu.net\/wordpress\/wp-content\/uploads\/2020\/05\/a4e7e992-01c5-48ad-9f76-c791d90922f5-300x225.jpg\" alt=\"\" width=\"300\" height=\"225\" srcset=\"https:\/\/www.radiopiu.net\/wordpress\/wp-content\/uploads\/2020\/05\/a4e7e992-01c5-48ad-9f76-c791d90922f5-300x225.jpg 300w, https:\/\/www.radiopiu.net\/wordpress\/wp-content\/uploads\/2020\/05\/a4e7e992-01c5-48ad-9f76-c791d90922f5-1024x768.jpg 1024w, https:\/\/www.radiopiu.net\/wordpress\/wp-content\/uploads\/2020\/05\/a4e7e992-01c5-48ad-9f76-c791d90922f5-768x576.jpg 768w, https:\/\/www.radiopiu.net\/wordpress\/wp-content\/uploads\/2020\/05\/a4e7e992-01c5-48ad-9f76-c791d90922f5-1536x1152.jpg 1536w, https:\/\/www.radiopiu.net\/wordpress\/wp-content\/uploads\/2020\/05\/a4e7e992-01c5-48ad-9f76-c791d90922f5.jpg 1600w\" sizes=\"auto, (max-width: 300px) 100vw, 300px\" \/><\/a><a class=\"dt-pswp-item\" href=\"https:\/\/www.radiopiu.net\/wordpress\/wp-content\/uploads\/2020\/05\/8f9ded77-e9a7-4347-abb5-d7b4fc01f39a.jpg\" data-dt-img-description=\"\" data-large_image_width=\"799\" data-large_image_height=\"1599\"><img loading=\"lazy\" decoding=\"async\" class=\"alignnone wp-image-140585\" src=\"https:\/\/www.radiopiu.net\/wordpress\/wp-content\/uploads\/2020\/05\/8f9ded77-e9a7-4347-abb5-d7b4fc01f39a-150x300.jpg\" alt=\"\" width=\"113\" height=\"226\" srcset=\"https:\/\/www.radiopiu.net\/wordpress\/wp-content\/uploads\/2020\/05\/8f9ded77-e9a7-4347-abb5-d7b4fc01f39a-150x300.jpg 150w, https:\/\/www.radiopiu.net\/wordpress\/wp-content\/uploads\/2020\/05\/8f9ded77-e9a7-4347-abb5-d7b4fc01f39a-512x1024.jpg 512w, https:\/\/www.radiopiu.net\/wordpress\/wp-content\/uploads\/2020\/05\/8f9ded77-e9a7-4347-abb5-d7b4fc01f39a-768x1536.jpg 768w, https:\/\/www.radiopiu.net\/wordpress\/wp-content\/uploads\/2020\/05\/8f9ded77-e9a7-4347-abb5-d7b4fc01f39a.jpg 799w\" sizes=\"auto, (max-width: 113px) 100vw, 113px\" \/><\/a><\/p>\n<p><strong>SAN TOMASO CALCIO\u00a0 CARLO MANFROI L&#8217;ALLENATORE<\/strong><\/p>\n<p><em><a id=\"js_343\" class=\"_6qw4\" href=\"https:\/\/www.facebook.com\/vittorio.ghiraldelli?comment_id=Y29tbWVudDoxMDIyMzM4MTc3MTY3OTM0OF8xMDIyMzM4MjkzNzU0ODQ5NA%3D%3D\" data-hovercard=\"\/ajax\/hovercard\/user.php?id=100000479400212&amp;extragetparams={&quot;directed_target_id&quot;: &quot; &quot;}\" aria-describedby=\"u_m2_1\" aria-owns=\"js_346\">Vittorio Ghiraldelli<\/a> <span dir=\"ltr\"><span class=\"_3l3x\">\u00a0ma se ne \u00e8 andato via da un posto che amava, facendo una cosa che amava.<\/span><\/span><\/em><\/p>\n<p><a class=\"dt-pswp-item\" href=\"https:\/\/www.radiopiu.net\/wordpress\/wp-content\/uploads\/2020\/05\/226fac04-844e-4d13-8ae9-86c2a3ee69bc.jpg\" data-dt-img-description=\"\" data-large_image_width=\"1600\" data-large_image_height=\"1200\"><img loading=\"lazy\" decoding=\"async\" class=\"alignnone size-medium wp-image-140581\" src=\"https:\/\/www.radiopiu.net\/wordpress\/wp-content\/uploads\/2020\/05\/226fac04-844e-4d13-8ae9-86c2a3ee69bc-300x225.jpg\" alt=\"\" width=\"300\" height=\"225\" srcset=\"https:\/\/www.radiopiu.net\/wordpress\/wp-content\/uploads\/2020\/05\/226fac04-844e-4d13-8ae9-86c2a3ee69bc-300x225.jpg 300w, https:\/\/www.radiopiu.net\/wordpress\/wp-content\/uploads\/2020\/05\/226fac04-844e-4d13-8ae9-86c2a3ee69bc-1024x768.jpg 1024w, https:\/\/www.radiopiu.net\/wordpress\/wp-content\/uploads\/2020\/05\/226fac04-844e-4d13-8ae9-86c2a3ee69bc-768x576.jpg 768w, https:\/\/www.radiopiu.net\/wordpress\/wp-content\/uploads\/2020\/05\/226fac04-844e-4d13-8ae9-86c2a3ee69bc-1536x1152.jpg 1536w, https:\/\/www.radiopiu.net\/wordpress\/wp-content\/uploads\/2020\/05\/226fac04-844e-4d13-8ae9-86c2a3ee69bc.jpg 1600w\" sizes=\"auto, (max-width: 300px) 100vw, 300px\" \/><\/a><a class=\"dt-pswp-item\" href=\"https:\/\/www.radiopiu.net\/wordpress\/wp-content\/uploads\/2020\/05\/Carlo-Tano-Manfroi-2.jpg\" data-dt-img-description=\"\" data-large_image_width=\"1920\" data-large_image_height=\"2560\"><img loading=\"lazy\" decoding=\"async\" class=\"alignnone wp-image-140578\" src=\"https:\/\/www.radiopiu.net\/wordpress\/wp-content\/uploads\/2020\/05\/Carlo-Tano-Manfroi-2-225x300.jpg\" alt=\"\" width=\"173\" height=\"231\" srcset=\"https:\/\/www.radiopiu.net\/wordpress\/wp-content\/uploads\/2020\/05\/Carlo-Tano-Manfroi-2-225x300.jpg 225w, https:\/\/www.radiopiu.net\/wordpress\/wp-content\/uploads\/2020\/05\/Carlo-Tano-Manfroi-2-768x1024.jpg 768w, https:\/\/www.radiopiu.net\/wordpress\/wp-content\/uploads\/2020\/05\/Carlo-Tano-Manfroi-2-1152x1536.jpg 1152w, https:\/\/www.radiopiu.net\/wordpress\/wp-content\/uploads\/2020\/05\/Carlo-Tano-Manfroi-2-1536x2048.jpg 1536w, https:\/\/www.radiopiu.net\/wordpress\/wp-content\/uploads\/2020\/05\/Carlo-Tano-Manfroi-2.jpg 1920w\" sizes=\"auto, (max-width: 173px) 100vw, 173px\" \/><\/a><\/p>\n<p><em><a id=\"js_2t4\" class=\"_6qw4\" href=\"https:\/\/www.facebook.com\/profile.php?id=100005383758776&amp;comment_id=Y29tbWVudDoxMDE1OTE2NjAxMzIzMzI3NF8xMDE1OTE2NjU3NzE3ODI3NA%3D%3D\" data-hovercard=\"\/ajax\/hovercard\/user.php?id=100005383758776&amp;extragetparams={&quot;directed_target_id&quot;: &quot;42492853273&quot;}\" aria-describedby=\"u_4i_1\" aria-owns=\"\">Stefania Balconi<\/a> <span dir=\"ltr\"><span class=\"_3l3x\">Grazie al Soccorso Alpino ,e a tutti volontari,per averlo ritrovato<\/span><\/span><\/em><\/p>\n<p><a id=\"js_8ak\" class=\"_6qw4\" href=\"https:\/\/www.facebook.com\/USLeVille\/?comment_id=Y29tbWVudDoxMDE1Njk1NTQyNjYzMTcyMV8xMDE1Njk1NTQzNzMyMTcyMQ%3D%3D\" data-hovercard=\"\/ajax\/hovercard\/user.php?id=110266705662109&amp;extragetparams={&quot;directed_target_id&quot;: &quot;61488111720&quot;}\" aria-describedby=\"u_9x_1\" aria-owns=\"js_8al\"><img loading=\"lazy\" decoding=\"async\" class=\"alignleft\" src=\"https:\/\/www.radiopiu.net\/wordpress\/wp-content\/uploads\/2020\/05\/allenatore_MANFROI-CARLO_SAN-TOMASO.jpg\" width=\"380\" height=\"285\" \/><\/a><\/p>\n<p><a class=\"_6qw4\" href=\"https:\/\/www.facebook.com\/marilena.deval?comment_id=Y29tbWVudDoxMDE1Njk1NTQyNjYzMTcyMV8xMDE1Njk1NTQ2MjczMTcyMQ%3D%3D\" data-hovercard=\"\/ajax\/hovercard\/user.php?id=100003215314367&amp;extragetparams={&quot;directed_target_id&quot;: &quot;61488111720&quot;}\">Marilena de Val<\/a>\u00a0<span dir=\"ltr\"><span class=\"_3l3x\">Me despias&#8230;lo conoscevo fin da ragazza&#8230;quante serate e risate al mitico Papillon&#8230;fa bon viaz Tano.<\/span><\/span><\/p>\n<p><a id=\"js_9bp\" class=\"_6qw4\" href=\"https:\/\/www.facebook.com\/andreaguerabecker?comment_id=Y29tbWVudDoxMDE1Njk1NTQyNjYzMTcyMV8xMDE1Njk1NTUwMzY4MTcyMQ%3D%3D\" data-hovercard=\"\/ajax\/hovercard\/user.php?id=100006021854307&amp;extragetparams={&quot;directed_target_id&quot;: &quot;61488111720&quot;}\" aria-describedby=\"u_ab_1\" aria-owns=\"\">Andrea Guera<\/a>\u00a0<span dir=\"ltr\"><span class=\"_3l3x\">Sei stato maestro e punto di riferimento di tutti i numeri 1 agordini. Ciao Tano, buon viaggio.<\/span><\/span><\/p>\n<p><a id=\"js_9mb\" class=\"_6qw4\" href=\"https:\/\/www.facebook.com\/profile.php?id=100000100624363&amp;comment_id=Y29tbWVudDoxMDE1Njk1NTQyNjYzMTcyMV8xMDE1Njk1NTU4NzA1MTcyMQ%3D%3D\" data-hovercard=\"\/ajax\/hovercard\/user.php?id=100000100624363&amp;extragetparams={&quot;directed_target_id&quot;: &quot;61488111720&quot;}\" aria-describedby=\"u_ad_1\" aria-owns=\"js_9lo\">Daniele Fontanive<\/a>\u00a0<span dir=\"ltr\"><span class=\"_3l3x\">Quante partite abbiamo giocato insieme nel Cence, ma soprattutto quante bisbocce alla Luisiana e al Papillon, fai buon viaggio Tano. Condoglianze alla famiglia.<\/span><\/span><\/p>\n<p><a class=\"_6qw4\" href=\"https:\/\/www.facebook.com\/dario.mezzacasa?comment_id=Y29tbWVudDoxMDE1Njk1NTQyNjYzMTcyMV8xMDE1Njk1NTU5OTAwNjcyMQ%3D%3D\" data-hovercard=\"\/ajax\/hovercard\/user.php?id=100004932698040&amp;extragetparams={&quot;directed_target_id&quot;: &quot;61488111720&quot;}\">Dario Mezzacasa<\/a>\u00a0<span dir=\"ltr\"><span class=\"_3l3x\">Ho impresso in mente il ricordo di un Torneo di Veterani in Toscana. e soprattutto il viaggio con Tano e il Ciuzz , rientrando in piena notte da Grosseto &#8230; non ho parole per esprimere il grande dispiacere per questa notizia.<\/span><\/span><\/p>\n<p><a id=\"js_9xq\" class=\"_6qw4\" href=\"https:\/\/www.facebook.com\/fabio.colcuc?comment_id=Y29tbWVudDoxMDE1Njk1NTQyNjYzMTcyMV8xMDE1Njk1NTY0ODA3NjcyMQ%3D%3D\" data-hovercard=\"\/ajax\/hovercard\/user.php?id=100003390733022&amp;extragetparams={&quot;directed_target_id&quot;: &quot;61488111720&quot;}\" aria-describedby=\"u_aj_1\" aria-owns=\"js_9xo\">Fabio Colcuc<\/a>\u00a0<span dir=\"ltr\"><span class=\"_3l3x\">io mi ricordo quando giocava nel Belluno serie C Secondo di Bubacco ex Venezia con offerte dall&#8217;Inter e ha fatto il corso allenatori e poi con Tano tante sfide nel torneo agordino dove non solo portiere\u00a0 ma anche attaccante<\/span><\/span><\/p>\n<blockquote><p><em><a class=\"_6qw4\" href=\"https:\/\/www.facebook.com\/gaetano.dedona.5?comment_id=Y29tbWVudDoxMDE1Njk1NTQyNjYzMTcyMV8xMDE1Njk1NTY3NDAxNjcyMQ%3D%3D\" data-hovercard=\"\/ajax\/hovercard\/user.php?id=100007707638271&amp;extragetparams={&quot;directed_target_id&quot;: &quot;61488111720&quot;}\">Gaetano De Dona<\/a><span dir=\"ltr\"><span class=\"_3l3x _1n4g\">La tragedia era evidente gi\u00e0 domenica mattina.\u00a0 Con un tipo come\u00a0 Carlo doveva per forza essere successo l&#8217;inevitabile.\u00a0 Mi dispiace sono addolorato. Conoscevo la sua famiglia paterna da tanti tanti anni il suo pap\u00e0 la sua mamma e suo fratello Aldo.\u00a0 Abbiamo lavorato assieme il pap\u00e0 suo faceva il capo cantiere nella ditta Da Vare.\u00a0 Abbiamo condiviso tante serate in allegria le settimane che dovevamo passare fuori casa. Carlo l&#8217;ho conosciuto negli anni 80 per essere arrivato a lavorare in Luxottica. Era socievole di compagnia poi ora sono 20 anni che sono in pensione e non abbiamo pi\u00f9 avuto tanta occasione di vederci. Porgo le mie pi\u00f9 sentite condoglianze a tutta la sua famiglia non conosco la moglie n\u00e9 le figlie ma mando loro un forte abbraccio,\u00a0 una disgrazia cos\u00ec chi poteva aspettarsela? Ciao Carlo riposa in pace saremo legati ancora solamente con quel filo invisibile che si chiama ricordo,\u00a0 Ciao &#8220;Tano&#8221; come tuo padre . Diminutivo di Gaetano&#8230; come me.<\/span><\/span><\/em><\/p><\/blockquote>\n<p><a id=\"js_3jn\" class=\"_6qw4\" href=\"https:\/\/www.facebook.com\/michele.soppelsa.12?comment_id=Y29tbWVudDoxMDE1Njk1NTQyNjYzMTcyMV8xMDE1Njk1NjEyNDY1MTcyMQ%3D%3D\" data-hovercard=\"\/ajax\/hovercard\/user.php?id=100028293164603&amp;extragetparams={&quot;directed_target_id&quot;: &quot;61488111720&quot;}\" aria-describedby=\"u_nd_1\" aria-owns=\"js_3jm\">Michele Soppelsa<\/a>\u00a0<span dir=\"ltr\"><span class=\"_3l3x\">Sentite condoglianze alla famiglia erano oltre 30 anni che non lo vedevo ho sempre avuto un bel ricordo bravo e corretto ragazzo mi dispiace tanto.<\/span><\/span><\/p>\n<p>&nbsp;<\/p>\n<p>&nbsp;<\/p>\n<p>&nbsp;<\/p>\n<hr \/>\n<p>&nbsp;<\/p>\n<\/div>\n<\/div>\n<div class=\"page-title-head hgroup\">\n<blockquote>\n<h2 class=\"entry-title\">FINE DELLE RICERCHE, MORTO L&#8217;ESCURSIONISTA BOLOGNESE SCOMPARSO AD AVIANO<\/h2>\n<\/blockquote>\n<\/div>\n<div class=\"page-title-breadcrumbs\"><strong class=\"photoswipe-wrapper\"><a class=\"dt-pswp-item pspw-wrap-ready\" href=\"https:\/\/i2.wp.com\/www.radiopiu.net\/wordpress\/wp-content\/uploads\/2020\/05\/IMG-20200526-WA0004.jpg?ssl=1\" data-dt-img-description=\"\" data-large_image_width=\"721\" data-large_image_height=\"784\"><img loading=\"lazy\" decoding=\"async\" class=\"wp-image-140516 alignleft jetpack-lazy-image jetpack-lazy-image--handled\" src=\"https:\/\/i2.wp.com\/www.radiopiu.net\/wordpress\/wp-content\/uploads\/2020\/05\/IMG-20200526-WA0004.jpg?resize=147%2C159&amp;ssl=1\" sizes=\"auto, (max-width: 147px) 100vw, 147px\" srcset=\"https:\/\/i2.wp.com\/www.radiopiu.net\/wordpress\/wp-content\/uploads\/2020\/05\/IMG-20200526-WA0004.jpg?resize=276%2C300&amp;ssl=1 276w, https:\/\/i2.wp.com\/www.radiopiu.net\/wordpress\/wp-content\/uploads\/2020\/05\/IMG-20200526-WA0004.jpg?w=721&amp;ssl=1 721w\" alt=\"\" width=\"147\" height=\"159\" data-recalc-dims=\"1\" data-lazy-loaded=\"1\" \/><\/a>Aviano (PN)<\/strong> Il Soccorso alpino dell\u2019Alpago \u00e8 intervenuto in zona Semenza, Forcella Bassa, comune di Tambre, in supporto al Soccorso alpino di Pordenone impegnato nella ricerca di un quarantenne bolognese, di cui non si avevano\u00a0 notizie da alcuni giorni e la cui auto \u00e8 stata rinvenuta parcheggiata a Roncjade, Aviano.\u00a0 L\u2019escursionista,\u00a0 Pier Paolo Filippini \u00e8 purtroppo stato ritrovato morto, vittima di una caduta<\/div>\n<div><\/div>\n<div><\/div>\n<div><\/div>\n<div><\/div>\n<div>\n<hr \/>\n<\/div>\n<p>&nbsp;<\/p>\n<p>&nbsp;<\/p>\n<div class=\"page-title-head hgroup\">\n<blockquote>\n<h2 class=\"entry-title\">BOTTO A FONZASO ALLA FENADORA<\/h2>\n<\/blockquote>\n<\/div>\n<div class=\"page-title-breadcrumbs\">\n<p><strong>FELTRE <\/strong>Incidente con due feriti non gravi in via Vallarca, ad avere la peggio il macedone M.M. 19 anni residente a Fonzaso e il passeggero di\u00a0 25 anni A.D.\u00a0 che hanno dovuto ricorrere alle cure dei sanitari di Feltre. E\u2019 andata meglio al\u00a0 71enne di Marostica, C.B.,\u00a0 che guidava la Ford e che probabilmente ha omesso di dare la precedenza. L\u2019auto ha trovato sulla sua strada il macedone a bordo della Skoda che non \u00e8 riuscito ad evitare l\u2019impatto. Per i rilievi di legge sono intervenuti i Carabinieri di Feltre<\/p>\n<p>&nbsp;<\/p>\n<p class=\"photoswipe-wrapper\"><a class=\"dt-pswp-item pspw-wrap-ready\" href=\"https:\/\/i1.wp.com\/www.radiopiu.net\/wordpress\/wp-content\/uploads\/2020\/05\/61b623c1-f232-4a9a-832d-7dba997dc4ae.jpg?ssl=1\" data-dt-img-description=\"\" data-large_image_width=\"1280\" data-large_image_height=\"960\"><img loading=\"lazy\" decoding=\"async\" class=\"alignnone size-medium wp-image-140646 jetpack-lazy-image jetpack-lazy-image--handled\" src=\"https:\/\/i1.wp.com\/www.radiopiu.net\/wordpress\/wp-content\/uploads\/2020\/05\/61b623c1-f232-4a9a-832d-7dba997dc4ae.jpg?resize=300%2C225&amp;ssl=1\" sizes=\"auto, (max-width: 300px) 100vw, 300px\" srcset=\"https:\/\/i1.wp.com\/www.radiopiu.net\/wordpress\/wp-content\/uploads\/2020\/05\/61b623c1-f232-4a9a-832d-7dba997dc4ae.jpg?resize=300%2C225&amp;ssl=1 300w, https:\/\/i1.wp.com\/www.radiopiu.net\/wordpress\/wp-content\/uploads\/2020\/05\/61b623c1-f232-4a9a-832d-7dba997dc4ae.jpg?resize=1024%2C768&amp;ssl=1 1024w, https:\/\/i1.wp.com\/www.radiopiu.net\/wordpress\/wp-content\/uploads\/2020\/05\/61b623c1-f232-4a9a-832d-7dba997dc4ae.jpg?resize=768%2C576&amp;ssl=1 768w, https:\/\/i1.wp.com\/www.radiopiu.net\/wordpress\/wp-content\/uploads\/2020\/05\/61b623c1-f232-4a9a-832d-7dba997dc4ae.jpg?w=1280&amp;ssl=1 1280w\" alt=\"\" width=\"300\" height=\"225\" data-recalc-dims=\"1\" data-lazy-loaded=\"1\" \/><\/a><a class=\"dt-pswp-item pspw-wrap-ready\" href=\"https:\/\/i0.wp.com\/www.radiopiu.net\/wordpress\/wp-content\/uploads\/2020\/05\/ded98cca-35fd-461d-a70f-9c02351d0f5e.jpg?ssl=1\" data-dt-img-description=\"\" data-large_image_width=\"1280\" data-large_image_height=\"960\"><img loading=\"lazy\" decoding=\"async\" class=\"alignnone size-medium wp-image-140647 jetpack-lazy-image jetpack-lazy-image--handled\" src=\"https:\/\/i0.wp.com\/www.radiopiu.net\/wordpress\/wp-content\/uploads\/2020\/05\/ded98cca-35fd-461d-a70f-9c02351d0f5e.jpg?resize=300%2C225&amp;ssl=1\" sizes=\"auto, (max-width: 300px) 100vw, 300px\" srcset=\"https:\/\/i0.wp.com\/www.radiopiu.net\/wordpress\/wp-content\/uploads\/2020\/05\/ded98cca-35fd-461d-a70f-9c02351d0f5e.jpg?resize=300%2C225&amp;ssl=1 300w, https:\/\/i0.wp.com\/www.radiopiu.net\/wordpress\/wp-content\/uploads\/2020\/05\/ded98cca-35fd-461d-a70f-9c02351d0f5e.jpg?resize=1024%2C768&amp;ssl=1 1024w, https:\/\/i0.wp.com\/www.radiopiu.net\/wordpress\/wp-content\/uploads\/2020\/05\/ded98cca-35fd-461d-a70f-9c02351d0f5e.jpg?resize=768%2C576&amp;ssl=1 768w, https:\/\/i0.wp.com\/www.radiopiu.net\/wordpress\/wp-content\/uploads\/2020\/05\/ded98cca-35fd-461d-a70f-9c02351d0f5e.jpg?w=1280&amp;ssl=1 1280w\" alt=\"\" width=\"300\" height=\"225\" data-recalc-dims=\"1\" data-lazy-loaded=\"1\" \/><\/a><\/p>\n<p>&nbsp;<\/p>\n<hr \/>\n<\/div>\n<p>&nbsp;<\/p>\n<h3>IL 1 GIUGNO PONTE ANCHE PER LE MAESTRANZE LUXOTTICA, A BREVE L&#8217;INIZIO DELLA PRODUZIONE DI MASCHERINE AL PALALUXOTTICA E NON VI SARANNO NUOVE ASSUNZIONI<\/h3>\n<p>&nbsp;<\/p>\n<p><strong>AGORDO<\/strong> Si \u00e8 tenuto ieri un esecutivo tra Azienda e RSU dove \u00e8 stato presentato il progetto &#8220;mascherine Luxottica&#8221;, \u00a0saranno prodotte al Palaluxottica e non vi saranno nuove assunzioni per far fronte alla produzione. \u00a0Il 2 giugno \u00e8 previsto il ponte: la giornata del 1 giugno sar\u00e0 coperta con cassa integrazione. Il bonus mensile aggiuntivo di 500 euro\u00a0 \u00e8 terminato con il 15 maggio. Dal 16 maggio in poi, perci\u00f2, non verr\u00e0 pi\u00f9 erogato e l&#8217;importo accumulato sar\u00e0 fruibile solo ed esclusivamente in flexible benefits. Sui trasporti ancora nessuna novit\u00e0, RSU ed azienda stanno ancora valutando tutte le opportunit\u00e0 per poterli riattivare al pi\u00f9 presto. Gestione ferie: gli impiegati potranno inserire la richiesta su my personal desk <strong>, ALLE 10.30 E 1900 SU RADIO PIU\u2019 CISL LA VOCE DEI LAVORATORI CON PAOLO CHISSALE\u2019 E NICOLA BRANCHER.<\/strong><\/p>\n<p>&nbsp;<\/p>\n<p>&nbsp;<\/p>\n<p>&nbsp;<\/p>\n<p><strong>OGGI SUL CORRIERE DELLE ALPI E NEI NOTIZIARI DI RADIO PIU&#8217;<\/strong><\/p>\n<p><strong>di Gianni Santomaso<\/strong><\/p>\n<div class=\"page-title-breadcrumbs\">\n<blockquote>\n<h3>IL &#8220;BUON IMPRENDITORE&#8221; E &#8220;BUON COLLABORATORE&#8221; PRESIDENTE ONORARIO.<\/h3>\n<\/blockquote>\n<p><a class=\"dt-pswp-item\" href=\"https:\/\/www.radiopiu.net\/wordpress\/wp-content\/uploads\/2020\/05\/LUIGI-FRANCAVILLA.jpg\" data-dt-img-description=\"\" data-large_image_width=\"480\" data-large_image_height=\"480\"><img loading=\"lazy\" decoding=\"async\" class=\" wp-image-140704 alignleft\" src=\"https:\/\/www.radiopiu.net\/wordpress\/wp-content\/uploads\/2020\/05\/LUIGI-FRANCAVILLA-300x300.jpg\" alt=\"\" width=\"217\" height=\"217\" srcset=\"https:\/\/www.radiopiu.net\/wordpress\/wp-content\/uploads\/2020\/05\/LUIGI-FRANCAVILLA-300x300.jpg 300w, https:\/\/www.radiopiu.net\/wordpress\/wp-content\/uploads\/2020\/05\/LUIGI-FRANCAVILLA-150x150.jpg 150w, https:\/\/www.radiopiu.net\/wordpress\/wp-content\/uploads\/2020\/05\/LUIGI-FRANCAVILLA.jpg 480w\" sizes=\"auto, (max-width: 217px) 100vw, 217px\" \/><\/a><\/p>\n<p>&nbsp;<\/p>\n<p><strong>IL PRESIDENTE ONORARIO<\/strong><\/p>\n<p>di Gianni Santomaso<\/p>\n<p><em><strong>(foto dal sito LUXOTTICA.COM)<\/strong><\/em><\/p>\n<\/div>\n<p>&nbsp;<\/p>\n<p>&nbsp;<\/p>\n<p>&nbsp;<\/p>\n<p>&nbsp;<\/p>\n<p>&nbsp;<\/p>\n<p>&nbsp;<\/p>\n<h2>IERI ALLA RADIO<\/h2>\n<blockquote class=\"wp-embedded-content\" data-secret=\"Yv6AuRNiUQ\"><p><a href=\"https:\/\/www.radiopiu.net\/wordpress\/sara-il-palaluxottica-ad-ospitare-le-macchine-per-produrre-le-mascherine\/\">SAR\u00c0 IL PALALUXOTTICA AD OSPITARE LE MACCHINE PER PRODURRE LE MASCHERINE<\/a><\/p><\/blockquote>\n<p><iframe loading=\"lazy\" title=\"&#8220;SAR\u00c0 IL PALALUXOTTICA AD OSPITARE LE MACCHINE PER PRODURRE LE MASCHERINE&#8221; &#8212; Radio Pi\u00f9\" class=\"wp-embedded-content\" sandbox=\"allow-scripts\" security=\"restricted\" style=\"position: absolute; clip: rect(1px, 1px, 1px, 1px);\" src=\"https:\/\/www.radiopiu.net\/wordpress\/sara-il-palaluxottica-ad-ospitare-le-macchine-per-produrre-le-mascherine\/embed\/#?secret=Yv6AuRNiUQ\" data-secret=\"Yv6AuRNiUQ\" width=\"600\" height=\"338\" frameborder=\"0\" marginwidth=\"0\" marginheight=\"0\" scrolling=\"no\"><\/iframe><\/p>\n<p>&nbsp;<\/p>\n<p>&nbsp;<\/p>\n<blockquote>\n<h2>PREMIO RISULTATO LUXOTTICA, NE PARLA LUIGI DELL&#8217;ATTI DELLA CGIL FILCTEM AGORDO<\/h2>\n<\/blockquote>\n<p><strong><a class=\"dt-pswp-item\" href=\"https:\/\/www.radiopiu.net\/wordpress\/wp-content\/uploads\/2019\/12\/LUIGI-DELLATTI-2019.jpeg\" data-dt-img-description=\"\" data-large_image_width=\"1600\" data-large_image_height=\"1200\"><img loading=\"lazy\" decoding=\"async\" class=\" wp-image-108679 alignleft\" src=\"https:\/\/www.radiopiu.net\/wordpress\/wp-content\/uploads\/2019\/12\/LUIGI-DELLATTI-2019-300x225.jpeg\" alt=\"\" width=\"168\" height=\"126\" srcset=\"https:\/\/www.radiopiu.net\/wordpress\/wp-content\/uploads\/2019\/12\/LUIGI-DELLATTI-2019-300x225.jpeg 300w, https:\/\/www.radiopiu.net\/wordpress\/wp-content\/uploads\/2019\/12\/LUIGI-DELLATTI-2019-768x576.jpeg 768w, https:\/\/www.radiopiu.net\/wordpress\/wp-content\/uploads\/2019\/12\/LUIGI-DELLATTI-2019-1024x768.jpeg 1024w, https:\/\/www.radiopiu.net\/wordpress\/wp-content\/uploads\/2019\/12\/LUIGI-DELLATTI-2019.jpeg 1600w\" sizes=\"auto, (max-width: 168px) 100vw, 168px\" \/><\/a>AGORDO\u00a0<\/strong>Sono 2400 \u20ac, pi\u00f9 eventuali bonus, il premio di risultato dei dipendenti Luxottica. Premio verr\u00e0 accreditato con la busta paga di giugno che i dipendenti riceveranno a luglio.<\/p>\n<p>&nbsp;<\/p>\n<p>&nbsp;<\/p>\n<p><strong>AI MICROFONI DI RADIO PIU&#8217; LUIGI DELL&#8217;ATTI, CGIL FILCTEM AGORDO<\/strong><\/p>\n<audio class=\"wp-audio-shortcode\" id=\"audio-140497-2\" preload=\"none\" style=\"width: 100%;\" controls=\"controls\"><source type=\"audio\/mpeg\" src=\"https:\/\/www.radiopiu.net\/wordpress\/wp-content\/uploads\/2020\/05\/DELLATTI-PREMIO.mp3?_=2\" \/><a href=\"https:\/\/www.radiopiu.net\/wordpress\/wp-content\/uploads\/2020\/05\/DELLATTI-PREMIO.mp3\">https:\/\/www.radiopiu.net\/wordpress\/wp-content\/uploads\/2020\/05\/DELLATTI-PREMIO.mp3<\/a><\/audio>\n<p>&nbsp;<\/p>\n<p>&nbsp;<\/p>\n<div class=\"page-title-breadcrumbs\">\n<hr \/>\n<\/div>\n<p>&nbsp;<\/p>\n<blockquote>\n<h3>TAFFERUGLI ALLA PARTITA DI HOCKEY ASSOLTI 3 SU 5<\/h3>\n<\/blockquote>\n<p><strong><a class=\"dt-pswp-item\" href=\"https:\/\/www.radiopiu.net\/wordpress\/wp-content\/uploads\/2020\/03\/Palaghiaccio-drio-le-Rive.jpg\" data-dt-img-description=\"\" data-large_image_width=\"1600\" data-large_image_height=\"1200\"><img loading=\"lazy\" decoding=\"async\" class=\" wp-image-119967 alignleft\" src=\"https:\/\/www.radiopiu.net\/wordpress\/wp-content\/uploads\/2020\/03\/Palaghiaccio-drio-le-Rive-300x225.jpg\" alt=\"\" width=\"171\" height=\"129\" srcset=\"https:\/\/www.radiopiu.net\/wordpress\/wp-content\/uploads\/2020\/03\/Palaghiaccio-drio-le-Rive-300x225.jpg 300w, https:\/\/www.radiopiu.net\/wordpress\/wp-content\/uploads\/2020\/03\/Palaghiaccio-drio-le-Rive-1024x768.jpg 1024w, https:\/\/www.radiopiu.net\/wordpress\/wp-content\/uploads\/2020\/03\/Palaghiaccio-drio-le-Rive-768x576.jpg 768w, https:\/\/www.radiopiu.net\/wordpress\/wp-content\/uploads\/2020\/03\/Palaghiaccio-drio-le-Rive-1536x1152.jpg 1536w, https:\/\/www.radiopiu.net\/wordpress\/wp-content\/uploads\/2020\/03\/Palaghiaccio-drio-le-Rive.jpg 1600w\" sizes=\"auto, (max-width: 171px) 100vw, 171px\" \/><\/a>OGGI SUL CORRIERE DELLE ALPI, DI GIGI SOSSO<\/strong><\/p>\n<p><strong>FELTRE<\/strong> Rissa al palaghiaccio di Feltre. Meglio: aggressione al bar, durante un intervallo della partita del campionato di hockey di serie B tra Feltre e Pergine. Il feltrino Alex Bortolon e i trentini Fabrizio Puecher e Fabio Lorenzini sono stati assolti dal giudice Cittolin, perch\u00e9 il fatto non sussiste,\u00a0 il pm\u00a0 \u00a0 Sandra Rossi aveva chiesto sei mesi di reclusione a testa. Gli altri imputati, i perginesi Giuseppe Spinelli ed Elia Oss Omer, avevano chiesto la sospensione del processo per messa alla prova e se l&#8217;erano cavata con il volontariato. Sul ghiaccio, aveva vinto il Pergine.<\/p>\n<p>&nbsp;<\/p>\n<hr \/>\n<p>&nbsp;<\/p>\n<p>&nbsp;<\/p>\n<blockquote>\n<h2>APRONO LE CASE DI RIPOSO A NUOVI OSPITI E VISITATORI, PER I CENTRI ESTIVI IL VIA DAL 3 GIUGNO MA NON ANCORA PER GLI ASILI NIDO. DAL 3 GIUGNO SPOSTAMENTI REGIONALI MA NON PER TUTTI, SI ATTENDONO I DATI EPIDEMIOLOGICI DI QUESTA SETTIMANA. GUERRA POLITICA SULL&#8217;ELECTION DAY DEL 20 SETTEMBRE, IL CENTRO DESTRA SI METTE DI TRAVERSO.<\/h2>\n<\/blockquote>\n<p><strong>di Mirko Mezzacasa\u00a0<\/strong><\/p>\n<p>Per gli spostamenti interregionali dal 3 giugno bisogner\u00e0 attendere i report di questa settimana con riferimento ai contagi, se in Veneto le curve dicono che le cose vanno bene, ieri solo 9 casi di positivit\u00e0 in pi\u00f9, 22 ricoverati in meno e 121 guariti,\u00a0 in Lombardia, Liguria e Piemonte\u00a0 la situazione non \u00e8 delle migliori con quasi 300 contagi in 24 ore con gli esperti che propendono a rinviare di un settimana l&#8217;apertura delle frontiere regionali per le aree pi\u00f9 a rischio, maggiori sono i timori e le resistenze dei governatori del sud. A proposito dei presidenti del nordest sono in rivolta per le decisioni del Governo circa l&#8217;election day del 20 settembre, l&#8217;idea di una campagna elettorale a ferragosto non piace. Centro destra contrario anche a far coincidere la data delle elezioni regionali e comunali con quella del Referendum. Dopo tre mesi riaprono le case di riposo e i centri extraospedalieri sbarrati a nuovi ospiti e visitatori dallo scorso 8 marzo. Le famiglie potranno rivedere i loro cari da dietro un vetro, o plexiglass, piuttosto che da una visiera o mascherina speciale chirurgica ffp2, meglio se in giardino all&#8217;aria aperta. Sono 330 le case di riposo del Veneto pronte e riaprire le porte anche ai nuovi ospiti, ma con regole precise secondo le linee guida presentate ieri dall&#8217;assessore Manuela Lanzarin: tampone all&#8217;ingresso, isolamento per 14 giorni in aree della struttura appositamente dedicate, secondo tampone di controllo.\u00a0 Per i familiari in visita anche\u00a0 controllo della temperatura, compilazione di un questionario, ingressi limitati e scaglionati con prenotazione preventiva, effettuazione di un test kit rapido. \u00c8 stata inoltre disposta la riapertura dei centri diurni per anziani non autosufficienti. Oggi il consiglio regionale del Veneto voter\u00e0 l&#8217;istituzione di una commissione speciale d&#8217;inchiesta sulla gestione delle Rsa. <em>&#8220;Che\u00a0 nessuno\u00a0 si permetta di dire che c&#8217;\u00e8 una minima esitazione da parte del Governo Regionale &#8211; ha detto Zaia &#8211;\u00a0 sollevo un unico\u00a0 tema: che la Commissione si metta in rete con le Procure&#8221;.<\/em> Dal 1 giugno riaprono i centri estivi per i ragazzi dai 3 ai 17 anni, per l&#8217;altra fascia degli asili nido 0-3 anni il Veneto \u00e8 pronto ma attende il nulla osta da Roma. Pronte anche\u00a0 le regole per i centri termali ma necessit\u00e0 l&#8217;ordinanza governativa. L&#8217;Alto Adige lancia la sfida turistica: prelievi e tamponi gratis per gli ospiti, il Veneto risponde con esami diagnostici per gli addetti agli hotel, ristoranti e negozi. <strong>IN VENETO<\/strong> \u00a0Nuovi casi di positivi\u00a0 9\u00a0 (lunedi 7) da inizio epidemia 19107\u00a0 \u00a0(+9),\u00a0 attualmente positivi 2382 (- 123),\u00a0 negativizzati\/guariti 14831\u00a0 \u00a0(+ 121)\u00a0 in isolamento domiciliare 2619 (-311) ricoverati 503 (-22), in ospedale 441\u00a0 (-21 ) , ospedali di comunit\u00e0 62\u00a0 (-1 ), terapia intensiva 36\u00a0 (-2 ,\u00a0 \u00a010 positivi,\u00a0 26negativi),\u00a0 dimessi 3591 (+84) , decessi ospedale 1400 (5) , totale decessi 1894\u00a0 (11)\u00a0<strong>IN PROVINCIA DI BELLUNO<\/strong>\u00a0 \u00a0Casi positivi\u00a0 \u00a03 ( lunedi 0) dal 21 febbraio 1165\u00a0 (3 ), attualmente positivi 173 (-4), deceduti 110 (+1),\u00a0 negativizzati\/guariti 882\u00a0 (+6), in isolamento domiciliare 348\u00a0 (+65), ricoverati ospedale San Martino 10 (0) , terapia intensiva 0 (0) , ospedale di Comunit\u00e0 di Belluno 0 (0) Agordo 3\u00a0 (0 ).<\/p>\n<aside id=\"correlati\"><\/aside>\n<p>&nbsp;<\/p>\n<p>&nbsp;<\/p>\n<hr \/>\n<blockquote class=\"wp-embedded-content\" data-secret=\"0dXq5prksd\"><p><a href=\"https:\/\/www.radiopiu.net\/wordpress\/coronavirus-aggiornamento-nazionale-26-maggio\/\">CORONAVIRUS: AGGIORNAMENTO NAZIONALE 26 MAGGIO<\/a><\/p><\/blockquote>\n<p><iframe loading=\"lazy\" title=\"&#8220;CORONAVIRUS: AGGIORNAMENTO NAZIONALE 26 MAGGIO&#8221; &#8212; Radio Pi\u00f9\" class=\"wp-embedded-content\" sandbox=\"allow-scripts\" security=\"restricted\" style=\"position: absolute; clip: rect(1px, 1px, 1px, 1px);\" src=\"https:\/\/www.radiopiu.net\/wordpress\/coronavirus-aggiornamento-nazionale-26-maggio\/embed\/#?secret=0dXq5prksd\" data-secret=\"0dXq5prksd\" width=\"600\" height=\"338\" frameborder=\"0\" marginwidth=\"0\" marginheight=\"0\" scrolling=\"no\"><\/iframe><\/p>\n<p>&nbsp;<\/p>\n<p>&nbsp;<\/p>\n<hr \/>\n<p>&nbsp;<\/p>\n<h2><\/h2>\n<blockquote>\n<h2>DATI E GRAFICI DEL GIORNO, PROVINCIA \u2013 REGIONE 26 MAGGIO 2020<\/h2>\n<\/blockquote>\n<p><strong>Con la collaborazione di Tiziano De Col<\/strong><\/p>\n<p><a class=\"dt-pswp-item\" href=\"https:\/\/www.radiopiu.net\/wordpress\/wp-content\/uploads\/2020\/05\/Schermata-2020-05-26-alle-19.29.11.png\" data-dt-img-description=\"\" data-large_image_width=\"810\" data-large_image_height=\"446\"><img loading=\"lazy\" decoding=\"async\" class=\"alignnone size-medium wp-image-140690\" src=\"https:\/\/www.radiopiu.net\/wordpress\/wp-content\/uploads\/2020\/05\/Schermata-2020-05-26-alle-19.29.11-300x165.png\" alt=\"\" width=\"300\" height=\"165\" srcset=\"https:\/\/www.radiopiu.net\/wordpress\/wp-content\/uploads\/2020\/05\/Schermata-2020-05-26-alle-19.29.11-300x165.png 300w, https:\/\/www.radiopiu.net\/wordpress\/wp-content\/uploads\/2020\/05\/Schermata-2020-05-26-alle-19.29.11-768x423.png 768w, https:\/\/www.radiopiu.net\/wordpress\/wp-content\/uploads\/2020\/05\/Schermata-2020-05-26-alle-19.29.11.png 810w\" sizes=\"auto, (max-width: 300px) 100vw, 300px\" \/><\/a><a class=\"dt-pswp-item\" href=\"https:\/\/www.radiopiu.net\/wordpress\/wp-content\/uploads\/2020\/05\/f91bc4f8-d315-4c96-872d-1dc2b2bd83e1.jpg\" data-dt-img-description=\"\" data-large_image_width=\"594\" data-large_image_height=\"332\"><img loading=\"lazy\" decoding=\"async\" class=\"alignnone size-medium wp-image-140691\" src=\"https:\/\/www.radiopiu.net\/wordpress\/wp-content\/uploads\/2020\/05\/f91bc4f8-d315-4c96-872d-1dc2b2bd83e1-300x168.jpg\" alt=\"\" width=\"300\" height=\"168\" srcset=\"https:\/\/www.radiopiu.net\/wordpress\/wp-content\/uploads\/2020\/05\/f91bc4f8-d315-4c96-872d-1dc2b2bd83e1-300x168.jpg 300w, https:\/\/www.radiopiu.net\/wordpress\/wp-content\/uploads\/2020\/05\/f91bc4f8-d315-4c96-872d-1dc2b2bd83e1.jpg 594w\" sizes=\"auto, (max-width: 300px) 100vw, 300px\" \/><\/a><a class=\"dt-pswp-item\" href=\"https:\/\/www.radiopiu.net\/wordpress\/wp-content\/uploads\/2020\/05\/0d925370-b179-447c-8a2f-196fa1ef71e9.jpg\" data-dt-img-description=\"\" data-large_image_width=\"644\" data-large_image_height=\"389\"><img loading=\"lazy\" decoding=\"async\" class=\"alignnone size-medium wp-image-140692\" src=\"https:\/\/www.radiopiu.net\/wordpress\/wp-content\/uploads\/2020\/05\/0d925370-b179-447c-8a2f-196fa1ef71e9-300x181.jpg\" alt=\"\" width=\"300\" height=\"181\" srcset=\"https:\/\/www.radiopiu.net\/wordpress\/wp-content\/uploads\/2020\/05\/0d925370-b179-447c-8a2f-196fa1ef71e9-300x181.jpg 300w, https:\/\/www.radiopiu.net\/wordpress\/wp-content\/uploads\/2020\/05\/0d925370-b179-447c-8a2f-196fa1ef71e9.jpg 644w\" sizes=\"auto, (max-width: 300px) 100vw, 300px\" \/><\/a><\/p>\n<p>&nbsp;<\/p>\n<hr \/>\n<p>&nbsp;<\/p>\n<p>&nbsp;<\/p>\n<blockquote>\n<h2>LA CONFERENZA STAMPA DI LUCA ZAIA<\/h2>\n<\/blockquote>\n<p>Grazie a Team for children oltre a fare un lavoro strepitoso ci ha donato 25 mila euro, un&#8217;associazione che vive di donazioni e volontariato, non lo dimenticheremo grazie a Chiara Atzena, la forza di volont\u00e0 sposta anche le montagne.<\/p>\n<p><strong>CENTRI ESTIVI<\/strong> Pronti ad aprire il 3 giugno i centri estivi per la fascia di et\u00e0 3-17 anni secondo le linee del governo,\u00a0 pronti anche con le linee guida per la riapertura da 0-3 anni, purch\u00e9\u00a0 il governo con il\u00a0 Dpcm convalidi le nostre decisioni: ci sono una serie di linee guida che sono ancora nel limbo e non sono stati inseriti nei decreti governativi.<\/p>\n<p><strong>ECONOMIA<\/strong> Domani l&#8217;assessore\u00a0 Roberto Marcato presenter\u00e0 un piano da mezzo miliardo di euro per l&#8217;imprese a sostegno dell&#8217;economia. Sono fiducioso anche per il turismo nel fine settimana le spiagge erano molto frequentate.<\/p>\n<p><strong>MOSTRA DEL CINEMA<\/strong> Confermo che sar\u00e0 proposta, se i dati sono quelli di oggi il Veneto ha titolo pi\u00f9 di altri per organizzare il festival. Ci saranno dei limiti, meno produzioni per il diffondersi del virus ma si far\u00e0. <strong>TERME<\/strong> E si va anche verso lo sblocco delle terme.<\/p>\n<p><strong>ANCORA ELEZION<\/strong>I Le legge prevede una finestra tra il 25 settembre e il 25 dicembre. Il Comitato tecnico-scientifico invece dice che le elezioni devono essere fatte entro settembre. Noi chiediamo che si facciamo a fine luglio.<\/p>\n<h2>299 CASE DI RIPOSO 30 mila ospiti e altrettanti dipendenti, il 75% delle strutture ha contagi pari a zero. Oltre 600 i decessi, una strage. Zaia si dichiara favorevole ad una commissione d&#8217;inchiesta per le morti e i contagi. &#8220;Solo un folle si metterebbe di traverso a questa richiesta, ma non si intralci la Procura che sta indagando&#8221;<\/h2>\n<h3>LE VISITE: OGGI MANDIAMO LE LINEE GUIDA POSSONO ESSERE APPLICATE DA SUBITO.<\/h3>\n<p><em>saranno i vertici delle strutture a decidere come procedere e organizzare gli accessi.<\/em><\/p>\n<p><strong>MANUELA LANZARIN<\/strong> Ecco le linee di indirizzo per le strutture ospedaliere, case di riposo ma anche centri diurni e altre strutture. Questa linee sono state mandate ai direttori generali dando mandato di inviarlo alle strutture. Le linee ripercorrono la strada fatta fino ad oggi soffermandosi sui nuovi accessi, nuovi ospiti che prima non entravano per gli accessi bloccati nei momenti di peggiore criticit\u00e0. Il nuovo accesso avviene con le consuete procedure. Viene fatta un&#8217;indagine sul paziente circa gli ultimi 14 giorni, dopo il tampone entra in una struttura protetta, isolata, dopo 14 giorni secondo tampone e quindi entra in maniera normale in tutta la struttura. Ci sar\u00e0 un cordone di sicurezza, questo nella prima fase. Poi vediamo in seguito se ci potr\u00e0 fare un allentamento. Oggi apriamo in questo modo cosi&#8217; anche per le altre categorie, ma anche per i centri diurni. Anche in questo caso prima il tampone e poi si entra. Dopo i 14 giorni si torna alla normalit\u00e0 con lo screening a rotazione ogni 20 giorni il tampone e ogni 10 il test sierologico. Anche i fornitori dovranno attenersi alle regole con relative protezione. <strong>VISITATORI<\/strong> Chiediamo di limitare l&#8217;accesso ed essere cauti, ci rivolgiamo a chi gestisce le strutture per chi vuole entrare ci sar\u00e0 una valutazione con solite norme: misurazione della\u00a0 febbre, questionario ultimi 14 giorni, norme comportamentali. Necessario il registro da tenere 14 giorni come per la ristorazione per risalire ad eventuali contatti. Ingressi scaglionati e limitati comunque su prenotazione. Incontri se possibile all&#8217;aperto oppure individuare locali idonei separati. Due modalit\u00e0 con plexiglass, vetro, oppure visiera e mascherina ffp2 senza filtro. Forniremo ad ogni struttura test rapidi per fare il test rapido con il prelievo del sangue dal dito. E&#8217; prevista una serie di formazione per ospiti ed operatori. E&#8217; partita la formazione on line con la fondazione sanit\u00e0 pubblica, invitate tutte le 399 strutture e sono iniziati i corsi on line circa le misure di igiene, del virus. Il corso iniziato il 18 maggio si sviluppa fino al 22 settembre.<\/p>\n<p><strong>CONTINGENTAMENTO VISITE<\/strong> Lo lasciamo scegliere alla struttura in base alle sue caratteristiche. Prevediamo visite fino a 30 minuti, il resto lo organizza la struttura.<\/p>\n<p><strong>RACCOMANDAZIONE SCIENTIFICHE?<\/strong> Si far\u00e0 strada facendo in maniera graduale, con la riapertura capiremo la richiesta e\u00a0 quindi tareremo le limitazioni<\/p>\n<p><strong>AGGIORNAMENTO VITTIME?<\/strong> Non ce l&#8217;ho verr\u00e0 fornito in seguito<\/p>\n<p>&nbsp;<\/p>\n<p>https:\/\/www.facebook.com\/zaiaufficiale\/videos\/271819613967258<\/p>\n<p>&nbsp;<\/p>\n<p>&nbsp;<\/p>\n<hr \/>\n<p>&nbsp;<\/p>\n<p>&nbsp;<\/p>\n<blockquote>\n<h2>LANZARIN: RIAPRONO LE CASE DI RIPOSO E STRUTTURE EXTRAOSPEDALIERE A OSPITI E VISITATORI, DAL 1 GIUGNO PORTE APERTE MA CON LE DOVUTE CAUTELE<\/h2>\n<\/blockquote>\n<p><strong><a class=\"dt-pswp-item\" href=\"https:\/\/www.radiopiu.net\/wordpress\/wp-content\/uploads\/2019\/03\/villasgiuseppelivinallongo.jpg\" data-dt-img-description=\"\" data-large_image_width=\"1600\" data-large_image_height=\"1068\"><img loading=\"lazy\" decoding=\"async\" class=\"size-medium wp-image-79316 alignleft\" src=\"https:\/\/www.radiopiu.net\/wordpress\/wp-content\/uploads\/2019\/03\/villasgiuseppelivinallongo-300x200.jpg\" alt=\"\" width=\"300\" height=\"200\" srcset=\"https:\/\/www.radiopiu.net\/wordpress\/wp-content\/uploads\/2019\/03\/villasgiuseppelivinallongo-300x200.jpg 300w, https:\/\/www.radiopiu.net\/wordpress\/wp-content\/uploads\/2019\/03\/villasgiuseppelivinallongo-768x513.jpg 768w, https:\/\/www.radiopiu.net\/wordpress\/wp-content\/uploads\/2019\/03\/villasgiuseppelivinallongo-1024x684.jpg 1024w, https:\/\/www.radiopiu.net\/wordpress\/wp-content\/uploads\/2019\/03\/villasgiuseppelivinallongo.jpg 1600w\" sizes=\"auto, (max-width: 300px) 100vw, 300px\" \/><\/a>VENEZIA<\/strong> Manuela Lanzarin, assessore alla sanit\u00e0 del Veneto, \u00e8 intervenuta al termine della conferenza stampa di Luca Zaia. Ecco le linee di indirizzo per le strutture ospedaliere, case di riposo ma anche centri diurni e altre strutture. Questa linee sono state mandate ai direttori generali dando mandato di inviarlo alle strutture. Le linee ripercorrono la strada fatta fino ad oggi soffermandosi sui nuovi accessi, nuovi ospiti che prima non entravano per gli accessi bloccati nei momenti di peggiore criticit\u00e0. Il nuovo accesso avviene con le consuete procedure. Viene fatta un\u2019indagine sul paziente circa gli ultimi 14 giorni, dopo il tampone entra in una struttura protetta, isolata, dopo 14 giorni secondo tampone e quindi entra in maniera normale in tutta la struttura. Ci sar\u00e0 un cordone di sicurezza, questo nella prima fase. <em>&#8220;Poi vediamo in seguito se ci potr\u00e0 fare un allentamento. Oggi apriamo in questo modo cosi\u2019 anche per le altre categorie, ma anche per i centri diurni. Anche in questo caso prima il tampone e poi si entra. Dopo i 14 giorni si torna alla normalit\u00e0 con lo screening a rotazione ogni 20 giorni il tampone e ogni 10 il test sierologico. Anche i fornitori dovranno attenersi alle regole con relative protezione&#8221;<\/em>. <strong>VISITATORI<\/strong><em> &#8220;Chiediamo di limitare l\u2019accesso ed essere cauti, ci rivolgiamo a chi gestisce le strutture per chi vuole entrare ci sar\u00e0 una valutazione con solite norme: misurazione della\u00a0 febbre, questionario ultimi 14 giorni, norme comportamentali&#8221;i.<\/em> Necessario il registro da tenere 14 giorni come per la ristorazione per risalire ad eventuali contatti. Ingressi scaglionati e limitati comunque su prenotazione. Incontri se possibile all\u2019aperto oppure individuare locali idonei separati. Due modalit\u00e0 con plexiglass, vetro, oppure visiera e mascherina ffp2 senza filtro.<em> &#8220;Forniremo ad ogni struttura test rapidi per fare il test rapido con il prelievo del sangue dal dito&#8221;.<\/em> E\u2019 prevista una serie di formazione per ospiti ed operatori. E\u2019 partita la formazione on line con la fondazione sanit\u00e0 pubblica, invitate tutte le 399 strutture e sono iniziati i corsi on line circa le misure di igiene, del virus. Il corso iniziato il 18 maggio si sviluppa fino al 22 settembre.<\/p>\n<p><strong>L&#8217;INTERVENTO DI MANUELA LANZARIN IN CONFERENZA STAMPA<\/strong><\/p>\n<audio class=\"wp-audio-shortcode\" id=\"audio-140497-3\" preload=\"none\" style=\"width: 100%;\" controls=\"controls\"><source type=\"audio\/mpeg\" src=\"https:\/\/www.radiopiu.net\/wordpress\/wp-content\/uploads\/2020\/05\/LANZARIN.mp3?_=3\" \/><a href=\"https:\/\/www.radiopiu.net\/wordpress\/wp-content\/uploads\/2020\/05\/LANZARIN.mp3\">https:\/\/www.radiopiu.net\/wordpress\/wp-content\/uploads\/2020\/05\/LANZARIN.mp3<\/a><\/audio>\n<p>&nbsp;<\/p>\n<p>&nbsp;<\/p>\n<hr \/>\n<p>&nbsp;<\/p>\n<p>&nbsp;<\/p>\n<blockquote>\n<h2>\u00a0LE LINEE GUIDA PER LE STRUTTURE RESIDENZIALI EXTRAOSPEDALIERE<\/h2>\n<\/blockquote>\n<p><strong>VENEZIA<\/strong> Come annunciato in conferenza stampa, sono state distribuite le linee guida per le strutture residenziali extraospedaliere<\/p>\n<p><strong>IL DOCUMENTO<\/strong><\/p>\n<a href=\"https:\/\/www.radiopiu.net\/wordpress\/wp-content\/uploads\/2020\/05\/prot.-77101-Regione-del-Veneto-Nuovo-Coronavirus.pdf\" class=\"pdfemb-viewer\" style=\"\" data-width=\"max\" data-height=\"max\" data-toolbar=\"top\" data-toolbar-fixed=\"on\">prot. 77101 Regione del Veneto Nuovo Coronavirus<\/a>\n<p>&nbsp;<\/p>\n<p>&nbsp;<\/p>\n<hr \/>\n<p>&nbsp;<\/p>\n<p>&nbsp;<\/p>\n<h2>RIPRESI I LAVORI PER LA COSTRUZIONE DEL VASCONE A SERVIZIO DELL&#8217;ACQUEDOTTO DI ROCCA PIETORE, UNA PARTITA DA 500 MILA EURO DI FONDI STATALI GESTITI DAL COMMISSARIO LUCA ZAIA.<\/h2>\n<p>di Mirko Mezzacasa<\/p>\n<blockquote><p><em>Passata l&#8217;emergenza covid19\u00a0 sono ripresi i lavori per la costruzione del nuovo acquedotto per Sottoguda e Rocca Pietore. Al comando della squadra l&#8217;ingegner Dalvit di Gsp, su progetto e direzione lavori dell&#8217; ingegner Olivier. Sul posto\u00a0 l&#8221;impresa vincitrice dell&#8217;appalto,\u00a0 la Dolomiti Strade dell&#8217;Alpago.<\/em><\/p><\/blockquote>\n<p><a class=\"dt-pswp-item\" href=\"https:\/\/www.radiopiu.net\/wordpress\/wp-content\/uploads\/2020\/05\/e13bb241-0d81-46d9-99f0-936d33241765.jpg\" data-dt-img-description=\"\" data-large_image_width=\"1200\" data-large_image_height=\"1599\"><img loading=\"lazy\" decoding=\"async\" class=\" wp-image-140731 alignleft\" src=\"https:\/\/www.radiopiu.net\/wordpress\/wp-content\/uploads\/2020\/05\/e13bb241-0d81-46d9-99f0-936d33241765-225x300.jpg\" alt=\"\" width=\"177\" height=\"235\" srcset=\"https:\/\/www.radiopiu.net\/wordpress\/wp-content\/uploads\/2020\/05\/e13bb241-0d81-46d9-99f0-936d33241765-225x300.jpg 225w, https:\/\/www.radiopiu.net\/wordpress\/wp-content\/uploads\/2020\/05\/e13bb241-0d81-46d9-99f0-936d33241765-768x1023.jpg 768w, https:\/\/www.radiopiu.net\/wordpress\/wp-content\/uploads\/2020\/05\/e13bb241-0d81-46d9-99f0-936d33241765-1153x1536.jpg 1153w, https:\/\/www.radiopiu.net\/wordpress\/wp-content\/uploads\/2020\/05\/e13bb241-0d81-46d9-99f0-936d33241765.jpg 1200w\" sizes=\"auto, (max-width: 177px) 100vw, 177px\" \/><\/a>Nei giorni di Vaia un&#8217;intera valle rimase senz&#8217;acqua, erano i giorni in cui il sindaco ipotizz\u00f2 l&#8217;evacuazione degli abitanti, erano i giorni in cui squadre di operai di Gsp\u00a0 ingaggiarono una lotta contro il tempo per ripristinare le condotte strappate dalla furia dell&#8217;acqua nei Serrai di Sottoguda. In 23 giorni, sei diverse imprese lavorarono pancia a terra,\u00a0 al progetto che in tempi record fu predisposto dai tecnici di Gsp. Sar\u00e0 ricordata come\u00a0 la grande impresa a dimostrazione che senza burocrazia la parola &#8220;velocit\u00e0&#8221; compete anche a questo Paese. In poco pi\u00f9 di 20 giorni furono posate 2,5\u00a0 chilometri di tubazioni in ghisa, sotterrate lungo la strada alta che da Sottoguda porta a Malga Ciapela, passando i due ponti sui Serrai, uno dei quali alto 110 metri dove sono stati ancorati i tubi. Lavori imponenti dai 1200 metri di Sottoguda\u00a0 ai 1500 di Malga Ciapela e non era estate ma la fine della stagione autunnale, alle porte dell&#8217;inverno con 6 gradi sotto lo zero, pioggia battente e neve ghiacciata.\u00a0 Nelle interviste sui principali mezzi di informazione il sindaco Andrea\u00a0 De Berandin defin\u00ec l&#8217;opera record Europeo di costruzione di acquedotti, convinto che nessuno abbia mai saputo fare meglio di cos\u00ec. A quel nuovo acquedotto che funzion\u00f2 sempre peraltro bene, mancava per\u00f2 un vascone di accumulo di sicurezza che venne progettato gi\u00e0 a primavera 2019, di li a poco l&#8217;inizio dei lavori poi sospesi nell&#8217;inverno e infine bloccati per la questione Coronavirus.<\/p>\n<p>&nbsp;<\/p>\n<p><strong>CANTIERI NEL VUOTO<\/strong><\/p>\n<p><a class=\"dt-pswp-item\" href=\"https:\/\/www.radiopiu.net\/wordpress\/wp-content\/uploads\/2020\/05\/e52d4fcf-3686-4e8f-beee-efcc1361b31e.jpg\" data-dt-img-description=\"\" data-large_image_width=\"1599\" data-large_image_height=\"1200\"><img loading=\"lazy\" decoding=\"async\" class=\"alignnone wp-image-140735\" src=\"https:\/\/www.radiopiu.net\/wordpress\/wp-content\/uploads\/2020\/05\/e52d4fcf-3686-4e8f-beee-efcc1361b31e-300x225.jpg\" alt=\"\" width=\"235\" height=\"177\" srcset=\"https:\/\/www.radiopiu.net\/wordpress\/wp-content\/uploads\/2020\/05\/e52d4fcf-3686-4e8f-beee-efcc1361b31e-300x225.jpg 300w, https:\/\/www.radiopiu.net\/wordpress\/wp-content\/uploads\/2020\/05\/e52d4fcf-3686-4e8f-beee-efcc1361b31e-1024x768.jpg 1024w, https:\/\/www.radiopiu.net\/wordpress\/wp-content\/uploads\/2020\/05\/e52d4fcf-3686-4e8f-beee-efcc1361b31e-768x576.jpg 768w, https:\/\/www.radiopiu.net\/wordpress\/wp-content\/uploads\/2020\/05\/e52d4fcf-3686-4e8f-beee-efcc1361b31e-1536x1153.jpg 1536w, https:\/\/www.radiopiu.net\/wordpress\/wp-content\/uploads\/2020\/05\/e52d4fcf-3686-4e8f-beee-efcc1361b31e.jpg 1599w\" sizes=\"auto, (max-width: 235px) 100vw, 235px\" \/><\/a><a class=\"dt-pswp-item\" href=\"https:\/\/www.radiopiu.net\/wordpress\/wp-content\/uploads\/2020\/05\/f9c83df4-edf0-4841-b2cf-bd34aed6bc4e.jpg\" data-dt-img-description=\"\" data-large_image_width=\"1200\" data-large_image_height=\"1599\"><img loading=\"lazy\" decoding=\"async\" class=\"alignnone wp-image-140733\" src=\"https:\/\/www.radiopiu.net\/wordpress\/wp-content\/uploads\/2020\/05\/f9c83df4-edf0-4841-b2cf-bd34aed6bc4e-225x300.jpg\" alt=\"\" width=\"132\" height=\"175\" srcset=\"https:\/\/www.radiopiu.net\/wordpress\/wp-content\/uploads\/2020\/05\/f9c83df4-edf0-4841-b2cf-bd34aed6bc4e-225x300.jpg 225w, https:\/\/www.radiopiu.net\/wordpress\/wp-content\/uploads\/2020\/05\/f9c83df4-edf0-4841-b2cf-bd34aed6bc4e-768x1023.jpg 768w, https:\/\/www.radiopiu.net\/wordpress\/wp-content\/uploads\/2020\/05\/f9c83df4-edf0-4841-b2cf-bd34aed6bc4e-1153x1536.jpg 1153w, https:\/\/www.radiopiu.net\/wordpress\/wp-content\/uploads\/2020\/05\/f9c83df4-edf0-4841-b2cf-bd34aed6bc4e.jpg 1200w\" sizes=\"auto, (max-width: 132px) 100vw, 132px\" \/><\/a><a class=\"dt-pswp-item\" href=\"https:\/\/www.radiopiu.net\/wordpress\/wp-content\/uploads\/2020\/05\/848d889b-b8e3-4e6c-a02d-74bc5ca147b8.jpg\" data-dt-img-description=\"\" data-large_image_width=\"1599\" data-large_image_height=\"1200\"><img loading=\"lazy\" decoding=\"async\" class=\"alignnone wp-image-140732\" src=\"https:\/\/www.radiopiu.net\/wordpress\/wp-content\/uploads\/2020\/05\/848d889b-b8e3-4e6c-a02d-74bc5ca147b8-300x225.jpg\" alt=\"\" width=\"234\" height=\"176\" srcset=\"https:\/\/www.radiopiu.net\/wordpress\/wp-content\/uploads\/2020\/05\/848d889b-b8e3-4e6c-a02d-74bc5ca147b8-300x225.jpg 300w, https:\/\/www.radiopiu.net\/wordpress\/wp-content\/uploads\/2020\/05\/848d889b-b8e3-4e6c-a02d-74bc5ca147b8-1024x768.jpg 1024w, https:\/\/www.radiopiu.net\/wordpress\/wp-content\/uploads\/2020\/05\/848d889b-b8e3-4e6c-a02d-74bc5ca147b8-768x576.jpg 768w, https:\/\/www.radiopiu.net\/wordpress\/wp-content\/uploads\/2020\/05\/848d889b-b8e3-4e6c-a02d-74bc5ca147b8-1536x1153.jpg 1536w, https:\/\/www.radiopiu.net\/wordpress\/wp-content\/uploads\/2020\/05\/848d889b-b8e3-4e6c-a02d-74bc5ca147b8.jpg 1599w\" sizes=\"auto, (max-width: 234px) 100vw, 234px\" \/><\/a><\/p>\n<p>&nbsp;<\/p>\n<p><span style=\"color: #ff0000;\"><strong>AI MICROFONI DI RADIO PIU&#8217; IL SINDACO, ANDREA DE BERNARDIN<\/strong><\/span><\/p>\n<audio class=\"wp-audio-shortcode\" id=\"audio-140497-4\" preload=\"none\" style=\"width: 100%;\" controls=\"controls\"><source type=\"audio\/mpeg\" src=\"https:\/\/www.radiopiu.net\/wordpress\/wp-content\/uploads\/2020\/05\/andrea.mp3?_=4\" \/><a href=\"https:\/\/www.radiopiu.net\/wordpress\/wp-content\/uploads\/2020\/05\/andrea.mp3\">https:\/\/www.radiopiu.net\/wordpress\/wp-content\/uploads\/2020\/05\/andrea.mp3<\/a><\/audio>\n<p>&nbsp;<\/p>\n<p><strong>IERI AL SERBATOIO DI ACCUMULO<\/strong><\/p>\n<p><a class=\"dt-pswp-item\" href=\"https:\/\/www.radiopiu.net\/wordpress\/wp-content\/uploads\/2020\/05\/e1010949-9c9c-4484-94a3-1c29ac5e31b3.jpg\" data-dt-img-description=\"\" data-large_image_width=\"1200\" data-large_image_height=\"1599\"><img loading=\"lazy\" decoding=\"async\" class=\"alignnone wp-image-140734\" src=\"https:\/\/www.radiopiu.net\/wordpress\/wp-content\/uploads\/2020\/05\/e1010949-9c9c-4484-94a3-1c29ac5e31b3-225x300.jpg\" alt=\"\" width=\"147\" height=\"195\" srcset=\"https:\/\/www.radiopiu.net\/wordpress\/wp-content\/uploads\/2020\/05\/e1010949-9c9c-4484-94a3-1c29ac5e31b3-225x300.jpg 225w, https:\/\/www.radiopiu.net\/wordpress\/wp-content\/uploads\/2020\/05\/e1010949-9c9c-4484-94a3-1c29ac5e31b3-768x1023.jpg 768w, https:\/\/www.radiopiu.net\/wordpress\/wp-content\/uploads\/2020\/05\/e1010949-9c9c-4484-94a3-1c29ac5e31b3-1153x1536.jpg 1153w, https:\/\/www.radiopiu.net\/wordpress\/wp-content\/uploads\/2020\/05\/e1010949-9c9c-4484-94a3-1c29ac5e31b3.jpg 1200w\" sizes=\"auto, (max-width: 147px) 100vw, 147px\" \/><\/a><a class=\"dt-pswp-item\" href=\"https:\/\/www.radiopiu.net\/wordpress\/wp-content\/uploads\/2020\/05\/48872ee3-58b9-4790-b21d-44e245b5982a.jpg\" data-dt-img-description=\"\" data-large_image_width=\"1599\" data-large_image_height=\"1200\"><img loading=\"lazy\" decoding=\"async\" class=\"alignnone wp-image-140729\" src=\"https:\/\/www.radiopiu.net\/wordpress\/wp-content\/uploads\/2020\/05\/48872ee3-58b9-4790-b21d-44e245b5982a-300x225.jpg\" alt=\"\" width=\"262\" height=\"197\" srcset=\"https:\/\/www.radiopiu.net\/wordpress\/wp-content\/uploads\/2020\/05\/48872ee3-58b9-4790-b21d-44e245b5982a-300x225.jpg 300w, https:\/\/www.radiopiu.net\/wordpress\/wp-content\/uploads\/2020\/05\/48872ee3-58b9-4790-b21d-44e245b5982a-1024x768.jpg 1024w, https:\/\/www.radiopiu.net\/wordpress\/wp-content\/uploads\/2020\/05\/48872ee3-58b9-4790-b21d-44e245b5982a-768x576.jpg 768w, https:\/\/www.radiopiu.net\/wordpress\/wp-content\/uploads\/2020\/05\/48872ee3-58b9-4790-b21d-44e245b5982a-1536x1153.jpg 1536w, https:\/\/www.radiopiu.net\/wordpress\/wp-content\/uploads\/2020\/05\/48872ee3-58b9-4790-b21d-44e245b5982a.jpg 1599w\" sizes=\"auto, (max-width: 262px) 100vw, 262px\" \/><\/a><a class=\"dt-pswp-item\" href=\"https:\/\/www.radiopiu.net\/wordpress\/wp-content\/uploads\/2020\/05\/77ea2546-4f35-420b-a8e8-7e698a2f2fdc.jpg\" data-dt-img-description=\"\" data-large_image_width=\"1599\" data-large_image_height=\"1200\"><img loading=\"lazy\" decoding=\"async\" class=\"alignnone wp-image-140728\" src=\"https:\/\/www.radiopiu.net\/wordpress\/wp-content\/uploads\/2020\/05\/77ea2546-4f35-420b-a8e8-7e698a2f2fdc-300x225.jpg\" alt=\"\" width=\"264\" height=\"197\" srcset=\"https:\/\/www.radiopiu.net\/wordpress\/wp-content\/uploads\/2020\/05\/77ea2546-4f35-420b-a8e8-7e698a2f2fdc-300x225.jpg 300w, https:\/\/www.radiopiu.net\/wordpress\/wp-content\/uploads\/2020\/05\/77ea2546-4f35-420b-a8e8-7e698a2f2fdc-1024x768.jpg 1024w, https:\/\/www.radiopiu.net\/wordpress\/wp-content\/uploads\/2020\/05\/77ea2546-4f35-420b-a8e8-7e698a2f2fdc-768x576.jpg 768w, https:\/\/www.radiopiu.net\/wordpress\/wp-content\/uploads\/2020\/05\/77ea2546-4f35-420b-a8e8-7e698a2f2fdc-1536x1153.jpg 1536w, https:\/\/www.radiopiu.net\/wordpress\/wp-content\/uploads\/2020\/05\/77ea2546-4f35-420b-a8e8-7e698a2f2fdc.jpg 1599w\" sizes=\"auto, (max-width: 264px) 100vw, 264px\" \/><\/a><\/p>\n<p>&nbsp;<\/p>\n<p>&nbsp;<\/p>\n<hr \/>\n<p>&nbsp;<\/p>\n<p>&nbsp;<\/p>\n<div class=\"page-title-head hgroup\">\n<blockquote>\n<h2 class=\"entry-title\">RIAPERTURA DELLE CASE DI RIPOSO E STRUTTURE EXTRAOSPEDALIERE, PER BOND SCELTA SENSATA<\/h2>\n<\/blockquote>\n<\/div>\n<div class=\"page-title-breadcrumbs\">\n<blockquote><p><em>FASE 2 SIA RIPORTARE ALLA NORMALITA\u2019 ANCHE L\u2019AFFETTIVITA\u2019 DELLE PERSONE<\/em><\/p><\/blockquote>\n<p><a class=\"dt-pswp-item\" href=\"https:\/\/www.radiopiu.net\/wordpress\/wp-content\/uploads\/2020\/05\/Dario-Bond.jpg\" data-dt-img-description=\"\" data-large_image_width=\"165\" data-large_image_height=\"228\"><img loading=\"lazy\" decoding=\"async\" class=\"wp-image-138833 alignleft\" src=\"https:\/\/www.radiopiu.net\/wordpress\/wp-content\/uploads\/2020\/05\/Dario-Bond.jpg\" alt=\"\" width=\"100\" height=\"138\" \/><\/a>\u201cE\u2019 dall\u20198 marzo che i familiari aspettano di rivedere i propri cari ospitato dalle Rsa. Finalmente dal 1 giugno sar\u00e0 possibile riprendere le visite, una scelta sensata che molti attendevano\u201d dichiara il deputato veneto di Forza Italia, Dario Bond.<\/p>\n<p>&nbsp;<\/p>\n<p><strong>AUDIO ALLA RADIO\u00a0<\/strong><\/p>\n<\/div>\n<p>&nbsp;<\/p>\n<audio class=\"wp-audio-shortcode\" id=\"audio-140497-5\" preload=\"none\" style=\"width: 100%;\" controls=\"controls\"><source type=\"audio\/mpeg\" src=\"https:\/\/www.radiopiu.net\/wordpress\/wp-content\/uploads\/2020\/05\/BOND-1.mp3?_=5\" \/><a href=\"https:\/\/www.radiopiu.net\/wordpress\/wp-content\/uploads\/2020\/05\/BOND-1.mp3\">https:\/\/www.radiopiu.net\/wordpress\/wp-content\/uploads\/2020\/05\/BOND-1.mp3<\/a><\/audio>\n<p>&nbsp;<\/p>\n<p>&nbsp;<\/p>\n<div class=\"page-title-breadcrumbs\">\n<hr \/>\n<\/div>\n<p>&nbsp;<\/p>\n<p>&nbsp;<\/p>\n<p>&nbsp;<\/p>\n<p>&nbsp;<\/p>\n<p>&nbsp;<\/p>\n<h2>IL CONSIGLIO COMUNALE DI FALCADE<\/h2>\n<p><a class=\"dt-pswp-item\" href=\"https:\/\/www.radiopiu.net\/wordpress\/wp-content\/uploads\/2015\/09\/Falcade_018.jpg\" data-dt-img-description=\"\" data-large_image_width=\"2560\" data-large_image_height=\"1920\"><img loading=\"lazy\" decoding=\"async\" class=\"size-medium wp-image-11344 alignleft\" src=\"https:\/\/www.radiopiu.net\/wordpress\/wp-content\/uploads\/2015\/09\/Falcade_018-300x225.jpg\" alt=\"\" width=\"300\" height=\"225\" \/><\/a>di Gianni Santomaso<\/p>\n<audio class=\"wp-audio-shortcode\" id=\"audio-140497-6\" preload=\"none\" style=\"width: 100%;\" controls=\"controls\"><source type=\"audio\/mpeg\" src=\"https:\/\/www.radiopiu.net\/wordpress\/wp-content\/uploads\/2020\/05\/GIANNI-CONSIGLIO-COMUNALE-FALCADE.mp3?_=6\" \/><a href=\"https:\/\/www.radiopiu.net\/wordpress\/wp-content\/uploads\/2020\/05\/GIANNI-CONSIGLIO-COMUNALE-FALCADE.mp3\">https:\/\/www.radiopiu.net\/wordpress\/wp-content\/uploads\/2020\/05\/GIANNI-CONSIGLIO-COMUNALE-FALCADE.mp3<\/a><\/audio>\n<p>&nbsp;<\/p>\n<h2>LA DIRETTA ALLA RADIO<\/h2>\n<p>https:\/\/www.facebook.com\/mirko.mezzacasa\/videos\/10223375791089837\/<\/p>\n<p>&nbsp;<\/p>\n<hr \/>\n<p>&nbsp;<\/p>\n<p>&nbsp;<\/p>\n<h2><span style=\"color: #993366;\"><a class=\"dt-pswp-item\" href=\"https:\/\/www.radiopiu.net\/wordpress\/wp-content\/uploads\/2020\/03\/MINUTO-SILENZIO-COLCERNIAN-CANALE.jpg\" data-dt-img-description=\"\" data-large_image_width=\"768\" data-large_image_height=\"1024\"><img loading=\"lazy\" decoding=\"async\" class=\"wp-image-126438 alignleft\" src=\"https:\/\/www.radiopiu.net\/wordpress\/wp-content\/uploads\/2020\/03\/MINUTO-SILENZIO-COLCERNIAN-CANALE-225x300.jpg\" alt=\"\" width=\"144\" height=\"192\" srcset=\"https:\/\/www.radiopiu.net\/wordpress\/wp-content\/uploads\/2020\/03\/MINUTO-SILENZIO-COLCERNIAN-CANALE-225x300.jpg 225w, https:\/\/www.radiopiu.net\/wordpress\/wp-content\/uploads\/2020\/03\/MINUTO-SILENZIO-COLCERNIAN-CANALE.jpg 768w\" sizes=\"auto, (max-width: 144px) 100vw, 144px\" \/><\/a><\/span><\/h2>\n<h2><\/h2>\n<h2><\/h2>\n<h2><span style=\"color: #993366;\">IL CONSIGLIO COMUNALE DI CANALE D&#8217;AGORDO<\/span><\/h2>\n<p><span style=\"color: #ff0000;\">IN DIRETTA ALLA RADIO<\/span><\/p>\n<audio class=\"wp-audio-shortcode\" id=\"audio-140497-7\" preload=\"none\" style=\"width: 100%;\" controls=\"controls\"><source type=\"audio\/mpeg\" src=\"https:\/\/www.radiopiu.net\/wordpress\/wp-content\/uploads\/2020\/05\/consiglio-comunale-canale-dagordo.mp3?_=7\" \/><a href=\"https:\/\/www.radiopiu.net\/wordpress\/wp-content\/uploads\/2020\/05\/consiglio-comunale-canale-dagordo.mp3\">https:\/\/www.radiopiu.net\/wordpress\/wp-content\/uploads\/2020\/05\/consiglio-comunale-canale-dagordo.mp3<\/a><\/audio>\n<p>&nbsp;<\/p>\n<p>&nbsp;<\/p>\n<hr \/>\n<p>&nbsp;<\/p>\n<blockquote>\n<h2>&#8220;DE COCCIO&#8221;: LA SETTIMANA INIZIA CON 2 SANZIONI<\/h2>\n<\/blockquote>\n<p><strong>BELLUNO<\/strong> Continuano i controlli delle Forze dell&#8217;Ordine per il contenimento del virus Covid-19. Nella prima giornata della settimana sono state controllate 630 persone e 2 sono le sanzioni inflitte. Si continua a monitorare anche le attivit\u00e0 commerciali. 477 nella sola giornata di luned\u00ec, nessuna sanzione o chiusura a riguardo.<\/p>\n<p><a class=\"dt-pswp-item\" href=\"https:\/\/www.radiopiu.net\/wordpress\/wp-content\/uploads\/2020\/05\/MONITORAGGIO_GIORNALIERO_DEI_SERVIZI_DI_CONTROLLO_DEL_26.05.2020.jpg\" data-dt-img-description=\"\" data-large_image_width=\"1240\" data-large_image_height=\"1754\"><img loading=\"lazy\" decoding=\"async\" class=\"alignnone wp-image-140513 \" src=\"https:\/\/www.radiopiu.net\/wordpress\/wp-content\/uploads\/2020\/05\/MONITORAGGIO_GIORNALIERO_DEI_SERVIZI_DI_CONTROLLO_DEL_26.05.2020-724x1024.jpg\" alt=\"\" width=\"283\" height=\"400\" srcset=\"https:\/\/www.radiopiu.net\/wordpress\/wp-content\/uploads\/2020\/05\/MONITORAGGIO_GIORNALIERO_DEI_SERVIZI_DI_CONTROLLO_DEL_26.05.2020-724x1024.jpg 724w, https:\/\/www.radiopiu.net\/wordpress\/wp-content\/uploads\/2020\/05\/MONITORAGGIO_GIORNALIERO_DEI_SERVIZI_DI_CONTROLLO_DEL_26.05.2020-212x300.jpg 212w, https:\/\/www.radiopiu.net\/wordpress\/wp-content\/uploads\/2020\/05\/MONITORAGGIO_GIORNALIERO_DEI_SERVIZI_DI_CONTROLLO_DEL_26.05.2020-768x1086.jpg 768w, https:\/\/www.radiopiu.net\/wordpress\/wp-content\/uploads\/2020\/05\/MONITORAGGIO_GIORNALIERO_DEI_SERVIZI_DI_CONTROLLO_DEL_26.05.2020-1086x1536.jpg 1086w, https:\/\/www.radiopiu.net\/wordpress\/wp-content\/uploads\/2020\/05\/MONITORAGGIO_GIORNALIERO_DEI_SERVIZI_DI_CONTROLLO_DEL_26.05.2020.jpg 1240w\" sizes=\"auto, (max-width: 283px) 100vw, 283px\" \/><\/a><\/p>\n<p>&nbsp;<\/p>\n<hr \/>\n<p>&nbsp;<\/p>\n<blockquote>\n<h2><\/h2>\n<h2>BELLUNO, PROVINCIA RESPONSABILE, MA NEL PROSSIMO FINE SETTIMANA SARANNO INTENSIFICATI I CONTROLLI<\/h2>\n<\/blockquote>\n<p><strong><img loading=\"lazy\" decoding=\"async\" class=\"alignleft\" src=\"https:\/\/www.radiopiu.net\/wordpress\/wp-content\/uploads\/2019\/09\/belluno-prefe-4.jpg\" width=\"207\" height=\"139\" \/>BELLUNO<\/strong> Il Prefetto, Adriana Cogode ha presieduto in video\u00a0 conferenza un importante incontro con il sindaco di Belluno,\u00a0 il\u00a0 Questore e i Comandanti\u00a0 dei Carabinieri,\u00a0 Guardia di Finanza e Polizia Stradale. Tema del summit \u00a0un primo bilancio delle attivit\u00e0 di controllo svolte dalle Forze di Polizia\u00a0 durante l\u2019ultima settimana, caratterizzata dalla riapertura delle attivit\u00e0 commerciali.\u00a0 Non sono emerse criticit\u00e0 di rilievo. Infatti, a fronte di numerosi controlli effettuati su persone, sono state accertate 15 violazioni, di cui 6 rilevate nel corso del fine settimana. Nei prossimi giorni, ed in particolare nel weekend che condurr\u00e0 alla festa del 2 giugno, proseguiranno i servizi dedicati delle Forze dell\u2019Ordine, nella consueta ottica preventiva e di responsabilizzazione della comunit\u00e0 sull\u2019importanza di tenere comportamenti corretti, evitando assembramenti e mantenendo il distanziamento sociale. Una particolare attenzione sar\u00e0 dedicata alla sicurezza stradale, considerato l\u2019aumento del traffico veicolare che si \u00e8 registrato in provincia. Quindi intensificazione dei controlli nel settore del trasporto, ma anche il rispetto delle norme del codice della strada. Particolare attenzione sar\u00e0 prestata lungo le arterie provinciali dove maggiormente si registra il fenomeno, come la SP 251 e la SR 203, e confinanti con altri territori regionali<\/p>\n<blockquote><p>\u201c<em>La ritrovata possibilit\u00e0 di frequentare le nostre strade particolarmente attrattive a scopi turistici per alcune categorie di utenti, come i motociclisti, <\/em>\u2013 ha evidenziato il Prefetto \u2013<em> non pu\u00f2 distogliere l\u2019attenzione dall\u2019esigenza di essere estremamente prudenti e rispettosi del Codice della Strada, specie in un momento in cui si registra anche un maggior rischio di incidenti legato alla presenza di fauna selvatica in orari inusuali<\/em>\u201d.<\/p><\/blockquote>\n<p>&nbsp;<\/p>\n<p>&nbsp;<\/p>\n<hr \/>\n<p>&nbsp;<\/p>\n<p>&nbsp;<\/p>\n<blockquote>\n<h2>COMMERCIO. GIUNTA DELIBERA POSTICIPO AVVIO DEI SALDI AL 1 AGOSTO CON POSSIBILITA\u2019 DI VENDITE STRAORDINARIE DAL 1 LUGLIO<\/h2>\n<\/blockquote>\n<p><strong><a class=\"dt-pswp-item\" href=\"https:\/\/www.radiopiu.net\/wordpress\/wp-content\/uploads\/2020\/04\/ROBERTO-MARCATO.jpg\" data-dt-img-description=\"\" data-large_image_width=\"960\" data-large_image_height=\"960\"><img loading=\"lazy\" decoding=\"async\" class=\"size-medium wp-image-128165 alignleft\" src=\"https:\/\/www.radiopiu.net\/wordpress\/wp-content\/uploads\/2020\/04\/ROBERTO-MARCATO-300x300.jpg\" alt=\"\" width=\"300\" height=\"300\" srcset=\"https:\/\/www.radiopiu.net\/wordpress\/wp-content\/uploads\/2020\/04\/ROBERTO-MARCATO-300x300.jpg 300w, https:\/\/www.radiopiu.net\/wordpress\/wp-content\/uploads\/2020\/04\/ROBERTO-MARCATO-150x150.jpg 150w, https:\/\/www.radiopiu.net\/wordpress\/wp-content\/uploads\/2020\/04\/ROBERTO-MARCATO-768x768.jpg 768w, https:\/\/www.radiopiu.net\/wordpress\/wp-content\/uploads\/2020\/04\/ROBERTO-MARCATO.jpg 960w\" sizes=\"auto, (max-width: 300px) 100vw, 300px\" \/><\/a>VENEZIA\u00a0<\/strong>La giunta regionale ha deliberato di posticipare l\u2019avvio dei saldi al 1 agosto 2020, consentendo al tempo stesso, in via straordinaria e in deroga alla normativa regionale, lo svolgimento delle vendite promozionali nei trenta giorni antecedenti alle vendite di fine stagione. \u201c<em>Abbiamo deciso, in accordo con le associazioni di categoria, di dare un sostegno concreto alla ripresa del commercio \u2013 commenta l\u2019assessore regionale allo sviluppo economico ed energia Roberto Marcato \u2013 se i saldi inizieranno un mese dopo rispetto al solito, abbiamo offerto la possibilit\u00e0 di effettuare vendite promozionali a partire dall\u2019inizio di luglio<\/em>\u201d.\u00a0\u201c<em>La ripresa del commercio \u00e8 essenziale soprattutto in questo momento \u2013 sottolinea Marcato \u2013 la Regione sostiene e sosterr\u00e0 con ogni mezzo le attivit\u00e0, fornendo tutti gli strumenti per fare in modo che i negozi riaprano e la gente torni ad acquistare. Se rinasce il commercio rinasce la socialit\u00e0 e rifioriscono i nostri centri urbani, dove la gente deve tornare in piena sicurezza<\/em>\u201d.<span class=\"Apple-converted-space\">\u00a0<\/span>La delibera approvata recepisce nell\u2019ordinamento regionale la decisione della Conferenza delle Regioni e delle Province autonome del 7 maggio scorso in merito al differimento della data di inizio delle prossime vendite di fine stagione estiva dal primo sabato di luglio, come attualmente previsto dalla vigente disciplina regionale in materia, al primo agosto. L\u2019assessore Marcato aveva chiesto in sede di Commissione Attivit\u00e0 Produttive di inserire la proposta che, nell\u2019occasione, era stata condivisa all\u2019unanimit\u00e0 dai rappresentanti delle altre regioni.<span class=\"Apple-converted-space\">\u00a0<\/span>La Regione ha, poi, voluto aggiungere un\u2019ulteriore misura finalizzata a sostenere il rilancio delle commerciali in difficolt\u00e0, che si allinea con analoghi interventi delle Regioni confinanti e accoglie le proposte delle organizzazioni delle imprese del commercio, concedendo, in deroga alla vigente normativa regionale e per la sola stagione 2020, di consentire lo svolgimento delle vendite promozionali nei trenta giorni antecedenti alle vendite di fine stagione.<\/p>\n<p>&nbsp;<\/p>\n<p>&nbsp;<\/p>\n<p>&nbsp;<\/p>\n<hr \/>\n<p>&nbsp;<\/p>\n<h2><\/h2>\n<blockquote>\n<h2>CORONAVIRUS. LANZARIN, \u201cOK ACCORDO PER RICONOSCIMENTO AI MEDICI. 20,6 MILIONI A DISPOSIZIONE.\u201d<\/h2>\n<\/blockquote>\n<p><strong><a class=\"dt-pswp-item\" href=\"https:\/\/www.radiopiu.net\/wordpress\/wp-content\/uploads\/2020\/04\/MANUELA-LANZARIN.jpg\" data-dt-img-description=\"\" data-large_image_width=\"639\" data-large_image_height=\"480\"><img loading=\"lazy\" decoding=\"async\" class=\"size-medium wp-image-133951 alignleft\" src=\"https:\/\/www.radiopiu.net\/wordpress\/wp-content\/uploads\/2020\/04\/MANUELA-LANZARIN-300x225.jpg\" alt=\"\" width=\"300\" height=\"225\" srcset=\"https:\/\/www.radiopiu.net\/wordpress\/wp-content\/uploads\/2020\/04\/MANUELA-LANZARIN-300x225.jpg 300w, https:\/\/www.radiopiu.net\/wordpress\/wp-content\/uploads\/2020\/04\/MANUELA-LANZARIN.jpg 639w\" sizes=\"auto, (max-width: 300px) 100vw, 300px\" \/><\/a>VENEZIA\u00a0<\/strong>Ammonta a 20 milioni 690 mila euro la somma totale messa a disposizione dalla Regione Veneto per i medici del Servizio Sanitario Regionale per finanziare il riconoscimento degli straordinari sforzi compiti nella cura dei malati di Covid-19.\u00a0L\u2019accordo in questo senso \u00e8 stato raggiunto ieri pomeriggio tra l\u2019Assessore alla Sanit\u00e0, Manuela Lanzarin, e i sindacati della dirigenza medica.\u00a0Le parti stanno ora affinando la parte riguardante la tecnicalit\u00e0 del riparto di tale somma, che dovrebbe essere definita entro la settimana.\u00a0\u201c<em>Mai come in questo caso, il raggiungimento di un accordo di tipo sindacale \u00e8 una bella notizia \u2013 ha commentato la Lanzarin \u2013 perch\u00e9 da parte nostra \u00e8 prima di tutto un ringraziamento, e quantificare un grazie \u00e8 cosa estremamente difficile. E\u2019 un grazie sul piano economico \u2013 aggiunge \u2013 che porta per\u00f2 con s\u00e9 importanti aspetti che riguardano la vita lavorativa di un medico, come il riconoscimento della remunerazione del disagio, delle prestazioni aggiuntive erogate, della premialit\u00e0 su progetti<\/em>\u201d.\u00a0In sede di accordo, la Regione ha assunto l\u2019impegno a presentare una proposta legislativa, investendone la Conferenza delle Regioni e il Comitato di Settore, per introdurre ordinariamente l\u2019indennit\u00e0 di rischio biologico, che sia incrementabile ed estensibile in caso di epidemia, pandemia e zoonosi.<\/p>\n<p>&nbsp;<\/p>\n<p>&nbsp;<\/p>\n<p>&nbsp;<\/p>\n<p>&nbsp;<\/p>\n<hr \/>\n<p>&nbsp;<\/p>\n<p>&nbsp;<\/p>\n<blockquote>\n<h2>UNIVERSIT\u00c0: DONAZZAN, \u201cBENE ATENEI VENETI SU AIUTI AGLI STUDENTI, DOBBIAMO INVESTIRE SU SAPERE E COMPETENZE\u201d<\/h2>\n<\/blockquote>\n<p><strong><a class=\"dt-pswp-item\" href=\"https:\/\/www.radiopiu.net\/wordpress\/wp-content\/uploads\/2020\/04\/DONAZZAN-1.jpg\" data-dt-img-description=\"\" data-large_image_width=\"2048\" data-large_image_height=\"2048\"><img loading=\"lazy\" decoding=\"async\" class=\"wp-image-133654 alignleft\" src=\"https:\/\/www.radiopiu.net\/wordpress\/wp-content\/uploads\/2020\/04\/DONAZZAN-1-300x300.jpg\" alt=\"\" width=\"132\" height=\"132\" srcset=\"https:\/\/www.radiopiu.net\/wordpress\/wp-content\/uploads\/2020\/04\/DONAZZAN-1-300x300.jpg 300w, https:\/\/www.radiopiu.net\/wordpress\/wp-content\/uploads\/2020\/04\/DONAZZAN-1-1024x1024.jpg 1024w, https:\/\/www.radiopiu.net\/wordpress\/wp-content\/uploads\/2020\/04\/DONAZZAN-1-150x150.jpg 150w, https:\/\/www.radiopiu.net\/wordpress\/wp-content\/uploads\/2020\/04\/DONAZZAN-1-768x768.jpg 768w, https:\/\/www.radiopiu.net\/wordpress\/wp-content\/uploads\/2020\/04\/DONAZZAN-1-1536x1536.jpg 1536w, https:\/\/www.radiopiu.net\/wordpress\/wp-content\/uploads\/2020\/04\/DONAZZAN-1.jpg 2048w\" sizes=\"auto, (max-width: 132px) 100vw, 132px\" \/><\/a>VENEZIA <\/strong>\u201cPlaudo e ringrazio l\u2019universit\u00e0 di Padova per la scelta di investire una somma cos\u00ec rilevante in contributi agli studenti, che aiuteranno le loro famiglie a fronteggiare le tante spese richieste dal percorso di formazione universitaria. La complessit\u00e0 degli interventi e la dote finanziaria messa in campo per il diritto allo studio, pari a quella che il B\u00f2 destina alla ricerca, d\u00e0 il segno di intelligenza politica e di lungimiranza\u201d.\u00a0Cos\u00ec l\u2019assessore regionale all\u2019istruzione, formazione e universit\u00e0 Elena Donazzan plaude agli interventi messi in campo dall\u2019ateneo di Padova a favore degli studenti per oltre 13 milioni di euro.<\/p>\n<p>&nbsp;<\/p>\n<p>&nbsp;<\/p>\n<p>&nbsp;<\/p>\n<p>&nbsp;<\/p>\n<hr \/>\n<p>&nbsp;<\/p>\n<p>&nbsp;<\/p>\n<h2>LE MOZIONI DEL CONSIGLIERE REGIONALE FRANCO GIDONI<\/h2>\n<p>audio, DAI NOTIZIARI DI RADIO PIU<\/p>\n<audio class=\"wp-audio-shortcode\" id=\"audio-140497-8\" preload=\"none\" style=\"width: 100%;\" controls=\"controls\"><source type=\"audio\/mpeg\" src=\"https:\/\/www.radiopiu.net\/wordpress\/wp-content\/uploads\/2020\/05\/gidoni.mp3?_=8\" \/><a href=\"https:\/\/www.radiopiu.net\/wordpress\/wp-content\/uploads\/2020\/05\/gidoni.mp3\">https:\/\/www.radiopiu.net\/wordpress\/wp-content\/uploads\/2020\/05\/gidoni.mp3<\/a><\/audio>\n<p>&nbsp;<\/p>\n<p><a class=\"dt-pswp-item\" href=\"https:\/\/www.radiopiu.net\/wordpress\/wp-content\/uploads\/2020\/05\/IMG_20200526_210457.png\" data-dt-img-description=\"\" data-large_image_width=\"521\" data-large_image_height=\"1081\"><img loading=\"lazy\" decoding=\"async\" class=\"alignnone wp-image-140723 size-full\" src=\"https:\/\/www.radiopiu.net\/wordpress\/wp-content\/uploads\/2020\/05\/IMG_20200526_210457.png\" alt=\"\" width=\"521\" height=\"1081\" srcset=\"https:\/\/www.radiopiu.net\/wordpress\/wp-content\/uploads\/2020\/05\/IMG_20200526_210457.png 521w, https:\/\/www.radiopiu.net\/wordpress\/wp-content\/uploads\/2020\/05\/IMG_20200526_210457-145x300.png 145w, https:\/\/www.radiopiu.net\/wordpress\/wp-content\/uploads\/2020\/05\/IMG_20200526_210457-494x1024.png 494w\" sizes=\"auto, (max-width: 521px) 100vw, 521px\" \/><\/a><a class=\"dt-pswp-item\" href=\"https:\/\/www.radiopiu.net\/wordpress\/wp-content\/uploads\/2020\/05\/IMG_20200526_210520.png\" data-dt-img-description=\"\" data-large_image_width=\"514\" data-large_image_height=\"1100\"><img loading=\"lazy\" decoding=\"async\" class=\"alignnone wp-image-140724 size-full\" src=\"https:\/\/www.radiopiu.net\/wordpress\/wp-content\/uploads\/2020\/05\/IMG_20200526_210520.png\" alt=\"\" width=\"514\" height=\"1100\" srcset=\"https:\/\/www.radiopiu.net\/wordpress\/wp-content\/uploads\/2020\/05\/IMG_20200526_210520.png 514w, https:\/\/www.radiopiu.net\/wordpress\/wp-content\/uploads\/2020\/05\/IMG_20200526_210520-140x300.png 140w, https:\/\/www.radiopiu.net\/wordpress\/wp-content\/uploads\/2020\/05\/IMG_20200526_210520-478x1024.png 478w\" sizes=\"auto, (max-width: 514px) 100vw, 514px\" \/><\/a><\/p>\n<p>&nbsp;<\/p>\n<p>&nbsp;<\/p>\n<hr \/>\n<p>&nbsp;<\/p>\n<p>&nbsp;<\/p>\n<p>&nbsp;<\/p>\n<blockquote>\n<h2>DAL 1\u00b0 GIUGNO 2020 \u00c8 NECESSARIA LA PRENOTAZIONE PER ACCEDERE AI CENTRI PRELIEVO<\/h2>\n<\/blockquote>\n<p><b><a class=\"dt-pswp-item\" href=\"https:\/\/www.radiopiu.net\/wordpress\/wp-content\/uploads\/2020\/05\/prenotazionicentroprelievi.png\" data-dt-img-description=\"\" data-large_image_width=\"940\" data-large_image_height=\"788\"><img loading=\"lazy\" decoding=\"async\" class=\" wp-image-140619 alignleft\" src=\"https:\/\/www.radiopiu.net\/wordpress\/wp-content\/uploads\/2020\/05\/prenotazionicentroprelievi-300x251.png\" alt=\"\" width=\"147\" height=\"123\" srcset=\"https:\/\/www.radiopiu.net\/wordpress\/wp-content\/uploads\/2020\/05\/prenotazionicentroprelievi-300x251.png 300w, https:\/\/www.radiopiu.net\/wordpress\/wp-content\/uploads\/2020\/05\/prenotazionicentroprelievi-768x644.png 768w, https:\/\/www.radiopiu.net\/wordpress\/wp-content\/uploads\/2020\/05\/prenotazionicentroprelievi.png 940w\" sizes=\"auto, (max-width: 147px) 100vw, 147px\" \/><\/a><\/b><\/p>\n<p>&nbsp;<\/p>\n<p><b>BELLUNO.<\/b> Dal 1\u00b0 giugno 2020 prelievi senza fila all\u2019Ulss Dolomiti.<span class=\"Apple-converted-space\">\u00a0 <\/span>Per<span class=\"Apple-converted-space\">\u00a0 <\/span>accedere ai Laboratorio analisi e Centri Prelievi ospedalieri dell\u2019Ulss Dolomiti sar\u00e0 necessaria la prenotazione del proprio turno. In questo modo, il cittadino risparmier\u00e0 tempo e trover\u00e0 un ambiente ancor pi\u00f9 sicuro, con un flusso contingentato di persone.\u00a0Si potr\u00e0 prenotare, secondo la disponibilit\u00e0 dei posti, o annullare la prenotazione del turno senza addebito fino alla mattina stessa.<span class=\"Apple-converted-space\">\u00a0<\/span><\/p>\n<p>&nbsp;<\/p>\n<p class=\"entry-title\"><a href=\"https:\/\/www.radiopiu.net\/wordpress\/wp-content\/uploads\/2020\/05\/COME-PRENOTARE-ONLINE-LE-ANALISI-DEL-SANGUE.pdf\" class=\"pdfemb-viewer\" style=\"\" data-width=\"max\" data-height=\"max\" data-toolbar=\"top\" data-toolbar-fixed=\"on\">COME PRENOTARE ONLINE LE ANALISI DEL SANGUE<\/a>\n<p>&nbsp;<\/p>\n<p>&nbsp;<\/p>\n<p>&nbsp;<\/p>\n<hr \/>\n<p>&nbsp;<\/p>\n<p>&nbsp;<\/p>\n<p>&nbsp;<\/p>\n<p>&nbsp;<\/p>\n<blockquote>\n<h2>\u201cBUONI SPESA\u201d A SEGUITO DELL&#8217;EMERGENZA COVID-19: SINORA EROGATI IN TOTALE 275 \u201cASSEGNI\u201d PER QUASI 90 MILA EURO<\/h2>\n<\/blockquote>\n<p><strong><a class=\"dt-pswp-item\" href=\"https:\/\/www.radiopiu.net\/wordpress\/wp-content\/uploads\/2020\/05\/Buoni-Spesa-Feltre.jpg\" data-dt-img-description=\"\" data-large_image_width=\"1080\" data-large_image_height=\"810\"><img loading=\"lazy\" decoding=\"async\" class=\"size-medium wp-image-140589 alignleft\" src=\"https:\/\/www.radiopiu.net\/wordpress\/wp-content\/uploads\/2020\/05\/Buoni-Spesa-Feltre-300x225.jpg\" alt=\"\" width=\"300\" height=\"225\" srcset=\"https:\/\/www.radiopiu.net\/wordpress\/wp-content\/uploads\/2020\/05\/Buoni-Spesa-Feltre-300x225.jpg 300w, https:\/\/www.radiopiu.net\/wordpress\/wp-content\/uploads\/2020\/05\/Buoni-Spesa-Feltre-1024x768.jpg 1024w, https:\/\/www.radiopiu.net\/wordpress\/wp-content\/uploads\/2020\/05\/Buoni-Spesa-Feltre-768x576.jpg 768w, https:\/\/www.radiopiu.net\/wordpress\/wp-content\/uploads\/2020\/05\/Buoni-Spesa-Feltre.jpg 1080w\" sizes=\"auto, (max-width: 300px) 100vw, 300px\" \/><\/a>FELTRE \u00a0<\/strong>Sono 110 i beneficiari del secondo avviso riguardante l\u2019erogazione dei cosiddetti \u201cBuoni Spesa\u201d, la misura messa in atto dal governo per fronteggiare l&#8217;emergenza legata alla necessit\u00e0 dei beni primari di sostentamento in questa pandemia; 45 di loro non avevano ricevuto nessun sostegno in occasione del primo bando. Tramite i Servizi Sociali dell\u2019Azienda Feltrina per i Servizi alla Persona, il Comune di Feltre ha erogato, in questa seconda tranche, altri 32.900 euro, che si vanno ad aggiungere ai 57 mila relativi al primo avviso e portano il totale a circa 90 mila euro.\u00a0Tra le categorie economiche che hanno beneficiato della seconda tranche di Buoni Spesa ci sono gli operai, con 23 unit\u00e0, seguiti dai baristi (15), gli addetti alla ristorazione (9) e gli impieganti nel settore del commercio (7). Seguono i tirocinanti e i lavoratori stagionali (6) e gli estetisti e parrucchieri (4).\u00a0In totale gli assegni erogati, tra primo e secondo avviso, sono stati 275, mentre i beneficiari 235 (visto che una parte consistente di quelli del primo bando ha avuto accesso anche al secondo). A questo punto, della dotazione complessiva inziale assegnata al Comune di Feltre pari a 109 euro, restano ancora disponibili poco meno di 20 mila euro.\u00a0Nell\u2019ultima seduta di giunta l\u2019Amministrazione ha cos\u00ec deciso di autorizzare i Servizi Sociali dell&#8217;Azienda Feltrina Servizi alla Persona all&#8217;assegnazione dei buoni spesa rimasti con le modalit\u00e0 ritenute pi\u00f9 opportune in base ad alcune priorit\u00e0 precise.<\/p>\n<p><strong>L&#8217;ASSESSORE DEL COMUNE DI FELTRE GIORGIA LI CASTRI<\/strong><\/p>\n<audio class=\"wp-audio-shortcode\" id=\"audio-140497-9\" preload=\"none\" style=\"width: 100%;\" controls=\"controls\"><source type=\"audio\/mpeg\" src=\"https:\/\/www.radiopiu.net\/wordpress\/wp-content\/uploads\/2020\/05\/Ass.-Li-Castri-su-residuo-Buoni-Spesa.mp3?_=9\" \/><a href=\"https:\/\/www.radiopiu.net\/wordpress\/wp-content\/uploads\/2020\/05\/Ass.-Li-Castri-su-residuo-Buoni-Spesa.mp3\">https:\/\/www.radiopiu.net\/wordpress\/wp-content\/uploads\/2020\/05\/Ass.-Li-Castri-su-residuo-Buoni-Spesa.mp3<\/a><\/audio>\n<p>&nbsp;<\/p>\n<p>&nbsp;<\/p>\n<hr \/>\n<p>&nbsp;<\/p>\n<p>&nbsp;<\/p>\n<blockquote>\n<h2>PLATEATICI AMPLIABILI ANCHE SU STRADE POCO TRAFFICATE. VIA MEZZATERRA, MENO TRAFFICO PER AIUTARE GLI ESERCENTI<\/h2>\n<\/blockquote>\n<p><strong><a class=\"dt-pswp-item\" href=\"https:\/\/www.radiopiu.net\/wordpress\/wp-content\/uploads\/2020\/04\/PIAZZA-MARTIRI-BELLUNO.jpg\" data-dt-img-description=\"\" data-large_image_width=\"550\" data-large_image_height=\"388\"><img loading=\"lazy\" decoding=\"async\" class=\"size-medium wp-image-130647 alignleft\" src=\"https:\/\/www.radiopiu.net\/wordpress\/wp-content\/uploads\/2020\/04\/PIAZZA-MARTIRI-BELLUNO-300x212.jpg\" alt=\"\" width=\"300\" height=\"212\" srcset=\"https:\/\/www.radiopiu.net\/wordpress\/wp-content\/uploads\/2020\/04\/PIAZZA-MARTIRI-BELLUNO-300x212.jpg 300w, https:\/\/www.radiopiu.net\/wordpress\/wp-content\/uploads\/2020\/04\/PIAZZA-MARTIRI-BELLUNO.jpg 550w\" sizes=\"auto, (max-width: 300px) 100vw, 300px\" \/><\/a>BELLUNO\u00a0<\/strong>Pi\u00f9 facilit\u00e0 per gli esercizi pubblici di ampliare i propri plateatici nel periodo estivo anche su strade poco trafficate: la Giunta comunale ha infatti approvato l&#8217;atto di indirizzo che prevede la possibilit\u00e0 di accogliere nuove domande di autorizzazione all\u2019occupazione di suolo pubblico &#8211; o di ampliamento delle occupazioni esistenti &#8211; \u201canche se relative ad occupazioni di brevi tratti di strade da sottrarre, almeno per qualche ora ogni giorno, alla circolazione dei veicoli\u201d.\u00a0Una delle vie interessate dal provvedimento sar\u00e0 la parte alta di Via Mezzaterra, per la quale la giunta ha gi\u00e0 presentato alcune proposte: le modifiche interesseranno la circolazione all\u2019interno della zona pedonale, nel tratto compreso fra Piazza Mercato e via Sant\u2019Andrea.\u00a0L&#8217;idea per la nuova circolazione in questo primo tratto di Via Mezzaterra \u00e8 quella di individuare due fasce orarie \u2013 una al mattino e una nel primo pomeriggio \u2013 per il transito dei residenti muniti di regolare permesso, e di vietare il transito alle biciclette, a meno che non siano condotte a mano.\u00a0Rester\u00e0 comunque possibile accedere attraverso percorsi alternativi e dovr\u00e0 essere sempre garantito lo spazio per il transito dei mezzi di soccorso e delle forze dell&#8217;ordine.<\/p>\n<p><strong>L&#8217;ASSESSORE DEL COMUNE DI BELLUNO YUKI D&#8217;EMILIA<\/strong><\/p>\n<audio class=\"wp-audio-shortcode\" id=\"audio-140497-10\" preload=\"none\" style=\"width: 100%;\" controls=\"controls\"><source type=\"audio\/mpeg\" src=\"https:\/\/www.radiopiu.net\/wordpress\/wp-content\/uploads\/2020\/05\/dEmilia-Plateatici-su-strada-e-Via-Mezzaterra.mp3?_=10\" \/><a href=\"https:\/\/www.radiopiu.net\/wordpress\/wp-content\/uploads\/2020\/05\/dEmilia-Plateatici-su-strada-e-Via-Mezzaterra.mp3\">https:\/\/www.radiopiu.net\/wordpress\/wp-content\/uploads\/2020\/05\/dEmilia-Plateatici-su-strada-e-Via-Mezzaterra.mp3<\/a><\/audio>\n<p>&nbsp;<\/p>\n<p>&nbsp;<\/p>\n<hr \/>\n<p>&nbsp;<\/p>\n<p>&nbsp;<\/p>\n<blockquote>\n<h2>LAVORI NEL PARCHEGGIO EX MOI ALLA STRUTTURA SOPRAELEVATA. SOLUZIONI PER GLI ABBONATI<\/h2>\n<\/blockquote>\n<p><strong><a class=\"dt-pswp-item\" href=\"https:\/\/www.radiopiu.net\/wordpress\/wp-content\/uploads\/2020\/04\/BELLUNO-VEDUTA.jpg\" data-dt-img-description=\"\" data-large_image_width=\"259\" data-large_image_height=\"194\"><img loading=\"lazy\" decoding=\"async\" class=\"size-full wp-image-127955 alignleft\" src=\"https:\/\/www.radiopiu.net\/wordpress\/wp-content\/uploads\/2020\/04\/BELLUNO-VEDUTA.jpg\" alt=\"\" width=\"259\" height=\"194\" \/><\/a>BELLUNO\u00a0<\/strong>Prender\u00e0 il via luned\u00ec 1 giugno la seconda tranche di lavori al parcheggio Ex Moi di Via Feltre che interesser\u00e0 la struttura sopraelevata: il cantiere, che durer\u00e0 un paio di mesi, prevede la verifica generale della struttura in acciaio; il bloccaggio delle lastre; il ripristino del copri-ferro dell&#8217;intradosso delle lastre, dell&#8217;impermeabilizzazione della superficie in resina delle lastre e dell&#8217;isolamento delle tubazione dell&#8217;impianto antincendio; la rimozione delle lastre perimetrali in calcestruzzo; la sostituzione con elementi in rete metallica.\u00a0\u00ab<em>Il costo totale dei lavori, 150mila euro, pu\u00f2 sembrare davvero ingente; tuttavia riteniamo che si tratti di un intervento davvero strategico, che render\u00e0 nuovamente fruibile l&#8217;intero parcheggio in una zona densamente abitata e ricca di attivit\u00e0 economiche, uffici e servizi<\/em>\u00bb, spiega l&#8217;assessore ai lavori pubblici, Biagio Giannone.<br \/>\nCome gi\u00e0 avvenuto in occasione del precedente intervento, la Giunta comunale ha ricercato delle soluzioni alternative per la sosta, sia per minimizzare i disagi per gli abbonati \u2013 circa 80 \u2013 che hanno gi\u00e0 rinnovato il titolo per il mese di giugno, sia per garantire alle attivit\u00e0 economiche della zona di poter svolgere il proprio lavoro senza contraccolpi.<span class=\"Apple-converted-space\">\u00a0<\/span><\/p>\n<p>&nbsp;<\/p>\n<p>&nbsp;<\/p>\n<p>&nbsp;<\/p>\n<hr \/>\n<p>&nbsp;<\/p>\n<blockquote>\n<h3><\/h3>\n<h2>RILANCIO DEL NEVEGAL &#8211; FRACASSO, PIGOZZO, BELLO E DAL FARRA (PD): \u201cBASTA RIMPALLI TRA REGIONE E COMUNE: ASSICURARE ACCESSIBILIT\u00c0 AI RIFUGI CON GLI IMPIANTI GI\u00c0 DALLE PROSSIME SETTIMANE\u201d<\/h2>\n<\/blockquote>\n<p><b><a class=\"dt-pswp-item\" href=\"https:\/\/www.radiopiu.net\/wordpress\/wp-content\/uploads\/2018\/11\/PD.png\" data-dt-img-description=\"\" data-large_image_width=\"226\" data-large_image_height=\"182\"><img loading=\"lazy\" decoding=\"async\" class=\"size-full wp-image-67744 alignleft\" src=\"https:\/\/www.radiopiu.net\/wordpress\/wp-content\/uploads\/2018\/11\/PD.png\" alt=\"\" width=\"226\" height=\"182\" \/><\/a>VENEZIA <\/b>\u201cIl rilancio del Nevegal non pu\u00f2 pi\u00f9 attendere: Regione e Comune di Belluno la smettano di rimpallarsi responsabilit\u00e0 e accampare scuse, il territorio ha bisogno di fatti concreti. L\u2019accessibilit\u00e0 ai rifugi con gli impianti deve essere un obiettivo realizzabile gi\u00e0 nelle prossime settimane\u201d. Il sollecito arriva dal capogruppo Pd in Consiglio regionale Stefano Fracasso insieme al collega Bruno Pigozzo e ai consiglieri dem bellunesi Paolo Bello ed Erika Dal Farra. \u201cDopo i fondi stanziati con l\u2019ultima variazione di bilancio a Palazzo Ferro Fini la strada dovrebbe essere segnata e quindi \u00e8 auspicabile un\u2019accelerazione, considerato che nel \u2018post Covid\u2019 \u00e8 destinato a crescere il turismo di prossimit\u00e0 nelle aree interne\u201d. \u201c\u00c8 quindi il momento di scoprire le carte in tavola per non dare false illusioni &#8211; aggiungono gli esponenti dem &#8211; Qual \u00e8 il progetto del Comune per l\u2019area del Nevegal? E quanto \u00e8 disposta a investire la Regione? Incertezze e ulteriori rinvii non aiutano a dare una prospettiva agli operatori del Nevegal, nonostante ci siano iniziative di grande interesse per un turismo sostenibile e diffuso, non legato esclusivamente agli sport invernali. Come Pd abbiamo dato il nostro contributo politico\u00a0 in tutte le sedi, regionali e comunali perch\u00e9 siamo convinti delle potenzialit\u00e0 dell\u2019area. Adesso per\u00f2 \u00e8 tempo di agire e chi \u00e8 al governo a Palazzo Balbi e Palazzo Rosso non pu\u00f2 avanzare ulteriori scuse\u201d.<\/p>\n<p>&nbsp;<\/p>\n<p>&nbsp;<\/p>\n<p>&nbsp;<\/p>\n<hr \/>\n<p>&nbsp;<\/p>\n<p>&nbsp;<\/p>\n<blockquote>\n<h2>INQUINAMENTO LUMINOSO E LOCKDOWN. STUDIO CONGIUNTO ARPAV E UNIVERSITA DI PADOVA<\/h2>\n<\/blockquote>\n<p><strong><a class=\"dt-pswp-item\" href=\"https:\/\/www.radiopiu.net\/wordpress\/wp-content\/uploads\/2015\/08\/logo_arpav.gif\" data-dt-img-description=\"\" data-large_image_width=\"504\" data-large_image_height=\"53\"><img loading=\"lazy\" decoding=\"async\" class=\"size-medium wp-image-8797 alignleft\" src=\"https:\/\/www.radiopiu.net\/wordpress\/wp-content\/uploads\/2015\/08\/logo_arpav-300x32.gif\" alt=\"\" width=\"300\" height=\"32\" \/><\/a>PADOVA\u00a0<\/strong>Gli studiosi dell\u2019Osservatorio Regionale Inquinamento Luminoso, appartenenti ad ARPAV e all\u2019Universit\u00e0 di Padova (Dip. Fisica e Astronomia e Ingegneria Industriale), hanno studiato l\u2019effetto dei provvedimenti di lockdown per il Coronavirus sul cielo notturno, la cui visibilit\u00e0 risulta oggi compromessa dalla grande quantit\u00e0 di luce artificiale emessa e riflessa verso l\u2019alto, che causa un rilevante inquinamento luminoso nei luoghi abitati, ma sensibile anche a grande distanza.\u00a0Analizzando i dati provenienti dalle centraline fisse di monitoraggio della brillanza del cielo notturno operanti sul territorio della regione Veneto, e sfruttando anche modelli di simulazione, si \u00e8 quantificato la riduzione dell\u2019inquinamento luminoso dovuta in particolare alla riduzione dei flussi luminosi notturni emessi dal traffico veicolare e dallo spegnimento dell\u2019illuminazione dei campi sportivi.\u00a0Il confronto \u00e8 stato effettuato confrontando gli andamenti medi delle notti di marzo e aprile 2020 con le analoghe negli stessi mesi di anni precedenti.\u00a0Sono state prese in considerazione 4 delle 14 stazioni della rete regionale, scelte tra quelle maggiormente rappresentative geograficamente: Padova, unica stazione urbana, Nove (VI), stazione periurbana di pianura, Cima Ekar (Gallio-VI), presso l\u2019Osservatorio Astronomico, e Passo Valles (Falcade-BL), stazione montana remota situata ad alta quota nelle Dolomiti.\u00a0L\u2019analisi dei dati ottenuti indica che l\u2019effetto della riduzione del traffico (quantificabile dell\u2019ordine del 75%) e del totale spegnimento degli impianti di illuminazione dei campi sportivi, spesso assai inquinanti, risulta evidente nella prima parte della notte in tutte le stazioni prese in considerazione, e varia dal notevole valore del 20% a Padova e nella pianura, fino al 10% a Cima Ekar (VI), e rimane comunque visibile anche al Passo Valles, con un valore del 5%, pur a notevole distanza dalla pianura.\u00a0L&#8217;analisi tramite modello di calcolo conferma i risultati e permette di valutare come le fonti di inquinamento luminoso portino ad un cambiamento di visibilit\u00e0 delle stelle: in particolare se si riuscisse a contenere anche solo del 20% l\u2019emissione verso l\u2019alto, causata soprattutto dall\u2019illuminazione privata (zone industriali e artigianali, centri commerciali, illuminazione residenziale, insegne e impianti pubblicitari\u2026) si potrebbe ritornare a rivedere le stelle in buon numero, nello stesso tempo diminuendo i costi energetici ed economici e gli impatti negativi sull\u2019ecosistema e sull\u2019uomo.<\/p>\n<p>&nbsp;<\/p>\n<p>&nbsp;<\/p>\n<hr \/>\n<p>&nbsp;<\/p>\n<p>&nbsp;<\/p>\n<blockquote>\n<h2 class=\"documentFirstHeading\"><span id=\"parent-fieldname-title\" class=\"\">BELLUNO. PUBBLICATA LA RELAZIONE SULL&#8217;ARIA DEL CAPOLUOGO E DELLA PROVINCIA<\/span><\/h2>\n<\/blockquote>\n<p>Pubblicata la relazione annuale del monitoraggio ARPAV\u00a0 della qualit\u00e0 dell&#8217;aria eseguito presso le stazioni di Belluno parco Citt\u00e0 di Bologna, Belluno La Cerva, Feltre Area Feltrina (via Colombo) e Alpago, loc. Pieve, nel 2019.\u00a0Il documento illustra i risultati delle rilevazioni dei parametri monitorati, in riferimento ai valori limite e obiettivo vigenti ed esamina l&#8217;andamento di alcuni fattori meteo-climatici che influenzano la dispersione degli inquinanti. E\u2019 stata eseguita anche una valutazione pluriennale del trend dei parametri monitorati in ciascuna stazione e un&#8217;analisi comparativa tra i risultati delle tre stazioni storiche. Infine, applicando l&#8217;Indice di Qualit\u00e0 dell&#8217;Aria (IQA), che tiene conto dell\u2019incidenza di alcuni inquinanti, \u00e8 stato rappresentato sinteticamente lo stato di qualit\u00e0 dell&#8217;aria delle stazioni monitorate.<\/p>\n<p><strong>LA RELAZIONE<\/strong><\/p>\n<a href=\"https:\/\/www.radiopiu.net\/wordpress\/wp-content\/uploads\/2020\/05\/REL_annuale_rete_QA_Belluno-2019.pdf\" class=\"pdfemb-viewer\" style=\"\" data-width=\"max\" data-height=\"max\" data-toolbar=\"top\" data-toolbar-fixed=\"on\">REL_annuale_rete_QA_Belluno 2019<\/a>\n<p>&nbsp;<\/p>\n<p>&nbsp;<\/p>\n<hr \/>\n<p>&nbsp;<\/p>\n<blockquote>\n<h2>LA CONFERENZA STAMPA DEGLI ALPINI<\/h2>\n<\/blockquote>\n<p><strong><a class=\"dt-pswp-item\" href=\"https:\/\/www.radiopiu.net\/wordpress\/wp-content\/uploads\/2018\/10\/ana-alpini.png\" data-dt-img-description=\"\" data-large_image_width=\"225\" data-large_image_height=\"225\"><img loading=\"lazy\" decoding=\"async\" class=\" wp-image-62421 alignleft\" src=\"https:\/\/www.radiopiu.net\/wordpress\/wp-content\/uploads\/2018\/10\/ana-alpini.png\" alt=\"\" width=\"124\" height=\"124\" srcset=\"https:\/\/www.radiopiu.net\/wordpress\/wp-content\/uploads\/2018\/10\/ana-alpini.png 225w, https:\/\/www.radiopiu.net\/wordpress\/wp-content\/uploads\/2018\/10\/ana-alpini-150x150.png 150w\" sizes=\"auto, (max-width: 124px) 100vw, 124px\" \/><\/a>BELLUNO<\/strong> Un grande impegno per tutto il periodo dell&#8217;emergenza da Coronavirus per gli alpini della sezione alpini di Belluno, o meglio per uomini e donne volontari del Nucleo di Protezione Civile, un impegno che sar\u00e0 illustrato giovedi nel corso di una conferenza stampa alla presenza del presidente Angelo Dal Borgo, del vice presidente vicario Lino De Pra ed del coordinatore sezionale della Protezione Civile Ivo Gasperin. L&#8217;incontro si terr\u00e0 nella sede di via Attilio Tissi.<\/p>\n<p>&nbsp;<\/p>\n<p>&nbsp;<\/p>\n<hr \/>\n<p>&nbsp;<\/p>\n<p>&nbsp;<\/p>\n<p><strong><span style=\"color: #ff0000;\">OGGI ALLE 15.10 E 20.30 LO SPECIALE ALLA RADIO IN &#8220;ZERO PIU&#8217; UNO&#8221;, OSPITE CLAUDIO LUCHETTA\u00a0<\/span><\/strong><\/p>\n<div class=\"page-title-head hgroup\">\n<blockquote>\n<h2 class=\"entry-title\">ESCE PER TIPI EDIZIONI IL PRIMO QUADERNO DELLA BIBLIOTECA DEL BI\u00d3IS<\/h2>\n<\/blockquote>\n<\/div>\n<div class=\"page-title-breadcrumbs\">\n<p><strong><img loading=\"lazy\" decoding=\"async\" class=\"alignleft jetpack-lazy-image jetpack-lazy-image--handled\" src=\"https:\/\/i0.wp.com\/www.radiopiu.net\/wordpress\/wp-content\/uploads\/2016\/04\/Falcade_plan_ortofoto.jpg?resize=282%2C199&amp;ssl=1\" width=\"282\" height=\"199\" data-recalc-dims=\"1\" data-lazy-loaded=\"1\" \/>\u00a0FALCADE\u00a0 \u00a0<\/strong>Si tratta del primo volume di una nuova iniziativa editoriale voluta dall\u2019Unione Ladina Val Bi\u00f3is, altri due seguiranno riguardanti il tema della Grande Guerra, che \u00e8 stato oggetto di dibattiti, incontri, confronti nel corso di cinque anni. Questi tre volumi, per TIPI Edizioni, cui seguiranno altri su temi di diverso argomento, sempre legati alla realt\u00e0 del territorio dei ladini della Valle del Bi\u00f3is, raccolgono interventi di storici, di studiosi, di appassionati che raccontano ci\u00f2 che accadde dopo le \u00abradiose giornate\u00bb del maggio 1915, quando l\u2019Italia entr\u00f2 in guerra. Cadorna promise che in pochi \u00absbalzi\u00bb il regio esercito sarebbe giunto a Lubiana, e poi in breve a Graz e Vienna. Com\u2019\u00e8 noto non and\u00f2 proprio cos\u00ec: la realt\u00e0 fu spietata sulle pietraie del Carso e sul fronte montano. Le montagne venete si trasformarono in un terribile campo di battaglia, dove si speriment\u00f2 anche un\u2019arma insidiosa e dirompente: la mina. Giunse Caporetto, l\u2019Italia vacill\u00f2, ma seppe resistere e infine vincere. Ma per la popolazione civile dei territori occupati fu l\u2019anno della fame, un periodo tremendo di angherie e di carestia. Il primo volume, ora finalmente in distribuzione dopo il blocco in tipografia causato dal corona virus, ospita i testi di Claudio Luchetta (<em>Cala il sipario<\/em>), di Livio Vanzetto (<em>Un secolo di memorie della Grande Guerra<\/em>), di Valentina Fontanive (<em>Un fronte in armi<\/em>), di Susy Dan Lombardi (<em>La guerra dell\u2019aria<\/em>), di Vittorio Fenti (<em>Brevi cenni sulla geologia del fronte della Grande Guerra<\/em>), di Orazione Andrich (<em>Narrare la Grande Guerra a cent\u2019anni di distanza, nello spirito alpino e a supporto di una idea civica della nazione italiana nel contesto europeo<\/em>).<\/p>\n<blockquote><p>Danilo Marmolada, presidente dell\u2019Union Ladina Val Bi\u00f3is, motivando il patrocinio alla nascita della Biblioteca del Bi\u00f3is, scrive che il suo sodalizio<em> \u00ab\u00e8 certamente improntati alla tutela e valorizzazione della lingua ladina ed in particolare del ladino-veneto parlato in Valle del Bi\u00f3is, ma in senso pi\u00f9 ampio, si occupa di tutti gli aspetti identitari e culturali di questa comunit\u00e0 dolomitica, con un occhio al passato, ma consapevoli del presente e delle problematiche future. Non si tratta quindi di una visione nostalgica del passato, ma un intendimento di conoscere e conoscerci nelle nostre diversit\u00e0, senza per questo sentirci migliori o peggiori\u00bb. Concludendo: \u00abdalla lingua alla nostra storia quindi: le nostre radici che sono coscienza e forza nel quotidiano\u00bb<\/em>.<\/p><\/blockquote>\n<\/div>\n<p>&nbsp;<\/p>\n<p>&nbsp;<\/p>\n<hr \/>\n<blockquote>\n<h2><\/h2>\n<h2><\/h2>\n<h2>CON IL CONCORSO CITTA&#8217; DI BELLUNO APPUNTAMENTO AL 2021<\/h2>\n<\/blockquote>\n<p><strong><a class=\"dt-pswp-item\" href=\"https:\/\/www.radiopiu.net\/wordpress\/wp-content\/uploads\/2020\/05\/chairs-2006543_960_720-Copia.jpg\" data-dt-img-description=\"\" data-large_image_width=\"960\" data-large_image_height=\"720\"><img loading=\"lazy\" decoding=\"async\" class=\"size-medium wp-image-140649 alignright\" src=\"https:\/\/www.radiopiu.net\/wordpress\/wp-content\/uploads\/2020\/05\/chairs-2006543_960_720-Copia-300x225.jpg\" alt=\"\" width=\"300\" height=\"225\" srcset=\"https:\/\/www.radiopiu.net\/wordpress\/wp-content\/uploads\/2020\/05\/chairs-2006543_960_720-Copia-300x225.jpg 300w, https:\/\/www.radiopiu.net\/wordpress\/wp-content\/uploads\/2020\/05\/chairs-2006543_960_720-Copia-768x576.jpg 768w, https:\/\/www.radiopiu.net\/wordpress\/wp-content\/uploads\/2020\/05\/chairs-2006543_960_720-Copia.jpg 960w\" sizes=\"auto, (max-width: 300px) 100vw, 300px\" \/><\/a>BELLUNO<\/strong> Il Concorso citt\u00e0 di Belluno, che per il 2020 si preannunciava come l&#8217;edizione del record \u00e8 stato rinviato al prossimo anno, l&#8217;esibizione online non rende e non d\u00e0 il giusto riconoscimento a chi si impegna per portare in provincia la miglior qualit\u00e0 musicale. Ne \u00e8 convinta anche la presidente della della giuria Manuela Selvestrel del Comitato Gocce si Sole.<\/p>\n<p><a class=\"dt-pswp-item\" href=\"https:\/\/www.radiopiu.net\/wordpress\/wp-content\/uploads\/2020\/05\/pp.jpg\" data-dt-img-description=\"\" data-large_image_width=\"640\" data-large_image_height=\"640\"><img loading=\"lazy\" decoding=\"async\" class=\"wp-image-140657 alignleft\" src=\"https:\/\/www.radiopiu.net\/wordpress\/wp-content\/uploads\/2020\/05\/pp-300x300.jpg\" alt=\"\" width=\"113\" height=\"113\" srcset=\"https:\/\/www.radiopiu.net\/wordpress\/wp-content\/uploads\/2020\/05\/pp-300x300.jpg 300w, https:\/\/www.radiopiu.net\/wordpress\/wp-content\/uploads\/2020\/05\/pp-150x150.jpg 150w, https:\/\/www.radiopiu.net\/wordpress\/wp-content\/uploads\/2020\/05\/pp.jpg 640w\" sizes=\"auto, (max-width: 113px) 100vw, 113px\" \/><\/a><\/p>\n<p>&nbsp;<\/p>\n<p>&nbsp;<\/p>\n<p>&nbsp;<\/p>\n<p><strong>AUDIO<\/strong><\/p>\n<audio class=\"wp-audio-shortcode\" id=\"audio-140497-11\" preload=\"none\" style=\"width: 100%;\" controls=\"controls\"><source type=\"audio\/mpeg\" src=\"https:\/\/www.radiopiu.net\/wordpress\/wp-content\/uploads\/2020\/05\/manuela.mp3?_=11\" \/><a href=\"https:\/\/www.radiopiu.net\/wordpress\/wp-content\/uploads\/2020\/05\/manuela.mp3\">https:\/\/www.radiopiu.net\/wordpress\/wp-content\/uploads\/2020\/05\/manuela.mp3<\/a><\/audio>\n<p>&nbsp;<\/p>\n<h2>LO SCORSO FEBBRAIO A RADIO PIU&#8217;, L&#8217;INTERVISTA ALLA RADIO<\/h2>\n<p><span style=\"color: #ff0000;\">IL CONCORSO MUSICALE CITTA&#8217; DI BELLUNO, CON MANUELA SELVESTREL E MARIANGELA CARNICCI<\/span><\/p>\n<audio class=\"wp-audio-shortcode\" id=\"audio-140497-12\" preload=\"none\" style=\"width: 100%;\" controls=\"controls\"><source type=\"audio\/mpeg\" src=\"https:\/\/www.radiopiu.net\/wordpress\/wp-content\/uploads\/2020\/02\/MANUELA-SELVESTREL-2.mp3?_=12\" \/><a href=\"https:\/\/www.radiopiu.net\/wordpress\/wp-content\/uploads\/2020\/02\/MANUELA-SELVESTREL-2.mp3\">https:\/\/www.radiopiu.net\/wordpress\/wp-content\/uploads\/2020\/02\/MANUELA-SELVESTREL-2.mp3<\/a><\/audio>\n<p>&nbsp;<\/p>\n<p>&nbsp;<\/p>\n<p>&nbsp;<\/p>\n<div class=\"page-title-breadcrumbs\">\n<p>&nbsp;<\/p>\n<hr \/>\n<p>&nbsp;<\/p>\n<\/div>\n<blockquote class=\"wp-embedded-content\" data-secret=\"SKeJnIchWJ\"><p><a href=\"https:\/\/www.radiopiu.net\/wordpress\/lultima-storia-della-maestra-chiara\/\">L&#8217;ULTIMA STORIA DELLA MAESTRA CHIARA<\/a><\/p><\/blockquote>\n<p><iframe loading=\"lazy\" title=\"&#8220;L&#8217;ULTIMA STORIA DELLA MAESTRA CHIARA&#8221; &#8212; Radio Pi\u00f9\" class=\"wp-embedded-content\" sandbox=\"allow-scripts\" security=\"restricted\" style=\"position: absolute; clip: rect(1px, 1px, 1px, 1px);\" src=\"https:\/\/www.radiopiu.net\/wordpress\/lultima-storia-della-maestra-chiara\/embed\/#?secret=SKeJnIchWJ\" data-secret=\"SKeJnIchWJ\" width=\"600\" height=\"338\" frameborder=\"0\" marginwidth=\"0\" marginheight=\"0\" scrolling=\"no\"><\/iframe><\/p>\n<p>&nbsp;<\/p>\n<p>&nbsp;<\/p>\n<p>&nbsp;<\/p>\n<h2>IERI ALLA RADIO<\/h2>\n<blockquote class=\"wp-embedded-content\" data-secret=\"mWCPnRtVxI\"><p><a href=\"https:\/\/www.radiopiu.net\/wordpress\/la-scuola-dellinfanzia-di-taibon-premiata-dalla-regione\/\">LA SCUOLA DELL&#8217;INFANZIA DI TAIBON PREMIATA DALLA REGIONE<\/a><\/p><\/blockquote>\n<p><iframe loading=\"lazy\" title=\"&#8220;LA SCUOLA DELL&#8217;INFANZIA DI TAIBON PREMIATA DALLA REGIONE&#8221; &#8212; Radio Pi\u00f9\" class=\"wp-embedded-content\" sandbox=\"allow-scripts\" security=\"restricted\" style=\"position: absolute; clip: rect(1px, 1px, 1px, 1px);\" src=\"https:\/\/www.radiopiu.net\/wordpress\/la-scuola-dellinfanzia-di-taibon-premiata-dalla-regione\/embed\/#?secret=mWCPnRtVxI\" data-secret=\"mWCPnRtVxI\" width=\"600\" height=\"338\" frameborder=\"0\" marginwidth=\"0\" marginheight=\"0\" scrolling=\"no\"><\/iframe><\/p>\n<p>&nbsp;<\/p>\n<p>&nbsp;<\/p>\n<p>&nbsp;<\/p>\n<hr \/>\n<p>&nbsp;<\/p>\n<blockquote class=\"wp-embedded-content\" data-secret=\"vstYdJwJDD\"><p><a href=\"https:\/\/www.radiopiu.net\/wordpress\/sedico-offerta-di-prima-qualita-con-i-comitati-di-festeggiamenti-di-renato-bona\/\">SEDICO. OFFERTA DI PRIMA QUALITA\u2019 CON I COMITATI DI FESTEGGIAMENTI di RENATO BONA<\/a><\/p><\/blockquote>\n<p><iframe loading=\"lazy\" title=\"&#8220;SEDICO. OFFERTA DI PRIMA QUALITA\u2019 CON I COMITATI DI FESTEGGIAMENTI di RENATO BONA&#8221; &#8212; Radio Pi\u00f9\" class=\"wp-embedded-content\" sandbox=\"allow-scripts\" security=\"restricted\" style=\"position: absolute; clip: rect(1px, 1px, 1px, 1px);\" src=\"https:\/\/www.radiopiu.net\/wordpress\/sedico-offerta-di-prima-qualita-con-i-comitati-di-festeggiamenti-di-renato-bona\/embed\/#?secret=vstYdJwJDD\" data-secret=\"vstYdJwJDD\" width=\"600\" height=\"338\" frameborder=\"0\" marginwidth=\"0\" marginheight=\"0\" scrolling=\"no\"><\/iframe><\/p>\n<p>&nbsp;<\/p>\n<hr \/>\n<p>&nbsp;<\/p>\n<p>&nbsp;<\/p>\n<h2>IERI ALLA RADIO<\/h2>\n<h2><a class=\"dt-pswp-item\" href=\"https:\/\/www.radiopiu.net\/wordpress\/wp-content\/uploads\/2020\/05\/RISTORANTE-TABIA-FEDER.png\" data-dt-img-description=\"\" data-large_image_width=\"1554\" data-large_image_height=\"1388\"><img loading=\"lazy\" decoding=\"async\" class=\"size-medium wp-image-140501 alignleft\" src=\"https:\/\/www.radiopiu.net\/wordpress\/wp-content\/uploads\/2020\/05\/RISTORANTE-TABIA-FEDER-300x268.png\" alt=\"\" width=\"300\" height=\"268\" srcset=\"https:\/\/www.radiopiu.net\/wordpress\/wp-content\/uploads\/2020\/05\/RISTORANTE-TABIA-FEDER-300x268.png 300w, https:\/\/www.radiopiu.net\/wordpress\/wp-content\/uploads\/2020\/05\/RISTORANTE-TABIA-FEDER-1024x915.png 1024w, https:\/\/www.radiopiu.net\/wordpress\/wp-content\/uploads\/2020\/05\/RISTORANTE-TABIA-FEDER-768x686.png 768w, https:\/\/www.radiopiu.net\/wordpress\/wp-content\/uploads\/2020\/05\/RISTORANTE-TABIA-FEDER-1536x1372.png 1536w, https:\/\/www.radiopiu.net\/wordpress\/wp-content\/uploads\/2020\/05\/RISTORANTE-TABIA-FEDER.png 1554w\" sizes=\"auto, (max-width: 300px) 100vw, 300px\" \/><\/a><strong>ANNALISA SCARDANZAN, RISTORANTE &#8220;AL TABI\u00c0&#8221; DI FEDER<\/strong><\/h2>\n<p><strong>di Claudio Fontanive\u00a0<\/strong><\/p>\n<audio class=\"wp-audio-shortcode\" id=\"audio-140497-13\" preload=\"none\" style=\"width: 100%;\" controls=\"controls\"><source type=\"audio\/mpeg\" src=\"https:\/\/www.radiopiu.net\/wordpress\/wp-content\/uploads\/2020\/05\/annalisa-scardanzan-26-maggio.mp3?_=13\" \/><a href=\"https:\/\/www.radiopiu.net\/wordpress\/wp-content\/uploads\/2020\/05\/annalisa-scardanzan-26-maggio.mp3\">https:\/\/www.radiopiu.net\/wordpress\/wp-content\/uploads\/2020\/05\/annalisa-scardanzan-26-maggio.mp3<\/a><\/audio>\n<p>&nbsp;<\/p>\n<hr \/>\n<h3><span style=\"color: #ff0000;\">DUE MINUTI UN LIBRO<\/span><\/h3>\n<blockquote class=\"wp-embedded-content\" data-secret=\"yQvpBZWCSM\"><p><a href=\"https:\/\/www.radiopiu.net\/wordpress\/linverno-piu-nero\/\">L&#8217;INVERNO PIU&#8217; NERO<\/a><\/p><\/blockquote>\n<p><iframe loading=\"lazy\" title=\"&#8220;L&#8217;INVERNO PIU&#8217; NERO&#8221; &#8212; Radio Pi\u00f9\" class=\"wp-embedded-content\" sandbox=\"allow-scripts\" security=\"restricted\" style=\"position: absolute; clip: rect(1px, 1px, 1px, 1px);\" src=\"https:\/\/www.radiopiu.net\/wordpress\/linverno-piu-nero\/embed\/#?secret=yQvpBZWCSM\" data-secret=\"yQvpBZWCSM\" width=\"600\" height=\"338\" frameborder=\"0\" marginwidth=\"0\" marginheight=\"0\" scrolling=\"no\"><\/iframe><\/p>\n<p><strong>LE ALTRE PUNTATE<\/strong><\/p>\n<blockquote class=\"wp-embedded-content\" data-secret=\"Vpcgoc1LKo\"><p><a href=\"https:\/\/www.radiopiu.net\/wordpress\/due-minuti-un-libro\/\">Due minuti un libro<\/a><\/p><\/blockquote>\n<p><iframe loading=\"lazy\" title=\"&#8220;Due minuti un libro&#8221; &#8212; Radio Pi\u00f9\" class=\"wp-embedded-content\" sandbox=\"allow-scripts\" security=\"restricted\" style=\"position: absolute; clip: rect(1px, 1px, 1px, 1px);\" src=\"https:\/\/www.radiopiu.net\/wordpress\/due-minuti-un-libro\/embed\/#?secret=Vpcgoc1LKo\" data-secret=\"Vpcgoc1LKo\" width=\"600\" height=\"338\" frameborder=\"0\" marginwidth=\"0\" marginheight=\"0\" scrolling=\"no\"><\/iframe><\/p>\n<h2><\/h2>\n<h2><\/h2>\n<h2><span style=\"color: #339966;\">AGORDINOMERON<\/span><\/h2>\n<blockquote class=\"wp-embedded-content\" data-secret=\"i85i8xDt5u\"><p><a href=\"https:\/\/www.radiopiu.net\/wordpress\/agordinomeron\/\">AGORDINOMERON, IL TERRITORIO SI RACCONTA Da un&#8217;idea di Gianni Santomaso<\/a><\/p><\/blockquote>\n<p><iframe loading=\"lazy\" title=\"&#8220;AGORDINOMERON, IL TERRITORIO SI RACCONTA Da un&#8217;idea di Gianni Santomaso&#8221; &#8212; Radio Pi\u00f9\" class=\"wp-embedded-content\" sandbox=\"allow-scripts\" security=\"restricted\" style=\"position: absolute; clip: rect(1px, 1px, 1px, 1px);\" src=\"https:\/\/www.radiopiu.net\/wordpress\/agordinomeron\/embed\/#?secret=i85i8xDt5u\" data-secret=\"i85i8xDt5u\" width=\"600\" height=\"338\" frameborder=\"0\" marginwidth=\"0\" marginheight=\"0\" scrolling=\"no\"><\/iframe><\/p>\n<h2><\/h2>\n<h2><\/h2>\n<h2><span style=\"color: #0000ff;\">IL MESSAGGIO DEI SACERDOTI A RADIO PIU&#8217;<\/span><\/h2>\n<blockquote class=\"wp-embedded-content\" data-secret=\"1738rJfLmw\"><p><a href=\"https:\/\/www.radiopiu.net\/wordpress\/chiesa\/\">DON CESARE  SU RADIO PIU&#8217; ALLE 7.30 E 19.30, PARROCCHIE DI AGORDO, LA VALLE E TAIBON<\/a><\/p><\/blockquote>\n<p><iframe loading=\"lazy\" title=\"&#8220;DON CESARE  SU RADIO PIU&#8217; ALLE 7.30 E 19.30, PARROCCHIE DI AGORDO, LA VALLE E TAIBON&#8221; &#8212; Radio Pi\u00f9\" class=\"wp-embedded-content\" sandbox=\"allow-scripts\" security=\"restricted\" style=\"position: absolute; clip: rect(1px, 1px, 1px, 1px);\" src=\"https:\/\/www.radiopiu.net\/wordpress\/chiesa\/embed\/#?secret=1738rJfLmw\" data-secret=\"1738rJfLmw\" width=\"600\" height=\"338\" frameborder=\"0\" marginwidth=\"0\" marginheight=\"0\" scrolling=\"no\"><\/iframe><\/p>\n<p>&nbsp;<\/p>\n<hr \/>\n<p>&nbsp;<\/p>\n<p>&nbsp;<\/p>\n<p>&nbsp;<\/p>\n<p><strong class=\"photoswipe-wrapper\"><a class=\"dt-pswp-item pspw-wrap-ready\" href=\"https:\/\/i0.wp.com\/www.radiopiu.net\/wordpress\/wp-content\/uploads\/2018\/09\/viabilita.jpeg?ssl=1\" data-dt-img-description=\"\" data-large_image_width=\"800\" data-large_image_height=\"100\"><img loading=\"lazy\" decoding=\"async\" class=\"aligncenter wp-image-61954 size-full jetpack-lazy-image jetpack-lazy-image--handled\" src=\"https:\/\/i0.wp.com\/www.radiopiu.net\/wordpress\/wp-content\/uploads\/2018\/09\/viabilita.jpeg?resize=800%2C100&amp;ssl=1\" sizes=\"auto, (max-width: 800px) 100vw, 800px\" srcset=\"https:\/\/i0.wp.com\/www.radiopiu.net\/wordpress\/wp-content\/uploads\/2018\/09\/viabilita.jpeg?w=800&amp;ssl=1 800w, https:\/\/i0.wp.com\/www.radiopiu.net\/wordpress\/wp-content\/uploads\/2018\/09\/viabilita.jpeg?resize=300%2C38&amp;ssl=1 300w, https:\/\/i0.wp.com\/www.radiopiu.net\/wordpress\/wp-content\/uploads\/2018\/09\/viabilita.jpeg?resize=768%2C96&amp;ssl=1 768w\" alt=\"\" width=\"800\" height=\"100\" data-lazy-loaded=\"1\" \/><\/a><\/strong><\/p>\n<p><strong>\u00a0<\/strong><\/p>\n<blockquote><p><strong>INTERRUZIONI A CRISTO DELLE PIANIZZE\u00a0<\/strong>sp347 DURAN E CEREDA fino al 5 giugno (esclusi festivi e prefestivi) possibili interruzioni in localit\u00e0 Pianizze (Agordo) della durata massima di 15 minuti dalle 8 alle 12 e dalle 13 alle 17, inoltre senso unico alternato nei periodi non interessati dalle chiusura<\/p><\/blockquote>\n<p>PROVINCIALE 20 DELLA VAL FIORENTINA, SELVA DI CADORE: FINO AL 13 GIUGNO, CHIUSURA TOTALE TRA SOLATOR E IL CENTRO DEL PAESE ANCHE NEI GIORNI FESTIVI E PREFESTIVI, DAL CHILOMETRO 4.850 AL CHILOMETRO 5.100. TRANSITO CONSENTITO AI LOCALI CON TEMPI DI ATTESA MASSIMI STIMATI IN 30 MINUTI IN LOCALITA\u2019 SOLATOR DAL CHILOMETRO 4.400 AL CHILOMETRO 4.850<\/p>\n<p>REGIONALE 48 DELLE DOLOMITI, LOCALIT\u00c0 POCOL INIZIO ABITATO CORTINA,FINO\u00a0 AL 12 GIUGNO SEMAFORO PER TRATTI DI 250 METRI ANCHE NEI GIORNI FESTIVI E PREFESTIVI<\/p>\n<p>REGIONALE 203 AGORDINA FINO AL 15 GIUGNO IN LOCALIT\u00c0 LA MUDA DEVIAZIONE SU VIABILIT\u00c0 PROVVISORIA, PRUDENZA<\/p>\n<p>PROVINCIALE 12 PEDEMONTANA LOCALIT\u00c0 PONTE MAS, CHIUSURA TOTALE DI PONTE MAS FINO\u00a0 AL 30 GIUGNO<\/p>\n<p>STRADA REGIONALE 48 DELLE DOLOMITI, DAL KM 110,350 AL KM 112, SENSO UNICO ALTERNATO REGOLATO DA IMPIANTO SEMAFORICO ANCHE SABATO E FESTIVI FINO\u00a0 AL 31 MAGGIO PER POSA ELETTRODOTTO INTERRATO<\/p>\n<p>PROVINCIALE 563 DI SALESEI, FINO\u00a0 AL 3 LUGLIO, SENSO UNICO ALTERNATO REGOLATO DA IMPIANTO SEMAFORICO IN LOCALIT\u00c0 DIGONERA PER MESSA IN SICUREZZA PIANO VIABILE, SABATO E FESTIVI INCLUSI<\/p>\n<p>PROVINCIALE 347 PASSO DURAN, LOCALITA\u2019 SANT\u2019ANDREA DI GOSALDO. FINO AL 5 GIUGNO SENSO UNICO ALTERNATO<\/p>\n<p>STRADA PROVINCIALE 347 DEL PASSO CEREDA E DURAN, DALLE 7 ALLE 18 ,\u00a0 FINO AL 29 MAGGIO, POSSIBILI TEMPORANEE INTERRUZZIONI ALLA VIABILIT\u00e0 DELLA DURATA MASSIMA DI 30 MINUTI E SENSO UNICO ALTERNATO REGOLATO DA MOVIERI PER ASFALTATURA TRATTI DI STRADA TRA PASSO DURAN E DONT<\/p>\n<p>STRADA PROVINCIALE 346 DEL PASSO SAN PELLEGRINO, FINO\u00a0 AL 5 GIUGNO, SENSO UNICO ALTERNATO REGOLATO DA IMPIANTO SEMOFORICO TRA FALCADE E FALCADE ALTO PER POSA CAVIDOTTO FIBRA OTTICA<\/p>\n<p>STRADA PROVINCIALE 347 DEL PASSO CEREDA E DURAN, FINO\u00a0 AL 01 GIUGNO ESCLUSE DOMENICHE E FESTIVI, SENSO UNICO ALTERNATO REGOLATO DA IMPIANTO SEMAFORICO O MOVIERI IN COMUNE DI VALLE DI CADORE PER SONDAGGI GEOTECNICI<\/p>\n<p>SP346 DEL SAN PELLEGRINO, COMUNE DI VALLADA,\u00a0 FINO\u00a0 AL 29 MAGGIO SENSO UNICO ALTERNATO PER MESSA IN SICUREZZA BARRIERE LATERALI<\/p>\n<p>REGIONALE203 AGORDINA, CANDATEN-LA STANGA, FINO\u00a0 AL 30 GIUGNO INCLUSI SABATO E DOMENICA DALLE 7.30 ALLE 9 E DALLE 16.30 ALLE 18 SENSO UNICO ALTERNATO CON MOVIERI, NEGLI ALTRI PERIODI SENSO UNICO CON SEMAFORO.<\/p>\n<p>PROVINCIALE 246 DEL SAN PELLEGRINO, CANALE D\u2019AGORDO E VALLADA FINO\u00a0 AL 29 MAGGIO SENSO UNICO REGOLATO DA SEMAFORO IN TRATTI SALTUARI.<\/p>\n<p>PROVINCIALE 24 VALPAROLA FINO\u00a0 AL 05 GIUGNO ESCLUSI FESTIVI E PREFESTIVI, SENSO UNICO ALTERNATO A VISTA PER TRATTI DI 50 METRI.<\/p>\n<p>PROVINCIALE 563 DI SALESEI, DALLE 7 DEL 26 MAGGIO ALLE 18 DEL 19 GIUGNO, DOMENICHE E FESTIVI ESCLUSI, SENSO UNICO ALTERNATO REGOLATO DA IMPIANTO SEMAFORICO E POSSIBILI BREVI INTERRUZIONI AL TRAFFICO DI 15 MINUTI PER MESSA IN SICUREZZA VERSANTE A MONTE DELLA STRADA<\/p>\n<p>STRADA PROVINCIALE 346 DEL SAN PELLEGRINO, NEI COMUNI DI FALCADE, CANALE E VALLADA, FINO\u00a0 AL 3 LUGLIO, INCLUSI SABATI E DOMENICHE, POSSIBILE ISTITUZIONE DI SENSO UNICO ALTERNATO REGOLATO DA MOVIERI PER SOSTITUZIONE CONDUTTORI E MANUTENZIONE LINEA ELETTRICA ALTA TENSIONE<\/p>\n<p>REGIONALE 203 AGORDINA, NEL COMUNE DI CENCENIGHE, FINO\u00a0 AL 3 LUGLIO, INCLUSI SABATI E DOMENICHE, POSSIBILE ISTITUZIONE DI SENSO UNICO ALTERNATO REGOLATO DA MOVIERI PER SOSTITUZIONE CONDUTTORI E MANUTENZIONE LINEA ELETTRICA ALTA TENSIONE<\/p>\n<p>STRADA PROVINCIALE 40, COMUNE DI LAMON. DAL 27 MAGGIO AL 3 GIUGNO SENSO UNICO ALTERNATO REGOLATO DA IMPIANTO SEMAFORICO PER RICERCHE GEOGNOSTICHE<\/p>\n<p>&nbsp;<\/p>\n<hr \/>\n<p>&nbsp;<\/p>\n<p>&nbsp;<\/p>\n<p>&nbsp;<\/p>\n<p><img decoding=\"async\" class=\"aligncenter jetpack-lazy-image jetpack-lazy-image--handled\" src=\"https:\/\/i0.wp.com\/www.radiopiu.net\/wordpress\/wp-content\/uploads\/2018\/09\/WhatsApp-Image-2018-09-20-at-16.04.06.jpeg?resize=800%2C100&amp;ssl=1\" data-lazy-loaded=\"1\" \/><\/p>\n<p>&nbsp;<\/p>\n<p><center><b>Mercoledi 27<\/b><\/center><b>Tempo atteso:\u00a0<\/b>Tempo ancora ben soleggiato con cielo sereno al mattino e attivit\u00e0 cumuliforme pomeridiana modesta, al pi\u00f9 moderata su alcuni settori prealpini, ma sembra senza fenomeni per aria molto secca. Ottima visibilit\u00e0 ovunque. Clima assai fresco al primo mattino e primaverile di giorno.<br \/>\n<b>Precipitazioni:\u00a0<\/b>Assenti (0%).<br \/>\n<b>Temperature:\u00a0<\/b>Minime stazionarie e come ieri, ci sar\u00e0 il rischio di locali brinate\/gelate sugli altopiani di Asiago e del Cansiglio all&#8217;alba. In giornata massime in leggera ripresa con punte di 24\/25\u00b0C nei fondovalle prealpini e di 19\/21\u00b0C a 1000\/1200 m. Su Prealpi a 1500 m min 5\u00b0C max 13\u00b0C, a 2000 m min 3\u00b0C max 9\u00b0C. Su Dolomiti a 2000 m min 2\u00b0C max 9\u00b0C, a 3000 m min -5\u00b0C max 0\u00b0C.<br \/>\n<b>Venti:\u00a0<\/b>Perlopi\u00f9 deboli a regime di brezza nelle valli, salvo locali rinforzi notturni su alcuni settori prealpini; in quota deboli\/moderati da nord nord-est, a 5-15 km\/h a 2000 m, 15-25 km\/h a 3000 m.<\/p>\n<hr \/>\n<p><center><b>Giovedi 28<\/b><\/center><b>Tempo atteso:\u00a0<\/b>Nelle prime ore del mattino copertura del cielo per nuvolosit\u00e0 medio-alta, in diradamento da met\u00e0 mattinata in poi, con ampi rasserenamenti, prima dello sviluppo di una moderata attivit\u00e0 cumuliforme sia sulle Dolomiti che sulle Prealpi. Nuvolosit\u00e0 che sar\u00e0 associata a qualche fenomeno convettivo. Minore frescura notturna e clima diurno un po&#8217; meno caldo.<br \/>\n<b>Precipitazioni:\u00a0<\/b>Al mattino assenti (0%). In seguito qualche rovescio ed occasionale temporale, specie tra Prealpi e Dolomiti meridionali (50\/60%), probabilit\u00e0 un po&#8217; pi\u00f9 bassa sui settori pi\u00f9 settentrionali. In caso di rovesci, il limite della neve sar\u00e0 sui 2400\/2500 m.<br \/>\n<b>Temperature:\u00a0<\/b>Minime in leggero aumento e massime in contenuta flessione, con punte di 20\/22\u00b0C nei fondovalle prealpini e di 16\/17\u00b0C a 1000\/1200 m. Su Prealpi a 1500 m min 7\u00b0C max 10\u00b0C, a 2000 m min 4\u00b0C max 7\u00b0C. Su Dolomiti a 2000 m min 3\u00b0C max 6\u00b0C, a 3000 m min -4\u00b0C max -2\u00b0C.<br \/>\n<b>Venti:\u00a0<\/b>Perlopi\u00f9 deboli a regime di brezza nelle valli, salvo locali rinforzi notturni su alcuni settori prealpini ed episodi di Foehn in alcune valli dolomitiche; in quota deboli\/moderati da nord-ovest, a 5-15 km\/h a 2000 m, 15-20 km\/h a 3000 m.<\/p>\n<hr \/>\n<p><center><b>Venerdi 29<\/b><\/center>Al mattino di nuovo soleggiato su Dolomiti e qualche nube bassa o stratocumulo, assieme a primi addensamenti sulle Prealpi. Al pomeriggio attivit\u00e0 cumuliforme irregolare sulle Dolomiti, spesso pi\u00f9 intensa sulle Prealpi. L&#8217;insidia rovesci e occasionali temporali sar\u00e0 presente sulle Prealpi, mentre tale rischio sar\u00e0 minore sulle Dolomiti, anche se non escluso qualche piovasco, nevoso sopra i 2000\/2100 m. Temperature in contenuto calo, eccetto rialzo delle minime nei settori interessati da copertura nuvolosa mattutina. Venti deboli settentrionali in quota, perlopi\u00f9 deboli per brezze nelle valli.<\/p>\n<hr \/>\n<p><center><b>Sabato 30<\/b><\/center>Nottetempo molto nuvoloso con qualche rovescio, specie sui settori orientali. In giornata migliora sulle Dolomiti con sole e temporanei annuvolamenti cumuliformi. Sulle Prealpi il temporaneo miglioramento del mattino sar\u00e0 seguito da ripresa dell&#8217;attivit\u00e0 cumuliforme con probabile instabilit\u00e0 pomeridiana e rischio di rovesci e occasionali temporali. Temperature massime in rialzo rispetto a venerd\u00ec. Venti deboli\/moderati settentrionali in quota, deboli\/moderati per brezze nelle valli. Previsore: R.L.Th<\/p>\n","protected":false},"excerpt":{"rendered":"<p>PER RICEVERE QUESTO NOTIZIARIO DIRETTAMENTE SUL TUO CELLULARE ISCRIVITI AL CANALE TELEGRAM\u00a0\u201cRADIO PIU\u00a0 INFORMAZIONE\u201d Gestione Servizi Pubblici \u00a0informa che a ROCCA PIETORE in localit\u00e0 DIGONERA, l\u2019acqua erogata dall\u2019acquedotto non \u00e8 potabile e pu\u00f2 essere usata per scopi alimentari SOLO PREVIA bollitura GSP informa che oggi, dalle 8 a fine lavori, a Voltago verr\u00e0 sospesa l\u2019erogazione&hellip;<\/p>\n","protected":false},"author":4,"featured_media":140647,"comment_status":"closed","ping_status":"closed","sticky":false,"template":"","format":"standard","meta":{"_monsterinsights_skip_tracking":false,"_monsterinsights_sitenote_active":false,"_monsterinsights_sitenote_note":"","_monsterinsights_sitenote_category":0,"footnotes":""},"categories":[1,86,49],"tags":[],"class_list":["post-140497","post","type-post","status-publish","format-standard","has-post-thumbnail","hentry","category-senza-categoria","category-gr","category-news-18","category-1","category-86","category-49","description-off"],"img_url":"https:\/\/www.radiopiu.net\/wordpress\/wp-content\/uploads\/2020\/05\/ded98cca-35fd-461d-a70f-9c02351d0f5e.jpg","_links":{"self":[{"href":"https:\/\/www.radiopiu.net\/wordpress\/wp-json\/wp\/v2\/posts\/140497","targetHints":{"allow":["GET"]}}],"collection":[{"href":"https:\/\/www.radiopiu.net\/wordpress\/wp-json\/wp\/v2\/posts"}],"about":[{"href":"https:\/\/www.radiopiu.net\/wordpress\/wp-json\/wp\/v2\/types\/post"}],"author":[{"embeddable":true,"href":"https:\/\/www.radiopiu.net\/wordpress\/wp-json\/wp\/v2\/users\/4"}],"replies":[{"embeddable":true,"href":"https:\/\/www.radiopiu.net\/wordpress\/wp-json\/wp\/v2\/comments?post=140497"}],"version-history":[{"count":0,"href":"https:\/\/www.radiopiu.net\/wordpress\/wp-json\/wp\/v2\/posts\/140497\/revisions"}],"wp:featuredmedia":[{"embeddable":true,"href":"https:\/\/www.radiopiu.net\/wordpress\/wp-json\/wp\/v2\/media\/140647"}],"wp:attachment":[{"href":"https:\/\/www.radiopiu.net\/wordpress\/wp-json\/wp\/v2\/media?parent=140497"}],"wp:term":[{"taxonomy":"category","embeddable":true,"href":"https:\/\/www.radiopiu.net\/wordpress\/wp-json\/wp\/v2\/categories?post=140497"},{"taxonomy":"post_tag","embeddable":true,"href":"https:\/\/www.radiopiu.net\/wordpress\/wp-json\/wp\/v2\/tags?post=140497"}],"curies":[{"name":"wp","href":"https:\/\/api.w.org\/{rel}","templated":true}]}}